{"id":27030,"date":"2026-08-25T11:35:00","date_gmt":"2026-08-25T15:35:00","guid":{"rendered":"https:\/\/www.latitude-15.com\/tecon-santos-10-o-brasil-pode-ampliar-a-capacidade-sem-aumentar-a-concentracao\/"},"modified":"2026-08-26T01:28:53","modified_gmt":"2026-08-26T05:28:53","slug":"tecon-santos-10-o-brasil-pode-ampliar-a-capacidade-sem-aumentar-a-concentracao","status":"publish","type":"post","link":"https:\/\/www.latitude-15.com\/pt-br\/tecon-santos-10-o-brasil-pode-ampliar-a-capacidade-sem-aumentar-a-concentracao\/","title":{"rendered":"Tecon Santos 10: o Brasil pode ampliar a capacidade sem aumentar a concentra\u00e7\u00e3o?"},"content":{"rendered":"\n<p class=\"wp-block-paragraph\">O maior gateway de cont\u00eaineres do Brasil continua movimentando volumes cada vez maiores. O Porto de Santos registrou um recorde de 5,9 milh\u00f5es de TEU em 2025, enquanto a movimenta\u00e7\u00e3o total de cargas alcan\u00e7ou 186,4 milh\u00f5es de toneladas. Com esse desempenho, a necessidade de ampliar a capacidade de movimenta\u00e7\u00e3o de cont\u00eaineres torna-se cada vez mais dif\u00edcil de contestar.  <\/p>\n\n<p class=\"wp-block-paragraph\">A quest\u00e3o mais complexa \u00e9 quem dever\u00e1 controlar essa nova capacidade.<\/p>\n\n<p class=\"wp-block-paragraph\">Previsto para a \u00e1rea do Sabo\u00f3, o Tecon Santos 10 ocuparia cerca de 622 mil metros quadrados e exigiria investimentos estimados em R$ 6,45 bilh\u00f5es. Quando totalmente implantado, o projeto dever\u00e1 contar com quatro ber\u00e7os e capacidade din\u00e2mica anual de 3,25 milh\u00f5es de TEU. <\/p>\n\n<p class=\"wp-block-paragraph\">Nessa escala, decidir quem operar\u00e1 o terminal tornou-se quase t\u00e3o relevante quanto constru\u00ed-lo.<\/p>\n\n<h2 class=\"wp-block-heading\">Santos j\u00e1 est\u00e1 ampliando sua capacidade<\/h2>\n\n<p class=\"wp-block-paragraph\">O Tecon Santos 10 n\u00e3o chega a um mercado est\u00e1tico.<\/p>\n\n<p class=\"wp-block-paragraph\">Os operadores existentes tamb\u00e9m est\u00e3o expandindo suas instala\u00e7\u00f5es. A <a href=\"https:\/\/www.latitude-15.com\/pt-br\/de-porta-de-entrada-para-cruzeiros-a-hub-logistico-dp-world-amplia-suas-ambicoes-em-san-antonio\/\">DP World <\/a>est\u00e1 investindo mais R$ 1,6 bilh\u00e3o em seu terminal de Santos, com o objetivo de alcan\u00e7ar capacidade de 2,1 milh\u00f5es de TEU at\u00e9 2028, ap\u00f3s uma etapa intermedi\u00e1ria de expans\u00e3o para 1,7 milh\u00e3o de TEU. O programa inclui um novo ber\u00e7o, amplia\u00e7\u00e3o do p\u00e1tio, melhorias nos gates e nova infraestrutura para cont\u00eaineres refrigerados. <\/p>\n\n<p class=\"wp-block-paragraph\">O governo brasileiro, por sua vez, considera o Tecon Santos 10 o maior projeto atualmente previsto no pipeline do setor portu\u00e1rio do pa\u00eds. A estrutura atual prev\u00ea uma concess\u00e3o de 25 anos, e o governo estima que a capacidade total de cont\u00eaineres de Santos poder\u00e1 chegar a aproximadamente 9 milh\u00f5es de TEU por ano ap\u00f3s a implanta\u00e7\u00e3o do projeto. <\/p>\n\n<p class=\"wp-block-paragraph\">Mas a relev\u00e2ncia concorrencial do terminal fica ainda mais evidente na pr\u00f3pria modelagem de mercado da ANTAQ. Em sua configura\u00e7\u00e3o final, o Tecon Santos 10 representaria pouco mais de 32% da capacidade din\u00e2mica de cont\u00eaineres modelada para os principais terminais de Santos.  <\/p>\n\n<p class=\"wp-block-paragraph\">Portanto, n\u00e3o se trata simplesmente da amplia\u00e7\u00e3o de mais um cais. Trata-se de um novo e relevante bloco competitivo dentro do principal gateway de cont\u00eaineres do Brasil. <\/p>\n\n<h2 class=\"wp-block-heading\">Quando as companhias de navega\u00e7\u00e3o tamb\u00e9m controlam terminais<\/h2>\n\n<p class=\"wp-block-paragraph\">Santos j\u00e1 reflete a tend\u00eancia global de integra\u00e7\u00e3o vertical no transporte mar\u00edtimo de cont\u00eaineres.<\/p>\n\n<p class=\"wp-block-paragraph\">Os grandes grupos de navega\u00e7\u00e3o participam cada vez mais n\u00e3o apenas do transporte de cont\u00eaineres entre portos, mas tamb\u00e9m dos terminais onde essas cargas s\u00e3o movimentadas. Esse modelo pode trazer benef\u00edcios importantes: acesso a capital, volumes de carga comprometidos, experi\u00eancia operacional e maior coordena\u00e7\u00e3o entre as redes mar\u00edtimas e os investimentos em terminais. <\/p>\n\n<p class=\"wp-block-paragraph\">Mas tamb\u00e9m levanta outra quest\u00e3o.<\/p>\n\n<p class=\"wp-block-paragraph\">Quando o propriet\u00e1rio de um terminal \u00e9, ao mesmo tempo, um de seus maiores clientes, at\u00e9 que ponto o acesso continuar\u00e1 sendo neutro para as companhias concorrentes?<\/p>\n\n<p class=\"wp-block-paragraph\">Essa quest\u00e3o ganha particular import\u00e2ncia em Santos porque a Brasil Terminal Portu\u00e1rio (BTP) \u00e9 controlada conjuntamente por interesses portu\u00e1rios ligados \u00e0 MSC e \u00e0 A.P. Moller\u2013Maersk, enquanto outros grandes grupos de navega\u00e7\u00e3o tamb\u00e9m v\u00eam ampliando sua presen\u00e7a em ativos portu\u00e1rios. Paralelamente, a operadora independente DP World continua aumentando sua pr\u00f3pria capacidade em Santos. <\/p>\n\n<p class=\"wp-block-paragraph\">A integra\u00e7\u00e3o vertical n\u00e3o \u00e9, por si s\u00f3, anticompetitiva. A quest\u00e3o relevante \u00e9 quanto de concentra\u00e7\u00e3o um gateway pode absorver antes que os benef\u00edcios da integra\u00e7\u00e3o comecem a entrar em conflito com o acesso ao mercado e a concorr\u00eancia entre terminais. <\/p>\n\n<h2 class=\"wp-block-heading\">MSC e Maersk propuseram uma solu\u00e7\u00e3o estrutural<\/h2>\n\n<p class=\"wp-block-paragraph\">O debate ganhou um novo cap\u00edtulo em agosto de 2026.<\/p>\n\n<p class=\"wp-block-paragraph\">MSC e Maersk propuseram uma reestrutura\u00e7\u00e3o de suas participa\u00e7\u00f5es conjuntas na BTP para responder a uma das principais preocupa\u00e7\u00f5es concorrenciais relacionadas a uma eventual participa\u00e7\u00e3o na licita\u00e7\u00e3o do Tecon Santos 10. Pelo mecanismo proposto, caso um dos grupos vencesse a disputa pelo novo terminal, deixaria a BTP, e o outro assumiria sua participa\u00e7\u00e3o. <\/p>\n\n<p class=\"wp-block-paragraph\">A l\u00f3gica \u00e9 clara: o vencedor n\u00e3o manteria simultaneamente participa\u00e7\u00e3o societ\u00e1ria na BTP e no Tecon Santos 10.<\/p>\n\n<p class=\"wp-block-paragraph\">A proposta de reestrutura\u00e7\u00e3o superou uma etapa importante da an\u00e1lise concorrencial. No entanto, isso n\u00e3o determina, por si s\u00f3, se MSC ou Maersk estar\u00e3o efetivamente habilitadas a participar da licita\u00e7\u00e3o do novo terminal. <\/p>\n\n<p class=\"wp-block-paragraph\">A distin\u00e7\u00e3o \u00e9 importante porque a an\u00e1lise concorrencial e a estrutura\u00e7\u00e3o do leil\u00e3o portu\u00e1rio s\u00e3o processos distintos. A p\u00e1gina oficial do projeto da ANTAQ continua indicando que o leil\u00e3o ainda ser\u00e1 realizado, enquanto vers\u00f5es revisadas dos documentos do projeto e do edital continuaram sendo publicadas ao longo de 2026. <\/p>\n\n<p class=\"wp-block-paragraph\">Em outras palavras, resolver a sobreposi\u00e7\u00e3o societ\u00e1ria na BTP pode eliminar um obst\u00e1culo. Mas n\u00e3o responde \u00e0 quest\u00e3o mais ampla de pol\u00edtica concorrencial. <\/p>\n\n<h2 class=\"wp-block-heading\">Um desinvestimento realmente aumentaria a concorr\u00eancia?<\/h2>\n\n<p class=\"wp-block-paragraph\">A potencial nova entrante ICTSI questiona essa l\u00f3gica.<\/p>\n\n<p class=\"wp-block-paragraph\">Sua preocupa\u00e7\u00e3o \u00e9 que, mesmo ap\u00f3s um desinvestimento, Santos possa terminar com um grande grupo de navega\u00e7\u00e3o controlando a BTP e outro controlando o Tecon Santos 10. Segundo estimativa apresentada pela pr\u00f3pria ICTSI, MSC e Maersk responderam juntas por 49,1% da demanda de movimenta\u00e7\u00e3o de cont\u00eaineres em Santos em 2025. <\/p>\n\n<p class=\"wp-block-paragraph\">Esse percentual faz parte do argumento concorrencial apresentado pela ICTSI e n\u00e3o corresponde a um c\u00e1lculo oficial e independente de participa\u00e7\u00e3o de mercado. Portanto, deve ser interpretado nesse contexto.<\/p>\n\n<p class=\"wp-block-paragraph\">Ainda assim, o argumento destaca uma distin\u00e7\u00e3o importante: concentra\u00e7\u00e3o da propriedade dos terminais e concentra\u00e7\u00e3o da demanda por movimenta\u00e7\u00e3o de cargas n\u00e3o s\u00e3o a mesma coisa.<\/p>\n\n<p class=\"wp-block-paragraph\">Um porto poderia, em teoria, contar com diferentes propriet\u00e1rios de terminais e, ao mesmo tempo, ter um pequeno n\u00famero de companhias de navega\u00e7\u00e3o respondendo por uma parcela significativa das cargas movimentadas nessas instala\u00e7\u00f5es.<\/p>\n\n<p class=\"wp-block-paragraph\">Por outro lado, excluir grupos de navega\u00e7\u00e3o j\u00e1 estabelecidos do leil\u00e3o poderia ampliar a diversidade na propriedade dos terminais, mas tamb\u00e9m reduzir o n\u00famero de participantes capazes de financiar e operar um ativo dessa dimens\u00e3o \u2014 e de direcionar volumes de carga para ele.<\/p>\n\n<p class=\"wp-block-paragraph\">\u00c9 por isso que o debate sobre o Tecon Santos 10 n\u00e3o pode ser reduzido a uma oposi\u00e7\u00e3o entre \u201ctransportadoras integradas\u201d e \u201coperadores independentes\u201d. Ambos os modelos envolvem trade-offs. <\/p>\n\n<h2 class=\"wp-block-heading\">O Brasil tenta estruturar a concorr\u00eancia antes mesmo de o terminal existir<\/h2>\n\n<p class=\"wp-block-paragraph\">A resposta regulat\u00f3ria tem sido particularmente expl\u00edcita.<\/p>\n\n<p class=\"wp-block-paragraph\">O Tribunal de Contas da Uni\u00e3o confirmou, em dezembro de 2025, o modelo de leil\u00e3o em duas etapas desenvolvido pela ANTAQ, ao mesmo tempo em que recomendou medidas mais robustas de prote\u00e7\u00e3o \u00e0 concorr\u00eancia. O debate incluiu restri\u00e7\u00f5es a operadores j\u00e1 estabelecidos e mecanismos que poderiam dar aos novos entrantes a primeira oportunidade de competir, antes de uma eventual amplia\u00e7\u00e3o da participa\u00e7\u00e3o sob condi\u00e7\u00f5es previamente definidas. <\/p>\n\n<p class=\"wp-block-paragraph\">\u00c9 isso que torna o Tecon Santos 10 particularmente interessante. O Brasil n\u00e3o est\u00e1 simplesmente tentando determinar quem oferecer\u00e1 o maior valor por um terminal. <\/p>\n\n<p class=\"wp-block-paragraph\">Na pr\u00e1tica, o pa\u00eds est\u00e1 tentando definir qual dever\u00e1 ser a futura estrutura concorrencial de Santos antes mesmo da concess\u00e3o do ativo.<\/p>\n\n<p class=\"wp-block-paragraph\">H\u00e1 ainda outra raz\u00e3o para n\u00e3o considerar o cronograma original do projeto como definitivo. O estudo t\u00e9cnico da ANTAQ apresenta um cronograma anterior de expans\u00e3o por etapas, culminando em 3,25 milh\u00f5es de TEU, mas a documenta\u00e7\u00e3o do edital continuava sendo revisada em meados de 2026. As metas de capacidade permanecem relevantes; as datas operacionais originalmente previstas j\u00e1 n\u00e3o devem ser tratadas como um cronograma atualizado de implanta\u00e7\u00e3o.  <\/p>\n\n<p class=\"wp-block-paragraph\">Santos claramente precisa de capacidade adicional. Os terminais existentes j\u00e1 est\u00e3o investindo em expans\u00e3o, enquanto o Tecon Santos 10 promete uma mudan\u00e7a significativa de escala. O desafio mais complexo \u00e9 garantir que a nova infraestrutura tamb\u00e9m resulte em um mercado competitivo ao seu redor.  <\/p>\n\n<p class=\"wp-block-paragraph\">Portanto, o Brasil n\u00e3o precisa realmente escolher entre capacidade e concorr\u00eancia. O desafio \u00e9 estruturar o <a href=\"https:\/\/www.gov.br\/antaq\/pt-br\/assuntos\/projetos-de-concessao\/arrendamentos\/TeconSantos10\" target=\"_blank\" rel=\"noopener\">Tecon Santos 10<\/a> de forma que possa entregar ambos. <\/p>\n\n<p class=\"wp-block-paragraph\">Quem vencer a concess\u00e3o obter\u00e1 muito mais do que quatro novos ber\u00e7os. Passar\u00e1 a controlar uma parcela significativa da pr\u00f3xima fase de crescimento da movimenta\u00e7\u00e3o de cont\u00eaineres no principal gateway mar\u00edtimo do Brasil.<br\/> <br\/> <br\/> <\/p>\n","protected":false},"excerpt":{"rendered":"<p>O maior gateway de cont\u00eaineres do Brasil continua movimentando volumes cada vez maiores. O Porto de Santos registrou um recorde de 5,9 milh\u00f5es de TEU em 2025, enquanto a movimenta\u00e7\u00e3o total de cargas alcan\u00e7ou 186,4 milh\u00f5es de toneladas. Com esse desempenho, a necessidade de ampliar a capacidade de movimenta\u00e7\u00e3o de cont\u00eaineres torna-se cada vez mais [&hellip;]<\/p>\n","protected":false},"author":5,"featured_media":27029,"comment_status":"open","ping_status":"closed","sticky":false,"template":"","format":"standard","meta":{"footnotes":""},"categories":[119,137],"tags":[],"class_list":["post-27030","post","type-post","status-publish","format-standard","has-post-thumbnail","hentry","category-maritimo","category-portos-e-logistica"],"_links":{"self":[{"href":"https:\/\/www.latitude-15.com\/pt-br\/wp-json\/wp\/v2\/posts\/27030","targetHints":{"allow":["GET"]}}],"collection":[{"href":"https:\/\/www.latitude-15.com\/pt-br\/wp-json\/wp\/v2\/posts"}],"about":[{"href":"https:\/\/www.latitude-15.com\/pt-br\/wp-json\/wp\/v2\/types\/post"}],"author":[{"embeddable":true,"href":"https:\/\/www.latitude-15.com\/pt-br\/wp-json\/wp\/v2\/users\/5"}],"replies":[{"embeddable":true,"href":"https:\/\/www.latitude-15.com\/pt-br\/wp-json\/wp\/v2\/comments?post=27030"}],"version-history":[{"count":1,"href":"https:\/\/www.latitude-15.com\/pt-br\/wp-json\/wp\/v2\/posts\/27030\/revisions"}],"predecessor-version":[{"id":27031,"href":"https:\/\/www.latitude-15.com\/pt-br\/wp-json\/wp\/v2\/posts\/27030\/revisions\/27031"}],"wp:featuredmedia":[{"embeddable":true,"href":"https:\/\/www.latitude-15.com\/pt-br\/wp-json\/wp\/v2\/media\/27029"}],"wp:attachment":[{"href":"https:\/\/www.latitude-15.com\/pt-br\/wp-json\/wp\/v2\/media?parent=27030"}],"wp:term":[{"taxonomy":"category","embeddable":true,"href":"https:\/\/www.latitude-15.com\/pt-br\/wp-json\/wp\/v2\/categories?post=27030"},{"taxonomy":"post_tag","embeddable":true,"href":"https:\/\/www.latitude-15.com\/pt-br\/wp-json\/wp\/v2\/tags?post=27030"}],"curies":[{"name":"wp","href":"https:\/\/api.w.org\/{rel}","templated":true}]}}