{"id":23295,"date":"2026-04-29T14:44:04","date_gmt":"2026-04-29T18:44:04","guid":{"rendered":"https:\/\/www.latitude-15.com\/o-crescimento-mais-lento-e-o-aumento-dos-custos-estao-remodelando-a-dinamica-do-transporte-na-america-latina-e-no-caribe\/"},"modified":"2026-04-29T14:57:07","modified_gmt":"2026-04-29T18:57:07","slug":"o-crescimento-mais-lento-e-o-aumento-dos-custos-estao-remodelando-a-dinamica-do-transporte-na-america-latina-e-no-caribe","status":"publish","type":"post","link":"https:\/\/www.latitude-15.com\/pt-br\/o-crescimento-mais-lento-e-o-aumento-dos-custos-estao-remodelando-a-dinamica-do-transporte-na-america-latina-e-no-caribe\/","title":{"rendered":"O crescimento mais lento e o aumento dos custos est\u00e3o remodelando a din\u00e2mica do transporte na Am\u00e9rica Latina e no Caribe"},"content":{"rendered":"\n<p>Um ciclo econ\u00f4mico mais restrito est\u00e1 se formando na Am\u00e9rica Latina e no Caribe. Em sua \u00faltima perspectiva divulgada em 27 de abril, a Comiss\u00e3o Econ\u00f4mica para a Am\u00e9rica Latina e o Caribe (CEPAL) espera agora que o PIB regional cres\u00e7a 2,2 % em 2026, ligeiramente abaixo de sua estimativa anterior. Al\u00e9m da pr\u00f3pria revis\u00e3o, o sinal \u00e9 claro: a regi\u00e3o permanece presa em um padr\u00e3o de baixo crescimento, com quatro anos consecutivos oscilando em torno de 2,3 %.  <\/p>\n\n<p>Essa desacelera\u00e7\u00e3o n\u00e3o est\u00e1 ocorrendo de forma isolada. Um ambiente global mais vol\u00e1til \u2014 <em>marcado por tens\u00f5es geopol\u00edticas, condi\u00e7\u00f5es financeiras mais r\u00edgidas e press\u00f5es inflacion\u00e1rias renovadas<\/em> \u2014 est\u00e1 remodelando o contexto operacional das ind\u00fastrias de transporte. Os efeitos j\u00e1 s\u00e3o vis\u00edveis, tanto no lado dos custos quanto nos fundamentos da demanda.  <\/p>\n\n<p>Os pre\u00e7os da energia est\u00e3o surgindo como um fator central de estresse. No in\u00edcio de abril, <strong>os pre\u00e7os do petr\u00f3leo estavam rodando aproximadamente 74 % acima de seus n\u00edveis de dezembro de 2025<\/strong>, de acordo com a CEPAL. Tanto para as companhias a\u00e9reas quanto para as empresas de navega\u00e7\u00e3o, isso se traduz em press\u00e3o imediata sobre as margens operacionais. O combust\u00edvel continua sendo o maior componente de custo individual para as transportadoras, enquanto os operadores mar\u00edtimos enfrentam exposi\u00e7\u00e3o semelhante por meio do combust\u00edvel mar\u00edtimo (bunker). Em tal contexto, mesmo uma volatilidade moderada de pre\u00e7os pode alterar rapidamente a economia da malha e as estrat\u00e9gias de precifica\u00e7\u00e3o.    <\/p>\n\n<p>Ao mesmo tempo, o motor do com\u00e9rcio global est\u00e1 perdendo f\u00f4lego. <strong>Espera-se que os volumes comerciais se expandam 2,7 % em 2026<\/strong>, uma desacelera\u00e7\u00e3o acentuada em compara\u00e7\u00e3o com os 4,7 % registrados no ano anterior, com base em proje\u00e7\u00f5es da <em>Organiza\u00e7\u00e3o Mundial do Com\u00e9rcio<\/em> <em>(OMC)<\/em>. Para o transporte mar\u00edtimo, essa mudan\u00e7a est\u00e1 longe de ser marginal: um crescimento comercial mais fraco normalmente alimenta diretamente volumes de carga menores, uma concorr\u00eancia mais acirrada entre as rotas e uma atividade portu\u00e1ria mais cautelosa. <\/p>\n\n<p>O segmento de carga a\u00e9rea oferece uma ilustra\u00e7\u00e3o concreta dessa tend\u00eancia. Embora a demanda global ainda esteja se expandindo em um ritmo s\u00f3lido, a Am\u00e9rica Latina est\u00e1 ficando para tr\u00e1s. N\u00fameros recentes publicados pela <em>Associa\u00e7\u00e3o Internacional de Transportes A\u00e9reos<\/em> <em>(IATA)<\/em> mostram que a <strong>demanda de carga na regi\u00e3o subiu apenas 0,7 %<\/strong>, em compara\u00e7\u00e3o com o crescimento de dois d\u00edgitos globalmente. Tal lacuna aponta para restri\u00e7\u00f5es estruturais mais profundas, incluindo a integra\u00e7\u00e3o limitada nas cadeias log\u00edsticas globais.   <\/p>\n\n<p>Essas press\u00f5es de curto prazo somam-se a desafios estruturais de longa data. Os custos log\u00edsticos em toda a Am\u00e9rica Latina permanecem elevados para os padr\u00f5es internacionais, conforme destacado em an\u00e1lises do <em>CAF \u2013 Banco de Desenvolvimento da Am\u00e9rica Latina<\/em>. Lacunas de infraestrutura, complexidade regulat\u00f3ria e cadeias de suprimentos fragmentadas continuam a pesar sobre a efici\u00eancia, reduzindo a competitividade e amplificando o impacto de choques externos.  <\/p>\n\n<p>O cen\u00e1rio regional \u00e9 ainda mais complicado por fortes disparidades. Os n\u00fameros de crescimento global podem ser enganosos, particularmente no Caribe. Embora se espere que a sub-regi\u00e3o apresente uma expans\u00e3o robusta em 2026, grande parte desse desempenho \u00e9 impulsionada pela Guiana. Ao excluir esse ponto fora da curva, revela-se uma realidade muito mais contida, com os n\u00edveis de crescimento caindo drasticamente \u2014 uma indica\u00e7\u00e3o de qu\u00e3o desigual a recupera\u00e7\u00e3o permanece.   <\/p>\n\n<p>A din\u00e2mica da demanda tamb\u00e9m est\u00e1 se tornando mais fr\u00e1gil. O consumo privado, identificado pela CEPAL como um motor fundamental do crescimento, est\u00e1 perdendo for\u00e7a, enquanto a expans\u00e3o do emprego deve desacelerar. Combinadas com a infla\u00e7\u00e3o aproximando-se de 3 %, essas tend\u00eancias sugerem um ambiente mais restrito tanto para o tr\u00e1fego de passageiros quanto para a demanda de carga nos pr\u00f3ximos meses.  <\/p>\n\n<p>Tomados em conjunto, esses sinais apontam para uma mudan\u00e7a no cen\u00e1rio de transporte da regi\u00e3o. O crescimento n\u00e3o \u00e9 mais sustentado por ventos macroecon\u00f4micos favor\u00e1veis, mas cada vez mais moldado pela volatilidade dos custos, inefici\u00eancias estruturais e fluxos comerciais mais fracos. <\/p>\n\n<p>Neste ambiente, a adapta\u00e7\u00e3o torna-se um imperativo estrat\u00e9gico. Seja na avia\u00e7\u00e3o ou no transporte mar\u00edtimo, os operadores precisar\u00e3o navegar em uma equa\u00e7\u00e3o mais complexa \u2014 equilibrando press\u00f5es de custos, incerteza na demanda e prioridades de investimento. Como sublinha a CEPAL, fortalecer a produtividade e melhorar a resili\u00eancia ser\u00e1 fundamental para sustentar a competitividade em um per\u00edodo definido menos pela expans\u00e3o do que pelo ajuste.  <\/p>\n","protected":false},"excerpt":{"rendered":"<p>Um ciclo econ\u00f4mico mais restrito est\u00e1 se formando na Am\u00e9rica Latina e no Caribe. Em sua \u00faltima perspectiva divulgada em 27 de abril, a Comiss\u00e3o Econ\u00f4mica para a Am\u00e9rica Latina e o Caribe (CEPAL) espera agora que o PIB regional cres\u00e7a 2,2 % em 2026, ligeiramente abaixo de sua estimativa anterior. Al\u00e9m da pr\u00f3pria revis\u00e3o, [&hellip;]<\/p>\n","protected":false},"author":5,"featured_media":23294,"comment_status":"open","ping_status":"closed","sticky":false,"template":"","format":"standard","meta":{"footnotes":""},"categories":[98,119],"tags":[],"class_list":["post-23295","post","type-post","status-publish","format-standard","has-post-thumbnail","hentry","category-aviacao","category-maritimo"],"yoast_head":"<!-- This site is optimized with the Yoast SEO plugin v26.9 - https:\/\/yoast.com\/product\/yoast-seo-wordpress\/ -->\n<title>Crescimento fraco e custos crescentes desafiam os setores de transporte na ALC<\/title>\n<meta name=\"description\" content=\"O crescimento mais lento, o aumento dos custos de combust\u00edvel e os fluxos comerciais mais fracos est\u00e3o remodelando a din\u00e2mica do transporte a\u00e9reo e mar\u00edtimo em toda a ALC em 2026.\" \/>\n<meta name=\"robots\" content=\"index, follow, max-snippet:-1, max-image-preview:large, max-video-preview:-1\" \/>\n<link rel=\"canonical\" href=\"https:\/\/www.latitude-15.com\/pt-br\/o-crescimento-mais-lento-e-o-aumento-dos-custos-estao-remodelando-a-dinamica-do-transporte-na-america-latina-e-no-caribe\/\" \/>\n<meta property=\"og:locale\" content=\"pt_BR\" \/>\n<meta property=\"og:type\" content=\"article\" \/>\n<meta property=\"og:title\" content=\"Crescimento fraco e custos crescentes desafiam os setores de transporte na ALC\" \/>\n<meta property=\"og:description\" content=\"O crescimento mais lento, o aumento dos custos de combust\u00edvel e os fluxos comerciais mais fracos est\u00e3o remodelando a din\u00e2mica do transporte a\u00e9reo e mar\u00edtimo em toda a ALC em 2026.\" \/>\n<meta property=\"og:url\" content=\"https:\/\/www.latitude-15.com\/pt-br\/o-crescimento-mais-lento-e-o-aumento-dos-custos-estao-remodelando-a-dinamica-do-transporte-na-america-latina-e-no-caribe\/\" \/>\n<meta property=\"og:site_name\" content=\"LATITUDE 15\" \/>\n<meta property=\"article:published_time\" content=\"2026-04-29T18:44:04+00:00\" \/>\n<meta property=\"article:modified_time\" content=\"2026-04-29T18:57:07+00:00\" \/>\n<meta property=\"og:image\" content=\"https:\/\/www.latitude-15.com\/wp-content\/uploads\/2026\/04\/qethsrtjsrtj-1.png\" \/>\n\t<meta property=\"og:image:width\" content=\"1536\" \/>\n\t<meta property=\"og:image:height\" content=\"1024\" \/>\n\t<meta property=\"og:image:type\" content=\"image\/png\" \/>\n<meta name=\"author\" content=\"Joda J\" \/>\n<meta name=\"twitter:card\" content=\"summary_large_image\" \/>\n<meta name=\"twitter:label1\" content=\"Escrito por\" \/>\n\t<meta name=\"twitter:data1\" content=\"Joda J\" \/>\n\t<meta name=\"twitter:label2\" content=\"Est. tempo de leitura\" \/>\n\t<meta name=\"twitter:data2\" content=\"4 minutos\" \/>\n<script type=\"application\/ld+json\" class=\"yoast-schema-graph\">{\"@context\":\"https:\/\/schema.org\",\"@graph\":[{\"@type\":\"Article\",\"@id\":\"https:\/\/www.latitude-15.com\/pt-br\/o-crescimento-mais-lento-e-o-aumento-dos-custos-estao-remodelando-a-dinamica-do-transporte-na-america-latina-e-no-caribe\/#article\",\"isPartOf\":{\"@id\":\"https:\/\/www.latitude-15.com\/pt-br\/o-crescimento-mais-lento-e-o-aumento-dos-custos-estao-remodelando-a-dinamica-do-transporte-na-america-latina-e-no-caribe\/\"},\"author\":{\"name\":\"Joda J\",\"@id\":\"https:\/\/www.latitude-15.com\/pt-br\/#\/schema\/person\/dac52e7ff44c78317f337da112e37252\"},\"headline\":\"O crescimento mais lento e o aumento dos custos est\u00e3o remodelando a din\u00e2mica do transporte na Am\u00e9rica Latina e no Caribe\",\"datePublished\":\"2026-04-29T18:44:04+00:00\",\"dateModified\":\"2026-04-29T18:57:07+00:00\",\"mainEntityOfPage\":{\"@id\":\"https:\/\/www.latitude-15.com\/pt-br\/o-crescimento-mais-lento-e-o-aumento-dos-custos-estao-remodelando-a-dinamica-do-transporte-na-america-latina-e-no-caribe\/\"},\"wordCount\":800,\"commentCount\":0,\"publisher\":{\"@id\":\"https:\/\/www.latitude-15.com\/pt-br\/#organization\"},\"image\":{\"@id\":\"https:\/\/www.latitude-15.com\/pt-br\/o-crescimento-mais-lento-e-o-aumento-dos-custos-estao-remodelando-a-dinamica-do-transporte-na-america-latina-e-no-caribe\/#primaryimage\"},\"thumbnailUrl\":\"https:\/\/www.latitude-15.com\/wp-content\/uploads\/2026\/04\/qethsrtjsrtj-1.png\",\"articleSection\":[\"AVIA\u00c7\u00c3O\",\"MAR\u00cdTIMO\"],\"inLanguage\":\"pt-BR\",\"potentialAction\":[{\"@type\":\"CommentAction\",\"name\":\"Comment\",\"target\":[\"https:\/\/www.latitude-15.com\/pt-br\/o-crescimento-mais-lento-e-o-aumento-dos-custos-estao-remodelando-a-dinamica-do-transporte-na-america-latina-e-no-caribe\/#respond\"]}]},{\"@type\":\"WebPage\",\"@id\":\"https:\/\/www.latitude-15.com\/pt-br\/o-crescimento-mais-lento-e-o-aumento-dos-custos-estao-remodelando-a-dinamica-do-transporte-na-america-latina-e-no-caribe\/\",\"url\":\"https:\/\/www.latitude-15.com\/pt-br\/o-crescimento-mais-lento-e-o-aumento-dos-custos-estao-remodelando-a-dinamica-do-transporte-na-america-latina-e-no-caribe\/\",\"name\":\"Crescimento fraco e custos crescentes desafiam os setores de transporte na ALC\",\"isPartOf\":{\"@id\":\"https:\/\/www.latitude-15.com\/pt-br\/#website\"},\"primaryImageOfPage\":{\"@id\":\"https:\/\/www.latitude-15.com\/pt-br\/o-crescimento-mais-lento-e-o-aumento-dos-custos-estao-remodelando-a-dinamica-do-transporte-na-america-latina-e-no-caribe\/#primaryimage\"},\"image\":{\"@id\":\"https:\/\/www.latitude-15.com\/pt-br\/o-crescimento-mais-lento-e-o-aumento-dos-custos-estao-remodelando-a-dinamica-do-transporte-na-america-latina-e-no-caribe\/#primaryimage\"},\"thumbnailUrl\":\"https:\/\/www.latitude-15.com\/wp-content\/uploads\/2026\/04\/qethsrtjsrtj-1.png\",\"datePublished\":\"2026-04-29T18:44:04+00:00\",\"dateModified\":\"2026-04-29T18:57:07+00:00\",\"description\":\"O crescimento mais lento, o aumento dos custos de combust\u00edvel e os fluxos comerciais mais fracos est\u00e3o remodelando a din\u00e2mica do transporte a\u00e9reo e mar\u00edtimo em toda a ALC em 2026.\",\"breadcrumb\":{\"@id\":\"https:\/\/www.latitude-15.com\/pt-br\/o-crescimento-mais-lento-e-o-aumento-dos-custos-estao-remodelando-a-dinamica-do-transporte-na-america-latina-e-no-caribe\/#breadcrumb\"},\"inLanguage\":\"pt-BR\",\"potentialAction\":[{\"@type\":\"ReadAction\",\"target\":[\"https:\/\/www.latitude-15.com\/pt-br\/o-crescimento-mais-lento-e-o-aumento-dos-custos-estao-remodelando-a-dinamica-do-transporte-na-america-latina-e-no-caribe\/\"]}]},{\"@type\":\"ImageObject\",\"inLanguage\":\"pt-BR\",\"@id\":\"https:\/\/www.latitude-15.com\/pt-br\/o-crescimento-mais-lento-e-o-aumento-dos-custos-estao-remodelando-a-dinamica-do-transporte-na-america-latina-e-no-caribe\/#primaryimage\",\"url\":\"https:\/\/www.latitude-15.com\/wp-content\/uploads\/2026\/04\/qethsrtjsrtj-1.png\",\"contentUrl\":\"https:\/\/www.latitude-15.com\/wp-content\/uploads\/2026\/04\/qethsrtjsrtj-1.png\",\"width\":1536,\"height\":1024,\"caption\":\"transporte\"},{\"@type\":\"BreadcrumbList\",\"@id\":\"https:\/\/www.latitude-15.com\/pt-br\/o-crescimento-mais-lento-e-o-aumento-dos-custos-estao-remodelando-a-dinamica-do-transporte-na-america-latina-e-no-caribe\/#breadcrumb\",\"itemListElement\":[{\"@type\":\"ListItem\",\"position\":1,\"name\":\"Home\",\"item\":\"https:\/\/www.latitude-15.com\/pt-br\/inicio\/\"},{\"@type\":\"ListItem\",\"position\":2,\"name\":\"O crescimento mais lento e o aumento dos custos est\u00e3o remodelando a din\u00e2mica do transporte na Am\u00e9rica Latina e no Caribe\"}]},{\"@type\":\"WebSite\",\"@id\":\"https:\/\/www.latitude-15.com\/pt-br\/#website\",\"url\":\"https:\/\/www.latitude-15.com\/pt-br\/\",\"name\":\"LATITUDE 15\",\"description\":\"Aviation and maritime Magazine - Caribbean &amp; Latin America\",\"publisher\":{\"@id\":\"https:\/\/www.latitude-15.com\/pt-br\/#organization\"},\"potentialAction\":[{\"@type\":\"SearchAction\",\"target\":{\"@type\":\"EntryPoint\",\"urlTemplate\":\"https:\/\/www.latitude-15.com\/pt-br\/?s={search_term_string}\"},\"query-input\":{\"@type\":\"PropertyValueSpecification\",\"valueRequired\":true,\"valueName\":\"search_term_string\"}}],\"inLanguage\":\"pt-BR\"},{\"@type\":\"Organization\",\"@id\":\"https:\/\/www.latitude-15.com\/pt-br\/#organization\",\"name\":\"LATITUDE 15\",\"url\":\"https:\/\/www.latitude-15.com\/pt-br\/\",\"logo\":{\"@type\":\"ImageObject\",\"inLanguage\":\"pt-BR\",\"@id\":\"https:\/\/www.latitude-15.com\/pt-br\/#\/schema\/logo\/image\/\",\"url\":\"https:\/\/www.latitude-15.com\/wp-content\/uploads\/2026\/01\/cropped-logox500px.png\",\"contentUrl\":\"https:\/\/www.latitude-15.com\/wp-content\/uploads\/2026\/01\/cropped-logox500px.png\",\"width\":62,\"height\":75,\"caption\":\"LATITUDE 15\"},\"image\":{\"@id\":\"https:\/\/www.latitude-15.com\/pt-br\/#\/schema\/logo\/image\/\"}},{\"@type\":\"Person\",\"@id\":\"https:\/\/www.latitude-15.com\/pt-br\/#\/schema\/person\/dac52e7ff44c78317f337da112e37252\",\"name\":\"Joda J\",\"image\":{\"@type\":\"ImageObject\",\"inLanguage\":\"pt-BR\",\"@id\":\"https:\/\/www.latitude-15.com\/pt-br\/#\/schema\/person\/image\/\",\"url\":\"https:\/\/secure.gravatar.com\/avatar\/6b1feae555e15404b76616f92d931d12b25ac58024f14ccb43d9d3c012e4c4cf?s=96&d=mm&r=g\",\"contentUrl\":\"https:\/\/secure.gravatar.com\/avatar\/6b1feae555e15404b76616f92d931d12b25ac58024f14ccb43d9d3c012e4c4cf?s=96&d=mm&r=g\",\"caption\":\"Joda J\"},\"url\":\"https:\/\/www.latitude-15.com\/pt-br\/author\/joda\/\"}]}<\/script>\n<!-- \/ Yoast SEO plugin. -->","yoast_head_json":{"title":"Crescimento fraco e custos crescentes desafiam os setores de transporte na ALC","description":"O crescimento mais lento, o aumento dos custos de combust\u00edvel e os fluxos comerciais mais fracos est\u00e3o remodelando a din\u00e2mica do transporte a\u00e9reo e mar\u00edtimo em toda a ALC em 2026.","robots":{"index":"index","follow":"follow","max-snippet":"max-snippet:-1","max-image-preview":"max-image-preview:large","max-video-preview":"max-video-preview:-1"},"canonical":"https:\/\/www.latitude-15.com\/pt-br\/o-crescimento-mais-lento-e-o-aumento-dos-custos-estao-remodelando-a-dinamica-do-transporte-na-america-latina-e-no-caribe\/","og_locale":"pt_BR","og_type":"article","og_title":"Crescimento fraco e custos crescentes desafiam os setores de transporte na ALC","og_description":"O crescimento mais lento, o aumento dos custos de combust\u00edvel e os fluxos comerciais mais fracos est\u00e3o remodelando a din\u00e2mica do transporte a\u00e9reo e mar\u00edtimo em toda a ALC em 2026.","og_url":"https:\/\/www.latitude-15.com\/pt-br\/o-crescimento-mais-lento-e-o-aumento-dos-custos-estao-remodelando-a-dinamica-do-transporte-na-america-latina-e-no-caribe\/","og_site_name":"LATITUDE 15","article_published_time":"2026-04-29T18:44:04+00:00","article_modified_time":"2026-04-29T18:57:07+00:00","og_image":[{"width":1536,"height":1024,"url":"https:\/\/www.latitude-15.com\/wp-content\/uploads\/2026\/04\/qethsrtjsrtj-1.png","type":"image\/png"}],"author":"Joda J","twitter_card":"summary_large_image","twitter_misc":{"Escrito por":"Joda J","Est. tempo de leitura":"4 minutos"},"schema":{"@context":"https:\/\/schema.org","@graph":[{"@type":"Article","@id":"https:\/\/www.latitude-15.com\/pt-br\/o-crescimento-mais-lento-e-o-aumento-dos-custos-estao-remodelando-a-dinamica-do-transporte-na-america-latina-e-no-caribe\/#article","isPartOf":{"@id":"https:\/\/www.latitude-15.com\/pt-br\/o-crescimento-mais-lento-e-o-aumento-dos-custos-estao-remodelando-a-dinamica-do-transporte-na-america-latina-e-no-caribe\/"},"author":{"name":"Joda J","@id":"https:\/\/www.latitude-15.com\/pt-br\/#\/schema\/person\/dac52e7ff44c78317f337da112e37252"},"headline":"O crescimento mais lento e o aumento dos custos est\u00e3o remodelando a din\u00e2mica do transporte na Am\u00e9rica Latina e no Caribe","datePublished":"2026-04-29T18:44:04+00:00","dateModified":"2026-04-29T18:57:07+00:00","mainEntityOfPage":{"@id":"https:\/\/www.latitude-15.com\/pt-br\/o-crescimento-mais-lento-e-o-aumento-dos-custos-estao-remodelando-a-dinamica-do-transporte-na-america-latina-e-no-caribe\/"},"wordCount":800,"commentCount":0,"publisher":{"@id":"https:\/\/www.latitude-15.com\/pt-br\/#organization"},"image":{"@id":"https:\/\/www.latitude-15.com\/pt-br\/o-crescimento-mais-lento-e-o-aumento-dos-custos-estao-remodelando-a-dinamica-do-transporte-na-america-latina-e-no-caribe\/#primaryimage"},"thumbnailUrl":"https:\/\/www.latitude-15.com\/wp-content\/uploads\/2026\/04\/qethsrtjsrtj-1.png","articleSection":["AVIA\u00c7\u00c3O","MAR\u00cdTIMO"],"inLanguage":"pt-BR","potentialAction":[{"@type":"CommentAction","name":"Comment","target":["https:\/\/www.latitude-15.com\/pt-br\/o-crescimento-mais-lento-e-o-aumento-dos-custos-estao-remodelando-a-dinamica-do-transporte-na-america-latina-e-no-caribe\/#respond"]}]},{"@type":"WebPage","@id":"https:\/\/www.latitude-15.com\/pt-br\/o-crescimento-mais-lento-e-o-aumento-dos-custos-estao-remodelando-a-dinamica-do-transporte-na-america-latina-e-no-caribe\/","url":"https:\/\/www.latitude-15.com\/pt-br\/o-crescimento-mais-lento-e-o-aumento-dos-custos-estao-remodelando-a-dinamica-do-transporte-na-america-latina-e-no-caribe\/","name":"Crescimento fraco e custos crescentes desafiam os setores de transporte na ALC","isPartOf":{"@id":"https:\/\/www.latitude-15.com\/pt-br\/#website"},"primaryImageOfPage":{"@id":"https:\/\/www.latitude-15.com\/pt-br\/o-crescimento-mais-lento-e-o-aumento-dos-custos-estao-remodelando-a-dinamica-do-transporte-na-america-latina-e-no-caribe\/#primaryimage"},"image":{"@id":"https:\/\/www.latitude-15.com\/pt-br\/o-crescimento-mais-lento-e-o-aumento-dos-custos-estao-remodelando-a-dinamica-do-transporte-na-america-latina-e-no-caribe\/#primaryimage"},"thumbnailUrl":"https:\/\/www.latitude-15.com\/wp-content\/uploads\/2026\/04\/qethsrtjsrtj-1.png","datePublished":"2026-04-29T18:44:04+00:00","dateModified":"2026-04-29T18:57:07+00:00","description":"O crescimento mais lento, o aumento dos custos de combust\u00edvel e os fluxos comerciais mais fracos est\u00e3o remodelando a din\u00e2mica do transporte a\u00e9reo e mar\u00edtimo em toda a ALC em 2026.","breadcrumb":{"@id":"https:\/\/www.latitude-15.com\/pt-br\/o-crescimento-mais-lento-e-o-aumento-dos-custos-estao-remodelando-a-dinamica-do-transporte-na-america-latina-e-no-caribe\/#breadcrumb"},"inLanguage":"pt-BR","potentialAction":[{"@type":"ReadAction","target":["https:\/\/www.latitude-15.com\/pt-br\/o-crescimento-mais-lento-e-o-aumento-dos-custos-estao-remodelando-a-dinamica-do-transporte-na-america-latina-e-no-caribe\/"]}]},{"@type":"ImageObject","inLanguage":"pt-BR","@id":"https:\/\/www.latitude-15.com\/pt-br\/o-crescimento-mais-lento-e-o-aumento-dos-custos-estao-remodelando-a-dinamica-do-transporte-na-america-latina-e-no-caribe\/#primaryimage","url":"https:\/\/www.latitude-15.com\/wp-content\/uploads\/2026\/04\/qethsrtjsrtj-1.png","contentUrl":"https:\/\/www.latitude-15.com\/wp-content\/uploads\/2026\/04\/qethsrtjsrtj-1.png","width":1536,"height":1024,"caption":"transporte"},{"@type":"BreadcrumbList","@id":"https:\/\/www.latitude-15.com\/pt-br\/o-crescimento-mais-lento-e-o-aumento-dos-custos-estao-remodelando-a-dinamica-do-transporte-na-america-latina-e-no-caribe\/#breadcrumb","itemListElement":[{"@type":"ListItem","position":1,"name":"Home","item":"https:\/\/www.latitude-15.com\/pt-br\/inicio\/"},{"@type":"ListItem","position":2,"name":"O crescimento mais lento e o aumento dos custos est\u00e3o remodelando a din\u00e2mica do transporte na Am\u00e9rica Latina e no Caribe"}]},{"@type":"WebSite","@id":"https:\/\/www.latitude-15.com\/pt-br\/#website","url":"https:\/\/www.latitude-15.com\/pt-br\/","name":"LATITUDE 15","description":"Aviation and maritime Magazine - Caribbean &amp; Latin America","publisher":{"@id":"https:\/\/www.latitude-15.com\/pt-br\/#organization"},"potentialAction":[{"@type":"SearchAction","target":{"@type":"EntryPoint","urlTemplate":"https:\/\/www.latitude-15.com\/pt-br\/?s={search_term_string}"},"query-input":{"@type":"PropertyValueSpecification","valueRequired":true,"valueName":"search_term_string"}}],"inLanguage":"pt-BR"},{"@type":"Organization","@id":"https:\/\/www.latitude-15.com\/pt-br\/#organization","name":"LATITUDE 15","url":"https:\/\/www.latitude-15.com\/pt-br\/","logo":{"@type":"ImageObject","inLanguage":"pt-BR","@id":"https:\/\/www.latitude-15.com\/pt-br\/#\/schema\/logo\/image\/","url":"https:\/\/www.latitude-15.com\/wp-content\/uploads\/2026\/01\/cropped-logox500px.png","contentUrl":"https:\/\/www.latitude-15.com\/wp-content\/uploads\/2026\/01\/cropped-logox500px.png","width":62,"height":75,"caption":"LATITUDE 15"},"image":{"@id":"https:\/\/www.latitude-15.com\/pt-br\/#\/schema\/logo\/image\/"}},{"@type":"Person","@id":"https:\/\/www.latitude-15.com\/pt-br\/#\/schema\/person\/dac52e7ff44c78317f337da112e37252","name":"Joda J","image":{"@type":"ImageObject","inLanguage":"pt-BR","@id":"https:\/\/www.latitude-15.com\/pt-br\/#\/schema\/person\/image\/","url":"https:\/\/secure.gravatar.com\/avatar\/6b1feae555e15404b76616f92d931d12b25ac58024f14ccb43d9d3c012e4c4cf?s=96&d=mm&r=g","contentUrl":"https:\/\/secure.gravatar.com\/avatar\/6b1feae555e15404b76616f92d931d12b25ac58024f14ccb43d9d3c012e4c4cf?s=96&d=mm&r=g","caption":"Joda J"},"url":"https:\/\/www.latitude-15.com\/pt-br\/author\/joda\/"}]}},"_links":{"self":[{"href":"https:\/\/www.latitude-15.com\/pt-br\/wp-json\/wp\/v2\/posts\/23295","targetHints":{"allow":["GET"]}}],"collection":[{"href":"https:\/\/www.latitude-15.com\/pt-br\/wp-json\/wp\/v2\/posts"}],"about":[{"href":"https:\/\/www.latitude-15.com\/pt-br\/wp-json\/wp\/v2\/types\/post"}],"author":[{"embeddable":true,"href":"https:\/\/www.latitude-15.com\/pt-br\/wp-json\/wp\/v2\/users\/5"}],"replies":[{"embeddable":true,"href":"https:\/\/www.latitude-15.com\/pt-br\/wp-json\/wp\/v2\/comments?post=23295"}],"version-history":[{"count":1,"href":"https:\/\/www.latitude-15.com\/pt-br\/wp-json\/wp\/v2\/posts\/23295\/revisions"}],"predecessor-version":[{"id":23296,"href":"https:\/\/www.latitude-15.com\/pt-br\/wp-json\/wp\/v2\/posts\/23295\/revisions\/23296"}],"wp:featuredmedia":[{"embeddable":true,"href":"https:\/\/www.latitude-15.com\/pt-br\/wp-json\/wp\/v2\/media\/23294"}],"wp:attachment":[{"href":"https:\/\/www.latitude-15.com\/pt-br\/wp-json\/wp\/v2\/media?parent=23295"}],"wp:term":[{"taxonomy":"category","embeddable":true,"href":"https:\/\/www.latitude-15.com\/pt-br\/wp-json\/wp\/v2\/categories?post=23295"},{"taxonomy":"post_tag","embeddable":true,"href":"https:\/\/www.latitude-15.com\/pt-br\/wp-json\/wp\/v2\/tags?post=23295"}],"curies":[{"name":"wp","href":"https:\/\/api.w.org\/{rel}","templated":true}]}}