{"id":23260,"date":"2026-04-28T09:30:00","date_gmt":"2026-04-28T13:30:00","guid":{"rendered":"https:\/\/www.latitude-15.com\/o-trafego-do-aeroporto-da-guadeloupe-mostra-uma-recuperacao-desigual-enquanto-rotas-para-a-america-do-norte-e-caribe-redefinem-a-conectividade\/"},"modified":"2026-04-29T00:14:13","modified_gmt":"2026-04-29T04:14:13","slug":"o-trafego-do-aeroporto-da-guadeloupe-mostra-uma-recuperacao-desigual-enquanto-rotas-para-a-america-do-norte-e-caribe-redefinem-a-conectividade","status":"publish","type":"post","link":"https:\/\/www.latitude-15.com\/pt-br\/o-trafego-do-aeroporto-da-guadeloupe-mostra-uma-recuperacao-desigual-enquanto-rotas-para-a-america-do-norte-e-caribe-redefinem-a-conectividade\/","title":{"rendered":"O tr\u00e1fego do aeroporto da Guadeloupe mostra uma recupera\u00e7\u00e3o desigual, enquanto rotas para a Am\u00e9rica do Norte e Caribe redefinem a conectividade"},"content":{"rendered":"\n<p>O aeroporto Guadeloupe Maryse Cond\u00e9 International registrou quase 2,2 milh\u00f5es de passageiros em 2025, confirmando uma recupera\u00e7\u00e3o gradual do tr\u00e1fego a\u00e9reo, embora os volumes ainda permane\u00e7am abaixo dos n\u00edveis pr\u00e9-pandemia. Os dados mais recentes destacam uma rede em transi\u00e7\u00e3o, na qual o crescimento das rotas para a Am\u00e9rica do Norte e a retomada da conectividade caribenha come\u00e7am a reequilibrar um mercado historicamente dominado pela Fran\u00e7a. <\/p>\n\n<h2 class=\"wp-block-heading\">Uma recupera\u00e7\u00e3o em curso, ainda abaixo dos n\u00edveis pr\u00e9-pandemia<\/h2>\n\n<p>O tr\u00e1fego total atingiu 2.193.878 passageiros em 2025, representando um aumento de +2,0% em rela\u00e7\u00e3o a 2024, mas ainda -11,9% abaixo dos n\u00edveis de 2019, segundo o press kit de 2026 do aeroporto.<\/p>\n\n<p>A atividade operacional, no entanto, acelerou, com 25.402 movimentos de aeronaves, alta de +18,7% na compara\u00e7\u00e3o anual, enquanto o volume de carga tamb\u00e9m apresentou forte crescimento, com 13.656 toneladas (+23,5%). Esses indicadores apontam para uma recupera\u00e7\u00e3o das opera\u00e7\u00f5es, mesmo com os volumes de passageiros ainda se normalizando de forma mais gradual. <\/p>\n\n<p>No curto prazo, as tend\u00eancias permanecem irregulares. Em janeiro de 2026, o aeroporto movimentou 212.696 passageiros, uma queda de -4,4% em rela\u00e7\u00e3o a janeiro de 2025, refletindo ajustes cont\u00ednuos na capacidade das companhias a\u00e9reas e na reestrutura\u00e7\u00e3o da malha a\u00e9rea. <\/p>\n\n<h2 class=\"wp-block-heading\">Uma rede ainda dominada pela Fran\u00e7a<\/h2>\n\n<p>A estrutura do tr\u00e1fego permanece fortemente concentrada na Fran\u00e7a metropolitana, que representou 64,5% do total de passageiros em 2025, com mais de 1,38 milh\u00e3o de viajantes. Paris continua sendo o principal destino, com 1,37 milh\u00e3o de passageiros, consolidando-se como o maior mercado do aeroporto. <\/p>\n\n<p>No entanto, esse dom\u00ednio come\u00e7a a evoluir. Embora o tr\u00e1fego para a Fran\u00e7a tenha registrado leve crescimento anual, ele ainda permanece abaixo dos n\u00edveis pr\u00e9-pandemia, e os dados mais recentes indicam uma queda de -4,0% em janeiro de 2026, parcialmente associada \u00e0 otimiza\u00e7\u00e3o de capacidade por parte das companhias a\u00e9reas. <\/p>\n\n<h2 class=\"wp-block-heading\">Am\u00e9rica do Norte se consolida como motor de crescimento<\/h2>\n\n<p>O crescimento vem cada vez mais da Am\u00e9rica do Norte, especialmente do Canad\u00e1. O mercado canadense registrou 98.435 passageiros em 2025 (+9,1%) e continua em expans\u00e3o no in\u00edcio de 2026. <\/p>\n\n<p>Somente em janeiro, o tr\u00e1fego para o Canad\u00e1 atingiu 18.073 passageiros, com crescimento de +24,5% em rela\u00e7\u00e3o a 2025 e +55,1% em compara\u00e7\u00e3o com 2019. A introdu\u00e7\u00e3o de novas rotas diretas, incluindo Toronto, est\u00e1 refor\u00e7ando essa tend\u00eancia positiva. <\/p>\n\n<p>No geral, o tr\u00e1fego norte-americano cresceu +20,4% em janeiro de 2026, enquanto a rota para Miami registrou aumento de +6,3%, confirmando a import\u00e2ncia crescente desse segmento na malha a\u00e9rea do aeroporto.<\/p>\n\n<h2 class=\"wp-block-heading\">A conectividade caribenha d\u00e1 sinais de recupera\u00e7\u00e3o<\/h2>\n\n<p>Apesar de representar apenas 1,9% do tr\u00e1fego total em 2025, o segmento caribenho come\u00e7a a recuperar dinamismo. O tr\u00e1fego intra-regional permanece estruturalmente abaixo dos n\u00edveis pr\u00e9-pandemia (-58,5% em rela\u00e7\u00e3o a 2019), mas os dados recentes indicam uma retomada. <\/p>\n\n<p>Em janeiro de 2026, o tr\u00e1fego caribenho aumentou +37,9% na compara\u00e7\u00e3o anual, impulsionado pela melhoria no desempenho das companhias a\u00e9reas e ajustes na malha.<\/p>\n\n<p>Essa recupera\u00e7\u00e3o tamb\u00e9m \u00e9 sustentada por novas rotas. A LIAT Air anunciou o lan\u00e7amento de voos diretos de Pointe-\u00e0-Pitre para Antigua (quatro frequ\u00eancias semanais) e Montego Bay (duas frequ\u00eancias semanais), ambas operadas ao longo de todo o ano. A reabertura de Antigua restabelece uma conex\u00e3o hist\u00f3rica, enquanto a nova rota para a Jamaica amplia o acesso ao Caribe e cria conex\u00f5es indiretas com mercados como os Estados Unidos e o Reino Unido.  <\/p>\n\n<h2 class=\"wp-block-heading\">Uma rede em transforma\u00e7\u00e3o<\/h2>\n\n<p>Esses desenvolvimentos refletem uma estrat\u00e9gia mais ampla de diversifica\u00e7\u00e3o da malha a\u00e9rea. Embora a Fran\u00e7a metropolitana continue sendo a base do tr\u00e1fego, o aeroporto est\u00e1 expandindo ativamente suas conex\u00f5es com a Am\u00e9rica do Norte e os mercados regionais do Caribe. <\/p>\n\n<p>Ao mesmo tempo, alguns segmentos ainda enfrentam desafios. O tr\u00e1fego para as Ilhas do Norte caiu -14,6% em janeiro de 2026, principalmente devido \u00e0 suspens\u00e3o das opera\u00e7\u00f5es da Air Antilles, enquanto o tr\u00e1fego regional para Martinica e Guiana Francesa permaneceu relativamente est\u00e1vel. <\/p>\n\n<h2 class=\"wp-block-heading\">Rumo a um modelo de conectividade mais equilibrado<\/h2>\n\n<p>A rede a\u00e9rea da Guadeloupe est\u00e1 entrando em uma nova fase. Os dados indicam uma transi\u00e7\u00e3o gradual de um modelo altamente concentrado para uma estrutura mais diversificada, impulsionada por novas rotas, pelo crescimento da demanda norte-americana e pela retomada da conectividade regional. <\/p>\n\n<p>Embora a recupera\u00e7\u00e3o ainda seja desigual, especialmente em compara\u00e7\u00e3o com os n\u00edveis de 2019, as tend\u00eancias recentes e a evolu\u00e7\u00e3o da malha sugerem que o aeroporto est\u00e1 se reposicionando no cen\u00e1rio do transporte a\u00e9reo caribenho, com maior foco na diversifica\u00e7\u00e3o internacional e na integra\u00e7\u00e3o regional.<\/p>\n","protected":false},"excerpt":{"rendered":"<p>O aeroporto Guadeloupe Maryse Cond\u00e9 International registrou quase 2,2 milh\u00f5es de passageiros em 2025, confirmando uma recupera\u00e7\u00e3o gradual do tr\u00e1fego a\u00e9reo, embora os volumes ainda permane\u00e7am abaixo dos n\u00edveis pr\u00e9-pandemia. Os dados mais recentes destacam uma rede em transi\u00e7\u00e3o, na qual o crescimento das rotas para a Am\u00e9rica do Norte e a retomada da conectividade [&hellip;]<\/p>\n","protected":false},"author":5,"featured_media":23259,"comment_status":"open","ping_status":"closed","sticky":false,"template":"","format":"standard","meta":{"footnotes":""},"categories":[98,101],"tags":[],"class_list":["post-23260","post","type-post","status-publish","format-standard","has-post-thumbnail","hentry","category-aviacao","category-conectividade-aerea-e-atratividade-territorial"],"yoast_head":"<!-- This site is optimized with the Yoast SEO plugin v26.9 - https:\/\/yoast.com\/product\/yoast-seo-wordpress\/ -->\n<title>O tr\u00e1fego do aeroporto da Guadeloupe mostra uma recupera\u00e7\u00e3o desigual, enquanto rotas para a Am\u00e9rica do Norte e Caribe redefinem a conectividade - LATITUDE 15<\/title>\n<meta name=\"description\" content=\"Aeroporto de Guadalupe registra 2,19 milh\u00f5es de passageiros em 2025, com o crescimento na Am\u00e9rica do Norte e novas rotas no Caribe remodelando sua conectividade a\u00e9rea.\" \/>\n<meta name=\"robots\" content=\"index, follow, max-snippet:-1, max-image-preview:large, max-video-preview:-1\" \/>\n<link rel=\"canonical\" href=\"https:\/\/www.latitude-15.com\/pt-br\/o-trafego-do-aeroporto-da-guadeloupe-mostra-uma-recuperacao-desigual-enquanto-rotas-para-a-america-do-norte-e-caribe-redefinem-a-conectividade\/\" \/>\n<meta property=\"og:locale\" content=\"pt_BR\" \/>\n<meta property=\"og:type\" content=\"article\" \/>\n<meta property=\"og:title\" content=\"O tr\u00e1fego do aeroporto da Guadeloupe mostra uma recupera\u00e7\u00e3o desigual, enquanto rotas para a Am\u00e9rica do Norte e Caribe redefinem a conectividade - LATITUDE 15\" \/>\n<meta property=\"og:description\" content=\"Aeroporto de Guadalupe registra 2,19 milh\u00f5es de passageiros em 2025, com o crescimento na Am\u00e9rica do Norte e novas rotas no Caribe remodelando sua conectividade a\u00e9rea.\" \/>\n<meta property=\"og:url\" content=\"https:\/\/www.latitude-15.com\/pt-br\/o-trafego-do-aeroporto-da-guadeloupe-mostra-uma-recuperacao-desigual-enquanto-rotas-para-a-america-do-norte-e-caribe-redefinem-a-conectividade\/\" \/>\n<meta property=\"og:site_name\" content=\"LATITUDE 15\" \/>\n<meta property=\"article:published_time\" content=\"2026-04-28T13:30:00+00:00\" \/>\n<meta property=\"article:modified_time\" content=\"2026-04-29T04:14:13+00:00\" \/>\n<meta property=\"og:image\" content=\"https:\/\/www.latitude-15.com\/wp-content\/uploads\/2026\/04\/REHSETH.png\" \/>\n\t<meta property=\"og:image:width\" content=\"940\" \/>\n\t<meta property=\"og:image:height\" content=\"468\" \/>\n\t<meta property=\"og:image:type\" content=\"image\/png\" \/>\n<meta name=\"author\" content=\"Joda J\" \/>\n<meta name=\"twitter:card\" content=\"summary_large_image\" \/>\n<meta name=\"twitter:label1\" content=\"Escrito por\" \/>\n\t<meta name=\"twitter:data1\" content=\"Joda J\" \/>\n\t<meta name=\"twitter:label2\" content=\"Est. tempo de leitura\" \/>\n\t<meta name=\"twitter:data2\" content=\"4 minutos\" \/>\n<script type=\"application\/ld+json\" class=\"yoast-schema-graph\">{\"@context\":\"https:\/\/schema.org\",\"@graph\":[{\"@type\":\"Article\",\"@id\":\"https:\/\/www.latitude-15.com\/pt-br\/o-trafego-do-aeroporto-da-guadeloupe-mostra-uma-recuperacao-desigual-enquanto-rotas-para-a-america-do-norte-e-caribe-redefinem-a-conectividade\/#article\",\"isPartOf\":{\"@id\":\"https:\/\/www.latitude-15.com\/pt-br\/o-trafego-do-aeroporto-da-guadeloupe-mostra-uma-recuperacao-desigual-enquanto-rotas-para-a-america-do-norte-e-caribe-redefinem-a-conectividade\/\"},\"author\":{\"name\":\"Joda J\",\"@id\":\"https:\/\/www.latitude-15.com\/pt-br\/#\/schema\/person\/dac52e7ff44c78317f337da112e37252\"},\"headline\":\"O tr\u00e1fego do aeroporto da Guadeloupe mostra uma recupera\u00e7\u00e3o desigual, enquanto rotas para a Am\u00e9rica do Norte e Caribe redefinem a conectividade\",\"datePublished\":\"2026-04-28T13:30:00+00:00\",\"dateModified\":\"2026-04-29T04:14:13+00:00\",\"mainEntityOfPage\":{\"@id\":\"https:\/\/www.latitude-15.com\/pt-br\/o-trafego-do-aeroporto-da-guadeloupe-mostra-uma-recuperacao-desigual-enquanto-rotas-para-a-america-do-norte-e-caribe-redefinem-a-conectividade\/\"},\"wordCount\":807,\"commentCount\":0,\"publisher\":{\"@id\":\"https:\/\/www.latitude-15.com\/pt-br\/#organization\"},\"image\":{\"@id\":\"https:\/\/www.latitude-15.com\/pt-br\/o-trafego-do-aeroporto-da-guadeloupe-mostra-uma-recuperacao-desigual-enquanto-rotas-para-a-america-do-norte-e-caribe-redefinem-a-conectividade\/#primaryimage\"},\"thumbnailUrl\":\"https:\/\/www.latitude-15.com\/wp-content\/uploads\/2026\/04\/REHSETH.png\",\"articleSection\":[\"AVIA\u00c7\u00c3O\",\"Conectividade a\u00e9rea e Atratividade territorial\"],\"inLanguage\":\"pt-BR\",\"potentialAction\":[{\"@type\":\"CommentAction\",\"name\":\"Comment\",\"target\":[\"https:\/\/www.latitude-15.com\/pt-br\/o-trafego-do-aeroporto-da-guadeloupe-mostra-uma-recuperacao-desigual-enquanto-rotas-para-a-america-do-norte-e-caribe-redefinem-a-conectividade\/#respond\"]}]},{\"@type\":\"WebPage\",\"@id\":\"https:\/\/www.latitude-15.com\/pt-br\/o-trafego-do-aeroporto-da-guadeloupe-mostra-uma-recuperacao-desigual-enquanto-rotas-para-a-america-do-norte-e-caribe-redefinem-a-conectividade\/\",\"url\":\"https:\/\/www.latitude-15.com\/pt-br\/o-trafego-do-aeroporto-da-guadeloupe-mostra-uma-recuperacao-desigual-enquanto-rotas-para-a-america-do-norte-e-caribe-redefinem-a-conectividade\/\",\"name\":\"O tr\u00e1fego do aeroporto da Guadeloupe mostra uma recupera\u00e7\u00e3o desigual, enquanto rotas para a Am\u00e9rica do Norte e Caribe redefinem a conectividade - LATITUDE 15\",\"isPartOf\":{\"@id\":\"https:\/\/www.latitude-15.com\/pt-br\/#website\"},\"primaryImageOfPage\":{\"@id\":\"https:\/\/www.latitude-15.com\/pt-br\/o-trafego-do-aeroporto-da-guadeloupe-mostra-uma-recuperacao-desigual-enquanto-rotas-para-a-america-do-norte-e-caribe-redefinem-a-conectividade\/#primaryimage\"},\"image\":{\"@id\":\"https:\/\/www.latitude-15.com\/pt-br\/o-trafego-do-aeroporto-da-guadeloupe-mostra-uma-recuperacao-desigual-enquanto-rotas-para-a-america-do-norte-e-caribe-redefinem-a-conectividade\/#primaryimage\"},\"thumbnailUrl\":\"https:\/\/www.latitude-15.com\/wp-content\/uploads\/2026\/04\/REHSETH.png\",\"datePublished\":\"2026-04-28T13:30:00+00:00\",\"dateModified\":\"2026-04-29T04:14:13+00:00\",\"description\":\"Aeroporto de Guadalupe registra 2,19 milh\u00f5es de passageiros em 2025, com o crescimento na Am\u00e9rica do Norte e novas rotas no Caribe remodelando sua conectividade a\u00e9rea.\",\"breadcrumb\":{\"@id\":\"https:\/\/www.latitude-15.com\/pt-br\/o-trafego-do-aeroporto-da-guadeloupe-mostra-uma-recuperacao-desigual-enquanto-rotas-para-a-america-do-norte-e-caribe-redefinem-a-conectividade\/#breadcrumb\"},\"inLanguage\":\"pt-BR\",\"potentialAction\":[{\"@type\":\"ReadAction\",\"target\":[\"https:\/\/www.latitude-15.com\/pt-br\/o-trafego-do-aeroporto-da-guadeloupe-mostra-uma-recuperacao-desigual-enquanto-rotas-para-a-america-do-norte-e-caribe-redefinem-a-conectividade\/\"]}]},{\"@type\":\"ImageObject\",\"inLanguage\":\"pt-BR\",\"@id\":\"https:\/\/www.latitude-15.com\/pt-br\/o-trafego-do-aeroporto-da-guadeloupe-mostra-uma-recuperacao-desigual-enquanto-rotas-para-a-america-do-norte-e-caribe-redefinem-a-conectividade\/#primaryimage\",\"url\":\"https:\/\/www.latitude-15.com\/wp-content\/uploads\/2026\/04\/REHSETH.png\",\"contentUrl\":\"https:\/\/www.latitude-15.com\/wp-content\/uploads\/2026\/04\/REHSETH.png\",\"width\":940,\"height\":468},{\"@type\":\"BreadcrumbList\",\"@id\":\"https:\/\/www.latitude-15.com\/pt-br\/o-trafego-do-aeroporto-da-guadeloupe-mostra-uma-recuperacao-desigual-enquanto-rotas-para-a-america-do-norte-e-caribe-redefinem-a-conectividade\/#breadcrumb\",\"itemListElement\":[{\"@type\":\"ListItem\",\"position\":1,\"name\":\"Home\",\"item\":\"https:\/\/www.latitude-15.com\/pt-br\/inicio\/\"},{\"@type\":\"ListItem\",\"position\":2,\"name\":\"O tr\u00e1fego do aeroporto da Guadeloupe mostra uma recupera\u00e7\u00e3o desigual, enquanto rotas para a Am\u00e9rica do Norte e Caribe redefinem a conectividade\"}]},{\"@type\":\"WebSite\",\"@id\":\"https:\/\/www.latitude-15.com\/pt-br\/#website\",\"url\":\"https:\/\/www.latitude-15.com\/pt-br\/\",\"name\":\"LATITUDE 15\",\"description\":\"Aviation and maritime Magazine - Caribbean &amp; Latin America\",\"publisher\":{\"@id\":\"https:\/\/www.latitude-15.com\/pt-br\/#organization\"},\"potentialAction\":[{\"@type\":\"SearchAction\",\"target\":{\"@type\":\"EntryPoint\",\"urlTemplate\":\"https:\/\/www.latitude-15.com\/pt-br\/?s={search_term_string}\"},\"query-input\":{\"@type\":\"PropertyValueSpecification\",\"valueRequired\":true,\"valueName\":\"search_term_string\"}}],\"inLanguage\":\"pt-BR\"},{\"@type\":\"Organization\",\"@id\":\"https:\/\/www.latitude-15.com\/pt-br\/#organization\",\"name\":\"LATITUDE 15\",\"url\":\"https:\/\/www.latitude-15.com\/pt-br\/\",\"logo\":{\"@type\":\"ImageObject\",\"inLanguage\":\"pt-BR\",\"@id\":\"https:\/\/www.latitude-15.com\/pt-br\/#\/schema\/logo\/image\/\",\"url\":\"https:\/\/www.latitude-15.com\/wp-content\/uploads\/2026\/01\/cropped-logox500px.png\",\"contentUrl\":\"https:\/\/www.latitude-15.com\/wp-content\/uploads\/2026\/01\/cropped-logox500px.png\",\"width\":62,\"height\":75,\"caption\":\"LATITUDE 15\"},\"image\":{\"@id\":\"https:\/\/www.latitude-15.com\/pt-br\/#\/schema\/logo\/image\/\"}},{\"@type\":\"Person\",\"@id\":\"https:\/\/www.latitude-15.com\/pt-br\/#\/schema\/person\/dac52e7ff44c78317f337da112e37252\",\"name\":\"Joda J\",\"image\":{\"@type\":\"ImageObject\",\"inLanguage\":\"pt-BR\",\"@id\":\"https:\/\/www.latitude-15.com\/pt-br\/#\/schema\/person\/image\/\",\"url\":\"https:\/\/secure.gravatar.com\/avatar\/6b1feae555e15404b76616f92d931d12b25ac58024f14ccb43d9d3c012e4c4cf?s=96&d=mm&r=g\",\"contentUrl\":\"https:\/\/secure.gravatar.com\/avatar\/6b1feae555e15404b76616f92d931d12b25ac58024f14ccb43d9d3c012e4c4cf?s=96&d=mm&r=g\",\"caption\":\"Joda J\"},\"url\":\"https:\/\/www.latitude-15.com\/pt-br\/author\/joda\/\"}]}<\/script>\n<!-- \/ Yoast SEO plugin. -->","yoast_head_json":{"title":"O tr\u00e1fego do aeroporto da Guadeloupe mostra uma recupera\u00e7\u00e3o desigual, enquanto rotas para a Am\u00e9rica do Norte e Caribe redefinem a conectividade - LATITUDE 15","description":"Aeroporto de Guadalupe registra 2,19 milh\u00f5es de passageiros em 2025, com o crescimento na Am\u00e9rica do Norte e novas rotas no Caribe remodelando sua conectividade a\u00e9rea.","robots":{"index":"index","follow":"follow","max-snippet":"max-snippet:-1","max-image-preview":"max-image-preview:large","max-video-preview":"max-video-preview:-1"},"canonical":"https:\/\/www.latitude-15.com\/pt-br\/o-trafego-do-aeroporto-da-guadeloupe-mostra-uma-recuperacao-desigual-enquanto-rotas-para-a-america-do-norte-e-caribe-redefinem-a-conectividade\/","og_locale":"pt_BR","og_type":"article","og_title":"O tr\u00e1fego do aeroporto da Guadeloupe mostra uma recupera\u00e7\u00e3o desigual, enquanto rotas para a Am\u00e9rica do Norte e Caribe redefinem a conectividade - LATITUDE 15","og_description":"Aeroporto de Guadalupe registra 2,19 milh\u00f5es de passageiros em 2025, com o crescimento na Am\u00e9rica do Norte e novas rotas no Caribe remodelando sua conectividade a\u00e9rea.","og_url":"https:\/\/www.latitude-15.com\/pt-br\/o-trafego-do-aeroporto-da-guadeloupe-mostra-uma-recuperacao-desigual-enquanto-rotas-para-a-america-do-norte-e-caribe-redefinem-a-conectividade\/","og_site_name":"LATITUDE 15","article_published_time":"2026-04-28T13:30:00+00:00","article_modified_time":"2026-04-29T04:14:13+00:00","og_image":[{"width":940,"height":468,"url":"https:\/\/www.latitude-15.com\/wp-content\/uploads\/2026\/04\/REHSETH.png","type":"image\/png"}],"author":"Joda J","twitter_card":"summary_large_image","twitter_misc":{"Escrito por":"Joda J","Est. tempo de leitura":"4 minutos"},"schema":{"@context":"https:\/\/schema.org","@graph":[{"@type":"Article","@id":"https:\/\/www.latitude-15.com\/pt-br\/o-trafego-do-aeroporto-da-guadeloupe-mostra-uma-recuperacao-desigual-enquanto-rotas-para-a-america-do-norte-e-caribe-redefinem-a-conectividade\/#article","isPartOf":{"@id":"https:\/\/www.latitude-15.com\/pt-br\/o-trafego-do-aeroporto-da-guadeloupe-mostra-uma-recuperacao-desigual-enquanto-rotas-para-a-america-do-norte-e-caribe-redefinem-a-conectividade\/"},"author":{"name":"Joda J","@id":"https:\/\/www.latitude-15.com\/pt-br\/#\/schema\/person\/dac52e7ff44c78317f337da112e37252"},"headline":"O tr\u00e1fego do aeroporto da Guadeloupe mostra uma recupera\u00e7\u00e3o desigual, enquanto rotas para a Am\u00e9rica do Norte e Caribe redefinem a conectividade","datePublished":"2026-04-28T13:30:00+00:00","dateModified":"2026-04-29T04:14:13+00:00","mainEntityOfPage":{"@id":"https:\/\/www.latitude-15.com\/pt-br\/o-trafego-do-aeroporto-da-guadeloupe-mostra-uma-recuperacao-desigual-enquanto-rotas-para-a-america-do-norte-e-caribe-redefinem-a-conectividade\/"},"wordCount":807,"commentCount":0,"publisher":{"@id":"https:\/\/www.latitude-15.com\/pt-br\/#organization"},"image":{"@id":"https:\/\/www.latitude-15.com\/pt-br\/o-trafego-do-aeroporto-da-guadeloupe-mostra-uma-recuperacao-desigual-enquanto-rotas-para-a-america-do-norte-e-caribe-redefinem-a-conectividade\/#primaryimage"},"thumbnailUrl":"https:\/\/www.latitude-15.com\/wp-content\/uploads\/2026\/04\/REHSETH.png","articleSection":["AVIA\u00c7\u00c3O","Conectividade a\u00e9rea e Atratividade territorial"],"inLanguage":"pt-BR","potentialAction":[{"@type":"CommentAction","name":"Comment","target":["https:\/\/www.latitude-15.com\/pt-br\/o-trafego-do-aeroporto-da-guadeloupe-mostra-uma-recuperacao-desigual-enquanto-rotas-para-a-america-do-norte-e-caribe-redefinem-a-conectividade\/#respond"]}]},{"@type":"WebPage","@id":"https:\/\/www.latitude-15.com\/pt-br\/o-trafego-do-aeroporto-da-guadeloupe-mostra-uma-recuperacao-desigual-enquanto-rotas-para-a-america-do-norte-e-caribe-redefinem-a-conectividade\/","url":"https:\/\/www.latitude-15.com\/pt-br\/o-trafego-do-aeroporto-da-guadeloupe-mostra-uma-recuperacao-desigual-enquanto-rotas-para-a-america-do-norte-e-caribe-redefinem-a-conectividade\/","name":"O tr\u00e1fego do aeroporto da Guadeloupe mostra uma recupera\u00e7\u00e3o desigual, enquanto rotas para a Am\u00e9rica do Norte e Caribe redefinem a conectividade - LATITUDE 15","isPartOf":{"@id":"https:\/\/www.latitude-15.com\/pt-br\/#website"},"primaryImageOfPage":{"@id":"https:\/\/www.latitude-15.com\/pt-br\/o-trafego-do-aeroporto-da-guadeloupe-mostra-uma-recuperacao-desigual-enquanto-rotas-para-a-america-do-norte-e-caribe-redefinem-a-conectividade\/#primaryimage"},"image":{"@id":"https:\/\/www.latitude-15.com\/pt-br\/o-trafego-do-aeroporto-da-guadeloupe-mostra-uma-recuperacao-desigual-enquanto-rotas-para-a-america-do-norte-e-caribe-redefinem-a-conectividade\/#primaryimage"},"thumbnailUrl":"https:\/\/www.latitude-15.com\/wp-content\/uploads\/2026\/04\/REHSETH.png","datePublished":"2026-04-28T13:30:00+00:00","dateModified":"2026-04-29T04:14:13+00:00","description":"Aeroporto de Guadalupe registra 2,19 milh\u00f5es de passageiros em 2025, com o crescimento na Am\u00e9rica do Norte e novas rotas no Caribe remodelando sua conectividade a\u00e9rea.","breadcrumb":{"@id":"https:\/\/www.latitude-15.com\/pt-br\/o-trafego-do-aeroporto-da-guadeloupe-mostra-uma-recuperacao-desigual-enquanto-rotas-para-a-america-do-norte-e-caribe-redefinem-a-conectividade\/#breadcrumb"},"inLanguage":"pt-BR","potentialAction":[{"@type":"ReadAction","target":["https:\/\/www.latitude-15.com\/pt-br\/o-trafego-do-aeroporto-da-guadeloupe-mostra-uma-recuperacao-desigual-enquanto-rotas-para-a-america-do-norte-e-caribe-redefinem-a-conectividade\/"]}]},{"@type":"ImageObject","inLanguage":"pt-BR","@id":"https:\/\/www.latitude-15.com\/pt-br\/o-trafego-do-aeroporto-da-guadeloupe-mostra-uma-recuperacao-desigual-enquanto-rotas-para-a-america-do-norte-e-caribe-redefinem-a-conectividade\/#primaryimage","url":"https:\/\/www.latitude-15.com\/wp-content\/uploads\/2026\/04\/REHSETH.png","contentUrl":"https:\/\/www.latitude-15.com\/wp-content\/uploads\/2026\/04\/REHSETH.png","width":940,"height":468},{"@type":"BreadcrumbList","@id":"https:\/\/www.latitude-15.com\/pt-br\/o-trafego-do-aeroporto-da-guadeloupe-mostra-uma-recuperacao-desigual-enquanto-rotas-para-a-america-do-norte-e-caribe-redefinem-a-conectividade\/#breadcrumb","itemListElement":[{"@type":"ListItem","position":1,"name":"Home","item":"https:\/\/www.latitude-15.com\/pt-br\/inicio\/"},{"@type":"ListItem","position":2,"name":"O tr\u00e1fego do aeroporto da Guadeloupe mostra uma recupera\u00e7\u00e3o desigual, enquanto rotas para a Am\u00e9rica do Norte e Caribe redefinem a conectividade"}]},{"@type":"WebSite","@id":"https:\/\/www.latitude-15.com\/pt-br\/#website","url":"https:\/\/www.latitude-15.com\/pt-br\/","name":"LATITUDE 15","description":"Aviation and maritime Magazine - Caribbean &amp; Latin America","publisher":{"@id":"https:\/\/www.latitude-15.com\/pt-br\/#organization"},"potentialAction":[{"@type":"SearchAction","target":{"@type":"EntryPoint","urlTemplate":"https:\/\/www.latitude-15.com\/pt-br\/?s={search_term_string}"},"query-input":{"@type":"PropertyValueSpecification","valueRequired":true,"valueName":"search_term_string"}}],"inLanguage":"pt-BR"},{"@type":"Organization","@id":"https:\/\/www.latitude-15.com\/pt-br\/#organization","name":"LATITUDE 15","url":"https:\/\/www.latitude-15.com\/pt-br\/","logo":{"@type":"ImageObject","inLanguage":"pt-BR","@id":"https:\/\/www.latitude-15.com\/pt-br\/#\/schema\/logo\/image\/","url":"https:\/\/www.latitude-15.com\/wp-content\/uploads\/2026\/01\/cropped-logox500px.png","contentUrl":"https:\/\/www.latitude-15.com\/wp-content\/uploads\/2026\/01\/cropped-logox500px.png","width":62,"height":75,"caption":"LATITUDE 15"},"image":{"@id":"https:\/\/www.latitude-15.com\/pt-br\/#\/schema\/logo\/image\/"}},{"@type":"Person","@id":"https:\/\/www.latitude-15.com\/pt-br\/#\/schema\/person\/dac52e7ff44c78317f337da112e37252","name":"Joda J","image":{"@type":"ImageObject","inLanguage":"pt-BR","@id":"https:\/\/www.latitude-15.com\/pt-br\/#\/schema\/person\/image\/","url":"https:\/\/secure.gravatar.com\/avatar\/6b1feae555e15404b76616f92d931d12b25ac58024f14ccb43d9d3c012e4c4cf?s=96&d=mm&r=g","contentUrl":"https:\/\/secure.gravatar.com\/avatar\/6b1feae555e15404b76616f92d931d12b25ac58024f14ccb43d9d3c012e4c4cf?s=96&d=mm&r=g","caption":"Joda J"},"url":"https:\/\/www.latitude-15.com\/pt-br\/author\/joda\/"}]}},"_links":{"self":[{"href":"https:\/\/www.latitude-15.com\/pt-br\/wp-json\/wp\/v2\/posts\/23260","targetHints":{"allow":["GET"]}}],"collection":[{"href":"https:\/\/www.latitude-15.com\/pt-br\/wp-json\/wp\/v2\/posts"}],"about":[{"href":"https:\/\/www.latitude-15.com\/pt-br\/wp-json\/wp\/v2\/types\/post"}],"author":[{"embeddable":true,"href":"https:\/\/www.latitude-15.com\/pt-br\/wp-json\/wp\/v2\/users\/5"}],"replies":[{"embeddable":true,"href":"https:\/\/www.latitude-15.com\/pt-br\/wp-json\/wp\/v2\/comments?post=23260"}],"version-history":[{"count":3,"href":"https:\/\/www.latitude-15.com\/pt-br\/wp-json\/wp\/v2\/posts\/23260\/revisions"}],"predecessor-version":[{"id":23263,"href":"https:\/\/www.latitude-15.com\/pt-br\/wp-json\/wp\/v2\/posts\/23260\/revisions\/23263"}],"wp:featuredmedia":[{"embeddable":true,"href":"https:\/\/www.latitude-15.com\/pt-br\/wp-json\/wp\/v2\/media\/23259"}],"wp:attachment":[{"href":"https:\/\/www.latitude-15.com\/pt-br\/wp-json\/wp\/v2\/media?parent=23260"}],"wp:term":[{"taxonomy":"category","embeddable":true,"href":"https:\/\/www.latitude-15.com\/pt-br\/wp-json\/wp\/v2\/categories?post=23260"},{"taxonomy":"post_tag","embeddable":true,"href":"https:\/\/www.latitude-15.com\/pt-br\/wp-json\/wp\/v2\/tags?post=23260"}],"curies":[{"name":"wp","href":"https:\/\/api.w.org\/{rel}","templated":true}]}}