{"id":23232,"date":"2026-04-28T09:40:00","date_gmt":"2026-04-28T13:40:00","guid":{"rendered":"https:\/\/www.latitude-15.com\/net-zero-vs-conectividade-o-principal-trade-off-da-aviacao-na-america-latina\/"},"modified":"2026-04-28T13:27:27","modified_gmt":"2026-04-28T17:27:27","slug":"net-zero-vs-conectividade-o-principal-trade-off-da-aviacao-na-america-latina","status":"publish","type":"post","link":"https:\/\/www.latitude-15.com\/pt-br\/net-zero-vs-conectividade-o-principal-trade-off-da-aviacao-na-america-latina\/","title":{"rendered":"Net Zero vs Conectividade: o principal trade-off da avia\u00e7\u00e3o na Am\u00e9rica Latina"},"content":{"rendered":"\n<p>A ind\u00fastria da avia\u00e7\u00e3o na Am\u00e9rica Latina e no Caribe est\u00e1 entrando em uma fase decisiva. \u00c0 medida que os compromissos globais para alcan\u00e7ar emiss\u00f5es l\u00edquidas zero at\u00e9 2050 se intensificam, a regi\u00e3o enfrenta um dilema estrutural: como descarbonizar sem comprometer a conectividade em um mercado onde a avia\u00e7\u00e3o continua sendo um motor fundamental de inclus\u00e3o econ\u00f4mica. <\/p>\n\n<p>Um <em><a href=\"https:\/\/alta.aero\/sustainability-roadmap\/\">estudo recente da Latin American and Caribbean Air Transport Association (ALTA)<\/a><\/em>, desenvolvido em parceria com a ICF, apresenta esse desafio com clareza. A quest\u00e3o n\u00e3o \u00e9 apenas tecnol\u00f3gica \u2014 \u00e9 econ\u00f4mica, sist\u00eamica e profundamente ligada \u00e0 trajet\u00f3ria de desenvolvimento da regi\u00e3o. <\/p>\n\n<h2 class=\"wp-block-heading\">Um mercado em crescimento marcado por depend\u00eancia estrutural<\/h2>\n\n<p>A avia\u00e7\u00e3o na Am\u00e9rica Latina e no Caribe n\u00e3o \u00e9 um mercado maduro ajustando-se nas margens \u2014 trata-se de um sistema em desenvolvimento que ainda est\u00e1 expandindo sua fun\u00e7\u00e3o central. O setor contribui com 3,6% do PIB regional e sustenta cerca de 3% do emprego, permanecendo significativamente subpenetrado em compara\u00e7\u00e3o com padr\u00f5es globais. <\/p>\n\n<p>A intensidade do transporte a\u00e9reo evidencia essa lacuna. Enquanto passageiros na Am\u00e9rica do Norte realizam, em m\u00e9dia, cerca de 2,5 viagens por ano, esse n\u00famero permanece abaixo de um na maioria dos mercados latino-americanos. Isso n\u00e3o indica satura\u00e7\u00e3o, mas sim demanda latente. A conectividade n\u00e3o \u00e9 opcional \u2014 \u00e9 essencial, especialmente em uma regi\u00e3o caracterizada por fragmenta\u00e7\u00e3o geogr\u00e1fica, infraestrutura terrestre limitada e centros econ\u00f4micos dispersos.   <\/p>\n\n<p>Nesse contexto, o crescimento projetado do tr\u00e1fego \u2014 impulsionado por fatores demogr\u00e1ficos, urbaniza\u00e7\u00e3o e integra\u00e7\u00e3o regional \u2014 est\u00e1 estruturalmente incorporado. A expans\u00e3o da avia\u00e7\u00e3o n\u00e3o \u00e9 uma escolha; \u00e9 um pr\u00e9-requisito para inclus\u00e3o econ\u00f4mica e coes\u00e3o territorial. <\/p>\n\n<h2 class=\"wp-block-heading\">Uma meta global confrontada com assimetrias regionais<\/h2>\n\n<p>O compromisso da ind\u00fastria com emiss\u00f5es l\u00edquidas zero at\u00e9 2050, formalizado por meio do Long-Term Aspirational Goal (LTAG) da ICAO, estabelece uma dire\u00e7\u00e3o comum. No entanto, o estudo da ALTA destaca um ponto cr\u00edtico: o caminho n\u00e3o pode ser uniforme. <\/p>\n\n<p>A Am\u00e9rica Latina opera sob condi\u00e7\u00f5es econ\u00f4micas significativamente diferentes. O PIB per capita permanece muito inferior ao da Europa ou da Am\u00e9rica do Norte, limitando tanto a capacidade de financiamento p\u00fablico quanto a capacidade dos passageiros de absorver aumentos de custos. Ao mesmo tempo, a avia\u00e7\u00e3o desempenha um papel mais essencial no acesso a servi\u00e7os como sa\u00fade, educa\u00e7\u00e3o, turismo e com\u00e9rcio.  <\/p>\n\n<p>Aplicar modelos de descarboniza\u00e7\u00e3o desenvolvidos para mercados maduros \u2014 onde a demanda \u00e9 mais resiliente e existem alternativas \u2014 pode gerar consequ\u00eancias indesejadas. Na Am\u00e9rica Latina, a margem de ajuste \u00e9 mais estreita e o custo de desalinhamento \u00e9 significativamente maior. <\/p>\n\n<h2 class=\"wp-block-heading\">Ganhos de efici\u00eancia j\u00e1 em curso<\/h2>\n\n<p>Ao contr\u00e1rio de algumas percep\u00e7\u00f5es, a regi\u00e3o n\u00e3o parte de uma posi\u00e7\u00e3o de atraso. As companhias a\u00e9reas da Am\u00e9rica Latina e do Caribe j\u00e1 operam uma das frotas mais eficientes do mundo, com 38% da capacidade operada por aeronaves de nova gera\u00e7\u00e3o, propor\u00e7\u00e3o superior \u00e0 da Europa ou da Am\u00e9rica do Norte. <\/p>\n\n<p>Essa moderniza\u00e7\u00e3o \u2014 sustentada por investimentos de dezenas de bilh\u00f5es de d\u00f3lares \u2014 proporcionou ganhos de efici\u00eancia de combust\u00edvel de 15% a 20% por aeronave. Ao mesmo tempo, melhorias operacionais em rotas, opera\u00e7\u00f5es em solo e digitaliza\u00e7\u00e3o oferecem um potencial de redu\u00e7\u00e3o de emiss\u00f5es de at\u00e9 11% at\u00e9 2050. <\/p>\n\n<p>Essas medidas representam os instrumentos mais imediatos e custo-efetivos dispon\u00edveis. No entanto, sua plena implementa\u00e7\u00e3o depende de coordena\u00e7\u00e3o em todo o sistema \u2014 aeroportos, provedores de navega\u00e7\u00e3o a\u00e9rea e reguladores \u2014 evidenciando que a efici\u00eancia n\u00e3o \u00e9 mais apenas uma quest\u00e3o das companhias a\u00e9reas, mas do alinhamento de todo o ecossistema. <\/p>\n\n<h2 class=\"wp-block-heading\">SAF: pilar central \u2014 e risco sist\u00eamico<\/h2>\n\n<p>O Sustainable Aviation Fuel (SAF) \u00e9 amplamente reconhecido como o pilar central da descarboniza\u00e7\u00e3o de longo prazo. Sua compatibilidade com aeronaves e infraestruturas existentes o torna teoricamente escal\u00e1vel. Na pr\u00e1tica, por\u00e9m, ele introduz a maior tens\u00e3o econ\u00f4mica.  <\/p>\n\n<p>O estudo da ALTA quantifica essa lacuna: o SAF \u00e9 atualmente de tr\u00eas a doze vezes mais caro que o combust\u00edvel de avia\u00e7\u00e3o convencional. Se implementado em larga escala sem mecanismos de apoio, pode adicionar cerca de US$ 43 por assento at\u00e9 2050, levando a uma poss\u00edvel redu\u00e7\u00e3o de 30% no tr\u00e1fego a\u00e9reo. <\/p>\n\n<p>As implica\u00e7\u00f5es v\u00e3o al\u00e9m das companhias a\u00e9reas. Uma contra\u00e7\u00e3o dessa magnitude representaria uma perda estimada de US$ 156 bilh\u00f5es em valor econ\u00f4mico, impactando turismo, com\u00e9rcio e integra\u00e7\u00e3o regional. <\/p>\n\n<p>Al\u00e9m do custo, a implanta\u00e7\u00e3o do SAF enfrenta limita\u00e7\u00f5es estruturais do lado da oferta. A disponibilidade de mat\u00e9rias-primas \u00e9 fragmentada, as tecnologias de produ\u00e7\u00e3o ainda n\u00e3o est\u00e3o plenamente escaladas e a demanda concorrente de combust\u00edveis rodovi\u00e1rios desvia investimentos. Como resultado, o SAF n\u00e3o \u00e9 apenas caro \u2014 tamb\u00e9m \u00e9 escasso, e seu cronograma de expans\u00e3o industrial permanece incerto.  <\/p>\n\n<p>Em uma regi\u00e3o com alta sensibilidade a pre\u00e7os e conectividade desigual, a transfer\u00eancia de custos n\u00e3o \u00e9 neutra. Ela impacta diretamente o acesso, tornando o SAF n\u00e3o apenas uma solu\u00e7\u00e3o ambiental, mas um risco estrutural se implementado sem coordena\u00e7\u00e3o adequada. <\/p>\n\n<h2 class=\"wp-block-heading\">Mercados de carbono: uma alavanca estrat\u00e9gica<\/h2>\n\n<p>Se o SAF representa o principal desafio, os mercados de carbono podem representar a principal vantagem estrat\u00e9gica da regi\u00e3o.<\/p>\n\n<p>A Am\u00e9rica Latina e o Caribe respondem por 23% da emiss\u00e3o global de cr\u00e9ditos de carbono, enquanto contribuem com apenas 6,7% das emiss\u00f5es globais. Esse cen\u00e1rio reflete o capital natural da regi\u00e3o \u2014 suas florestas, biodiversidade e capacidade de gerar solu\u00e7\u00f5es baseadas na natureza. <\/p>\n\n<p>Essa din\u00e2mica posiciona a regi\u00e3o n\u00e3o apenas como participante da transi\u00e7\u00e3o, mas como potencial exportadora de capacidade de descarboniza\u00e7\u00e3o. \u00c0 medida que a demanda global por cr\u00e9ditos de carbono de alta qualidade cresce, a regi\u00e3o pode desempenhar um papel duplo \u2014 apoiando sua pr\u00f3pria transi\u00e7\u00e3o e fornecendo mecanismos de compensa\u00e7\u00e3o para outros mercados. <\/p>\n\n<p>No entanto, concretizar esse potencial exige mais do que recursos naturais. Ser\u00e1 essencial garantir alinhamento regulat\u00f3rio, sistemas robustos de monitoramento e verifica\u00e7\u00e3o, e integra\u00e7\u00e3o com frameworks internacionais como o CORSIA. <\/p>\n\n<h2 class=\"wp-block-heading\">A equa\u00e7\u00e3o real: gerir trade-offs sob restri\u00e7\u00e3o<\/h2>\n\n<p>No centro da quest\u00e3o, a transi\u00e7\u00e3o para emiss\u00f5es l\u00edquidas zero na avia\u00e7\u00e3o latino-americana n\u00e3o se trata de escolher a \u201cmelhor\u201d solu\u00e7\u00e3o \u2014 mas de gerenciar trade-offs sob restri\u00e7\u00e3o.<\/p>\n\n<p>O estudo torna isso evidente por meio de cen\u00e1rios. Uma mistura de 20% de SAF at\u00e9 2050 pode reduzir a demanda de tr\u00e1fego em quase 20%, com n\u00edveis mais elevados amplificando esse efeito. Por outro lado, uma depend\u00eancia excessiva de mercados de carbono introduz incertezas relacionadas \u00e0 disponibilidade, pre\u00e7os e integridade.  <\/p>\n\n<p>Para formuladores de pol\u00edticas e l\u00edderes do setor, cada ponto percentual adicional de SAF tem impacto mensur\u00e1vel na demanda, enquanto avan\u00e7os insuficientes na descarboniza\u00e7\u00e3o podem gerar press\u00f5es regulat\u00f3rias e de mercado.<\/p>\n\n<p>Trata-se, portanto, n\u00e3o apenas de uma equa\u00e7\u00e3o ambiental, mas de um equil\u00edbrio estrat\u00e9gico entre custo, acesso e objetivos clim\u00e1ticos.<\/p>\n\n<h2 class=\"wp-block-heading\">Pol\u00edtica p\u00fablica, capital e coordena\u00e7\u00e3o como facilitadores<\/h2>\n\n<p>Alcan\u00e7ar esse equil\u00edbrio depender\u00e1 de a\u00e7\u00f5es coordenadas em todo o ecossistema da avia\u00e7\u00e3o. Os governos desempenham um papel central ao definir incentivos fiscais, marcos regulat\u00f3rios e investimentos em infraestrutura. <\/p>\n\n<p>Medidas direcionadas \u2014 como subs\u00eddios ao SAF, tarifas aeroportu\u00e1rias diferenciadas e apoio ao desenvolvimento de mercados de carbono \u2014 podem mitigar impactos de custos e acelerar a ado\u00e7\u00e3o. Ao mesmo tempo, financiamento internacional e transfer\u00eancia de tecnologia ser\u00e3o essenciais para reduzir o d\u00e9ficit de investimento. <\/p>\n\n<p>Em um cen\u00e1rio global onde o capital se direciona cada vez mais para projetos de transi\u00e7\u00e3o energ\u00e9tica, a avia\u00e7\u00e3o latino-americana precisa competir com mercados mais maduros e fortemente subsidiados. Isso refor\u00e7a a necessidade de pol\u00edticas coerentes e coordenadas para atrair investimentos e reduzir riscos. <\/p>\n\n<p>O alinhamento regional tamb\u00e9m ser\u00e1 decisivo. Regulamenta\u00e7\u00f5es harmonizadas, padr\u00f5es comuns e cadeias de suprimento integradas podem reduzir a fragmenta\u00e7\u00e3o e permitir ganhos de escala, especialmente em \u00e1reas emergentes como o SAF. <\/p>\n\n<h2 class=\"wp-block-heading\">Uma trajet\u00f3ria diferenciada rumo ao net zero<\/h2>\n\n<p>A avia\u00e7\u00e3o na Am\u00e9rica Latina e no Caribe n\u00e3o est\u00e1 resistindo \u00e0 transi\u00e7\u00e3o \u2014 est\u00e1 redefinindo como ela deve ser conduzida.<\/p>\n\n<p>Em uma regi\u00e3o onde a avia\u00e7\u00e3o sustenta a inclus\u00e3o econ\u00f4mica e a coes\u00e3o territorial, a descarboniza\u00e7\u00e3o n\u00e3o pode ocorrer \u00e0 custa da conectividade. O desafio \u00e9 construir uma trajet\u00f3ria que preserve o crescimento ao mesmo tempo em que reduz progressivamente as emiss\u00f5es. <\/p>\n\n<p>Isso implica uma abordagem diferenciada \u2014 que considere restri\u00e7\u00f5es locais, aproveite as vantagens regionais e integre objetivos clim\u00e1ticos \u00e0s prioridades de desenvolvimento.<\/p>\n\n<p>Nesse sentido, a regi\u00e3o n\u00e3o est\u00e1 apenas se adaptando a uma agenda global. Est\u00e1 contribuindo para definir o que significa uma transi\u00e7\u00e3o da avia\u00e7\u00e3o realista, escal\u00e1vel e inclusiva. <\/p>\n","protected":false},"excerpt":{"rendered":"<p>A ind\u00fastria da avia\u00e7\u00e3o na Am\u00e9rica Latina e no Caribe est\u00e1 entrando em uma fase decisiva. \u00c0 medida que os compromissos globais para alcan\u00e7ar emiss\u00f5es l\u00edquidas zero at\u00e9 2050 se intensificam, a regi\u00e3o enfrenta um dilema estrutural: como descarbonizar sem comprometer a conectividade em um mercado onde a avia\u00e7\u00e3o continua sendo um motor fundamental de [&hellip;]<\/p>\n","protected":false},"author":5,"featured_media":23231,"comment_status":"open","ping_status":"closed","sticky":false,"template":"","format":"standard","meta":{"footnotes":""},"categories":[98,113],"tags":[],"class_list":["post-23232","post","type-post","status-publish","format-standard","has-post-thumbnail","hentry","category-aviacao","category-sustentabilidade-e-transicao-energetica"],"yoast_head":"<!-- This site is optimized with the Yoast SEO plugin v26.9 - https:\/\/yoast.com\/product\/yoast-seo-wordpress\/ -->\n<title>Net Zero vs Conectividade: o principal trade-off da avia\u00e7\u00e3o na Am\u00e9rica Latina - LATITUDE 15<\/title>\n<meta name=\"description\" content=\"A avia\u00e7\u00e3o latino-americana enfrenta um dilema de Net Zero: descarbonizar sem reduzir a conectividade. Um estudo da ALTA delineia um caminho \u00fanico.\" \/>\n<meta name=\"robots\" content=\"index, follow, max-snippet:-1, max-image-preview:large, max-video-preview:-1\" \/>\n<link rel=\"canonical\" href=\"https:\/\/www.latitude-15.com\/pt-br\/net-zero-vs-conectividade-o-principal-trade-off-da-aviacao-na-america-latina\/\" \/>\n<meta property=\"og:locale\" content=\"pt_BR\" \/>\n<meta property=\"og:type\" content=\"article\" \/>\n<meta property=\"og:title\" content=\"Net Zero vs Conectividade: o principal trade-off da avia\u00e7\u00e3o na Am\u00e9rica Latina - LATITUDE 15\" \/>\n<meta property=\"og:description\" content=\"A avia\u00e7\u00e3o latino-americana enfrenta um dilema de Net Zero: descarbonizar sem reduzir a conectividade. Um estudo da ALTA delineia um caminho \u00fanico.\" \/>\n<meta property=\"og:url\" content=\"https:\/\/www.latitude-15.com\/pt-br\/net-zero-vs-conectividade-o-principal-trade-off-da-aviacao-na-america-latina\/\" \/>\n<meta property=\"og:site_name\" content=\"LATITUDE 15\" \/>\n<meta property=\"article:published_time\" content=\"2026-04-28T13:40:00+00:00\" \/>\n<meta property=\"article:modified_time\" content=\"2026-04-28T17:27:27+00:00\" \/>\n<meta property=\"og:image\" content=\"https:\/\/www.latitude-15.com\/wp-content\/uploads\/2026\/04\/img6351017-1024x683.png\" \/>\n\t<meta property=\"og:image:width\" content=\"1024\" \/>\n\t<meta property=\"og:image:height\" content=\"683\" \/>\n\t<meta property=\"og:image:type\" content=\"image\/png\" \/>\n<meta name=\"author\" content=\"Joda J\" \/>\n<meta name=\"twitter:card\" content=\"summary_large_image\" \/>\n<meta name=\"twitter:label1\" content=\"Escrito por\" \/>\n\t<meta name=\"twitter:data1\" content=\"Joda J\" \/>\n\t<meta name=\"twitter:label2\" content=\"Est. tempo de leitura\" \/>\n\t<meta name=\"twitter:data2\" content=\"8 minutos\" \/>\n<script type=\"application\/ld+json\" class=\"yoast-schema-graph\">{\"@context\":\"https:\/\/schema.org\",\"@graph\":[{\"@type\":\"Article\",\"@id\":\"https:\/\/www.latitude-15.com\/pt-br\/net-zero-vs-conectividade-o-principal-trade-off-da-aviacao-na-america-latina\/#article\",\"isPartOf\":{\"@id\":\"https:\/\/www.latitude-15.com\/pt-br\/net-zero-vs-conectividade-o-principal-trade-off-da-aviacao-na-america-latina\/\"},\"author\":{\"name\":\"Joda J\",\"@id\":\"https:\/\/www.latitude-15.com\/pt-br\/#\/schema\/person\/dac52e7ff44c78317f337da112e37252\"},\"headline\":\"Net Zero vs Conectividade: o principal trade-off da avia\u00e7\u00e3o na Am\u00e9rica Latina\",\"datePublished\":\"2026-04-28T13:40:00+00:00\",\"dateModified\":\"2026-04-28T17:27:27+00:00\",\"mainEntityOfPage\":{\"@id\":\"https:\/\/www.latitude-15.com\/pt-br\/net-zero-vs-conectividade-o-principal-trade-off-da-aviacao-na-america-latina\/\"},\"wordCount\":1537,\"commentCount\":0,\"publisher\":{\"@id\":\"https:\/\/www.latitude-15.com\/pt-br\/#organization\"},\"image\":{\"@id\":\"https:\/\/www.latitude-15.com\/pt-br\/net-zero-vs-conectividade-o-principal-trade-off-da-aviacao-na-america-latina\/#primaryimage\"},\"thumbnailUrl\":\"https:\/\/www.latitude-15.com\/wp-content\/uploads\/2026\/04\/img6351017.png\",\"articleSection\":[\"AVIA\u00c7\u00c3O\",\"Sustentabilidade e transi\u00e7\u00e3o energ\u00e9tica\"],\"inLanguage\":\"pt-BR\",\"potentialAction\":[{\"@type\":\"CommentAction\",\"name\":\"Comment\",\"target\":[\"https:\/\/www.latitude-15.com\/pt-br\/net-zero-vs-conectividade-o-principal-trade-off-da-aviacao-na-america-latina\/#respond\"]}]},{\"@type\":\"WebPage\",\"@id\":\"https:\/\/www.latitude-15.com\/pt-br\/net-zero-vs-conectividade-o-principal-trade-off-da-aviacao-na-america-latina\/\",\"url\":\"https:\/\/www.latitude-15.com\/pt-br\/net-zero-vs-conectividade-o-principal-trade-off-da-aviacao-na-america-latina\/\",\"name\":\"Net Zero vs Conectividade: o principal trade-off da avia\u00e7\u00e3o na Am\u00e9rica Latina - LATITUDE 15\",\"isPartOf\":{\"@id\":\"https:\/\/www.latitude-15.com\/pt-br\/#website\"},\"primaryImageOfPage\":{\"@id\":\"https:\/\/www.latitude-15.com\/pt-br\/net-zero-vs-conectividade-o-principal-trade-off-da-aviacao-na-america-latina\/#primaryimage\"},\"image\":{\"@id\":\"https:\/\/www.latitude-15.com\/pt-br\/net-zero-vs-conectividade-o-principal-trade-off-da-aviacao-na-america-latina\/#primaryimage\"},\"thumbnailUrl\":\"https:\/\/www.latitude-15.com\/wp-content\/uploads\/2026\/04\/img6351017.png\",\"datePublished\":\"2026-04-28T13:40:00+00:00\",\"dateModified\":\"2026-04-28T17:27:27+00:00\",\"description\":\"A avia\u00e7\u00e3o latino-americana enfrenta um dilema de Net Zero: descarbonizar sem reduzir a conectividade. Um estudo da ALTA delineia um caminho \u00fanico.\",\"breadcrumb\":{\"@id\":\"https:\/\/www.latitude-15.com\/pt-br\/net-zero-vs-conectividade-o-principal-trade-off-da-aviacao-na-america-latina\/#breadcrumb\"},\"inLanguage\":\"pt-BR\",\"potentialAction\":[{\"@type\":\"ReadAction\",\"target\":[\"https:\/\/www.latitude-15.com\/pt-br\/net-zero-vs-conectividade-o-principal-trade-off-da-aviacao-na-america-latina\/\"]}]},{\"@type\":\"ImageObject\",\"inLanguage\":\"pt-BR\",\"@id\":\"https:\/\/www.latitude-15.com\/pt-br\/net-zero-vs-conectividade-o-principal-trade-off-da-aviacao-na-america-latina\/#primaryimage\",\"url\":\"https:\/\/www.latitude-15.com\/wp-content\/uploads\/2026\/04\/img6351017.png\",\"contentUrl\":\"https:\/\/www.latitude-15.com\/wp-content\/uploads\/2026\/04\/img6351017.png\",\"width\":1536,\"height\":1024},{\"@type\":\"BreadcrumbList\",\"@id\":\"https:\/\/www.latitude-15.com\/pt-br\/net-zero-vs-conectividade-o-principal-trade-off-da-aviacao-na-america-latina\/#breadcrumb\",\"itemListElement\":[{\"@type\":\"ListItem\",\"position\":1,\"name\":\"Home\",\"item\":\"https:\/\/www.latitude-15.com\/pt-br\/inicio\/\"},{\"@type\":\"ListItem\",\"position\":2,\"name\":\"Net Zero vs Conectividade: o principal trade-off da avia\u00e7\u00e3o na Am\u00e9rica Latina\"}]},{\"@type\":\"WebSite\",\"@id\":\"https:\/\/www.latitude-15.com\/pt-br\/#website\",\"url\":\"https:\/\/www.latitude-15.com\/pt-br\/\",\"name\":\"LATITUDE 15\",\"description\":\"Aviation and maritime Magazine - Caribbean &amp; Latin America\",\"publisher\":{\"@id\":\"https:\/\/www.latitude-15.com\/pt-br\/#organization\"},\"potentialAction\":[{\"@type\":\"SearchAction\",\"target\":{\"@type\":\"EntryPoint\",\"urlTemplate\":\"https:\/\/www.latitude-15.com\/pt-br\/?s={search_term_string}\"},\"query-input\":{\"@type\":\"PropertyValueSpecification\",\"valueRequired\":true,\"valueName\":\"search_term_string\"}}],\"inLanguage\":\"pt-BR\"},{\"@type\":\"Organization\",\"@id\":\"https:\/\/www.latitude-15.com\/pt-br\/#organization\",\"name\":\"LATITUDE 15\",\"url\":\"https:\/\/www.latitude-15.com\/pt-br\/\",\"logo\":{\"@type\":\"ImageObject\",\"inLanguage\":\"pt-BR\",\"@id\":\"https:\/\/www.latitude-15.com\/pt-br\/#\/schema\/logo\/image\/\",\"url\":\"https:\/\/www.latitude-15.com\/wp-content\/uploads\/2026\/01\/cropped-logox500px.png\",\"contentUrl\":\"https:\/\/www.latitude-15.com\/wp-content\/uploads\/2026\/01\/cropped-logox500px.png\",\"width\":62,\"height\":75,\"caption\":\"LATITUDE 15\"},\"image\":{\"@id\":\"https:\/\/www.latitude-15.com\/pt-br\/#\/schema\/logo\/image\/\"}},{\"@type\":\"Person\",\"@id\":\"https:\/\/www.latitude-15.com\/pt-br\/#\/schema\/person\/dac52e7ff44c78317f337da112e37252\",\"name\":\"Joda J\",\"image\":{\"@type\":\"ImageObject\",\"inLanguage\":\"pt-BR\",\"@id\":\"https:\/\/www.latitude-15.com\/pt-br\/#\/schema\/person\/image\/\",\"url\":\"https:\/\/secure.gravatar.com\/avatar\/6b1feae555e15404b76616f92d931d12b25ac58024f14ccb43d9d3c012e4c4cf?s=96&d=mm&r=g\",\"contentUrl\":\"https:\/\/secure.gravatar.com\/avatar\/6b1feae555e15404b76616f92d931d12b25ac58024f14ccb43d9d3c012e4c4cf?s=96&d=mm&r=g\",\"caption\":\"Joda J\"},\"url\":\"https:\/\/www.latitude-15.com\/pt-br\/author\/joda\/\"}]}<\/script>\n<!-- \/ Yoast SEO plugin. -->","yoast_head_json":{"title":"Net Zero vs Conectividade: o principal trade-off da avia\u00e7\u00e3o na Am\u00e9rica Latina - LATITUDE 15","description":"A avia\u00e7\u00e3o latino-americana enfrenta um dilema de Net Zero: descarbonizar sem reduzir a conectividade. Um estudo da ALTA delineia um caminho \u00fanico.","robots":{"index":"index","follow":"follow","max-snippet":"max-snippet:-1","max-image-preview":"max-image-preview:large","max-video-preview":"max-video-preview:-1"},"canonical":"https:\/\/www.latitude-15.com\/pt-br\/net-zero-vs-conectividade-o-principal-trade-off-da-aviacao-na-america-latina\/","og_locale":"pt_BR","og_type":"article","og_title":"Net Zero vs Conectividade: o principal trade-off da avia\u00e7\u00e3o na Am\u00e9rica Latina - LATITUDE 15","og_description":"A avia\u00e7\u00e3o latino-americana enfrenta um dilema de Net Zero: descarbonizar sem reduzir a conectividade. Um estudo da ALTA delineia um caminho \u00fanico.","og_url":"https:\/\/www.latitude-15.com\/pt-br\/net-zero-vs-conectividade-o-principal-trade-off-da-aviacao-na-america-latina\/","og_site_name":"LATITUDE 15","article_published_time":"2026-04-28T13:40:00+00:00","article_modified_time":"2026-04-28T17:27:27+00:00","og_image":[{"width":1024,"height":683,"url":"https:\/\/www.latitude-15.com\/wp-content\/uploads\/2026\/04\/img6351017-1024x683.png","type":"image\/png"}],"author":"Joda J","twitter_card":"summary_large_image","twitter_misc":{"Escrito por":"Joda J","Est. tempo de leitura":"8 minutos"},"schema":{"@context":"https:\/\/schema.org","@graph":[{"@type":"Article","@id":"https:\/\/www.latitude-15.com\/pt-br\/net-zero-vs-conectividade-o-principal-trade-off-da-aviacao-na-america-latina\/#article","isPartOf":{"@id":"https:\/\/www.latitude-15.com\/pt-br\/net-zero-vs-conectividade-o-principal-trade-off-da-aviacao-na-america-latina\/"},"author":{"name":"Joda J","@id":"https:\/\/www.latitude-15.com\/pt-br\/#\/schema\/person\/dac52e7ff44c78317f337da112e37252"},"headline":"Net Zero vs Conectividade: o principal trade-off da avia\u00e7\u00e3o na Am\u00e9rica Latina","datePublished":"2026-04-28T13:40:00+00:00","dateModified":"2026-04-28T17:27:27+00:00","mainEntityOfPage":{"@id":"https:\/\/www.latitude-15.com\/pt-br\/net-zero-vs-conectividade-o-principal-trade-off-da-aviacao-na-america-latina\/"},"wordCount":1537,"commentCount":0,"publisher":{"@id":"https:\/\/www.latitude-15.com\/pt-br\/#organization"},"image":{"@id":"https:\/\/www.latitude-15.com\/pt-br\/net-zero-vs-conectividade-o-principal-trade-off-da-aviacao-na-america-latina\/#primaryimage"},"thumbnailUrl":"https:\/\/www.latitude-15.com\/wp-content\/uploads\/2026\/04\/img6351017.png","articleSection":["AVIA\u00c7\u00c3O","Sustentabilidade e transi\u00e7\u00e3o energ\u00e9tica"],"inLanguage":"pt-BR","potentialAction":[{"@type":"CommentAction","name":"Comment","target":["https:\/\/www.latitude-15.com\/pt-br\/net-zero-vs-conectividade-o-principal-trade-off-da-aviacao-na-america-latina\/#respond"]}]},{"@type":"WebPage","@id":"https:\/\/www.latitude-15.com\/pt-br\/net-zero-vs-conectividade-o-principal-trade-off-da-aviacao-na-america-latina\/","url":"https:\/\/www.latitude-15.com\/pt-br\/net-zero-vs-conectividade-o-principal-trade-off-da-aviacao-na-america-latina\/","name":"Net Zero vs Conectividade: o principal trade-off da avia\u00e7\u00e3o na Am\u00e9rica Latina - LATITUDE 15","isPartOf":{"@id":"https:\/\/www.latitude-15.com\/pt-br\/#website"},"primaryImageOfPage":{"@id":"https:\/\/www.latitude-15.com\/pt-br\/net-zero-vs-conectividade-o-principal-trade-off-da-aviacao-na-america-latina\/#primaryimage"},"image":{"@id":"https:\/\/www.latitude-15.com\/pt-br\/net-zero-vs-conectividade-o-principal-trade-off-da-aviacao-na-america-latina\/#primaryimage"},"thumbnailUrl":"https:\/\/www.latitude-15.com\/wp-content\/uploads\/2026\/04\/img6351017.png","datePublished":"2026-04-28T13:40:00+00:00","dateModified":"2026-04-28T17:27:27+00:00","description":"A avia\u00e7\u00e3o latino-americana enfrenta um dilema de Net Zero: descarbonizar sem reduzir a conectividade. Um estudo da ALTA delineia um caminho \u00fanico.","breadcrumb":{"@id":"https:\/\/www.latitude-15.com\/pt-br\/net-zero-vs-conectividade-o-principal-trade-off-da-aviacao-na-america-latina\/#breadcrumb"},"inLanguage":"pt-BR","potentialAction":[{"@type":"ReadAction","target":["https:\/\/www.latitude-15.com\/pt-br\/net-zero-vs-conectividade-o-principal-trade-off-da-aviacao-na-america-latina\/"]}]},{"@type":"ImageObject","inLanguage":"pt-BR","@id":"https:\/\/www.latitude-15.com\/pt-br\/net-zero-vs-conectividade-o-principal-trade-off-da-aviacao-na-america-latina\/#primaryimage","url":"https:\/\/www.latitude-15.com\/wp-content\/uploads\/2026\/04\/img6351017.png","contentUrl":"https:\/\/www.latitude-15.com\/wp-content\/uploads\/2026\/04\/img6351017.png","width":1536,"height":1024},{"@type":"BreadcrumbList","@id":"https:\/\/www.latitude-15.com\/pt-br\/net-zero-vs-conectividade-o-principal-trade-off-da-aviacao-na-america-latina\/#breadcrumb","itemListElement":[{"@type":"ListItem","position":1,"name":"Home","item":"https:\/\/www.latitude-15.com\/pt-br\/inicio\/"},{"@type":"ListItem","position":2,"name":"Net Zero vs Conectividade: o principal trade-off da avia\u00e7\u00e3o na Am\u00e9rica Latina"}]},{"@type":"WebSite","@id":"https:\/\/www.latitude-15.com\/pt-br\/#website","url":"https:\/\/www.latitude-15.com\/pt-br\/","name":"LATITUDE 15","description":"Aviation and maritime Magazine - Caribbean &amp; Latin America","publisher":{"@id":"https:\/\/www.latitude-15.com\/pt-br\/#organization"},"potentialAction":[{"@type":"SearchAction","target":{"@type":"EntryPoint","urlTemplate":"https:\/\/www.latitude-15.com\/pt-br\/?s={search_term_string}"},"query-input":{"@type":"PropertyValueSpecification","valueRequired":true,"valueName":"search_term_string"}}],"inLanguage":"pt-BR"},{"@type":"Organization","@id":"https:\/\/www.latitude-15.com\/pt-br\/#organization","name":"LATITUDE 15","url":"https:\/\/www.latitude-15.com\/pt-br\/","logo":{"@type":"ImageObject","inLanguage":"pt-BR","@id":"https:\/\/www.latitude-15.com\/pt-br\/#\/schema\/logo\/image\/","url":"https:\/\/www.latitude-15.com\/wp-content\/uploads\/2026\/01\/cropped-logox500px.png","contentUrl":"https:\/\/www.latitude-15.com\/wp-content\/uploads\/2026\/01\/cropped-logox500px.png","width":62,"height":75,"caption":"LATITUDE 15"},"image":{"@id":"https:\/\/www.latitude-15.com\/pt-br\/#\/schema\/logo\/image\/"}},{"@type":"Person","@id":"https:\/\/www.latitude-15.com\/pt-br\/#\/schema\/person\/dac52e7ff44c78317f337da112e37252","name":"Joda J","image":{"@type":"ImageObject","inLanguage":"pt-BR","@id":"https:\/\/www.latitude-15.com\/pt-br\/#\/schema\/person\/image\/","url":"https:\/\/secure.gravatar.com\/avatar\/6b1feae555e15404b76616f92d931d12b25ac58024f14ccb43d9d3c012e4c4cf?s=96&d=mm&r=g","contentUrl":"https:\/\/secure.gravatar.com\/avatar\/6b1feae555e15404b76616f92d931d12b25ac58024f14ccb43d9d3c012e4c4cf?s=96&d=mm&r=g","caption":"Joda J"},"url":"https:\/\/www.latitude-15.com\/pt-br\/author\/joda\/"}]}},"_links":{"self":[{"href":"https:\/\/www.latitude-15.com\/pt-br\/wp-json\/wp\/v2\/posts\/23232","targetHints":{"allow":["GET"]}}],"collection":[{"href":"https:\/\/www.latitude-15.com\/pt-br\/wp-json\/wp\/v2\/posts"}],"about":[{"href":"https:\/\/www.latitude-15.com\/pt-br\/wp-json\/wp\/v2\/types\/post"}],"author":[{"embeddable":true,"href":"https:\/\/www.latitude-15.com\/pt-br\/wp-json\/wp\/v2\/users\/5"}],"replies":[{"embeddable":true,"href":"https:\/\/www.latitude-15.com\/pt-br\/wp-json\/wp\/v2\/comments?post=23232"}],"version-history":[{"count":1,"href":"https:\/\/www.latitude-15.com\/pt-br\/wp-json\/wp\/v2\/posts\/23232\/revisions"}],"predecessor-version":[{"id":23233,"href":"https:\/\/www.latitude-15.com\/pt-br\/wp-json\/wp\/v2\/posts\/23232\/revisions\/23233"}],"wp:featuredmedia":[{"embeddable":true,"href":"https:\/\/www.latitude-15.com\/pt-br\/wp-json\/wp\/v2\/media\/23231"}],"wp:attachment":[{"href":"https:\/\/www.latitude-15.com\/pt-br\/wp-json\/wp\/v2\/media?parent=23232"}],"wp:term":[{"taxonomy":"category","embeddable":true,"href":"https:\/\/www.latitude-15.com\/pt-br\/wp-json\/wp\/v2\/categories?post=23232"},{"taxonomy":"post_tag","embeddable":true,"href":"https:\/\/www.latitude-15.com\/pt-br\/wp-json\/wp\/v2\/tags?post=23232"}],"curies":[{"name":"wp","href":"https:\/\/api.w.org\/{rel}","templated":true}]}}