{"id":23211,"date":"2026-04-27T11:16:29","date_gmt":"2026-04-27T15:16:29","guid":{"rendered":"https:\/\/www.latitude-15.com\/webinar-lac-efti4all-como-as-ineficiencias-logisticas-estao-moldando-a-competitividade-industrial-em-toda-a-regiao\/"},"modified":"2026-04-27T15:04:16","modified_gmt":"2026-04-27T19:04:16","slug":"webinar-lac-efti4all-como-as-ineficiencias-logisticas-estao-moldando-a-competitividade-industrial-em-toda-a-regiao","status":"publish","type":"post","link":"https:\/\/www.latitude-15.com\/pt-br\/webinar-lac-efti4all-como-as-ineficiencias-logisticas-estao-moldando-a-competitividade-industrial-em-toda-a-regiao\/","title":{"rendered":"Webinar LAC eFTI4ALL: Como as inefici\u00eancias log\u00edsticas est\u00e3o moldando a competitividade industrial em toda a regi\u00e3o"},"content":{"rendered":"\n<p>Em toda a Am\u00e9rica Latina e o Caribe (ALC), a atividade industrial permanece estreitamente vinculada ao desempenho dos sistemas log\u00edsticos. Para muitas empresas, as cadeias de suprimentos dependem fortemente de importa\u00e7\u00f5es, expondo as opera\u00e7\u00f5es a atrasos, incertezas e custos flutuantes. <\/p>\n\n<p><a href=\"https:\/\/www.latitude-15.com\/pt-br\/frete-digital-e-integracao-regional-o-que-o-webinar-lac-efti4all-sugere-para-o-panorama-logistico-regional\/\">As discuss\u00f5es durante o webinar LAC eFTI4ALL<\/a> destacaram como essas restri\u00e7\u00f5es v\u00e3o al\u00e9m dos desafios operacionais. Elas apontam para uma quest\u00e3o mais ampla: a capacidade dos sistemas log\u00edsticos de apoiar\u2014ou limitar\u2014a competitividade industrial na regi\u00e3o. Nesse contexto, melhorar a forma como as mercadorias se movimentam n\u00e3o \u00e9 apenas uma quest\u00e3o de efici\u00eancia, mas tamb\u00e9m de desempenho econ\u00f4mico.  <\/p>\n\n<p>Isso levanta uma quest\u00e3o fundamental: como os sistemas log\u00edsticos influenciam a competitividade das ind\u00fastrias em toda a regi\u00e3o?<\/p>\n\n<h2 class=\"wp-block-heading\">Cadeias de suprimentos sob press\u00e3o<\/h2>\n\n<p>Um dos temas recorrentes nas discuss\u00f5es \u00e9 o n\u00edvel de press\u00e3o enfrentado pelas cadeias de suprimentos na regi\u00e3o.<\/p>\n\n<p><strong>Serge Letchimy<\/strong> apontou para uma depend\u00eancia estrutural de mercados externos, observando que os territ\u00f3rios caribenhos <strong>\u201cimportam muito\u201d,<\/strong> enquanto os fluxos de exporta\u00e7\u00e3o permanecem limitados. Esse desequil\u00edbrio cria cadeias de suprimentos altamente expostas a interrup\u00e7\u00f5es e restri\u00e7\u00f5es externas. <\/p>\n\n<p>Para as empresas que operam nesse ambiente, a log\u00edstica torna-se uma fonte de incerteza. Os prazos de entrega podem variar, os fluxos de suprimentos nem sempre s\u00e3o previs\u00edveis e a coordena\u00e7\u00e3o entre os atores permanece complexa. Como resultado, as empresas frequentemente operam com controle limitado sobre suas pr\u00f3prias cadeias de suprimentos, afetando tanto o planejamento quanto a capacidade de resposta.  <\/p>\n\n<p>Essas restri\u00e7\u00f5es sugerem que o desempenho log\u00edstico n\u00e3o \u00e9 apenas uma quest\u00e3o operacional, mas um componente estrutural da atividade industrial.<\/p>\n\n<h2 class=\"wp-block-heading\">O custo da inefici\u00eancia<\/h2>\n\n<p>Al\u00e9m da incerteza, as inefici\u00eancias log\u00edsticas se traduzem diretamente em custos para as empresas.<\/p>\n\n<p><strong>Charles Larcher<\/strong> enfatizou que a visibilidade limitada nas cadeias de suprimentos obriga as empresas a se adaptarem aumentando os n\u00edveis de estoque. Sem informa\u00e7\u00f5es confi\u00e1veis sobre a movimenta\u00e7\u00e3o de mercadorias, as empresas tendem a manter estoques de seguran\u00e7a para garantir a produ\u00e7\u00e3o e a distribui\u00e7\u00e3o. <\/p>\n\n<p>Embora essa abordagem reduza o risco, ela tamb\u00e9m imobiliza capital e reduz a flexibilidade operacional. Custos de armazenamento mais elevados, prazos de entrega mais longos e aloca\u00e7\u00e3o ineficiente de recursos podem afetar a lucratividade. <\/p>\n\n<p>Nesse contexto, as inefici\u00eancias log\u00edsticas atuam como um custo oculto nas opera\u00e7\u00f5es industriais. Elas podem n\u00e3o ser sempre vis\u00edveis isoladamente, mas seu impacto cumulativo pode influenciar significativamente a competitividade. <\/p>\n\n<h2 class=\"wp-block-heading\">Visibilidade como fator competitivo<\/h2>\n\n<p>Em contrapartida, melhorar a visibilidade nas cadeias de suprimentos aparece como uma alavanca fundamental para aprimorar o desempenho.<\/p>\n\n<p>Larcher ressaltou a import\u00e2ncia do rastreamento em tempo real, afirmando que as empresas precisam de <strong>\u201cvisibilidade total sobre o fluxo de mercadorias em tempo real\u201d<\/strong> para gerenciar as opera\u00e7\u00f5es de forma eficaz. O acesso a informa\u00e7\u00f5es oportunas e confi\u00e1veis permite que as empresas antecipem interrup\u00e7\u00f5es, ajustem cronogramas de produ\u00e7\u00e3o e otimizem os n\u00edveis de estoque. <\/p>\n\n<p><strong>Sandra Casanova<\/strong> tamb\u00e9m destacou o papel dos dados na viabiliza\u00e7\u00e3o de uma melhor coordena\u00e7\u00e3o, observando que os sistemas atuais ainda enfrentam dificuldades com a circula\u00e7\u00e3o de informa\u00e7\u00f5es. Em ambientes fragmentados, a visibilidade limitada restringe a capacidade das empresas de tomar decis\u00f5es informadas. <\/p>\n\n<p>Essas observa\u00e7\u00f5es sugerem que a visibilidade n\u00e3o \u00e9 apenas uma melhoria t\u00e9cnica\u2014ela pode se tornar uma vantagem competitiva em si.<\/p>\n\n<figure class=\"wp-block-image aligncenter size-full\"><img fetchpriority=\"high\" decoding=\"async\" width=\"629\" height=\"358\" src=\"https:\/\/www.latitude-15.com\/wp-content\/uploads\/2026\/04\/img30.jpg\" alt=\"\" class=\"wp-image-23076\" srcset=\"https:\/\/www.latitude-15.com\/wp-content\/uploads\/2026\/04\/img30.jpg 629w, https:\/\/www.latitude-15.com\/wp-content\/uploads\/2026\/04\/img30-300x171.jpg 300w\" sizes=\"(max-width: 629px) 100vw, 629px\" \/><\/figure>\n\n<h2 class=\"wp-block-heading\">Frete digital como alavanca operacional<\/h2>\n\n<p>Dentro desse contexto, iniciativas de frete digital como o eFTI foram discutidas como ferramentas potenciais para melhorar o desempenho operacional.<\/p>\n\n<p>Ao facilitar a troca de dados padronizados, esses sistemas visam simplificar os processos administrativos e melhorar o acesso \u00e0 informa\u00e7\u00e3o. <em>Sandra Casanova<\/em> descreveu o eFTI como um facilitador de <strong>\u201ctrocas seguras entre operadores e autoridades p\u00fablicas\u201d,<\/strong> o que poderia ajudar a agilizar as intera\u00e7\u00f5es em toda a cadeia de suprimentos.<\/p>\n\n<p>De uma perspectiva operacional, isso poderia reduzir a necessidade de manuseio repetitivo de documentos e limitar erros associados \u00e0 entrada manual de dados. <strong>Victor Dolcemascolo<\/strong> tamb\u00e9m apontou para a possibilidade de acessar dados de transporte em tempo real durante os controles, sugerindo procedimentos mais eficientes.<\/p>\n\n<p>Embora essas melhorias possam parecer incrementais, elas poderiam contribuir para cadeias de suprimentos mais previs\u00edveis e coordenadas ao longo do tempo.<\/p>\n\n<h2 class=\"wp-block-heading\">Do desempenho log\u00edstico \u00e0 atratividade econ\u00f4mica<\/h2>\n\n<p>Al\u00e9m das empresas individuais, o desempenho log\u00edstico tamb\u00e9m desempenha um papel na forma\u00e7\u00e3o da atratividade econ\u00f4mica da regi\u00e3o.<\/p>\n\n<p><strong>Serge Letchimy<\/strong> sugeriu que as estruturas log\u00edsticas atuais limitam a capacidade dos territ\u00f3rios de gerar e reter valor localmente. Quando as cadeias de suprimentos s\u00e3o ineficientes ou mal integradas, as ind\u00fastrias podem enfrentar custos mais elevados e competitividade reduzida em compara\u00e7\u00e3o com outras regi\u00f5es. <\/p>\n\n<p>Por outro lado, melhorar os sistemas log\u00edsticos poderia apoiar o desenvolvimento de ind\u00fastrias locais ao reduzir restri\u00e7\u00f5es e possibilitar um acesso mais eficiente ao mercado. Nesse sentido, a log\u00edstica n\u00e3o \u00e9 apenas uma fun\u00e7\u00e3o operacional\u2014ela se torna parte de um posicionamento econ\u00f4mico mais amplo. <\/p>\n\n<p>Essas din\u00e2micas indicam uma estreita liga\u00e7\u00e3o entre o desempenho log\u00edstico e a capacidade dos territ\u00f3rios de atrair e sustentar atividade industrial.<\/p>\n\n<h2 class=\"wp-block-heading\">Condi\u00e7\u00f5es para impacto real<\/h2>\n\n<p>Ao mesmo tempo, os benef\u00edcios potenciais dos marcos de frete digital permanecem condicionais.<\/p>\n\n<p>Sua efic\u00e1cia depende da ado\u00e7\u00e3o desses sistemas por uma ampla gama de partes interessadas, bem como da capacidade de garantir a interoperabilidade entre plataformas. Sem coordena\u00e7\u00e3o e padr\u00f5es compartilhados, as solu\u00e7\u00f5es digitais podem coexistir com os processos existentes em vez de transform\u00e1-los completamente. <\/p>\n\n<p>As discuss\u00f5es tamb\u00e9m sugerem que alinhar atores p\u00fablicos e privados ser\u00e1 essencial para desbloquear esses benef\u00edcios. Como em outras transforma\u00e7\u00f5es de grande escala, o progresso provavelmente ser\u00e1 gradual e desigual em toda a regi\u00e3o. <\/p>\n\n<figure class=\"wp-block-image aligncenter size-large\"><img decoding=\"async\" width=\"1024\" height=\"580\" data-src=\"https:\/\/www.latitude-15.com\/wp-content\/uploads\/2026\/04\/img13-1024x580.jpg\" alt=\"\" class=\"wp-image-23061 lazyload\" data-srcset=\"https:\/\/www.latitude-15.com\/wp-content\/uploads\/2026\/04\/img13-1024x580.jpg 1024w, https:\/\/www.latitude-15.com\/wp-content\/uploads\/2026\/04\/img13-300x170.jpg 300w, https:\/\/www.latitude-15.com\/wp-content\/uploads\/2026\/04\/img13-768x435.jpg 768w, https:\/\/www.latitude-15.com\/wp-content\/uploads\/2026\/04\/img13.jpg 1203w\" data-sizes=\"(max-width: 1024px) 100vw, 1024px\" src=\"data:image\/svg+xml;base64,PHN2ZyB3aWR0aD0iMSIgaGVpZ2h0PSIxIiB4bWxucz0iaHR0cDovL3d3dy53My5vcmcvMjAwMC9zdmciPjwvc3ZnPg==\" style=\"--smush-placeholder-width: 1024px; --smush-placeholder-aspect-ratio: 1024\/580;\" \/><\/figure>\n\n<h2 class=\"wp-block-heading\">Conclus\u00e3o \u2013 A competitividade permanece estreitamente vinculada ao desempenho log\u00edstico<\/h2>\n\n<p>As discuss\u00f5es do webinar LAC eFTI4ALL sugerem uma forte liga\u00e7\u00e3o entre o desempenho log\u00edstico e a competitividade industrial em toda a regi\u00e3o.<\/p>\n\n<p>Embora as inefici\u00eancias continuem a gerar custos e restri\u00e7\u00f5es para as empresas, melhorias na troca de dados e na coordena\u00e7\u00e3o poderiam ajudar a aprimorar o desempenho da cadeia de suprimentos. Ao mesmo tempo, essas mudan\u00e7as parecem depender de condi\u00e7\u00f5es mais amplas relacionadas \u00e0 ado\u00e7\u00e3o, padroniza\u00e7\u00e3o e colabora\u00e7\u00e3o. <\/p>\n\n<p>Nesse contexto, a log\u00edstica n\u00e3o apenas apoia a atividade industrial\u2014ela ajuda a moldar sua competitividade. A medida em que as iniciativas de frete digital podem influenciar essa din\u00e2mica provavelmente depender\u00e1 da efic\u00e1cia com que forem implementadas em todo o ecossistema log\u00edstico. <\/p>\n","protected":false},"excerpt":{"rendered":"<p>Em toda a Am\u00e9rica Latina e o Caribe (ALC), a atividade industrial permanece estreitamente vinculada ao desempenho dos sistemas log\u00edsticos. Para muitas empresas, as cadeias de suprimentos dependem fortemente de importa\u00e7\u00f5es, expondo as opera\u00e7\u00f5es a atrasos, incertezas e custos flutuantes. As discuss\u00f5es durante o webinar LAC eFTI4ALL destacaram como essas restri\u00e7\u00f5es v\u00e3o al\u00e9m dos desafios [&hellip;]<\/p>\n","protected":false},"author":5,"featured_media":23210,"comment_status":"open","ping_status":"closed","sticky":false,"template":"","format":"standard","meta":{"footnotes":""},"categories":[119,137],"tags":[],"class_list":["post-23211","post","type-post","status-publish","format-standard","has-post-thumbnail","hentry","category-maritimo","category-portos-e-logistica"],"yoast_head":"<!-- This site is optimized with the Yoast SEO plugin v26.9 - https:\/\/yoast.com\/product\/yoast-seo-wordpress\/ -->\n<title>Webinar LAC eFTI4ALL: Como as inefici\u00eancias log\u00edsticas est\u00e3o moldando a competitividade industrial em toda a regi\u00e3o - LATITUDE 15<\/title>\n<meta name=\"description\" content=\"Como as inefici\u00eancias log\u00edsticas, as restri\u00e7\u00f5es da cadeia de suprimentos e a visibilidade limitada est\u00e3o moldando a competitividade industrial na ALC.\" \/>\n<meta name=\"robots\" content=\"index, follow, max-snippet:-1, max-image-preview:large, max-video-preview:-1\" \/>\n<link rel=\"canonical\" href=\"https:\/\/www.latitude-15.com\/pt-br\/webinar-lac-efti4all-como-as-ineficiencias-logisticas-estao-moldando-a-competitividade-industrial-em-toda-a-regiao\/\" \/>\n<meta property=\"og:locale\" content=\"pt_BR\" \/>\n<meta property=\"og:type\" content=\"article\" \/>\n<meta property=\"og:title\" content=\"Webinar LAC eFTI4ALL: Como as inefici\u00eancias log\u00edsticas est\u00e3o moldando a competitividade industrial em toda a regi\u00e3o - LATITUDE 15\" \/>\n<meta property=\"og:description\" content=\"Como as inefici\u00eancias log\u00edsticas, as restri\u00e7\u00f5es da cadeia de suprimentos e a visibilidade limitada est\u00e3o moldando a competitividade industrial na ALC.\" \/>\n<meta property=\"og:url\" content=\"https:\/\/www.latitude-15.com\/pt-br\/webinar-lac-efti4all-como-as-ineficiencias-logisticas-estao-moldando-a-competitividade-industrial-em-toda-a-regiao\/\" \/>\n<meta property=\"og:site_name\" content=\"LATITUDE 15\" \/>\n<meta property=\"article:published_time\" content=\"2026-04-27T15:16:29+00:00\" \/>\n<meta property=\"article:modified_time\" content=\"2026-04-27T19:04:16+00:00\" \/>\n<meta property=\"og:image\" content=\"https:\/\/www.latitude-15.com\/wp-content\/uploads\/2026\/04\/IMAGE-DECLINAISON-3-EFTI4ALL-1024x576.png\" \/>\n\t<meta property=\"og:image:width\" content=\"1024\" \/>\n\t<meta property=\"og:image:height\" content=\"576\" \/>\n\t<meta property=\"og:image:type\" content=\"image\/png\" \/>\n<meta name=\"author\" content=\"Joda J\" \/>\n<meta name=\"twitter:card\" content=\"summary_large_image\" \/>\n<meta name=\"twitter:label1\" content=\"Escrito por\" \/>\n\t<meta name=\"twitter:data1\" content=\"Joda J\" \/>\n\t<meta name=\"twitter:label2\" content=\"Est. tempo de leitura\" \/>\n\t<meta name=\"twitter:data2\" content=\"6 minutos\" \/>\n<script type=\"application\/ld+json\" class=\"yoast-schema-graph\">{\"@context\":\"https:\/\/schema.org\",\"@graph\":[{\"@type\":\"Article\",\"@id\":\"https:\/\/www.latitude-15.com\/pt-br\/webinar-lac-efti4all-como-as-ineficiencias-logisticas-estao-moldando-a-competitividade-industrial-em-toda-a-regiao\/#article\",\"isPartOf\":{\"@id\":\"https:\/\/www.latitude-15.com\/pt-br\/webinar-lac-efti4all-como-as-ineficiencias-logisticas-estao-moldando-a-competitividade-industrial-em-toda-a-regiao\/\"},\"author\":{\"name\":\"Joda J\",\"@id\":\"https:\/\/www.latitude-15.com\/pt-br\/#\/schema\/person\/dac52e7ff44c78317f337da112e37252\"},\"headline\":\"Webinar LAC eFTI4ALL: Como as inefici\u00eancias log\u00edsticas est\u00e3o moldando a competitividade industrial em toda a regi\u00e3o\",\"datePublished\":\"2026-04-27T15:16:29+00:00\",\"dateModified\":\"2026-04-27T19:04:16+00:00\",\"mainEntityOfPage\":{\"@id\":\"https:\/\/www.latitude-15.com\/pt-br\/webinar-lac-efti4all-como-as-ineficiencias-logisticas-estao-moldando-a-competitividade-industrial-em-toda-a-regiao\/\"},\"wordCount\":1163,\"commentCount\":0,\"publisher\":{\"@id\":\"https:\/\/www.latitude-15.com\/pt-br\/#organization\"},\"image\":{\"@id\":\"https:\/\/www.latitude-15.com\/pt-br\/webinar-lac-efti4all-como-as-ineficiencias-logisticas-estao-moldando-a-competitividade-industrial-em-toda-a-regiao\/#primaryimage\"},\"thumbnailUrl\":\"https:\/\/www.latitude-15.com\/wp-content\/uploads\/2026\/04\/IMAGE-DECLINAISON-3-EFTI4ALL.png\",\"articleSection\":[\"MAR\u00cdTIMO\",\"Portos e log\u00edstica\"],\"inLanguage\":\"pt-BR\",\"potentialAction\":[{\"@type\":\"CommentAction\",\"name\":\"Comment\",\"target\":[\"https:\/\/www.latitude-15.com\/pt-br\/webinar-lac-efti4all-como-as-ineficiencias-logisticas-estao-moldando-a-competitividade-industrial-em-toda-a-regiao\/#respond\"]}]},{\"@type\":\"WebPage\",\"@id\":\"https:\/\/www.latitude-15.com\/pt-br\/webinar-lac-efti4all-como-as-ineficiencias-logisticas-estao-moldando-a-competitividade-industrial-em-toda-a-regiao\/\",\"url\":\"https:\/\/www.latitude-15.com\/pt-br\/webinar-lac-efti4all-como-as-ineficiencias-logisticas-estao-moldando-a-competitividade-industrial-em-toda-a-regiao\/\",\"name\":\"Webinar LAC eFTI4ALL: Como as inefici\u00eancias log\u00edsticas est\u00e3o moldando a competitividade industrial em toda a regi\u00e3o - LATITUDE 15\",\"isPartOf\":{\"@id\":\"https:\/\/www.latitude-15.com\/pt-br\/#website\"},\"primaryImageOfPage\":{\"@id\":\"https:\/\/www.latitude-15.com\/pt-br\/webinar-lac-efti4all-como-as-ineficiencias-logisticas-estao-moldando-a-competitividade-industrial-em-toda-a-regiao\/#primaryimage\"},\"image\":{\"@id\":\"https:\/\/www.latitude-15.com\/pt-br\/webinar-lac-efti4all-como-as-ineficiencias-logisticas-estao-moldando-a-competitividade-industrial-em-toda-a-regiao\/#primaryimage\"},\"thumbnailUrl\":\"https:\/\/www.latitude-15.com\/wp-content\/uploads\/2026\/04\/IMAGE-DECLINAISON-3-EFTI4ALL.png\",\"datePublished\":\"2026-04-27T15:16:29+00:00\",\"dateModified\":\"2026-04-27T19:04:16+00:00\",\"description\":\"Como as inefici\u00eancias log\u00edsticas, as restri\u00e7\u00f5es da cadeia de suprimentos e a visibilidade limitada est\u00e3o moldando a competitividade industrial na ALC.\",\"breadcrumb\":{\"@id\":\"https:\/\/www.latitude-15.com\/pt-br\/webinar-lac-efti4all-como-as-ineficiencias-logisticas-estao-moldando-a-competitividade-industrial-em-toda-a-regiao\/#breadcrumb\"},\"inLanguage\":\"pt-BR\",\"potentialAction\":[{\"@type\":\"ReadAction\",\"target\":[\"https:\/\/www.latitude-15.com\/pt-br\/webinar-lac-efti4all-como-as-ineficiencias-logisticas-estao-moldando-a-competitividade-industrial-em-toda-a-regiao\/\"]}]},{\"@type\":\"ImageObject\",\"inLanguage\":\"pt-BR\",\"@id\":\"https:\/\/www.latitude-15.com\/pt-br\/webinar-lac-efti4all-como-as-ineficiencias-logisticas-estao-moldando-a-competitividade-industrial-em-toda-a-regiao\/#primaryimage\",\"url\":\"https:\/\/www.latitude-15.com\/wp-content\/uploads\/2026\/04\/IMAGE-DECLINAISON-3-EFTI4ALL.png\",\"contentUrl\":\"https:\/\/www.latitude-15.com\/wp-content\/uploads\/2026\/04\/IMAGE-DECLINAISON-3-EFTI4ALL.png\",\"width\":1672,\"height\":941},{\"@type\":\"BreadcrumbList\",\"@id\":\"https:\/\/www.latitude-15.com\/pt-br\/webinar-lac-efti4all-como-as-ineficiencias-logisticas-estao-moldando-a-competitividade-industrial-em-toda-a-regiao\/#breadcrumb\",\"itemListElement\":[{\"@type\":\"ListItem\",\"position\":1,\"name\":\"Home\",\"item\":\"https:\/\/www.latitude-15.com\/pt-br\/inicio\/\"},{\"@type\":\"ListItem\",\"position\":2,\"name\":\"Webinar LAC eFTI4ALL: Como as inefici\u00eancias log\u00edsticas est\u00e3o moldando a competitividade industrial em toda a regi\u00e3o\"}]},{\"@type\":\"WebSite\",\"@id\":\"https:\/\/www.latitude-15.com\/pt-br\/#website\",\"url\":\"https:\/\/www.latitude-15.com\/pt-br\/\",\"name\":\"LATITUDE 15\",\"description\":\"Aviation and maritime Magazine - Caribbean &amp; Latin America\",\"publisher\":{\"@id\":\"https:\/\/www.latitude-15.com\/pt-br\/#organization\"},\"potentialAction\":[{\"@type\":\"SearchAction\",\"target\":{\"@type\":\"EntryPoint\",\"urlTemplate\":\"https:\/\/www.latitude-15.com\/pt-br\/?s={search_term_string}\"},\"query-input\":{\"@type\":\"PropertyValueSpecification\",\"valueRequired\":true,\"valueName\":\"search_term_string\"}}],\"inLanguage\":\"pt-BR\"},{\"@type\":\"Organization\",\"@id\":\"https:\/\/www.latitude-15.com\/pt-br\/#organization\",\"name\":\"LATITUDE 15\",\"url\":\"https:\/\/www.latitude-15.com\/pt-br\/\",\"logo\":{\"@type\":\"ImageObject\",\"inLanguage\":\"pt-BR\",\"@id\":\"https:\/\/www.latitude-15.com\/pt-br\/#\/schema\/logo\/image\/\",\"url\":\"https:\/\/www.latitude-15.com\/wp-content\/uploads\/2026\/01\/cropped-logox500px.png\",\"contentUrl\":\"https:\/\/www.latitude-15.com\/wp-content\/uploads\/2026\/01\/cropped-logox500px.png\",\"width\":62,\"height\":75,\"caption\":\"LATITUDE 15\"},\"image\":{\"@id\":\"https:\/\/www.latitude-15.com\/pt-br\/#\/schema\/logo\/image\/\"}},{\"@type\":\"Person\",\"@id\":\"https:\/\/www.latitude-15.com\/pt-br\/#\/schema\/person\/dac52e7ff44c78317f337da112e37252\",\"name\":\"Joda J\",\"image\":{\"@type\":\"ImageObject\",\"inLanguage\":\"pt-BR\",\"@id\":\"https:\/\/www.latitude-15.com\/pt-br\/#\/schema\/person\/image\/\",\"url\":\"https:\/\/secure.gravatar.com\/avatar\/6b1feae555e15404b76616f92d931d12b25ac58024f14ccb43d9d3c012e4c4cf?s=96&d=mm&r=g\",\"contentUrl\":\"https:\/\/secure.gravatar.com\/avatar\/6b1feae555e15404b76616f92d931d12b25ac58024f14ccb43d9d3c012e4c4cf?s=96&d=mm&r=g\",\"caption\":\"Joda J\"},\"url\":\"https:\/\/www.latitude-15.com\/pt-br\/author\/joda\/\"}]}<\/script>\n<!-- \/ Yoast SEO plugin. -->","yoast_head_json":{"title":"Webinar LAC eFTI4ALL: Como as inefici\u00eancias log\u00edsticas est\u00e3o moldando a competitividade industrial em toda a regi\u00e3o - LATITUDE 15","description":"Como as inefici\u00eancias log\u00edsticas, as restri\u00e7\u00f5es da cadeia de suprimentos e a visibilidade limitada est\u00e3o moldando a competitividade industrial na ALC.","robots":{"index":"index","follow":"follow","max-snippet":"max-snippet:-1","max-image-preview":"max-image-preview:large","max-video-preview":"max-video-preview:-1"},"canonical":"https:\/\/www.latitude-15.com\/pt-br\/webinar-lac-efti4all-como-as-ineficiencias-logisticas-estao-moldando-a-competitividade-industrial-em-toda-a-regiao\/","og_locale":"pt_BR","og_type":"article","og_title":"Webinar LAC eFTI4ALL: Como as inefici\u00eancias log\u00edsticas est\u00e3o moldando a competitividade industrial em toda a regi\u00e3o - LATITUDE 15","og_description":"Como as inefici\u00eancias log\u00edsticas, as restri\u00e7\u00f5es da cadeia de suprimentos e a visibilidade limitada est\u00e3o moldando a competitividade industrial na ALC.","og_url":"https:\/\/www.latitude-15.com\/pt-br\/webinar-lac-efti4all-como-as-ineficiencias-logisticas-estao-moldando-a-competitividade-industrial-em-toda-a-regiao\/","og_site_name":"LATITUDE 15","article_published_time":"2026-04-27T15:16:29+00:00","article_modified_time":"2026-04-27T19:04:16+00:00","og_image":[{"width":1024,"height":576,"url":"https:\/\/www.latitude-15.com\/wp-content\/uploads\/2026\/04\/IMAGE-DECLINAISON-3-EFTI4ALL-1024x576.png","type":"image\/png"}],"author":"Joda J","twitter_card":"summary_large_image","twitter_misc":{"Escrito por":"Joda J","Est. tempo de leitura":"6 minutos"},"schema":{"@context":"https:\/\/schema.org","@graph":[{"@type":"Article","@id":"https:\/\/www.latitude-15.com\/pt-br\/webinar-lac-efti4all-como-as-ineficiencias-logisticas-estao-moldando-a-competitividade-industrial-em-toda-a-regiao\/#article","isPartOf":{"@id":"https:\/\/www.latitude-15.com\/pt-br\/webinar-lac-efti4all-como-as-ineficiencias-logisticas-estao-moldando-a-competitividade-industrial-em-toda-a-regiao\/"},"author":{"name":"Joda J","@id":"https:\/\/www.latitude-15.com\/pt-br\/#\/schema\/person\/dac52e7ff44c78317f337da112e37252"},"headline":"Webinar LAC eFTI4ALL: Como as inefici\u00eancias log\u00edsticas est\u00e3o moldando a competitividade industrial em toda a regi\u00e3o","datePublished":"2026-04-27T15:16:29+00:00","dateModified":"2026-04-27T19:04:16+00:00","mainEntityOfPage":{"@id":"https:\/\/www.latitude-15.com\/pt-br\/webinar-lac-efti4all-como-as-ineficiencias-logisticas-estao-moldando-a-competitividade-industrial-em-toda-a-regiao\/"},"wordCount":1163,"commentCount":0,"publisher":{"@id":"https:\/\/www.latitude-15.com\/pt-br\/#organization"},"image":{"@id":"https:\/\/www.latitude-15.com\/pt-br\/webinar-lac-efti4all-como-as-ineficiencias-logisticas-estao-moldando-a-competitividade-industrial-em-toda-a-regiao\/#primaryimage"},"thumbnailUrl":"https:\/\/www.latitude-15.com\/wp-content\/uploads\/2026\/04\/IMAGE-DECLINAISON-3-EFTI4ALL.png","articleSection":["MAR\u00cdTIMO","Portos e log\u00edstica"],"inLanguage":"pt-BR","potentialAction":[{"@type":"CommentAction","name":"Comment","target":["https:\/\/www.latitude-15.com\/pt-br\/webinar-lac-efti4all-como-as-ineficiencias-logisticas-estao-moldando-a-competitividade-industrial-em-toda-a-regiao\/#respond"]}]},{"@type":"WebPage","@id":"https:\/\/www.latitude-15.com\/pt-br\/webinar-lac-efti4all-como-as-ineficiencias-logisticas-estao-moldando-a-competitividade-industrial-em-toda-a-regiao\/","url":"https:\/\/www.latitude-15.com\/pt-br\/webinar-lac-efti4all-como-as-ineficiencias-logisticas-estao-moldando-a-competitividade-industrial-em-toda-a-regiao\/","name":"Webinar LAC eFTI4ALL: Como as inefici\u00eancias log\u00edsticas est\u00e3o moldando a competitividade industrial em toda a regi\u00e3o - LATITUDE 15","isPartOf":{"@id":"https:\/\/www.latitude-15.com\/pt-br\/#website"},"primaryImageOfPage":{"@id":"https:\/\/www.latitude-15.com\/pt-br\/webinar-lac-efti4all-como-as-ineficiencias-logisticas-estao-moldando-a-competitividade-industrial-em-toda-a-regiao\/#primaryimage"},"image":{"@id":"https:\/\/www.latitude-15.com\/pt-br\/webinar-lac-efti4all-como-as-ineficiencias-logisticas-estao-moldando-a-competitividade-industrial-em-toda-a-regiao\/#primaryimage"},"thumbnailUrl":"https:\/\/www.latitude-15.com\/wp-content\/uploads\/2026\/04\/IMAGE-DECLINAISON-3-EFTI4ALL.png","datePublished":"2026-04-27T15:16:29+00:00","dateModified":"2026-04-27T19:04:16+00:00","description":"Como as inefici\u00eancias log\u00edsticas, as restri\u00e7\u00f5es da cadeia de suprimentos e a visibilidade limitada est\u00e3o moldando a competitividade industrial na ALC.","breadcrumb":{"@id":"https:\/\/www.latitude-15.com\/pt-br\/webinar-lac-efti4all-como-as-ineficiencias-logisticas-estao-moldando-a-competitividade-industrial-em-toda-a-regiao\/#breadcrumb"},"inLanguage":"pt-BR","potentialAction":[{"@type":"ReadAction","target":["https:\/\/www.latitude-15.com\/pt-br\/webinar-lac-efti4all-como-as-ineficiencias-logisticas-estao-moldando-a-competitividade-industrial-em-toda-a-regiao\/"]}]},{"@type":"ImageObject","inLanguage":"pt-BR","@id":"https:\/\/www.latitude-15.com\/pt-br\/webinar-lac-efti4all-como-as-ineficiencias-logisticas-estao-moldando-a-competitividade-industrial-em-toda-a-regiao\/#primaryimage","url":"https:\/\/www.latitude-15.com\/wp-content\/uploads\/2026\/04\/IMAGE-DECLINAISON-3-EFTI4ALL.png","contentUrl":"https:\/\/www.latitude-15.com\/wp-content\/uploads\/2026\/04\/IMAGE-DECLINAISON-3-EFTI4ALL.png","width":1672,"height":941},{"@type":"BreadcrumbList","@id":"https:\/\/www.latitude-15.com\/pt-br\/webinar-lac-efti4all-como-as-ineficiencias-logisticas-estao-moldando-a-competitividade-industrial-em-toda-a-regiao\/#breadcrumb","itemListElement":[{"@type":"ListItem","position":1,"name":"Home","item":"https:\/\/www.latitude-15.com\/pt-br\/inicio\/"},{"@type":"ListItem","position":2,"name":"Webinar LAC eFTI4ALL: Como as inefici\u00eancias log\u00edsticas est\u00e3o moldando a competitividade industrial em toda a regi\u00e3o"}]},{"@type":"WebSite","@id":"https:\/\/www.latitude-15.com\/pt-br\/#website","url":"https:\/\/www.latitude-15.com\/pt-br\/","name":"LATITUDE 15","description":"Aviation and maritime Magazine - Caribbean &amp; Latin America","publisher":{"@id":"https:\/\/www.latitude-15.com\/pt-br\/#organization"},"potentialAction":[{"@type":"SearchAction","target":{"@type":"EntryPoint","urlTemplate":"https:\/\/www.latitude-15.com\/pt-br\/?s={search_term_string}"},"query-input":{"@type":"PropertyValueSpecification","valueRequired":true,"valueName":"search_term_string"}}],"inLanguage":"pt-BR"},{"@type":"Organization","@id":"https:\/\/www.latitude-15.com\/pt-br\/#organization","name":"LATITUDE 15","url":"https:\/\/www.latitude-15.com\/pt-br\/","logo":{"@type":"ImageObject","inLanguage":"pt-BR","@id":"https:\/\/www.latitude-15.com\/pt-br\/#\/schema\/logo\/image\/","url":"https:\/\/www.latitude-15.com\/wp-content\/uploads\/2026\/01\/cropped-logox500px.png","contentUrl":"https:\/\/www.latitude-15.com\/wp-content\/uploads\/2026\/01\/cropped-logox500px.png","width":62,"height":75,"caption":"LATITUDE 15"},"image":{"@id":"https:\/\/www.latitude-15.com\/pt-br\/#\/schema\/logo\/image\/"}},{"@type":"Person","@id":"https:\/\/www.latitude-15.com\/pt-br\/#\/schema\/person\/dac52e7ff44c78317f337da112e37252","name":"Joda J","image":{"@type":"ImageObject","inLanguage":"pt-BR","@id":"https:\/\/www.latitude-15.com\/pt-br\/#\/schema\/person\/image\/","url":"https:\/\/secure.gravatar.com\/avatar\/6b1feae555e15404b76616f92d931d12b25ac58024f14ccb43d9d3c012e4c4cf?s=96&d=mm&r=g","contentUrl":"https:\/\/secure.gravatar.com\/avatar\/6b1feae555e15404b76616f92d931d12b25ac58024f14ccb43d9d3c012e4c4cf?s=96&d=mm&r=g","caption":"Joda J"},"url":"https:\/\/www.latitude-15.com\/pt-br\/author\/joda\/"}]}},"_links":{"self":[{"href":"https:\/\/www.latitude-15.com\/pt-br\/wp-json\/wp\/v2\/posts\/23211","targetHints":{"allow":["GET"]}}],"collection":[{"href":"https:\/\/www.latitude-15.com\/pt-br\/wp-json\/wp\/v2\/posts"}],"about":[{"href":"https:\/\/www.latitude-15.com\/pt-br\/wp-json\/wp\/v2\/types\/post"}],"author":[{"embeddable":true,"href":"https:\/\/www.latitude-15.com\/pt-br\/wp-json\/wp\/v2\/users\/5"}],"replies":[{"embeddable":true,"href":"https:\/\/www.latitude-15.com\/pt-br\/wp-json\/wp\/v2\/comments?post=23211"}],"version-history":[{"count":1,"href":"https:\/\/www.latitude-15.com\/pt-br\/wp-json\/wp\/v2\/posts\/23211\/revisions"}],"predecessor-version":[{"id":23212,"href":"https:\/\/www.latitude-15.com\/pt-br\/wp-json\/wp\/v2\/posts\/23211\/revisions\/23212"}],"wp:featuredmedia":[{"embeddable":true,"href":"https:\/\/www.latitude-15.com\/pt-br\/wp-json\/wp\/v2\/media\/23210"}],"wp:attachment":[{"href":"https:\/\/www.latitude-15.com\/pt-br\/wp-json\/wp\/v2\/media?parent=23211"}],"wp:term":[{"taxonomy":"category","embeddable":true,"href":"https:\/\/www.latitude-15.com\/pt-br\/wp-json\/wp\/v2\/categories?post=23211"},{"taxonomy":"post_tag","embeddable":true,"href":"https:\/\/www.latitude-15.com\/pt-br\/wp-json\/wp\/v2\/tags?post=23211"}],"curies":[{"name":"wp","href":"https:\/\/api.w.org\/{rel}","templated":true}]}}