{"id":23150,"date":"2026-04-24T12:22:46","date_gmt":"2026-04-24T16:22:46","guid":{"rendered":"https:\/\/www.latitude-15.com\/do-papel-aos-dados-o-que-as-estruturas-de-frete-digital-podem-mudar-nas-operacoes-logisticas\/"},"modified":"2026-04-24T14:32:29","modified_gmt":"2026-04-24T18:32:29","slug":"do-papel-aos-dados-o-que-as-estruturas-de-frete-digital-podem-mudar-nas-operacoes-logisticas","status":"publish","type":"post","link":"https:\/\/www.latitude-15.com\/pt-br\/do-papel-aos-dados-o-que-as-estruturas-de-frete-digital-podem-mudar-nas-operacoes-logisticas\/","title":{"rendered":"Do papel aos dados: o que as estruturas de frete digital podem mudar nas opera\u00e7\u00f5es log\u00edsticas"},"content":{"rendered":"\n<p>Em toda a Am\u00e9rica Latina e no Caribe (LAC), as opera\u00e7\u00f5es de frete continuam a depender fortemente de processos baseados em papel, apesar dos esfor\u00e7os cont\u00ednuos para modernizar os sistemas log\u00edsticos. De documentos de transporte a verifica\u00e7\u00f5es administrativas, as informa\u00e7\u00f5es s\u00e3o frequentemente tratadas por meio de fluxos de trabalho fragmentados que limitam a visibilidade e retardam as opera\u00e7\u00f5es. <\/p>\n\n<p><a href=\"https:\/\/www.latitude-15.com\/pt-br\/frete-digital-e-integracao-regional-o-que-o-webinar-lac-efti4all-sugere-para-o-panorama-logistico-regional\/\">Durante o webinar LAC eFTI4ALL<\/a>, essas restri\u00e7\u00f5es foram destacadas como parte de uma discuss\u00e3o mais ampla sobre como os dados poderiam remodelar as pr\u00e1ticas log\u00edsticas. Em vez de focar apenas na infraestrutura, as trocas apontaram para o papel dos fluxos de informa\u00e7\u00f5es na melhoria da coordena\u00e7\u00e3o em toda a cadeia de suprimentos. <\/p>\n\n<p>Nesse contexto, estruturas de frete digital como o eFTI levantam uma quest\u00e3o pr\u00e1tica: <em><strong>como a mudan\u00e7a do papel para os dados realmente transforma as opera\u00e7\u00f5es log\u00edsticas?<\/strong><\/em><\/p>\n\n<h2 class=\"wp-block-heading\">Um sistema ainda amplamente baseado em papel<\/h2>\n\n<p>Um dos principais pontos de partida da discuss\u00e3o reside na estrutura atual dos processos log\u00edsticos, que permanecem amplamente orientados por documentos.<\/p>\n\n<p><strong>Sandra Casanova<\/strong> observou que <strong><em>\u201ca informa\u00e7\u00e3o n\u00e3o circula facilmente\u201d<\/em><\/strong>, apontando para inefici\u00eancias persistentes na forma como os dados s\u00e3o trocados entre as partes interessadas. Em muitos casos, a documenta\u00e7\u00e3o de transporte ainda depende de formatos f\u00edsicos, exigindo manuseio manual em v\u00e1rias etapas da cadeia de suprimentos. <\/p>\n\n<p>Do ponto de vista operacional, isso resulta em verifica\u00e7\u00f5es administrativas repetidas e processos duplicados. <strong><em>Victor Dolcemascolo<\/em><\/strong> descreveu como as autoridades frequentemente precisam acessar documentos de transporte durante as inspe\u00e7\u00f5es, um processo que, em sua forma atual, pode envolver v\u00e1rias etapas e atrasos.<\/p>\n\n<p>Juntos, esses elementos sugerem que os sistemas log\u00edsticos continuam a depender de fluxos de trabalho fragmentados e demorados, limitando tanto a efici\u00eancia quanto a capacidade de resposta.<\/p>\n\n<figure class=\"wp-block-image aligncenter size-full\"><img fetchpriority=\"high\" decoding=\"async\" width=\"632\" height=\"354\" src=\"https:\/\/www.latitude-15.com\/wp-content\/uploads\/2026\/04\/img21.jpg\" alt=\"\" class=\"wp-image-23075\" srcset=\"https:\/\/www.latitude-15.com\/wp-content\/uploads\/2026\/04\/img21.jpg 632w, https:\/\/www.latitude-15.com\/wp-content\/uploads\/2026\/04\/img21-300x168.jpg 300w\" sizes=\"(max-width: 632px) 100vw, 632px\" \/><\/figure>\n\n<h2 class=\"wp-block-heading\">Dados fragmentados, visibilidade limitada<\/h2>\n\n<p>Al\u00e9m da depend\u00eancia do papel, outra restri\u00e7\u00e3o estrutural destacada durante o webinar diz respeito \u00e0 fragmenta\u00e7\u00e3o dos dados.<\/p>\n\n<p>Sandra Casanova apontou para a aus\u00eancia de <strong><em>\u201cestat\u00edsticas e um observat\u00f3rio com coleta e explora\u00e7\u00e3o de dados\u201d<\/em><\/strong>, sublinhando a falta de informa\u00e7\u00f5es estruturadas em todo o ecossistema log\u00edstico. Sem estruturas de dados compartilhadas, os operadores frequentemente trabalham com informa\u00e7\u00f5es parciais ou atrasadas, tornando mais dif\u00edcil coordenar os fluxos de forma eficaz. <\/p>\n\n<p>Essa falta de visibilidade tamb\u00e9m afeta as opera\u00e7\u00f5es industriais. <strong>Charles Larcher<\/strong> enfatizou a import\u00e2ncia do rastreamento em tempo real, observando que as empresas precisam de <strong><em>\u201cvisibilidade total sobre o fluxo de mercadorias em tempo real\u201d<\/em><\/strong> para gerenciar as cadeias de suprimentos de forma eficiente. Na aus\u00eancia de tal visibilidade, as empresas s\u00e3o frequentemente obrigadas a manter n\u00edveis de estoque mais altos, o que pode aumentar os custos e reduzir a flexibilidade. <\/p>\n\n<p>Essas restri\u00e7\u00f5es indicam que a fragmenta\u00e7\u00e3o de dados n\u00e3o afeta apenas os processos administrativos \u2014 ela impacta diretamente o desempenho operacional.<\/p>\n\n<h2 class=\"wp-block-heading\">O que \u00e9 o eFTI, em termos pr\u00e1ticos<\/h2>\n\n<p>Dentro desse contexto, a estrutura eFTI foi introduzida como uma forma de estruturar e padronizar como os dados de frete s\u00e3o trocados.<\/p>\n\n<p>Casanova descreveu o eFTI como <strong><em>\u201cuma linguagem comum de dados harmonizados\u201d<\/em><\/strong>, projetada para permitir <strong><em>\u201ctrocas seguras entre operadores e autoridades p\u00fablicas\u201d<\/em><\/strong>. O objetivo \u00e9 afastar-se de sistemas isolados em dire\u00e7\u00e3o a uma estrutura compartilhada onde a informa\u00e7\u00e3o possa circular de forma mais fluida.<\/p>\n\n<p>Do ponto de vista t\u00e9cnico, <strong>Heiti Mering<\/strong> explicou que o sistema funciona como <strong><em>\u201cuma rede distribu\u00edda de servi\u00e7os\u201d<\/em><\/strong>, conectando atores p\u00fablicos e privados por meio de gateways padronizados. Essa arquitetura permite que os dados sejam compartilhados entre diferentes plataformas, mantendo a interoperabilidade e a seguran\u00e7a. <\/p>\n\n<p><strong>Victor Dolcemascolo<\/strong> forneceu mais detalhes sobre como isso opera na pr\u00e1tica, descrevendo o papel dos pontos de acesso nacionais, ou \u201c<strong><em>gates<\/em><\/strong>\u201d. Quando uma opera\u00e7\u00e3o de transporte est\u00e1 sujeita a controle, <strong><em>\u201cuma solicita\u00e7\u00e3o \u00e9 enviada ao ponto de acesso nacional, que recupera os dados relevantes da plataforma apropriada\u201d<\/em><\/strong>, permitindo que as autoridades acessem os documentos em tempo real. <\/p>\n\n<p>Considerados em conjunto, esses elementos sugerem que o eFTI trata menos de uma plataforma \u00fanica e mais de uma infraestrutura interconectada para troca de dados.<\/p>\n\n<h2 class=\"wp-block-heading\">O que muda para as opera\u00e7\u00f5es<\/h2>\n\n<p>A transi\u00e7\u00e3o de processos baseados em papel para a troca de dados digitais tem v\u00e1rias implica\u00e7\u00f5es operacionais potenciais.<\/p>\n\n<p>Para as autoridades p\u00fablicas, o acesso \u00e0s informa\u00e7\u00f5es de transporte pode se tornar mais r\u00e1pido e direto, particularmente durante inspe\u00e7\u00f5es rodovi\u00e1rias ou verifica\u00e7\u00f5es alfandeg\u00e1rias. Conforme explicado por Victor Dolcemascolo, <strong><em>\u201cquando um ve\u00edculo \u00e9 controlado, uma solicita\u00e7\u00e3o \u00e9 enviada ao ponto de acesso nacional, que recupera os dados relevantes\u201d<\/em><\/strong>, permitindo que as autoridades acessem documentos em tempo real. Isso poderia reduzir o tempo necess\u00e1rio para os controles e limitar os gargalos administrativos.  <\/p>\n\n<p>Para as empresas, a redu\u00e7\u00e3o dos processos baseados em papel poderia limitar a entrada manual de dados e os riscos associados de erros. A rastreabilidade aprimorada tamb\u00e9m pode apoiar um melhor planejamento e coordena\u00e7\u00e3o em toda a cadeia de suprimentos. Nesse sentido, <em>Sandra Casanova<\/em> destacou que o eFTI permite <strong><em>\u201cdados em tempo real e rastreabilidade de fluxos\u201d<\/em><\/strong>, sugerindo uma mudan\u00e7a em dire\u00e7\u00e3o a uma tomada de decis\u00e3o mais informada.  <\/p>\n\n<p>Em um n\u00edvel mais amplo, uma troca de dados mais consistente poderia contribuir para fluxos log\u00edsticos mais suaves. Ao permitir que as partes interessadas acessem a mesma informa\u00e7\u00e3o em tempo real, as estruturas digitais podem ajudar a reduzir atrasos vinculados \u00e0 verifica\u00e7\u00e3o de documentos e procedimentos administrativos. <\/p>\n\n<p>Essas mudan\u00e7as, no entanto, s\u00e3o apresentadas como melhorias graduais em vez de transforma\u00e7\u00f5es imediatas.<\/p>\n\n<figure class=\"wp-block-image size-large\"><img decoding=\"async\" width=\"1024\" height=\"580\" data-src=\"https:\/\/www.latitude-15.com\/wp-content\/uploads\/2026\/04\/img13-1024x580.jpg\" alt=\"\" class=\"wp-image-23061 lazyload\" data-srcset=\"https:\/\/www.latitude-15.com\/wp-content\/uploads\/2026\/04\/img13-1024x580.jpg 1024w, https:\/\/www.latitude-15.com\/wp-content\/uploads\/2026\/04\/img13-300x170.jpg 300w, https:\/\/www.latitude-15.com\/wp-content\/uploads\/2026\/04\/img13-768x435.jpg 768w, https:\/\/www.latitude-15.com\/wp-content\/uploads\/2026\/04\/img13.jpg 1203w\" data-sizes=\"(max-width: 1024px) 100vw, 1024px\" src=\"data:image\/svg+xml;base64,PHN2ZyB3aWR0aD0iMSIgaGVpZ2h0PSIxIiB4bWxucz0iaHR0cDovL3d3dy53My5vcmcvMjAwMC9zdmciPjwvc3ZnPg==\" style=\"--smush-placeholder-width: 1024px; --smush-placeholder-aspect-ratio: 1024\/580;\" \/><\/figure>\n\n<h2 class=\"wp-block-heading\">Da log\u00edstica para sistemas orientados por dados<\/h2>\n\n<p>Al\u00e9m dos ganhos operacionais, as discuss\u00f5es tamb\u00e9m apontam para uma mudan\u00e7a mais estrutural na forma como os sistemas log\u00edsticos s\u00e3o organizados.<\/p>\n\n<p> \u00c0 medida que os dados se tornam mais centrais para as opera\u00e7\u00f5es, a log\u00edstica depende cada vez mais da capacidade de coletar, processar e compartilhar informa\u00e7\u00f5es entre v\u00e1rios atores. Nesse contexto, os dados podem ser vistos como uma camada subjacente que apoia a coordena\u00e7\u00e3o, a tomada de decis\u00f5es e o monitoramento de desempenho. <\/p>\n\n<p>Isso poderia deslocar progressivamente a log\u00edstica da gest\u00e3o de documentos para a coordena\u00e7\u00e3o de dados em tempo real, onde as informa\u00e7\u00f5es fluem continuamente entre operadores, autoridades e prestadores de servi\u00e7os. Como resultado, os processos log\u00edsticos podem tornar-se menos dependentes do manuseio de documentos e mais orientados para a tomada de decis\u00f5es baseada em dados. <\/p>\n\n<h2 class=\"wp-block-heading\">Condi\u00e7\u00f5es para o impacto<\/h2>\n\n<p>Ao mesmo tempo, o impacto potencial das estruturas de frete digital permanece condicional.<\/p>\n\n<p>Sua efic\u00e1cia depende de v\u00e1rios fatores, incluindo o n\u00edvel de ado\u00e7\u00e3o entre as partes interessadas, a capacidade de garantir a interoperabilidade entre os sistemas e o estabelecimento de padr\u00f5es compartilhados. Sem o alinhamento entre essas dimens\u00f5es, as ferramentas digitais podem coexistir com os processos existentes em vez de substitu\u00ed-los totalmente. <\/p>\n\n<p>As discuss\u00f5es tamb\u00e9m sugerem que a coordena\u00e7\u00e3o entre atores p\u00fablicos e privados desempenhar\u00e1 um papel cr\u00edtico na determina\u00e7\u00e3o de como esses sistemas evoluem. Como ocorre com outras iniciativas digitais de grande escala, a implementa\u00e7\u00e3o provavelmente ser\u00e1 gradual e desigual entre as regi\u00f5es. <\/p>\n\n<h2 class=\"wp-block-heading\">Conclus\u00e3o \u2013 Uma mudan\u00e7a gradual em vez de uma ruptura<\/h2>\n\n<p>As discuss\u00f5es do LAC eFTI4ALL sugerem que as estruturas de frete digital poderiam contribuir para melhorar as opera\u00e7\u00f5es log\u00edsticas ao aprimorar a troca de dados, reduzir a complexidade administrativa e apoiar uma melhor coordena\u00e7\u00e3o.<\/p>\n\n<p>Ao mesmo tempo, a transi\u00e7\u00e3o parece ser evolutiva em vez de disruptiva. Embora a mudan\u00e7a do papel para os dados introduza novas possibilidades, seu impacto depende da efic\u00e1cia com que os sistemas s\u00e3o implementados e adotados em todo o ecossistema log\u00edstico. <\/p>\n\n<p>Nesse contexto, as estruturas de frete digital apontam para uma mudan\u00e7a na forma como a log\u00edstica \u00e9 gerenciada \u2014 uma em que os dados se tornam um componente central das opera\u00e7\u00f5es, mas onde o progresso permanece estreitamente ligado \u00e0 din\u00e2mica mais ampla de coordena\u00e7\u00e3o e implementa\u00e7\u00e3o.<\/p>\n","protected":false},"excerpt":{"rendered":"<p>Em toda a Am\u00e9rica Latina e no Caribe (LAC), as opera\u00e7\u00f5es de frete continuam a depender fortemente de processos baseados em papel, apesar dos esfor\u00e7os cont\u00ednuos para modernizar os sistemas log\u00edsticos. De documentos de transporte a verifica\u00e7\u00f5es administrativas, as informa\u00e7\u00f5es s\u00e3o frequentemente tratadas por meio de fluxos de trabalho fragmentados que limitam a visibilidade e [&hellip;]<\/p>\n","protected":false},"author":5,"featured_media":23149,"comment_status":"open","ping_status":"closed","sticky":false,"template":"","format":"standard","meta":{"footnotes":""},"categories":[119,140],"tags":[],"class_list":["post-23150","post","type-post","status-publish","format-standard","has-post-thumbnail","hentry","category-maritimo","category-tecnologia-e-portos-inteligentes"],"yoast_head":"<!-- This site is optimized with the Yoast SEO plugin v26.9 - https:\/\/yoast.com\/product\/yoast-seo-wordpress\/ -->\n<title>Do papel aos dados: o que as estruturas de frete digital podem mudar nas opera\u00e7\u00f5es log\u00edsticas - LATITUDE 15<\/title>\n<meta name=\"description\" content=\"Como estruturas de frete digital como o eFTI poderiam melhorar as opera\u00e7\u00f5es log\u00edsticas e a visibilidade da cadeia de suprimentos? Webinar LAC eFTI4ALL\" \/>\n<meta name=\"robots\" content=\"index, follow, max-snippet:-1, max-image-preview:large, max-video-preview:-1\" \/>\n<link rel=\"canonical\" href=\"https:\/\/www.latitude-15.com\/pt-br\/do-papel-aos-dados-o-que-as-estruturas-de-frete-digital-podem-mudar-nas-operacoes-logisticas\/\" \/>\n<meta property=\"og:locale\" content=\"pt_BR\" \/>\n<meta property=\"og:type\" content=\"article\" \/>\n<meta property=\"og:title\" content=\"Do papel aos dados: o que as estruturas de frete digital podem mudar nas opera\u00e7\u00f5es log\u00edsticas - LATITUDE 15\" \/>\n<meta property=\"og:description\" content=\"Como estruturas de frete digital como o eFTI poderiam melhorar as opera\u00e7\u00f5es log\u00edsticas e a visibilidade da cadeia de suprimentos? Webinar LAC eFTI4ALL\" \/>\n<meta property=\"og:url\" content=\"https:\/\/www.latitude-15.com\/pt-br\/do-papel-aos-dados-o-que-as-estruturas-de-frete-digital-podem-mudar-nas-operacoes-logisticas\/\" \/>\n<meta property=\"og:site_name\" content=\"LATITUDE 15\" \/>\n<meta property=\"article:published_time\" content=\"2026-04-24T16:22:46+00:00\" \/>\n<meta property=\"article:modified_time\" content=\"2026-04-24T18:32:29+00:00\" \/>\n<meta property=\"og:image\" content=\"https:\/\/www.latitude-15.com\/wp-content\/uploads\/2026\/04\/img716037-1024x683.png\" \/>\n\t<meta property=\"og:image:width\" content=\"1024\" \/>\n\t<meta property=\"og:image:height\" content=\"683\" \/>\n\t<meta property=\"og:image:type\" content=\"image\/png\" \/>\n<meta name=\"author\" content=\"Joda J\" \/>\n<meta name=\"twitter:card\" content=\"summary_large_image\" \/>\n<meta name=\"twitter:label1\" content=\"Escrito por\" \/>\n\t<meta name=\"twitter:data1\" content=\"Joda J\" \/>\n\t<meta name=\"twitter:label2\" content=\"Est. tempo de leitura\" \/>\n\t<meta name=\"twitter:data2\" content=\"7 minutos\" \/>\n<script type=\"application\/ld+json\" class=\"yoast-schema-graph\">{\"@context\":\"https:\/\/schema.org\",\"@graph\":[{\"@type\":\"Article\",\"@id\":\"https:\/\/www.latitude-15.com\/pt-br\/do-papel-aos-dados-o-que-as-estruturas-de-frete-digital-podem-mudar-nas-operacoes-logisticas\/#article\",\"isPartOf\":{\"@id\":\"https:\/\/www.latitude-15.com\/pt-br\/do-papel-aos-dados-o-que-as-estruturas-de-frete-digital-podem-mudar-nas-operacoes-logisticas\/\"},\"author\":{\"name\":\"Joda J\",\"@id\":\"https:\/\/www.latitude-15.com\/pt-br\/#\/schema\/person\/dac52e7ff44c78317f337da112e37252\"},\"headline\":\"Do papel aos dados: o que as estruturas de frete digital podem mudar nas opera\u00e7\u00f5es log\u00edsticas\",\"datePublished\":\"2026-04-24T16:22:46+00:00\",\"dateModified\":\"2026-04-24T18:32:29+00:00\",\"mainEntityOfPage\":{\"@id\":\"https:\/\/www.latitude-15.com\/pt-br\/do-papel-aos-dados-o-que-as-estruturas-de-frete-digital-podem-mudar-nas-operacoes-logisticas\/\"},\"wordCount\":1399,\"commentCount\":0,\"publisher\":{\"@id\":\"https:\/\/www.latitude-15.com\/pt-br\/#organization\"},\"image\":{\"@id\":\"https:\/\/www.latitude-15.com\/pt-br\/do-papel-aos-dados-o-que-as-estruturas-de-frete-digital-podem-mudar-nas-operacoes-logisticas\/#primaryimage\"},\"thumbnailUrl\":\"https:\/\/www.latitude-15.com\/wp-content\/uploads\/2026\/04\/img716037.png\",\"articleSection\":[\"MAR\u00cdTIMO\",\"Tecnologia e portos inteligentes\"],\"inLanguage\":\"pt-BR\",\"potentialAction\":[{\"@type\":\"CommentAction\",\"name\":\"Comment\",\"target\":[\"https:\/\/www.latitude-15.com\/pt-br\/do-papel-aos-dados-o-que-as-estruturas-de-frete-digital-podem-mudar-nas-operacoes-logisticas\/#respond\"]}]},{\"@type\":\"WebPage\",\"@id\":\"https:\/\/www.latitude-15.com\/pt-br\/do-papel-aos-dados-o-que-as-estruturas-de-frete-digital-podem-mudar-nas-operacoes-logisticas\/\",\"url\":\"https:\/\/www.latitude-15.com\/pt-br\/do-papel-aos-dados-o-que-as-estruturas-de-frete-digital-podem-mudar-nas-operacoes-logisticas\/\",\"name\":\"Do papel aos dados: o que as estruturas de frete digital podem mudar nas opera\u00e7\u00f5es log\u00edsticas - LATITUDE 15\",\"isPartOf\":{\"@id\":\"https:\/\/www.latitude-15.com\/pt-br\/#website\"},\"primaryImageOfPage\":{\"@id\":\"https:\/\/www.latitude-15.com\/pt-br\/do-papel-aos-dados-o-que-as-estruturas-de-frete-digital-podem-mudar-nas-operacoes-logisticas\/#primaryimage\"},\"image\":{\"@id\":\"https:\/\/www.latitude-15.com\/pt-br\/do-papel-aos-dados-o-que-as-estruturas-de-frete-digital-podem-mudar-nas-operacoes-logisticas\/#primaryimage\"},\"thumbnailUrl\":\"https:\/\/www.latitude-15.com\/wp-content\/uploads\/2026\/04\/img716037.png\",\"datePublished\":\"2026-04-24T16:22:46+00:00\",\"dateModified\":\"2026-04-24T18:32:29+00:00\",\"description\":\"Como estruturas de frete digital como o eFTI poderiam melhorar as opera\u00e7\u00f5es log\u00edsticas e a visibilidade da cadeia de suprimentos? Webinar LAC eFTI4ALL\",\"breadcrumb\":{\"@id\":\"https:\/\/www.latitude-15.com\/pt-br\/do-papel-aos-dados-o-que-as-estruturas-de-frete-digital-podem-mudar-nas-operacoes-logisticas\/#breadcrumb\"},\"inLanguage\":\"pt-BR\",\"potentialAction\":[{\"@type\":\"ReadAction\",\"target\":[\"https:\/\/www.latitude-15.com\/pt-br\/do-papel-aos-dados-o-que-as-estruturas-de-frete-digital-podem-mudar-nas-operacoes-logisticas\/\"]}]},{\"@type\":\"ImageObject\",\"inLanguage\":\"pt-BR\",\"@id\":\"https:\/\/www.latitude-15.com\/pt-br\/do-papel-aos-dados-o-que-as-estruturas-de-frete-digital-podem-mudar-nas-operacoes-logisticas\/#primaryimage\",\"url\":\"https:\/\/www.latitude-15.com\/wp-content\/uploads\/2026\/04\/img716037.png\",\"contentUrl\":\"https:\/\/www.latitude-15.com\/wp-content\/uploads\/2026\/04\/img716037.png\",\"width\":1536,\"height\":1024},{\"@type\":\"BreadcrumbList\",\"@id\":\"https:\/\/www.latitude-15.com\/pt-br\/do-papel-aos-dados-o-que-as-estruturas-de-frete-digital-podem-mudar-nas-operacoes-logisticas\/#breadcrumb\",\"itemListElement\":[{\"@type\":\"ListItem\",\"position\":1,\"name\":\"Home\",\"item\":\"https:\/\/www.latitude-15.com\/pt-br\/inicio\/\"},{\"@type\":\"ListItem\",\"position\":2,\"name\":\"Do papel aos dados: o que as estruturas de frete digital podem mudar nas opera\u00e7\u00f5es log\u00edsticas\"}]},{\"@type\":\"WebSite\",\"@id\":\"https:\/\/www.latitude-15.com\/pt-br\/#website\",\"url\":\"https:\/\/www.latitude-15.com\/pt-br\/\",\"name\":\"LATITUDE 15\",\"description\":\"Aviation and maritime Magazine - Caribbean &amp; Latin America\",\"publisher\":{\"@id\":\"https:\/\/www.latitude-15.com\/pt-br\/#organization\"},\"potentialAction\":[{\"@type\":\"SearchAction\",\"target\":{\"@type\":\"EntryPoint\",\"urlTemplate\":\"https:\/\/www.latitude-15.com\/pt-br\/?s={search_term_string}\"},\"query-input\":{\"@type\":\"PropertyValueSpecification\",\"valueRequired\":true,\"valueName\":\"search_term_string\"}}],\"inLanguage\":\"pt-BR\"},{\"@type\":\"Organization\",\"@id\":\"https:\/\/www.latitude-15.com\/pt-br\/#organization\",\"name\":\"LATITUDE 15\",\"url\":\"https:\/\/www.latitude-15.com\/pt-br\/\",\"logo\":{\"@type\":\"ImageObject\",\"inLanguage\":\"pt-BR\",\"@id\":\"https:\/\/www.latitude-15.com\/pt-br\/#\/schema\/logo\/image\/\",\"url\":\"https:\/\/www.latitude-15.com\/wp-content\/uploads\/2026\/01\/cropped-logox500px.png\",\"contentUrl\":\"https:\/\/www.latitude-15.com\/wp-content\/uploads\/2026\/01\/cropped-logox500px.png\",\"width\":62,\"height\":75,\"caption\":\"LATITUDE 15\"},\"image\":{\"@id\":\"https:\/\/www.latitude-15.com\/pt-br\/#\/schema\/logo\/image\/\"}},{\"@type\":\"Person\",\"@id\":\"https:\/\/www.latitude-15.com\/pt-br\/#\/schema\/person\/dac52e7ff44c78317f337da112e37252\",\"name\":\"Joda J\",\"image\":{\"@type\":\"ImageObject\",\"inLanguage\":\"pt-BR\",\"@id\":\"https:\/\/www.latitude-15.com\/pt-br\/#\/schema\/person\/image\/\",\"url\":\"https:\/\/secure.gravatar.com\/avatar\/6b1feae555e15404b76616f92d931d12b25ac58024f14ccb43d9d3c012e4c4cf?s=96&d=mm&r=g\",\"contentUrl\":\"https:\/\/secure.gravatar.com\/avatar\/6b1feae555e15404b76616f92d931d12b25ac58024f14ccb43d9d3c012e4c4cf?s=96&d=mm&r=g\",\"caption\":\"Joda J\"},\"url\":\"https:\/\/www.latitude-15.com\/pt-br\/author\/joda\/\"}]}<\/script>\n<!-- \/ Yoast SEO plugin. -->","yoast_head_json":{"title":"Do papel aos dados: o que as estruturas de frete digital podem mudar nas opera\u00e7\u00f5es log\u00edsticas - LATITUDE 15","description":"Como estruturas de frete digital como o eFTI poderiam melhorar as opera\u00e7\u00f5es log\u00edsticas e a visibilidade da cadeia de suprimentos? Webinar LAC eFTI4ALL","robots":{"index":"index","follow":"follow","max-snippet":"max-snippet:-1","max-image-preview":"max-image-preview:large","max-video-preview":"max-video-preview:-1"},"canonical":"https:\/\/www.latitude-15.com\/pt-br\/do-papel-aos-dados-o-que-as-estruturas-de-frete-digital-podem-mudar-nas-operacoes-logisticas\/","og_locale":"pt_BR","og_type":"article","og_title":"Do papel aos dados: o que as estruturas de frete digital podem mudar nas opera\u00e7\u00f5es log\u00edsticas - LATITUDE 15","og_description":"Como estruturas de frete digital como o eFTI poderiam melhorar as opera\u00e7\u00f5es log\u00edsticas e a visibilidade da cadeia de suprimentos? Webinar LAC eFTI4ALL","og_url":"https:\/\/www.latitude-15.com\/pt-br\/do-papel-aos-dados-o-que-as-estruturas-de-frete-digital-podem-mudar-nas-operacoes-logisticas\/","og_site_name":"LATITUDE 15","article_published_time":"2026-04-24T16:22:46+00:00","article_modified_time":"2026-04-24T18:32:29+00:00","og_image":[{"width":1024,"height":683,"url":"https:\/\/www.latitude-15.com\/wp-content\/uploads\/2026\/04\/img716037-1024x683.png","type":"image\/png"}],"author":"Joda J","twitter_card":"summary_large_image","twitter_misc":{"Escrito por":"Joda J","Est. tempo de leitura":"7 minutos"},"schema":{"@context":"https:\/\/schema.org","@graph":[{"@type":"Article","@id":"https:\/\/www.latitude-15.com\/pt-br\/do-papel-aos-dados-o-que-as-estruturas-de-frete-digital-podem-mudar-nas-operacoes-logisticas\/#article","isPartOf":{"@id":"https:\/\/www.latitude-15.com\/pt-br\/do-papel-aos-dados-o-que-as-estruturas-de-frete-digital-podem-mudar-nas-operacoes-logisticas\/"},"author":{"name":"Joda J","@id":"https:\/\/www.latitude-15.com\/pt-br\/#\/schema\/person\/dac52e7ff44c78317f337da112e37252"},"headline":"Do papel aos dados: o que as estruturas de frete digital podem mudar nas opera\u00e7\u00f5es log\u00edsticas","datePublished":"2026-04-24T16:22:46+00:00","dateModified":"2026-04-24T18:32:29+00:00","mainEntityOfPage":{"@id":"https:\/\/www.latitude-15.com\/pt-br\/do-papel-aos-dados-o-que-as-estruturas-de-frete-digital-podem-mudar-nas-operacoes-logisticas\/"},"wordCount":1399,"commentCount":0,"publisher":{"@id":"https:\/\/www.latitude-15.com\/pt-br\/#organization"},"image":{"@id":"https:\/\/www.latitude-15.com\/pt-br\/do-papel-aos-dados-o-que-as-estruturas-de-frete-digital-podem-mudar-nas-operacoes-logisticas\/#primaryimage"},"thumbnailUrl":"https:\/\/www.latitude-15.com\/wp-content\/uploads\/2026\/04\/img716037.png","articleSection":["MAR\u00cdTIMO","Tecnologia e portos inteligentes"],"inLanguage":"pt-BR","potentialAction":[{"@type":"CommentAction","name":"Comment","target":["https:\/\/www.latitude-15.com\/pt-br\/do-papel-aos-dados-o-que-as-estruturas-de-frete-digital-podem-mudar-nas-operacoes-logisticas\/#respond"]}]},{"@type":"WebPage","@id":"https:\/\/www.latitude-15.com\/pt-br\/do-papel-aos-dados-o-que-as-estruturas-de-frete-digital-podem-mudar-nas-operacoes-logisticas\/","url":"https:\/\/www.latitude-15.com\/pt-br\/do-papel-aos-dados-o-que-as-estruturas-de-frete-digital-podem-mudar-nas-operacoes-logisticas\/","name":"Do papel aos dados: o que as estruturas de frete digital podem mudar nas opera\u00e7\u00f5es log\u00edsticas - LATITUDE 15","isPartOf":{"@id":"https:\/\/www.latitude-15.com\/pt-br\/#website"},"primaryImageOfPage":{"@id":"https:\/\/www.latitude-15.com\/pt-br\/do-papel-aos-dados-o-que-as-estruturas-de-frete-digital-podem-mudar-nas-operacoes-logisticas\/#primaryimage"},"image":{"@id":"https:\/\/www.latitude-15.com\/pt-br\/do-papel-aos-dados-o-que-as-estruturas-de-frete-digital-podem-mudar-nas-operacoes-logisticas\/#primaryimage"},"thumbnailUrl":"https:\/\/www.latitude-15.com\/wp-content\/uploads\/2026\/04\/img716037.png","datePublished":"2026-04-24T16:22:46+00:00","dateModified":"2026-04-24T18:32:29+00:00","description":"Como estruturas de frete digital como o eFTI poderiam melhorar as opera\u00e7\u00f5es log\u00edsticas e a visibilidade da cadeia de suprimentos? Webinar LAC eFTI4ALL","breadcrumb":{"@id":"https:\/\/www.latitude-15.com\/pt-br\/do-papel-aos-dados-o-que-as-estruturas-de-frete-digital-podem-mudar-nas-operacoes-logisticas\/#breadcrumb"},"inLanguage":"pt-BR","potentialAction":[{"@type":"ReadAction","target":["https:\/\/www.latitude-15.com\/pt-br\/do-papel-aos-dados-o-que-as-estruturas-de-frete-digital-podem-mudar-nas-operacoes-logisticas\/"]}]},{"@type":"ImageObject","inLanguage":"pt-BR","@id":"https:\/\/www.latitude-15.com\/pt-br\/do-papel-aos-dados-o-que-as-estruturas-de-frete-digital-podem-mudar-nas-operacoes-logisticas\/#primaryimage","url":"https:\/\/www.latitude-15.com\/wp-content\/uploads\/2026\/04\/img716037.png","contentUrl":"https:\/\/www.latitude-15.com\/wp-content\/uploads\/2026\/04\/img716037.png","width":1536,"height":1024},{"@type":"BreadcrumbList","@id":"https:\/\/www.latitude-15.com\/pt-br\/do-papel-aos-dados-o-que-as-estruturas-de-frete-digital-podem-mudar-nas-operacoes-logisticas\/#breadcrumb","itemListElement":[{"@type":"ListItem","position":1,"name":"Home","item":"https:\/\/www.latitude-15.com\/pt-br\/inicio\/"},{"@type":"ListItem","position":2,"name":"Do papel aos dados: o que as estruturas de frete digital podem mudar nas opera\u00e7\u00f5es log\u00edsticas"}]},{"@type":"WebSite","@id":"https:\/\/www.latitude-15.com\/pt-br\/#website","url":"https:\/\/www.latitude-15.com\/pt-br\/","name":"LATITUDE 15","description":"Aviation and maritime Magazine - Caribbean &amp; Latin America","publisher":{"@id":"https:\/\/www.latitude-15.com\/pt-br\/#organization"},"potentialAction":[{"@type":"SearchAction","target":{"@type":"EntryPoint","urlTemplate":"https:\/\/www.latitude-15.com\/pt-br\/?s={search_term_string}"},"query-input":{"@type":"PropertyValueSpecification","valueRequired":true,"valueName":"search_term_string"}}],"inLanguage":"pt-BR"},{"@type":"Organization","@id":"https:\/\/www.latitude-15.com\/pt-br\/#organization","name":"LATITUDE 15","url":"https:\/\/www.latitude-15.com\/pt-br\/","logo":{"@type":"ImageObject","inLanguage":"pt-BR","@id":"https:\/\/www.latitude-15.com\/pt-br\/#\/schema\/logo\/image\/","url":"https:\/\/www.latitude-15.com\/wp-content\/uploads\/2026\/01\/cropped-logox500px.png","contentUrl":"https:\/\/www.latitude-15.com\/wp-content\/uploads\/2026\/01\/cropped-logox500px.png","width":62,"height":75,"caption":"LATITUDE 15"},"image":{"@id":"https:\/\/www.latitude-15.com\/pt-br\/#\/schema\/logo\/image\/"}},{"@type":"Person","@id":"https:\/\/www.latitude-15.com\/pt-br\/#\/schema\/person\/dac52e7ff44c78317f337da112e37252","name":"Joda J","image":{"@type":"ImageObject","inLanguage":"pt-BR","@id":"https:\/\/www.latitude-15.com\/pt-br\/#\/schema\/person\/image\/","url":"https:\/\/secure.gravatar.com\/avatar\/6b1feae555e15404b76616f92d931d12b25ac58024f14ccb43d9d3c012e4c4cf?s=96&d=mm&r=g","contentUrl":"https:\/\/secure.gravatar.com\/avatar\/6b1feae555e15404b76616f92d931d12b25ac58024f14ccb43d9d3c012e4c4cf?s=96&d=mm&r=g","caption":"Joda J"},"url":"https:\/\/www.latitude-15.com\/pt-br\/author\/joda\/"}]}},"_links":{"self":[{"href":"https:\/\/www.latitude-15.com\/pt-br\/wp-json\/wp\/v2\/posts\/23150","targetHints":{"allow":["GET"]}}],"collection":[{"href":"https:\/\/www.latitude-15.com\/pt-br\/wp-json\/wp\/v2\/posts"}],"about":[{"href":"https:\/\/www.latitude-15.com\/pt-br\/wp-json\/wp\/v2\/types\/post"}],"author":[{"embeddable":true,"href":"https:\/\/www.latitude-15.com\/pt-br\/wp-json\/wp\/v2\/users\/5"}],"replies":[{"embeddable":true,"href":"https:\/\/www.latitude-15.com\/pt-br\/wp-json\/wp\/v2\/comments?post=23150"}],"version-history":[{"count":1,"href":"https:\/\/www.latitude-15.com\/pt-br\/wp-json\/wp\/v2\/posts\/23150\/revisions"}],"predecessor-version":[{"id":23152,"href":"https:\/\/www.latitude-15.com\/pt-br\/wp-json\/wp\/v2\/posts\/23150\/revisions\/23152"}],"wp:featuredmedia":[{"embeddable":true,"href":"https:\/\/www.latitude-15.com\/pt-br\/wp-json\/wp\/v2\/media\/23149"}],"wp:attachment":[{"href":"https:\/\/www.latitude-15.com\/pt-br\/wp-json\/wp\/v2\/media?parent=23150"}],"wp:term":[{"taxonomy":"category","embeddable":true,"href":"https:\/\/www.latitude-15.com\/pt-br\/wp-json\/wp\/v2\/categories?post=23150"},{"taxonomy":"post_tag","embeddable":true,"href":"https:\/\/www.latitude-15.com\/pt-br\/wp-json\/wp\/v2\/tags?post=23150"}],"curies":[{"name":"wp","href":"https:\/\/api.w.org\/{rel}","templated":true}]}}