{"id":23145,"date":"2026-04-24T14:20:01","date_gmt":"2026-04-24T18:20:01","guid":{"rendered":"https:\/\/www.latitude-15.com\/carga-e-commerce-e-coordenacao-sinais-de-quito-para-os-ecossistemas-aeroportuarios-da-america-latina\/"},"modified":"2026-04-27T09:55:49","modified_gmt":"2026-04-27T13:55:49","slug":"carga-e-commerce-e-coordenacao-sinais-de-quito-para-os-ecossistemas-aeroportuarios-da-america-latina","status":"publish","type":"post","link":"https:\/\/www.latitude-15.com\/pt-br\/carga-e-commerce-e-coordenacao-sinais-de-quito-para-os-ecossistemas-aeroportuarios-da-america-latina\/","title":{"rendered":"ACI LAC QUITO. Carga, e-commerce e coordena\u00e7\u00e3o: sinais de Quito para os ecossistemas aeroportu\u00e1rios da Am\u00e9rica Latina"},"content":{"rendered":"\n<p>A carga a\u00e9rea continua a ocupar uma parcela relativamente pequena do com\u00e9rcio global em volume, mas sua import\u00e2ncia econ\u00f4mica permanece substancial. Representando cerca de <strong>1 % dos fluxos comerciais globais, mas pr\u00f3ximo a 30 % de seu valor<\/strong>, desempenha um papel desproporcional na conex\u00e3o de mercadorias de alto valor entre mercados. As discuss\u00f5es realizadas durante o <strong>ACI Airport Day Quito<\/strong> sugerem que esse desequil\u00edbrio est\u00e1 moldando cada vez mais a forma como os ecossistemas aeroportu\u00e1rios na Am\u00e9rica Latina e no Caribe se posicionam dentro de sistemas econ\u00f4micos mais amplos.  <\/p>\n\n<p>Nos pain\u00e9is dedicados \u00e0s opera\u00e7\u00f5es de carga e ao desenvolvimento aeroportu\u00e1rio, surgiram v\u00e1rios temas recorrentes. Em conjunto, apontam para uma mudan\u00e7a na forma como a carga \u00e9 percebida \u2014 n\u00e3o simplesmente como uma fun\u00e7\u00e3o operacional, mas como um componente estrat\u00e9gico dos ecossistemas aeroportu\u00e1rios. <\/p>\n\n<h2 class=\"wp-block-heading\">O peso crescente da carga nas estrat\u00e9gias aeroportu\u00e1rias<\/h2>\n\n<p>V\u00e1rios palestrantes destacaram o impacto mais amplo da carga al\u00e9m de sua atividade comercial direta. Embora o neg\u00f3cio de carga envolva um conjunto definido de atores \u2014 <em>companhias a\u00e9reas, operadores e prestadores de servi\u00e7os log\u00edsticos<\/em> \u2014 sua influ\u00eancia se estende ainda mais \u00e0s economias regionais. <\/p>\n\n<p>As discuss\u00f5es sugerem que a carga n\u00e3o deve ser avaliada apenas por volumes, mas pelo valor que gera nas cadeias de suprimentos. Mesmo em um contexto marcado por tens\u00f5es geopol\u00edticas, padr\u00f5es comerciais em evolu\u00e7\u00e3o e incerteza regulat\u00f3ria, a demanda global de carga apresentou um <strong>aumento de 3,4 % em 2025<\/strong>, com as transportadoras da Am\u00e9rica Latina e do Caribe registrando <strong>crescimento de 2,3 %<\/strong>, juntamente com um <strong>aumento de 4,5 % na capacidade<\/strong>. <\/p>\n\n<p>Esses n\u00fameros indicam um certo n\u00edvel de resili\u00eancia, mas tamb\u00e9m apontam para um ambiente mais complexo no qual a efici\u00eancia operacional e a adaptabilidade parecem estar ganhando import\u00e2ncia.<\/p>\n\n<h2 class=\"wp-block-heading\">Quito como modelo especializado de carga<\/h2>\n\n<p>Nesse contexto, Quito oferece um exemplo particularmente distintivo. O <strong>Aeroporto Internacional Mariscal Sucre<\/strong> desenvolveu um perfil de carga altamente especializado, intimamente ligado \u00e0 estrutura de exporta\u00e7\u00e3o do Equador. <\/p>\n\n<p>Desde 2013, o aeroporto movimentou aproximadamente <strong>2,8 milh\u00f5es de toneladas de carga<\/strong>, atingindo um <strong>recorde de 406.754 toneladas em 2025<\/strong>. Uma caracter\u00edstica definidora dessa atividade \u00e9 sua concentra\u00e7\u00e3o: cerca de <strong>92 % das exporta\u00e7\u00f5es consistem em flores<\/strong>, posicionando Quito como um portal essencial para a ind\u00fastria de floricultura do pa\u00eds. <\/p>\n\n<p>Essa configura\u00e7\u00e3o sugere um modelo em que a atividade de carga aeroportu\u00e1ria est\u00e1 profundamente integrada a uma cadeia de valor espec\u00edfica. Em vez de funcionar como um hub diversificado, Quito parece operar como uma plataforma de exporta\u00e7\u00e3o especializada, estreitamente alinhada com os sistemas de produ\u00e7\u00e3o locais. <\/p>\n\n<p>Tal modelo destaca tanto pontos fortes quanto restri\u00e7\u00f5es, particularmente em termos de equil\u00edbrio entre fluxos de importa\u00e7\u00e3o e exporta\u00e7\u00e3o.<\/p>\n\n<figure class=\"wp-block-image aligncenter size-large\"><img fetchpriority=\"high\" decoding=\"async\" width=\"1024\" height=\"684\" src=\"https:\/\/www.latitude-15.com\/wp-content\/uploads\/2026\/04\/dsc07219_55145738870_o-1-1024x684.jpg\" alt=\"\" class=\"wp-image-23168\" srcset=\"https:\/\/www.latitude-15.com\/wp-content\/uploads\/2026\/04\/dsc07219_55145738870_o-1-1024x684.jpg 1024w, https:\/\/www.latitude-15.com\/wp-content\/uploads\/2026\/04\/dsc07219_55145738870_o-1-300x200.jpg 300w, https:\/\/www.latitude-15.com\/wp-content\/uploads\/2026\/04\/dsc07219_55145738870_o-1-768x513.jpg 768w, https:\/\/www.latitude-15.com\/wp-content\/uploads\/2026\/04\/dsc07219_55145738870_o-1-1536x1026.jpg 1536w, https:\/\/www.latitude-15.com\/wp-content\/uploads\/2026\/04\/dsc07219_55145738870_o-1-2048x1368.jpg 2048w, https:\/\/www.latitude-15.com\/wp-content\/uploads\/2026\/04\/dsc07219_55145738870_o-1-1320x882.jpg 1320w\" sizes=\"(max-width: 1024px) 100vw, 1024px\" \/><\/figure>\n\n<h2 class=\"wp-block-heading\">O e-commerce est\u00e1 remodelando os fluxos de carga<\/h2>\n\n<p>Outra din\u00e2mica repetidamente destacada durante as discuss\u00f5es refere-se \u00e0 r\u00e1pida expans\u00e3o do e-commerce.<\/p>\n\n<p>No Equador, sua participa\u00e7\u00e3o nos volumes totais de carga teria aumentado de cerca de <strong>15 % em 2023 para 35 % em 2025<\/strong>, indicando uma mudan\u00e7a significativa na estrutura da demanda de frete a\u00e9reo.<\/p>\n\n<p>Essa evolu\u00e7\u00e3o parece estar introduzindo novas press\u00f5es operacionais. A log\u00edstica de e-commerce est\u00e1 tipicamente associada a expectativas de velocidade, confiabilidade e flexibilidade, que podem diferir dos fluxos de carga tradicionais. <\/p>\n\n<p>Os palestrantes apontaram a necessidade de processos mais \u00e1geis, coordena\u00e7\u00e3o aprimorada e o potencial desenvolvimento de servi\u00e7os log\u00edsticos adicionais, como <strong>centros de desconsolida\u00e7\u00e3o<\/strong> e o envolvimento de prestadores de servi\u00e7os log\u00edsticos terceirizados.<\/p>\n\n<p>Ao mesmo tempo, as discuss\u00f5es sugerem que esse crescimento n\u00e3o \u00e9 linear. Mudan\u00e7as regulat\u00f3rias \u2014 <em>como ajustes nos marcos de importa\u00e7\u00e3o<\/em> \u2014 podem influenciar volumes e introduzir novas incertezas, indicando que a trajet\u00f3ria do e-commerce permanece intimamente ligada aos ambientes de pol\u00edticas p\u00fablicas. <\/p>\n\n<figure class=\"wp-block-image aligncenter size-full\"><img decoding=\"async\" width=\"799\" height=\"534\" data-src=\"https:\/\/www.latitude-15.com\/wp-content\/uploads\/2026\/04\/55144464497_46248b308a_c.jpg\" alt=\"ecossistemas aeroportu&#xE1;rios\" class=\"wp-image-23097 lazyload\" data-srcset=\"https:\/\/www.latitude-15.com\/wp-content\/uploads\/2026\/04\/55144464497_46248b308a_c.jpg 799w, https:\/\/www.latitude-15.com\/wp-content\/uploads\/2026\/04\/55144464497_46248b308a_c-300x201.jpg 300w, https:\/\/www.latitude-15.com\/wp-content\/uploads\/2026\/04\/55144464497_46248b308a_c-768x513.jpg 768w\" data-sizes=\"(max-width: 799px) 100vw, 799px\" src=\"data:image\/svg+xml;base64,PHN2ZyB3aWR0aD0iMSIgaGVpZ2h0PSIxIiB4bWxucz0iaHR0cDovL3d3dy53My5vcmcvMjAwMC9zdmciPjwvc3ZnPg==\" style=\"--smush-placeholder-width: 799px; --smush-placeholder-aspect-ratio: 799\/534;\" \/><\/figure>\n\n<h2 class=\"wp-block-heading\">A coordena\u00e7\u00e3o como o verdadeiro gargalo<\/h2>\n\n<p>Embora infraestrutura e capacidade tenham sido discutidas, v\u00e1rias interven\u00e7\u00f5es apontaram para um tipo diferente de restri\u00e7\u00e3o: a coordena\u00e7\u00e3o ao longo da cadeia de valor da carga.<\/p>\n\n<p>Os pain\u00e9is destacaram desafios relacionados \u00e0 disponibilidade de recursos, processos regulat\u00f3rios e \u00e0 fragmenta\u00e7\u00e3o dos sistemas de informa\u00e7\u00e3o entre as partes interessadas. Em alguns casos, os gargalos operacionais foram vinculados n\u00e3o a limita\u00e7\u00f5es f\u00edsicas, mas ao desalinhamento entre os atores. <\/p>\n\n<p>As discuss\u00f5es sugerem que melhorar o desempenho da carga pode depender menos da expans\u00e3o da infraestrutura do que do aprimoramento do <strong>compartilhamento de dados, integra\u00e7\u00e3o de processos e coordena\u00e7\u00e3o institucional<\/strong>. Iniciativas como projetos-piloto para melhor planejamento de chegadas de caminh\u00f5es ou esfor\u00e7os para alinhar fluxos de informa\u00e7\u00e3o entre operadores indicam que solu\u00e7\u00f5es est\u00e3o sendo exploradas, embora permane\u00e7am em est\u00e1gio inicial. <\/p>\n\n<p>Essa \u00eanfase na coordena\u00e7\u00e3o aponta para uma mudan\u00e7a mais ampla nas prioridades, em que a efici\u00eancia operacional est\u00e1 cada vez mais vinculada \u00e0 capacidade das partes interessadas de trabalhar dentro de sistemas integrados.<\/p>\n\n<h2 class=\"wp-block-heading\">Implica\u00e7\u00f5es para a Am\u00e9rica Latina e o Caribe<\/h2>\n\n<p>Em conjunto, essas discuss\u00f5es sugerem v\u00e1rias implica\u00e7\u00f5es para a regi\u00e3o.<\/p>\n\n<p>Primeiro, a carga parece estar consolidando seu papel como uma <strong>alavanca estrat\u00e9gica para o desenvolvimento aeroportu\u00e1rio<\/strong>, particularmente em economias onde as exporta\u00e7\u00f5es dependem de mercadorias de alto valor ou sens\u00edveis ao tempo.<\/p>\n\n<p>Segundo, o crescimento do e-commerce indica uma transforma\u00e7\u00e3o nos fluxos de carga, potencialmente criando novas oportunidades, ao mesmo tempo que aumenta a complexidade operacional.<\/p>\n\n<p>Por fim, o foco recorrente na coordena\u00e7\u00e3o destaca desafios estruturais que podem afetar a competitividade dos ecossistemas aeroportu\u00e1rios. A fragmenta\u00e7\u00e3o entre institui\u00e7\u00f5es e sistemas poderia limitar a capacidade de capturar plenamente o valor gerado pela atividade de carga. <\/p>\n\n<p>Em vez de apontar para um modelo \u00fanico, as trocas sugerem que diferentes abordagens podem surgir na regi\u00e3o, dependendo das estruturas econ\u00f4micas locais, ambientes regulat\u00f3rios e n\u00edveis de alinhamento institucional.<\/p>\n\n<figure class=\"wp-block-image aligncenter size-full\"><img decoding=\"async\" width=\"799\" height=\"534\" data-src=\"https:\/\/www.latitude-15.com\/wp-content\/uploads\/2026\/04\/55145736605_291eb0dd3f_c.jpg\" alt=\"\" class=\"wp-image-23099 lazyload\" data-srcset=\"https:\/\/www.latitude-15.com\/wp-content\/uploads\/2026\/04\/55145736605_291eb0dd3f_c.jpg 799w, https:\/\/www.latitude-15.com\/wp-content\/uploads\/2026\/04\/55145736605_291eb0dd3f_c-300x201.jpg 300w, https:\/\/www.latitude-15.com\/wp-content\/uploads\/2026\/04\/55145736605_291eb0dd3f_c-768x513.jpg 768w\" data-sizes=\"(max-width: 799px) 100vw, 799px\" src=\"data:image\/svg+xml;base64,PHN2ZyB3aWR0aD0iMSIgaGVpZ2h0PSIxIiB4bWxucz0iaHR0cDovL3d3dy53My5vcmcvMjAwMC9zdmciPjwvc3ZnPg==\" style=\"--smush-placeholder-width: 799px; --smush-placeholder-aspect-ratio: 799\/534;\" \/><\/figure>\n\n<h2 class=\"wp-block-heading\">Vozes e perspectivas do setor<\/h2>\n\n<p>As perspectivas compartilhadas pelos participantes do setor refletem essas din\u00e2micas sob diferentes \u00e2ngulos.<\/p>\n\n<p>As companhias a\u00e9reas apontaram o impacto de fatores externos, como custos de combust\u00edvel, que podem representar uma parcela significativa das despesas operacionais, e a necessidade de ajustar continuamente a capacidade e a utiliza\u00e7\u00e3o da frota em resposta \u00e0 demanda.<\/p>\n\n<p>Do ponto de vista dos operadores de carga, a capacidade de antecipar volumes e alocar recursos de forma eficaz foi identificada como um desafio operacional fundamental, particularmente em um ambiente onde a demanda pode flutuar.<\/p>\n\n<p>Os operadores aeroportu\u00e1rios, por sua vez, enfatizaram a import\u00e2ncia da colabora\u00e7\u00e3o entre as partes interessadas, incluindo autoridades p\u00fablicas, para garantir que infraestrutura, processos e marcos regulat\u00f3rios evoluam de maneira coordenada.<\/p>\n\n<p>Essas perspectivas sugerem um setor em que realidades operacionais e considera\u00e7\u00f5es estrat\u00e9gicas est\u00e3o cada vez mais interconectadas.<\/p>\n\n<h2 class=\"wp-block-heading\">Perspectivas<\/h2>\n\n<p>As discuss\u00f5es em Quito n\u00e3o apontam para uma trajet\u00f3ria \u00fanica para o futuro da carga a\u00e9rea na regi\u00e3o. No entanto, sugerem que os aeroportos est\u00e3o gradualmente avan\u00e7ando em dire\u00e7\u00e3o a modelos de carga mais integrados e economicamente incorporados. <\/p>\n\n<p>\u00c0 medida que a carga continua a evoluir, seu papel dentro dos ecossistemas aeroportu\u00e1rios parece tender a se expandir, n\u00e3o apenas como fonte de receita, mas como elemento estruturante das cadeias de valor regionais.<\/p>\n\n<p>Ao mesmo tempo, a medida em que esse potencial pode ser realizado pode depender da capacidade das partes interessadas de enfrentar desafios de coordena\u00e7\u00e3o e se adaptar \u00e0s condi\u00e7\u00f5es de mercado em mudan\u00e7a.<\/p>\n\n<p>Nesse contexto, a carga n\u00e3o apenas reflete transforma\u00e7\u00f5es mais amplas \u2014 ela tamb\u00e9m pode ajudar a mold\u00e1-las.<\/p>\n","protected":false},"excerpt":{"rendered":"<p>A carga a\u00e9rea continua a ocupar uma parcela relativamente pequena do com\u00e9rcio global em volume, mas sua import\u00e2ncia econ\u00f4mica permanece substancial. Representando cerca de 1 % dos fluxos comerciais globais, mas pr\u00f3ximo a 30 % de seu valor, desempenha um papel desproporcional na conex\u00e3o de mercadorias de alto valor entre mercados. As discuss\u00f5es realizadas durante [&hellip;]<\/p>\n","protected":false},"author":5,"featured_media":23139,"comment_status":"open","ping_status":"closed","sticky":false,"template":"","format":"standard","meta":{"footnotes":""},"categories":[104,98],"tags":[],"class_list":["post-23145","post","type-post","status-publish","format-standard","has-post-thumbnail","hentry","category-aeroportos-e-infraestrutura","category-aviacao"],"yoast_head":"<!-- This site is optimized with the Yoast SEO plugin v26.9 - https:\/\/yoast.com\/product\/yoast-seo-wordpress\/ -->\n<title>ACI LAC QUITO. Carga, e-commerce e coordena\u00e7\u00e3o: sinais de Quito para os ecossistemas aeroportu\u00e1rios da Am\u00e9rica Latina - LATITUDE 15<\/title>\n<meta name=\"description\" content=\"ACI Airport Day Quito: l\u00edderes do setor destacaram como carga, e-commerce e coordena\u00e7\u00e3o est\u00e3o remodelando os ecossistemas aeroportu\u00e1rios na Am\u00e9rica Latina\" \/>\n<meta name=\"robots\" content=\"index, follow, max-snippet:-1, max-image-preview:large, max-video-preview:-1\" \/>\n<link rel=\"canonical\" href=\"https:\/\/www.latitude-15.com\/pt-br\/carga-e-commerce-e-coordenacao-sinais-de-quito-para-os-ecossistemas-aeroportuarios-da-america-latina\/\" \/>\n<meta property=\"og:locale\" content=\"pt_BR\" \/>\n<meta property=\"og:type\" content=\"article\" \/>\n<meta property=\"og:title\" content=\"ACI LAC QUITO. Carga, e-commerce e coordena\u00e7\u00e3o: sinais de Quito para os ecossistemas aeroportu\u00e1rios da Am\u00e9rica Latina - LATITUDE 15\" \/>\n<meta property=\"og:description\" content=\"ACI Airport Day Quito: l\u00edderes do setor destacaram como carga, e-commerce e coordena\u00e7\u00e3o est\u00e3o remodelando os ecossistemas aeroportu\u00e1rios na Am\u00e9rica Latina\" \/>\n<meta property=\"og:url\" content=\"https:\/\/www.latitude-15.com\/pt-br\/carga-e-commerce-e-coordenacao-sinais-de-quito-para-os-ecossistemas-aeroportuarios-da-america-latina\/\" \/>\n<meta property=\"og:site_name\" content=\"LATITUDE 15\" \/>\n<meta property=\"article:published_time\" content=\"2026-04-24T18:20:01+00:00\" \/>\n<meta property=\"article:modified_time\" content=\"2026-04-27T13:55:49+00:00\" \/>\n<meta property=\"og:image\" content=\"https:\/\/www.latitude-15.com\/wp-content\/uploads\/2026\/04\/55145518428_36bf22e892_c.jpg\" \/>\n\t<meta property=\"og:image:width\" content=\"799\" \/>\n\t<meta property=\"og:image:height\" content=\"534\" \/>\n\t<meta property=\"og:image:type\" content=\"image\/jpeg\" \/>\n<meta name=\"author\" content=\"Joda J\" \/>\n<meta name=\"twitter:card\" content=\"summary_large_image\" \/>\n<meta name=\"twitter:label1\" content=\"Escrito por\" \/>\n\t<meta name=\"twitter:data1\" content=\"Joda J\" \/>\n\t<meta name=\"twitter:label2\" content=\"Est. tempo de leitura\" \/>\n\t<meta name=\"twitter:data2\" content=\"6 minutos\" \/>\n<script type=\"application\/ld+json\" class=\"yoast-schema-graph\">{\"@context\":\"https:\/\/schema.org\",\"@graph\":[{\"@type\":\"Article\",\"@id\":\"https:\/\/www.latitude-15.com\/pt-br\/carga-e-commerce-e-coordenacao-sinais-de-quito-para-os-ecossistemas-aeroportuarios-da-america-latina\/#article\",\"isPartOf\":{\"@id\":\"https:\/\/www.latitude-15.com\/pt-br\/carga-e-commerce-e-coordenacao-sinais-de-quito-para-os-ecossistemas-aeroportuarios-da-america-latina\/\"},\"author\":{\"name\":\"Joda J\",\"@id\":\"https:\/\/www.latitude-15.com\/pt-br\/#\/schema\/person\/dac52e7ff44c78317f337da112e37252\"},\"headline\":\"ACI LAC QUITO. Carga, e-commerce e coordena\u00e7\u00e3o: sinais de Quito para os ecossistemas aeroportu\u00e1rios da Am\u00e9rica Latina\",\"datePublished\":\"2026-04-24T18:20:01+00:00\",\"dateModified\":\"2026-04-27T13:55:49+00:00\",\"mainEntityOfPage\":{\"@id\":\"https:\/\/www.latitude-15.com\/pt-br\/carga-e-commerce-e-coordenacao-sinais-de-quito-para-os-ecossistemas-aeroportuarios-da-america-latina\/\"},\"wordCount\":1302,\"commentCount\":0,\"publisher\":{\"@id\":\"https:\/\/www.latitude-15.com\/pt-br\/#organization\"},\"image\":{\"@id\":\"https:\/\/www.latitude-15.com\/pt-br\/carga-e-commerce-e-coordenacao-sinais-de-quito-para-os-ecossistemas-aeroportuarios-da-america-latina\/#primaryimage\"},\"thumbnailUrl\":\"https:\/\/www.latitude-15.com\/wp-content\/uploads\/2026\/04\/55145518428_36bf22e892_c.jpg\",\"articleSection\":[\"Aeroportos e infraestrutura\",\"AVIA\u00c7\u00c3O\"],\"inLanguage\":\"pt-BR\",\"potentialAction\":[{\"@type\":\"CommentAction\",\"name\":\"Comment\",\"target\":[\"https:\/\/www.latitude-15.com\/pt-br\/carga-e-commerce-e-coordenacao-sinais-de-quito-para-os-ecossistemas-aeroportuarios-da-america-latina\/#respond\"]}]},{\"@type\":\"WebPage\",\"@id\":\"https:\/\/www.latitude-15.com\/pt-br\/carga-e-commerce-e-coordenacao-sinais-de-quito-para-os-ecossistemas-aeroportuarios-da-america-latina\/\",\"url\":\"https:\/\/www.latitude-15.com\/pt-br\/carga-e-commerce-e-coordenacao-sinais-de-quito-para-os-ecossistemas-aeroportuarios-da-america-latina\/\",\"name\":\"ACI LAC QUITO. Carga, e-commerce e coordena\u00e7\u00e3o: sinais de Quito para os ecossistemas aeroportu\u00e1rios da Am\u00e9rica Latina - LATITUDE 15\",\"isPartOf\":{\"@id\":\"https:\/\/www.latitude-15.com\/pt-br\/#website\"},\"primaryImageOfPage\":{\"@id\":\"https:\/\/www.latitude-15.com\/pt-br\/carga-e-commerce-e-coordenacao-sinais-de-quito-para-os-ecossistemas-aeroportuarios-da-america-latina\/#primaryimage\"},\"image\":{\"@id\":\"https:\/\/www.latitude-15.com\/pt-br\/carga-e-commerce-e-coordenacao-sinais-de-quito-para-os-ecossistemas-aeroportuarios-da-america-latina\/#primaryimage\"},\"thumbnailUrl\":\"https:\/\/www.latitude-15.com\/wp-content\/uploads\/2026\/04\/55145518428_36bf22e892_c.jpg\",\"datePublished\":\"2026-04-24T18:20:01+00:00\",\"dateModified\":\"2026-04-27T13:55:49+00:00\",\"description\":\"ACI Airport Day Quito: l\u00edderes do setor destacaram como carga, e-commerce e coordena\u00e7\u00e3o est\u00e3o remodelando os ecossistemas aeroportu\u00e1rios na Am\u00e9rica Latina\",\"breadcrumb\":{\"@id\":\"https:\/\/www.latitude-15.com\/pt-br\/carga-e-commerce-e-coordenacao-sinais-de-quito-para-os-ecossistemas-aeroportuarios-da-america-latina\/#breadcrumb\"},\"inLanguage\":\"pt-BR\",\"potentialAction\":[{\"@type\":\"ReadAction\",\"target\":[\"https:\/\/www.latitude-15.com\/pt-br\/carga-e-commerce-e-coordenacao-sinais-de-quito-para-os-ecossistemas-aeroportuarios-da-america-latina\/\"]}]},{\"@type\":\"ImageObject\",\"inLanguage\":\"pt-BR\",\"@id\":\"https:\/\/www.latitude-15.com\/pt-br\/carga-e-commerce-e-coordenacao-sinais-de-quito-para-os-ecossistemas-aeroportuarios-da-america-latina\/#primaryimage\",\"url\":\"https:\/\/www.latitude-15.com\/wp-content\/uploads\/2026\/04\/55145518428_36bf22e892_c.jpg\",\"contentUrl\":\"https:\/\/www.latitude-15.com\/wp-content\/uploads\/2026\/04\/55145518428_36bf22e892_c.jpg\",\"width\":799,\"height\":534},{\"@type\":\"BreadcrumbList\",\"@id\":\"https:\/\/www.latitude-15.com\/pt-br\/carga-e-commerce-e-coordenacao-sinais-de-quito-para-os-ecossistemas-aeroportuarios-da-america-latina\/#breadcrumb\",\"itemListElement\":[{\"@type\":\"ListItem\",\"position\":1,\"name\":\"Home\",\"item\":\"https:\/\/www.latitude-15.com\/pt-br\/inicio\/\"},{\"@type\":\"ListItem\",\"position\":2,\"name\":\"ACI LAC QUITO. Carga, e-commerce e coordena\u00e7\u00e3o: sinais de Quito para os ecossistemas aeroportu\u00e1rios da Am\u00e9rica Latina\"}]},{\"@type\":\"WebSite\",\"@id\":\"https:\/\/www.latitude-15.com\/pt-br\/#website\",\"url\":\"https:\/\/www.latitude-15.com\/pt-br\/\",\"name\":\"LATITUDE 15\",\"description\":\"Aviation and maritime Magazine - Caribbean &amp; Latin America\",\"publisher\":{\"@id\":\"https:\/\/www.latitude-15.com\/pt-br\/#organization\"},\"potentialAction\":[{\"@type\":\"SearchAction\",\"target\":{\"@type\":\"EntryPoint\",\"urlTemplate\":\"https:\/\/www.latitude-15.com\/pt-br\/?s={search_term_string}\"},\"query-input\":{\"@type\":\"PropertyValueSpecification\",\"valueRequired\":true,\"valueName\":\"search_term_string\"}}],\"inLanguage\":\"pt-BR\"},{\"@type\":\"Organization\",\"@id\":\"https:\/\/www.latitude-15.com\/pt-br\/#organization\",\"name\":\"LATITUDE 15\",\"url\":\"https:\/\/www.latitude-15.com\/pt-br\/\",\"logo\":{\"@type\":\"ImageObject\",\"inLanguage\":\"pt-BR\",\"@id\":\"https:\/\/www.latitude-15.com\/pt-br\/#\/schema\/logo\/image\/\",\"url\":\"https:\/\/www.latitude-15.com\/wp-content\/uploads\/2026\/01\/cropped-logox500px.png\",\"contentUrl\":\"https:\/\/www.latitude-15.com\/wp-content\/uploads\/2026\/01\/cropped-logox500px.png\",\"width\":62,\"height\":75,\"caption\":\"LATITUDE 15\"},\"image\":{\"@id\":\"https:\/\/www.latitude-15.com\/pt-br\/#\/schema\/logo\/image\/\"}},{\"@type\":\"Person\",\"@id\":\"https:\/\/www.latitude-15.com\/pt-br\/#\/schema\/person\/dac52e7ff44c78317f337da112e37252\",\"name\":\"Joda J\",\"image\":{\"@type\":\"ImageObject\",\"inLanguage\":\"pt-BR\",\"@id\":\"https:\/\/www.latitude-15.com\/pt-br\/#\/schema\/person\/image\/\",\"url\":\"https:\/\/secure.gravatar.com\/avatar\/6b1feae555e15404b76616f92d931d12b25ac58024f14ccb43d9d3c012e4c4cf?s=96&d=mm&r=g\",\"contentUrl\":\"https:\/\/secure.gravatar.com\/avatar\/6b1feae555e15404b76616f92d931d12b25ac58024f14ccb43d9d3c012e4c4cf?s=96&d=mm&r=g\",\"caption\":\"Joda J\"},\"url\":\"https:\/\/www.latitude-15.com\/pt-br\/author\/joda\/\"}]}<\/script>\n<!-- \/ Yoast SEO plugin. -->","yoast_head_json":{"title":"ACI LAC QUITO. Carga, e-commerce e coordena\u00e7\u00e3o: sinais de Quito para os ecossistemas aeroportu\u00e1rios da Am\u00e9rica Latina - LATITUDE 15","description":"ACI Airport Day Quito: l\u00edderes do setor destacaram como carga, e-commerce e coordena\u00e7\u00e3o est\u00e3o remodelando os ecossistemas aeroportu\u00e1rios na Am\u00e9rica Latina","robots":{"index":"index","follow":"follow","max-snippet":"max-snippet:-1","max-image-preview":"max-image-preview:large","max-video-preview":"max-video-preview:-1"},"canonical":"https:\/\/www.latitude-15.com\/pt-br\/carga-e-commerce-e-coordenacao-sinais-de-quito-para-os-ecossistemas-aeroportuarios-da-america-latina\/","og_locale":"pt_BR","og_type":"article","og_title":"ACI LAC QUITO. Carga, e-commerce e coordena\u00e7\u00e3o: sinais de Quito para os ecossistemas aeroportu\u00e1rios da Am\u00e9rica Latina - LATITUDE 15","og_description":"ACI Airport Day Quito: l\u00edderes do setor destacaram como carga, e-commerce e coordena\u00e7\u00e3o est\u00e3o remodelando os ecossistemas aeroportu\u00e1rios na Am\u00e9rica Latina","og_url":"https:\/\/www.latitude-15.com\/pt-br\/carga-e-commerce-e-coordenacao-sinais-de-quito-para-os-ecossistemas-aeroportuarios-da-america-latina\/","og_site_name":"LATITUDE 15","article_published_time":"2026-04-24T18:20:01+00:00","article_modified_time":"2026-04-27T13:55:49+00:00","og_image":[{"width":799,"height":534,"url":"https:\/\/www.latitude-15.com\/wp-content\/uploads\/2026\/04\/55145518428_36bf22e892_c.jpg","type":"image\/jpeg"}],"author":"Joda J","twitter_card":"summary_large_image","twitter_misc":{"Escrito por":"Joda J","Est. tempo de leitura":"6 minutos"},"schema":{"@context":"https:\/\/schema.org","@graph":[{"@type":"Article","@id":"https:\/\/www.latitude-15.com\/pt-br\/carga-e-commerce-e-coordenacao-sinais-de-quito-para-os-ecossistemas-aeroportuarios-da-america-latina\/#article","isPartOf":{"@id":"https:\/\/www.latitude-15.com\/pt-br\/carga-e-commerce-e-coordenacao-sinais-de-quito-para-os-ecossistemas-aeroportuarios-da-america-latina\/"},"author":{"name":"Joda J","@id":"https:\/\/www.latitude-15.com\/pt-br\/#\/schema\/person\/dac52e7ff44c78317f337da112e37252"},"headline":"ACI LAC QUITO. Carga, e-commerce e coordena\u00e7\u00e3o: sinais de Quito para os ecossistemas aeroportu\u00e1rios da Am\u00e9rica Latina","datePublished":"2026-04-24T18:20:01+00:00","dateModified":"2026-04-27T13:55:49+00:00","mainEntityOfPage":{"@id":"https:\/\/www.latitude-15.com\/pt-br\/carga-e-commerce-e-coordenacao-sinais-de-quito-para-os-ecossistemas-aeroportuarios-da-america-latina\/"},"wordCount":1302,"commentCount":0,"publisher":{"@id":"https:\/\/www.latitude-15.com\/pt-br\/#organization"},"image":{"@id":"https:\/\/www.latitude-15.com\/pt-br\/carga-e-commerce-e-coordenacao-sinais-de-quito-para-os-ecossistemas-aeroportuarios-da-america-latina\/#primaryimage"},"thumbnailUrl":"https:\/\/www.latitude-15.com\/wp-content\/uploads\/2026\/04\/55145518428_36bf22e892_c.jpg","articleSection":["Aeroportos e infraestrutura","AVIA\u00c7\u00c3O"],"inLanguage":"pt-BR","potentialAction":[{"@type":"CommentAction","name":"Comment","target":["https:\/\/www.latitude-15.com\/pt-br\/carga-e-commerce-e-coordenacao-sinais-de-quito-para-os-ecossistemas-aeroportuarios-da-america-latina\/#respond"]}]},{"@type":"WebPage","@id":"https:\/\/www.latitude-15.com\/pt-br\/carga-e-commerce-e-coordenacao-sinais-de-quito-para-os-ecossistemas-aeroportuarios-da-america-latina\/","url":"https:\/\/www.latitude-15.com\/pt-br\/carga-e-commerce-e-coordenacao-sinais-de-quito-para-os-ecossistemas-aeroportuarios-da-america-latina\/","name":"ACI LAC QUITO. Carga, e-commerce e coordena\u00e7\u00e3o: sinais de Quito para os ecossistemas aeroportu\u00e1rios da Am\u00e9rica Latina - LATITUDE 15","isPartOf":{"@id":"https:\/\/www.latitude-15.com\/pt-br\/#website"},"primaryImageOfPage":{"@id":"https:\/\/www.latitude-15.com\/pt-br\/carga-e-commerce-e-coordenacao-sinais-de-quito-para-os-ecossistemas-aeroportuarios-da-america-latina\/#primaryimage"},"image":{"@id":"https:\/\/www.latitude-15.com\/pt-br\/carga-e-commerce-e-coordenacao-sinais-de-quito-para-os-ecossistemas-aeroportuarios-da-america-latina\/#primaryimage"},"thumbnailUrl":"https:\/\/www.latitude-15.com\/wp-content\/uploads\/2026\/04\/55145518428_36bf22e892_c.jpg","datePublished":"2026-04-24T18:20:01+00:00","dateModified":"2026-04-27T13:55:49+00:00","description":"ACI Airport Day Quito: l\u00edderes do setor destacaram como carga, e-commerce e coordena\u00e7\u00e3o est\u00e3o remodelando os ecossistemas aeroportu\u00e1rios na Am\u00e9rica Latina","breadcrumb":{"@id":"https:\/\/www.latitude-15.com\/pt-br\/carga-e-commerce-e-coordenacao-sinais-de-quito-para-os-ecossistemas-aeroportuarios-da-america-latina\/#breadcrumb"},"inLanguage":"pt-BR","potentialAction":[{"@type":"ReadAction","target":["https:\/\/www.latitude-15.com\/pt-br\/carga-e-commerce-e-coordenacao-sinais-de-quito-para-os-ecossistemas-aeroportuarios-da-america-latina\/"]}]},{"@type":"ImageObject","inLanguage":"pt-BR","@id":"https:\/\/www.latitude-15.com\/pt-br\/carga-e-commerce-e-coordenacao-sinais-de-quito-para-os-ecossistemas-aeroportuarios-da-america-latina\/#primaryimage","url":"https:\/\/www.latitude-15.com\/wp-content\/uploads\/2026\/04\/55145518428_36bf22e892_c.jpg","contentUrl":"https:\/\/www.latitude-15.com\/wp-content\/uploads\/2026\/04\/55145518428_36bf22e892_c.jpg","width":799,"height":534},{"@type":"BreadcrumbList","@id":"https:\/\/www.latitude-15.com\/pt-br\/carga-e-commerce-e-coordenacao-sinais-de-quito-para-os-ecossistemas-aeroportuarios-da-america-latina\/#breadcrumb","itemListElement":[{"@type":"ListItem","position":1,"name":"Home","item":"https:\/\/www.latitude-15.com\/pt-br\/inicio\/"},{"@type":"ListItem","position":2,"name":"ACI LAC QUITO. Carga, e-commerce e coordena\u00e7\u00e3o: sinais de Quito para os ecossistemas aeroportu\u00e1rios da Am\u00e9rica Latina"}]},{"@type":"WebSite","@id":"https:\/\/www.latitude-15.com\/pt-br\/#website","url":"https:\/\/www.latitude-15.com\/pt-br\/","name":"LATITUDE 15","description":"Aviation and maritime Magazine - Caribbean &amp; Latin America","publisher":{"@id":"https:\/\/www.latitude-15.com\/pt-br\/#organization"},"potentialAction":[{"@type":"SearchAction","target":{"@type":"EntryPoint","urlTemplate":"https:\/\/www.latitude-15.com\/pt-br\/?s={search_term_string}"},"query-input":{"@type":"PropertyValueSpecification","valueRequired":true,"valueName":"search_term_string"}}],"inLanguage":"pt-BR"},{"@type":"Organization","@id":"https:\/\/www.latitude-15.com\/pt-br\/#organization","name":"LATITUDE 15","url":"https:\/\/www.latitude-15.com\/pt-br\/","logo":{"@type":"ImageObject","inLanguage":"pt-BR","@id":"https:\/\/www.latitude-15.com\/pt-br\/#\/schema\/logo\/image\/","url":"https:\/\/www.latitude-15.com\/wp-content\/uploads\/2026\/01\/cropped-logox500px.png","contentUrl":"https:\/\/www.latitude-15.com\/wp-content\/uploads\/2026\/01\/cropped-logox500px.png","width":62,"height":75,"caption":"LATITUDE 15"},"image":{"@id":"https:\/\/www.latitude-15.com\/pt-br\/#\/schema\/logo\/image\/"}},{"@type":"Person","@id":"https:\/\/www.latitude-15.com\/pt-br\/#\/schema\/person\/dac52e7ff44c78317f337da112e37252","name":"Joda J","image":{"@type":"ImageObject","inLanguage":"pt-BR","@id":"https:\/\/www.latitude-15.com\/pt-br\/#\/schema\/person\/image\/","url":"https:\/\/secure.gravatar.com\/avatar\/6b1feae555e15404b76616f92d931d12b25ac58024f14ccb43d9d3c012e4c4cf?s=96&d=mm&r=g","contentUrl":"https:\/\/secure.gravatar.com\/avatar\/6b1feae555e15404b76616f92d931d12b25ac58024f14ccb43d9d3c012e4c4cf?s=96&d=mm&r=g","caption":"Joda J"},"url":"https:\/\/www.latitude-15.com\/pt-br\/author\/joda\/"}]}},"_links":{"self":[{"href":"https:\/\/www.latitude-15.com\/pt-br\/wp-json\/wp\/v2\/posts\/23145","targetHints":{"allow":["GET"]}}],"collection":[{"href":"https:\/\/www.latitude-15.com\/pt-br\/wp-json\/wp\/v2\/posts"}],"about":[{"href":"https:\/\/www.latitude-15.com\/pt-br\/wp-json\/wp\/v2\/types\/post"}],"author":[{"embeddable":true,"href":"https:\/\/www.latitude-15.com\/pt-br\/wp-json\/wp\/v2\/users\/5"}],"replies":[{"embeddable":true,"href":"https:\/\/www.latitude-15.com\/pt-br\/wp-json\/wp\/v2\/comments?post=23145"}],"version-history":[{"count":3,"href":"https:\/\/www.latitude-15.com\/pt-br\/wp-json\/wp\/v2\/posts\/23145\/revisions"}],"predecessor-version":[{"id":23176,"href":"https:\/\/www.latitude-15.com\/pt-br\/wp-json\/wp\/v2\/posts\/23145\/revisions\/23176"}],"wp:featuredmedia":[{"embeddable":true,"href":"https:\/\/www.latitude-15.com\/pt-br\/wp-json\/wp\/v2\/media\/23139"}],"wp:attachment":[{"href":"https:\/\/www.latitude-15.com\/pt-br\/wp-json\/wp\/v2\/media?parent=23145"}],"wp:term":[{"taxonomy":"category","embeddable":true,"href":"https:\/\/www.latitude-15.com\/pt-br\/wp-json\/wp\/v2\/categories?post=23145"},{"taxonomy":"post_tag","embeddable":true,"href":"https:\/\/www.latitude-15.com\/pt-br\/wp-json\/wp\/v2\/tags?post=23145"}],"curies":[{"name":"wp","href":"https:\/\/api.w.org\/{rel}","templated":true}]}}