{"id":23004,"date":"2026-04-23T11:21:29","date_gmt":"2026-04-23T15:21:29","guid":{"rendered":"https:\/\/www.latitude-15.com\/os-frameworks-digitais-de-dados-podem-apoiar-uma-integracao-logistica-mais-profunda-na-regiao\/"},"modified":"2026-04-24T11:14:16","modified_gmt":"2026-04-24T15:14:16","slug":"os-frameworks-digitais-de-dados-podem-apoiar-uma-integracao-logistica-mais-profunda-na-regiao","status":"publish","type":"post","link":"https:\/\/www.latitude-15.com\/pt-br\/os-frameworks-digitais-de-dados-podem-apoiar-uma-integracao-logistica-mais-profunda-na-regiao\/","title":{"rendered":"Os frameworks digitais de dados podem apoiar uma integra\u00e7\u00e3o log\u00edstica mais profunda na regi\u00e3o?"},"content":{"rendered":"\n<p>Enquanto as cadeias globais de suprimento continuam a se expandir e digitalizar, os sistemas log\u00edsticos na Am\u00e9rica Latina e no Caribe (LAC) permanecem conectados de forma desigual no n\u00edvel regional.<strong><em><a href=\"https:\/\/www.latitude-15.com\/pt-br\/frete-digital-e-integracao-regional-o-que-o-webinar-lac-efti4all-sugere-para-o-panorama-logistico-regional\/\"> As discuss\u00f5es durante o webinar LAC eFTI4ALL <\/a><\/em><\/strong>apontaram para um desafio recorrente: apesar de fortes conex\u00f5es internacionais, a integra\u00e7\u00e3o intra-regional ainda \u00e9 limitada, tanto em termos de fluxos f\u00edsicos quanto de troca de dados.<\/p>\n\n<p>Nesse contexto, o surgimento de frameworks digitais de frete, como o eFTI, levanta uma quest\u00e3o mais ampla: sistemas padronizados de dados podem ajudar a reduzir essas lacunas e apoiar uma log\u00edstica mais coordenada em toda a regi\u00e3o?<\/p>\n\n<h2 class=\"wp-block-heading\">Uma regi\u00e3o conectada globalmente, mas fragmentada internamente<\/h2>\n\n<p>Um dos principais pontos destacados na sess\u00e3o est\u00e1 nessa contradi\u00e7\u00e3o estrutural: a regi\u00e3o est\u00e1 profundamente conectada aos fluxos comerciais globais, mas permanece apenas parcialmente integrada dentro de sua pr\u00f3pria geografia.<\/p>\n\n<p>Serge Letchimy ilustrou esse desequil\u00edbrio de forma concreta, observando que \u201cimportamos muito\u201d, enquanto \u201c9 de cada 10 cont\u00eaineres saem vazios ou meio vazios\u201d. Para al\u00e9m da inefici\u00eancia, isso aponta para um sistema log\u00edstico estruturado principalmente em torno de cadeias de suprimento externas, e n\u00e3o da circula\u00e7\u00e3o regional.<\/p>\n\n<p>Ele tamb\u00e9m sugeriu que os modelos atuais \u201cn\u00e3o foram concebidos para organizar mercados regionais\u201d, refor\u00e7ando uma din\u00e2mica em que a regi\u00e3o funciona mais como um espa\u00e7o de tr\u00e2nsito do que como um gerador de valor. Nesse contexto, a conectividade global n\u00e3o se traduz necessariamente em coes\u00e3o regional. <\/p>\n\n<h2 class=\"wp-block-heading\">Al\u00e9m da infraestrutura: o desafio da coordena\u00e7\u00e3o<\/h2>\n\n<p>Embora a infraestrutura seja frequentemente vista como o principal gargalo, as discuss\u00f5es indicam uma realidade mais complexa.<\/p>\n\n<p>Serge Letchimy apresentou a log\u00edstica como um sistema mais amplo, que vai al\u00e9m dos fluxos f\u00edsicos, incluindo informa\u00e7\u00e3o, coordena\u00e7\u00e3o e processos de tomada de decis\u00e3o. Sem alinhamento entre essas camadas, melhorias na infraestrutura isoladamente podem ter impacto limitado. <\/p>\n\n<p>Sandra Casanova trouxe uma perspectiva mais operacional, observando que \u201ca informa\u00e7\u00e3o n\u00e3o circula facilmente\u201d e que os sistemas permanecem insuficientemente conectados. Ela apontou \u201ccontroles redundantes\u201d causados pela falta de interoperabilidade, inclusive entre territ\u00f3rios estreitamente ligados. <\/p>\n\n<p>Na pr\u00e1tica, isso resulta em sistemas paralelos operando lado a lado, em vez de funcionarem como parte de um framework regional unificado. A quest\u00e3o, portanto, n\u00e3o \u00e9 apenas movimentar mercadorias com mais efici\u00eancia, mas permitir que os atores operem dentro de um sistema compartilhado. <\/p>\n\n<figure class=\"wp-block-image size-large\"><img fetchpriority=\"high\" decoding=\"async\" width=\"1024\" height=\"582\" src=\"https:\/\/www.latitude-15.com\/wp-content\/uploads\/2026\/04\/img10-1024x582.jpg\" alt=\"\" class=\"wp-image-23059\" srcset=\"https:\/\/www.latitude-15.com\/wp-content\/uploads\/2026\/04\/img10-1024x582.jpg 1024w, https:\/\/www.latitude-15.com\/wp-content\/uploads\/2026\/04\/img10-300x170.jpg 300w, https:\/\/www.latitude-15.com\/wp-content\/uploads\/2026\/04\/img10-768x436.jpg 768w, https:\/\/www.latitude-15.com\/wp-content\/uploads\/2026\/04\/img10.jpg 1237w\" sizes=\"(max-width: 1024px) 100vw, 1024px\" \/><\/figure>\n\n<h2 class=\"wp-block-heading\">Os dados como camada ausente na integra\u00e7\u00e3o regional<\/h2>\n\n<p>Ao longo das interven\u00e7\u00f5es, um elemento surge de forma consistente como lacuna: os dados.<\/p>\n\n<p>Sandra Casanova destacou a aus\u00eancia de informa\u00e7\u00e3o estruturada, mencionando a falta de \u201cestat\u00edsticas e de um observat\u00f3rio com coleta e explora\u00e7\u00e3o de dados\u201d. Essa limita\u00e7\u00e3o reduz a visibilidade das cadeias de suprimento e restringe tanto o planejamento quanto a coordena\u00e7\u00e3o.<\/p>\n\n<p>Sem padr\u00f5es compartilhados ou dados em tempo real, os operadores enfrentam ambientes informacionais fragmentados, o que dificulta antecipar interrup\u00e7\u00f5es e otimizar fluxos. Nesse sentido, os dados n\u00e3o apenas apoiam a log\u00edstica \u2014 eles s\u00e3o fundamentais para sua efic\u00e1cia. <\/p>\n\n<p>Isso sugere que a integra\u00e7\u00e3o regional depende n\u00e3o apenas de infraestrutura e alinhamento de pol\u00edticas, mas tamb\u00e9m da capacidade de construir uma camada de dados compartilhada em todo o ecossistema.<\/p>\n\n<h2 class=\"wp-block-heading\">eFTI como facilitador potencial, n\u00e3o como solu\u00e7\u00e3o<\/h2>\n\n<p>Dentro desse contexto, o framework eFTI foi apresentado como um poss\u00edvel passo em dire\u00e7\u00e3o a uma maior coordena\u00e7\u00e3o.<\/p>\n\n<p>Sandra Casanova o descreveu como \u201cuma linguagem comum de dados harmonizados\u201d, permitindo \u201ctrocas seguras entre operadores e autoridades p\u00fablicas\u201d e viabilizando \u201cdados em tempo real e rastreabilidade dos fluxos\u201d. O objetivo n\u00e3o \u00e9 apenas digitalizar processos, mas criar uma estrutura comum para o interc\u00e2mbio de informa\u00e7\u00f5es.<\/p>\n\n<p>Do ponto de vista t\u00e9cnico, Heiti Mering destacou a transi\u00e7\u00e3o para al\u00e9m dos sistemas baseados em papel, afirmando que \u201cn\u00e3o precisamos mais seguir processos baseados em papel\u201d. As plataformas digitais poderiam permitir trocas mais fluidas \u2014 desde que interoperabilidade e seguran\u00e7a sejam garantidas.<\/p>\n\n<p>Ao mesmo tempo, as discuss\u00f5es indicam que o impacto dessas ferramentas permanece condicionado. Sua efic\u00e1cia depende da ado\u00e7\u00e3o em larga escala, do alinhamento entre stakeholders e da integra\u00e7\u00e3o com sistemas existentes. Nesse sentido, o eFTI parece menos uma solu\u00e7\u00e3o em si e mais um framework capaz de viabilizar mudan\u00e7as sob determinadas condi\u00e7\u00f5es.  <\/p>\n\n<h2 class=\"wp-block-heading\">Frameworks regionais j\u00e1 existem<\/h2>\n\n<p>\u00c9 importante destacar que a regi\u00e3o n\u00e3o parte do zero.<\/p>\n\n<p>A Dra. Pauline Yearwood apontou para os frameworks de pol\u00edticas de transporte existentes no \u00e2mbito da CARICOM, que visam garantir \u201cservi\u00e7os de transporte adequados, seguros e competitivos internacionalmente\u201d para apoiar o desenvolvimento regional. Ela tamb\u00e9m destacou que \u201co transporte a\u00e9reo e mar\u00edtimo \u00e9 essencial\u201d em um contexto onde a maioria dos pa\u00edses est\u00e1 separada pelo mar. <\/p>\n\n<p>Esses elementos sugerem que as bases institucionais para a integra\u00e7\u00e3o j\u00e1 est\u00e3o estabelecidas. No entanto, transformar pol\u00edticas em coordena\u00e7\u00e3o operacional ainda representa um desafio. <\/p>\n\n<p>Nesse contexto, frameworks digitais de frete podem complementar as estruturas existentes ao fornecer ferramentas que apoiem a execu\u00e7\u00e3o \u2014 sem substituir a necessidade de alinhamento pol\u00edtico.<\/p>\n\n<h2 class=\"wp-block-heading\">Da ambi\u00e7\u00e3o \u00e0 execu\u00e7\u00e3o<\/h2>\n\n<p>Uma tens\u00e3o recorrente ao longo do webinar est\u00e1 na diferen\u00e7a entre ambi\u00e7\u00e3o e implementa\u00e7\u00e3o.<\/p>\n\n<p>Por um lado, h\u00e1 uma clara inten\u00e7\u00e3o de fortalecer a integra\u00e7\u00e3o regional, apoiada por frameworks institucionais e posicionamentos estrat\u00e9gicos. Por outro, realidades operacionais \u2014 sistemas fragmentados, compartilhamento limitado de dados e lacunas de coordena\u00e7\u00e3o \u2014 continuam a desacelerar o progresso. <\/p>\n\n<p>Ferramentas digitais podem ajudar a reduzir algumas dessas fric\u00e7\u00f5es, mas seu impacto depende de como s\u00e3o implementadas e adotadas ao longo do ecossistema. Como sugerido nas discuss\u00f5es, melhorar a integra\u00e7\u00e3o exige n\u00e3o apenas solu\u00e7\u00f5es tecnol\u00f3gicas, mas tamb\u00e9m alinhamento entre atores p\u00fablicos e privados. <\/p>\n\n<h2 class=\"wp-block-heading\">Conclus\u00e3o \u2013 Integra\u00e7\u00e3o ainda condicionada<\/h2>\n\n<p>As discuss\u00f5es sugerem que frameworks digitais de dados podem contribuir para uma integra\u00e7\u00e3o log\u00edstica mais profunda na regi\u00e3o, ao melhorar fluxos de informa\u00e7\u00e3o e coordena\u00e7\u00e3o.<\/p>\n\n<p>Ao mesmo tempo, essa integra\u00e7\u00e3o permanece condicionada. Depende n\u00e3o apenas da disponibilidade de ferramentas, mas da capacidade de alinhar padr\u00f5es, garantir interoperabilidade e coordenar m\u00faltiplas jurisdi\u00e7\u00f5es e stakeholders. <\/p>\n\n<p>\u00c0 medida que a regi\u00e3o avan\u00e7a na explora\u00e7\u00e3o dessas abordagens, a trajet\u00f3ria aponta para uma transforma\u00e7\u00e3o gradual, e n\u00e3o imediata. O frete digital abre novas possibilidades \u2014 mas o grau em que elas se traduzir\u00e3o em integra\u00e7\u00e3o concreta depender\u00e1 de como esses sistemas ser\u00e3o implementados e adotados ao longo do tempo. <\/p>\n","protected":false},"excerpt":{"rendered":"<p>Enquanto as cadeias globais de suprimento continuam a se expandir e digitalizar, os sistemas log\u00edsticos na Am\u00e9rica Latina e no Caribe (LAC) permanecem conectados de forma desigual no n\u00edvel regional. As discuss\u00f5es durante o webinar LAC eFTI4ALL apontaram para um desafio recorrente: apesar de fortes conex\u00f5es internacionais, a integra\u00e7\u00e3o intra-regional ainda \u00e9 limitada, tanto em [&hellip;]<\/p>\n","protected":false},"author":5,"featured_media":23003,"comment_status":"open","ping_status":"closed","sticky":false,"template":"","format":"standard","meta":{"footnotes":""},"categories":[119,137],"tags":[],"class_list":["post-23004","post","type-post","status-publish","format-standard","has-post-thumbnail","hentry","category-maritimo","category-portos-e-logistica"],"yoast_head":"<!-- This site is optimized with the Yoast SEO plugin v26.9 - https:\/\/yoast.com\/product\/yoast-seo-wordpress\/ -->\n<title>Os frameworks digitais de dados podem apoiar uma integra\u00e7\u00e3o log\u00edstica mais profunda na regi\u00e3o? - LATITUDE 15<\/title>\n<meta name=\"description\" content=\"As estruturas de dados de frete digital podem melhorar a integra\u00e7\u00e3o log\u00edstica em toda a regi\u00e3o da ALC? Insights do webinar eFTI4ALL.\" \/>\n<meta name=\"robots\" content=\"index, follow, max-snippet:-1, max-image-preview:large, max-video-preview:-1\" \/>\n<link rel=\"canonical\" href=\"https:\/\/www.latitude-15.com\/pt-br\/os-frameworks-digitais-de-dados-podem-apoiar-uma-integracao-logistica-mais-profunda-na-regiao\/\" \/>\n<meta property=\"og:locale\" content=\"pt_BR\" \/>\n<meta property=\"og:type\" content=\"article\" \/>\n<meta property=\"og:title\" content=\"Os frameworks digitais de dados podem apoiar uma integra\u00e7\u00e3o log\u00edstica mais profunda na regi\u00e3o? - LATITUDE 15\" \/>\n<meta property=\"og:description\" content=\"As estruturas de dados de frete digital podem melhorar a integra\u00e7\u00e3o log\u00edstica em toda a regi\u00e3o da ALC? Insights do webinar eFTI4ALL.\" \/>\n<meta property=\"og:url\" content=\"https:\/\/www.latitude-15.com\/pt-br\/os-frameworks-digitais-de-dados-podem-apoiar-uma-integracao-logistica-mais-profunda-na-regiao\/\" \/>\n<meta property=\"og:site_name\" content=\"LATITUDE 15\" \/>\n<meta property=\"article:published_time\" content=\"2026-04-23T15:21:29+00:00\" \/>\n<meta property=\"article:modified_time\" content=\"2026-04-24T15:14:16+00:00\" \/>\n<meta property=\"og:image\" content=\"https:\/\/www.latitude-15.com\/wp-content\/uploads\/2026\/04\/img76392610-1024x683.png\" \/>\n\t<meta property=\"og:image:width\" content=\"1024\" \/>\n\t<meta property=\"og:image:height\" content=\"683\" \/>\n\t<meta property=\"og:image:type\" content=\"image\/png\" \/>\n<meta name=\"author\" content=\"Joda J\" \/>\n<meta name=\"twitter:card\" content=\"summary_large_image\" \/>\n<meta name=\"twitter:label1\" content=\"Escrito por\" \/>\n\t<meta name=\"twitter:data1\" content=\"Joda J\" \/>\n\t<meta name=\"twitter:label2\" content=\"Est. tempo de leitura\" \/>\n\t<meta name=\"twitter:data2\" content=\"6 minutos\" \/>\n<script type=\"application\/ld+json\" class=\"yoast-schema-graph\">{\"@context\":\"https:\/\/schema.org\",\"@graph\":[{\"@type\":\"Article\",\"@id\":\"https:\/\/www.latitude-15.com\/pt-br\/os-frameworks-digitais-de-dados-podem-apoiar-uma-integracao-logistica-mais-profunda-na-regiao\/#article\",\"isPartOf\":{\"@id\":\"https:\/\/www.latitude-15.com\/pt-br\/os-frameworks-digitais-de-dados-podem-apoiar-uma-integracao-logistica-mais-profunda-na-regiao\/\"},\"author\":{\"name\":\"Joda J\",\"@id\":\"https:\/\/www.latitude-15.com\/pt-br\/#\/schema\/person\/dac52e7ff44c78317f337da112e37252\"},\"headline\":\"Os frameworks digitais de dados podem apoiar uma integra\u00e7\u00e3o log\u00edstica mais profunda na regi\u00e3o?\",\"datePublished\":\"2026-04-23T15:21:29+00:00\",\"dateModified\":\"2026-04-24T15:14:16+00:00\",\"mainEntityOfPage\":{\"@id\":\"https:\/\/www.latitude-15.com\/pt-br\/os-frameworks-digitais-de-dados-podem-apoiar-uma-integracao-logistica-mais-profunda-na-regiao\/\"},\"wordCount\":1143,\"commentCount\":0,\"publisher\":{\"@id\":\"https:\/\/www.latitude-15.com\/pt-br\/#organization\"},\"image\":{\"@id\":\"https:\/\/www.latitude-15.com\/pt-br\/os-frameworks-digitais-de-dados-podem-apoiar-uma-integracao-logistica-mais-profunda-na-regiao\/#primaryimage\"},\"thumbnailUrl\":\"https:\/\/www.latitude-15.com\/wp-content\/uploads\/2026\/04\/img76392610.png\",\"articleSection\":[\"MAR\u00cdTIMO\",\"Portos e log\u00edstica\"],\"inLanguage\":\"pt-BR\",\"potentialAction\":[{\"@type\":\"CommentAction\",\"name\":\"Comment\",\"target\":[\"https:\/\/www.latitude-15.com\/pt-br\/os-frameworks-digitais-de-dados-podem-apoiar-uma-integracao-logistica-mais-profunda-na-regiao\/#respond\"]}]},{\"@type\":\"WebPage\",\"@id\":\"https:\/\/www.latitude-15.com\/pt-br\/os-frameworks-digitais-de-dados-podem-apoiar-uma-integracao-logistica-mais-profunda-na-regiao\/\",\"url\":\"https:\/\/www.latitude-15.com\/pt-br\/os-frameworks-digitais-de-dados-podem-apoiar-uma-integracao-logistica-mais-profunda-na-regiao\/\",\"name\":\"Os frameworks digitais de dados podem apoiar uma integra\u00e7\u00e3o log\u00edstica mais profunda na regi\u00e3o? - LATITUDE 15\",\"isPartOf\":{\"@id\":\"https:\/\/www.latitude-15.com\/pt-br\/#website\"},\"primaryImageOfPage\":{\"@id\":\"https:\/\/www.latitude-15.com\/pt-br\/os-frameworks-digitais-de-dados-podem-apoiar-uma-integracao-logistica-mais-profunda-na-regiao\/#primaryimage\"},\"image\":{\"@id\":\"https:\/\/www.latitude-15.com\/pt-br\/os-frameworks-digitais-de-dados-podem-apoiar-uma-integracao-logistica-mais-profunda-na-regiao\/#primaryimage\"},\"thumbnailUrl\":\"https:\/\/www.latitude-15.com\/wp-content\/uploads\/2026\/04\/img76392610.png\",\"datePublished\":\"2026-04-23T15:21:29+00:00\",\"dateModified\":\"2026-04-24T15:14:16+00:00\",\"description\":\"As estruturas de dados de frete digital podem melhorar a integra\u00e7\u00e3o log\u00edstica em toda a regi\u00e3o da ALC? Insights do webinar eFTI4ALL.\",\"breadcrumb\":{\"@id\":\"https:\/\/www.latitude-15.com\/pt-br\/os-frameworks-digitais-de-dados-podem-apoiar-uma-integracao-logistica-mais-profunda-na-regiao\/#breadcrumb\"},\"inLanguage\":\"pt-BR\",\"potentialAction\":[{\"@type\":\"ReadAction\",\"target\":[\"https:\/\/www.latitude-15.com\/pt-br\/os-frameworks-digitais-de-dados-podem-apoiar-uma-integracao-logistica-mais-profunda-na-regiao\/\"]}]},{\"@type\":\"ImageObject\",\"inLanguage\":\"pt-BR\",\"@id\":\"https:\/\/www.latitude-15.com\/pt-br\/os-frameworks-digitais-de-dados-podem-apoiar-uma-integracao-logistica-mais-profunda-na-regiao\/#primaryimage\",\"url\":\"https:\/\/www.latitude-15.com\/wp-content\/uploads\/2026\/04\/img76392610.png\",\"contentUrl\":\"https:\/\/www.latitude-15.com\/wp-content\/uploads\/2026\/04\/img76392610.png\",\"width\":1536,\"height\":1024,\"caption\":\"estruturas de dados digitais\"},{\"@type\":\"BreadcrumbList\",\"@id\":\"https:\/\/www.latitude-15.com\/pt-br\/os-frameworks-digitais-de-dados-podem-apoiar-uma-integracao-logistica-mais-profunda-na-regiao\/#breadcrumb\",\"itemListElement\":[{\"@type\":\"ListItem\",\"position\":1,\"name\":\"Home\",\"item\":\"https:\/\/www.latitude-15.com\/pt-br\/inicio\/\"},{\"@type\":\"ListItem\",\"position\":2,\"name\":\"Os frameworks digitais de dados podem apoiar uma integra\u00e7\u00e3o log\u00edstica mais profunda na regi\u00e3o?\"}]},{\"@type\":\"WebSite\",\"@id\":\"https:\/\/www.latitude-15.com\/pt-br\/#website\",\"url\":\"https:\/\/www.latitude-15.com\/pt-br\/\",\"name\":\"LATITUDE 15\",\"description\":\"Aviation and maritime Magazine - Caribbean &amp; Latin America\",\"publisher\":{\"@id\":\"https:\/\/www.latitude-15.com\/pt-br\/#organization\"},\"potentialAction\":[{\"@type\":\"SearchAction\",\"target\":{\"@type\":\"EntryPoint\",\"urlTemplate\":\"https:\/\/www.latitude-15.com\/pt-br\/?s={search_term_string}\"},\"query-input\":{\"@type\":\"PropertyValueSpecification\",\"valueRequired\":true,\"valueName\":\"search_term_string\"}}],\"inLanguage\":\"pt-BR\"},{\"@type\":\"Organization\",\"@id\":\"https:\/\/www.latitude-15.com\/pt-br\/#organization\",\"name\":\"LATITUDE 15\",\"url\":\"https:\/\/www.latitude-15.com\/pt-br\/\",\"logo\":{\"@type\":\"ImageObject\",\"inLanguage\":\"pt-BR\",\"@id\":\"https:\/\/www.latitude-15.com\/pt-br\/#\/schema\/logo\/image\/\",\"url\":\"https:\/\/www.latitude-15.com\/wp-content\/uploads\/2026\/01\/cropped-logox500px.png\",\"contentUrl\":\"https:\/\/www.latitude-15.com\/wp-content\/uploads\/2026\/01\/cropped-logox500px.png\",\"width\":62,\"height\":75,\"caption\":\"LATITUDE 15\"},\"image\":{\"@id\":\"https:\/\/www.latitude-15.com\/pt-br\/#\/schema\/logo\/image\/\"}},{\"@type\":\"Person\",\"@id\":\"https:\/\/www.latitude-15.com\/pt-br\/#\/schema\/person\/dac52e7ff44c78317f337da112e37252\",\"name\":\"Joda J\",\"image\":{\"@type\":\"ImageObject\",\"inLanguage\":\"pt-BR\",\"@id\":\"https:\/\/www.latitude-15.com\/pt-br\/#\/schema\/person\/image\/\",\"url\":\"https:\/\/secure.gravatar.com\/avatar\/6b1feae555e15404b76616f92d931d12b25ac58024f14ccb43d9d3c012e4c4cf?s=96&d=mm&r=g\",\"contentUrl\":\"https:\/\/secure.gravatar.com\/avatar\/6b1feae555e15404b76616f92d931d12b25ac58024f14ccb43d9d3c012e4c4cf?s=96&d=mm&r=g\",\"caption\":\"Joda J\"},\"url\":\"https:\/\/www.latitude-15.com\/pt-br\/author\/joda\/\"}]}<\/script>\n<!-- \/ Yoast SEO plugin. -->","yoast_head_json":{"title":"Os frameworks digitais de dados podem apoiar uma integra\u00e7\u00e3o log\u00edstica mais profunda na regi\u00e3o? - LATITUDE 15","description":"As estruturas de dados de frete digital podem melhorar a integra\u00e7\u00e3o log\u00edstica em toda a regi\u00e3o da ALC? Insights do webinar eFTI4ALL.","robots":{"index":"index","follow":"follow","max-snippet":"max-snippet:-1","max-image-preview":"max-image-preview:large","max-video-preview":"max-video-preview:-1"},"canonical":"https:\/\/www.latitude-15.com\/pt-br\/os-frameworks-digitais-de-dados-podem-apoiar-uma-integracao-logistica-mais-profunda-na-regiao\/","og_locale":"pt_BR","og_type":"article","og_title":"Os frameworks digitais de dados podem apoiar uma integra\u00e7\u00e3o log\u00edstica mais profunda na regi\u00e3o? - LATITUDE 15","og_description":"As estruturas de dados de frete digital podem melhorar a integra\u00e7\u00e3o log\u00edstica em toda a regi\u00e3o da ALC? Insights do webinar eFTI4ALL.","og_url":"https:\/\/www.latitude-15.com\/pt-br\/os-frameworks-digitais-de-dados-podem-apoiar-uma-integracao-logistica-mais-profunda-na-regiao\/","og_site_name":"LATITUDE 15","article_published_time":"2026-04-23T15:21:29+00:00","article_modified_time":"2026-04-24T15:14:16+00:00","og_image":[{"width":1024,"height":683,"url":"https:\/\/www.latitude-15.com\/wp-content\/uploads\/2026\/04\/img76392610-1024x683.png","type":"image\/png"}],"author":"Joda J","twitter_card":"summary_large_image","twitter_misc":{"Escrito por":"Joda J","Est. tempo de leitura":"6 minutos"},"schema":{"@context":"https:\/\/schema.org","@graph":[{"@type":"Article","@id":"https:\/\/www.latitude-15.com\/pt-br\/os-frameworks-digitais-de-dados-podem-apoiar-uma-integracao-logistica-mais-profunda-na-regiao\/#article","isPartOf":{"@id":"https:\/\/www.latitude-15.com\/pt-br\/os-frameworks-digitais-de-dados-podem-apoiar-uma-integracao-logistica-mais-profunda-na-regiao\/"},"author":{"name":"Joda J","@id":"https:\/\/www.latitude-15.com\/pt-br\/#\/schema\/person\/dac52e7ff44c78317f337da112e37252"},"headline":"Os frameworks digitais de dados podem apoiar uma integra\u00e7\u00e3o log\u00edstica mais profunda na regi\u00e3o?","datePublished":"2026-04-23T15:21:29+00:00","dateModified":"2026-04-24T15:14:16+00:00","mainEntityOfPage":{"@id":"https:\/\/www.latitude-15.com\/pt-br\/os-frameworks-digitais-de-dados-podem-apoiar-uma-integracao-logistica-mais-profunda-na-regiao\/"},"wordCount":1143,"commentCount":0,"publisher":{"@id":"https:\/\/www.latitude-15.com\/pt-br\/#organization"},"image":{"@id":"https:\/\/www.latitude-15.com\/pt-br\/os-frameworks-digitais-de-dados-podem-apoiar-uma-integracao-logistica-mais-profunda-na-regiao\/#primaryimage"},"thumbnailUrl":"https:\/\/www.latitude-15.com\/wp-content\/uploads\/2026\/04\/img76392610.png","articleSection":["MAR\u00cdTIMO","Portos e log\u00edstica"],"inLanguage":"pt-BR","potentialAction":[{"@type":"CommentAction","name":"Comment","target":["https:\/\/www.latitude-15.com\/pt-br\/os-frameworks-digitais-de-dados-podem-apoiar-uma-integracao-logistica-mais-profunda-na-regiao\/#respond"]}]},{"@type":"WebPage","@id":"https:\/\/www.latitude-15.com\/pt-br\/os-frameworks-digitais-de-dados-podem-apoiar-uma-integracao-logistica-mais-profunda-na-regiao\/","url":"https:\/\/www.latitude-15.com\/pt-br\/os-frameworks-digitais-de-dados-podem-apoiar-uma-integracao-logistica-mais-profunda-na-regiao\/","name":"Os frameworks digitais de dados podem apoiar uma integra\u00e7\u00e3o log\u00edstica mais profunda na regi\u00e3o? - LATITUDE 15","isPartOf":{"@id":"https:\/\/www.latitude-15.com\/pt-br\/#website"},"primaryImageOfPage":{"@id":"https:\/\/www.latitude-15.com\/pt-br\/os-frameworks-digitais-de-dados-podem-apoiar-uma-integracao-logistica-mais-profunda-na-regiao\/#primaryimage"},"image":{"@id":"https:\/\/www.latitude-15.com\/pt-br\/os-frameworks-digitais-de-dados-podem-apoiar-uma-integracao-logistica-mais-profunda-na-regiao\/#primaryimage"},"thumbnailUrl":"https:\/\/www.latitude-15.com\/wp-content\/uploads\/2026\/04\/img76392610.png","datePublished":"2026-04-23T15:21:29+00:00","dateModified":"2026-04-24T15:14:16+00:00","description":"As estruturas de dados de frete digital podem melhorar a integra\u00e7\u00e3o log\u00edstica em toda a regi\u00e3o da ALC? Insights do webinar eFTI4ALL.","breadcrumb":{"@id":"https:\/\/www.latitude-15.com\/pt-br\/os-frameworks-digitais-de-dados-podem-apoiar-uma-integracao-logistica-mais-profunda-na-regiao\/#breadcrumb"},"inLanguage":"pt-BR","potentialAction":[{"@type":"ReadAction","target":["https:\/\/www.latitude-15.com\/pt-br\/os-frameworks-digitais-de-dados-podem-apoiar-uma-integracao-logistica-mais-profunda-na-regiao\/"]}]},{"@type":"ImageObject","inLanguage":"pt-BR","@id":"https:\/\/www.latitude-15.com\/pt-br\/os-frameworks-digitais-de-dados-podem-apoiar-uma-integracao-logistica-mais-profunda-na-regiao\/#primaryimage","url":"https:\/\/www.latitude-15.com\/wp-content\/uploads\/2026\/04\/img76392610.png","contentUrl":"https:\/\/www.latitude-15.com\/wp-content\/uploads\/2026\/04\/img76392610.png","width":1536,"height":1024,"caption":"estruturas de dados digitais"},{"@type":"BreadcrumbList","@id":"https:\/\/www.latitude-15.com\/pt-br\/os-frameworks-digitais-de-dados-podem-apoiar-uma-integracao-logistica-mais-profunda-na-regiao\/#breadcrumb","itemListElement":[{"@type":"ListItem","position":1,"name":"Home","item":"https:\/\/www.latitude-15.com\/pt-br\/inicio\/"},{"@type":"ListItem","position":2,"name":"Os frameworks digitais de dados podem apoiar uma integra\u00e7\u00e3o log\u00edstica mais profunda na regi\u00e3o?"}]},{"@type":"WebSite","@id":"https:\/\/www.latitude-15.com\/pt-br\/#website","url":"https:\/\/www.latitude-15.com\/pt-br\/","name":"LATITUDE 15","description":"Aviation and maritime Magazine - Caribbean &amp; Latin America","publisher":{"@id":"https:\/\/www.latitude-15.com\/pt-br\/#organization"},"potentialAction":[{"@type":"SearchAction","target":{"@type":"EntryPoint","urlTemplate":"https:\/\/www.latitude-15.com\/pt-br\/?s={search_term_string}"},"query-input":{"@type":"PropertyValueSpecification","valueRequired":true,"valueName":"search_term_string"}}],"inLanguage":"pt-BR"},{"@type":"Organization","@id":"https:\/\/www.latitude-15.com\/pt-br\/#organization","name":"LATITUDE 15","url":"https:\/\/www.latitude-15.com\/pt-br\/","logo":{"@type":"ImageObject","inLanguage":"pt-BR","@id":"https:\/\/www.latitude-15.com\/pt-br\/#\/schema\/logo\/image\/","url":"https:\/\/www.latitude-15.com\/wp-content\/uploads\/2026\/01\/cropped-logox500px.png","contentUrl":"https:\/\/www.latitude-15.com\/wp-content\/uploads\/2026\/01\/cropped-logox500px.png","width":62,"height":75,"caption":"LATITUDE 15"},"image":{"@id":"https:\/\/www.latitude-15.com\/pt-br\/#\/schema\/logo\/image\/"}},{"@type":"Person","@id":"https:\/\/www.latitude-15.com\/pt-br\/#\/schema\/person\/dac52e7ff44c78317f337da112e37252","name":"Joda J","image":{"@type":"ImageObject","inLanguage":"pt-BR","@id":"https:\/\/www.latitude-15.com\/pt-br\/#\/schema\/person\/image\/","url":"https:\/\/secure.gravatar.com\/avatar\/6b1feae555e15404b76616f92d931d12b25ac58024f14ccb43d9d3c012e4c4cf?s=96&d=mm&r=g","contentUrl":"https:\/\/secure.gravatar.com\/avatar\/6b1feae555e15404b76616f92d931d12b25ac58024f14ccb43d9d3c012e4c4cf?s=96&d=mm&r=g","caption":"Joda J"},"url":"https:\/\/www.latitude-15.com\/pt-br\/author\/joda\/"}]}},"_links":{"self":[{"href":"https:\/\/www.latitude-15.com\/pt-br\/wp-json\/wp\/v2\/posts\/23004","targetHints":{"allow":["GET"]}}],"collection":[{"href":"https:\/\/www.latitude-15.com\/pt-br\/wp-json\/wp\/v2\/posts"}],"about":[{"href":"https:\/\/www.latitude-15.com\/pt-br\/wp-json\/wp\/v2\/types\/post"}],"author":[{"embeddable":true,"href":"https:\/\/www.latitude-15.com\/pt-br\/wp-json\/wp\/v2\/users\/5"}],"replies":[{"embeddable":true,"href":"https:\/\/www.latitude-15.com\/pt-br\/wp-json\/wp\/v2\/comments?post=23004"}],"version-history":[{"count":2,"href":"https:\/\/www.latitude-15.com\/pt-br\/wp-json\/wp\/v2\/posts\/23004\/revisions"}],"predecessor-version":[{"id":23068,"href":"https:\/\/www.latitude-15.com\/pt-br\/wp-json\/wp\/v2\/posts\/23004\/revisions\/23068"}],"wp:featuredmedia":[{"embeddable":true,"href":"https:\/\/www.latitude-15.com\/pt-br\/wp-json\/wp\/v2\/media\/23003"}],"wp:attachment":[{"href":"https:\/\/www.latitude-15.com\/pt-br\/wp-json\/wp\/v2\/media?parent=23004"}],"wp:term":[{"taxonomy":"category","embeddable":true,"href":"https:\/\/www.latitude-15.com\/pt-br\/wp-json\/wp\/v2\/categories?post=23004"},{"taxonomy":"post_tag","embeddable":true,"href":"https:\/\/www.latitude-15.com\/pt-br\/wp-json\/wp\/v2\/tags?post=23004"}],"curies":[{"name":"wp","href":"https:\/\/api.w.org\/{rel}","templated":true}]}}