{"id":22971,"date":"2026-04-22T14:45:33","date_gmt":"2026-04-22T18:45:33","guid":{"rendered":"https:\/\/www.latitude-15.com\/frete-digital-e-integracao-regional-o-que-o-webinar-lac-efti4all-sugere-para-o-panorama-logistico-regional\/"},"modified":"2026-04-23T12:44:37","modified_gmt":"2026-04-23T16:44:37","slug":"frete-digital-e-integracao-regional-o-que-o-webinar-lac-efti4all-sugere-para-o-panorama-logistico-regional","status":"publish","type":"post","link":"https:\/\/www.latitude-15.com\/pt-br\/frete-digital-e-integracao-regional-o-que-o-webinar-lac-efti4all-sugere-para-o-panorama-logistico-regional\/","title":{"rendered":"Frete digital e integra\u00e7\u00e3o regional: o que o webinar LAC eFTI4ALL sugere para o panorama log\u00edstico regional"},"content":{"rendered":"\n<p>\u00c0 medida que a transforma\u00e7\u00e3o digital continua a redefinir as cadeias globais de suprimento, o webinar LAC eFTI4ALL, organizado pela Collectivit\u00e9 Territoriale de Martinique (CTM) em 21 de abril de 2026, reuniu stakeholders regionais e internacionais para explorar como a troca padronizada de dados de frete pode contribuir para sistemas log\u00edsticos mais conectados e eficientes.<\/p>\n\n<p>Posicionada na interse\u00e7\u00e3o entre os marcos regulat\u00f3rios europeus e as ambi\u00e7\u00f5es regionais, a iniciativa destaca a crescente relev\u00e2ncia da log\u00edstica orientada por dados para a Am\u00e9rica Latina e o Caribe (LAC). Para al\u00e9m das discuss\u00f5es t\u00e9cnicas, os debates levantaram quest\u00f5es mais amplas sobre conectividade, competitividade e a capacidade da regi\u00e3o de se integrar de forma mais eficaz aos fluxos comerciais globais e intra-regionais. <\/p>\n\n<p>A sess\u00e3o contou com a participa\u00e7\u00e3o de:<\/p>\n\n<ul class=\"wp-block-list\">\n<li><em>Serge Letchimy, Presidente da Collectivit\u00e9 Territoriale de Martinique<\/em><\/li>\n\n\n\n<li><em>Sandra Casanova, Conselheira Territorial da Martinica e Presidente da Comiss\u00e3o Estrat\u00e9gica e Log\u00edstica<\/em><\/li>\n\n\n\n<li><em>Heiti Mering, especialista em eFTI envolvido no quadro europeu de implementa\u00e7\u00e3o<\/em><\/li>\n\n\n\n<li class=\"has-black-color has-text-color has-link-color wp-elements-335493a8cf62e71ac1117d2b844a0fa9\"><em>Victor Dolcemascolo, Gerente de Projeto de Frete e Log\u00edstica no Minist\u00e9rio da Transi\u00e7\u00e3o Ecol\u00f3gica da Fran\u00e7a (DGITM)<\/em><\/li>\n\n\n\n<li><em>Eve Lombard, representante envolvida na implementa\u00e7\u00e3o da estrat\u00e9gia log\u00edstica da Martinica<\/em><\/li>\n\n\n\n<li><em>Petya Popova, Policy Officer na Comiss\u00e3o Europeia, Dire\u00e7\u00e3o-Geral do Com\u00e9rcio (Access to Markets)<\/em><\/li>\n\n\n\n<li><em>Pauline Yearwood, Programme Manager de Transporte A\u00e9reo e Mar\u00edtimo no Secretariado da CARICOM<\/em><\/li>\n\n\n\n<li><em>Charles Larcher, Presidente da Association Martiniquaise pour la Promotion de l\u2019Industrie (AMPI)<\/em><\/li>\n<\/ul>\n\n<h2 class=\"wp-block-heading\">Reposicionando a regi\u00e3o dentro de sua pr\u00f3pria geografia<\/h2>\n\n<p>Several interventions framed logistics as more than an operational issue, suggesting it plays a central role in how the region positions itself economically and strategically. These dynamics are closely linked to broader <a href=\"https:\/\/www.latitude-15.com\/can-digital-data-frameworks-support-deeper-logistics-integration-across-the-region\/\">regional logistics integration challenges<\/a>, particularly in a context marked by fragmented systems and limited intra-regional coordination.<\/p>\n\n<p>Ao abrir a sess\u00e3o, Serge Letchimy enfatizou a import\u00e2ncia de reconectar-se com a geografia regional, afirmando que os territ\u00f3rios caribenhos n\u00e3o devem permanecer \u201cestrangeiros \u00e0 [sua] pr\u00f3pria geografia\u201d. Ele destacou desequil\u00edbrios estruturais, observando que \u201cimportamos muito, e 9 de cada 10 cont\u00eaineres saem vazios ou meio vazios\u201d, uma situa\u00e7\u00e3o que \u201cn\u00e3o faz muito sentido do ponto de vista econ\u00f4mico\u201d. Suas observa\u00e7\u00f5es apontam para desafios de longa data, incluindo o baixo n\u00edvel de com\u00e9rcio intra-regional e a forte depend\u00eancia de cadeias de suprimento externas.<\/p>\n\n<p>Essa an\u00e1lise tamb\u00e9m se estende ao posicionamento mais amplo da regi\u00e3o. Letchimy ressaltou que o Caribe n\u00e3o deve ser visto apenas como um espa\u00e7o perif\u00e9rico, mas como \u201cuma grande \u00e1rea geoestrat\u00e9gica\u201d, capaz de capturar valor dos fluxos globais em vez de permanecer como uma zona de tr\u00e2nsito passiva. <\/p>\n\n<p>Sandra Casanova aprofundou essa an\u00e1lise ao relacionar esses desafios a inefici\u00eancias estruturais na troca de informa\u00e7\u00f5es. Ela destacou que \u201ca informa\u00e7\u00e3o n\u00e3o circula facilmente\u201d e que a regi\u00e3o carece de \u201cestat\u00edsticas e de um observat\u00f3rio com coleta e explora\u00e7\u00e3o de dados\u201d. Tamb\u00e9m mencionou \u201ccontroles redundantes devido \u00e0 falta de interoperabilidade entre os sistemas de informa\u00e7\u00e3o\u201d, indicando que essas limita\u00e7\u00f5es continuam a dificultar uma integra\u00e7\u00e3o regional mais profunda. <\/p>\n\n<p>Nesse contexto, a implementa\u00e7\u00e3o de um quadro digital compartilhado foi apresentada como um potencial vetor para melhorar a coordena\u00e7\u00e3o e facilitar trocas mais fluidas entre os territ\u00f3rios.<\/p>\n\n<h2 class=\"wp-block-heading\">Construindo uma linguagem digital comum para a log\u00edstica<br \/><\/h2>\n\n<p>No centro das discuss\u00f5es esteve o quadro eFTI (electronic Freight Transport Information), apresentado como uma ferramenta para padronizar e digitalizar a troca de dados de frete entre autoridades p\u00fablicas e operadores privados.<\/p>\n\n<p>Os participantes destacaram que os processos log\u00edsticos atuais ainda s\u00e3o amplamente baseados em papel, gerando inefici\u00eancias ao longo da cadeia de suprimentos. Casanova explicou que o eFTI representa \u201cuma linguagem comum de dados harmonizados, com trocas seguras entre operadores e autoridades p\u00fablicas\u201d, permitindo \u201cdados em tempo real, rastreabilidade dos fluxos e controles facilitados de ponta a ponta da cadeia log\u00edstica\u201d. <\/p>\n\n<p>Do ponto de vista t\u00e9cnico, Heiti Mering descreveu o sistema como \u201cuma rede distribu\u00edda de servi\u00e7os\u201d que conecta atores p\u00fablicos e privados por meio de gateways padronizados. Ele destacou o objetivo de abandonar processos baseados em papel, observando que \u201cn\u00e3o precisamos seguir processos baseados em papel\u201d, ao mesmo tempo em que enfatizou que \u201ca seguran\u00e7a \u00e9 altamente importante\u201d e que a interoperabilidade permanece central. <\/p>\n\n<p>Victor Dolcemascolo forneceu mais detalhes sobre a implementa\u00e7\u00e3o, explicando que o sistema se baseia em pontos de acesso nacionais interconectados, ou \u201cgates\u201d, permitindo que as autoridades acessem dados de transporte em tempo real. Ele descreveu que \u201cquando um ve\u00edculo \u00e9 inspecionado, uma solicita\u00e7\u00e3o \u00e9 enviada ao ponto de acesso nacional, que recupera os dados relevantes na plataforma apropriada\u201d, permitindo que os inspetores acessem instantaneamente os documentos de transporte. Tamb\u00e9m destacou a import\u00e2ncia da certifica\u00e7\u00e3o, afirmando que \u201cas plataformas devem ser certificadas para garantir confian\u00e7a e seguran\u00e7a dos dados\u201d.  <\/p>\n\n<p>Em conjunto, esses elementos apontam para uma transi\u00e7\u00e3o gradual de sistemas fragmentados e baseados em documentos para um ecossistema digital integrado, no qual os dados se tornam um elemento central da coordena\u00e7\u00e3o log\u00edstica.<\/p>\n\n<h2 class=\"wp-block-heading\">De projeto piloto a interface log\u00edstica regional<\/h2>\n\n<p>Dentro desse quadro mais amplo, a Martinica est\u00e1 se posicionando como territ\u00f3rio piloto.<\/p>\n\n<p>Eve Lombard explicou que a implementa\u00e7\u00e3o do eFTI faz parte de uma estrat\u00e9gia log\u00edstica mais ampla adotada em maio de 2025, com o objetivo de \u201creduzir a depend\u00eancia de log\u00edstica externa, melhorar a fluidez dos fluxos de mercadorias e fortalecer a atratividade econ\u00f4mica\u201d. O projeto est\u00e1 atualmente em fase de testes por meio de casos piloto destinados a validar a interoperabilidade e a troca digital de dados.<\/p>\n\n<p>Ela destacou que a iniciativa pode gerar \u201cganhos de tempo, redu\u00e7\u00e3o de custos, melhoria da rastreabilidade e aumento da competitividade\u201d, al\u00e9m de contribuir para \u201ca seguran\u00e7a das trocas de dados\u201d.<\/p>\n\n<p>Para al\u00e9m dos ganhos operacionais, Lombard enfatizou a ambi\u00e7\u00e3o estrat\u00e9gica do projeto, descrevendo a Martinica como uma poss\u00edvel \u201cinterface entre a Europa e o Grande Caribe\u201d. Dada sua proximidade com importantes rotas mar\u00edtimas e hubs log\u00edsticos, o territ\u00f3rio poderia refor\u00e7ar seu papel nas cadeias de suprimento regionais.<\/p>\n\n<p>Esse posicionamento permanece prospectivo, dependendo da implementa\u00e7\u00e3o efetiva das ferramentas digitais e de sua extens\u00e3o para al\u00e9m do quadro europeu, em dire\u00e7\u00e3o ao ambiente regional.<\/p>\n\n<h2 class=\"wp-block-heading\">Impactos nas opera\u00e7\u00f5es industriais e na competitividade<\/h2>\n\n<p>Para al\u00e9m das quest\u00f5es estrat\u00e9gicas, as discuss\u00f5es tamb\u00e9m destacaram implica\u00e7\u00f5es operacionais para as ind\u00fastrias locais.<\/p>\n\n<p>Representando o setor industrial, Charles Larcher destacou a complexidade das cadeias de suprimento atuais, afirmando que \u201centre o armaz\u00e9m de origem na Europa e o armaz\u00e9m de destino na Martinica, existem quatorze intermedi\u00e1rios\u201d. Essa estrutura gera atrasos, custos adicionais e perda de competitividade para a produ\u00e7\u00e3o local. <\/p>\n\n<p>Ele tamb\u00e9m enfatizou a falta de visibilidade nas opera\u00e7\u00f5es log\u00edsticas, explicando que \u201cprecisamos de visibilidade total do fluxo de mercadorias em tempo real\u201d, especialmente em um contexto dominado pelo transporte mar\u00edtimo. A aus\u00eancia dessa visibilidade obriga as empresas a manter n\u00edveis mais elevados de estoque, aumentando os custos de armazenagem. <\/p>\n\n<p>Larcher destacou ainda que \u201csem uma cadeia de suprimento otimizada, n\u00e3o podemos ser competitivos\u201d, especialmente frente a produtos importados. Nesse contexto, a digitaliza\u00e7\u00e3o foi apresentada como uma forma de \u201creduzir custos administrativos, melhorar o planejamento e limitar interrup\u00e7\u00f5es no abastecimento\u201d, embora esses resultados dependam de uma implementa\u00e7\u00e3o eficaz. <\/p>\n\n<p>De forma geral, sua interven\u00e7\u00e3o sugere que a digitaliza\u00e7\u00e3o log\u00edstica pode contribuir para melhorar o desempenho industrial, ao mesmo tempo em que apoia o desenvolvimento das exporta\u00e7\u00f5es e a integra\u00e7\u00e3o regional.<\/p>\n\n<h2 class=\"wp-block-heading\">Alinhamento com marcos internacionais e ferramentas de acesso a mercados<\/h2>\n\n<p>O webinar tamb\u00e9m inseriu a iniciativa em um contexto internacional mais amplo, relacionando a log\u00edstica digital \u00e0 facilita\u00e7\u00e3o do com\u00e9rcio e a marcos de pol\u00edticas p\u00fablicas.<\/p>\n\n<p>Petya Popova apresentou a plataforma \u201cAccess to Markets\u201d da Comiss\u00e3o Europeia, explicando que ela foi concebida para \u201ccentralizar todas as informa\u00e7\u00f5es sobre com\u00e9rcio em um \u00fanico lugar\u201d e ajudar empresas a \u201cacessar mercados globais\u201d. Ela destacou que \u201ca informa\u00e7\u00e3o \u00e9 o recurso mais valioso para os neg\u00f3cios\u201d, refor\u00e7ando a import\u00e2ncia da transpar\u00eancia nos processos comerciais.<\/p>\n\n<p>No n\u00edvel regional, Pauline Yearwood destacou o papel central do transporte na integra\u00e7\u00e3o caribenha, afirmando que \u201co transporte a\u00e9reo e mar\u00edtimo \u00e9 essencial no contexto do com\u00e9rcio, da mobilidade de pessoas e do desenvolvimento econ\u00f4mico\u201d. Ela tamb\u00e9m ressaltou que o objetivo da pol\u00edtica de transportes da CARICOM \u00e9 garantir \u201cservi\u00e7os de transporte adequados, seguros e competitivos em n\u00edvel internacional\u201d para apoiar o mercado \u00fanico e a economia regional.<\/p>\n\n<p>Essas perspectivas sugerem que iniciativas como o eFTI fazem parte de um ecossistema mais amplo que envolve acordos comerciais, coordena\u00e7\u00e3o pol\u00edtica e desenvolvimento de infraestrutura.<\/p>\n\n<h2 class=\"wp-block-heading\">Perspectivas<\/h2>\n\n<p>Ainda em fase inicial, a iniciativa LAC eFTI4ALL reflete uma transi\u00e7\u00e3o mais ampla rumo \u00e0 log\u00edstica orientada por dados e \u00e0 integra\u00e7\u00e3o regional.<\/p>\n\n<p>As discuss\u00f5es indicam que a ado\u00e7\u00e3o de estruturas digitais padronizadas pode ajudar a resolver algumas das inefici\u00eancias estruturais das cadeias de suprimento atuais, ao mesmo tempo em que fortalece os la\u00e7os econ\u00f4micos dentro da regi\u00e3o. Ao mesmo tempo, v\u00e1rios participantes destacaram a necessidade de coordena\u00e7\u00e3o, adapta\u00e7\u00e3o de normas e alinhamento entre stakeholders. <\/p>\n\n<p>Como observado durante a sess\u00e3o, o processo ainda est\u00e1 em andamento, com prazos europeus de implementa\u00e7\u00e3o que se estendem at\u00e9 2027. Nesse contexto, a iniciativa \u201cvai al\u00e9m de uma solu\u00e7\u00e3o t\u00e9cnica\u201d, como destacou Casanova, levantando quest\u00f5es mais amplas sobre governan\u00e7a, interoperabilidade e coopera\u00e7\u00e3o regional. <\/p>\n\n<p>De forma geral, essas discuss\u00f5es indicam que o frete digital est\u00e1 sendo cada vez mais considerado n\u00e3o apenas como uma evolu\u00e7\u00e3o tecnol\u00f3gica, mas como um vetor estrat\u00e9gico para repensar como a regi\u00e3o se conecta, comercializa e se posiciona nas redes log\u00edsticas globais.<\/p>\n","protected":false},"excerpt":{"rendered":"<p>\u00c0 medida que a transforma\u00e7\u00e3o digital continua a redefinir as cadeias globais de suprimento, o webinar LAC eFTI4ALL, organizado pela Collectivit\u00e9 Territoriale de Martinique (CTM) em 21 de abril de 2026, reuniu stakeholders regionais e internacionais para explorar como a troca padronizada de dados de frete pode contribuir para sistemas log\u00edsticos mais conectados e eficientes. [&hellip;]<\/p>\n","protected":false},"author":5,"featured_media":22970,"comment_status":"open","ping_status":"closed","sticky":false,"template":"","format":"standard","meta":{"footnotes":""},"categories":[119,137,168],"tags":[],"class_list":["post-22971","post","type-post","status-publish","format-standard","has-post-thumbnail","hentry","category-maritimo","category-portos-e-logistica","category-spotlight-maritime"],"yoast_head":"<!-- This site is optimized with the Yoast SEO plugin v26.9 - https:\/\/yoast.com\/product\/yoast-seo-wordpress\/ -->\n<title>Frete digital e integra\u00e7\u00e3o regional: o que o webinar LAC eFTI4ALL sugere para o panorama log\u00edstico regional - LATITUDE 15<\/title>\n<meta name=\"description\" content=\"Como o interc\u00e2mbio de dados de frete digital (eFTI) poderia transformar a log\u00edstica, a conectividade e a integra\u00e7\u00e3o regional em toda a regi\u00e3o ALC.\" \/>\n<meta name=\"robots\" content=\"index, follow, max-snippet:-1, max-image-preview:large, max-video-preview:-1\" \/>\n<link rel=\"canonical\" href=\"https:\/\/www.latitude-15.com\/pt-br\/frete-digital-e-integracao-regional-o-que-o-webinar-lac-efti4all-sugere-para-o-panorama-logistico-regional\/\" \/>\n<meta property=\"og:locale\" content=\"pt_BR\" \/>\n<meta property=\"og:type\" content=\"article\" \/>\n<meta property=\"og:title\" content=\"Frete digital e integra\u00e7\u00e3o regional: o que o webinar LAC eFTI4ALL sugere para o panorama log\u00edstico regional - LATITUDE 15\" \/>\n<meta property=\"og:description\" content=\"Como o interc\u00e2mbio de dados de frete digital (eFTI) poderia transformar a log\u00edstica, a conectividade e a integra\u00e7\u00e3o regional em toda a regi\u00e3o ALC.\" \/>\n<meta property=\"og:url\" content=\"https:\/\/www.latitude-15.com\/pt-br\/frete-digital-e-integracao-regional-o-que-o-webinar-lac-efti4all-sugere-para-o-panorama-logistico-regional\/\" \/>\n<meta property=\"og:site_name\" content=\"LATITUDE 15\" \/>\n<meta property=\"article:published_time\" content=\"2026-04-22T18:45:33+00:00\" \/>\n<meta property=\"article:modified_time\" content=\"2026-04-23T16:44:37+00:00\" \/>\n<meta property=\"og:image\" content=\"https:\/\/www.latitude-15.com\/wp-content\/uploads\/2026\/04\/img72639070-1024x683.png\" \/>\n\t<meta property=\"og:image:width\" content=\"1024\" \/>\n\t<meta property=\"og:image:height\" content=\"683\" \/>\n\t<meta property=\"og:image:type\" content=\"image\/png\" \/>\n<meta name=\"author\" content=\"Joda J\" \/>\n<meta name=\"twitter:card\" content=\"summary_large_image\" \/>\n<meta name=\"twitter:label1\" content=\"Escrito por\" \/>\n\t<meta name=\"twitter:data1\" content=\"Joda J\" \/>\n\t<meta name=\"twitter:label2\" content=\"Est. tempo de leitura\" \/>\n\t<meta name=\"twitter:data2\" content=\"9 minutos\" \/>\n<script type=\"application\/ld+json\" class=\"yoast-schema-graph\">{\"@context\":\"https:\/\/schema.org\",\"@graph\":[{\"@type\":\"Article\",\"@id\":\"https:\/\/www.latitude-15.com\/pt-br\/frete-digital-e-integracao-regional-o-que-o-webinar-lac-efti4all-sugere-para-o-panorama-logistico-regional\/#article\",\"isPartOf\":{\"@id\":\"https:\/\/www.latitude-15.com\/pt-br\/frete-digital-e-integracao-regional-o-que-o-webinar-lac-efti4all-sugere-para-o-panorama-logistico-regional\/\"},\"author\":{\"name\":\"Joda J\",\"@id\":\"https:\/\/www.latitude-15.com\/pt-br\/#\/schema\/person\/dac52e7ff44c78317f337da112e37252\"},\"headline\":\"Frete digital e integra\u00e7\u00e3o regional: o que o webinar LAC eFTI4ALL sugere para o panorama log\u00edstico regional\",\"datePublished\":\"2026-04-22T18:45:33+00:00\",\"dateModified\":\"2026-04-23T16:44:37+00:00\",\"mainEntityOfPage\":{\"@id\":\"https:\/\/www.latitude-15.com\/pt-br\/frete-digital-e-integracao-regional-o-que-o-webinar-lac-efti4all-sugere-para-o-panorama-logistico-regional\/\"},\"wordCount\":1727,\"commentCount\":0,\"publisher\":{\"@id\":\"https:\/\/www.latitude-15.com\/pt-br\/#organization\"},\"image\":{\"@id\":\"https:\/\/www.latitude-15.com\/pt-br\/frete-digital-e-integracao-regional-o-que-o-webinar-lac-efti4all-sugere-para-o-panorama-logistico-regional\/#primaryimage\"},\"thumbnailUrl\":\"https:\/\/www.latitude-15.com\/wp-content\/uploads\/2026\/04\/img72639070.png\",\"articleSection\":[\"MAR\u00cdTIMO\",\"Portos e log\u00edstica\",\"Spotlight Maritime\"],\"inLanguage\":\"pt-BR\",\"potentialAction\":[{\"@type\":\"CommentAction\",\"name\":\"Comment\",\"target\":[\"https:\/\/www.latitude-15.com\/pt-br\/frete-digital-e-integracao-regional-o-que-o-webinar-lac-efti4all-sugere-para-o-panorama-logistico-regional\/#respond\"]}]},{\"@type\":\"WebPage\",\"@id\":\"https:\/\/www.latitude-15.com\/pt-br\/frete-digital-e-integracao-regional-o-que-o-webinar-lac-efti4all-sugere-para-o-panorama-logistico-regional\/\",\"url\":\"https:\/\/www.latitude-15.com\/pt-br\/frete-digital-e-integracao-regional-o-que-o-webinar-lac-efti4all-sugere-para-o-panorama-logistico-regional\/\",\"name\":\"Frete digital e integra\u00e7\u00e3o regional: o que o webinar LAC eFTI4ALL sugere para o panorama log\u00edstico regional - LATITUDE 15\",\"isPartOf\":{\"@id\":\"https:\/\/www.latitude-15.com\/pt-br\/#website\"},\"primaryImageOfPage\":{\"@id\":\"https:\/\/www.latitude-15.com\/pt-br\/frete-digital-e-integracao-regional-o-que-o-webinar-lac-efti4all-sugere-para-o-panorama-logistico-regional\/#primaryimage\"},\"image\":{\"@id\":\"https:\/\/www.latitude-15.com\/pt-br\/frete-digital-e-integracao-regional-o-que-o-webinar-lac-efti4all-sugere-para-o-panorama-logistico-regional\/#primaryimage\"},\"thumbnailUrl\":\"https:\/\/www.latitude-15.com\/wp-content\/uploads\/2026\/04\/img72639070.png\",\"datePublished\":\"2026-04-22T18:45:33+00:00\",\"dateModified\":\"2026-04-23T16:44:37+00:00\",\"description\":\"Como o interc\u00e2mbio de dados de frete digital (eFTI) poderia transformar a log\u00edstica, a conectividade e a integra\u00e7\u00e3o regional em toda a regi\u00e3o ALC.\",\"breadcrumb\":{\"@id\":\"https:\/\/www.latitude-15.com\/pt-br\/frete-digital-e-integracao-regional-o-que-o-webinar-lac-efti4all-sugere-para-o-panorama-logistico-regional\/#breadcrumb\"},\"inLanguage\":\"pt-BR\",\"potentialAction\":[{\"@type\":\"ReadAction\",\"target\":[\"https:\/\/www.latitude-15.com\/pt-br\/frete-digital-e-integracao-regional-o-que-o-webinar-lac-efti4all-sugere-para-o-panorama-logistico-regional\/\"]}]},{\"@type\":\"ImageObject\",\"inLanguage\":\"pt-BR\",\"@id\":\"https:\/\/www.latitude-15.com\/pt-br\/frete-digital-e-integracao-regional-o-que-o-webinar-lac-efti4all-sugere-para-o-panorama-logistico-regional\/#primaryimage\",\"url\":\"https:\/\/www.latitude-15.com\/wp-content\/uploads\/2026\/04\/img72639070.png\",\"contentUrl\":\"https:\/\/www.latitude-15.com\/wp-content\/uploads\/2026\/04\/img72639070.png\",\"width\":1536,\"height\":1024,\"caption\":\"eFTI\"},{\"@type\":\"BreadcrumbList\",\"@id\":\"https:\/\/www.latitude-15.com\/pt-br\/frete-digital-e-integracao-regional-o-que-o-webinar-lac-efti4all-sugere-para-o-panorama-logistico-regional\/#breadcrumb\",\"itemListElement\":[{\"@type\":\"ListItem\",\"position\":1,\"name\":\"Home\",\"item\":\"https:\/\/www.latitude-15.com\/pt-br\/inicio\/\"},{\"@type\":\"ListItem\",\"position\":2,\"name\":\"Frete digital e integra\u00e7\u00e3o regional: o que o webinar LAC eFTI4ALL sugere para o panorama log\u00edstico regional\"}]},{\"@type\":\"WebSite\",\"@id\":\"https:\/\/www.latitude-15.com\/pt-br\/#website\",\"url\":\"https:\/\/www.latitude-15.com\/pt-br\/\",\"name\":\"LATITUDE 15\",\"description\":\"Aviation and maritime Magazine - Caribbean &amp; Latin America\",\"publisher\":{\"@id\":\"https:\/\/www.latitude-15.com\/pt-br\/#organization\"},\"potentialAction\":[{\"@type\":\"SearchAction\",\"target\":{\"@type\":\"EntryPoint\",\"urlTemplate\":\"https:\/\/www.latitude-15.com\/pt-br\/?s={search_term_string}\"},\"query-input\":{\"@type\":\"PropertyValueSpecification\",\"valueRequired\":true,\"valueName\":\"search_term_string\"}}],\"inLanguage\":\"pt-BR\"},{\"@type\":\"Organization\",\"@id\":\"https:\/\/www.latitude-15.com\/pt-br\/#organization\",\"name\":\"LATITUDE 15\",\"url\":\"https:\/\/www.latitude-15.com\/pt-br\/\",\"logo\":{\"@type\":\"ImageObject\",\"inLanguage\":\"pt-BR\",\"@id\":\"https:\/\/www.latitude-15.com\/pt-br\/#\/schema\/logo\/image\/\",\"url\":\"https:\/\/www.latitude-15.com\/wp-content\/uploads\/2026\/01\/cropped-logox500px.png\",\"contentUrl\":\"https:\/\/www.latitude-15.com\/wp-content\/uploads\/2026\/01\/cropped-logox500px.png\",\"width\":62,\"height\":75,\"caption\":\"LATITUDE 15\"},\"image\":{\"@id\":\"https:\/\/www.latitude-15.com\/pt-br\/#\/schema\/logo\/image\/\"}},{\"@type\":\"Person\",\"@id\":\"https:\/\/www.latitude-15.com\/pt-br\/#\/schema\/person\/dac52e7ff44c78317f337da112e37252\",\"name\":\"Joda J\",\"image\":{\"@type\":\"ImageObject\",\"inLanguage\":\"pt-BR\",\"@id\":\"https:\/\/www.latitude-15.com\/pt-br\/#\/schema\/person\/image\/\",\"url\":\"https:\/\/secure.gravatar.com\/avatar\/6b1feae555e15404b76616f92d931d12b25ac58024f14ccb43d9d3c012e4c4cf?s=96&d=mm&r=g\",\"contentUrl\":\"https:\/\/secure.gravatar.com\/avatar\/6b1feae555e15404b76616f92d931d12b25ac58024f14ccb43d9d3c012e4c4cf?s=96&d=mm&r=g\",\"caption\":\"Joda J\"},\"url\":\"https:\/\/www.latitude-15.com\/pt-br\/author\/joda\/\"}]}<\/script>\n<!-- \/ Yoast SEO plugin. -->","yoast_head_json":{"title":"Frete digital e integra\u00e7\u00e3o regional: o que o webinar LAC eFTI4ALL sugere para o panorama log\u00edstico regional - LATITUDE 15","description":"Como o interc\u00e2mbio de dados de frete digital (eFTI) poderia transformar a log\u00edstica, a conectividade e a integra\u00e7\u00e3o regional em toda a regi\u00e3o ALC.","robots":{"index":"index","follow":"follow","max-snippet":"max-snippet:-1","max-image-preview":"max-image-preview:large","max-video-preview":"max-video-preview:-1"},"canonical":"https:\/\/www.latitude-15.com\/pt-br\/frete-digital-e-integracao-regional-o-que-o-webinar-lac-efti4all-sugere-para-o-panorama-logistico-regional\/","og_locale":"pt_BR","og_type":"article","og_title":"Frete digital e integra\u00e7\u00e3o regional: o que o webinar LAC eFTI4ALL sugere para o panorama log\u00edstico regional - LATITUDE 15","og_description":"Como o interc\u00e2mbio de dados de frete digital (eFTI) poderia transformar a log\u00edstica, a conectividade e a integra\u00e7\u00e3o regional em toda a regi\u00e3o ALC.","og_url":"https:\/\/www.latitude-15.com\/pt-br\/frete-digital-e-integracao-regional-o-que-o-webinar-lac-efti4all-sugere-para-o-panorama-logistico-regional\/","og_site_name":"LATITUDE 15","article_published_time":"2026-04-22T18:45:33+00:00","article_modified_time":"2026-04-23T16:44:37+00:00","og_image":[{"width":1024,"height":683,"url":"https:\/\/www.latitude-15.com\/wp-content\/uploads\/2026\/04\/img72639070-1024x683.png","type":"image\/png"}],"author":"Joda J","twitter_card":"summary_large_image","twitter_misc":{"Escrito por":"Joda J","Est. tempo de leitura":"9 minutos"},"schema":{"@context":"https:\/\/schema.org","@graph":[{"@type":"Article","@id":"https:\/\/www.latitude-15.com\/pt-br\/frete-digital-e-integracao-regional-o-que-o-webinar-lac-efti4all-sugere-para-o-panorama-logistico-regional\/#article","isPartOf":{"@id":"https:\/\/www.latitude-15.com\/pt-br\/frete-digital-e-integracao-regional-o-que-o-webinar-lac-efti4all-sugere-para-o-panorama-logistico-regional\/"},"author":{"name":"Joda J","@id":"https:\/\/www.latitude-15.com\/pt-br\/#\/schema\/person\/dac52e7ff44c78317f337da112e37252"},"headline":"Frete digital e integra\u00e7\u00e3o regional: o que o webinar LAC eFTI4ALL sugere para o panorama log\u00edstico regional","datePublished":"2026-04-22T18:45:33+00:00","dateModified":"2026-04-23T16:44:37+00:00","mainEntityOfPage":{"@id":"https:\/\/www.latitude-15.com\/pt-br\/frete-digital-e-integracao-regional-o-que-o-webinar-lac-efti4all-sugere-para-o-panorama-logistico-regional\/"},"wordCount":1727,"commentCount":0,"publisher":{"@id":"https:\/\/www.latitude-15.com\/pt-br\/#organization"},"image":{"@id":"https:\/\/www.latitude-15.com\/pt-br\/frete-digital-e-integracao-regional-o-que-o-webinar-lac-efti4all-sugere-para-o-panorama-logistico-regional\/#primaryimage"},"thumbnailUrl":"https:\/\/www.latitude-15.com\/wp-content\/uploads\/2026\/04\/img72639070.png","articleSection":["MAR\u00cdTIMO","Portos e log\u00edstica","Spotlight Maritime"],"inLanguage":"pt-BR","potentialAction":[{"@type":"CommentAction","name":"Comment","target":["https:\/\/www.latitude-15.com\/pt-br\/frete-digital-e-integracao-regional-o-que-o-webinar-lac-efti4all-sugere-para-o-panorama-logistico-regional\/#respond"]}]},{"@type":"WebPage","@id":"https:\/\/www.latitude-15.com\/pt-br\/frete-digital-e-integracao-regional-o-que-o-webinar-lac-efti4all-sugere-para-o-panorama-logistico-regional\/","url":"https:\/\/www.latitude-15.com\/pt-br\/frete-digital-e-integracao-regional-o-que-o-webinar-lac-efti4all-sugere-para-o-panorama-logistico-regional\/","name":"Frete digital e integra\u00e7\u00e3o regional: o que o webinar LAC eFTI4ALL sugere para o panorama log\u00edstico regional - LATITUDE 15","isPartOf":{"@id":"https:\/\/www.latitude-15.com\/pt-br\/#website"},"primaryImageOfPage":{"@id":"https:\/\/www.latitude-15.com\/pt-br\/frete-digital-e-integracao-regional-o-que-o-webinar-lac-efti4all-sugere-para-o-panorama-logistico-regional\/#primaryimage"},"image":{"@id":"https:\/\/www.latitude-15.com\/pt-br\/frete-digital-e-integracao-regional-o-que-o-webinar-lac-efti4all-sugere-para-o-panorama-logistico-regional\/#primaryimage"},"thumbnailUrl":"https:\/\/www.latitude-15.com\/wp-content\/uploads\/2026\/04\/img72639070.png","datePublished":"2026-04-22T18:45:33+00:00","dateModified":"2026-04-23T16:44:37+00:00","description":"Como o interc\u00e2mbio de dados de frete digital (eFTI) poderia transformar a log\u00edstica, a conectividade e a integra\u00e7\u00e3o regional em toda a regi\u00e3o ALC.","breadcrumb":{"@id":"https:\/\/www.latitude-15.com\/pt-br\/frete-digital-e-integracao-regional-o-que-o-webinar-lac-efti4all-sugere-para-o-panorama-logistico-regional\/#breadcrumb"},"inLanguage":"pt-BR","potentialAction":[{"@type":"ReadAction","target":["https:\/\/www.latitude-15.com\/pt-br\/frete-digital-e-integracao-regional-o-que-o-webinar-lac-efti4all-sugere-para-o-panorama-logistico-regional\/"]}]},{"@type":"ImageObject","inLanguage":"pt-BR","@id":"https:\/\/www.latitude-15.com\/pt-br\/frete-digital-e-integracao-regional-o-que-o-webinar-lac-efti4all-sugere-para-o-panorama-logistico-regional\/#primaryimage","url":"https:\/\/www.latitude-15.com\/wp-content\/uploads\/2026\/04\/img72639070.png","contentUrl":"https:\/\/www.latitude-15.com\/wp-content\/uploads\/2026\/04\/img72639070.png","width":1536,"height":1024,"caption":"eFTI"},{"@type":"BreadcrumbList","@id":"https:\/\/www.latitude-15.com\/pt-br\/frete-digital-e-integracao-regional-o-que-o-webinar-lac-efti4all-sugere-para-o-panorama-logistico-regional\/#breadcrumb","itemListElement":[{"@type":"ListItem","position":1,"name":"Home","item":"https:\/\/www.latitude-15.com\/pt-br\/inicio\/"},{"@type":"ListItem","position":2,"name":"Frete digital e integra\u00e7\u00e3o regional: o que o webinar LAC eFTI4ALL sugere para o panorama log\u00edstico regional"}]},{"@type":"WebSite","@id":"https:\/\/www.latitude-15.com\/pt-br\/#website","url":"https:\/\/www.latitude-15.com\/pt-br\/","name":"LATITUDE 15","description":"Aviation and maritime Magazine - Caribbean &amp; Latin America","publisher":{"@id":"https:\/\/www.latitude-15.com\/pt-br\/#organization"},"potentialAction":[{"@type":"SearchAction","target":{"@type":"EntryPoint","urlTemplate":"https:\/\/www.latitude-15.com\/pt-br\/?s={search_term_string}"},"query-input":{"@type":"PropertyValueSpecification","valueRequired":true,"valueName":"search_term_string"}}],"inLanguage":"pt-BR"},{"@type":"Organization","@id":"https:\/\/www.latitude-15.com\/pt-br\/#organization","name":"LATITUDE 15","url":"https:\/\/www.latitude-15.com\/pt-br\/","logo":{"@type":"ImageObject","inLanguage":"pt-BR","@id":"https:\/\/www.latitude-15.com\/pt-br\/#\/schema\/logo\/image\/","url":"https:\/\/www.latitude-15.com\/wp-content\/uploads\/2026\/01\/cropped-logox500px.png","contentUrl":"https:\/\/www.latitude-15.com\/wp-content\/uploads\/2026\/01\/cropped-logox500px.png","width":62,"height":75,"caption":"LATITUDE 15"},"image":{"@id":"https:\/\/www.latitude-15.com\/pt-br\/#\/schema\/logo\/image\/"}},{"@type":"Person","@id":"https:\/\/www.latitude-15.com\/pt-br\/#\/schema\/person\/dac52e7ff44c78317f337da112e37252","name":"Joda J","image":{"@type":"ImageObject","inLanguage":"pt-BR","@id":"https:\/\/www.latitude-15.com\/pt-br\/#\/schema\/person\/image\/","url":"https:\/\/secure.gravatar.com\/avatar\/6b1feae555e15404b76616f92d931d12b25ac58024f14ccb43d9d3c012e4c4cf?s=96&d=mm&r=g","contentUrl":"https:\/\/secure.gravatar.com\/avatar\/6b1feae555e15404b76616f92d931d12b25ac58024f14ccb43d9d3c012e4c4cf?s=96&d=mm&r=g","caption":"Joda J"},"url":"https:\/\/www.latitude-15.com\/pt-br\/author\/joda\/"}]}},"_links":{"self":[{"href":"https:\/\/www.latitude-15.com\/pt-br\/wp-json\/wp\/v2\/posts\/22971","targetHints":{"allow":["GET"]}}],"collection":[{"href":"https:\/\/www.latitude-15.com\/pt-br\/wp-json\/wp\/v2\/posts"}],"about":[{"href":"https:\/\/www.latitude-15.com\/pt-br\/wp-json\/wp\/v2\/types\/post"}],"author":[{"embeddable":true,"href":"https:\/\/www.latitude-15.com\/pt-br\/wp-json\/wp\/v2\/users\/5"}],"replies":[{"embeddable":true,"href":"https:\/\/www.latitude-15.com\/pt-br\/wp-json\/wp\/v2\/comments?post=22971"}],"version-history":[{"count":2,"href":"https:\/\/www.latitude-15.com\/pt-br\/wp-json\/wp\/v2\/posts\/22971\/revisions"}],"predecessor-version":[{"id":23008,"href":"https:\/\/www.latitude-15.com\/pt-br\/wp-json\/wp\/v2\/posts\/22971\/revisions\/23008"}],"wp:featuredmedia":[{"embeddable":true,"href":"https:\/\/www.latitude-15.com\/pt-br\/wp-json\/wp\/v2\/media\/22970"}],"wp:attachment":[{"href":"https:\/\/www.latitude-15.com\/pt-br\/wp-json\/wp\/v2\/media?parent=22971"}],"wp:term":[{"taxonomy":"category","embeddable":true,"href":"https:\/\/www.latitude-15.com\/pt-br\/wp-json\/wp\/v2\/categories?post=22971"},{"taxonomy":"post_tag","embeddable":true,"href":"https:\/\/www.latitude-15.com\/pt-br\/wp-json\/wp\/v2\/tags?post=22971"}],"curies":[{"name":"wp","href":"https:\/\/api.w.org\/{rel}","templated":true}]}}