{"id":22735,"date":"2026-04-15T13:23:01","date_gmt":"2026-04-15T17:23:01","guid":{"rendered":"https:\/\/www.latitude-15.com\/alem-da-infraestrutura-o-que-quito-revela-sobre-o-aeroporto-do-amanha\/"},"modified":"2026-04-21T13:07:03","modified_gmt":"2026-04-21T17:07:03","slug":"alem-da-infraestrutura-o-que-quito-revela-sobre-o-aeroporto-do-amanha","status":"publish","type":"post","link":"https:\/\/www.latitude-15.com\/pt-br\/alem-da-infraestrutura-o-que-quito-revela-sobre-o-aeroporto-do-amanha\/","title":{"rendered":"ACI LAC QUITO: Al\u00e9m da infraestrutura, o que Quito revela sobre o aeroporto do amanh\u00e3"},"content":{"rendered":"\n<p>Os aeroportos est\u00e3o redefinindo cada vez mais seu papel na economia global. N\u00e3o sendo mais vistos apenas como infraestrutura projetada para movimentar aeronaves, passageiros e carga, eles est\u00e3o evoluindo gradualmente para plataformas de log\u00edstica, ind\u00fastria e desenvolvimento urbano. <\/p>\n\n<p>Esta transforma\u00e7\u00e3o esteve no centro das discuss\u00f5es durante o <strong><em>ACI Airport Day Quito<\/em><\/strong>, realizado em 11 de mar\u00e7o de 2026 e organizado pelo Conselho Internacional de Aeroportos \u2013 <em>Am\u00e9rica Latina e Caribe<\/em> (ACI-LAC) com o apoio da <em>Corporaci\u00f3n Quiport<\/em>. O evento reuniu operadores aeroportu\u00e1rios, executivos de companhias a\u00e9reas e especialistas do setor para explorar temas que variam de cidades aeroportu\u00e1rias e log\u00edstica de carga \u00e0 transforma\u00e7\u00e3o digital em todo o ecossistema da avia\u00e7\u00e3o. <\/p>\n\n<p>Em diversos pain\u00e9is \u2014 <em>de cidades aeroportu\u00e1rias a carga a\u00e9rea e estrat\u00e9gia de lideran\u00e7a<\/em> \u2014 uma mensagem surgiu claramente: <em><strong>os aeroportos est\u00e3o evoluindo muito al\u00e9m de seu papel tradicional como infraestrutura de transporte.<\/strong><\/em><\/p>\n\n<figure class=\"wp-block-image size-large\"><img fetchpriority=\"high\" decoding=\"async\" width=\"1024\" height=\"684\" src=\"https:\/\/www.latitude-15.com\/wp-content\/uploads\/2026\/04\/dsc07069_55145364271_o-1024x684.jpg\" alt=\"\" class=\"wp-image-22669\" srcset=\"https:\/\/www.latitude-15.com\/wp-content\/uploads\/2026\/04\/dsc07069_55145364271_o-1024x684.jpg 1024w, https:\/\/www.latitude-15.com\/wp-content\/uploads\/2026\/04\/dsc07069_55145364271_o-300x200.jpg 300w, https:\/\/www.latitude-15.com\/wp-content\/uploads\/2026\/04\/dsc07069_55145364271_o-768x513.jpg 768w, https:\/\/www.latitude-15.com\/wp-content\/uploads\/2026\/04\/dsc07069_55145364271_o-1536x1026.jpg 1536w, https:\/\/www.latitude-15.com\/wp-content\/uploads\/2026\/04\/dsc07069_55145364271_o-2048x1368.jpg 2048w, https:\/\/www.latitude-15.com\/wp-content\/uploads\/2026\/04\/dsc07069_55145364271_o-1320x882.jpg 1320w\" sizes=\"(max-width: 1024px) 100vw, 1024px\" \/><\/figure>\n\n<h2 class=\"wp-block-heading\">Aeroportos n\u00e3o s\u00e3o mais apenas infraestrutura<\/h2>\n\n<p>Um dos temas recorrentes do evento foi a necessidade de repensar como os aeroportos s\u00e3o percebidos. Em vez de visualiz\u00e1-los apenas como instala\u00e7\u00f5es que movimentam aeronaves, passageiros e carga, v\u00e1rios palestrantes enfatizaram que os aeroportos atuam cada vez mais como <strong>motores de atividade econ\u00f4mica<\/strong>. <\/p>\n\n<p>Em muitas partes do mundo, o conceito de \u201c<em>cidade aeroportu\u00e1ria<\/em>\u201d vem se desenvolvendo h\u00e1 anos, integrando atividades comerciais, imobili\u00e1rias e log\u00edsticas ao ambiente aeroportu\u00e1rio. Na Am\u00e9rica Latina, no entanto, essa mudan\u00e7a \u00e9 mais recente. Nas \u00faltimas duas d\u00e9cadas, grande parte do foco da regi\u00e3o esteve na moderniza\u00e7\u00e3o da infraestrutura aeroportu\u00e1ria \u2014 garantindo que as opera\u00e7\u00f5es de aeronaves, o processamento de passageiros e a movimenta\u00e7\u00e3o de carga funcionem de forma eficiente.  <\/p>\n\n<p>Agora que muitos aeroportos atingiram esse est\u00e1gio de maturidade, os operadores come\u00e7am a olhar para o pr\u00f3ximo passo: desenvolver ecossistemas econ\u00f4micos em torno do pr\u00f3prio aeroporto.<\/p>\n\n<p>Exemplos apresentados durante o painel ilustraram como essa transforma\u00e7\u00e3o j\u00e1 est\u00e1 em curso. Desenvolvimentos imobili\u00e1rios vinculados a aeroportos, novas \u00e1reas comerciais e projetos de hospitalidade est\u00e3o se tornando cada vez mais comuns. A mensagem foi clara: os aeroportos est\u00e3o se posicionando gradualmente como <strong>plataformas de desenvolvimento para as regi\u00f5es circundantes<\/strong>, n\u00e3o apenas n\u00f3s de transporte.  <\/p>\n\n<figure class=\"wp-block-image size-large\"><img decoding=\"async\" width=\"1024\" height=\"684\" data-src=\"https:\/\/www.latitude-15.com\/wp-content\/uploads\/2026\/04\/dsc07352_55145737480_o-1024x684.jpg\" alt=\"\" class=\"wp-image-22674 lazyload\" data-srcset=\"https:\/\/www.latitude-15.com\/wp-content\/uploads\/2026\/04\/dsc07352_55145737480_o-1024x684.jpg 1024w, https:\/\/www.latitude-15.com\/wp-content\/uploads\/2026\/04\/dsc07352_55145737480_o-300x200.jpg 300w, https:\/\/www.latitude-15.com\/wp-content\/uploads\/2026\/04\/dsc07352_55145737480_o-768x513.jpg 768w, https:\/\/www.latitude-15.com\/wp-content\/uploads\/2026\/04\/dsc07352_55145737480_o-1536x1026.jpg 1536w, https:\/\/www.latitude-15.com\/wp-content\/uploads\/2026\/04\/dsc07352_55145737480_o-2048x1368.jpg 2048w, https:\/\/www.latitude-15.com\/wp-content\/uploads\/2026\/04\/dsc07352_55145737480_o-1320x882.jpg 1320w\" data-sizes=\"(max-width: 1024px) 100vw, 1024px\" src=\"data:image\/svg+xml;base64,PHN2ZyB3aWR0aD0iMSIgaGVpZ2h0PSIxIiB4bWxucz0iaHR0cDovL3d3dy53My5vcmcvMjAwMC9zdmciPjwvc3ZnPg==\" style=\"--smush-placeholder-width: 1024px; --smush-placeholder-aspect-ratio: 1024\/684;\" \/><\/figure>\n\n<h2 class=\"wp-block-heading\">Ecossistemas industriais est\u00e3o surgindo em torno dos aeroportos<\/h2>\n\n<p>Al\u00e9m dos desenvolvimentos de varejo e comerciais, alguns aeroportos est\u00e3o se tornando \u00e2ncoras para <strong>clusters industriais<\/strong>.<\/p>\n\n<p>Um dos exemplos mais marcantes discutidos foi o cluster aeroespacial desenvolvido em torno do Aeroporto Internacional de Quer\u00e9taro, no M\u00e9xico. O aeroporto foi inaugurado em 2004 e, apenas alguns meses depois, a chegada da fabricante aeroespacial Bombardier desencadeou a cria\u00e7\u00e3o de um parque industrial de <strong>83 hectares<\/strong> dentro da \u00e1rea aeroportu\u00e1ria. <\/p>\n\n<p>Com o tempo, a regi\u00e3o evoluiu para um importante centro de fabrica\u00e7\u00e3o aeroespacial. Hoje, empresas em Quer\u00e9taro produzem componentes estruturais de aeronaves, sistemas de trem de pouso, avi\u00f4nicos e outros equipamentos aeroespaciais avan\u00e7ados. De acordo com a discuss\u00e3o no painel, a regi\u00e3o tornou-se <strong>um dos destinos mais atraentes globalmente para o investimento estrangeiro direto aeroespacial<\/strong>.  <\/p>\n\n<p>O ecossistema se estende al\u00e9m da fabrica\u00e7\u00e3o. Uma universidade p\u00fablica especializada, dedicada inteiramente \u00e0 educa\u00e7\u00e3o aeroespacial, tamb\u00e9m foi criada dentro da zona aeroportu\u00e1ria para apoiar a ind\u00fastria em crescimento. O resultado \u00e9 uma combina\u00e7\u00e3o de <strong>ind\u00fastria, educa\u00e7\u00e3o e infraestrutura aeroportu\u00e1ria<\/strong> trabalhando juntas em um \u00fanico ecossistema.  <\/p>\n\n<p>Para muitos operadores aeroportu\u00e1rios na regi\u00e3o, este exemplo ilustra como os aeroportos podem servir como catalisadores para um desenvolvimento econ\u00f4mico mais amplo.<\/p>\n\n<figure class=\"wp-block-image size-large\"><img decoding=\"async\" width=\"1024\" height=\"684\" data-src=\"https:\/\/www.latitude-15.com\/wp-content\/uploads\/2026\/04\/dsc07134_55145363961_o-1024x684.jpg\" alt=\"\" class=\"wp-image-22672 lazyload\" data-srcset=\"https:\/\/www.latitude-15.com\/wp-content\/uploads\/2026\/04\/dsc07134_55145363961_o-1024x684.jpg 1024w, https:\/\/www.latitude-15.com\/wp-content\/uploads\/2026\/04\/dsc07134_55145363961_o-300x200.jpg 300w, https:\/\/www.latitude-15.com\/wp-content\/uploads\/2026\/04\/dsc07134_55145363961_o-768x513.jpg 768w, https:\/\/www.latitude-15.com\/wp-content\/uploads\/2026\/04\/dsc07134_55145363961_o-1536x1026.jpg 1536w, https:\/\/www.latitude-15.com\/wp-content\/uploads\/2026\/04\/dsc07134_55145363961_o-2048x1368.jpg 2048w, https:\/\/www.latitude-15.com\/wp-content\/uploads\/2026\/04\/dsc07134_55145363961_o-1320x882.jpg 1320w\" data-sizes=\"(max-width: 1024px) 100vw, 1024px\" src=\"data:image\/svg+xml;base64,PHN2ZyB3aWR0aD0iMSIgaGVpZ2h0PSIxIiB4bWxucz0iaHR0cDovL3d3dy53My5vcmcvMjAwMC9zdmciPjwvc3ZnPg==\" style=\"--smush-placeholder-width: 1024px; --smush-placeholder-aspect-ratio: 1024\/684;\" \/><\/figure>\n\n<h2 class=\"wp-block-heading\">A carga est\u00e1 se tornando um pilar estrat\u00e9gico<\/h2>\n\n<p>Outra percep\u00e7\u00e3o fundamental das discuss\u00f5es foi a crescente import\u00e2ncia estrat\u00e9gica da carga a\u00e9rea.<\/p>\n\n<h3 class=\"wp-block-heading\">Embora o frete a\u00e9reo represente apenas cerca de 1 % do com\u00e9rcio global em volume, ele responde por aproximadamente 30 % do com\u00e9rcio global em valor.<\/h3>\n\n<p>Esse desequil\u00edbrio destaca a natureza de alto valor das mercadorias transportadas por via a\u00e9rea \u2014 <em>variando de produtos farmac\u00eauticos a eletr\u00f4nicos e produtos perec\u00edveis<\/em> \u2014 e explica por que a carga est\u00e1 se tornando cada vez mais central para as estrat\u00e9gias aeroportu\u00e1rias.<\/p>\n\n<p>A pr\u00f3pria Quito oferece uma ilustra\u00e7\u00e3o clara dessa tend\u00eancia. Desde 2013, o Aeroporto Internacional Mariscal Sucre da cidade movimentou <strong>2,8 milh\u00f5es de toneladas de carga<\/strong>, atingindo um <strong>recorde de 406.754 toneladas em 2025<\/strong>. <\/p>\n\n<p>O perfil da carga tamb\u00e9m \u00e9 altamente especializado: cerca de <strong>92 % das exporta\u00e7\u00f5es correspondem a flores<\/strong>, tornando o aeroporto uma porta de entrada crucial para a ind\u00fastria de floricultura do Equador.<\/p>\n\n<p>Essa concentra\u00e7\u00e3o destaca como os aeroportos podem se tornar profundamente inseridos nos setores econ\u00f4micos regionais, ligando a produ\u00e7\u00e3o local aos mercados globais.<\/p>\n\n<figure class=\"wp-block-image size-large\"><img decoding=\"async\" width=\"1024\" height=\"684\" data-src=\"https:\/\/www.latitude-15.com\/wp-content\/uploads\/2026\/04\/dsc07255_55145518688_o-1024x684.jpg\" alt=\"\" class=\"wp-image-22676 lazyload\" data-srcset=\"https:\/\/www.latitude-15.com\/wp-content\/uploads\/2026\/04\/dsc07255_55145518688_o-1024x684.jpg 1024w, https:\/\/www.latitude-15.com\/wp-content\/uploads\/2026\/04\/dsc07255_55145518688_o-300x200.jpg 300w, https:\/\/www.latitude-15.com\/wp-content\/uploads\/2026\/04\/dsc07255_55145518688_o-768x513.jpg 768w, https:\/\/www.latitude-15.com\/wp-content\/uploads\/2026\/04\/dsc07255_55145518688_o-1536x1026.jpg 1536w, https:\/\/www.latitude-15.com\/wp-content\/uploads\/2026\/04\/dsc07255_55145518688_o-2048x1368.jpg 2048w, https:\/\/www.latitude-15.com\/wp-content\/uploads\/2026\/04\/dsc07255_55145518688_o-1320x882.jpg 1320w\" data-sizes=\"(max-width: 1024px) 100vw, 1024px\" src=\"data:image\/svg+xml;base64,PHN2ZyB3aWR0aD0iMSIgaGVpZ2h0PSIxIiB4bWxucz0iaHR0cDovL3d3dy53My5vcmcvMjAwMC9zdmciPjwvc3ZnPg==\" style=\"--smush-placeholder-width: 1024px; --smush-placeholder-aspect-ratio: 1024\/684;\" \/><\/figure>\n\n<h2 class=\"wp-block-heading\">O e-commerce est\u00e1 remodelando a log\u00edstica aeroportu\u00e1ria<\/h2>\n\n<p>O r\u00e1pido crescimento do e-commerce tamb\u00e9m est\u00e1 transformando as opera\u00e7\u00f5es de carga a\u00e9rea.<\/p>\n\n<p>No Equador, os painelistas observaram que a carga de e-commerce representava cerca de <strong>15 % dos volumes totais de carga em 2023<\/strong>, mas subiu para <strong>35 % em 2025<\/strong>.<\/p>\n\n<p>Essa mudan\u00e7a traz novos desafios operacionais. A log\u00edstica do e-commerce exige tempos de processamento mais r\u00e1pidos, cadeias de suprimentos mais \u00e1geis e maior coordena\u00e7\u00e3o entre os atores em todo o ecossistema log\u00edstico. <\/p>\n\n<p>V\u00e1rios palestrantes enfatizaram a import\u00e2ncia da colabora\u00e7\u00e3o entre companhias a\u00e9reas, terminais de carga, operadores log\u00edsticos e autoridades p\u00fablicas. A digitaliza\u00e7\u00e3o tamb\u00e9m foi destacada como um facilitador fundamental. A integra\u00e7\u00e3o de sistemas e o compartilhamento de dados em tempo real em toda a cadeia de suprimentos poderiam ajudar a melhorar a previsibilidade, otimizar recursos e reduzir gargalos nas opera\u00e7\u00f5es de carga.  <\/p>\n\n<figure class=\"wp-block-image size-large\"><img decoding=\"async\" width=\"1024\" height=\"684\" data-src=\"https:\/\/www.latitude-15.com\/wp-content\/uploads\/2026\/04\/dsc07478_55145736335_o-1024x684.jpg\" alt=\"\" class=\"wp-image-22685 lazyload\" data-srcset=\"https:\/\/www.latitude-15.com\/wp-content\/uploads\/2026\/04\/dsc07478_55145736335_o-1024x684.jpg 1024w, https:\/\/www.latitude-15.com\/wp-content\/uploads\/2026\/04\/dsc07478_55145736335_o-300x200.jpg 300w, https:\/\/www.latitude-15.com\/wp-content\/uploads\/2026\/04\/dsc07478_55145736335_o-768x513.jpg 768w, https:\/\/www.latitude-15.com\/wp-content\/uploads\/2026\/04\/dsc07478_55145736335_o-1536x1026.jpg 1536w, https:\/\/www.latitude-15.com\/wp-content\/uploads\/2026\/04\/dsc07478_55145736335_o-2048x1368.jpg 2048w, https:\/\/www.latitude-15.com\/wp-content\/uploads\/2026\/04\/dsc07478_55145736335_o-1320x882.jpg 1320w\" data-sizes=\"(max-width: 1024px) 100vw, 1024px\" src=\"data:image\/svg+xml;base64,PHN2ZyB3aWR0aD0iMSIgaGVpZ2h0PSIxIiB4bWxucz0iaHR0cDovL3d3dy53My5vcmcvMjAwMC9zdmciPjwvc3ZnPg==\" style=\"--smush-placeholder-width: 1024px; --smush-placeholder-aspect-ratio: 1024\/684;\" \/><\/figure>\n\n<h2 class=\"wp-block-heading\">A colabora\u00e7\u00e3o definir\u00e1 o aeroporto do futuro<\/h2>\n\n<p>Talvez a li\u00e7\u00e3o mais importante de Quito tenha sido que a infraestrutura por si s\u00f3 n\u00e3o \u00e9 mais suficiente.<\/p>\n\n<p>Os aeroportos dependem cada vez mais da coopera\u00e7\u00e3o com uma ampla gama de partes interessadas \u2014 incluindo munic\u00edpios, governos nacionais, empresas de log\u00edstica e companhias a\u00e9reas. Sem essa coordena\u00e7\u00e3o, mesmo a infraestrutura mais avan\u00e7ada n\u00e3o pode atingir seu pleno potencial. <\/p>\n\n<p>O caso do aeroporto El Dorado, em Bogot\u00e1, ilustra essa din\u00e2mica. O aeroporto movimenta <strong>quase 46 milh\u00f5es de passageiros anualmente e cerca de 850.000 toneladas de carga<\/strong>, sustentando <strong>33.000 empregos diretos e mais de 60.000 empregos no setor de avia\u00e7\u00e3o em toda a cidade<\/strong>. <\/p>\n\n<p>Tal escala requer um planejamento integrado entre o aeroporto e o ambiente urbano circundante. As autoridades locais come\u00e7aram, portanto, a incorporar o conceito de <strong>\u201c<em>Bogot\u00e1 Ciudad-Aeropuerto<\/em>\u201d<\/strong> em planos de desenvolvimento urbano mais amplos. <\/p>\n\n<p>Para os operadores aeroportu\u00e1rios em toda a Am\u00e9rica Latina, a mensagem \u00e9 clara: a competitividade futura depender\u00e1 n\u00e3o apenas de investimentos em infraestrutura, mas tamb\u00e9m de governan\u00e7a, integra\u00e7\u00e3o de dados e coordena\u00e7\u00e3o de longo prazo com institui\u00e7\u00f5es p\u00fablicas.<\/p>\n\n<figure class=\"wp-block-image size-large\"><img decoding=\"async\" width=\"1024\" height=\"684\" data-src=\"https:\/\/www.latitude-15.com\/wp-content\/uploads\/2026\/04\/dsc07219_55145738870_o-1024x684.jpg\" alt=\"\" class=\"wp-image-22678 lazyload\" data-srcset=\"https:\/\/www.latitude-15.com\/wp-content\/uploads\/2026\/04\/dsc07219_55145738870_o-1024x684.jpg 1024w, https:\/\/www.latitude-15.com\/wp-content\/uploads\/2026\/04\/dsc07219_55145738870_o-300x200.jpg 300w, https:\/\/www.latitude-15.com\/wp-content\/uploads\/2026\/04\/dsc07219_55145738870_o-768x513.jpg 768w, https:\/\/www.latitude-15.com\/wp-content\/uploads\/2026\/04\/dsc07219_55145738870_o-1536x1026.jpg 1536w, https:\/\/www.latitude-15.com\/wp-content\/uploads\/2026\/04\/dsc07219_55145738870_o-2048x1368.jpg 2048w, https:\/\/www.latitude-15.com\/wp-content\/uploads\/2026\/04\/dsc07219_55145738870_o-1320x882.jpg 1320w\" data-sizes=\"(max-width: 1024px) 100vw, 1024px\" src=\"data:image\/svg+xml;base64,PHN2ZyB3aWR0aD0iMSIgaGVpZ2h0PSIxIiB4bWxucz0iaHR0cDovL3d3dy53My5vcmcvMjAwMC9zdmciPjwvc3ZnPg==\" style=\"--smush-placeholder-width: 1024px; --smush-placeholder-aspect-ratio: 1024\/684;\" \/><\/figure>\n\n<h2 class=\"wp-block-heading\">Um novo papel para os aeroportos<\/h2>\n\n<p>Tomadas em conjunto, as discuss\u00f5es em Quito sugerem que o aeroporto de amanh\u00e3 ser\u00e1 muito diferente do aeroporto de ontem.<\/p>\n\n<h3 class=\"wp-block-heading\">Em vez de simplesmente processar movimentos de aeronaves, os aeroportos est\u00e3o se tornando plataformas multifuncionais \u2014 combinando hubs log\u00edsticos, clusters industriais, desenvolvimentos imobili\u00e1rios e ecossistemas de inova\u00e7\u00e3o.<\/h3>\n\n<p>Para a Am\u00e9rica Latina e o Caribe, a transforma\u00e7\u00e3o ainda pode estar em seus est\u00e1gios iniciais. Mas, como demonstraram as conversas em Quito, a mudan\u00e7a j\u00e1 est\u00e1 em andamento. <\/p>\n\n<figure class=\"wp-block-image size-large\"><img decoding=\"async\" width=\"1024\" height=\"684\" data-src=\"https:\/\/www.latitude-15.com\/wp-content\/uploads\/2026\/04\/dsc07504_55144460947_o-1-1024x684.jpg\" alt=\"\" class=\"wp-image-22681 lazyload\" data-srcset=\"https:\/\/www.latitude-15.com\/wp-content\/uploads\/2026\/04\/dsc07504_55144460947_o-1-1024x684.jpg 1024w, https:\/\/www.latitude-15.com\/wp-content\/uploads\/2026\/04\/dsc07504_55144460947_o-1-300x200.jpg 300w, https:\/\/www.latitude-15.com\/wp-content\/uploads\/2026\/04\/dsc07504_55144460947_o-1-768x513.jpg 768w, https:\/\/www.latitude-15.com\/wp-content\/uploads\/2026\/04\/dsc07504_55144460947_o-1-1536x1026.jpg 1536w, https:\/\/www.latitude-15.com\/wp-content\/uploads\/2026\/04\/dsc07504_55144460947_o-1-2048x1368.jpg 2048w, https:\/\/www.latitude-15.com\/wp-content\/uploads\/2026\/04\/dsc07504_55144460947_o-1-1320x882.jpg 1320w\" data-sizes=\"(max-width: 1024px) 100vw, 1024px\" src=\"data:image\/svg+xml;base64,PHN2ZyB3aWR0aD0iMSIgaGVpZ2h0PSIxIiB4bWxucz0iaHR0cDovL3d3dy53My5vcmcvMjAwMC9zdmciPjwvc3ZnPg==\" style=\"--smush-placeholder-width: 1024px; --smush-placeholder-aspect-ratio: 1024\/684;\" \/><\/figure>\n","protected":false},"excerpt":{"rendered":"<p>Os aeroportos est\u00e3o redefinindo cada vez mais seu papel na economia global. N\u00e3o sendo mais vistos apenas como infraestrutura projetada para movimentar aeronaves, passageiros e carga, eles est\u00e3o evoluindo gradualmente para plataformas de log\u00edstica, ind\u00fastria e desenvolvimento urbano. Esta transforma\u00e7\u00e3o esteve no centro das discuss\u00f5es durante o ACI Airport Day Quito, realizado em 11 de [&hellip;]<\/p>\n","protected":false},"author":5,"featured_media":22734,"comment_status":"open","ping_status":"closed","sticky":false,"template":"","format":"standard","meta":{"footnotes":""},"categories":[98,107,165],"tags":[],"class_list":["post-22735","post","type-post","status-publish","format-standard","has-post-thumbnail","hentry","category-aviacao","category-receitas-comerciais-e-nao-aeronauticas","category-spotlight-aviation"],"yoast_head":"<!-- This site is optimized with the Yoast SEO plugin v26.9 - https:\/\/yoast.com\/product\/yoast-seo-wordpress\/ -->\n<title>ACI LAC QUITO: Al\u00e9m da infraestrutura, o que Quito revela sobre o aeroporto do amanh\u00e3 - LATITUDE 15<\/title>\n<meta name=\"description\" content=\"No ACI Airport Day em Quito, l\u00edderes da avia\u00e7\u00e3o discutiram cidades aeroportu\u00e1rias e o crescimento da carga | como os aeroportos est\u00e3o evoluindo para ecossistemas econ\u00f4micos.\" \/>\n<meta name=\"robots\" content=\"index, follow, max-snippet:-1, max-image-preview:large, max-video-preview:-1\" \/>\n<link rel=\"canonical\" href=\"https:\/\/www.latitude-15.com\/pt-br\/alem-da-infraestrutura-o-que-quito-revela-sobre-o-aeroporto-do-amanha\/\" \/>\n<meta property=\"og:locale\" content=\"pt_BR\" \/>\n<meta property=\"og:type\" content=\"article\" \/>\n<meta property=\"og:title\" content=\"ACI LAC QUITO: Al\u00e9m da infraestrutura, o que Quito revela sobre o aeroporto do amanh\u00e3 - LATITUDE 15\" \/>\n<meta property=\"og:description\" content=\"No ACI Airport Day em Quito, l\u00edderes da avia\u00e7\u00e3o discutiram cidades aeroportu\u00e1rias e o crescimento da carga | como os aeroportos est\u00e3o evoluindo para ecossistemas econ\u00f4micos.\" \/>\n<meta property=\"og:url\" content=\"https:\/\/www.latitude-15.com\/pt-br\/alem-da-infraestrutura-o-que-quito-revela-sobre-o-aeroporto-do-amanha\/\" \/>\n<meta property=\"og:site_name\" content=\"LATITUDE 15\" \/>\n<meta property=\"article:published_time\" content=\"2026-04-15T17:23:01+00:00\" \/>\n<meta property=\"article:modified_time\" content=\"2026-04-21T17:07:03+00:00\" \/>\n<meta property=\"og:image\" content=\"https:\/\/www.latitude-15.com\/wp-content\/uploads\/2026\/04\/dsc07066_55145595919_o-scaled.jpg\" \/>\n\t<meta property=\"og:image:width\" content=\"2560\" \/>\n\t<meta property=\"og:image:height\" content=\"1710\" \/>\n\t<meta property=\"og:image:type\" content=\"image\/jpeg\" \/>\n<meta name=\"author\" content=\"Joda J\" \/>\n<meta name=\"twitter:card\" content=\"summary_large_image\" \/>\n<meta name=\"twitter:label1\" content=\"Escrito por\" \/>\n\t<meta name=\"twitter:data1\" content=\"Joda J\" \/>\n\t<meta name=\"twitter:label2\" content=\"Est. tempo de leitura\" \/>\n\t<meta name=\"twitter:data2\" content=\"6 minutos\" \/>\n<script type=\"application\/ld+json\" class=\"yoast-schema-graph\">{\"@context\":\"https:\/\/schema.org\",\"@graph\":[{\"@type\":\"Article\",\"@id\":\"https:\/\/www.latitude-15.com\/pt-br\/alem-da-infraestrutura-o-que-quito-revela-sobre-o-aeroporto-do-amanha\/#article\",\"isPartOf\":{\"@id\":\"https:\/\/www.latitude-15.com\/pt-br\/alem-da-infraestrutura-o-que-quito-revela-sobre-o-aeroporto-do-amanha\/\"},\"author\":{\"name\":\"Joda J\",\"@id\":\"https:\/\/www.latitude-15.com\/pt-br\/#\/schema\/person\/dac52e7ff44c78317f337da112e37252\"},\"headline\":\"ACI LAC QUITO: Al\u00e9m da infraestrutura, o que Quito revela sobre o aeroporto do amanh\u00e3\",\"datePublished\":\"2026-04-15T17:23:01+00:00\",\"dateModified\":\"2026-04-21T17:07:03+00:00\",\"mainEntityOfPage\":{\"@id\":\"https:\/\/www.latitude-15.com\/pt-br\/alem-da-infraestrutura-o-que-quito-revela-sobre-o-aeroporto-do-amanha\/\"},\"wordCount\":1261,\"commentCount\":0,\"publisher\":{\"@id\":\"https:\/\/www.latitude-15.com\/pt-br\/#organization\"},\"image\":{\"@id\":\"https:\/\/www.latitude-15.com\/pt-br\/alem-da-infraestrutura-o-que-quito-revela-sobre-o-aeroporto-do-amanha\/#primaryimage\"},\"thumbnailUrl\":\"https:\/\/www.latitude-15.com\/wp-content\/uploads\/2026\/04\/dsc07066_55145595919_o-scaled.jpg\",\"articleSection\":[\"AVIA\u00c7\u00c3O\",\"Receitas comerciais e n\u00e3o aeron\u00e1uticas\",\"Spotlight Aviation\"],\"inLanguage\":\"pt-BR\",\"potentialAction\":[{\"@type\":\"CommentAction\",\"name\":\"Comment\",\"target\":[\"https:\/\/www.latitude-15.com\/pt-br\/alem-da-infraestrutura-o-que-quito-revela-sobre-o-aeroporto-do-amanha\/#respond\"]}]},{\"@type\":\"WebPage\",\"@id\":\"https:\/\/www.latitude-15.com\/pt-br\/alem-da-infraestrutura-o-que-quito-revela-sobre-o-aeroporto-do-amanha\/\",\"url\":\"https:\/\/www.latitude-15.com\/pt-br\/alem-da-infraestrutura-o-que-quito-revela-sobre-o-aeroporto-do-amanha\/\",\"name\":\"ACI LAC QUITO: Al\u00e9m da infraestrutura, o que Quito revela sobre o aeroporto do amanh\u00e3 - LATITUDE 15\",\"isPartOf\":{\"@id\":\"https:\/\/www.latitude-15.com\/pt-br\/#website\"},\"primaryImageOfPage\":{\"@id\":\"https:\/\/www.latitude-15.com\/pt-br\/alem-da-infraestrutura-o-que-quito-revela-sobre-o-aeroporto-do-amanha\/#primaryimage\"},\"image\":{\"@id\":\"https:\/\/www.latitude-15.com\/pt-br\/alem-da-infraestrutura-o-que-quito-revela-sobre-o-aeroporto-do-amanha\/#primaryimage\"},\"thumbnailUrl\":\"https:\/\/www.latitude-15.com\/wp-content\/uploads\/2026\/04\/dsc07066_55145595919_o-scaled.jpg\",\"datePublished\":\"2026-04-15T17:23:01+00:00\",\"dateModified\":\"2026-04-21T17:07:03+00:00\",\"description\":\"No ACI Airport Day em Quito, l\u00edderes da avia\u00e7\u00e3o discutiram cidades aeroportu\u00e1rias e o crescimento da carga | como os aeroportos est\u00e3o evoluindo para ecossistemas econ\u00f4micos.\",\"breadcrumb\":{\"@id\":\"https:\/\/www.latitude-15.com\/pt-br\/alem-da-infraestrutura-o-que-quito-revela-sobre-o-aeroporto-do-amanha\/#breadcrumb\"},\"inLanguage\":\"pt-BR\",\"potentialAction\":[{\"@type\":\"ReadAction\",\"target\":[\"https:\/\/www.latitude-15.com\/pt-br\/alem-da-infraestrutura-o-que-quito-revela-sobre-o-aeroporto-do-amanha\/\"]}]},{\"@type\":\"ImageObject\",\"inLanguage\":\"pt-BR\",\"@id\":\"https:\/\/www.latitude-15.com\/pt-br\/alem-da-infraestrutura-o-que-quito-revela-sobre-o-aeroporto-do-amanha\/#primaryimage\",\"url\":\"https:\/\/www.latitude-15.com\/wp-content\/uploads\/2026\/04\/dsc07066_55145595919_o-scaled.jpg\",\"contentUrl\":\"https:\/\/www.latitude-15.com\/wp-content\/uploads\/2026\/04\/dsc07066_55145595919_o-scaled.jpg\",\"width\":2560,\"height\":1710},{\"@type\":\"BreadcrumbList\",\"@id\":\"https:\/\/www.latitude-15.com\/pt-br\/alem-da-infraestrutura-o-que-quito-revela-sobre-o-aeroporto-do-amanha\/#breadcrumb\",\"itemListElement\":[{\"@type\":\"ListItem\",\"position\":1,\"name\":\"Home\",\"item\":\"https:\/\/www.latitude-15.com\/pt-br\/inicio\/\"},{\"@type\":\"ListItem\",\"position\":2,\"name\":\"ACI LAC QUITO: Al\u00e9m da infraestrutura, o que Quito revela sobre o aeroporto do amanh\u00e3\"}]},{\"@type\":\"WebSite\",\"@id\":\"https:\/\/www.latitude-15.com\/pt-br\/#website\",\"url\":\"https:\/\/www.latitude-15.com\/pt-br\/\",\"name\":\"LATITUDE 15\",\"description\":\"Aviation and maritime Magazine - Caribbean &amp; Latin America\",\"publisher\":{\"@id\":\"https:\/\/www.latitude-15.com\/pt-br\/#organization\"},\"potentialAction\":[{\"@type\":\"SearchAction\",\"target\":{\"@type\":\"EntryPoint\",\"urlTemplate\":\"https:\/\/www.latitude-15.com\/pt-br\/?s={search_term_string}\"},\"query-input\":{\"@type\":\"PropertyValueSpecification\",\"valueRequired\":true,\"valueName\":\"search_term_string\"}}],\"inLanguage\":\"pt-BR\"},{\"@type\":\"Organization\",\"@id\":\"https:\/\/www.latitude-15.com\/pt-br\/#organization\",\"name\":\"LATITUDE 15\",\"url\":\"https:\/\/www.latitude-15.com\/pt-br\/\",\"logo\":{\"@type\":\"ImageObject\",\"inLanguage\":\"pt-BR\",\"@id\":\"https:\/\/www.latitude-15.com\/pt-br\/#\/schema\/logo\/image\/\",\"url\":\"https:\/\/www.latitude-15.com\/wp-content\/uploads\/2026\/01\/cropped-logox500px.png\",\"contentUrl\":\"https:\/\/www.latitude-15.com\/wp-content\/uploads\/2026\/01\/cropped-logox500px.png\",\"width\":62,\"height\":75,\"caption\":\"LATITUDE 15\"},\"image\":{\"@id\":\"https:\/\/www.latitude-15.com\/pt-br\/#\/schema\/logo\/image\/\"}},{\"@type\":\"Person\",\"@id\":\"https:\/\/www.latitude-15.com\/pt-br\/#\/schema\/person\/dac52e7ff44c78317f337da112e37252\",\"name\":\"Joda J\",\"image\":{\"@type\":\"ImageObject\",\"inLanguage\":\"pt-BR\",\"@id\":\"https:\/\/www.latitude-15.com\/pt-br\/#\/schema\/person\/image\/\",\"url\":\"https:\/\/secure.gravatar.com\/avatar\/6b1feae555e15404b76616f92d931d12b25ac58024f14ccb43d9d3c012e4c4cf?s=96&d=mm&r=g\",\"contentUrl\":\"https:\/\/secure.gravatar.com\/avatar\/6b1feae555e15404b76616f92d931d12b25ac58024f14ccb43d9d3c012e4c4cf?s=96&d=mm&r=g\",\"caption\":\"Joda J\"},\"url\":\"https:\/\/www.latitude-15.com\/pt-br\/author\/joda\/\"}]}<\/script>\n<!-- \/ Yoast SEO plugin. -->","yoast_head_json":{"title":"ACI LAC QUITO: Al\u00e9m da infraestrutura, o que Quito revela sobre o aeroporto do amanh\u00e3 - LATITUDE 15","description":"No ACI Airport Day em Quito, l\u00edderes da avia\u00e7\u00e3o discutiram cidades aeroportu\u00e1rias e o crescimento da carga | como os aeroportos est\u00e3o evoluindo para ecossistemas econ\u00f4micos.","robots":{"index":"index","follow":"follow","max-snippet":"max-snippet:-1","max-image-preview":"max-image-preview:large","max-video-preview":"max-video-preview:-1"},"canonical":"https:\/\/www.latitude-15.com\/pt-br\/alem-da-infraestrutura-o-que-quito-revela-sobre-o-aeroporto-do-amanha\/","og_locale":"pt_BR","og_type":"article","og_title":"ACI LAC QUITO: Al\u00e9m da infraestrutura, o que Quito revela sobre o aeroporto do amanh\u00e3 - LATITUDE 15","og_description":"No ACI Airport Day em Quito, l\u00edderes da avia\u00e7\u00e3o discutiram cidades aeroportu\u00e1rias e o crescimento da carga | como os aeroportos est\u00e3o evoluindo para ecossistemas econ\u00f4micos.","og_url":"https:\/\/www.latitude-15.com\/pt-br\/alem-da-infraestrutura-o-que-quito-revela-sobre-o-aeroporto-do-amanha\/","og_site_name":"LATITUDE 15","article_published_time":"2026-04-15T17:23:01+00:00","article_modified_time":"2026-04-21T17:07:03+00:00","og_image":[{"width":2560,"height":1710,"url":"https:\/\/www.latitude-15.com\/wp-content\/uploads\/2026\/04\/dsc07066_55145595919_o-scaled.jpg","type":"image\/jpeg"}],"author":"Joda J","twitter_card":"summary_large_image","twitter_misc":{"Escrito por":"Joda J","Est. tempo de leitura":"6 minutos"},"schema":{"@context":"https:\/\/schema.org","@graph":[{"@type":"Article","@id":"https:\/\/www.latitude-15.com\/pt-br\/alem-da-infraestrutura-o-que-quito-revela-sobre-o-aeroporto-do-amanha\/#article","isPartOf":{"@id":"https:\/\/www.latitude-15.com\/pt-br\/alem-da-infraestrutura-o-que-quito-revela-sobre-o-aeroporto-do-amanha\/"},"author":{"name":"Joda J","@id":"https:\/\/www.latitude-15.com\/pt-br\/#\/schema\/person\/dac52e7ff44c78317f337da112e37252"},"headline":"ACI LAC QUITO: Al\u00e9m da infraestrutura, o que Quito revela sobre o aeroporto do amanh\u00e3","datePublished":"2026-04-15T17:23:01+00:00","dateModified":"2026-04-21T17:07:03+00:00","mainEntityOfPage":{"@id":"https:\/\/www.latitude-15.com\/pt-br\/alem-da-infraestrutura-o-que-quito-revela-sobre-o-aeroporto-do-amanha\/"},"wordCount":1261,"commentCount":0,"publisher":{"@id":"https:\/\/www.latitude-15.com\/pt-br\/#organization"},"image":{"@id":"https:\/\/www.latitude-15.com\/pt-br\/alem-da-infraestrutura-o-que-quito-revela-sobre-o-aeroporto-do-amanha\/#primaryimage"},"thumbnailUrl":"https:\/\/www.latitude-15.com\/wp-content\/uploads\/2026\/04\/dsc07066_55145595919_o-scaled.jpg","articleSection":["AVIA\u00c7\u00c3O","Receitas comerciais e n\u00e3o aeron\u00e1uticas","Spotlight Aviation"],"inLanguage":"pt-BR","potentialAction":[{"@type":"CommentAction","name":"Comment","target":["https:\/\/www.latitude-15.com\/pt-br\/alem-da-infraestrutura-o-que-quito-revela-sobre-o-aeroporto-do-amanha\/#respond"]}]},{"@type":"WebPage","@id":"https:\/\/www.latitude-15.com\/pt-br\/alem-da-infraestrutura-o-que-quito-revela-sobre-o-aeroporto-do-amanha\/","url":"https:\/\/www.latitude-15.com\/pt-br\/alem-da-infraestrutura-o-que-quito-revela-sobre-o-aeroporto-do-amanha\/","name":"ACI LAC QUITO: Al\u00e9m da infraestrutura, o que Quito revela sobre o aeroporto do amanh\u00e3 - LATITUDE 15","isPartOf":{"@id":"https:\/\/www.latitude-15.com\/pt-br\/#website"},"primaryImageOfPage":{"@id":"https:\/\/www.latitude-15.com\/pt-br\/alem-da-infraestrutura-o-que-quito-revela-sobre-o-aeroporto-do-amanha\/#primaryimage"},"image":{"@id":"https:\/\/www.latitude-15.com\/pt-br\/alem-da-infraestrutura-o-que-quito-revela-sobre-o-aeroporto-do-amanha\/#primaryimage"},"thumbnailUrl":"https:\/\/www.latitude-15.com\/wp-content\/uploads\/2026\/04\/dsc07066_55145595919_o-scaled.jpg","datePublished":"2026-04-15T17:23:01+00:00","dateModified":"2026-04-21T17:07:03+00:00","description":"No ACI Airport Day em Quito, l\u00edderes da avia\u00e7\u00e3o discutiram cidades aeroportu\u00e1rias e o crescimento da carga | como os aeroportos est\u00e3o evoluindo para ecossistemas econ\u00f4micos.","breadcrumb":{"@id":"https:\/\/www.latitude-15.com\/pt-br\/alem-da-infraestrutura-o-que-quito-revela-sobre-o-aeroporto-do-amanha\/#breadcrumb"},"inLanguage":"pt-BR","potentialAction":[{"@type":"ReadAction","target":["https:\/\/www.latitude-15.com\/pt-br\/alem-da-infraestrutura-o-que-quito-revela-sobre-o-aeroporto-do-amanha\/"]}]},{"@type":"ImageObject","inLanguage":"pt-BR","@id":"https:\/\/www.latitude-15.com\/pt-br\/alem-da-infraestrutura-o-que-quito-revela-sobre-o-aeroporto-do-amanha\/#primaryimage","url":"https:\/\/www.latitude-15.com\/wp-content\/uploads\/2026\/04\/dsc07066_55145595919_o-scaled.jpg","contentUrl":"https:\/\/www.latitude-15.com\/wp-content\/uploads\/2026\/04\/dsc07066_55145595919_o-scaled.jpg","width":2560,"height":1710},{"@type":"BreadcrumbList","@id":"https:\/\/www.latitude-15.com\/pt-br\/alem-da-infraestrutura-o-que-quito-revela-sobre-o-aeroporto-do-amanha\/#breadcrumb","itemListElement":[{"@type":"ListItem","position":1,"name":"Home","item":"https:\/\/www.latitude-15.com\/pt-br\/inicio\/"},{"@type":"ListItem","position":2,"name":"ACI LAC QUITO: Al\u00e9m da infraestrutura, o que Quito revela sobre o aeroporto do amanh\u00e3"}]},{"@type":"WebSite","@id":"https:\/\/www.latitude-15.com\/pt-br\/#website","url":"https:\/\/www.latitude-15.com\/pt-br\/","name":"LATITUDE 15","description":"Aviation and maritime Magazine - Caribbean &amp; Latin America","publisher":{"@id":"https:\/\/www.latitude-15.com\/pt-br\/#organization"},"potentialAction":[{"@type":"SearchAction","target":{"@type":"EntryPoint","urlTemplate":"https:\/\/www.latitude-15.com\/pt-br\/?s={search_term_string}"},"query-input":{"@type":"PropertyValueSpecification","valueRequired":true,"valueName":"search_term_string"}}],"inLanguage":"pt-BR"},{"@type":"Organization","@id":"https:\/\/www.latitude-15.com\/pt-br\/#organization","name":"LATITUDE 15","url":"https:\/\/www.latitude-15.com\/pt-br\/","logo":{"@type":"ImageObject","inLanguage":"pt-BR","@id":"https:\/\/www.latitude-15.com\/pt-br\/#\/schema\/logo\/image\/","url":"https:\/\/www.latitude-15.com\/wp-content\/uploads\/2026\/01\/cropped-logox500px.png","contentUrl":"https:\/\/www.latitude-15.com\/wp-content\/uploads\/2026\/01\/cropped-logox500px.png","width":62,"height":75,"caption":"LATITUDE 15"},"image":{"@id":"https:\/\/www.latitude-15.com\/pt-br\/#\/schema\/logo\/image\/"}},{"@type":"Person","@id":"https:\/\/www.latitude-15.com\/pt-br\/#\/schema\/person\/dac52e7ff44c78317f337da112e37252","name":"Joda J","image":{"@type":"ImageObject","inLanguage":"pt-BR","@id":"https:\/\/www.latitude-15.com\/pt-br\/#\/schema\/person\/image\/","url":"https:\/\/secure.gravatar.com\/avatar\/6b1feae555e15404b76616f92d931d12b25ac58024f14ccb43d9d3c012e4c4cf?s=96&d=mm&r=g","contentUrl":"https:\/\/secure.gravatar.com\/avatar\/6b1feae555e15404b76616f92d931d12b25ac58024f14ccb43d9d3c012e4c4cf?s=96&d=mm&r=g","caption":"Joda J"},"url":"https:\/\/www.latitude-15.com\/pt-br\/author\/joda\/"}]}},"_links":{"self":[{"href":"https:\/\/www.latitude-15.com\/pt-br\/wp-json\/wp\/v2\/posts\/22735","targetHints":{"allow":["GET"]}}],"collection":[{"href":"https:\/\/www.latitude-15.com\/pt-br\/wp-json\/wp\/v2\/posts"}],"about":[{"href":"https:\/\/www.latitude-15.com\/pt-br\/wp-json\/wp\/v2\/types\/post"}],"author":[{"embeddable":true,"href":"https:\/\/www.latitude-15.com\/pt-br\/wp-json\/wp\/v2\/users\/5"}],"replies":[{"embeddable":true,"href":"https:\/\/www.latitude-15.com\/pt-br\/wp-json\/wp\/v2\/comments?post=22735"}],"version-history":[{"count":2,"href":"https:\/\/www.latitude-15.com\/pt-br\/wp-json\/wp\/v2\/posts\/22735\/revisions"}],"predecessor-version":[{"id":22918,"href":"https:\/\/www.latitude-15.com\/pt-br\/wp-json\/wp\/v2\/posts\/22735\/revisions\/22918"}],"wp:featuredmedia":[{"embeddable":true,"href":"https:\/\/www.latitude-15.com\/pt-br\/wp-json\/wp\/v2\/media\/22734"}],"wp:attachment":[{"href":"https:\/\/www.latitude-15.com\/pt-br\/wp-json\/wp\/v2\/media?parent=22735"}],"wp:term":[{"taxonomy":"category","embeddable":true,"href":"https:\/\/www.latitude-15.com\/pt-br\/wp-json\/wp\/v2\/categories?post=22735"},{"taxonomy":"post_tag","embeddable":true,"href":"https:\/\/www.latitude-15.com\/pt-br\/wp-json\/wp\/v2\/tags?post=22735"}],"curies":[{"name":"wp","href":"https:\/\/api.w.org\/{rel}","templated":true}]}}