{"id":22631,"date":"2026-04-10T14:25:29","date_gmt":"2026-04-10T18:25:29","guid":{"rendered":"https:\/\/www.latitude-15.com\/viagens-intra-regionais-impulsionam-o-crescimento-da-aviacao-na-america-latina\/"},"modified":"2026-04-13T06:56:20","modified_gmt":"2026-04-13T10:56:20","slug":"viagens-intra-regionais-impulsionam-o-crescimento-da-aviacao-na-america-latina","status":"publish","type":"post","link":"https:\/\/www.latitude-15.com\/pt-br\/viagens-intra-regionais-impulsionam-o-crescimento-da-aviacao-na-america-latina\/","title":{"rendered":"Viagens intra-regionais impulsionam o crescimento da avia\u00e7\u00e3o na Am\u00e9rica Latina"},"content":{"rendered":"\n<p><em>As rotas dom\u00e9sticas e regionais est\u00e3o cada vez mais moldando a expans\u00e3o do transporte a\u00e9reo na Am\u00e9rica Latina e no Caribe.<\/em><\/p>\n\n<p>O setor de avia\u00e7\u00e3o na Am\u00e9rica Latina e no Caribe iniciou 2026 com uma forte din\u00e2mica de recupera\u00e7\u00e3o. Somente em janeiro, o tr\u00e1fego a\u00e9reo na regi\u00e3o alcan\u00e7ou 45,1 milh\u00f5es de passageiros, representando um aumento de 6,2% em compara\u00e7\u00e3o com janeiro de 2025, ou 2,63 milh\u00f5es de viajantes adicionais. No entanto, para al\u00e9m desse n\u00famero geral, os dados revelam uma mudan\u00e7a mais estrutural: o crescimento do mercado de avia\u00e7\u00e3o regional est\u00e1 agora sendo impulsionado principalmente pelas viagens dom\u00e9sticas e intra-regionais, e n\u00e3o pelas rotas internacionais de longa dist\u00e2ncia.  <\/p>\n\n<p>De acordo com a <em><a href=\"https:\/\/alta.aero\/en\/news\/trafico-aereo-en-america-latina-y-el-caribe-crecio-62-interanual-en-enero\/\">an\u00e1lise mais recente da Latin American and Caribbean Air Transport Association (ALTA)<\/a><\/em>, o impulso mais forte vem dos voos dentro da pr\u00f3pria regi\u00e3o, apontando para uma transforma\u00e7\u00e3o gradual do panorama da avia\u00e7\u00e3o na Am\u00e9rica Latina e no Caribe.<\/p>\n\n<h2 class=\"wp-block-heading\">Um mercado de avia\u00e7\u00e3o regional cada vez mais integrado<\/h2>\n\n<p>A distribui\u00e7\u00e3o do crescimento do tr\u00e1fego ilustra claramente a mudan\u00e7a na din\u00e2mica da rede a\u00e9rea regional. As viagens dom\u00e9sticas atingiram 24,23 milh\u00f5es de passageiros em janeiro, registrando crescimento anual de 7,5%, enquanto as rotas internacionais intra-regionais expandiram-se ainda mais rapidamente, com 5,54 milh\u00f5es de passageiros, um aumento de 9,2%. Em compara\u00e7\u00e3o, o tr\u00e1fego internacional extra-regional cresceu apenas 3,1% no mesmo per\u00edodo.  <\/p>\n\n<p>Esses n\u00fameros sugerem que o sistema de avia\u00e7\u00e3o na Am\u00e9rica Latina e no Caribe est\u00e1 se tornando mais integrado internamente. O aumento das trocas econ\u00f4micas entre pa\u00edses vizinhos, o crescimento do turismo regional e a expans\u00e3o das redes a\u00e9reas dentro do continente est\u00e3o fortalecendo conex\u00f5es entre mercados que historicamente dependiam fortemente de liga\u00e7\u00f5es de longa dist\u00e2ncia com a Am\u00e9rica do Norte ou a Europa. <\/p>\n\n<p>Os indicadores de demanda refor\u00e7am essa tend\u00eancia. A demanda de passageiros medida em Revenue Passenger Kilometers (RPK) cresceu 6,4%, enquanto a capacidade medida em Available Seat Kilometers (ASK) aumentou 5,7%. O crescimento mais r\u00e1pido da demanda elevou o fator m\u00e9dio de ocupa\u00e7\u00e3o para 84,6%, indicando que as companhias a\u00e9reas est\u00e3o operando com uma utiliza\u00e7\u00e3o de capacidade cada vez mais eficiente em toda a regi\u00e3o.  <\/p>\n\n<h2 class=\"wp-block-heading\">O Brasil emerge como o principal motor da avia\u00e7\u00e3o regional<\/h2>\n\n<p>Dentro desse crescimento regional mais amplo, um pa\u00eds se destaca como principal impulsionador: o Brasil.<\/p>\n\n<p>O mercado brasileiro respondeu por aproximadamente 44% do aumento l\u00edquido de passageiros na regi\u00e3o em janeiro. Considerando o tr\u00e1fego dom\u00e9stico e internacional combinado, o Brasil representou 27,6% do tr\u00e1fego a\u00e9reo total na Am\u00e9rica Latina e no Caribe, tornando-se de longe o maior mercado de avia\u00e7\u00e3o da regi\u00e3o. <\/p>\n\n<p>A avia\u00e7\u00e3o dom\u00e9stica continua desempenhando um papel particularmente central. O mercado a\u00e9reo interno brasileiro registrou 17 meses consecutivos de crescimento, refletindo a magnitude das necessidades de conectividade interna em um territ\u00f3rio de dimens\u00f5es continentais. Ao mesmo tempo, o tr\u00e1fego internacional tamb\u00e9m atingiu um novo marco, ultrapassando tr\u00eas milh\u00f5es de passageiros em um \u00fanico m\u00eas pela primeira vez.  <\/p>\n\n<p>A for\u00e7a do mercado brasileiro n\u00e3o apenas impulsiona os volumes regionais de passageiros, mas tamb\u00e9m refor\u00e7a o papel de seus principais aeroportos e companhias a\u00e9reas na estrutura\u00e7\u00e3o da rede de avia\u00e7\u00e3o latino-americana.<\/p>\n\n<h2 class=\"wp-block-heading\">Hubs regionais est\u00e3o redefinindo a conectividade<\/h2>\n\n<p>Outra caracter\u00edstica marcante do crescimento da avia\u00e7\u00e3o na regi\u00e3o \u00e9 a crescente import\u00e2ncia dos grandes aeroportos hubs, que funcionam como portas de entrada entre pa\u00edses e sub-regi\u00f5es.<\/p>\n\n<p>Cidades como Panama City, S\u00e3o Paulo, Bogot\u00e1 e Mexico City tornaram-se n\u00f3s essenciais da rede regional. Esses aeroportos facilitam conex\u00f5es entre a Am\u00e9rica do Sul, a Am\u00e9rica Central e o Caribe, permitindo que as companhias a\u00e9reas ampliem suas redes de rotas sem depender exclusivamente de servi\u00e7os diretos ponto a ponto. <\/p>\n\n<p>O Panam\u00e1 oferece um dos exemplos mais claros desse modelo baseado em hubs. Em janeiro de 2026, 71% dos passageiros que viajaram pelo pa\u00eds eram passageiros em conex\u00e3o, demonstrando como o aeroporto de Panama City funciona como um importante centro de transfer\u00eancia que conecta a regi\u00e3o. <\/p>\n\n<p>Esses hubs desempenham um papel fundamental para manter uma conectividade eficiente entre mercados geograficamente dispersos, permitindo que as companhias a\u00e9reas consolidem fluxos de tr\u00e1fego e sustentem o crescimento das viagens intra-regionais.<\/p>\n\n<h2 class=\"wp-block-heading\">Principais corredores a\u00e9reos est\u00e3o se expandindo na regi\u00e3o<\/h2>\n\n<p>Paralelamente \u00e0 expans\u00e3o dos aeroportos hub, v\u00e1rios corredores a\u00e9reos estrat\u00e9gicos continuam estruturando os fluxos de passageiros dentro da regi\u00e3o.<\/p>\n\n<p>Uma das rotas mais din\u00e2micas no in\u00edcio de 2026 foi o corredor Argentina\u2013Brasil, que registrou um aumento de 37,8% no tr\u00e1fego de passageiros em rela\u00e7\u00e3o ao ano anterior. Esse crescimento reflete o forte fluxo tur\u00edstico de argentinos para destinos brasileiros, al\u00e9m do fortalecimento dos v\u00ednculos econ\u00f4micos entre os dois pa\u00edses. <\/p>\n\n<p>Outros corredores regionais importantes incluem as conex\u00f5es entre Col\u00f4mbia e Panam\u00e1, Col\u00f4mbia e M\u00e9xico e Chile e Peru. Essas rotas destacam a crescente intensidade da mobilidade entre economias vizinhas e demonstram como as redes de avia\u00e7\u00e3o regional est\u00e3o se tornando cada vez mais interconectadas. <\/p>\n\n<p>Al\u00e9m da pr\u00f3pria regi\u00e3o, o corredor M\u00e9xico\u2013Estados Unidos continua sendo o maior mercado internacional, transportando 3,69 milh\u00f5es de passageiros em janeiro. No entanto, as taxas de crescimento mais elevadas dentro da Am\u00e9rica Latina sugerem que as viagens regionais est\u00e3o gradualmente ganhando maior relev\u00e2ncia no panorama geral da avia\u00e7\u00e3o. <\/p>\n\n<h2 class=\"wp-block-heading\">Novas rotas ampliam a rede regional e transatl\u00e2ntica<\/h2>\n\n<p>As companhias a\u00e9reas tamb\u00e9m continuam expandindo suas redes por meio da abertura de novas rotas. Somente em janeiro de 2026, 19 novas rotas a\u00e9reas foram lan\u00e7adas na regi\u00e3o. <\/p>\n\n<p>Dessas rotas, nove conectam a Am\u00e9rica Latina e o Caribe \u00e0 Europa, seis ligam destinos dentro da pr\u00f3pria regi\u00e3o, duas conectam a regi\u00e3o aos Estados Unidos e duas s\u00e3o servi\u00e7os dom\u00e9sticos.<\/p>\n\n<p>V\u00e1rias das novas rotas europeias s\u00e3o conex\u00f5es sazonais que ligam Zurich a destinos no Caribe e na Am\u00e9rica Central, incluindo Punta Cana, Canc\u00fan, Montego Bay e Cartagena. Outra adi\u00e7\u00e3o relevante \u00e9 a rota Fortaleza\u2013Madrid, que refor\u00e7a a conectividade transatl\u00e2ntica entre o Brasil e a Europa. <\/p>\n\n<p>Dentro da pr\u00f3pria regi\u00e3o, rotas como Panama\u2013Salvador, Aruba\u2013Buenos Aires, Aruba\u2013C\u00f3rdoba e Puerto Plata\u2013Panama ilustram a cont\u00ednua expans\u00e3o das redes a\u00e9reas regionais.<\/p>\n\n<h2 class=\"wp-block-heading\">O crescimento da carga a\u00e9rea permanece positivo, mas mais moderado<\/h2>\n\n<p>Enquanto o tr\u00e1fego de passageiros apresentou forte expans\u00e3o no in\u00edcio do ano, o setor de carga a\u00e9rea mostrou um ritmo de crescimento mais moderado.<\/p>\n\n<p>Em janeiro de 2026, o tr\u00e1fego internacional de carga a\u00e9rea na Am\u00e9rica Latina e no Caribe atingiu 307.410 toneladas, representando um aumento de 1,9% em rela\u00e7\u00e3o ao ano anterior.<\/p>\n\n<p>Os tr\u00eas maiores mercados de carga da regi\u00e3o permaneceram Col\u00f4mbia, Brasil e M\u00e9xico, que juntos responderam por cerca de 60% do volume total de carga. Entre eles, o M\u00e9xico foi o \u00fanico mercado a registrar crescimento expressivo, com volumes aumentando 7,5% em compara\u00e7\u00e3o com o ano anterior. <\/p>\n\n<p>O corredor Col\u00f4mbia\u2013Estados Unidos continuou sendo a principal rota de carga da regi\u00e3o, com 45.160 toneladas transportadas, embora tenha registrado uma ligeira queda de 2,9% em rela\u00e7\u00e3o ao ano anterior.<\/p>\n\n<h2 class=\"wp-block-heading\">Uma rede em transforma\u00e7\u00e3o<\/h2>\n\n<p>Em conjunto, os dados mais recentes de tr\u00e1fego sugerem que a avia\u00e7\u00e3o latino-americana est\u00e1 entrando em uma nova fase de desenvolvimento. A expans\u00e3o constante dos mercados dom\u00e9sticos, o fortalecimento das viagens intra-regionais e o papel crescente dos aeroportos hub est\u00e3o gradualmente remodelando a geografia do transporte a\u00e9reo na regi\u00e3o. <\/p>\n\n<p>Embora as conex\u00f5es de longa dist\u00e2ncia com a Am\u00e9rica do Norte e a Europa continuem sendo essenciais, os dados indicam que o crescimento futuro do setor de avia\u00e7\u00e3o regional depender\u00e1 cada vez mais de sua conectividade interna.<\/p>\n\n<p>\u00c0 medida que as companhias a\u00e9reas expandem suas redes e as economias regionais se tornam mais interligadas, a Am\u00e9rica Latina e o Caribe parecem avan\u00e7ar para um sistema de avia\u00e7\u00e3o mais integrado, no qual a mobilidade intra-regional desempenhar\u00e1 um papel central na sustenta\u00e7\u00e3o do crescimento de longo prazo.<\/p>\n","protected":false},"excerpt":{"rendered":"<p>As rotas dom\u00e9sticas e regionais est\u00e3o cada vez mais moldando a expans\u00e3o do transporte a\u00e9reo na Am\u00e9rica Latina e no Caribe. O setor de avia\u00e7\u00e3o na Am\u00e9rica Latina e no Caribe iniciou 2026 com uma forte din\u00e2mica de recupera\u00e7\u00e3o. Somente em janeiro, o tr\u00e1fego a\u00e9reo na regi\u00e3o alcan\u00e7ou 45,1 milh\u00f5es de passageiros, representando um aumento [&hellip;]<\/p>\n","protected":false},"author":5,"featured_media":22630,"comment_status":"open","ping_status":"closed","sticky":false,"template":"","format":"standard","meta":{"footnotes":""},"categories":[98,101],"tags":[],"class_list":["post-22631","post","type-post","status-publish","format-standard","has-post-thumbnail","hentry","category-aviacao","category-conectividade-aerea-e-atratividade-territorial"],"yoast_head":"<!-- This site is optimized with the Yoast SEO plugin v26.9 - https:\/\/yoast.com\/product\/yoast-seo-wordpress\/ -->\n<title>Viagens intra-regionais impulsionam o crescimento da avia\u00e7\u00e3o na Am\u00e9rica Latina - LATITUDE 15<\/title>\n<meta name=\"description\" content=\"O tr\u00e1fego a\u00e9reo na Am\u00e9rica Latina e no Caribe atingiu 45,1 milh\u00f5es de passageiros em janeiro de 2026, com as viagens intra-regionais como principal motor de crescimento.\" \/>\n<meta name=\"robots\" content=\"index, follow, max-snippet:-1, max-image-preview:large, max-video-preview:-1\" \/>\n<link rel=\"canonical\" href=\"https:\/\/www.latitude-15.com\/pt-br\/viagens-intra-regionais-impulsionam-o-crescimento-da-aviacao-na-america-latina\/\" \/>\n<meta property=\"og:locale\" content=\"pt_BR\" \/>\n<meta property=\"og:type\" content=\"article\" \/>\n<meta property=\"og:title\" content=\"Viagens intra-regionais impulsionam o crescimento da avia\u00e7\u00e3o na Am\u00e9rica Latina - LATITUDE 15\" \/>\n<meta property=\"og:description\" content=\"O tr\u00e1fego a\u00e9reo na Am\u00e9rica Latina e no Caribe atingiu 45,1 milh\u00f5es de passageiros em janeiro de 2026, com as viagens intra-regionais como principal motor de crescimento.\" \/>\n<meta property=\"og:url\" content=\"https:\/\/www.latitude-15.com\/pt-br\/viagens-intra-regionais-impulsionam-o-crescimento-da-aviacao-na-america-latina\/\" \/>\n<meta property=\"og:site_name\" content=\"LATITUDE 15\" \/>\n<meta property=\"article:published_time\" content=\"2026-04-10T18:25:29+00:00\" \/>\n<meta property=\"article:modified_time\" content=\"2026-04-13T10:56:20+00:00\" \/>\n<meta property=\"og:image\" content=\"https:\/\/www.latitude-15.com\/wp-content\/uploads\/2026\/04\/view-water-airliner-flying-sea-1-scaled.jpg\" \/>\n\t<meta property=\"og:image:width\" content=\"2560\" \/>\n\t<meta property=\"og:image:height\" content=\"1707\" \/>\n\t<meta property=\"og:image:type\" content=\"image\/jpeg\" \/>\n<meta name=\"author\" content=\"Joda J\" \/>\n<meta name=\"twitter:card\" content=\"summary_large_image\" \/>\n<meta name=\"twitter:label1\" content=\"Escrito por\" \/>\n\t<meta name=\"twitter:data1\" content=\"Joda J\" \/>\n\t<meta name=\"twitter:label2\" content=\"Est. tempo de leitura\" \/>\n\t<meta name=\"twitter:data2\" content=\"7 minutos\" \/>\n<script type=\"application\/ld+json\" class=\"yoast-schema-graph\">{\"@context\":\"https:\/\/schema.org\",\"@graph\":[{\"@type\":\"Article\",\"@id\":\"https:\/\/www.latitude-15.com\/pt-br\/viagens-intra-regionais-impulsionam-o-crescimento-da-aviacao-na-america-latina\/#article\",\"isPartOf\":{\"@id\":\"https:\/\/www.latitude-15.com\/pt-br\/viagens-intra-regionais-impulsionam-o-crescimento-da-aviacao-na-america-latina\/\"},\"author\":{\"name\":\"Joda J\",\"@id\":\"https:\/\/www.latitude-15.com\/pt-br\/#\/schema\/person\/dac52e7ff44c78317f337da112e37252\"},\"headline\":\"Viagens intra-regionais impulsionam o crescimento da avia\u00e7\u00e3o na Am\u00e9rica Latina\",\"datePublished\":\"2026-04-10T18:25:29+00:00\",\"dateModified\":\"2026-04-13T10:56:20+00:00\",\"mainEntityOfPage\":{\"@id\":\"https:\/\/www.latitude-15.com\/pt-br\/viagens-intra-regionais-impulsionam-o-crescimento-da-aviacao-na-america-latina\/\"},\"wordCount\":1438,\"commentCount\":0,\"publisher\":{\"@id\":\"https:\/\/www.latitude-15.com\/pt-br\/#organization\"},\"image\":{\"@id\":\"https:\/\/www.latitude-15.com\/pt-br\/viagens-intra-regionais-impulsionam-o-crescimento-da-aviacao-na-america-latina\/#primaryimage\"},\"thumbnailUrl\":\"https:\/\/www.latitude-15.com\/wp-content\/uploads\/2026\/04\/view-water-airliner-flying-sea-1-scaled.jpg\",\"articleSection\":[\"AVIA\u00c7\u00c3O\",\"Conectividade a\u00e9rea e Atratividade territorial\"],\"inLanguage\":\"pt-BR\",\"potentialAction\":[{\"@type\":\"CommentAction\",\"name\":\"Comment\",\"target\":[\"https:\/\/www.latitude-15.com\/pt-br\/viagens-intra-regionais-impulsionam-o-crescimento-da-aviacao-na-america-latina\/#respond\"]}]},{\"@type\":\"WebPage\",\"@id\":\"https:\/\/www.latitude-15.com\/pt-br\/viagens-intra-regionais-impulsionam-o-crescimento-da-aviacao-na-america-latina\/\",\"url\":\"https:\/\/www.latitude-15.com\/pt-br\/viagens-intra-regionais-impulsionam-o-crescimento-da-aviacao-na-america-latina\/\",\"name\":\"Viagens intra-regionais impulsionam o crescimento da avia\u00e7\u00e3o na Am\u00e9rica Latina - LATITUDE 15\",\"isPartOf\":{\"@id\":\"https:\/\/www.latitude-15.com\/pt-br\/#website\"},\"primaryImageOfPage\":{\"@id\":\"https:\/\/www.latitude-15.com\/pt-br\/viagens-intra-regionais-impulsionam-o-crescimento-da-aviacao-na-america-latina\/#primaryimage\"},\"image\":{\"@id\":\"https:\/\/www.latitude-15.com\/pt-br\/viagens-intra-regionais-impulsionam-o-crescimento-da-aviacao-na-america-latina\/#primaryimage\"},\"thumbnailUrl\":\"https:\/\/www.latitude-15.com\/wp-content\/uploads\/2026\/04\/view-water-airliner-flying-sea-1-scaled.jpg\",\"datePublished\":\"2026-04-10T18:25:29+00:00\",\"dateModified\":\"2026-04-13T10:56:20+00:00\",\"description\":\"O tr\u00e1fego a\u00e9reo na Am\u00e9rica Latina e no Caribe atingiu 45,1 milh\u00f5es de passageiros em janeiro de 2026, com as viagens intra-regionais como principal motor de crescimento.\",\"breadcrumb\":{\"@id\":\"https:\/\/www.latitude-15.com\/pt-br\/viagens-intra-regionais-impulsionam-o-crescimento-da-aviacao-na-america-latina\/#breadcrumb\"},\"inLanguage\":\"pt-BR\",\"potentialAction\":[{\"@type\":\"ReadAction\",\"target\":[\"https:\/\/www.latitude-15.com\/pt-br\/viagens-intra-regionais-impulsionam-o-crescimento-da-aviacao-na-america-latina\/\"]}]},{\"@type\":\"ImageObject\",\"inLanguage\":\"pt-BR\",\"@id\":\"https:\/\/www.latitude-15.com\/pt-br\/viagens-intra-regionais-impulsionam-o-crescimento-da-aviacao-na-america-latina\/#primaryimage\",\"url\":\"https:\/\/www.latitude-15.com\/wp-content\/uploads\/2026\/04\/view-water-airliner-flying-sea-1-scaled.jpg\",\"contentUrl\":\"https:\/\/www.latitude-15.com\/wp-content\/uploads\/2026\/04\/view-water-airliner-flying-sea-1-scaled.jpg\",\"width\":2560,\"height\":1707,\"caption\":\"Air traffic\"},{\"@type\":\"BreadcrumbList\",\"@id\":\"https:\/\/www.latitude-15.com\/pt-br\/viagens-intra-regionais-impulsionam-o-crescimento-da-aviacao-na-america-latina\/#breadcrumb\",\"itemListElement\":[{\"@type\":\"ListItem\",\"position\":1,\"name\":\"Home\",\"item\":\"https:\/\/www.latitude-15.com\/pt-br\/inicio\/\"},{\"@type\":\"ListItem\",\"position\":2,\"name\":\"Viagens intra-regionais impulsionam o crescimento da avia\u00e7\u00e3o na Am\u00e9rica Latina\"}]},{\"@type\":\"WebSite\",\"@id\":\"https:\/\/www.latitude-15.com\/pt-br\/#website\",\"url\":\"https:\/\/www.latitude-15.com\/pt-br\/\",\"name\":\"LATITUDE 15\",\"description\":\"Aviation and maritime Magazine - Caribbean &amp; Latin America\",\"publisher\":{\"@id\":\"https:\/\/www.latitude-15.com\/pt-br\/#organization\"},\"potentialAction\":[{\"@type\":\"SearchAction\",\"target\":{\"@type\":\"EntryPoint\",\"urlTemplate\":\"https:\/\/www.latitude-15.com\/pt-br\/?s={search_term_string}\"},\"query-input\":{\"@type\":\"PropertyValueSpecification\",\"valueRequired\":true,\"valueName\":\"search_term_string\"}}],\"inLanguage\":\"pt-BR\"},{\"@type\":\"Organization\",\"@id\":\"https:\/\/www.latitude-15.com\/pt-br\/#organization\",\"name\":\"LATITUDE 15\",\"url\":\"https:\/\/www.latitude-15.com\/pt-br\/\",\"logo\":{\"@type\":\"ImageObject\",\"inLanguage\":\"pt-BR\",\"@id\":\"https:\/\/www.latitude-15.com\/pt-br\/#\/schema\/logo\/image\/\",\"url\":\"https:\/\/www.latitude-15.com\/wp-content\/uploads\/2026\/01\/cropped-logox500px.png\",\"contentUrl\":\"https:\/\/www.latitude-15.com\/wp-content\/uploads\/2026\/01\/cropped-logox500px.png\",\"width\":62,\"height\":75,\"caption\":\"LATITUDE 15\"},\"image\":{\"@id\":\"https:\/\/www.latitude-15.com\/pt-br\/#\/schema\/logo\/image\/\"}},{\"@type\":\"Person\",\"@id\":\"https:\/\/www.latitude-15.com\/pt-br\/#\/schema\/person\/dac52e7ff44c78317f337da112e37252\",\"name\":\"Joda J\",\"image\":{\"@type\":\"ImageObject\",\"inLanguage\":\"pt-BR\",\"@id\":\"https:\/\/www.latitude-15.com\/pt-br\/#\/schema\/person\/image\/\",\"url\":\"https:\/\/secure.gravatar.com\/avatar\/6b1feae555e15404b76616f92d931d12b25ac58024f14ccb43d9d3c012e4c4cf?s=96&d=mm&r=g\",\"contentUrl\":\"https:\/\/secure.gravatar.com\/avatar\/6b1feae555e15404b76616f92d931d12b25ac58024f14ccb43d9d3c012e4c4cf?s=96&d=mm&r=g\",\"caption\":\"Joda J\"},\"url\":\"https:\/\/www.latitude-15.com\/pt-br\/author\/joda\/\"}]}<\/script>\n<!-- \/ Yoast SEO plugin. -->","yoast_head_json":{"title":"Viagens intra-regionais impulsionam o crescimento da avia\u00e7\u00e3o na Am\u00e9rica Latina - LATITUDE 15","description":"O tr\u00e1fego a\u00e9reo na Am\u00e9rica Latina e no Caribe atingiu 45,1 milh\u00f5es de passageiros em janeiro de 2026, com as viagens intra-regionais como principal motor de crescimento.","robots":{"index":"index","follow":"follow","max-snippet":"max-snippet:-1","max-image-preview":"max-image-preview:large","max-video-preview":"max-video-preview:-1"},"canonical":"https:\/\/www.latitude-15.com\/pt-br\/viagens-intra-regionais-impulsionam-o-crescimento-da-aviacao-na-america-latina\/","og_locale":"pt_BR","og_type":"article","og_title":"Viagens intra-regionais impulsionam o crescimento da avia\u00e7\u00e3o na Am\u00e9rica Latina - LATITUDE 15","og_description":"O tr\u00e1fego a\u00e9reo na Am\u00e9rica Latina e no Caribe atingiu 45,1 milh\u00f5es de passageiros em janeiro de 2026, com as viagens intra-regionais como principal motor de crescimento.","og_url":"https:\/\/www.latitude-15.com\/pt-br\/viagens-intra-regionais-impulsionam-o-crescimento-da-aviacao-na-america-latina\/","og_site_name":"LATITUDE 15","article_published_time":"2026-04-10T18:25:29+00:00","article_modified_time":"2026-04-13T10:56:20+00:00","og_image":[{"width":2560,"height":1707,"url":"https:\/\/www.latitude-15.com\/wp-content\/uploads\/2026\/04\/view-water-airliner-flying-sea-1-scaled.jpg","type":"image\/jpeg"}],"author":"Joda J","twitter_card":"summary_large_image","twitter_misc":{"Escrito por":"Joda J","Est. tempo de leitura":"7 minutos"},"schema":{"@context":"https:\/\/schema.org","@graph":[{"@type":"Article","@id":"https:\/\/www.latitude-15.com\/pt-br\/viagens-intra-regionais-impulsionam-o-crescimento-da-aviacao-na-america-latina\/#article","isPartOf":{"@id":"https:\/\/www.latitude-15.com\/pt-br\/viagens-intra-regionais-impulsionam-o-crescimento-da-aviacao-na-america-latina\/"},"author":{"name":"Joda J","@id":"https:\/\/www.latitude-15.com\/pt-br\/#\/schema\/person\/dac52e7ff44c78317f337da112e37252"},"headline":"Viagens intra-regionais impulsionam o crescimento da avia\u00e7\u00e3o na Am\u00e9rica Latina","datePublished":"2026-04-10T18:25:29+00:00","dateModified":"2026-04-13T10:56:20+00:00","mainEntityOfPage":{"@id":"https:\/\/www.latitude-15.com\/pt-br\/viagens-intra-regionais-impulsionam-o-crescimento-da-aviacao-na-america-latina\/"},"wordCount":1438,"commentCount":0,"publisher":{"@id":"https:\/\/www.latitude-15.com\/pt-br\/#organization"},"image":{"@id":"https:\/\/www.latitude-15.com\/pt-br\/viagens-intra-regionais-impulsionam-o-crescimento-da-aviacao-na-america-latina\/#primaryimage"},"thumbnailUrl":"https:\/\/www.latitude-15.com\/wp-content\/uploads\/2026\/04\/view-water-airliner-flying-sea-1-scaled.jpg","articleSection":["AVIA\u00c7\u00c3O","Conectividade a\u00e9rea e Atratividade territorial"],"inLanguage":"pt-BR","potentialAction":[{"@type":"CommentAction","name":"Comment","target":["https:\/\/www.latitude-15.com\/pt-br\/viagens-intra-regionais-impulsionam-o-crescimento-da-aviacao-na-america-latina\/#respond"]}]},{"@type":"WebPage","@id":"https:\/\/www.latitude-15.com\/pt-br\/viagens-intra-regionais-impulsionam-o-crescimento-da-aviacao-na-america-latina\/","url":"https:\/\/www.latitude-15.com\/pt-br\/viagens-intra-regionais-impulsionam-o-crescimento-da-aviacao-na-america-latina\/","name":"Viagens intra-regionais impulsionam o crescimento da avia\u00e7\u00e3o na Am\u00e9rica Latina - LATITUDE 15","isPartOf":{"@id":"https:\/\/www.latitude-15.com\/pt-br\/#website"},"primaryImageOfPage":{"@id":"https:\/\/www.latitude-15.com\/pt-br\/viagens-intra-regionais-impulsionam-o-crescimento-da-aviacao-na-america-latina\/#primaryimage"},"image":{"@id":"https:\/\/www.latitude-15.com\/pt-br\/viagens-intra-regionais-impulsionam-o-crescimento-da-aviacao-na-america-latina\/#primaryimage"},"thumbnailUrl":"https:\/\/www.latitude-15.com\/wp-content\/uploads\/2026\/04\/view-water-airliner-flying-sea-1-scaled.jpg","datePublished":"2026-04-10T18:25:29+00:00","dateModified":"2026-04-13T10:56:20+00:00","description":"O tr\u00e1fego a\u00e9reo na Am\u00e9rica Latina e no Caribe atingiu 45,1 milh\u00f5es de passageiros em janeiro de 2026, com as viagens intra-regionais como principal motor de crescimento.","breadcrumb":{"@id":"https:\/\/www.latitude-15.com\/pt-br\/viagens-intra-regionais-impulsionam-o-crescimento-da-aviacao-na-america-latina\/#breadcrumb"},"inLanguage":"pt-BR","potentialAction":[{"@type":"ReadAction","target":["https:\/\/www.latitude-15.com\/pt-br\/viagens-intra-regionais-impulsionam-o-crescimento-da-aviacao-na-america-latina\/"]}]},{"@type":"ImageObject","inLanguage":"pt-BR","@id":"https:\/\/www.latitude-15.com\/pt-br\/viagens-intra-regionais-impulsionam-o-crescimento-da-aviacao-na-america-latina\/#primaryimage","url":"https:\/\/www.latitude-15.com\/wp-content\/uploads\/2026\/04\/view-water-airliner-flying-sea-1-scaled.jpg","contentUrl":"https:\/\/www.latitude-15.com\/wp-content\/uploads\/2026\/04\/view-water-airliner-flying-sea-1-scaled.jpg","width":2560,"height":1707,"caption":"Air traffic"},{"@type":"BreadcrumbList","@id":"https:\/\/www.latitude-15.com\/pt-br\/viagens-intra-regionais-impulsionam-o-crescimento-da-aviacao-na-america-latina\/#breadcrumb","itemListElement":[{"@type":"ListItem","position":1,"name":"Home","item":"https:\/\/www.latitude-15.com\/pt-br\/inicio\/"},{"@type":"ListItem","position":2,"name":"Viagens intra-regionais impulsionam o crescimento da avia\u00e7\u00e3o na Am\u00e9rica Latina"}]},{"@type":"WebSite","@id":"https:\/\/www.latitude-15.com\/pt-br\/#website","url":"https:\/\/www.latitude-15.com\/pt-br\/","name":"LATITUDE 15","description":"Aviation and maritime Magazine - Caribbean &amp; Latin America","publisher":{"@id":"https:\/\/www.latitude-15.com\/pt-br\/#organization"},"potentialAction":[{"@type":"SearchAction","target":{"@type":"EntryPoint","urlTemplate":"https:\/\/www.latitude-15.com\/pt-br\/?s={search_term_string}"},"query-input":{"@type":"PropertyValueSpecification","valueRequired":true,"valueName":"search_term_string"}}],"inLanguage":"pt-BR"},{"@type":"Organization","@id":"https:\/\/www.latitude-15.com\/pt-br\/#organization","name":"LATITUDE 15","url":"https:\/\/www.latitude-15.com\/pt-br\/","logo":{"@type":"ImageObject","inLanguage":"pt-BR","@id":"https:\/\/www.latitude-15.com\/pt-br\/#\/schema\/logo\/image\/","url":"https:\/\/www.latitude-15.com\/wp-content\/uploads\/2026\/01\/cropped-logox500px.png","contentUrl":"https:\/\/www.latitude-15.com\/wp-content\/uploads\/2026\/01\/cropped-logox500px.png","width":62,"height":75,"caption":"LATITUDE 15"},"image":{"@id":"https:\/\/www.latitude-15.com\/pt-br\/#\/schema\/logo\/image\/"}},{"@type":"Person","@id":"https:\/\/www.latitude-15.com\/pt-br\/#\/schema\/person\/dac52e7ff44c78317f337da112e37252","name":"Joda J","image":{"@type":"ImageObject","inLanguage":"pt-BR","@id":"https:\/\/www.latitude-15.com\/pt-br\/#\/schema\/person\/image\/","url":"https:\/\/secure.gravatar.com\/avatar\/6b1feae555e15404b76616f92d931d12b25ac58024f14ccb43d9d3c012e4c4cf?s=96&d=mm&r=g","contentUrl":"https:\/\/secure.gravatar.com\/avatar\/6b1feae555e15404b76616f92d931d12b25ac58024f14ccb43d9d3c012e4c4cf?s=96&d=mm&r=g","caption":"Joda J"},"url":"https:\/\/www.latitude-15.com\/pt-br\/author\/joda\/"}]}},"_links":{"self":[{"href":"https:\/\/www.latitude-15.com\/pt-br\/wp-json\/wp\/v2\/posts\/22631","targetHints":{"allow":["GET"]}}],"collection":[{"href":"https:\/\/www.latitude-15.com\/pt-br\/wp-json\/wp\/v2\/posts"}],"about":[{"href":"https:\/\/www.latitude-15.com\/pt-br\/wp-json\/wp\/v2\/types\/post"}],"author":[{"embeddable":true,"href":"https:\/\/www.latitude-15.com\/pt-br\/wp-json\/wp\/v2\/users\/5"}],"replies":[{"embeddable":true,"href":"https:\/\/www.latitude-15.com\/pt-br\/wp-json\/wp\/v2\/comments?post=22631"}],"version-history":[{"count":1,"href":"https:\/\/www.latitude-15.com\/pt-br\/wp-json\/wp\/v2\/posts\/22631\/revisions"}],"predecessor-version":[{"id":22632,"href":"https:\/\/www.latitude-15.com\/pt-br\/wp-json\/wp\/v2\/posts\/22631\/revisions\/22632"}],"wp:featuredmedia":[{"embeddable":true,"href":"https:\/\/www.latitude-15.com\/pt-br\/wp-json\/wp\/v2\/media\/22630"}],"wp:attachment":[{"href":"https:\/\/www.latitude-15.com\/pt-br\/wp-json\/wp\/v2\/media?parent=22631"}],"wp:term":[{"taxonomy":"category","embeddable":true,"href":"https:\/\/www.latitude-15.com\/pt-br\/wp-json\/wp\/v2\/categories?post=22631"},{"taxonomy":"post_tag","embeddable":true,"href":"https:\/\/www.latitude-15.com\/pt-br\/wp-json\/wp\/v2\/tags?post=22631"}],"curies":[{"name":"wp","href":"https:\/\/api.w.org\/{rel}","templated":true}]}}