{"id":22479,"date":"2026-04-09T15:39:04","date_gmt":"2026-04-09T19:39:04","guid":{"rendered":"https:\/\/www.latitude-15.com\/msc-cruises-construindo-o-hub-europeu-do-caribe-de-fort-de-france-a-la-romana\/"},"modified":"2026-04-21T13:14:15","modified_gmt":"2026-04-21T17:14:15","slug":"msc-cruises-construindo-o-hub-europeu-do-caribe-de-fort-de-france-a-la-romana","status":"publish","type":"post","link":"https:\/\/www.latitude-15.com\/pt-br\/msc-cruises-construindo-o-hub-europeu-do-caribe-de-fort-de-france-a-la-romana\/","title":{"rendered":"MSC Cruises: Construindo o hub europeu do Caribe \u2014 de Fort-de-France a La Romana"},"content":{"rendered":"\n<p class=\"has-text-align-center\"><strong><em>Em conversa com Patrick Pourbaix \u2014 Diretor Executivo da MSC Cruises &amp; Explora Journeys Fran\u00e7a &amp; M\u00f4naco<\/em><\/strong><\/p>\n\n<figure class=\"wp-block-image alignright size-large\"><img fetchpriority=\"high\" decoding=\"async\" width=\"473\" height=\"1024\" src=\"https:\/\/www.latitude-15.com\/wp-content\/uploads\/2026\/04\/WhatsApp-Image-2026-04-09-at-04.55.55-473x1024.jpeg\" alt=\"\" class=\"wp-image-22487\" srcset=\"https:\/\/www.latitude-15.com\/wp-content\/uploads\/2026\/04\/WhatsApp-Image-2026-04-09-at-04.55.55-473x1024.jpeg 473w, https:\/\/www.latitude-15.com\/wp-content\/uploads\/2026\/04\/WhatsApp-Image-2026-04-09-at-04.55.55-139x300.jpeg 139w, https:\/\/www.latitude-15.com\/wp-content\/uploads\/2026\/04\/WhatsApp-Image-2026-04-09-at-04.55.55-709x1536.jpeg 709w, https:\/\/www.latitude-15.com\/wp-content\/uploads\/2026\/04\/WhatsApp-Image-2026-04-09-at-04.55.55.jpeg 739w\" sizes=\"(max-width: 473px) 100vw, 473px\" \/><\/figure>\n\n<p>H\u00e1 uma estat\u00edstica que Patrick Pourbaix, CEO da MSC Cruises France, apresenta com uma confian\u00e7a tranquila \u2014 e que costuma encerrar qualquer debate. \u201cOs habitantes das ilhas do Caribe s\u00e3o os maiores entusiastas de cruzeiros do mundo\u201d, afirma, sentado a bordo do MSC Virtuosa no porto de Fort-de-France. \u201cA taxa de penetra\u00e7\u00e3o de cruzeiros na Fran\u00e7a continental \u00e9 de 1%. Nas ilhas do Caribe, ela \u00e9 dez vezes maior. 10% dos caribenhos fazem cruzeiros. \u00c9 a taxa mais alta do mundo \u2014 superior \u00e0 dos americanos.\u201d<\/p>\n\n<p>Para uma regi\u00e3o que durante muito tempo viu a ind\u00fastria global de cruzeiros gravitar em torno de Miami e do modelo de turismo de massa que essa cidade representa, esse n\u00famero tem um peso significativo. E para a MSC Cruises, n\u00e3o se trata apenas de um dado estat\u00edstico \u2014 \u00e9 a base de uma vis\u00e3o estrat\u00e9gica que est\u00e1 redefinindo a forma como o Caribe \u00e9 abordado por uma das maiores operadoras de cruzeiros do mundo. <\/p>\n\n<h2 class=\"wp-block-heading\">Uma empresa europeia em um mar caribenho<\/h2>\n\n<p>A MSC Cruises ocupa uma posi\u00e7\u00e3o incomum em uma ind\u00fastria h\u00e1 muito dominada por grupos americanos. &#8220;<em>Somos hoje a terceira maior operadora de cruzeiros do mundo e somos uma empresa europeia<\/em>&#8220;, afirma Patrick Pourbaix. &#8220;<em>E tamb\u00e9m somos a empresa de transporte de cont\u00eaineres n\u00famero um do mundo, com mais de 900 navios navegando em todos os oceanos do planeta.<\/em>&#8221; O que come\u00e7ou como um neg\u00f3cio de cont\u00eaineres constru\u00eddo por uma fam\u00edlia de marinheiros transformou-se em uma opera\u00e7\u00e3o de cruzeiros definida, ele insiste, por uma sensibilidade distintamente europeia \u2014 uma identidade cultural que os passageiros sentem no momento em que embarcam.<\/p>\n\n<p>Essa identidade \u00e9 concreta. De 23 navios atualmente em opera\u00e7\u00e3o na frota da MSC, 19 foram constru\u00eddos no estaleiro Chantier de l\u2019Atlantique, em Saint-Nazaire, na Fran\u00e7a. Outros seis navios j\u00e1 est\u00e3o em constru\u00e7\u00e3o.  <\/p>\n\n<h2 class=\"wp-block-heading\">Fort-de-France como hub \u2014 os n\u00fameros por tr\u00e1s da estrat\u00e9gia<\/h2>\n\n<p>A MSC trabalha h\u00e1 anos com as autoridades da Martinica e de Guadalupe para desenvolver uma oferta de porto base no Caribe \u2014 uma alternativa ao modelo tradicional em que os cruzeiros caribenhos come\u00e7am e terminam em Miami. &#8220;<em>Todo o nosso desenvolvimento n\u00e3o passou por portos americanos<\/em>&#8220;, observa Patrick Pourbaix. &#8220;<em>As ilhas do Caribe desempenham um papel muito importante.<\/em>&#8220;<\/p>\n\n<p>Na \u00faltima temporada, a MSC transportou cerca de 50.000 passageiros de Fort-de-France \u2014 aproximadamente metade da Fran\u00e7a continental e metade das pr\u00f3prias ilhas caribenhas. As pr\u00f3ximas temporadas ir\u00e3o mais longe. A partir das pr\u00f3ximas temporadas, um segundo navio \u2014 o MSC Opera \u2014 complementar\u00e1 as opera\u00e7\u00f5es de Fort-de-France, oferecendo partidas a cada 14 dias no inverno e navega\u00e7\u00f5es semanais durante o ver\u00e3o. A partir de 2027, a MSC operar\u00e1 partidas semanais durante todo o ano da Martinica.   <\/p>\n\n<p>&#8220;<em>Estamos oferecendo uma vis\u00e3o europeia do Caribe<\/em>&#8220;, afirma Patrick Pourbaix, &#8220;<em>que n\u00e3o necessariamente parte de Miami.<\/em>&#8221; Guadalupe e a Rep\u00fablica Dominicana \u2014 especificamente La Romana \u2014 est\u00e3o sendo desenvolvidas como centros complementares nesta rede expandida.<\/p>\n\n<h2 class=\"wp-block-heading\">O que torna um destino estrat\u00e9gico<\/h2>\n\n<p>Para Patrick Pourbaix, os dias em que o relacionamento de uma empresa de cruzeiros com um porto se reduzia a taxas de atraca\u00e7\u00e3o e libera\u00e7\u00f5es de navios j\u00e1 se foram. &#8220;<em>Um destino de cruzeiros bem-sucedido hoje requer um relacionamento de 360 graus \u2014 n\u00e3o apenas o porto, mas infraestrutura local, excurs\u00f5es, ag\u00eancias de viagens e aeroportos que est\u00e3o se desenvolvendo juntamente com o crescimento no volume de passageiros.<\/em>&#8220;<\/p>\n\n<p>Ele aponta a Martinica como um exemplo de como esse di\u00e1logo pode funcionar na pr\u00e1tica. \u201cO que constru\u00edmos com a Martinica e Guadalupe \u00e9 um desenvolvimento harmonioso, estruturado em conjunto por meio de um di\u00e1logo permanente. Sem isso, nunca ter\u00edamos chegado onde estamos hoje.\u201d<\/p>\n\n<h2 class=\"wp-block-heading\">O desafio ambiental \u2014 e por que n\u00e3o \u00e9 um obst\u00e1culo<\/h2>\n\n<p>Quando questionado sobre o principal desafio da MSC, Patrick Pourbaix n\u00e3o hesita. &#8220;<em>Continuar a jornada de transi\u00e7\u00e3o ambiental. N\u00e3o \u00e9 um fardo para n\u00f3s \u2014 porque estamos alcan\u00e7ando resultados verdadeiramente espetaculares.<\/em>&#8221; A MSC j\u00e1 reduziu sua intensidade de carbono em 38 % em rela\u00e7\u00e3o \u00e0 sua linha de base de 2008, um n\u00famero que a empresa v\u00ea como prova de que ambi\u00e7\u00e3o ambiental e crescimento comercial n\u00e3o est\u00e3o em oposi\u00e7\u00e3o.<\/p>\n\n<p>Esse ser\u00e1 um dos temas aprofundados pela Latitude 15 em sua pr\u00f3xima edi\u00e7\u00e3o dedicada ao setor mar\u00edtimo, que analisar\u00e1 a transi\u00e7\u00e3o verde dos portos e da ind\u00fastria naval na Am\u00e9rica Latina e no Caribe.<\/p>\n\n<h2 class=\"wp-block-heading\">No Horizonte<\/h2>\n\n<p>As ambi\u00e7\u00f5es da MSC v\u00e3o muito al\u00e9m do Caribe franc\u00eas. A companhia j\u00e1 \u00e9 hoje a maior operadora de cruzeiros da Am\u00e9rica do Sul, com opera\u00e7\u00f5es sazonais em destinos como Rio de Janeiro e S\u00e3o Paulo, ao mesmo tempo em que amplia sua presen\u00e7a no mercado norte-americano. <\/p>\n\n<p>&#8220;<em>Ainda h\u00e1 um potencial imenso para um grande desenvolvimento<\/em>&#8220;, afirma Patrick Pourbaix. &#8220;<em>E o que \u00e9 maravilhoso \u00e9 que esse desenvolvimento tamb\u00e9m apoia o desenvolvimento econ\u00f4mico das ilhas caribenhas. Temos muito orgulho de estar contribuindo para isso.<\/em>&#8220;<\/p>\n","protected":false},"excerpt":{"rendered":"<p>Em conversa com Patrick Pourbaix \u2014 Diretor Executivo da MSC Cruises &amp; Explora Journeys Fran\u00e7a &amp; M\u00f4naco H\u00e1 uma estat\u00edstica que Patrick Pourbaix, CEO da MSC Cruises France, apresenta com uma confian\u00e7a tranquila \u2014 e que costuma encerrar qualquer debate. \u201cOs habitantes das ilhas do Caribe s\u00e3o os maiores entusiastas de cruzeiros do mundo\u201d, afirma, [&hellip;]<\/p>\n","protected":false},"author":5,"featured_media":22598,"comment_status":"open","ping_status":"closed","sticky":false,"template":"","format":"standard","meta":{"footnotes":""},"categories":[119,128,168],"tags":[],"class_list":["post-22479","post","type-post","status-publish","format-standard","has-post-thumbnail","hentry","category-maritimo","category-cruzeiros-e-gestao-de-destinos","category-spotlight-maritime"],"yoast_head":"<!-- This site is optimized with the Yoast SEO plugin v26.9 - https:\/\/yoast.com\/product\/yoast-seo-wordpress\/ -->\n<title>MSC Cruises: Construindo o hub europeu do Caribe \u2014 de Fort-de-France a La Romana - LATITUDE 15<\/title>\n<meta name=\"description\" content=\"A MSC Cruises est\u00e1 expandindo sua estrat\u00e9gia de hub no Caribe com Fort-de-France, Guadalupe e La Romana como pontos de partida essenciais para europeus.\" \/>\n<meta name=\"robots\" content=\"index, follow, max-snippet:-1, max-image-preview:large, max-video-preview:-1\" \/>\n<link rel=\"canonical\" href=\"https:\/\/www.latitude-15.com\/pt-br\/msc-cruises-construindo-o-hub-europeu-do-caribe-de-fort-de-france-a-la-romana\/\" \/>\n<meta property=\"og:locale\" content=\"pt_BR\" \/>\n<meta property=\"og:type\" content=\"article\" \/>\n<meta property=\"og:title\" content=\"MSC Cruises: Construindo o hub europeu do Caribe \u2014 de Fort-de-France a La Romana - LATITUDE 15\" \/>\n<meta property=\"og:description\" content=\"A MSC Cruises est\u00e1 expandindo sua estrat\u00e9gia de hub no Caribe com Fort-de-France, Guadalupe e La Romana como pontos de partida essenciais para europeus.\" \/>\n<meta property=\"og:url\" content=\"https:\/\/www.latitude-15.com\/pt-br\/msc-cruises-construindo-o-hub-europeu-do-caribe-de-fort-de-france-a-la-romana\/\" \/>\n<meta property=\"og:site_name\" content=\"LATITUDE 15\" \/>\n<meta property=\"article:published_time\" content=\"2026-04-09T19:39:04+00:00\" \/>\n<meta property=\"article:modified_time\" content=\"2026-04-21T17:14:15+00:00\" \/>\n<meta property=\"og:image\" content=\"https:\/\/www.latitude-15.com\/wp-content\/uploads\/2026\/04\/VISUEL-PATRICK-POURBAIX-1024x576.png\" \/>\n\t<meta property=\"og:image:width\" content=\"1024\" \/>\n\t<meta property=\"og:image:height\" content=\"576\" \/>\n\t<meta property=\"og:image:type\" content=\"image\/png\" \/>\n<meta name=\"author\" content=\"Joda J\" \/>\n<meta name=\"twitter:card\" content=\"summary_large_image\" \/>\n<meta name=\"twitter:label1\" content=\"Escrito por\" \/>\n\t<meta name=\"twitter:data1\" content=\"Joda J\" \/>\n\t<meta name=\"twitter:label2\" content=\"Est. tempo de leitura\" \/>\n\t<meta name=\"twitter:data2\" content=\"4 minutos\" \/>\n<script type=\"application\/ld+json\" class=\"yoast-schema-graph\">{\"@context\":\"https:\/\/schema.org\",\"@graph\":[{\"@type\":\"Article\",\"@id\":\"https:\/\/www.latitude-15.com\/pt-br\/msc-cruises-construindo-o-hub-europeu-do-caribe-de-fort-de-france-a-la-romana\/#article\",\"isPartOf\":{\"@id\":\"https:\/\/www.latitude-15.com\/pt-br\/msc-cruises-construindo-o-hub-europeu-do-caribe-de-fort-de-france-a-la-romana\/\"},\"author\":{\"name\":\"Joda J\",\"@id\":\"https:\/\/www.latitude-15.com\/pt-br\/#\/schema\/person\/dac52e7ff44c78317f337da112e37252\"},\"headline\":\"MSC Cruises: Construindo o hub europeu do Caribe \u2014 de Fort-de-France a La Romana\",\"datePublished\":\"2026-04-09T19:39:04+00:00\",\"dateModified\":\"2026-04-21T17:14:15+00:00\",\"mainEntityOfPage\":{\"@id\":\"https:\/\/www.latitude-15.com\/pt-br\/msc-cruises-construindo-o-hub-europeu-do-caribe-de-fort-de-france-a-la-romana\/\"},\"wordCount\":878,\"commentCount\":0,\"publisher\":{\"@id\":\"https:\/\/www.latitude-15.com\/pt-br\/#organization\"},\"image\":{\"@id\":\"https:\/\/www.latitude-15.com\/pt-br\/msc-cruises-construindo-o-hub-europeu-do-caribe-de-fort-de-france-a-la-romana\/#primaryimage\"},\"thumbnailUrl\":\"https:\/\/www.latitude-15.com\/wp-content\/uploads\/2026\/04\/VISUEL-PATRICK-POURBAIX-scaled.png\",\"articleSection\":[\"MAR\u00cdTIMO\",\"Opera\u00e7\u00f5es de cruzeiros e gest\u00e3o da interface porto-cidade\",\"Spotlight Maritime\"],\"inLanguage\":\"pt-BR\",\"potentialAction\":[{\"@type\":\"CommentAction\",\"name\":\"Comment\",\"target\":[\"https:\/\/www.latitude-15.com\/pt-br\/msc-cruises-construindo-o-hub-europeu-do-caribe-de-fort-de-france-a-la-romana\/#respond\"]}]},{\"@type\":\"WebPage\",\"@id\":\"https:\/\/www.latitude-15.com\/pt-br\/msc-cruises-construindo-o-hub-europeu-do-caribe-de-fort-de-france-a-la-romana\/\",\"url\":\"https:\/\/www.latitude-15.com\/pt-br\/msc-cruises-construindo-o-hub-europeu-do-caribe-de-fort-de-france-a-la-romana\/\",\"name\":\"MSC Cruises: Construindo o hub europeu do Caribe \u2014 de Fort-de-France a La Romana - LATITUDE 15\",\"isPartOf\":{\"@id\":\"https:\/\/www.latitude-15.com\/pt-br\/#website\"},\"primaryImageOfPage\":{\"@id\":\"https:\/\/www.latitude-15.com\/pt-br\/msc-cruises-construindo-o-hub-europeu-do-caribe-de-fort-de-france-a-la-romana\/#primaryimage\"},\"image\":{\"@id\":\"https:\/\/www.latitude-15.com\/pt-br\/msc-cruises-construindo-o-hub-europeu-do-caribe-de-fort-de-france-a-la-romana\/#primaryimage\"},\"thumbnailUrl\":\"https:\/\/www.latitude-15.com\/wp-content\/uploads\/2026\/04\/VISUEL-PATRICK-POURBAIX-scaled.png\",\"datePublished\":\"2026-04-09T19:39:04+00:00\",\"dateModified\":\"2026-04-21T17:14:15+00:00\",\"description\":\"A MSC Cruises est\u00e1 expandindo sua estrat\u00e9gia de hub no Caribe com Fort-de-France, Guadalupe e La Romana como pontos de partida essenciais para europeus.\",\"breadcrumb\":{\"@id\":\"https:\/\/www.latitude-15.com\/pt-br\/msc-cruises-construindo-o-hub-europeu-do-caribe-de-fort-de-france-a-la-romana\/#breadcrumb\"},\"inLanguage\":\"pt-BR\",\"potentialAction\":[{\"@type\":\"ReadAction\",\"target\":[\"https:\/\/www.latitude-15.com\/pt-br\/msc-cruises-construindo-o-hub-europeu-do-caribe-de-fort-de-france-a-la-romana\/\"]}]},{\"@type\":\"ImageObject\",\"inLanguage\":\"pt-BR\",\"@id\":\"https:\/\/www.latitude-15.com\/pt-br\/msc-cruises-construindo-o-hub-europeu-do-caribe-de-fort-de-france-a-la-romana\/#primaryimage\",\"url\":\"https:\/\/www.latitude-15.com\/wp-content\/uploads\/2026\/04\/VISUEL-PATRICK-POURBAIX-scaled.png\",\"contentUrl\":\"https:\/\/www.latitude-15.com\/wp-content\/uploads\/2026\/04\/VISUEL-PATRICK-POURBAIX-scaled.png\",\"width\":2560,\"height\":1440},{\"@type\":\"BreadcrumbList\",\"@id\":\"https:\/\/www.latitude-15.com\/pt-br\/msc-cruises-construindo-o-hub-europeu-do-caribe-de-fort-de-france-a-la-romana\/#breadcrumb\",\"itemListElement\":[{\"@type\":\"ListItem\",\"position\":1,\"name\":\"Home\",\"item\":\"https:\/\/www.latitude-15.com\/pt-br\/inicio\/\"},{\"@type\":\"ListItem\",\"position\":2,\"name\":\"MSC Cruises: Construindo o hub europeu do Caribe \u2014 de Fort-de-France a La Romana\"}]},{\"@type\":\"WebSite\",\"@id\":\"https:\/\/www.latitude-15.com\/pt-br\/#website\",\"url\":\"https:\/\/www.latitude-15.com\/pt-br\/\",\"name\":\"LATITUDE 15\",\"description\":\"Aviation and maritime Magazine - Caribbean &amp; Latin America\",\"publisher\":{\"@id\":\"https:\/\/www.latitude-15.com\/pt-br\/#organization\"},\"potentialAction\":[{\"@type\":\"SearchAction\",\"target\":{\"@type\":\"EntryPoint\",\"urlTemplate\":\"https:\/\/www.latitude-15.com\/pt-br\/?s={search_term_string}\"},\"query-input\":{\"@type\":\"PropertyValueSpecification\",\"valueRequired\":true,\"valueName\":\"search_term_string\"}}],\"inLanguage\":\"pt-BR\"},{\"@type\":\"Organization\",\"@id\":\"https:\/\/www.latitude-15.com\/pt-br\/#organization\",\"name\":\"LATITUDE 15\",\"url\":\"https:\/\/www.latitude-15.com\/pt-br\/\",\"logo\":{\"@type\":\"ImageObject\",\"inLanguage\":\"pt-BR\",\"@id\":\"https:\/\/www.latitude-15.com\/pt-br\/#\/schema\/logo\/image\/\",\"url\":\"https:\/\/www.latitude-15.com\/wp-content\/uploads\/2026\/01\/cropped-logox500px.png\",\"contentUrl\":\"https:\/\/www.latitude-15.com\/wp-content\/uploads\/2026\/01\/cropped-logox500px.png\",\"width\":62,\"height\":75,\"caption\":\"LATITUDE 15\"},\"image\":{\"@id\":\"https:\/\/www.latitude-15.com\/pt-br\/#\/schema\/logo\/image\/\"}},{\"@type\":\"Person\",\"@id\":\"https:\/\/www.latitude-15.com\/pt-br\/#\/schema\/person\/dac52e7ff44c78317f337da112e37252\",\"name\":\"Joda J\",\"image\":{\"@type\":\"ImageObject\",\"inLanguage\":\"pt-BR\",\"@id\":\"https:\/\/www.latitude-15.com\/pt-br\/#\/schema\/person\/image\/\",\"url\":\"https:\/\/secure.gravatar.com\/avatar\/6b1feae555e15404b76616f92d931d12b25ac58024f14ccb43d9d3c012e4c4cf?s=96&d=mm&r=g\",\"contentUrl\":\"https:\/\/secure.gravatar.com\/avatar\/6b1feae555e15404b76616f92d931d12b25ac58024f14ccb43d9d3c012e4c4cf?s=96&d=mm&r=g\",\"caption\":\"Joda J\"},\"url\":\"https:\/\/www.latitude-15.com\/pt-br\/author\/joda\/\"}]}<\/script>\n<!-- \/ Yoast SEO plugin. -->","yoast_head_json":{"title":"MSC Cruises: Construindo o hub europeu do Caribe \u2014 de Fort-de-France a La Romana - LATITUDE 15","description":"A MSC Cruises est\u00e1 expandindo sua estrat\u00e9gia de hub no Caribe com Fort-de-France, Guadalupe e La Romana como pontos de partida essenciais para europeus.","robots":{"index":"index","follow":"follow","max-snippet":"max-snippet:-1","max-image-preview":"max-image-preview:large","max-video-preview":"max-video-preview:-1"},"canonical":"https:\/\/www.latitude-15.com\/pt-br\/msc-cruises-construindo-o-hub-europeu-do-caribe-de-fort-de-france-a-la-romana\/","og_locale":"pt_BR","og_type":"article","og_title":"MSC Cruises: Construindo o hub europeu do Caribe \u2014 de Fort-de-France a La Romana - LATITUDE 15","og_description":"A MSC Cruises est\u00e1 expandindo sua estrat\u00e9gia de hub no Caribe com Fort-de-France, Guadalupe e La Romana como pontos de partida essenciais para europeus.","og_url":"https:\/\/www.latitude-15.com\/pt-br\/msc-cruises-construindo-o-hub-europeu-do-caribe-de-fort-de-france-a-la-romana\/","og_site_name":"LATITUDE 15","article_published_time":"2026-04-09T19:39:04+00:00","article_modified_time":"2026-04-21T17:14:15+00:00","og_image":[{"width":1024,"height":576,"url":"https:\/\/www.latitude-15.com\/wp-content\/uploads\/2026\/04\/VISUEL-PATRICK-POURBAIX-1024x576.png","type":"image\/png"}],"author":"Joda J","twitter_card":"summary_large_image","twitter_misc":{"Escrito por":"Joda J","Est. tempo de leitura":"4 minutos"},"schema":{"@context":"https:\/\/schema.org","@graph":[{"@type":"Article","@id":"https:\/\/www.latitude-15.com\/pt-br\/msc-cruises-construindo-o-hub-europeu-do-caribe-de-fort-de-france-a-la-romana\/#article","isPartOf":{"@id":"https:\/\/www.latitude-15.com\/pt-br\/msc-cruises-construindo-o-hub-europeu-do-caribe-de-fort-de-france-a-la-romana\/"},"author":{"name":"Joda J","@id":"https:\/\/www.latitude-15.com\/pt-br\/#\/schema\/person\/dac52e7ff44c78317f337da112e37252"},"headline":"MSC Cruises: Construindo o hub europeu do Caribe \u2014 de Fort-de-France a La Romana","datePublished":"2026-04-09T19:39:04+00:00","dateModified":"2026-04-21T17:14:15+00:00","mainEntityOfPage":{"@id":"https:\/\/www.latitude-15.com\/pt-br\/msc-cruises-construindo-o-hub-europeu-do-caribe-de-fort-de-france-a-la-romana\/"},"wordCount":878,"commentCount":0,"publisher":{"@id":"https:\/\/www.latitude-15.com\/pt-br\/#organization"},"image":{"@id":"https:\/\/www.latitude-15.com\/pt-br\/msc-cruises-construindo-o-hub-europeu-do-caribe-de-fort-de-france-a-la-romana\/#primaryimage"},"thumbnailUrl":"https:\/\/www.latitude-15.com\/wp-content\/uploads\/2026\/04\/VISUEL-PATRICK-POURBAIX-scaled.png","articleSection":["MAR\u00cdTIMO","Opera\u00e7\u00f5es de cruzeiros e gest\u00e3o da interface porto-cidade","Spotlight Maritime"],"inLanguage":"pt-BR","potentialAction":[{"@type":"CommentAction","name":"Comment","target":["https:\/\/www.latitude-15.com\/pt-br\/msc-cruises-construindo-o-hub-europeu-do-caribe-de-fort-de-france-a-la-romana\/#respond"]}]},{"@type":"WebPage","@id":"https:\/\/www.latitude-15.com\/pt-br\/msc-cruises-construindo-o-hub-europeu-do-caribe-de-fort-de-france-a-la-romana\/","url":"https:\/\/www.latitude-15.com\/pt-br\/msc-cruises-construindo-o-hub-europeu-do-caribe-de-fort-de-france-a-la-romana\/","name":"MSC Cruises: Construindo o hub europeu do Caribe \u2014 de Fort-de-France a La Romana - LATITUDE 15","isPartOf":{"@id":"https:\/\/www.latitude-15.com\/pt-br\/#website"},"primaryImageOfPage":{"@id":"https:\/\/www.latitude-15.com\/pt-br\/msc-cruises-construindo-o-hub-europeu-do-caribe-de-fort-de-france-a-la-romana\/#primaryimage"},"image":{"@id":"https:\/\/www.latitude-15.com\/pt-br\/msc-cruises-construindo-o-hub-europeu-do-caribe-de-fort-de-france-a-la-romana\/#primaryimage"},"thumbnailUrl":"https:\/\/www.latitude-15.com\/wp-content\/uploads\/2026\/04\/VISUEL-PATRICK-POURBAIX-scaled.png","datePublished":"2026-04-09T19:39:04+00:00","dateModified":"2026-04-21T17:14:15+00:00","description":"A MSC Cruises est\u00e1 expandindo sua estrat\u00e9gia de hub no Caribe com Fort-de-France, Guadalupe e La Romana como pontos de partida essenciais para europeus.","breadcrumb":{"@id":"https:\/\/www.latitude-15.com\/pt-br\/msc-cruises-construindo-o-hub-europeu-do-caribe-de-fort-de-france-a-la-romana\/#breadcrumb"},"inLanguage":"pt-BR","potentialAction":[{"@type":"ReadAction","target":["https:\/\/www.latitude-15.com\/pt-br\/msc-cruises-construindo-o-hub-europeu-do-caribe-de-fort-de-france-a-la-romana\/"]}]},{"@type":"ImageObject","inLanguage":"pt-BR","@id":"https:\/\/www.latitude-15.com\/pt-br\/msc-cruises-construindo-o-hub-europeu-do-caribe-de-fort-de-france-a-la-romana\/#primaryimage","url":"https:\/\/www.latitude-15.com\/wp-content\/uploads\/2026\/04\/VISUEL-PATRICK-POURBAIX-scaled.png","contentUrl":"https:\/\/www.latitude-15.com\/wp-content\/uploads\/2026\/04\/VISUEL-PATRICK-POURBAIX-scaled.png","width":2560,"height":1440},{"@type":"BreadcrumbList","@id":"https:\/\/www.latitude-15.com\/pt-br\/msc-cruises-construindo-o-hub-europeu-do-caribe-de-fort-de-france-a-la-romana\/#breadcrumb","itemListElement":[{"@type":"ListItem","position":1,"name":"Home","item":"https:\/\/www.latitude-15.com\/pt-br\/inicio\/"},{"@type":"ListItem","position":2,"name":"MSC Cruises: Construindo o hub europeu do Caribe \u2014 de Fort-de-France a La Romana"}]},{"@type":"WebSite","@id":"https:\/\/www.latitude-15.com\/pt-br\/#website","url":"https:\/\/www.latitude-15.com\/pt-br\/","name":"LATITUDE 15","description":"Aviation and maritime Magazine - Caribbean &amp; Latin America","publisher":{"@id":"https:\/\/www.latitude-15.com\/pt-br\/#organization"},"potentialAction":[{"@type":"SearchAction","target":{"@type":"EntryPoint","urlTemplate":"https:\/\/www.latitude-15.com\/pt-br\/?s={search_term_string}"},"query-input":{"@type":"PropertyValueSpecification","valueRequired":true,"valueName":"search_term_string"}}],"inLanguage":"pt-BR"},{"@type":"Organization","@id":"https:\/\/www.latitude-15.com\/pt-br\/#organization","name":"LATITUDE 15","url":"https:\/\/www.latitude-15.com\/pt-br\/","logo":{"@type":"ImageObject","inLanguage":"pt-BR","@id":"https:\/\/www.latitude-15.com\/pt-br\/#\/schema\/logo\/image\/","url":"https:\/\/www.latitude-15.com\/wp-content\/uploads\/2026\/01\/cropped-logox500px.png","contentUrl":"https:\/\/www.latitude-15.com\/wp-content\/uploads\/2026\/01\/cropped-logox500px.png","width":62,"height":75,"caption":"LATITUDE 15"},"image":{"@id":"https:\/\/www.latitude-15.com\/pt-br\/#\/schema\/logo\/image\/"}},{"@type":"Person","@id":"https:\/\/www.latitude-15.com\/pt-br\/#\/schema\/person\/dac52e7ff44c78317f337da112e37252","name":"Joda J","image":{"@type":"ImageObject","inLanguage":"pt-BR","@id":"https:\/\/www.latitude-15.com\/pt-br\/#\/schema\/person\/image\/","url":"https:\/\/secure.gravatar.com\/avatar\/6b1feae555e15404b76616f92d931d12b25ac58024f14ccb43d9d3c012e4c4cf?s=96&d=mm&r=g","contentUrl":"https:\/\/secure.gravatar.com\/avatar\/6b1feae555e15404b76616f92d931d12b25ac58024f14ccb43d9d3c012e4c4cf?s=96&d=mm&r=g","caption":"Joda J"},"url":"https:\/\/www.latitude-15.com\/pt-br\/author\/joda\/"}]}},"_links":{"self":[{"href":"https:\/\/www.latitude-15.com\/pt-br\/wp-json\/wp\/v2\/posts\/22479","targetHints":{"allow":["GET"]}}],"collection":[{"href":"https:\/\/www.latitude-15.com\/pt-br\/wp-json\/wp\/v2\/posts"}],"about":[{"href":"https:\/\/www.latitude-15.com\/pt-br\/wp-json\/wp\/v2\/types\/post"}],"author":[{"embeddable":true,"href":"https:\/\/www.latitude-15.com\/pt-br\/wp-json\/wp\/v2\/users\/5"}],"replies":[{"embeddable":true,"href":"https:\/\/www.latitude-15.com\/pt-br\/wp-json\/wp\/v2\/comments?post=22479"}],"version-history":[{"count":5,"href":"https:\/\/www.latitude-15.com\/pt-br\/wp-json\/wp\/v2\/posts\/22479\/revisions"}],"predecessor-version":[{"id":22653,"href":"https:\/\/www.latitude-15.com\/pt-br\/wp-json\/wp\/v2\/posts\/22479\/revisions\/22653"}],"wp:featuredmedia":[{"embeddable":true,"href":"https:\/\/www.latitude-15.com\/pt-br\/wp-json\/wp\/v2\/media\/22598"}],"wp:attachment":[{"href":"https:\/\/www.latitude-15.com\/pt-br\/wp-json\/wp\/v2\/media?parent=22479"}],"wp:term":[{"taxonomy":"category","embeddable":true,"href":"https:\/\/www.latitude-15.com\/pt-br\/wp-json\/wp\/v2\/categories?post=22479"},{"taxonomy":"post_tag","embeddable":true,"href":"https:\/\/www.latitude-15.com\/pt-br\/wp-json\/wp\/v2\/tags?post=22479"}],"curies":[{"name":"wp","href":"https:\/\/api.w.org\/{rel}","templated":true}]}}