{"id":22428,"date":"2026-04-07T09:40:01","date_gmt":"2026-04-07T13:40:01","guid":{"rendered":"https:\/\/www.latitude-15.com\/portos-da-america-latina-registram-volumes-recordes-de-carga-a-medida-que-o-nearshoring-redefine-rotas-comerciais\/"},"modified":"2026-04-07T11:27:18","modified_gmt":"2026-04-07T15:27:18","slug":"portos-da-america-latina-registram-volumes-recordes-de-carga-a-medida-que-o-nearshoring-redefine-rotas-comerciais","status":"publish","type":"post","link":"https:\/\/www.latitude-15.com\/pt-br\/portos-da-america-latina-registram-volumes-recordes-de-carga-a-medida-que-o-nearshoring-redefine-rotas-comerciais\/","title":{"rendered":"Portos da Am\u00e9rica Latina registram volumes recordes de carga \u00e0 medida que o nearshoring redefine rotas comerciais"},"content":{"rendered":"\n<p>Os portos da Am\u00e9rica Latina registraram volumes hist\u00f3ricos de carga em 2025, refletindo uma transforma\u00e7\u00e3o mais ampla nos padr\u00f5es do com\u00e9rcio global. Expans\u00f5es de capacidade, conex\u00f5es mar\u00edtimas mais fortes entre \u00c1sia e Am\u00e9ricas e a reconfigura\u00e7\u00e3o das cadeias de suprimentos est\u00e3o impulsionando um crescimento sustentado em alguns dos principais gateways mar\u00edtimos da regi\u00e3o. <\/p>\n\n<p>Terminais operados pela DP World em toda a Am\u00e9rica Latina registraram n\u00edveis recordes de movimenta\u00e7\u00e3o ao longo do ano, destacando o papel cada vez mais relevante da regi\u00e3o no com\u00e9rcio mar\u00edtimo global, \u00e0 medida que empresas ajustam suas redes de produ\u00e7\u00e3o e estrat\u00e9gias de distribui\u00e7\u00e3o em todo o continente americano.<\/p>\n\n<p>O aumento dos volumes de carga reflete uma combina\u00e7\u00e3o de investimentos em infraestrutura, escalas de navios cada vez maiores e o crescimento de fluxos log\u00edsticos impulsionados pelo nearshoring, conectando centros industriais da Am\u00e9rica Latina a mercados da Am\u00e9rica do Norte e de outras regi\u00f5es.<\/p>\n\n<h2 class=\"wp-block-heading\">Volumes recordes de carga nos principais portos da regi\u00e3o<\/h2>\n\n<p>Diversos dos principais portos da regi\u00e3o alcan\u00e7aram recordes de movimenta\u00e7\u00e3o de cont\u00eaineres em 2025, evidenciando o fortalecimento da posi\u00e7\u00e3o da Am\u00e9rica Latina nas redes globais de transporte mar\u00edtimo.<\/p>\n\n<p>No Port of Santos, um dos mais importantes gateways mar\u00edtimos do continente, o terminal operado pela DP World movimentou um recorde de 1,3 milh\u00e3o de TEUs (twenty-foot equivalent units), superando o recorde anterior de 1,25 milh\u00e3o de TEUs registrado em 2024. O terminal tamb\u00e9m movimentou 5 milh\u00f5es de toneladas de exporta\u00e7\u00f5es de celulose, refletindo a forte demanda internacional por produtos da ind\u00fastria de papel e celulose. <\/p>\n\n<p>No Caribe, o Port of Caucedo continuou a fortalecer sua posi\u00e7\u00e3o como um importante hub log\u00edstico regional. A movimenta\u00e7\u00e3o alcan\u00e7ou 1,76 milh\u00e3o de TEUs, impulsionada pelo crescimento das opera\u00e7\u00f5es de transbordo e pela amplia\u00e7\u00e3o dos servi\u00e7os mar\u00edtimos conectando a Am\u00e9rica do Norte e a Am\u00e9rica do Sul. <\/p>\n\n<p>Na costa do Pac\u00edfico, o Port of Callao atingiu um marco hist\u00f3rico ao superar 2 milh\u00f5es de TEUs pela primeira vez. O terminal tornou-se o primeiro da costa oeste da Am\u00e9rica do Sul a ultrapassar esse limite, ap\u00f3s a conclus\u00e3o de importantes projetos de moderniza\u00e7\u00e3o de infraestrutura. <\/p>\n\n<p>O Chile tamb\u00e9m registrou seu melhor desempenho at\u00e9 o momento, com volumes recordes tanto no Port of San Antonio quanto no Port of Lirqu\u00e9n. Em San Antonio, a movimenta\u00e7\u00e3o alcan\u00e7ou 835.900 TEUs, representando um aumento de 18% em rela\u00e7\u00e3o ao ano anterior, apoiado pela melhoria da conectividade mar\u00edtima com a \u00c1sia e pela maior produtividade nos ber\u00e7os de atraca\u00e7\u00e3o. <\/p>\n\n<h2 class=\"wp-block-heading\">Investimentos em infraestrutura impulsionam o crescimento<\/h2>\n\n<p>O forte desempenho dos portos da regi\u00e3o reflete anos de investimentos cont\u00ednuos em infraestrutura mar\u00edtima e capacidade log\u00edstica.<\/p>\n\n<p>Em Santos, projetos de expans\u00e3o em andamento est\u00e3o aumentando gradualmente a capacidade do terminal para cerca de 1,7 milh\u00e3o de TEUs, com planos de desenvolvimento de longo prazo visando 2,1 milh\u00f5es de TEUs. Essas melhorias permitem que o porto receba navios porta-cont\u00eaineres maiores e movimenta\u00e7\u00f5es de carga mais elevadas, \u00e0 medida que as grandes companhias mar\u00edtimas passam a utilizar embarca\u00e7\u00f5es cada vez maiores nas principais rotas comerciais. <\/p>\n\n<p>No Peru, a expans\u00e3o do Bicentennial Pier em Callao aumentou significativamente a capacidade de atraca\u00e7\u00e3o e a efici\u00eancia operacional. A nova infraestrutura permite que o terminal receba embarca\u00e7\u00f5es maiores e volumes mais elevados de carga, apoiando o crescimento do setor exportador peruano. <\/p>\n\n<p>De forma semelhante, os investimentos cont\u00ednuos em Caucedo \u2014 incluindo um programa de expans\u00e3o de US$ 760 milh\u00f5es que abrange tanto a infraestrutura portu\u00e1ria quanto a zona econ\u00f4mica ao redor do porto \u2014 est\u00e3o refor\u00e7ando o papel da Rep\u00fablica Dominicana como um hub estrat\u00e9gico de produ\u00e7\u00e3o e distribui\u00e7\u00e3o para o com\u00e9rcio regional.<\/p>\n\n<h2 class=\"wp-block-heading\">Nearshoring transforma cadeias globais de suprimentos<\/h2>\n\n<p>O crescimento dos volumes de cont\u00eaineres tamb\u00e9m reflete mudan\u00e7as estruturais nas cadeias globais de suprimentos.<\/p>\n\n<p>\u00c0 medida que as empresas buscam reduzir riscos log\u00edsticos e encurtar prazos de entrega, muitos fabricantes est\u00e3o transferindo parte da produ\u00e7\u00e3o para regi\u00f5es mais pr\u00f3ximas dos principais mercados consumidores, especialmente os Estados Unidos. Essa tend\u00eancia, amplamente conhecida como nearshoring, est\u00e1 fortalecendo os fluxos comerciais dentro das Am\u00e9ricas e aumentando a demanda por redes log\u00edsticas regionais mais eficientes. <\/p>\n\n<p>A Am\u00e9rica Latina e o Caribe est\u00e3o emergindo como importantes benefici\u00e1rios dessa transforma\u00e7\u00e3o. Portos como Caucedo e Santos est\u00e3o lidando cada vez mais com cargas vinculadas \u00e0s cadeias industriais, incluindo bens intermedi\u00e1rios e componentes que circulam entre centros de produ\u00e7\u00e3o e mercados consumidores. <\/p>\n\n<p>Segundo executivos do setor, a evolu\u00e7\u00e3o das redes globais de transporte mar\u00edtimo tamb\u00e9m est\u00e1 concentrando o tr\u00e1fego em menos portos, por\u00e9m mais eficientes, capazes de receber navios maiores e volumes mais elevados de carga.<\/p>\n\n<h2 class=\"wp-block-heading\">A ascens\u00e3o de redes log\u00edsticas integradas<\/h2>\n\n<p>Al\u00e9m das opera\u00e7\u00f5es portu\u00e1rias, operadores log\u00edsticos globais est\u00e3o expandindo cada vez mais sua presen\u00e7a em toda a cadeia de suprimentos.<\/p>\n\n<p>No Brasil, a DP World recentemente fortaleceu suas capacidades log\u00edsticas terrestres por meio de um novo acordo de gest\u00e3o de armaz\u00e9ns com a Suzano, uma das maiores empresas de papel e celulose do mundo.<\/p>\n\n<p>A parceria inclui a opera\u00e7\u00e3o de uma instala\u00e7\u00e3o log\u00edstica de 5.000 metros quadrados, integrada \u00e0 f\u00e1brica de tissue da Suzano no estado do Esp\u00edrito Santo. A unidade apoia opera\u00e7\u00f5es de log\u00edstica de entrada, gest\u00e3o de estoques, abastecimento das linhas de produ\u00e7\u00e3o e distribui\u00e7\u00e3o de produtos acabados para grandes mercados consumidores em todo o Brasil. <\/p>\n\n<p>O acordo reflete uma mudan\u00e7a mais ampla no setor log\u00edstico em dire\u00e7\u00e3o a solu\u00e7\u00f5es integradas de cadeia de suprimentos, combinando opera\u00e7\u00f5es portu\u00e1rias, armazenagem, freight forwarding e redes de distribui\u00e7\u00e3o terrestre.<\/p>\n\n<h2 class=\"wp-block-heading\">O papel crescente da Am\u00e9rica Latina no com\u00e9rcio global<\/h2>\n\n<p>Os volumes recordes de carga registrados em 2025 destacam a crescente import\u00e2ncia da Am\u00e9rica Latina no com\u00e9rcio mar\u00edtimo internacional.<\/p>\n\n<p>Com a expans\u00e3o das infraestruturas portu\u00e1rias, o crescimento da atividade industrial e uma maior integra\u00e7\u00e3o nas cadeias globais de suprimentos, os principais portos da regi\u00e3o est\u00e3o se tornando n\u00f3s log\u00edsticos cada vez mais estrat\u00e9gicos, conectando \u00c1sia, Am\u00e9ricas e Europa.<\/p>\n\n<p>\u00c0 medida que os investimentos continuam e os fluxos comerciais evoluem, portos como Santos, Callao e Caucedo dever\u00e3o desempenhar um papel ainda mais relevante na configura\u00e7\u00e3o do futuro do com\u00e9rcio internacional no hemisf\u00e9rio.<\/p>\n","protected":false},"excerpt":{"rendered":"<p>Os portos da Am\u00e9rica Latina registraram volumes hist\u00f3ricos de carga em 2025, refletindo uma transforma\u00e7\u00e3o mais ampla nos padr\u00f5es do com\u00e9rcio global. Expans\u00f5es de capacidade, conex\u00f5es mar\u00edtimas mais fortes entre \u00c1sia e Am\u00e9ricas e a reconfigura\u00e7\u00e3o das cadeias de suprimentos est\u00e3o impulsionando um crescimento sustentado em alguns dos principais gateways mar\u00edtimos da regi\u00e3o. Terminais operados [&hellip;]<\/p>\n","protected":false},"author":5,"featured_media":22425,"comment_status":"open","ping_status":"closed","sticky":false,"template":"","format":"standard","meta":{"footnotes":""},"categories":[119,137],"tags":[],"class_list":["post-22428","post","type-post","status-publish","format-standard","has-post-thumbnail","hentry","category-maritimo","category-portos-e-logistica"],"yoast_head":"<!-- This site is optimized with the Yoast SEO plugin v26.9 - https:\/\/yoast.com\/product\/yoast-seo-wordpress\/ -->\n<title>Portos da Am\u00e9rica Latina registram volumes recordes de carga \u00e0 medida que o nearshoring redefine rotas comerciais - LATITUDE 15<\/title>\n<meta name=\"description\" content=\"Portos da Am\u00e9rica Latina registraram volumes hist\u00f3ricos de cont\u00eaineres em 2025 \u00e0 medida que o nearshoring e a expans\u00e3o de infraestrutura remodelam as rotas comerciais regionais.\" \/>\n<meta name=\"robots\" content=\"index, follow, max-snippet:-1, max-image-preview:large, max-video-preview:-1\" \/>\n<link rel=\"canonical\" href=\"https:\/\/www.latitude-15.com\/pt-br\/portos-da-america-latina-registram-volumes-recordes-de-carga-a-medida-que-o-nearshoring-redefine-rotas-comerciais\/\" \/>\n<meta property=\"og:locale\" content=\"pt_BR\" \/>\n<meta property=\"og:type\" content=\"article\" \/>\n<meta property=\"og:title\" content=\"Portos da Am\u00e9rica Latina registram volumes recordes de carga \u00e0 medida que o nearshoring redefine rotas comerciais - LATITUDE 15\" \/>\n<meta property=\"og:description\" content=\"Portos da Am\u00e9rica Latina registraram volumes hist\u00f3ricos de cont\u00eaineres em 2025 \u00e0 medida que o nearshoring e a expans\u00e3o de infraestrutura remodelam as rotas comerciais regionais.\" \/>\n<meta property=\"og:url\" content=\"https:\/\/www.latitude-15.com\/pt-br\/portos-da-america-latina-registram-volumes-recordes-de-carga-a-medida-que-o-nearshoring-redefine-rotas-comerciais\/\" \/>\n<meta property=\"og:site_name\" content=\"LATITUDE 15\" \/>\n<meta property=\"article:published_time\" content=\"2026-04-07T13:40:01+00:00\" \/>\n<meta property=\"article:modified_time\" content=\"2026-04-07T15:27:18+00:00\" \/>\n<meta property=\"og:image\" content=\"https:\/\/www.latitude-15.com\/wp-content\/uploads\/2026\/04\/callaoportatduskwithviewofyardandcranes1-scaled.jpeg\" \/>\n\t<meta property=\"og:image:width\" content=\"2560\" \/>\n\t<meta property=\"og:image:height\" content=\"1193\" \/>\n\t<meta property=\"og:image:type\" content=\"image\/jpeg\" \/>\n<meta name=\"author\" content=\"Joda J\" \/>\n<meta name=\"twitter:card\" content=\"summary_large_image\" \/>\n<meta name=\"twitter:label1\" content=\"Escrito por\" \/>\n\t<meta name=\"twitter:data1\" content=\"Joda J\" \/>\n\t<meta name=\"twitter:label2\" content=\"Est. tempo de leitura\" \/>\n\t<meta name=\"twitter:data2\" content=\"6 minutos\" \/>\n<script type=\"application\/ld+json\" class=\"yoast-schema-graph\">{\"@context\":\"https:\/\/schema.org\",\"@graph\":[{\"@type\":\"Article\",\"@id\":\"https:\/\/www.latitude-15.com\/pt-br\/portos-da-america-latina-registram-volumes-recordes-de-carga-a-medida-que-o-nearshoring-redefine-rotas-comerciais\/#article\",\"isPartOf\":{\"@id\":\"https:\/\/www.latitude-15.com\/pt-br\/portos-da-america-latina-registram-volumes-recordes-de-carga-a-medida-que-o-nearshoring-redefine-rotas-comerciais\/\"},\"author\":{\"name\":\"Joda J\",\"@id\":\"https:\/\/www.latitude-15.com\/pt-br\/#\/schema\/person\/dac52e7ff44c78317f337da112e37252\"},\"headline\":\"Portos da Am\u00e9rica Latina registram volumes recordes de carga \u00e0 medida que o nearshoring redefine rotas comerciais\",\"datePublished\":\"2026-04-07T13:40:01+00:00\",\"dateModified\":\"2026-04-07T15:27:18+00:00\",\"mainEntityOfPage\":{\"@id\":\"https:\/\/www.latitude-15.com\/pt-br\/portos-da-america-latina-registram-volumes-recordes-de-carga-a-medida-que-o-nearshoring-redefine-rotas-comerciais\/\"},\"wordCount\":1148,\"commentCount\":0,\"publisher\":{\"@id\":\"https:\/\/www.latitude-15.com\/pt-br\/#organization\"},\"image\":{\"@id\":\"https:\/\/www.latitude-15.com\/pt-br\/portos-da-america-latina-registram-volumes-recordes-de-carga-a-medida-que-o-nearshoring-redefine-rotas-comerciais\/#primaryimage\"},\"thumbnailUrl\":\"https:\/\/www.latitude-15.com\/wp-content\/uploads\/2026\/04\/callaoportatduskwithviewofyardandcranes1-scaled.jpeg\",\"articleSection\":[\"MAR\u00cdTIMO\",\"Portos e log\u00edstica\"],\"inLanguage\":\"pt-BR\",\"potentialAction\":[{\"@type\":\"CommentAction\",\"name\":\"Comment\",\"target\":[\"https:\/\/www.latitude-15.com\/pt-br\/portos-da-america-latina-registram-volumes-recordes-de-carga-a-medida-que-o-nearshoring-redefine-rotas-comerciais\/#respond\"]}]},{\"@type\":\"WebPage\",\"@id\":\"https:\/\/www.latitude-15.com\/pt-br\/portos-da-america-latina-registram-volumes-recordes-de-carga-a-medida-que-o-nearshoring-redefine-rotas-comerciais\/\",\"url\":\"https:\/\/www.latitude-15.com\/pt-br\/portos-da-america-latina-registram-volumes-recordes-de-carga-a-medida-que-o-nearshoring-redefine-rotas-comerciais\/\",\"name\":\"Portos da Am\u00e9rica Latina registram volumes recordes de carga \u00e0 medida que o nearshoring redefine rotas comerciais - LATITUDE 15\",\"isPartOf\":{\"@id\":\"https:\/\/www.latitude-15.com\/pt-br\/#website\"},\"primaryImageOfPage\":{\"@id\":\"https:\/\/www.latitude-15.com\/pt-br\/portos-da-america-latina-registram-volumes-recordes-de-carga-a-medida-que-o-nearshoring-redefine-rotas-comerciais\/#primaryimage\"},\"image\":{\"@id\":\"https:\/\/www.latitude-15.com\/pt-br\/portos-da-america-latina-registram-volumes-recordes-de-carga-a-medida-que-o-nearshoring-redefine-rotas-comerciais\/#primaryimage\"},\"thumbnailUrl\":\"https:\/\/www.latitude-15.com\/wp-content\/uploads\/2026\/04\/callaoportatduskwithviewofyardandcranes1-scaled.jpeg\",\"datePublished\":\"2026-04-07T13:40:01+00:00\",\"dateModified\":\"2026-04-07T15:27:18+00:00\",\"description\":\"Portos da Am\u00e9rica Latina registraram volumes hist\u00f3ricos de cont\u00eaineres em 2025 \u00e0 medida que o nearshoring e a expans\u00e3o de infraestrutura remodelam as rotas comerciais regionais.\",\"breadcrumb\":{\"@id\":\"https:\/\/www.latitude-15.com\/pt-br\/portos-da-america-latina-registram-volumes-recordes-de-carga-a-medida-que-o-nearshoring-redefine-rotas-comerciais\/#breadcrumb\"},\"inLanguage\":\"pt-BR\",\"potentialAction\":[{\"@type\":\"ReadAction\",\"target\":[\"https:\/\/www.latitude-15.com\/pt-br\/portos-da-america-latina-registram-volumes-recordes-de-carga-a-medida-que-o-nearshoring-redefine-rotas-comerciais\/\"]}]},{\"@type\":\"ImageObject\",\"inLanguage\":\"pt-BR\",\"@id\":\"https:\/\/www.latitude-15.com\/pt-br\/portos-da-america-latina-registram-volumes-recordes-de-carga-a-medida-que-o-nearshoring-redefine-rotas-comerciais\/#primaryimage\",\"url\":\"https:\/\/www.latitude-15.com\/wp-content\/uploads\/2026\/04\/callaoportatduskwithviewofyardandcranes1-scaled.jpeg\",\"contentUrl\":\"https:\/\/www.latitude-15.com\/wp-content\/uploads\/2026\/04\/callaoportatduskwithviewofyardandcranes1-scaled.jpeg\",\"width\":2560,\"height\":1193,\"caption\":\"Porto de Callao ao anoitecer com vista do p\u00e1tio e guindastes (1) - (fonte: DP World)\"},{\"@type\":\"BreadcrumbList\",\"@id\":\"https:\/\/www.latitude-15.com\/pt-br\/portos-da-america-latina-registram-volumes-recordes-de-carga-a-medida-que-o-nearshoring-redefine-rotas-comerciais\/#breadcrumb\",\"itemListElement\":[{\"@type\":\"ListItem\",\"position\":1,\"name\":\"Home\",\"item\":\"https:\/\/www.latitude-15.com\/pt-br\/inicio\/\"},{\"@type\":\"ListItem\",\"position\":2,\"name\":\"Portos da Am\u00e9rica Latina registram volumes recordes de carga \u00e0 medida que o nearshoring redefine rotas comerciais\"}]},{\"@type\":\"WebSite\",\"@id\":\"https:\/\/www.latitude-15.com\/pt-br\/#website\",\"url\":\"https:\/\/www.latitude-15.com\/pt-br\/\",\"name\":\"LATITUDE 15\",\"description\":\"Aviation and maritime Magazine - Caribbean &amp; Latin America\",\"publisher\":{\"@id\":\"https:\/\/www.latitude-15.com\/pt-br\/#organization\"},\"potentialAction\":[{\"@type\":\"SearchAction\",\"target\":{\"@type\":\"EntryPoint\",\"urlTemplate\":\"https:\/\/www.latitude-15.com\/pt-br\/?s={search_term_string}\"},\"query-input\":{\"@type\":\"PropertyValueSpecification\",\"valueRequired\":true,\"valueName\":\"search_term_string\"}}],\"inLanguage\":\"pt-BR\"},{\"@type\":\"Organization\",\"@id\":\"https:\/\/www.latitude-15.com\/pt-br\/#organization\",\"name\":\"LATITUDE 15\",\"url\":\"https:\/\/www.latitude-15.com\/pt-br\/\",\"logo\":{\"@type\":\"ImageObject\",\"inLanguage\":\"pt-BR\",\"@id\":\"https:\/\/www.latitude-15.com\/pt-br\/#\/schema\/logo\/image\/\",\"url\":\"https:\/\/www.latitude-15.com\/wp-content\/uploads\/2026\/01\/cropped-logox500px.png\",\"contentUrl\":\"https:\/\/www.latitude-15.com\/wp-content\/uploads\/2026\/01\/cropped-logox500px.png\",\"width\":62,\"height\":75,\"caption\":\"LATITUDE 15\"},\"image\":{\"@id\":\"https:\/\/www.latitude-15.com\/pt-br\/#\/schema\/logo\/image\/\"}},{\"@type\":\"Person\",\"@id\":\"https:\/\/www.latitude-15.com\/pt-br\/#\/schema\/person\/dac52e7ff44c78317f337da112e37252\",\"name\":\"Joda J\",\"image\":{\"@type\":\"ImageObject\",\"inLanguage\":\"pt-BR\",\"@id\":\"https:\/\/www.latitude-15.com\/pt-br\/#\/schema\/person\/image\/\",\"url\":\"https:\/\/secure.gravatar.com\/avatar\/6b1feae555e15404b76616f92d931d12b25ac58024f14ccb43d9d3c012e4c4cf?s=96&d=mm&r=g\",\"contentUrl\":\"https:\/\/secure.gravatar.com\/avatar\/6b1feae555e15404b76616f92d931d12b25ac58024f14ccb43d9d3c012e4c4cf?s=96&d=mm&r=g\",\"caption\":\"Joda J\"},\"url\":\"https:\/\/www.latitude-15.com\/pt-br\/author\/joda\/\"}]}<\/script>\n<!-- \/ Yoast SEO plugin. -->","yoast_head_json":{"title":"Portos da Am\u00e9rica Latina registram volumes recordes de carga \u00e0 medida que o nearshoring redefine rotas comerciais - LATITUDE 15","description":"Portos da Am\u00e9rica Latina registraram volumes hist\u00f3ricos de cont\u00eaineres em 2025 \u00e0 medida que o nearshoring e a expans\u00e3o de infraestrutura remodelam as rotas comerciais regionais.","robots":{"index":"index","follow":"follow","max-snippet":"max-snippet:-1","max-image-preview":"max-image-preview:large","max-video-preview":"max-video-preview:-1"},"canonical":"https:\/\/www.latitude-15.com\/pt-br\/portos-da-america-latina-registram-volumes-recordes-de-carga-a-medida-que-o-nearshoring-redefine-rotas-comerciais\/","og_locale":"pt_BR","og_type":"article","og_title":"Portos da Am\u00e9rica Latina registram volumes recordes de carga \u00e0 medida que o nearshoring redefine rotas comerciais - LATITUDE 15","og_description":"Portos da Am\u00e9rica Latina registraram volumes hist\u00f3ricos de cont\u00eaineres em 2025 \u00e0 medida que o nearshoring e a expans\u00e3o de infraestrutura remodelam as rotas comerciais regionais.","og_url":"https:\/\/www.latitude-15.com\/pt-br\/portos-da-america-latina-registram-volumes-recordes-de-carga-a-medida-que-o-nearshoring-redefine-rotas-comerciais\/","og_site_name":"LATITUDE 15","article_published_time":"2026-04-07T13:40:01+00:00","article_modified_time":"2026-04-07T15:27:18+00:00","og_image":[{"width":2560,"height":1193,"url":"https:\/\/www.latitude-15.com\/wp-content\/uploads\/2026\/04\/callaoportatduskwithviewofyardandcranes1-scaled.jpeg","type":"image\/jpeg"}],"author":"Joda J","twitter_card":"summary_large_image","twitter_misc":{"Escrito por":"Joda J","Est. tempo de leitura":"6 minutos"},"schema":{"@context":"https:\/\/schema.org","@graph":[{"@type":"Article","@id":"https:\/\/www.latitude-15.com\/pt-br\/portos-da-america-latina-registram-volumes-recordes-de-carga-a-medida-que-o-nearshoring-redefine-rotas-comerciais\/#article","isPartOf":{"@id":"https:\/\/www.latitude-15.com\/pt-br\/portos-da-america-latina-registram-volumes-recordes-de-carga-a-medida-que-o-nearshoring-redefine-rotas-comerciais\/"},"author":{"name":"Joda J","@id":"https:\/\/www.latitude-15.com\/pt-br\/#\/schema\/person\/dac52e7ff44c78317f337da112e37252"},"headline":"Portos da Am\u00e9rica Latina registram volumes recordes de carga \u00e0 medida que o nearshoring redefine rotas comerciais","datePublished":"2026-04-07T13:40:01+00:00","dateModified":"2026-04-07T15:27:18+00:00","mainEntityOfPage":{"@id":"https:\/\/www.latitude-15.com\/pt-br\/portos-da-america-latina-registram-volumes-recordes-de-carga-a-medida-que-o-nearshoring-redefine-rotas-comerciais\/"},"wordCount":1148,"commentCount":0,"publisher":{"@id":"https:\/\/www.latitude-15.com\/pt-br\/#organization"},"image":{"@id":"https:\/\/www.latitude-15.com\/pt-br\/portos-da-america-latina-registram-volumes-recordes-de-carga-a-medida-que-o-nearshoring-redefine-rotas-comerciais\/#primaryimage"},"thumbnailUrl":"https:\/\/www.latitude-15.com\/wp-content\/uploads\/2026\/04\/callaoportatduskwithviewofyardandcranes1-scaled.jpeg","articleSection":["MAR\u00cdTIMO","Portos e log\u00edstica"],"inLanguage":"pt-BR","potentialAction":[{"@type":"CommentAction","name":"Comment","target":["https:\/\/www.latitude-15.com\/pt-br\/portos-da-america-latina-registram-volumes-recordes-de-carga-a-medida-que-o-nearshoring-redefine-rotas-comerciais\/#respond"]}]},{"@type":"WebPage","@id":"https:\/\/www.latitude-15.com\/pt-br\/portos-da-america-latina-registram-volumes-recordes-de-carga-a-medida-que-o-nearshoring-redefine-rotas-comerciais\/","url":"https:\/\/www.latitude-15.com\/pt-br\/portos-da-america-latina-registram-volumes-recordes-de-carga-a-medida-que-o-nearshoring-redefine-rotas-comerciais\/","name":"Portos da Am\u00e9rica Latina registram volumes recordes de carga \u00e0 medida que o nearshoring redefine rotas comerciais - LATITUDE 15","isPartOf":{"@id":"https:\/\/www.latitude-15.com\/pt-br\/#website"},"primaryImageOfPage":{"@id":"https:\/\/www.latitude-15.com\/pt-br\/portos-da-america-latina-registram-volumes-recordes-de-carga-a-medida-que-o-nearshoring-redefine-rotas-comerciais\/#primaryimage"},"image":{"@id":"https:\/\/www.latitude-15.com\/pt-br\/portos-da-america-latina-registram-volumes-recordes-de-carga-a-medida-que-o-nearshoring-redefine-rotas-comerciais\/#primaryimage"},"thumbnailUrl":"https:\/\/www.latitude-15.com\/wp-content\/uploads\/2026\/04\/callaoportatduskwithviewofyardandcranes1-scaled.jpeg","datePublished":"2026-04-07T13:40:01+00:00","dateModified":"2026-04-07T15:27:18+00:00","description":"Portos da Am\u00e9rica Latina registraram volumes hist\u00f3ricos de cont\u00eaineres em 2025 \u00e0 medida que o nearshoring e a expans\u00e3o de infraestrutura remodelam as rotas comerciais regionais.","breadcrumb":{"@id":"https:\/\/www.latitude-15.com\/pt-br\/portos-da-america-latina-registram-volumes-recordes-de-carga-a-medida-que-o-nearshoring-redefine-rotas-comerciais\/#breadcrumb"},"inLanguage":"pt-BR","potentialAction":[{"@type":"ReadAction","target":["https:\/\/www.latitude-15.com\/pt-br\/portos-da-america-latina-registram-volumes-recordes-de-carga-a-medida-que-o-nearshoring-redefine-rotas-comerciais\/"]}]},{"@type":"ImageObject","inLanguage":"pt-BR","@id":"https:\/\/www.latitude-15.com\/pt-br\/portos-da-america-latina-registram-volumes-recordes-de-carga-a-medida-que-o-nearshoring-redefine-rotas-comerciais\/#primaryimage","url":"https:\/\/www.latitude-15.com\/wp-content\/uploads\/2026\/04\/callaoportatduskwithviewofyardandcranes1-scaled.jpeg","contentUrl":"https:\/\/www.latitude-15.com\/wp-content\/uploads\/2026\/04\/callaoportatduskwithviewofyardandcranes1-scaled.jpeg","width":2560,"height":1193,"caption":"Porto de Callao ao anoitecer com vista do p\u00e1tio e guindastes (1) - (fonte: DP World)"},{"@type":"BreadcrumbList","@id":"https:\/\/www.latitude-15.com\/pt-br\/portos-da-america-latina-registram-volumes-recordes-de-carga-a-medida-que-o-nearshoring-redefine-rotas-comerciais\/#breadcrumb","itemListElement":[{"@type":"ListItem","position":1,"name":"Home","item":"https:\/\/www.latitude-15.com\/pt-br\/inicio\/"},{"@type":"ListItem","position":2,"name":"Portos da Am\u00e9rica Latina registram volumes recordes de carga \u00e0 medida que o nearshoring redefine rotas comerciais"}]},{"@type":"WebSite","@id":"https:\/\/www.latitude-15.com\/pt-br\/#website","url":"https:\/\/www.latitude-15.com\/pt-br\/","name":"LATITUDE 15","description":"Aviation and maritime Magazine - Caribbean &amp; Latin America","publisher":{"@id":"https:\/\/www.latitude-15.com\/pt-br\/#organization"},"potentialAction":[{"@type":"SearchAction","target":{"@type":"EntryPoint","urlTemplate":"https:\/\/www.latitude-15.com\/pt-br\/?s={search_term_string}"},"query-input":{"@type":"PropertyValueSpecification","valueRequired":true,"valueName":"search_term_string"}}],"inLanguage":"pt-BR"},{"@type":"Organization","@id":"https:\/\/www.latitude-15.com\/pt-br\/#organization","name":"LATITUDE 15","url":"https:\/\/www.latitude-15.com\/pt-br\/","logo":{"@type":"ImageObject","inLanguage":"pt-BR","@id":"https:\/\/www.latitude-15.com\/pt-br\/#\/schema\/logo\/image\/","url":"https:\/\/www.latitude-15.com\/wp-content\/uploads\/2026\/01\/cropped-logox500px.png","contentUrl":"https:\/\/www.latitude-15.com\/wp-content\/uploads\/2026\/01\/cropped-logox500px.png","width":62,"height":75,"caption":"LATITUDE 15"},"image":{"@id":"https:\/\/www.latitude-15.com\/pt-br\/#\/schema\/logo\/image\/"}},{"@type":"Person","@id":"https:\/\/www.latitude-15.com\/pt-br\/#\/schema\/person\/dac52e7ff44c78317f337da112e37252","name":"Joda J","image":{"@type":"ImageObject","inLanguage":"pt-BR","@id":"https:\/\/www.latitude-15.com\/pt-br\/#\/schema\/person\/image\/","url":"https:\/\/secure.gravatar.com\/avatar\/6b1feae555e15404b76616f92d931d12b25ac58024f14ccb43d9d3c012e4c4cf?s=96&d=mm&r=g","contentUrl":"https:\/\/secure.gravatar.com\/avatar\/6b1feae555e15404b76616f92d931d12b25ac58024f14ccb43d9d3c012e4c4cf?s=96&d=mm&r=g","caption":"Joda J"},"url":"https:\/\/www.latitude-15.com\/pt-br\/author\/joda\/"}]}},"_links":{"self":[{"href":"https:\/\/www.latitude-15.com\/pt-br\/wp-json\/wp\/v2\/posts\/22428","targetHints":{"allow":["GET"]}}],"collection":[{"href":"https:\/\/www.latitude-15.com\/pt-br\/wp-json\/wp\/v2\/posts"}],"about":[{"href":"https:\/\/www.latitude-15.com\/pt-br\/wp-json\/wp\/v2\/types\/post"}],"author":[{"embeddable":true,"href":"https:\/\/www.latitude-15.com\/pt-br\/wp-json\/wp\/v2\/users\/5"}],"replies":[{"embeddable":true,"href":"https:\/\/www.latitude-15.com\/pt-br\/wp-json\/wp\/v2\/comments?post=22428"}],"version-history":[{"count":1,"href":"https:\/\/www.latitude-15.com\/pt-br\/wp-json\/wp\/v2\/posts\/22428\/revisions"}],"predecessor-version":[{"id":22429,"href":"https:\/\/www.latitude-15.com\/pt-br\/wp-json\/wp\/v2\/posts\/22428\/revisions\/22429"}],"wp:featuredmedia":[{"embeddable":true,"href":"https:\/\/www.latitude-15.com\/pt-br\/wp-json\/wp\/v2\/media\/22425"}],"wp:attachment":[{"href":"https:\/\/www.latitude-15.com\/pt-br\/wp-json\/wp\/v2\/media?parent=22428"}],"wp:term":[{"taxonomy":"category","embeddable":true,"href":"https:\/\/www.latitude-15.com\/pt-br\/wp-json\/wp\/v2\/categories?post=22428"},{"taxonomy":"post_tag","embeddable":true,"href":"https:\/\/www.latitude-15.com\/pt-br\/wp-json\/wp\/v2\/tags?post=22428"}],"curies":[{"name":"wp","href":"https:\/\/api.w.org\/{rel}","templated":true}]}}