{"id":22386,"date":"2026-04-03T13:04:56","date_gmt":"2026-04-03T17:04:56","guid":{"rendered":"https:\/\/www.latitude-15.com\/lideres-portuarios-do-caribe-se-reunirao-no-suriname-para-a-assembleia-geral-anual-da-pmac-2026-em-meio-a-transicao-global-do-setor\/"},"modified":"2026-04-03T23:31:54","modified_gmt":"2026-04-04T03:31:54","slug":"lideres-portuarios-do-caribe-se-reunirao-no-suriname-para-a-assembleia-geral-anual-da-pmac-2026-em-meio-a-transicao-global-do-setor","status":"publish","type":"post","link":"https:\/\/www.latitude-15.com\/pt-br\/lideres-portuarios-do-caribe-se-reunirao-no-suriname-para-a-assembleia-geral-anual-da-pmac-2026-em-meio-a-transicao-global-do-setor\/","title":{"rendered":"L\u00edderes portu\u00e1rios do Caribe se reunir\u00e3o no Suriname para a Assembleia Geral Anual da PMAC 2026 em meio \u00e0 transi\u00e7\u00e3o global do setor"},"content":{"rendered":"\n<p>Autoridades portu\u00e1rias, operadores mar\u00edtimos e representantes da ind\u00fastria de toda a regi\u00e3o do Caribe se reunir\u00e3o em Paramaribo neste m\u00eas de julho para a 29\u00aa Assembleia Geral Anual da Port Management Association of the Caribbean (PMAC). O evento acontecer\u00e1 de 8 a 10 de julho de 2026, no Royal Torarica Hotel, e ser\u00e1 organizado pela PMAC em parceria com N.V. Havenbeheer Suriname, a empresa respons\u00e1vel pela gest\u00e3o portu\u00e1ria do pa\u00eds. <\/p>\n\n<p>Espera-se que o encontro re\u00fana autoridades portu\u00e1rias, membros associados, parceiros estrat\u00e9gicos e empresas que atuam nos setores mar\u00edtimo e log\u00edstico. Concebido como uma plataforma de colabora\u00e7\u00e3o e di\u00e1logo, o evento abordar\u00e1 os desafios e oportunidades que atualmente moldam o setor portu\u00e1rio na regi\u00e3o. <\/p>\n\n<h2 class=\"wp-block-heading\">Um importante encontro para o setor portu\u00e1rio do Caribe<\/h2>\n\n<p>A Assembleia Geral Anual da PMAC \u00e9 considerada um dos principais f\u00f3runs de coordena\u00e7\u00e3o da comunidade portu\u00e1ria caribenha. A associa\u00e7\u00e3o re\u00fane autoridades portu\u00e1rias e parceiros da ind\u00fastria de toda a regi\u00e3o com o objetivo de incentivar a coopera\u00e7\u00e3o, compartilhar boas pr\u00e1ticas e apoiar o desenvolvimento da infraestrutura portu\u00e1ria e da log\u00edstica mar\u00edtima. <\/p>\n\n<p>A cada ano, o encontro oferece uma oportunidade para executivos portu\u00e1rios, empresas de log\u00edstica, prestadores de servi\u00e7os mar\u00edtimos e parceiros institucionais trocarem perspectivas sobre o futuro da ind\u00fastria. Al\u00e9m das reuni\u00f5es formais entre os membros da PMAC, o evento tamb\u00e9m proporciona um espa\u00e7o para networking e intera\u00e7\u00e3o entre autoridades p\u00fablicas e representantes do setor privado envolvidos nas opera\u00e7\u00f5es portu\u00e1rias e no com\u00e9rcio mar\u00edtimo. <\/p>\n\n<h2 class=\"wp-block-heading\">Debates sobre a transforma\u00e7\u00e3o global do setor portu\u00e1rio<\/h2>\n\n<p>A edi\u00e7\u00e3o de 2026 ser\u00e1 realizada sob o tema \u201cTransitioning in an era of global change\u201d. O tema reflete as profundas transforma\u00e7\u00f5es que est\u00e3o remodelando os setores mar\u00edtimo e log\u00edstico em todo o mundo, incluindo mudan\u00e7as nos padr\u00f5es do com\u00e9rcio global, a digitaliza\u00e7\u00e3o das opera\u00e7\u00f5es portu\u00e1rias e a evolu\u00e7\u00e3o das cadeias de suprimentos.<\/p>\n\n<p>Essas discuss\u00f5es devem destacar a necessidade de os portos do Caribe se adaptarem a um ambiente global em r\u00e1pida transforma\u00e7\u00e3o, ao mesmo tempo em que fortalecem a coopera\u00e7\u00e3o regional e a efici\u00eancia operacional. Para muitos portos da regi\u00e3o, a moderniza\u00e7\u00e3o da infraestrutura, a melhoria do desempenho log\u00edstico e a integra\u00e7\u00e3o de novas tecnologias tornaram-se prioridades estrat\u00e9gicas para manter a competitividade. <\/p>\n\n<h2 class=\"wp-block-heading\">Tr\u00eas dias de reuni\u00f5es, apresenta\u00e7\u00f5es e sess\u00f5es t\u00e9cnicas<\/h2>\n\n<p>O programa de tr\u00eas dias incluir\u00e1 uma s\u00e9rie de reuni\u00f5es estrat\u00e9gicas, apresenta\u00e7\u00f5es e sess\u00f5es t\u00e9cnicas com a participa\u00e7\u00e3o de membros da PMAC e parceiros da ind\u00fastria. O evento ser\u00e1 inaugurado com uma cerim\u00f4nia oficial, seguida de sess\u00f5es tem\u00e1ticas e apresenta\u00e7\u00f5es realizadas por autoridades portu\u00e1rias que abordar\u00e3o os desenvolvimentos mais recentes do setor. <\/p>\n\n<p>Reuni\u00f5es empresariais fechadas permitir\u00e3o que os membros portu\u00e1rios da PMAC e os membros associados analisem quest\u00f5es organizacionais, incluindo demonstra\u00e7\u00f5es financeiras, relat\u00f3rios de grupos de trabalho e iniciativas futuras. Apresenta\u00e7\u00f5es de parceiros estrat\u00e9gicos e sess\u00f5es t\u00e9cnicas tamb\u00e9m integrar\u00e3o o programa, oferecendo uma vis\u00e3o adicional sobre tend\u00eancias emergentes e solu\u00e7\u00f5es para o setor portu\u00e1rio. <\/p>\n\n<p>A agenda inclui ainda eventos de networking e atividades culturais destinadas a estimular o di\u00e1logo entre os participantes, al\u00e9m de uma visita t\u00e9cnica ao porto, que permitir\u00e1 aos delegados conhecer de perto a infraestrutura mar\u00edtima do Suriname. O encontro ser\u00e1 encerrado com uma gala de premia\u00e7\u00e3o, reconhecendo contribui\u00e7\u00f5es relevantes dentro da comunidade portu\u00e1ria do Caribe. <\/p>\n\n<h2 class=\"wp-block-heading\">Paramaribo no centro da coopera\u00e7\u00e3o portu\u00e1ria do Caribe<\/h2>\n\n<p>Ao sediar a Assembleia Geral Anual de 2026, o Suriname posiciona Paramaribo como um ponto central para a coopera\u00e7\u00e3o mar\u00edtima regional. O evento representa uma oportunidade para fortalecer as rela\u00e7\u00f5es entre autoridades portu\u00e1rias caribenhas e parceiros da ind\u00fastria, ao mesmo tempo em que destaca o papel do setor portu\u00e1rio do pa\u00eds dentro das redes comerciais regionais. <\/p>\n\n<p>\u00c0 medida que os sistemas globais de transporte mar\u00edtimo e log\u00edstica continuam a evoluir, encontros como a PMAC AGM desempenham um papel importante ao permitir que l\u00edderes portu\u00e1rios de todo o Caribe troquem ideias, coordenem estrat\u00e9gias e se preparem para os desafios e oportunidades que moldar\u00e3o o futuro da ind\u00fastria mar\u00edtima.<\/p>\n\n<p class=\"has-text-align-right\"><a href=\"https:\/\/www.pmac-ports.com\/event\/29th-pmac-annual-general-meeting-9\/register\"><strong>Saiba mais sobre o evento<\/strong><\/a><\/p>\n","protected":false},"excerpt":{"rendered":"<p>Autoridades portu\u00e1rias, operadores mar\u00edtimos e representantes da ind\u00fastria de toda a regi\u00e3o do Caribe se reunir\u00e3o em Paramaribo neste m\u00eas de julho para a 29\u00aa Assembleia Geral Anual da Port Management Association of the Caribbean (PMAC). O evento acontecer\u00e1 de 8 a 10 de julho de 2026, no Royal Torarica Hotel, e ser\u00e1 organizado pela [&hellip;]<\/p>\n","protected":false},"author":5,"featured_media":22385,"comment_status":"open","ping_status":"closed","sticky":false,"template":"","format":"standard","meta":{"footnotes":""},"categories":[119,137],"tags":[],"class_list":["post-22386","post","type-post","status-publish","format-standard","has-post-thumbnail","hentry","category-maritimo","category-portos-e-logistica"],"yoast_head":"<!-- This site is optimized with the Yoast SEO plugin v26.9 - https:\/\/yoast.com\/product\/yoast-seo-wordpress\/ -->\n<title>L\u00edderes portu\u00e1rios do Caribe se reunir\u00e3o no Suriname para a Assembleia Geral Anual da PMAC 2026 em meio \u00e0 transi\u00e7\u00e3o global do setor - LATITUDE 15<\/title>\n<meta name=\"description\" content=\"A 29\u00aa Assembleia Geral Anual para discutir o futuro dos portos caribenhos e da log\u00edstica mar\u00edtima, no Suriname\" \/>\n<meta name=\"robots\" content=\"index, follow, max-snippet:-1, max-image-preview:large, max-video-preview:-1\" \/>\n<link rel=\"canonical\" href=\"https:\/\/www.latitude-15.com\/pt-br\/lideres-portuarios-do-caribe-se-reunirao-no-suriname-para-a-assembleia-geral-anual-da-pmac-2026-em-meio-a-transicao-global-do-setor\/\" \/>\n<meta property=\"og:locale\" content=\"pt_BR\" \/>\n<meta property=\"og:type\" content=\"article\" \/>\n<meta property=\"og:title\" content=\"L\u00edderes portu\u00e1rios do Caribe se reunir\u00e3o no Suriname para a Assembleia Geral Anual da PMAC 2026 em meio \u00e0 transi\u00e7\u00e3o global do setor - LATITUDE 15\" \/>\n<meta property=\"og:description\" content=\"A 29\u00aa Assembleia Geral Anual para discutir o futuro dos portos caribenhos e da log\u00edstica mar\u00edtima, no Suriname\" \/>\n<meta property=\"og:url\" content=\"https:\/\/www.latitude-15.com\/pt-br\/lideres-portuarios-do-caribe-se-reunirao-no-suriname-para-a-assembleia-geral-anual-da-pmac-2026-em-meio-a-transicao-global-do-setor\/\" \/>\n<meta property=\"og:site_name\" content=\"LATITUDE 15\" \/>\n<meta property=\"article:published_time\" content=\"2026-04-03T17:04:56+00:00\" \/>\n<meta property=\"article:modified_time\" content=\"2026-04-04T03:31:54+00:00\" \/>\n<meta property=\"og:image\" content=\"https:\/\/www.latitude-15.com\/wp-content\/uploads\/2026\/04\/SRTHDRYJFTUKY.jpg\" \/>\n\t<meta property=\"og:image:width\" content=\"2000\" \/>\n\t<meta property=\"og:image:height\" content=\"1331\" \/>\n\t<meta property=\"og:image:type\" content=\"image\/jpeg\" \/>\n<meta name=\"author\" content=\"Joda J\" \/>\n<meta name=\"twitter:card\" content=\"summary_large_image\" \/>\n<meta name=\"twitter:label1\" content=\"Escrito por\" \/>\n\t<meta name=\"twitter:data1\" content=\"Joda J\" \/>\n\t<meta name=\"twitter:label2\" content=\"Est. tempo de leitura\" \/>\n\t<meta name=\"twitter:data2\" content=\"4 minutos\" \/>\n<script type=\"application\/ld+json\" class=\"yoast-schema-graph\">{\"@context\":\"https:\/\/schema.org\",\"@graph\":[{\"@type\":\"Article\",\"@id\":\"https:\/\/www.latitude-15.com\/pt-br\/lideres-portuarios-do-caribe-se-reunirao-no-suriname-para-a-assembleia-geral-anual-da-pmac-2026-em-meio-a-transicao-global-do-setor\/#article\",\"isPartOf\":{\"@id\":\"https:\/\/www.latitude-15.com\/pt-br\/lideres-portuarios-do-caribe-se-reunirao-no-suriname-para-a-assembleia-geral-anual-da-pmac-2026-em-meio-a-transicao-global-do-setor\/\"},\"author\":{\"name\":\"Joda J\",\"@id\":\"https:\/\/www.latitude-15.com\/pt-br\/#\/schema\/person\/dac52e7ff44c78317f337da112e37252\"},\"headline\":\"L\u00edderes portu\u00e1rios do Caribe se reunir\u00e3o no Suriname para a Assembleia Geral Anual da PMAC 2026 em meio \u00e0 transi\u00e7\u00e3o global do setor\",\"datePublished\":\"2026-04-03T17:04:56+00:00\",\"dateModified\":\"2026-04-04T03:31:54+00:00\",\"mainEntityOfPage\":{\"@id\":\"https:\/\/www.latitude-15.com\/pt-br\/lideres-portuarios-do-caribe-se-reunirao-no-suriname-para-a-assembleia-geral-anual-da-pmac-2026-em-meio-a-transicao-global-do-setor\/\"},\"wordCount\":795,\"commentCount\":0,\"publisher\":{\"@id\":\"https:\/\/www.latitude-15.com\/pt-br\/#organization\"},\"image\":{\"@id\":\"https:\/\/www.latitude-15.com\/pt-br\/lideres-portuarios-do-caribe-se-reunirao-no-suriname-para-a-assembleia-geral-anual-da-pmac-2026-em-meio-a-transicao-global-do-setor\/#primaryimage\"},\"thumbnailUrl\":\"https:\/\/www.latitude-15.com\/wp-content\/uploads\/2026\/04\/SRTHDRYJFTUKY.jpg\",\"articleSection\":[\"MAR\u00cdTIMO\",\"Portos e log\u00edstica\"],\"inLanguage\":\"pt-BR\",\"potentialAction\":[{\"@type\":\"CommentAction\",\"name\":\"Comment\",\"target\":[\"https:\/\/www.latitude-15.com\/pt-br\/lideres-portuarios-do-caribe-se-reunirao-no-suriname-para-a-assembleia-geral-anual-da-pmac-2026-em-meio-a-transicao-global-do-setor\/#respond\"]}]},{\"@type\":\"WebPage\",\"@id\":\"https:\/\/www.latitude-15.com\/pt-br\/lideres-portuarios-do-caribe-se-reunirao-no-suriname-para-a-assembleia-geral-anual-da-pmac-2026-em-meio-a-transicao-global-do-setor\/\",\"url\":\"https:\/\/www.latitude-15.com\/pt-br\/lideres-portuarios-do-caribe-se-reunirao-no-suriname-para-a-assembleia-geral-anual-da-pmac-2026-em-meio-a-transicao-global-do-setor\/\",\"name\":\"L\u00edderes portu\u00e1rios do Caribe se reunir\u00e3o no Suriname para a Assembleia Geral Anual da PMAC 2026 em meio \u00e0 transi\u00e7\u00e3o global do setor - LATITUDE 15\",\"isPartOf\":{\"@id\":\"https:\/\/www.latitude-15.com\/pt-br\/#website\"},\"primaryImageOfPage\":{\"@id\":\"https:\/\/www.latitude-15.com\/pt-br\/lideres-portuarios-do-caribe-se-reunirao-no-suriname-para-a-assembleia-geral-anual-da-pmac-2026-em-meio-a-transicao-global-do-setor\/#primaryimage\"},\"image\":{\"@id\":\"https:\/\/www.latitude-15.com\/pt-br\/lideres-portuarios-do-caribe-se-reunirao-no-suriname-para-a-assembleia-geral-anual-da-pmac-2026-em-meio-a-transicao-global-do-setor\/#primaryimage\"},\"thumbnailUrl\":\"https:\/\/www.latitude-15.com\/wp-content\/uploads\/2026\/04\/SRTHDRYJFTUKY.jpg\",\"datePublished\":\"2026-04-03T17:04:56+00:00\",\"dateModified\":\"2026-04-04T03:31:54+00:00\",\"description\":\"A 29\u00aa Assembleia Geral Anual para discutir o futuro dos portos caribenhos e da log\u00edstica mar\u00edtima, no Suriname\",\"breadcrumb\":{\"@id\":\"https:\/\/www.latitude-15.com\/pt-br\/lideres-portuarios-do-caribe-se-reunirao-no-suriname-para-a-assembleia-geral-anual-da-pmac-2026-em-meio-a-transicao-global-do-setor\/#breadcrumb\"},\"inLanguage\":\"pt-BR\",\"potentialAction\":[{\"@type\":\"ReadAction\",\"target\":[\"https:\/\/www.latitude-15.com\/pt-br\/lideres-portuarios-do-caribe-se-reunirao-no-suriname-para-a-assembleia-geral-anual-da-pmac-2026-em-meio-a-transicao-global-do-setor\/\"]}]},{\"@type\":\"ImageObject\",\"inLanguage\":\"pt-BR\",\"@id\":\"https:\/\/www.latitude-15.com\/pt-br\/lideres-portuarios-do-caribe-se-reunirao-no-suriname-para-a-assembleia-geral-anual-da-pmac-2026-em-meio-a-transicao-global-do-setor\/#primaryimage\",\"url\":\"https:\/\/www.latitude-15.com\/wp-content\/uploads\/2026\/04\/SRTHDRYJFTUKY.jpg\",\"contentUrl\":\"https:\/\/www.latitude-15.com\/wp-content\/uploads\/2026\/04\/SRTHDRYJFTUKY.jpg\",\"width\":2000,\"height\":1331},{\"@type\":\"BreadcrumbList\",\"@id\":\"https:\/\/www.latitude-15.com\/pt-br\/lideres-portuarios-do-caribe-se-reunirao-no-suriname-para-a-assembleia-geral-anual-da-pmac-2026-em-meio-a-transicao-global-do-setor\/#breadcrumb\",\"itemListElement\":[{\"@type\":\"ListItem\",\"position\":1,\"name\":\"Home\",\"item\":\"https:\/\/www.latitude-15.com\/pt-br\/inicio\/\"},{\"@type\":\"ListItem\",\"position\":2,\"name\":\"L\u00edderes portu\u00e1rios do Caribe se reunir\u00e3o no Suriname para a Assembleia Geral Anual da PMAC 2026 em meio \u00e0 transi\u00e7\u00e3o global do setor\"}]},{\"@type\":\"WebSite\",\"@id\":\"https:\/\/www.latitude-15.com\/pt-br\/#website\",\"url\":\"https:\/\/www.latitude-15.com\/pt-br\/\",\"name\":\"LATITUDE 15\",\"description\":\"Aviation and maritime Magazine - Caribbean &amp; Latin America\",\"publisher\":{\"@id\":\"https:\/\/www.latitude-15.com\/pt-br\/#organization\"},\"potentialAction\":[{\"@type\":\"SearchAction\",\"target\":{\"@type\":\"EntryPoint\",\"urlTemplate\":\"https:\/\/www.latitude-15.com\/pt-br\/?s={search_term_string}\"},\"query-input\":{\"@type\":\"PropertyValueSpecification\",\"valueRequired\":true,\"valueName\":\"search_term_string\"}}],\"inLanguage\":\"pt-BR\"},{\"@type\":\"Organization\",\"@id\":\"https:\/\/www.latitude-15.com\/pt-br\/#organization\",\"name\":\"LATITUDE 15\",\"url\":\"https:\/\/www.latitude-15.com\/pt-br\/\",\"logo\":{\"@type\":\"ImageObject\",\"inLanguage\":\"pt-BR\",\"@id\":\"https:\/\/www.latitude-15.com\/pt-br\/#\/schema\/logo\/image\/\",\"url\":\"https:\/\/www.latitude-15.com\/wp-content\/uploads\/2026\/01\/cropped-logox500px.png\",\"contentUrl\":\"https:\/\/www.latitude-15.com\/wp-content\/uploads\/2026\/01\/cropped-logox500px.png\",\"width\":62,\"height\":75,\"caption\":\"LATITUDE 15\"},\"image\":{\"@id\":\"https:\/\/www.latitude-15.com\/pt-br\/#\/schema\/logo\/image\/\"}},{\"@type\":\"Person\",\"@id\":\"https:\/\/www.latitude-15.com\/pt-br\/#\/schema\/person\/dac52e7ff44c78317f337da112e37252\",\"name\":\"Joda J\",\"image\":{\"@type\":\"ImageObject\",\"inLanguage\":\"pt-BR\",\"@id\":\"https:\/\/www.latitude-15.com\/pt-br\/#\/schema\/person\/image\/\",\"url\":\"https:\/\/secure.gravatar.com\/avatar\/6b1feae555e15404b76616f92d931d12b25ac58024f14ccb43d9d3c012e4c4cf?s=96&d=mm&r=g\",\"contentUrl\":\"https:\/\/secure.gravatar.com\/avatar\/6b1feae555e15404b76616f92d931d12b25ac58024f14ccb43d9d3c012e4c4cf?s=96&d=mm&r=g\",\"caption\":\"Joda J\"},\"url\":\"https:\/\/www.latitude-15.com\/pt-br\/author\/joda\/\"}]}<\/script>\n<!-- \/ Yoast SEO plugin. -->","yoast_head_json":{"title":"L\u00edderes portu\u00e1rios do Caribe se reunir\u00e3o no Suriname para a Assembleia Geral Anual da PMAC 2026 em meio \u00e0 transi\u00e7\u00e3o global do setor - LATITUDE 15","description":"A 29\u00aa Assembleia Geral Anual para discutir o futuro dos portos caribenhos e da log\u00edstica mar\u00edtima, no Suriname","robots":{"index":"index","follow":"follow","max-snippet":"max-snippet:-1","max-image-preview":"max-image-preview:large","max-video-preview":"max-video-preview:-1"},"canonical":"https:\/\/www.latitude-15.com\/pt-br\/lideres-portuarios-do-caribe-se-reunirao-no-suriname-para-a-assembleia-geral-anual-da-pmac-2026-em-meio-a-transicao-global-do-setor\/","og_locale":"pt_BR","og_type":"article","og_title":"L\u00edderes portu\u00e1rios do Caribe se reunir\u00e3o no Suriname para a Assembleia Geral Anual da PMAC 2026 em meio \u00e0 transi\u00e7\u00e3o global do setor - LATITUDE 15","og_description":"A 29\u00aa Assembleia Geral Anual para discutir o futuro dos portos caribenhos e da log\u00edstica mar\u00edtima, no Suriname","og_url":"https:\/\/www.latitude-15.com\/pt-br\/lideres-portuarios-do-caribe-se-reunirao-no-suriname-para-a-assembleia-geral-anual-da-pmac-2026-em-meio-a-transicao-global-do-setor\/","og_site_name":"LATITUDE 15","article_published_time":"2026-04-03T17:04:56+00:00","article_modified_time":"2026-04-04T03:31:54+00:00","og_image":[{"width":2000,"height":1331,"url":"https:\/\/www.latitude-15.com\/wp-content\/uploads\/2026\/04\/SRTHDRYJFTUKY.jpg","type":"image\/jpeg"}],"author":"Joda J","twitter_card":"summary_large_image","twitter_misc":{"Escrito por":"Joda J","Est. tempo de leitura":"4 minutos"},"schema":{"@context":"https:\/\/schema.org","@graph":[{"@type":"Article","@id":"https:\/\/www.latitude-15.com\/pt-br\/lideres-portuarios-do-caribe-se-reunirao-no-suriname-para-a-assembleia-geral-anual-da-pmac-2026-em-meio-a-transicao-global-do-setor\/#article","isPartOf":{"@id":"https:\/\/www.latitude-15.com\/pt-br\/lideres-portuarios-do-caribe-se-reunirao-no-suriname-para-a-assembleia-geral-anual-da-pmac-2026-em-meio-a-transicao-global-do-setor\/"},"author":{"name":"Joda J","@id":"https:\/\/www.latitude-15.com\/pt-br\/#\/schema\/person\/dac52e7ff44c78317f337da112e37252"},"headline":"L\u00edderes portu\u00e1rios do Caribe se reunir\u00e3o no Suriname para a Assembleia Geral Anual da PMAC 2026 em meio \u00e0 transi\u00e7\u00e3o global do setor","datePublished":"2026-04-03T17:04:56+00:00","dateModified":"2026-04-04T03:31:54+00:00","mainEntityOfPage":{"@id":"https:\/\/www.latitude-15.com\/pt-br\/lideres-portuarios-do-caribe-se-reunirao-no-suriname-para-a-assembleia-geral-anual-da-pmac-2026-em-meio-a-transicao-global-do-setor\/"},"wordCount":795,"commentCount":0,"publisher":{"@id":"https:\/\/www.latitude-15.com\/pt-br\/#organization"},"image":{"@id":"https:\/\/www.latitude-15.com\/pt-br\/lideres-portuarios-do-caribe-se-reunirao-no-suriname-para-a-assembleia-geral-anual-da-pmac-2026-em-meio-a-transicao-global-do-setor\/#primaryimage"},"thumbnailUrl":"https:\/\/www.latitude-15.com\/wp-content\/uploads\/2026\/04\/SRTHDRYJFTUKY.jpg","articleSection":["MAR\u00cdTIMO","Portos e log\u00edstica"],"inLanguage":"pt-BR","potentialAction":[{"@type":"CommentAction","name":"Comment","target":["https:\/\/www.latitude-15.com\/pt-br\/lideres-portuarios-do-caribe-se-reunirao-no-suriname-para-a-assembleia-geral-anual-da-pmac-2026-em-meio-a-transicao-global-do-setor\/#respond"]}]},{"@type":"WebPage","@id":"https:\/\/www.latitude-15.com\/pt-br\/lideres-portuarios-do-caribe-se-reunirao-no-suriname-para-a-assembleia-geral-anual-da-pmac-2026-em-meio-a-transicao-global-do-setor\/","url":"https:\/\/www.latitude-15.com\/pt-br\/lideres-portuarios-do-caribe-se-reunirao-no-suriname-para-a-assembleia-geral-anual-da-pmac-2026-em-meio-a-transicao-global-do-setor\/","name":"L\u00edderes portu\u00e1rios do Caribe se reunir\u00e3o no Suriname para a Assembleia Geral Anual da PMAC 2026 em meio \u00e0 transi\u00e7\u00e3o global do setor - LATITUDE 15","isPartOf":{"@id":"https:\/\/www.latitude-15.com\/pt-br\/#website"},"primaryImageOfPage":{"@id":"https:\/\/www.latitude-15.com\/pt-br\/lideres-portuarios-do-caribe-se-reunirao-no-suriname-para-a-assembleia-geral-anual-da-pmac-2026-em-meio-a-transicao-global-do-setor\/#primaryimage"},"image":{"@id":"https:\/\/www.latitude-15.com\/pt-br\/lideres-portuarios-do-caribe-se-reunirao-no-suriname-para-a-assembleia-geral-anual-da-pmac-2026-em-meio-a-transicao-global-do-setor\/#primaryimage"},"thumbnailUrl":"https:\/\/www.latitude-15.com\/wp-content\/uploads\/2026\/04\/SRTHDRYJFTUKY.jpg","datePublished":"2026-04-03T17:04:56+00:00","dateModified":"2026-04-04T03:31:54+00:00","description":"A 29\u00aa Assembleia Geral Anual para discutir o futuro dos portos caribenhos e da log\u00edstica mar\u00edtima, no Suriname","breadcrumb":{"@id":"https:\/\/www.latitude-15.com\/pt-br\/lideres-portuarios-do-caribe-se-reunirao-no-suriname-para-a-assembleia-geral-anual-da-pmac-2026-em-meio-a-transicao-global-do-setor\/#breadcrumb"},"inLanguage":"pt-BR","potentialAction":[{"@type":"ReadAction","target":["https:\/\/www.latitude-15.com\/pt-br\/lideres-portuarios-do-caribe-se-reunirao-no-suriname-para-a-assembleia-geral-anual-da-pmac-2026-em-meio-a-transicao-global-do-setor\/"]}]},{"@type":"ImageObject","inLanguage":"pt-BR","@id":"https:\/\/www.latitude-15.com\/pt-br\/lideres-portuarios-do-caribe-se-reunirao-no-suriname-para-a-assembleia-geral-anual-da-pmac-2026-em-meio-a-transicao-global-do-setor\/#primaryimage","url":"https:\/\/www.latitude-15.com\/wp-content\/uploads\/2026\/04\/SRTHDRYJFTUKY.jpg","contentUrl":"https:\/\/www.latitude-15.com\/wp-content\/uploads\/2026\/04\/SRTHDRYJFTUKY.jpg","width":2000,"height":1331},{"@type":"BreadcrumbList","@id":"https:\/\/www.latitude-15.com\/pt-br\/lideres-portuarios-do-caribe-se-reunirao-no-suriname-para-a-assembleia-geral-anual-da-pmac-2026-em-meio-a-transicao-global-do-setor\/#breadcrumb","itemListElement":[{"@type":"ListItem","position":1,"name":"Home","item":"https:\/\/www.latitude-15.com\/pt-br\/inicio\/"},{"@type":"ListItem","position":2,"name":"L\u00edderes portu\u00e1rios do Caribe se reunir\u00e3o no Suriname para a Assembleia Geral Anual da PMAC 2026 em meio \u00e0 transi\u00e7\u00e3o global do setor"}]},{"@type":"WebSite","@id":"https:\/\/www.latitude-15.com\/pt-br\/#website","url":"https:\/\/www.latitude-15.com\/pt-br\/","name":"LATITUDE 15","description":"Aviation and maritime Magazine - Caribbean &amp; Latin America","publisher":{"@id":"https:\/\/www.latitude-15.com\/pt-br\/#organization"},"potentialAction":[{"@type":"SearchAction","target":{"@type":"EntryPoint","urlTemplate":"https:\/\/www.latitude-15.com\/pt-br\/?s={search_term_string}"},"query-input":{"@type":"PropertyValueSpecification","valueRequired":true,"valueName":"search_term_string"}}],"inLanguage":"pt-BR"},{"@type":"Organization","@id":"https:\/\/www.latitude-15.com\/pt-br\/#organization","name":"LATITUDE 15","url":"https:\/\/www.latitude-15.com\/pt-br\/","logo":{"@type":"ImageObject","inLanguage":"pt-BR","@id":"https:\/\/www.latitude-15.com\/pt-br\/#\/schema\/logo\/image\/","url":"https:\/\/www.latitude-15.com\/wp-content\/uploads\/2026\/01\/cropped-logox500px.png","contentUrl":"https:\/\/www.latitude-15.com\/wp-content\/uploads\/2026\/01\/cropped-logox500px.png","width":62,"height":75,"caption":"LATITUDE 15"},"image":{"@id":"https:\/\/www.latitude-15.com\/pt-br\/#\/schema\/logo\/image\/"}},{"@type":"Person","@id":"https:\/\/www.latitude-15.com\/pt-br\/#\/schema\/person\/dac52e7ff44c78317f337da112e37252","name":"Joda J","image":{"@type":"ImageObject","inLanguage":"pt-BR","@id":"https:\/\/www.latitude-15.com\/pt-br\/#\/schema\/person\/image\/","url":"https:\/\/secure.gravatar.com\/avatar\/6b1feae555e15404b76616f92d931d12b25ac58024f14ccb43d9d3c012e4c4cf?s=96&d=mm&r=g","contentUrl":"https:\/\/secure.gravatar.com\/avatar\/6b1feae555e15404b76616f92d931d12b25ac58024f14ccb43d9d3c012e4c4cf?s=96&d=mm&r=g","caption":"Joda J"},"url":"https:\/\/www.latitude-15.com\/pt-br\/author\/joda\/"}]}},"_links":{"self":[{"href":"https:\/\/www.latitude-15.com\/pt-br\/wp-json\/wp\/v2\/posts\/22386","targetHints":{"allow":["GET"]}}],"collection":[{"href":"https:\/\/www.latitude-15.com\/pt-br\/wp-json\/wp\/v2\/posts"}],"about":[{"href":"https:\/\/www.latitude-15.com\/pt-br\/wp-json\/wp\/v2\/types\/post"}],"author":[{"embeddable":true,"href":"https:\/\/www.latitude-15.com\/pt-br\/wp-json\/wp\/v2\/users\/5"}],"replies":[{"embeddable":true,"href":"https:\/\/www.latitude-15.com\/pt-br\/wp-json\/wp\/v2\/comments?post=22386"}],"version-history":[{"count":1,"href":"https:\/\/www.latitude-15.com\/pt-br\/wp-json\/wp\/v2\/posts\/22386\/revisions"}],"predecessor-version":[{"id":22387,"href":"https:\/\/www.latitude-15.com\/pt-br\/wp-json\/wp\/v2\/posts\/22386\/revisions\/22387"}],"wp:featuredmedia":[{"embeddable":true,"href":"https:\/\/www.latitude-15.com\/pt-br\/wp-json\/wp\/v2\/media\/22385"}],"wp:attachment":[{"href":"https:\/\/www.latitude-15.com\/pt-br\/wp-json\/wp\/v2\/media?parent=22386"}],"wp:term":[{"taxonomy":"category","embeddable":true,"href":"https:\/\/www.latitude-15.com\/pt-br\/wp-json\/wp\/v2\/categories?post=22386"},{"taxonomy":"post_tag","embeddable":true,"href":"https:\/\/www.latitude-15.com\/pt-br\/wp-json\/wp\/v2\/tags?post=22386"}],"curies":[{"name":"wp","href":"https:\/\/api.w.org\/{rel}","templated":true}]}}