{"id":22377,"date":"2026-04-03T14:09:16","date_gmt":"2026-04-03T18:09:16","guid":{"rendered":"https:\/\/www.latitude-15.com\/orcamento-de-santa-lucia-mantem-a-modernizacao-do-aeroporto-hewanorra-no-centro-das-prioridades\/"},"modified":"2026-04-03T15:08:29","modified_gmt":"2026-04-03T19:08:29","slug":"orcamento-de-santa-lucia-mantem-a-modernizacao-do-aeroporto-hewanorra-no-centro-das-prioridades","status":"publish","type":"post","link":"https:\/\/www.latitude-15.com\/pt-br\/orcamento-de-santa-lucia-mantem-a-modernizacao-do-aeroporto-hewanorra-no-centro-das-prioridades\/","title":{"rendered":"Or\u00e7amento de Santa L\u00facia mant\u00e9m a moderniza\u00e7\u00e3o do aeroporto Hewanorra no centro das prioridades"},"content":{"rendered":"\n<p>O or\u00e7amento nacional 2026\u20132027 de Santa L\u00facia confirma a continuidade do foco do governo em investimentos estrat\u00e9gicos em infraestrutura, incluindo a moderniza\u00e7\u00e3o do Hewanorra International Airport, um projeto considerado essencial para fortalecer a conectividade a\u00e9rea da ilha e apoiar a expans\u00e3o do seu setor tur\u00edstico.<\/p>\n\n<p>Apresentado pelo Primeiro-Ministro e Ministro das Finan\u00e7as Philip J. Pierre, o or\u00e7amento define uma estrat\u00e9gia de desenvolvimento baseada na moderniza\u00e7\u00e3o da infraestrutura, na resili\u00eancia econ\u00f4mica e no crescimento sustentado do turismo, com a infraestrutura aeroportu\u00e1ria desempenhando um papel central no planejamento econ\u00f4mico de longo prazo do pa\u00eds.<\/p>\n\n<h2 class=\"wp-block-heading\">Moderniza\u00e7\u00e3o do Hewanorra International Airport continua sendo prioridade<\/h2>\n\n<p>A requalifica\u00e7\u00e3o do Hewanorra International Airport, principal porta de entrada internacional de Santa L\u00facia, permanece como um dos projetos emblem\u00e1ticos destacados na agenda de desenvolvimento do governo.<\/p>\n\n<p>Localizado no sul da ilha, pr\u00f3ximo a Vieux Fort, o aeroporto concentra a maior parte das chegadas de voos de longo curso provenientes da Am\u00e9rica do Norte e da Europa, tornando-se um ativo estrat\u00e9gico para a economia de Santa L\u00facia, fortemente baseada no turismo. O programa de moderniza\u00e7\u00e3o pretende atualizar a infraestrutura aeroportu\u00e1ria e garantir que as instala\u00e7\u00f5es possam acompanhar o crescimento futuro do tr\u00e1fego de passageiros \u00e0 medida que a demanda tur\u00edstica continua a aumentar. <\/p>\n\n<p>A melhoria da capacidade operacional e das instala\u00e7\u00f5es para passageiros dever\u00e1 refor\u00e7ar a competitividade de Santa L\u00facia entre os destinos do Caribe, al\u00e9m de ajudar a atrair novas rotas a\u00e9reas e manter uma forte conectividade internacional.<\/p>\n\n<h2 class=\"wp-block-heading\">Um or\u00e7amento de XCD 2,19 bilh\u00f5es para 2026\u20132027<\/h2>\n\n<p>O or\u00e7amento proposto pelo governo para o exerc\u00edcio fiscal 2026\u20132027 totaliza aproximadamente XCD 2,19 bilh\u00f5es, representando um aumento de 6,4% em rela\u00e7\u00e3o ao ano fiscal anterior.<\/p>\n\n<p>Dentro da estrutura proposta, as despesas correntes est\u00e3o estimadas em XCD 1,75 bilh\u00e3o, enquanto os investimentos de capital dever\u00e3o alcan\u00e7ar XCD 298,6 milh\u00f5es, refletindo o compromisso cont\u00ednuo do governo com projetos de desenvolvimento e investimentos em infraestrutura.<\/p>\n\n<p>O plano fiscal tamb\u00e9m prev\u00ea receitas totais e subven\u00e7\u00f5es de XCD 1,83 bilh\u00e3o, com um d\u00e9ficit global estimado em XCD 212,4 milh\u00f5es, equivalente a cerca de 2,8% do PIB.<\/p>\n\n<h2 class=\"wp-block-heading\">Investimentos em infraestrutura para sustentar o crescimento econ\u00f4mico<\/h2>\n\n<p>O desenvolvimento de infraestrutura permanece um dos pilares centrais da estrat\u00e9gia econ\u00f4mica do governo. Al\u00e9m da moderniza\u00e7\u00e3o do aeroporto, o or\u00e7amento mant\u00e9m recursos para projetos em diversos setores, incluindo infraestrutura de transporte, energia renov\u00e1vel, sistemas de abastecimento de \u00e1gua e instala\u00e7\u00f5es de sa\u00fade. <\/p>\n\n<p>Esses investimentos t\u00eam como objetivo melhorar a produtividade nacional, fortalecer a resili\u00eancia econ\u00f4mica e apoiar o crescimento de longo prazo em setores-chave como o turismo, que continua sendo a principal base da economia de Santa L\u00facia.<\/p>\n\n<p>O governo tamb\u00e9m planeja continuar modernizando a rede rodovi\u00e1ria, a infraestrutura energ\u00e9tica e os servi\u00e7os p\u00fablicos, ao mesmo tempo em que avan\u00e7a em iniciativas voltadas para melhorar o ambiente de neg\u00f3cios no pa\u00eds.<\/p>\n\n<h2 class=\"wp-block-heading\">Perspectivas para o turismo e a conectividade a\u00e9rea<\/h2>\n\n<p>Espera-se que o turismo continue sendo o principal motor do crescimento econ\u00f4mico. O governo prev\u00ea uma nova expans\u00e3o do setor, incluindo a abertura de mais de 500 novos quartos de hotel at\u00e9 2027, o que dever\u00e1 gerar maior demanda por servi\u00e7os a\u00e9reos internacionais. <\/p>\n\n<p>\u00c0 medida que o n\u00famero de visitantes cresce, os investimentos em infraestrutura aeroportu\u00e1ria \u2014 especialmente no Hewanorra International Airport \u2014 dever\u00e3o desempenhar um papel fundamental para garantir que Santa L\u00facia possa acomodar o aumento do tr\u00e1fego de passageiros mantendo uma conectividade global eficiente.<\/p>\n\n<h2 class=\"wp-block-heading\">Disciplina fiscal diante de um cen\u00e1rio global incerto<\/h2>\n\n<p>Apesar de manter uma perspectiva positiva para o crescimento, o governo reconhece que pequenas economias insulares continuam expostas a riscos globais, incluindo tens\u00f5es geopol\u00edticas e volatilidade nos pre\u00e7os da energia.<\/p>\n\n<p>As autoridades afirmam que o or\u00e7amento 2026\u20132027 busca equilibrar os investimentos em infraestrutura com uma gest\u00e3o fiscal prudente, garantindo que os projetos de desenvolvimento avancem sem comprometer a estabilidade financeira do pa\u00eds.<\/p>\n\n<hr class=\"wp-block-separator has-alpha-channel-opacity\"\/>\n\n<h3 class=\"wp-block-heading has-text-align-left\">Saiba mais<\/h3>\n\n<p>As Estimativas de Receita e Despesa de Santa L\u00facia para 2026\u20132027 foram apresentadas no Parlamento em mar\u00e7o de 2026 pelo Primeiro-Ministro e Ministro das Finan\u00e7as Philip J. Pierre. O or\u00e7amento define as prioridades do governo em mat\u00e9ria de desenvolvimento de infraestrutura, crescimento do turismo e resili\u00eancia econ\u00f4mica, com detalhes adicionais de pol\u00edticas p\u00fablicas esperados durante o pr\u00f3ximo debate parlamentar sobre o or\u00e7amento. <\/p>\n","protected":false},"excerpt":{"rendered":"<p>O or\u00e7amento nacional 2026\u20132027 de Santa L\u00facia confirma a continuidade do foco do governo em investimentos estrat\u00e9gicos em infraestrutura, incluindo a moderniza\u00e7\u00e3o do Hewanorra International Airport, um projeto considerado essencial para fortalecer a conectividade a\u00e9rea da ilha e apoiar a expans\u00e3o do seu setor tur\u00edstico. Apresentado pelo Primeiro-Ministro e Ministro das Finan\u00e7as Philip J. Pierre, [&hellip;]<\/p>\n","protected":false},"author":5,"featured_media":22376,"comment_status":"open","ping_status":"closed","sticky":false,"template":"","format":"standard","meta":{"footnotes":""},"categories":[104,98],"tags":[],"class_list":["post-22377","post","type-post","status-publish","format-standard","has-post-thumbnail","hentry","category-aeroportos-e-infraestrutura","category-aviacao"],"yoast_head":"<!-- This site is optimized with the Yoast SEO plugin v26.9 - https:\/\/yoast.com\/product\/yoast-seo-wordpress\/ -->\n<title>Or\u00e7amento de Santa L\u00facia mant\u00e9m a moderniza\u00e7\u00e3o do aeroporto Hewanorra no centro das prioridades - LATITUDE 15<\/title>\n<meta name=\"description\" content=\"O or\u00e7amento de 2026\u20132027 de Santa L\u00facia prioriza investimentos em infraestrutura, incluindo a requalifica\u00e7\u00e3o do Aeroporto Internacional de Hewanorra\" \/>\n<meta name=\"robots\" content=\"index, follow, max-snippet:-1, max-image-preview:large, max-video-preview:-1\" \/>\n<link rel=\"canonical\" href=\"https:\/\/www.latitude-15.com\/pt-br\/orcamento-de-santa-lucia-mantem-a-modernizacao-do-aeroporto-hewanorra-no-centro-das-prioridades\/\" \/>\n<meta property=\"og:locale\" content=\"pt_BR\" \/>\n<meta property=\"og:type\" content=\"article\" \/>\n<meta property=\"og:title\" content=\"Or\u00e7amento de Santa L\u00facia mant\u00e9m a moderniza\u00e7\u00e3o do aeroporto Hewanorra no centro das prioridades - LATITUDE 15\" \/>\n<meta property=\"og:description\" content=\"O or\u00e7amento de 2026\u20132027 de Santa L\u00facia prioriza investimentos em infraestrutura, incluindo a requalifica\u00e7\u00e3o do Aeroporto Internacional de Hewanorra\" \/>\n<meta property=\"og:url\" content=\"https:\/\/www.latitude-15.com\/pt-br\/orcamento-de-santa-lucia-mantem-a-modernizacao-do-aeroporto-hewanorra-no-centro-das-prioridades\/\" \/>\n<meta property=\"og:site_name\" content=\"LATITUDE 15\" \/>\n<meta property=\"article:published_time\" content=\"2026-04-03T18:09:16+00:00\" \/>\n<meta property=\"article:modified_time\" content=\"2026-04-03T19:08:29+00:00\" \/>\n<meta property=\"og:image\" content=\"https:\/\/www.latitude-15.com\/wp-content\/uploads\/2026\/04\/Hewanorra_International_Airport_-_panoramio.jpg\" \/>\n\t<meta property=\"og:image:width\" content=\"2000\" \/>\n\t<meta property=\"og:image:height\" content=\"1328\" \/>\n\t<meta property=\"og:image:type\" content=\"image\/jpeg\" \/>\n<meta name=\"author\" content=\"Joda J\" \/>\n<meta name=\"twitter:card\" content=\"summary_large_image\" \/>\n<meta name=\"twitter:label1\" content=\"Escrito por\" \/>\n\t<meta name=\"twitter:data1\" content=\"Joda J\" \/>\n\t<meta name=\"twitter:label2\" content=\"Est. tempo de leitura\" \/>\n\t<meta name=\"twitter:data2\" content=\"4 minutos\" \/>\n<script type=\"application\/ld+json\" class=\"yoast-schema-graph\">{\"@context\":\"https:\/\/schema.org\",\"@graph\":[{\"@type\":\"Article\",\"@id\":\"https:\/\/www.latitude-15.com\/pt-br\/orcamento-de-santa-lucia-mantem-a-modernizacao-do-aeroporto-hewanorra-no-centro-das-prioridades\/#article\",\"isPartOf\":{\"@id\":\"https:\/\/www.latitude-15.com\/pt-br\/orcamento-de-santa-lucia-mantem-a-modernizacao-do-aeroporto-hewanorra-no-centro-das-prioridades\/\"},\"author\":{\"name\":\"Joda J\",\"@id\":\"https:\/\/www.latitude-15.com\/pt-br\/#\/schema\/person\/dac52e7ff44c78317f337da112e37252\"},\"headline\":\"Or\u00e7amento de Santa L\u00facia mant\u00e9m a moderniza\u00e7\u00e3o do aeroporto Hewanorra no centro das prioridades\",\"datePublished\":\"2026-04-03T18:09:16+00:00\",\"dateModified\":\"2026-04-03T19:08:29+00:00\",\"mainEntityOfPage\":{\"@id\":\"https:\/\/www.latitude-15.com\/pt-br\/orcamento-de-santa-lucia-mantem-a-modernizacao-do-aeroporto-hewanorra-no-centro-das-prioridades\/\"},\"wordCount\":786,\"commentCount\":0,\"publisher\":{\"@id\":\"https:\/\/www.latitude-15.com\/pt-br\/#organization\"},\"image\":{\"@id\":\"https:\/\/www.latitude-15.com\/pt-br\/orcamento-de-santa-lucia-mantem-a-modernizacao-do-aeroporto-hewanorra-no-centro-das-prioridades\/#primaryimage\"},\"thumbnailUrl\":\"https:\/\/www.latitude-15.com\/wp-content\/uploads\/2026\/04\/Hewanorra_International_Airport_-_panoramio.jpg\",\"articleSection\":[\"Aeroportos e infraestrutura\",\"AVIA\u00c7\u00c3O\"],\"inLanguage\":\"pt-BR\",\"potentialAction\":[{\"@type\":\"CommentAction\",\"name\":\"Comment\",\"target\":[\"https:\/\/www.latitude-15.com\/pt-br\/orcamento-de-santa-lucia-mantem-a-modernizacao-do-aeroporto-hewanorra-no-centro-das-prioridades\/#respond\"]}]},{\"@type\":\"WebPage\",\"@id\":\"https:\/\/www.latitude-15.com\/pt-br\/orcamento-de-santa-lucia-mantem-a-modernizacao-do-aeroporto-hewanorra-no-centro-das-prioridades\/\",\"url\":\"https:\/\/www.latitude-15.com\/pt-br\/orcamento-de-santa-lucia-mantem-a-modernizacao-do-aeroporto-hewanorra-no-centro-das-prioridades\/\",\"name\":\"Or\u00e7amento de Santa L\u00facia mant\u00e9m a moderniza\u00e7\u00e3o do aeroporto Hewanorra no centro das prioridades - LATITUDE 15\",\"isPartOf\":{\"@id\":\"https:\/\/www.latitude-15.com\/pt-br\/#website\"},\"primaryImageOfPage\":{\"@id\":\"https:\/\/www.latitude-15.com\/pt-br\/orcamento-de-santa-lucia-mantem-a-modernizacao-do-aeroporto-hewanorra-no-centro-das-prioridades\/#primaryimage\"},\"image\":{\"@id\":\"https:\/\/www.latitude-15.com\/pt-br\/orcamento-de-santa-lucia-mantem-a-modernizacao-do-aeroporto-hewanorra-no-centro-das-prioridades\/#primaryimage\"},\"thumbnailUrl\":\"https:\/\/www.latitude-15.com\/wp-content\/uploads\/2026\/04\/Hewanorra_International_Airport_-_panoramio.jpg\",\"datePublished\":\"2026-04-03T18:09:16+00:00\",\"dateModified\":\"2026-04-03T19:08:29+00:00\",\"description\":\"O or\u00e7amento de 2026\u20132027 de Santa L\u00facia prioriza investimentos em infraestrutura, incluindo a requalifica\u00e7\u00e3o do Aeroporto Internacional de Hewanorra\",\"breadcrumb\":{\"@id\":\"https:\/\/www.latitude-15.com\/pt-br\/orcamento-de-santa-lucia-mantem-a-modernizacao-do-aeroporto-hewanorra-no-centro-das-prioridades\/#breadcrumb\"},\"inLanguage\":\"pt-BR\",\"potentialAction\":[{\"@type\":\"ReadAction\",\"target\":[\"https:\/\/www.latitude-15.com\/pt-br\/orcamento-de-santa-lucia-mantem-a-modernizacao-do-aeroporto-hewanorra-no-centro-das-prioridades\/\"]}]},{\"@type\":\"ImageObject\",\"inLanguage\":\"pt-BR\",\"@id\":\"https:\/\/www.latitude-15.com\/pt-br\/orcamento-de-santa-lucia-mantem-a-modernizacao-do-aeroporto-hewanorra-no-centro-das-prioridades\/#primaryimage\",\"url\":\"https:\/\/www.latitude-15.com\/wp-content\/uploads\/2026\/04\/Hewanorra_International_Airport_-_panoramio.jpg\",\"contentUrl\":\"https:\/\/www.latitude-15.com\/wp-content\/uploads\/2026\/04\/Hewanorra_International_Airport_-_panoramio.jpg\",\"width\":2000,\"height\":1328},{\"@type\":\"BreadcrumbList\",\"@id\":\"https:\/\/www.latitude-15.com\/pt-br\/orcamento-de-santa-lucia-mantem-a-modernizacao-do-aeroporto-hewanorra-no-centro-das-prioridades\/#breadcrumb\",\"itemListElement\":[{\"@type\":\"ListItem\",\"position\":1,\"name\":\"Home\",\"item\":\"https:\/\/www.latitude-15.com\/pt-br\/inicio\/\"},{\"@type\":\"ListItem\",\"position\":2,\"name\":\"Or\u00e7amento de Santa L\u00facia mant\u00e9m a moderniza\u00e7\u00e3o do aeroporto Hewanorra no centro das prioridades\"}]},{\"@type\":\"WebSite\",\"@id\":\"https:\/\/www.latitude-15.com\/pt-br\/#website\",\"url\":\"https:\/\/www.latitude-15.com\/pt-br\/\",\"name\":\"LATITUDE 15\",\"description\":\"Aviation and maritime Magazine - Caribbean &amp; Latin America\",\"publisher\":{\"@id\":\"https:\/\/www.latitude-15.com\/pt-br\/#organization\"},\"potentialAction\":[{\"@type\":\"SearchAction\",\"target\":{\"@type\":\"EntryPoint\",\"urlTemplate\":\"https:\/\/www.latitude-15.com\/pt-br\/?s={search_term_string}\"},\"query-input\":{\"@type\":\"PropertyValueSpecification\",\"valueRequired\":true,\"valueName\":\"search_term_string\"}}],\"inLanguage\":\"pt-BR\"},{\"@type\":\"Organization\",\"@id\":\"https:\/\/www.latitude-15.com\/pt-br\/#organization\",\"name\":\"LATITUDE 15\",\"url\":\"https:\/\/www.latitude-15.com\/pt-br\/\",\"logo\":{\"@type\":\"ImageObject\",\"inLanguage\":\"pt-BR\",\"@id\":\"https:\/\/www.latitude-15.com\/pt-br\/#\/schema\/logo\/image\/\",\"url\":\"https:\/\/www.latitude-15.com\/wp-content\/uploads\/2026\/01\/cropped-logox500px.png\",\"contentUrl\":\"https:\/\/www.latitude-15.com\/wp-content\/uploads\/2026\/01\/cropped-logox500px.png\",\"width\":62,\"height\":75,\"caption\":\"LATITUDE 15\"},\"image\":{\"@id\":\"https:\/\/www.latitude-15.com\/pt-br\/#\/schema\/logo\/image\/\"}},{\"@type\":\"Person\",\"@id\":\"https:\/\/www.latitude-15.com\/pt-br\/#\/schema\/person\/dac52e7ff44c78317f337da112e37252\",\"name\":\"Joda J\",\"image\":{\"@type\":\"ImageObject\",\"inLanguage\":\"pt-BR\",\"@id\":\"https:\/\/www.latitude-15.com\/pt-br\/#\/schema\/person\/image\/\",\"url\":\"https:\/\/secure.gravatar.com\/avatar\/6b1feae555e15404b76616f92d931d12b25ac58024f14ccb43d9d3c012e4c4cf?s=96&d=mm&r=g\",\"contentUrl\":\"https:\/\/secure.gravatar.com\/avatar\/6b1feae555e15404b76616f92d931d12b25ac58024f14ccb43d9d3c012e4c4cf?s=96&d=mm&r=g\",\"caption\":\"Joda J\"},\"url\":\"https:\/\/www.latitude-15.com\/pt-br\/author\/joda\/\"}]}<\/script>\n<!-- \/ Yoast SEO plugin. -->","yoast_head_json":{"title":"Or\u00e7amento de Santa L\u00facia mant\u00e9m a moderniza\u00e7\u00e3o do aeroporto Hewanorra no centro das prioridades - LATITUDE 15","description":"O or\u00e7amento de 2026\u20132027 de Santa L\u00facia prioriza investimentos em infraestrutura, incluindo a requalifica\u00e7\u00e3o do Aeroporto Internacional de Hewanorra","robots":{"index":"index","follow":"follow","max-snippet":"max-snippet:-1","max-image-preview":"max-image-preview:large","max-video-preview":"max-video-preview:-1"},"canonical":"https:\/\/www.latitude-15.com\/pt-br\/orcamento-de-santa-lucia-mantem-a-modernizacao-do-aeroporto-hewanorra-no-centro-das-prioridades\/","og_locale":"pt_BR","og_type":"article","og_title":"Or\u00e7amento de Santa L\u00facia mant\u00e9m a moderniza\u00e7\u00e3o do aeroporto Hewanorra no centro das prioridades - LATITUDE 15","og_description":"O or\u00e7amento de 2026\u20132027 de Santa L\u00facia prioriza investimentos em infraestrutura, incluindo a requalifica\u00e7\u00e3o do Aeroporto Internacional de Hewanorra","og_url":"https:\/\/www.latitude-15.com\/pt-br\/orcamento-de-santa-lucia-mantem-a-modernizacao-do-aeroporto-hewanorra-no-centro-das-prioridades\/","og_site_name":"LATITUDE 15","article_published_time":"2026-04-03T18:09:16+00:00","article_modified_time":"2026-04-03T19:08:29+00:00","og_image":[{"width":2000,"height":1328,"url":"https:\/\/www.latitude-15.com\/wp-content\/uploads\/2026\/04\/Hewanorra_International_Airport_-_panoramio.jpg","type":"image\/jpeg"}],"author":"Joda J","twitter_card":"summary_large_image","twitter_misc":{"Escrito por":"Joda J","Est. tempo de leitura":"4 minutos"},"schema":{"@context":"https:\/\/schema.org","@graph":[{"@type":"Article","@id":"https:\/\/www.latitude-15.com\/pt-br\/orcamento-de-santa-lucia-mantem-a-modernizacao-do-aeroporto-hewanorra-no-centro-das-prioridades\/#article","isPartOf":{"@id":"https:\/\/www.latitude-15.com\/pt-br\/orcamento-de-santa-lucia-mantem-a-modernizacao-do-aeroporto-hewanorra-no-centro-das-prioridades\/"},"author":{"name":"Joda J","@id":"https:\/\/www.latitude-15.com\/pt-br\/#\/schema\/person\/dac52e7ff44c78317f337da112e37252"},"headline":"Or\u00e7amento de Santa L\u00facia mant\u00e9m a moderniza\u00e7\u00e3o do aeroporto Hewanorra no centro das prioridades","datePublished":"2026-04-03T18:09:16+00:00","dateModified":"2026-04-03T19:08:29+00:00","mainEntityOfPage":{"@id":"https:\/\/www.latitude-15.com\/pt-br\/orcamento-de-santa-lucia-mantem-a-modernizacao-do-aeroporto-hewanorra-no-centro-das-prioridades\/"},"wordCount":786,"commentCount":0,"publisher":{"@id":"https:\/\/www.latitude-15.com\/pt-br\/#organization"},"image":{"@id":"https:\/\/www.latitude-15.com\/pt-br\/orcamento-de-santa-lucia-mantem-a-modernizacao-do-aeroporto-hewanorra-no-centro-das-prioridades\/#primaryimage"},"thumbnailUrl":"https:\/\/www.latitude-15.com\/wp-content\/uploads\/2026\/04\/Hewanorra_International_Airport_-_panoramio.jpg","articleSection":["Aeroportos e infraestrutura","AVIA\u00c7\u00c3O"],"inLanguage":"pt-BR","potentialAction":[{"@type":"CommentAction","name":"Comment","target":["https:\/\/www.latitude-15.com\/pt-br\/orcamento-de-santa-lucia-mantem-a-modernizacao-do-aeroporto-hewanorra-no-centro-das-prioridades\/#respond"]}]},{"@type":"WebPage","@id":"https:\/\/www.latitude-15.com\/pt-br\/orcamento-de-santa-lucia-mantem-a-modernizacao-do-aeroporto-hewanorra-no-centro-das-prioridades\/","url":"https:\/\/www.latitude-15.com\/pt-br\/orcamento-de-santa-lucia-mantem-a-modernizacao-do-aeroporto-hewanorra-no-centro-das-prioridades\/","name":"Or\u00e7amento de Santa L\u00facia mant\u00e9m a moderniza\u00e7\u00e3o do aeroporto Hewanorra no centro das prioridades - LATITUDE 15","isPartOf":{"@id":"https:\/\/www.latitude-15.com\/pt-br\/#website"},"primaryImageOfPage":{"@id":"https:\/\/www.latitude-15.com\/pt-br\/orcamento-de-santa-lucia-mantem-a-modernizacao-do-aeroporto-hewanorra-no-centro-das-prioridades\/#primaryimage"},"image":{"@id":"https:\/\/www.latitude-15.com\/pt-br\/orcamento-de-santa-lucia-mantem-a-modernizacao-do-aeroporto-hewanorra-no-centro-das-prioridades\/#primaryimage"},"thumbnailUrl":"https:\/\/www.latitude-15.com\/wp-content\/uploads\/2026\/04\/Hewanorra_International_Airport_-_panoramio.jpg","datePublished":"2026-04-03T18:09:16+00:00","dateModified":"2026-04-03T19:08:29+00:00","description":"O or\u00e7amento de 2026\u20132027 de Santa L\u00facia prioriza investimentos em infraestrutura, incluindo a requalifica\u00e7\u00e3o do Aeroporto Internacional de Hewanorra","breadcrumb":{"@id":"https:\/\/www.latitude-15.com\/pt-br\/orcamento-de-santa-lucia-mantem-a-modernizacao-do-aeroporto-hewanorra-no-centro-das-prioridades\/#breadcrumb"},"inLanguage":"pt-BR","potentialAction":[{"@type":"ReadAction","target":["https:\/\/www.latitude-15.com\/pt-br\/orcamento-de-santa-lucia-mantem-a-modernizacao-do-aeroporto-hewanorra-no-centro-das-prioridades\/"]}]},{"@type":"ImageObject","inLanguage":"pt-BR","@id":"https:\/\/www.latitude-15.com\/pt-br\/orcamento-de-santa-lucia-mantem-a-modernizacao-do-aeroporto-hewanorra-no-centro-das-prioridades\/#primaryimage","url":"https:\/\/www.latitude-15.com\/wp-content\/uploads\/2026\/04\/Hewanorra_International_Airport_-_panoramio.jpg","contentUrl":"https:\/\/www.latitude-15.com\/wp-content\/uploads\/2026\/04\/Hewanorra_International_Airport_-_panoramio.jpg","width":2000,"height":1328},{"@type":"BreadcrumbList","@id":"https:\/\/www.latitude-15.com\/pt-br\/orcamento-de-santa-lucia-mantem-a-modernizacao-do-aeroporto-hewanorra-no-centro-das-prioridades\/#breadcrumb","itemListElement":[{"@type":"ListItem","position":1,"name":"Home","item":"https:\/\/www.latitude-15.com\/pt-br\/inicio\/"},{"@type":"ListItem","position":2,"name":"Or\u00e7amento de Santa L\u00facia mant\u00e9m a moderniza\u00e7\u00e3o do aeroporto Hewanorra no centro das prioridades"}]},{"@type":"WebSite","@id":"https:\/\/www.latitude-15.com\/pt-br\/#website","url":"https:\/\/www.latitude-15.com\/pt-br\/","name":"LATITUDE 15","description":"Aviation and maritime Magazine - Caribbean &amp; Latin America","publisher":{"@id":"https:\/\/www.latitude-15.com\/pt-br\/#organization"},"potentialAction":[{"@type":"SearchAction","target":{"@type":"EntryPoint","urlTemplate":"https:\/\/www.latitude-15.com\/pt-br\/?s={search_term_string}"},"query-input":{"@type":"PropertyValueSpecification","valueRequired":true,"valueName":"search_term_string"}}],"inLanguage":"pt-BR"},{"@type":"Organization","@id":"https:\/\/www.latitude-15.com\/pt-br\/#organization","name":"LATITUDE 15","url":"https:\/\/www.latitude-15.com\/pt-br\/","logo":{"@type":"ImageObject","inLanguage":"pt-BR","@id":"https:\/\/www.latitude-15.com\/pt-br\/#\/schema\/logo\/image\/","url":"https:\/\/www.latitude-15.com\/wp-content\/uploads\/2026\/01\/cropped-logox500px.png","contentUrl":"https:\/\/www.latitude-15.com\/wp-content\/uploads\/2026\/01\/cropped-logox500px.png","width":62,"height":75,"caption":"LATITUDE 15"},"image":{"@id":"https:\/\/www.latitude-15.com\/pt-br\/#\/schema\/logo\/image\/"}},{"@type":"Person","@id":"https:\/\/www.latitude-15.com\/pt-br\/#\/schema\/person\/dac52e7ff44c78317f337da112e37252","name":"Joda J","image":{"@type":"ImageObject","inLanguage":"pt-BR","@id":"https:\/\/www.latitude-15.com\/pt-br\/#\/schema\/person\/image\/","url":"https:\/\/secure.gravatar.com\/avatar\/6b1feae555e15404b76616f92d931d12b25ac58024f14ccb43d9d3c012e4c4cf?s=96&d=mm&r=g","contentUrl":"https:\/\/secure.gravatar.com\/avatar\/6b1feae555e15404b76616f92d931d12b25ac58024f14ccb43d9d3c012e4c4cf?s=96&d=mm&r=g","caption":"Joda J"},"url":"https:\/\/www.latitude-15.com\/pt-br\/author\/joda\/"}]}},"_links":{"self":[{"href":"https:\/\/www.latitude-15.com\/pt-br\/wp-json\/wp\/v2\/posts\/22377","targetHints":{"allow":["GET"]}}],"collection":[{"href":"https:\/\/www.latitude-15.com\/pt-br\/wp-json\/wp\/v2\/posts"}],"about":[{"href":"https:\/\/www.latitude-15.com\/pt-br\/wp-json\/wp\/v2\/types\/post"}],"author":[{"embeddable":true,"href":"https:\/\/www.latitude-15.com\/pt-br\/wp-json\/wp\/v2\/users\/5"}],"replies":[{"embeddable":true,"href":"https:\/\/www.latitude-15.com\/pt-br\/wp-json\/wp\/v2\/comments?post=22377"}],"version-history":[{"count":1,"href":"https:\/\/www.latitude-15.com\/pt-br\/wp-json\/wp\/v2\/posts\/22377\/revisions"}],"predecessor-version":[{"id":22378,"href":"https:\/\/www.latitude-15.com\/pt-br\/wp-json\/wp\/v2\/posts\/22377\/revisions\/22378"}],"wp:featuredmedia":[{"embeddable":true,"href":"https:\/\/www.latitude-15.com\/pt-br\/wp-json\/wp\/v2\/media\/22376"}],"wp:attachment":[{"href":"https:\/\/www.latitude-15.com\/pt-br\/wp-json\/wp\/v2\/media?parent=22377"}],"wp:term":[{"taxonomy":"category","embeddable":true,"href":"https:\/\/www.latitude-15.com\/pt-br\/wp-json\/wp\/v2\/categories?post=22377"},{"taxonomy":"post_tag","embeddable":true,"href":"https:\/\/www.latitude-15.com\/pt-br\/wp-json\/wp\/v2\/tags?post=22377"}],"curies":[{"name":"wp","href":"https:\/\/api.w.org\/{rel}","templated":true}]}}