{"id":22324,"date":"2026-04-01T09:09:15","date_gmt":"2026-04-01T13:09:15","guid":{"rendered":"https:\/\/www.latitude-15.com\/trafego-aereo-de-passageiros-na-america-latina-e-no-caribe-cresce-5-em-2025-aponta-aci-lac\/"},"modified":"2026-04-13T09:34:35","modified_gmt":"2026-04-13T13:34:35","slug":"trafego-aereo-de-passageiros-na-america-latina-e-no-caribe-cresce-5-em-2025-aponta-aci-lac","status":"publish","type":"post","link":"https:\/\/www.latitude-15.com\/pt-br\/trafego-aereo-de-passageiros-na-america-latina-e-no-caribe-cresce-5-em-2025-aponta-aci-lac\/","title":{"rendered":"O tr\u00e1fego a\u00e9reo de passageiros na Am\u00e9rica Latina e no Caribe cresce 5% em 2025, aponta ACI-LAC"},"content":{"rendered":"\n<p>O tr\u00e1fego a\u00e9reo de passageiros na Am\u00e9rica Latina e no Caribe continuou sua trajet\u00f3ria de crescimento em 2025, registrando uma alta de 5% em rela\u00e7\u00e3o ao ano anterior, segundo dados preliminares compilados pelo Airports Council International Latin America and the Caribbean (ACI-LAC). As informa\u00e7\u00f5es, baseadas em dados provenientes de diversas fontes oficiais, indicam uma demanda sustentada por viagens a\u00e9reas na regi\u00e3o, mesmo diante de um cen\u00e1rio global desafiador. <\/p>\n\n<p>A Argentina apresentou o crescimento relativo mais forte entre os mercados da regi\u00e3o, com um aumento de 12,7% no tr\u00e1fego de passageiros. A expans\u00e3o foi impulsionada tanto pelo tr\u00e1fego dom\u00e9stico quanto pelo internacional, evidenciando uma forte recupera\u00e7\u00e3o da conectividade a\u00e9rea no pa\u00eds. <\/p>\n\n<p>O Brasil, maior mercado de avia\u00e7\u00e3o da Am\u00e9rica Latina, tamb\u00e9m registrou resultados robustos. O pa\u00eds movimentou 234,8 milh\u00f5es de passageiros em 2025, representando um crescimento de 9,1% em compara\u00e7\u00e3o com o ano anterior. O tr\u00e1fego internacional foi o principal motor dessa expans\u00e3o, com um aumento de 14%, o que representou cerca de 3,5 milh\u00f5es de passageiros adicionais. Esses n\u00fameros refor\u00e7am o papel central do Brasil na conectividade a\u00e9rea da regi\u00e3o.   <\/p>\n\n<p>No Caribe, o crescimento do tr\u00e1fego foi mais moderado, com um aumento geral de 1%. A Rep\u00fablica Dominicana manteve sua posi\u00e7\u00e3o como o principal mercado de avia\u00e7\u00e3o da regi\u00e3o, movimentando 19,4 milh\u00f5es de passageiros, um crescimento de 4,6% em rela\u00e7\u00e3o ao ano anterior. Cura\u00e7ao destacou-se com um crescimento particularmente expressivo de 17%. Em contraste, a Jamaica registrou uma queda de 7,9% no tr\u00e1fego de passageiros, refletindo as interrup\u00e7\u00f5es operacionais e tur\u00edsticas causadas pelo furac\u00e3o Melissa.   <\/p>\n\n<p>Al\u00e9m da pr\u00f3pria regi\u00e3o, o Miami International Airport continuou desempenhando um papel fundamental na conex\u00e3o da Am\u00e9rica Latina e do Caribe com os mercados globais, encerrando o ano com 55,3 milh\u00f5es de passageiros.<\/p>\n\n<p>Comentando os resultados, Rafael Echevarne, Diretor-Geral do ACI-LAC, afirmou que o crescimento de 5% registrado em 2025 confirma a resili\u00eancia do setor de avia\u00e7\u00e3o na Am\u00e9rica Latina e no Caribe. Ele destacou o desempenho da Argentina, ressaltando o impacto da pol\u00edtica de open skies do pa\u00eds na dinamiza\u00e7\u00e3o do tr\u00e1fego a\u00e9reo, contribuindo para o aumento de 12,7% observado ao longo do ano. Ao mesmo tempo, enfatizou que os resultados do Brasil, especialmente a forte expans\u00e3o do tr\u00e1fego internacional, reafirmam a posi\u00e7\u00e3o do pa\u00eds como o maior mercado de avia\u00e7\u00e3o da regi\u00e3o e um dos principais motores da conectividade a\u00e9rea na Am\u00e9rica Latina.  <\/p>\n","protected":false},"excerpt":{"rendered":"<p>O tr\u00e1fego a\u00e9reo de passageiros na Am\u00e9rica Latina e no Caribe continuou sua trajet\u00f3ria de crescimento em 2025, registrando uma alta de 5% em rela\u00e7\u00e3o ao ano anterior, segundo dados preliminares compilados pelo Airports Council International Latin America and the Caribbean (ACI-LAC). As informa\u00e7\u00f5es, baseadas em dados provenientes de diversas fontes oficiais, indicam uma demanda [&hellip;]<\/p>\n","protected":false},"author":5,"featured_media":22602,"comment_status":"open","ping_status":"closed","sticky":false,"template":"","format":"standard","meta":{"footnotes":""},"categories":[98,101],"tags":[],"class_list":["post-22324","post","type-post","status-publish","format-standard","has-post-thumbnail","hentry","category-aviacao","category-conectividade-aerea-e-atratividade-territorial"],"yoast_head":"<!-- This site is optimized with the Yoast SEO plugin v26.9 - https:\/\/yoast.com\/product\/yoast-seo-wordpress\/ -->\n<title>O tr\u00e1fego a\u00e9reo de passageiros na Am\u00e9rica Latina e no Caribe cresce 5% em 2025, aponta ACI-LAC - LATITUDE 15<\/title>\n<meta name=\"description\" content=\"O tr\u00e1fego de passageiros a\u00e9reos na Am\u00e9rica Latina e no Caribe cresceu 5% em 2025, segundo a ACI-LAC. A Argentina registrou o crescimento mais r\u00e1pido.\" \/>\n<meta name=\"robots\" content=\"index, follow, max-snippet:-1, max-image-preview:large, max-video-preview:-1\" \/>\n<link rel=\"canonical\" href=\"https:\/\/www.latitude-15.com\/pt-br\/trafego-aereo-de-passageiros-na-america-latina-e-no-caribe-cresce-5-em-2025-aponta-aci-lac\/\" \/>\n<meta property=\"og:locale\" content=\"pt_BR\" \/>\n<meta property=\"og:type\" content=\"article\" \/>\n<meta property=\"og:title\" content=\"O tr\u00e1fego a\u00e9reo de passageiros na Am\u00e9rica Latina e no Caribe cresce 5% em 2025, aponta ACI-LAC - LATITUDE 15\" \/>\n<meta property=\"og:description\" content=\"O tr\u00e1fego de passageiros a\u00e9reos na Am\u00e9rica Latina e no Caribe cresceu 5% em 2025, segundo a ACI-LAC. A Argentina registrou o crescimento mais r\u00e1pido.\" \/>\n<meta property=\"og:url\" content=\"https:\/\/www.latitude-15.com\/pt-br\/trafego-aereo-de-passageiros-na-america-latina-e-no-caribe-cresce-5-em-2025-aponta-aci-lac\/\" \/>\n<meta property=\"og:site_name\" content=\"LATITUDE 15\" \/>\n<meta property=\"article:published_time\" content=\"2026-04-01T13:09:15+00:00\" \/>\n<meta property=\"article:modified_time\" content=\"2026-04-13T13:34:35+00:00\" \/>\n<meta property=\"og:image\" content=\"https:\/\/www.latitude-15.com\/wp-content\/uploads\/2026\/04\/ACI-LAC-TRAFFIC-ANALYSIS-1024x576.png\" \/>\n\t<meta property=\"og:image:width\" content=\"1024\" \/>\n\t<meta property=\"og:image:height\" content=\"576\" \/>\n\t<meta property=\"og:image:type\" content=\"image\/png\" \/>\n<meta name=\"author\" content=\"Joda J\" \/>\n<meta name=\"twitter:card\" content=\"summary_large_image\" \/>\n<meta name=\"twitter:label1\" content=\"Escrito por\" \/>\n\t<meta name=\"twitter:data1\" content=\"Joda J\" \/>\n\t<meta name=\"twitter:label2\" content=\"Est. tempo de leitura\" \/>\n\t<meta name=\"twitter:data2\" content=\"2 minutos\" \/>\n<script type=\"application\/ld+json\" class=\"yoast-schema-graph\">{\"@context\":\"https:\/\/schema.org\",\"@graph\":[{\"@type\":\"Article\",\"@id\":\"https:\/\/www.latitude-15.com\/pt-br\/trafego-aereo-de-passageiros-na-america-latina-e-no-caribe-cresce-5-em-2025-aponta-aci-lac\/#article\",\"isPartOf\":{\"@id\":\"https:\/\/www.latitude-15.com\/pt-br\/trafego-aereo-de-passageiros-na-america-latina-e-no-caribe-cresce-5-em-2025-aponta-aci-lac\/\"},\"author\":{\"name\":\"Joda J\",\"@id\":\"https:\/\/www.latitude-15.com\/pt-br\/#\/schema\/person\/dac52e7ff44c78317f337da112e37252\"},\"headline\":\"O tr\u00e1fego a\u00e9reo de passageiros na Am\u00e9rica Latina e no Caribe cresce 5% em 2025, aponta ACI-LAC\",\"datePublished\":\"2026-04-01T13:09:15+00:00\",\"dateModified\":\"2026-04-13T13:34:35+00:00\",\"mainEntityOfPage\":{\"@id\":\"https:\/\/www.latitude-15.com\/pt-br\/trafego-aereo-de-passageiros-na-america-latina-e-no-caribe-cresce-5-em-2025-aponta-aci-lac\/\"},\"wordCount\":455,\"commentCount\":0,\"publisher\":{\"@id\":\"https:\/\/www.latitude-15.com\/pt-br\/#organization\"},\"image\":{\"@id\":\"https:\/\/www.latitude-15.com\/pt-br\/trafego-aereo-de-passageiros-na-america-latina-e-no-caribe-cresce-5-em-2025-aponta-aci-lac\/#primaryimage\"},\"thumbnailUrl\":\"https:\/\/www.latitude-15.com\/wp-content\/uploads\/2026\/04\/ACI-LAC-TRAFFIC-ANALYSIS-scaled.png\",\"articleSection\":[\"AVIA\u00c7\u00c3O\",\"Conectividade a\u00e9rea e Atratividade territorial\"],\"inLanguage\":\"pt-BR\",\"potentialAction\":[{\"@type\":\"CommentAction\",\"name\":\"Comment\",\"target\":[\"https:\/\/www.latitude-15.com\/pt-br\/trafego-aereo-de-passageiros-na-america-latina-e-no-caribe-cresce-5-em-2025-aponta-aci-lac\/#respond\"]}]},{\"@type\":\"WebPage\",\"@id\":\"https:\/\/www.latitude-15.com\/pt-br\/trafego-aereo-de-passageiros-na-america-latina-e-no-caribe-cresce-5-em-2025-aponta-aci-lac\/\",\"url\":\"https:\/\/www.latitude-15.com\/pt-br\/trafego-aereo-de-passageiros-na-america-latina-e-no-caribe-cresce-5-em-2025-aponta-aci-lac\/\",\"name\":\"O tr\u00e1fego a\u00e9reo de passageiros na Am\u00e9rica Latina e no Caribe cresce 5% em 2025, aponta ACI-LAC - LATITUDE 15\",\"isPartOf\":{\"@id\":\"https:\/\/www.latitude-15.com\/pt-br\/#website\"},\"primaryImageOfPage\":{\"@id\":\"https:\/\/www.latitude-15.com\/pt-br\/trafego-aereo-de-passageiros-na-america-latina-e-no-caribe-cresce-5-em-2025-aponta-aci-lac\/#primaryimage\"},\"image\":{\"@id\":\"https:\/\/www.latitude-15.com\/pt-br\/trafego-aereo-de-passageiros-na-america-latina-e-no-caribe-cresce-5-em-2025-aponta-aci-lac\/#primaryimage\"},\"thumbnailUrl\":\"https:\/\/www.latitude-15.com\/wp-content\/uploads\/2026\/04\/ACI-LAC-TRAFFIC-ANALYSIS-scaled.png\",\"datePublished\":\"2026-04-01T13:09:15+00:00\",\"dateModified\":\"2026-04-13T13:34:35+00:00\",\"description\":\"O tr\u00e1fego de passageiros a\u00e9reos na Am\u00e9rica Latina e no Caribe cresceu 5% em 2025, segundo a ACI-LAC. A Argentina registrou o crescimento mais r\u00e1pido.\",\"breadcrumb\":{\"@id\":\"https:\/\/www.latitude-15.com\/pt-br\/trafego-aereo-de-passageiros-na-america-latina-e-no-caribe-cresce-5-em-2025-aponta-aci-lac\/#breadcrumb\"},\"inLanguage\":\"pt-BR\",\"potentialAction\":[{\"@type\":\"ReadAction\",\"target\":[\"https:\/\/www.latitude-15.com\/pt-br\/trafego-aereo-de-passageiros-na-america-latina-e-no-caribe-cresce-5-em-2025-aponta-aci-lac\/\"]}]},{\"@type\":\"ImageObject\",\"inLanguage\":\"pt-BR\",\"@id\":\"https:\/\/www.latitude-15.com\/pt-br\/trafego-aereo-de-passageiros-na-america-latina-e-no-caribe-cresce-5-em-2025-aponta-aci-lac\/#primaryimage\",\"url\":\"https:\/\/www.latitude-15.com\/wp-content\/uploads\/2026\/04\/ACI-LAC-TRAFFIC-ANALYSIS-scaled.png\",\"contentUrl\":\"https:\/\/www.latitude-15.com\/wp-content\/uploads\/2026\/04\/ACI-LAC-TRAFFIC-ANALYSIS-scaled.png\",\"width\":2560,\"height\":1440},{\"@type\":\"BreadcrumbList\",\"@id\":\"https:\/\/www.latitude-15.com\/pt-br\/trafego-aereo-de-passageiros-na-america-latina-e-no-caribe-cresce-5-em-2025-aponta-aci-lac\/#breadcrumb\",\"itemListElement\":[{\"@type\":\"ListItem\",\"position\":1,\"name\":\"Home\",\"item\":\"https:\/\/www.latitude-15.com\/pt-br\/inicio\/\"},{\"@type\":\"ListItem\",\"position\":2,\"name\":\"O tr\u00e1fego a\u00e9reo de passageiros na Am\u00e9rica Latina e no Caribe cresce 5% em 2025, aponta ACI-LAC\"}]},{\"@type\":\"WebSite\",\"@id\":\"https:\/\/www.latitude-15.com\/pt-br\/#website\",\"url\":\"https:\/\/www.latitude-15.com\/pt-br\/\",\"name\":\"LATITUDE 15\",\"description\":\"Aviation and maritime Magazine - Caribbean &amp; Latin America\",\"publisher\":{\"@id\":\"https:\/\/www.latitude-15.com\/pt-br\/#organization\"},\"potentialAction\":[{\"@type\":\"SearchAction\",\"target\":{\"@type\":\"EntryPoint\",\"urlTemplate\":\"https:\/\/www.latitude-15.com\/pt-br\/?s={search_term_string}\"},\"query-input\":{\"@type\":\"PropertyValueSpecification\",\"valueRequired\":true,\"valueName\":\"search_term_string\"}}],\"inLanguage\":\"pt-BR\"},{\"@type\":\"Organization\",\"@id\":\"https:\/\/www.latitude-15.com\/pt-br\/#organization\",\"name\":\"LATITUDE 15\",\"url\":\"https:\/\/www.latitude-15.com\/pt-br\/\",\"logo\":{\"@type\":\"ImageObject\",\"inLanguage\":\"pt-BR\",\"@id\":\"https:\/\/www.latitude-15.com\/pt-br\/#\/schema\/logo\/image\/\",\"url\":\"https:\/\/www.latitude-15.com\/wp-content\/uploads\/2026\/01\/cropped-logox500px.png\",\"contentUrl\":\"https:\/\/www.latitude-15.com\/wp-content\/uploads\/2026\/01\/cropped-logox500px.png\",\"width\":62,\"height\":75,\"caption\":\"LATITUDE 15\"},\"image\":{\"@id\":\"https:\/\/www.latitude-15.com\/pt-br\/#\/schema\/logo\/image\/\"}},{\"@type\":\"Person\",\"@id\":\"https:\/\/www.latitude-15.com\/pt-br\/#\/schema\/person\/dac52e7ff44c78317f337da112e37252\",\"name\":\"Joda J\",\"image\":{\"@type\":\"ImageObject\",\"inLanguage\":\"pt-BR\",\"@id\":\"https:\/\/www.latitude-15.com\/pt-br\/#\/schema\/person\/image\/\",\"url\":\"https:\/\/secure.gravatar.com\/avatar\/6b1feae555e15404b76616f92d931d12b25ac58024f14ccb43d9d3c012e4c4cf?s=96&d=mm&r=g\",\"contentUrl\":\"https:\/\/secure.gravatar.com\/avatar\/6b1feae555e15404b76616f92d931d12b25ac58024f14ccb43d9d3c012e4c4cf?s=96&d=mm&r=g\",\"caption\":\"Joda J\"},\"url\":\"https:\/\/www.latitude-15.com\/pt-br\/author\/joda\/\"}]}<\/script>\n<!-- \/ Yoast SEO plugin. -->","yoast_head_json":{"title":"O tr\u00e1fego a\u00e9reo de passageiros na Am\u00e9rica Latina e no Caribe cresce 5% em 2025, aponta ACI-LAC - LATITUDE 15","description":"O tr\u00e1fego de passageiros a\u00e9reos na Am\u00e9rica Latina e no Caribe cresceu 5% em 2025, segundo a ACI-LAC. A Argentina registrou o crescimento mais r\u00e1pido.","robots":{"index":"index","follow":"follow","max-snippet":"max-snippet:-1","max-image-preview":"max-image-preview:large","max-video-preview":"max-video-preview:-1"},"canonical":"https:\/\/www.latitude-15.com\/pt-br\/trafego-aereo-de-passageiros-na-america-latina-e-no-caribe-cresce-5-em-2025-aponta-aci-lac\/","og_locale":"pt_BR","og_type":"article","og_title":"O tr\u00e1fego a\u00e9reo de passageiros na Am\u00e9rica Latina e no Caribe cresce 5% em 2025, aponta ACI-LAC - LATITUDE 15","og_description":"O tr\u00e1fego de passageiros a\u00e9reos na Am\u00e9rica Latina e no Caribe cresceu 5% em 2025, segundo a ACI-LAC. A Argentina registrou o crescimento mais r\u00e1pido.","og_url":"https:\/\/www.latitude-15.com\/pt-br\/trafego-aereo-de-passageiros-na-america-latina-e-no-caribe-cresce-5-em-2025-aponta-aci-lac\/","og_site_name":"LATITUDE 15","article_published_time":"2026-04-01T13:09:15+00:00","article_modified_time":"2026-04-13T13:34:35+00:00","og_image":[{"width":1024,"height":576,"url":"https:\/\/www.latitude-15.com\/wp-content\/uploads\/2026\/04\/ACI-LAC-TRAFFIC-ANALYSIS-1024x576.png","type":"image\/png"}],"author":"Joda J","twitter_card":"summary_large_image","twitter_misc":{"Escrito por":"Joda J","Est. tempo de leitura":"2 minutos"},"schema":{"@context":"https:\/\/schema.org","@graph":[{"@type":"Article","@id":"https:\/\/www.latitude-15.com\/pt-br\/trafego-aereo-de-passageiros-na-america-latina-e-no-caribe-cresce-5-em-2025-aponta-aci-lac\/#article","isPartOf":{"@id":"https:\/\/www.latitude-15.com\/pt-br\/trafego-aereo-de-passageiros-na-america-latina-e-no-caribe-cresce-5-em-2025-aponta-aci-lac\/"},"author":{"name":"Joda J","@id":"https:\/\/www.latitude-15.com\/pt-br\/#\/schema\/person\/dac52e7ff44c78317f337da112e37252"},"headline":"O tr\u00e1fego a\u00e9reo de passageiros na Am\u00e9rica Latina e no Caribe cresce 5% em 2025, aponta ACI-LAC","datePublished":"2026-04-01T13:09:15+00:00","dateModified":"2026-04-13T13:34:35+00:00","mainEntityOfPage":{"@id":"https:\/\/www.latitude-15.com\/pt-br\/trafego-aereo-de-passageiros-na-america-latina-e-no-caribe-cresce-5-em-2025-aponta-aci-lac\/"},"wordCount":455,"commentCount":0,"publisher":{"@id":"https:\/\/www.latitude-15.com\/pt-br\/#organization"},"image":{"@id":"https:\/\/www.latitude-15.com\/pt-br\/trafego-aereo-de-passageiros-na-america-latina-e-no-caribe-cresce-5-em-2025-aponta-aci-lac\/#primaryimage"},"thumbnailUrl":"https:\/\/www.latitude-15.com\/wp-content\/uploads\/2026\/04\/ACI-LAC-TRAFFIC-ANALYSIS-scaled.png","articleSection":["AVIA\u00c7\u00c3O","Conectividade a\u00e9rea e Atratividade territorial"],"inLanguage":"pt-BR","potentialAction":[{"@type":"CommentAction","name":"Comment","target":["https:\/\/www.latitude-15.com\/pt-br\/trafego-aereo-de-passageiros-na-america-latina-e-no-caribe-cresce-5-em-2025-aponta-aci-lac\/#respond"]}]},{"@type":"WebPage","@id":"https:\/\/www.latitude-15.com\/pt-br\/trafego-aereo-de-passageiros-na-america-latina-e-no-caribe-cresce-5-em-2025-aponta-aci-lac\/","url":"https:\/\/www.latitude-15.com\/pt-br\/trafego-aereo-de-passageiros-na-america-latina-e-no-caribe-cresce-5-em-2025-aponta-aci-lac\/","name":"O tr\u00e1fego a\u00e9reo de passageiros na Am\u00e9rica Latina e no Caribe cresce 5% em 2025, aponta ACI-LAC - LATITUDE 15","isPartOf":{"@id":"https:\/\/www.latitude-15.com\/pt-br\/#website"},"primaryImageOfPage":{"@id":"https:\/\/www.latitude-15.com\/pt-br\/trafego-aereo-de-passageiros-na-america-latina-e-no-caribe-cresce-5-em-2025-aponta-aci-lac\/#primaryimage"},"image":{"@id":"https:\/\/www.latitude-15.com\/pt-br\/trafego-aereo-de-passageiros-na-america-latina-e-no-caribe-cresce-5-em-2025-aponta-aci-lac\/#primaryimage"},"thumbnailUrl":"https:\/\/www.latitude-15.com\/wp-content\/uploads\/2026\/04\/ACI-LAC-TRAFFIC-ANALYSIS-scaled.png","datePublished":"2026-04-01T13:09:15+00:00","dateModified":"2026-04-13T13:34:35+00:00","description":"O tr\u00e1fego de passageiros a\u00e9reos na Am\u00e9rica Latina e no Caribe cresceu 5% em 2025, segundo a ACI-LAC. A Argentina registrou o crescimento mais r\u00e1pido.","breadcrumb":{"@id":"https:\/\/www.latitude-15.com\/pt-br\/trafego-aereo-de-passageiros-na-america-latina-e-no-caribe-cresce-5-em-2025-aponta-aci-lac\/#breadcrumb"},"inLanguage":"pt-BR","potentialAction":[{"@type":"ReadAction","target":["https:\/\/www.latitude-15.com\/pt-br\/trafego-aereo-de-passageiros-na-america-latina-e-no-caribe-cresce-5-em-2025-aponta-aci-lac\/"]}]},{"@type":"ImageObject","inLanguage":"pt-BR","@id":"https:\/\/www.latitude-15.com\/pt-br\/trafego-aereo-de-passageiros-na-america-latina-e-no-caribe-cresce-5-em-2025-aponta-aci-lac\/#primaryimage","url":"https:\/\/www.latitude-15.com\/wp-content\/uploads\/2026\/04\/ACI-LAC-TRAFFIC-ANALYSIS-scaled.png","contentUrl":"https:\/\/www.latitude-15.com\/wp-content\/uploads\/2026\/04\/ACI-LAC-TRAFFIC-ANALYSIS-scaled.png","width":2560,"height":1440},{"@type":"BreadcrumbList","@id":"https:\/\/www.latitude-15.com\/pt-br\/trafego-aereo-de-passageiros-na-america-latina-e-no-caribe-cresce-5-em-2025-aponta-aci-lac\/#breadcrumb","itemListElement":[{"@type":"ListItem","position":1,"name":"Home","item":"https:\/\/www.latitude-15.com\/pt-br\/inicio\/"},{"@type":"ListItem","position":2,"name":"O tr\u00e1fego a\u00e9reo de passageiros na Am\u00e9rica Latina e no Caribe cresce 5% em 2025, aponta ACI-LAC"}]},{"@type":"WebSite","@id":"https:\/\/www.latitude-15.com\/pt-br\/#website","url":"https:\/\/www.latitude-15.com\/pt-br\/","name":"LATITUDE 15","description":"Aviation and maritime Magazine - Caribbean &amp; Latin America","publisher":{"@id":"https:\/\/www.latitude-15.com\/pt-br\/#organization"},"potentialAction":[{"@type":"SearchAction","target":{"@type":"EntryPoint","urlTemplate":"https:\/\/www.latitude-15.com\/pt-br\/?s={search_term_string}"},"query-input":{"@type":"PropertyValueSpecification","valueRequired":true,"valueName":"search_term_string"}}],"inLanguage":"pt-BR"},{"@type":"Organization","@id":"https:\/\/www.latitude-15.com\/pt-br\/#organization","name":"LATITUDE 15","url":"https:\/\/www.latitude-15.com\/pt-br\/","logo":{"@type":"ImageObject","inLanguage":"pt-BR","@id":"https:\/\/www.latitude-15.com\/pt-br\/#\/schema\/logo\/image\/","url":"https:\/\/www.latitude-15.com\/wp-content\/uploads\/2026\/01\/cropped-logox500px.png","contentUrl":"https:\/\/www.latitude-15.com\/wp-content\/uploads\/2026\/01\/cropped-logox500px.png","width":62,"height":75,"caption":"LATITUDE 15"},"image":{"@id":"https:\/\/www.latitude-15.com\/pt-br\/#\/schema\/logo\/image\/"}},{"@type":"Person","@id":"https:\/\/www.latitude-15.com\/pt-br\/#\/schema\/person\/dac52e7ff44c78317f337da112e37252","name":"Joda J","image":{"@type":"ImageObject","inLanguage":"pt-BR","@id":"https:\/\/www.latitude-15.com\/pt-br\/#\/schema\/person\/image\/","url":"https:\/\/secure.gravatar.com\/avatar\/6b1feae555e15404b76616f92d931d12b25ac58024f14ccb43d9d3c012e4c4cf?s=96&d=mm&r=g","contentUrl":"https:\/\/secure.gravatar.com\/avatar\/6b1feae555e15404b76616f92d931d12b25ac58024f14ccb43d9d3c012e4c4cf?s=96&d=mm&r=g","caption":"Joda J"},"url":"https:\/\/www.latitude-15.com\/pt-br\/author\/joda\/"}]}},"_links":{"self":[{"href":"https:\/\/www.latitude-15.com\/pt-br\/wp-json\/wp\/v2\/posts\/22324","targetHints":{"allow":["GET"]}}],"collection":[{"href":"https:\/\/www.latitude-15.com\/pt-br\/wp-json\/wp\/v2\/posts"}],"about":[{"href":"https:\/\/www.latitude-15.com\/pt-br\/wp-json\/wp\/v2\/types\/post"}],"author":[{"embeddable":true,"href":"https:\/\/www.latitude-15.com\/pt-br\/wp-json\/wp\/v2\/users\/5"}],"replies":[{"embeddable":true,"href":"https:\/\/www.latitude-15.com\/pt-br\/wp-json\/wp\/v2\/comments?post=22324"}],"version-history":[{"count":2,"href":"https:\/\/www.latitude-15.com\/pt-br\/wp-json\/wp\/v2\/posts\/22324\/revisions"}],"predecessor-version":[{"id":22645,"href":"https:\/\/www.latitude-15.com\/pt-br\/wp-json\/wp\/v2\/posts\/22324\/revisions\/22645"}],"wp:featuredmedia":[{"embeddable":true,"href":"https:\/\/www.latitude-15.com\/pt-br\/wp-json\/wp\/v2\/media\/22602"}],"wp:attachment":[{"href":"https:\/\/www.latitude-15.com\/pt-br\/wp-json\/wp\/v2\/media?parent=22324"}],"wp:term":[{"taxonomy":"category","embeddable":true,"href":"https:\/\/www.latitude-15.com\/pt-br\/wp-json\/wp\/v2\/categories?post=22324"},{"taxonomy":"post_tag","embeddable":true,"href":"https:\/\/www.latitude-15.com\/pt-br\/wp-json\/wp\/v2\/tags?post=22324"}],"curies":[{"name":"wp","href":"https:\/\/api.w.org\/{rel}","templated":true}]}}