{"id":22313,"date":"2026-04-01T15:16:54","date_gmt":"2026-04-01T19:16:54","guid":{"rendered":"https:\/\/www.latitude-15.com\/companhias-aereas-da-america-latina-lideram-crescimento-da-demanda-internacional-de-passageiros-em-fevereiro-de-2026\/"},"modified":"2026-04-01T22:44:33","modified_gmt":"2026-04-02T02:44:33","slug":"companhias-aereas-da-america-latina-lideram-crescimento-da-demanda-internacional-de-passageiros-em-fevereiro-de-2026","status":"publish","type":"post","link":"https:\/\/www.latitude-15.com\/pt-br\/companhias-aereas-da-america-latina-lideram-crescimento-da-demanda-internacional-de-passageiros-em-fevereiro-de-2026\/","title":{"rendered":"Companhias a\u00e9reas da Am\u00e9rica Latina lideram crescimento da demanda internacional de passageiros em fevereiro de 2026"},"content":{"rendered":"\n<p><em>Novos dados da IATA mostram que as companhias a\u00e9reas latino-americanas registraram o crescimento mais forte da demanda internacional entre os principais mercados da avia\u00e7\u00e3o, destacando a recupera\u00e7\u00e3o acelerada da regi\u00e3o e a expans\u00e3o da conectividade a\u00e9rea.<\/em><\/p>\n\n<p>A demanda global por transporte a\u00e9reo continuou sua trajet\u00f3ria de crescimento no in\u00edcio de 2026, com as companhias da Am\u00e9rica Latina surgindo como um dos segmentos mais din\u00e2micos do setor. De acordo com novos dados divulgados pela International Air Transport Association (IATA), a demanda global de passageiros medida em revenue passenger kilometers (RPK) aumentou 6,1% em fevereiro de 2026 em compara\u00e7\u00e3o com fevereiro de 2025, refletindo a resili\u00eancia cont\u00ednua da ind\u00fastria da avia\u00e7\u00e3o apesar das incertezas geopol\u00edticas em curso. <\/p>\n\n<p>Em n\u00edvel global, a capacidade das companhias a\u00e9reas \u2014 medida em available seat kilometers (ASK) \u2014 cresceu 5,6% em rela\u00e7\u00e3o ao ano anterior, enquanto o fator de ocupa\u00e7\u00e3o do setor atingiu 81,4%, o n\u00edvel mais alto j\u00e1 registrado para um m\u00eas de fevereiro. O tr\u00e1fego internacional aumentou 5,9%, enquanto os mercados dom\u00e9sticos expandiram 6,3%, evidenciando a continuidade do crescimento tanto na demanda global quanto regional por viagens a\u00e9reas. <\/p>\n\n<h2 class=\"wp-block-heading\">Companhias da Am\u00e9rica Latina lideram o crescimento da demanda internacional<\/h2>\n\n<p>Dentro desse contexto global, as companhias a\u00e9reas da Am\u00e9rica Latina registraram o crescimento mais forte entre os principais mercados internacionais, refor\u00e7ando a crescente import\u00e2ncia da regi\u00e3o no cen\u00e1rio global da avia\u00e7\u00e3o. A demanda internacional de passageiros para transportadoras da regi\u00e3o aumentou 13,5% em rela\u00e7\u00e3o ao ano anterior, enquanto a capacidade cresceu 9,3%. O fator de ocupa\u00e7\u00e3o atingiu 85,0%, um aumento de 3,1 pontos percentuais em compara\u00e7\u00e3o com fevereiro de 2025, refletindo forte demanda e melhor utiliza\u00e7\u00e3o das aeronaves em toda a regi\u00e3o.  <\/p>\n\n<p>Esses resultados posicionam a avia\u00e7\u00e3o latino-americana entre os segmentos mais din\u00e2micos da ind\u00fastria global. Para efeito de compara\u00e7\u00e3o, a demanda internacional das companhias europeias cresceu 5,0%, enquanto as companhias da Am\u00e9rica do Norte tamb\u00e9m registraram crescimento de 5,0%. As transportadoras do Oriente M\u00e9dio apresentaram um aumento mais modesto de 0,9%, enquanto as companhias africanas registraram crescimento de 4,8%. J\u00e1 as companhias da regi\u00e3o \u00c1sia-Pac\u00edfico registraram crescimento de 8,6%, parcialmente impulsionado pela forte demanda de viagens associada ao Ano Novo Lunar.   <\/p>\n\n<p>No total, Am\u00e9rica Latina e Caribe representaram aproximadamente 5,4% do tr\u00e1fego global de passageiros em 2025, mas a regi\u00e3o continua demonstrando um forte potencial de crescimento em rela\u00e7\u00e3o \u00e0 sua participa\u00e7\u00e3o atual no mercado. <\/p>\n\n<p>A combina\u00e7\u00e3o de expans\u00e3o do turismo, melhoria da conectividade a\u00e9rea e fortalecimento gradual das redes regionais de avia\u00e7\u00e3o est\u00e1 contribuindo para o aumento da demanda de passageiros em v\u00e1rios mercados estrat\u00e9gicos.<\/p>\n\n<h2 class=\"wp-block-heading\">Forte demanda persiste apesar das incertezas do setor<\/h2>\n\n<p>Os mercados dom\u00e9sticos tamb\u00e9m continuaram a sustentar a expans\u00e3o global do transporte a\u00e9reo. Em n\u00edvel mundial, os RPK dom\u00e9sticos cresceram 6,3% em rela\u00e7\u00e3o ao ano anterior, com demanda particularmente forte registrada no Brasil e na China, dois dos maiores mercados dom\u00e9sticos de avia\u00e7\u00e3o fora dos Estados Unidos. O crescimento da capacidade nesses mercados acompanhou de perto o aumento da demanda, resultando em um fator de ocupa\u00e7\u00e3o dom\u00e9stico global relativamente est\u00e1vel de 82,8%.  <\/p>\n\n<p>Apesar do desempenho s\u00f3lido observado em fevereiro, as perspectivas para o setor da avia\u00e7\u00e3o continuam influenciadas por diversos fatores externos. <\/p>\n\n<p>Segundo Willie Walsh, diretor-geral da IATA, embora os fundamentos para o crescimento cont\u00ednuo da demanda permane\u00e7am positivos, tens\u00f5es geopol\u00edticas e o aumento dos custos de combust\u00edvel podem afetar a rentabilidade das companhias a\u00e9reas e suas estrat\u00e9gias operacionais nos pr\u00f3ximos meses. Os pre\u00e7os do combust\u00edvel j\u00e1 registraram uma forte alta, e o planejamento de capacidade come\u00e7a a ser ajustado em alguns mercados, especialmente nas rotas relacionadas ao Oriente M\u00e9dio. <\/p>\n\n<p>As proje\u00e7\u00f5es de crescimento de capacidade para mar\u00e7o, por exemplo, j\u00e1 foram revisadas para baixo, passando para 3,3%, em compara\u00e7\u00e3o com expectativas anteriores superiores a 5%, refletindo a postura cautelosa da ind\u00fastria diante das condi\u00e7\u00f5es globais em evolu\u00e7\u00e3o. Ainda assim, a forte demanda de passageiros observada em v\u00e1rias regi\u00f5es \u2014 particularmente na Am\u00e9rica Latina \u2014 indica que o setor de avia\u00e7\u00e3o continua avan\u00e7ando em sua recupera\u00e7\u00e3o \u00e0 medida que a demanda por viagens internacionais se fortalece. <\/p>\n","protected":false},"excerpt":{"rendered":"<p>Novos dados da IATA mostram que as companhias a\u00e9reas latino-americanas registraram o crescimento mais forte da demanda internacional entre os principais mercados da avia\u00e7\u00e3o, destacando a recupera\u00e7\u00e3o acelerada da regi\u00e3o e a expans\u00e3o da conectividade a\u00e9rea. A demanda global por transporte a\u00e9reo continuou sua trajet\u00f3ria de crescimento no in\u00edcio de 2026, com as companhias da [&hellip;]<\/p>\n","protected":false},"author":5,"featured_media":22312,"comment_status":"open","ping_status":"closed","sticky":false,"template":"","format":"standard","meta":{"footnotes":""},"categories":[98,101],"tags":[],"class_list":["post-22313","post","type-post","status-publish","format-standard","has-post-thumbnail","hentry","category-aviacao","category-conectividade-aerea-e-atratividade-territorial"],"yoast_head":"<!-- This site is optimized with the Yoast SEO plugin v26.9 - https:\/\/yoast.com\/product\/yoast-seo-wordpress\/ -->\n<title>Companhias a\u00e9reas da Am\u00e9rica Latina lideram crescimento da demanda internacional de passageiros em fevereiro de 2026 - LATITUDE 15<\/title>\n<meta name=\"description\" content=\"Companhias a\u00e9reas latino-americanas registraram o maior crescimento da demanda internacional de passageiros em fevereiro de 2026, segundo a IATA\" \/>\n<meta name=\"robots\" content=\"index, follow, max-snippet:-1, max-image-preview:large, max-video-preview:-1\" \/>\n<link rel=\"canonical\" href=\"https:\/\/www.latitude-15.com\/pt-br\/companhias-aereas-da-america-latina-lideram-crescimento-da-demanda-internacional-de-passageiros-em-fevereiro-de-2026\/\" \/>\n<meta property=\"og:locale\" content=\"pt_BR\" \/>\n<meta property=\"og:type\" content=\"article\" \/>\n<meta property=\"og:title\" content=\"Companhias a\u00e9reas da Am\u00e9rica Latina lideram crescimento da demanda internacional de passageiros em fevereiro de 2026 - LATITUDE 15\" \/>\n<meta property=\"og:description\" content=\"Companhias a\u00e9reas latino-americanas registraram o maior crescimento da demanda internacional de passageiros em fevereiro de 2026, segundo a IATA\" \/>\n<meta property=\"og:url\" content=\"https:\/\/www.latitude-15.com\/pt-br\/companhias-aereas-da-america-latina-lideram-crescimento-da-demanda-internacional-de-passageiros-em-fevereiro-de-2026\/\" \/>\n<meta property=\"og:site_name\" content=\"LATITUDE 15\" \/>\n<meta property=\"article:published_time\" content=\"2026-04-01T19:16:54+00:00\" \/>\n<meta property=\"article:modified_time\" content=\"2026-04-02T02:44:33+00:00\" \/>\n<meta property=\"og:image\" content=\"https:\/\/www.latitude-15.com\/wp-content\/uploads\/2026\/04\/pexels-nguyendesigner-4637961.jpg\" \/>\n\t<meta property=\"og:image:width\" content=\"1920\" \/>\n\t<meta property=\"og:image:height\" content=\"1280\" \/>\n\t<meta property=\"og:image:type\" content=\"image\/jpeg\" \/>\n<meta name=\"author\" content=\"Joda J\" \/>\n<meta name=\"twitter:card\" content=\"summary_large_image\" \/>\n<meta name=\"twitter:label1\" content=\"Escrito por\" \/>\n\t<meta name=\"twitter:data1\" content=\"Joda J\" \/>\n\t<meta name=\"twitter:label2\" content=\"Est. tempo de leitura\" \/>\n\t<meta name=\"twitter:data2\" content=\"4 minutos\" \/>\n<script type=\"application\/ld+json\" class=\"yoast-schema-graph\">{\"@context\":\"https:\/\/schema.org\",\"@graph\":[{\"@type\":\"Article\",\"@id\":\"https:\/\/www.latitude-15.com\/pt-br\/companhias-aereas-da-america-latina-lideram-crescimento-da-demanda-internacional-de-passageiros-em-fevereiro-de-2026\/#article\",\"isPartOf\":{\"@id\":\"https:\/\/www.latitude-15.com\/pt-br\/companhias-aereas-da-america-latina-lideram-crescimento-da-demanda-internacional-de-passageiros-em-fevereiro-de-2026\/\"},\"author\":{\"name\":\"Joda J\",\"@id\":\"https:\/\/www.latitude-15.com\/pt-br\/#\/schema\/person\/dac52e7ff44c78317f337da112e37252\"},\"headline\":\"Companhias a\u00e9reas da Am\u00e9rica Latina lideram crescimento da demanda internacional de passageiros em fevereiro de 2026\",\"datePublished\":\"2026-04-01T19:16:54+00:00\",\"dateModified\":\"2026-04-02T02:44:33+00:00\",\"mainEntityOfPage\":{\"@id\":\"https:\/\/www.latitude-15.com\/pt-br\/companhias-aereas-da-america-latina-lideram-crescimento-da-demanda-internacional-de-passageiros-em-fevereiro-de-2026\/\"},\"wordCount\":749,\"commentCount\":0,\"publisher\":{\"@id\":\"https:\/\/www.latitude-15.com\/pt-br\/#organization\"},\"image\":{\"@id\":\"https:\/\/www.latitude-15.com\/pt-br\/companhias-aereas-da-america-latina-lideram-crescimento-da-demanda-internacional-de-passageiros-em-fevereiro-de-2026\/#primaryimage\"},\"thumbnailUrl\":\"https:\/\/www.latitude-15.com\/wp-content\/uploads\/2026\/04\/pexels-nguyendesigner-4637961.jpg\",\"articleSection\":[\"AVIA\u00c7\u00c3O\",\"Conectividade a\u00e9rea e Atratividade territorial\"],\"inLanguage\":\"pt-BR\",\"potentialAction\":[{\"@type\":\"CommentAction\",\"name\":\"Comment\",\"target\":[\"https:\/\/www.latitude-15.com\/pt-br\/companhias-aereas-da-america-latina-lideram-crescimento-da-demanda-internacional-de-passageiros-em-fevereiro-de-2026\/#respond\"]}]},{\"@type\":\"WebPage\",\"@id\":\"https:\/\/www.latitude-15.com\/pt-br\/companhias-aereas-da-america-latina-lideram-crescimento-da-demanda-internacional-de-passageiros-em-fevereiro-de-2026\/\",\"url\":\"https:\/\/www.latitude-15.com\/pt-br\/companhias-aereas-da-america-latina-lideram-crescimento-da-demanda-internacional-de-passageiros-em-fevereiro-de-2026\/\",\"name\":\"Companhias a\u00e9reas da Am\u00e9rica Latina lideram crescimento da demanda internacional de passageiros em fevereiro de 2026 - LATITUDE 15\",\"isPartOf\":{\"@id\":\"https:\/\/www.latitude-15.com\/pt-br\/#website\"},\"primaryImageOfPage\":{\"@id\":\"https:\/\/www.latitude-15.com\/pt-br\/companhias-aereas-da-america-latina-lideram-crescimento-da-demanda-internacional-de-passageiros-em-fevereiro-de-2026\/#primaryimage\"},\"image\":{\"@id\":\"https:\/\/www.latitude-15.com\/pt-br\/companhias-aereas-da-america-latina-lideram-crescimento-da-demanda-internacional-de-passageiros-em-fevereiro-de-2026\/#primaryimage\"},\"thumbnailUrl\":\"https:\/\/www.latitude-15.com\/wp-content\/uploads\/2026\/04\/pexels-nguyendesigner-4637961.jpg\",\"datePublished\":\"2026-04-01T19:16:54+00:00\",\"dateModified\":\"2026-04-02T02:44:33+00:00\",\"description\":\"Companhias a\u00e9reas latino-americanas registraram o maior crescimento da demanda internacional de passageiros em fevereiro de 2026, segundo a IATA\",\"breadcrumb\":{\"@id\":\"https:\/\/www.latitude-15.com\/pt-br\/companhias-aereas-da-america-latina-lideram-crescimento-da-demanda-internacional-de-passageiros-em-fevereiro-de-2026\/#breadcrumb\"},\"inLanguage\":\"pt-BR\",\"potentialAction\":[{\"@type\":\"ReadAction\",\"target\":[\"https:\/\/www.latitude-15.com\/pt-br\/companhias-aereas-da-america-latina-lideram-crescimento-da-demanda-internacional-de-passageiros-em-fevereiro-de-2026\/\"]}]},{\"@type\":\"ImageObject\",\"inLanguage\":\"pt-BR\",\"@id\":\"https:\/\/www.latitude-15.com\/pt-br\/companhias-aereas-da-america-latina-lideram-crescimento-da-demanda-internacional-de-passageiros-em-fevereiro-de-2026\/#primaryimage\",\"url\":\"https:\/\/www.latitude-15.com\/wp-content\/uploads\/2026\/04\/pexels-nguyendesigner-4637961.jpg\",\"contentUrl\":\"https:\/\/www.latitude-15.com\/wp-content\/uploads\/2026\/04\/pexels-nguyendesigner-4637961.jpg\",\"width\":1920,\"height\":1280},{\"@type\":\"BreadcrumbList\",\"@id\":\"https:\/\/www.latitude-15.com\/pt-br\/companhias-aereas-da-america-latina-lideram-crescimento-da-demanda-internacional-de-passageiros-em-fevereiro-de-2026\/#breadcrumb\",\"itemListElement\":[{\"@type\":\"ListItem\",\"position\":1,\"name\":\"Home\",\"item\":\"https:\/\/www.latitude-15.com\/pt-br\/inicio\/\"},{\"@type\":\"ListItem\",\"position\":2,\"name\":\"Companhias a\u00e9reas da Am\u00e9rica Latina lideram crescimento da demanda internacional de passageiros em fevereiro de 2026\"}]},{\"@type\":\"WebSite\",\"@id\":\"https:\/\/www.latitude-15.com\/pt-br\/#website\",\"url\":\"https:\/\/www.latitude-15.com\/pt-br\/\",\"name\":\"LATITUDE 15\",\"description\":\"Aviation and maritime Magazine - Caribbean &amp; Latin America\",\"publisher\":{\"@id\":\"https:\/\/www.latitude-15.com\/pt-br\/#organization\"},\"potentialAction\":[{\"@type\":\"SearchAction\",\"target\":{\"@type\":\"EntryPoint\",\"urlTemplate\":\"https:\/\/www.latitude-15.com\/pt-br\/?s={search_term_string}\"},\"query-input\":{\"@type\":\"PropertyValueSpecification\",\"valueRequired\":true,\"valueName\":\"search_term_string\"}}],\"inLanguage\":\"pt-BR\"},{\"@type\":\"Organization\",\"@id\":\"https:\/\/www.latitude-15.com\/pt-br\/#organization\",\"name\":\"LATITUDE 15\",\"url\":\"https:\/\/www.latitude-15.com\/pt-br\/\",\"logo\":{\"@type\":\"ImageObject\",\"inLanguage\":\"pt-BR\",\"@id\":\"https:\/\/www.latitude-15.com\/pt-br\/#\/schema\/logo\/image\/\",\"url\":\"https:\/\/www.latitude-15.com\/wp-content\/uploads\/2026\/01\/cropped-logox500px.png\",\"contentUrl\":\"https:\/\/www.latitude-15.com\/wp-content\/uploads\/2026\/01\/cropped-logox500px.png\",\"width\":62,\"height\":75,\"caption\":\"LATITUDE 15\"},\"image\":{\"@id\":\"https:\/\/www.latitude-15.com\/pt-br\/#\/schema\/logo\/image\/\"}},{\"@type\":\"Person\",\"@id\":\"https:\/\/www.latitude-15.com\/pt-br\/#\/schema\/person\/dac52e7ff44c78317f337da112e37252\",\"name\":\"Joda J\",\"image\":{\"@type\":\"ImageObject\",\"inLanguage\":\"pt-BR\",\"@id\":\"https:\/\/www.latitude-15.com\/pt-br\/#\/schema\/person\/image\/\",\"url\":\"https:\/\/secure.gravatar.com\/avatar\/6b1feae555e15404b76616f92d931d12b25ac58024f14ccb43d9d3c012e4c4cf?s=96&d=mm&r=g\",\"contentUrl\":\"https:\/\/secure.gravatar.com\/avatar\/6b1feae555e15404b76616f92d931d12b25ac58024f14ccb43d9d3c012e4c4cf?s=96&d=mm&r=g\",\"caption\":\"Joda J\"},\"url\":\"https:\/\/www.latitude-15.com\/pt-br\/author\/joda\/\"}]}<\/script>\n<!-- \/ Yoast SEO plugin. -->","yoast_head_json":{"title":"Companhias a\u00e9reas da Am\u00e9rica Latina lideram crescimento da demanda internacional de passageiros em fevereiro de 2026 - LATITUDE 15","description":"Companhias a\u00e9reas latino-americanas registraram o maior crescimento da demanda internacional de passageiros em fevereiro de 2026, segundo a IATA","robots":{"index":"index","follow":"follow","max-snippet":"max-snippet:-1","max-image-preview":"max-image-preview:large","max-video-preview":"max-video-preview:-1"},"canonical":"https:\/\/www.latitude-15.com\/pt-br\/companhias-aereas-da-america-latina-lideram-crescimento-da-demanda-internacional-de-passageiros-em-fevereiro-de-2026\/","og_locale":"pt_BR","og_type":"article","og_title":"Companhias a\u00e9reas da Am\u00e9rica Latina lideram crescimento da demanda internacional de passageiros em fevereiro de 2026 - LATITUDE 15","og_description":"Companhias a\u00e9reas latino-americanas registraram o maior crescimento da demanda internacional de passageiros em fevereiro de 2026, segundo a IATA","og_url":"https:\/\/www.latitude-15.com\/pt-br\/companhias-aereas-da-america-latina-lideram-crescimento-da-demanda-internacional-de-passageiros-em-fevereiro-de-2026\/","og_site_name":"LATITUDE 15","article_published_time":"2026-04-01T19:16:54+00:00","article_modified_time":"2026-04-02T02:44:33+00:00","og_image":[{"width":1920,"height":1280,"url":"https:\/\/www.latitude-15.com\/wp-content\/uploads\/2026\/04\/pexels-nguyendesigner-4637961.jpg","type":"image\/jpeg"}],"author":"Joda J","twitter_card":"summary_large_image","twitter_misc":{"Escrito por":"Joda J","Est. tempo de leitura":"4 minutos"},"schema":{"@context":"https:\/\/schema.org","@graph":[{"@type":"Article","@id":"https:\/\/www.latitude-15.com\/pt-br\/companhias-aereas-da-america-latina-lideram-crescimento-da-demanda-internacional-de-passageiros-em-fevereiro-de-2026\/#article","isPartOf":{"@id":"https:\/\/www.latitude-15.com\/pt-br\/companhias-aereas-da-america-latina-lideram-crescimento-da-demanda-internacional-de-passageiros-em-fevereiro-de-2026\/"},"author":{"name":"Joda J","@id":"https:\/\/www.latitude-15.com\/pt-br\/#\/schema\/person\/dac52e7ff44c78317f337da112e37252"},"headline":"Companhias a\u00e9reas da Am\u00e9rica Latina lideram crescimento da demanda internacional de passageiros em fevereiro de 2026","datePublished":"2026-04-01T19:16:54+00:00","dateModified":"2026-04-02T02:44:33+00:00","mainEntityOfPage":{"@id":"https:\/\/www.latitude-15.com\/pt-br\/companhias-aereas-da-america-latina-lideram-crescimento-da-demanda-internacional-de-passageiros-em-fevereiro-de-2026\/"},"wordCount":749,"commentCount":0,"publisher":{"@id":"https:\/\/www.latitude-15.com\/pt-br\/#organization"},"image":{"@id":"https:\/\/www.latitude-15.com\/pt-br\/companhias-aereas-da-america-latina-lideram-crescimento-da-demanda-internacional-de-passageiros-em-fevereiro-de-2026\/#primaryimage"},"thumbnailUrl":"https:\/\/www.latitude-15.com\/wp-content\/uploads\/2026\/04\/pexels-nguyendesigner-4637961.jpg","articleSection":["AVIA\u00c7\u00c3O","Conectividade a\u00e9rea e Atratividade territorial"],"inLanguage":"pt-BR","potentialAction":[{"@type":"CommentAction","name":"Comment","target":["https:\/\/www.latitude-15.com\/pt-br\/companhias-aereas-da-america-latina-lideram-crescimento-da-demanda-internacional-de-passageiros-em-fevereiro-de-2026\/#respond"]}]},{"@type":"WebPage","@id":"https:\/\/www.latitude-15.com\/pt-br\/companhias-aereas-da-america-latina-lideram-crescimento-da-demanda-internacional-de-passageiros-em-fevereiro-de-2026\/","url":"https:\/\/www.latitude-15.com\/pt-br\/companhias-aereas-da-america-latina-lideram-crescimento-da-demanda-internacional-de-passageiros-em-fevereiro-de-2026\/","name":"Companhias a\u00e9reas da Am\u00e9rica Latina lideram crescimento da demanda internacional de passageiros em fevereiro de 2026 - LATITUDE 15","isPartOf":{"@id":"https:\/\/www.latitude-15.com\/pt-br\/#website"},"primaryImageOfPage":{"@id":"https:\/\/www.latitude-15.com\/pt-br\/companhias-aereas-da-america-latina-lideram-crescimento-da-demanda-internacional-de-passageiros-em-fevereiro-de-2026\/#primaryimage"},"image":{"@id":"https:\/\/www.latitude-15.com\/pt-br\/companhias-aereas-da-america-latina-lideram-crescimento-da-demanda-internacional-de-passageiros-em-fevereiro-de-2026\/#primaryimage"},"thumbnailUrl":"https:\/\/www.latitude-15.com\/wp-content\/uploads\/2026\/04\/pexels-nguyendesigner-4637961.jpg","datePublished":"2026-04-01T19:16:54+00:00","dateModified":"2026-04-02T02:44:33+00:00","description":"Companhias a\u00e9reas latino-americanas registraram o maior crescimento da demanda internacional de passageiros em fevereiro de 2026, segundo a IATA","breadcrumb":{"@id":"https:\/\/www.latitude-15.com\/pt-br\/companhias-aereas-da-america-latina-lideram-crescimento-da-demanda-internacional-de-passageiros-em-fevereiro-de-2026\/#breadcrumb"},"inLanguage":"pt-BR","potentialAction":[{"@type":"ReadAction","target":["https:\/\/www.latitude-15.com\/pt-br\/companhias-aereas-da-america-latina-lideram-crescimento-da-demanda-internacional-de-passageiros-em-fevereiro-de-2026\/"]}]},{"@type":"ImageObject","inLanguage":"pt-BR","@id":"https:\/\/www.latitude-15.com\/pt-br\/companhias-aereas-da-america-latina-lideram-crescimento-da-demanda-internacional-de-passageiros-em-fevereiro-de-2026\/#primaryimage","url":"https:\/\/www.latitude-15.com\/wp-content\/uploads\/2026\/04\/pexels-nguyendesigner-4637961.jpg","contentUrl":"https:\/\/www.latitude-15.com\/wp-content\/uploads\/2026\/04\/pexels-nguyendesigner-4637961.jpg","width":1920,"height":1280},{"@type":"BreadcrumbList","@id":"https:\/\/www.latitude-15.com\/pt-br\/companhias-aereas-da-america-latina-lideram-crescimento-da-demanda-internacional-de-passageiros-em-fevereiro-de-2026\/#breadcrumb","itemListElement":[{"@type":"ListItem","position":1,"name":"Home","item":"https:\/\/www.latitude-15.com\/pt-br\/inicio\/"},{"@type":"ListItem","position":2,"name":"Companhias a\u00e9reas da Am\u00e9rica Latina lideram crescimento da demanda internacional de passageiros em fevereiro de 2026"}]},{"@type":"WebSite","@id":"https:\/\/www.latitude-15.com\/pt-br\/#website","url":"https:\/\/www.latitude-15.com\/pt-br\/","name":"LATITUDE 15","description":"Aviation and maritime Magazine - Caribbean &amp; Latin America","publisher":{"@id":"https:\/\/www.latitude-15.com\/pt-br\/#organization"},"potentialAction":[{"@type":"SearchAction","target":{"@type":"EntryPoint","urlTemplate":"https:\/\/www.latitude-15.com\/pt-br\/?s={search_term_string}"},"query-input":{"@type":"PropertyValueSpecification","valueRequired":true,"valueName":"search_term_string"}}],"inLanguage":"pt-BR"},{"@type":"Organization","@id":"https:\/\/www.latitude-15.com\/pt-br\/#organization","name":"LATITUDE 15","url":"https:\/\/www.latitude-15.com\/pt-br\/","logo":{"@type":"ImageObject","inLanguage":"pt-BR","@id":"https:\/\/www.latitude-15.com\/pt-br\/#\/schema\/logo\/image\/","url":"https:\/\/www.latitude-15.com\/wp-content\/uploads\/2026\/01\/cropped-logox500px.png","contentUrl":"https:\/\/www.latitude-15.com\/wp-content\/uploads\/2026\/01\/cropped-logox500px.png","width":62,"height":75,"caption":"LATITUDE 15"},"image":{"@id":"https:\/\/www.latitude-15.com\/pt-br\/#\/schema\/logo\/image\/"}},{"@type":"Person","@id":"https:\/\/www.latitude-15.com\/pt-br\/#\/schema\/person\/dac52e7ff44c78317f337da112e37252","name":"Joda J","image":{"@type":"ImageObject","inLanguage":"pt-BR","@id":"https:\/\/www.latitude-15.com\/pt-br\/#\/schema\/person\/image\/","url":"https:\/\/secure.gravatar.com\/avatar\/6b1feae555e15404b76616f92d931d12b25ac58024f14ccb43d9d3c012e4c4cf?s=96&d=mm&r=g","contentUrl":"https:\/\/secure.gravatar.com\/avatar\/6b1feae555e15404b76616f92d931d12b25ac58024f14ccb43d9d3c012e4c4cf?s=96&d=mm&r=g","caption":"Joda J"},"url":"https:\/\/www.latitude-15.com\/pt-br\/author\/joda\/"}]}},"_links":{"self":[{"href":"https:\/\/www.latitude-15.com\/pt-br\/wp-json\/wp\/v2\/posts\/22313","targetHints":{"allow":["GET"]}}],"collection":[{"href":"https:\/\/www.latitude-15.com\/pt-br\/wp-json\/wp\/v2\/posts"}],"about":[{"href":"https:\/\/www.latitude-15.com\/pt-br\/wp-json\/wp\/v2\/types\/post"}],"author":[{"embeddable":true,"href":"https:\/\/www.latitude-15.com\/pt-br\/wp-json\/wp\/v2\/users\/5"}],"replies":[{"embeddable":true,"href":"https:\/\/www.latitude-15.com\/pt-br\/wp-json\/wp\/v2\/comments?post=22313"}],"version-history":[{"count":1,"href":"https:\/\/www.latitude-15.com\/pt-br\/wp-json\/wp\/v2\/posts\/22313\/revisions"}],"predecessor-version":[{"id":22314,"href":"https:\/\/www.latitude-15.com\/pt-br\/wp-json\/wp\/v2\/posts\/22313\/revisions\/22314"}],"wp:featuredmedia":[{"embeddable":true,"href":"https:\/\/www.latitude-15.com\/pt-br\/wp-json\/wp\/v2\/media\/22312"}],"wp:attachment":[{"href":"https:\/\/www.latitude-15.com\/pt-br\/wp-json\/wp\/v2\/media?parent=22313"}],"wp:term":[{"taxonomy":"category","embeddable":true,"href":"https:\/\/www.latitude-15.com\/pt-br\/wp-json\/wp\/v2\/categories?post=22313"},{"taxonomy":"post_tag","embeddable":true,"href":"https:\/\/www.latitude-15.com\/pt-br\/wp-json\/wp\/v2\/tags?post=22313"}],"curies":[{"name":"wp","href":"https:\/\/api.w.org\/{rel}","templated":true}]}}