{"id":22279,"date":"2026-03-31T08:34:00","date_gmt":"2026-03-31T12:34:00","guid":{"rendered":"https:\/\/www.latitude-15.com\/america-latina-emerge-como-um-ator-estrategico-na-corrida-pelos-combustiveis-sustentaveis-de-aviacao\/"},"modified":"2026-04-01T00:16:32","modified_gmt":"2026-04-01T04:16:32","slug":"america-latina-emerge-como-um-ator-estrategico-na-corrida-pelos-combustiveis-sustentaveis-de-aviacao","status":"publish","type":"post","link":"https:\/\/www.latitude-15.com\/pt-br\/america-latina-emerge-como-um-ator-estrategico-na-corrida-pelos-combustiveis-sustentaveis-de-aviacao\/","title":{"rendered":"Am\u00e9rica Latina emerge como um ator estrat\u00e9gico na corrida pelos combust\u00edveis sustent\u00e1veis de avia\u00e7\u00e3o"},"content":{"rendered":"\n<p>A ind\u00fastria global da avia\u00e7\u00e3o est\u00e1 entrando em uma fase decisiva de sua transi\u00e7\u00e3o rumo \u00e0s emiss\u00f5es l\u00edquidas zero. \u00c0 medida que companhias a\u00e9reas e aeroportos enfrentam crescente press\u00e3o para descarbonizar suas opera\u00e7\u00f5es enquanto acomodam o aumento da demanda por viagens a\u00e9reas, o sustainable aviation fuel (SAF) consolidou-se como um dos pilares centrais da transi\u00e7\u00e3o energ\u00e9tica do setor. Nesse contexto, a Am\u00e9rica Latina come\u00e7a a se posicionar como um potencial fornecedor estrat\u00e9gico dentro do emergente ecossistema global de SAF, apoiada por uma combina\u00e7\u00e3o de iniciativas pol\u00edticas, abund\u00e2ncia de recursos naturais e expans\u00e3o das capacidades industriais.  <\/p>\n\n<p>De acordo com o mais recente Global Aviation Sustainability Outlook 2026, publicado pelo World Economic Forum, a ind\u00fastria da avia\u00e7\u00e3o permanece firmemente comprometida com a meta de alcan\u00e7ar emiss\u00f5es l\u00edquidas zero at\u00e9 2050, mesmo diante do r\u00e1pido crescimento da demanda por transporte a\u00e9reo. O tr\u00e1fego global de passageiros deve atingir 10,2 bilh\u00f5es de viajantes em 2026 e pode chegar a 18,8 bilh\u00f5es at\u00e9 2045, refor\u00e7ando a urg\u00eancia de solu\u00e7\u00f5es escal\u00e1veis capazes de reduzir a pegada de carbono da avia\u00e7\u00e3o. <\/p>\n\n<p>Entre essas solu\u00e7\u00f5es, o SAF \u00e9 amplamente considerado o caminho mais imediato e escal\u00e1vel para descarbonizar a avia\u00e7\u00e3o de longa dist\u00e2ncia. No entanto, os volumes atuais de produ\u00e7\u00e3o ainda est\u00e3o muito abaixo dos n\u00edveis necess\u00e1rios para sustentar os objetivos de longo prazo do setor em mat\u00e9ria de sustentabilidade. Esse crescente d\u00e9ficit de oferta est\u00e1 levando governos e l\u00edderes da ind\u00fastria a identificar novas regi\u00f5es capazes de produzir combust\u00edveis sustent\u00e1veis em grande escala.  <\/p>\n\n<h2 class=\"wp-block-heading\">Brasil posiciona-se no centro da agenda do SAF<\/h2>\n\n<p>Dentro da Am\u00e9rica Latina, o Brasil emergiu como um dos pa\u00edses mais proativos no desenvolvimento de uma estrat\u00e9gia nacional para combust\u00edveis sustent\u00e1veis de avia\u00e7\u00e3o. Ap\u00f3s adotar, em 2024, uma legisla\u00e7\u00e3o espec\u00edfica de apoio ao SAF, o governo brasileiro passou a buscar posicionar o pa\u00eds como um grande produtor futuro de combust\u00edveis de avia\u00e7\u00e3o de baixo carbono. <\/p>\n\n<p>Durante a COP30, o Brasil lan\u00e7ou o \u201cBel\u00e9m 4x Pledge\u201d, uma iniciativa que pretende quadruplicar a produ\u00e7\u00e3o de combust\u00edveis de baixo carbono at\u00e9 2035 em compara\u00e7\u00e3o com os n\u00edveis de 2024. A iniciativa reflete a ambi\u00e7\u00e3o do pa\u00eds de aproveitar sua consolidada ind\u00fastria de biocombust\u00edveis para apoiar a descarboniza\u00e7\u00e3o da avia\u00e7\u00e3o internacional. <\/p>\n\n<p>O compromisso j\u00e1 atraiu amplo apoio internacional. Um total de 23 pa\u00edses aderiram \u00e0 iniciativa, incluindo Chile e Guatemala, al\u00e9m de parceiros da Europa, \u00c1sia e Am\u00e9rica do Norte. Essa crescente coaliz\u00e3o destaca a import\u00e2ncia estrat\u00e9gica da coopera\u00e7\u00e3o internacional para ampliar a oferta global de combust\u00edveis sustent\u00e1veis de avia\u00e7\u00e3o.  <\/p>\n\n<p>A expertise do Brasil em bioenergia \u2014 especialmente na produ\u00e7\u00e3o de etanol, combust\u00edveis derivados da soja e outros insumos agr\u00edcolas \u2014 confere ao pa\u00eds uma vantagem significativa nesse mercado emergente. \u00c0 medida que a descarboniza\u00e7\u00e3o da avia\u00e7\u00e3o se acelera, o Brasil pode tornar-se um dos principais polos da cadeia global de valor do SAF. <\/p>\n\n<h2 class=\"wp-block-heading\">Chile e outros pa\u00edses da regi\u00e3o avan\u00e7am em estrat\u00e9gias de SAF<br\/><\/h2>\n\n<p>Al\u00e9m do Brasil, outros pa\u00edses latino-americanos tamb\u00e9m est\u00e3o desenvolvendo suas pr\u00f3prias estrat\u00e9gias para combust\u00edveis sustent\u00e1veis de avia\u00e7\u00e3o. O Chile, por exemplo, vem aperfei\u00e7oando o marco regulat\u00f3rio e t\u00e9cnico de seu roteiro nacional de SAF, lan\u00e7ado em 2024. O pa\u00eds prepara o lan\u00e7amento de projetos piloto de produ\u00e7\u00e3o destinados a testar rotas industriais para combust\u00edveis sustent\u00e1veis de avia\u00e7\u00e3o.  <\/p>\n\n<p>Em outras partes da regi\u00e3o, v\u00e1rios governos est\u00e3o avaliando a viabilidade da produ\u00e7\u00e3o de SAF com o apoio de iniciativas de capacita\u00e7\u00e3o promovidas pela International Civil Aviation Organization (ICAO). Pa\u00edses como Argentina, M\u00e9xico, Panam\u00e1 e Peru est\u00e3o atualmente analisando marcos regulat\u00f3rios, disponibilidade de mat\u00e9rias-primas e oportunidades industriais relacionadas ao SAF. <\/p>\n\n<p>Essas iniciativas indicam uma mudan\u00e7a regional mais ampla rumo \u00e0 integra\u00e7\u00e3o da descarboniza\u00e7\u00e3o da avia\u00e7\u00e3o nas estrat\u00e9gias nacionais de energia e transporte. \u00c0 medida que os marcos regulat\u00f3rios evoluem e os projetos piloto avan\u00e7am, a Am\u00e9rica Latina poder\u00e1 gradualmente estabelecer um ecossistema coordenado de produ\u00e7\u00e3o de SAF, capaz de abastecer tanto os mercados regionais quanto o mercado internacional da avia\u00e7\u00e3o. <\/p>\n\n<h2 class=\"wp-block-heading\">Recursos agr\u00edcolas como vantagem estrat\u00e9gica<\/h2>\n\n<p>Uma das principais for\u00e7as da Am\u00e9rica Latina no emergente mercado de SAF reside em seus abundantes recursos agr\u00edcolas. Muitas das mat\u00e9rias-primas utilizadas na produ\u00e7\u00e3o de combust\u00edveis sustent\u00e1veis de avia\u00e7\u00e3o \u2014 incluindo \u00f3leos vegetais, gorduras animais e res\u00edduos agr\u00edcolas \u2014 est\u00e3o amplamente dispon\u00edveis em todo o continente. <\/p>\n\n<p>As cadeias globais de biocombust\u00edveis j\u00e1 demonstram a import\u00e2ncia estrat\u00e9gica desses recursos. Os fluxos comerciais de insumos como \u00f3leo de soja e gorduras animais est\u00e3o influenciando cada vez mais a economia da produ\u00e7\u00e3o de SAF. Em particular, a capacidade exportadora do Brasil em commodities agr\u00edcolas e mat\u00e9rias-primas para bioenergia poder\u00e1 desempenhar um papel crucial na amplia\u00e7\u00e3o da produ\u00e7\u00e3o global de SAF nas pr\u00f3ximas d\u00e9cadas.  <\/p>\n\n<p>Essas vantagens naturais posicionam a Am\u00e9rica Latina como um potencial pilar da futura cadeia global de suprimento de combust\u00edveis sustent\u00e1veis de avia\u00e7\u00e3o, especialmente \u00e0 medida que a demanda cresce na Europa, Am\u00e9rica do Norte e \u00c1sia.<\/p>\n\n<h2 class=\"wp-block-heading\">Um novo papel para aeroportos e infraestrutura de avia\u00e7\u00e3o<\/h2>\n\n<p>A expans\u00e3o dos combust\u00edveis sustent\u00e1veis de avia\u00e7\u00e3o tamb\u00e9m dever\u00e1 transformar o papel da infraestrutura aeroportu\u00e1ria. \u00c0 medida que as redes de produ\u00e7\u00e3o e distribui\u00e7\u00e3o de SAF se desenvolvem, espera-se que os aeroportos evoluam para verdadeiros hubs energ\u00e9ticos integrados dentro do ecossistema da avia\u00e7\u00e3o. <\/p>\n\n<p>De acordo com a an\u00e1lise do World Economic Forum, os aeroportos est\u00e3o se tornando cada vez mais n\u00f3s cr\u00edticos de infraestrutura, capazes de apoiar o armazenamento, a mistura e a distribui\u00e7\u00e3o de combust\u00edveis sustent\u00e1veis. Essa transforma\u00e7\u00e3o exigir\u00e1 investimentos significativos em sistemas log\u00edsticos, infraestrutura de combust\u00edveis e redes energ\u00e9ticas. <\/p>\n\n<p>Para os principais hubs da avia\u00e7\u00e3o latino-americana \u2014 incluindo aeroportos em S\u00e3o Paulo, Cidade do M\u00e9xico, Bogot\u00e1 e Cidade do Panam\u00e1 \u2014 a integra\u00e7\u00e3o das cadeias de suprimento de SAF poder\u00e1 tornar-se um elemento central das estrat\u00e9gias de desenvolvimento de infraestrutura no longo prazo.<\/p>\n\n<h2 class=\"wp-block-heading\">O papel crescente da Am\u00e9rica Latina na descarboniza\u00e7\u00e3o da avia\u00e7\u00e3o<\/h2>\n\n<p>Embora a ind\u00fastria global da avia\u00e7\u00e3o ainda enfrente desafios consider\u00e1veis para ampliar a produ\u00e7\u00e3o de combust\u00edveis sustent\u00e1veis de avia\u00e7\u00e3o, a Am\u00e9rica Latina parece cada vez mais bem posicionada para contribuir para a transi\u00e7\u00e3o energ\u00e9tica do setor. Com sua combina\u00e7\u00e3o de recursos agr\u00edcolas, expertise em biocombust\u00edveis e marcos regulat\u00f3rios emergentes, a regi\u00e3o poder\u00e1 desempenhar um papel decisivo na expans\u00e3o da produ\u00e7\u00e3o global de SAF. <\/p>\n\n<p>\u00c0 medida que governos e atores da ind\u00fastria continuam a desenvolver pol\u00edticas p\u00fablicas e pipelines de investimento, a participa\u00e7\u00e3o da Am\u00e9rica Latina no ecossistema de combust\u00edveis sustent\u00e1veis de avia\u00e7\u00e3o tende a crescer. Para o setor da avia\u00e7\u00e3o, essa evolu\u00e7\u00e3o poder\u00e1 abrir novas fontes de abastecimento e acelerar a transi\u00e7\u00e3o para um sistema global de transporte a\u00e9reo mais sustent\u00e1vel. <\/p>\n","protected":false},"excerpt":{"rendered":"<p>A ind\u00fastria global da avia\u00e7\u00e3o est\u00e1 entrando em uma fase decisiva de sua transi\u00e7\u00e3o rumo \u00e0s emiss\u00f5es l\u00edquidas zero. \u00c0 medida que companhias a\u00e9reas e aeroportos enfrentam crescente press\u00e3o para descarbonizar suas opera\u00e7\u00f5es enquanto acomodam o aumento da demanda por viagens a\u00e9reas, o sustainable aviation fuel (SAF) consolidou-se como um dos pilares centrais da transi\u00e7\u00e3o [&hellip;]<\/p>\n","protected":false},"author":5,"featured_media":22278,"comment_status":"open","ping_status":"closed","sticky":false,"template":"","format":"standard","meta":{"footnotes":""},"categories":[98,113],"tags":[],"class_list":["post-22279","post","type-post","status-publish","format-standard","has-post-thumbnail","hentry","category-aviacao","category-sustentabilidade-e-transicao-energetica"],"yoast_head":"<!-- This site is optimized with the Yoast SEO plugin v26.9 - https:\/\/yoast.com\/product\/yoast-seo-wordpress\/ -->\n<title>Am\u00e9rica Latina emerge como um ator estrat\u00e9gico na corrida pelos combust\u00edveis sustent\u00e1veis de avia\u00e7\u00e3o - LATITUDE 15<\/title>\n<meta name=\"description\" content=\"A Am\u00e9rica Latina est\u00e1 se posicionando no mercado global de combust\u00edveis sustent\u00e1veis de avia\u00e7\u00e3o \u00e0 medida que Brasil, Chile e outros pa\u00edses desenvolvem estrat\u00e9gias de SAF para apoiar a descarboniza\u00e7\u00e3o da avia\u00e7\u00e3o.\" \/>\n<meta name=\"robots\" content=\"index, follow, max-snippet:-1, max-image-preview:large, max-video-preview:-1\" \/>\n<link rel=\"canonical\" href=\"https:\/\/www.latitude-15.com\/pt-br\/america-latina-emerge-como-um-ator-estrategico-na-corrida-pelos-combustiveis-sustentaveis-de-aviacao\/\" \/>\n<meta property=\"og:locale\" content=\"pt_BR\" \/>\n<meta property=\"og:type\" content=\"article\" \/>\n<meta property=\"og:title\" content=\"Am\u00e9rica Latina emerge como um ator estrat\u00e9gico na corrida pelos combust\u00edveis sustent\u00e1veis de avia\u00e7\u00e3o - LATITUDE 15\" \/>\n<meta property=\"og:description\" content=\"A Am\u00e9rica Latina est\u00e1 se posicionando no mercado global de combust\u00edveis sustent\u00e1veis de avia\u00e7\u00e3o \u00e0 medida que Brasil, Chile e outros pa\u00edses desenvolvem estrat\u00e9gias de SAF para apoiar a descarboniza\u00e7\u00e3o da avia\u00e7\u00e3o.\" \/>\n<meta property=\"og:url\" content=\"https:\/\/www.latitude-15.com\/pt-br\/america-latina-emerge-como-um-ator-estrategico-na-corrida-pelos-combustiveis-sustentaveis-de-aviacao\/\" \/>\n<meta property=\"og:site_name\" content=\"LATITUDE 15\" \/>\n<meta property=\"article:published_time\" content=\"2026-03-31T12:34:00+00:00\" \/>\n<meta property=\"article:modified_time\" content=\"2026-04-01T04:16:32+00:00\" \/>\n<meta property=\"og:image\" content=\"https:\/\/www.latitude-15.com\/wp-content\/uploads\/2026\/03\/img6795937.png\" \/>\n\t<meta property=\"og:image:width\" content=\"1536\" \/>\n\t<meta property=\"og:image:height\" content=\"1024\" \/>\n\t<meta property=\"og:image:type\" content=\"image\/png\" \/>\n<meta name=\"author\" content=\"Joda J\" \/>\n<meta name=\"twitter:card\" content=\"summary_large_image\" \/>\n<meta name=\"twitter:label1\" content=\"Escrito por\" \/>\n\t<meta name=\"twitter:data1\" content=\"Joda J\" \/>\n\t<meta name=\"twitter:label2\" content=\"Est. tempo de leitura\" \/>\n\t<meta name=\"twitter:data2\" content=\"6 minutos\" \/>\n<script type=\"application\/ld+json\" class=\"yoast-schema-graph\">{\"@context\":\"https:\/\/schema.org\",\"@graph\":[{\"@type\":\"Article\",\"@id\":\"https:\/\/www.latitude-15.com\/pt-br\/america-latina-emerge-como-um-ator-estrategico-na-corrida-pelos-combustiveis-sustentaveis-de-aviacao\/#article\",\"isPartOf\":{\"@id\":\"https:\/\/www.latitude-15.com\/pt-br\/america-latina-emerge-como-um-ator-estrategico-na-corrida-pelos-combustiveis-sustentaveis-de-aviacao\/\"},\"author\":{\"name\":\"Joda J\",\"@id\":\"https:\/\/www.latitude-15.com\/pt-br\/#\/schema\/person\/dac52e7ff44c78317f337da112e37252\"},\"headline\":\"Am\u00e9rica Latina emerge como um ator estrat\u00e9gico na corrida pelos combust\u00edveis sustent\u00e1veis de avia\u00e7\u00e3o\",\"datePublished\":\"2026-03-31T12:34:00+00:00\",\"dateModified\":\"2026-04-01T04:16:32+00:00\",\"mainEntityOfPage\":{\"@id\":\"https:\/\/www.latitude-15.com\/pt-br\/america-latina-emerge-como-um-ator-estrategico-na-corrida-pelos-combustiveis-sustentaveis-de-aviacao\/\"},\"wordCount\":1283,\"commentCount\":0,\"publisher\":{\"@id\":\"https:\/\/www.latitude-15.com\/pt-br\/#organization\"},\"image\":{\"@id\":\"https:\/\/www.latitude-15.com\/pt-br\/america-latina-emerge-como-um-ator-estrategico-na-corrida-pelos-combustiveis-sustentaveis-de-aviacao\/#primaryimage\"},\"thumbnailUrl\":\"https:\/\/www.latitude-15.com\/wp-content\/uploads\/2026\/03\/img6795937.png\",\"articleSection\":[\"AVIA\u00c7\u00c3O\",\"Sustentabilidade e transi\u00e7\u00e3o energ\u00e9tica\"],\"inLanguage\":\"pt-BR\",\"potentialAction\":[{\"@type\":\"CommentAction\",\"name\":\"Comment\",\"target\":[\"https:\/\/www.latitude-15.com\/pt-br\/america-latina-emerge-como-um-ator-estrategico-na-corrida-pelos-combustiveis-sustentaveis-de-aviacao\/#respond\"]}]},{\"@type\":\"WebPage\",\"@id\":\"https:\/\/www.latitude-15.com\/pt-br\/america-latina-emerge-como-um-ator-estrategico-na-corrida-pelos-combustiveis-sustentaveis-de-aviacao\/\",\"url\":\"https:\/\/www.latitude-15.com\/pt-br\/america-latina-emerge-como-um-ator-estrategico-na-corrida-pelos-combustiveis-sustentaveis-de-aviacao\/\",\"name\":\"Am\u00e9rica Latina emerge como um ator estrat\u00e9gico na corrida pelos combust\u00edveis sustent\u00e1veis de avia\u00e7\u00e3o - LATITUDE 15\",\"isPartOf\":{\"@id\":\"https:\/\/www.latitude-15.com\/pt-br\/#website\"},\"primaryImageOfPage\":{\"@id\":\"https:\/\/www.latitude-15.com\/pt-br\/america-latina-emerge-como-um-ator-estrategico-na-corrida-pelos-combustiveis-sustentaveis-de-aviacao\/#primaryimage\"},\"image\":{\"@id\":\"https:\/\/www.latitude-15.com\/pt-br\/america-latina-emerge-como-um-ator-estrategico-na-corrida-pelos-combustiveis-sustentaveis-de-aviacao\/#primaryimage\"},\"thumbnailUrl\":\"https:\/\/www.latitude-15.com\/wp-content\/uploads\/2026\/03\/img6795937.png\",\"datePublished\":\"2026-03-31T12:34:00+00:00\",\"dateModified\":\"2026-04-01T04:16:32+00:00\",\"description\":\"A Am\u00e9rica Latina est\u00e1 se posicionando no mercado global de combust\u00edveis sustent\u00e1veis de avia\u00e7\u00e3o \u00e0 medida que Brasil, Chile e outros pa\u00edses desenvolvem estrat\u00e9gias de SAF para apoiar a descarboniza\u00e7\u00e3o da avia\u00e7\u00e3o.\",\"breadcrumb\":{\"@id\":\"https:\/\/www.latitude-15.com\/pt-br\/america-latina-emerge-como-um-ator-estrategico-na-corrida-pelos-combustiveis-sustentaveis-de-aviacao\/#breadcrumb\"},\"inLanguage\":\"pt-BR\",\"potentialAction\":[{\"@type\":\"ReadAction\",\"target\":[\"https:\/\/www.latitude-15.com\/pt-br\/america-latina-emerge-como-um-ator-estrategico-na-corrida-pelos-combustiveis-sustentaveis-de-aviacao\/\"]}]},{\"@type\":\"ImageObject\",\"inLanguage\":\"pt-BR\",\"@id\":\"https:\/\/www.latitude-15.com\/pt-br\/america-latina-emerge-como-um-ator-estrategico-na-corrida-pelos-combustiveis-sustentaveis-de-aviacao\/#primaryimage\",\"url\":\"https:\/\/www.latitude-15.com\/wp-content\/uploads\/2026\/03\/img6795937.png\",\"contentUrl\":\"https:\/\/www.latitude-15.com\/wp-content\/uploads\/2026\/03\/img6795937.png\",\"width\":1536,\"height\":1024,\"caption\":\"combust\u00edvel sustent\u00e1vel de avia\u00e7\u00e3o\"},{\"@type\":\"BreadcrumbList\",\"@id\":\"https:\/\/www.latitude-15.com\/pt-br\/america-latina-emerge-como-um-ator-estrategico-na-corrida-pelos-combustiveis-sustentaveis-de-aviacao\/#breadcrumb\",\"itemListElement\":[{\"@type\":\"ListItem\",\"position\":1,\"name\":\"Home\",\"item\":\"https:\/\/www.latitude-15.com\/pt-br\/inicio\/\"},{\"@type\":\"ListItem\",\"position\":2,\"name\":\"Am\u00e9rica Latina emerge como um ator estrat\u00e9gico na corrida pelos combust\u00edveis sustent\u00e1veis de avia\u00e7\u00e3o\"}]},{\"@type\":\"WebSite\",\"@id\":\"https:\/\/www.latitude-15.com\/pt-br\/#website\",\"url\":\"https:\/\/www.latitude-15.com\/pt-br\/\",\"name\":\"LATITUDE 15\",\"description\":\"Aviation and maritime Magazine - Caribbean &amp; Latin America\",\"publisher\":{\"@id\":\"https:\/\/www.latitude-15.com\/pt-br\/#organization\"},\"potentialAction\":[{\"@type\":\"SearchAction\",\"target\":{\"@type\":\"EntryPoint\",\"urlTemplate\":\"https:\/\/www.latitude-15.com\/pt-br\/?s={search_term_string}\"},\"query-input\":{\"@type\":\"PropertyValueSpecification\",\"valueRequired\":true,\"valueName\":\"search_term_string\"}}],\"inLanguage\":\"pt-BR\"},{\"@type\":\"Organization\",\"@id\":\"https:\/\/www.latitude-15.com\/pt-br\/#organization\",\"name\":\"LATITUDE 15\",\"url\":\"https:\/\/www.latitude-15.com\/pt-br\/\",\"logo\":{\"@type\":\"ImageObject\",\"inLanguage\":\"pt-BR\",\"@id\":\"https:\/\/www.latitude-15.com\/pt-br\/#\/schema\/logo\/image\/\",\"url\":\"https:\/\/www.latitude-15.com\/wp-content\/uploads\/2026\/01\/cropped-logox500px.png\",\"contentUrl\":\"https:\/\/www.latitude-15.com\/wp-content\/uploads\/2026\/01\/cropped-logox500px.png\",\"width\":62,\"height\":75,\"caption\":\"LATITUDE 15\"},\"image\":{\"@id\":\"https:\/\/www.latitude-15.com\/pt-br\/#\/schema\/logo\/image\/\"}},{\"@type\":\"Person\",\"@id\":\"https:\/\/www.latitude-15.com\/pt-br\/#\/schema\/person\/dac52e7ff44c78317f337da112e37252\",\"name\":\"Joda J\",\"image\":{\"@type\":\"ImageObject\",\"inLanguage\":\"pt-BR\",\"@id\":\"https:\/\/www.latitude-15.com\/pt-br\/#\/schema\/person\/image\/\",\"url\":\"https:\/\/secure.gravatar.com\/avatar\/6b1feae555e15404b76616f92d931d12b25ac58024f14ccb43d9d3c012e4c4cf?s=96&d=mm&r=g\",\"contentUrl\":\"https:\/\/secure.gravatar.com\/avatar\/6b1feae555e15404b76616f92d931d12b25ac58024f14ccb43d9d3c012e4c4cf?s=96&d=mm&r=g\",\"caption\":\"Joda J\"},\"url\":\"https:\/\/www.latitude-15.com\/pt-br\/author\/joda\/\"}]}<\/script>\n<!-- \/ Yoast SEO plugin. -->","yoast_head_json":{"title":"Am\u00e9rica Latina emerge como um ator estrat\u00e9gico na corrida pelos combust\u00edveis sustent\u00e1veis de avia\u00e7\u00e3o - LATITUDE 15","description":"A Am\u00e9rica Latina est\u00e1 se posicionando no mercado global de combust\u00edveis sustent\u00e1veis de avia\u00e7\u00e3o \u00e0 medida que Brasil, Chile e outros pa\u00edses desenvolvem estrat\u00e9gias de SAF para apoiar a descarboniza\u00e7\u00e3o da avia\u00e7\u00e3o.","robots":{"index":"index","follow":"follow","max-snippet":"max-snippet:-1","max-image-preview":"max-image-preview:large","max-video-preview":"max-video-preview:-1"},"canonical":"https:\/\/www.latitude-15.com\/pt-br\/america-latina-emerge-como-um-ator-estrategico-na-corrida-pelos-combustiveis-sustentaveis-de-aviacao\/","og_locale":"pt_BR","og_type":"article","og_title":"Am\u00e9rica Latina emerge como um ator estrat\u00e9gico na corrida pelos combust\u00edveis sustent\u00e1veis de avia\u00e7\u00e3o - LATITUDE 15","og_description":"A Am\u00e9rica Latina est\u00e1 se posicionando no mercado global de combust\u00edveis sustent\u00e1veis de avia\u00e7\u00e3o \u00e0 medida que Brasil, Chile e outros pa\u00edses desenvolvem estrat\u00e9gias de SAF para apoiar a descarboniza\u00e7\u00e3o da avia\u00e7\u00e3o.","og_url":"https:\/\/www.latitude-15.com\/pt-br\/america-latina-emerge-como-um-ator-estrategico-na-corrida-pelos-combustiveis-sustentaveis-de-aviacao\/","og_site_name":"LATITUDE 15","article_published_time":"2026-03-31T12:34:00+00:00","article_modified_time":"2026-04-01T04:16:32+00:00","og_image":[{"width":1536,"height":1024,"url":"https:\/\/www.latitude-15.com\/wp-content\/uploads\/2026\/03\/img6795937.png","type":"image\/png"}],"author":"Joda J","twitter_card":"summary_large_image","twitter_misc":{"Escrito por":"Joda J","Est. tempo de leitura":"6 minutos"},"schema":{"@context":"https:\/\/schema.org","@graph":[{"@type":"Article","@id":"https:\/\/www.latitude-15.com\/pt-br\/america-latina-emerge-como-um-ator-estrategico-na-corrida-pelos-combustiveis-sustentaveis-de-aviacao\/#article","isPartOf":{"@id":"https:\/\/www.latitude-15.com\/pt-br\/america-latina-emerge-como-um-ator-estrategico-na-corrida-pelos-combustiveis-sustentaveis-de-aviacao\/"},"author":{"name":"Joda J","@id":"https:\/\/www.latitude-15.com\/pt-br\/#\/schema\/person\/dac52e7ff44c78317f337da112e37252"},"headline":"Am\u00e9rica Latina emerge como um ator estrat\u00e9gico na corrida pelos combust\u00edveis sustent\u00e1veis de avia\u00e7\u00e3o","datePublished":"2026-03-31T12:34:00+00:00","dateModified":"2026-04-01T04:16:32+00:00","mainEntityOfPage":{"@id":"https:\/\/www.latitude-15.com\/pt-br\/america-latina-emerge-como-um-ator-estrategico-na-corrida-pelos-combustiveis-sustentaveis-de-aviacao\/"},"wordCount":1283,"commentCount":0,"publisher":{"@id":"https:\/\/www.latitude-15.com\/pt-br\/#organization"},"image":{"@id":"https:\/\/www.latitude-15.com\/pt-br\/america-latina-emerge-como-um-ator-estrategico-na-corrida-pelos-combustiveis-sustentaveis-de-aviacao\/#primaryimage"},"thumbnailUrl":"https:\/\/www.latitude-15.com\/wp-content\/uploads\/2026\/03\/img6795937.png","articleSection":["AVIA\u00c7\u00c3O","Sustentabilidade e transi\u00e7\u00e3o energ\u00e9tica"],"inLanguage":"pt-BR","potentialAction":[{"@type":"CommentAction","name":"Comment","target":["https:\/\/www.latitude-15.com\/pt-br\/america-latina-emerge-como-um-ator-estrategico-na-corrida-pelos-combustiveis-sustentaveis-de-aviacao\/#respond"]}]},{"@type":"WebPage","@id":"https:\/\/www.latitude-15.com\/pt-br\/america-latina-emerge-como-um-ator-estrategico-na-corrida-pelos-combustiveis-sustentaveis-de-aviacao\/","url":"https:\/\/www.latitude-15.com\/pt-br\/america-latina-emerge-como-um-ator-estrategico-na-corrida-pelos-combustiveis-sustentaveis-de-aviacao\/","name":"Am\u00e9rica Latina emerge como um ator estrat\u00e9gico na corrida pelos combust\u00edveis sustent\u00e1veis de avia\u00e7\u00e3o - LATITUDE 15","isPartOf":{"@id":"https:\/\/www.latitude-15.com\/pt-br\/#website"},"primaryImageOfPage":{"@id":"https:\/\/www.latitude-15.com\/pt-br\/america-latina-emerge-como-um-ator-estrategico-na-corrida-pelos-combustiveis-sustentaveis-de-aviacao\/#primaryimage"},"image":{"@id":"https:\/\/www.latitude-15.com\/pt-br\/america-latina-emerge-como-um-ator-estrategico-na-corrida-pelos-combustiveis-sustentaveis-de-aviacao\/#primaryimage"},"thumbnailUrl":"https:\/\/www.latitude-15.com\/wp-content\/uploads\/2026\/03\/img6795937.png","datePublished":"2026-03-31T12:34:00+00:00","dateModified":"2026-04-01T04:16:32+00:00","description":"A Am\u00e9rica Latina est\u00e1 se posicionando no mercado global de combust\u00edveis sustent\u00e1veis de avia\u00e7\u00e3o \u00e0 medida que Brasil, Chile e outros pa\u00edses desenvolvem estrat\u00e9gias de SAF para apoiar a descarboniza\u00e7\u00e3o da avia\u00e7\u00e3o.","breadcrumb":{"@id":"https:\/\/www.latitude-15.com\/pt-br\/america-latina-emerge-como-um-ator-estrategico-na-corrida-pelos-combustiveis-sustentaveis-de-aviacao\/#breadcrumb"},"inLanguage":"pt-BR","potentialAction":[{"@type":"ReadAction","target":["https:\/\/www.latitude-15.com\/pt-br\/america-latina-emerge-como-um-ator-estrategico-na-corrida-pelos-combustiveis-sustentaveis-de-aviacao\/"]}]},{"@type":"ImageObject","inLanguage":"pt-BR","@id":"https:\/\/www.latitude-15.com\/pt-br\/america-latina-emerge-como-um-ator-estrategico-na-corrida-pelos-combustiveis-sustentaveis-de-aviacao\/#primaryimage","url":"https:\/\/www.latitude-15.com\/wp-content\/uploads\/2026\/03\/img6795937.png","contentUrl":"https:\/\/www.latitude-15.com\/wp-content\/uploads\/2026\/03\/img6795937.png","width":1536,"height":1024,"caption":"combust\u00edvel sustent\u00e1vel de avia\u00e7\u00e3o"},{"@type":"BreadcrumbList","@id":"https:\/\/www.latitude-15.com\/pt-br\/america-latina-emerge-como-um-ator-estrategico-na-corrida-pelos-combustiveis-sustentaveis-de-aviacao\/#breadcrumb","itemListElement":[{"@type":"ListItem","position":1,"name":"Home","item":"https:\/\/www.latitude-15.com\/pt-br\/inicio\/"},{"@type":"ListItem","position":2,"name":"Am\u00e9rica Latina emerge como um ator estrat\u00e9gico na corrida pelos combust\u00edveis sustent\u00e1veis de avia\u00e7\u00e3o"}]},{"@type":"WebSite","@id":"https:\/\/www.latitude-15.com\/pt-br\/#website","url":"https:\/\/www.latitude-15.com\/pt-br\/","name":"LATITUDE 15","description":"Aviation and maritime Magazine - Caribbean &amp; Latin America","publisher":{"@id":"https:\/\/www.latitude-15.com\/pt-br\/#organization"},"potentialAction":[{"@type":"SearchAction","target":{"@type":"EntryPoint","urlTemplate":"https:\/\/www.latitude-15.com\/pt-br\/?s={search_term_string}"},"query-input":{"@type":"PropertyValueSpecification","valueRequired":true,"valueName":"search_term_string"}}],"inLanguage":"pt-BR"},{"@type":"Organization","@id":"https:\/\/www.latitude-15.com\/pt-br\/#organization","name":"LATITUDE 15","url":"https:\/\/www.latitude-15.com\/pt-br\/","logo":{"@type":"ImageObject","inLanguage":"pt-BR","@id":"https:\/\/www.latitude-15.com\/pt-br\/#\/schema\/logo\/image\/","url":"https:\/\/www.latitude-15.com\/wp-content\/uploads\/2026\/01\/cropped-logox500px.png","contentUrl":"https:\/\/www.latitude-15.com\/wp-content\/uploads\/2026\/01\/cropped-logox500px.png","width":62,"height":75,"caption":"LATITUDE 15"},"image":{"@id":"https:\/\/www.latitude-15.com\/pt-br\/#\/schema\/logo\/image\/"}},{"@type":"Person","@id":"https:\/\/www.latitude-15.com\/pt-br\/#\/schema\/person\/dac52e7ff44c78317f337da112e37252","name":"Joda J","image":{"@type":"ImageObject","inLanguage":"pt-BR","@id":"https:\/\/www.latitude-15.com\/pt-br\/#\/schema\/person\/image\/","url":"https:\/\/secure.gravatar.com\/avatar\/6b1feae555e15404b76616f92d931d12b25ac58024f14ccb43d9d3c012e4c4cf?s=96&d=mm&r=g","contentUrl":"https:\/\/secure.gravatar.com\/avatar\/6b1feae555e15404b76616f92d931d12b25ac58024f14ccb43d9d3c012e4c4cf?s=96&d=mm&r=g","caption":"Joda J"},"url":"https:\/\/www.latitude-15.com\/pt-br\/author\/joda\/"}]}},"_links":{"self":[{"href":"https:\/\/www.latitude-15.com\/pt-br\/wp-json\/wp\/v2\/posts\/22279","targetHints":{"allow":["GET"]}}],"collection":[{"href":"https:\/\/www.latitude-15.com\/pt-br\/wp-json\/wp\/v2\/posts"}],"about":[{"href":"https:\/\/www.latitude-15.com\/pt-br\/wp-json\/wp\/v2\/types\/post"}],"author":[{"embeddable":true,"href":"https:\/\/www.latitude-15.com\/pt-br\/wp-json\/wp\/v2\/users\/5"}],"replies":[{"embeddable":true,"href":"https:\/\/www.latitude-15.com\/pt-br\/wp-json\/wp\/v2\/comments?post=22279"}],"version-history":[{"count":1,"href":"https:\/\/www.latitude-15.com\/pt-br\/wp-json\/wp\/v2\/posts\/22279\/revisions"}],"predecessor-version":[{"id":22280,"href":"https:\/\/www.latitude-15.com\/pt-br\/wp-json\/wp\/v2\/posts\/22279\/revisions\/22280"}],"wp:featuredmedia":[{"embeddable":true,"href":"https:\/\/www.latitude-15.com\/pt-br\/wp-json\/wp\/v2\/media\/22278"}],"wp:attachment":[{"href":"https:\/\/www.latitude-15.com\/pt-br\/wp-json\/wp\/v2\/media?parent=22279"}],"wp:term":[{"taxonomy":"category","embeddable":true,"href":"https:\/\/www.latitude-15.com\/pt-br\/wp-json\/wp\/v2\/categories?post=22279"},{"taxonomy":"post_tag","embeddable":true,"href":"https:\/\/www.latitude-15.com\/pt-br\/wp-json\/wp\/v2\/tags?post=22279"}],"curies":[{"name":"wp","href":"https:\/\/api.w.org\/{rel}","templated":true}]}}