{"id":22258,"date":"2026-03-31T10:50:43","date_gmt":"2026-03-31T14:50:43","guid":{"rendered":"https:\/\/www.latitude-15.com\/rede-aeroportuaria-do-pacifico-no-mexico-enfrenta-desaceleracao-no-inicio-de-2026-apos-forte-crescimento-em-2025\/"},"modified":"2026-03-31T12:34:22","modified_gmt":"2026-03-31T16:34:22","slug":"rede-aeroportuaria-do-pacifico-no-mexico-enfrenta-desaceleracao-no-inicio-de-2026-apos-forte-crescimento-em-2025","status":"publish","type":"post","link":"https:\/\/www.latitude-15.com\/pt-br\/rede-aeroportuaria-do-pacifico-no-mexico-enfrenta-desaceleracao-no-inicio-de-2026-apos-forte-crescimento-em-2025\/","title":{"rendered":"Rede aeroportu\u00e1ria do Pac\u00edfico no M\u00e9xico enfrenta desacelera\u00e7\u00e3o no in\u00edcio de 2026 ap\u00f3s forte crescimento em 2025"},"content":{"rendered":"\n<p>Ap\u00f3s um ano marcado por forte crescimento no n\u00famero de passageiros e desempenho financeiro s\u00f3lido, a rede aeroportu\u00e1ria operada pelo Grupo Aeroportuario del Pac\u00edfico (GAP) iniciou 2026 com sinais iniciais de volatilidade no tr\u00e1fego. Embora o grupo tenha movimentado quase 64 milh\u00f5es de passageiros em 2025, os primeiros meses de 2026 registraram queda no tr\u00e1fego em v\u00e1rios hubs importantes, refletindo interrup\u00e7\u00f5es operacionais, impactos clim\u00e1ticos no Caribe e ajustes na capacidade das companhias a\u00e9reas. <\/p>\n\n<p>Operando 14 aeroportos no M\u00e9xico e na Jamaica, o grupo desempenha um papel central na conectividade do corredor tur\u00edstico do Pac\u00edfico e em v\u00e1rias rotas estrat\u00e9gicas entre a Am\u00e9rica do Norte e destinos tur\u00edsticos do M\u00e9xico.<\/p>\n\n<h2 class=\"wp-block-heading\">Forte desempenho financeiro em 2025<\/h2>\n\n<p>O grupo encerrou 2025 com resultados financeiros robustos, sustentados por uma combina\u00e7\u00e3o de crescimento do tr\u00e1fego, ajustes tarif\u00e1rios e expans\u00e3o das atividades comerciais em seus aeroportos.<\/p>\n\n<p>A receita total aumentou de forma significativa em rela\u00e7\u00e3o ao ano anterior, impulsionada por crescimento de dois d\u00edgitos tanto nas receitas aeron\u00e1uticas quanto n\u00e3o aeron\u00e1uticas. Estas \u00faltimas \u2014 que incluem concess\u00f5es de varejo, alimenta\u00e7\u00e3o e bebidas, lojas duty-free e servi\u00e7os de transporte \u2014 registraram expans\u00e3o particularmente forte \u00e0 medida que os aeroportos continuaram a diversificar seus modelos de receita. <\/p>\n\n<p>A rentabilidade operacional tamb\u00e9m melhorou. O EBITDA atingiu aproximadamente MXN 5,1 bilh\u00f5es no quarto trimestre de 2025, refletindo ganhos de efici\u00eancia operacional e maior gera\u00e7\u00e3o de receitas comerciais em toda a rede. <\/p>\n\n<p>Apesar desse desempenho operacional positivo, o lucro l\u00edquido caiu em compara\u00e7\u00e3o com o ano anterior, principalmente devido a ajustes financeiros e cont\u00e1beis, e n\u00e3o a uma fraqueza operacional subjacente.<\/p>\n\n<h2 class=\"wp-block-heading\">Tr\u00e1fego de passageiros alcan\u00e7a quase 64 milh\u00f5es<\/h2>\n\n<p>Em toda a rede, o tr\u00e1fego de passageiros atingiu aproximadamente 63,7 milh\u00f5es de viajantes em 2025, registrando crescimento moderado, por\u00e9m est\u00e1vel, em compara\u00e7\u00e3o com 2024.<\/p>\n\n<p>Diversos aeroportos tiveram papel fundamental na sustenta\u00e7\u00e3o desse desempenho.<\/p>\n\n<p>O maior hub do grupo, o Guadalajara International Airport, movimentou mais de 18,7 milh\u00f5es de passageiros, consolidando sua posi\u00e7\u00e3o como uma das principais portas de entrada da avia\u00e7\u00e3o no M\u00e9xico.<\/p>\n\n<p>Enquanto isso, o Tijuana International Airport continuou a se beneficiar da forte demanda por viagens transfronteiri\u00e7as entre M\u00e9xico e Estados Unidos, enquanto destinos tur\u00edsticos como Los Cabos International Airport e Puerto Vallarta International Airport mantiveram volumes de tr\u00e1fego est\u00e1veis, sustentados pelo turismo de lazer proveniente da Am\u00e9rica do Norte.<\/p>\n\n<p>Juntos, esses aeroportos orientados ao turismo formam um dos corredores de avia\u00e7\u00e3o mais din\u00e2micos da Am\u00e9rica Latina.<\/p>\n\n<h2 class=\"wp-block-heading\">Furac\u00e3o impacta opera\u00e7\u00f5es no Caribe<\/h2>\n\n<p>Enquanto os aeroportos mexicanos registraram crescimento relativamente est\u00e1vel, as opera\u00e7\u00f5es do grupo no Caribe enfrentaram desafios mais significativos.<\/p>\n\n<p>A rede inclui dois aeroportos na Jamaica: Sangster International Airport, em Montego Bay, e Norman Manley International Airport, em Kingston.<\/p>\n\n<p>Montego Bay, principal porta de entrada tur\u00edstica do pa\u00eds, sofreu uma queda acentuada no tr\u00e1fego ap\u00f3s o furac\u00e3o Melissa, que for\u00e7ou o fechamento tempor\u00e1rio do aeroporto e interrompeu opera\u00e7\u00f5es durante o \u00faltimo trimestre de 2025. Como resultado, o volume de passageiros caiu significativamente em rela\u00e7\u00e3o ao ano anterior. <\/p>\n\n<p>O aeroporto de Kingston, por sua vez, demonstrou maior resili\u00eancia, registrando crescimento moderado apesar das interrup\u00e7\u00f5es regionais.<\/p>\n\n<p>Esses eventos evidenciam a vulnerabilidade da infraestrutura aeroportu\u00e1ria caribenha a fen\u00f4menos clim\u00e1ticos extremos, especialmente em destinos fortemente dependentes do turismo internacional.<\/p>\n\n<h2 class=\"wp-block-heading\">Tr\u00e1fego no in\u00edcio de 2026 mostra sinais de desacelera\u00e7\u00e3o<\/h2>\n\n<p>Os dados de tr\u00e1fego do in\u00edcio de 2026 sugerem um cen\u00e1rio mais cauteloso.<\/p>\n\n<p>Em toda a rede, o n\u00famero de passageiros caiu 2,2% em janeiro de 2026, com cerca de 5,5 milh\u00f5es de passageiros movimentados no m\u00eas. A desacelera\u00e7\u00e3o se intensificou em fevereiro, quando o tr\u00e1fego recuou 5,5% em compara\u00e7\u00e3o anual.<br\/> <\/p>\n\n<p>V\u00e1rios aeroportos importantes registraram queda nesse per\u00edodo, incluindo Tijuana e Puerto Vallarta, enquanto Guadalajara apresentou uma contra\u00e7\u00e3o mais moderada.<\/p>\n\n<p>Embora essa queda reflita parcialmente interrup\u00e7\u00f5es tempor\u00e1rias e n\u00e3o uma fraqueza estrutural da demanda, ela indica um per\u00edodo de ajuste ap\u00f3s a forte recupera\u00e7\u00e3o observada nos anos anteriores.<\/p>\n\n<h2 class=\"wp-block-heading\">Interrup\u00e7\u00f5es operacionais afetam hubs importantes<\/h2>\n\n<p>Eventos operacionais tamb\u00e9m contribu\u00edram para a volatilidade observada no in\u00edcio de 2026.<\/p>\n\n<p>Incidentes de seguran\u00e7a no oeste do M\u00e9xico provocaram uma s\u00e9rie de cancelamentos de voos em v\u00e1rios aeroportos da rede, especialmente em Guadalajara e Puerto Vallarta. Em apenas dois dias, mais de 200 voos foram cancelados, demonstrando como situa\u00e7\u00f5es locais de seguran\u00e7a podem impactar rapidamente as programa\u00e7\u00f5es das companhias a\u00e9reas e os volumes de tr\u00e1fego aeroportu\u00e1rio. <\/p>\n\n<p>Essas interrup\u00e7\u00f5es n\u00e3o s\u00e3o incomuns em redes aeroportu\u00e1rias complexas e normalmente s\u00e3o absorvidas ao longo dos meses seguintes, \u00e0 medida que as companhias ajustam suas opera\u00e7\u00f5es.<\/p>\n\n<h2 class=\"wp-block-heading\">Atividades comerciais impulsionam a rentabilidade aeroportu\u00e1ria<\/h2>\n\n<p>Uma das tend\u00eancias estruturais mais relevantes destacadas nos resultados \u00e9 o crescimento da import\u00e2ncia das receitas n\u00e3o aeron\u00e1uticas.<\/p>\n\n<p>Concess\u00f5es de varejo, servi\u00e7os de alimenta\u00e7\u00e3o e bebidas, transporte terrestre e atividades imobili\u00e1rias comerciais est\u00e3o se tornando centrais nos modelos de neg\u00f3cios aeroportu\u00e1rios em todo o mundo \u2014 e a rede aeroportu\u00e1ria do Pac\u00edfico n\u00e3o \u00e9 exce\u00e7\u00e3o.<\/p>\n\n<p>A forte expans\u00e3o desses segmentos comerciais ajudou a compensar a volatilidade no tr\u00e1fego de passageiros, ao mesmo tempo em que contribuiu para melhorar a rentabilidade geral.<\/p>\n\n<p>Essa estrat\u00e9gia de diversifica\u00e7\u00e3o reflete uma transforma\u00e7\u00e3o mais ampla no setor aeroportu\u00e1rio, no qual o consumo dos passageiros e as parcerias comerciais complementam cada vez mais as receitas aeron\u00e1uticas tradicionais.<\/p>\n\n<h2 class=\"wp-block-heading\">Perspectivas: crescimento moderado esperado em 2026<\/h2>\n\n<p>Apesar do in\u00edcio de ano mais fraco, o grupo espera que o crescimento moderado seja retomado ao longo de 2026.<\/p>\n\n<p>A administra\u00e7\u00e3o projeta um aumento do tr\u00e1fego de passageiros entre 2% e 5%, impulsionado pela continuidade da demanda tur\u00edstica, expans\u00e3o da conectividade a\u00e9rea e investimentos em infraestrutura em diversos aeroportos da rede.<\/p>\n\n<p>Espera-se que o crescimento das receitas permane\u00e7a robusto, com contribui\u00e7\u00f5es tanto das atividades aeron\u00e1uticas quanto comerciais. O grupo tamb\u00e9m planeja investimentos significativos em capital para ampliar capacidade e modernizar infraestrutura em v\u00e1rios aeroportos. <\/p>\n\n<h2 class=\"wp-block-heading\">Uma rede aeroportu\u00e1ria resiliente diante de volatilidade de curto prazo<\/h2>\n\n<p>De forma geral, os resultados destacam um sistema aeroportu\u00e1rio resiliente, fortemente ligado aos fluxos tur\u00edsticos e \u00e0 demanda por viagens transfronteiri\u00e7as.<\/p>\n\n<p>Embora os primeiros meses de 2026 revelem volatilidade de curto prazo \u2014 causada por eventos clim\u00e1ticos, interrup\u00e7\u00f5es operacionais e ajustes das companhias a\u00e9reas \u2014 os fundamentos estruturais da rede permanecem s\u00f3lidos.<\/p>\n\n<p>Para a regi\u00e3o do Pac\u00edfico mexicano e para importantes destinos tur\u00edsticos do Caribe, a recupera\u00e7\u00e3o cont\u00ednua das viagens internacionais e os investimentos estrat\u00e9gicos em aeroportos devem continuar sustentando o crescimento da avia\u00e7\u00e3o nos pr\u00f3ximos anos.<\/p>\n","protected":false},"excerpt":{"rendered":"<p>Ap\u00f3s um ano marcado por forte crescimento no n\u00famero de passageiros e desempenho financeiro s\u00f3lido, a rede aeroportu\u00e1ria operada pelo Grupo Aeroportuario del Pac\u00edfico (GAP) iniciou 2026 com sinais iniciais de volatilidade no tr\u00e1fego. Embora o grupo tenha movimentado quase 64 milh\u00f5es de passageiros em 2025, os primeiros meses de 2026 registraram queda no tr\u00e1fego [&hellip;]<\/p>\n","protected":false},"author":5,"featured_media":22257,"comment_status":"open","ping_status":"closed","sticky":false,"template":"","format":"standard","meta":{"footnotes":""},"categories":[104,98],"tags":[],"class_list":["post-22258","post","type-post","status-publish","format-standard","has-post-thumbnail","hentry","category-aeroportos-e-infraestrutura","category-aviacao"],"yoast_head":"<!-- This site is optimized with the Yoast SEO plugin v26.9 - https:\/\/yoast.com\/product\/yoast-seo-wordpress\/ -->\n<title>Grupo Aeroportuario del Pac\u00edfico enfrenta in\u00edcio de 2026<\/title>\n<meta name=\"description\" content=\"O tr\u00e1fego de passageiros em toda a rede aeroportu\u00e1ria do Grupo Aeroportuario del Pac\u00edfico mostra sinais precoces de desacelera\u00e7\u00e3o em 2026, ap\u00f3s um forte 2025\" \/>\n<meta name=\"robots\" content=\"index, follow, max-snippet:-1, max-image-preview:large, max-video-preview:-1\" \/>\n<link rel=\"canonical\" href=\"https:\/\/www.latitude-15.com\/pt-br\/rede-aeroportuaria-do-pacifico-no-mexico-enfrenta-desaceleracao-no-inicio-de-2026-apos-forte-crescimento-em-2025\/\" \/>\n<meta property=\"og:locale\" content=\"pt_BR\" \/>\n<meta property=\"og:type\" content=\"article\" \/>\n<meta property=\"og:title\" content=\"Grupo Aeroportuario del Pac\u00edfico enfrenta in\u00edcio de 2026\" \/>\n<meta property=\"og:description\" content=\"O tr\u00e1fego de passageiros em toda a rede aeroportu\u00e1ria do Grupo Aeroportuario del Pac\u00edfico mostra sinais precoces de desacelera\u00e7\u00e3o em 2026, ap\u00f3s um forte 2025\" \/>\n<meta property=\"og:url\" content=\"https:\/\/www.latitude-15.com\/pt-br\/rede-aeroportuaria-do-pacifico-no-mexico-enfrenta-desaceleracao-no-inicio-de-2026-apos-forte-crescimento-em-2025\/\" \/>\n<meta property=\"og:site_name\" content=\"LATITUDE 15\" \/>\n<meta property=\"article:published_time\" content=\"2026-03-31T14:50:43+00:00\" \/>\n<meta property=\"article:modified_time\" content=\"2026-03-31T16:34:22+00:00\" \/>\n<meta property=\"og:image\" content=\"https:\/\/www.latitude-15.com\/wp-content\/uploads\/2026\/03\/img7163920372610-1-1024x683.png\" \/>\n\t<meta property=\"og:image:width\" content=\"1024\" \/>\n\t<meta property=\"og:image:height\" content=\"683\" \/>\n\t<meta property=\"og:image:type\" content=\"image\/png\" \/>\n<meta name=\"author\" content=\"Joda J\" \/>\n<meta name=\"twitter:card\" content=\"summary_large_image\" \/>\n<meta name=\"twitter:label1\" content=\"Escrito por\" \/>\n\t<meta name=\"twitter:data1\" content=\"Joda J\" \/>\n\t<meta name=\"twitter:label2\" content=\"Est. tempo de leitura\" \/>\n\t<meta name=\"twitter:data2\" content=\"6 minutos\" \/>\n<script type=\"application\/ld+json\" class=\"yoast-schema-graph\">{\"@context\":\"https:\/\/schema.org\",\"@graph\":[{\"@type\":\"Article\",\"@id\":\"https:\/\/www.latitude-15.com\/pt-br\/rede-aeroportuaria-do-pacifico-no-mexico-enfrenta-desaceleracao-no-inicio-de-2026-apos-forte-crescimento-em-2025\/#article\",\"isPartOf\":{\"@id\":\"https:\/\/www.latitude-15.com\/pt-br\/rede-aeroportuaria-do-pacifico-no-mexico-enfrenta-desaceleracao-no-inicio-de-2026-apos-forte-crescimento-em-2025\/\"},\"author\":{\"name\":\"Joda J\",\"@id\":\"https:\/\/www.latitude-15.com\/pt-br\/#\/schema\/person\/dac52e7ff44c78317f337da112e37252\"},\"headline\":\"Rede aeroportu\u00e1ria do Pac\u00edfico no M\u00e9xico enfrenta desacelera\u00e7\u00e3o no in\u00edcio de 2026 ap\u00f3s forte crescimento em 2025\",\"datePublished\":\"2026-03-31T14:50:43+00:00\",\"dateModified\":\"2026-03-31T16:34:22+00:00\",\"mainEntityOfPage\":{\"@id\":\"https:\/\/www.latitude-15.com\/pt-br\/rede-aeroportuaria-do-pacifico-no-mexico-enfrenta-desaceleracao-no-inicio-de-2026-apos-forte-crescimento-em-2025\/\"},\"wordCount\":1191,\"commentCount\":0,\"publisher\":{\"@id\":\"https:\/\/www.latitude-15.com\/pt-br\/#organization\"},\"image\":{\"@id\":\"https:\/\/www.latitude-15.com\/pt-br\/rede-aeroportuaria-do-pacifico-no-mexico-enfrenta-desaceleracao-no-inicio-de-2026-apos-forte-crescimento-em-2025\/#primaryimage\"},\"thumbnailUrl\":\"https:\/\/www.latitude-15.com\/wp-content\/uploads\/2026\/03\/img7163920372610-1.png\",\"articleSection\":[\"Aeroportos e infraestrutura\",\"AVIA\u00c7\u00c3O\"],\"inLanguage\":\"pt-BR\",\"potentialAction\":[{\"@type\":\"CommentAction\",\"name\":\"Comment\",\"target\":[\"https:\/\/www.latitude-15.com\/pt-br\/rede-aeroportuaria-do-pacifico-no-mexico-enfrenta-desaceleracao-no-inicio-de-2026-apos-forte-crescimento-em-2025\/#respond\"]}]},{\"@type\":\"WebPage\",\"@id\":\"https:\/\/www.latitude-15.com\/pt-br\/rede-aeroportuaria-do-pacifico-no-mexico-enfrenta-desaceleracao-no-inicio-de-2026-apos-forte-crescimento-em-2025\/\",\"url\":\"https:\/\/www.latitude-15.com\/pt-br\/rede-aeroportuaria-do-pacifico-no-mexico-enfrenta-desaceleracao-no-inicio-de-2026-apos-forte-crescimento-em-2025\/\",\"name\":\"Grupo Aeroportuario del Pac\u00edfico enfrenta in\u00edcio de 2026\",\"isPartOf\":{\"@id\":\"https:\/\/www.latitude-15.com\/pt-br\/#website\"},\"primaryImageOfPage\":{\"@id\":\"https:\/\/www.latitude-15.com\/pt-br\/rede-aeroportuaria-do-pacifico-no-mexico-enfrenta-desaceleracao-no-inicio-de-2026-apos-forte-crescimento-em-2025\/#primaryimage\"},\"image\":{\"@id\":\"https:\/\/www.latitude-15.com\/pt-br\/rede-aeroportuaria-do-pacifico-no-mexico-enfrenta-desaceleracao-no-inicio-de-2026-apos-forte-crescimento-em-2025\/#primaryimage\"},\"thumbnailUrl\":\"https:\/\/www.latitude-15.com\/wp-content\/uploads\/2026\/03\/img7163920372610-1.png\",\"datePublished\":\"2026-03-31T14:50:43+00:00\",\"dateModified\":\"2026-03-31T16:34:22+00:00\",\"description\":\"O tr\u00e1fego de passageiros em toda a rede aeroportu\u00e1ria do Grupo Aeroportuario del Pac\u00edfico mostra sinais precoces de desacelera\u00e7\u00e3o em 2026, ap\u00f3s um forte 2025\",\"breadcrumb\":{\"@id\":\"https:\/\/www.latitude-15.com\/pt-br\/rede-aeroportuaria-do-pacifico-no-mexico-enfrenta-desaceleracao-no-inicio-de-2026-apos-forte-crescimento-em-2025\/#breadcrumb\"},\"inLanguage\":\"pt-BR\",\"potentialAction\":[{\"@type\":\"ReadAction\",\"target\":[\"https:\/\/www.latitude-15.com\/pt-br\/rede-aeroportuaria-do-pacifico-no-mexico-enfrenta-desaceleracao-no-inicio-de-2026-apos-forte-crescimento-em-2025\/\"]}]},{\"@type\":\"ImageObject\",\"inLanguage\":\"pt-BR\",\"@id\":\"https:\/\/www.latitude-15.com\/pt-br\/rede-aeroportuaria-do-pacifico-no-mexico-enfrenta-desaceleracao-no-inicio-de-2026-apos-forte-crescimento-em-2025\/#primaryimage\",\"url\":\"https:\/\/www.latitude-15.com\/wp-content\/uploads\/2026\/03\/img7163920372610-1.png\",\"contentUrl\":\"https:\/\/www.latitude-15.com\/wp-content\/uploads\/2026\/03\/img7163920372610-1.png\",\"width\":1536,\"height\":1024},{\"@type\":\"BreadcrumbList\",\"@id\":\"https:\/\/www.latitude-15.com\/pt-br\/rede-aeroportuaria-do-pacifico-no-mexico-enfrenta-desaceleracao-no-inicio-de-2026-apos-forte-crescimento-em-2025\/#breadcrumb\",\"itemListElement\":[{\"@type\":\"ListItem\",\"position\":1,\"name\":\"Home\",\"item\":\"https:\/\/www.latitude-15.com\/pt-br\/inicio\/\"},{\"@type\":\"ListItem\",\"position\":2,\"name\":\"Rede aeroportu\u00e1ria do Pac\u00edfico no M\u00e9xico enfrenta desacelera\u00e7\u00e3o no in\u00edcio de 2026 ap\u00f3s forte crescimento em 2025\"}]},{\"@type\":\"WebSite\",\"@id\":\"https:\/\/www.latitude-15.com\/pt-br\/#website\",\"url\":\"https:\/\/www.latitude-15.com\/pt-br\/\",\"name\":\"LATITUDE 15\",\"description\":\"Aviation and maritime Magazine - Caribbean &amp; Latin America\",\"publisher\":{\"@id\":\"https:\/\/www.latitude-15.com\/pt-br\/#organization\"},\"potentialAction\":[{\"@type\":\"SearchAction\",\"target\":{\"@type\":\"EntryPoint\",\"urlTemplate\":\"https:\/\/www.latitude-15.com\/pt-br\/?s={search_term_string}\"},\"query-input\":{\"@type\":\"PropertyValueSpecification\",\"valueRequired\":true,\"valueName\":\"search_term_string\"}}],\"inLanguage\":\"pt-BR\"},{\"@type\":\"Organization\",\"@id\":\"https:\/\/www.latitude-15.com\/pt-br\/#organization\",\"name\":\"LATITUDE 15\",\"url\":\"https:\/\/www.latitude-15.com\/pt-br\/\",\"logo\":{\"@type\":\"ImageObject\",\"inLanguage\":\"pt-BR\",\"@id\":\"https:\/\/www.latitude-15.com\/pt-br\/#\/schema\/logo\/image\/\",\"url\":\"https:\/\/www.latitude-15.com\/wp-content\/uploads\/2026\/01\/cropped-logox500px.png\",\"contentUrl\":\"https:\/\/www.latitude-15.com\/wp-content\/uploads\/2026\/01\/cropped-logox500px.png\",\"width\":62,\"height\":75,\"caption\":\"LATITUDE 15\"},\"image\":{\"@id\":\"https:\/\/www.latitude-15.com\/pt-br\/#\/schema\/logo\/image\/\"}},{\"@type\":\"Person\",\"@id\":\"https:\/\/www.latitude-15.com\/pt-br\/#\/schema\/person\/dac52e7ff44c78317f337da112e37252\",\"name\":\"Joda J\",\"image\":{\"@type\":\"ImageObject\",\"inLanguage\":\"pt-BR\",\"@id\":\"https:\/\/www.latitude-15.com\/pt-br\/#\/schema\/person\/image\/\",\"url\":\"https:\/\/secure.gravatar.com\/avatar\/6b1feae555e15404b76616f92d931d12b25ac58024f14ccb43d9d3c012e4c4cf?s=96&d=mm&r=g\",\"contentUrl\":\"https:\/\/secure.gravatar.com\/avatar\/6b1feae555e15404b76616f92d931d12b25ac58024f14ccb43d9d3c012e4c4cf?s=96&d=mm&r=g\",\"caption\":\"Joda J\"},\"url\":\"https:\/\/www.latitude-15.com\/pt-br\/author\/joda\/\"}]}<\/script>\n<!-- \/ Yoast SEO plugin. -->","yoast_head_json":{"title":"Grupo Aeroportuario del Pac\u00edfico enfrenta in\u00edcio de 2026","description":"O tr\u00e1fego de passageiros em toda a rede aeroportu\u00e1ria do Grupo Aeroportuario del Pac\u00edfico mostra sinais precoces de desacelera\u00e7\u00e3o em 2026, ap\u00f3s um forte 2025","robots":{"index":"index","follow":"follow","max-snippet":"max-snippet:-1","max-image-preview":"max-image-preview:large","max-video-preview":"max-video-preview:-1"},"canonical":"https:\/\/www.latitude-15.com\/pt-br\/rede-aeroportuaria-do-pacifico-no-mexico-enfrenta-desaceleracao-no-inicio-de-2026-apos-forte-crescimento-em-2025\/","og_locale":"pt_BR","og_type":"article","og_title":"Grupo Aeroportuario del Pac\u00edfico enfrenta in\u00edcio de 2026","og_description":"O tr\u00e1fego de passageiros em toda a rede aeroportu\u00e1ria do Grupo Aeroportuario del Pac\u00edfico mostra sinais precoces de desacelera\u00e7\u00e3o em 2026, ap\u00f3s um forte 2025","og_url":"https:\/\/www.latitude-15.com\/pt-br\/rede-aeroportuaria-do-pacifico-no-mexico-enfrenta-desaceleracao-no-inicio-de-2026-apos-forte-crescimento-em-2025\/","og_site_name":"LATITUDE 15","article_published_time":"2026-03-31T14:50:43+00:00","article_modified_time":"2026-03-31T16:34:22+00:00","og_image":[{"width":1024,"height":683,"url":"https:\/\/www.latitude-15.com\/wp-content\/uploads\/2026\/03\/img7163920372610-1-1024x683.png","type":"image\/png"}],"author":"Joda J","twitter_card":"summary_large_image","twitter_misc":{"Escrito por":"Joda J","Est. tempo de leitura":"6 minutos"},"schema":{"@context":"https:\/\/schema.org","@graph":[{"@type":"Article","@id":"https:\/\/www.latitude-15.com\/pt-br\/rede-aeroportuaria-do-pacifico-no-mexico-enfrenta-desaceleracao-no-inicio-de-2026-apos-forte-crescimento-em-2025\/#article","isPartOf":{"@id":"https:\/\/www.latitude-15.com\/pt-br\/rede-aeroportuaria-do-pacifico-no-mexico-enfrenta-desaceleracao-no-inicio-de-2026-apos-forte-crescimento-em-2025\/"},"author":{"name":"Joda J","@id":"https:\/\/www.latitude-15.com\/pt-br\/#\/schema\/person\/dac52e7ff44c78317f337da112e37252"},"headline":"Rede aeroportu\u00e1ria do Pac\u00edfico no M\u00e9xico enfrenta desacelera\u00e7\u00e3o no in\u00edcio de 2026 ap\u00f3s forte crescimento em 2025","datePublished":"2026-03-31T14:50:43+00:00","dateModified":"2026-03-31T16:34:22+00:00","mainEntityOfPage":{"@id":"https:\/\/www.latitude-15.com\/pt-br\/rede-aeroportuaria-do-pacifico-no-mexico-enfrenta-desaceleracao-no-inicio-de-2026-apos-forte-crescimento-em-2025\/"},"wordCount":1191,"commentCount":0,"publisher":{"@id":"https:\/\/www.latitude-15.com\/pt-br\/#organization"},"image":{"@id":"https:\/\/www.latitude-15.com\/pt-br\/rede-aeroportuaria-do-pacifico-no-mexico-enfrenta-desaceleracao-no-inicio-de-2026-apos-forte-crescimento-em-2025\/#primaryimage"},"thumbnailUrl":"https:\/\/www.latitude-15.com\/wp-content\/uploads\/2026\/03\/img7163920372610-1.png","articleSection":["Aeroportos e infraestrutura","AVIA\u00c7\u00c3O"],"inLanguage":"pt-BR","potentialAction":[{"@type":"CommentAction","name":"Comment","target":["https:\/\/www.latitude-15.com\/pt-br\/rede-aeroportuaria-do-pacifico-no-mexico-enfrenta-desaceleracao-no-inicio-de-2026-apos-forte-crescimento-em-2025\/#respond"]}]},{"@type":"WebPage","@id":"https:\/\/www.latitude-15.com\/pt-br\/rede-aeroportuaria-do-pacifico-no-mexico-enfrenta-desaceleracao-no-inicio-de-2026-apos-forte-crescimento-em-2025\/","url":"https:\/\/www.latitude-15.com\/pt-br\/rede-aeroportuaria-do-pacifico-no-mexico-enfrenta-desaceleracao-no-inicio-de-2026-apos-forte-crescimento-em-2025\/","name":"Grupo Aeroportuario del Pac\u00edfico enfrenta in\u00edcio de 2026","isPartOf":{"@id":"https:\/\/www.latitude-15.com\/pt-br\/#website"},"primaryImageOfPage":{"@id":"https:\/\/www.latitude-15.com\/pt-br\/rede-aeroportuaria-do-pacifico-no-mexico-enfrenta-desaceleracao-no-inicio-de-2026-apos-forte-crescimento-em-2025\/#primaryimage"},"image":{"@id":"https:\/\/www.latitude-15.com\/pt-br\/rede-aeroportuaria-do-pacifico-no-mexico-enfrenta-desaceleracao-no-inicio-de-2026-apos-forte-crescimento-em-2025\/#primaryimage"},"thumbnailUrl":"https:\/\/www.latitude-15.com\/wp-content\/uploads\/2026\/03\/img7163920372610-1.png","datePublished":"2026-03-31T14:50:43+00:00","dateModified":"2026-03-31T16:34:22+00:00","description":"O tr\u00e1fego de passageiros em toda a rede aeroportu\u00e1ria do Grupo Aeroportuario del Pac\u00edfico mostra sinais precoces de desacelera\u00e7\u00e3o em 2026, ap\u00f3s um forte 2025","breadcrumb":{"@id":"https:\/\/www.latitude-15.com\/pt-br\/rede-aeroportuaria-do-pacifico-no-mexico-enfrenta-desaceleracao-no-inicio-de-2026-apos-forte-crescimento-em-2025\/#breadcrumb"},"inLanguage":"pt-BR","potentialAction":[{"@type":"ReadAction","target":["https:\/\/www.latitude-15.com\/pt-br\/rede-aeroportuaria-do-pacifico-no-mexico-enfrenta-desaceleracao-no-inicio-de-2026-apos-forte-crescimento-em-2025\/"]}]},{"@type":"ImageObject","inLanguage":"pt-BR","@id":"https:\/\/www.latitude-15.com\/pt-br\/rede-aeroportuaria-do-pacifico-no-mexico-enfrenta-desaceleracao-no-inicio-de-2026-apos-forte-crescimento-em-2025\/#primaryimage","url":"https:\/\/www.latitude-15.com\/wp-content\/uploads\/2026\/03\/img7163920372610-1.png","contentUrl":"https:\/\/www.latitude-15.com\/wp-content\/uploads\/2026\/03\/img7163920372610-1.png","width":1536,"height":1024},{"@type":"BreadcrumbList","@id":"https:\/\/www.latitude-15.com\/pt-br\/rede-aeroportuaria-do-pacifico-no-mexico-enfrenta-desaceleracao-no-inicio-de-2026-apos-forte-crescimento-em-2025\/#breadcrumb","itemListElement":[{"@type":"ListItem","position":1,"name":"Home","item":"https:\/\/www.latitude-15.com\/pt-br\/inicio\/"},{"@type":"ListItem","position":2,"name":"Rede aeroportu\u00e1ria do Pac\u00edfico no M\u00e9xico enfrenta desacelera\u00e7\u00e3o no in\u00edcio de 2026 ap\u00f3s forte crescimento em 2025"}]},{"@type":"WebSite","@id":"https:\/\/www.latitude-15.com\/pt-br\/#website","url":"https:\/\/www.latitude-15.com\/pt-br\/","name":"LATITUDE 15","description":"Aviation and maritime Magazine - Caribbean &amp; Latin America","publisher":{"@id":"https:\/\/www.latitude-15.com\/pt-br\/#organization"},"potentialAction":[{"@type":"SearchAction","target":{"@type":"EntryPoint","urlTemplate":"https:\/\/www.latitude-15.com\/pt-br\/?s={search_term_string}"},"query-input":{"@type":"PropertyValueSpecification","valueRequired":true,"valueName":"search_term_string"}}],"inLanguage":"pt-BR"},{"@type":"Organization","@id":"https:\/\/www.latitude-15.com\/pt-br\/#organization","name":"LATITUDE 15","url":"https:\/\/www.latitude-15.com\/pt-br\/","logo":{"@type":"ImageObject","inLanguage":"pt-BR","@id":"https:\/\/www.latitude-15.com\/pt-br\/#\/schema\/logo\/image\/","url":"https:\/\/www.latitude-15.com\/wp-content\/uploads\/2026\/01\/cropped-logox500px.png","contentUrl":"https:\/\/www.latitude-15.com\/wp-content\/uploads\/2026\/01\/cropped-logox500px.png","width":62,"height":75,"caption":"LATITUDE 15"},"image":{"@id":"https:\/\/www.latitude-15.com\/pt-br\/#\/schema\/logo\/image\/"}},{"@type":"Person","@id":"https:\/\/www.latitude-15.com\/pt-br\/#\/schema\/person\/dac52e7ff44c78317f337da112e37252","name":"Joda J","image":{"@type":"ImageObject","inLanguage":"pt-BR","@id":"https:\/\/www.latitude-15.com\/pt-br\/#\/schema\/person\/image\/","url":"https:\/\/secure.gravatar.com\/avatar\/6b1feae555e15404b76616f92d931d12b25ac58024f14ccb43d9d3c012e4c4cf?s=96&d=mm&r=g","contentUrl":"https:\/\/secure.gravatar.com\/avatar\/6b1feae555e15404b76616f92d931d12b25ac58024f14ccb43d9d3c012e4c4cf?s=96&d=mm&r=g","caption":"Joda J"},"url":"https:\/\/www.latitude-15.com\/pt-br\/author\/joda\/"}]}},"_links":{"self":[{"href":"https:\/\/www.latitude-15.com\/pt-br\/wp-json\/wp\/v2\/posts\/22258","targetHints":{"allow":["GET"]}}],"collection":[{"href":"https:\/\/www.latitude-15.com\/pt-br\/wp-json\/wp\/v2\/posts"}],"about":[{"href":"https:\/\/www.latitude-15.com\/pt-br\/wp-json\/wp\/v2\/types\/post"}],"author":[{"embeddable":true,"href":"https:\/\/www.latitude-15.com\/pt-br\/wp-json\/wp\/v2\/users\/5"}],"replies":[{"embeddable":true,"href":"https:\/\/www.latitude-15.com\/pt-br\/wp-json\/wp\/v2\/comments?post=22258"}],"version-history":[{"count":1,"href":"https:\/\/www.latitude-15.com\/pt-br\/wp-json\/wp\/v2\/posts\/22258\/revisions"}],"predecessor-version":[{"id":22260,"href":"https:\/\/www.latitude-15.com\/pt-br\/wp-json\/wp\/v2\/posts\/22258\/revisions\/22260"}],"wp:featuredmedia":[{"embeddable":true,"href":"https:\/\/www.latitude-15.com\/pt-br\/wp-json\/wp\/v2\/media\/22257"}],"wp:attachment":[{"href":"https:\/\/www.latitude-15.com\/pt-br\/wp-json\/wp\/v2\/media?parent=22258"}],"wp:term":[{"taxonomy":"category","embeddable":true,"href":"https:\/\/www.latitude-15.com\/pt-br\/wp-json\/wp\/v2\/categories?post=22258"},{"taxonomy":"post_tag","embeddable":true,"href":"https:\/\/www.latitude-15.com\/pt-br\/wp-json\/wp\/v2\/tags?post=22258"}],"curies":[{"name":"wp","href":"https:\/\/api.w.org\/{rel}","templated":true}]}}