{"id":22168,"date":"2026-03-27T14:24:47","date_gmt":"2026-03-27T18:24:47","guid":{"rendered":"https:\/\/www.latitude-15.com\/latam-airlines-reforca-a-conectividade-entre-a-america-do-sul-e-o-caribe-com-servico-diario-lima-aruba\/"},"modified":"2026-03-27T15:58:52","modified_gmt":"2026-03-27T19:58:52","slug":"latam-airlines-reforca-a-conectividade-entre-a-america-do-sul-e-o-caribe-com-servico-diario-lima-aruba","status":"publish","type":"post","link":"https:\/\/www.latitude-15.com\/pt-br\/latam-airlines-reforca-a-conectividade-entre-a-america-do-sul-e-o-caribe-com-servico-diario-lima-aruba\/","title":{"rendered":"LATAM Airlines refor\u00e7a a conectividade entre a Am\u00e9rica do Sul e o Caribe com servi\u00e7o di\u00e1rio Lima\u2013Aruba"},"content":{"rendered":"\n<p>A conectividade a\u00e9rea entre a Am\u00e9rica do Sul e o Caribe continua se aprofundando \u00e0 medida que a LATAM Airlines se prepara para ampliar sua rota Lima\u2013Aruba para um servi\u00e7o di\u00e1rio a partir de abril de 2026. O aumento da frequ\u00eancia representa um passo importante na estrat\u00e9gia de Aruba para fortalecer seus v\u00ednculos com os mercados sul-americanos, ao mesmo tempo em que aproveita a rede regional da LATAM para ampliar a acessibilidade internacional da ilha. <\/p>\n\n<p>At\u00e9 agora operada cinco vezes por semana, a rota passar\u00e1 a contar com sete voos semanais, com duas frequ\u00eancias adicionais. A mudan\u00e7a tamb\u00e9m consolida Lima como um importante gateway conectando Aruba a uma rede mais ampla de destinos na Am\u00e9rica do Sul.<\/p>\n\n<h2 class=\"wp-block-heading\">Um corredor Lima\u2013Aruba em expans\u00e3o<\/h2>\n\n<p>A amplia\u00e7\u00e3o representa um aumento concreto da capacidade de assentos entre Peru e Aruba. De acordo com o an\u00fancio, os dois novos voos semanais acrescentar\u00e3o 348 assentos adicionais por semana na rota. <\/p>\n\n<p>Com a implementa\u00e7\u00e3o da nova programa\u00e7\u00e3o, a conex\u00e3o Lima\u2013Aruba passar\u00e1 a oferecer mais de 1.200 assentos por semana em cada dire\u00e7\u00e3o, representando um crescimento estimado de 40% na capacidade de assentos em rela\u00e7\u00e3o ao ano anterior em 2026.<\/p>\n\n<p>Em base anual, as frequ\u00eancias adicionais dever\u00e3o gerar mais de 18.000 novos assentos no mercado Peru\u2013Aruba. Para os stakeholders do setor de avia\u00e7\u00e3o e turismo de Aruba, essa capacidade adicional foi projetada para apoiar o crescimento cont\u00ednuo das chegadas de visitantes provenientes da Am\u00e9rica do Sul. <\/p>\n\n<h2 class=\"wp-block-heading\">Refor\u00e7ando o acesso de Aruba aos mercados sul-americanos<\/h2>\n\n<p>Para o destino, a rota desempenha um papel fundamental na diversifica\u00e7\u00e3o dos fluxos tur\u00edsticos de entrada. Destinos do Caribe v\u00eam buscando ampliar sua presen\u00e7a al\u00e9m dos mercados tradicionais da Am\u00e9rica do Norte e Europa, e a Am\u00e9rica do Sul tem se destacado como uma regi\u00e3o com forte potencial de crescimento. <\/p>\n\n<p>Segundo Ronella Croes, CEO da Aruba Tourism Authority, a parceria com a LATAM possui especial import\u00e2ncia estrat\u00e9gica.<\/p>\n\n<p>\u201cComo uma companhia a\u00e9rea tradicional, eles transportam um segmento de viajantes de alto valor em toda a regi\u00e3o da Am\u00e9rica Latina\u201d, afirmou, destacando que a conectividade refor\u00e7ada fortalece os v\u00ednculos de Aruba com importantes mercados como Peru, Chile, Argentina e Brasil.<\/p>\n\n<p>A introdu\u00e7\u00e3o do servi\u00e7o di\u00e1rio dever\u00e1 facilitar o planejamento das viagens e aumentar a visibilidade de Aruba no cen\u00e1rio tur\u00edstico regional.<\/p>\n\n<h2 class=\"wp-block-heading\">O papel estrat\u00e9gico do hub da LATAM em Lima<\/h2>\n\n<p>A rota Lima\u2013Aruba tamb\u00e9m se beneficia da estrutura de hubs da LATAM no Peru. Operada com aeronaves Airbus A320, a liga\u00e7\u00e3o conecta Aruba diretamente ao hub da LATAM em Lima, oferecendo conex\u00f5es eficientes para uma rede mais ampla de destinos na Am\u00e9rica do Sul. <\/p>\n\n<p>A partir de Lima, os viajantes podem acessar diversas grandes cidades do continente, incluindo Santiago, Buenos Aires, Montevid\u00e9u e Quito, ampliando significativamente a conectividade de Aruba para al\u00e9m do mercado peruano.<\/p>\n\n<p>Essa conectividade via hub demonstra como uma \u00fanica rota pode funcionar como uma porta de entrada estrat\u00e9gica, conectando destinos do Caribe a diversos mercados regionais e refor\u00e7ando o papel de Lima como um importante ponto de redistribui\u00e7\u00e3o dentro da rede da LATAM.<\/p>\n\n<h2 class=\"wp-block-heading\">Parcerias impulsionando o desenvolvimento de rotas<\/h2>\n\n<p>A expans\u00e3o tamb\u00e9m reflete a crescente colabora\u00e7\u00e3o entre os setores de avia\u00e7\u00e3o e turismo. O an\u00fancio ocorreu ap\u00f3s reuni\u00f5es realizadas durante o Routes Americas 2026, em Rio de Janeiro, um dos principais f\u00f3runs regionais dedicados ao desenvolvimento de rotas a\u00e9reas, onde companhias a\u00e9reas, aeroportos e autoridades de turismo se re\u00fanem para negociar e expandir redes de voos. <\/p>\n\n<p>Durante o evento, o LATAM Airlines Group recebeu o Airline Partnership Award, reconhecendo a colabora\u00e7\u00e3o da companhia com a Aruba Airport Authority e parceiros do setor tur\u00edstico no desenvolvimento e fortalecimento da conectividade com a ilha.<\/p>\n\n<p>Esse tipo de parceria tornou-se cada vez mais central nas estrat\u00e9gias de desenvolvimento de rotas, com destinos e companhias a\u00e9reas trabalhando em conjunto para estimular a demanda de passageiros e garantir a viabilidade das rotas no longo prazo.<\/p>\n\n<h2 class=\"wp-block-heading\">A for\u00e7a da rede regional da LATAM<\/h2>\n\n<p>A expans\u00e3o tamb\u00e9m reflete a dimens\u00e3o da rede do LATAM Airlines Group. Como o maior grupo a\u00e9reo da Am\u00e9rica Latina, a LATAM atende mais de 160 destinos em cerca de 30 pa\u00edses. <\/p>\n\n<p>Sua estrutura multi-hub \u2014 incluindo grandes hubs em Lima, Santiago, S\u00e3o Paulo e Bogot\u00e1 \u2014 permite conectar viajantes por todo o continente, al\u00e9m de ligar a Am\u00e9rica do Sul a destinos nas Am\u00e9ricas, Europa e outros mercados globais.<\/p>\n\n<p>Dentro desse contexto, a rota Lima\u2013Aruba faz parte de uma estrat\u00e9gia mais ampla destinada a fortalecer a conectividade regional e expandir os fluxos de viagem entre a Am\u00e9rica do Sul e os destinos do Caribe.<\/p>\n\n<h2 class=\"wp-block-heading\">Um gateway mais forte para Aruba<\/h2>\n\n<p>A transi\u00e7\u00e3o para um servi\u00e7o di\u00e1rio tamb\u00e9m refor\u00e7a o papel do Queen Beatrix International Airport como um importante gateway conectando Aruba aos mercados internacionais. Ao aumentar a frequ\u00eancia de voos e a capacidade de assentos, a rota melhora a acessibilidade para os viajantes e apoia a estrat\u00e9gia de diversifica\u00e7\u00e3o tur\u00edstica da ilha no longo prazo. <\/p>\n\n<p>\u00c0 medida que a demanda por viagens provenientes da Am\u00e9rica do Sul continua a crescer, o corredor Lima\u2013Aruba tende a desempenhar um papel cada vez mais relevante na liga\u00e7\u00e3o entre o destino caribenho e um dos mercados emissores de turistas que mais cresce na regi\u00e3o.<\/p>\n","protected":false},"excerpt":{"rendered":"<p>A conectividade a\u00e9rea entre a Am\u00e9rica do Sul e o Caribe continua se aprofundando \u00e0 medida que a LATAM Airlines se prepara para ampliar sua rota Lima\u2013Aruba para um servi\u00e7o di\u00e1rio a partir de abril de 2026. O aumento da frequ\u00eancia representa um passo importante na estrat\u00e9gia de Aruba para fortalecer seus v\u00ednculos com os [&hellip;]<\/p>\n","protected":false},"author":5,"featured_media":22167,"comment_status":"open","ping_status":"closed","sticky":false,"template":"","format":"standard","meta":{"footnotes":""},"categories":[98,101],"tags":[],"class_list":["post-22168","post","type-post","status-publish","format-standard","has-post-thumbnail","hentry","category-aviacao","category-conectividade-aerea-e-atratividade-territorial"],"yoast_head":"<!-- This site is optimized with the Yoast SEO plugin v26.9 - https:\/\/yoast.com\/product\/yoast-seo-wordpress\/ -->\n<title>LATAM Airlines refor\u00e7a a conectividade entre a Am\u00e9rica do Sul e o Caribe com servi\u00e7o di\u00e1rio Lima\u2013Aruba - LATITUDE 15<\/title>\n<meta name=\"description\" content=\"A LATAM Airlines operar\u00e1 voos di\u00e1rios entre Lima e Aruba a partir de abril de 2026, fortalecendo a conectividade Am\u00e9rica do Sul\u2013Caribe\" \/>\n<meta name=\"robots\" content=\"index, follow, max-snippet:-1, max-image-preview:large, max-video-preview:-1\" \/>\n<link rel=\"canonical\" href=\"https:\/\/www.latitude-15.com\/pt-br\/latam-airlines-reforca-a-conectividade-entre-a-america-do-sul-e-o-caribe-com-servico-diario-lima-aruba\/\" \/>\n<meta property=\"og:locale\" content=\"pt_BR\" \/>\n<meta property=\"og:type\" content=\"article\" \/>\n<meta property=\"og:title\" content=\"LATAM Airlines refor\u00e7a a conectividade entre a Am\u00e9rica do Sul e o Caribe com servi\u00e7o di\u00e1rio Lima\u2013Aruba - LATITUDE 15\" \/>\n<meta property=\"og:description\" content=\"A LATAM Airlines operar\u00e1 voos di\u00e1rios entre Lima e Aruba a partir de abril de 2026, fortalecendo a conectividade Am\u00e9rica do Sul\u2013Caribe\" \/>\n<meta property=\"og:url\" content=\"https:\/\/www.latitude-15.com\/pt-br\/latam-airlines-reforca-a-conectividade-entre-a-america-do-sul-e-o-caribe-com-servico-diario-lima-aruba\/\" \/>\n<meta property=\"og:site_name\" content=\"LATITUDE 15\" \/>\n<meta property=\"article:published_time\" content=\"2026-03-27T18:24:47+00:00\" \/>\n<meta property=\"article:modified_time\" content=\"2026-03-27T19:58:52+00:00\" \/>\n<meta property=\"og:image\" content=\"https:\/\/www.latitude-15.com\/wp-content\/uploads\/2026\/03\/pexels-franco-monsalvo-252430633-29411154.jpg\" \/>\n\t<meta property=\"og:image:width\" content=\"1920\" \/>\n\t<meta property=\"og:image:height\" content=\"1280\" \/>\n\t<meta property=\"og:image:type\" content=\"image\/jpeg\" \/>\n<meta name=\"author\" content=\"Joda J\" \/>\n<meta name=\"twitter:card\" content=\"summary_large_image\" \/>\n<meta name=\"twitter:label1\" content=\"Escrito por\" \/>\n\t<meta name=\"twitter:data1\" content=\"Joda J\" \/>\n\t<meta name=\"twitter:label2\" content=\"Est. tempo de leitura\" \/>\n\t<meta name=\"twitter:data2\" content=\"5 minutos\" \/>\n<script type=\"application\/ld+json\" class=\"yoast-schema-graph\">{\"@context\":\"https:\/\/schema.org\",\"@graph\":[{\"@type\":\"Article\",\"@id\":\"https:\/\/www.latitude-15.com\/pt-br\/latam-airlines-reforca-a-conectividade-entre-a-america-do-sul-e-o-caribe-com-servico-diario-lima-aruba\/#article\",\"isPartOf\":{\"@id\":\"https:\/\/www.latitude-15.com\/pt-br\/latam-airlines-reforca-a-conectividade-entre-a-america-do-sul-e-o-caribe-com-servico-diario-lima-aruba\/\"},\"author\":{\"name\":\"Joda J\",\"@id\":\"https:\/\/www.latitude-15.com\/pt-br\/#\/schema\/person\/dac52e7ff44c78317f337da112e37252\"},\"headline\":\"LATAM Airlines refor\u00e7a a conectividade entre a Am\u00e9rica do Sul e o Caribe com servi\u00e7o di\u00e1rio Lima\u2013Aruba\",\"datePublished\":\"2026-03-27T18:24:47+00:00\",\"dateModified\":\"2026-03-27T19:58:52+00:00\",\"mainEntityOfPage\":{\"@id\":\"https:\/\/www.latitude-15.com\/pt-br\/latam-airlines-reforca-a-conectividade-entre-a-america-do-sul-e-o-caribe-com-servico-diario-lima-aruba\/\"},\"wordCount\":968,\"commentCount\":0,\"publisher\":{\"@id\":\"https:\/\/www.latitude-15.com\/pt-br\/#organization\"},\"image\":{\"@id\":\"https:\/\/www.latitude-15.com\/pt-br\/latam-airlines-reforca-a-conectividade-entre-a-america-do-sul-e-o-caribe-com-servico-diario-lima-aruba\/#primaryimage\"},\"thumbnailUrl\":\"https:\/\/www.latitude-15.com\/wp-content\/uploads\/2026\/03\/pexels-franco-monsalvo-252430633-29411154.jpg\",\"articleSection\":[\"AVIA\u00c7\u00c3O\",\"Conectividade a\u00e9rea e Atratividade territorial\"],\"inLanguage\":\"pt-BR\",\"potentialAction\":[{\"@type\":\"CommentAction\",\"name\":\"Comment\",\"target\":[\"https:\/\/www.latitude-15.com\/pt-br\/latam-airlines-reforca-a-conectividade-entre-a-america-do-sul-e-o-caribe-com-servico-diario-lima-aruba\/#respond\"]}]},{\"@type\":\"WebPage\",\"@id\":\"https:\/\/www.latitude-15.com\/pt-br\/latam-airlines-reforca-a-conectividade-entre-a-america-do-sul-e-o-caribe-com-servico-diario-lima-aruba\/\",\"url\":\"https:\/\/www.latitude-15.com\/pt-br\/latam-airlines-reforca-a-conectividade-entre-a-america-do-sul-e-o-caribe-com-servico-diario-lima-aruba\/\",\"name\":\"LATAM Airlines refor\u00e7a a conectividade entre a Am\u00e9rica do Sul e o Caribe com servi\u00e7o di\u00e1rio Lima\u2013Aruba - LATITUDE 15\",\"isPartOf\":{\"@id\":\"https:\/\/www.latitude-15.com\/pt-br\/#website\"},\"primaryImageOfPage\":{\"@id\":\"https:\/\/www.latitude-15.com\/pt-br\/latam-airlines-reforca-a-conectividade-entre-a-america-do-sul-e-o-caribe-com-servico-diario-lima-aruba\/#primaryimage\"},\"image\":{\"@id\":\"https:\/\/www.latitude-15.com\/pt-br\/latam-airlines-reforca-a-conectividade-entre-a-america-do-sul-e-o-caribe-com-servico-diario-lima-aruba\/#primaryimage\"},\"thumbnailUrl\":\"https:\/\/www.latitude-15.com\/wp-content\/uploads\/2026\/03\/pexels-franco-monsalvo-252430633-29411154.jpg\",\"datePublished\":\"2026-03-27T18:24:47+00:00\",\"dateModified\":\"2026-03-27T19:58:52+00:00\",\"description\":\"A LATAM Airlines operar\u00e1 voos di\u00e1rios entre Lima e Aruba a partir de abril de 2026, fortalecendo a conectividade Am\u00e9rica do Sul\u2013Caribe\",\"breadcrumb\":{\"@id\":\"https:\/\/www.latitude-15.com\/pt-br\/latam-airlines-reforca-a-conectividade-entre-a-america-do-sul-e-o-caribe-com-servico-diario-lima-aruba\/#breadcrumb\"},\"inLanguage\":\"pt-BR\",\"potentialAction\":[{\"@type\":\"ReadAction\",\"target\":[\"https:\/\/www.latitude-15.com\/pt-br\/latam-airlines-reforca-a-conectividade-entre-a-america-do-sul-e-o-caribe-com-servico-diario-lima-aruba\/\"]}]},{\"@type\":\"ImageObject\",\"inLanguage\":\"pt-BR\",\"@id\":\"https:\/\/www.latitude-15.com\/pt-br\/latam-airlines-reforca-a-conectividade-entre-a-america-do-sul-e-o-caribe-com-servico-diario-lima-aruba\/#primaryimage\",\"url\":\"https:\/\/www.latitude-15.com\/wp-content\/uploads\/2026\/03\/pexels-franco-monsalvo-252430633-29411154.jpg\",\"contentUrl\":\"https:\/\/www.latitude-15.com\/wp-content\/uploads\/2026\/03\/pexels-franco-monsalvo-252430633-29411154.jpg\",\"width\":1920,\"height\":1280,\"caption\":\"LATAM Airlines\"},{\"@type\":\"BreadcrumbList\",\"@id\":\"https:\/\/www.latitude-15.com\/pt-br\/latam-airlines-reforca-a-conectividade-entre-a-america-do-sul-e-o-caribe-com-servico-diario-lima-aruba\/#breadcrumb\",\"itemListElement\":[{\"@type\":\"ListItem\",\"position\":1,\"name\":\"Home\",\"item\":\"https:\/\/www.latitude-15.com\/pt-br\/inicio\/\"},{\"@type\":\"ListItem\",\"position\":2,\"name\":\"LATAM Airlines refor\u00e7a a conectividade entre a Am\u00e9rica do Sul e o Caribe com servi\u00e7o di\u00e1rio Lima\u2013Aruba\"}]},{\"@type\":\"WebSite\",\"@id\":\"https:\/\/www.latitude-15.com\/pt-br\/#website\",\"url\":\"https:\/\/www.latitude-15.com\/pt-br\/\",\"name\":\"LATITUDE 15\",\"description\":\"Aviation and maritime Magazine - Caribbean &amp; Latin America\",\"publisher\":{\"@id\":\"https:\/\/www.latitude-15.com\/pt-br\/#organization\"},\"potentialAction\":[{\"@type\":\"SearchAction\",\"target\":{\"@type\":\"EntryPoint\",\"urlTemplate\":\"https:\/\/www.latitude-15.com\/pt-br\/?s={search_term_string}\"},\"query-input\":{\"@type\":\"PropertyValueSpecification\",\"valueRequired\":true,\"valueName\":\"search_term_string\"}}],\"inLanguage\":\"pt-BR\"},{\"@type\":\"Organization\",\"@id\":\"https:\/\/www.latitude-15.com\/pt-br\/#organization\",\"name\":\"LATITUDE 15\",\"url\":\"https:\/\/www.latitude-15.com\/pt-br\/\",\"logo\":{\"@type\":\"ImageObject\",\"inLanguage\":\"pt-BR\",\"@id\":\"https:\/\/www.latitude-15.com\/pt-br\/#\/schema\/logo\/image\/\",\"url\":\"https:\/\/www.latitude-15.com\/wp-content\/uploads\/2026\/01\/cropped-logox500px.png\",\"contentUrl\":\"https:\/\/www.latitude-15.com\/wp-content\/uploads\/2026\/01\/cropped-logox500px.png\",\"width\":62,\"height\":75,\"caption\":\"LATITUDE 15\"},\"image\":{\"@id\":\"https:\/\/www.latitude-15.com\/pt-br\/#\/schema\/logo\/image\/\"}},{\"@type\":\"Person\",\"@id\":\"https:\/\/www.latitude-15.com\/pt-br\/#\/schema\/person\/dac52e7ff44c78317f337da112e37252\",\"name\":\"Joda J\",\"image\":{\"@type\":\"ImageObject\",\"inLanguage\":\"pt-BR\",\"@id\":\"https:\/\/www.latitude-15.com\/pt-br\/#\/schema\/person\/image\/\",\"url\":\"https:\/\/secure.gravatar.com\/avatar\/6b1feae555e15404b76616f92d931d12b25ac58024f14ccb43d9d3c012e4c4cf?s=96&d=mm&r=g\",\"contentUrl\":\"https:\/\/secure.gravatar.com\/avatar\/6b1feae555e15404b76616f92d931d12b25ac58024f14ccb43d9d3c012e4c4cf?s=96&d=mm&r=g\",\"caption\":\"Joda J\"},\"url\":\"https:\/\/www.latitude-15.com\/pt-br\/author\/joda\/\"}]}<\/script>\n<!-- \/ Yoast SEO plugin. -->","yoast_head_json":{"title":"LATAM Airlines refor\u00e7a a conectividade entre a Am\u00e9rica do Sul e o Caribe com servi\u00e7o di\u00e1rio Lima\u2013Aruba - LATITUDE 15","description":"A LATAM Airlines operar\u00e1 voos di\u00e1rios entre Lima e Aruba a partir de abril de 2026, fortalecendo a conectividade Am\u00e9rica do Sul\u2013Caribe","robots":{"index":"index","follow":"follow","max-snippet":"max-snippet:-1","max-image-preview":"max-image-preview:large","max-video-preview":"max-video-preview:-1"},"canonical":"https:\/\/www.latitude-15.com\/pt-br\/latam-airlines-reforca-a-conectividade-entre-a-america-do-sul-e-o-caribe-com-servico-diario-lima-aruba\/","og_locale":"pt_BR","og_type":"article","og_title":"LATAM Airlines refor\u00e7a a conectividade entre a Am\u00e9rica do Sul e o Caribe com servi\u00e7o di\u00e1rio Lima\u2013Aruba - LATITUDE 15","og_description":"A LATAM Airlines operar\u00e1 voos di\u00e1rios entre Lima e Aruba a partir de abril de 2026, fortalecendo a conectividade Am\u00e9rica do Sul\u2013Caribe","og_url":"https:\/\/www.latitude-15.com\/pt-br\/latam-airlines-reforca-a-conectividade-entre-a-america-do-sul-e-o-caribe-com-servico-diario-lima-aruba\/","og_site_name":"LATITUDE 15","article_published_time":"2026-03-27T18:24:47+00:00","article_modified_time":"2026-03-27T19:58:52+00:00","og_image":[{"width":1920,"height":1280,"url":"https:\/\/www.latitude-15.com\/wp-content\/uploads\/2026\/03\/pexels-franco-monsalvo-252430633-29411154.jpg","type":"image\/jpeg"}],"author":"Joda J","twitter_card":"summary_large_image","twitter_misc":{"Escrito por":"Joda J","Est. tempo de leitura":"5 minutos"},"schema":{"@context":"https:\/\/schema.org","@graph":[{"@type":"Article","@id":"https:\/\/www.latitude-15.com\/pt-br\/latam-airlines-reforca-a-conectividade-entre-a-america-do-sul-e-o-caribe-com-servico-diario-lima-aruba\/#article","isPartOf":{"@id":"https:\/\/www.latitude-15.com\/pt-br\/latam-airlines-reforca-a-conectividade-entre-a-america-do-sul-e-o-caribe-com-servico-diario-lima-aruba\/"},"author":{"name":"Joda J","@id":"https:\/\/www.latitude-15.com\/pt-br\/#\/schema\/person\/dac52e7ff44c78317f337da112e37252"},"headline":"LATAM Airlines refor\u00e7a a conectividade entre a Am\u00e9rica do Sul e o Caribe com servi\u00e7o di\u00e1rio Lima\u2013Aruba","datePublished":"2026-03-27T18:24:47+00:00","dateModified":"2026-03-27T19:58:52+00:00","mainEntityOfPage":{"@id":"https:\/\/www.latitude-15.com\/pt-br\/latam-airlines-reforca-a-conectividade-entre-a-america-do-sul-e-o-caribe-com-servico-diario-lima-aruba\/"},"wordCount":968,"commentCount":0,"publisher":{"@id":"https:\/\/www.latitude-15.com\/pt-br\/#organization"},"image":{"@id":"https:\/\/www.latitude-15.com\/pt-br\/latam-airlines-reforca-a-conectividade-entre-a-america-do-sul-e-o-caribe-com-servico-diario-lima-aruba\/#primaryimage"},"thumbnailUrl":"https:\/\/www.latitude-15.com\/wp-content\/uploads\/2026\/03\/pexels-franco-monsalvo-252430633-29411154.jpg","articleSection":["AVIA\u00c7\u00c3O","Conectividade a\u00e9rea e Atratividade territorial"],"inLanguage":"pt-BR","potentialAction":[{"@type":"CommentAction","name":"Comment","target":["https:\/\/www.latitude-15.com\/pt-br\/latam-airlines-reforca-a-conectividade-entre-a-america-do-sul-e-o-caribe-com-servico-diario-lima-aruba\/#respond"]}]},{"@type":"WebPage","@id":"https:\/\/www.latitude-15.com\/pt-br\/latam-airlines-reforca-a-conectividade-entre-a-america-do-sul-e-o-caribe-com-servico-diario-lima-aruba\/","url":"https:\/\/www.latitude-15.com\/pt-br\/latam-airlines-reforca-a-conectividade-entre-a-america-do-sul-e-o-caribe-com-servico-diario-lima-aruba\/","name":"LATAM Airlines refor\u00e7a a conectividade entre a Am\u00e9rica do Sul e o Caribe com servi\u00e7o di\u00e1rio Lima\u2013Aruba - LATITUDE 15","isPartOf":{"@id":"https:\/\/www.latitude-15.com\/pt-br\/#website"},"primaryImageOfPage":{"@id":"https:\/\/www.latitude-15.com\/pt-br\/latam-airlines-reforca-a-conectividade-entre-a-america-do-sul-e-o-caribe-com-servico-diario-lima-aruba\/#primaryimage"},"image":{"@id":"https:\/\/www.latitude-15.com\/pt-br\/latam-airlines-reforca-a-conectividade-entre-a-america-do-sul-e-o-caribe-com-servico-diario-lima-aruba\/#primaryimage"},"thumbnailUrl":"https:\/\/www.latitude-15.com\/wp-content\/uploads\/2026\/03\/pexels-franco-monsalvo-252430633-29411154.jpg","datePublished":"2026-03-27T18:24:47+00:00","dateModified":"2026-03-27T19:58:52+00:00","description":"A LATAM Airlines operar\u00e1 voos di\u00e1rios entre Lima e Aruba a partir de abril de 2026, fortalecendo a conectividade Am\u00e9rica do Sul\u2013Caribe","breadcrumb":{"@id":"https:\/\/www.latitude-15.com\/pt-br\/latam-airlines-reforca-a-conectividade-entre-a-america-do-sul-e-o-caribe-com-servico-diario-lima-aruba\/#breadcrumb"},"inLanguage":"pt-BR","potentialAction":[{"@type":"ReadAction","target":["https:\/\/www.latitude-15.com\/pt-br\/latam-airlines-reforca-a-conectividade-entre-a-america-do-sul-e-o-caribe-com-servico-diario-lima-aruba\/"]}]},{"@type":"ImageObject","inLanguage":"pt-BR","@id":"https:\/\/www.latitude-15.com\/pt-br\/latam-airlines-reforca-a-conectividade-entre-a-america-do-sul-e-o-caribe-com-servico-diario-lima-aruba\/#primaryimage","url":"https:\/\/www.latitude-15.com\/wp-content\/uploads\/2026\/03\/pexels-franco-monsalvo-252430633-29411154.jpg","contentUrl":"https:\/\/www.latitude-15.com\/wp-content\/uploads\/2026\/03\/pexels-franco-monsalvo-252430633-29411154.jpg","width":1920,"height":1280,"caption":"LATAM Airlines"},{"@type":"BreadcrumbList","@id":"https:\/\/www.latitude-15.com\/pt-br\/latam-airlines-reforca-a-conectividade-entre-a-america-do-sul-e-o-caribe-com-servico-diario-lima-aruba\/#breadcrumb","itemListElement":[{"@type":"ListItem","position":1,"name":"Home","item":"https:\/\/www.latitude-15.com\/pt-br\/inicio\/"},{"@type":"ListItem","position":2,"name":"LATAM Airlines refor\u00e7a a conectividade entre a Am\u00e9rica do Sul e o Caribe com servi\u00e7o di\u00e1rio Lima\u2013Aruba"}]},{"@type":"WebSite","@id":"https:\/\/www.latitude-15.com\/pt-br\/#website","url":"https:\/\/www.latitude-15.com\/pt-br\/","name":"LATITUDE 15","description":"Aviation and maritime Magazine - Caribbean &amp; Latin America","publisher":{"@id":"https:\/\/www.latitude-15.com\/pt-br\/#organization"},"potentialAction":[{"@type":"SearchAction","target":{"@type":"EntryPoint","urlTemplate":"https:\/\/www.latitude-15.com\/pt-br\/?s={search_term_string}"},"query-input":{"@type":"PropertyValueSpecification","valueRequired":true,"valueName":"search_term_string"}}],"inLanguage":"pt-BR"},{"@type":"Organization","@id":"https:\/\/www.latitude-15.com\/pt-br\/#organization","name":"LATITUDE 15","url":"https:\/\/www.latitude-15.com\/pt-br\/","logo":{"@type":"ImageObject","inLanguage":"pt-BR","@id":"https:\/\/www.latitude-15.com\/pt-br\/#\/schema\/logo\/image\/","url":"https:\/\/www.latitude-15.com\/wp-content\/uploads\/2026\/01\/cropped-logox500px.png","contentUrl":"https:\/\/www.latitude-15.com\/wp-content\/uploads\/2026\/01\/cropped-logox500px.png","width":62,"height":75,"caption":"LATITUDE 15"},"image":{"@id":"https:\/\/www.latitude-15.com\/pt-br\/#\/schema\/logo\/image\/"}},{"@type":"Person","@id":"https:\/\/www.latitude-15.com\/pt-br\/#\/schema\/person\/dac52e7ff44c78317f337da112e37252","name":"Joda J","image":{"@type":"ImageObject","inLanguage":"pt-BR","@id":"https:\/\/www.latitude-15.com\/pt-br\/#\/schema\/person\/image\/","url":"https:\/\/secure.gravatar.com\/avatar\/6b1feae555e15404b76616f92d931d12b25ac58024f14ccb43d9d3c012e4c4cf?s=96&d=mm&r=g","contentUrl":"https:\/\/secure.gravatar.com\/avatar\/6b1feae555e15404b76616f92d931d12b25ac58024f14ccb43d9d3c012e4c4cf?s=96&d=mm&r=g","caption":"Joda J"},"url":"https:\/\/www.latitude-15.com\/pt-br\/author\/joda\/"}]}},"_links":{"self":[{"href":"https:\/\/www.latitude-15.com\/pt-br\/wp-json\/wp\/v2\/posts\/22168","targetHints":{"allow":["GET"]}}],"collection":[{"href":"https:\/\/www.latitude-15.com\/pt-br\/wp-json\/wp\/v2\/posts"}],"about":[{"href":"https:\/\/www.latitude-15.com\/pt-br\/wp-json\/wp\/v2\/types\/post"}],"author":[{"embeddable":true,"href":"https:\/\/www.latitude-15.com\/pt-br\/wp-json\/wp\/v2\/users\/5"}],"replies":[{"embeddable":true,"href":"https:\/\/www.latitude-15.com\/pt-br\/wp-json\/wp\/v2\/comments?post=22168"}],"version-history":[{"count":1,"href":"https:\/\/www.latitude-15.com\/pt-br\/wp-json\/wp\/v2\/posts\/22168\/revisions"}],"predecessor-version":[{"id":22169,"href":"https:\/\/www.latitude-15.com\/pt-br\/wp-json\/wp\/v2\/posts\/22168\/revisions\/22169"}],"wp:featuredmedia":[{"embeddable":true,"href":"https:\/\/www.latitude-15.com\/pt-br\/wp-json\/wp\/v2\/media\/22167"}],"wp:attachment":[{"href":"https:\/\/www.latitude-15.com\/pt-br\/wp-json\/wp\/v2\/media?parent=22168"}],"wp:term":[{"taxonomy":"category","embeddable":true,"href":"https:\/\/www.latitude-15.com\/pt-br\/wp-json\/wp\/v2\/categories?post=22168"},{"taxonomy":"post_tag","embeddable":true,"href":"https:\/\/www.latitude-15.com\/pt-br\/wp-json\/wp\/v2\/tags?post=22168"}],"curies":[{"name":"wp","href":"https:\/\/api.w.org\/{rel}","templated":true}]}}