{"id":22082,"date":"2026-03-26T10:40:19","date_gmt":"2026-03-26T14:40:19","guid":{"rendered":"https:\/\/www.latitude-15.com\/lideres-da-seguranca-da-aviacao-na-america-latina-se-reunirao-em-mendoza-para-o-alta-safety-summit-2026\/"},"modified":"2026-03-26T12:09:44","modified_gmt":"2026-03-26T16:09:44","slug":"lideres-da-seguranca-da-aviacao-na-america-latina-se-reunirao-em-mendoza-para-o-alta-safety-summit-2026","status":"publish","type":"post","link":"https:\/\/www.latitude-15.com\/pt-br\/lideres-da-seguranca-da-aviacao-na-america-latina-se-reunirao-em-mendoza-para-o-alta-safety-summit-2026\/","title":{"rendered":"L\u00edderes da seguran\u00e7a da avia\u00e7\u00e3o na Am\u00e9rica Latina se reunir\u00e3o em Mendoza para o ALTA Safety Summit 2026"},"content":{"rendered":"\n<p>\u00c0 medida que a atividade a\u00e9rea continua a se expandir na Am\u00e9rica Latina e no Caribe, l\u00edderes do setor se reunir\u00e3o na Argentina em junho para discutir uma das prioridades mais cr\u00edticas da ind\u00fastria: a seguran\u00e7a. O ALTA Aviation Safety, Flight Ops &amp; Training Summit 2026, organizado pela Latin American and Caribbean Air Transport Association (ALTA), ser\u00e1 realizado de 16 a 18 de junho de 2026 em Mendoza, Argentina, reunindo companhias a\u00e9reas, reguladores, fabricantes e especialistas operacionais de toda a regi\u00e3o. O evento tem como objetivo oferecer uma plataforma de colabora\u00e7\u00e3o e desenvolvimento de solu\u00e7\u00f5es pr\u00e1ticas para garantir um transporte a\u00e9reo seguro e sustent\u00e1vel em um ambiente de avia\u00e7\u00e3o em r\u00e1pida evolu\u00e7\u00e3o.  <\/p>\n\n<h2 class=\"wp-block-heading\">O crescimento da avia\u00e7\u00e3o traz novos desafios de seguran\u00e7a<\/h2>\n\n<p>A ind\u00fastria da avia\u00e7\u00e3o na Am\u00e9rica Latina continua em expans\u00e3o \u00e0 medida que a conectividade aumenta e a demanda de passageiros se recupera em toda a regi\u00e3o. Embora esse crescimento crie novas oportunidades para companhias a\u00e9reas e aeroportos, ele tamb\u00e9m introduz maior complexidade operacional e novos riscos em termos de seguran\u00e7a. <\/p>\n\n<p>Nesse contexto, o encontro organizado pela ALTA se posiciona como um f\u00f3rum estrat\u00e9gico onde o setor pode analisar coletivamente os desafios operacionais e transformar conhecimentos sobre seguran\u00e7a em a\u00e7\u00f5es concretas. O objetivo n\u00e3o \u00e9 apenas discutir o desempenho em seguran\u00e7a, mas tamb\u00e9m fortalecer processos, capacita\u00e7\u00e3o e colabora\u00e7\u00e3o necess\u00e1rios para manter elevados padr\u00f5es operacionais em toda a regi\u00e3o. <\/p>\n\n<h2 class=\"wp-block-heading\">Uma plataforma de colabora\u00e7\u00e3o para todo o ecossistema da avia\u00e7\u00e3o<\/h2>\n\n<p>O summit contar\u00e1 com discuss\u00f5es de alto n\u00edvel sobre alguns dos principais desafios de seguran\u00e7a e opera\u00e7\u00f5es enfrentados pelo setor a\u00e9reo. Os participantes poder\u00e3o acompanhar um programa que combina debates estrat\u00e9gicos, estudos de caso baseados em experi\u00eancias operacionais reais e o compartilhamento de boas pr\u00e1ticas em toda a Am\u00e9rica Latina e no Caribe. <\/p>\n\n<p>Al\u00e9m das sess\u00f5es formais, o evento tamb\u00e9m funciona como uma importante plataforma de networking, permitindo que l\u00edderes da ind\u00fastria troquem perspectivas e coordenem solu\u00e7\u00f5es pr\u00e1ticas para melhorar a seguran\u00e7a operacional. Segundo a ALTA, o summit foi concebido para ir al\u00e9m de discuss\u00f5es te\u00f3ricas e estimular resultados concretos que possam ser aplicados diretamente nas companhias a\u00e9reas e organiza\u00e7\u00f5es do setor. <\/p>\n\n<h2 class=\"wp-block-heading\">Reunindo companhias a\u00e9reas, reguladores e especialistas da ind\u00fastria<\/h2>\n\n<p>Tradicionalmente, o evento atrai uma ampla gama de stakeholders da avia\u00e7\u00e3o. Espera-se a participa\u00e7\u00e3o de representantes de companhias a\u00e9reas, fabricantes de aeronaves, autoridades de avia\u00e7\u00e3o civil, aeroportos, organiza\u00e7\u00f5es de controle de tr\u00e1fego a\u00e9reo e institui\u00e7\u00f5es de treinamento. Escolas de avia\u00e7\u00e3o, associa\u00e7\u00f5es do setor e empresas especializadas em consultoria tamb\u00e9m estar\u00e3o presentes.  <\/p>\n\n<p>Edi\u00e7\u00f5es anteriores contaram com palestrantes de organiza\u00e7\u00f5es importantes como International Air Transport Association (IATA), Boeing, LATAM Airlines, American Airlines, Delta Air Lines e Aeromexico, destacando a import\u00e2ncia do summit como um ponto de encontro regional para especialistas em seguran\u00e7a da avia\u00e7\u00e3o.<\/p>\n\n<h2 class=\"wp-block-heading\">Manter as pessoas no centro da seguran\u00e7a da avia\u00e7\u00e3o<\/h2>\n\n<p>Um dos temas centrais do evento \u00e9 a import\u00e2ncia de manter uma cultura de seguran\u00e7a que coloque as pessoas no centro das opera\u00e7\u00f5es a\u00e9reas. Embora avan\u00e7os tecnol\u00f3gicos e decis\u00f5es baseadas em dados estejam cada vez mais presentes nas opera\u00e7\u00f5es das companhias a\u00e9reas, l\u00edderes da ind\u00fastria destacam que a experi\u00eancia humana, o treinamento e o julgamento profissional continuam sendo pilares essenciais da seguran\u00e7a. <\/p>\n\n<p>O summit tamb\u00e9m explorar\u00e1 como tecnologia e capacidades humanas podem trabalhar juntas para fortalecer a resili\u00eancia operacional, aprimorar a gest\u00e3o de riscos e apoiar a melhoria cont\u00ednua da seguran\u00e7a em todo o ecossistema da avia\u00e7\u00e3o.<\/p>\n\n<p>O evento ser\u00e1 realizado em Mendoza, capital da prov\u00edncia hom\u00f4nima na Argentina, localizada aos p\u00e9s da Cordilheira dos Andes.<\/p>\n\n<h2 class=\"wp-block-heading\">Alinhando a ind\u00fastria da avia\u00e7\u00e3o regional em torno da seguran\u00e7a<\/h2>\n\n<p>\u00c0 medida que o transporte a\u00e9reo na Am\u00e9rica Latina continua evoluindo, manter elevados padr\u00f5es de seguran\u00e7a permanece uma prioridade central para o setor. Ao reunir companhias a\u00e9reas, reguladores e especialistas t\u00e9cnicos, o ALTA Aviation Safety, Flight Ops &amp; Training Summit busca refor\u00e7ar a colabora\u00e7\u00e3o regional e apoiar o desenvolvimento de estrat\u00e9gias pr\u00e1ticas para manter as opera\u00e7\u00f5es a\u00e9reas seguras, eficientes e preparadas para o futuro. <\/p>\n\n<div class=\"wp-block-buttons is-content-justification-center is-layout-flex wp-container-core-buttons-is-layout-a89b3969 wp-block-buttons-is-layout-flex\">\n<div class=\"wp-block-button\"><a class=\"wp-block-button__link wp-element-button\" href=\"https:\/\/alta.aero\/safety\/2026\/register-categories\/\">REGISTRE-SE<\/a><\/div>\n<\/div>\n","protected":false},"excerpt":{"rendered":"<p>\u00c0 medida que a atividade a\u00e9rea continua a se expandir na Am\u00e9rica Latina e no Caribe, l\u00edderes do setor se reunir\u00e3o na Argentina em junho para discutir uma das prioridades mais cr\u00edticas da ind\u00fastria: a seguran\u00e7a. O ALTA Aviation Safety, Flight Ops &amp; Training Summit 2026, organizado pela Latin American and Caribbean Air Transport Association [&hellip;]<\/p>\n","protected":false},"author":5,"featured_media":22081,"comment_status":"open","ping_status":"closed","sticky":false,"template":"","format":"standard","meta":{"footnotes":""},"categories":[98,116],"tags":[],"class_list":["post-22082","post","type-post","status-publish","format-standard","has-post-thumbnail","hentry","category-aviacao","category-tecnologia-e-inovacao"],"yoast_head":"<!-- This site is optimized with the Yoast SEO plugin v26.9 - https:\/\/yoast.com\/product\/yoast-seo-wordpress\/ -->\n<title>L\u00edderes da seguran\u00e7a da avia\u00e7\u00e3o na Am\u00e9rica Latina se reunir\u00e3o em Mendoza para o ALTA Safety Summit 2026 - LATITUDE 15<\/title>\n<meta name=\"description\" content=\"O ALTA Aviation Safety, Flight Ops &amp; Training Summit 2026 reunir\u00e1 companhias a\u00e9reas, reguladores e especialistas da avia\u00e7\u00e3o em Mendoza para discutir os desafios relacionados \u00e0 seguran\u00e7a, opera\u00e7\u00f5es e treinamento em toda a Am\u00e9rica Latina.\" \/>\n<meta name=\"robots\" content=\"index, follow, max-snippet:-1, max-image-preview:large, max-video-preview:-1\" \/>\n<link rel=\"canonical\" href=\"https:\/\/www.latitude-15.com\/pt-br\/lideres-da-seguranca-da-aviacao-na-america-latina-se-reunirao-em-mendoza-para-o-alta-safety-summit-2026\/\" \/>\n<meta property=\"og:locale\" content=\"pt_BR\" \/>\n<meta property=\"og:type\" content=\"article\" \/>\n<meta property=\"og:title\" content=\"L\u00edderes da seguran\u00e7a da avia\u00e7\u00e3o na Am\u00e9rica Latina se reunir\u00e3o em Mendoza para o ALTA Safety Summit 2026 - LATITUDE 15\" \/>\n<meta property=\"og:description\" content=\"O ALTA Aviation Safety, Flight Ops &amp; Training Summit 2026 reunir\u00e1 companhias a\u00e9reas, reguladores e especialistas da avia\u00e7\u00e3o em Mendoza para discutir os desafios relacionados \u00e0 seguran\u00e7a, opera\u00e7\u00f5es e treinamento em toda a Am\u00e9rica Latina.\" \/>\n<meta property=\"og:url\" content=\"https:\/\/www.latitude-15.com\/pt-br\/lideres-da-seguranca-da-aviacao-na-america-latina-se-reunirao-em-mendoza-para-o-alta-safety-summit-2026\/\" \/>\n<meta property=\"og:site_name\" content=\"LATITUDE 15\" \/>\n<meta property=\"article:published_time\" content=\"2026-03-26T14:40:19+00:00\" \/>\n<meta property=\"article:modified_time\" content=\"2026-03-26T16:09:44+00:00\" \/>\n<meta property=\"og:image\" content=\"https:\/\/www.latitude-15.com\/wp-content\/uploads\/2026\/03\/safety-summit-1024x728.png\" \/>\n\t<meta property=\"og:image:width\" content=\"1024\" \/>\n\t<meta property=\"og:image:height\" content=\"728\" \/>\n\t<meta property=\"og:image:type\" content=\"image\/png\" \/>\n<meta name=\"author\" content=\"Joda J\" \/>\n<meta name=\"twitter:card\" content=\"summary_large_image\" \/>\n<meta name=\"twitter:label1\" content=\"Escrito por\" \/>\n\t<meta name=\"twitter:data1\" content=\"Joda J\" \/>\n\t<meta name=\"twitter:label2\" content=\"Est. tempo de leitura\" \/>\n\t<meta name=\"twitter:data2\" content=\"4 minutos\" \/>\n<script type=\"application\/ld+json\" class=\"yoast-schema-graph\">{\"@context\":\"https:\/\/schema.org\",\"@graph\":[{\"@type\":\"Article\",\"@id\":\"https:\/\/www.latitude-15.com\/pt-br\/lideres-da-seguranca-da-aviacao-na-america-latina-se-reunirao-em-mendoza-para-o-alta-safety-summit-2026\/#article\",\"isPartOf\":{\"@id\":\"https:\/\/www.latitude-15.com\/pt-br\/lideres-da-seguranca-da-aviacao-na-america-latina-se-reunirao-em-mendoza-para-o-alta-safety-summit-2026\/\"},\"author\":{\"name\":\"Joda J\",\"@id\":\"https:\/\/www.latitude-15.com\/pt-br\/#\/schema\/person\/dac52e7ff44c78317f337da112e37252\"},\"headline\":\"L\u00edderes da seguran\u00e7a da avia\u00e7\u00e3o na Am\u00e9rica Latina se reunir\u00e3o em Mendoza para o ALTA Safety Summit 2026\",\"datePublished\":\"2026-03-26T14:40:19+00:00\",\"dateModified\":\"2026-03-26T16:09:44+00:00\",\"mainEntityOfPage\":{\"@id\":\"https:\/\/www.latitude-15.com\/pt-br\/lideres-da-seguranca-da-aviacao-na-america-latina-se-reunirao-em-mendoza-para-o-alta-safety-summit-2026\/\"},\"wordCount\":786,\"commentCount\":0,\"publisher\":{\"@id\":\"https:\/\/www.latitude-15.com\/pt-br\/#organization\"},\"image\":{\"@id\":\"https:\/\/www.latitude-15.com\/pt-br\/lideres-da-seguranca-da-aviacao-na-america-latina-se-reunirao-em-mendoza-para-o-alta-safety-summit-2026\/#primaryimage\"},\"thumbnailUrl\":\"https:\/\/www.latitude-15.com\/wp-content\/uploads\/2026\/03\/safety-summit.png\",\"articleSection\":[\"AVIA\u00c7\u00c3O\",\"Tecnologia e inova\u00e7\u00e3o\"],\"inLanguage\":\"pt-BR\",\"potentialAction\":[{\"@type\":\"CommentAction\",\"name\":\"Comment\",\"target\":[\"https:\/\/www.latitude-15.com\/pt-br\/lideres-da-seguranca-da-aviacao-na-america-latina-se-reunirao-em-mendoza-para-o-alta-safety-summit-2026\/#respond\"]}]},{\"@type\":\"WebPage\",\"@id\":\"https:\/\/www.latitude-15.com\/pt-br\/lideres-da-seguranca-da-aviacao-na-america-latina-se-reunirao-em-mendoza-para-o-alta-safety-summit-2026\/\",\"url\":\"https:\/\/www.latitude-15.com\/pt-br\/lideres-da-seguranca-da-aviacao-na-america-latina-se-reunirao-em-mendoza-para-o-alta-safety-summit-2026\/\",\"name\":\"L\u00edderes da seguran\u00e7a da avia\u00e7\u00e3o na Am\u00e9rica Latina se reunir\u00e3o em Mendoza para o ALTA Safety Summit 2026 - LATITUDE 15\",\"isPartOf\":{\"@id\":\"https:\/\/www.latitude-15.com\/pt-br\/#website\"},\"primaryImageOfPage\":{\"@id\":\"https:\/\/www.latitude-15.com\/pt-br\/lideres-da-seguranca-da-aviacao-na-america-latina-se-reunirao-em-mendoza-para-o-alta-safety-summit-2026\/#primaryimage\"},\"image\":{\"@id\":\"https:\/\/www.latitude-15.com\/pt-br\/lideres-da-seguranca-da-aviacao-na-america-latina-se-reunirao-em-mendoza-para-o-alta-safety-summit-2026\/#primaryimage\"},\"thumbnailUrl\":\"https:\/\/www.latitude-15.com\/wp-content\/uploads\/2026\/03\/safety-summit.png\",\"datePublished\":\"2026-03-26T14:40:19+00:00\",\"dateModified\":\"2026-03-26T16:09:44+00:00\",\"description\":\"O ALTA Aviation Safety, Flight Ops & Training Summit 2026 reunir\u00e1 companhias a\u00e9reas, reguladores e especialistas da avia\u00e7\u00e3o em Mendoza para discutir os desafios relacionados \u00e0 seguran\u00e7a, opera\u00e7\u00f5es e treinamento em toda a Am\u00e9rica Latina.\",\"breadcrumb\":{\"@id\":\"https:\/\/www.latitude-15.com\/pt-br\/lideres-da-seguranca-da-aviacao-na-america-latina-se-reunirao-em-mendoza-para-o-alta-safety-summit-2026\/#breadcrumb\"},\"inLanguage\":\"pt-BR\",\"potentialAction\":[{\"@type\":\"ReadAction\",\"target\":[\"https:\/\/www.latitude-15.com\/pt-br\/lideres-da-seguranca-da-aviacao-na-america-latina-se-reunirao-em-mendoza-para-o-alta-safety-summit-2026\/\"]}]},{\"@type\":\"ImageObject\",\"inLanguage\":\"pt-BR\",\"@id\":\"https:\/\/www.latitude-15.com\/pt-br\/lideres-da-seguranca-da-aviacao-na-america-latina-se-reunirao-em-mendoza-para-o-alta-safety-summit-2026\/#primaryimage\",\"url\":\"https:\/\/www.latitude-15.com\/wp-content\/uploads\/2026\/03\/safety-summit.png\",\"contentUrl\":\"https:\/\/www.latitude-15.com\/wp-content\/uploads\/2026\/03\/safety-summit.png\",\"width\":1254,\"height\":891},{\"@type\":\"BreadcrumbList\",\"@id\":\"https:\/\/www.latitude-15.com\/pt-br\/lideres-da-seguranca-da-aviacao-na-america-latina-se-reunirao-em-mendoza-para-o-alta-safety-summit-2026\/#breadcrumb\",\"itemListElement\":[{\"@type\":\"ListItem\",\"position\":1,\"name\":\"Home\",\"item\":\"https:\/\/www.latitude-15.com\/pt-br\/inicio\/\"},{\"@type\":\"ListItem\",\"position\":2,\"name\":\"L\u00edderes da seguran\u00e7a da avia\u00e7\u00e3o na Am\u00e9rica Latina se reunir\u00e3o em Mendoza para o ALTA Safety Summit 2026\"}]},{\"@type\":\"WebSite\",\"@id\":\"https:\/\/www.latitude-15.com\/pt-br\/#website\",\"url\":\"https:\/\/www.latitude-15.com\/pt-br\/\",\"name\":\"LATITUDE 15\",\"description\":\"Aviation and maritime Magazine - Caribbean &amp; Latin America\",\"publisher\":{\"@id\":\"https:\/\/www.latitude-15.com\/pt-br\/#organization\"},\"potentialAction\":[{\"@type\":\"SearchAction\",\"target\":{\"@type\":\"EntryPoint\",\"urlTemplate\":\"https:\/\/www.latitude-15.com\/pt-br\/?s={search_term_string}\"},\"query-input\":{\"@type\":\"PropertyValueSpecification\",\"valueRequired\":true,\"valueName\":\"search_term_string\"}}],\"inLanguage\":\"pt-BR\"},{\"@type\":\"Organization\",\"@id\":\"https:\/\/www.latitude-15.com\/pt-br\/#organization\",\"name\":\"LATITUDE 15\",\"url\":\"https:\/\/www.latitude-15.com\/pt-br\/\",\"logo\":{\"@type\":\"ImageObject\",\"inLanguage\":\"pt-BR\",\"@id\":\"https:\/\/www.latitude-15.com\/pt-br\/#\/schema\/logo\/image\/\",\"url\":\"https:\/\/www.latitude-15.com\/wp-content\/uploads\/2026\/01\/cropped-logox500px.png\",\"contentUrl\":\"https:\/\/www.latitude-15.com\/wp-content\/uploads\/2026\/01\/cropped-logox500px.png\",\"width\":62,\"height\":75,\"caption\":\"LATITUDE 15\"},\"image\":{\"@id\":\"https:\/\/www.latitude-15.com\/pt-br\/#\/schema\/logo\/image\/\"}},{\"@type\":\"Person\",\"@id\":\"https:\/\/www.latitude-15.com\/pt-br\/#\/schema\/person\/dac52e7ff44c78317f337da112e37252\",\"name\":\"Joda J\",\"image\":{\"@type\":\"ImageObject\",\"inLanguage\":\"pt-BR\",\"@id\":\"https:\/\/www.latitude-15.com\/pt-br\/#\/schema\/person\/image\/\",\"url\":\"https:\/\/secure.gravatar.com\/avatar\/6b1feae555e15404b76616f92d931d12b25ac58024f14ccb43d9d3c012e4c4cf?s=96&d=mm&r=g\",\"contentUrl\":\"https:\/\/secure.gravatar.com\/avatar\/6b1feae555e15404b76616f92d931d12b25ac58024f14ccb43d9d3c012e4c4cf?s=96&d=mm&r=g\",\"caption\":\"Joda J\"},\"url\":\"https:\/\/www.latitude-15.com\/pt-br\/author\/joda\/\"}]}<\/script>\n<!-- \/ Yoast SEO plugin. -->","yoast_head_json":{"title":"L\u00edderes da seguran\u00e7a da avia\u00e7\u00e3o na Am\u00e9rica Latina se reunir\u00e3o em Mendoza para o ALTA Safety Summit 2026 - LATITUDE 15","description":"O ALTA Aviation Safety, Flight Ops & Training Summit 2026 reunir\u00e1 companhias a\u00e9reas, reguladores e especialistas da avia\u00e7\u00e3o em Mendoza para discutir os desafios relacionados \u00e0 seguran\u00e7a, opera\u00e7\u00f5es e treinamento em toda a Am\u00e9rica Latina.","robots":{"index":"index","follow":"follow","max-snippet":"max-snippet:-1","max-image-preview":"max-image-preview:large","max-video-preview":"max-video-preview:-1"},"canonical":"https:\/\/www.latitude-15.com\/pt-br\/lideres-da-seguranca-da-aviacao-na-america-latina-se-reunirao-em-mendoza-para-o-alta-safety-summit-2026\/","og_locale":"pt_BR","og_type":"article","og_title":"L\u00edderes da seguran\u00e7a da avia\u00e7\u00e3o na Am\u00e9rica Latina se reunir\u00e3o em Mendoza para o ALTA Safety Summit 2026 - LATITUDE 15","og_description":"O ALTA Aviation Safety, Flight Ops & Training Summit 2026 reunir\u00e1 companhias a\u00e9reas, reguladores e especialistas da avia\u00e7\u00e3o em Mendoza para discutir os desafios relacionados \u00e0 seguran\u00e7a, opera\u00e7\u00f5es e treinamento em toda a Am\u00e9rica Latina.","og_url":"https:\/\/www.latitude-15.com\/pt-br\/lideres-da-seguranca-da-aviacao-na-america-latina-se-reunirao-em-mendoza-para-o-alta-safety-summit-2026\/","og_site_name":"LATITUDE 15","article_published_time":"2026-03-26T14:40:19+00:00","article_modified_time":"2026-03-26T16:09:44+00:00","og_image":[{"width":1024,"height":728,"url":"https:\/\/www.latitude-15.com\/wp-content\/uploads\/2026\/03\/safety-summit-1024x728.png","type":"image\/png"}],"author":"Joda J","twitter_card":"summary_large_image","twitter_misc":{"Escrito por":"Joda J","Est. tempo de leitura":"4 minutos"},"schema":{"@context":"https:\/\/schema.org","@graph":[{"@type":"Article","@id":"https:\/\/www.latitude-15.com\/pt-br\/lideres-da-seguranca-da-aviacao-na-america-latina-se-reunirao-em-mendoza-para-o-alta-safety-summit-2026\/#article","isPartOf":{"@id":"https:\/\/www.latitude-15.com\/pt-br\/lideres-da-seguranca-da-aviacao-na-america-latina-se-reunirao-em-mendoza-para-o-alta-safety-summit-2026\/"},"author":{"name":"Joda J","@id":"https:\/\/www.latitude-15.com\/pt-br\/#\/schema\/person\/dac52e7ff44c78317f337da112e37252"},"headline":"L\u00edderes da seguran\u00e7a da avia\u00e7\u00e3o na Am\u00e9rica Latina se reunir\u00e3o em Mendoza para o ALTA Safety Summit 2026","datePublished":"2026-03-26T14:40:19+00:00","dateModified":"2026-03-26T16:09:44+00:00","mainEntityOfPage":{"@id":"https:\/\/www.latitude-15.com\/pt-br\/lideres-da-seguranca-da-aviacao-na-america-latina-se-reunirao-em-mendoza-para-o-alta-safety-summit-2026\/"},"wordCount":786,"commentCount":0,"publisher":{"@id":"https:\/\/www.latitude-15.com\/pt-br\/#organization"},"image":{"@id":"https:\/\/www.latitude-15.com\/pt-br\/lideres-da-seguranca-da-aviacao-na-america-latina-se-reunirao-em-mendoza-para-o-alta-safety-summit-2026\/#primaryimage"},"thumbnailUrl":"https:\/\/www.latitude-15.com\/wp-content\/uploads\/2026\/03\/safety-summit.png","articleSection":["AVIA\u00c7\u00c3O","Tecnologia e inova\u00e7\u00e3o"],"inLanguage":"pt-BR","potentialAction":[{"@type":"CommentAction","name":"Comment","target":["https:\/\/www.latitude-15.com\/pt-br\/lideres-da-seguranca-da-aviacao-na-america-latina-se-reunirao-em-mendoza-para-o-alta-safety-summit-2026\/#respond"]}]},{"@type":"WebPage","@id":"https:\/\/www.latitude-15.com\/pt-br\/lideres-da-seguranca-da-aviacao-na-america-latina-se-reunirao-em-mendoza-para-o-alta-safety-summit-2026\/","url":"https:\/\/www.latitude-15.com\/pt-br\/lideres-da-seguranca-da-aviacao-na-america-latina-se-reunirao-em-mendoza-para-o-alta-safety-summit-2026\/","name":"L\u00edderes da seguran\u00e7a da avia\u00e7\u00e3o na Am\u00e9rica Latina se reunir\u00e3o em Mendoza para o ALTA Safety Summit 2026 - LATITUDE 15","isPartOf":{"@id":"https:\/\/www.latitude-15.com\/pt-br\/#website"},"primaryImageOfPage":{"@id":"https:\/\/www.latitude-15.com\/pt-br\/lideres-da-seguranca-da-aviacao-na-america-latina-se-reunirao-em-mendoza-para-o-alta-safety-summit-2026\/#primaryimage"},"image":{"@id":"https:\/\/www.latitude-15.com\/pt-br\/lideres-da-seguranca-da-aviacao-na-america-latina-se-reunirao-em-mendoza-para-o-alta-safety-summit-2026\/#primaryimage"},"thumbnailUrl":"https:\/\/www.latitude-15.com\/wp-content\/uploads\/2026\/03\/safety-summit.png","datePublished":"2026-03-26T14:40:19+00:00","dateModified":"2026-03-26T16:09:44+00:00","description":"O ALTA Aviation Safety, Flight Ops & Training Summit 2026 reunir\u00e1 companhias a\u00e9reas, reguladores e especialistas da avia\u00e7\u00e3o em Mendoza para discutir os desafios relacionados \u00e0 seguran\u00e7a, opera\u00e7\u00f5es e treinamento em toda a Am\u00e9rica Latina.","breadcrumb":{"@id":"https:\/\/www.latitude-15.com\/pt-br\/lideres-da-seguranca-da-aviacao-na-america-latina-se-reunirao-em-mendoza-para-o-alta-safety-summit-2026\/#breadcrumb"},"inLanguage":"pt-BR","potentialAction":[{"@type":"ReadAction","target":["https:\/\/www.latitude-15.com\/pt-br\/lideres-da-seguranca-da-aviacao-na-america-latina-se-reunirao-em-mendoza-para-o-alta-safety-summit-2026\/"]}]},{"@type":"ImageObject","inLanguage":"pt-BR","@id":"https:\/\/www.latitude-15.com\/pt-br\/lideres-da-seguranca-da-aviacao-na-america-latina-se-reunirao-em-mendoza-para-o-alta-safety-summit-2026\/#primaryimage","url":"https:\/\/www.latitude-15.com\/wp-content\/uploads\/2026\/03\/safety-summit.png","contentUrl":"https:\/\/www.latitude-15.com\/wp-content\/uploads\/2026\/03\/safety-summit.png","width":1254,"height":891},{"@type":"BreadcrumbList","@id":"https:\/\/www.latitude-15.com\/pt-br\/lideres-da-seguranca-da-aviacao-na-america-latina-se-reunirao-em-mendoza-para-o-alta-safety-summit-2026\/#breadcrumb","itemListElement":[{"@type":"ListItem","position":1,"name":"Home","item":"https:\/\/www.latitude-15.com\/pt-br\/inicio\/"},{"@type":"ListItem","position":2,"name":"L\u00edderes da seguran\u00e7a da avia\u00e7\u00e3o na Am\u00e9rica Latina se reunir\u00e3o em Mendoza para o ALTA Safety Summit 2026"}]},{"@type":"WebSite","@id":"https:\/\/www.latitude-15.com\/pt-br\/#website","url":"https:\/\/www.latitude-15.com\/pt-br\/","name":"LATITUDE 15","description":"Aviation and maritime Magazine - Caribbean &amp; Latin America","publisher":{"@id":"https:\/\/www.latitude-15.com\/pt-br\/#organization"},"potentialAction":[{"@type":"SearchAction","target":{"@type":"EntryPoint","urlTemplate":"https:\/\/www.latitude-15.com\/pt-br\/?s={search_term_string}"},"query-input":{"@type":"PropertyValueSpecification","valueRequired":true,"valueName":"search_term_string"}}],"inLanguage":"pt-BR"},{"@type":"Organization","@id":"https:\/\/www.latitude-15.com\/pt-br\/#organization","name":"LATITUDE 15","url":"https:\/\/www.latitude-15.com\/pt-br\/","logo":{"@type":"ImageObject","inLanguage":"pt-BR","@id":"https:\/\/www.latitude-15.com\/pt-br\/#\/schema\/logo\/image\/","url":"https:\/\/www.latitude-15.com\/wp-content\/uploads\/2026\/01\/cropped-logox500px.png","contentUrl":"https:\/\/www.latitude-15.com\/wp-content\/uploads\/2026\/01\/cropped-logox500px.png","width":62,"height":75,"caption":"LATITUDE 15"},"image":{"@id":"https:\/\/www.latitude-15.com\/pt-br\/#\/schema\/logo\/image\/"}},{"@type":"Person","@id":"https:\/\/www.latitude-15.com\/pt-br\/#\/schema\/person\/dac52e7ff44c78317f337da112e37252","name":"Joda J","image":{"@type":"ImageObject","inLanguage":"pt-BR","@id":"https:\/\/www.latitude-15.com\/pt-br\/#\/schema\/person\/image\/","url":"https:\/\/secure.gravatar.com\/avatar\/6b1feae555e15404b76616f92d931d12b25ac58024f14ccb43d9d3c012e4c4cf?s=96&d=mm&r=g","contentUrl":"https:\/\/secure.gravatar.com\/avatar\/6b1feae555e15404b76616f92d931d12b25ac58024f14ccb43d9d3c012e4c4cf?s=96&d=mm&r=g","caption":"Joda J"},"url":"https:\/\/www.latitude-15.com\/pt-br\/author\/joda\/"}]}},"_links":{"self":[{"href":"https:\/\/www.latitude-15.com\/pt-br\/wp-json\/wp\/v2\/posts\/22082","targetHints":{"allow":["GET"]}}],"collection":[{"href":"https:\/\/www.latitude-15.com\/pt-br\/wp-json\/wp\/v2\/posts"}],"about":[{"href":"https:\/\/www.latitude-15.com\/pt-br\/wp-json\/wp\/v2\/types\/post"}],"author":[{"embeddable":true,"href":"https:\/\/www.latitude-15.com\/pt-br\/wp-json\/wp\/v2\/users\/5"}],"replies":[{"embeddable":true,"href":"https:\/\/www.latitude-15.com\/pt-br\/wp-json\/wp\/v2\/comments?post=22082"}],"version-history":[{"count":1,"href":"https:\/\/www.latitude-15.com\/pt-br\/wp-json\/wp\/v2\/posts\/22082\/revisions"}],"predecessor-version":[{"id":22083,"href":"https:\/\/www.latitude-15.com\/pt-br\/wp-json\/wp\/v2\/posts\/22082\/revisions\/22083"}],"wp:featuredmedia":[{"embeddable":true,"href":"https:\/\/www.latitude-15.com\/pt-br\/wp-json\/wp\/v2\/media\/22081"}],"wp:attachment":[{"href":"https:\/\/www.latitude-15.com\/pt-br\/wp-json\/wp\/v2\/media?parent=22082"}],"wp:term":[{"taxonomy":"category","embeddable":true,"href":"https:\/\/www.latitude-15.com\/pt-br\/wp-json\/wp\/v2\/categories?post=22082"},{"taxonomy":"post_tag","embeddable":true,"href":"https:\/\/www.latitude-15.com\/pt-br\/wp-json\/wp\/v2\/tags?post=22082"}],"curies":[{"name":"wp","href":"https:\/\/api.w.org\/{rel}","templated":true}]}}