{"id":21968,"date":"2026-03-23T11:48:02","date_gmt":"2026-03-23T15:48:02","guid":{"rendered":"https:\/\/www.latitude-15.com\/o-aeroporto-de-quito-combina-crescimento-e-excelencia-em-servicos-para-manter-o-titulo-regional-da-skytrax\/"},"modified":"2026-03-24T00:09:35","modified_gmt":"2026-03-24T04:09:35","slug":"o-aeroporto-de-quito-combina-crescimento-e-excelencia-em-servicos-para-manter-o-titulo-regional-da-skytrax","status":"publish","type":"post","link":"https:\/\/www.latitude-15.com\/pt-br\/o-aeroporto-de-quito-combina-crescimento-e-excelencia-em-servicos-para-manter-o-titulo-regional-da-skytrax\/","title":{"rendered":"O Aeroporto de Quito combina crescimento e excel\u00eancia em servi\u00e7os para manter o t\u00edtulo regional da Skytrax"},"content":{"rendered":"\n<p>O Aeroporto Internacional Mariscal Sucre, em Quito, foi novamente reconhecido como o Melhor Aeroporto Regional da Am\u00e9rica do Sul, marcando o 11\u00ba ano consecutivo em que o gateway equatoriano ocupa a primeira posi\u00e7\u00e3o em sua categoria. A distin\u00e7\u00e3o, concedida no Skytrax World Airport Awards, refor\u00e7a a reputa\u00e7\u00e3o do aeroporto como um dos desempenhos mais consistentes da regi\u00e3o em termos de experi\u00eancia do passageiro, efici\u00eancia operacional e qualidade de servi\u00e7o. <\/p>\n\n<p>Baseados na avalia\u00e7\u00e3o direta de milh\u00f5es de viajantes em todo o mundo, os pr\u00eamios Skytrax s\u00e3o amplamente considerados o reconhecimento mais prestigiado da ind\u00fastria aeroportu\u00e1ria global. Para o Aeroporto de Quito, manter essa lideran\u00e7a por mais de uma d\u00e9cada evidencia a estrat\u00e9gia de longo prazo implementada pela Corporaci\u00f3n Quiport, a operadora privada respons\u00e1vel pela gest\u00e3o do aeroporto. <\/p>\n\n<p>Na edi\u00e7\u00e3o de 2026 do pr\u00eamio, o aeroporto tamb\u00e9m recebeu o t\u00edtulo de Cleanest Airport in South America, refletindo a \u00eanfase colocada nos padr\u00f5es operacionais e no conforto dos passageiros. Al\u00e9m disso, Quito ficou em terceiro lugar na categoria Best Airport Staff in South America e em quarto lugar no ranking mundial entre aeroportos que atendem entre cinco e dez milh\u00f5es de passageiros por ano. Complementando o reconhecimento do aeroporto, o Wyndham Quito Airport Hotel tamb\u00e9m foi eleito Best Airport Hotel in South America, fortalecendo a percep\u00e7\u00e3o geral de qualidade do ecossistema aeroportu\u00e1rio.  <\/p>\n\n<p>De acordo com Ram\u00f3n Mir\u00f3, Presidente e CEO da Quiport, o reconhecimento reflete o esfor\u00e7o coletivo de toda a comunidade aeroportu\u00e1ria. \u201cEsta conquista \u00e9 o resultado do trabalho colaborativo de toda a comunidade aeroportu\u00e1ria. Cada opera\u00e7\u00e3o, cada servi\u00e7o e cada intera\u00e7\u00e3o com os passageiros contam\u201d, afirmou, enfatizando que o pr\u00eamio confirma o compromisso de longo prazo da Quiport em manter elevados padr\u00f5es operacionais e de servi\u00e7o no principal gateway internacional do Equador. <\/p>\n\n<figure class=\"wp-block-image aligncenter size-large\"><img fetchpriority=\"high\" decoding=\"async\" width=\"1024\" height=\"576\" src=\"https:\/\/www.latitude-15.com\/wp-content\/uploads\/2026\/03\/UIO_BestRgnl-S-America-1024x576.jpg\" alt=\"\" class=\"wp-image-21944\" srcset=\"https:\/\/www.latitude-15.com\/wp-content\/uploads\/2026\/03\/UIO_BestRgnl-S-America-1024x576.jpg 1024w, https:\/\/www.latitude-15.com\/wp-content\/uploads\/2026\/03\/UIO_BestRgnl-S-America-300x169.jpg 300w, https:\/\/www.latitude-15.com\/wp-content\/uploads\/2026\/03\/UIO_BestRgnl-S-America-768x432.jpg 768w, https:\/\/www.latitude-15.com\/wp-content\/uploads\/2026\/03\/UIO_BestRgnl-S-America.jpg 1200w\" sizes=\"(max-width: 1024px) 100vw, 1024px\" \/><figcaption class=\"wp-element-caption\"><em>Mr Ram\u00f3n Mir\u00f3 (right), CEO Mariscal Sucre Quito Airport is named the Best Regional Airport in South America 2025 \u2013 (c) Skytrax<\/em><\/figcaption><\/figure>\n\n<h2 class=\"wp-block-heading\">11 anos de lideran\u00e7a regional<\/h2>\n\n<p>Manter a primeira posi\u00e7\u00e3o regional por mais de uma d\u00e9cada representa uma conquista significativa em um cen\u00e1rio de avia\u00e7\u00e3o sul-americano cada vez mais competitivo. O Skytrax World Airport Awards, frequentemente descrito como o principal referencial global de qualidade aeroportu\u00e1ria, baseia-se em pesquisas abrangentes com passageiros que avaliam toda a jornada no aeroporto \u2014 desde o check-in e a seguran\u00e7a at\u00e9 a limpeza, o atendimento da equipe e a experi\u00eancia geral de viagem. <\/p>\n\n<p>Para o Aeroporto de Quito, o d\u00e9cimo primeiro pr\u00eamio consecutivo confirma um foco sustentado na excel\u00eancia do servi\u00e7o e na confiabilidade operacional. Al\u00e9m do reconhecimento principal, o forte desempenho do aeroporto em m\u00faltiplas categorias demonstra sua capacidade de competir com hubs maiores da regi\u00e3o, apesar de operar no segmento de cinco a dez milh\u00f5es de passageiros. <\/p>\n\n<h2 class=\"wp-block-heading\">Expans\u00e3o da infraestrutura apoiando o crescimento futuro<\/h2>\n\n<p>Por tr\u00e1s desses reconhecimentos existe uma estrat\u00e9gia mais ampla centrada em investimentos em infraestrutura e moderniza\u00e7\u00e3o operacional. Em 2025, o Aeroporto de Quito concluiu um grande projeto de expans\u00e3o representando um investimento de US$74,2 milh\u00f5es, totalmente financiado com recursos pr\u00f3prios da Quiport. <\/p>\n\n<p>A expans\u00e3o acrescentou 17.647 metros quadrados ao terminal de passageiros e 35.000 metros quadrados ao p\u00e1tio de aeronaves, aumentando significativamente a capacidade do aeroporto para lidar com o crescimento do tr\u00e1fego. O projeto tamb\u00e9m introduziu \u00e1reas maiores dedicadas \u00e0s chegadas e partidas internacionais, melhorias no sistema de manuseio de bagagens e uma \u00e1rea de Alf\u00e2ndega reconfigurada para agilizar o fluxo de passageiros. <\/p>\n\n<p>Instala\u00e7\u00f5es adicionais tamb\u00e9m foram desenvolvidas dentro do terminal, incluindo novos espa\u00e7os comerciais, 20 balc\u00f5es adicionais de check-in para companhias a\u00e9reas e 12 quiosques de autoatendimento para check-in. O conforto dos passageiros foi ampliado com a cria\u00e7\u00e3o de um lounge de pr\u00e9-embarque com capacidade para acomodar 350 viajantes, enquanto a expans\u00e3o do lounge VIP internacional \u2014 prevista para conclus\u00e3o em 2026 \u2014 fortalecer\u00e1 ainda mais os servi\u00e7os premium. <\/p>\n\n<p>De forma geral, a expans\u00e3o aumentou a capacidade anual de passageiros do aeroporto de cinco milh\u00f5es para sete milh\u00f5es de viajantes, posicionando a infraestrutura para apoiar o crescimento futuro do setor de avia\u00e7\u00e3o do Equador.<\/p>\n\n<h2 class=\"wp-block-heading\">Efici\u00eancia operacional e experi\u00eancia do passageiro<\/h2>\n\n<p>Paralelamente \u00e0s melhorias de infraestrutura, o aeroporto introduziu novas tecnologias projetadas para aumentar a efici\u00eancia operacional e melhorar a experi\u00eancia dos passageiros. Uma das inova\u00e7\u00f5es mais significativas foi a implementa\u00e7\u00e3o de port\u00f5es biom\u00e9tricos na \u00e1rea de partidas internacionais, permitindo que viajantes equatorianos com mais de 18 anos passem pelos controles de imigra\u00e7\u00e3o de forma mais r\u00e1pida ao viajar para destinos da Am\u00e9rica do Sul que n\u00e3o exigem visto. <\/p>\n\n<p>Essas atualiza\u00e7\u00f5es tecnol\u00f3gicas refletem a estrat\u00e9gia mais ampla do aeroporto de alinhar suas opera\u00e7\u00f5es aos padr\u00f5es internacionais, ao mesmo tempo em que reduzem os tempos de processamento e melhoram a jornada geral do passageiro.<\/p>\n\n<h2 class=\"wp-block-heading\">Crescimento do tr\u00e1fego e expans\u00e3o da conectividade a\u00e9rea<\/h2>\n\n<p>Os resultados operacionais de 2025 confirmam a trajet\u00f3ria constante de recupera\u00e7\u00e3o e crescimento do aeroporto. Durante o ano, 5,4 milh\u00f5es de passageiros passaram pelo Aeroporto de Quito, superando ligeiramente os 5,3 milh\u00f5es registrados em 2024. <\/p>\n\n<p>Embora os primeiros meses do ano tenham sido afetados por incertezas relacionadas ao ciclo eleitoral do Equador, os n\u00edveis de tr\u00e1fego come\u00e7aram a se recuperar a partir de maio, resultando em um desempenho geral positivo ao final do ano.<\/p>\n\n<p>A conectividade tamb\u00e9m se expandiu durante o per\u00edodo. Em 2025, 12 companhias a\u00e9reas comerciais operaram voos conectando Quito a oito destinos dom\u00e9sticos e quatorze rotas internacionais, refor\u00e7ando o papel do aeroporto como o principal gateway internacional da avia\u00e7\u00e3o equatoriana. <\/p>\n\n<p>Entre os desenvolvimentos mais relevantes esteve o lan\u00e7amento da rota Quito\u2013Madri operada pela Air Europa, fortalecendo a conectividade direta com a Europa. Em paralelo, a Aerom\u00e9xico anunciou a retomada dos voos entre Quito e Cidade do M\u00e9xico, com opera\u00e7\u00f5es previstas para come\u00e7ar em mar\u00e7o de 2026, ampliando as op\u00e7\u00f5es de viagem entre o Equador e a Am\u00e9rica do Norte. <\/p>\n\n<p>Aumentos de frequ\u00eancia tamb\u00e9m foram introduzidos em rotas importantes, incluindo Nova York, Cidade do Panam\u00e1, Bogot\u00e1, Lima e Houston, ampliando a oferta de assentos e melhorando a conectividade tanto para viagens de neg\u00f3cios quanto de lazer.<\/p>\n\n<h2 class=\"wp-block-heading\">Quito refor\u00e7a seu papel como hub regional de carga a\u00e9rea<\/h2>\n\n<p>Al\u00e9m das opera\u00e7\u00f5es de passageiros, o Aeroporto de Quito tamb\u00e9m consolidou sua posi\u00e7\u00e3o como uma plataforma log\u00edstica estrat\u00e9gica para a economia de exporta\u00e7\u00e3o do Equador. Os volumes de carga cresceram significativamente, passando de 364.000 toneladas m\u00e9tricas em 2024 para 407.000 toneladas m\u00e9tricas em 2025. <\/p>\n\n<p>Um total de 16 companhias a\u00e9reas de carga opera atualmente no aeroporto, sustentando um ecossistema log\u00edstico amplamente impulsionado pelo setor flor\u00edcola equatoriano, altamente competitivo no mercado global. De fato, 93% das exporta\u00e7\u00f5es de carga processadas no Aeroporto de Quito consistem em remessas de flores, tornando o aeroporto um gateway essencial para uma das ind\u00fastrias de exporta\u00e7\u00e3o mais importantes do pa\u00eds. <\/p>\n\n<p>Esse forte desempenho posicionou o Aeroporto de Quito como o quinto maior hub de carga da Am\u00e9rica Latina e do Caribe, de acordo com rankings publicados pela ACI-LAC.<\/p>\n\n<h2 class=\"wp-block-heading\">Fortalecendo o perfil da avia\u00e7\u00e3o equatoriana<\/h2>\n\n<p>Em conjunto, esses desenvolvimentos ilustram a transforma\u00e7\u00e3o do Aeroporto Internacional Mariscal Sucre de Quito em um gateway de avia\u00e7\u00e3o moderno e competitivo. Com investimentos cont\u00ednuos em infraestrutura, melhorias na experi\u00eancia do passageiro, expans\u00e3o da conectividade e crescimento nos volumes de carga, o aeroporto continua refor\u00e7ando seu papel estrat\u00e9gico dentro da rede regional de transporte a\u00e9reo. <\/p>\n\n<p>Al\u00e9m do pr\u00f3prio aeroporto, essas conquistas tamb\u00e9m contribuem para fortalecer o perfil internacional da avia\u00e7\u00e3o do Equador, apoiando o crescimento do turismo, facilitando a log\u00edstica de exporta\u00e7\u00f5es e ampliando a conectividade do pa\u00eds com os mercados globais.<\/p>\n","protected":false},"excerpt":{"rendered":"<p>O Aeroporto Internacional Mariscal Sucre, em Quito, foi novamente reconhecido como o Melhor Aeroporto Regional da Am\u00e9rica do Sul, marcando o 11\u00ba ano consecutivo em que o gateway equatoriano ocupa a primeira posi\u00e7\u00e3o em sua categoria. A distin\u00e7\u00e3o, concedida no Skytrax World Airport Awards, refor\u00e7a a reputa\u00e7\u00e3o do aeroporto como um dos desempenhos mais consistentes [&hellip;]<\/p>\n","protected":false},"author":5,"featured_media":21967,"comment_status":"open","ping_status":"closed","sticky":false,"template":"","format":"standard","meta":{"footnotes":""},"categories":[104,98],"tags":[],"class_list":["post-21968","post","type-post","status-publish","format-standard","has-post-thumbnail","hentry","category-aeroportos-e-infraestrutura","category-aviacao"],"yoast_head":"<!-- This site is optimized with the Yoast SEO plugin v26.9 - https:\/\/yoast.com\/product\/yoast-seo-wordpress\/ -->\n<title>O Aeroporto de Quito combina crescimento e excel\u00eancia em servi\u00e7os para manter o t\u00edtulo regional da Skytrax - LATITUDE 15<\/title>\n<meta name=\"description\" content=\"Aeroporto de Quito: Aeroporto Regional na Am\u00e9rica do Sul pelo 11\u00ba ano consecutivo, destacando sua expans\u00e3o e qualidade de servi\u00e7o\" \/>\n<meta name=\"robots\" content=\"index, follow, max-snippet:-1, max-image-preview:large, max-video-preview:-1\" \/>\n<link rel=\"canonical\" href=\"https:\/\/www.latitude-15.com\/pt-br\/o-aeroporto-de-quito-combina-crescimento-e-excelencia-em-servicos-para-manter-o-titulo-regional-da-skytrax\/\" \/>\n<meta property=\"og:locale\" content=\"pt_BR\" \/>\n<meta property=\"og:type\" content=\"article\" \/>\n<meta property=\"og:title\" content=\"O Aeroporto de Quito combina crescimento e excel\u00eancia em servi\u00e7os para manter o t\u00edtulo regional da Skytrax - LATITUDE 15\" \/>\n<meta property=\"og:description\" content=\"Aeroporto de Quito: Aeroporto Regional na Am\u00e9rica do Sul pelo 11\u00ba ano consecutivo, destacando sua expans\u00e3o e qualidade de servi\u00e7o\" \/>\n<meta property=\"og:url\" content=\"https:\/\/www.latitude-15.com\/pt-br\/o-aeroporto-de-quito-combina-crescimento-e-excelencia-em-servicos-para-manter-o-titulo-regional-da-skytrax\/\" \/>\n<meta property=\"og:site_name\" content=\"LATITUDE 15\" \/>\n<meta property=\"article:published_time\" content=\"2026-03-23T15:48:02+00:00\" \/>\n<meta property=\"article:modified_time\" content=\"2026-03-24T04:09:35+00:00\" \/>\n<meta property=\"og:image\" content=\"https:\/\/www.latitude-15.com\/wp-content\/uploads\/2026\/03\/DSC04707-scaled-1.jpg\" \/>\n\t<meta property=\"og:image:width\" content=\"2560\" \/>\n\t<meta property=\"og:image:height\" content=\"1753\" \/>\n\t<meta property=\"og:image:type\" content=\"image\/jpeg\" \/>\n<meta name=\"author\" content=\"Joda J\" \/>\n<meta name=\"twitter:card\" content=\"summary_large_image\" \/>\n<meta name=\"twitter:label1\" content=\"Escrito por\" \/>\n\t<meta name=\"twitter:data1\" content=\"Joda J\" \/>\n\t<meta name=\"twitter:label2\" content=\"Est. tempo de leitura\" \/>\n\t<meta name=\"twitter:data2\" content=\"7 minutos\" \/>\n<script type=\"application\/ld+json\" class=\"yoast-schema-graph\">{\"@context\":\"https:\/\/schema.org\",\"@graph\":[{\"@type\":\"Article\",\"@id\":\"https:\/\/www.latitude-15.com\/pt-br\/o-aeroporto-de-quito-combina-crescimento-e-excelencia-em-servicos-para-manter-o-titulo-regional-da-skytrax\/#article\",\"isPartOf\":{\"@id\":\"https:\/\/www.latitude-15.com\/pt-br\/o-aeroporto-de-quito-combina-crescimento-e-excelencia-em-servicos-para-manter-o-titulo-regional-da-skytrax\/\"},\"author\":{\"name\":\"Joda J\",\"@id\":\"https:\/\/www.latitude-15.com\/pt-br\/#\/schema\/person\/dac52e7ff44c78317f337da112e37252\"},\"headline\":\"O Aeroporto de Quito combina crescimento e excel\u00eancia em servi\u00e7os para manter o t\u00edtulo regional da Skytrax\",\"datePublished\":\"2026-03-23T15:48:02+00:00\",\"dateModified\":\"2026-03-24T04:09:35+00:00\",\"mainEntityOfPage\":{\"@id\":\"https:\/\/www.latitude-15.com\/pt-br\/o-aeroporto-de-quito-combina-crescimento-e-excelencia-em-servicos-para-manter-o-titulo-regional-da-skytrax\/\"},\"wordCount\":1377,\"commentCount\":0,\"publisher\":{\"@id\":\"https:\/\/www.latitude-15.com\/pt-br\/#organization\"},\"image\":{\"@id\":\"https:\/\/www.latitude-15.com\/pt-br\/o-aeroporto-de-quito-combina-crescimento-e-excelencia-em-servicos-para-manter-o-titulo-regional-da-skytrax\/#primaryimage\"},\"thumbnailUrl\":\"https:\/\/www.latitude-15.com\/wp-content\/uploads\/2026\/03\/DSC04707-scaled-1.jpg\",\"articleSection\":[\"Aeroportos e infraestrutura\",\"AVIA\u00c7\u00c3O\"],\"inLanguage\":\"pt-BR\",\"potentialAction\":[{\"@type\":\"CommentAction\",\"name\":\"Comment\",\"target\":[\"https:\/\/www.latitude-15.com\/pt-br\/o-aeroporto-de-quito-combina-crescimento-e-excelencia-em-servicos-para-manter-o-titulo-regional-da-skytrax\/#respond\"]}]},{\"@type\":\"WebPage\",\"@id\":\"https:\/\/www.latitude-15.com\/pt-br\/o-aeroporto-de-quito-combina-crescimento-e-excelencia-em-servicos-para-manter-o-titulo-regional-da-skytrax\/\",\"url\":\"https:\/\/www.latitude-15.com\/pt-br\/o-aeroporto-de-quito-combina-crescimento-e-excelencia-em-servicos-para-manter-o-titulo-regional-da-skytrax\/\",\"name\":\"O Aeroporto de Quito combina crescimento e excel\u00eancia em servi\u00e7os para manter o t\u00edtulo regional da Skytrax - LATITUDE 15\",\"isPartOf\":{\"@id\":\"https:\/\/www.latitude-15.com\/pt-br\/#website\"},\"primaryImageOfPage\":{\"@id\":\"https:\/\/www.latitude-15.com\/pt-br\/o-aeroporto-de-quito-combina-crescimento-e-excelencia-em-servicos-para-manter-o-titulo-regional-da-skytrax\/#primaryimage\"},\"image\":{\"@id\":\"https:\/\/www.latitude-15.com\/pt-br\/o-aeroporto-de-quito-combina-crescimento-e-excelencia-em-servicos-para-manter-o-titulo-regional-da-skytrax\/#primaryimage\"},\"thumbnailUrl\":\"https:\/\/www.latitude-15.com\/wp-content\/uploads\/2026\/03\/DSC04707-scaled-1.jpg\",\"datePublished\":\"2026-03-23T15:48:02+00:00\",\"dateModified\":\"2026-03-24T04:09:35+00:00\",\"description\":\"Aeroporto de Quito: Aeroporto Regional na Am\u00e9rica do Sul pelo 11\u00ba ano consecutivo, destacando sua expans\u00e3o e qualidade de servi\u00e7o\",\"breadcrumb\":{\"@id\":\"https:\/\/www.latitude-15.com\/pt-br\/o-aeroporto-de-quito-combina-crescimento-e-excelencia-em-servicos-para-manter-o-titulo-regional-da-skytrax\/#breadcrumb\"},\"inLanguage\":\"pt-BR\",\"potentialAction\":[{\"@type\":\"ReadAction\",\"target\":[\"https:\/\/www.latitude-15.com\/pt-br\/o-aeroporto-de-quito-combina-crescimento-e-excelencia-em-servicos-para-manter-o-titulo-regional-da-skytrax\/\"]}]},{\"@type\":\"ImageObject\",\"inLanguage\":\"pt-BR\",\"@id\":\"https:\/\/www.latitude-15.com\/pt-br\/o-aeroporto-de-quito-combina-crescimento-e-excelencia-em-servicos-para-manter-o-titulo-regional-da-skytrax\/#primaryimage\",\"url\":\"https:\/\/www.latitude-15.com\/wp-content\/uploads\/2026\/03\/DSC04707-scaled-1.jpg\",\"contentUrl\":\"https:\/\/www.latitude-15.com\/wp-content\/uploads\/2026\/03\/DSC04707-scaled-1.jpg\",\"width\":2560,\"height\":1753},{\"@type\":\"BreadcrumbList\",\"@id\":\"https:\/\/www.latitude-15.com\/pt-br\/o-aeroporto-de-quito-combina-crescimento-e-excelencia-em-servicos-para-manter-o-titulo-regional-da-skytrax\/#breadcrumb\",\"itemListElement\":[{\"@type\":\"ListItem\",\"position\":1,\"name\":\"Home\",\"item\":\"https:\/\/www.latitude-15.com\/pt-br\/inicio\/\"},{\"@type\":\"ListItem\",\"position\":2,\"name\":\"O Aeroporto de Quito combina crescimento e excel\u00eancia em servi\u00e7os para manter o t\u00edtulo regional da Skytrax\"}]},{\"@type\":\"WebSite\",\"@id\":\"https:\/\/www.latitude-15.com\/pt-br\/#website\",\"url\":\"https:\/\/www.latitude-15.com\/pt-br\/\",\"name\":\"LATITUDE 15\",\"description\":\"Aviation and maritime Magazine - Caribbean &amp; Latin America\",\"publisher\":{\"@id\":\"https:\/\/www.latitude-15.com\/pt-br\/#organization\"},\"potentialAction\":[{\"@type\":\"SearchAction\",\"target\":{\"@type\":\"EntryPoint\",\"urlTemplate\":\"https:\/\/www.latitude-15.com\/pt-br\/?s={search_term_string}\"},\"query-input\":{\"@type\":\"PropertyValueSpecification\",\"valueRequired\":true,\"valueName\":\"search_term_string\"}}],\"inLanguage\":\"pt-BR\"},{\"@type\":\"Organization\",\"@id\":\"https:\/\/www.latitude-15.com\/pt-br\/#organization\",\"name\":\"LATITUDE 15\",\"url\":\"https:\/\/www.latitude-15.com\/pt-br\/\",\"logo\":{\"@type\":\"ImageObject\",\"inLanguage\":\"pt-BR\",\"@id\":\"https:\/\/www.latitude-15.com\/pt-br\/#\/schema\/logo\/image\/\",\"url\":\"https:\/\/www.latitude-15.com\/wp-content\/uploads\/2026\/01\/cropped-logox500px.png\",\"contentUrl\":\"https:\/\/www.latitude-15.com\/wp-content\/uploads\/2026\/01\/cropped-logox500px.png\",\"width\":62,\"height\":75,\"caption\":\"LATITUDE 15\"},\"image\":{\"@id\":\"https:\/\/www.latitude-15.com\/pt-br\/#\/schema\/logo\/image\/\"}},{\"@type\":\"Person\",\"@id\":\"https:\/\/www.latitude-15.com\/pt-br\/#\/schema\/person\/dac52e7ff44c78317f337da112e37252\",\"name\":\"Joda J\",\"image\":{\"@type\":\"ImageObject\",\"inLanguage\":\"pt-BR\",\"@id\":\"https:\/\/www.latitude-15.com\/pt-br\/#\/schema\/person\/image\/\",\"url\":\"https:\/\/secure.gravatar.com\/avatar\/6b1feae555e15404b76616f92d931d12b25ac58024f14ccb43d9d3c012e4c4cf?s=96&d=mm&r=g\",\"contentUrl\":\"https:\/\/secure.gravatar.com\/avatar\/6b1feae555e15404b76616f92d931d12b25ac58024f14ccb43d9d3c012e4c4cf?s=96&d=mm&r=g\",\"caption\":\"Joda J\"},\"url\":\"https:\/\/www.latitude-15.com\/pt-br\/author\/joda\/\"}]}<\/script>\n<!-- \/ Yoast SEO plugin. -->","yoast_head_json":{"title":"O Aeroporto de Quito combina crescimento e excel\u00eancia em servi\u00e7os para manter o t\u00edtulo regional da Skytrax - LATITUDE 15","description":"Aeroporto de Quito: Aeroporto Regional na Am\u00e9rica do Sul pelo 11\u00ba ano consecutivo, destacando sua expans\u00e3o e qualidade de servi\u00e7o","robots":{"index":"index","follow":"follow","max-snippet":"max-snippet:-1","max-image-preview":"max-image-preview:large","max-video-preview":"max-video-preview:-1"},"canonical":"https:\/\/www.latitude-15.com\/pt-br\/o-aeroporto-de-quito-combina-crescimento-e-excelencia-em-servicos-para-manter-o-titulo-regional-da-skytrax\/","og_locale":"pt_BR","og_type":"article","og_title":"O Aeroporto de Quito combina crescimento e excel\u00eancia em servi\u00e7os para manter o t\u00edtulo regional da Skytrax - LATITUDE 15","og_description":"Aeroporto de Quito: Aeroporto Regional na Am\u00e9rica do Sul pelo 11\u00ba ano consecutivo, destacando sua expans\u00e3o e qualidade de servi\u00e7o","og_url":"https:\/\/www.latitude-15.com\/pt-br\/o-aeroporto-de-quito-combina-crescimento-e-excelencia-em-servicos-para-manter-o-titulo-regional-da-skytrax\/","og_site_name":"LATITUDE 15","article_published_time":"2026-03-23T15:48:02+00:00","article_modified_time":"2026-03-24T04:09:35+00:00","og_image":[{"width":2560,"height":1753,"url":"https:\/\/www.latitude-15.com\/wp-content\/uploads\/2026\/03\/DSC04707-scaled-1.jpg","type":"image\/jpeg"}],"author":"Joda J","twitter_card":"summary_large_image","twitter_misc":{"Escrito por":"Joda J","Est. tempo de leitura":"7 minutos"},"schema":{"@context":"https:\/\/schema.org","@graph":[{"@type":"Article","@id":"https:\/\/www.latitude-15.com\/pt-br\/o-aeroporto-de-quito-combina-crescimento-e-excelencia-em-servicos-para-manter-o-titulo-regional-da-skytrax\/#article","isPartOf":{"@id":"https:\/\/www.latitude-15.com\/pt-br\/o-aeroporto-de-quito-combina-crescimento-e-excelencia-em-servicos-para-manter-o-titulo-regional-da-skytrax\/"},"author":{"name":"Joda J","@id":"https:\/\/www.latitude-15.com\/pt-br\/#\/schema\/person\/dac52e7ff44c78317f337da112e37252"},"headline":"O Aeroporto de Quito combina crescimento e excel\u00eancia em servi\u00e7os para manter o t\u00edtulo regional da Skytrax","datePublished":"2026-03-23T15:48:02+00:00","dateModified":"2026-03-24T04:09:35+00:00","mainEntityOfPage":{"@id":"https:\/\/www.latitude-15.com\/pt-br\/o-aeroporto-de-quito-combina-crescimento-e-excelencia-em-servicos-para-manter-o-titulo-regional-da-skytrax\/"},"wordCount":1377,"commentCount":0,"publisher":{"@id":"https:\/\/www.latitude-15.com\/pt-br\/#organization"},"image":{"@id":"https:\/\/www.latitude-15.com\/pt-br\/o-aeroporto-de-quito-combina-crescimento-e-excelencia-em-servicos-para-manter-o-titulo-regional-da-skytrax\/#primaryimage"},"thumbnailUrl":"https:\/\/www.latitude-15.com\/wp-content\/uploads\/2026\/03\/DSC04707-scaled-1.jpg","articleSection":["Aeroportos e infraestrutura","AVIA\u00c7\u00c3O"],"inLanguage":"pt-BR","potentialAction":[{"@type":"CommentAction","name":"Comment","target":["https:\/\/www.latitude-15.com\/pt-br\/o-aeroporto-de-quito-combina-crescimento-e-excelencia-em-servicos-para-manter-o-titulo-regional-da-skytrax\/#respond"]}]},{"@type":"WebPage","@id":"https:\/\/www.latitude-15.com\/pt-br\/o-aeroporto-de-quito-combina-crescimento-e-excelencia-em-servicos-para-manter-o-titulo-regional-da-skytrax\/","url":"https:\/\/www.latitude-15.com\/pt-br\/o-aeroporto-de-quito-combina-crescimento-e-excelencia-em-servicos-para-manter-o-titulo-regional-da-skytrax\/","name":"O Aeroporto de Quito combina crescimento e excel\u00eancia em servi\u00e7os para manter o t\u00edtulo regional da Skytrax - LATITUDE 15","isPartOf":{"@id":"https:\/\/www.latitude-15.com\/pt-br\/#website"},"primaryImageOfPage":{"@id":"https:\/\/www.latitude-15.com\/pt-br\/o-aeroporto-de-quito-combina-crescimento-e-excelencia-em-servicos-para-manter-o-titulo-regional-da-skytrax\/#primaryimage"},"image":{"@id":"https:\/\/www.latitude-15.com\/pt-br\/o-aeroporto-de-quito-combina-crescimento-e-excelencia-em-servicos-para-manter-o-titulo-regional-da-skytrax\/#primaryimage"},"thumbnailUrl":"https:\/\/www.latitude-15.com\/wp-content\/uploads\/2026\/03\/DSC04707-scaled-1.jpg","datePublished":"2026-03-23T15:48:02+00:00","dateModified":"2026-03-24T04:09:35+00:00","description":"Aeroporto de Quito: Aeroporto Regional na Am\u00e9rica do Sul pelo 11\u00ba ano consecutivo, destacando sua expans\u00e3o e qualidade de servi\u00e7o","breadcrumb":{"@id":"https:\/\/www.latitude-15.com\/pt-br\/o-aeroporto-de-quito-combina-crescimento-e-excelencia-em-servicos-para-manter-o-titulo-regional-da-skytrax\/#breadcrumb"},"inLanguage":"pt-BR","potentialAction":[{"@type":"ReadAction","target":["https:\/\/www.latitude-15.com\/pt-br\/o-aeroporto-de-quito-combina-crescimento-e-excelencia-em-servicos-para-manter-o-titulo-regional-da-skytrax\/"]}]},{"@type":"ImageObject","inLanguage":"pt-BR","@id":"https:\/\/www.latitude-15.com\/pt-br\/o-aeroporto-de-quito-combina-crescimento-e-excelencia-em-servicos-para-manter-o-titulo-regional-da-skytrax\/#primaryimage","url":"https:\/\/www.latitude-15.com\/wp-content\/uploads\/2026\/03\/DSC04707-scaled-1.jpg","contentUrl":"https:\/\/www.latitude-15.com\/wp-content\/uploads\/2026\/03\/DSC04707-scaled-1.jpg","width":2560,"height":1753},{"@type":"BreadcrumbList","@id":"https:\/\/www.latitude-15.com\/pt-br\/o-aeroporto-de-quito-combina-crescimento-e-excelencia-em-servicos-para-manter-o-titulo-regional-da-skytrax\/#breadcrumb","itemListElement":[{"@type":"ListItem","position":1,"name":"Home","item":"https:\/\/www.latitude-15.com\/pt-br\/inicio\/"},{"@type":"ListItem","position":2,"name":"O Aeroporto de Quito combina crescimento e excel\u00eancia em servi\u00e7os para manter o t\u00edtulo regional da Skytrax"}]},{"@type":"WebSite","@id":"https:\/\/www.latitude-15.com\/pt-br\/#website","url":"https:\/\/www.latitude-15.com\/pt-br\/","name":"LATITUDE 15","description":"Aviation and maritime Magazine - Caribbean &amp; Latin America","publisher":{"@id":"https:\/\/www.latitude-15.com\/pt-br\/#organization"},"potentialAction":[{"@type":"SearchAction","target":{"@type":"EntryPoint","urlTemplate":"https:\/\/www.latitude-15.com\/pt-br\/?s={search_term_string}"},"query-input":{"@type":"PropertyValueSpecification","valueRequired":true,"valueName":"search_term_string"}}],"inLanguage":"pt-BR"},{"@type":"Organization","@id":"https:\/\/www.latitude-15.com\/pt-br\/#organization","name":"LATITUDE 15","url":"https:\/\/www.latitude-15.com\/pt-br\/","logo":{"@type":"ImageObject","inLanguage":"pt-BR","@id":"https:\/\/www.latitude-15.com\/pt-br\/#\/schema\/logo\/image\/","url":"https:\/\/www.latitude-15.com\/wp-content\/uploads\/2026\/01\/cropped-logox500px.png","contentUrl":"https:\/\/www.latitude-15.com\/wp-content\/uploads\/2026\/01\/cropped-logox500px.png","width":62,"height":75,"caption":"LATITUDE 15"},"image":{"@id":"https:\/\/www.latitude-15.com\/pt-br\/#\/schema\/logo\/image\/"}},{"@type":"Person","@id":"https:\/\/www.latitude-15.com\/pt-br\/#\/schema\/person\/dac52e7ff44c78317f337da112e37252","name":"Joda J","image":{"@type":"ImageObject","inLanguage":"pt-BR","@id":"https:\/\/www.latitude-15.com\/pt-br\/#\/schema\/person\/image\/","url":"https:\/\/secure.gravatar.com\/avatar\/6b1feae555e15404b76616f92d931d12b25ac58024f14ccb43d9d3c012e4c4cf?s=96&d=mm&r=g","contentUrl":"https:\/\/secure.gravatar.com\/avatar\/6b1feae555e15404b76616f92d931d12b25ac58024f14ccb43d9d3c012e4c4cf?s=96&d=mm&r=g","caption":"Joda J"},"url":"https:\/\/www.latitude-15.com\/pt-br\/author\/joda\/"}]}},"_links":{"self":[{"href":"https:\/\/www.latitude-15.com\/pt-br\/wp-json\/wp\/v2\/posts\/21968","targetHints":{"allow":["GET"]}}],"collection":[{"href":"https:\/\/www.latitude-15.com\/pt-br\/wp-json\/wp\/v2\/posts"}],"about":[{"href":"https:\/\/www.latitude-15.com\/pt-br\/wp-json\/wp\/v2\/types\/post"}],"author":[{"embeddable":true,"href":"https:\/\/www.latitude-15.com\/pt-br\/wp-json\/wp\/v2\/users\/5"}],"replies":[{"embeddable":true,"href":"https:\/\/www.latitude-15.com\/pt-br\/wp-json\/wp\/v2\/comments?post=21968"}],"version-history":[{"count":1,"href":"https:\/\/www.latitude-15.com\/pt-br\/wp-json\/wp\/v2\/posts\/21968\/revisions"}],"predecessor-version":[{"id":21969,"href":"https:\/\/www.latitude-15.com\/pt-br\/wp-json\/wp\/v2\/posts\/21968\/revisions\/21969"}],"wp:featuredmedia":[{"embeddable":true,"href":"https:\/\/www.latitude-15.com\/pt-br\/wp-json\/wp\/v2\/media\/21967"}],"wp:attachment":[{"href":"https:\/\/www.latitude-15.com\/pt-br\/wp-json\/wp\/v2\/media?parent=21968"}],"wp:term":[{"taxonomy":"category","embeddable":true,"href":"https:\/\/www.latitude-15.com\/pt-br\/wp-json\/wp\/v2\/categories?post=21968"},{"taxonomy":"post_tag","embeddable":true,"href":"https:\/\/www.latitude-15.com\/pt-br\/wp-json\/wp\/v2\/tags?post=21968"}],"curies":[{"name":"wp","href":"https:\/\/api.w.org\/{rel}","templated":true}]}}