{"id":21893,"date":"2026-03-20T10:19:25","date_gmt":"2026-03-20T14:19:25","guid":{"rendered":"https:\/\/www.latitude-15.com\/corporacion-america-airports-inicia-2026-com-bases-fortalecidas-impulsionada-pelo-crescimento-do-trafego-internacional\/"},"modified":"2026-03-20T23:49:02","modified_gmt":"2026-03-21T03:49:02","slug":"corporacion-america-airports-inicia-2026-com-bases-fortalecidas-impulsionada-pelo-crescimento-do-trafego-internacional","status":"publish","type":"post","link":"https:\/\/www.latitude-15.com\/pt-br\/corporacion-america-airports-inicia-2026-com-bases-fortalecidas-impulsionada-pelo-crescimento-do-trafego-internacional\/","title":{"rendered":"Corporaci\u00f3n Am\u00e9rica Airports inicia 2026 com bases fortalecidas, impulsionada pelo crescimento do tr\u00e1fego internacional"},"content":{"rendered":"\n<p>A Corporaci\u00f3n Am\u00e9rica Airports inicia 2026 com um perfil operacional e financeiro refor\u00e7ado, \u00e0 medida que os primeiros dados de tr\u00e1fego confirmam o impulso constru\u00eddo ao longo do \u00faltimo ano, em parte sustentado por seu portf\u00f3lio na Am\u00e9rica Latina. Os resultados de fevereiro indicam a continuidade das tend\u00eancias de fundo, com a demanda internacional acelerando em v\u00e1rios dos principais mercados do grupo. <\/p>\n\n<p>A operadora aeroportu\u00e1ria registrou um aumento de 6,7% no tr\u00e1fego de passageiros em fevereiro de 2026, atingindo 6,7 milh\u00f5es de passageiros em toda a sua rede. Esse desempenho foi impulsionado principalmente pelo tr\u00e1fego internacional, que cresceu 14,1%, enquanto o tr\u00e1fego dom\u00e9stico permaneceu praticamente est\u00e1vel, com varia\u00e7\u00e3o de +0,2%. <\/p>\n\n<figure class=\"wp-block-image aligncenter size-full\"><img fetchpriority=\"high\" decoding=\"async\" width=\"480\" height=\"270\" src=\"https:\/\/www.latitude-15.com\/wp-content\/uploads\/2026\/03\/Chart.jpg\" alt=\"\" class=\"wp-image-21872\" srcset=\"https:\/\/www.latitude-15.com\/wp-content\/uploads\/2026\/03\/Chart.jpg 480w, https:\/\/www.latitude-15.com\/wp-content\/uploads\/2026\/03\/Chart-300x169.jpg 300w\" sizes=\"(max-width: 480px) 100vw, 480px\" \/><\/figure>\n\n<p>Esse in\u00edcio de ano segue um 2025 s\u00f3lido, no qual a Corporaci\u00f3n Am\u00e9rica Airports transportou 86,7 milh\u00f5es de passageiros, um crescimento de 9,8% em rela\u00e7\u00e3o ao ano anterior. Al\u00e9m da recupera\u00e7\u00e3o do tr\u00e1fego, o grupo apresentou uma melhora significativa no desempenho financeiro, com receitas \u2014 excluindo servi\u00e7os de constru\u00e7\u00e3o \u2014 atingindo US$ 1,75 bilh\u00e3o e o EBITDA ajustado alcan\u00e7ando US$ 715,5 milh\u00f5es. As margens aumentaram para 40,7%, enquanto a empresa manteve uma estrutura financeira robusta, com US$ 592,8 milh\u00f5es em caixa e uma rela\u00e7\u00e3o d\u00edvida l\u00edquida\/EBITDA de 0,7x.  <\/p>\n\n<p>No conjunto, esses indicadores sugerem que o grupo est\u00e1 consolidando um modelo operacional mais resiliente e escal\u00e1vel, combinando crescimento de tr\u00e1fego com maior rentabilidade e disciplina financeira.<\/p>\n\n<h2 class=\"wp-block-heading\">O tr\u00e1fego internacional torna-se o principal motor de crescimento<\/h2>\n\n<p>Os dados de fevereiro confirmam que o tr\u00e1fego internacional assume um papel cada vez mais central no crescimento da rede. Enquanto a demanda dom\u00e9stica permanece est\u00e1vel \u2014 ou limitada em alguns mercados \u2014, os fluxos internacionais crescem em ritmo significativamente superior. <\/p>\n\n<p>Somente em fevereiro, o tr\u00e1fego internacional aumentou 14,1% em rela\u00e7\u00e3o ao ano anterior, com crescimento de dois d\u00edgitos em diversos pa\u00edses, incluindo Argentina, It\u00e1lia, Brasil, Equador e Arm\u00eania. Em contraste, o segmento dom\u00e9stico apresentou crescimento limitado, refor\u00e7ando uma mudan\u00e7a estrutural em dire\u00e7\u00e3o a padr\u00f5es de tr\u00e1fego mais orientados ao mercado internacional. <\/p>\n\n<p>Essa tend\u00eancia reflete transforma\u00e7\u00f5es mais amplas na demanda por transporte a\u00e9reo, em que conectividade, turismo e rotas de m\u00e9dia e longa dist\u00e2ncia passam a desempenhar um papel cada vez mais relevante.<\/p>\n\n<h2 class=\"wp-block-heading\">A Am\u00e9rica Latina no centro da din\u00e2mica atual<\/h2>\n\n<p>Dentro desse contexto, os mercados latino-americanos desempenham um papel central na din\u00e2mica atual de crescimento. Pa\u00edses como Argentina, Brasil, Uruguai e Equador contribu\u00edram positivamente para o desempenho de fevereiro, cada um refletindo condi\u00e7\u00f5es de mercado espec\u00edficas. <\/p>\n\n<p>Embora o crescimento n\u00e3o seja exclusivo da regi\u00e3o, uma parte significativa da expans\u00e3o do tr\u00e1fego tem origem nesses mercados, especialmente nas rotas internacionais que conectam destinos regionais e intercontinentais.<\/p>\n\n<p>Ao mesmo tempo, o tr\u00e1fego dom\u00e9stico permanece mais moderado em alguns pa\u00edses, refor\u00e7ando a ideia de que o crescimento futuro estar\u00e1 cada vez mais ligado \u00e0 conectividade internacional.<\/p>\n\n<h2 class=\"wp-block-heading\">Argentina se destaca como principal vetor de crescimento<\/h2>\n\n<p>A Argentina emerge como um dos principais motores do desempenho recente. O pa\u00eds respondeu por mais da metade do crescimento total do tr\u00e1fego em fevereiro e por mais de dois ter\u00e7os do aumento do tr\u00e1fego internacional. <\/p>\n\n<p>O volume de passageiros no pa\u00eds cresceu 5,8% em rela\u00e7\u00e3o ao ano anterior, impulsionado por um aumento de 17,8% no tr\u00e1fego internacional. Esse desempenho ocorreu apesar de perturba\u00e7\u00f5es operacionais, incluindo uma greve nacional de 24 horas em meados de fevereiro e restri\u00e7\u00f5es tempor\u00e1rias de frota na Aerol\u00edneas Argentinas. <\/p>\n\n<p>A demanda permaneceu particularmente forte durante per\u00edodos de pico. O tr\u00e1fego no per\u00edodo do Carnaval aumentou 27% em compara\u00e7\u00e3o com 2025, e o dia 20 de fevereiro registrou o maior volume di\u00e1rio de passageiros internacionais em toda a rede. <\/p>\n\n<p>Esses elementos indicam um mercado ainda sujeito a volatilidade de curto prazo, especialmente no segmento dom\u00e9stico, mas que mant\u00e9m um papel estrat\u00e9gico no crescimento do tr\u00e1fego internacional.<\/p>\n\n<h2 class=\"wp-block-heading\">Uma rede marcada por din\u00e2micas regionais diversas<\/h2>\n\n<p>Al\u00e9m da Argentina, outros mercados do portf\u00f3lio tamb\u00e9m contribu\u00edram para o desempenho geral, cada um com suas pr\u00f3prias caracter\u00edsticas.<\/p>\n\n<p>O Brasil registrou um crescimento de 8,2% no tr\u00e1fego de passageiros, sustentado tanto por fluxos dom\u00e9sticos quanto de conex\u00e3o, apesar de desafios persistentes no ambiente da avia\u00e7\u00e3o. O Uruguai continuou a se beneficiar de uma forte demanda sazonal, com aumento das frequ\u00eancias e retomada de rotas entre Montevid\u00e9u, Punta del Este e importantes hubs regionais. <\/p>\n\n<p>No Equador, o tr\u00e1fego cresceu 8,6%, impulsionado em parte pelas rotas internacionais, especialmente as liga\u00e7\u00f5es com a Europa, mesmo diante de condi\u00e7\u00f5es locais que continuam a influenciar a demanda dom\u00e9stica, como quest\u00f5es de seguran\u00e7a e tarifas a\u00e9reas relativamente elevadas.<\/p>\n\n<p>Esses desenvolvimentos evidenciam a diversidade dos ambientes operacionais dentro do portf\u00f3lio, ao mesmo tempo em que refor\u00e7am a import\u00e2ncia da conectividade regional e internacional.<\/p>\n\n<h2 class=\"wp-block-heading\">Rentabilidade em alta al\u00e9m do crescimento do tr\u00e1fego<\/h2>\n\n<p>Os resultados financeiros de 2025 oferecem uma vis\u00e3o adicional sobre a evolu\u00e7\u00e3o do modelo de neg\u00f3cios do grupo. O crescimento das receitas superou o do tr\u00e1fego de passageiros, refletindo melhorias tanto nas atividades aeron\u00e1uticas quanto nas n\u00e3o aeron\u00e1uticas. <\/p>\n\n<p>No quarto trimestre, as receitas \u2014 excluindo servi\u00e7os de constru\u00e7\u00e3o \u2014 cresceram 17,3% em rela\u00e7\u00e3o ao ano anterior, enquanto o EBITDA ajustado aumentou quase 40%, com expans\u00e3o de mais de sete pontos percentuais nas margens. Isso indica maior alavancagem operacional e capacidade do grupo de capturar mais valor a partir dos fluxos de passageiros. <\/p>\n\n<p>Essa din\u00e2mica sugere que a Corporaci\u00f3n Am\u00e9rica Airports est\u00e1 aumentando a receita por passageiro por meio de uma execu\u00e7\u00e3o comercial mais eficiente, incluindo varejo, servi\u00e7os e atividades complementares em sua rede aeroportu\u00e1ria.<\/p>\n\n<h2 class=\"wp-block-heading\">Um posicionamento de longo prazo refor\u00e7ado por iniciativas estrat\u00e9gicas<\/h2>\n\n<p>Paralelamente, o grupo continua a fortalecer seu posicionamento de longo prazo por meio de uma s\u00e9rie de iniciativas estrat\u00e9gicas.<\/p>\n\n<p>Entre os desenvolvimentos recentes est\u00e3o a extens\u00e3o da concess\u00e3o aeroportu\u00e1ria na Arm\u00eania at\u00e9 2067, acompanhada de um programa de investimentos de US$ 425 milh\u00f5es, al\u00e9m do reequil\u00edbrio e extens\u00e3o da concess\u00e3o das Ilhas Gal\u00e1pagos, no Equador. Ao mesmo tempo, a empresa avan\u00e7a em novos mercados, com projetos em Angola e no Iraque. <\/p>\n\n<p>Essas iniciativas ampliam a visibilidade de longo prazo e asseguram novas oportunidades de crescimento, mantendo ao mesmo tempo um portf\u00f3lio diversificado.<\/p>\n\n<h2 class=\"wp-block-heading\">Uma plataforma regional com alcance global<\/h2>\n\n<p>A combina\u00e7\u00e3o de crescimento cont\u00ednuo do tr\u00e1fego, melhora da rentabilidade e expans\u00e3o das concess\u00f5es indica que a Corporaci\u00f3n Am\u00e9rica Airports entra em uma nova fase de desenvolvimento.<\/p>\n\n<p>Os dados de fevereiro de 2026 confirmam a continuidade das tend\u00eancias observadas em 2025. O tr\u00e1fego internacional permanece como principal motor de crescimento, v\u00e1rios mercados latino-americanos desempenham papel relevante e os indicadores financeiros apontam para uma estrutura operacional mais eficiente. <\/p>\n\n<p>Nesse contexto, o grupo se posiciona progressivamente como uma plataforma regional com alcance global, apoiando-se em sua presen\u00e7a consolidada enquanto expande de forma seletiva para novos mercados com potencial de longo prazo.<\/p>\n","protected":false},"excerpt":{"rendered":"<p>A Corporaci\u00f3n Am\u00e9rica Airports inicia 2026 com um perfil operacional e financeiro refor\u00e7ado, \u00e0 medida que os primeiros dados de tr\u00e1fego confirmam o impulso constru\u00eddo ao longo do \u00faltimo ano, em parte sustentado por seu portf\u00f3lio na Am\u00e9rica Latina. Os resultados de fevereiro indicam a continuidade das tend\u00eancias de fundo, com a demanda internacional acelerando [&hellip;]<\/p>\n","protected":false},"author":5,"featured_media":21892,"comment_status":"open","ping_status":"closed","sticky":false,"template":"","format":"standard","meta":{"footnotes":""},"categories":[104,98],"tags":[],"class_list":["post-21893","post","type-post","status-publish","format-standard","has-post-thumbnail","hentry","category-aeroportos-e-infraestrutura","category-aviacao"],"yoast_head":"<!-- This site is optimized with the Yoast SEO plugin v26.9 - https:\/\/yoast.com\/product\/yoast-seo-wordpress\/ -->\n<title>Corporaci\u00f3n Am\u00e9rica Airports inicia 2026 com bases fortalecidas, impulsionada pelo crescimento do tr\u00e1fego internacional - LATITUDE 15<\/title>\n<meta name=\"description\" content=\"A Corporaci\u00f3n Am\u00e9rica Airports come\u00e7a 2026 com aumento do tr\u00e1fego de passageiros e fortes resultados em 2025, \u00e0 medida que a demanda internacional e os mercados da Am\u00e9rica Latina impulsionam o crescimento.\" \/>\n<meta name=\"robots\" content=\"index, follow, max-snippet:-1, max-image-preview:large, max-video-preview:-1\" \/>\n<link rel=\"canonical\" href=\"https:\/\/www.latitude-15.com\/pt-br\/corporacion-america-airports-inicia-2026-com-bases-fortalecidas-impulsionada-pelo-crescimento-do-trafego-internacional\/\" \/>\n<meta property=\"og:locale\" content=\"pt_BR\" \/>\n<meta property=\"og:type\" content=\"article\" \/>\n<meta property=\"og:title\" content=\"Corporaci\u00f3n Am\u00e9rica Airports inicia 2026 com bases fortalecidas, impulsionada pelo crescimento do tr\u00e1fego internacional - LATITUDE 15\" \/>\n<meta property=\"og:description\" content=\"A Corporaci\u00f3n Am\u00e9rica Airports come\u00e7a 2026 com aumento do tr\u00e1fego de passageiros e fortes resultados em 2025, \u00e0 medida que a demanda internacional e os mercados da Am\u00e9rica Latina impulsionam o crescimento.\" \/>\n<meta property=\"og:url\" content=\"https:\/\/www.latitude-15.com\/pt-br\/corporacion-america-airports-inicia-2026-com-bases-fortalecidas-impulsionada-pelo-crescimento-do-trafego-internacional\/\" \/>\n<meta property=\"og:site_name\" content=\"LATITUDE 15\" \/>\n<meta property=\"article:published_time\" content=\"2026-03-20T14:19:25+00:00\" \/>\n<meta property=\"article:modified_time\" content=\"2026-03-21T03:49:02+00:00\" \/>\n<meta property=\"og:image\" content=\"https:\/\/www.latitude-15.com\/wp-content\/uploads\/2026\/03\/img6340293847-1024x694.png\" \/>\n\t<meta property=\"og:image:width\" content=\"1024\" \/>\n\t<meta property=\"og:image:height\" content=\"694\" \/>\n\t<meta property=\"og:image:type\" content=\"image\/png\" \/>\n<meta name=\"author\" content=\"Joda J\" \/>\n<meta name=\"twitter:card\" content=\"summary_large_image\" \/>\n<meta name=\"twitter:label1\" content=\"Escrito por\" \/>\n\t<meta name=\"twitter:data1\" content=\"Joda J\" \/>\n\t<meta name=\"twitter:label2\" content=\"Est. tempo de leitura\" \/>\n\t<meta name=\"twitter:data2\" content=\"6 minutos\" \/>\n<script type=\"application\/ld+json\" class=\"yoast-schema-graph\">{\"@context\":\"https:\/\/schema.org\",\"@graph\":[{\"@type\":\"Article\",\"@id\":\"https:\/\/www.latitude-15.com\/pt-br\/corporacion-america-airports-inicia-2026-com-bases-fortalecidas-impulsionada-pelo-crescimento-do-trafego-internacional\/#article\",\"isPartOf\":{\"@id\":\"https:\/\/www.latitude-15.com\/pt-br\/corporacion-america-airports-inicia-2026-com-bases-fortalecidas-impulsionada-pelo-crescimento-do-trafego-internacional\/\"},\"author\":{\"name\":\"Joda J\",\"@id\":\"https:\/\/www.latitude-15.com\/pt-br\/#\/schema\/person\/dac52e7ff44c78317f337da112e37252\"},\"headline\":\"Corporaci\u00f3n Am\u00e9rica Airports inicia 2026 com bases fortalecidas, impulsionada pelo crescimento do tr\u00e1fego internacional\",\"datePublished\":\"2026-03-20T14:19:25+00:00\",\"dateModified\":\"2026-03-21T03:49:02+00:00\",\"mainEntityOfPage\":{\"@id\":\"https:\/\/www.latitude-15.com\/pt-br\/corporacion-america-airports-inicia-2026-com-bases-fortalecidas-impulsionada-pelo-crescimento-do-trafego-internacional\/\"},\"wordCount\":1241,\"commentCount\":0,\"publisher\":{\"@id\":\"https:\/\/www.latitude-15.com\/pt-br\/#organization\"},\"image\":{\"@id\":\"https:\/\/www.latitude-15.com\/pt-br\/corporacion-america-airports-inicia-2026-com-bases-fortalecidas-impulsionada-pelo-crescimento-do-trafego-internacional\/#primaryimage\"},\"thumbnailUrl\":\"https:\/\/www.latitude-15.com\/wp-content\/uploads\/2026\/03\/img6340293847.png\",\"articleSection\":[\"Aeroportos e infraestrutura\",\"AVIA\u00c7\u00c3O\"],\"inLanguage\":\"pt-BR\",\"potentialAction\":[{\"@type\":\"CommentAction\",\"name\":\"Comment\",\"target\":[\"https:\/\/www.latitude-15.com\/pt-br\/corporacion-america-airports-inicia-2026-com-bases-fortalecidas-impulsionada-pelo-crescimento-do-trafego-internacional\/#respond\"]}]},{\"@type\":\"WebPage\",\"@id\":\"https:\/\/www.latitude-15.com\/pt-br\/corporacion-america-airports-inicia-2026-com-bases-fortalecidas-impulsionada-pelo-crescimento-do-trafego-internacional\/\",\"url\":\"https:\/\/www.latitude-15.com\/pt-br\/corporacion-america-airports-inicia-2026-com-bases-fortalecidas-impulsionada-pelo-crescimento-do-trafego-internacional\/\",\"name\":\"Corporaci\u00f3n Am\u00e9rica Airports inicia 2026 com bases fortalecidas, impulsionada pelo crescimento do tr\u00e1fego internacional - LATITUDE 15\",\"isPartOf\":{\"@id\":\"https:\/\/www.latitude-15.com\/pt-br\/#website\"},\"primaryImageOfPage\":{\"@id\":\"https:\/\/www.latitude-15.com\/pt-br\/corporacion-america-airports-inicia-2026-com-bases-fortalecidas-impulsionada-pelo-crescimento-do-trafego-internacional\/#primaryimage\"},\"image\":{\"@id\":\"https:\/\/www.latitude-15.com\/pt-br\/corporacion-america-airports-inicia-2026-com-bases-fortalecidas-impulsionada-pelo-crescimento-do-trafego-internacional\/#primaryimage\"},\"thumbnailUrl\":\"https:\/\/www.latitude-15.com\/wp-content\/uploads\/2026\/03\/img6340293847.png\",\"datePublished\":\"2026-03-20T14:19:25+00:00\",\"dateModified\":\"2026-03-21T03:49:02+00:00\",\"description\":\"A Corporaci\u00f3n Am\u00e9rica Airports come\u00e7a 2026 com aumento do tr\u00e1fego de passageiros e fortes resultados em 2025, \u00e0 medida que a demanda internacional e os mercados da Am\u00e9rica Latina impulsionam o crescimento.\",\"breadcrumb\":{\"@id\":\"https:\/\/www.latitude-15.com\/pt-br\/corporacion-america-airports-inicia-2026-com-bases-fortalecidas-impulsionada-pelo-crescimento-do-trafego-internacional\/#breadcrumb\"},\"inLanguage\":\"pt-BR\",\"potentialAction\":[{\"@type\":\"ReadAction\",\"target\":[\"https:\/\/www.latitude-15.com\/pt-br\/corporacion-america-airports-inicia-2026-com-bases-fortalecidas-impulsionada-pelo-crescimento-do-trafego-internacional\/\"]}]},{\"@type\":\"ImageObject\",\"inLanguage\":\"pt-BR\",\"@id\":\"https:\/\/www.latitude-15.com\/pt-br\/corporacion-america-airports-inicia-2026-com-bases-fortalecidas-impulsionada-pelo-crescimento-do-trafego-internacional\/#primaryimage\",\"url\":\"https:\/\/www.latitude-15.com\/wp-content\/uploads\/2026\/03\/img6340293847.png\",\"contentUrl\":\"https:\/\/www.latitude-15.com\/wp-content\/uploads\/2026\/03\/img6340293847.png\",\"width\":1317,\"height\":892},{\"@type\":\"BreadcrumbList\",\"@id\":\"https:\/\/www.latitude-15.com\/pt-br\/corporacion-america-airports-inicia-2026-com-bases-fortalecidas-impulsionada-pelo-crescimento-do-trafego-internacional\/#breadcrumb\",\"itemListElement\":[{\"@type\":\"ListItem\",\"position\":1,\"name\":\"Home\",\"item\":\"https:\/\/www.latitude-15.com\/pt-br\/inicio\/\"},{\"@type\":\"ListItem\",\"position\":2,\"name\":\"Corporaci\u00f3n Am\u00e9rica Airports inicia 2026 com bases fortalecidas, impulsionada pelo crescimento do tr\u00e1fego internacional\"}]},{\"@type\":\"WebSite\",\"@id\":\"https:\/\/www.latitude-15.com\/pt-br\/#website\",\"url\":\"https:\/\/www.latitude-15.com\/pt-br\/\",\"name\":\"LATITUDE 15\",\"description\":\"Aviation and maritime Magazine - Caribbean &amp; Latin America\",\"publisher\":{\"@id\":\"https:\/\/www.latitude-15.com\/pt-br\/#organization\"},\"potentialAction\":[{\"@type\":\"SearchAction\",\"target\":{\"@type\":\"EntryPoint\",\"urlTemplate\":\"https:\/\/www.latitude-15.com\/pt-br\/?s={search_term_string}\"},\"query-input\":{\"@type\":\"PropertyValueSpecification\",\"valueRequired\":true,\"valueName\":\"search_term_string\"}}],\"inLanguage\":\"pt-BR\"},{\"@type\":\"Organization\",\"@id\":\"https:\/\/www.latitude-15.com\/pt-br\/#organization\",\"name\":\"LATITUDE 15\",\"url\":\"https:\/\/www.latitude-15.com\/pt-br\/\",\"logo\":{\"@type\":\"ImageObject\",\"inLanguage\":\"pt-BR\",\"@id\":\"https:\/\/www.latitude-15.com\/pt-br\/#\/schema\/logo\/image\/\",\"url\":\"https:\/\/www.latitude-15.com\/wp-content\/uploads\/2026\/01\/cropped-logox500px.png\",\"contentUrl\":\"https:\/\/www.latitude-15.com\/wp-content\/uploads\/2026\/01\/cropped-logox500px.png\",\"width\":62,\"height\":75,\"caption\":\"LATITUDE 15\"},\"image\":{\"@id\":\"https:\/\/www.latitude-15.com\/pt-br\/#\/schema\/logo\/image\/\"}},{\"@type\":\"Person\",\"@id\":\"https:\/\/www.latitude-15.com\/pt-br\/#\/schema\/person\/dac52e7ff44c78317f337da112e37252\",\"name\":\"Joda J\",\"image\":{\"@type\":\"ImageObject\",\"inLanguage\":\"pt-BR\",\"@id\":\"https:\/\/www.latitude-15.com\/pt-br\/#\/schema\/person\/image\/\",\"url\":\"https:\/\/secure.gravatar.com\/avatar\/6b1feae555e15404b76616f92d931d12b25ac58024f14ccb43d9d3c012e4c4cf?s=96&d=mm&r=g\",\"contentUrl\":\"https:\/\/secure.gravatar.com\/avatar\/6b1feae555e15404b76616f92d931d12b25ac58024f14ccb43d9d3c012e4c4cf?s=96&d=mm&r=g\",\"caption\":\"Joda J\"},\"url\":\"https:\/\/www.latitude-15.com\/pt-br\/author\/joda\/\"}]}<\/script>\n<!-- \/ Yoast SEO plugin. -->","yoast_head_json":{"title":"Corporaci\u00f3n Am\u00e9rica Airports inicia 2026 com bases fortalecidas, impulsionada pelo crescimento do tr\u00e1fego internacional - LATITUDE 15","description":"A Corporaci\u00f3n Am\u00e9rica Airports come\u00e7a 2026 com aumento do tr\u00e1fego de passageiros e fortes resultados em 2025, \u00e0 medida que a demanda internacional e os mercados da Am\u00e9rica Latina impulsionam o crescimento.","robots":{"index":"index","follow":"follow","max-snippet":"max-snippet:-1","max-image-preview":"max-image-preview:large","max-video-preview":"max-video-preview:-1"},"canonical":"https:\/\/www.latitude-15.com\/pt-br\/corporacion-america-airports-inicia-2026-com-bases-fortalecidas-impulsionada-pelo-crescimento-do-trafego-internacional\/","og_locale":"pt_BR","og_type":"article","og_title":"Corporaci\u00f3n Am\u00e9rica Airports inicia 2026 com bases fortalecidas, impulsionada pelo crescimento do tr\u00e1fego internacional - LATITUDE 15","og_description":"A Corporaci\u00f3n Am\u00e9rica Airports come\u00e7a 2026 com aumento do tr\u00e1fego de passageiros e fortes resultados em 2025, \u00e0 medida que a demanda internacional e os mercados da Am\u00e9rica Latina impulsionam o crescimento.","og_url":"https:\/\/www.latitude-15.com\/pt-br\/corporacion-america-airports-inicia-2026-com-bases-fortalecidas-impulsionada-pelo-crescimento-do-trafego-internacional\/","og_site_name":"LATITUDE 15","article_published_time":"2026-03-20T14:19:25+00:00","article_modified_time":"2026-03-21T03:49:02+00:00","og_image":[{"width":1024,"height":694,"url":"https:\/\/www.latitude-15.com\/wp-content\/uploads\/2026\/03\/img6340293847-1024x694.png","type":"image\/png"}],"author":"Joda J","twitter_card":"summary_large_image","twitter_misc":{"Escrito por":"Joda J","Est. tempo de leitura":"6 minutos"},"schema":{"@context":"https:\/\/schema.org","@graph":[{"@type":"Article","@id":"https:\/\/www.latitude-15.com\/pt-br\/corporacion-america-airports-inicia-2026-com-bases-fortalecidas-impulsionada-pelo-crescimento-do-trafego-internacional\/#article","isPartOf":{"@id":"https:\/\/www.latitude-15.com\/pt-br\/corporacion-america-airports-inicia-2026-com-bases-fortalecidas-impulsionada-pelo-crescimento-do-trafego-internacional\/"},"author":{"name":"Joda J","@id":"https:\/\/www.latitude-15.com\/pt-br\/#\/schema\/person\/dac52e7ff44c78317f337da112e37252"},"headline":"Corporaci\u00f3n Am\u00e9rica Airports inicia 2026 com bases fortalecidas, impulsionada pelo crescimento do tr\u00e1fego internacional","datePublished":"2026-03-20T14:19:25+00:00","dateModified":"2026-03-21T03:49:02+00:00","mainEntityOfPage":{"@id":"https:\/\/www.latitude-15.com\/pt-br\/corporacion-america-airports-inicia-2026-com-bases-fortalecidas-impulsionada-pelo-crescimento-do-trafego-internacional\/"},"wordCount":1241,"commentCount":0,"publisher":{"@id":"https:\/\/www.latitude-15.com\/pt-br\/#organization"},"image":{"@id":"https:\/\/www.latitude-15.com\/pt-br\/corporacion-america-airports-inicia-2026-com-bases-fortalecidas-impulsionada-pelo-crescimento-do-trafego-internacional\/#primaryimage"},"thumbnailUrl":"https:\/\/www.latitude-15.com\/wp-content\/uploads\/2026\/03\/img6340293847.png","articleSection":["Aeroportos e infraestrutura","AVIA\u00c7\u00c3O"],"inLanguage":"pt-BR","potentialAction":[{"@type":"CommentAction","name":"Comment","target":["https:\/\/www.latitude-15.com\/pt-br\/corporacion-america-airports-inicia-2026-com-bases-fortalecidas-impulsionada-pelo-crescimento-do-trafego-internacional\/#respond"]}]},{"@type":"WebPage","@id":"https:\/\/www.latitude-15.com\/pt-br\/corporacion-america-airports-inicia-2026-com-bases-fortalecidas-impulsionada-pelo-crescimento-do-trafego-internacional\/","url":"https:\/\/www.latitude-15.com\/pt-br\/corporacion-america-airports-inicia-2026-com-bases-fortalecidas-impulsionada-pelo-crescimento-do-trafego-internacional\/","name":"Corporaci\u00f3n Am\u00e9rica Airports inicia 2026 com bases fortalecidas, impulsionada pelo crescimento do tr\u00e1fego internacional - LATITUDE 15","isPartOf":{"@id":"https:\/\/www.latitude-15.com\/pt-br\/#website"},"primaryImageOfPage":{"@id":"https:\/\/www.latitude-15.com\/pt-br\/corporacion-america-airports-inicia-2026-com-bases-fortalecidas-impulsionada-pelo-crescimento-do-trafego-internacional\/#primaryimage"},"image":{"@id":"https:\/\/www.latitude-15.com\/pt-br\/corporacion-america-airports-inicia-2026-com-bases-fortalecidas-impulsionada-pelo-crescimento-do-trafego-internacional\/#primaryimage"},"thumbnailUrl":"https:\/\/www.latitude-15.com\/wp-content\/uploads\/2026\/03\/img6340293847.png","datePublished":"2026-03-20T14:19:25+00:00","dateModified":"2026-03-21T03:49:02+00:00","description":"A Corporaci\u00f3n Am\u00e9rica Airports come\u00e7a 2026 com aumento do tr\u00e1fego de passageiros e fortes resultados em 2025, \u00e0 medida que a demanda internacional e os mercados da Am\u00e9rica Latina impulsionam o crescimento.","breadcrumb":{"@id":"https:\/\/www.latitude-15.com\/pt-br\/corporacion-america-airports-inicia-2026-com-bases-fortalecidas-impulsionada-pelo-crescimento-do-trafego-internacional\/#breadcrumb"},"inLanguage":"pt-BR","potentialAction":[{"@type":"ReadAction","target":["https:\/\/www.latitude-15.com\/pt-br\/corporacion-america-airports-inicia-2026-com-bases-fortalecidas-impulsionada-pelo-crescimento-do-trafego-internacional\/"]}]},{"@type":"ImageObject","inLanguage":"pt-BR","@id":"https:\/\/www.latitude-15.com\/pt-br\/corporacion-america-airports-inicia-2026-com-bases-fortalecidas-impulsionada-pelo-crescimento-do-trafego-internacional\/#primaryimage","url":"https:\/\/www.latitude-15.com\/wp-content\/uploads\/2026\/03\/img6340293847.png","contentUrl":"https:\/\/www.latitude-15.com\/wp-content\/uploads\/2026\/03\/img6340293847.png","width":1317,"height":892},{"@type":"BreadcrumbList","@id":"https:\/\/www.latitude-15.com\/pt-br\/corporacion-america-airports-inicia-2026-com-bases-fortalecidas-impulsionada-pelo-crescimento-do-trafego-internacional\/#breadcrumb","itemListElement":[{"@type":"ListItem","position":1,"name":"Home","item":"https:\/\/www.latitude-15.com\/pt-br\/inicio\/"},{"@type":"ListItem","position":2,"name":"Corporaci\u00f3n Am\u00e9rica Airports inicia 2026 com bases fortalecidas, impulsionada pelo crescimento do tr\u00e1fego internacional"}]},{"@type":"WebSite","@id":"https:\/\/www.latitude-15.com\/pt-br\/#website","url":"https:\/\/www.latitude-15.com\/pt-br\/","name":"LATITUDE 15","description":"Aviation and maritime Magazine - Caribbean &amp; Latin America","publisher":{"@id":"https:\/\/www.latitude-15.com\/pt-br\/#organization"},"potentialAction":[{"@type":"SearchAction","target":{"@type":"EntryPoint","urlTemplate":"https:\/\/www.latitude-15.com\/pt-br\/?s={search_term_string}"},"query-input":{"@type":"PropertyValueSpecification","valueRequired":true,"valueName":"search_term_string"}}],"inLanguage":"pt-BR"},{"@type":"Organization","@id":"https:\/\/www.latitude-15.com\/pt-br\/#organization","name":"LATITUDE 15","url":"https:\/\/www.latitude-15.com\/pt-br\/","logo":{"@type":"ImageObject","inLanguage":"pt-BR","@id":"https:\/\/www.latitude-15.com\/pt-br\/#\/schema\/logo\/image\/","url":"https:\/\/www.latitude-15.com\/wp-content\/uploads\/2026\/01\/cropped-logox500px.png","contentUrl":"https:\/\/www.latitude-15.com\/wp-content\/uploads\/2026\/01\/cropped-logox500px.png","width":62,"height":75,"caption":"LATITUDE 15"},"image":{"@id":"https:\/\/www.latitude-15.com\/pt-br\/#\/schema\/logo\/image\/"}},{"@type":"Person","@id":"https:\/\/www.latitude-15.com\/pt-br\/#\/schema\/person\/dac52e7ff44c78317f337da112e37252","name":"Joda J","image":{"@type":"ImageObject","inLanguage":"pt-BR","@id":"https:\/\/www.latitude-15.com\/pt-br\/#\/schema\/person\/image\/","url":"https:\/\/secure.gravatar.com\/avatar\/6b1feae555e15404b76616f92d931d12b25ac58024f14ccb43d9d3c012e4c4cf?s=96&d=mm&r=g","contentUrl":"https:\/\/secure.gravatar.com\/avatar\/6b1feae555e15404b76616f92d931d12b25ac58024f14ccb43d9d3c012e4c4cf?s=96&d=mm&r=g","caption":"Joda J"},"url":"https:\/\/www.latitude-15.com\/pt-br\/author\/joda\/"}]}},"_links":{"self":[{"href":"https:\/\/www.latitude-15.com\/pt-br\/wp-json\/wp\/v2\/posts\/21893","targetHints":{"allow":["GET"]}}],"collection":[{"href":"https:\/\/www.latitude-15.com\/pt-br\/wp-json\/wp\/v2\/posts"}],"about":[{"href":"https:\/\/www.latitude-15.com\/pt-br\/wp-json\/wp\/v2\/types\/post"}],"author":[{"embeddable":true,"href":"https:\/\/www.latitude-15.com\/pt-br\/wp-json\/wp\/v2\/users\/5"}],"replies":[{"embeddable":true,"href":"https:\/\/www.latitude-15.com\/pt-br\/wp-json\/wp\/v2\/comments?post=21893"}],"version-history":[{"count":1,"href":"https:\/\/www.latitude-15.com\/pt-br\/wp-json\/wp\/v2\/posts\/21893\/revisions"}],"predecessor-version":[{"id":21894,"href":"https:\/\/www.latitude-15.com\/pt-br\/wp-json\/wp\/v2\/posts\/21893\/revisions\/21894"}],"wp:featuredmedia":[{"embeddable":true,"href":"https:\/\/www.latitude-15.com\/pt-br\/wp-json\/wp\/v2\/media\/21892"}],"wp:attachment":[{"href":"https:\/\/www.latitude-15.com\/pt-br\/wp-json\/wp\/v2\/media?parent=21893"}],"wp:term":[{"taxonomy":"category","embeddable":true,"href":"https:\/\/www.latitude-15.com\/pt-br\/wp-json\/wp\/v2\/categories?post=21893"},{"taxonomy":"post_tag","embeddable":true,"href":"https:\/\/www.latitude-15.com\/pt-br\/wp-json\/wp\/v2\/tags?post=21893"}],"curies":[{"name":"wp","href":"https:\/\/api.w.org\/{rel}","templated":true}]}}