{"id":21831,"date":"2026-03-19T13:43:56","date_gmt":"2026-03-19T17:43:56","guid":{"rendered":"https:\/\/www.latitude-15.com\/a-estrategia-de-saf-da-jamaica-sinaliza-uma-nova-fronteira-energetica-para-a-aviacao-caribenha\/"},"modified":"2026-03-19T22:36:23","modified_gmt":"2026-03-20T02:36:23","slug":"a-estrategia-de-saf-da-jamaica-sinaliza-uma-nova-fronteira-energetica-para-a-aviacao-caribenha","status":"publish","type":"post","link":"https:\/\/www.latitude-15.com\/pt-br\/a-estrategia-de-saf-da-jamaica-sinaliza-uma-nova-fronteira-energetica-para-a-aviacao-caribenha\/","title":{"rendered":"A estrat\u00e9gia de SAF da Jamaica sinaliza uma nova fronteira energ\u00e9tica para a avia\u00e7\u00e3o caribenha"},"content":{"rendered":"\n<p>A Jamaica deu um passo decisivo rumo a uma avia\u00e7\u00e3o mais sustent\u00e1vel com o lan\u00e7amento de um estudo de viabilidade sobre Sustainable Aviation Fuels (SAF). A iniciativa marca um ponto de inflex\u00e3o n\u00e3o apenas para a estrat\u00e9gia nacional de transporte, mas tamb\u00e9m para o panorama mais amplo da avia\u00e7\u00e3o no Caribe.<\/p>\n\n<p>Anunciado em 20 de janeiro de 2026, na sede da Jamaica Civil Aviation Authority (JCAA) em Kingston, o estudo tem como objetivo avaliar o potencial do pa\u00eds para produzir e integrar combust\u00edveis sustent\u00e1veis de avia\u00e7\u00e3o como parte de uma transi\u00e7\u00e3o de longo prazo para uma economia de baixo carbono e resiliente \u00e0s mudan\u00e7as clim\u00e1ticas.<\/p>\n\n<p>Mais do que seu escopo t\u00e9cnico, a iniciativa revela algo mais profundo: um reposicionamento estrat\u00e9gico das economias insulares do Caribe no futuro da avia\u00e7\u00e3o global.<\/p>\n\n<figure class=\"wp-block-image size-large\"><img fetchpriority=\"high\" decoding=\"async\" width=\"1024\" height=\"704\" src=\"https:\/\/www.latitude-15.com\/wp-content\/uploads\/2026\/03\/AWP_6279-2-1200x825-1-1024x704.jpg\" alt=\"\" class=\"wp-image-21823\" srcset=\"https:\/\/www.latitude-15.com\/wp-content\/uploads\/2026\/03\/AWP_6279-2-1200x825-1-1024x704.jpg 1024w, https:\/\/www.latitude-15.com\/wp-content\/uploads\/2026\/03\/AWP_6279-2-1200x825-1-300x206.jpg 300w, https:\/\/www.latitude-15.com\/wp-content\/uploads\/2026\/03\/AWP_6279-2-1200x825-1-768x528.jpg 768w, https:\/\/www.latitude-15.com\/wp-content\/uploads\/2026\/03\/AWP_6279-2-1200x825-1.jpg 1200w\" sizes=\"(max-width: 1024px) 100vw, 1024px\" \/><figcaption class=\"wp-element-caption\"><em>Foto: Adrian Walker<br\/>O Ministro de Energia, Transporte e Telecomunica\u00e7\u00f5es, o Honor\u00e1vel Daryl Vaz (centro), compartilha uma oportunidade de foto com a Diretora Geral Interina da Autoridade de Avia\u00e7\u00e3o Civil da Jamaica (JCAA), Nicole Morgan (quarta \u00e0 direita), e outras partes interessadas durante o lan\u00e7amento oficial do Estudo de Viabilidade de Combust\u00edveis Sustent\u00e1veis de Avia\u00e7\u00e3o (SAF) da Jamaica na sede da JCAA em Kingston, na ter\u00e7a-feira (20 de janeiro) <\/em><\/figcaption><\/figure>\n\n<h2 class=\"wp-block-heading\">Uma abordagem estruturada para a avia\u00e7\u00e3o sustent\u00e1vel<\/h2>\n\n<p>Conduzido pela ICF Consulting, o estudo de viabilidade fornecer\u00e1 a primeira avalia\u00e7\u00e3o abrangente e baseada em evid\u00eancias do potencial de SAF na Jamaica. Seu escopo vai muito al\u00e9m das quest\u00f5es ambientais. <\/p>\n\n<p>O estudo analisar\u00e1 as mat\u00e9rias-primas dispon\u00edveis \u2014 incluindo \u00f3leo de cozinha usado, subprodutos agr\u00edcolas e outros materiais renov\u00e1veis \u2014 bem como a infraestrutura energ\u00e9tica existente, a demanda da avia\u00e7\u00e3o, as oportunidades de exporta\u00e7\u00e3o e o ambiente regulat\u00f3rio e de investimento. Tamb\u00e9m ser\u00e3o avaliadas restri\u00e7\u00f5es-chave, como escala de produ\u00e7\u00e3o, custos e competitividade. <\/p>\n\n<p>Para os formuladores de pol\u00edticas p\u00fablicas, o objetivo \u00e9 claro: construir um roteiro realista para integrar os SAF ao ecossistema da avia\u00e7\u00e3o jamaicana, ao mesmo tempo em que identifica caminhos vi\u00e1veis de investimento.<\/p>\n\n<p>Como destacou o Ministro de Energia, Transporte e Telecomunica\u00e7\u00f5es, Daryl Vaz, a iniciativa marca o in\u00edcio de um debate nacional sobre energia limpa e o papel da Jamaica na avia\u00e7\u00e3o global.<\/p>\n\n<h2 class=\"wp-block-heading\">A press\u00e3o clim\u00e1tica como catalisador de transforma\u00e7\u00e3o<\/h2>\n\n<p>Para a Jamaica, a transi\u00e7\u00e3o para uma avia\u00e7\u00e3o sustent\u00e1vel n\u00e3o \u00e9 opcional. Como pequeno Estado insular em desenvolvimento, o pa\u00eds est\u00e1 altamente exposto aos riscos clim\u00e1ticos. <\/p>\n\n<p>Eventos recentes, como o furac\u00e3o Beryl em 2024 e o furac\u00e3o Melissa em 2025, refor\u00e7aram a urg\u00eancia de aumentar a resili\u00eancia das infraestruturas cr\u00edticas, incluindo o setor de transportes.<\/p>\n\n<p>Nesse contexto, os SAF surgem como um vetor estrat\u00e9gico. Esses combust\u00edveis podem reduzir as emiss\u00f5es de carbono ao longo do ciclo de vida em at\u00e9 80%, sendo totalmente compat\u00edveis com aeronaves e infraestruturas aeroportu\u00e1rias existentes. Essa compatibilidade elimina uma das principais barreiras \u00e0 ado\u00e7\u00e3o e posiciona os SAF como uma das solu\u00e7\u00f5es mais imediatas para a descarboniza\u00e7\u00e3o da avia\u00e7\u00e3o.  <\/p>\n\n<p>\u201cThe focus on sustainable aviation fuels and other clean energy solutions is, therefore, timely and strategic,\u201d Vaz emphasized.<\/p>\n\n<h2 class=\"wp-block-heading\">Para al\u00e9m da descarboniza\u00e7\u00e3o: uma oportunidade econ\u00f4mica<\/h2>\n\n<p>Embora a dimens\u00e3o clim\u00e1tica seja central, a Jamaica claramente enquadra os SAF como uma oportunidade econ\u00f4mica.<\/p>\n\n<p>O desenvolvimento de uma ind\u00fastria local de SAF pode gerar m\u00faltiplos benef\u00edcios, incluindo cria\u00e7\u00e3o de empregos, novas cadeias de valor verdes e investimentos nos setores agr\u00edcola e de valoriza\u00e7\u00e3o energ\u00e9tica de res\u00edduos. Tamb\u00e9m oferece a possibilidade de refor\u00e7ar a seguran\u00e7a energ\u00e9tica em uma regi\u00e3o fortemente dependente de combust\u00edveis f\u00f3sseis importados. <\/p>\n\n<p>Mais importante ainda, o estudo destaca o potencial de exporta\u00e7\u00e3o. Ao aproveitar seus recursos locais e sua posi\u00e7\u00e3o geogr\u00e1fica, a Jamaica pode integrar-se \u00e0s futuras cadeias globais de fornecimento de SAF e beneficiar-se da crescente demanda impulsionada pelas metas internacionais de descarboniza\u00e7\u00e3o da avia\u00e7\u00e3o. <\/p>\n\n<p>Os resultados dever\u00e3o orientar decis\u00f5es nacionais, atrair investimentos e posicionar o pa\u00eds nos mercados globais de carbono e energia limpa.<\/p>\n\n<h2 class=\"wp-block-heading\">A Jamaica como exemplo de uma transforma\u00e7\u00e3o regional<\/h2>\n\n<p>Embora a iniciativa seja de \u00e2mbito nacional, suas implica\u00e7\u00f5es se estendem por todo o Caribe.<\/p>\n\n<p>A conectividade a\u00e9rea continua sendo a base das economias insulares, com mercados fortemente dependentes do turismo e dos fluxos a\u00e9reos. Ao mesmo tempo, essas economias enfrentam uma exposi\u00e7\u00e3o desproporcional \u00e0s mudan\u00e7as clim\u00e1ticas, criando uma dupla press\u00e3o: manter a conectividade e reduzir o impacto ambiental. <\/p>\n\n<p>Nesse contexto, a estrat\u00e9gia de SAF da Jamaica pode ser vista como um modelo pioneiro. Ela demonstra como Estados insulares podem mobilizar recursos locais \u2014 desde res\u00edduos agr\u00edcolas at\u00e9 fluxos de res\u00edduos urbanos \u2014 para participar da transi\u00e7\u00e3o energ\u00e9tica de uma ind\u00fastria global. <\/p>\n\n<p>Tamb\u00e9m evidencia uma evolu\u00e7\u00e3o no papel das autoridades de avia\u00e7\u00e3o. Como destacou Nicole Morgan, Diretora Geral interina da JCAA, os reguladores deixam de atuar apenas como \u00f3rg\u00e3os de supervis\u00e3o para se tornarem facilitadores da inova\u00e7\u00e3o e da transforma\u00e7\u00e3o estrutural de longo prazo. <\/p>\n\n<h2 class=\"wp-block-heading\">Rumo a um novo paradigma entre avia\u00e7\u00e3o e energia<\/h2>\n\n<p>A iniciativa da Jamaica sinaliza uma mudan\u00e7a mais ampla: a avia\u00e7\u00e3o deixa de ser apenas um setor de transporte para se tornar um ecossistema energ\u00e9tico.<\/p>\n\n<p>Para o Caribe, essa transi\u00e7\u00e3o abre uma nova fronteira estrat\u00e9gica. Ao alinhar objetivos clim\u00e1ticos com desenvolvimento industrial e diversifica\u00e7\u00e3o energ\u00e9tica, as economias insulares t\u00eam a oportunidade de ir al\u00e9m do seu papel tradicional de destinos tur\u00edsticos e posicionar-se como atores ativos no futuro da avia\u00e7\u00e3o. <\/p>\n\n<p>O estudo de viabilidade \u00e9 apenas o primeiro passo. Mas estabelece as bases para uma transforma\u00e7\u00e3o potencialmente estruturante para a regi\u00e3o \u2014 uma transforma\u00e7\u00e3o em que o Caribe n\u00e3o apenas se conecta ao mundo, mas tamb\u00e9m contribui para alimentar sua mobilidade. <\/p>\n","protected":false},"excerpt":{"rendered":"<p>A Jamaica deu um passo decisivo rumo a uma avia\u00e7\u00e3o mais sustent\u00e1vel com o lan\u00e7amento de um estudo de viabilidade sobre Sustainable Aviation Fuels (SAF). A iniciativa marca um ponto de inflex\u00e3o n\u00e3o apenas para a estrat\u00e9gia nacional de transporte, mas tamb\u00e9m para o panorama mais amplo da avia\u00e7\u00e3o no Caribe. Anunciado em 20 de [&hellip;]<\/p>\n","protected":false},"author":5,"featured_media":21830,"comment_status":"open","ping_status":"closed","sticky":false,"template":"","format":"standard","meta":{"footnotes":""},"categories":[98,113],"tags":[],"class_list":["post-21831","post","type-post","status-publish","format-standard","has-post-thumbnail","hentry","category-aviacao","category-sustentabilidade-e-transicao-energetica"],"yoast_head":"<!-- This site is optimized with the Yoast SEO plugin v26.9 - https:\/\/yoast.com\/product\/yoast-seo-wordpress\/ -->\n<title>A estrat\u00e9gia de SAF da Jamaica sinaliza uma nova fronteira energ\u00e9tica para a avia\u00e7\u00e3o caribenha - LATITUDE 15<\/title>\n<meta name=\"description\" content=\"Jamaica lan\u00e7a estudo de viabilidade de combust\u00edvel sustent\u00e1vel de avia\u00e7\u00e3o, posicionando o Caribe como um futuro centro para a avia\u00e7\u00e3o de baixo carbono\" \/>\n<meta name=\"robots\" content=\"index, follow, max-snippet:-1, max-image-preview:large, max-video-preview:-1\" \/>\n<link rel=\"canonical\" href=\"https:\/\/www.latitude-15.com\/pt-br\/a-estrategia-de-saf-da-jamaica-sinaliza-uma-nova-fronteira-energetica-para-a-aviacao-caribenha\/\" \/>\n<meta property=\"og:locale\" content=\"pt_BR\" \/>\n<meta property=\"og:type\" content=\"article\" \/>\n<meta property=\"og:title\" content=\"A estrat\u00e9gia de SAF da Jamaica sinaliza uma nova fronteira energ\u00e9tica para a avia\u00e7\u00e3o caribenha - LATITUDE 15\" \/>\n<meta property=\"og:description\" content=\"Jamaica lan\u00e7a estudo de viabilidade de combust\u00edvel sustent\u00e1vel de avia\u00e7\u00e3o, posicionando o Caribe como um futuro centro para a avia\u00e7\u00e3o de baixo carbono\" \/>\n<meta property=\"og:url\" content=\"https:\/\/www.latitude-15.com\/pt-br\/a-estrategia-de-saf-da-jamaica-sinaliza-uma-nova-fronteira-energetica-para-a-aviacao-caribenha\/\" \/>\n<meta property=\"og:site_name\" content=\"LATITUDE 15\" \/>\n<meta property=\"article:published_time\" content=\"2026-03-19T17:43:56+00:00\" \/>\n<meta property=\"article:modified_time\" content=\"2026-03-20T02:36:23+00:00\" \/>\n<meta property=\"og:image\" content=\"https:\/\/www.latitude-15.com\/wp-content\/uploads\/2026\/03\/pexels-julia-volk-7292747.jpg\" \/>\n\t<meta property=\"og:image:width\" content=\"1920\" \/>\n\t<meta property=\"og:image:height\" content=\"1280\" \/>\n\t<meta property=\"og:image:type\" content=\"image\/jpeg\" \/>\n<meta name=\"author\" content=\"Joda J\" \/>\n<meta name=\"twitter:card\" content=\"summary_large_image\" \/>\n<meta name=\"twitter:label1\" content=\"Escrito por\" \/>\n\t<meta name=\"twitter:data1\" content=\"Joda J\" \/>\n\t<meta name=\"twitter:label2\" content=\"Est. tempo de leitura\" \/>\n\t<meta name=\"twitter:data2\" content=\"5 minutos\" \/>\n<script type=\"application\/ld+json\" class=\"yoast-schema-graph\">{\"@context\":\"https:\/\/schema.org\",\"@graph\":[{\"@type\":\"Article\",\"@id\":\"https:\/\/www.latitude-15.com\/pt-br\/a-estrategia-de-saf-da-jamaica-sinaliza-uma-nova-fronteira-energetica-para-a-aviacao-caribenha\/#article\",\"isPartOf\":{\"@id\":\"https:\/\/www.latitude-15.com\/pt-br\/a-estrategia-de-saf-da-jamaica-sinaliza-uma-nova-fronteira-energetica-para-a-aviacao-caribenha\/\"},\"author\":{\"name\":\"Joda J\",\"@id\":\"https:\/\/www.latitude-15.com\/pt-br\/#\/schema\/person\/dac52e7ff44c78317f337da112e37252\"},\"headline\":\"A estrat\u00e9gia de SAF da Jamaica sinaliza uma nova fronteira energ\u00e9tica para a avia\u00e7\u00e3o caribenha\",\"datePublished\":\"2026-03-19T17:43:56+00:00\",\"dateModified\":\"2026-03-20T02:36:23+00:00\",\"mainEntityOfPage\":{\"@id\":\"https:\/\/www.latitude-15.com\/pt-br\/a-estrategia-de-saf-da-jamaica-sinaliza-uma-nova-fronteira-energetica-para-a-aviacao-caribenha\/\"},\"wordCount\":1045,\"commentCount\":0,\"publisher\":{\"@id\":\"https:\/\/www.latitude-15.com\/pt-br\/#organization\"},\"image\":{\"@id\":\"https:\/\/www.latitude-15.com\/pt-br\/a-estrategia-de-saf-da-jamaica-sinaliza-uma-nova-fronteira-energetica-para-a-aviacao-caribenha\/#primaryimage\"},\"thumbnailUrl\":\"https:\/\/www.latitude-15.com\/wp-content\/uploads\/2026\/03\/pexels-julia-volk-7292747.jpg\",\"articleSection\":[\"AVIA\u00c7\u00c3O\",\"Sustentabilidade e transi\u00e7\u00e3o energ\u00e9tica\"],\"inLanguage\":\"pt-BR\",\"potentialAction\":[{\"@type\":\"CommentAction\",\"name\":\"Comment\",\"target\":[\"https:\/\/www.latitude-15.com\/pt-br\/a-estrategia-de-saf-da-jamaica-sinaliza-uma-nova-fronteira-energetica-para-a-aviacao-caribenha\/#respond\"]}]},{\"@type\":\"WebPage\",\"@id\":\"https:\/\/www.latitude-15.com\/pt-br\/a-estrategia-de-saf-da-jamaica-sinaliza-uma-nova-fronteira-energetica-para-a-aviacao-caribenha\/\",\"url\":\"https:\/\/www.latitude-15.com\/pt-br\/a-estrategia-de-saf-da-jamaica-sinaliza-uma-nova-fronteira-energetica-para-a-aviacao-caribenha\/\",\"name\":\"A estrat\u00e9gia de SAF da Jamaica sinaliza uma nova fronteira energ\u00e9tica para a avia\u00e7\u00e3o caribenha - LATITUDE 15\",\"isPartOf\":{\"@id\":\"https:\/\/www.latitude-15.com\/pt-br\/#website\"},\"primaryImageOfPage\":{\"@id\":\"https:\/\/www.latitude-15.com\/pt-br\/a-estrategia-de-saf-da-jamaica-sinaliza-uma-nova-fronteira-energetica-para-a-aviacao-caribenha\/#primaryimage\"},\"image\":{\"@id\":\"https:\/\/www.latitude-15.com\/pt-br\/a-estrategia-de-saf-da-jamaica-sinaliza-uma-nova-fronteira-energetica-para-a-aviacao-caribenha\/#primaryimage\"},\"thumbnailUrl\":\"https:\/\/www.latitude-15.com\/wp-content\/uploads\/2026\/03\/pexels-julia-volk-7292747.jpg\",\"datePublished\":\"2026-03-19T17:43:56+00:00\",\"dateModified\":\"2026-03-20T02:36:23+00:00\",\"description\":\"Jamaica lan\u00e7a estudo de viabilidade de combust\u00edvel sustent\u00e1vel de avia\u00e7\u00e3o, posicionando o Caribe como um futuro centro para a avia\u00e7\u00e3o de baixo carbono\",\"breadcrumb\":{\"@id\":\"https:\/\/www.latitude-15.com\/pt-br\/a-estrategia-de-saf-da-jamaica-sinaliza-uma-nova-fronteira-energetica-para-a-aviacao-caribenha\/#breadcrumb\"},\"inLanguage\":\"pt-BR\",\"potentialAction\":[{\"@type\":\"ReadAction\",\"target\":[\"https:\/\/www.latitude-15.com\/pt-br\/a-estrategia-de-saf-da-jamaica-sinaliza-uma-nova-fronteira-energetica-para-a-aviacao-caribenha\/\"]}]},{\"@type\":\"ImageObject\",\"inLanguage\":\"pt-BR\",\"@id\":\"https:\/\/www.latitude-15.com\/pt-br\/a-estrategia-de-saf-da-jamaica-sinaliza-uma-nova-fronteira-energetica-para-a-aviacao-caribenha\/#primaryimage\",\"url\":\"https:\/\/www.latitude-15.com\/wp-content\/uploads\/2026\/03\/pexels-julia-volk-7292747.jpg\",\"contentUrl\":\"https:\/\/www.latitude-15.com\/wp-content\/uploads\/2026\/03\/pexels-julia-volk-7292747.jpg\",\"width\":1920,\"height\":1280,\"caption\":\"SAF Jamaica\"},{\"@type\":\"BreadcrumbList\",\"@id\":\"https:\/\/www.latitude-15.com\/pt-br\/a-estrategia-de-saf-da-jamaica-sinaliza-uma-nova-fronteira-energetica-para-a-aviacao-caribenha\/#breadcrumb\",\"itemListElement\":[{\"@type\":\"ListItem\",\"position\":1,\"name\":\"Home\",\"item\":\"https:\/\/www.latitude-15.com\/pt-br\/inicio\/\"},{\"@type\":\"ListItem\",\"position\":2,\"name\":\"A estrat\u00e9gia de SAF da Jamaica sinaliza uma nova fronteira energ\u00e9tica para a avia\u00e7\u00e3o caribenha\"}]},{\"@type\":\"WebSite\",\"@id\":\"https:\/\/www.latitude-15.com\/pt-br\/#website\",\"url\":\"https:\/\/www.latitude-15.com\/pt-br\/\",\"name\":\"LATITUDE 15\",\"description\":\"Aviation and maritime Magazine - Caribbean &amp; Latin America\",\"publisher\":{\"@id\":\"https:\/\/www.latitude-15.com\/pt-br\/#organization\"},\"potentialAction\":[{\"@type\":\"SearchAction\",\"target\":{\"@type\":\"EntryPoint\",\"urlTemplate\":\"https:\/\/www.latitude-15.com\/pt-br\/?s={search_term_string}\"},\"query-input\":{\"@type\":\"PropertyValueSpecification\",\"valueRequired\":true,\"valueName\":\"search_term_string\"}}],\"inLanguage\":\"pt-BR\"},{\"@type\":\"Organization\",\"@id\":\"https:\/\/www.latitude-15.com\/pt-br\/#organization\",\"name\":\"LATITUDE 15\",\"url\":\"https:\/\/www.latitude-15.com\/pt-br\/\",\"logo\":{\"@type\":\"ImageObject\",\"inLanguage\":\"pt-BR\",\"@id\":\"https:\/\/www.latitude-15.com\/pt-br\/#\/schema\/logo\/image\/\",\"url\":\"https:\/\/www.latitude-15.com\/wp-content\/uploads\/2026\/01\/cropped-logox500px.png\",\"contentUrl\":\"https:\/\/www.latitude-15.com\/wp-content\/uploads\/2026\/01\/cropped-logox500px.png\",\"width\":62,\"height\":75,\"caption\":\"LATITUDE 15\"},\"image\":{\"@id\":\"https:\/\/www.latitude-15.com\/pt-br\/#\/schema\/logo\/image\/\"}},{\"@type\":\"Person\",\"@id\":\"https:\/\/www.latitude-15.com\/pt-br\/#\/schema\/person\/dac52e7ff44c78317f337da112e37252\",\"name\":\"Joda J\",\"image\":{\"@type\":\"ImageObject\",\"inLanguage\":\"pt-BR\",\"@id\":\"https:\/\/www.latitude-15.com\/pt-br\/#\/schema\/person\/image\/\",\"url\":\"https:\/\/secure.gravatar.com\/avatar\/6b1feae555e15404b76616f92d931d12b25ac58024f14ccb43d9d3c012e4c4cf?s=96&d=mm&r=g\",\"contentUrl\":\"https:\/\/secure.gravatar.com\/avatar\/6b1feae555e15404b76616f92d931d12b25ac58024f14ccb43d9d3c012e4c4cf?s=96&d=mm&r=g\",\"caption\":\"Joda J\"},\"url\":\"https:\/\/www.latitude-15.com\/pt-br\/author\/joda\/\"}]}<\/script>\n<!-- \/ Yoast SEO plugin. -->","yoast_head_json":{"title":"A estrat\u00e9gia de SAF da Jamaica sinaliza uma nova fronteira energ\u00e9tica para a avia\u00e7\u00e3o caribenha - LATITUDE 15","description":"Jamaica lan\u00e7a estudo de viabilidade de combust\u00edvel sustent\u00e1vel de avia\u00e7\u00e3o, posicionando o Caribe como um futuro centro para a avia\u00e7\u00e3o de baixo carbono","robots":{"index":"index","follow":"follow","max-snippet":"max-snippet:-1","max-image-preview":"max-image-preview:large","max-video-preview":"max-video-preview:-1"},"canonical":"https:\/\/www.latitude-15.com\/pt-br\/a-estrategia-de-saf-da-jamaica-sinaliza-uma-nova-fronteira-energetica-para-a-aviacao-caribenha\/","og_locale":"pt_BR","og_type":"article","og_title":"A estrat\u00e9gia de SAF da Jamaica sinaliza uma nova fronteira energ\u00e9tica para a avia\u00e7\u00e3o caribenha - LATITUDE 15","og_description":"Jamaica lan\u00e7a estudo de viabilidade de combust\u00edvel sustent\u00e1vel de avia\u00e7\u00e3o, posicionando o Caribe como um futuro centro para a avia\u00e7\u00e3o de baixo carbono","og_url":"https:\/\/www.latitude-15.com\/pt-br\/a-estrategia-de-saf-da-jamaica-sinaliza-uma-nova-fronteira-energetica-para-a-aviacao-caribenha\/","og_site_name":"LATITUDE 15","article_published_time":"2026-03-19T17:43:56+00:00","article_modified_time":"2026-03-20T02:36:23+00:00","og_image":[{"width":1920,"height":1280,"url":"https:\/\/www.latitude-15.com\/wp-content\/uploads\/2026\/03\/pexels-julia-volk-7292747.jpg","type":"image\/jpeg"}],"author":"Joda J","twitter_card":"summary_large_image","twitter_misc":{"Escrito por":"Joda J","Est. tempo de leitura":"5 minutos"},"schema":{"@context":"https:\/\/schema.org","@graph":[{"@type":"Article","@id":"https:\/\/www.latitude-15.com\/pt-br\/a-estrategia-de-saf-da-jamaica-sinaliza-uma-nova-fronteira-energetica-para-a-aviacao-caribenha\/#article","isPartOf":{"@id":"https:\/\/www.latitude-15.com\/pt-br\/a-estrategia-de-saf-da-jamaica-sinaliza-uma-nova-fronteira-energetica-para-a-aviacao-caribenha\/"},"author":{"name":"Joda J","@id":"https:\/\/www.latitude-15.com\/pt-br\/#\/schema\/person\/dac52e7ff44c78317f337da112e37252"},"headline":"A estrat\u00e9gia de SAF da Jamaica sinaliza uma nova fronteira energ\u00e9tica para a avia\u00e7\u00e3o caribenha","datePublished":"2026-03-19T17:43:56+00:00","dateModified":"2026-03-20T02:36:23+00:00","mainEntityOfPage":{"@id":"https:\/\/www.latitude-15.com\/pt-br\/a-estrategia-de-saf-da-jamaica-sinaliza-uma-nova-fronteira-energetica-para-a-aviacao-caribenha\/"},"wordCount":1045,"commentCount":0,"publisher":{"@id":"https:\/\/www.latitude-15.com\/pt-br\/#organization"},"image":{"@id":"https:\/\/www.latitude-15.com\/pt-br\/a-estrategia-de-saf-da-jamaica-sinaliza-uma-nova-fronteira-energetica-para-a-aviacao-caribenha\/#primaryimage"},"thumbnailUrl":"https:\/\/www.latitude-15.com\/wp-content\/uploads\/2026\/03\/pexels-julia-volk-7292747.jpg","articleSection":["AVIA\u00c7\u00c3O","Sustentabilidade e transi\u00e7\u00e3o energ\u00e9tica"],"inLanguage":"pt-BR","potentialAction":[{"@type":"CommentAction","name":"Comment","target":["https:\/\/www.latitude-15.com\/pt-br\/a-estrategia-de-saf-da-jamaica-sinaliza-uma-nova-fronteira-energetica-para-a-aviacao-caribenha\/#respond"]}]},{"@type":"WebPage","@id":"https:\/\/www.latitude-15.com\/pt-br\/a-estrategia-de-saf-da-jamaica-sinaliza-uma-nova-fronteira-energetica-para-a-aviacao-caribenha\/","url":"https:\/\/www.latitude-15.com\/pt-br\/a-estrategia-de-saf-da-jamaica-sinaliza-uma-nova-fronteira-energetica-para-a-aviacao-caribenha\/","name":"A estrat\u00e9gia de SAF da Jamaica sinaliza uma nova fronteira energ\u00e9tica para a avia\u00e7\u00e3o caribenha - LATITUDE 15","isPartOf":{"@id":"https:\/\/www.latitude-15.com\/pt-br\/#website"},"primaryImageOfPage":{"@id":"https:\/\/www.latitude-15.com\/pt-br\/a-estrategia-de-saf-da-jamaica-sinaliza-uma-nova-fronteira-energetica-para-a-aviacao-caribenha\/#primaryimage"},"image":{"@id":"https:\/\/www.latitude-15.com\/pt-br\/a-estrategia-de-saf-da-jamaica-sinaliza-uma-nova-fronteira-energetica-para-a-aviacao-caribenha\/#primaryimage"},"thumbnailUrl":"https:\/\/www.latitude-15.com\/wp-content\/uploads\/2026\/03\/pexels-julia-volk-7292747.jpg","datePublished":"2026-03-19T17:43:56+00:00","dateModified":"2026-03-20T02:36:23+00:00","description":"Jamaica lan\u00e7a estudo de viabilidade de combust\u00edvel sustent\u00e1vel de avia\u00e7\u00e3o, posicionando o Caribe como um futuro centro para a avia\u00e7\u00e3o de baixo carbono","breadcrumb":{"@id":"https:\/\/www.latitude-15.com\/pt-br\/a-estrategia-de-saf-da-jamaica-sinaliza-uma-nova-fronteira-energetica-para-a-aviacao-caribenha\/#breadcrumb"},"inLanguage":"pt-BR","potentialAction":[{"@type":"ReadAction","target":["https:\/\/www.latitude-15.com\/pt-br\/a-estrategia-de-saf-da-jamaica-sinaliza-uma-nova-fronteira-energetica-para-a-aviacao-caribenha\/"]}]},{"@type":"ImageObject","inLanguage":"pt-BR","@id":"https:\/\/www.latitude-15.com\/pt-br\/a-estrategia-de-saf-da-jamaica-sinaliza-uma-nova-fronteira-energetica-para-a-aviacao-caribenha\/#primaryimage","url":"https:\/\/www.latitude-15.com\/wp-content\/uploads\/2026\/03\/pexels-julia-volk-7292747.jpg","contentUrl":"https:\/\/www.latitude-15.com\/wp-content\/uploads\/2026\/03\/pexels-julia-volk-7292747.jpg","width":1920,"height":1280,"caption":"SAF Jamaica"},{"@type":"BreadcrumbList","@id":"https:\/\/www.latitude-15.com\/pt-br\/a-estrategia-de-saf-da-jamaica-sinaliza-uma-nova-fronteira-energetica-para-a-aviacao-caribenha\/#breadcrumb","itemListElement":[{"@type":"ListItem","position":1,"name":"Home","item":"https:\/\/www.latitude-15.com\/pt-br\/inicio\/"},{"@type":"ListItem","position":2,"name":"A estrat\u00e9gia de SAF da Jamaica sinaliza uma nova fronteira energ\u00e9tica para a avia\u00e7\u00e3o caribenha"}]},{"@type":"WebSite","@id":"https:\/\/www.latitude-15.com\/pt-br\/#website","url":"https:\/\/www.latitude-15.com\/pt-br\/","name":"LATITUDE 15","description":"Aviation and maritime Magazine - Caribbean &amp; Latin America","publisher":{"@id":"https:\/\/www.latitude-15.com\/pt-br\/#organization"},"potentialAction":[{"@type":"SearchAction","target":{"@type":"EntryPoint","urlTemplate":"https:\/\/www.latitude-15.com\/pt-br\/?s={search_term_string}"},"query-input":{"@type":"PropertyValueSpecification","valueRequired":true,"valueName":"search_term_string"}}],"inLanguage":"pt-BR"},{"@type":"Organization","@id":"https:\/\/www.latitude-15.com\/pt-br\/#organization","name":"LATITUDE 15","url":"https:\/\/www.latitude-15.com\/pt-br\/","logo":{"@type":"ImageObject","inLanguage":"pt-BR","@id":"https:\/\/www.latitude-15.com\/pt-br\/#\/schema\/logo\/image\/","url":"https:\/\/www.latitude-15.com\/wp-content\/uploads\/2026\/01\/cropped-logox500px.png","contentUrl":"https:\/\/www.latitude-15.com\/wp-content\/uploads\/2026\/01\/cropped-logox500px.png","width":62,"height":75,"caption":"LATITUDE 15"},"image":{"@id":"https:\/\/www.latitude-15.com\/pt-br\/#\/schema\/logo\/image\/"}},{"@type":"Person","@id":"https:\/\/www.latitude-15.com\/pt-br\/#\/schema\/person\/dac52e7ff44c78317f337da112e37252","name":"Joda J","image":{"@type":"ImageObject","inLanguage":"pt-BR","@id":"https:\/\/www.latitude-15.com\/pt-br\/#\/schema\/person\/image\/","url":"https:\/\/secure.gravatar.com\/avatar\/6b1feae555e15404b76616f92d931d12b25ac58024f14ccb43d9d3c012e4c4cf?s=96&d=mm&r=g","contentUrl":"https:\/\/secure.gravatar.com\/avatar\/6b1feae555e15404b76616f92d931d12b25ac58024f14ccb43d9d3c012e4c4cf?s=96&d=mm&r=g","caption":"Joda J"},"url":"https:\/\/www.latitude-15.com\/pt-br\/author\/joda\/"}]}},"_links":{"self":[{"href":"https:\/\/www.latitude-15.com\/pt-br\/wp-json\/wp\/v2\/posts\/21831","targetHints":{"allow":["GET"]}}],"collection":[{"href":"https:\/\/www.latitude-15.com\/pt-br\/wp-json\/wp\/v2\/posts"}],"about":[{"href":"https:\/\/www.latitude-15.com\/pt-br\/wp-json\/wp\/v2\/types\/post"}],"author":[{"embeddable":true,"href":"https:\/\/www.latitude-15.com\/pt-br\/wp-json\/wp\/v2\/users\/5"}],"replies":[{"embeddable":true,"href":"https:\/\/www.latitude-15.com\/pt-br\/wp-json\/wp\/v2\/comments?post=21831"}],"version-history":[{"count":1,"href":"https:\/\/www.latitude-15.com\/pt-br\/wp-json\/wp\/v2\/posts\/21831\/revisions"}],"predecessor-version":[{"id":21832,"href":"https:\/\/www.latitude-15.com\/pt-br\/wp-json\/wp\/v2\/posts\/21831\/revisions\/21832"}],"wp:featuredmedia":[{"embeddable":true,"href":"https:\/\/www.latitude-15.com\/pt-br\/wp-json\/wp\/v2\/media\/21830"}],"wp:attachment":[{"href":"https:\/\/www.latitude-15.com\/pt-br\/wp-json\/wp\/v2\/media?parent=21831"}],"wp:term":[{"taxonomy":"category","embeddable":true,"href":"https:\/\/www.latitude-15.com\/pt-br\/wp-json\/wp\/v2\/categories?post=21831"},{"taxonomy":"post_tag","embeddable":true,"href":"https:\/\/www.latitude-15.com\/pt-br\/wp-json\/wp\/v2\/tags?post=21831"}],"curies":[{"name":"wp","href":"https:\/\/api.w.org\/{rel}","templated":true}]}}