{"id":21736,"date":"2026-03-18T11:44:56","date_gmt":"2026-03-18T15:44:56","guid":{"rendered":"https:\/\/www.latitude-15.com\/crescimento-do-curacao-international-airport-um-modelo-resiliente-sob-restricoes-estruturais\/"},"modified":"2026-03-18T23:19:31","modified_gmt":"2026-03-19T03:19:31","slug":"crescimento-do-curacao-international-airport-um-modelo-resiliente-sob-restricoes-estruturais","status":"publish","type":"post","link":"https:\/\/www.latitude-15.com\/pt-br\/crescimento-do-curacao-international-airport-um-modelo-resiliente-sob-restricoes-estruturais\/","title":{"rendered":"Crescimento do Cura\u00e7ao International Airport: um modelo resiliente sob restri\u00e7\u00f5es estruturais"},"content":{"rendered":"\n<p>Em um ambiente a\u00e9reo marcado por instabilidade geopol\u00edtica, disrup\u00e7\u00f5es no espa\u00e7o a\u00e9reo e limita\u00e7\u00f5es operacionais, sustentar o crescimento tornou-se mais desafiador \u2014 especialmente para economias insulares, onde a conectividade a\u00e9rea n\u00e3o \u00e9 opcional, mas essencial.<\/p>\n\n<p>Nesse contexto, o Cura\u00e7ao International Airport registrou um desempenho recorde em 2025, com 2,46 milh\u00f5es de passageiros, um aumento de 17% em rela\u00e7\u00e3o ao ano anterior. \u00c0 primeira vista, os n\u00fameros indicam uma forte recupera\u00e7\u00e3o. No entanto, para al\u00e9m desse crescimento, Cura\u00e7ao revela algo mais relevante: um modelo estruturado e resiliente de desenvolvimento aeroportu\u00e1rio \u2014 ainda que condicionado por restri\u00e7\u00f5es inerentes.  <\/p>\n\n<h2 class=\"wp-block-heading\">Um ano recorde\u2026 mas n\u00e3o toda a hist\u00f3ria<\/h2>\n\n<p>O crescimento do tr\u00e1fego em Cura\u00e7ao reflete uma recupera\u00e7\u00e3o consistente tanto nos fluxos de chegada quanto de partida. O aeroporto registrou 894 mil passageiros internacionais em partidas e mais de 1,07 milh\u00e3o em chegadas, ambos com crescimento entre 9% e 10% em rela\u00e7\u00e3o a 2024. A capacidade de assentos aumentou ainda mais rapidamente, com alta de 22%, mantendo um fator de ocupa\u00e7\u00e3o elevado de 81%.  <\/p>\n\n<p>Esses indicadores v\u00e3o al\u00e9m de um simples efeito de recupera\u00e7\u00e3o. Eles apontam para um sistema capaz de alinhar oferta e demanda, mantendo efici\u00eancia operacional em um ambiente vol\u00e1til. <\/p>\n\n<p>Ainda assim, o crescimento por si s\u00f3 n\u00e3o explica a performance do aeroporto. A trajet\u00f3ria de Cura\u00e7ao parece estar menos ligada ao volume e mais \u00e0 forma como esse volume \u00e9 estruturado <\/p>\n\n<h2 class=\"wp-block-heading\">Diversifica\u00e7\u00e3o como mecanismo de resili\u00eancia<\/h2>\n\n<p>Um dos principais diferenciais do modelo de Cura\u00e7ao est\u00e1 na composi\u00e7\u00e3o do seu tr\u00e1fego. Diferentemente de muitos destinos insulares altamente dependentes de um \u00fanico mercado emissor, Cura\u00e7ao distribui sua demanda entre v\u00e1rias regi\u00f5es: Europa representa 33% do tr\u00e1fego, seguida pelos Estados Unidos (22%), Am\u00e9rica do Sul (20%) e Caribe (17%). <\/p>\n\n<p>Essa diversifica\u00e7\u00e3o desempenha um papel crucial na mitiga\u00e7\u00e3o de riscos. Quando um mercado desacelera, outros podem compensar. Isso tamb\u00e9m permite maior flexibilidade diante de choques externos, sejam eles econ\u00f4micos ou geopol\u00edticos.  <\/p>\n\n<p>No entanto, esse equil\u00edbrio tem limites. A Europa \u2014 especialmente os Pa\u00edses Baixos \u2014 continua sendo o principal mercado, o que indica que a exposi\u00e7\u00e3o estrutural n\u00e3o foi completamente eliminada. Em economias insulares, a diversifica\u00e7\u00e3o reduz a vulnerabilidade, mas n\u00e3o a elimina.  <\/p>\n\n<h2 class=\"wp-block-heading\">Parcerias com companhias a\u00e9reas como ativo estrat\u00e9gico<\/h2>\n\n<p>Se a diversifica\u00e7\u00e3o traz estabilidade, as rela\u00e7\u00f5es com as companhias a\u00e9reas parecem ser o verdadeiro motor da performance do Cura\u00e7ao International Airport.<\/p>\n\n<p>A rede do aeroporto \u2014 composta por 22 companhias a\u00e9reas e 24 destinos \u2014 n\u00e3o cresceu de forma agressiva, mas sim de maneira seletiva. Novas rotas, como a liga\u00e7\u00e3o Lima\u2013Cura\u00e7ao operada pela LATAM ou a conex\u00e3o com Chicago pela American Airlines, refletem uma estrat\u00e9gia direcionada, focada em fortalecer a conectividade sem exceder a capacidade. <\/p>\n\n<p>Mais do que isso, as companhias destacam a natureza da colabora\u00e7\u00e3o com o aeroporto. Uma delas descreveu a rela\u00e7\u00e3o como: <\/p>\n\n<blockquote class=\"wp-block-quote is-layout-flow wp-block-quote-is-layout-flow\">\n<p>\u201ca continuous partnership approach, one based on trust, transparency, and a shared interest in sustainable growth\u201d<\/p>\n<\/blockquote>\n\n<p>Outra destacou Cura\u00e7ao como: \u201ca valuable and dependable destination within our network\u201d<\/p>\n\n<p>Essas declara\u00e7\u00f5es indicam uma evolu\u00e7\u00e3o na forma como as rela\u00e7\u00f5es entre aeroportos e companhias s\u00e3o estruturadas. O aeroporto deixa de ser apenas um provedor de infraestrutura para se posicionar como um parceiro estrat\u00e9gico de longo prazo no desenvolvimento de rotas e mercados. <\/p>\n\n<h2 class=\"wp-block-heading\">Construir uma rede, n\u00e3o apenas adicionar rotas<\/h2>\n\n<p>A estrat\u00e9gia de rotas de Cura\u00e7ao refor\u00e7a essa abordagem. A introdu\u00e7\u00e3o de conex\u00f5es para Lima, Medell\u00edn, St. Maarten e Chicago evidencia uma inten\u00e7\u00e3o clara de conectar a ilha a m\u00faltiplos corredores econ\u00f4micos e geogr\u00e1ficos. <\/p>\n\n<p>N\u00e3o se trata de uma estrat\u00e9gia de hub tradicional. Passageiros em conex\u00e3o representam cerca de 14% do tr\u00e1fego total \u2014 um volume relevante, mas n\u00e3o dominante. Cura\u00e7ao opera como um gateway h\u00edbrido, combinando fluxos tur\u00edsticos ponto a ponto com conectividade regional.  <\/p>\n\n<p>Esse modelo oferece flexibilidade, mas exige equil\u00edbrio. Com a capacidade de assentos crescendo mais r\u00e1pido que o n\u00famero de passageiros, manter altos n\u00edveis de ocupa\u00e7\u00e3o depender\u00e1 da capacidade de sustentar a demanda em todos os mercados atendidos. <\/p>\n\n<h2 class=\"wp-block-heading\">Governan\u00e7a como fator determinante da performance<\/h2>\n\n<p>Para al\u00e9m do tr\u00e1fego e da estrat\u00e9gia de rede, a performance de Cura\u00e7ao tamb\u00e9m est\u00e1 ancorada na sua governan\u00e7a.<\/p>\n\n<p>O aeroporto opera dentro de um ecossistema coordenado que envolve Cura\u00e7ao Airport Partners, Cura\u00e7ao Airport Holding, o governo e os stakeholders do turismo. Esse alinhamento permite integrar diretamente a estrat\u00e9gia de avia\u00e7\u00e3o aos objetivos econ\u00f4micos mais amplos, especialmente no setor tur\u00edstico. <\/p>\n\n<p>O reconhecimento obtido no Routes Americas Awards 2026, onde Cura\u00e7ao foi eleito o melhor aeroporto na categoria de at\u00e9 5 milh\u00f5es de passageiros, reflete essa abordagem coletiva. Vale destacar que os aeroportos s\u00e3o avaliados pelas pr\u00f3prias companhias a\u00e9reas, refor\u00e7ando a import\u00e2ncia da colabora\u00e7\u00e3o. <\/p>\n\n<figure class=\"wp-block-image aligncenter size-large\"><img fetchpriority=\"high\" decoding=\"async\" width=\"1024\" height=\"768\" src=\"https:\/\/www.latitude-15.com\/wp-content\/uploads\/2026\/03\/IMG_5131-scaled-1-1024x768.jpeg\" alt=\"\" class=\"wp-image-21709\" srcset=\"https:\/\/www.latitude-15.com\/wp-content\/uploads\/2026\/03\/IMG_5131-scaled-1-1024x768.jpeg 1024w, https:\/\/www.latitude-15.com\/wp-content\/uploads\/2026\/03\/IMG_5131-scaled-1-300x225.jpeg 300w, https:\/\/www.latitude-15.com\/wp-content\/uploads\/2026\/03\/IMG_5131-scaled-1-768x576.jpeg 768w, https:\/\/www.latitude-15.com\/wp-content\/uploads\/2026\/03\/IMG_5131-scaled-1-1536x1152.jpeg 1536w, https:\/\/www.latitude-15.com\/wp-content\/uploads\/2026\/03\/IMG_5131-scaled-1-2048x1536.jpeg 2048w, https:\/\/www.latitude-15.com\/wp-content\/uploads\/2026\/03\/IMG_5131-scaled-1-1320x990.jpeg 1320w\" sizes=\"(max-width: 1024px) 100vw, 1024px\" \/><\/figure>\n\n<p>Como destacou um dos jurados:<\/p>\n\n<blockquote class=\"wp-block-quote is-layout-flow wp-block-quote-is-layout-flow\">\n<p>\u201cThis airport saw a particularly impressive year despite challenges. It is clear that they work incredibly closely with airline partners and local stakeholders to ensure sustainable growth.\u201d<\/p>\n<\/blockquote>\n\n<h2 class=\"wp-block-heading\">Um modelo resiliente\u2026 dentro de limites estruturais<\/h2>\n\n<p>A performance do Cura\u00e7ao International Airport em 2025 ilustra como pode ser um modelo aeroportu\u00e1rio resiliente em contexto insular: diversifica\u00e7\u00e3o de mercados, parcerias s\u00f3lidas com companhias a\u00e9reas, expans\u00e3o seletiva da rede e governan\u00e7a alinhada.<\/p>\n\n<p>Ao mesmo tempo, esse modelo continua condicionado por limita\u00e7\u00f5es estruturais. A depend\u00eancia de mercados externos, a influ\u00eancia das estrat\u00e9gias das companhias a\u00e9reas e a volatilidade inerente \u00e0s economias baseadas no turismo continuam a moldar o ambiente operacional. <\/p>\n\n<p>Nesse sentido, Cura\u00e7ao n\u00e3o representa um modelo perfeito, mas sim um modelo refinado. Sua experi\u00eancia demonstra que a resili\u00eancia na avia\u00e7\u00e3o insular n\u00e3o depende da escala, mas do equil\u00edbrio \u2014 entre mercados, parceiros e prioridades estrat\u00e9gicas. <\/p>\n\n<p>Para outras economias insulares enfrentando desafios semelhantes, a li\u00e7\u00e3o \u00e9 clara: o crescimento pode oscilar, mas uma estrutura bem constru\u00edda tende a perdurar. <\/p>\n","protected":false},"excerpt":{"rendered":"<p>Em um ambiente a\u00e9reo marcado por instabilidade geopol\u00edtica, disrup\u00e7\u00f5es no espa\u00e7o a\u00e9reo e limita\u00e7\u00f5es operacionais, sustentar o crescimento tornou-se mais desafiador \u2014 especialmente para economias insulares, onde a conectividade a\u00e9rea n\u00e3o \u00e9 opcional, mas essencial. Nesse contexto, o Cura\u00e7ao International Airport registrou um desempenho recorde em 2025, com 2,46 milh\u00f5es de passageiros, um aumento de [&hellip;]<\/p>\n","protected":false},"author":5,"featured_media":21735,"comment_status":"open","ping_status":"closed","sticky":false,"template":"","format":"standard","meta":{"footnotes":""},"categories":[104,98],"tags":[],"class_list":["post-21736","post","type-post","status-publish","format-standard","has-post-thumbnail","hentry","category-aeroportos-e-infraestrutura","category-aviacao"],"yoast_head":"<!-- This site is optimized with the Yoast SEO plugin v26.9 - https:\/\/yoast.com\/product\/yoast-seo-wordpress\/ -->\n<title>Crescimento do Cura\u00e7ao International Airport: um modelo resiliente sob restri\u00e7\u00f5es estruturais - LATITUDE 15<\/title>\n<meta name=\"description\" content=\"O Cura\u00e7ao International Airport alcan\u00e7ou 2,46 milh\u00f5es de passageiros em 2025, evidenciando como a diversifica\u00e7\u00e3o contribui para fortalecer a resili\u00eancia na avia\u00e7\u00e3o insular.\" \/>\n<meta name=\"robots\" content=\"index, follow, max-snippet:-1, max-image-preview:large, max-video-preview:-1\" \/>\n<link rel=\"canonical\" href=\"https:\/\/www.latitude-15.com\/pt-br\/crescimento-do-curacao-international-airport-um-modelo-resiliente-sob-restricoes-estruturais\/\" \/>\n<meta property=\"og:locale\" content=\"pt_BR\" \/>\n<meta property=\"og:type\" content=\"article\" \/>\n<meta property=\"og:title\" content=\"Crescimento do Cura\u00e7ao International Airport: um modelo resiliente sob restri\u00e7\u00f5es estruturais - LATITUDE 15\" \/>\n<meta property=\"og:description\" content=\"O Cura\u00e7ao International Airport alcan\u00e7ou 2,46 milh\u00f5es de passageiros em 2025, evidenciando como a diversifica\u00e7\u00e3o contribui para fortalecer a resili\u00eancia na avia\u00e7\u00e3o insular.\" \/>\n<meta property=\"og:url\" content=\"https:\/\/www.latitude-15.com\/pt-br\/crescimento-do-curacao-international-airport-um-modelo-resiliente-sob-restricoes-estruturais\/\" \/>\n<meta property=\"og:site_name\" content=\"LATITUDE 15\" \/>\n<meta property=\"article:published_time\" content=\"2026-03-18T15:44:56+00:00\" \/>\n<meta property=\"article:modified_time\" content=\"2026-03-19T03:19:31+00:00\" \/>\n<meta property=\"og:image\" content=\"https:\/\/www.latitude-15.com\/wp-content\/uploads\/2026\/03\/481160657_957637369811121_511973155138236239_n.jpg\" \/>\n\t<meta property=\"og:image:width\" content=\"1500\" \/>\n\t<meta property=\"og:image:height\" content=\"660\" \/>\n\t<meta property=\"og:image:type\" content=\"image\/jpeg\" \/>\n<meta name=\"author\" content=\"Joda J\" \/>\n<meta name=\"twitter:card\" content=\"summary_large_image\" \/>\n<meta name=\"twitter:label1\" content=\"Escrito por\" \/>\n\t<meta name=\"twitter:data1\" content=\"Joda J\" \/>\n\t<meta name=\"twitter:label2\" content=\"Est. tempo de leitura\" \/>\n\t<meta name=\"twitter:data2\" content=\"5 minutos\" \/>\n<script type=\"application\/ld+json\" class=\"yoast-schema-graph\">{\"@context\":\"https:\/\/schema.org\",\"@graph\":[{\"@type\":\"Article\",\"@id\":\"https:\/\/www.latitude-15.com\/pt-br\/crescimento-do-curacao-international-airport-um-modelo-resiliente-sob-restricoes-estruturais\/#article\",\"isPartOf\":{\"@id\":\"https:\/\/www.latitude-15.com\/pt-br\/crescimento-do-curacao-international-airport-um-modelo-resiliente-sob-restricoes-estruturais\/\"},\"author\":{\"name\":\"Joda J\",\"@id\":\"https:\/\/www.latitude-15.com\/pt-br\/#\/schema\/person\/dac52e7ff44c78317f337da112e37252\"},\"headline\":\"Crescimento do Cura\u00e7ao International Airport: um modelo resiliente sob restri\u00e7\u00f5es estruturais\",\"datePublished\":\"2026-03-18T15:44:56+00:00\",\"dateModified\":\"2026-03-19T03:19:31+00:00\",\"mainEntityOfPage\":{\"@id\":\"https:\/\/www.latitude-15.com\/pt-br\/crescimento-do-curacao-international-airport-um-modelo-resiliente-sob-restricoes-estruturais\/\"},\"wordCount\":1049,\"commentCount\":0,\"publisher\":{\"@id\":\"https:\/\/www.latitude-15.com\/pt-br\/#organization\"},\"image\":{\"@id\":\"https:\/\/www.latitude-15.com\/pt-br\/crescimento-do-curacao-international-airport-um-modelo-resiliente-sob-restricoes-estruturais\/#primaryimage\"},\"thumbnailUrl\":\"https:\/\/www.latitude-15.com\/wp-content\/uploads\/2026\/03\/481160657_957637369811121_511973155138236239_n.jpg\",\"articleSection\":[\"Aeroportos e infraestrutura\",\"AVIA\u00c7\u00c3O\"],\"inLanguage\":\"pt-BR\",\"potentialAction\":[{\"@type\":\"CommentAction\",\"name\":\"Comment\",\"target\":[\"https:\/\/www.latitude-15.com\/pt-br\/crescimento-do-curacao-international-airport-um-modelo-resiliente-sob-restricoes-estruturais\/#respond\"]}]},{\"@type\":\"WebPage\",\"@id\":\"https:\/\/www.latitude-15.com\/pt-br\/crescimento-do-curacao-international-airport-um-modelo-resiliente-sob-restricoes-estruturais\/\",\"url\":\"https:\/\/www.latitude-15.com\/pt-br\/crescimento-do-curacao-international-airport-um-modelo-resiliente-sob-restricoes-estruturais\/\",\"name\":\"Crescimento do Cura\u00e7ao International Airport: um modelo resiliente sob restri\u00e7\u00f5es estruturais - LATITUDE 15\",\"isPartOf\":{\"@id\":\"https:\/\/www.latitude-15.com\/pt-br\/#website\"},\"primaryImageOfPage\":{\"@id\":\"https:\/\/www.latitude-15.com\/pt-br\/crescimento-do-curacao-international-airport-um-modelo-resiliente-sob-restricoes-estruturais\/#primaryimage\"},\"image\":{\"@id\":\"https:\/\/www.latitude-15.com\/pt-br\/crescimento-do-curacao-international-airport-um-modelo-resiliente-sob-restricoes-estruturais\/#primaryimage\"},\"thumbnailUrl\":\"https:\/\/www.latitude-15.com\/wp-content\/uploads\/2026\/03\/481160657_957637369811121_511973155138236239_n.jpg\",\"datePublished\":\"2026-03-18T15:44:56+00:00\",\"dateModified\":\"2026-03-19T03:19:31+00:00\",\"description\":\"O Cura\u00e7ao International Airport alcan\u00e7ou 2,46 milh\u00f5es de passageiros em 2025, evidenciando como a diversifica\u00e7\u00e3o contribui para fortalecer a resili\u00eancia na avia\u00e7\u00e3o insular.\",\"breadcrumb\":{\"@id\":\"https:\/\/www.latitude-15.com\/pt-br\/crescimento-do-curacao-international-airport-um-modelo-resiliente-sob-restricoes-estruturais\/#breadcrumb\"},\"inLanguage\":\"pt-BR\",\"potentialAction\":[{\"@type\":\"ReadAction\",\"target\":[\"https:\/\/www.latitude-15.com\/pt-br\/crescimento-do-curacao-international-airport-um-modelo-resiliente-sob-restricoes-estruturais\/\"]}]},{\"@type\":\"ImageObject\",\"inLanguage\":\"pt-BR\",\"@id\":\"https:\/\/www.latitude-15.com\/pt-br\/crescimento-do-curacao-international-airport-um-modelo-resiliente-sob-restricoes-estruturais\/#primaryimage\",\"url\":\"https:\/\/www.latitude-15.com\/wp-content\/uploads\/2026\/03\/481160657_957637369811121_511973155138236239_n.jpg\",\"contentUrl\":\"https:\/\/www.latitude-15.com\/wp-content\/uploads\/2026\/03\/481160657_957637369811121_511973155138236239_n.jpg\",\"width\":1500,\"height\":660,\"caption\":\"Cura\u00e7ao International Airport\"},{\"@type\":\"BreadcrumbList\",\"@id\":\"https:\/\/www.latitude-15.com\/pt-br\/crescimento-do-curacao-international-airport-um-modelo-resiliente-sob-restricoes-estruturais\/#breadcrumb\",\"itemListElement\":[{\"@type\":\"ListItem\",\"position\":1,\"name\":\"Home\",\"item\":\"https:\/\/www.latitude-15.com\/pt-br\/inicio\/\"},{\"@type\":\"ListItem\",\"position\":2,\"name\":\"Crescimento do Cura\u00e7ao International Airport: um modelo resiliente sob restri\u00e7\u00f5es estruturais\"}]},{\"@type\":\"WebSite\",\"@id\":\"https:\/\/www.latitude-15.com\/pt-br\/#website\",\"url\":\"https:\/\/www.latitude-15.com\/pt-br\/\",\"name\":\"LATITUDE 15\",\"description\":\"Aviation and maritime Magazine - Caribbean &amp; Latin America\",\"publisher\":{\"@id\":\"https:\/\/www.latitude-15.com\/pt-br\/#organization\"},\"potentialAction\":[{\"@type\":\"SearchAction\",\"target\":{\"@type\":\"EntryPoint\",\"urlTemplate\":\"https:\/\/www.latitude-15.com\/pt-br\/?s={search_term_string}\"},\"query-input\":{\"@type\":\"PropertyValueSpecification\",\"valueRequired\":true,\"valueName\":\"search_term_string\"}}],\"inLanguage\":\"pt-BR\"},{\"@type\":\"Organization\",\"@id\":\"https:\/\/www.latitude-15.com\/pt-br\/#organization\",\"name\":\"LATITUDE 15\",\"url\":\"https:\/\/www.latitude-15.com\/pt-br\/\",\"logo\":{\"@type\":\"ImageObject\",\"inLanguage\":\"pt-BR\",\"@id\":\"https:\/\/www.latitude-15.com\/pt-br\/#\/schema\/logo\/image\/\",\"url\":\"https:\/\/www.latitude-15.com\/wp-content\/uploads\/2026\/01\/cropped-logox500px.png\",\"contentUrl\":\"https:\/\/www.latitude-15.com\/wp-content\/uploads\/2026\/01\/cropped-logox500px.png\",\"width\":62,\"height\":75,\"caption\":\"LATITUDE 15\"},\"image\":{\"@id\":\"https:\/\/www.latitude-15.com\/pt-br\/#\/schema\/logo\/image\/\"}},{\"@type\":\"Person\",\"@id\":\"https:\/\/www.latitude-15.com\/pt-br\/#\/schema\/person\/dac52e7ff44c78317f337da112e37252\",\"name\":\"Joda J\",\"image\":{\"@type\":\"ImageObject\",\"inLanguage\":\"pt-BR\",\"@id\":\"https:\/\/www.latitude-15.com\/pt-br\/#\/schema\/person\/image\/\",\"url\":\"https:\/\/secure.gravatar.com\/avatar\/6b1feae555e15404b76616f92d931d12b25ac58024f14ccb43d9d3c012e4c4cf?s=96&d=mm&r=g\",\"contentUrl\":\"https:\/\/secure.gravatar.com\/avatar\/6b1feae555e15404b76616f92d931d12b25ac58024f14ccb43d9d3c012e4c4cf?s=96&d=mm&r=g\",\"caption\":\"Joda J\"},\"url\":\"https:\/\/www.latitude-15.com\/pt-br\/author\/joda\/\"}]}<\/script>\n<!-- \/ Yoast SEO plugin. -->","yoast_head_json":{"title":"Crescimento do Cura\u00e7ao International Airport: um modelo resiliente sob restri\u00e7\u00f5es estruturais - LATITUDE 15","description":"O Cura\u00e7ao International Airport alcan\u00e7ou 2,46 milh\u00f5es de passageiros em 2025, evidenciando como a diversifica\u00e7\u00e3o contribui para fortalecer a resili\u00eancia na avia\u00e7\u00e3o insular.","robots":{"index":"index","follow":"follow","max-snippet":"max-snippet:-1","max-image-preview":"max-image-preview:large","max-video-preview":"max-video-preview:-1"},"canonical":"https:\/\/www.latitude-15.com\/pt-br\/crescimento-do-curacao-international-airport-um-modelo-resiliente-sob-restricoes-estruturais\/","og_locale":"pt_BR","og_type":"article","og_title":"Crescimento do Cura\u00e7ao International Airport: um modelo resiliente sob restri\u00e7\u00f5es estruturais - LATITUDE 15","og_description":"O Cura\u00e7ao International Airport alcan\u00e7ou 2,46 milh\u00f5es de passageiros em 2025, evidenciando como a diversifica\u00e7\u00e3o contribui para fortalecer a resili\u00eancia na avia\u00e7\u00e3o insular.","og_url":"https:\/\/www.latitude-15.com\/pt-br\/crescimento-do-curacao-international-airport-um-modelo-resiliente-sob-restricoes-estruturais\/","og_site_name":"LATITUDE 15","article_published_time":"2026-03-18T15:44:56+00:00","article_modified_time":"2026-03-19T03:19:31+00:00","og_image":[{"width":1500,"height":660,"url":"https:\/\/www.latitude-15.com\/wp-content\/uploads\/2026\/03\/481160657_957637369811121_511973155138236239_n.jpg","type":"image\/jpeg"}],"author":"Joda J","twitter_card":"summary_large_image","twitter_misc":{"Escrito por":"Joda J","Est. tempo de leitura":"5 minutos"},"schema":{"@context":"https:\/\/schema.org","@graph":[{"@type":"Article","@id":"https:\/\/www.latitude-15.com\/pt-br\/crescimento-do-curacao-international-airport-um-modelo-resiliente-sob-restricoes-estruturais\/#article","isPartOf":{"@id":"https:\/\/www.latitude-15.com\/pt-br\/crescimento-do-curacao-international-airport-um-modelo-resiliente-sob-restricoes-estruturais\/"},"author":{"name":"Joda J","@id":"https:\/\/www.latitude-15.com\/pt-br\/#\/schema\/person\/dac52e7ff44c78317f337da112e37252"},"headline":"Crescimento do Cura\u00e7ao International Airport: um modelo resiliente sob restri\u00e7\u00f5es estruturais","datePublished":"2026-03-18T15:44:56+00:00","dateModified":"2026-03-19T03:19:31+00:00","mainEntityOfPage":{"@id":"https:\/\/www.latitude-15.com\/pt-br\/crescimento-do-curacao-international-airport-um-modelo-resiliente-sob-restricoes-estruturais\/"},"wordCount":1049,"commentCount":0,"publisher":{"@id":"https:\/\/www.latitude-15.com\/pt-br\/#organization"},"image":{"@id":"https:\/\/www.latitude-15.com\/pt-br\/crescimento-do-curacao-international-airport-um-modelo-resiliente-sob-restricoes-estruturais\/#primaryimage"},"thumbnailUrl":"https:\/\/www.latitude-15.com\/wp-content\/uploads\/2026\/03\/481160657_957637369811121_511973155138236239_n.jpg","articleSection":["Aeroportos e infraestrutura","AVIA\u00c7\u00c3O"],"inLanguage":"pt-BR","potentialAction":[{"@type":"CommentAction","name":"Comment","target":["https:\/\/www.latitude-15.com\/pt-br\/crescimento-do-curacao-international-airport-um-modelo-resiliente-sob-restricoes-estruturais\/#respond"]}]},{"@type":"WebPage","@id":"https:\/\/www.latitude-15.com\/pt-br\/crescimento-do-curacao-international-airport-um-modelo-resiliente-sob-restricoes-estruturais\/","url":"https:\/\/www.latitude-15.com\/pt-br\/crescimento-do-curacao-international-airport-um-modelo-resiliente-sob-restricoes-estruturais\/","name":"Crescimento do Cura\u00e7ao International Airport: um modelo resiliente sob restri\u00e7\u00f5es estruturais - LATITUDE 15","isPartOf":{"@id":"https:\/\/www.latitude-15.com\/pt-br\/#website"},"primaryImageOfPage":{"@id":"https:\/\/www.latitude-15.com\/pt-br\/crescimento-do-curacao-international-airport-um-modelo-resiliente-sob-restricoes-estruturais\/#primaryimage"},"image":{"@id":"https:\/\/www.latitude-15.com\/pt-br\/crescimento-do-curacao-international-airport-um-modelo-resiliente-sob-restricoes-estruturais\/#primaryimage"},"thumbnailUrl":"https:\/\/www.latitude-15.com\/wp-content\/uploads\/2026\/03\/481160657_957637369811121_511973155138236239_n.jpg","datePublished":"2026-03-18T15:44:56+00:00","dateModified":"2026-03-19T03:19:31+00:00","description":"O Cura\u00e7ao International Airport alcan\u00e7ou 2,46 milh\u00f5es de passageiros em 2025, evidenciando como a diversifica\u00e7\u00e3o contribui para fortalecer a resili\u00eancia na avia\u00e7\u00e3o insular.","breadcrumb":{"@id":"https:\/\/www.latitude-15.com\/pt-br\/crescimento-do-curacao-international-airport-um-modelo-resiliente-sob-restricoes-estruturais\/#breadcrumb"},"inLanguage":"pt-BR","potentialAction":[{"@type":"ReadAction","target":["https:\/\/www.latitude-15.com\/pt-br\/crescimento-do-curacao-international-airport-um-modelo-resiliente-sob-restricoes-estruturais\/"]}]},{"@type":"ImageObject","inLanguage":"pt-BR","@id":"https:\/\/www.latitude-15.com\/pt-br\/crescimento-do-curacao-international-airport-um-modelo-resiliente-sob-restricoes-estruturais\/#primaryimage","url":"https:\/\/www.latitude-15.com\/wp-content\/uploads\/2026\/03\/481160657_957637369811121_511973155138236239_n.jpg","contentUrl":"https:\/\/www.latitude-15.com\/wp-content\/uploads\/2026\/03\/481160657_957637369811121_511973155138236239_n.jpg","width":1500,"height":660,"caption":"Cura\u00e7ao International Airport"},{"@type":"BreadcrumbList","@id":"https:\/\/www.latitude-15.com\/pt-br\/crescimento-do-curacao-international-airport-um-modelo-resiliente-sob-restricoes-estruturais\/#breadcrumb","itemListElement":[{"@type":"ListItem","position":1,"name":"Home","item":"https:\/\/www.latitude-15.com\/pt-br\/inicio\/"},{"@type":"ListItem","position":2,"name":"Crescimento do Cura\u00e7ao International Airport: um modelo resiliente sob restri\u00e7\u00f5es estruturais"}]},{"@type":"WebSite","@id":"https:\/\/www.latitude-15.com\/pt-br\/#website","url":"https:\/\/www.latitude-15.com\/pt-br\/","name":"LATITUDE 15","description":"Aviation and maritime Magazine - Caribbean &amp; Latin America","publisher":{"@id":"https:\/\/www.latitude-15.com\/pt-br\/#organization"},"potentialAction":[{"@type":"SearchAction","target":{"@type":"EntryPoint","urlTemplate":"https:\/\/www.latitude-15.com\/pt-br\/?s={search_term_string}"},"query-input":{"@type":"PropertyValueSpecification","valueRequired":true,"valueName":"search_term_string"}}],"inLanguage":"pt-BR"},{"@type":"Organization","@id":"https:\/\/www.latitude-15.com\/pt-br\/#organization","name":"LATITUDE 15","url":"https:\/\/www.latitude-15.com\/pt-br\/","logo":{"@type":"ImageObject","inLanguage":"pt-BR","@id":"https:\/\/www.latitude-15.com\/pt-br\/#\/schema\/logo\/image\/","url":"https:\/\/www.latitude-15.com\/wp-content\/uploads\/2026\/01\/cropped-logox500px.png","contentUrl":"https:\/\/www.latitude-15.com\/wp-content\/uploads\/2026\/01\/cropped-logox500px.png","width":62,"height":75,"caption":"LATITUDE 15"},"image":{"@id":"https:\/\/www.latitude-15.com\/pt-br\/#\/schema\/logo\/image\/"}},{"@type":"Person","@id":"https:\/\/www.latitude-15.com\/pt-br\/#\/schema\/person\/dac52e7ff44c78317f337da112e37252","name":"Joda J","image":{"@type":"ImageObject","inLanguage":"pt-BR","@id":"https:\/\/www.latitude-15.com\/pt-br\/#\/schema\/person\/image\/","url":"https:\/\/secure.gravatar.com\/avatar\/6b1feae555e15404b76616f92d931d12b25ac58024f14ccb43d9d3c012e4c4cf?s=96&d=mm&r=g","contentUrl":"https:\/\/secure.gravatar.com\/avatar\/6b1feae555e15404b76616f92d931d12b25ac58024f14ccb43d9d3c012e4c4cf?s=96&d=mm&r=g","caption":"Joda J"},"url":"https:\/\/www.latitude-15.com\/pt-br\/author\/joda\/"}]}},"_links":{"self":[{"href":"https:\/\/www.latitude-15.com\/pt-br\/wp-json\/wp\/v2\/posts\/21736","targetHints":{"allow":["GET"]}}],"collection":[{"href":"https:\/\/www.latitude-15.com\/pt-br\/wp-json\/wp\/v2\/posts"}],"about":[{"href":"https:\/\/www.latitude-15.com\/pt-br\/wp-json\/wp\/v2\/types\/post"}],"author":[{"embeddable":true,"href":"https:\/\/www.latitude-15.com\/pt-br\/wp-json\/wp\/v2\/users\/5"}],"replies":[{"embeddable":true,"href":"https:\/\/www.latitude-15.com\/pt-br\/wp-json\/wp\/v2\/comments?post=21736"}],"version-history":[{"count":1,"href":"https:\/\/www.latitude-15.com\/pt-br\/wp-json\/wp\/v2\/posts\/21736\/revisions"}],"predecessor-version":[{"id":21737,"href":"https:\/\/www.latitude-15.com\/pt-br\/wp-json\/wp\/v2\/posts\/21736\/revisions\/21737"}],"wp:featuredmedia":[{"embeddable":true,"href":"https:\/\/www.latitude-15.com\/pt-br\/wp-json\/wp\/v2\/media\/21735"}],"wp:attachment":[{"href":"https:\/\/www.latitude-15.com\/pt-br\/wp-json\/wp\/v2\/media?parent=21736"}],"wp:term":[{"taxonomy":"category","embeddable":true,"href":"https:\/\/www.latitude-15.com\/pt-br\/wp-json\/wp\/v2\/categories?post=21736"},{"taxonomy":"post_tag","embeddable":true,"href":"https:\/\/www.latitude-15.com\/pt-br\/wp-json\/wp\/v2\/tags?post=21736"}],"curies":[{"name":"wp","href":"https:\/\/api.w.org\/{rel}","templated":true}]}}