{"id":21711,"date":"2026-03-18T10:18:23","date_gmt":"2026-03-18T14:18:23","guid":{"rendered":"https:\/\/www.latitude-15.com\/o-transporte-aereo-vai-dobrar-ate-2050-mas-a-infraestrutura-definira-quem-se-beneficia\/"},"modified":"2026-03-18T11:30:45","modified_gmt":"2026-03-18T15:30:45","slug":"o-transporte-aereo-vai-dobrar-ate-2050-mas-a-infraestrutura-definira-quem-se-beneficia","status":"publish","type":"post","link":"https:\/\/www.latitude-15.com\/pt-br\/o-transporte-aereo-vai-dobrar-ate-2050-mas-a-infraestrutura-definira-quem-se-beneficia\/","title":{"rendered":"O transporte a\u00e9reo vai dobrar at\u00e9 2050 \u2014 mas a infraestrutura definir\u00e1 quem se beneficia"},"content":{"rendered":"\n<p>O transporte a\u00e9reo global est\u00e1 entrando em uma nova fase de expans\u00e3o. Segundo a International Air Transport Association (IATA), a demanda por passageiros deve mais que dobrar at\u00e9 2050, ultrapassando 20 trilh\u00f5es de RPKs (revenue passenger kilometers), contra cerca de 9 trilh\u00f5es em 2024. <\/p>\n\n<p>Essa perspectiva de longo prazo confirma um apetite forte e cont\u00ednuo por conectividade a\u00e9rea em escala global. No entanto, por tr\u00e1s dessa trajet\u00f3ria de crescimento surge uma quest\u00e3o estrat\u00e9gica central para o setor: n\u00e3o se a demanda vai crescer, mas quais regi\u00f5es conseguir\u00e3o captur\u00e1-la. <\/p>\n\n<h2 class=\"wp-block-heading\"><strong>O crescimento deixou de ser a principal restri\u00e7\u00e3o<\/strong><\/h2>\n\n<p>A ind\u00fastria da avia\u00e7\u00e3o est\u00e1 transitando de uma fase de crescimento acelerado para um modelo mais maduro e estruturalmente est\u00e1vel. A taxa m\u00e9dia anual de crescimento deve ficar em torno de 3,1% entre 2024 e 2050, um ritmo mais moderado em compara\u00e7\u00e3o com d\u00e9cadas anteriores, quando o crescimento superava 4% \u2014 e chegou a ultrapassar 6% em ciclos anteriores. <\/p>\n\n<p>Essa evolu\u00e7\u00e3o reflete a pr\u00f3pria escala atingida pelo setor. Os volumes absolutos de tr\u00e1fego continuam aumentando de forma significativa, mesmo com a estabiliza\u00e7\u00e3o das taxas percentuais. Os fundamentos da demanda permanecem s\u00f3lidos, impulsionados pela din\u00e2mica populacional global, pelo aumento da renda e pela necessidade cont\u00ednua de mobilidade.  <\/p>\n\n<p>Como destacou Willie Walsh, \u201cthe outlook for air travel is positive\u2026 the demand to fly is expected to more than double by mid-century.\u201d<\/p>\n\n<p>O desafio, portanto, deixou de ser a gera\u00e7\u00e3o de demanda. Passa a ser a capacidade de atender essa demanda. <\/p>\n\n<h2 class=\"wp-block-heading\"><strong>A infraestrutura torna-se a vari\u00e1vel decisiva<\/strong><\/h2>\n\n<p>As proje\u00e7\u00f5es de longo prazo da IATA evidenciam uma realidade cr\u00edtica: a demanda por transporte a\u00e9reo s\u00f3 se materializa onde a infraestrutura permite. Capacidade aeroportu\u00e1ria, frequ\u00eancia de voos, aloca\u00e7\u00e3o de frota e densidade de rede influenciam diretamente os resultados de tr\u00e1fego. <\/p>\n\n<p>Nesse contexto, a infraestrutura deixa de ser apenas um suporte operacional e passa a ser um ativo estrat\u00e9gico central. A capacidade de expandir terminais, otimizar o uso de pistas, aumentar a disponibilidade de slots e acomodar aeronaves de nova gera\u00e7\u00e3o determinar\u00e1 como cada regi\u00e3o transforma demanda em tr\u00e1fego \u2014 e tr\u00e1fego em valor econ\u00f4mico. <\/p>\n\n<p>A implica\u00e7\u00e3o \u00e9 clara: o crescimento n\u00e3o ser\u00e1 uniforme. Ele se concentrar\u00e1 nos mercados capazes de alinhar pol\u00edticas p\u00fablicas, investimentos e capacidade operacional. <\/p>\n\n<h2 class=\"wp-block-heading\"><strong>Uma mudan\u00e7a global em dire\u00e7\u00e3o aos mercados emergentes<\/strong><\/h2>\n\n<p>A geografia do crescimento da avia\u00e7\u00e3o tamb\u00e9m est\u00e1 passando por uma transforma\u00e7\u00e3o estrutural. As proje\u00e7\u00f5es da IATA apontam a \u00c1sia-Pac\u00edfico e a \u00c1frica como as regi\u00f5es de maior crescimento at\u00e9 2050, com taxas anuais pr\u00f3ximas de 4%. <\/p>\n\n<p>Ao mesmo tempo, mercados maduros como Europa e Am\u00e9rica do Norte devem crescer em um ritmo mais moderado. A Am\u00e9rica Latina ocupa uma posi\u00e7\u00e3o intermedi\u00e1ria, combinando potencial estrutural com limita\u00e7\u00f5es operacionais e de investimento. <\/p>\n\n<p>Al\u00e9m das din\u00e2micas regionais, os fluxos de tr\u00e1fego mais din\u00e2micos est\u00e3o cada vez mais concentrados em corredores Sul\u2013Sul. Mercados intra-africanos, conex\u00f5es \u00c1frica\u2013\u00c1sia e rotas \u00c1sia\u2013Oriente M\u00e9dio tendem a superar segmentos tradicionais, como o transatl\u00e2ntico e o intraeuropeu. <\/p>\n\n<p>Essa mudan\u00e7a reflete tend\u00eancias econ\u00f4micas profundas: crescimento demogr\u00e1fico, urbaniza\u00e7\u00e3o e expans\u00e3o das classes m\u00e9dias nos mercados emergentes. A avia\u00e7\u00e3o acompanha esses movimentos, refor\u00e7ando a conectividade onde o crescimento se acelera. <\/p>\n\n<h2 class=\"wp-block-heading\"><strong>Economias insulares em um ambiente orientado pela capacidade<\/strong><\/h2>\n\n<p>Dentro dessa transforma\u00e7\u00e3o global, as economias insulares e de pequeno porte ocupam uma posi\u00e7\u00e3o espec\u00edfica. Seus sistemas de avia\u00e7\u00e3o s\u00e3o estruturalmente internacionais, altamente dependentes de demanda externa e frequentemente limitados por restri\u00e7\u00f5es f\u00edsicas e operacionais. <\/p>\n\n<p>As possibilidades de expans\u00e3o aeroportu\u00e1ria s\u00e3o restritas por fatores como disponibilidade de terreno, exig\u00eancias ambientais e condi\u00e7\u00f5es de financiamento. As redes de rotas tendem a se concentrar em poucos mercados emissores, principalmente Am\u00e9rica do Norte e Europa. <\/p>\n\n<p>Em um ambiente em que a capacidade define o crescimento, essas caracter\u00edsticas influenciam diretamente o posicionamento competitivo. O potencial existe \u2014 sustentado pelo turismo e pela localiza\u00e7\u00e3o estrat\u00e9gica \u2014, mas depende da capacidade de atrair oferta a\u00e9rea, otimizar infraestrutura e fortalecer a resili\u00eancia da rede. <\/p>\n\n<p>Nesse contexto, a conectividade deixa de ser um resultado espont\u00e2neo e passa a ser um ativo gerenciado estrategicamente.<\/p>\n\n<h2 class=\"wp-block-heading\"><strong>A transi\u00e7\u00e3o energ\u00e9tica redefine a economia do crescimento<\/strong><\/h2>\n\n<p>O cen\u00e1rio de longo prazo tamb\u00e9m incorpora uma vari\u00e1vel estrutural importante: a transi\u00e7\u00e3o energ\u00e9tica. A ado\u00e7\u00e3o progressiva dos sustainable aviation fuels (SAF), que dever\u00e3o representar uma parcela relevante da matriz energ\u00e9tica da avia\u00e7\u00e3o at\u00e9 2050, introduz uma nova din\u00e2mica de custos no setor. <\/p>\n\n<p>O aumento dos custos de combust\u00edvel impacta diretamente o pre\u00e7o das passagens, a rentabilidade das rotas e as decis\u00f5es de investimento das companhias a\u00e9reas. As empresas tender\u00e3o a priorizar rotas que combinem forte demanda com efici\u00eancia operacional e estabilidade de receitas. <\/p>\n\n<p>Para economias insulares, onde o tr\u00e1fego \u00e9 majoritariamente tur\u00edstico e sens\u00edvel a pre\u00e7os, essa evolu\u00e7\u00e3o refor\u00e7a a import\u00e2ncia do posicionamento estrat\u00e9gico. Destinos que conseguirem alinhar desempenho operacional, efici\u00eancia de infraestrutura e atratividade de mercado estar\u00e3o mais bem posicionados nas estrat\u00e9gias de rede das companhias a\u00e9reas. <\/p>\n\n<h2 class=\"wp-block-heading\"><strong>Do crescimento do tr\u00e1fego ao posicionamento estrat\u00e9gico<\/strong><\/h2>\n\n<p>A trajet\u00f3ria de longo prazo da avia\u00e7\u00e3o global \u00e9 clara: a demanda continuar\u00e1 crescendo de forma significativa nas pr\u00f3ximas d\u00e9cadas. No entanto, a distribui\u00e7\u00e3o desse crescimento depender\u00e1 das decis\u00f5es estrat\u00e9gicas tomadas hoje. <\/p>\n\n<p>Aeroportos, reguladores e formuladores de pol\u00edticas p\u00fablicas j\u00e1 n\u00e3o operam em um ambiente puramente reativo. O planejamento de infraestrutura, o alinhamento regulat\u00f3rio e as estrat\u00e9gias de investimento passam a desempenhar um papel central na defini\u00e7\u00e3o da conectividade. <\/p>\n\n<p>Nesse contexto, a infraestrutura aeroportu\u00e1ria assume o papel de infraestrutura econ\u00f4mica essencial. Ela sustenta o turismo, viabiliza o com\u00e9rcio e refor\u00e7a a atratividade territorial. Para regi\u00f5es e economias insulares, a quest\u00e3o n\u00e3o \u00e9 mais se o crescimento ocorrer\u00e1, mas como ele ser\u00e1 capturado, estruturado e sustentado.  <\/p>\n\n<p>A pr\u00f3xima fase do desenvolvimento da avia\u00e7\u00e3o ser\u00e1, portanto, definida pela capacidade de execu\u00e7\u00e3o.<\/p>\n","protected":false},"excerpt":{"rendered":"<p>O transporte a\u00e9reo global est\u00e1 entrando em uma nova fase de expans\u00e3o. Segundo a International Air Transport Association (IATA), a demanda por passageiros deve mais que dobrar at\u00e9 2050, ultrapassando 20 trilh\u00f5es de RPKs (revenue passenger kilometers), contra cerca de 9 trilh\u00f5es em 2024. Essa perspectiva de longo prazo confirma um apetite forte e cont\u00ednuo [&hellip;]<\/p>\n","protected":false},"author":5,"featured_media":21705,"comment_status":"open","ping_status":"closed","sticky":false,"template":"","format":"standard","meta":{"footnotes":""},"categories":[104,98],"tags":[],"class_list":["post-21711","post","type-post","status-publish","format-standard","has-post-thumbnail","hentry","category-aeroportos-e-infraestrutura","category-aviacao"],"yoast_head":"<!-- This site is optimized with the Yoast SEO plugin v26.9 - https:\/\/yoast.com\/product\/yoast-seo-wordpress\/ -->\n<title>O transporte a\u00e9reo vai dobrar at\u00e9 2050 \u2014 mas a infraestrutura definir\u00e1 quem se beneficia - LATITUDE 15<\/title>\n<meta name=\"description\" content=\"A demanda global por viagens a\u00e9reas deve dobrar at\u00e9 2050. A capacidade de infraestrutura e o investimento aeroportu\u00e1rio determinar\u00e3o quais regi\u00f5es ser\u00e3o beneficiadas.\" \/>\n<meta name=\"robots\" content=\"index, follow, max-snippet:-1, max-image-preview:large, max-video-preview:-1\" \/>\n<link rel=\"canonical\" href=\"https:\/\/www.latitude-15.com\/pt-br\/o-transporte-aereo-vai-dobrar-ate-2050-mas-a-infraestrutura-definira-quem-se-beneficia\/\" \/>\n<meta property=\"og:locale\" content=\"pt_BR\" \/>\n<meta property=\"og:type\" content=\"article\" \/>\n<meta property=\"og:title\" content=\"O transporte a\u00e9reo vai dobrar at\u00e9 2050 \u2014 mas a infraestrutura definir\u00e1 quem se beneficia - LATITUDE 15\" \/>\n<meta property=\"og:description\" content=\"A demanda global por viagens a\u00e9reas deve dobrar at\u00e9 2050. A capacidade de infraestrutura e o investimento aeroportu\u00e1rio determinar\u00e3o quais regi\u00f5es ser\u00e3o beneficiadas.\" \/>\n<meta property=\"og:url\" content=\"https:\/\/www.latitude-15.com\/pt-br\/o-transporte-aereo-vai-dobrar-ate-2050-mas-a-infraestrutura-definira-quem-se-beneficia\/\" \/>\n<meta property=\"og:site_name\" content=\"LATITUDE 15\" \/>\n<meta property=\"article:published_time\" content=\"2026-03-18T14:18:23+00:00\" \/>\n<meta property=\"article:modified_time\" content=\"2026-03-18T15:30:45+00:00\" \/>\n<meta property=\"og:image\" content=\"https:\/\/www.latitude-15.com\/wp-content\/uploads\/2026\/03\/pexels-lucaspezeta-9215626.jpg\" \/>\n\t<meta property=\"og:image:width\" content=\"1279\" \/>\n\t<meta property=\"og:image:height\" content=\"853\" \/>\n\t<meta property=\"og:image:type\" content=\"image\/jpeg\" \/>\n<meta name=\"author\" content=\"Joda J\" \/>\n<meta name=\"twitter:card\" content=\"summary_large_image\" \/>\n<meta name=\"twitter:label1\" content=\"Escrito por\" \/>\n\t<meta name=\"twitter:data1\" content=\"Joda J\" \/>\n\t<meta name=\"twitter:label2\" content=\"Est. tempo de leitura\" \/>\n\t<meta name=\"twitter:data2\" content=\"5 minutos\" \/>\n<script type=\"application\/ld+json\" class=\"yoast-schema-graph\">{\"@context\":\"https:\/\/schema.org\",\"@graph\":[{\"@type\":\"Article\",\"@id\":\"https:\/\/www.latitude-15.com\/pt-br\/o-transporte-aereo-vai-dobrar-ate-2050-mas-a-infraestrutura-definira-quem-se-beneficia\/#article\",\"isPartOf\":{\"@id\":\"https:\/\/www.latitude-15.com\/pt-br\/o-transporte-aereo-vai-dobrar-ate-2050-mas-a-infraestrutura-definira-quem-se-beneficia\/\"},\"author\":{\"name\":\"Joda J\",\"@id\":\"https:\/\/www.latitude-15.com\/pt-br\/#\/schema\/person\/dac52e7ff44c78317f337da112e37252\"},\"headline\":\"O transporte a\u00e9reo vai dobrar at\u00e9 2050 \u2014 mas a infraestrutura definir\u00e1 quem se beneficia\",\"datePublished\":\"2026-03-18T14:18:23+00:00\",\"dateModified\":\"2026-03-18T15:30:45+00:00\",\"mainEntityOfPage\":{\"@id\":\"https:\/\/www.latitude-15.com\/pt-br\/o-transporte-aereo-vai-dobrar-ate-2050-mas-a-infraestrutura-definira-quem-se-beneficia\/\"},\"wordCount\":1079,\"commentCount\":0,\"publisher\":{\"@id\":\"https:\/\/www.latitude-15.com\/pt-br\/#organization\"},\"image\":{\"@id\":\"https:\/\/www.latitude-15.com\/pt-br\/o-transporte-aereo-vai-dobrar-ate-2050-mas-a-infraestrutura-definira-quem-se-beneficia\/#primaryimage\"},\"thumbnailUrl\":\"https:\/\/www.latitude-15.com\/wp-content\/uploads\/2026\/03\/pexels-lucaspezeta-9215626.jpg\",\"articleSection\":[\"Aeroportos e infraestrutura\",\"AVIA\u00c7\u00c3O\"],\"inLanguage\":\"pt-BR\",\"potentialAction\":[{\"@type\":\"CommentAction\",\"name\":\"Comment\",\"target\":[\"https:\/\/www.latitude-15.com\/pt-br\/o-transporte-aereo-vai-dobrar-ate-2050-mas-a-infraestrutura-definira-quem-se-beneficia\/#respond\"]}]},{\"@type\":\"WebPage\",\"@id\":\"https:\/\/www.latitude-15.com\/pt-br\/o-transporte-aereo-vai-dobrar-ate-2050-mas-a-infraestrutura-definira-quem-se-beneficia\/\",\"url\":\"https:\/\/www.latitude-15.com\/pt-br\/o-transporte-aereo-vai-dobrar-ate-2050-mas-a-infraestrutura-definira-quem-se-beneficia\/\",\"name\":\"O transporte a\u00e9reo vai dobrar at\u00e9 2050 \u2014 mas a infraestrutura definir\u00e1 quem se beneficia - LATITUDE 15\",\"isPartOf\":{\"@id\":\"https:\/\/www.latitude-15.com\/pt-br\/#website\"},\"primaryImageOfPage\":{\"@id\":\"https:\/\/www.latitude-15.com\/pt-br\/o-transporte-aereo-vai-dobrar-ate-2050-mas-a-infraestrutura-definira-quem-se-beneficia\/#primaryimage\"},\"image\":{\"@id\":\"https:\/\/www.latitude-15.com\/pt-br\/o-transporte-aereo-vai-dobrar-ate-2050-mas-a-infraestrutura-definira-quem-se-beneficia\/#primaryimage\"},\"thumbnailUrl\":\"https:\/\/www.latitude-15.com\/wp-content\/uploads\/2026\/03\/pexels-lucaspezeta-9215626.jpg\",\"datePublished\":\"2026-03-18T14:18:23+00:00\",\"dateModified\":\"2026-03-18T15:30:45+00:00\",\"description\":\"A demanda global por viagens a\u00e9reas deve dobrar at\u00e9 2050. A capacidade de infraestrutura e o investimento aeroportu\u00e1rio determinar\u00e3o quais regi\u00f5es ser\u00e3o beneficiadas.\",\"breadcrumb\":{\"@id\":\"https:\/\/www.latitude-15.com\/pt-br\/o-transporte-aereo-vai-dobrar-ate-2050-mas-a-infraestrutura-definira-quem-se-beneficia\/#breadcrumb\"},\"inLanguage\":\"pt-BR\",\"potentialAction\":[{\"@type\":\"ReadAction\",\"target\":[\"https:\/\/www.latitude-15.com\/pt-br\/o-transporte-aereo-vai-dobrar-ate-2050-mas-a-infraestrutura-definira-quem-se-beneficia\/\"]}]},{\"@type\":\"ImageObject\",\"inLanguage\":\"pt-BR\",\"@id\":\"https:\/\/www.latitude-15.com\/pt-br\/o-transporte-aereo-vai-dobrar-ate-2050-mas-a-infraestrutura-definira-quem-se-beneficia\/#primaryimage\",\"url\":\"https:\/\/www.latitude-15.com\/wp-content\/uploads\/2026\/03\/pexels-lucaspezeta-9215626.jpg\",\"contentUrl\":\"https:\/\/www.latitude-15.com\/wp-content\/uploads\/2026\/03\/pexels-lucaspezeta-9215626.jpg\",\"width\":1279,\"height\":853},{\"@type\":\"BreadcrumbList\",\"@id\":\"https:\/\/www.latitude-15.com\/pt-br\/o-transporte-aereo-vai-dobrar-ate-2050-mas-a-infraestrutura-definira-quem-se-beneficia\/#breadcrumb\",\"itemListElement\":[{\"@type\":\"ListItem\",\"position\":1,\"name\":\"Home\",\"item\":\"https:\/\/www.latitude-15.com\/pt-br\/inicio\/\"},{\"@type\":\"ListItem\",\"position\":2,\"name\":\"O transporte a\u00e9reo vai dobrar at\u00e9 2050 \u2014 mas a infraestrutura definir\u00e1 quem se beneficia\"}]},{\"@type\":\"WebSite\",\"@id\":\"https:\/\/www.latitude-15.com\/pt-br\/#website\",\"url\":\"https:\/\/www.latitude-15.com\/pt-br\/\",\"name\":\"LATITUDE 15\",\"description\":\"Aviation and maritime Magazine - Caribbean &amp; Latin America\",\"publisher\":{\"@id\":\"https:\/\/www.latitude-15.com\/pt-br\/#organization\"},\"potentialAction\":[{\"@type\":\"SearchAction\",\"target\":{\"@type\":\"EntryPoint\",\"urlTemplate\":\"https:\/\/www.latitude-15.com\/pt-br\/?s={search_term_string}\"},\"query-input\":{\"@type\":\"PropertyValueSpecification\",\"valueRequired\":true,\"valueName\":\"search_term_string\"}}],\"inLanguage\":\"pt-BR\"},{\"@type\":\"Organization\",\"@id\":\"https:\/\/www.latitude-15.com\/pt-br\/#organization\",\"name\":\"LATITUDE 15\",\"url\":\"https:\/\/www.latitude-15.com\/pt-br\/\",\"logo\":{\"@type\":\"ImageObject\",\"inLanguage\":\"pt-BR\",\"@id\":\"https:\/\/www.latitude-15.com\/pt-br\/#\/schema\/logo\/image\/\",\"url\":\"https:\/\/www.latitude-15.com\/wp-content\/uploads\/2026\/01\/cropped-logox500px.png\",\"contentUrl\":\"https:\/\/www.latitude-15.com\/wp-content\/uploads\/2026\/01\/cropped-logox500px.png\",\"width\":62,\"height\":75,\"caption\":\"LATITUDE 15\"},\"image\":{\"@id\":\"https:\/\/www.latitude-15.com\/pt-br\/#\/schema\/logo\/image\/\"}},{\"@type\":\"Person\",\"@id\":\"https:\/\/www.latitude-15.com\/pt-br\/#\/schema\/person\/dac52e7ff44c78317f337da112e37252\",\"name\":\"Joda J\",\"image\":{\"@type\":\"ImageObject\",\"inLanguage\":\"pt-BR\",\"@id\":\"https:\/\/www.latitude-15.com\/pt-br\/#\/schema\/person\/image\/\",\"url\":\"https:\/\/secure.gravatar.com\/avatar\/6b1feae555e15404b76616f92d931d12b25ac58024f14ccb43d9d3c012e4c4cf?s=96&d=mm&r=g\",\"contentUrl\":\"https:\/\/secure.gravatar.com\/avatar\/6b1feae555e15404b76616f92d931d12b25ac58024f14ccb43d9d3c012e4c4cf?s=96&d=mm&r=g\",\"caption\":\"Joda J\"},\"url\":\"https:\/\/www.latitude-15.com\/pt-br\/author\/joda\/\"}]}<\/script>\n<!-- \/ Yoast SEO plugin. -->","yoast_head_json":{"title":"O transporte a\u00e9reo vai dobrar at\u00e9 2050 \u2014 mas a infraestrutura definir\u00e1 quem se beneficia - LATITUDE 15","description":"A demanda global por viagens a\u00e9reas deve dobrar at\u00e9 2050. A capacidade de infraestrutura e o investimento aeroportu\u00e1rio determinar\u00e3o quais regi\u00f5es ser\u00e3o beneficiadas.","robots":{"index":"index","follow":"follow","max-snippet":"max-snippet:-1","max-image-preview":"max-image-preview:large","max-video-preview":"max-video-preview:-1"},"canonical":"https:\/\/www.latitude-15.com\/pt-br\/o-transporte-aereo-vai-dobrar-ate-2050-mas-a-infraestrutura-definira-quem-se-beneficia\/","og_locale":"pt_BR","og_type":"article","og_title":"O transporte a\u00e9reo vai dobrar at\u00e9 2050 \u2014 mas a infraestrutura definir\u00e1 quem se beneficia - LATITUDE 15","og_description":"A demanda global por viagens a\u00e9reas deve dobrar at\u00e9 2050. A capacidade de infraestrutura e o investimento aeroportu\u00e1rio determinar\u00e3o quais regi\u00f5es ser\u00e3o beneficiadas.","og_url":"https:\/\/www.latitude-15.com\/pt-br\/o-transporte-aereo-vai-dobrar-ate-2050-mas-a-infraestrutura-definira-quem-se-beneficia\/","og_site_name":"LATITUDE 15","article_published_time":"2026-03-18T14:18:23+00:00","article_modified_time":"2026-03-18T15:30:45+00:00","og_image":[{"width":1279,"height":853,"url":"https:\/\/www.latitude-15.com\/wp-content\/uploads\/2026\/03\/pexels-lucaspezeta-9215626.jpg","type":"image\/jpeg"}],"author":"Joda J","twitter_card":"summary_large_image","twitter_misc":{"Escrito por":"Joda J","Est. tempo de leitura":"5 minutos"},"schema":{"@context":"https:\/\/schema.org","@graph":[{"@type":"Article","@id":"https:\/\/www.latitude-15.com\/pt-br\/o-transporte-aereo-vai-dobrar-ate-2050-mas-a-infraestrutura-definira-quem-se-beneficia\/#article","isPartOf":{"@id":"https:\/\/www.latitude-15.com\/pt-br\/o-transporte-aereo-vai-dobrar-ate-2050-mas-a-infraestrutura-definira-quem-se-beneficia\/"},"author":{"name":"Joda J","@id":"https:\/\/www.latitude-15.com\/pt-br\/#\/schema\/person\/dac52e7ff44c78317f337da112e37252"},"headline":"O transporte a\u00e9reo vai dobrar at\u00e9 2050 \u2014 mas a infraestrutura definir\u00e1 quem se beneficia","datePublished":"2026-03-18T14:18:23+00:00","dateModified":"2026-03-18T15:30:45+00:00","mainEntityOfPage":{"@id":"https:\/\/www.latitude-15.com\/pt-br\/o-transporte-aereo-vai-dobrar-ate-2050-mas-a-infraestrutura-definira-quem-se-beneficia\/"},"wordCount":1079,"commentCount":0,"publisher":{"@id":"https:\/\/www.latitude-15.com\/pt-br\/#organization"},"image":{"@id":"https:\/\/www.latitude-15.com\/pt-br\/o-transporte-aereo-vai-dobrar-ate-2050-mas-a-infraestrutura-definira-quem-se-beneficia\/#primaryimage"},"thumbnailUrl":"https:\/\/www.latitude-15.com\/wp-content\/uploads\/2026\/03\/pexels-lucaspezeta-9215626.jpg","articleSection":["Aeroportos e infraestrutura","AVIA\u00c7\u00c3O"],"inLanguage":"pt-BR","potentialAction":[{"@type":"CommentAction","name":"Comment","target":["https:\/\/www.latitude-15.com\/pt-br\/o-transporte-aereo-vai-dobrar-ate-2050-mas-a-infraestrutura-definira-quem-se-beneficia\/#respond"]}]},{"@type":"WebPage","@id":"https:\/\/www.latitude-15.com\/pt-br\/o-transporte-aereo-vai-dobrar-ate-2050-mas-a-infraestrutura-definira-quem-se-beneficia\/","url":"https:\/\/www.latitude-15.com\/pt-br\/o-transporte-aereo-vai-dobrar-ate-2050-mas-a-infraestrutura-definira-quem-se-beneficia\/","name":"O transporte a\u00e9reo vai dobrar at\u00e9 2050 \u2014 mas a infraestrutura definir\u00e1 quem se beneficia - LATITUDE 15","isPartOf":{"@id":"https:\/\/www.latitude-15.com\/pt-br\/#website"},"primaryImageOfPage":{"@id":"https:\/\/www.latitude-15.com\/pt-br\/o-transporte-aereo-vai-dobrar-ate-2050-mas-a-infraestrutura-definira-quem-se-beneficia\/#primaryimage"},"image":{"@id":"https:\/\/www.latitude-15.com\/pt-br\/o-transporte-aereo-vai-dobrar-ate-2050-mas-a-infraestrutura-definira-quem-se-beneficia\/#primaryimage"},"thumbnailUrl":"https:\/\/www.latitude-15.com\/wp-content\/uploads\/2026\/03\/pexels-lucaspezeta-9215626.jpg","datePublished":"2026-03-18T14:18:23+00:00","dateModified":"2026-03-18T15:30:45+00:00","description":"A demanda global por viagens a\u00e9reas deve dobrar at\u00e9 2050. A capacidade de infraestrutura e o investimento aeroportu\u00e1rio determinar\u00e3o quais regi\u00f5es ser\u00e3o beneficiadas.","breadcrumb":{"@id":"https:\/\/www.latitude-15.com\/pt-br\/o-transporte-aereo-vai-dobrar-ate-2050-mas-a-infraestrutura-definira-quem-se-beneficia\/#breadcrumb"},"inLanguage":"pt-BR","potentialAction":[{"@type":"ReadAction","target":["https:\/\/www.latitude-15.com\/pt-br\/o-transporte-aereo-vai-dobrar-ate-2050-mas-a-infraestrutura-definira-quem-se-beneficia\/"]}]},{"@type":"ImageObject","inLanguage":"pt-BR","@id":"https:\/\/www.latitude-15.com\/pt-br\/o-transporte-aereo-vai-dobrar-ate-2050-mas-a-infraestrutura-definira-quem-se-beneficia\/#primaryimage","url":"https:\/\/www.latitude-15.com\/wp-content\/uploads\/2026\/03\/pexels-lucaspezeta-9215626.jpg","contentUrl":"https:\/\/www.latitude-15.com\/wp-content\/uploads\/2026\/03\/pexels-lucaspezeta-9215626.jpg","width":1279,"height":853},{"@type":"BreadcrumbList","@id":"https:\/\/www.latitude-15.com\/pt-br\/o-transporte-aereo-vai-dobrar-ate-2050-mas-a-infraestrutura-definira-quem-se-beneficia\/#breadcrumb","itemListElement":[{"@type":"ListItem","position":1,"name":"Home","item":"https:\/\/www.latitude-15.com\/pt-br\/inicio\/"},{"@type":"ListItem","position":2,"name":"O transporte a\u00e9reo vai dobrar at\u00e9 2050 \u2014 mas a infraestrutura definir\u00e1 quem se beneficia"}]},{"@type":"WebSite","@id":"https:\/\/www.latitude-15.com\/pt-br\/#website","url":"https:\/\/www.latitude-15.com\/pt-br\/","name":"LATITUDE 15","description":"Aviation and maritime Magazine - Caribbean &amp; Latin America","publisher":{"@id":"https:\/\/www.latitude-15.com\/pt-br\/#organization"},"potentialAction":[{"@type":"SearchAction","target":{"@type":"EntryPoint","urlTemplate":"https:\/\/www.latitude-15.com\/pt-br\/?s={search_term_string}"},"query-input":{"@type":"PropertyValueSpecification","valueRequired":true,"valueName":"search_term_string"}}],"inLanguage":"pt-BR"},{"@type":"Organization","@id":"https:\/\/www.latitude-15.com\/pt-br\/#organization","name":"LATITUDE 15","url":"https:\/\/www.latitude-15.com\/pt-br\/","logo":{"@type":"ImageObject","inLanguage":"pt-BR","@id":"https:\/\/www.latitude-15.com\/pt-br\/#\/schema\/logo\/image\/","url":"https:\/\/www.latitude-15.com\/wp-content\/uploads\/2026\/01\/cropped-logox500px.png","contentUrl":"https:\/\/www.latitude-15.com\/wp-content\/uploads\/2026\/01\/cropped-logox500px.png","width":62,"height":75,"caption":"LATITUDE 15"},"image":{"@id":"https:\/\/www.latitude-15.com\/pt-br\/#\/schema\/logo\/image\/"}},{"@type":"Person","@id":"https:\/\/www.latitude-15.com\/pt-br\/#\/schema\/person\/dac52e7ff44c78317f337da112e37252","name":"Joda J","image":{"@type":"ImageObject","inLanguage":"pt-BR","@id":"https:\/\/www.latitude-15.com\/pt-br\/#\/schema\/person\/image\/","url":"https:\/\/secure.gravatar.com\/avatar\/6b1feae555e15404b76616f92d931d12b25ac58024f14ccb43d9d3c012e4c4cf?s=96&d=mm&r=g","contentUrl":"https:\/\/secure.gravatar.com\/avatar\/6b1feae555e15404b76616f92d931d12b25ac58024f14ccb43d9d3c012e4c4cf?s=96&d=mm&r=g","caption":"Joda J"},"url":"https:\/\/www.latitude-15.com\/pt-br\/author\/joda\/"}]}},"_links":{"self":[{"href":"https:\/\/www.latitude-15.com\/pt-br\/wp-json\/wp\/v2\/posts\/21711","targetHints":{"allow":["GET"]}}],"collection":[{"href":"https:\/\/www.latitude-15.com\/pt-br\/wp-json\/wp\/v2\/posts"}],"about":[{"href":"https:\/\/www.latitude-15.com\/pt-br\/wp-json\/wp\/v2\/types\/post"}],"author":[{"embeddable":true,"href":"https:\/\/www.latitude-15.com\/pt-br\/wp-json\/wp\/v2\/users\/5"}],"replies":[{"embeddable":true,"href":"https:\/\/www.latitude-15.com\/pt-br\/wp-json\/wp\/v2\/comments?post=21711"}],"version-history":[{"count":1,"href":"https:\/\/www.latitude-15.com\/pt-br\/wp-json\/wp\/v2\/posts\/21711\/revisions"}],"predecessor-version":[{"id":21712,"href":"https:\/\/www.latitude-15.com\/pt-br\/wp-json\/wp\/v2\/posts\/21711\/revisions\/21712"}],"wp:featuredmedia":[{"embeddable":true,"href":"https:\/\/www.latitude-15.com\/pt-br\/wp-json\/wp\/v2\/media\/21705"}],"wp:attachment":[{"href":"https:\/\/www.latitude-15.com\/pt-br\/wp-json\/wp\/v2\/media?parent=21711"}],"wp:term":[{"taxonomy":"category","embeddable":true,"href":"https:\/\/www.latitude-15.com\/pt-br\/wp-json\/wp\/v2\/categories?post=21711"},{"taxonomy":"post_tag","embeddable":true,"href":"https:\/\/www.latitude-15.com\/pt-br\/wp-json\/wp\/v2\/tags?post=21711"}],"curies":[{"name":"wp","href":"https:\/\/api.w.org\/{rel}","templated":true}]}}