{"id":21665,"date":"2026-03-17T12:35:29","date_gmt":"2026-03-17T16:35:29","guid":{"rendered":"https:\/\/www.latitude-15.com\/a-modernizacao-da-pista-de-bequia-reflete-a-crescente-importancia-das-infraestruturas-aeroportuarias-secundarias-no-caribe\/"},"modified":"2026-03-18T00:10:48","modified_gmt":"2026-03-18T04:10:48","slug":"a-modernizacao-da-pista-de-bequia-reflete-a-crescente-importancia-das-infraestruturas-aeroportuarias-secundarias-no-caribe","status":"publish","type":"post","link":"https:\/\/www.latitude-15.com\/pt-br\/a-modernizacao-da-pista-de-bequia-reflete-a-crescente-importancia-das-infraestruturas-aeroportuarias-secundarias-no-caribe\/","title":{"rendered":"A moderniza\u00e7\u00e3o da pista de Bequia reflete a crescente import\u00e2ncia das infraestruturas aeroportu\u00e1rias secund\u00e1rias no Caribe<br>"},"content":{"rendered":"\n<p>No Caribe, a conectividade a\u00e9rea continua sendo um desafio estrutural fortemente condicionado pela geografia. Embora os grandes hubs concentrem a maior parte dos investimentos e da aten\u00e7\u00e3o do setor, uma parcela essencial da rede opera em outra escala \u2014 por meio de aeroportos secund\u00e1rios. A recente moderniza\u00e7\u00e3o da pista do aeroporto J.F. Mitchell, em Bequia, ilustra claramente como essas infraestruturas menores sustentam, de forma discreta, a conectividade regional.  <\/p>\n\n<h2 class=\"wp-block-heading\">Bequia: um aeroporto local com impacto regional<\/h2>\n\n<p>Em 10 de mar\u00e7o de 2026, o governo de Saint Vincent and the Grenadines anunciou a conclus\u00e3o das obras de moderniza\u00e7\u00e3o da pista do aeroporto J.F. Mitchell, localizado na ilha de Bequia. O aeroporto permaneceu fechado por 11 dias em fevereiro para permitir a realiza\u00e7\u00e3o de manuten\u00e7\u00e3o rotineira e reparos t\u00e9cnicos espec\u00edficos. <\/p>\n\n<p>\u00c0 primeira vista, o projeto pode parecer de alcance limitado \u2014 sem expans\u00e3o ou grandes transforma\u00e7\u00f5es estruturais. No entanto, para Bequia, esse aeroporto desempenha um papel fundamental. Ele viabiliza a mobilidade entre ilhas, facilita os fluxos tur\u00edsticos e contribui diretamente para a atividade econ\u00f4mica local.  <\/p>\n\n<p>O primeiro-ministro, Dr. Godwin Friday, destacou a import\u00e2ncia da iniciativa ao afirmar:<\/p>\n\n<blockquote class=\"wp-block-quote is-layout-flow wp-block-quote-is-layout-flow\">\n<p>\u201cI am delighted that we have been able to deliver much-needed upgrades to the J.F. Mitchell Airport and the people of Bequia.\u201d<\/p>\n<\/blockquote>\n\n<p>Para al\u00e9m da declara\u00e7\u00e3o, a realidade operacional \u00e9 clara: a confiabilidade da infraestrutura \u00e9 essencial para garantir a continuidade da conectividade em ambientes insulares.<\/p>\n\n<h2 class=\"wp-block-heading\">Uma rede regional estruturalmente fragmentada<\/h2>\n\n<p>A geografia caribenha fragmenta naturalmente os sistemas de transporte. Com ilhas dispersas por grandes dist\u00e2ncias e poucas alternativas ao transporte a\u00e9reo, a avia\u00e7\u00e3o permanece como a espinha dorsal da mobilidade regional \u2014 inclusive para rotas de curta dist\u00e2ncia. <\/p>\n\n<p>Nesse contexto, os aeroportos secund\u00e1rios v\u00e3o muito al\u00e9m de simples infraestruturas locais. Eles funcionam como n\u00f3s cr\u00edticos dentro de uma rede dispersa, permitindo tanto conex\u00f5es inter-ilhas quanto o acesso a grandes hubs regionais e internacionais. <\/p>\n\n<p>Sem esses aeroportos, alguns territ\u00f3rios correm o risco de isolamento parcial. A conectividade a\u00e9rea no Caribe n\u00e3o depende apenas dos grandes hubs \u2014 ela se sustenta em uma rede densa de pontos de acesso menores que garantem a continuidade territorial. <\/p>\n\n<h2 class=\"wp-block-heading\">Um sistema em dois n\u00edveis: hubs e infraestruturas secund\u00e1rias<\/h2>\n\n<p>A moderniza\u00e7\u00e3o da pista de Bequia integra uma estrat\u00e9gia nacional mais ampla. Paralelamente, j\u00e1 foram aprovadas obras de expans\u00e3o e requalifica\u00e7\u00e3o no Argyle International Airport, principal porta de entrada do pa\u00eds. <\/p>\n\n<p>Esse modelo reflete um sistema em dois n\u00edveis:<\/p>\n\n<ul class=\"wp-block-list\">\n<li>grandes hubs respons\u00e1veis pelo tr\u00e1fego internacional e pelas conex\u00f5es de longo curso;<\/li>\n\n\n\n<li>aeroportos secund\u00e1rios garantindo a distribui\u00e7\u00e3o local e a cobertura territorial.<\/li>\n<\/ul>\n\n<p>A rela\u00e7\u00e3o entre esses dois n\u00edveis n\u00e3o \u00e9 opcional \u2014 \u00e9 estrutural. Sem infraestruturas secund\u00e1rias eficientes, o alcance e a efic\u00e1cia dos hubs principais ficam comprometidos. <\/p>\n\n<h2 class=\"wp-block-heading\">Projetos de pequena escala, impacto estrat\u00e9gico elevado<\/h2>\n\n<p>Com apenas 11 dias de interrup\u00e7\u00e3o e interven\u00e7\u00f5es limitadas \u00e0 manuten\u00e7\u00e3o e ajustes t\u00e9cnicos, o projeto de Bequia evidencia uma realidade mais ampla: nem todos os investimentos estrat\u00e9gicos precisam ser de grande escala ou alta visibilidade.<\/p>\n\n<p>Essas interven\u00e7\u00f5es frequentemente passam despercebidas. Ainda assim, produzem efeitos imediatos sobre a seguran\u00e7a operacional, a confiabilidade dos servi\u00e7os e a resili\u00eancia da rede. <\/p>\n\n<p>Em contextos insulares, onde cada ponto de conex\u00e3o \u00e9 crucial, as infraestruturas consideradas \u201csecund\u00e1rias\u201d tornam-se, na pr\u00e1tica, elementos estrat\u00e9gicos. Elas influenciam diretamente a acessibilidade, o desenvolvimento tur\u00edstico e a din\u00e2mica econ\u00f4mica local. <\/p>\n\n<h2 class=\"wp-block-heading\">Conectividade constru\u00edda a partir da base<\/h2>\n\n<p>Para al\u00e9m de Bequia, o governo sinalizou a inten\u00e7\u00e3o de continuar investindo em infraestrutura, com novos projetos previstos para os pr\u00f3ximos anos.<\/p>\n\n<p>O desafio n\u00e3o se limita \u00e0 moderniza\u00e7\u00e3o de ativos individuais, mas \u00e0 consolida\u00e7\u00e3o de um sistema interconectado em que cada componente desempenha um papel espec\u00edfico.<\/p>\n\n<p>No Caribe, a conectividade n\u00e3o \u00e9 definida apenas pelos grandes aeroportos. Ela \u00e9 constru\u00edda \u2014 e mantida \u2014 por uma rede de infraestruturas menores que garantem a continuidade territorial e a integra\u00e7\u00e3o econ\u00f4mica. <\/p>\n","protected":false},"excerpt":{"rendered":"<p>No Caribe, a conectividade a\u00e9rea continua sendo um desafio estrutural fortemente condicionado pela geografia. Embora os grandes hubs concentrem a maior parte dos investimentos e da aten\u00e7\u00e3o do setor, uma parcela essencial da rede opera em outra escala \u2014 por meio de aeroportos secund\u00e1rios. A recente moderniza\u00e7\u00e3o da pista do aeroporto J.F. Mitchell, em Bequia, [&hellip;]<\/p>\n","protected":false},"author":5,"featured_media":21664,"comment_status":"open","ping_status":"closed","sticky":false,"template":"","format":"standard","meta":{"footnotes":""},"categories":[98,101],"tags":[],"class_list":["post-21665","post","type-post","status-publish","format-standard","has-post-thumbnail","hentry","category-aviacao","category-conectividade-aerea-e-atratividade-territorial"],"yoast_head":"<!-- This site is optimized with the Yoast SEO plugin v26.9 - https:\/\/yoast.com\/product\/yoast-seo-wordpress\/ -->\n<title>A moderniza\u00e7\u00e3o da pista de Bequia reflete a crescente import\u00e2ncia das infraestruturas aeroportu\u00e1rias secund\u00e1rias no Caribe - LATITUDE 15<\/title>\n<meta name=\"description\" content=\"As melhorias na pista do Aeroporto de Bequia destacam o papel estrat\u00e9gico dos aeroportos secund\u00e1rios no fortalecimento da conectividade entre as ilhas.\" \/>\n<meta name=\"robots\" content=\"index, follow, max-snippet:-1, max-image-preview:large, max-video-preview:-1\" \/>\n<link rel=\"canonical\" href=\"https:\/\/www.latitude-15.com\/pt-br\/a-modernizacao-da-pista-de-bequia-reflete-a-crescente-importancia-das-infraestruturas-aeroportuarias-secundarias-no-caribe\/\" \/>\n<meta property=\"og:locale\" content=\"pt_BR\" \/>\n<meta property=\"og:type\" content=\"article\" \/>\n<meta property=\"og:title\" content=\"A moderniza\u00e7\u00e3o da pista de Bequia reflete a crescente import\u00e2ncia das infraestruturas aeroportu\u00e1rias secund\u00e1rias no Caribe - LATITUDE 15\" \/>\n<meta property=\"og:description\" content=\"As melhorias na pista do Aeroporto de Bequia destacam o papel estrat\u00e9gico dos aeroportos secund\u00e1rios no fortalecimento da conectividade entre as ilhas.\" \/>\n<meta property=\"og:url\" content=\"https:\/\/www.latitude-15.com\/pt-br\/a-modernizacao-da-pista-de-bequia-reflete-a-crescente-importancia-das-infraestruturas-aeroportuarias-secundarias-no-caribe\/\" \/>\n<meta property=\"og:site_name\" content=\"LATITUDE 15\" \/>\n<meta property=\"article:published_time\" content=\"2026-03-17T16:35:29+00:00\" \/>\n<meta property=\"article:modified_time\" content=\"2026-03-18T04:10:48+00:00\" \/>\n<meta property=\"og:image\" content=\"https:\/\/www.latitude-15.com\/wp-content\/uploads\/2026\/03\/img67801982-1-1024x683.png\" \/>\n\t<meta property=\"og:image:width\" content=\"1024\" \/>\n\t<meta property=\"og:image:height\" content=\"683\" \/>\n\t<meta property=\"og:image:type\" content=\"image\/png\" \/>\n<meta name=\"author\" content=\"Joda J\" \/>\n<meta name=\"twitter:card\" content=\"summary_large_image\" \/>\n<meta name=\"twitter:label1\" content=\"Escrito por\" \/>\n\t<meta name=\"twitter:data1\" content=\"Joda J\" \/>\n\t<meta name=\"twitter:label2\" content=\"Est. tempo de leitura\" \/>\n\t<meta name=\"twitter:data2\" content=\"3 minutos\" \/>\n<script type=\"application\/ld+json\" class=\"yoast-schema-graph\">{\"@context\":\"https:\/\/schema.org\",\"@graph\":[{\"@type\":\"Article\",\"@id\":\"https:\/\/www.latitude-15.com\/pt-br\/a-modernizacao-da-pista-de-bequia-reflete-a-crescente-importancia-das-infraestruturas-aeroportuarias-secundarias-no-caribe\/#article\",\"isPartOf\":{\"@id\":\"https:\/\/www.latitude-15.com\/pt-br\/a-modernizacao-da-pista-de-bequia-reflete-a-crescente-importancia-das-infraestruturas-aeroportuarias-secundarias-no-caribe\/\"},\"author\":{\"name\":\"Joda J\",\"@id\":\"https:\/\/www.latitude-15.com\/pt-br\/#\/schema\/person\/dac52e7ff44c78317f337da112e37252\"},\"headline\":\"A moderniza\u00e7\u00e3o da pista de Bequia reflete a crescente import\u00e2ncia das infraestruturas aeroportu\u00e1rias secund\u00e1rias no Caribe\",\"datePublished\":\"2026-03-17T16:35:29+00:00\",\"dateModified\":\"2026-03-18T04:10:48+00:00\",\"mainEntityOfPage\":{\"@id\":\"https:\/\/www.latitude-15.com\/pt-br\/a-modernizacao-da-pista-de-bequia-reflete-a-crescente-importancia-das-infraestruturas-aeroportuarias-secundarias-no-caribe\/\"},\"wordCount\":707,\"commentCount\":0,\"publisher\":{\"@id\":\"https:\/\/www.latitude-15.com\/pt-br\/#organization\"},\"image\":{\"@id\":\"https:\/\/www.latitude-15.com\/pt-br\/a-modernizacao-da-pista-de-bequia-reflete-a-crescente-importancia-das-infraestruturas-aeroportuarias-secundarias-no-caribe\/#primaryimage\"},\"thumbnailUrl\":\"https:\/\/www.latitude-15.com\/wp-content\/uploads\/2026\/03\/img67801982-1.png\",\"articleSection\":[\"AVIA\u00c7\u00c3O\",\"Conectividade a\u00e9rea e Atratividade territorial\"],\"inLanguage\":\"pt-BR\",\"potentialAction\":[{\"@type\":\"CommentAction\",\"name\":\"Comment\",\"target\":[\"https:\/\/www.latitude-15.com\/pt-br\/a-modernizacao-da-pista-de-bequia-reflete-a-crescente-importancia-das-infraestruturas-aeroportuarias-secundarias-no-caribe\/#respond\"]}]},{\"@type\":\"WebPage\",\"@id\":\"https:\/\/www.latitude-15.com\/pt-br\/a-modernizacao-da-pista-de-bequia-reflete-a-crescente-importancia-das-infraestruturas-aeroportuarias-secundarias-no-caribe\/\",\"url\":\"https:\/\/www.latitude-15.com\/pt-br\/a-modernizacao-da-pista-de-bequia-reflete-a-crescente-importancia-das-infraestruturas-aeroportuarias-secundarias-no-caribe\/\",\"name\":\"A moderniza\u00e7\u00e3o da pista de Bequia reflete a crescente import\u00e2ncia das infraestruturas aeroportu\u00e1rias secund\u00e1rias no Caribe - LATITUDE 15\",\"isPartOf\":{\"@id\":\"https:\/\/www.latitude-15.com\/pt-br\/#website\"},\"primaryImageOfPage\":{\"@id\":\"https:\/\/www.latitude-15.com\/pt-br\/a-modernizacao-da-pista-de-bequia-reflete-a-crescente-importancia-das-infraestruturas-aeroportuarias-secundarias-no-caribe\/#primaryimage\"},\"image\":{\"@id\":\"https:\/\/www.latitude-15.com\/pt-br\/a-modernizacao-da-pista-de-bequia-reflete-a-crescente-importancia-das-infraestruturas-aeroportuarias-secundarias-no-caribe\/#primaryimage\"},\"thumbnailUrl\":\"https:\/\/www.latitude-15.com\/wp-content\/uploads\/2026\/03\/img67801982-1.png\",\"datePublished\":\"2026-03-17T16:35:29+00:00\",\"dateModified\":\"2026-03-18T04:10:48+00:00\",\"description\":\"As melhorias na pista do Aeroporto de Bequia destacam o papel estrat\u00e9gico dos aeroportos secund\u00e1rios no fortalecimento da conectividade entre as ilhas.\",\"breadcrumb\":{\"@id\":\"https:\/\/www.latitude-15.com\/pt-br\/a-modernizacao-da-pista-de-bequia-reflete-a-crescente-importancia-das-infraestruturas-aeroportuarias-secundarias-no-caribe\/#breadcrumb\"},\"inLanguage\":\"pt-BR\",\"potentialAction\":[{\"@type\":\"ReadAction\",\"target\":[\"https:\/\/www.latitude-15.com\/pt-br\/a-modernizacao-da-pista-de-bequia-reflete-a-crescente-importancia-das-infraestruturas-aeroportuarias-secundarias-no-caribe\/\"]}]},{\"@type\":\"ImageObject\",\"inLanguage\":\"pt-BR\",\"@id\":\"https:\/\/www.latitude-15.com\/pt-br\/a-modernizacao-da-pista-de-bequia-reflete-a-crescente-importancia-das-infraestruturas-aeroportuarias-secundarias-no-caribe\/#primaryimage\",\"url\":\"https:\/\/www.latitude-15.com\/wp-content\/uploads\/2026\/03\/img67801982-1.png\",\"contentUrl\":\"https:\/\/www.latitude-15.com\/wp-content\/uploads\/2026\/03\/img67801982-1.png\",\"width\":1536,\"height\":1024},{\"@type\":\"BreadcrumbList\",\"@id\":\"https:\/\/www.latitude-15.com\/pt-br\/a-modernizacao-da-pista-de-bequia-reflete-a-crescente-importancia-das-infraestruturas-aeroportuarias-secundarias-no-caribe\/#breadcrumb\",\"itemListElement\":[{\"@type\":\"ListItem\",\"position\":1,\"name\":\"Home\",\"item\":\"https:\/\/www.latitude-15.com\/pt-br\/inicio\/\"},{\"@type\":\"ListItem\",\"position\":2,\"name\":\"A moderniza\u00e7\u00e3o da pista de Bequia reflete a crescente import\u00e2ncia das infraestruturas aeroportu\u00e1rias secund\u00e1rias no Caribe\"}]},{\"@type\":\"WebSite\",\"@id\":\"https:\/\/www.latitude-15.com\/pt-br\/#website\",\"url\":\"https:\/\/www.latitude-15.com\/pt-br\/\",\"name\":\"LATITUDE 15\",\"description\":\"Aviation and maritime Magazine - Caribbean &amp; Latin America\",\"publisher\":{\"@id\":\"https:\/\/www.latitude-15.com\/pt-br\/#organization\"},\"potentialAction\":[{\"@type\":\"SearchAction\",\"target\":{\"@type\":\"EntryPoint\",\"urlTemplate\":\"https:\/\/www.latitude-15.com\/pt-br\/?s={search_term_string}\"},\"query-input\":{\"@type\":\"PropertyValueSpecification\",\"valueRequired\":true,\"valueName\":\"search_term_string\"}}],\"inLanguage\":\"pt-BR\"},{\"@type\":\"Organization\",\"@id\":\"https:\/\/www.latitude-15.com\/pt-br\/#organization\",\"name\":\"LATITUDE 15\",\"url\":\"https:\/\/www.latitude-15.com\/pt-br\/\",\"logo\":{\"@type\":\"ImageObject\",\"inLanguage\":\"pt-BR\",\"@id\":\"https:\/\/www.latitude-15.com\/pt-br\/#\/schema\/logo\/image\/\",\"url\":\"https:\/\/www.latitude-15.com\/wp-content\/uploads\/2026\/01\/cropped-logox500px.png\",\"contentUrl\":\"https:\/\/www.latitude-15.com\/wp-content\/uploads\/2026\/01\/cropped-logox500px.png\",\"width\":62,\"height\":75,\"caption\":\"LATITUDE 15\"},\"image\":{\"@id\":\"https:\/\/www.latitude-15.com\/pt-br\/#\/schema\/logo\/image\/\"}},{\"@type\":\"Person\",\"@id\":\"https:\/\/www.latitude-15.com\/pt-br\/#\/schema\/person\/dac52e7ff44c78317f337da112e37252\",\"name\":\"Joda J\",\"image\":{\"@type\":\"ImageObject\",\"inLanguage\":\"pt-BR\",\"@id\":\"https:\/\/www.latitude-15.com\/pt-br\/#\/schema\/person\/image\/\",\"url\":\"https:\/\/secure.gravatar.com\/avatar\/6b1feae555e15404b76616f92d931d12b25ac58024f14ccb43d9d3c012e4c4cf?s=96&d=mm&r=g\",\"contentUrl\":\"https:\/\/secure.gravatar.com\/avatar\/6b1feae555e15404b76616f92d931d12b25ac58024f14ccb43d9d3c012e4c4cf?s=96&d=mm&r=g\",\"caption\":\"Joda J\"},\"url\":\"https:\/\/www.latitude-15.com\/pt-br\/author\/joda\/\"}]}<\/script>\n<!-- \/ Yoast SEO plugin. -->","yoast_head_json":{"title":"A moderniza\u00e7\u00e3o da pista de Bequia reflete a crescente import\u00e2ncia das infraestruturas aeroportu\u00e1rias secund\u00e1rias no Caribe - LATITUDE 15","description":"As melhorias na pista do Aeroporto de Bequia destacam o papel estrat\u00e9gico dos aeroportos secund\u00e1rios no fortalecimento da conectividade entre as ilhas.","robots":{"index":"index","follow":"follow","max-snippet":"max-snippet:-1","max-image-preview":"max-image-preview:large","max-video-preview":"max-video-preview:-1"},"canonical":"https:\/\/www.latitude-15.com\/pt-br\/a-modernizacao-da-pista-de-bequia-reflete-a-crescente-importancia-das-infraestruturas-aeroportuarias-secundarias-no-caribe\/","og_locale":"pt_BR","og_type":"article","og_title":"A moderniza\u00e7\u00e3o da pista de Bequia reflete a crescente import\u00e2ncia das infraestruturas aeroportu\u00e1rias secund\u00e1rias no Caribe - LATITUDE 15","og_description":"As melhorias na pista do Aeroporto de Bequia destacam o papel estrat\u00e9gico dos aeroportos secund\u00e1rios no fortalecimento da conectividade entre as ilhas.","og_url":"https:\/\/www.latitude-15.com\/pt-br\/a-modernizacao-da-pista-de-bequia-reflete-a-crescente-importancia-das-infraestruturas-aeroportuarias-secundarias-no-caribe\/","og_site_name":"LATITUDE 15","article_published_time":"2026-03-17T16:35:29+00:00","article_modified_time":"2026-03-18T04:10:48+00:00","og_image":[{"width":1024,"height":683,"url":"https:\/\/www.latitude-15.com\/wp-content\/uploads\/2026\/03\/img67801982-1-1024x683.png","type":"image\/png"}],"author":"Joda J","twitter_card":"summary_large_image","twitter_misc":{"Escrito por":"Joda J","Est. tempo de leitura":"3 minutos"},"schema":{"@context":"https:\/\/schema.org","@graph":[{"@type":"Article","@id":"https:\/\/www.latitude-15.com\/pt-br\/a-modernizacao-da-pista-de-bequia-reflete-a-crescente-importancia-das-infraestruturas-aeroportuarias-secundarias-no-caribe\/#article","isPartOf":{"@id":"https:\/\/www.latitude-15.com\/pt-br\/a-modernizacao-da-pista-de-bequia-reflete-a-crescente-importancia-das-infraestruturas-aeroportuarias-secundarias-no-caribe\/"},"author":{"name":"Joda J","@id":"https:\/\/www.latitude-15.com\/pt-br\/#\/schema\/person\/dac52e7ff44c78317f337da112e37252"},"headline":"A moderniza\u00e7\u00e3o da pista de Bequia reflete a crescente import\u00e2ncia das infraestruturas aeroportu\u00e1rias secund\u00e1rias no Caribe","datePublished":"2026-03-17T16:35:29+00:00","dateModified":"2026-03-18T04:10:48+00:00","mainEntityOfPage":{"@id":"https:\/\/www.latitude-15.com\/pt-br\/a-modernizacao-da-pista-de-bequia-reflete-a-crescente-importancia-das-infraestruturas-aeroportuarias-secundarias-no-caribe\/"},"wordCount":707,"commentCount":0,"publisher":{"@id":"https:\/\/www.latitude-15.com\/pt-br\/#organization"},"image":{"@id":"https:\/\/www.latitude-15.com\/pt-br\/a-modernizacao-da-pista-de-bequia-reflete-a-crescente-importancia-das-infraestruturas-aeroportuarias-secundarias-no-caribe\/#primaryimage"},"thumbnailUrl":"https:\/\/www.latitude-15.com\/wp-content\/uploads\/2026\/03\/img67801982-1.png","articleSection":["AVIA\u00c7\u00c3O","Conectividade a\u00e9rea e Atratividade territorial"],"inLanguage":"pt-BR","potentialAction":[{"@type":"CommentAction","name":"Comment","target":["https:\/\/www.latitude-15.com\/pt-br\/a-modernizacao-da-pista-de-bequia-reflete-a-crescente-importancia-das-infraestruturas-aeroportuarias-secundarias-no-caribe\/#respond"]}]},{"@type":"WebPage","@id":"https:\/\/www.latitude-15.com\/pt-br\/a-modernizacao-da-pista-de-bequia-reflete-a-crescente-importancia-das-infraestruturas-aeroportuarias-secundarias-no-caribe\/","url":"https:\/\/www.latitude-15.com\/pt-br\/a-modernizacao-da-pista-de-bequia-reflete-a-crescente-importancia-das-infraestruturas-aeroportuarias-secundarias-no-caribe\/","name":"A moderniza\u00e7\u00e3o da pista de Bequia reflete a crescente import\u00e2ncia das infraestruturas aeroportu\u00e1rias secund\u00e1rias no Caribe - LATITUDE 15","isPartOf":{"@id":"https:\/\/www.latitude-15.com\/pt-br\/#website"},"primaryImageOfPage":{"@id":"https:\/\/www.latitude-15.com\/pt-br\/a-modernizacao-da-pista-de-bequia-reflete-a-crescente-importancia-das-infraestruturas-aeroportuarias-secundarias-no-caribe\/#primaryimage"},"image":{"@id":"https:\/\/www.latitude-15.com\/pt-br\/a-modernizacao-da-pista-de-bequia-reflete-a-crescente-importancia-das-infraestruturas-aeroportuarias-secundarias-no-caribe\/#primaryimage"},"thumbnailUrl":"https:\/\/www.latitude-15.com\/wp-content\/uploads\/2026\/03\/img67801982-1.png","datePublished":"2026-03-17T16:35:29+00:00","dateModified":"2026-03-18T04:10:48+00:00","description":"As melhorias na pista do Aeroporto de Bequia destacam o papel estrat\u00e9gico dos aeroportos secund\u00e1rios no fortalecimento da conectividade entre as ilhas.","breadcrumb":{"@id":"https:\/\/www.latitude-15.com\/pt-br\/a-modernizacao-da-pista-de-bequia-reflete-a-crescente-importancia-das-infraestruturas-aeroportuarias-secundarias-no-caribe\/#breadcrumb"},"inLanguage":"pt-BR","potentialAction":[{"@type":"ReadAction","target":["https:\/\/www.latitude-15.com\/pt-br\/a-modernizacao-da-pista-de-bequia-reflete-a-crescente-importancia-das-infraestruturas-aeroportuarias-secundarias-no-caribe\/"]}]},{"@type":"ImageObject","inLanguage":"pt-BR","@id":"https:\/\/www.latitude-15.com\/pt-br\/a-modernizacao-da-pista-de-bequia-reflete-a-crescente-importancia-das-infraestruturas-aeroportuarias-secundarias-no-caribe\/#primaryimage","url":"https:\/\/www.latitude-15.com\/wp-content\/uploads\/2026\/03\/img67801982-1.png","contentUrl":"https:\/\/www.latitude-15.com\/wp-content\/uploads\/2026\/03\/img67801982-1.png","width":1536,"height":1024},{"@type":"BreadcrumbList","@id":"https:\/\/www.latitude-15.com\/pt-br\/a-modernizacao-da-pista-de-bequia-reflete-a-crescente-importancia-das-infraestruturas-aeroportuarias-secundarias-no-caribe\/#breadcrumb","itemListElement":[{"@type":"ListItem","position":1,"name":"Home","item":"https:\/\/www.latitude-15.com\/pt-br\/inicio\/"},{"@type":"ListItem","position":2,"name":"A moderniza\u00e7\u00e3o da pista de Bequia reflete a crescente import\u00e2ncia das infraestruturas aeroportu\u00e1rias secund\u00e1rias no Caribe"}]},{"@type":"WebSite","@id":"https:\/\/www.latitude-15.com\/pt-br\/#website","url":"https:\/\/www.latitude-15.com\/pt-br\/","name":"LATITUDE 15","description":"Aviation and maritime Magazine - Caribbean &amp; Latin America","publisher":{"@id":"https:\/\/www.latitude-15.com\/pt-br\/#organization"},"potentialAction":[{"@type":"SearchAction","target":{"@type":"EntryPoint","urlTemplate":"https:\/\/www.latitude-15.com\/pt-br\/?s={search_term_string}"},"query-input":{"@type":"PropertyValueSpecification","valueRequired":true,"valueName":"search_term_string"}}],"inLanguage":"pt-BR"},{"@type":"Organization","@id":"https:\/\/www.latitude-15.com\/pt-br\/#organization","name":"LATITUDE 15","url":"https:\/\/www.latitude-15.com\/pt-br\/","logo":{"@type":"ImageObject","inLanguage":"pt-BR","@id":"https:\/\/www.latitude-15.com\/pt-br\/#\/schema\/logo\/image\/","url":"https:\/\/www.latitude-15.com\/wp-content\/uploads\/2026\/01\/cropped-logox500px.png","contentUrl":"https:\/\/www.latitude-15.com\/wp-content\/uploads\/2026\/01\/cropped-logox500px.png","width":62,"height":75,"caption":"LATITUDE 15"},"image":{"@id":"https:\/\/www.latitude-15.com\/pt-br\/#\/schema\/logo\/image\/"}},{"@type":"Person","@id":"https:\/\/www.latitude-15.com\/pt-br\/#\/schema\/person\/dac52e7ff44c78317f337da112e37252","name":"Joda J","image":{"@type":"ImageObject","inLanguage":"pt-BR","@id":"https:\/\/www.latitude-15.com\/pt-br\/#\/schema\/person\/image\/","url":"https:\/\/secure.gravatar.com\/avatar\/6b1feae555e15404b76616f92d931d12b25ac58024f14ccb43d9d3c012e4c4cf?s=96&d=mm&r=g","contentUrl":"https:\/\/secure.gravatar.com\/avatar\/6b1feae555e15404b76616f92d931d12b25ac58024f14ccb43d9d3c012e4c4cf?s=96&d=mm&r=g","caption":"Joda J"},"url":"https:\/\/www.latitude-15.com\/pt-br\/author\/joda\/"}]}},"_links":{"self":[{"href":"https:\/\/www.latitude-15.com\/pt-br\/wp-json\/wp\/v2\/posts\/21665","targetHints":{"allow":["GET"]}}],"collection":[{"href":"https:\/\/www.latitude-15.com\/pt-br\/wp-json\/wp\/v2\/posts"}],"about":[{"href":"https:\/\/www.latitude-15.com\/pt-br\/wp-json\/wp\/v2\/types\/post"}],"author":[{"embeddable":true,"href":"https:\/\/www.latitude-15.com\/pt-br\/wp-json\/wp\/v2\/users\/5"}],"replies":[{"embeddable":true,"href":"https:\/\/www.latitude-15.com\/pt-br\/wp-json\/wp\/v2\/comments?post=21665"}],"version-history":[{"count":3,"href":"https:\/\/www.latitude-15.com\/pt-br\/wp-json\/wp\/v2\/posts\/21665\/revisions"}],"predecessor-version":[{"id":21669,"href":"https:\/\/www.latitude-15.com\/pt-br\/wp-json\/wp\/v2\/posts\/21665\/revisions\/21669"}],"wp:featuredmedia":[{"embeddable":true,"href":"https:\/\/www.latitude-15.com\/pt-br\/wp-json\/wp\/v2\/media\/21664"}],"wp:attachment":[{"href":"https:\/\/www.latitude-15.com\/pt-br\/wp-json\/wp\/v2\/media?parent=21665"}],"wp:term":[{"taxonomy":"category","embeddable":true,"href":"https:\/\/www.latitude-15.com\/pt-br\/wp-json\/wp\/v2\/categories?post=21665"},{"taxonomy":"post_tag","embeddable":true,"href":"https:\/\/www.latitude-15.com\/pt-br\/wp-json\/wp\/v2\/tags?post=21665"}],"curies":[{"name":"wp","href":"https:\/\/api.w.org\/{rel}","templated":true}]}}