{"id":21619,"date":"2026-03-16T13:17:21","date_gmt":"2026-03-16T17:17:21","guid":{"rendered":"https:\/\/www.latitude-15.com\/guiana-acelera-transformacao-do-setor-maritimo-sob-o-orcamento-de-2026\/"},"modified":"2026-03-16T13:28:11","modified_gmt":"2026-03-16T17:28:11","slug":"guiana-acelera-transformacao-do-setor-maritimo-sob-o-orcamento-de-2026","status":"publish","type":"post","link":"https:\/\/www.latitude-15.com\/pt-br\/guiana-acelera-transformacao-do-setor-maritimo-sob-o-orcamento-de-2026\/","title":{"rendered":"Guiana acelera transforma\u00e7\u00e3o do setor mar\u00edtimo sob o Or\u00e7amento de 2026"},"content":{"rendered":"\n<p>A Guiana est\u00e1 promovendo uma ampla transforma\u00e7\u00e3o de seu setor mar\u00edtimo sob o or\u00e7amento nacional de 2026 do pa\u00eds, combinando reforma regulat\u00f3ria, fortalecimento institucional e investimentos em seguran\u00e7a navegacional \u00e0 medida que o tr\u00e1fego de embarca\u00e7\u00f5es continua a se expandir.<\/p>\n\n<p>Falando durante as discuss\u00f5es parlamentares sobre o or\u00e7amento, Thandi McAlister, Secret\u00e1ria Parlamentar no Minist\u00e9rio de Servi\u00e7os P\u00fablicos e Avia\u00e7\u00e3o e Membro do Parlamento, disse que a estrat\u00e9gia do governo visa modernizar a estrutura mar\u00edtima do pa\u00eds, ao mesmo tempo em que apoia o r\u00e1pido crescimento da atividade de navega\u00e7\u00e3o. De acordo com McAlister, o desenvolvimento mar\u00edtimo tem sido uma prioridade desde 2020 sob a lideran\u00e7a do Presidente Dr. Mohamed Irfaan Ali, com or\u00e7amentos nacionais sucessivos apoiando a expans\u00e3o do setor. <\/p>\n\n<p>Entre 2020 e 2025, o tr\u00e1fego de embarca\u00e7\u00f5es e as escalas portu\u00e1rias na Guiana aumentaram <strong>67 %<\/strong>, refletindo o papel crescente do pa\u00eds nas redes de navega\u00e7\u00e3o regionais e a expans\u00e3o econ\u00f4mica mais ampla ligada ao desenvolvimento de energia e infraestrutura.<\/p>\n\n<h2 class=\"wp-block-heading\">Tr\u00e1fego mar\u00edtimo aumenta \u00e0 medida que o setor se expande<\/h2>\n\n<p>O aumento na movimenta\u00e7\u00e3o de embarca\u00e7\u00f5es nos \u00faltimos cinco anos destaca a crescente import\u00e2ncia do transporte mar\u00edtimo para a economia da Guiana. \u00c0 medida que o desenvolvimento de energia offshore e os fluxos comerciais se expandem, os portos e servi\u00e7os mar\u00edtimos t\u00eam experimentado um aumento constante na atividade operacional. <\/p>\n\n<p>As autoridades veem o fortalecimento do setor mar\u00edtimo como um elemento-chave para apoiar a capacidade log\u00edstica nacional e garantir a movimenta\u00e7\u00e3o segura e eficiente de embarca\u00e7\u00f5es que atracam nos portos guianenses.<\/p>\n\n<h2 class=\"wp-block-heading\">Governo avan\u00e7a com reforma abrangente da lei mar\u00edtima<\/h2>\n\n<p>Juntamente com investimentos em infraestrutura e operacionais, o governo est\u00e1 buscando uma extensa reforma da legisla\u00e7\u00e3o mar\u00edtima, projetada para alinhar as regulamenta\u00e7\u00f5es nacionais com os padr\u00f5es internacionais.<\/p>\n\n<p>De acordo com McAlister, especialistas jur\u00eddicos do Departamento de Administra\u00e7\u00e3o Mar\u00edtima e do Minist\u00e9rio de Assuntos Jur\u00eddicos est\u00e3o trabalhando atualmente em uma estrutura legal abrangente para o setor. Isso inclui a prepara\u00e7\u00e3o de uma nova <strong>Lei da Autoridade Portu\u00e1ria<\/strong>, destinada a orientar o desenvolvimento e a governan\u00e7a da ind\u00fastria mar\u00edtima por d\u00e9cadas. <\/p>\n\n<p>\u201cIsso n\u00e3o \u00e9 um mero exerc\u00edcio de copiar e colar; \u00e9 um procedimento sistem\u00e1tico projetado para transformar obriga\u00e7\u00f5es mar\u00edtimas internacionais em leis nacionais claras e consistentes\u201d, afirmou McAlister.<\/p>\n\n<p>Espera-se que o processo de reforma fortale\u00e7a a conformidade com as conven\u00e7\u00f5es mar\u00edtimas internacionais, ao mesmo tempo em que proporciona uma supervis\u00e3o regulat\u00f3ria mais clara das atividades portu\u00e1rias e de navega\u00e7\u00e3o.<\/p>\n\n<h2 class=\"wp-block-heading\">Nova estrutura da Autoridade Portu\u00e1ria em prepara\u00e7\u00e3o<\/h2>\n\n<p>Um elemento central da estrat\u00e9gia do governo \u00e9 a cria\u00e7\u00e3o de uma <strong>Autoridade Portu\u00e1ria<\/strong> moderna, projetada para supervisionar o desenvolvimento e a regulamenta\u00e7\u00e3o do setor mar\u00edtimo.<\/p>\n\n<p>Espera-se que a futura autoridade opere de acordo com as melhores pr\u00e1ticas internacionais para uma navega\u00e7\u00e3o segura, protegida e sustent\u00e1vel. O estabelecimento de tal institui\u00e7\u00e3o representaria um passo significativo para a moderniza\u00e7\u00e3o da estrutura de governan\u00e7a mar\u00edtima da Guiana e para a melhoria da coordena\u00e7\u00e3o entre as opera\u00e7\u00f5es portu\u00e1rias, a supervis\u00e3o regulat\u00f3ria e os servi\u00e7os mar\u00edtimos. <\/p>\n\n<p>A iniciativa tamb\u00e9m responde a fraquezas estruturais identificadas anteriormente na administra\u00e7\u00e3o mar\u00edtima do pa\u00eds.<\/p>\n\n<h2 class=\"wp-block-heading\">Investimentos em seguran\u00e7a navegacional e capacidade mar\u00edtima<\/h2>\n\n<p>Desde 2020, o governo implementou diversas medidas visando fortalecer a seguran\u00e7a navegacional e a capacidade t\u00e9cnica.<\/p>\n\n<p>Estas incluem a aquisi\u00e7\u00e3o de novas <strong>lanchas de pr\u00e1ticos<\/strong>, a instala\u00e7\u00e3o de <strong>mais de 30 marcadores de navega\u00e7\u00e3o<\/strong> e a expans\u00e3o das capacidades hidrogr\u00e1ficas do pa\u00eds. As autoridades tamb\u00e9m nomearam registradores treinados na administra\u00e7\u00e3o mar\u00edtima e designaram um representante permanente junto \u00e0 <strong>Organiza\u00e7\u00e3o Mar\u00edtima Internacional (IMO)<\/strong>. <\/p>\n\n<p>As medidas foram parcialmente projetadas para abordar as constata\u00e7\u00f5es da <strong>auditoria da IMO de 2018<\/strong>, que identificou <strong>19 \u00e1reas que necessitam de melhorias<\/strong> na governan\u00e7a mar\u00edtima da Guiana, incluindo capacidade institucional limitada, sistemas administrativos desatualizados e prioriza\u00e7\u00e3o insuficiente dos assuntos mar\u00edtimos.<\/p>\n\n<h2 class=\"wp-block-heading\">Guiana fortalece seu perfil mar\u00edtimo regional<\/h2>\n\n<p>\u00c0 medida que as reformas avan\u00e7am, a Guiana tamb\u00e9m busca aumentar sua visibilidade na comunidade mar\u00edtima regional. O pa\u00eds est\u00e1 programado para sediar <strong>duas grandes confer\u00eancias mar\u00edtimas do Caribe em 2026<\/strong>, uma iniciativa que as autoridades afirmam refletir o crescente reconhecimento internacional do desenvolvimento do setor. <\/p>\n\n<p>Para os formuladores de pol\u00edticas, o fortalecimento da governan\u00e7a e da infraestrutura mar\u00edtima \u00e9 essencial para garantir que o crescimento econ\u00f4mico da Guiana permane\u00e7a resiliente e capaz de sustentar a expans\u00e3o do com\u00e9rcio e da atividade de navega\u00e7\u00e3o.<\/p>\n\n<p>\u201cA prosperidade da Guiana deve ser t\u00e3o resiliente quanto seu povo, e este or\u00e7amento gere nossos recursos com m\u00e3o firme, garantindo que nosso crescimento seja compartilhado de forma justa e protegido contra a incerteza global\u201d, disse McAlister.<\/p>\n","protected":false},"excerpt":{"rendered":"<p>A Guiana est\u00e1 promovendo uma ampla transforma\u00e7\u00e3o de seu setor mar\u00edtimo sob o or\u00e7amento nacional de 2026 do pa\u00eds, combinando reforma regulat\u00f3ria, fortalecimento institucional e investimentos em seguran\u00e7a navegacional \u00e0 medida que o tr\u00e1fego de embarca\u00e7\u00f5es continua a se expandir. Falando durante as discuss\u00f5es parlamentares sobre o or\u00e7amento, Thandi McAlister, Secret\u00e1ria Parlamentar no Minist\u00e9rio de [&hellip;]<\/p>\n","protected":false},"author":5,"featured_media":21618,"comment_status":"open","ping_status":"closed","sticky":false,"template":"","format":"standard","meta":{"footnotes":""},"categories":[119,137],"tags":[],"class_list":["post-21619","post","type-post","status-publish","format-standard","has-post-thumbnail","hentry","category-maritimo","category-portos-e-logistica"],"yoast_head":"<!-- This site is optimized with the Yoast SEO plugin v26.9 - https:\/\/yoast.com\/product\/yoast-seo-wordpress\/ -->\n<title>Guiana acelera transforma\u00e7\u00e3o do setor mar\u00edtimo sob o Or\u00e7amento de 2026 - LATITUDE 15<\/title>\n<meta name=\"description\" content=\"A Guiana est\u00e1 avan\u00e7ando em grandes reformas mar\u00edtimas sob o Or\u00e7amento de 2026, incluindo uma nova estrutura para a Autoridade Portu\u00e1ria e investimentos em seguran\u00e7a.\" \/>\n<meta name=\"robots\" content=\"index, follow, max-snippet:-1, max-image-preview:large, max-video-preview:-1\" \/>\n<link rel=\"canonical\" href=\"https:\/\/www.latitude-15.com\/pt-br\/guiana-acelera-transformacao-do-setor-maritimo-sob-o-orcamento-de-2026\/\" \/>\n<meta property=\"og:locale\" content=\"pt_BR\" \/>\n<meta property=\"og:type\" content=\"article\" \/>\n<meta property=\"og:title\" content=\"Guiana acelera transforma\u00e7\u00e3o do setor mar\u00edtimo sob o Or\u00e7amento de 2026 - LATITUDE 15\" \/>\n<meta property=\"og:description\" content=\"A Guiana est\u00e1 avan\u00e7ando em grandes reformas mar\u00edtimas sob o Or\u00e7amento de 2026, incluindo uma nova estrutura para a Autoridade Portu\u00e1ria e investimentos em seguran\u00e7a.\" \/>\n<meta property=\"og:url\" content=\"https:\/\/www.latitude-15.com\/pt-br\/guiana-acelera-transformacao-do-setor-maritimo-sob-o-orcamento-de-2026\/\" \/>\n<meta property=\"og:site_name\" content=\"LATITUDE 15\" \/>\n<meta property=\"article:published_time\" content=\"2026-03-16T17:17:21+00:00\" \/>\n<meta property=\"article:modified_time\" content=\"2026-03-16T17:28:11+00:00\" \/>\n<meta property=\"og:image\" content=\"https:\/\/www.latitude-15.com\/wp-content\/uploads\/2026\/03\/pexels-einfoto-2326876.jpg\" \/>\n\t<meta property=\"og:image:width\" content=\"1280\" \/>\n\t<meta property=\"og:image:height\" content=\"853\" \/>\n\t<meta property=\"og:image:type\" content=\"image\/jpeg\" \/>\n<meta name=\"author\" content=\"Joda J\" \/>\n<meta name=\"twitter:card\" content=\"summary_large_image\" \/>\n<meta name=\"twitter:label1\" content=\"Escrito por\" \/>\n\t<meta name=\"twitter:data1\" content=\"Joda J\" \/>\n\t<meta name=\"twitter:label2\" content=\"Est. tempo de leitura\" \/>\n\t<meta name=\"twitter:data2\" content=\"4 minutos\" \/>\n<script type=\"application\/ld+json\" class=\"yoast-schema-graph\">{\"@context\":\"https:\/\/schema.org\",\"@graph\":[{\"@type\":\"Article\",\"@id\":\"https:\/\/www.latitude-15.com\/pt-br\/guiana-acelera-transformacao-do-setor-maritimo-sob-o-orcamento-de-2026\/#article\",\"isPartOf\":{\"@id\":\"https:\/\/www.latitude-15.com\/pt-br\/guiana-acelera-transformacao-do-setor-maritimo-sob-o-orcamento-de-2026\/\"},\"author\":{\"name\":\"Joda J\",\"@id\":\"https:\/\/www.latitude-15.com\/pt-br\/#\/schema\/person\/dac52e7ff44c78317f337da112e37252\"},\"headline\":\"Guiana acelera transforma\u00e7\u00e3o do setor mar\u00edtimo sob o Or\u00e7amento de 2026\",\"datePublished\":\"2026-03-16T17:17:21+00:00\",\"dateModified\":\"2026-03-16T17:28:11+00:00\",\"mainEntityOfPage\":{\"@id\":\"https:\/\/www.latitude-15.com\/pt-br\/guiana-acelera-transformacao-do-setor-maritimo-sob-o-orcamento-de-2026\/\"},\"wordCount\":868,\"commentCount\":0,\"publisher\":{\"@id\":\"https:\/\/www.latitude-15.com\/pt-br\/#organization\"},\"image\":{\"@id\":\"https:\/\/www.latitude-15.com\/pt-br\/guiana-acelera-transformacao-do-setor-maritimo-sob-o-orcamento-de-2026\/#primaryimage\"},\"thumbnailUrl\":\"https:\/\/www.latitude-15.com\/wp-content\/uploads\/2026\/03\/pexels-einfoto-2326876.jpg\",\"articleSection\":[\"MAR\u00cdTIMO\",\"Portos e log\u00edstica\"],\"inLanguage\":\"pt-BR\",\"potentialAction\":[{\"@type\":\"CommentAction\",\"name\":\"Comment\",\"target\":[\"https:\/\/www.latitude-15.com\/pt-br\/guiana-acelera-transformacao-do-setor-maritimo-sob-o-orcamento-de-2026\/#respond\"]}]},{\"@type\":\"WebPage\",\"@id\":\"https:\/\/www.latitude-15.com\/pt-br\/guiana-acelera-transformacao-do-setor-maritimo-sob-o-orcamento-de-2026\/\",\"url\":\"https:\/\/www.latitude-15.com\/pt-br\/guiana-acelera-transformacao-do-setor-maritimo-sob-o-orcamento-de-2026\/\",\"name\":\"Guiana acelera transforma\u00e7\u00e3o do setor mar\u00edtimo sob o Or\u00e7amento de 2026 - LATITUDE 15\",\"isPartOf\":{\"@id\":\"https:\/\/www.latitude-15.com\/pt-br\/#website\"},\"primaryImageOfPage\":{\"@id\":\"https:\/\/www.latitude-15.com\/pt-br\/guiana-acelera-transformacao-do-setor-maritimo-sob-o-orcamento-de-2026\/#primaryimage\"},\"image\":{\"@id\":\"https:\/\/www.latitude-15.com\/pt-br\/guiana-acelera-transformacao-do-setor-maritimo-sob-o-orcamento-de-2026\/#primaryimage\"},\"thumbnailUrl\":\"https:\/\/www.latitude-15.com\/wp-content\/uploads\/2026\/03\/pexels-einfoto-2326876.jpg\",\"datePublished\":\"2026-03-16T17:17:21+00:00\",\"dateModified\":\"2026-03-16T17:28:11+00:00\",\"description\":\"A Guiana est\u00e1 avan\u00e7ando em grandes reformas mar\u00edtimas sob o Or\u00e7amento de 2026, incluindo uma nova estrutura para a Autoridade Portu\u00e1ria e investimentos em seguran\u00e7a.\",\"breadcrumb\":{\"@id\":\"https:\/\/www.latitude-15.com\/pt-br\/guiana-acelera-transformacao-do-setor-maritimo-sob-o-orcamento-de-2026\/#breadcrumb\"},\"inLanguage\":\"pt-BR\",\"potentialAction\":[{\"@type\":\"ReadAction\",\"target\":[\"https:\/\/www.latitude-15.com\/pt-br\/guiana-acelera-transformacao-do-setor-maritimo-sob-o-orcamento-de-2026\/\"]}]},{\"@type\":\"ImageObject\",\"inLanguage\":\"pt-BR\",\"@id\":\"https:\/\/www.latitude-15.com\/pt-br\/guiana-acelera-transformacao-do-setor-maritimo-sob-o-orcamento-de-2026\/#primaryimage\",\"url\":\"https:\/\/www.latitude-15.com\/wp-content\/uploads\/2026\/03\/pexels-einfoto-2326876.jpg\",\"contentUrl\":\"https:\/\/www.latitude-15.com\/wp-content\/uploads\/2026\/03\/pexels-einfoto-2326876.jpg\",\"width\":1280,\"height\":853},{\"@type\":\"BreadcrumbList\",\"@id\":\"https:\/\/www.latitude-15.com\/pt-br\/guiana-acelera-transformacao-do-setor-maritimo-sob-o-orcamento-de-2026\/#breadcrumb\",\"itemListElement\":[{\"@type\":\"ListItem\",\"position\":1,\"name\":\"Home\",\"item\":\"https:\/\/www.latitude-15.com\/pt-br\/inicio\/\"},{\"@type\":\"ListItem\",\"position\":2,\"name\":\"Guiana acelera transforma\u00e7\u00e3o do setor mar\u00edtimo sob o Or\u00e7amento de 2026\"}]},{\"@type\":\"WebSite\",\"@id\":\"https:\/\/www.latitude-15.com\/pt-br\/#website\",\"url\":\"https:\/\/www.latitude-15.com\/pt-br\/\",\"name\":\"LATITUDE 15\",\"description\":\"Aviation and maritime Magazine - Caribbean &amp; Latin America\",\"publisher\":{\"@id\":\"https:\/\/www.latitude-15.com\/pt-br\/#organization\"},\"potentialAction\":[{\"@type\":\"SearchAction\",\"target\":{\"@type\":\"EntryPoint\",\"urlTemplate\":\"https:\/\/www.latitude-15.com\/pt-br\/?s={search_term_string}\"},\"query-input\":{\"@type\":\"PropertyValueSpecification\",\"valueRequired\":true,\"valueName\":\"search_term_string\"}}],\"inLanguage\":\"pt-BR\"},{\"@type\":\"Organization\",\"@id\":\"https:\/\/www.latitude-15.com\/pt-br\/#organization\",\"name\":\"LATITUDE 15\",\"url\":\"https:\/\/www.latitude-15.com\/pt-br\/\",\"logo\":{\"@type\":\"ImageObject\",\"inLanguage\":\"pt-BR\",\"@id\":\"https:\/\/www.latitude-15.com\/pt-br\/#\/schema\/logo\/image\/\",\"url\":\"https:\/\/www.latitude-15.com\/wp-content\/uploads\/2026\/01\/cropped-logox500px.png\",\"contentUrl\":\"https:\/\/www.latitude-15.com\/wp-content\/uploads\/2026\/01\/cropped-logox500px.png\",\"width\":62,\"height\":75,\"caption\":\"LATITUDE 15\"},\"image\":{\"@id\":\"https:\/\/www.latitude-15.com\/pt-br\/#\/schema\/logo\/image\/\"}},{\"@type\":\"Person\",\"@id\":\"https:\/\/www.latitude-15.com\/pt-br\/#\/schema\/person\/dac52e7ff44c78317f337da112e37252\",\"name\":\"Joda J\",\"image\":{\"@type\":\"ImageObject\",\"inLanguage\":\"pt-BR\",\"@id\":\"https:\/\/www.latitude-15.com\/pt-br\/#\/schema\/person\/image\/\",\"url\":\"https:\/\/secure.gravatar.com\/avatar\/6b1feae555e15404b76616f92d931d12b25ac58024f14ccb43d9d3c012e4c4cf?s=96&d=mm&r=g\",\"contentUrl\":\"https:\/\/secure.gravatar.com\/avatar\/6b1feae555e15404b76616f92d931d12b25ac58024f14ccb43d9d3c012e4c4cf?s=96&d=mm&r=g\",\"caption\":\"Joda J\"},\"url\":\"https:\/\/www.latitude-15.com\/pt-br\/author\/joda\/\"}]}<\/script>\n<!-- \/ Yoast SEO plugin. -->","yoast_head_json":{"title":"Guiana acelera transforma\u00e7\u00e3o do setor mar\u00edtimo sob o Or\u00e7amento de 2026 - LATITUDE 15","description":"A Guiana est\u00e1 avan\u00e7ando em grandes reformas mar\u00edtimas sob o Or\u00e7amento de 2026, incluindo uma nova estrutura para a Autoridade Portu\u00e1ria e investimentos em seguran\u00e7a.","robots":{"index":"index","follow":"follow","max-snippet":"max-snippet:-1","max-image-preview":"max-image-preview:large","max-video-preview":"max-video-preview:-1"},"canonical":"https:\/\/www.latitude-15.com\/pt-br\/guiana-acelera-transformacao-do-setor-maritimo-sob-o-orcamento-de-2026\/","og_locale":"pt_BR","og_type":"article","og_title":"Guiana acelera transforma\u00e7\u00e3o do setor mar\u00edtimo sob o Or\u00e7amento de 2026 - LATITUDE 15","og_description":"A Guiana est\u00e1 avan\u00e7ando em grandes reformas mar\u00edtimas sob o Or\u00e7amento de 2026, incluindo uma nova estrutura para a Autoridade Portu\u00e1ria e investimentos em seguran\u00e7a.","og_url":"https:\/\/www.latitude-15.com\/pt-br\/guiana-acelera-transformacao-do-setor-maritimo-sob-o-orcamento-de-2026\/","og_site_name":"LATITUDE 15","article_published_time":"2026-03-16T17:17:21+00:00","article_modified_time":"2026-03-16T17:28:11+00:00","og_image":[{"width":1280,"height":853,"url":"https:\/\/www.latitude-15.com\/wp-content\/uploads\/2026\/03\/pexels-einfoto-2326876.jpg","type":"image\/jpeg"}],"author":"Joda J","twitter_card":"summary_large_image","twitter_misc":{"Escrito por":"Joda J","Est. tempo de leitura":"4 minutos"},"schema":{"@context":"https:\/\/schema.org","@graph":[{"@type":"Article","@id":"https:\/\/www.latitude-15.com\/pt-br\/guiana-acelera-transformacao-do-setor-maritimo-sob-o-orcamento-de-2026\/#article","isPartOf":{"@id":"https:\/\/www.latitude-15.com\/pt-br\/guiana-acelera-transformacao-do-setor-maritimo-sob-o-orcamento-de-2026\/"},"author":{"name":"Joda J","@id":"https:\/\/www.latitude-15.com\/pt-br\/#\/schema\/person\/dac52e7ff44c78317f337da112e37252"},"headline":"Guiana acelera transforma\u00e7\u00e3o do setor mar\u00edtimo sob o Or\u00e7amento de 2026","datePublished":"2026-03-16T17:17:21+00:00","dateModified":"2026-03-16T17:28:11+00:00","mainEntityOfPage":{"@id":"https:\/\/www.latitude-15.com\/pt-br\/guiana-acelera-transformacao-do-setor-maritimo-sob-o-orcamento-de-2026\/"},"wordCount":868,"commentCount":0,"publisher":{"@id":"https:\/\/www.latitude-15.com\/pt-br\/#organization"},"image":{"@id":"https:\/\/www.latitude-15.com\/pt-br\/guiana-acelera-transformacao-do-setor-maritimo-sob-o-orcamento-de-2026\/#primaryimage"},"thumbnailUrl":"https:\/\/www.latitude-15.com\/wp-content\/uploads\/2026\/03\/pexels-einfoto-2326876.jpg","articleSection":["MAR\u00cdTIMO","Portos e log\u00edstica"],"inLanguage":"pt-BR","potentialAction":[{"@type":"CommentAction","name":"Comment","target":["https:\/\/www.latitude-15.com\/pt-br\/guiana-acelera-transformacao-do-setor-maritimo-sob-o-orcamento-de-2026\/#respond"]}]},{"@type":"WebPage","@id":"https:\/\/www.latitude-15.com\/pt-br\/guiana-acelera-transformacao-do-setor-maritimo-sob-o-orcamento-de-2026\/","url":"https:\/\/www.latitude-15.com\/pt-br\/guiana-acelera-transformacao-do-setor-maritimo-sob-o-orcamento-de-2026\/","name":"Guiana acelera transforma\u00e7\u00e3o do setor mar\u00edtimo sob o Or\u00e7amento de 2026 - LATITUDE 15","isPartOf":{"@id":"https:\/\/www.latitude-15.com\/pt-br\/#website"},"primaryImageOfPage":{"@id":"https:\/\/www.latitude-15.com\/pt-br\/guiana-acelera-transformacao-do-setor-maritimo-sob-o-orcamento-de-2026\/#primaryimage"},"image":{"@id":"https:\/\/www.latitude-15.com\/pt-br\/guiana-acelera-transformacao-do-setor-maritimo-sob-o-orcamento-de-2026\/#primaryimage"},"thumbnailUrl":"https:\/\/www.latitude-15.com\/wp-content\/uploads\/2026\/03\/pexels-einfoto-2326876.jpg","datePublished":"2026-03-16T17:17:21+00:00","dateModified":"2026-03-16T17:28:11+00:00","description":"A Guiana est\u00e1 avan\u00e7ando em grandes reformas mar\u00edtimas sob o Or\u00e7amento de 2026, incluindo uma nova estrutura para a Autoridade Portu\u00e1ria e investimentos em seguran\u00e7a.","breadcrumb":{"@id":"https:\/\/www.latitude-15.com\/pt-br\/guiana-acelera-transformacao-do-setor-maritimo-sob-o-orcamento-de-2026\/#breadcrumb"},"inLanguage":"pt-BR","potentialAction":[{"@type":"ReadAction","target":["https:\/\/www.latitude-15.com\/pt-br\/guiana-acelera-transformacao-do-setor-maritimo-sob-o-orcamento-de-2026\/"]}]},{"@type":"ImageObject","inLanguage":"pt-BR","@id":"https:\/\/www.latitude-15.com\/pt-br\/guiana-acelera-transformacao-do-setor-maritimo-sob-o-orcamento-de-2026\/#primaryimage","url":"https:\/\/www.latitude-15.com\/wp-content\/uploads\/2026\/03\/pexels-einfoto-2326876.jpg","contentUrl":"https:\/\/www.latitude-15.com\/wp-content\/uploads\/2026\/03\/pexels-einfoto-2326876.jpg","width":1280,"height":853},{"@type":"BreadcrumbList","@id":"https:\/\/www.latitude-15.com\/pt-br\/guiana-acelera-transformacao-do-setor-maritimo-sob-o-orcamento-de-2026\/#breadcrumb","itemListElement":[{"@type":"ListItem","position":1,"name":"Home","item":"https:\/\/www.latitude-15.com\/pt-br\/inicio\/"},{"@type":"ListItem","position":2,"name":"Guiana acelera transforma\u00e7\u00e3o do setor mar\u00edtimo sob o Or\u00e7amento de 2026"}]},{"@type":"WebSite","@id":"https:\/\/www.latitude-15.com\/pt-br\/#website","url":"https:\/\/www.latitude-15.com\/pt-br\/","name":"LATITUDE 15","description":"Aviation and maritime Magazine - Caribbean &amp; Latin America","publisher":{"@id":"https:\/\/www.latitude-15.com\/pt-br\/#organization"},"potentialAction":[{"@type":"SearchAction","target":{"@type":"EntryPoint","urlTemplate":"https:\/\/www.latitude-15.com\/pt-br\/?s={search_term_string}"},"query-input":{"@type":"PropertyValueSpecification","valueRequired":true,"valueName":"search_term_string"}}],"inLanguage":"pt-BR"},{"@type":"Organization","@id":"https:\/\/www.latitude-15.com\/pt-br\/#organization","name":"LATITUDE 15","url":"https:\/\/www.latitude-15.com\/pt-br\/","logo":{"@type":"ImageObject","inLanguage":"pt-BR","@id":"https:\/\/www.latitude-15.com\/pt-br\/#\/schema\/logo\/image\/","url":"https:\/\/www.latitude-15.com\/wp-content\/uploads\/2026\/01\/cropped-logox500px.png","contentUrl":"https:\/\/www.latitude-15.com\/wp-content\/uploads\/2026\/01\/cropped-logox500px.png","width":62,"height":75,"caption":"LATITUDE 15"},"image":{"@id":"https:\/\/www.latitude-15.com\/pt-br\/#\/schema\/logo\/image\/"}},{"@type":"Person","@id":"https:\/\/www.latitude-15.com\/pt-br\/#\/schema\/person\/dac52e7ff44c78317f337da112e37252","name":"Joda J","image":{"@type":"ImageObject","inLanguage":"pt-BR","@id":"https:\/\/www.latitude-15.com\/pt-br\/#\/schema\/person\/image\/","url":"https:\/\/secure.gravatar.com\/avatar\/6b1feae555e15404b76616f92d931d12b25ac58024f14ccb43d9d3c012e4c4cf?s=96&d=mm&r=g","contentUrl":"https:\/\/secure.gravatar.com\/avatar\/6b1feae555e15404b76616f92d931d12b25ac58024f14ccb43d9d3c012e4c4cf?s=96&d=mm&r=g","caption":"Joda J"},"url":"https:\/\/www.latitude-15.com\/pt-br\/author\/joda\/"}]}},"_links":{"self":[{"href":"https:\/\/www.latitude-15.com\/pt-br\/wp-json\/wp\/v2\/posts\/21619","targetHints":{"allow":["GET"]}}],"collection":[{"href":"https:\/\/www.latitude-15.com\/pt-br\/wp-json\/wp\/v2\/posts"}],"about":[{"href":"https:\/\/www.latitude-15.com\/pt-br\/wp-json\/wp\/v2\/types\/post"}],"author":[{"embeddable":true,"href":"https:\/\/www.latitude-15.com\/pt-br\/wp-json\/wp\/v2\/users\/5"}],"replies":[{"embeddable":true,"href":"https:\/\/www.latitude-15.com\/pt-br\/wp-json\/wp\/v2\/comments?post=21619"}],"version-history":[{"count":3,"href":"https:\/\/www.latitude-15.com\/pt-br\/wp-json\/wp\/v2\/posts\/21619\/revisions"}],"predecessor-version":[{"id":21622,"href":"https:\/\/www.latitude-15.com\/pt-br\/wp-json\/wp\/v2\/posts\/21619\/revisions\/21622"}],"wp:featuredmedia":[{"embeddable":true,"href":"https:\/\/www.latitude-15.com\/pt-br\/wp-json\/wp\/v2\/media\/21618"}],"wp:attachment":[{"href":"https:\/\/www.latitude-15.com\/pt-br\/wp-json\/wp\/v2\/media?parent=21619"}],"wp:term":[{"taxonomy":"category","embeddable":true,"href":"https:\/\/www.latitude-15.com\/pt-br\/wp-json\/wp\/v2\/categories?post=21619"},{"taxonomy":"post_tag","embeddable":true,"href":"https:\/\/www.latitude-15.com\/pt-br\/wp-json\/wp\/v2\/tags?post=21619"}],"curies":[{"name":"wp","href":"https:\/\/api.w.org\/{rel}","templated":true}]}}