{"id":21590,"date":"2026-03-16T11:44:18","date_gmt":"2026-03-16T15:44:18","guid":{"rendered":"https:\/\/www.latitude-15.com\/intercaribbean-airways-expande-rede-regional-com-novo-servico-barbados-trinidad\/"},"modified":"2026-03-16T12:00:07","modified_gmt":"2026-03-16T16:00:07","slug":"intercaribbean-airways-expande-rede-regional-com-novo-servico-barbados-trinidad","status":"publish","type":"post","link":"https:\/\/www.latitude-15.com\/pt-br\/intercaribbean-airways-expande-rede-regional-com-novo-servico-barbados-trinidad\/","title":{"rendered":"InterCaribbean Airways expande rede regional com novo servi\u00e7o Barbados\u2013Trinidad"},"content":{"rendered":"\n<p>A InterCaribbean Airways expandiu sua rede regional com o lan\u00e7amento de um novo servi\u00e7o direto conectando Barbados e Trinidad e Tobago, uma rota que autoridades governamentais afirmam que fortalecer\u00e1 a mobilidade, o turismo e os la\u00e7os comerciais em todo o Caribe.<\/p>\n\n<p>O voo inaugural conectando o <strong>Aeroporto Internacional Grantley Adams em Barbados<\/strong> e o <strong>Aeroporto Internacional Piarco em Trinidad<\/strong> foi marcado por uma cerim\u00f4nia de corte de fita em 8 de mar\u00e7o, com a presen\u00e7a de representantes governamentais, partes interessadas da avia\u00e7\u00e3o e membros da comunidade diplom\u00e1tica.<\/p>\n\n<p>Discursando no evento, o Ministro do Com\u00e9rcio, Investimento e Turismo de Trinidad e Tobago, Senador Satyakama Maharaj, descreveu a nova rota como mais do que a chegada de uma nova aeronave, destacando seu significado mais amplo para a integra\u00e7\u00e3o regional.<\/p>\n\n<p>\u201c<em>N\u00f3s nos reunimos para marcar o fortalecimento de uma ponte entre os povos caribenhos\u2026 a abertura de outro corredor de movimento, interc\u00e2mbio e possibilidade dentro de nossa regi\u00e3o<\/em>\u201d, disse ele.<\/p>\n\n<p>Espera-se que o novo servi\u00e7o facilite as viagens entre as duas na\u00e7\u00f5es caribenhas, ao mesmo tempo que apoia uma s\u00e9rie de atividades econ\u00f4micas, desde turismo e interc\u00e2mbios culturais at\u00e9 parcerias comerciais e discuss\u00f5es sobre investimentos. Autoridades enfatizaram que conex\u00f5es a\u00e9reas aprimoradas continuam sendo um fator cr\u00edtico no fortalecimento da conectividade intra-caribenha, um desafio de longa data em uma regi\u00e3o onde a proximidade geogr\u00e1fica nem sempre se traduziu em facilidade de deslocamento. <\/p>\n\n<p>Para Trinidad e Tobago, a nova conex\u00e3o tamb\u00e9m \u00e9 vista como uma oportunidade de refor\u00e7ar sua oferta tur\u00edstica e atrair mais visitantes das ilhas vizinhas. Autoridades governamentais observaram que um transporte a\u00e9reo regional mais forte pode ajudar a expandir viagens de curta dura\u00e7\u00e3o pelo Caribe, apoiando hot\u00e9is, operadores de turismo, prestadores de servi\u00e7os de transporte e pequenas empresas em toda a cadeia de valor do turismo. <\/p>\n\n<p>Maharaj ressaltou a import\u00e2ncia econ\u00f4mica mais ampla da conectividade a\u00e9rea, afirmando que uma infraestrutura de transporte a\u00e9reo confi\u00e1vel influencia diretamente o crescimento do turismo, os fluxos comerciais e a mobilidade empresarial em toda a regi\u00e3o.<\/p>\n\n<p>\u201c<em>O transporte a\u00e9reo n\u00e3o \u00e9 uma quest\u00e3o perif\u00e9rica. O transporte a\u00e9reo \u00e9 infraestrutura de desenvolvimento<\/em>\u201d, disse ele.<\/p>\n\n<p>O lan\u00e7amento tamb\u00e9m destaca a cont\u00ednua expans\u00e3o da InterCaribbean Airways, que se tornou uma das principais transportadoras inter-ilhas da regi\u00e3o. A companhia a\u00e9rea iniciou suas opera\u00e7\u00f5es em 1991 com uma \u00fanica aeronave Cessna e, desde ent\u00e3o, evoluiu atrav\u00e9s de v\u00e1rias fases de desenvolvimento, incluindo opera\u00e7\u00f5es como InterIsland Airways e Air Turks &amp; Caicos antes de se rebatizar como InterCaribbean Airways em 2013. <\/p>\n\n<p>Atualmente, a companhia a\u00e9rea opera uma frota que inclui aeronaves turbo\u00e9lice ATR e jatos regionais Embraer, atendendo mais cidades em todo o Caribe do que qualquer outra transportadora regional.<\/p>\n\n<p>Autoridades governamentais afirmam que a nova rota Barbados\u2013Trinidad reflete uma estrat\u00e9gia mais ampla para fortalecer a conectividade a\u00e9rea regional e aprofundar a coopera\u00e7\u00e3o entre as economias caribenhas. Ao melhorar o acesso entre os principais centros regionais, os formuladores de pol\u00edticas esperam tornar as viagens dentro do Caribe mais pr\u00e1ticas para empresas, turistas e investidores. <\/p>\n","protected":false},"excerpt":{"rendered":"<p>A InterCaribbean Airways expandiu sua rede regional com o lan\u00e7amento de um novo servi\u00e7o direto conectando Barbados e Trinidad e Tobago, uma rota que autoridades governamentais afirmam que fortalecer\u00e1 a mobilidade, o turismo e os la\u00e7os comerciais em todo o Caribe. O voo inaugural conectando o Aeroporto Internacional Grantley Adams em Barbados e o Aeroporto [&hellip;]<\/p>\n","protected":false},"author":5,"featured_media":21589,"comment_status":"open","ping_status":"closed","sticky":false,"template":"","format":"standard","meta":{"footnotes":""},"categories":[98,101],"tags":[],"class_list":["post-21590","post","type-post","status-publish","format-standard","has-post-thumbnail","hentry","category-aviacao","category-conectividade-aerea-e-atratividade-territorial"],"yoast_head":"<!-- This site is optimized with the Yoast SEO plugin v26.9 - https:\/\/yoast.com\/product\/yoast-seo-wordpress\/ -->\n<title>InterCaribbean Airways expande rede regional com novo servi\u00e7o Barbados\u2013Trinidad - LATITUDE 15<\/title>\n<meta name=\"description\" content=\"A InterCaribbean Airways lan\u00e7ou uma nova rota direta entre Barbados e Trinidad, fortalecendo a conectividade a\u00e9rea regional\" \/>\n<meta name=\"robots\" content=\"index, follow, max-snippet:-1, max-image-preview:large, max-video-preview:-1\" \/>\n<link rel=\"canonical\" href=\"https:\/\/www.latitude-15.com\/pt-br\/intercaribbean-airways-expande-rede-regional-com-novo-servico-barbados-trinidad\/\" \/>\n<meta property=\"og:locale\" content=\"pt_BR\" \/>\n<meta property=\"og:type\" content=\"article\" \/>\n<meta property=\"og:title\" content=\"InterCaribbean Airways expande rede regional com novo servi\u00e7o Barbados\u2013Trinidad - LATITUDE 15\" \/>\n<meta property=\"og:description\" content=\"A InterCaribbean Airways lan\u00e7ou uma nova rota direta entre Barbados e Trinidad, fortalecendo a conectividade a\u00e9rea regional\" \/>\n<meta property=\"og:url\" content=\"https:\/\/www.latitude-15.com\/pt-br\/intercaribbean-airways-expande-rede-regional-com-novo-servico-barbados-trinidad\/\" \/>\n<meta property=\"og:site_name\" content=\"LATITUDE 15\" \/>\n<meta property=\"article:published_time\" content=\"2026-03-16T15:44:18+00:00\" \/>\n<meta property=\"article:modified_time\" content=\"2026-03-16T16:00:07+00:00\" \/>\n<meta property=\"og:image\" content=\"https:\/\/www.latitude-15.com\/wp-content\/uploads\/2026\/03\/Attimi_interCaribbean-065-1000x650-1.jpg\" \/>\n\t<meta property=\"og:image:width\" content=\"1000\" \/>\n\t<meta property=\"og:image:height\" content=\"650\" \/>\n\t<meta property=\"og:image:type\" content=\"image\/jpeg\" \/>\n<meta name=\"author\" content=\"Joda J\" \/>\n<meta name=\"twitter:card\" content=\"summary_large_image\" \/>\n<meta name=\"twitter:label1\" content=\"Escrito por\" \/>\n\t<meta name=\"twitter:data1\" content=\"Joda J\" \/>\n\t<meta name=\"twitter:label2\" content=\"Est. tempo de leitura\" \/>\n\t<meta name=\"twitter:data2\" content=\"3 minutos\" \/>\n<script type=\"application\/ld+json\" class=\"yoast-schema-graph\">{\"@context\":\"https:\/\/schema.org\",\"@graph\":[{\"@type\":\"Article\",\"@id\":\"https:\/\/www.latitude-15.com\/pt-br\/intercaribbean-airways-expande-rede-regional-com-novo-servico-barbados-trinidad\/#article\",\"isPartOf\":{\"@id\":\"https:\/\/www.latitude-15.com\/pt-br\/intercaribbean-airways-expande-rede-regional-com-novo-servico-barbados-trinidad\/\"},\"author\":{\"name\":\"Joda J\",\"@id\":\"https:\/\/www.latitude-15.com\/pt-br\/#\/schema\/person\/dac52e7ff44c78317f337da112e37252\"},\"headline\":\"InterCaribbean Airways expande rede regional com novo servi\u00e7o Barbados\u2013Trinidad\",\"datePublished\":\"2026-03-16T15:44:18+00:00\",\"dateModified\":\"2026-03-16T16:00:07+00:00\",\"mainEntityOfPage\":{\"@id\":\"https:\/\/www.latitude-15.com\/pt-br\/intercaribbean-airways-expande-rede-regional-com-novo-servico-barbados-trinidad\/\"},\"wordCount\":558,\"commentCount\":0,\"publisher\":{\"@id\":\"https:\/\/www.latitude-15.com\/pt-br\/#organization\"},\"image\":{\"@id\":\"https:\/\/www.latitude-15.com\/pt-br\/intercaribbean-airways-expande-rede-regional-com-novo-servico-barbados-trinidad\/#primaryimage\"},\"thumbnailUrl\":\"https:\/\/www.latitude-15.com\/wp-content\/uploads\/2026\/03\/Attimi_interCaribbean-065-1000x650-1.jpg\",\"articleSection\":[\"AVIA\u00c7\u00c3O\",\"Conectividade a\u00e9rea e Atratividade territorial\"],\"inLanguage\":\"pt-BR\",\"potentialAction\":[{\"@type\":\"CommentAction\",\"name\":\"Comment\",\"target\":[\"https:\/\/www.latitude-15.com\/pt-br\/intercaribbean-airways-expande-rede-regional-com-novo-servico-barbados-trinidad\/#respond\"]}]},{\"@type\":\"WebPage\",\"@id\":\"https:\/\/www.latitude-15.com\/pt-br\/intercaribbean-airways-expande-rede-regional-com-novo-servico-barbados-trinidad\/\",\"url\":\"https:\/\/www.latitude-15.com\/pt-br\/intercaribbean-airways-expande-rede-regional-com-novo-servico-barbados-trinidad\/\",\"name\":\"InterCaribbean Airways expande rede regional com novo servi\u00e7o Barbados\u2013Trinidad - LATITUDE 15\",\"isPartOf\":{\"@id\":\"https:\/\/www.latitude-15.com\/pt-br\/#website\"},\"primaryImageOfPage\":{\"@id\":\"https:\/\/www.latitude-15.com\/pt-br\/intercaribbean-airways-expande-rede-regional-com-novo-servico-barbados-trinidad\/#primaryimage\"},\"image\":{\"@id\":\"https:\/\/www.latitude-15.com\/pt-br\/intercaribbean-airways-expande-rede-regional-com-novo-servico-barbados-trinidad\/#primaryimage\"},\"thumbnailUrl\":\"https:\/\/www.latitude-15.com\/wp-content\/uploads\/2026\/03\/Attimi_interCaribbean-065-1000x650-1.jpg\",\"datePublished\":\"2026-03-16T15:44:18+00:00\",\"dateModified\":\"2026-03-16T16:00:07+00:00\",\"description\":\"A InterCaribbean Airways lan\u00e7ou uma nova rota direta entre Barbados e Trinidad, fortalecendo a conectividade a\u00e9rea regional\",\"breadcrumb\":{\"@id\":\"https:\/\/www.latitude-15.com\/pt-br\/intercaribbean-airways-expande-rede-regional-com-novo-servico-barbados-trinidad\/#breadcrumb\"},\"inLanguage\":\"pt-BR\",\"potentialAction\":[{\"@type\":\"ReadAction\",\"target\":[\"https:\/\/www.latitude-15.com\/pt-br\/intercaribbean-airways-expande-rede-regional-com-novo-servico-barbados-trinidad\/\"]}]},{\"@type\":\"ImageObject\",\"inLanguage\":\"pt-BR\",\"@id\":\"https:\/\/www.latitude-15.com\/pt-br\/intercaribbean-airways-expande-rede-regional-com-novo-servico-barbados-trinidad\/#primaryimage\",\"url\":\"https:\/\/www.latitude-15.com\/wp-content\/uploads\/2026\/03\/Attimi_interCaribbean-065-1000x650-1.jpg\",\"contentUrl\":\"https:\/\/www.latitude-15.com\/wp-content\/uploads\/2026\/03\/Attimi_interCaribbean-065-1000x650-1.jpg\",\"width\":1000,\"height\":650},{\"@type\":\"BreadcrumbList\",\"@id\":\"https:\/\/www.latitude-15.com\/pt-br\/intercaribbean-airways-expande-rede-regional-com-novo-servico-barbados-trinidad\/#breadcrumb\",\"itemListElement\":[{\"@type\":\"ListItem\",\"position\":1,\"name\":\"Home\",\"item\":\"https:\/\/www.latitude-15.com\/pt-br\/inicio\/\"},{\"@type\":\"ListItem\",\"position\":2,\"name\":\"InterCaribbean Airways expande rede regional com novo servi\u00e7o Barbados\u2013Trinidad\"}]},{\"@type\":\"WebSite\",\"@id\":\"https:\/\/www.latitude-15.com\/pt-br\/#website\",\"url\":\"https:\/\/www.latitude-15.com\/pt-br\/\",\"name\":\"LATITUDE 15\",\"description\":\"Aviation and maritime Magazine - Caribbean &amp; Latin America\",\"publisher\":{\"@id\":\"https:\/\/www.latitude-15.com\/pt-br\/#organization\"},\"potentialAction\":[{\"@type\":\"SearchAction\",\"target\":{\"@type\":\"EntryPoint\",\"urlTemplate\":\"https:\/\/www.latitude-15.com\/pt-br\/?s={search_term_string}\"},\"query-input\":{\"@type\":\"PropertyValueSpecification\",\"valueRequired\":true,\"valueName\":\"search_term_string\"}}],\"inLanguage\":\"pt-BR\"},{\"@type\":\"Organization\",\"@id\":\"https:\/\/www.latitude-15.com\/pt-br\/#organization\",\"name\":\"LATITUDE 15\",\"url\":\"https:\/\/www.latitude-15.com\/pt-br\/\",\"logo\":{\"@type\":\"ImageObject\",\"inLanguage\":\"pt-BR\",\"@id\":\"https:\/\/www.latitude-15.com\/pt-br\/#\/schema\/logo\/image\/\",\"url\":\"https:\/\/www.latitude-15.com\/wp-content\/uploads\/2026\/01\/cropped-logox500px.png\",\"contentUrl\":\"https:\/\/www.latitude-15.com\/wp-content\/uploads\/2026\/01\/cropped-logox500px.png\",\"width\":62,\"height\":75,\"caption\":\"LATITUDE 15\"},\"image\":{\"@id\":\"https:\/\/www.latitude-15.com\/pt-br\/#\/schema\/logo\/image\/\"}},{\"@type\":\"Person\",\"@id\":\"https:\/\/www.latitude-15.com\/pt-br\/#\/schema\/person\/dac52e7ff44c78317f337da112e37252\",\"name\":\"Joda J\",\"image\":{\"@type\":\"ImageObject\",\"inLanguage\":\"pt-BR\",\"@id\":\"https:\/\/www.latitude-15.com\/pt-br\/#\/schema\/person\/image\/\",\"url\":\"https:\/\/secure.gravatar.com\/avatar\/6b1feae555e15404b76616f92d931d12b25ac58024f14ccb43d9d3c012e4c4cf?s=96&d=mm&r=g\",\"contentUrl\":\"https:\/\/secure.gravatar.com\/avatar\/6b1feae555e15404b76616f92d931d12b25ac58024f14ccb43d9d3c012e4c4cf?s=96&d=mm&r=g\",\"caption\":\"Joda J\"},\"url\":\"https:\/\/www.latitude-15.com\/pt-br\/author\/joda\/\"}]}<\/script>\n<!-- \/ Yoast SEO plugin. -->","yoast_head_json":{"title":"InterCaribbean Airways expande rede regional com novo servi\u00e7o Barbados\u2013Trinidad - LATITUDE 15","description":"A InterCaribbean Airways lan\u00e7ou uma nova rota direta entre Barbados e Trinidad, fortalecendo a conectividade a\u00e9rea regional","robots":{"index":"index","follow":"follow","max-snippet":"max-snippet:-1","max-image-preview":"max-image-preview:large","max-video-preview":"max-video-preview:-1"},"canonical":"https:\/\/www.latitude-15.com\/pt-br\/intercaribbean-airways-expande-rede-regional-com-novo-servico-barbados-trinidad\/","og_locale":"pt_BR","og_type":"article","og_title":"InterCaribbean Airways expande rede regional com novo servi\u00e7o Barbados\u2013Trinidad - LATITUDE 15","og_description":"A InterCaribbean Airways lan\u00e7ou uma nova rota direta entre Barbados e Trinidad, fortalecendo a conectividade a\u00e9rea regional","og_url":"https:\/\/www.latitude-15.com\/pt-br\/intercaribbean-airways-expande-rede-regional-com-novo-servico-barbados-trinidad\/","og_site_name":"LATITUDE 15","article_published_time":"2026-03-16T15:44:18+00:00","article_modified_time":"2026-03-16T16:00:07+00:00","og_image":[{"width":1000,"height":650,"url":"https:\/\/www.latitude-15.com\/wp-content\/uploads\/2026\/03\/Attimi_interCaribbean-065-1000x650-1.jpg","type":"image\/jpeg"}],"author":"Joda J","twitter_card":"summary_large_image","twitter_misc":{"Escrito por":"Joda J","Est. tempo de leitura":"3 minutos"},"schema":{"@context":"https:\/\/schema.org","@graph":[{"@type":"Article","@id":"https:\/\/www.latitude-15.com\/pt-br\/intercaribbean-airways-expande-rede-regional-com-novo-servico-barbados-trinidad\/#article","isPartOf":{"@id":"https:\/\/www.latitude-15.com\/pt-br\/intercaribbean-airways-expande-rede-regional-com-novo-servico-barbados-trinidad\/"},"author":{"name":"Joda J","@id":"https:\/\/www.latitude-15.com\/pt-br\/#\/schema\/person\/dac52e7ff44c78317f337da112e37252"},"headline":"InterCaribbean Airways expande rede regional com novo servi\u00e7o Barbados\u2013Trinidad","datePublished":"2026-03-16T15:44:18+00:00","dateModified":"2026-03-16T16:00:07+00:00","mainEntityOfPage":{"@id":"https:\/\/www.latitude-15.com\/pt-br\/intercaribbean-airways-expande-rede-regional-com-novo-servico-barbados-trinidad\/"},"wordCount":558,"commentCount":0,"publisher":{"@id":"https:\/\/www.latitude-15.com\/pt-br\/#organization"},"image":{"@id":"https:\/\/www.latitude-15.com\/pt-br\/intercaribbean-airways-expande-rede-regional-com-novo-servico-barbados-trinidad\/#primaryimage"},"thumbnailUrl":"https:\/\/www.latitude-15.com\/wp-content\/uploads\/2026\/03\/Attimi_interCaribbean-065-1000x650-1.jpg","articleSection":["AVIA\u00c7\u00c3O","Conectividade a\u00e9rea e Atratividade territorial"],"inLanguage":"pt-BR","potentialAction":[{"@type":"CommentAction","name":"Comment","target":["https:\/\/www.latitude-15.com\/pt-br\/intercaribbean-airways-expande-rede-regional-com-novo-servico-barbados-trinidad\/#respond"]}]},{"@type":"WebPage","@id":"https:\/\/www.latitude-15.com\/pt-br\/intercaribbean-airways-expande-rede-regional-com-novo-servico-barbados-trinidad\/","url":"https:\/\/www.latitude-15.com\/pt-br\/intercaribbean-airways-expande-rede-regional-com-novo-servico-barbados-trinidad\/","name":"InterCaribbean Airways expande rede regional com novo servi\u00e7o Barbados\u2013Trinidad - LATITUDE 15","isPartOf":{"@id":"https:\/\/www.latitude-15.com\/pt-br\/#website"},"primaryImageOfPage":{"@id":"https:\/\/www.latitude-15.com\/pt-br\/intercaribbean-airways-expande-rede-regional-com-novo-servico-barbados-trinidad\/#primaryimage"},"image":{"@id":"https:\/\/www.latitude-15.com\/pt-br\/intercaribbean-airways-expande-rede-regional-com-novo-servico-barbados-trinidad\/#primaryimage"},"thumbnailUrl":"https:\/\/www.latitude-15.com\/wp-content\/uploads\/2026\/03\/Attimi_interCaribbean-065-1000x650-1.jpg","datePublished":"2026-03-16T15:44:18+00:00","dateModified":"2026-03-16T16:00:07+00:00","description":"A InterCaribbean Airways lan\u00e7ou uma nova rota direta entre Barbados e Trinidad, fortalecendo a conectividade a\u00e9rea regional","breadcrumb":{"@id":"https:\/\/www.latitude-15.com\/pt-br\/intercaribbean-airways-expande-rede-regional-com-novo-servico-barbados-trinidad\/#breadcrumb"},"inLanguage":"pt-BR","potentialAction":[{"@type":"ReadAction","target":["https:\/\/www.latitude-15.com\/pt-br\/intercaribbean-airways-expande-rede-regional-com-novo-servico-barbados-trinidad\/"]}]},{"@type":"ImageObject","inLanguage":"pt-BR","@id":"https:\/\/www.latitude-15.com\/pt-br\/intercaribbean-airways-expande-rede-regional-com-novo-servico-barbados-trinidad\/#primaryimage","url":"https:\/\/www.latitude-15.com\/wp-content\/uploads\/2026\/03\/Attimi_interCaribbean-065-1000x650-1.jpg","contentUrl":"https:\/\/www.latitude-15.com\/wp-content\/uploads\/2026\/03\/Attimi_interCaribbean-065-1000x650-1.jpg","width":1000,"height":650},{"@type":"BreadcrumbList","@id":"https:\/\/www.latitude-15.com\/pt-br\/intercaribbean-airways-expande-rede-regional-com-novo-servico-barbados-trinidad\/#breadcrumb","itemListElement":[{"@type":"ListItem","position":1,"name":"Home","item":"https:\/\/www.latitude-15.com\/pt-br\/inicio\/"},{"@type":"ListItem","position":2,"name":"InterCaribbean Airways expande rede regional com novo servi\u00e7o Barbados\u2013Trinidad"}]},{"@type":"WebSite","@id":"https:\/\/www.latitude-15.com\/pt-br\/#website","url":"https:\/\/www.latitude-15.com\/pt-br\/","name":"LATITUDE 15","description":"Aviation and maritime Magazine - Caribbean &amp; Latin America","publisher":{"@id":"https:\/\/www.latitude-15.com\/pt-br\/#organization"},"potentialAction":[{"@type":"SearchAction","target":{"@type":"EntryPoint","urlTemplate":"https:\/\/www.latitude-15.com\/pt-br\/?s={search_term_string}"},"query-input":{"@type":"PropertyValueSpecification","valueRequired":true,"valueName":"search_term_string"}}],"inLanguage":"pt-BR"},{"@type":"Organization","@id":"https:\/\/www.latitude-15.com\/pt-br\/#organization","name":"LATITUDE 15","url":"https:\/\/www.latitude-15.com\/pt-br\/","logo":{"@type":"ImageObject","inLanguage":"pt-BR","@id":"https:\/\/www.latitude-15.com\/pt-br\/#\/schema\/logo\/image\/","url":"https:\/\/www.latitude-15.com\/wp-content\/uploads\/2026\/01\/cropped-logox500px.png","contentUrl":"https:\/\/www.latitude-15.com\/wp-content\/uploads\/2026\/01\/cropped-logox500px.png","width":62,"height":75,"caption":"LATITUDE 15"},"image":{"@id":"https:\/\/www.latitude-15.com\/pt-br\/#\/schema\/logo\/image\/"}},{"@type":"Person","@id":"https:\/\/www.latitude-15.com\/pt-br\/#\/schema\/person\/dac52e7ff44c78317f337da112e37252","name":"Joda J","image":{"@type":"ImageObject","inLanguage":"pt-BR","@id":"https:\/\/www.latitude-15.com\/pt-br\/#\/schema\/person\/image\/","url":"https:\/\/secure.gravatar.com\/avatar\/6b1feae555e15404b76616f92d931d12b25ac58024f14ccb43d9d3c012e4c4cf?s=96&d=mm&r=g","contentUrl":"https:\/\/secure.gravatar.com\/avatar\/6b1feae555e15404b76616f92d931d12b25ac58024f14ccb43d9d3c012e4c4cf?s=96&d=mm&r=g","caption":"Joda J"},"url":"https:\/\/www.latitude-15.com\/pt-br\/author\/joda\/"}]}},"_links":{"self":[{"href":"https:\/\/www.latitude-15.com\/pt-br\/wp-json\/wp\/v2\/posts\/21590","targetHints":{"allow":["GET"]}}],"collection":[{"href":"https:\/\/www.latitude-15.com\/pt-br\/wp-json\/wp\/v2\/posts"}],"about":[{"href":"https:\/\/www.latitude-15.com\/pt-br\/wp-json\/wp\/v2\/types\/post"}],"author":[{"embeddable":true,"href":"https:\/\/www.latitude-15.com\/pt-br\/wp-json\/wp\/v2\/users\/5"}],"replies":[{"embeddable":true,"href":"https:\/\/www.latitude-15.com\/pt-br\/wp-json\/wp\/v2\/comments?post=21590"}],"version-history":[{"count":1,"href":"https:\/\/www.latitude-15.com\/pt-br\/wp-json\/wp\/v2\/posts\/21590\/revisions"}],"predecessor-version":[{"id":21591,"href":"https:\/\/www.latitude-15.com\/pt-br\/wp-json\/wp\/v2\/posts\/21590\/revisions\/21591"}],"wp:featuredmedia":[{"embeddable":true,"href":"https:\/\/www.latitude-15.com\/pt-br\/wp-json\/wp\/v2\/media\/21589"}],"wp:attachment":[{"href":"https:\/\/www.latitude-15.com\/pt-br\/wp-json\/wp\/v2\/media?parent=21590"}],"wp:term":[{"taxonomy":"category","embeddable":true,"href":"https:\/\/www.latitude-15.com\/pt-br\/wp-json\/wp\/v2\/categories?post=21590"},{"taxonomy":"post_tag","embeddable":true,"href":"https:\/\/www.latitude-15.com\/pt-br\/wp-json\/wp\/v2\/tags?post=21590"}],"curies":[{"name":"wp","href":"https:\/\/api.w.org\/{rel}","templated":true}]}}