{"id":21561,"date":"2026-03-13T10:04:37","date_gmt":"2026-03-13T14:04:37","guid":{"rendered":"https:\/\/www.latitude-15.com\/receitas-do-canal-do-panama-aumentam-com-a-recuperacao-do-trafego-maritimo-no-inicio-de-2026\/"},"modified":"2026-03-13T13:58:59","modified_gmt":"2026-03-13T17:58:59","slug":"receitas-do-canal-do-panama-aumentam-com-a-recuperacao-do-trafego-maritimo-no-inicio-de-2026","status":"publish","type":"post","link":"https:\/\/www.latitude-15.com\/pt-br\/receitas-do-canal-do-panama-aumentam-com-a-recuperacao-do-trafego-maritimo-no-inicio-de-2026\/","title":{"rendered":"Receitas do Canal do Panam\u00e1 aumentam com a recupera\u00e7\u00e3o do tr\u00e1fego mar\u00edtimo no in\u00edcio de 2026"},"content":{"rendered":"\n<p>O Canal do Panam\u00e1 est\u00e1 reportando uma atividade operacional mais forte do que o esperado no in\u00edcio do ano fiscal de 2026, sinalizando um renovado impulso para um dos corredores de com\u00e9rcio mar\u00edtimo mais cr\u00edticos do mundo.<\/p>\n\n<p>Durante a <strong>CMA Shipping Conference and Expo 2026<\/strong>, o Administrador do Canal do Panam\u00e1, <strong>Dr. Ricaurte V\u00e1squez Morales<\/strong>, revelou que as receitas do canal durante os primeiros cinco meses do ano fiscal de 2026 foram aproximadamente <strong>8% a 10% superiores ao mesmo per\u00edodo em 2025<\/strong>. O aumento reflete tanto um aumento nos tr\u00e2nsitos de navios quanto volumes crescentes de carga movimentados atrav\u00e9s da via interoce\u00e2nica. <\/p>\n\n<p>Os dados sugerem uma recupera\u00e7\u00e3o gradual na atividade do canal ap\u00f3s as restri\u00e7\u00f5es operacionais vivenciadas nos \u00faltimos anos, quando condi\u00e7\u00f5es prolongadas de seca for\u00e7aram a Autoridade do Canal do Panam\u00e1 a introduzir limita\u00e7\u00f5es de tr\u00e2nsito para gerenciar os n\u00edveis de \u00e1gua.<\/p>\n\n<p>Apesar desses desafios, o canal continua a demonstrar sua resili\u00eancia como uma art\u00e9ria fundamental para o com\u00e9rcio mar\u00edtimo global, conectando as bacias do Atl\u00e2ntico e do Pac\u00edfico.<\/p>\n\n<figure class=\"wp-block-image size-large\"><img fetchpriority=\"high\" decoding=\"async\" width=\"1024\" height=\"682\" src=\"https:\/\/www.latitude-15.com\/wp-content\/uploads\/2026\/03\/A7V09078.jpg-1024x682.jpg\" alt=\"\" class=\"wp-image-21507\" srcset=\"https:\/\/www.latitude-15.com\/wp-content\/uploads\/2026\/03\/A7V09078.jpg-1024x682.jpg 1024w, https:\/\/www.latitude-15.com\/wp-content\/uploads\/2026\/03\/A7V09078.jpg-300x200.jpg 300w, https:\/\/www.latitude-15.com\/wp-content\/uploads\/2026\/03\/A7V09078.jpg-768x512.jpg 768w, https:\/\/www.latitude-15.com\/wp-content\/uploads\/2026\/03\/A7V09078.jpg.jpg 1280w\" sizes=\"(max-width: 1024px) 100vw, 1024px\" \/><\/figure>\n\n<h2 class=\"wp-block-heading\">Investimentos estrat\u00e9gicos para fortalecer a confiabilidade a longo prazo<\/h2>\n\n<p>Al\u00e9m da recupera\u00e7\u00e3o de curto prazo no tr\u00e1fego, a Autoridade do Canal do Panam\u00e1 est\u00e1 implementando uma estrat\u00e9gia de infraestrutura mais ampla, projetada para garantir a confiabilidade e competitividade a longo prazo da via naveg\u00e1vel.<\/p>\n\n<p>Central a esta estrat\u00e9gia \u00e9 a <strong>Canal Vision 2035<\/strong>, um roteiro de desenvolvimento a longo prazo destinado a refor\u00e7ar a posi\u00e7\u00e3o do canal nas cadeias de suprimento globais. A iniciativa inclui projetos destinados a expandir a capacidade log\u00edstica e introduzir infraestrutura complementar que poderia permitir que determinados fluxos de carga se movam atrav\u00e9s do Panam\u00e1 sem aumentar o congestionamento no pr\u00f3prio canal. <\/p>\n\n<p>Entre os projetos mais significativos em discuss\u00e3o est\u00e1 a <strong>iniciativa do Lago R\u00edo Indio<\/strong>, que aumentaria a capacidade de armazenamento de \u00e1gua do canal e ajudaria a estabilizar as opera\u00e7\u00f5es durante per\u00edodos de seca. Ao criar um reservat\u00f3rio de \u00e1gua adicional, o projeto visa fortalecer a resili\u00eancia do canal \u00e0 variabilidade clim\u00e1tica, garantindo condi\u00e7\u00f5es de tr\u00e2nsito confi\u00e1veis para o transporte mar\u00edtimo global. <\/p>\n\n<p>Ao mesmo tempo, a autoridade do canal est\u00e1 explorando oportunidades para consolidar ainda mais o papel do Panam\u00e1 como um <strong>hub regional de transbordo<\/strong>, incluindo o desenvolvimento de um novo terminal de cont\u00eaineres projetado para suportar o crescente volume de carga movimentado atrav\u00e9s do ecossistema log\u00edstico do pa\u00eds.<\/p>\n\n<figure class=\"wp-block-image size-full\"><img decoding=\"async\" width=\"1000\" height=\"667\" data-src=\"https:\/\/www.latitude-15.com\/wp-content\/uploads\/2026\/03\/A7V07768.jpg.jpg\" alt=\"\" class=\"wp-image-21506 lazyload\" data-srcset=\"https:\/\/www.latitude-15.com\/wp-content\/uploads\/2026\/03\/A7V07768.jpg.jpg 1000w, https:\/\/www.latitude-15.com\/wp-content\/uploads\/2026\/03\/A7V07768.jpg-300x200.jpg 300w, https:\/\/www.latitude-15.com\/wp-content\/uploads\/2026\/03\/A7V07768.jpg-768x512.jpg 768w\" data-sizes=\"(max-width: 1000px) 100vw, 1000px\" src=\"data:image\/svg+xml;base64,PHN2ZyB3aWR0aD0iMSIgaGVpZ2h0PSIxIiB4bWxucz0iaHR0cDovL3d3dy53My5vcmcvMjAwMC9zdmciPjwvc3ZnPg==\" style=\"--smush-placeholder-width: 1000px; --smush-placeholder-aspect-ratio: 1000\/667;\" \/><\/figure>\n\n<h2 class=\"wp-block-heading\">Apoiando a descarboniza\u00e7\u00e3o mar\u00edtima<\/h2>\n\n<p>Juntamente com o desenvolvimento de infraestrutura, o Canal do Panam\u00e1 tamb\u00e9m est\u00e1 avan\u00e7ando iniciativas alinhadas com os esfor\u00e7os mais amplos de descarboniza\u00e7\u00e3o da ind\u00fastria mar\u00edtima.<\/p>\n\n<p>Um dos programas principais \u00e9 a <strong>iniciativa NetZero Slot<\/strong>, que incentiva embarca\u00e7\u00f5es que adotam tecnologias de menor emiss\u00e3o e combust\u00edveis alternativos. O programa faz parte da estrat\u00e9gia mais ampla da autoridade do canal para apoiar a transi\u00e7\u00e3o em dire\u00e7\u00e3o a opera\u00e7\u00f5es mar\u00edtimas mais limpas, mantendo a efici\u00eancia operacional. <\/p>\n\n<p>\u00c0 medida que as empresas de navega\u00e7\u00e3o enfrentam press\u00e3o crescente para reduzir emiss\u00f5es e cumprir regulamenta\u00e7\u00f5es ambientais em evolu\u00e7\u00e3o, iniciativas como a NetZero Slot destacam o esfor\u00e7o do canal para permanecer alinhado com a trajet\u00f3ria futura da ind\u00fastria mar\u00edtima global.<\/p>\n\n<h2 class=\"wp-block-heading\">Um corredor estrat\u00e9gico para o com\u00e9rcio global<\/h2>\n\n<p>Estabelecido como um pilar da log\u00edstica mar\u00edtima internacional, o Canal do Panam\u00e1 continua a desempenhar um papel fundamental na facilita\u00e7\u00e3o dos fluxos de com\u00e9rcio global. Os \u00faltimos n\u00fameros de desempenho sugerem que, apesar das press\u00f5es operacionais relacionadas ao clima, a via naveg\u00e1vel permanece um componente vital e resiliente da infraestrutura da cadeia de suprimentos mundial. <\/p>\n\n<p>Com volumes crescentes de carga, investimentos cont\u00ednuos em infraestrutura e novas iniciativas de sustentabilidade, o canal parece preparado para refor\u00e7ar sua relev\u00e2ncia estrat\u00e9gica no cen\u00e1rio em evolu\u00e7\u00e3o do transporte mar\u00edtimo global.<\/p>\n","protected":false},"excerpt":{"rendered":"<p>O Canal do Panam\u00e1 est\u00e1 reportando uma atividade operacional mais forte do que o esperado no in\u00edcio do ano fiscal de 2026, sinalizando um renovado impulso para um dos corredores de com\u00e9rcio mar\u00edtimo mais cr\u00edticos do mundo. Durante a CMA Shipping Conference and Expo 2026, o Administrador do Canal do Panam\u00e1, Dr. Ricaurte V\u00e1squez Morales, [&hellip;]<\/p>\n","protected":false},"author":5,"featured_media":21560,"comment_status":"open","ping_status":"closed","sticky":false,"template":"","format":"standard","meta":{"footnotes":""},"categories":[131,119],"tags":[],"class_list":["post-21561","post","type-post","status-publish","format-standard","has-post-thumbnail","hentry","category-conectividade-maritima-e-mobilidade","category-maritimo"],"yoast_head":"<!-- This site is optimized with the Yoast SEO plugin v26.9 - https:\/\/yoast.com\/product\/yoast-seo-wordpress\/ -->\n<title>Receitas do Canal do Panam\u00e1 aumentam com a recupera\u00e7\u00e3o do tr\u00e1fego mar\u00edtimo no in\u00edcio de 2026 - LATITUDE 15<\/title>\n<meta name=\"robots\" content=\"index, follow, max-snippet:-1, max-image-preview:large, max-video-preview:-1\" \/>\n<link rel=\"canonical\" href=\"https:\/\/www.latitude-15.com\/pt-br\/receitas-do-canal-do-panama-aumentam-com-a-recuperacao-do-trafego-maritimo-no-inicio-de-2026\/\" \/>\n<meta property=\"og:locale\" content=\"pt_BR\" \/>\n<meta property=\"og:type\" content=\"article\" \/>\n<meta property=\"og:title\" content=\"Receitas do Canal do Panam\u00e1 aumentam com a recupera\u00e7\u00e3o do tr\u00e1fego mar\u00edtimo no in\u00edcio de 2026 - LATITUDE 15\" \/>\n<meta property=\"og:description\" content=\"O Canal do Panam\u00e1 est\u00e1 reportando uma atividade operacional mais forte do que o esperado no in\u00edcio do ano fiscal de 2026, sinalizando um renovado impulso para um dos corredores de com\u00e9rcio mar\u00edtimo mais cr\u00edticos do mundo. Durante a CMA Shipping Conference and Expo 2026, o Administrador do Canal do Panam\u00e1, Dr. Ricaurte V\u00e1squez Morales, [&hellip;]\" \/>\n<meta property=\"og:url\" content=\"https:\/\/www.latitude-15.com\/pt-br\/receitas-do-canal-do-panama-aumentam-com-a-recuperacao-do-trafego-maritimo-no-inicio-de-2026\/\" \/>\n<meta property=\"og:site_name\" content=\"LATITUDE 15\" \/>\n<meta property=\"article:published_time\" content=\"2026-03-13T14:04:37+00:00\" \/>\n<meta property=\"article:modified_time\" content=\"2026-03-13T17:58:59+00:00\" \/>\n<meta property=\"og:image\" content=\"https:\/\/www.latitude-15.com\/wp-content\/uploads\/2026\/03\/pexels-michael-d-camphin-275254-2906490.jpg\" \/>\n\t<meta property=\"og:image:width\" content=\"1280\" \/>\n\t<meta property=\"og:image:height\" content=\"850\" \/>\n\t<meta property=\"og:image:type\" content=\"image\/jpeg\" \/>\n<meta name=\"author\" content=\"Joda J\" \/>\n<meta name=\"twitter:card\" content=\"summary_large_image\" \/>\n<meta name=\"twitter:label1\" content=\"Escrito por\" \/>\n\t<meta name=\"twitter:data1\" content=\"Joda J\" \/>\n\t<meta name=\"twitter:label2\" content=\"Est. tempo de leitura\" \/>\n\t<meta name=\"twitter:data2\" content=\"3 minutos\" \/>\n<script type=\"application\/ld+json\" class=\"yoast-schema-graph\">{\"@context\":\"https:\/\/schema.org\",\"@graph\":[{\"@type\":\"Article\",\"@id\":\"https:\/\/www.latitude-15.com\/pt-br\/receitas-do-canal-do-panama-aumentam-com-a-recuperacao-do-trafego-maritimo-no-inicio-de-2026\/#article\",\"isPartOf\":{\"@id\":\"https:\/\/www.latitude-15.com\/pt-br\/receitas-do-canal-do-panama-aumentam-com-a-recuperacao-do-trafego-maritimo-no-inicio-de-2026\/\"},\"author\":{\"name\":\"Joda J\",\"@id\":\"https:\/\/www.latitude-15.com\/pt-br\/#\/schema\/person\/dac52e7ff44c78317f337da112e37252\"},\"headline\":\"Receitas do Canal do Panam\u00e1 aumentam com a recupera\u00e7\u00e3o do tr\u00e1fego mar\u00edtimo no in\u00edcio de 2026\",\"datePublished\":\"2026-03-13T14:04:37+00:00\",\"dateModified\":\"2026-03-13T17:58:59+00:00\",\"mainEntityOfPage\":{\"@id\":\"https:\/\/www.latitude-15.com\/pt-br\/receitas-do-canal-do-panama-aumentam-com-a-recuperacao-do-trafego-maritimo-no-inicio-de-2026\/\"},\"wordCount\":696,\"commentCount\":0,\"publisher\":{\"@id\":\"https:\/\/www.latitude-15.com\/pt-br\/#organization\"},\"image\":{\"@id\":\"https:\/\/www.latitude-15.com\/pt-br\/receitas-do-canal-do-panama-aumentam-com-a-recuperacao-do-trafego-maritimo-no-inicio-de-2026\/#primaryimage\"},\"thumbnailUrl\":\"https:\/\/www.latitude-15.com\/wp-content\/uploads\/2026\/03\/pexels-michael-d-camphin-275254-2906490.jpg\",\"articleSection\":[\"Conectividade mar\u00edtima e mobilidade\",\"MAR\u00cdTIMO\"],\"inLanguage\":\"pt-BR\",\"potentialAction\":[{\"@type\":\"CommentAction\",\"name\":\"Comment\",\"target\":[\"https:\/\/www.latitude-15.com\/pt-br\/receitas-do-canal-do-panama-aumentam-com-a-recuperacao-do-trafego-maritimo-no-inicio-de-2026\/#respond\"]}]},{\"@type\":\"WebPage\",\"@id\":\"https:\/\/www.latitude-15.com\/pt-br\/receitas-do-canal-do-panama-aumentam-com-a-recuperacao-do-trafego-maritimo-no-inicio-de-2026\/\",\"url\":\"https:\/\/www.latitude-15.com\/pt-br\/receitas-do-canal-do-panama-aumentam-com-a-recuperacao-do-trafego-maritimo-no-inicio-de-2026\/\",\"name\":\"Receitas do Canal do Panam\u00e1 aumentam com a recupera\u00e7\u00e3o do tr\u00e1fego mar\u00edtimo no in\u00edcio de 2026 - LATITUDE 15\",\"isPartOf\":{\"@id\":\"https:\/\/www.latitude-15.com\/pt-br\/#website\"},\"primaryImageOfPage\":{\"@id\":\"https:\/\/www.latitude-15.com\/pt-br\/receitas-do-canal-do-panama-aumentam-com-a-recuperacao-do-trafego-maritimo-no-inicio-de-2026\/#primaryimage\"},\"image\":{\"@id\":\"https:\/\/www.latitude-15.com\/pt-br\/receitas-do-canal-do-panama-aumentam-com-a-recuperacao-do-trafego-maritimo-no-inicio-de-2026\/#primaryimage\"},\"thumbnailUrl\":\"https:\/\/www.latitude-15.com\/wp-content\/uploads\/2026\/03\/pexels-michael-d-camphin-275254-2906490.jpg\",\"datePublished\":\"2026-03-13T14:04:37+00:00\",\"dateModified\":\"2026-03-13T17:58:59+00:00\",\"breadcrumb\":{\"@id\":\"https:\/\/www.latitude-15.com\/pt-br\/receitas-do-canal-do-panama-aumentam-com-a-recuperacao-do-trafego-maritimo-no-inicio-de-2026\/#breadcrumb\"},\"inLanguage\":\"pt-BR\",\"potentialAction\":[{\"@type\":\"ReadAction\",\"target\":[\"https:\/\/www.latitude-15.com\/pt-br\/receitas-do-canal-do-panama-aumentam-com-a-recuperacao-do-trafego-maritimo-no-inicio-de-2026\/\"]}]},{\"@type\":\"ImageObject\",\"inLanguage\":\"pt-BR\",\"@id\":\"https:\/\/www.latitude-15.com\/pt-br\/receitas-do-canal-do-panama-aumentam-com-a-recuperacao-do-trafego-maritimo-no-inicio-de-2026\/#primaryimage\",\"url\":\"https:\/\/www.latitude-15.com\/wp-content\/uploads\/2026\/03\/pexels-michael-d-camphin-275254-2906490.jpg\",\"contentUrl\":\"https:\/\/www.latitude-15.com\/wp-content\/uploads\/2026\/03\/pexels-michael-d-camphin-275254-2906490.jpg\",\"width\":1280,\"height\":850},{\"@type\":\"BreadcrumbList\",\"@id\":\"https:\/\/www.latitude-15.com\/pt-br\/receitas-do-canal-do-panama-aumentam-com-a-recuperacao-do-trafego-maritimo-no-inicio-de-2026\/#breadcrumb\",\"itemListElement\":[{\"@type\":\"ListItem\",\"position\":1,\"name\":\"Home\",\"item\":\"https:\/\/www.latitude-15.com\/pt-br\/inicio\/\"},{\"@type\":\"ListItem\",\"position\":2,\"name\":\"Receitas do Canal do Panam\u00e1 aumentam com a recupera\u00e7\u00e3o do tr\u00e1fego mar\u00edtimo no in\u00edcio de 2026\"}]},{\"@type\":\"WebSite\",\"@id\":\"https:\/\/www.latitude-15.com\/pt-br\/#website\",\"url\":\"https:\/\/www.latitude-15.com\/pt-br\/\",\"name\":\"LATITUDE 15\",\"description\":\"Aviation and maritime Magazine - Caribbean &amp; Latin America\",\"publisher\":{\"@id\":\"https:\/\/www.latitude-15.com\/pt-br\/#organization\"},\"potentialAction\":[{\"@type\":\"SearchAction\",\"target\":{\"@type\":\"EntryPoint\",\"urlTemplate\":\"https:\/\/www.latitude-15.com\/pt-br\/?s={search_term_string}\"},\"query-input\":{\"@type\":\"PropertyValueSpecification\",\"valueRequired\":true,\"valueName\":\"search_term_string\"}}],\"inLanguage\":\"pt-BR\"},{\"@type\":\"Organization\",\"@id\":\"https:\/\/www.latitude-15.com\/pt-br\/#organization\",\"name\":\"LATITUDE 15\",\"url\":\"https:\/\/www.latitude-15.com\/pt-br\/\",\"logo\":{\"@type\":\"ImageObject\",\"inLanguage\":\"pt-BR\",\"@id\":\"https:\/\/www.latitude-15.com\/pt-br\/#\/schema\/logo\/image\/\",\"url\":\"https:\/\/www.latitude-15.com\/wp-content\/uploads\/2026\/01\/cropped-logox500px.png\",\"contentUrl\":\"https:\/\/www.latitude-15.com\/wp-content\/uploads\/2026\/01\/cropped-logox500px.png\",\"width\":62,\"height\":75,\"caption\":\"LATITUDE 15\"},\"image\":{\"@id\":\"https:\/\/www.latitude-15.com\/pt-br\/#\/schema\/logo\/image\/\"}},{\"@type\":\"Person\",\"@id\":\"https:\/\/www.latitude-15.com\/pt-br\/#\/schema\/person\/dac52e7ff44c78317f337da112e37252\",\"name\":\"Joda J\",\"image\":{\"@type\":\"ImageObject\",\"inLanguage\":\"pt-BR\",\"@id\":\"https:\/\/www.latitude-15.com\/pt-br\/#\/schema\/person\/image\/\",\"url\":\"https:\/\/secure.gravatar.com\/avatar\/6b1feae555e15404b76616f92d931d12b25ac58024f14ccb43d9d3c012e4c4cf?s=96&d=mm&r=g\",\"contentUrl\":\"https:\/\/secure.gravatar.com\/avatar\/6b1feae555e15404b76616f92d931d12b25ac58024f14ccb43d9d3c012e4c4cf?s=96&d=mm&r=g\",\"caption\":\"Joda J\"},\"url\":\"https:\/\/www.latitude-15.com\/pt-br\/author\/joda\/\"}]}<\/script>\n<!-- \/ Yoast SEO plugin. -->","yoast_head_json":{"title":"Receitas do Canal do Panam\u00e1 aumentam com a recupera\u00e7\u00e3o do tr\u00e1fego mar\u00edtimo no in\u00edcio de 2026 - LATITUDE 15","robots":{"index":"index","follow":"follow","max-snippet":"max-snippet:-1","max-image-preview":"max-image-preview:large","max-video-preview":"max-video-preview:-1"},"canonical":"https:\/\/www.latitude-15.com\/pt-br\/receitas-do-canal-do-panama-aumentam-com-a-recuperacao-do-trafego-maritimo-no-inicio-de-2026\/","og_locale":"pt_BR","og_type":"article","og_title":"Receitas do Canal do Panam\u00e1 aumentam com a recupera\u00e7\u00e3o do tr\u00e1fego mar\u00edtimo no in\u00edcio de 2026 - LATITUDE 15","og_description":"O Canal do Panam\u00e1 est\u00e1 reportando uma atividade operacional mais forte do que o esperado no in\u00edcio do ano fiscal de 2026, sinalizando um renovado impulso para um dos corredores de com\u00e9rcio mar\u00edtimo mais cr\u00edticos do mundo. Durante a CMA Shipping Conference and Expo 2026, o Administrador do Canal do Panam\u00e1, Dr. Ricaurte V\u00e1squez Morales, [&hellip;]","og_url":"https:\/\/www.latitude-15.com\/pt-br\/receitas-do-canal-do-panama-aumentam-com-a-recuperacao-do-trafego-maritimo-no-inicio-de-2026\/","og_site_name":"LATITUDE 15","article_published_time":"2026-03-13T14:04:37+00:00","article_modified_time":"2026-03-13T17:58:59+00:00","og_image":[{"width":1280,"height":850,"url":"https:\/\/www.latitude-15.com\/wp-content\/uploads\/2026\/03\/pexels-michael-d-camphin-275254-2906490.jpg","type":"image\/jpeg"}],"author":"Joda J","twitter_card":"summary_large_image","twitter_misc":{"Escrito por":"Joda J","Est. tempo de leitura":"3 minutos"},"schema":{"@context":"https:\/\/schema.org","@graph":[{"@type":"Article","@id":"https:\/\/www.latitude-15.com\/pt-br\/receitas-do-canal-do-panama-aumentam-com-a-recuperacao-do-trafego-maritimo-no-inicio-de-2026\/#article","isPartOf":{"@id":"https:\/\/www.latitude-15.com\/pt-br\/receitas-do-canal-do-panama-aumentam-com-a-recuperacao-do-trafego-maritimo-no-inicio-de-2026\/"},"author":{"name":"Joda J","@id":"https:\/\/www.latitude-15.com\/pt-br\/#\/schema\/person\/dac52e7ff44c78317f337da112e37252"},"headline":"Receitas do Canal do Panam\u00e1 aumentam com a recupera\u00e7\u00e3o do tr\u00e1fego mar\u00edtimo no in\u00edcio de 2026","datePublished":"2026-03-13T14:04:37+00:00","dateModified":"2026-03-13T17:58:59+00:00","mainEntityOfPage":{"@id":"https:\/\/www.latitude-15.com\/pt-br\/receitas-do-canal-do-panama-aumentam-com-a-recuperacao-do-trafego-maritimo-no-inicio-de-2026\/"},"wordCount":696,"commentCount":0,"publisher":{"@id":"https:\/\/www.latitude-15.com\/pt-br\/#organization"},"image":{"@id":"https:\/\/www.latitude-15.com\/pt-br\/receitas-do-canal-do-panama-aumentam-com-a-recuperacao-do-trafego-maritimo-no-inicio-de-2026\/#primaryimage"},"thumbnailUrl":"https:\/\/www.latitude-15.com\/wp-content\/uploads\/2026\/03\/pexels-michael-d-camphin-275254-2906490.jpg","articleSection":["Conectividade mar\u00edtima e mobilidade","MAR\u00cdTIMO"],"inLanguage":"pt-BR","potentialAction":[{"@type":"CommentAction","name":"Comment","target":["https:\/\/www.latitude-15.com\/pt-br\/receitas-do-canal-do-panama-aumentam-com-a-recuperacao-do-trafego-maritimo-no-inicio-de-2026\/#respond"]}]},{"@type":"WebPage","@id":"https:\/\/www.latitude-15.com\/pt-br\/receitas-do-canal-do-panama-aumentam-com-a-recuperacao-do-trafego-maritimo-no-inicio-de-2026\/","url":"https:\/\/www.latitude-15.com\/pt-br\/receitas-do-canal-do-panama-aumentam-com-a-recuperacao-do-trafego-maritimo-no-inicio-de-2026\/","name":"Receitas do Canal do Panam\u00e1 aumentam com a recupera\u00e7\u00e3o do tr\u00e1fego mar\u00edtimo no in\u00edcio de 2026 - LATITUDE 15","isPartOf":{"@id":"https:\/\/www.latitude-15.com\/pt-br\/#website"},"primaryImageOfPage":{"@id":"https:\/\/www.latitude-15.com\/pt-br\/receitas-do-canal-do-panama-aumentam-com-a-recuperacao-do-trafego-maritimo-no-inicio-de-2026\/#primaryimage"},"image":{"@id":"https:\/\/www.latitude-15.com\/pt-br\/receitas-do-canal-do-panama-aumentam-com-a-recuperacao-do-trafego-maritimo-no-inicio-de-2026\/#primaryimage"},"thumbnailUrl":"https:\/\/www.latitude-15.com\/wp-content\/uploads\/2026\/03\/pexels-michael-d-camphin-275254-2906490.jpg","datePublished":"2026-03-13T14:04:37+00:00","dateModified":"2026-03-13T17:58:59+00:00","breadcrumb":{"@id":"https:\/\/www.latitude-15.com\/pt-br\/receitas-do-canal-do-panama-aumentam-com-a-recuperacao-do-trafego-maritimo-no-inicio-de-2026\/#breadcrumb"},"inLanguage":"pt-BR","potentialAction":[{"@type":"ReadAction","target":["https:\/\/www.latitude-15.com\/pt-br\/receitas-do-canal-do-panama-aumentam-com-a-recuperacao-do-trafego-maritimo-no-inicio-de-2026\/"]}]},{"@type":"ImageObject","inLanguage":"pt-BR","@id":"https:\/\/www.latitude-15.com\/pt-br\/receitas-do-canal-do-panama-aumentam-com-a-recuperacao-do-trafego-maritimo-no-inicio-de-2026\/#primaryimage","url":"https:\/\/www.latitude-15.com\/wp-content\/uploads\/2026\/03\/pexels-michael-d-camphin-275254-2906490.jpg","contentUrl":"https:\/\/www.latitude-15.com\/wp-content\/uploads\/2026\/03\/pexels-michael-d-camphin-275254-2906490.jpg","width":1280,"height":850},{"@type":"BreadcrumbList","@id":"https:\/\/www.latitude-15.com\/pt-br\/receitas-do-canal-do-panama-aumentam-com-a-recuperacao-do-trafego-maritimo-no-inicio-de-2026\/#breadcrumb","itemListElement":[{"@type":"ListItem","position":1,"name":"Home","item":"https:\/\/www.latitude-15.com\/pt-br\/inicio\/"},{"@type":"ListItem","position":2,"name":"Receitas do Canal do Panam\u00e1 aumentam com a recupera\u00e7\u00e3o do tr\u00e1fego mar\u00edtimo no in\u00edcio de 2026"}]},{"@type":"WebSite","@id":"https:\/\/www.latitude-15.com\/pt-br\/#website","url":"https:\/\/www.latitude-15.com\/pt-br\/","name":"LATITUDE 15","description":"Aviation and maritime Magazine - Caribbean &amp; Latin America","publisher":{"@id":"https:\/\/www.latitude-15.com\/pt-br\/#organization"},"potentialAction":[{"@type":"SearchAction","target":{"@type":"EntryPoint","urlTemplate":"https:\/\/www.latitude-15.com\/pt-br\/?s={search_term_string}"},"query-input":{"@type":"PropertyValueSpecification","valueRequired":true,"valueName":"search_term_string"}}],"inLanguage":"pt-BR"},{"@type":"Organization","@id":"https:\/\/www.latitude-15.com\/pt-br\/#organization","name":"LATITUDE 15","url":"https:\/\/www.latitude-15.com\/pt-br\/","logo":{"@type":"ImageObject","inLanguage":"pt-BR","@id":"https:\/\/www.latitude-15.com\/pt-br\/#\/schema\/logo\/image\/","url":"https:\/\/www.latitude-15.com\/wp-content\/uploads\/2026\/01\/cropped-logox500px.png","contentUrl":"https:\/\/www.latitude-15.com\/wp-content\/uploads\/2026\/01\/cropped-logox500px.png","width":62,"height":75,"caption":"LATITUDE 15"},"image":{"@id":"https:\/\/www.latitude-15.com\/pt-br\/#\/schema\/logo\/image\/"}},{"@type":"Person","@id":"https:\/\/www.latitude-15.com\/pt-br\/#\/schema\/person\/dac52e7ff44c78317f337da112e37252","name":"Joda J","image":{"@type":"ImageObject","inLanguage":"pt-BR","@id":"https:\/\/www.latitude-15.com\/pt-br\/#\/schema\/person\/image\/","url":"https:\/\/secure.gravatar.com\/avatar\/6b1feae555e15404b76616f92d931d12b25ac58024f14ccb43d9d3c012e4c4cf?s=96&d=mm&r=g","contentUrl":"https:\/\/secure.gravatar.com\/avatar\/6b1feae555e15404b76616f92d931d12b25ac58024f14ccb43d9d3c012e4c4cf?s=96&d=mm&r=g","caption":"Joda J"},"url":"https:\/\/www.latitude-15.com\/pt-br\/author\/joda\/"}]}},"_links":{"self":[{"href":"https:\/\/www.latitude-15.com\/pt-br\/wp-json\/wp\/v2\/posts\/21561","targetHints":{"allow":["GET"]}}],"collection":[{"href":"https:\/\/www.latitude-15.com\/pt-br\/wp-json\/wp\/v2\/posts"}],"about":[{"href":"https:\/\/www.latitude-15.com\/pt-br\/wp-json\/wp\/v2\/types\/post"}],"author":[{"embeddable":true,"href":"https:\/\/www.latitude-15.com\/pt-br\/wp-json\/wp\/v2\/users\/5"}],"replies":[{"embeddable":true,"href":"https:\/\/www.latitude-15.com\/pt-br\/wp-json\/wp\/v2\/comments?post=21561"}],"version-history":[{"count":1,"href":"https:\/\/www.latitude-15.com\/pt-br\/wp-json\/wp\/v2\/posts\/21561\/revisions"}],"predecessor-version":[{"id":21562,"href":"https:\/\/www.latitude-15.com\/pt-br\/wp-json\/wp\/v2\/posts\/21561\/revisions\/21562"}],"wp:featuredmedia":[{"embeddable":true,"href":"https:\/\/www.latitude-15.com\/pt-br\/wp-json\/wp\/v2\/media\/21560"}],"wp:attachment":[{"href":"https:\/\/www.latitude-15.com\/pt-br\/wp-json\/wp\/v2\/media?parent=21561"}],"wp:term":[{"taxonomy":"category","embeddable":true,"href":"https:\/\/www.latitude-15.com\/pt-br\/wp-json\/wp\/v2\/categories?post=21561"},{"taxonomy":"post_tag","embeddable":true,"href":"https:\/\/www.latitude-15.com\/pt-br\/wp-json\/wp\/v2\/tags?post=21561"}],"curies":[{"name":"wp","href":"https:\/\/api.w.org\/{rel}","templated":true}]}}