{"id":21470,"date":"2026-03-12T10:14:32","date_gmt":"2026-03-12T14:14:32","guid":{"rendered":"https:\/\/www.latitude-15.com\/roteiro-de-saf-do-chile-sinaliza-ambicoes-na-transicao-energetica-da-aviacao\/"},"modified":"2026-03-12T11:38:14","modified_gmt":"2026-03-12T15:38:14","slug":"roteiro-de-saf-do-chile-sinaliza-ambicoes-na-transicao-energetica-da-aviacao","status":"publish","type":"post","link":"https:\/\/www.latitude-15.com\/pt-br\/roteiro-de-saf-do-chile-sinaliza-ambicoes-na-transicao-energetica-da-aviacao\/","title":{"rendered":"Roteiro de SAF do Chile sinaliza ambi\u00e7\u00f5es na transi\u00e7\u00e3o energ\u00e9tica da avia\u00e7\u00e3o"},"content":{"rendered":"\n<p>A ind\u00fastria da avia\u00e7\u00e3o est\u00e1 entrando em uma fase decisiva em sua transi\u00e7\u00e3o energ\u00e9tica. \u00c0 medida que governos e partes interessadas do setor buscam caminhos vi\u00e1veis para reduzir as emiss\u00f5es de carbono, os combust\u00edveis sustent\u00e1veis de avia\u00e7\u00e3o (SAF) s\u00e3o cada vez mais vistos como a solu\u00e7\u00e3o mais imediata e escal\u00e1vel para descarbonizar o transporte a\u00e9reo. Neste contexto, o Chile apresentou uma estrat\u00e9gia nacional ambiciosa destinada a posicionar o pa\u00eds dentro da emergente ind\u00fastria global de SAF. Por meio de seu <strong>Roteiro SAF 2050<\/strong>, o pa\u00eds delineia uma vis\u00e3o de longo prazo para desenvolver um ecossistema dom\u00e9stico de combust\u00edveis sustent\u00e1veis de avia\u00e7\u00e3o e apoiar a descarboniza\u00e7\u00e3o da avia\u00e7\u00e3o.   <\/p>\n\n<h2 class=\"wp-block-heading\">O crescente desafio de descarboniza\u00e7\u00e3o da avia\u00e7\u00e3o<\/h2>\n\n<p>A avia\u00e7\u00e3o global enfrenta um desafio clim\u00e1tico complexo. Embora o setor atualmente represente aproximadamente 2% das emiss\u00f5es globais de gases de efeito estufa, sua pegada ambiental pode aumentar significativamente nas pr\u00f3ximas d\u00e9cadas \u00e0 medida que o tr\u00e1fego a\u00e9reo continua a crescer. <\/p>\n\n<p>A demanda por transporte a\u00e9reo expandiu-se rapidamente nas \u00faltimas d\u00e9cadas, impulsionada pela globaliza\u00e7\u00e3o, crescimento do turismo e necessidade de conectividade internacional mais r\u00e1pida. Como resultado, o consumo de combust\u00edvel de avia\u00e7\u00e3o est\u00e1 projetado para aumentar acentuadamente. A demanda global por combust\u00edvel de avia\u00e7\u00e3o pode aumentar de cerca de <strong>391 bilh\u00f5es de litros em 2018 para aproximadamente 874 bilh\u00f5es de litros at\u00e9 2050<\/strong>, ilustrando a escala do desafio de descarboniza\u00e7\u00e3o que o setor enfrenta.  <\/p>\n\n<p>Dadas as limita\u00e7\u00f5es tecnol\u00f3gicas da eletrifica\u00e7\u00e3o ou propuls\u00e3o a hidrog\u00eanio para avia\u00e7\u00e3o de longo curso no curto prazo, a ind\u00fastria identificou os combust\u00edveis sustent\u00e1veis de avia\u00e7\u00e3o como um dos caminhos mais realistas para reduzir emiss\u00f5es enquanto mant\u00e9m a continuidade operacional.<\/p>\n\n<h2 class=\"wp-block-heading\">O papel central dos combust\u00edveis sustent\u00e1veis de avia\u00e7\u00e3o<\/h2>\n\n<p>Os combust\u00edveis sustent\u00e1veis de avia\u00e7\u00e3o s\u00e3o produzidos a partir de fontes renov\u00e1veis ou derivadas de res\u00edduos, como biomassa, \u00f3leos de cozinha usados, res\u00edduos municipais, di\u00f3xido de carbono capturado ou combust\u00edveis sint\u00e9ticos baseados em hidrog\u00eanio. Uma de suas vantagens mais significativas \u00e9 sua compatibilidade com motores de aeronaves existentes e infraestrutura aeroportu\u00e1ria, permitindo que sejam integrados aos sistemas de avia\u00e7\u00e3o atuais sem exigir grandes mudan\u00e7as tecnol\u00f3gicas. <\/p>\n\n<p>Quando produzidos sob condi\u00e7\u00f5es otimizadas, os SAF podem reduzir significativamente as emiss\u00f5es de gases de efeito estufa ao longo do ciclo de vida em compara\u00e7\u00e3o com o combust\u00edvel de avia\u00e7\u00e3o convencional. Em alguns casos, as redu\u00e7\u00f5es de emiss\u00f5es podem atingir <strong>at\u00e9 99% ao longo de todo o ciclo de vida do combust\u00edvel<\/strong>, tornando-os um componente-chave das estrat\u00e9gias globais de descarboniza\u00e7\u00e3o da avia\u00e7\u00e3o. <\/p>\n\n<p>No entanto, a ind\u00fastria permanece em um est\u00e1gio inicial de desenvolvimento. A produ\u00e7\u00e3o global de SAF atingiu <strong>pouco mais de 600 milh\u00f5es de litros em 2023<\/strong>, uma fra\u00e7\u00e3o dos volumes necess\u00e1rios para apoiar a descarboniza\u00e7\u00e3o da avia\u00e7\u00e3o em larga escala. As proje\u00e7\u00f5es da ind\u00fastria sugerem que, para atender \u00e0s ambi\u00e7\u00f5es de emiss\u00f5es l\u00edquidas zero do setor, a produ\u00e7\u00e3o precisaria escalar dramaticamente, atingindo <strong>aproximadamente 449 bilh\u00f5es de litros anualmente at\u00e9 2050<\/strong>.  <\/p>\n\n<h2 class=\"wp-block-heading\">Roteiro do Chile para um ecossistema nacional de SAF<\/h2>\n\n<p>Neste contexto, o <a href=\"https:\/\/www.latitude-15.com\/wp-content\/uploads\/2026\/03\/Chile_SAF_Roadmap_2050.pdf\">Roteiro SAF do Chile<\/a> estabelece uma estrat\u00e9gia para desenvolver o pr\u00f3prio ecossistema de combust\u00edvel sustent\u00e1vel de avia\u00e7\u00e3o do pa\u00eds. A iniciativa \u00e9 resultado da colabora\u00e7\u00e3o entre v\u00e1rias institui\u00e7\u00f5es p\u00fablicas e partes interessadas da ind\u00fastria, incluindo o Minist\u00e9rio da Energia, o Minist\u00e9rio dos Transportes e Telecomunica\u00e7\u00f5es, a Ag\u00eancia de Sustentabilidade Energ\u00e9tica e parceiros internacionais. <\/p>\n\n<p>O roteiro emergiu de uma mesa-redonda p\u00fablico-privada que reuniu atores dos setores de avia\u00e7\u00e3o, energia e combust\u00edveis para avaliar as oportunidades e barreiras associadas ao desenvolvimento de SAF no Chile. A iniciativa busca estabelecer as condi\u00e7\u00f5es pol\u00edticas, tecnol\u00f3gicas e de mercado necess\u00e1rias para apoiar o surgimento de uma ind\u00fastria dom\u00e9stica de SAF. <\/p>\n\n<p>A ambi\u00e7\u00e3o do Chile \u00e9 clara: <strong>os combust\u00edveis sustent\u00e1veis de avia\u00e7\u00e3o podem representar at\u00e9 50% do combust\u00edvel usado pelo setor de avia\u00e7\u00e3o do pa\u00eds at\u00e9 2050<\/strong>. Para alcan\u00e7ar este objetivo, o roteiro delineia uma s\u00e9rie de a\u00e7\u00f5es destinadas a construir uma cadeia de valor completa de SAF, desde o fornecimento de mat\u00e9ria-prima e produ\u00e7\u00e3o de combust\u00edvel at\u00e9 a distribui\u00e7\u00e3o e uso pelas companhias a\u00e9reas. <\/p>\n\n<h2 class=\"wp-block-heading\">Cinco pilares para o desenvolvimento de SAF<\/h2>\n\n<p>A estrat\u00e9gia identifica <strong>cinco pilares-chave<\/strong> para apoiar o desenvolvimento de um ecossistema de combust\u00edvel sustent\u00e1vel de avia\u00e7\u00e3o no Chile:<\/p>\n\n<ul class=\"wp-block-list\">\n<li>desenvolvimento de capacidades e capital humano<\/li>\n\n\n\n<li>marcos regulat\u00f3rios e apoio pol\u00edtico<\/li>\n\n\n\n<li>desenvolvimento de mercado<\/li>\n\n\n\n<li>cria\u00e7\u00e3o de um ecossistema nacional de SAF<\/li>\n\n\n\n<li>inova\u00e7\u00e3o tecnol\u00f3gica e implanta\u00e7\u00e3o industrial<\/li>\n<\/ul>\n\n<p>Juntos, esses pilares visam reduzir a incerteza para investidores, incentivar a colabora\u00e7\u00e3o entre setores e apoiar o surgimento de uma ind\u00fastria de SAF competitiva capaz de atender tanto aos mercados de avia\u00e7\u00e3o dom\u00e9sticos quanto internacionais.<\/p>\n\n<h2 class=\"wp-block-heading\">Vantagens naturais e oportunidades industriais<\/h2>\n\n<p>O Chile acredita que possui v\u00e1rias vantagens estruturais que podem apoiar o desenvolvimento de combust\u00edveis sustent\u00e1veis de avia\u00e7\u00e3o.<\/p>\n\n<p>O pa\u00eds tem potencial significativo de energia renov\u00e1vel, particularmente em energia solar e e\u00f3lica, que pode desempenhar um papel cr\u00edtico na produ\u00e7\u00e3o de combust\u00edveis sint\u00e9ticos derivados de hidrog\u00eanio verde. Ao mesmo tempo, v\u00e1rias mat\u00e9rias-primas potenciais para a produ\u00e7\u00e3o de SAF j\u00e1 est\u00e3o dispon\u00edveis domesticamente, incluindo res\u00edduos florestais, \u00f3leos de cozinha usados, res\u00edduos agr\u00edcolas e outros materiais org\u00e2nicos. <\/p>\n\n<p>Esses recursos podem permitir o desenvolvimento de m\u00faltiplas vias de produ\u00e7\u00e3o de SAF, variando de combust\u00edveis baseados em biomassa a combust\u00edveis sint\u00e9ticos avan\u00e7ados derivados de carbono capturado e eletricidade renov\u00e1vel.<\/p>\n\n<p>Al\u00e9m de seus objetivos ambientais, o roteiro tamb\u00e9m destaca as oportunidades econ\u00f4micas associadas ao desenvolvimento de um novo setor industrial vinculado aos combust\u00edveis sustent\u00e1veis de avia\u00e7\u00e3o. A produ\u00e7\u00e3o de SAF pode estimular investimentos em infraestrutura energ\u00e9tica, apoiar o desenvolvimento econ\u00f4mico regional e gerar novas cadeias de valor conectadas \u00e0 energia renov\u00e1vel e gest\u00e3o de res\u00edduos. <\/p>\n\n<h2 class=\"wp-block-heading\">Desafios-chave permanecem<\/h2>\n\n<p>Apesar dessas oportunidades, o roteiro reconhece que o desenvolvimento de combust\u00edveis sustent\u00e1veis de avia\u00e7\u00e3o enfrentar\u00e1 v\u00e1rios obst\u00e1culos.<\/p>\n\n<p>Uma das barreiras mais significativas \u00e9 o custo. O SAF atualmente permanece substancialmente mais caro do que o combust\u00edvel de avia\u00e7\u00e3o convencional, com custos de produ\u00e7\u00e3o estimados em <strong>duas a quatro vezes mais altos<\/strong>, dependendo da via tecnol\u00f3gica e da mat\u00e9ria-prima utilizada. <\/p>\n\n<p>Escalar a ind\u00fastria exigir\u00e1, portanto, investimento significativo em instala\u00e7\u00f5es de produ\u00e7\u00e3o, pesquisa e desenvolvimento e infraestrutura ao longo da cadeia de suprimento de combust\u00edvel. Marcos regulat\u00f3rios e incentivos pol\u00edticos tamb\u00e9m desempenhar\u00e3o um papel cr\u00edtico no apoio ao desenvolvimento de mercado em est\u00e1gio inicial. <\/p>\n\n<h2 class=\"wp-block-heading\">Um sinal na transi\u00e7\u00e3o energ\u00e9tica global da avia\u00e7\u00e3o<\/h2>\n\n<p>O Roteiro SAF do Chile ilustra como a transi\u00e7\u00e3o para a avia\u00e7\u00e3o de baixo carbono est\u00e1 cada vez mais se tornando uma quest\u00e3o de estrat\u00e9gia energ\u00e9tica nacional, em vez de apenas uma preocupa\u00e7\u00e3o da ind\u00fastria da avia\u00e7\u00e3o.<\/p>\n\n<p>\u00c0 medida que as companhias a\u00e9reas buscam acesso a combust\u00edveis sustent\u00e1veis e os governos implementam pol\u00edticas de descarboniza\u00e7\u00e3o, novos atores est\u00e3o surgindo no cen\u00e1rio energ\u00e9tico global da avia\u00e7\u00e3o. Pa\u00edses com recursos renov\u00e1veis abundantes e condi\u00e7\u00f5es industriais favor\u00e1veis podem se encontrar bem posicionados para se tornarem produtores de combust\u00edveis de avia\u00e7\u00e3o de pr\u00f3xima gera\u00e7\u00e3o. <\/p>\n\n<p>Ao delinear uma estrat\u00e9gia de longo prazo para o desenvolvimento de SAF, o Chile est\u00e1 sinalizando sua inten\u00e7\u00e3o de participar deste mercado em evolu\u00e7\u00e3o. Se implementado com sucesso, o roteiro pode ajudar a posicionar o pa\u00eds como um ator regional na emergente ind\u00fastria de combust\u00edvel sustent\u00e1vel de avia\u00e7\u00e3o, ao mesmo tempo em que contribui para o esfor\u00e7o mais amplo de descarbonizar o transporte a\u00e9reo global. <\/p>\n","protected":false},"excerpt":{"rendered":"<p>A ind\u00fastria da avia\u00e7\u00e3o est\u00e1 entrando em uma fase decisiva em sua transi\u00e7\u00e3o energ\u00e9tica. \u00c0 medida que governos e partes interessadas do setor buscam caminhos vi\u00e1veis para reduzir as emiss\u00f5es de carbono, os combust\u00edveis sustent\u00e1veis de avia\u00e7\u00e3o (SAF) s\u00e3o cada vez mais vistos como a solu\u00e7\u00e3o mais imediata e escal\u00e1vel para descarbonizar o transporte a\u00e9reo. [&hellip;]<\/p>\n","protected":false},"author":5,"featured_media":21469,"comment_status":"open","ping_status":"closed","sticky":false,"template":"","format":"standard","meta":{"footnotes":""},"categories":[98,113],"tags":[],"class_list":["post-21470","post","type-post","status-publish","format-standard","has-post-thumbnail","hentry","category-aviacao","category-sustentabilidade-e-transicao-energetica"],"yoast_head":"<!-- This site is optimized with the Yoast SEO plugin v26.9 - https:\/\/yoast.com\/product\/yoast-seo-wordpress\/ -->\n<title>Roteiro de SAF do Chile sinaliza ambi\u00e7\u00f5es na transi\u00e7\u00e3o energ\u00e9tica da avia\u00e7\u00e3o - LATITUDE 15<\/title>\n<meta name=\"robots\" content=\"index, follow, max-snippet:-1, max-image-preview:large, max-video-preview:-1\" \/>\n<link rel=\"canonical\" href=\"https:\/\/www.latitude-15.com\/pt-br\/roteiro-de-saf-do-chile-sinaliza-ambicoes-na-transicao-energetica-da-aviacao\/\" \/>\n<meta property=\"og:locale\" content=\"pt_BR\" \/>\n<meta property=\"og:type\" content=\"article\" \/>\n<meta property=\"og:title\" content=\"Roteiro de SAF do Chile sinaliza ambi\u00e7\u00f5es na transi\u00e7\u00e3o energ\u00e9tica da avia\u00e7\u00e3o - LATITUDE 15\" \/>\n<meta property=\"og:description\" content=\"A ind\u00fastria da avia\u00e7\u00e3o est\u00e1 entrando em uma fase decisiva em sua transi\u00e7\u00e3o energ\u00e9tica. \u00c0 medida que governos e partes interessadas do setor buscam caminhos vi\u00e1veis para reduzir as emiss\u00f5es de carbono, os combust\u00edveis sustent\u00e1veis de avia\u00e7\u00e3o (SAF) s\u00e3o cada vez mais vistos como a solu\u00e7\u00e3o mais imediata e escal\u00e1vel para descarbonizar o transporte a\u00e9reo. [&hellip;]\" \/>\n<meta property=\"og:url\" content=\"https:\/\/www.latitude-15.com\/pt-br\/roteiro-de-saf-do-chile-sinaliza-ambicoes-na-transicao-energetica-da-aviacao\/\" \/>\n<meta property=\"og:site_name\" content=\"LATITUDE 15\" \/>\n<meta property=\"article:published_time\" content=\"2026-03-12T14:14:32+00:00\" \/>\n<meta property=\"article:modified_time\" content=\"2026-03-12T15:38:14+00:00\" \/>\n<meta property=\"og:image\" content=\"https:\/\/www.latitude-15.com\/wp-content\/uploads\/2026\/03\/pexels-magda-ehlers-pexels-7508661.jpg\" \/>\n\t<meta property=\"og:image:width\" content=\"1280\" \/>\n\t<meta property=\"og:image:height\" content=\"844\" \/>\n\t<meta property=\"og:image:type\" content=\"image\/jpeg\" \/>\n<meta name=\"author\" content=\"Joda J\" \/>\n<meta name=\"twitter:card\" content=\"summary_large_image\" \/>\n<meta name=\"twitter:label1\" content=\"Escrito por\" \/>\n\t<meta name=\"twitter:data1\" content=\"Joda J\" \/>\n\t<meta name=\"twitter:label2\" content=\"Est. tempo de leitura\" \/>\n\t<meta name=\"twitter:data2\" content=\"7 minutos\" \/>\n<script type=\"application\/ld+json\" class=\"yoast-schema-graph\">{\"@context\":\"https:\/\/schema.org\",\"@graph\":[{\"@type\":\"Article\",\"@id\":\"https:\/\/www.latitude-15.com\/pt-br\/roteiro-de-saf-do-chile-sinaliza-ambicoes-na-transicao-energetica-da-aviacao\/#article\",\"isPartOf\":{\"@id\":\"https:\/\/www.latitude-15.com\/pt-br\/roteiro-de-saf-do-chile-sinaliza-ambicoes-na-transicao-energetica-da-aviacao\/\"},\"author\":{\"name\":\"Joda J\",\"@id\":\"https:\/\/www.latitude-15.com\/pt-br\/#\/schema\/person\/dac52e7ff44c78317f337da112e37252\"},\"headline\":\"Roteiro de SAF do Chile sinaliza ambi\u00e7\u00f5es na transi\u00e7\u00e3o energ\u00e9tica da avia\u00e7\u00e3o\",\"datePublished\":\"2026-03-12T14:14:32+00:00\",\"dateModified\":\"2026-03-12T15:38:14+00:00\",\"mainEntityOfPage\":{\"@id\":\"https:\/\/www.latitude-15.com\/pt-br\/roteiro-de-saf-do-chile-sinaliza-ambicoes-na-transicao-energetica-da-aviacao\/\"},\"wordCount\":1420,\"commentCount\":0,\"publisher\":{\"@id\":\"https:\/\/www.latitude-15.com\/pt-br\/#organization\"},\"image\":{\"@id\":\"https:\/\/www.latitude-15.com\/pt-br\/roteiro-de-saf-do-chile-sinaliza-ambicoes-na-transicao-energetica-da-aviacao\/#primaryimage\"},\"thumbnailUrl\":\"https:\/\/www.latitude-15.com\/wp-content\/uploads\/2026\/03\/pexels-magda-ehlers-pexels-7508661.jpg\",\"articleSection\":[\"AVIA\u00c7\u00c3O\",\"Sustentabilidade e transi\u00e7\u00e3o energ\u00e9tica\"],\"inLanguage\":\"pt-BR\",\"potentialAction\":[{\"@type\":\"CommentAction\",\"name\":\"Comment\",\"target\":[\"https:\/\/www.latitude-15.com\/pt-br\/roteiro-de-saf-do-chile-sinaliza-ambicoes-na-transicao-energetica-da-aviacao\/#respond\"]}]},{\"@type\":\"WebPage\",\"@id\":\"https:\/\/www.latitude-15.com\/pt-br\/roteiro-de-saf-do-chile-sinaliza-ambicoes-na-transicao-energetica-da-aviacao\/\",\"url\":\"https:\/\/www.latitude-15.com\/pt-br\/roteiro-de-saf-do-chile-sinaliza-ambicoes-na-transicao-energetica-da-aviacao\/\",\"name\":\"Roteiro de SAF do Chile sinaliza ambi\u00e7\u00f5es na transi\u00e7\u00e3o energ\u00e9tica da avia\u00e7\u00e3o - LATITUDE 15\",\"isPartOf\":{\"@id\":\"https:\/\/www.latitude-15.com\/pt-br\/#website\"},\"primaryImageOfPage\":{\"@id\":\"https:\/\/www.latitude-15.com\/pt-br\/roteiro-de-saf-do-chile-sinaliza-ambicoes-na-transicao-energetica-da-aviacao\/#primaryimage\"},\"image\":{\"@id\":\"https:\/\/www.latitude-15.com\/pt-br\/roteiro-de-saf-do-chile-sinaliza-ambicoes-na-transicao-energetica-da-aviacao\/#primaryimage\"},\"thumbnailUrl\":\"https:\/\/www.latitude-15.com\/wp-content\/uploads\/2026\/03\/pexels-magda-ehlers-pexels-7508661.jpg\",\"datePublished\":\"2026-03-12T14:14:32+00:00\",\"dateModified\":\"2026-03-12T15:38:14+00:00\",\"breadcrumb\":{\"@id\":\"https:\/\/www.latitude-15.com\/pt-br\/roteiro-de-saf-do-chile-sinaliza-ambicoes-na-transicao-energetica-da-aviacao\/#breadcrumb\"},\"inLanguage\":\"pt-BR\",\"potentialAction\":[{\"@type\":\"ReadAction\",\"target\":[\"https:\/\/www.latitude-15.com\/pt-br\/roteiro-de-saf-do-chile-sinaliza-ambicoes-na-transicao-energetica-da-aviacao\/\"]}]},{\"@type\":\"ImageObject\",\"inLanguage\":\"pt-BR\",\"@id\":\"https:\/\/www.latitude-15.com\/pt-br\/roteiro-de-saf-do-chile-sinaliza-ambicoes-na-transicao-energetica-da-aviacao\/#primaryimage\",\"url\":\"https:\/\/www.latitude-15.com\/wp-content\/uploads\/2026\/03\/pexels-magda-ehlers-pexels-7508661.jpg\",\"contentUrl\":\"https:\/\/www.latitude-15.com\/wp-content\/uploads\/2026\/03\/pexels-magda-ehlers-pexels-7508661.jpg\",\"width\":1280,\"height\":844},{\"@type\":\"BreadcrumbList\",\"@id\":\"https:\/\/www.latitude-15.com\/pt-br\/roteiro-de-saf-do-chile-sinaliza-ambicoes-na-transicao-energetica-da-aviacao\/#breadcrumb\",\"itemListElement\":[{\"@type\":\"ListItem\",\"position\":1,\"name\":\"Home\",\"item\":\"https:\/\/www.latitude-15.com\/pt-br\/inicio\/\"},{\"@type\":\"ListItem\",\"position\":2,\"name\":\"Roteiro de SAF do Chile sinaliza ambi\u00e7\u00f5es na transi\u00e7\u00e3o energ\u00e9tica da avia\u00e7\u00e3o\"}]},{\"@type\":\"WebSite\",\"@id\":\"https:\/\/www.latitude-15.com\/pt-br\/#website\",\"url\":\"https:\/\/www.latitude-15.com\/pt-br\/\",\"name\":\"LATITUDE 15\",\"description\":\"Aviation and maritime Magazine - Caribbean &amp; Latin America\",\"publisher\":{\"@id\":\"https:\/\/www.latitude-15.com\/pt-br\/#organization\"},\"potentialAction\":[{\"@type\":\"SearchAction\",\"target\":{\"@type\":\"EntryPoint\",\"urlTemplate\":\"https:\/\/www.latitude-15.com\/pt-br\/?s={search_term_string}\"},\"query-input\":{\"@type\":\"PropertyValueSpecification\",\"valueRequired\":true,\"valueName\":\"search_term_string\"}}],\"inLanguage\":\"pt-BR\"},{\"@type\":\"Organization\",\"@id\":\"https:\/\/www.latitude-15.com\/pt-br\/#organization\",\"name\":\"LATITUDE 15\",\"url\":\"https:\/\/www.latitude-15.com\/pt-br\/\",\"logo\":{\"@type\":\"ImageObject\",\"inLanguage\":\"pt-BR\",\"@id\":\"https:\/\/www.latitude-15.com\/pt-br\/#\/schema\/logo\/image\/\",\"url\":\"https:\/\/www.latitude-15.com\/wp-content\/uploads\/2026\/01\/cropped-logox500px.png\",\"contentUrl\":\"https:\/\/www.latitude-15.com\/wp-content\/uploads\/2026\/01\/cropped-logox500px.png\",\"width\":62,\"height\":75,\"caption\":\"LATITUDE 15\"},\"image\":{\"@id\":\"https:\/\/www.latitude-15.com\/pt-br\/#\/schema\/logo\/image\/\"}},{\"@type\":\"Person\",\"@id\":\"https:\/\/www.latitude-15.com\/pt-br\/#\/schema\/person\/dac52e7ff44c78317f337da112e37252\",\"name\":\"Joda J\",\"image\":{\"@type\":\"ImageObject\",\"inLanguage\":\"pt-BR\",\"@id\":\"https:\/\/www.latitude-15.com\/pt-br\/#\/schema\/person\/image\/\",\"url\":\"https:\/\/secure.gravatar.com\/avatar\/6b1feae555e15404b76616f92d931d12b25ac58024f14ccb43d9d3c012e4c4cf?s=96&d=mm&r=g\",\"contentUrl\":\"https:\/\/secure.gravatar.com\/avatar\/6b1feae555e15404b76616f92d931d12b25ac58024f14ccb43d9d3c012e4c4cf?s=96&d=mm&r=g\",\"caption\":\"Joda J\"},\"url\":\"https:\/\/www.latitude-15.com\/pt-br\/author\/joda\/\"}]}<\/script>\n<!-- \/ Yoast SEO plugin. -->","yoast_head_json":{"title":"Roteiro de SAF do Chile sinaliza ambi\u00e7\u00f5es na transi\u00e7\u00e3o energ\u00e9tica da avia\u00e7\u00e3o - LATITUDE 15","robots":{"index":"index","follow":"follow","max-snippet":"max-snippet:-1","max-image-preview":"max-image-preview:large","max-video-preview":"max-video-preview:-1"},"canonical":"https:\/\/www.latitude-15.com\/pt-br\/roteiro-de-saf-do-chile-sinaliza-ambicoes-na-transicao-energetica-da-aviacao\/","og_locale":"pt_BR","og_type":"article","og_title":"Roteiro de SAF do Chile sinaliza ambi\u00e7\u00f5es na transi\u00e7\u00e3o energ\u00e9tica da avia\u00e7\u00e3o - LATITUDE 15","og_description":"A ind\u00fastria da avia\u00e7\u00e3o est\u00e1 entrando em uma fase decisiva em sua transi\u00e7\u00e3o energ\u00e9tica. \u00c0 medida que governos e partes interessadas do setor buscam caminhos vi\u00e1veis para reduzir as emiss\u00f5es de carbono, os combust\u00edveis sustent\u00e1veis de avia\u00e7\u00e3o (SAF) s\u00e3o cada vez mais vistos como a solu\u00e7\u00e3o mais imediata e escal\u00e1vel para descarbonizar o transporte a\u00e9reo. [&hellip;]","og_url":"https:\/\/www.latitude-15.com\/pt-br\/roteiro-de-saf-do-chile-sinaliza-ambicoes-na-transicao-energetica-da-aviacao\/","og_site_name":"LATITUDE 15","article_published_time":"2026-03-12T14:14:32+00:00","article_modified_time":"2026-03-12T15:38:14+00:00","og_image":[{"width":1280,"height":844,"url":"https:\/\/www.latitude-15.com\/wp-content\/uploads\/2026\/03\/pexels-magda-ehlers-pexels-7508661.jpg","type":"image\/jpeg"}],"author":"Joda J","twitter_card":"summary_large_image","twitter_misc":{"Escrito por":"Joda J","Est. tempo de leitura":"7 minutos"},"schema":{"@context":"https:\/\/schema.org","@graph":[{"@type":"Article","@id":"https:\/\/www.latitude-15.com\/pt-br\/roteiro-de-saf-do-chile-sinaliza-ambicoes-na-transicao-energetica-da-aviacao\/#article","isPartOf":{"@id":"https:\/\/www.latitude-15.com\/pt-br\/roteiro-de-saf-do-chile-sinaliza-ambicoes-na-transicao-energetica-da-aviacao\/"},"author":{"name":"Joda J","@id":"https:\/\/www.latitude-15.com\/pt-br\/#\/schema\/person\/dac52e7ff44c78317f337da112e37252"},"headline":"Roteiro de SAF do Chile sinaliza ambi\u00e7\u00f5es na transi\u00e7\u00e3o energ\u00e9tica da avia\u00e7\u00e3o","datePublished":"2026-03-12T14:14:32+00:00","dateModified":"2026-03-12T15:38:14+00:00","mainEntityOfPage":{"@id":"https:\/\/www.latitude-15.com\/pt-br\/roteiro-de-saf-do-chile-sinaliza-ambicoes-na-transicao-energetica-da-aviacao\/"},"wordCount":1420,"commentCount":0,"publisher":{"@id":"https:\/\/www.latitude-15.com\/pt-br\/#organization"},"image":{"@id":"https:\/\/www.latitude-15.com\/pt-br\/roteiro-de-saf-do-chile-sinaliza-ambicoes-na-transicao-energetica-da-aviacao\/#primaryimage"},"thumbnailUrl":"https:\/\/www.latitude-15.com\/wp-content\/uploads\/2026\/03\/pexels-magda-ehlers-pexels-7508661.jpg","articleSection":["AVIA\u00c7\u00c3O","Sustentabilidade e transi\u00e7\u00e3o energ\u00e9tica"],"inLanguage":"pt-BR","potentialAction":[{"@type":"CommentAction","name":"Comment","target":["https:\/\/www.latitude-15.com\/pt-br\/roteiro-de-saf-do-chile-sinaliza-ambicoes-na-transicao-energetica-da-aviacao\/#respond"]}]},{"@type":"WebPage","@id":"https:\/\/www.latitude-15.com\/pt-br\/roteiro-de-saf-do-chile-sinaliza-ambicoes-na-transicao-energetica-da-aviacao\/","url":"https:\/\/www.latitude-15.com\/pt-br\/roteiro-de-saf-do-chile-sinaliza-ambicoes-na-transicao-energetica-da-aviacao\/","name":"Roteiro de SAF do Chile sinaliza ambi\u00e7\u00f5es na transi\u00e7\u00e3o energ\u00e9tica da avia\u00e7\u00e3o - LATITUDE 15","isPartOf":{"@id":"https:\/\/www.latitude-15.com\/pt-br\/#website"},"primaryImageOfPage":{"@id":"https:\/\/www.latitude-15.com\/pt-br\/roteiro-de-saf-do-chile-sinaliza-ambicoes-na-transicao-energetica-da-aviacao\/#primaryimage"},"image":{"@id":"https:\/\/www.latitude-15.com\/pt-br\/roteiro-de-saf-do-chile-sinaliza-ambicoes-na-transicao-energetica-da-aviacao\/#primaryimage"},"thumbnailUrl":"https:\/\/www.latitude-15.com\/wp-content\/uploads\/2026\/03\/pexels-magda-ehlers-pexels-7508661.jpg","datePublished":"2026-03-12T14:14:32+00:00","dateModified":"2026-03-12T15:38:14+00:00","breadcrumb":{"@id":"https:\/\/www.latitude-15.com\/pt-br\/roteiro-de-saf-do-chile-sinaliza-ambicoes-na-transicao-energetica-da-aviacao\/#breadcrumb"},"inLanguage":"pt-BR","potentialAction":[{"@type":"ReadAction","target":["https:\/\/www.latitude-15.com\/pt-br\/roteiro-de-saf-do-chile-sinaliza-ambicoes-na-transicao-energetica-da-aviacao\/"]}]},{"@type":"ImageObject","inLanguage":"pt-BR","@id":"https:\/\/www.latitude-15.com\/pt-br\/roteiro-de-saf-do-chile-sinaliza-ambicoes-na-transicao-energetica-da-aviacao\/#primaryimage","url":"https:\/\/www.latitude-15.com\/wp-content\/uploads\/2026\/03\/pexels-magda-ehlers-pexels-7508661.jpg","contentUrl":"https:\/\/www.latitude-15.com\/wp-content\/uploads\/2026\/03\/pexels-magda-ehlers-pexels-7508661.jpg","width":1280,"height":844},{"@type":"BreadcrumbList","@id":"https:\/\/www.latitude-15.com\/pt-br\/roteiro-de-saf-do-chile-sinaliza-ambicoes-na-transicao-energetica-da-aviacao\/#breadcrumb","itemListElement":[{"@type":"ListItem","position":1,"name":"Home","item":"https:\/\/www.latitude-15.com\/pt-br\/inicio\/"},{"@type":"ListItem","position":2,"name":"Roteiro de SAF do Chile sinaliza ambi\u00e7\u00f5es na transi\u00e7\u00e3o energ\u00e9tica da avia\u00e7\u00e3o"}]},{"@type":"WebSite","@id":"https:\/\/www.latitude-15.com\/pt-br\/#website","url":"https:\/\/www.latitude-15.com\/pt-br\/","name":"LATITUDE 15","description":"Aviation and maritime Magazine - Caribbean &amp; Latin America","publisher":{"@id":"https:\/\/www.latitude-15.com\/pt-br\/#organization"},"potentialAction":[{"@type":"SearchAction","target":{"@type":"EntryPoint","urlTemplate":"https:\/\/www.latitude-15.com\/pt-br\/?s={search_term_string}"},"query-input":{"@type":"PropertyValueSpecification","valueRequired":true,"valueName":"search_term_string"}}],"inLanguage":"pt-BR"},{"@type":"Organization","@id":"https:\/\/www.latitude-15.com\/pt-br\/#organization","name":"LATITUDE 15","url":"https:\/\/www.latitude-15.com\/pt-br\/","logo":{"@type":"ImageObject","inLanguage":"pt-BR","@id":"https:\/\/www.latitude-15.com\/pt-br\/#\/schema\/logo\/image\/","url":"https:\/\/www.latitude-15.com\/wp-content\/uploads\/2026\/01\/cropped-logox500px.png","contentUrl":"https:\/\/www.latitude-15.com\/wp-content\/uploads\/2026\/01\/cropped-logox500px.png","width":62,"height":75,"caption":"LATITUDE 15"},"image":{"@id":"https:\/\/www.latitude-15.com\/pt-br\/#\/schema\/logo\/image\/"}},{"@type":"Person","@id":"https:\/\/www.latitude-15.com\/pt-br\/#\/schema\/person\/dac52e7ff44c78317f337da112e37252","name":"Joda J","image":{"@type":"ImageObject","inLanguage":"pt-BR","@id":"https:\/\/www.latitude-15.com\/pt-br\/#\/schema\/person\/image\/","url":"https:\/\/secure.gravatar.com\/avatar\/6b1feae555e15404b76616f92d931d12b25ac58024f14ccb43d9d3c012e4c4cf?s=96&d=mm&r=g","contentUrl":"https:\/\/secure.gravatar.com\/avatar\/6b1feae555e15404b76616f92d931d12b25ac58024f14ccb43d9d3c012e4c4cf?s=96&d=mm&r=g","caption":"Joda J"},"url":"https:\/\/www.latitude-15.com\/pt-br\/author\/joda\/"}]}},"_links":{"self":[{"href":"https:\/\/www.latitude-15.com\/pt-br\/wp-json\/wp\/v2\/posts\/21470","targetHints":{"allow":["GET"]}}],"collection":[{"href":"https:\/\/www.latitude-15.com\/pt-br\/wp-json\/wp\/v2\/posts"}],"about":[{"href":"https:\/\/www.latitude-15.com\/pt-br\/wp-json\/wp\/v2\/types\/post"}],"author":[{"embeddable":true,"href":"https:\/\/www.latitude-15.com\/pt-br\/wp-json\/wp\/v2\/users\/5"}],"replies":[{"embeddable":true,"href":"https:\/\/www.latitude-15.com\/pt-br\/wp-json\/wp\/v2\/comments?post=21470"}],"version-history":[{"count":1,"href":"https:\/\/www.latitude-15.com\/pt-br\/wp-json\/wp\/v2\/posts\/21470\/revisions"}],"predecessor-version":[{"id":21472,"href":"https:\/\/www.latitude-15.com\/pt-br\/wp-json\/wp\/v2\/posts\/21470\/revisions\/21472"}],"wp:featuredmedia":[{"embeddable":true,"href":"https:\/\/www.latitude-15.com\/pt-br\/wp-json\/wp\/v2\/media\/21469"}],"wp:attachment":[{"href":"https:\/\/www.latitude-15.com\/pt-br\/wp-json\/wp\/v2\/media?parent=21470"}],"wp:term":[{"taxonomy":"category","embeddable":true,"href":"https:\/\/www.latitude-15.com\/pt-br\/wp-json\/wp\/v2\/categories?post=21470"},{"taxonomy":"post_tag","embeddable":true,"href":"https:\/\/www.latitude-15.com\/pt-br\/wp-json\/wp\/v2\/tags?post=21470"}],"curies":[{"name":"wp","href":"https:\/\/api.w.org\/{rel}","templated":true}]}}