{"id":21448,"date":"2026-03-11T14:35:00","date_gmt":"2026-03-11T18:35:00","guid":{"rendered":"https:\/\/www.latitude-15.com\/o-paradoxo-da-conectividade-aerea-do-caribe-por-que-a-regiao-esta-mais-conectada-ao-mundo-do-que-a-si-mesma\/"},"modified":"2026-03-11T15:08:14","modified_gmt":"2026-03-11T19:08:14","slug":"o-paradoxo-da-conectividade-aerea-do-caribe-por-que-a-regiao-esta-mais-conectada-ao-mundo-do-que-a-si-mesma","status":"publish","type":"post","link":"https:\/\/www.latitude-15.com\/pt-br\/o-paradoxo-da-conectividade-aerea-do-caribe-por-que-a-regiao-esta-mais-conectada-ao-mundo-do-que-a-si-mesma\/","title":{"rendered":"O Paradoxo da Conectividade A\u00e9rea do Caribe: Por Que a Regi\u00e3o Est\u00e1 Mais Conectada ao Mundo do Que a Si Mesma"},"content":{"rendered":"\n<p>O Caribe \u00e9 uma das regi\u00f5es tur\u00edsticas mais conectadas globalmente do mundo. Todos os anos, milh\u00f5es de viajantes chegam da Am\u00e9rica do Norte e da Europa atrav\u00e9s de uma densa rede de rotas internacionais que ligam a regi\u00e3o aos principais centros globais. No entanto, paradoxalmente, viajar entre as pr\u00f3prias ilhas caribenhas pode permanecer surpreendentemente complexo, caro e demorado.  <\/p>\n\n<p>Dados apresentados pela consultoria aeroportu\u00e1ria NACO durante um webinar organizado pelo Airports Council International Latin America and the Caribbean (ACI-LAC) destacam uma mudan\u00e7a estrutural marcante na avia\u00e7\u00e3o regional. Desde 2010, <strong>a conectividade intra-Caribe diminuiu 13 %<\/strong>, enquanto as rotas que conectam a regi\u00e3o com mercados extrarregionais expandiram <strong>73 %<\/strong> no mesmo per\u00edodo. <\/p>\n\n<p>O resultado \u00e9 um paradoxo claro: enquanto o Caribe est\u00e1 cada vez mais integrado \u00e0s redes de avia\u00e7\u00e3o globais, sua pr\u00f3pria conectividade a\u00e9rea regional permanece fragmentada.<\/p>\n\n<h2 class=\"wp-block-heading\">Decl\u00ednio da conectividade intra-Caribe<\/h2>\n\n<p>Apesar do crescimento geral da avia\u00e7\u00e3o na Am\u00e9rica Latina e no Caribe, as rotas regionais entre destinos caribenhos diminu\u00edram gradualmente. Em 2024, os servi\u00e7os intra-Caribe representaram aproximadamente <strong>7,5 milh\u00f5es de assentos<\/strong>, em compara\u00e7\u00e3o com <strong>cerca de 83 milh\u00f5es de assentos oferecidos<\/strong> em rotas <strong> <\/strong>que ligam o Caribe a destinos fora da regi\u00e3o.<\/p>\n\n<p>Para as companhias a\u00e9reas, as rotas regionais frequentemente apresentam economias dif\u00edceis. Muitos mercados insulares s\u00e3o relativamente pequenos, com demanda local limitada e menor poder de compra entre as popula\u00e7\u00f5es residentes. Essas condi\u00e7\u00f5es estruturais tornam desafiador sustentar servi\u00e7os frequentes entre ilhas, particularmente quando comparados com rotas de turismo internacional de alta demanda.  <\/p>\n\n<p>Como resultado, as estrat\u00e9gias de rede priorizam cada vez mais conex\u00f5es com os principais mercados de entrada em vez de uma integra\u00e7\u00e3o regional mais profunda.<\/p>\n\n<h2 class=\"wp-block-heading\">Am\u00e9rica do Norte domina as redes de avia\u00e7\u00e3o do Caribe<\/h2>\n\n<p>A estrutura das redes de avia\u00e7\u00e3o do Caribe reflete o papel dominante do turismo internacional. A Am\u00e9rica do Norte \u00e9 de longe a maior fonte de conectividade a\u00e9rea para a regi\u00e3o. <\/p>\n\n<p>Em termos de capacidade de assentos em rotas extrarregionais:<\/p>\n\n<ul class=\"wp-block-list\">\n<li><strong>A Am\u00e9rica do Norte representa 76 % da capacidade total<\/strong><\/li>\n\n\n\n<li><strong>A Europa representa 13 %<\/strong><\/li>\n\n\n\n<li><strong>A Am\u00e9rica do Sul representa 6 %<\/strong><\/li>\n\n\n\n<li><strong>A Am\u00e9rica Central representa cerca de 4 %<\/strong><\/li>\n<\/ul>\n\n<p>A distribui\u00e7\u00e3o de rotas segue um padr\u00e3o similar. Atualmente existem 284 rotas \u00fanicas ligando a Am\u00e9rica do Norte e o Caribe, em compara\u00e7\u00e3o com 37 rotas da Am\u00e9rica do Sul, 32 da Europa e 18 da Am\u00e9rica Central. <\/p>\n\n<p>V\u00e1rios destinos caribenhos funcionam como principais portas de entrada internacionais. <em>A Rep\u00fablica Dominicana lidera com 52 rotas operando pelo menos duas vezes por semana, seguida por Porto Rico com 35 rotas, Jamaica com 25, Cuba com 24, e tanto as Bahamas quanto Aruba com 20 rotas cada.<\/em><\/p>\n\n<p>Esta estrutura ressalta a medida em que o sistema de avia\u00e7\u00e3o do Caribe est\u00e1 orientado para viagens internacionais de entrada em vez de mobilidade regional.<\/p>\n\n<h2 class=\"wp-block-heading\">Barreiras estruturais limitando a mobilidade regional<\/h2>\n\n<p>Analistas do setor identificam v\u00e1rios fatores estruturais que continuam a restringir o desenvolvimento de rotas intra-Caribe.<\/p>\n\n<p>Um dos desafios mais significativos \u00e9 o <strong>alto custo de viagem em rela\u00e7\u00e3o aos n\u00edveis de renda local<\/strong>, o que limita a demanda por voos regionais. Al\u00e9m disso, o quadro regulat\u00f3rio da avia\u00e7\u00e3o da regi\u00e3o permanece fragmentado, com m\u00faltiplas jurisdi\u00e7\u00f5es operando sob diferentes acordos bilaterais e estruturas regulat\u00f3rias. <\/p>\n\n<p>Disparidades de infraestrutura entre aeroportos tamb\u00e9m desempenham um papel. Alguns aeroportos carecem da capacidade ou flexibilidade operacional necess\u00e1ria para apoiar novas rotas ou frequ\u00eancias aumentadas. Essas quest\u00f5es s\u00e3o agravadas pela concorr\u00eancia direta com grandes mercados norte-americanos, onde as companhias a\u00e9reas podem alcan\u00e7ar fatores de ocupa\u00e7\u00e3o mais fortes e rendimentos mais altos.  <\/p>\n\n<p>Tomados em conjunto, esses fatores criam um ambiente operacional complexo para transportadoras regionais que buscam desenvolver novas conex\u00f5es intra-Caribe.<\/p>\n\n<h2 class=\"wp-block-heading\">Quando a geografia n\u00e3o corresponde \u00e0 conectividade<\/h2>\n\n<p>As inefici\u00eancias da conectividade a\u00e9rea regional s\u00e3o por vezes marcantes. A NACO destacou o exemplo de viagens entre <strong>Bonaire e Barbados<\/strong>, duas ilhas localizadas a menos de <strong>1.000 quil\u00f4metros de dist\u00e2ncia<\/strong>. <\/p>\n\n<p>Apesar de sua proximidade geogr\u00e1fica, a aus\u00eancia de voos diretos pode exigir que os passageiros viajem <strong>3.483 quil\u00f4metros via Cura\u00e7ao e Panam\u00e1<\/strong>, com tempos totais de viagem chegando a <strong>at\u00e9 37 horas<\/strong>.<\/p>\n\n<p>Os pre\u00e7os das passagens para tais viagens podem variar de <strong>$ 1.180 a $ 4.325<\/strong>, ilustrando as barreiras estruturais que continuam a afetar a mobilidade regional.<\/p>\n\n<p>Esta incompatibilidade entre geografia e conectividade destaca os desafios de construir uma rede de avia\u00e7\u00e3o regional eficiente atrav\u00e9s de um arquip\u00e9lago geograficamente disperso.<\/p>\n\n<h2 class=\"wp-block-heading\">Crescimento da avia\u00e7\u00e3o na Am\u00e9rica Latina<\/h2>\n\n<p>O mercado de avia\u00e7\u00e3o mais amplo da Am\u00e9rica Latina, no entanto, continua a demonstrar forte crescimento. De acordo com dados preliminares da ACI-LAC, <strong>o tr\u00e1fego de passageiros a\u00e9reos na Am\u00e9rica Latina e no Caribe cresceu 5 % em 2025<\/strong>. <\/p>\n\n<p>A Argentina registrou o maior crescimento relativo, com o tr\u00e1fego de passageiros aumentando <strong>12,7 %<\/strong>, apoiado pela pol\u00edtica de c\u00e9us abertos do pa\u00eds. O Brasil permanece o maior mercado de avia\u00e7\u00e3o da regi\u00e3o, movimentando <strong>234,8 milh\u00f5es de passageiros<\/strong>, com o tr\u00e1fego geral aumentando <strong>9,1 %<\/strong> e o tr\u00e1fego internacional subindo <strong>14 %<\/strong>. <\/p>\n\n<p>Dentro do pr\u00f3prio Caribe, o tr\u00e1fego de passageiros cresceu mais modestamente em <strong>cerca de 1 %<\/strong>, refletindo tanto limita\u00e7\u00f5es de infraestrutura quanto a depend\u00eancia da regi\u00e3o em fluxos de viagens impulsionados pelo turismo.<\/p>\n\n<h2 class=\"wp-block-heading\">Reforma de infraestrutura e regulat\u00f3ria permanecem essenciais<\/h2>\n\n<p>L\u00edderes do setor enfatizam que o crescimento futuro depender\u00e1 tanto do desenvolvimento de infraestrutura quanto da moderniza\u00e7\u00e3o regulat\u00f3ria.<\/p>\n\n<p>Falando no F\u00f3rum Econ\u00f4mico Internacional para a Am\u00e9rica Latina e o Caribe na Cidade do Panam\u00e1, <strong>Peter Cerd\u00e1, Vice-Presidente Regional para as Am\u00e9ricas da IATA<\/strong>, destacou a necessidade de investimento mais forte em infraestrutura de avia\u00e7\u00e3o.<\/p>\n\n<p>&#8220;Estamos mais conectados hoje do que em qualquer outro momento de nossa hist\u00f3ria, mas a infraestrutura n\u00e3o est\u00e1 acompanhando a demanda exigida pela ind\u00fastria de transporte a\u00e9reo e o que os passageiros esperam&#8221;, disse ele.<\/p>\n\n<p>Al\u00e9m de construir nova capacidade aeroportu\u00e1ria, as partes interessadas do setor tamb\u00e9m apontam para a import\u00e2ncia de maior integra\u00e7\u00e3o tecnol\u00f3gica e efici\u00eancia operacional aprimorada para reduzir os tempos de processamento e melhorar a experi\u00eancia do passageiro.<\/p>\n\n<p>Ao mesmo tempo, uma coordena\u00e7\u00e3o mais estreita entre governos e o setor privado ser\u00e1 essencial para abordar a fragmenta\u00e7\u00e3o regulat\u00f3ria e desbloquear novas oportunidades para conectividade regional.<\/p>\n\n<h2 class=\"wp-block-heading\">Uma quest\u00e3o de integra\u00e7\u00e3o regional<\/h2>\n\n<p>O paradoxo da conectividade a\u00e9rea do Caribe reflete, em \u00faltima an\u00e1lise, a estrutura econ\u00f4mica mais ampla da regi\u00e3o. As redes de avia\u00e7\u00e3o s\u00e3o fortemente moldadas pela demanda de turismo internacional, que prioriza liga\u00e7\u00f5es diretas com os principais mercados externos. <\/p>\n\n<p>No entanto, para economias regionais que buscam uma integra\u00e7\u00e3o mais profunda, a mobilidade aprimorada entre ilhas permanece um objetivo estrat\u00e9gico. Alcan\u00e7ar este equil\u00edbrio entre conectividade global e acessibilidade regional ser\u00e1 um dos desafios centrais para a avia\u00e7\u00e3o caribenha nos pr\u00f3ximos anos. <\/p>\n","protected":false},"excerpt":{"rendered":"<p>O Caribe \u00e9 uma das regi\u00f5es tur\u00edsticas mais conectadas globalmente do mundo. Todos os anos, milh\u00f5es de viajantes chegam da Am\u00e9rica do Norte e da Europa atrav\u00e9s de uma densa rede de rotas internacionais que ligam a regi\u00e3o aos principais centros globais. No entanto, paradoxalmente, viajar entre as pr\u00f3prias ilhas caribenhas pode permanecer surpreendentemente complexo, [&hellip;]<\/p>\n","protected":false},"author":5,"featured_media":21447,"comment_status":"open","ping_status":"closed","sticky":false,"template":"","format":"standard","meta":{"footnotes":""},"categories":[98,101],"tags":[],"class_list":["post-21448","post","type-post","status-publish","format-standard","has-post-thumbnail","hentry","category-aviacao","category-conectividade-aerea-e-atratividade-territorial"],"yoast_head":"<!-- This site is optimized with the Yoast SEO plugin v26.9 - https:\/\/yoast.com\/product\/yoast-seo-wordpress\/ -->\n<title>O Paradoxo da Conectividade A\u00e9rea do Caribe: Por Que a Regi\u00e3o Est\u00e1 Mais Conectada ao Mundo do Que a Si Mesma - LATITUDE 15<\/title>\n<meta name=\"robots\" content=\"index, follow, max-snippet:-1, max-image-preview:large, max-video-preview:-1\" \/>\n<link rel=\"canonical\" href=\"https:\/\/www.latitude-15.com\/pt-br\/o-paradoxo-da-conectividade-aerea-do-caribe-por-que-a-regiao-esta-mais-conectada-ao-mundo-do-que-a-si-mesma\/\" \/>\n<meta property=\"og:locale\" content=\"pt_BR\" \/>\n<meta property=\"og:type\" content=\"article\" \/>\n<meta property=\"og:title\" content=\"O Paradoxo da Conectividade A\u00e9rea do Caribe: Por Que a Regi\u00e3o Est\u00e1 Mais Conectada ao Mundo do Que a Si Mesma - LATITUDE 15\" \/>\n<meta property=\"og:description\" content=\"O Caribe \u00e9 uma das regi\u00f5es tur\u00edsticas mais conectadas globalmente do mundo. Todos os anos, milh\u00f5es de viajantes chegam da Am\u00e9rica do Norte e da Europa atrav\u00e9s de uma densa rede de rotas internacionais que ligam a regi\u00e3o aos principais centros globais. No entanto, paradoxalmente, viajar entre as pr\u00f3prias ilhas caribenhas pode permanecer surpreendentemente complexo, [&hellip;]\" \/>\n<meta property=\"og:url\" content=\"https:\/\/www.latitude-15.com\/pt-br\/o-paradoxo-da-conectividade-aerea-do-caribe-por-que-a-regiao-esta-mais-conectada-ao-mundo-do-que-a-si-mesma\/\" \/>\n<meta property=\"og:site_name\" content=\"LATITUDE 15\" \/>\n<meta property=\"article:published_time\" content=\"2026-03-11T18:35:00+00:00\" \/>\n<meta property=\"article:modified_time\" content=\"2026-03-11T19:08:14+00:00\" \/>\n<meta property=\"og:image\" content=\"https:\/\/www.latitude-15.com\/wp-content\/uploads\/2026\/03\/pexels-myburgh-2046548.jpg\" \/>\n\t<meta property=\"og:image:width\" content=\"1920\" \/>\n\t<meta property=\"og:image:height\" content=\"1280\" \/>\n\t<meta property=\"og:image:type\" content=\"image\/jpeg\" \/>\n<meta name=\"author\" content=\"Joda J\" \/>\n<meta name=\"twitter:card\" content=\"summary_large_image\" \/>\n<meta name=\"twitter:label1\" content=\"Escrito por\" \/>\n\t<meta name=\"twitter:data1\" content=\"Joda J\" \/>\n\t<meta name=\"twitter:label2\" content=\"Est. tempo de leitura\" \/>\n\t<meta name=\"twitter:data2\" content=\"6 minutos\" \/>\n<script type=\"application\/ld+json\" class=\"yoast-schema-graph\">{\"@context\":\"https:\/\/schema.org\",\"@graph\":[{\"@type\":\"Article\",\"@id\":\"https:\/\/www.latitude-15.com\/pt-br\/o-paradoxo-da-conectividade-aerea-do-caribe-por-que-a-regiao-esta-mais-conectada-ao-mundo-do-que-a-si-mesma\/#article\",\"isPartOf\":{\"@id\":\"https:\/\/www.latitude-15.com\/pt-br\/o-paradoxo-da-conectividade-aerea-do-caribe-por-que-a-regiao-esta-mais-conectada-ao-mundo-do-que-a-si-mesma\/\"},\"author\":{\"name\":\"Joda J\",\"@id\":\"https:\/\/www.latitude-15.com\/pt-br\/#\/schema\/person\/dac52e7ff44c78317f337da112e37252\"},\"headline\":\"O Paradoxo da Conectividade A\u00e9rea do Caribe: Por Que a Regi\u00e3o Est\u00e1 Mais Conectada ao Mundo do Que a Si Mesma\",\"datePublished\":\"2026-03-11T18:35:00+00:00\",\"dateModified\":\"2026-03-11T19:08:14+00:00\",\"mainEntityOfPage\":{\"@id\":\"https:\/\/www.latitude-15.com\/pt-br\/o-paradoxo-da-conectividade-aerea-do-caribe-por-que-a-regiao-esta-mais-conectada-ao-mundo-do-que-a-si-mesma\/\"},\"wordCount\":1210,\"commentCount\":0,\"publisher\":{\"@id\":\"https:\/\/www.latitude-15.com\/pt-br\/#organization\"},\"image\":{\"@id\":\"https:\/\/www.latitude-15.com\/pt-br\/o-paradoxo-da-conectividade-aerea-do-caribe-por-que-a-regiao-esta-mais-conectada-ao-mundo-do-que-a-si-mesma\/#primaryimage\"},\"thumbnailUrl\":\"https:\/\/www.latitude-15.com\/wp-content\/uploads\/2026\/03\/pexels-myburgh-2046548.jpg\",\"articleSection\":[\"AVIA\u00c7\u00c3O\",\"Conectividade a\u00e9rea e Atratividade territorial\"],\"inLanguage\":\"pt-BR\",\"potentialAction\":[{\"@type\":\"CommentAction\",\"name\":\"Comment\",\"target\":[\"https:\/\/www.latitude-15.com\/pt-br\/o-paradoxo-da-conectividade-aerea-do-caribe-por-que-a-regiao-esta-mais-conectada-ao-mundo-do-que-a-si-mesma\/#respond\"]}]},{\"@type\":\"WebPage\",\"@id\":\"https:\/\/www.latitude-15.com\/pt-br\/o-paradoxo-da-conectividade-aerea-do-caribe-por-que-a-regiao-esta-mais-conectada-ao-mundo-do-que-a-si-mesma\/\",\"url\":\"https:\/\/www.latitude-15.com\/pt-br\/o-paradoxo-da-conectividade-aerea-do-caribe-por-que-a-regiao-esta-mais-conectada-ao-mundo-do-que-a-si-mesma\/\",\"name\":\"O Paradoxo da Conectividade A\u00e9rea do Caribe: Por Que a Regi\u00e3o Est\u00e1 Mais Conectada ao Mundo do Que a Si Mesma - LATITUDE 15\",\"isPartOf\":{\"@id\":\"https:\/\/www.latitude-15.com\/pt-br\/#website\"},\"primaryImageOfPage\":{\"@id\":\"https:\/\/www.latitude-15.com\/pt-br\/o-paradoxo-da-conectividade-aerea-do-caribe-por-que-a-regiao-esta-mais-conectada-ao-mundo-do-que-a-si-mesma\/#primaryimage\"},\"image\":{\"@id\":\"https:\/\/www.latitude-15.com\/pt-br\/o-paradoxo-da-conectividade-aerea-do-caribe-por-que-a-regiao-esta-mais-conectada-ao-mundo-do-que-a-si-mesma\/#primaryimage\"},\"thumbnailUrl\":\"https:\/\/www.latitude-15.com\/wp-content\/uploads\/2026\/03\/pexels-myburgh-2046548.jpg\",\"datePublished\":\"2026-03-11T18:35:00+00:00\",\"dateModified\":\"2026-03-11T19:08:14+00:00\",\"breadcrumb\":{\"@id\":\"https:\/\/www.latitude-15.com\/pt-br\/o-paradoxo-da-conectividade-aerea-do-caribe-por-que-a-regiao-esta-mais-conectada-ao-mundo-do-que-a-si-mesma\/#breadcrumb\"},\"inLanguage\":\"pt-BR\",\"potentialAction\":[{\"@type\":\"ReadAction\",\"target\":[\"https:\/\/www.latitude-15.com\/pt-br\/o-paradoxo-da-conectividade-aerea-do-caribe-por-que-a-regiao-esta-mais-conectada-ao-mundo-do-que-a-si-mesma\/\"]}]},{\"@type\":\"ImageObject\",\"inLanguage\":\"pt-BR\",\"@id\":\"https:\/\/www.latitude-15.com\/pt-br\/o-paradoxo-da-conectividade-aerea-do-caribe-por-que-a-regiao-esta-mais-conectada-ao-mundo-do-que-a-si-mesma\/#primaryimage\",\"url\":\"https:\/\/www.latitude-15.com\/wp-content\/uploads\/2026\/03\/pexels-myburgh-2046548.jpg\",\"contentUrl\":\"https:\/\/www.latitude-15.com\/wp-content\/uploads\/2026\/03\/pexels-myburgh-2046548.jpg\",\"width\":1920,\"height\":1280},{\"@type\":\"BreadcrumbList\",\"@id\":\"https:\/\/www.latitude-15.com\/pt-br\/o-paradoxo-da-conectividade-aerea-do-caribe-por-que-a-regiao-esta-mais-conectada-ao-mundo-do-que-a-si-mesma\/#breadcrumb\",\"itemListElement\":[{\"@type\":\"ListItem\",\"position\":1,\"name\":\"Home\",\"item\":\"https:\/\/www.latitude-15.com\/pt-br\/inicio\/\"},{\"@type\":\"ListItem\",\"position\":2,\"name\":\"O Paradoxo da Conectividade A\u00e9rea do Caribe: Por Que a Regi\u00e3o Est\u00e1 Mais Conectada ao Mundo do Que a Si Mesma\"}]},{\"@type\":\"WebSite\",\"@id\":\"https:\/\/www.latitude-15.com\/pt-br\/#website\",\"url\":\"https:\/\/www.latitude-15.com\/pt-br\/\",\"name\":\"LATITUDE 15\",\"description\":\"Aviation and maritime Magazine - Caribbean &amp; Latin America\",\"publisher\":{\"@id\":\"https:\/\/www.latitude-15.com\/pt-br\/#organization\"},\"potentialAction\":[{\"@type\":\"SearchAction\",\"target\":{\"@type\":\"EntryPoint\",\"urlTemplate\":\"https:\/\/www.latitude-15.com\/pt-br\/?s={search_term_string}\"},\"query-input\":{\"@type\":\"PropertyValueSpecification\",\"valueRequired\":true,\"valueName\":\"search_term_string\"}}],\"inLanguage\":\"pt-BR\"},{\"@type\":\"Organization\",\"@id\":\"https:\/\/www.latitude-15.com\/pt-br\/#organization\",\"name\":\"LATITUDE 15\",\"url\":\"https:\/\/www.latitude-15.com\/pt-br\/\",\"logo\":{\"@type\":\"ImageObject\",\"inLanguage\":\"pt-BR\",\"@id\":\"https:\/\/www.latitude-15.com\/pt-br\/#\/schema\/logo\/image\/\",\"url\":\"https:\/\/www.latitude-15.com\/wp-content\/uploads\/2026\/01\/cropped-logox500px.png\",\"contentUrl\":\"https:\/\/www.latitude-15.com\/wp-content\/uploads\/2026\/01\/cropped-logox500px.png\",\"width\":62,\"height\":75,\"caption\":\"LATITUDE 15\"},\"image\":{\"@id\":\"https:\/\/www.latitude-15.com\/pt-br\/#\/schema\/logo\/image\/\"}},{\"@type\":\"Person\",\"@id\":\"https:\/\/www.latitude-15.com\/pt-br\/#\/schema\/person\/dac52e7ff44c78317f337da112e37252\",\"name\":\"Joda J\",\"image\":{\"@type\":\"ImageObject\",\"inLanguage\":\"pt-BR\",\"@id\":\"https:\/\/www.latitude-15.com\/pt-br\/#\/schema\/person\/image\/\",\"url\":\"https:\/\/secure.gravatar.com\/avatar\/6b1feae555e15404b76616f92d931d12b25ac58024f14ccb43d9d3c012e4c4cf?s=96&d=mm&r=g\",\"contentUrl\":\"https:\/\/secure.gravatar.com\/avatar\/6b1feae555e15404b76616f92d931d12b25ac58024f14ccb43d9d3c012e4c4cf?s=96&d=mm&r=g\",\"caption\":\"Joda J\"},\"url\":\"https:\/\/www.latitude-15.com\/pt-br\/author\/joda\/\"}]}<\/script>\n<!-- \/ Yoast SEO plugin. -->","yoast_head_json":{"title":"O Paradoxo da Conectividade A\u00e9rea do Caribe: Por Que a Regi\u00e3o Est\u00e1 Mais Conectada ao Mundo do Que a Si Mesma - LATITUDE 15","robots":{"index":"index","follow":"follow","max-snippet":"max-snippet:-1","max-image-preview":"max-image-preview:large","max-video-preview":"max-video-preview:-1"},"canonical":"https:\/\/www.latitude-15.com\/pt-br\/o-paradoxo-da-conectividade-aerea-do-caribe-por-que-a-regiao-esta-mais-conectada-ao-mundo-do-que-a-si-mesma\/","og_locale":"pt_BR","og_type":"article","og_title":"O Paradoxo da Conectividade A\u00e9rea do Caribe: Por Que a Regi\u00e3o Est\u00e1 Mais Conectada ao Mundo do Que a Si Mesma - LATITUDE 15","og_description":"O Caribe \u00e9 uma das regi\u00f5es tur\u00edsticas mais conectadas globalmente do mundo. Todos os anos, milh\u00f5es de viajantes chegam da Am\u00e9rica do Norte e da Europa atrav\u00e9s de uma densa rede de rotas internacionais que ligam a regi\u00e3o aos principais centros globais. No entanto, paradoxalmente, viajar entre as pr\u00f3prias ilhas caribenhas pode permanecer surpreendentemente complexo, [&hellip;]","og_url":"https:\/\/www.latitude-15.com\/pt-br\/o-paradoxo-da-conectividade-aerea-do-caribe-por-que-a-regiao-esta-mais-conectada-ao-mundo-do-que-a-si-mesma\/","og_site_name":"LATITUDE 15","article_published_time":"2026-03-11T18:35:00+00:00","article_modified_time":"2026-03-11T19:08:14+00:00","og_image":[{"width":1920,"height":1280,"url":"https:\/\/www.latitude-15.com\/wp-content\/uploads\/2026\/03\/pexels-myburgh-2046548.jpg","type":"image\/jpeg"}],"author":"Joda J","twitter_card":"summary_large_image","twitter_misc":{"Escrito por":"Joda J","Est. tempo de leitura":"6 minutos"},"schema":{"@context":"https:\/\/schema.org","@graph":[{"@type":"Article","@id":"https:\/\/www.latitude-15.com\/pt-br\/o-paradoxo-da-conectividade-aerea-do-caribe-por-que-a-regiao-esta-mais-conectada-ao-mundo-do-que-a-si-mesma\/#article","isPartOf":{"@id":"https:\/\/www.latitude-15.com\/pt-br\/o-paradoxo-da-conectividade-aerea-do-caribe-por-que-a-regiao-esta-mais-conectada-ao-mundo-do-que-a-si-mesma\/"},"author":{"name":"Joda J","@id":"https:\/\/www.latitude-15.com\/pt-br\/#\/schema\/person\/dac52e7ff44c78317f337da112e37252"},"headline":"O Paradoxo da Conectividade A\u00e9rea do Caribe: Por Que a Regi\u00e3o Est\u00e1 Mais Conectada ao Mundo do Que a Si Mesma","datePublished":"2026-03-11T18:35:00+00:00","dateModified":"2026-03-11T19:08:14+00:00","mainEntityOfPage":{"@id":"https:\/\/www.latitude-15.com\/pt-br\/o-paradoxo-da-conectividade-aerea-do-caribe-por-que-a-regiao-esta-mais-conectada-ao-mundo-do-que-a-si-mesma\/"},"wordCount":1210,"commentCount":0,"publisher":{"@id":"https:\/\/www.latitude-15.com\/pt-br\/#organization"},"image":{"@id":"https:\/\/www.latitude-15.com\/pt-br\/o-paradoxo-da-conectividade-aerea-do-caribe-por-que-a-regiao-esta-mais-conectada-ao-mundo-do-que-a-si-mesma\/#primaryimage"},"thumbnailUrl":"https:\/\/www.latitude-15.com\/wp-content\/uploads\/2026\/03\/pexels-myburgh-2046548.jpg","articleSection":["AVIA\u00c7\u00c3O","Conectividade a\u00e9rea e Atratividade territorial"],"inLanguage":"pt-BR","potentialAction":[{"@type":"CommentAction","name":"Comment","target":["https:\/\/www.latitude-15.com\/pt-br\/o-paradoxo-da-conectividade-aerea-do-caribe-por-que-a-regiao-esta-mais-conectada-ao-mundo-do-que-a-si-mesma\/#respond"]}]},{"@type":"WebPage","@id":"https:\/\/www.latitude-15.com\/pt-br\/o-paradoxo-da-conectividade-aerea-do-caribe-por-que-a-regiao-esta-mais-conectada-ao-mundo-do-que-a-si-mesma\/","url":"https:\/\/www.latitude-15.com\/pt-br\/o-paradoxo-da-conectividade-aerea-do-caribe-por-que-a-regiao-esta-mais-conectada-ao-mundo-do-que-a-si-mesma\/","name":"O Paradoxo da Conectividade A\u00e9rea do Caribe: Por Que a Regi\u00e3o Est\u00e1 Mais Conectada ao Mundo do Que a Si Mesma - LATITUDE 15","isPartOf":{"@id":"https:\/\/www.latitude-15.com\/pt-br\/#website"},"primaryImageOfPage":{"@id":"https:\/\/www.latitude-15.com\/pt-br\/o-paradoxo-da-conectividade-aerea-do-caribe-por-que-a-regiao-esta-mais-conectada-ao-mundo-do-que-a-si-mesma\/#primaryimage"},"image":{"@id":"https:\/\/www.latitude-15.com\/pt-br\/o-paradoxo-da-conectividade-aerea-do-caribe-por-que-a-regiao-esta-mais-conectada-ao-mundo-do-que-a-si-mesma\/#primaryimage"},"thumbnailUrl":"https:\/\/www.latitude-15.com\/wp-content\/uploads\/2026\/03\/pexels-myburgh-2046548.jpg","datePublished":"2026-03-11T18:35:00+00:00","dateModified":"2026-03-11T19:08:14+00:00","breadcrumb":{"@id":"https:\/\/www.latitude-15.com\/pt-br\/o-paradoxo-da-conectividade-aerea-do-caribe-por-que-a-regiao-esta-mais-conectada-ao-mundo-do-que-a-si-mesma\/#breadcrumb"},"inLanguage":"pt-BR","potentialAction":[{"@type":"ReadAction","target":["https:\/\/www.latitude-15.com\/pt-br\/o-paradoxo-da-conectividade-aerea-do-caribe-por-que-a-regiao-esta-mais-conectada-ao-mundo-do-que-a-si-mesma\/"]}]},{"@type":"ImageObject","inLanguage":"pt-BR","@id":"https:\/\/www.latitude-15.com\/pt-br\/o-paradoxo-da-conectividade-aerea-do-caribe-por-que-a-regiao-esta-mais-conectada-ao-mundo-do-que-a-si-mesma\/#primaryimage","url":"https:\/\/www.latitude-15.com\/wp-content\/uploads\/2026\/03\/pexels-myburgh-2046548.jpg","contentUrl":"https:\/\/www.latitude-15.com\/wp-content\/uploads\/2026\/03\/pexels-myburgh-2046548.jpg","width":1920,"height":1280},{"@type":"BreadcrumbList","@id":"https:\/\/www.latitude-15.com\/pt-br\/o-paradoxo-da-conectividade-aerea-do-caribe-por-que-a-regiao-esta-mais-conectada-ao-mundo-do-que-a-si-mesma\/#breadcrumb","itemListElement":[{"@type":"ListItem","position":1,"name":"Home","item":"https:\/\/www.latitude-15.com\/pt-br\/inicio\/"},{"@type":"ListItem","position":2,"name":"O Paradoxo da Conectividade A\u00e9rea do Caribe: Por Que a Regi\u00e3o Est\u00e1 Mais Conectada ao Mundo do Que a Si Mesma"}]},{"@type":"WebSite","@id":"https:\/\/www.latitude-15.com\/pt-br\/#website","url":"https:\/\/www.latitude-15.com\/pt-br\/","name":"LATITUDE 15","description":"Aviation and maritime Magazine - Caribbean &amp; Latin America","publisher":{"@id":"https:\/\/www.latitude-15.com\/pt-br\/#organization"},"potentialAction":[{"@type":"SearchAction","target":{"@type":"EntryPoint","urlTemplate":"https:\/\/www.latitude-15.com\/pt-br\/?s={search_term_string}"},"query-input":{"@type":"PropertyValueSpecification","valueRequired":true,"valueName":"search_term_string"}}],"inLanguage":"pt-BR"},{"@type":"Organization","@id":"https:\/\/www.latitude-15.com\/pt-br\/#organization","name":"LATITUDE 15","url":"https:\/\/www.latitude-15.com\/pt-br\/","logo":{"@type":"ImageObject","inLanguage":"pt-BR","@id":"https:\/\/www.latitude-15.com\/pt-br\/#\/schema\/logo\/image\/","url":"https:\/\/www.latitude-15.com\/wp-content\/uploads\/2026\/01\/cropped-logox500px.png","contentUrl":"https:\/\/www.latitude-15.com\/wp-content\/uploads\/2026\/01\/cropped-logox500px.png","width":62,"height":75,"caption":"LATITUDE 15"},"image":{"@id":"https:\/\/www.latitude-15.com\/pt-br\/#\/schema\/logo\/image\/"}},{"@type":"Person","@id":"https:\/\/www.latitude-15.com\/pt-br\/#\/schema\/person\/dac52e7ff44c78317f337da112e37252","name":"Joda J","image":{"@type":"ImageObject","inLanguage":"pt-BR","@id":"https:\/\/www.latitude-15.com\/pt-br\/#\/schema\/person\/image\/","url":"https:\/\/secure.gravatar.com\/avatar\/6b1feae555e15404b76616f92d931d12b25ac58024f14ccb43d9d3c012e4c4cf?s=96&d=mm&r=g","contentUrl":"https:\/\/secure.gravatar.com\/avatar\/6b1feae555e15404b76616f92d931d12b25ac58024f14ccb43d9d3c012e4c4cf?s=96&d=mm&r=g","caption":"Joda J"},"url":"https:\/\/www.latitude-15.com\/pt-br\/author\/joda\/"}]}},"_links":{"self":[{"href":"https:\/\/www.latitude-15.com\/pt-br\/wp-json\/wp\/v2\/posts\/21448","targetHints":{"allow":["GET"]}}],"collection":[{"href":"https:\/\/www.latitude-15.com\/pt-br\/wp-json\/wp\/v2\/posts"}],"about":[{"href":"https:\/\/www.latitude-15.com\/pt-br\/wp-json\/wp\/v2\/types\/post"}],"author":[{"embeddable":true,"href":"https:\/\/www.latitude-15.com\/pt-br\/wp-json\/wp\/v2\/users\/5"}],"replies":[{"embeddable":true,"href":"https:\/\/www.latitude-15.com\/pt-br\/wp-json\/wp\/v2\/comments?post=21448"}],"version-history":[{"count":1,"href":"https:\/\/www.latitude-15.com\/pt-br\/wp-json\/wp\/v2\/posts\/21448\/revisions"}],"predecessor-version":[{"id":21449,"href":"https:\/\/www.latitude-15.com\/pt-br\/wp-json\/wp\/v2\/posts\/21448\/revisions\/21449"}],"wp:featuredmedia":[{"embeddable":true,"href":"https:\/\/www.latitude-15.com\/pt-br\/wp-json\/wp\/v2\/media\/21447"}],"wp:attachment":[{"href":"https:\/\/www.latitude-15.com\/pt-br\/wp-json\/wp\/v2\/media?parent=21448"}],"wp:term":[{"taxonomy":"category","embeddable":true,"href":"https:\/\/www.latitude-15.com\/pt-br\/wp-json\/wp\/v2\/categories?post=21448"},{"taxonomy":"post_tag","embeddable":true,"href":"https:\/\/www.latitude-15.com\/pt-br\/wp-json\/wp\/v2\/tags?post=21448"}],"curies":[{"name":"wp","href":"https:\/\/api.w.org\/{rel}","templated":true}]}}