{"id":21423,"date":"2026-03-11T09:15:50","date_gmt":"2026-03-11T13:15:50","guid":{"rendered":"https:\/\/www.latitude-15.com\/saint-martin-se-reconecta-a-uma-rede-regional-de-aviacao-em-expansao\/"},"modified":"2026-03-11T09:20:16","modified_gmt":"2026-03-11T13:20:16","slug":"saint-martin-se-reconecta-a-uma-rede-regional-de-aviacao-em-expansao","status":"publish","type":"post","link":"https:\/\/www.latitude-15.com\/pt-br\/saint-martin-se-reconecta-a-uma-rede-regional-de-aviacao-em-expansao\/","title":{"rendered":"Saint-Martin se reconecta a uma rede regional de avia\u00e7\u00e3o em expans\u00e3o"},"content":{"rendered":"\n<p>A conectividade a\u00e9rea regional continua sendo um dos desafios estruturais do mercado de avia\u00e7\u00e3o do Caribe. A geografia fragmentada, mercados de passageiros relativamente pequenos e altos custos operacionais historicamente limitaram o n\u00famero de rotas intrarregionais vi\u00e1veis. <\/p>\n\n<p>Nesse contexto, o retorno da interCaribbean Airways a Saint-Martin representa mais do que a reabertura de uma \u00fanica rota. Ele faz parte de uma estrat\u00e9gia de expans\u00e3o mais ampla, voltada a fortalecer a mobilidade regional em todo o Caribe. <\/p>\n\n<p>A companhia a\u00e9rea lan\u00e7ou recentemente novos servi\u00e7os ligando Saint-Martin a Bridgetown e Tortola. Os voos para Bridgetown operam duas vezes por semana, enquanto o servi\u00e7o para Tortola tamb\u00e9m ocorre duas vezes por semana, utilizando aeronaves ATR 42. <\/p>\n\n<p>Embora modestos em frequ\u00eancia, esses enlaces contribuem para restaurar uma camada essencial de conectividade regional, ligando ilhas do norte do Caribe a destinos mais ao sul.<\/p>\n\n<h2 class=\"wp-block-heading\">Barbados desponta como um hub estrat\u00e9gico no Caribe<\/h2>\n\n<p>As novas rotas para Saint-Martin fazem parte de uma expans\u00e3o de rede mais ampla, centrada em Barbados como um hub regional em crescimento.<\/p>\n\n<p>A interCaribbean lan\u00e7ou recentemente servi\u00e7os adicionais a partir de Bridgetown para diversos destinos no Caribe. Entre eles, uma nova conex\u00e3o direta sem escalas entre Barbados e Tortola, operando tr\u00eas vezes por semana, al\u00e9m de quatro voos semanais ligando Barbados a Port of Spain, em Trinidad e Tobago. <\/p>\n\n<p>Essa rede em expans\u00e3o posiciona Barbados como um ponto de conex\u00e3o cada vez mais importante dentro da regi\u00e3o. Ao conectar destinos do norte do Caribe, como Saint-Martin, a mercados do sul, incluindo Trinidad e Tobago, a companhia a\u00e9rea vem construindo progressivamente uma rede regional multidirecional. <\/p>\n\n<p>Estrat\u00e9gias de hub como essa continuam essenciais no ecossistema de avia\u00e7\u00e3o do Caribe, onde mercados fragmentados frequentemente exigem portas de entrada intermedi\u00e1rias para sustentar uma conectividade a\u00e9rea vi\u00e1vel.<\/p>\n\n<h2 class=\"wp-block-heading\">O papel de Saint-Martin como porta de entrada no nordeste do Caribe<\/h2>\n\n<p>Dentro dessa arquitetura de rede, Saint-Martin continua a desempenhar um papel-chave na conex\u00e3o do nordeste do Caribe.<\/p>\n\n<p>Grande parte dessa conectividade gira em torno do Aeroporto Internacional Princess Juliana, uma das portas de entrada da avia\u00e7\u00e3o mais conhecidas da regi\u00e3o. O aeroporto combina servi\u00e7os internacionais de longa dist\u00e2ncia com uma densa rede de rotas regionais, permitindo que passageiros transitem entre destinos globais e ilhas caribenhas menores. <\/p>\n\n<p>Os novos servi\u00e7os para Barbados e Tortola, portanto, fortalecem a fun\u00e7\u00e3o de Saint-Martin como ponto de redistribui\u00e7\u00e3o dentro do sistema regional de avia\u00e7\u00e3o. Em uma geografia composta por numerosos mercados insulares, esses hubs secund\u00e1rios s\u00e3o essenciais para manter as liga\u00e7\u00f5es de viagem em todo o Caribe. <\/p>\n\n<p>Tamb\u00e9m est\u00e1 prevista conectividade adicional entre Tortola e Saint-Martin, com novos voos duas vezes por semana com in\u00edcio esperado em breve, refor\u00e7ando ainda mais a mobilidade na sub-regi\u00e3o do norte do Caribe.<\/p>\n\n<h2 class=\"wp-block-heading\">Mobilidade corporativa e turismo impulsionam a demanda a\u00e9rea regional<\/h2>\n\n<p>Al\u00e9m dos fluxos tur\u00edsticos, a conectividade a\u00e9rea regional tamb\u00e9m desempenha um papel cr\u00edtico no apoio \u00e0 mobilidade econ\u00f4mica entre os mercados caribenhos.<\/p>\n\n<p>L\u00edderes do setor t\u00eam enfatizado que as viagens de neg\u00f3cios continuam sendo um fator-chave da demanda por avia\u00e7\u00e3o intracaribenha. Executivos, engenheiros, profissionais do setor financeiro e consultores frequentemente se deslocam entre centros econ\u00f4micos regionais como Trinidad e Tobago, Barbados e outras economias insulares. <\/p>\n\n<p>Ao mesmo tempo, a melhoria das liga\u00e7\u00f5es a\u00e9reas contribui para fortalecer os interc\u00e2mbios tur\u00edsticos entre os pr\u00f3prios destinos caribenhos, um segmento cada vez mais importante para economias insulares que buscam diversificar seus mercados de visitantes.<\/p>\n\n<p>Ao expandir sua rede regional e modernizar sua frota com aeronaves turbo\u00e9lice ATR 42-500, a interCaribbean Airways est\u00e1 se posicionando para capturar essa demanda crescente por conectividade intracaribenha confi\u00e1vel.<\/p>\n\n<h2 class=\"wp-block-heading\">Reconstruindo a rede a\u00e9rea regional do Caribe<\/h2>\n\n<p>A expans\u00e3o retomada pela companhia a\u00e9rea tamb\u00e9m reflete a reconstru\u00e7\u00e3o gradual do ecossistema regional de avia\u00e7\u00e3o do Caribe ap\u00f3s as disrup\u00e7\u00f5es causadas pela pandemia de COVID-19.<\/p>\n\n<p>A interCaribbean j\u00e1 havia operado servi\u00e7os para Saint-Martin antes de suspend\u00ea-los em 2019. Seu retorno sinaliza renovada confian\u00e7a na recupera\u00e7\u00e3o da demanda por viagens regionais e na viabilidade de rotas insulares de curta dist\u00e2ncia. <\/p>\n\n<p>Embora a escala dessas opera\u00e7\u00f5es permane\u00e7a relativamente pequena em compara\u00e7\u00e3o com os mercados internacionais de longa dist\u00e2ncia, essas rotas desempenham um papel cr\u00edtico ao costurar a geografia fragmentada do Caribe.<\/p>\n\n<p>Para Saint-Martin, expandir as liga\u00e7\u00f5es a\u00e9reas regionais continua sendo uma alavanca estrat\u00e9gica para refor\u00e7ar sua posi\u00e7\u00e3o dentro da rede em evolu\u00e7\u00e3o de hubs de avia\u00e7\u00e3o do Caribe.<\/p>\n","protected":false},"excerpt":{"rendered":"<p>A conectividade a\u00e9rea regional continua sendo um dos desafios estruturais do mercado de avia\u00e7\u00e3o do Caribe. A geografia fragmentada, mercados de passageiros relativamente pequenos e altos custos operacionais historicamente limitaram o n\u00famero de rotas intrarregionais vi\u00e1veis. Nesse contexto, o retorno da interCaribbean Airways a Saint-Martin representa mais do que a reabertura de uma \u00fanica rota. [&hellip;]<\/p>\n","protected":false},"author":5,"featured_media":21422,"comment_status":"open","ping_status":"closed","sticky":false,"template":"","format":"standard","meta":{"footnotes":""},"categories":[98,101],"tags":[],"class_list":["post-21423","post","type-post","status-publish","format-standard","has-post-thumbnail","hentry","category-aviacao","category-conectividade-aerea-e-atratividade-territorial"],"yoast_head":"<!-- This site is optimized with the Yoast SEO plugin v26.9 - https:\/\/yoast.com\/product\/yoast-seo-wordpress\/ -->\n<title>Saint-Martin se reconecta a uma rede regional de avia\u00e7\u00e3o em expans\u00e3o - LATITUDE 15<\/title>\n<meta name=\"robots\" content=\"index, follow, max-snippet:-1, max-image-preview:large, max-video-preview:-1\" \/>\n<link rel=\"canonical\" href=\"https:\/\/www.latitude-15.com\/pt-br\/saint-martin-se-reconecta-a-uma-rede-regional-de-aviacao-em-expansao\/\" \/>\n<meta property=\"og:locale\" content=\"pt_BR\" \/>\n<meta property=\"og:type\" content=\"article\" \/>\n<meta property=\"og:title\" content=\"Saint-Martin se reconecta a uma rede regional de avia\u00e7\u00e3o em expans\u00e3o - LATITUDE 15\" \/>\n<meta property=\"og:description\" content=\"A conectividade a\u00e9rea regional continua sendo um dos desafios estruturais do mercado de avia\u00e7\u00e3o do Caribe. A geografia fragmentada, mercados de passageiros relativamente pequenos e altos custos operacionais historicamente limitaram o n\u00famero de rotas intrarregionais vi\u00e1veis. Nesse contexto, o retorno da interCaribbean Airways a Saint-Martin representa mais do que a reabertura de uma \u00fanica rota. [&hellip;]\" \/>\n<meta property=\"og:url\" content=\"https:\/\/www.latitude-15.com\/pt-br\/saint-martin-se-reconecta-a-uma-rede-regional-de-aviacao-em-expansao\/\" \/>\n<meta property=\"og:site_name\" content=\"LATITUDE 15\" \/>\n<meta property=\"article:published_time\" content=\"2026-03-11T13:15:50+00:00\" \/>\n<meta property=\"article:modified_time\" content=\"2026-03-11T13:20:16+00:00\" \/>\n<meta property=\"og:image\" content=\"https:\/\/www.latitude-15.com\/wp-content\/uploads\/2026\/03\/Spirit-Barbados-L.png\" \/>\n\t<meta property=\"og:image:width\" content=\"1000\" \/>\n\t<meta property=\"og:image:height\" content=\"650\" \/>\n\t<meta property=\"og:image:type\" content=\"image\/png\" \/>\n<meta name=\"author\" content=\"Joda J\" \/>\n<meta name=\"twitter:card\" content=\"summary_large_image\" \/>\n<meta name=\"twitter:label1\" content=\"Escrito por\" \/>\n\t<meta name=\"twitter:data1\" content=\"Joda J\" \/>\n\t<meta name=\"twitter:label2\" content=\"Est. tempo de leitura\" \/>\n\t<meta name=\"twitter:data2\" content=\"4 minutos\" \/>\n<script type=\"application\/ld+json\" class=\"yoast-schema-graph\">{\"@context\":\"https:\/\/schema.org\",\"@graph\":[{\"@type\":\"Article\",\"@id\":\"https:\/\/www.latitude-15.com\/pt-br\/saint-martin-se-reconecta-a-uma-rede-regional-de-aviacao-em-expansao\/#article\",\"isPartOf\":{\"@id\":\"https:\/\/www.latitude-15.com\/pt-br\/saint-martin-se-reconecta-a-uma-rede-regional-de-aviacao-em-expansao\/\"},\"author\":{\"name\":\"Joda J\",\"@id\":\"https:\/\/www.latitude-15.com\/pt-br\/#\/schema\/person\/dac52e7ff44c78317f337da112e37252\"},\"headline\":\"Saint-Martin se reconecta a uma rede regional de avia\u00e7\u00e3o em expans\u00e3o\",\"datePublished\":\"2026-03-11T13:15:50+00:00\",\"dateModified\":\"2026-03-11T13:20:16+00:00\",\"mainEntityOfPage\":{\"@id\":\"https:\/\/www.latitude-15.com\/pt-br\/saint-martin-se-reconecta-a-uma-rede-regional-de-aviacao-em-expansao\/\"},\"wordCount\":805,\"commentCount\":0,\"publisher\":{\"@id\":\"https:\/\/www.latitude-15.com\/pt-br\/#organization\"},\"image\":{\"@id\":\"https:\/\/www.latitude-15.com\/pt-br\/saint-martin-se-reconecta-a-uma-rede-regional-de-aviacao-em-expansao\/#primaryimage\"},\"thumbnailUrl\":\"https:\/\/www.latitude-15.com\/wp-content\/uploads\/2026\/03\/Spirit-Barbados-L.png\",\"articleSection\":[\"AVIA\u00c7\u00c3O\",\"Conectividade a\u00e9rea e Atratividade territorial\"],\"inLanguage\":\"pt-BR\",\"potentialAction\":[{\"@type\":\"CommentAction\",\"name\":\"Comment\",\"target\":[\"https:\/\/www.latitude-15.com\/pt-br\/saint-martin-se-reconecta-a-uma-rede-regional-de-aviacao-em-expansao\/#respond\"]}]},{\"@type\":\"WebPage\",\"@id\":\"https:\/\/www.latitude-15.com\/pt-br\/saint-martin-se-reconecta-a-uma-rede-regional-de-aviacao-em-expansao\/\",\"url\":\"https:\/\/www.latitude-15.com\/pt-br\/saint-martin-se-reconecta-a-uma-rede-regional-de-aviacao-em-expansao\/\",\"name\":\"Saint-Martin se reconecta a uma rede regional de avia\u00e7\u00e3o em expans\u00e3o - LATITUDE 15\",\"isPartOf\":{\"@id\":\"https:\/\/www.latitude-15.com\/pt-br\/#website\"},\"primaryImageOfPage\":{\"@id\":\"https:\/\/www.latitude-15.com\/pt-br\/saint-martin-se-reconecta-a-uma-rede-regional-de-aviacao-em-expansao\/#primaryimage\"},\"image\":{\"@id\":\"https:\/\/www.latitude-15.com\/pt-br\/saint-martin-se-reconecta-a-uma-rede-regional-de-aviacao-em-expansao\/#primaryimage\"},\"thumbnailUrl\":\"https:\/\/www.latitude-15.com\/wp-content\/uploads\/2026\/03\/Spirit-Barbados-L.png\",\"datePublished\":\"2026-03-11T13:15:50+00:00\",\"dateModified\":\"2026-03-11T13:20:16+00:00\",\"breadcrumb\":{\"@id\":\"https:\/\/www.latitude-15.com\/pt-br\/saint-martin-se-reconecta-a-uma-rede-regional-de-aviacao-em-expansao\/#breadcrumb\"},\"inLanguage\":\"pt-BR\",\"potentialAction\":[{\"@type\":\"ReadAction\",\"target\":[\"https:\/\/www.latitude-15.com\/pt-br\/saint-martin-se-reconecta-a-uma-rede-regional-de-aviacao-em-expansao\/\"]}]},{\"@type\":\"ImageObject\",\"inLanguage\":\"pt-BR\",\"@id\":\"https:\/\/www.latitude-15.com\/pt-br\/saint-martin-se-reconecta-a-uma-rede-regional-de-aviacao-em-expansao\/#primaryimage\",\"url\":\"https:\/\/www.latitude-15.com\/wp-content\/uploads\/2026\/03\/Spirit-Barbados-L.png\",\"contentUrl\":\"https:\/\/www.latitude-15.com\/wp-content\/uploads\/2026\/03\/Spirit-Barbados-L.png\",\"width\":1000,\"height\":650,\"caption\":\"Aeronave \u201cSpirit of Barbados\u201d - (c) InterCarribean\"},{\"@type\":\"BreadcrumbList\",\"@id\":\"https:\/\/www.latitude-15.com\/pt-br\/saint-martin-se-reconecta-a-uma-rede-regional-de-aviacao-em-expansao\/#breadcrumb\",\"itemListElement\":[{\"@type\":\"ListItem\",\"position\":1,\"name\":\"Home\",\"item\":\"https:\/\/www.latitude-15.com\/pt-br\/inicio\/\"},{\"@type\":\"ListItem\",\"position\":2,\"name\":\"Saint-Martin se reconecta a uma rede regional de avia\u00e7\u00e3o em expans\u00e3o\"}]},{\"@type\":\"WebSite\",\"@id\":\"https:\/\/www.latitude-15.com\/pt-br\/#website\",\"url\":\"https:\/\/www.latitude-15.com\/pt-br\/\",\"name\":\"LATITUDE 15\",\"description\":\"Aviation and maritime Magazine - Caribbean &amp; Latin America\",\"publisher\":{\"@id\":\"https:\/\/www.latitude-15.com\/pt-br\/#organization\"},\"potentialAction\":[{\"@type\":\"SearchAction\",\"target\":{\"@type\":\"EntryPoint\",\"urlTemplate\":\"https:\/\/www.latitude-15.com\/pt-br\/?s={search_term_string}\"},\"query-input\":{\"@type\":\"PropertyValueSpecification\",\"valueRequired\":true,\"valueName\":\"search_term_string\"}}],\"inLanguage\":\"pt-BR\"},{\"@type\":\"Organization\",\"@id\":\"https:\/\/www.latitude-15.com\/pt-br\/#organization\",\"name\":\"LATITUDE 15\",\"url\":\"https:\/\/www.latitude-15.com\/pt-br\/\",\"logo\":{\"@type\":\"ImageObject\",\"inLanguage\":\"pt-BR\",\"@id\":\"https:\/\/www.latitude-15.com\/pt-br\/#\/schema\/logo\/image\/\",\"url\":\"https:\/\/www.latitude-15.com\/wp-content\/uploads\/2026\/01\/cropped-logox500px.png\",\"contentUrl\":\"https:\/\/www.latitude-15.com\/wp-content\/uploads\/2026\/01\/cropped-logox500px.png\",\"width\":62,\"height\":75,\"caption\":\"LATITUDE 15\"},\"image\":{\"@id\":\"https:\/\/www.latitude-15.com\/pt-br\/#\/schema\/logo\/image\/\"}},{\"@type\":\"Person\",\"@id\":\"https:\/\/www.latitude-15.com\/pt-br\/#\/schema\/person\/dac52e7ff44c78317f337da112e37252\",\"name\":\"Joda J\",\"image\":{\"@type\":\"ImageObject\",\"inLanguage\":\"pt-BR\",\"@id\":\"https:\/\/www.latitude-15.com\/pt-br\/#\/schema\/person\/image\/\",\"url\":\"https:\/\/secure.gravatar.com\/avatar\/6b1feae555e15404b76616f92d931d12b25ac58024f14ccb43d9d3c012e4c4cf?s=96&d=mm&r=g\",\"contentUrl\":\"https:\/\/secure.gravatar.com\/avatar\/6b1feae555e15404b76616f92d931d12b25ac58024f14ccb43d9d3c012e4c4cf?s=96&d=mm&r=g\",\"caption\":\"Joda J\"},\"url\":\"https:\/\/www.latitude-15.com\/pt-br\/author\/joda\/\"}]}<\/script>\n<!-- \/ Yoast SEO plugin. -->","yoast_head_json":{"title":"Saint-Martin se reconecta a uma rede regional de avia\u00e7\u00e3o em expans\u00e3o - LATITUDE 15","robots":{"index":"index","follow":"follow","max-snippet":"max-snippet:-1","max-image-preview":"max-image-preview:large","max-video-preview":"max-video-preview:-1"},"canonical":"https:\/\/www.latitude-15.com\/pt-br\/saint-martin-se-reconecta-a-uma-rede-regional-de-aviacao-em-expansao\/","og_locale":"pt_BR","og_type":"article","og_title":"Saint-Martin se reconecta a uma rede regional de avia\u00e7\u00e3o em expans\u00e3o - LATITUDE 15","og_description":"A conectividade a\u00e9rea regional continua sendo um dos desafios estruturais do mercado de avia\u00e7\u00e3o do Caribe. A geografia fragmentada, mercados de passageiros relativamente pequenos e altos custos operacionais historicamente limitaram o n\u00famero de rotas intrarregionais vi\u00e1veis. Nesse contexto, o retorno da interCaribbean Airways a Saint-Martin representa mais do que a reabertura de uma \u00fanica rota. [&hellip;]","og_url":"https:\/\/www.latitude-15.com\/pt-br\/saint-martin-se-reconecta-a-uma-rede-regional-de-aviacao-em-expansao\/","og_site_name":"LATITUDE 15","article_published_time":"2026-03-11T13:15:50+00:00","article_modified_time":"2026-03-11T13:20:16+00:00","og_image":[{"width":1000,"height":650,"url":"https:\/\/www.latitude-15.com\/wp-content\/uploads\/2026\/03\/Spirit-Barbados-L.png","type":"image\/png"}],"author":"Joda J","twitter_card":"summary_large_image","twitter_misc":{"Escrito por":"Joda J","Est. tempo de leitura":"4 minutos"},"schema":{"@context":"https:\/\/schema.org","@graph":[{"@type":"Article","@id":"https:\/\/www.latitude-15.com\/pt-br\/saint-martin-se-reconecta-a-uma-rede-regional-de-aviacao-em-expansao\/#article","isPartOf":{"@id":"https:\/\/www.latitude-15.com\/pt-br\/saint-martin-se-reconecta-a-uma-rede-regional-de-aviacao-em-expansao\/"},"author":{"name":"Joda J","@id":"https:\/\/www.latitude-15.com\/pt-br\/#\/schema\/person\/dac52e7ff44c78317f337da112e37252"},"headline":"Saint-Martin se reconecta a uma rede regional de avia\u00e7\u00e3o em expans\u00e3o","datePublished":"2026-03-11T13:15:50+00:00","dateModified":"2026-03-11T13:20:16+00:00","mainEntityOfPage":{"@id":"https:\/\/www.latitude-15.com\/pt-br\/saint-martin-se-reconecta-a-uma-rede-regional-de-aviacao-em-expansao\/"},"wordCount":805,"commentCount":0,"publisher":{"@id":"https:\/\/www.latitude-15.com\/pt-br\/#organization"},"image":{"@id":"https:\/\/www.latitude-15.com\/pt-br\/saint-martin-se-reconecta-a-uma-rede-regional-de-aviacao-em-expansao\/#primaryimage"},"thumbnailUrl":"https:\/\/www.latitude-15.com\/wp-content\/uploads\/2026\/03\/Spirit-Barbados-L.png","articleSection":["AVIA\u00c7\u00c3O","Conectividade a\u00e9rea e Atratividade territorial"],"inLanguage":"pt-BR","potentialAction":[{"@type":"CommentAction","name":"Comment","target":["https:\/\/www.latitude-15.com\/pt-br\/saint-martin-se-reconecta-a-uma-rede-regional-de-aviacao-em-expansao\/#respond"]}]},{"@type":"WebPage","@id":"https:\/\/www.latitude-15.com\/pt-br\/saint-martin-se-reconecta-a-uma-rede-regional-de-aviacao-em-expansao\/","url":"https:\/\/www.latitude-15.com\/pt-br\/saint-martin-se-reconecta-a-uma-rede-regional-de-aviacao-em-expansao\/","name":"Saint-Martin se reconecta a uma rede regional de avia\u00e7\u00e3o em expans\u00e3o - LATITUDE 15","isPartOf":{"@id":"https:\/\/www.latitude-15.com\/pt-br\/#website"},"primaryImageOfPage":{"@id":"https:\/\/www.latitude-15.com\/pt-br\/saint-martin-se-reconecta-a-uma-rede-regional-de-aviacao-em-expansao\/#primaryimage"},"image":{"@id":"https:\/\/www.latitude-15.com\/pt-br\/saint-martin-se-reconecta-a-uma-rede-regional-de-aviacao-em-expansao\/#primaryimage"},"thumbnailUrl":"https:\/\/www.latitude-15.com\/wp-content\/uploads\/2026\/03\/Spirit-Barbados-L.png","datePublished":"2026-03-11T13:15:50+00:00","dateModified":"2026-03-11T13:20:16+00:00","breadcrumb":{"@id":"https:\/\/www.latitude-15.com\/pt-br\/saint-martin-se-reconecta-a-uma-rede-regional-de-aviacao-em-expansao\/#breadcrumb"},"inLanguage":"pt-BR","potentialAction":[{"@type":"ReadAction","target":["https:\/\/www.latitude-15.com\/pt-br\/saint-martin-se-reconecta-a-uma-rede-regional-de-aviacao-em-expansao\/"]}]},{"@type":"ImageObject","inLanguage":"pt-BR","@id":"https:\/\/www.latitude-15.com\/pt-br\/saint-martin-se-reconecta-a-uma-rede-regional-de-aviacao-em-expansao\/#primaryimage","url":"https:\/\/www.latitude-15.com\/wp-content\/uploads\/2026\/03\/Spirit-Barbados-L.png","contentUrl":"https:\/\/www.latitude-15.com\/wp-content\/uploads\/2026\/03\/Spirit-Barbados-L.png","width":1000,"height":650,"caption":"Aeronave \u201cSpirit of Barbados\u201d - (c) InterCarribean"},{"@type":"BreadcrumbList","@id":"https:\/\/www.latitude-15.com\/pt-br\/saint-martin-se-reconecta-a-uma-rede-regional-de-aviacao-em-expansao\/#breadcrumb","itemListElement":[{"@type":"ListItem","position":1,"name":"Home","item":"https:\/\/www.latitude-15.com\/pt-br\/inicio\/"},{"@type":"ListItem","position":2,"name":"Saint-Martin se reconecta a uma rede regional de avia\u00e7\u00e3o em expans\u00e3o"}]},{"@type":"WebSite","@id":"https:\/\/www.latitude-15.com\/pt-br\/#website","url":"https:\/\/www.latitude-15.com\/pt-br\/","name":"LATITUDE 15","description":"Aviation and maritime Magazine - Caribbean &amp; Latin America","publisher":{"@id":"https:\/\/www.latitude-15.com\/pt-br\/#organization"},"potentialAction":[{"@type":"SearchAction","target":{"@type":"EntryPoint","urlTemplate":"https:\/\/www.latitude-15.com\/pt-br\/?s={search_term_string}"},"query-input":{"@type":"PropertyValueSpecification","valueRequired":true,"valueName":"search_term_string"}}],"inLanguage":"pt-BR"},{"@type":"Organization","@id":"https:\/\/www.latitude-15.com\/pt-br\/#organization","name":"LATITUDE 15","url":"https:\/\/www.latitude-15.com\/pt-br\/","logo":{"@type":"ImageObject","inLanguage":"pt-BR","@id":"https:\/\/www.latitude-15.com\/pt-br\/#\/schema\/logo\/image\/","url":"https:\/\/www.latitude-15.com\/wp-content\/uploads\/2026\/01\/cropped-logox500px.png","contentUrl":"https:\/\/www.latitude-15.com\/wp-content\/uploads\/2026\/01\/cropped-logox500px.png","width":62,"height":75,"caption":"LATITUDE 15"},"image":{"@id":"https:\/\/www.latitude-15.com\/pt-br\/#\/schema\/logo\/image\/"}},{"@type":"Person","@id":"https:\/\/www.latitude-15.com\/pt-br\/#\/schema\/person\/dac52e7ff44c78317f337da112e37252","name":"Joda J","image":{"@type":"ImageObject","inLanguage":"pt-BR","@id":"https:\/\/www.latitude-15.com\/pt-br\/#\/schema\/person\/image\/","url":"https:\/\/secure.gravatar.com\/avatar\/6b1feae555e15404b76616f92d931d12b25ac58024f14ccb43d9d3c012e4c4cf?s=96&d=mm&r=g","contentUrl":"https:\/\/secure.gravatar.com\/avatar\/6b1feae555e15404b76616f92d931d12b25ac58024f14ccb43d9d3c012e4c4cf?s=96&d=mm&r=g","caption":"Joda J"},"url":"https:\/\/www.latitude-15.com\/pt-br\/author\/joda\/"}]}},"_links":{"self":[{"href":"https:\/\/www.latitude-15.com\/pt-br\/wp-json\/wp\/v2\/posts\/21423","targetHints":{"allow":["GET"]}}],"collection":[{"href":"https:\/\/www.latitude-15.com\/pt-br\/wp-json\/wp\/v2\/posts"}],"about":[{"href":"https:\/\/www.latitude-15.com\/pt-br\/wp-json\/wp\/v2\/types\/post"}],"author":[{"embeddable":true,"href":"https:\/\/www.latitude-15.com\/pt-br\/wp-json\/wp\/v2\/users\/5"}],"replies":[{"embeddable":true,"href":"https:\/\/www.latitude-15.com\/pt-br\/wp-json\/wp\/v2\/comments?post=21423"}],"version-history":[{"count":1,"href":"https:\/\/www.latitude-15.com\/pt-br\/wp-json\/wp\/v2\/posts\/21423\/revisions"}],"predecessor-version":[{"id":21424,"href":"https:\/\/www.latitude-15.com\/pt-br\/wp-json\/wp\/v2\/posts\/21423\/revisions\/21424"}],"wp:featuredmedia":[{"embeddable":true,"href":"https:\/\/www.latitude-15.com\/pt-br\/wp-json\/wp\/v2\/media\/21422"}],"wp:attachment":[{"href":"https:\/\/www.latitude-15.com\/pt-br\/wp-json\/wp\/v2\/media?parent=21423"}],"wp:term":[{"taxonomy":"category","embeddable":true,"href":"https:\/\/www.latitude-15.com\/pt-br\/wp-json\/wp\/v2\/categories?post=21423"},{"taxonomy":"post_tag","embeddable":true,"href":"https:\/\/www.latitude-15.com\/pt-br\/wp-json\/wp\/v2\/tags?post=21423"}],"curies":[{"name":"wp","href":"https:\/\/api.w.org\/{rel}","templated":true}]}}