{"id":21378,"date":"2026-03-10T22:40:57","date_gmt":"2026-03-11T02:40:57","guid":{"rendered":"https:\/\/www.latitude-15.com\/cma-cgm-dobra-suas-linhas-na-martinica-e-reforca-a-conectividade-maritima-do-caribe\/"},"modified":"2026-03-11T07:35:18","modified_gmt":"2026-03-11T11:35:18","slug":"cma-cgm-dobra-suas-linhas-na-martinica-e-reforca-a-conectividade-maritima-do-caribe","status":"publish","type":"post","link":"https:\/\/www.latitude-15.com\/pt-br\/cma-cgm-dobra-suas-linhas-na-martinica-e-reforca-a-conectividade-maritima-do-caribe\/","title":{"rendered":"CMA CGM dobra suas linhas na Martinica e refor\u00e7a a conectividade mar\u00edtima do Caribe"},"content":{"rendered":"\n<p><em>336 milh\u00f5es de euros de investimentos, uma frota de navios de 6.000 TEUs e a duplica\u00e7\u00e3o das linhas mar\u00edtimas em Fort-de-France at\u00e9 2027: o grupo marselh\u00eas transforma a Martinica e Guadalupe em plataformas log\u00edsticas regionais e envia uma mensagem direta aos operadores da Am\u00e9rica Latina.<\/em><\/p>\n\n<p><\/p>\n\n<p>Foi diante de um navio de 6.000 TEUs iluminado operando em plena noite, no nono andar do Poseidon, com uma vista panor\u00e2mica do terminal de Fort-de-France, que a CMA CGM lan\u00e7ou oficialmente seu servi\u00e7o PCRF XL em 9 de mar\u00e7o. O simbolismo foi deliberado: mostrar, em tempo real, o que o hub significa concretamente. O evento reuniu o prefeito, senadores, deputados, o presidente da CCI, o Presidente do Conselho de Supervis\u00e3o do Grande Porto Mar\u00edtimo da Martinica e numerosos atores econ\u00f4micos do territ\u00f3rio.  <\/p>\n\n<figure class=\"wp-block-image size-large\"><img fetchpriority=\"high\" decoding=\"async\" width=\"919\" height=\"1024\" src=\"https:\/\/www.latitude-15.com\/wp-content\/uploads\/2026\/03\/20260309_193618-919x1024.jpg\" alt=\"\" class=\"wp-image-21341\" style=\"aspect-ratio:0.8974741012112395\" srcset=\"https:\/\/www.latitude-15.com\/wp-content\/uploads\/2026\/03\/20260309_193618-919x1024.jpg 919w, https:\/\/www.latitude-15.com\/wp-content\/uploads\/2026\/03\/20260309_193618-269x300.jpg 269w, https:\/\/www.latitude-15.com\/wp-content\/uploads\/2026\/03\/20260309_193618-768x856.jpg 768w, https:\/\/www.latitude-15.com\/wp-content\/uploads\/2026\/03\/20260309_193618-rotated.jpg 1160w\" sizes=\"(max-width: 919px) 100vw, 919px\" \/><\/figure>\n\n<p><strong><em>\u201cA ambi\u00e7\u00e3o \u00e9 transformar as Antilhas Francesas em um hub log\u00edstico regional no cora\u00e7\u00e3o do Caribe.\u201d<\/em><\/strong><br\/> \u2014 Bertrand Bey, Diretor de rela\u00e7\u00f5es institucionais, Grupo CMA CGM<\/p>\n\n<p>Este programa foi lan\u00e7ado oficialmente em 19 de dezembro de 2023, com um investimento conjunto de 336 milh\u00f5es de euros mobilizando a CMA CGM, o Estado franc\u00eas e os dois Grandes Portos Mar\u00edtimos de Guadalupe e Martinica. O objetivo: elevar a capacidade global de transbordo das duas ilhas para aproximadamente 300.000 TEUs por ano, contra cerca de 68.000 atualmente \u2014 dos quais 25.000 para a Martinica e 28.000 para Guadalupe. Este projeto \u00e9 acompanhado de obras portu\u00e1rias significativas: aumento do calado de 13,50 m para 14,50 m, extens\u00e3o de 150 metros lineares de cais para atraca\u00e7\u00e3o simult\u00e2nea de dois grandes navios, e amplia\u00e7\u00e3o de 2.500 m\u00b2 do p\u00e1tio de cont\u00eaineres na retro\u00e1rea.  <\/p>\n\n<figure class=\"wp-block-image size-large\"><img decoding=\"async\" width=\"918\" height=\"1024\" data-src=\"https:\/\/www.latitude-15.com\/wp-content\/uploads\/2026\/03\/20260309_194233-918x1024.jpg\" alt=\"Lo&#xEF;c Bertaudon (Dire&#xE7;&#xE3;o comercial, ultramar franc&#xEA;s) | Guillaume de Chastellux (Diretor das Linhas Antilhas-Guiana) | Bertrand Bey (Vice-Presidente de Rela&#xE7;&#xF5;es Institucionais Fran&#xE7;a) | Henri Soupa (Rela&#xE7;&#xF5;es de imprensa, Grupo CMA CGM)\" class=\"wp-image-21344 lazyload\" data-srcset=\"https:\/\/www.latitude-15.com\/wp-content\/uploads\/2026\/03\/20260309_194233-918x1024.jpg 918w, https:\/\/www.latitude-15.com\/wp-content\/uploads\/2026\/03\/20260309_194233-269x300.jpg 269w, https:\/\/www.latitude-15.com\/wp-content\/uploads\/2026\/03\/20260309_194233-768x856.jpg 768w, https:\/\/www.latitude-15.com\/wp-content\/uploads\/2026\/03\/20260309_194233-rotated.jpg 1008w\" data-sizes=\"(max-width: 918px) 100vw, 918px\" src=\"data:image\/svg+xml;base64,PHN2ZyB3aWR0aD0iMSIgaGVpZ2h0PSIxIiB4bWxucz0iaHR0cDovL3d3dy53My5vcmcvMjAwMC9zdmciPjwvc3ZnPg==\" style=\"--smush-placeholder-width: 918px; --smush-placeholder-aspect-ratio: 918\/1024;\" \/><figcaption class=\"wp-element-caption\"><em>Catherine BOURGAIS (Coordena\u00e7\u00e3o dos territ\u00f3rios ultramarinos &#8211; DROM-COM) | Lo\u00efc Bertaudon (Dire\u00e7\u00e3o comercial, ultramar franc\u00eas) | Guillaume de Chastellux (Diretor das Linhas Antilhas-Guiana) | Bertrand Bey (Vice-Presidente de Rela\u00e7\u00f5es Institucionais Fran\u00e7a) | Henri Soupa (Rela\u00e7\u00f5es de imprensa, Grupo CMA CGM)<\/em><\/figcaption><\/figure>\n\n<figure class=\"wp-block-table\"><table class=\"has-fixed-layout\"><tbody><tr><td><strong>HUB CMA CGM \u2014 MARTINICA &amp; GUADALUPE \u00b7 N\u00daMEROS-CHAVE<\/strong><\/td><\/tr><tr><td><strong>Investimento total: <\/strong>336 M\u20ac (dos quais 257 M\u20ac de infraestruturas p\u00fablicas)<\/td><\/tr><tr><td><strong>Capacidade-alvo: <\/strong>300.000 TEUs adicionais\/ano \u2014 vs. ~68.000 atualmente (~25.000 Martinica, ~28.000 Guadalupe) <\/td><\/tr><tr><td><strong>Linhas CMA CGM em Fort-de-France: <\/strong>3 atualmente \u2192 6 em 2027<\/td><\/tr><tr><td><strong>Linhas CMA CGM na zona do Caribe: <\/strong>19 no total<\/td><\/tr><tr><td><strong>Frota PCRF XL: <\/strong>7 navios de 6.000 TEUs \u2014 vs. 6 navios na configura\u00e7\u00e3o anterior<\/td><\/tr><tr><td><strong>Tr\u00e2nsito Le Havre\u2013Martinica: <\/strong>9 dias (reduzido em 2 dias) \u00b7 Dunquerque: 13 dias (reduzido em 4 dias)<\/td><\/tr><tr><td><strong>Tomadas reefer: <\/strong>800 (vs. 200 antes do projeto)<\/td><\/tr><tr><td><strong>Port\u00eaineres h\u00edbridos: <\/strong>6 unidades entregues na Martinica<\/td><\/tr><tr><td><strong>Calado Martinica: <\/strong>13,50 m \u2192 14,50 m (final de 2026)<\/td><\/tr><tr><td><strong>Horizonte de finaliza\u00e7\u00e3o: <\/strong>2027<\/td><\/tr><\/tbody><\/table><\/figure>\n\n<p><\/p>\n\n<h2 class=\"wp-block-heading\"><strong>De 1.700 a 6.000 TEUs: tr\u00eas gera\u00e7\u00f5es de navios em 20 anos<\/strong><\/h2>\n\n<p>Guillaume de Chastellux, Diretor das Linhas Antilhas-Guiana, tra\u00e7ou durante o lan\u00e7amento a evolu\u00e7\u00e3o da frota: 1.700 TEUs at\u00e9 2006, 2.200 TEUs de 2006 a 2019 com as s\u00e9ries Fort-Saint-Charles e Fort-Saint-Georges, depois os 3.500 TEUs at\u00e9 2025. Desde janeiro de 2026, sete navios de 6.000 TEUs est\u00e3o implantados no servi\u00e7o PCRF XL \u2014 o \u00faltimo da s\u00e9rie integrou o dispositivo no in\u00edcio do m\u00eas. <\/p>\n\n<p>A linha operava at\u00e9 ent\u00e3o com seis navios. Agora conta com sete. Este navio adicional injeta tempo de seguran\u00e7a na rota\u00e7\u00e3o \u2014 quatro dias no Norte da Europa, tr\u00eas dias na zona caribenha \u2014 para manter um calend\u00e1rio diante das adversidades meteorol\u00f3gicas. Isto n\u00e3o \u00e9 um detalhe: oito eventos clim\u00e1ticos importantes perturbaram o transporte mar\u00edtimo europeu entre 15 de dezembro de 2025 e 8 de fevereiro de 2026.   <\/p>\n\n<p>A reestrutura\u00e7\u00e3o da rota\u00e7\u00e3o produz dois efeitos diretos e imediatos para os operadores econ\u00f4micos. Primeiro, o transit time Le Havre\u2013Martinica passa de onze para nove dias, e Dunquerque de dezessete para treze dias, gra\u00e7as \u00e0 adi\u00e7\u00e3o de uma escala em Roterd\u00e3 e de uma segunda escala em Dunquerque para exporta\u00e7\u00e3o. Em seguida \u2014 e esta \u00e9 a mudan\u00e7a mais aguardada pelos importadores \u2014 o navio chega agora \u00e0 Martinica na segunda ou ter\u00e7a-feira, contra quarta ou quinta-feira anteriormente. Descarregar mais cedo na semana significa abastecer as prateleiras antes do fim de semana: um ganho operacional concreto para toda a cadeia de distribui\u00e7\u00e3o local.   <\/p>\n\n<figure class=\"wp-block-image size-large\"><img decoding=\"async\" width=\"919\" height=\"1024\" data-src=\"https:\/\/www.latitude-15.com\/wp-content\/uploads\/2026\/03\/20260309_194248-919x1024.jpg\" alt=\"\" class=\"wp-image-21342 lazyload\" style=\"--smush-placeholder-width: 919px; --smush-placeholder-aspect-ratio: 919\/1024;aspect-ratio:0.8974741012112395\" data-srcset=\"https:\/\/www.latitude-15.com\/wp-content\/uploads\/2026\/03\/20260309_194248-919x1024.jpg 919w, https:\/\/www.latitude-15.com\/wp-content\/uploads\/2026\/03\/20260309_194248-269x300.jpg 269w, https:\/\/www.latitude-15.com\/wp-content\/uploads\/2026\/03\/20260309_194248-768x856.jpg 768w, https:\/\/www.latitude-15.com\/wp-content\/uploads\/2026\/03\/20260309_194248-rotated.jpg 1041w\" data-sizes=\"(max-width: 919px) 100vw, 919px\" src=\"data:image\/svg+xml;base64,PHN2ZyB3aWR0aD0iMSIgaGVpZ2h0PSIxIiB4bWxucz0iaHR0cDovL3d3dy53My5vcmcvMjAwMC9zdmciPjwvc3ZnPg==\" \/><\/figure>\n\n<p><strong><em>\u201cO transporte mar\u00edtimo n\u00e3o cria o mercado, mas o acompanha.\u201d<\/em><\/strong><br\/> \u2014 Philippe Rech, Diretor-geral da CMA CGM Martinica \u2014 lan\u00e7amento PCRF XL, 9 de mar\u00e7o de 2026<\/p>\n\n<h2 class=\"wp-block-heading\"><strong>Fort-de-France: de 3 linhas a 6 at\u00e9 2027, sete servi\u00e7os nomeados<\/strong><\/h2>\n\n<p>Philippe Rech, Diretor-geral da CMA CGM Martinica, precisou que Fort-de-France conta atualmente com tr\u00eas linhas mar\u00edtimas CMA CGM. At\u00e9 2027, contar\u00e1 com seis. Esta duplica\u00e7\u00e3o se inscreve em uma malha regional j\u00e1 densa: 19 linhas CMA CGM cruzam o conjunto da zona caribenha. Esta estrat\u00e9gia coloca tamb\u00e9m as Antilhas francesas em concorr\u00eancia direta com os grandes hubs de transbordo da regi\u00e3o, notadamente Kingston (Jamaica), Cartagena (Col\u00f4mbia) e Caucedo (Rep\u00fablica Dominicana).   <\/p>\n\n<p>A reestrutura\u00e7\u00e3o dos servi\u00e7os regionais, iniciada desde dezembro de 2025, articula-se em torno de sete servi\u00e7os nomeados.<\/p>\n\n<p>Intra-Caribe, tr\u00eas servi\u00e7os est\u00e3o operacionais. O AGEX (Antilhas-Guiana Express), lan\u00e7ado em meados de dezembro, conecta a Martinica, Guadalupe e a Guiana Francesa com dois navios dedicados em rota\u00e7\u00e3o semanal \u2014 cinco a seis dias de tr\u00e2nsito em cada sentido. O transbordo intermedi\u00e1rio via Trinidad foi suprimido: as mercadorias chegam agora diretamente ao porto de D\u00e9grad-des-Cannes na Guiana. O AGEX cumpre duas fun\u00e7\u00f5es: oferecer uma liga\u00e7\u00e3o direta para os industriais dos territ\u00f3rios franceses do Caribe, e assegurar o transbordo dos volumes provenientes de outras origens para a Guiana, notadamente do Mediterr\u00e2neo ou do Golfo. O servi\u00e7o Guyana conecta a Martinica \u00e0 Guiana, ao Suriname e a Trinidad. O Kalinago, sem escala na Martinica, mant\u00e9m a conectividade para as ilhas de Barlavento (Windward Islands) via Trinidad. Em Guadalupe, o servi\u00e7o Leewards atende em rota\u00e7\u00e3o todas as ilhas do Norte at\u00e9 Port Hospen.      <\/p>\n\n<p>Para a Am\u00e9rica Central, o Motagua \u2014 lan\u00e7ado no in\u00edcio de janeiro de 2026 desde Guadalupe \u2014 \u00e9 dedicado \u00e0 Guatemala e Honduras, com a fun\u00e7\u00e3o principal de transportar mercadorias refrigeradas destes dois pa\u00edses para o Norte da Europa, e inversamente. Finalmente, dois servi\u00e7os est\u00e3o programados para 2027: o Brasex estendido conectar\u00e1 o sul do Brasil, regi\u00e3o de Santos, ao Caribe com uma parada na Martinica; o Indigo, segundo feeder conectado, assegurar\u00e1 a liga\u00e7\u00e3o para Cuba. <\/p>\n\n<h2 class=\"wp-block-heading\"><strong>Descarboniza\u00e7\u00e3o e oportunidades LAC: a entrevista exclusiva Latitude 15<\/strong><\/h2>\n\n<p>Na entrevista concedida \u00e0 Latitude 15 durante o evento, Guillaume de Chastellux precisou o esfor\u00e7o de descarboniza\u00e7\u00e3o portu\u00e1ria:<\/p>\n\n<p><strong><em>\u201cA principal a\u00e7\u00e3o foca no maquin\u00e1rio portu\u00e1rio. Estamos passando do funcionamento puramente a \u00f3leo combust\u00edvel para tecnologias h\u00edbridas, e at\u00e9 el\u00e9tricas em Guadalupe.\u201d<\/em><\/strong><br\/> \u2014 Guillaume de Chastellux \u2014 entrevista exclusiva<\/p>\n\n<figure class=\"wp-block-image size-large\"><img decoding=\"async\" width=\"919\" height=\"1024\" data-src=\"https:\/\/www.latitude-15.com\/wp-content\/uploads\/2026\/03\/20260309_194840-919x1024.jpg\" alt=\"\" class=\"wp-image-21343 lazyload\" style=\"--smush-placeholder-width: 919px; --smush-placeholder-aspect-ratio: 919\/1024;aspect-ratio:0.8974741012112395\" data-srcset=\"https:\/\/www.latitude-15.com\/wp-content\/uploads\/2026\/03\/20260309_194840-919x1024.jpg 919w, https:\/\/www.latitude-15.com\/wp-content\/uploads\/2026\/03\/20260309_194840-269x300.jpg 269w, https:\/\/www.latitude-15.com\/wp-content\/uploads\/2026\/03\/20260309_194840-768x856.jpg 768w, https:\/\/www.latitude-15.com\/wp-content\/uploads\/2026\/03\/20260309_194840-rotated.jpg 1081w\" data-sizes=\"(max-width: 919px) 100vw, 919px\" src=\"data:image\/svg+xml;base64,PHN2ZyB3aWR0aD0iMSIgaGVpZ2h0PSIxIiB4bWxucz0iaHR0cDovL3d3dy53My5vcmcvMjAwMC9zdmciPjwvc3ZnPg==\" \/><\/figure>\n\n<p>Questionado diretamente sobre o que este reposicionamento representa para os operadores da Am\u00e9rica Latina e do Brasil \u2014 o p\u00fablico internacional da Latitude 15 \u2014 Guillaume de Chastellux entregou uma mensagem sem ambiguidade. Em um contexto regional marcado pelas tens\u00f5es geoestrat\u00e9gicas, Philippe Rech destacava por outro lado a capacidade do grupo de combinar seus vetores mar\u00edtimos, a\u00e9reos e terrestres para manter a continuidade dos servi\u00e7os \u2014 uma resili\u00eancia constru\u00edda sobre 48 anos de opera\u00e7\u00f5es em ambiente de crise. <\/p>\n\n<p><strong><em>\u201cConvido absolutamente todos os nossos clientes e parceiros a sa\u00edrem de seus territ\u00f3rios e a observarem as oportunidades na regi\u00e3o \u2014 com\u00e9rcio, ind\u00fastria, transforma\u00e7\u00e3o, reexporta\u00e7\u00e3o, consolida\u00e7\u00e3o de mercadorias. Todo o campo de possibilidades \u00e9 muito amplo.\u201d<\/em><\/strong><br\/> \u2014 Guillaume de Chastellux \u2014 entrevista exclusiva<\/p>\n\n<figure class=\"wp-block-image size-large\"><img decoding=\"async\" width=\"1024\" height=\"963\" data-src=\"https:\/\/www.latitude-15.com\/wp-content\/uploads\/2026\/03\/WhatsApp-Image-2026-03-10-at-21.43.08-1024x963.jpeg\" alt=\"\" class=\"wp-image-21351 lazyload\" data-srcset=\"https:\/\/www.latitude-15.com\/wp-content\/uploads\/2026\/03\/WhatsApp-Image-2026-03-10-at-21.43.08-1024x963.jpeg 1024w, https:\/\/www.latitude-15.com\/wp-content\/uploads\/2026\/03\/WhatsApp-Image-2026-03-10-at-21.43.08-300x282.jpeg 300w, https:\/\/www.latitude-15.com\/wp-content\/uploads\/2026\/03\/WhatsApp-Image-2026-03-10-at-21.43.08-768x722.jpeg 768w, https:\/\/www.latitude-15.com\/wp-content\/uploads\/2026\/03\/WhatsApp-Image-2026-03-10-at-21.43.08.jpeg 1280w\" data-sizes=\"(max-width: 1024px) 100vw, 1024px\" src=\"data:image\/svg+xml;base64,PHN2ZyB3aWR0aD0iMSIgaGVpZ2h0PSIxIiB4bWxucz0iaHR0cDovL3d3dy53My5vcmcvMjAwMC9zdmciPjwvc3ZnPg==\" style=\"--smush-placeholder-width: 1024px; --smush-placeholder-aspect-ratio: 1024\/963;\" \/><figcaption class=\"wp-element-caption\"><em>Equipe CMA CGM da Martinica: Audrey Rose-Derond, Arnauld Nicolas, Mongin Lesly, Bilan-Ledoux Evy<\/em><\/figcaption><\/figure>\n\n<figure class=\"wp-block-image size-large\"><img decoding=\"async\" width=\"1024\" height=\"439\" data-src=\"https:\/\/www.latitude-15.com\/wp-content\/uploads\/2026\/03\/WhatsApp-Image-2026-03-10-at-21.30.31-1024x439.jpeg\" alt=\"\" class=\"wp-image-21345 lazyload\" data-srcset=\"https:\/\/www.latitude-15.com\/wp-content\/uploads\/2026\/03\/WhatsApp-Image-2026-03-10-at-21.30.31-1024x439.jpeg 1024w, https:\/\/www.latitude-15.com\/wp-content\/uploads\/2026\/03\/WhatsApp-Image-2026-03-10-at-21.30.31-300x129.jpeg 300w, https:\/\/www.latitude-15.com\/wp-content\/uploads\/2026\/03\/WhatsApp-Image-2026-03-10-at-21.30.31-768x329.jpeg 768w, https:\/\/www.latitude-15.com\/wp-content\/uploads\/2026\/03\/WhatsApp-Image-2026-03-10-at-21.30.31.jpeg 1280w\" data-sizes=\"(max-width: 1024px) 100vw, 1024px\" src=\"data:image\/svg+xml;base64,PHN2ZyB3aWR0aD0iMSIgaGVpZ2h0PSIxIiB4bWxucz0iaHR0cDovL3d3dy53My5vcmcvMjAwMC9zdmciPjwvc3ZnPg==\" style=\"--smush-placeholder-width: 1024px; --smush-placeholder-aspect-ratio: 1024\/439;\" \/><\/figure>\n","protected":false},"excerpt":{"rendered":"<p>336 milh\u00f5es de euros de investimentos, uma frota de navios de 6.000 TEUs e a duplica\u00e7\u00e3o das linhas mar\u00edtimas em Fort-de-France at\u00e9 2027: o grupo marselh\u00eas transforma a Martinica e Guadalupe em plataformas log\u00edsticas regionais e envia uma mensagem direta aos operadores da Am\u00e9rica Latina. Foi diante de um navio de 6.000 TEUs iluminado operando [&hellip;]<\/p>\n","protected":false},"author":6,"featured_media":21377,"comment_status":"open","ping_status":"closed","sticky":false,"template":"","format":"standard","meta":{"footnotes":""},"categories":[131,119],"tags":[],"class_list":["post-21378","post","type-post","status-publish","format-standard","has-post-thumbnail","hentry","category-conectividade-maritima-e-mobilidade","category-maritimo"],"yoast_head":"<!-- This site is optimized with the Yoast SEO plugin v26.9 - https:\/\/yoast.com\/product\/yoast-seo-wordpress\/ -->\n<title>CMA CGM dobra suas linhas na Martinica e refor\u00e7a a conectividade mar\u00edtima do Caribe - LATITUDE 15<\/title>\n<meta name=\"robots\" content=\"index, follow, max-snippet:-1, max-image-preview:large, max-video-preview:-1\" \/>\n<link rel=\"canonical\" href=\"https:\/\/www.latitude-15.com\/pt-br\/cma-cgm-dobra-suas-linhas-na-martinica-e-reforca-a-conectividade-maritima-do-caribe\/\" \/>\n<meta property=\"og:locale\" content=\"pt_BR\" \/>\n<meta property=\"og:type\" content=\"article\" \/>\n<meta property=\"og:title\" content=\"CMA CGM dobra suas linhas na Martinica e refor\u00e7a a conectividade mar\u00edtima do Caribe - LATITUDE 15\" \/>\n<meta property=\"og:description\" content=\"336 milh\u00f5es de euros de investimentos, uma frota de navios de 6.000 TEUs e a duplica\u00e7\u00e3o das linhas mar\u00edtimas em Fort-de-France at\u00e9 2027: o grupo marselh\u00eas transforma a Martinica e Guadalupe em plataformas log\u00edsticas regionais e envia uma mensagem direta aos operadores da Am\u00e9rica Latina. Foi diante de um navio de 6.000 TEUs iluminado operando [&hellip;]\" \/>\n<meta property=\"og:url\" content=\"https:\/\/www.latitude-15.com\/pt-br\/cma-cgm-dobra-suas-linhas-na-martinica-e-reforca-a-conectividade-maritima-do-caribe\/\" \/>\n<meta property=\"og:site_name\" content=\"LATITUDE 15\" \/>\n<meta property=\"article:published_time\" content=\"2026-03-11T02:40:57+00:00\" \/>\n<meta property=\"article:modified_time\" content=\"2026-03-11T11:35:18+00:00\" \/>\n<meta property=\"og:image\" content=\"https:\/\/www.latitude-15.com\/wp-content\/uploads\/2026\/03\/20260309_1941131.jpg\" \/>\n\t<meta property=\"og:image:width\" content=\"1045\" \/>\n\t<meta property=\"og:image:height\" content=\"636\" \/>\n\t<meta property=\"og:image:type\" content=\"image\/jpeg\" \/>\n<meta name=\"author\" content=\"Welcome to Latitude 15\" \/>\n<meta name=\"twitter:card\" content=\"summary_large_image\" \/>\n<meta name=\"twitter:label1\" content=\"Escrito por\" \/>\n\t<meta name=\"twitter:data1\" content=\"Welcome to Latitude 15\" \/>\n\t<meta name=\"twitter:label2\" content=\"Est. tempo de leitura\" \/>\n\t<meta name=\"twitter:data2\" content=\"6 minutos\" \/>\n<script type=\"application\/ld+json\" class=\"yoast-schema-graph\">{\"@context\":\"https:\/\/schema.org\",\"@graph\":[{\"@type\":\"Article\",\"@id\":\"https:\/\/www.latitude-15.com\/pt-br\/cma-cgm-dobra-suas-linhas-na-martinica-e-reforca-a-conectividade-maritima-do-caribe\/#article\",\"isPartOf\":{\"@id\":\"https:\/\/www.latitude-15.com\/pt-br\/cma-cgm-dobra-suas-linhas-na-martinica-e-reforca-a-conectividade-maritima-do-caribe\/\"},\"author\":{\"name\":\"Welcome to Latitude 15\",\"@id\":\"https:\/\/www.latitude-15.com\/pt-br\/#\/schema\/person\/40e486b55ea009664be002c622512d54\"},\"headline\":\"CMA CGM dobra suas linhas na Martinica e refor\u00e7a a conectividade mar\u00edtima do Caribe\",\"datePublished\":\"2026-03-11T02:40:57+00:00\",\"dateModified\":\"2026-03-11T11:35:18+00:00\",\"mainEntityOfPage\":{\"@id\":\"https:\/\/www.latitude-15.com\/pt-br\/cma-cgm-dobra-suas-linhas-na-martinica-e-reforca-a-conectividade-maritima-do-caribe\/\"},\"wordCount\":1250,\"commentCount\":0,\"publisher\":{\"@id\":\"https:\/\/www.latitude-15.com\/pt-br\/#organization\"},\"image\":{\"@id\":\"https:\/\/www.latitude-15.com\/pt-br\/cma-cgm-dobra-suas-linhas-na-martinica-e-reforca-a-conectividade-maritima-do-caribe\/#primaryimage\"},\"thumbnailUrl\":\"https:\/\/www.latitude-15.com\/wp-content\/uploads\/2026\/03\/20260309_1941131.jpg\",\"articleSection\":[\"Conectividade mar\u00edtima e mobilidade\",\"MAR\u00cdTIMO\"],\"inLanguage\":\"pt-BR\",\"potentialAction\":[{\"@type\":\"CommentAction\",\"name\":\"Comment\",\"target\":[\"https:\/\/www.latitude-15.com\/pt-br\/cma-cgm-dobra-suas-linhas-na-martinica-e-reforca-a-conectividade-maritima-do-caribe\/#respond\"]}]},{\"@type\":\"WebPage\",\"@id\":\"https:\/\/www.latitude-15.com\/pt-br\/cma-cgm-dobra-suas-linhas-na-martinica-e-reforca-a-conectividade-maritima-do-caribe\/\",\"url\":\"https:\/\/www.latitude-15.com\/pt-br\/cma-cgm-dobra-suas-linhas-na-martinica-e-reforca-a-conectividade-maritima-do-caribe\/\",\"name\":\"CMA CGM dobra suas linhas na Martinica e refor\u00e7a a conectividade mar\u00edtima do Caribe - LATITUDE 15\",\"isPartOf\":{\"@id\":\"https:\/\/www.latitude-15.com\/pt-br\/#website\"},\"primaryImageOfPage\":{\"@id\":\"https:\/\/www.latitude-15.com\/pt-br\/cma-cgm-dobra-suas-linhas-na-martinica-e-reforca-a-conectividade-maritima-do-caribe\/#primaryimage\"},\"image\":{\"@id\":\"https:\/\/www.latitude-15.com\/pt-br\/cma-cgm-dobra-suas-linhas-na-martinica-e-reforca-a-conectividade-maritima-do-caribe\/#primaryimage\"},\"thumbnailUrl\":\"https:\/\/www.latitude-15.com\/wp-content\/uploads\/2026\/03\/20260309_1941131.jpg\",\"datePublished\":\"2026-03-11T02:40:57+00:00\",\"dateModified\":\"2026-03-11T11:35:18+00:00\",\"breadcrumb\":{\"@id\":\"https:\/\/www.latitude-15.com\/pt-br\/cma-cgm-dobra-suas-linhas-na-martinica-e-reforca-a-conectividade-maritima-do-caribe\/#breadcrumb\"},\"inLanguage\":\"pt-BR\",\"potentialAction\":[{\"@type\":\"ReadAction\",\"target\":[\"https:\/\/www.latitude-15.com\/pt-br\/cma-cgm-dobra-suas-linhas-na-martinica-e-reforca-a-conectividade-maritima-do-caribe\/\"]}]},{\"@type\":\"ImageObject\",\"inLanguage\":\"pt-BR\",\"@id\":\"https:\/\/www.latitude-15.com\/pt-br\/cma-cgm-dobra-suas-linhas-na-martinica-e-reforca-a-conectividade-maritima-do-caribe\/#primaryimage\",\"url\":\"https:\/\/www.latitude-15.com\/wp-content\/uploads\/2026\/03\/20260309_1941131.jpg\",\"contentUrl\":\"https:\/\/www.latitude-15.com\/wp-content\/uploads\/2026\/03\/20260309_1941131.jpg\",\"width\":1045,\"height\":636},{\"@type\":\"BreadcrumbList\",\"@id\":\"https:\/\/www.latitude-15.com\/pt-br\/cma-cgm-dobra-suas-linhas-na-martinica-e-reforca-a-conectividade-maritima-do-caribe\/#breadcrumb\",\"itemListElement\":[{\"@type\":\"ListItem\",\"position\":1,\"name\":\"Home\",\"item\":\"https:\/\/www.latitude-15.com\/pt-br\/inicio\/\"},{\"@type\":\"ListItem\",\"position\":2,\"name\":\"CMA CGM dobra suas linhas na Martinica e refor\u00e7a a conectividade mar\u00edtima do Caribe\"}]},{\"@type\":\"WebSite\",\"@id\":\"https:\/\/www.latitude-15.com\/pt-br\/#website\",\"url\":\"https:\/\/www.latitude-15.com\/pt-br\/\",\"name\":\"LATITUDE 15\",\"description\":\"Aviation and maritime Magazine - Caribbean &amp; Latin America\",\"publisher\":{\"@id\":\"https:\/\/www.latitude-15.com\/pt-br\/#organization\"},\"potentialAction\":[{\"@type\":\"SearchAction\",\"target\":{\"@type\":\"EntryPoint\",\"urlTemplate\":\"https:\/\/www.latitude-15.com\/pt-br\/?s={search_term_string}\"},\"query-input\":{\"@type\":\"PropertyValueSpecification\",\"valueRequired\":true,\"valueName\":\"search_term_string\"}}],\"inLanguage\":\"pt-BR\"},{\"@type\":\"Organization\",\"@id\":\"https:\/\/www.latitude-15.com\/pt-br\/#organization\",\"name\":\"LATITUDE 15\",\"url\":\"https:\/\/www.latitude-15.com\/pt-br\/\",\"logo\":{\"@type\":\"ImageObject\",\"inLanguage\":\"pt-BR\",\"@id\":\"https:\/\/www.latitude-15.com\/pt-br\/#\/schema\/logo\/image\/\",\"url\":\"https:\/\/www.latitude-15.com\/wp-content\/uploads\/2026\/01\/cropped-logox500px.png\",\"contentUrl\":\"https:\/\/www.latitude-15.com\/wp-content\/uploads\/2026\/01\/cropped-logox500px.png\",\"width\":62,\"height\":75,\"caption\":\"LATITUDE 15\"},\"image\":{\"@id\":\"https:\/\/www.latitude-15.com\/pt-br\/#\/schema\/logo\/image\/\"}},{\"@type\":\"Person\",\"@id\":\"https:\/\/www.latitude-15.com\/pt-br\/#\/schema\/person\/40e486b55ea009664be002c622512d54\",\"name\":\"Welcome to Latitude 15\",\"image\":{\"@type\":\"ImageObject\",\"inLanguage\":\"pt-BR\",\"@id\":\"https:\/\/www.latitude-15.com\/pt-br\/#\/schema\/person\/image\/\",\"url\":\"https:\/\/secure.gravatar.com\/avatar\/c021f6fe403fddd1cfbd218fbae70dd2163a5628c1da123bbf9db1927e0caa0d?s=96&d=mm&r=g\",\"contentUrl\":\"https:\/\/secure.gravatar.com\/avatar\/c021f6fe403fddd1cfbd218fbae70dd2163a5628c1da123bbf9db1927e0caa0d?s=96&d=mm&r=g\",\"caption\":\"Welcome to Latitude 15\"},\"url\":\"https:\/\/www.latitude-15.com\/pt-br\/author\/welcome-to-latitude-15\/\"}]}<\/script>\n<!-- \/ Yoast SEO plugin. -->","yoast_head_json":{"title":"CMA CGM dobra suas linhas na Martinica e refor\u00e7a a conectividade mar\u00edtima do Caribe - LATITUDE 15","robots":{"index":"index","follow":"follow","max-snippet":"max-snippet:-1","max-image-preview":"max-image-preview:large","max-video-preview":"max-video-preview:-1"},"canonical":"https:\/\/www.latitude-15.com\/pt-br\/cma-cgm-dobra-suas-linhas-na-martinica-e-reforca-a-conectividade-maritima-do-caribe\/","og_locale":"pt_BR","og_type":"article","og_title":"CMA CGM dobra suas linhas na Martinica e refor\u00e7a a conectividade mar\u00edtima do Caribe - LATITUDE 15","og_description":"336 milh\u00f5es de euros de investimentos, uma frota de navios de 6.000 TEUs e a duplica\u00e7\u00e3o das linhas mar\u00edtimas em Fort-de-France at\u00e9 2027: o grupo marselh\u00eas transforma a Martinica e Guadalupe em plataformas log\u00edsticas regionais e envia uma mensagem direta aos operadores da Am\u00e9rica Latina. Foi diante de um navio de 6.000 TEUs iluminado operando [&hellip;]","og_url":"https:\/\/www.latitude-15.com\/pt-br\/cma-cgm-dobra-suas-linhas-na-martinica-e-reforca-a-conectividade-maritima-do-caribe\/","og_site_name":"LATITUDE 15","article_published_time":"2026-03-11T02:40:57+00:00","article_modified_time":"2026-03-11T11:35:18+00:00","og_image":[{"width":1045,"height":636,"url":"https:\/\/www.latitude-15.com\/wp-content\/uploads\/2026\/03\/20260309_1941131.jpg","type":"image\/jpeg"}],"author":"Welcome to Latitude 15","twitter_card":"summary_large_image","twitter_misc":{"Escrito por":"Welcome to Latitude 15","Est. tempo de leitura":"6 minutos"},"schema":{"@context":"https:\/\/schema.org","@graph":[{"@type":"Article","@id":"https:\/\/www.latitude-15.com\/pt-br\/cma-cgm-dobra-suas-linhas-na-martinica-e-reforca-a-conectividade-maritima-do-caribe\/#article","isPartOf":{"@id":"https:\/\/www.latitude-15.com\/pt-br\/cma-cgm-dobra-suas-linhas-na-martinica-e-reforca-a-conectividade-maritima-do-caribe\/"},"author":{"name":"Welcome to Latitude 15","@id":"https:\/\/www.latitude-15.com\/pt-br\/#\/schema\/person\/40e486b55ea009664be002c622512d54"},"headline":"CMA CGM dobra suas linhas na Martinica e refor\u00e7a a conectividade mar\u00edtima do Caribe","datePublished":"2026-03-11T02:40:57+00:00","dateModified":"2026-03-11T11:35:18+00:00","mainEntityOfPage":{"@id":"https:\/\/www.latitude-15.com\/pt-br\/cma-cgm-dobra-suas-linhas-na-martinica-e-reforca-a-conectividade-maritima-do-caribe\/"},"wordCount":1250,"commentCount":0,"publisher":{"@id":"https:\/\/www.latitude-15.com\/pt-br\/#organization"},"image":{"@id":"https:\/\/www.latitude-15.com\/pt-br\/cma-cgm-dobra-suas-linhas-na-martinica-e-reforca-a-conectividade-maritima-do-caribe\/#primaryimage"},"thumbnailUrl":"https:\/\/www.latitude-15.com\/wp-content\/uploads\/2026\/03\/20260309_1941131.jpg","articleSection":["Conectividade mar\u00edtima e mobilidade","MAR\u00cdTIMO"],"inLanguage":"pt-BR","potentialAction":[{"@type":"CommentAction","name":"Comment","target":["https:\/\/www.latitude-15.com\/pt-br\/cma-cgm-dobra-suas-linhas-na-martinica-e-reforca-a-conectividade-maritima-do-caribe\/#respond"]}]},{"@type":"WebPage","@id":"https:\/\/www.latitude-15.com\/pt-br\/cma-cgm-dobra-suas-linhas-na-martinica-e-reforca-a-conectividade-maritima-do-caribe\/","url":"https:\/\/www.latitude-15.com\/pt-br\/cma-cgm-dobra-suas-linhas-na-martinica-e-reforca-a-conectividade-maritima-do-caribe\/","name":"CMA CGM dobra suas linhas na Martinica e refor\u00e7a a conectividade mar\u00edtima do Caribe - LATITUDE 15","isPartOf":{"@id":"https:\/\/www.latitude-15.com\/pt-br\/#website"},"primaryImageOfPage":{"@id":"https:\/\/www.latitude-15.com\/pt-br\/cma-cgm-dobra-suas-linhas-na-martinica-e-reforca-a-conectividade-maritima-do-caribe\/#primaryimage"},"image":{"@id":"https:\/\/www.latitude-15.com\/pt-br\/cma-cgm-dobra-suas-linhas-na-martinica-e-reforca-a-conectividade-maritima-do-caribe\/#primaryimage"},"thumbnailUrl":"https:\/\/www.latitude-15.com\/wp-content\/uploads\/2026\/03\/20260309_1941131.jpg","datePublished":"2026-03-11T02:40:57+00:00","dateModified":"2026-03-11T11:35:18+00:00","breadcrumb":{"@id":"https:\/\/www.latitude-15.com\/pt-br\/cma-cgm-dobra-suas-linhas-na-martinica-e-reforca-a-conectividade-maritima-do-caribe\/#breadcrumb"},"inLanguage":"pt-BR","potentialAction":[{"@type":"ReadAction","target":["https:\/\/www.latitude-15.com\/pt-br\/cma-cgm-dobra-suas-linhas-na-martinica-e-reforca-a-conectividade-maritima-do-caribe\/"]}]},{"@type":"ImageObject","inLanguage":"pt-BR","@id":"https:\/\/www.latitude-15.com\/pt-br\/cma-cgm-dobra-suas-linhas-na-martinica-e-reforca-a-conectividade-maritima-do-caribe\/#primaryimage","url":"https:\/\/www.latitude-15.com\/wp-content\/uploads\/2026\/03\/20260309_1941131.jpg","contentUrl":"https:\/\/www.latitude-15.com\/wp-content\/uploads\/2026\/03\/20260309_1941131.jpg","width":1045,"height":636},{"@type":"BreadcrumbList","@id":"https:\/\/www.latitude-15.com\/pt-br\/cma-cgm-dobra-suas-linhas-na-martinica-e-reforca-a-conectividade-maritima-do-caribe\/#breadcrumb","itemListElement":[{"@type":"ListItem","position":1,"name":"Home","item":"https:\/\/www.latitude-15.com\/pt-br\/inicio\/"},{"@type":"ListItem","position":2,"name":"CMA CGM dobra suas linhas na Martinica e refor\u00e7a a conectividade mar\u00edtima do Caribe"}]},{"@type":"WebSite","@id":"https:\/\/www.latitude-15.com\/pt-br\/#website","url":"https:\/\/www.latitude-15.com\/pt-br\/","name":"LATITUDE 15","description":"Aviation and maritime Magazine - Caribbean &amp; Latin America","publisher":{"@id":"https:\/\/www.latitude-15.com\/pt-br\/#organization"},"potentialAction":[{"@type":"SearchAction","target":{"@type":"EntryPoint","urlTemplate":"https:\/\/www.latitude-15.com\/pt-br\/?s={search_term_string}"},"query-input":{"@type":"PropertyValueSpecification","valueRequired":true,"valueName":"search_term_string"}}],"inLanguage":"pt-BR"},{"@type":"Organization","@id":"https:\/\/www.latitude-15.com\/pt-br\/#organization","name":"LATITUDE 15","url":"https:\/\/www.latitude-15.com\/pt-br\/","logo":{"@type":"ImageObject","inLanguage":"pt-BR","@id":"https:\/\/www.latitude-15.com\/pt-br\/#\/schema\/logo\/image\/","url":"https:\/\/www.latitude-15.com\/wp-content\/uploads\/2026\/01\/cropped-logox500px.png","contentUrl":"https:\/\/www.latitude-15.com\/wp-content\/uploads\/2026\/01\/cropped-logox500px.png","width":62,"height":75,"caption":"LATITUDE 15"},"image":{"@id":"https:\/\/www.latitude-15.com\/pt-br\/#\/schema\/logo\/image\/"}},{"@type":"Person","@id":"https:\/\/www.latitude-15.com\/pt-br\/#\/schema\/person\/40e486b55ea009664be002c622512d54","name":"Welcome to Latitude 15","image":{"@type":"ImageObject","inLanguage":"pt-BR","@id":"https:\/\/www.latitude-15.com\/pt-br\/#\/schema\/person\/image\/","url":"https:\/\/secure.gravatar.com\/avatar\/c021f6fe403fddd1cfbd218fbae70dd2163a5628c1da123bbf9db1927e0caa0d?s=96&d=mm&r=g","contentUrl":"https:\/\/secure.gravatar.com\/avatar\/c021f6fe403fddd1cfbd218fbae70dd2163a5628c1da123bbf9db1927e0caa0d?s=96&d=mm&r=g","caption":"Welcome to Latitude 15"},"url":"https:\/\/www.latitude-15.com\/pt-br\/author\/welcome-to-latitude-15\/"}]}},"_links":{"self":[{"href":"https:\/\/www.latitude-15.com\/pt-br\/wp-json\/wp\/v2\/posts\/21378","targetHints":{"allow":["GET"]}}],"collection":[{"href":"https:\/\/www.latitude-15.com\/pt-br\/wp-json\/wp\/v2\/posts"}],"about":[{"href":"https:\/\/www.latitude-15.com\/pt-br\/wp-json\/wp\/v2\/types\/post"}],"author":[{"embeddable":true,"href":"https:\/\/www.latitude-15.com\/pt-br\/wp-json\/wp\/v2\/users\/6"}],"replies":[{"embeddable":true,"href":"https:\/\/www.latitude-15.com\/pt-br\/wp-json\/wp\/v2\/comments?post=21378"}],"version-history":[{"count":1,"href":"https:\/\/www.latitude-15.com\/pt-br\/wp-json\/wp\/v2\/posts\/21378\/revisions"}],"predecessor-version":[{"id":21385,"href":"https:\/\/www.latitude-15.com\/pt-br\/wp-json\/wp\/v2\/posts\/21378\/revisions\/21385"}],"wp:featuredmedia":[{"embeddable":true,"href":"https:\/\/www.latitude-15.com\/pt-br\/wp-json\/wp\/v2\/media\/21377"}],"wp:attachment":[{"href":"https:\/\/www.latitude-15.com\/pt-br\/wp-json\/wp\/v2\/media?parent=21378"}],"wp:term":[{"taxonomy":"category","embeddable":true,"href":"https:\/\/www.latitude-15.com\/pt-br\/wp-json\/wp\/v2\/categories?post=21378"},{"taxonomy":"post_tag","embeddable":true,"href":"https:\/\/www.latitude-15.com\/pt-br\/wp-json\/wp\/v2\/tags?post=21378"}],"curies":[{"name":"wp","href":"https:\/\/api.w.org\/{rel}","templated":true}]}}