{"id":21329,"date":"2026-03-10T11:40:08","date_gmt":"2026-03-10T15:40:08","guid":{"rendered":"https:\/\/www.latitude-15.com\/economia-do-transporte-aereo-no-caribe-alinhando-rendimento-governanca-e-arquitetura-de-demanda\/"},"modified":"2026-03-10T15:08:11","modified_gmt":"2026-03-10T19:08:11","slug":"economia-do-transporte-aereo-no-caribe-alinhando-rendimento-governanca-e-arquitetura-de-demanda","status":"publish","type":"post","link":"https:\/\/www.latitude-15.com\/pt-br\/economia-do-transporte-aereo-no-caribe-alinhando-rendimento-governanca-e-arquitetura-de-demanda\/","title":{"rendered":"Economia do Transporte A\u00e9reo no Caribe: Alinhando Rendimento, Governan\u00e7a e Arquitetura de Demanda"},"content":{"rendered":"\n<p>O CTO Air Connectivity Summit n\u00e3o se limitou a revisitar a mec\u00e2nica de atra\u00e7\u00e3o de rotas. Ele revelou uma transi\u00e7\u00e3o mais profunda na forma como os destinos caribenhos est\u00e3o come\u00e7ando a estruturar o transporte a\u00e9reo: n\u00e3o como uma ferramenta tur\u00edstica t\u00e1tica, mas como um componente da arquitetura econ\u00f4mica. <\/p>\n\n<p>Se a sess\u00e3o ministerial exp\u00f4s a fragmenta\u00e7\u00e3o e o desalinhamento fiscal, os pain\u00e9is operacionais expuseram algo igualmente estrutural \u2014 a mudan\u00e7a gradual da regi\u00e3o da depend\u00eancia de incentivos para a disciplina de demanda e o alinhamento de governan\u00e7a.<\/p>\n\n<p>Esta n\u00e3o \u00e9 uma evolu\u00e7\u00e3o cosm\u00e9tica.<br\/>\u00c9 um ponto de inflex\u00e3o estrat\u00e9gico.<\/p>\n\n<h2 class=\"wp-block-heading\"><strong>O Transporte A\u00e9reo como Infraestrutura Econ\u00f4mica<\/strong><\/h2>\n\n<p>Um dos sinais mais claros surgiu logo no in\u00edcio das discuss\u00f5es:<\/p>\n\n<blockquote class=\"wp-block-quote is-layout-flow wp-block-quote-is-layout-flow\">\n<h3 class=\"wp-block-heading\">\u201cNo Caribe, a avia\u00e7\u00e3o n\u00e3o \u00e9 apenas infraestrutura de transporte, \u00e9 infraestrutura econ\u00f4mica.\u201d <\/h3>\n\n\n\n<p class=\"has-text-align-right\">\u2014 Stacey Liburd, CEO, Grenada Tourism Authority<\/p>\n<\/blockquote>\n\n<p>Essa abordagem muda tudo.<\/p>\n\n<p>Em economias de pequenas ilhas, onde o turismo representa uma parcela significativa do PIB e mais de 90% das chegadas de visitantes dependem do acesso a\u00e9reo, as decis\u00f5es sobre rotas influenciam diretamente:<\/p>\n\n<ul class=\"wp-block-list\">\n<li>n\u00edveis de emprego<\/li>\n\n\n\n<li>desempenho hoteleiro<\/li>\n\n\n\n<li>receitas fiscais<\/li>\n\n\n\n<li>confian\u00e7a do investidor<\/li>\n\n\n\n<li>e retornos de infraestrutura<\/li>\n<\/ul>\n\n<p>O transporte a\u00e9reo n\u00e3o \u00e9 gest\u00e3o de capacidade.<br\/>\u00c9 pol\u00edtica macroecon\u00f4mica.<\/p>\n\n<h2 class=\"wp-block-heading\"><strong>Estrat\u00e9gia de Rendimento: Al\u00e9m da Narrativa do Luxo<\/strong><\/h2>\n\n<p>Outra linha de falha estrat\u00e9gica surgiu em torno do rendimento (yield).<\/p>\n\n<p>Durante anos, as estrat\u00e9gias de posicionamento do Caribe apoiaram-se fortemente no branding de luxo. Mas a c\u00fapula introduziu uma lente econ\u00f4mica mais matizada. <\/p>\n\n<p>O Dr. Ernest Hilaire questionou a equa\u00e7\u00e3o autom\u00e1tica entre viajantes de luxo e benef\u00edcio nacional:<\/p>\n\n<blockquote class=\"wp-block-quote is-layout-flow wp-block-quote-is-layout-flow\">\n<h3 class=\"wp-block-heading\">\u201cEssa no\u00e7\u00e3o de que, uma vez que voc\u00ea \u00e9 um viajante de luxo&#8230; automaticamente o destino se beneficia disso, n\u00e3o \u00e9 necessariamente verdade.\u201d<\/h3>\n\n\n\n<p class=\"has-text-align-right\">\u2014 Dr. Ernest Hilaire, Vice-Primeiro-Ministro e Ministro do Turismo, Com\u00e9rcio, Investimento, Ind\u00fastrias Criativas e Cultura, Santa L\u00facia<\/p>\n<\/blockquote>\n\n<p>A implica\u00e7\u00e3o \u00e9 estrutural.<\/p>\n\n<p>Visitantes de alto gasto concentrados em resorts verticalmente integrados podem gerar menos circula\u00e7\u00e3o econ\u00f4mica local do que viajantes de n\u00edvel m\u00e9dio, que distribuem seus gastos em restaurantes, excurs\u00f5es e pequenas empresas.<\/p>\n\n<p>O rendimento, portanto, n\u00e3o pode ser avaliado apenas no n\u00edvel da classe tarif\u00e1ria ou da di\u00e1ria do quarto.<br\/>Ele deve ser avaliado no n\u00edvel do ecossistema.<\/p>\n\n<p>Para companhias a\u00e9reas e investidores, isso reformula inteiramente a modelagem de demanda.<\/p>\n\n<h2 class=\"wp-block-heading\"><strong>Da Depend\u00eancia de Incentivos \u00e0 Arquitetura de Demanda<\/strong><\/h2>\n\n<p>O debate em torno das Garantias de Receita M\u00ednima (MRGs) refletiu esse amadurecimento mais amplo.<\/p>\n\n<p>Em vez de celebrar os incentivos como ferramentas necess\u00e1rias, os palestrantes questionaram sua sustentabilidade estrutural.<\/p>\n\n<p>Como observou Colin James:<\/p>\n\n<blockquote class=\"wp-block-quote is-layout-flow wp-block-quote-is-layout-flow\">\n<h3 class=\"wp-block-heading\">\u201cAs garantias de receita m\u00ednima colocam todo o risco sobre o destino.\u201d<\/h3>\n\n\n\n<p class=\"has-text-align-right\">\u2014 Colin James, Diretor Executivo, Antigua and Barbuda Tourism Authority<\/p>\n<\/blockquote>\n\n<p>Em mercados restritos, expostos \u00e0 sazonalidade e a choques externos, concentrar o risco nos balan\u00e7os p\u00fablicos cria vulnerabilidade fiscal.<\/p>\n\n<p>Isso n\u00e3o significa que os incentivos desapare\u00e7am.<br\/>Significa que eles devem ser subordinados \u00e0 arquitetura de demanda.<\/p>\n\n<p>O Dr. Hilaire resumiu a dire\u00e7\u00e3o claramente:<\/p>\n\n<blockquote class=\"wp-block-quote is-layout-flow wp-block-quote-is-layout-flow\">\n<h3 class=\"wp-block-heading\">\u201cSe voc\u00ea vai construir uma ind\u00fastria de turismo sustent\u00e1vel, ela n\u00e3o pode ser baseada em incentivos. A demanda tem que ser algo que cres\u00e7a organicamente.\u201d<\/h3>\n\n\n\n<p class=\"has-text-align-right\">\u2014 Dr. Ernest Hilaire<\/p>\n<\/blockquote>\n\n<p>A demanda org\u00e2nica requer:<\/p>\n\n<ul class=\"wp-block-list\">\n<li>programa\u00e7\u00e3o de eventos<\/li>\n\n\n\n<li>calend\u00e1rios esportivos e culturais<\/li>\n\n\n\n<li>engajamento da di\u00e1spora<\/li>\n\n\n\n<li>alinhamento de confer\u00eancias<\/li>\n\n\n\n<li>janelas de marketing coordenadas<\/li>\n<\/ul>\n\n<p>\u00c9 algo projetado, n\u00e3o improvisado.<\/p>\n\n<figure class=\"wp-block-image size-large\"><img fetchpriority=\"high\" decoding=\"async\" width=\"1024\" height=\"541\" src=\"https:\/\/www.latitude-15.com\/wp-content\/uploads\/2026\/03\/12-1024x541.jpg\" alt=\"\" class=\"wp-image-21318\" srcset=\"https:\/\/www.latitude-15.com\/wp-content\/uploads\/2026\/03\/12-1024x541.jpg 1024w, https:\/\/www.latitude-15.com\/wp-content\/uploads\/2026\/03\/12-300x158.jpg 300w, https:\/\/www.latitude-15.com\/wp-content\/uploads\/2026\/03\/12-768x406.jpg 768w, https:\/\/www.latitude-15.com\/wp-content\/uploads\/2026\/03\/12-1536x811.jpg 1536w, https:\/\/www.latitude-15.com\/wp-content\/uploads\/2026\/03\/12-2048x1081.jpg 2048w, https:\/\/www.latitude-15.com\/wp-content\/uploads\/2026\/03\/12-1320x697.jpg 1320w\" sizes=\"(max-width: 1024px) 100vw, 1024px\" \/><\/figure>\n\n<h2 class=\"wp-block-heading\"><strong>Disciplina de Dados como Moeda de Negocia\u00e7\u00e3o<\/strong><\/h2>\n\n<p>Outro tema recorrente foi a credibilidade dos dados.<\/p>\n\n<p>As companhias a\u00e9reas n\u00e3o respondem a aspira\u00e7\u00f5es.<br\/>Elas respondem a evid\u00eancias.<\/p>\n\n<p>Como enfatizado durante as negocia\u00e7\u00f5es:<\/p>\n\n<blockquote class=\"wp-block-quote is-layout-flow wp-block-quote-is-layout-flow\">\n<h3 class=\"wp-block-heading\">\u201c\u00c9 importante ter dados&#8230; para que, quando voc\u00ea chegar a uma companhia a\u00e9rea e estiver negociando, n\u00e3o se baseie na emo\u00e7\u00e3o.\u201d<\/h3>\n\n\n\n<p class=\"has-text-align-right\">\u2014 Colin James<\/p>\n<\/blockquote>\n\n<p>An\u00e1lise de origem-destino, previs\u00e3o sazonal, segmenta\u00e7\u00e3o da di\u00e1spora e modelagem de compress\u00e3o est\u00e3o se tornando centrais nas discuss\u00f5es de rotas no Caribe.<\/p>\n\n<p>Isso marca uma mudan\u00e7a da negocia\u00e7\u00e3o promocional para a negocia\u00e7\u00e3o de desempenho.<\/p>\n\n<h2 class=\"wp-block-heading\"><strong>Governan\u00e7a: O Determinante Silencioso<\/strong><\/h2>\n\n<p>A mudan\u00e7a estrutural tamb\u00e9m se estende \u00e0 gest\u00e3o aeroportu\u00e1ria.<\/p>\n\n<p>O Dr. Rafael Echevarne introduziu uma dimens\u00e3o de governan\u00e7a frequentemente negligenciada no discurso do turismo:<\/p>\n\n<blockquote class=\"wp-block-quote is-layout-flow wp-block-quote-is-layout-flow\">\n<h3 class=\"wp-block-heading\">\u201cAeroportos&#8230; n\u00e3o importa se s\u00e3o p\u00fablicos ou privados, s\u00e3o neg\u00f3cios.\u201d<\/h3>\n\n\n\n<p class=\"has-text-align-right\">\u2014 Dr. Rafael Echevarne, Diretor Geral, ACI-LAC<\/p>\n<\/blockquote>\n\n<p>Continuidade profissional, estrat\u00e9gia escrita e posicionamento realista foram identificados como pr\u00e9-requisitos para a confian\u00e7a das companhias a\u00e9reas.<\/p>\n\n<p>A volatilidade pol\u00edtica mina a previsibilidade.<br\/>A previsibilidade sustenta a aloca\u00e7\u00e3o de capital.<\/p>\n\n<p>Para investidores e operadores, a estabilidade da governan\u00e7a n\u00e3o \u00e9 um detalhe administrativo \u2014 \u00e9 mitiga\u00e7\u00e3o de risco.<\/p>\n\n<h2 class=\"wp-block-heading\"><strong>Alinhamento da Pista ao Resort<\/strong><\/h2>\n\n<p>A camada comercial refor\u00e7a esse imperativo de alinhamento.<\/p>\n\n<p>Como explicou Tim Morrison:<\/p>\n\n<h3 class=\"wp-block-heading\">\u201cSe tivermos mais demanda, mais transporte a\u00e9reo, aumentaremos nossas ocupa\u00e7\u00f5es&#8230; uma vez que voc\u00ea impulsiona a compress\u00e3o, voc\u00ea impulsiona a ADR (di\u00e1ria m\u00e9dia).\u201d<\/h3>\n\n<p class=\"has-text-align-right\">\u2014 Tim Morrison, Gerente Geral, Hamilton Princess &amp; Beach Club<\/p>\n\n<p>No entanto, a compress\u00e3o sem confiabilidade prejudica a percep\u00e7\u00e3o da marca.<\/p>\n\n<p>Um estudo referenciado durante a sess\u00e3o indicou que 80% dos viajantes reconsideram destinos ap\u00f3s experi\u00eancias de viagem disruptivas.<\/p>\n\n<p>Efici\u00eancia operacional, identidade digital, fluidez de fronteiras e experi\u00eancia aeroportu\u00e1ria agora influenciam diretamente a sustentabilidade do rendimento.<\/p>\n\n<p>O aeroporto n\u00e3o \u00e9 mais uma infraestrutura neutra.<br\/>\u00c9 um ativo estrat\u00e9gico de entrada.<\/p>\n\n<h2 class=\"wp-block-heading\"><strong>Um Limiar de Maturidade Regional<\/strong><\/h2>\n\n<p>Considerados em conjunto, a c\u00fapula revelou uma evolu\u00e7\u00e3o estrutural.<\/p>\n\n<p>De:<\/p>\n\n<ul class=\"wp-block-list\">\n<li>competi\u00e7\u00e3o fragmentada<\/li>\n\n\n\n<li>escalada de incentivos<\/li>\n\n\n\n<li>coordena\u00e7\u00e3o simb\u00f3lica<\/li>\n<\/ul>\n\n<p>Para:<\/p>\n\n<ul class=\"wp-block-list\">\n<li>consci\u00eancia de risco<\/li>\n\n\n\n<li>disciplina de dados<\/li>\n\n\n\n<li>alinhamento de governan\u00e7a<\/li>\n\n\n\n<li>engenharia de demanda<\/li>\n\n\n\n<li>integra\u00e7\u00e3o de ecossistema<\/li>\n<\/ul>\n\n<p>A conversa n\u00e3o \u00e9 mais sobre \u201cadicionar rotas\u201d. \u00c9 sobre projetar um modelo econ\u00f4mico capaz de sustentar a conectividade.  Essa distin\u00e7\u00e3o importa.<\/p>\n\n<p>Porque em economias de pequenas ilhas, o transporte a\u00e9reo n\u00e3o \u00e9 uma vari\u00e1vel operacional.<br\/>\u00c9 uma alavanca de crescimento nacional.<\/p>\n\n<p>E o Caribe parece estar entrando em uma fase em que essa realidade est\u00e1 sendo reconhecida \u2014 p\u00fablica e estrategicamente.<\/p>\n\n<figure class=\"wp-block-image size-large\"><img decoding=\"async\" width=\"919\" height=\"1024\" data-src=\"https:\/\/www.latitude-15.com\/wp-content\/uploads\/2026\/03\/16-1-919x1024.jpg\" alt=\"\" class=\"wp-image-21319 lazyload\" data-srcset=\"https:\/\/www.latitude-15.com\/wp-content\/uploads\/2026\/03\/16-1-919x1024.jpg 919w, https:\/\/www.latitude-15.com\/wp-content\/uploads\/2026\/03\/16-1-269x300.jpg 269w, https:\/\/www.latitude-15.com\/wp-content\/uploads\/2026\/03\/16-1-768x856.jpg 768w, https:\/\/www.latitude-15.com\/wp-content\/uploads\/2026\/03\/16-1-1378x1536.jpg 1378w, https:\/\/www.latitude-15.com\/wp-content\/uploads\/2026\/03\/16-1-1837x2048.jpg 1837w, https:\/\/www.latitude-15.com\/wp-content\/uploads\/2026\/03\/16-1-1320x1472.jpg 1320w\" data-sizes=\"(max-width: 919px) 100vw, 919px\" src=\"data:image\/svg+xml;base64,PHN2ZyB3aWR0aD0iMSIgaGVpZ2h0PSIxIiB4bWxucz0iaHR0cDovL3d3dy53My5vcmcvMjAwMC9zdmciPjwvc3ZnPg==\" style=\"--smush-placeholder-width: 919px; --smush-placeholder-aspect-ratio: 919\/1024;\" \/><\/figure>\n","protected":false},"excerpt":{"rendered":"<p>O CTO Air Connectivity Summit n\u00e3o se limitou a revisitar a mec\u00e2nica de atra\u00e7\u00e3o de rotas. Ele revelou uma transi\u00e7\u00e3o mais profunda na forma como os destinos caribenhos est\u00e3o come\u00e7ando a estruturar o transporte a\u00e9reo: n\u00e3o como uma ferramenta tur\u00edstica t\u00e1tica, mas como um componente da arquitetura econ\u00f4mica. Se a sess\u00e3o ministerial exp\u00f4s a fragmenta\u00e7\u00e3o [&hellip;]<\/p>\n","protected":false},"author":5,"featured_media":21328,"comment_status":"open","ping_status":"open","sticky":false,"template":"","format":"standard","meta":{"footnotes":""},"categories":[98,101],"tags":[],"class_list":["post-21329","post","type-post","status-publish","format-standard","has-post-thumbnail","hentry","category-aviacao","category-conectividade-aerea-e-atratividade-territorial"],"yoast_head":"<!-- This site is optimized with the Yoast SEO plugin v26.9 - https:\/\/yoast.com\/product\/yoast-seo-wordpress\/ -->\n<title>Economia do Transporte A\u00e9reo no Caribe: Alinhando Rendimento, Governan\u00e7a e Arquitetura de Demanda - LATITUDE 15<\/title>\n<meta name=\"robots\" content=\"index, follow, max-snippet:-1, max-image-preview:large, max-video-preview:-1\" \/>\n<link rel=\"canonical\" href=\"https:\/\/www.latitude-15.com\/pt-br\/economia-do-transporte-aereo-no-caribe-alinhando-rendimento-governanca-e-arquitetura-de-demanda\/\" \/>\n<meta property=\"og:locale\" content=\"pt_BR\" \/>\n<meta property=\"og:type\" content=\"article\" \/>\n<meta property=\"og:title\" content=\"Economia do Transporte A\u00e9reo no Caribe: Alinhando Rendimento, Governan\u00e7a e Arquitetura de Demanda - LATITUDE 15\" \/>\n<meta property=\"og:description\" content=\"O CTO Air Connectivity Summit n\u00e3o se limitou a revisitar a mec\u00e2nica de atra\u00e7\u00e3o de rotas. Ele revelou uma transi\u00e7\u00e3o mais profunda na forma como os destinos caribenhos est\u00e3o come\u00e7ando a estruturar o transporte a\u00e9reo: n\u00e3o como uma ferramenta tur\u00edstica t\u00e1tica, mas como um componente da arquitetura econ\u00f4mica. Se a sess\u00e3o ministerial exp\u00f4s a fragmenta\u00e7\u00e3o [&hellip;]\" \/>\n<meta property=\"og:url\" content=\"https:\/\/www.latitude-15.com\/pt-br\/economia-do-transporte-aereo-no-caribe-alinhando-rendimento-governanca-e-arquitetura-de-demanda\/\" \/>\n<meta property=\"og:site_name\" content=\"LATITUDE 15\" \/>\n<meta property=\"article:published_time\" content=\"2026-03-10T15:40:08+00:00\" \/>\n<meta property=\"article:modified_time\" content=\"2026-03-10T19:08:11+00:00\" \/>\n<meta property=\"og:image\" content=\"https:\/\/www.latitude-15.com\/wp-content\/uploads\/2026\/03\/17-scaled.jpg\" \/>\n\t<meta property=\"og:image:width\" content=\"2296\" \/>\n\t<meta property=\"og:image:height\" content=\"2560\" \/>\n\t<meta property=\"og:image:type\" content=\"image\/jpeg\" \/>\n<meta name=\"author\" content=\"Joda J\" \/>\n<meta name=\"twitter:card\" content=\"summary_large_image\" \/>\n<meta name=\"twitter:label1\" content=\"Escrito por\" \/>\n\t<meta name=\"twitter:data1\" content=\"Joda J\" \/>\n\t<meta name=\"twitter:label2\" content=\"Est. tempo de leitura\" \/>\n\t<meta name=\"twitter:data2\" content=\"5 minutos\" \/>\n<script type=\"application\/ld+json\" class=\"yoast-schema-graph\">{\"@context\":\"https:\/\/schema.org\",\"@graph\":[{\"@type\":\"Article\",\"@id\":\"https:\/\/www.latitude-15.com\/pt-br\/economia-do-transporte-aereo-no-caribe-alinhando-rendimento-governanca-e-arquitetura-de-demanda\/#article\",\"isPartOf\":{\"@id\":\"https:\/\/www.latitude-15.com\/pt-br\/economia-do-transporte-aereo-no-caribe-alinhando-rendimento-governanca-e-arquitetura-de-demanda\/\"},\"author\":{\"name\":\"Joda J\",\"@id\":\"https:\/\/www.latitude-15.com\/pt-br\/#\/schema\/person\/dac52e7ff44c78317f337da112e37252\"},\"headline\":\"Economia do Transporte A\u00e9reo no Caribe: Alinhando Rendimento, Governan\u00e7a e Arquitetura de Demanda\",\"datePublished\":\"2026-03-10T15:40:08+00:00\",\"dateModified\":\"2026-03-10T19:08:11+00:00\",\"mainEntityOfPage\":{\"@id\":\"https:\/\/www.latitude-15.com\/pt-br\/economia-do-transporte-aereo-no-caribe-alinhando-rendimento-governanca-e-arquitetura-de-demanda\/\"},\"wordCount\":1056,\"commentCount\":0,\"publisher\":{\"@id\":\"https:\/\/www.latitude-15.com\/pt-br\/#organization\"},\"image\":{\"@id\":\"https:\/\/www.latitude-15.com\/pt-br\/economia-do-transporte-aereo-no-caribe-alinhando-rendimento-governanca-e-arquitetura-de-demanda\/#primaryimage\"},\"thumbnailUrl\":\"https:\/\/www.latitude-15.com\/wp-content\/uploads\/2026\/03\/17-scaled.jpg\",\"articleSection\":[\"AVIA\u00c7\u00c3O\",\"Conectividade a\u00e9rea e Atratividade territorial\"],\"inLanguage\":\"pt-BR\",\"potentialAction\":[{\"@type\":\"CommentAction\",\"name\":\"Comment\",\"target\":[\"https:\/\/www.latitude-15.com\/pt-br\/economia-do-transporte-aereo-no-caribe-alinhando-rendimento-governanca-e-arquitetura-de-demanda\/#respond\"]}]},{\"@type\":\"WebPage\",\"@id\":\"https:\/\/www.latitude-15.com\/pt-br\/economia-do-transporte-aereo-no-caribe-alinhando-rendimento-governanca-e-arquitetura-de-demanda\/\",\"url\":\"https:\/\/www.latitude-15.com\/pt-br\/economia-do-transporte-aereo-no-caribe-alinhando-rendimento-governanca-e-arquitetura-de-demanda\/\",\"name\":\"Economia do Transporte A\u00e9reo no Caribe: Alinhando Rendimento, Governan\u00e7a e Arquitetura de Demanda - LATITUDE 15\",\"isPartOf\":{\"@id\":\"https:\/\/www.latitude-15.com\/pt-br\/#website\"},\"primaryImageOfPage\":{\"@id\":\"https:\/\/www.latitude-15.com\/pt-br\/economia-do-transporte-aereo-no-caribe-alinhando-rendimento-governanca-e-arquitetura-de-demanda\/#primaryimage\"},\"image\":{\"@id\":\"https:\/\/www.latitude-15.com\/pt-br\/economia-do-transporte-aereo-no-caribe-alinhando-rendimento-governanca-e-arquitetura-de-demanda\/#primaryimage\"},\"thumbnailUrl\":\"https:\/\/www.latitude-15.com\/wp-content\/uploads\/2026\/03\/17-scaled.jpg\",\"datePublished\":\"2026-03-10T15:40:08+00:00\",\"dateModified\":\"2026-03-10T19:08:11+00:00\",\"breadcrumb\":{\"@id\":\"https:\/\/www.latitude-15.com\/pt-br\/economia-do-transporte-aereo-no-caribe-alinhando-rendimento-governanca-e-arquitetura-de-demanda\/#breadcrumb\"},\"inLanguage\":\"pt-BR\",\"potentialAction\":[{\"@type\":\"ReadAction\",\"target\":[\"https:\/\/www.latitude-15.com\/pt-br\/economia-do-transporte-aereo-no-caribe-alinhando-rendimento-governanca-e-arquitetura-de-demanda\/\"]}]},{\"@type\":\"ImageObject\",\"inLanguage\":\"pt-BR\",\"@id\":\"https:\/\/www.latitude-15.com\/pt-br\/economia-do-transporte-aereo-no-caribe-alinhando-rendimento-governanca-e-arquitetura-de-demanda\/#primaryimage\",\"url\":\"https:\/\/www.latitude-15.com\/wp-content\/uploads\/2026\/03\/17-scaled.jpg\",\"contentUrl\":\"https:\/\/www.latitude-15.com\/wp-content\/uploads\/2026\/03\/17-scaled.jpg\",\"width\":2296,\"height\":2560,\"caption\":\"Caribbean Airlift Economics\"},{\"@type\":\"BreadcrumbList\",\"@id\":\"https:\/\/www.latitude-15.com\/pt-br\/economia-do-transporte-aereo-no-caribe-alinhando-rendimento-governanca-e-arquitetura-de-demanda\/#breadcrumb\",\"itemListElement\":[{\"@type\":\"ListItem\",\"position\":1,\"name\":\"Home\",\"item\":\"https:\/\/www.latitude-15.com\/pt-br\/inicio\/\"},{\"@type\":\"ListItem\",\"position\":2,\"name\":\"Economia do Transporte A\u00e9reo no Caribe: Alinhando Rendimento, Governan\u00e7a e Arquitetura de Demanda\"}]},{\"@type\":\"WebSite\",\"@id\":\"https:\/\/www.latitude-15.com\/pt-br\/#website\",\"url\":\"https:\/\/www.latitude-15.com\/pt-br\/\",\"name\":\"LATITUDE 15\",\"description\":\"Aviation and maritime Magazine - Caribbean &amp; Latin America\",\"publisher\":{\"@id\":\"https:\/\/www.latitude-15.com\/pt-br\/#organization\"},\"potentialAction\":[{\"@type\":\"SearchAction\",\"target\":{\"@type\":\"EntryPoint\",\"urlTemplate\":\"https:\/\/www.latitude-15.com\/pt-br\/?s={search_term_string}\"},\"query-input\":{\"@type\":\"PropertyValueSpecification\",\"valueRequired\":true,\"valueName\":\"search_term_string\"}}],\"inLanguage\":\"pt-BR\"},{\"@type\":\"Organization\",\"@id\":\"https:\/\/www.latitude-15.com\/pt-br\/#organization\",\"name\":\"LATITUDE 15\",\"url\":\"https:\/\/www.latitude-15.com\/pt-br\/\",\"logo\":{\"@type\":\"ImageObject\",\"inLanguage\":\"pt-BR\",\"@id\":\"https:\/\/www.latitude-15.com\/pt-br\/#\/schema\/logo\/image\/\",\"url\":\"https:\/\/www.latitude-15.com\/wp-content\/uploads\/2026\/01\/cropped-logox500px.png\",\"contentUrl\":\"https:\/\/www.latitude-15.com\/wp-content\/uploads\/2026\/01\/cropped-logox500px.png\",\"width\":62,\"height\":75,\"caption\":\"LATITUDE 15\"},\"image\":{\"@id\":\"https:\/\/www.latitude-15.com\/pt-br\/#\/schema\/logo\/image\/\"}},{\"@type\":\"Person\",\"@id\":\"https:\/\/www.latitude-15.com\/pt-br\/#\/schema\/person\/dac52e7ff44c78317f337da112e37252\",\"name\":\"Joda J\",\"image\":{\"@type\":\"ImageObject\",\"inLanguage\":\"pt-BR\",\"@id\":\"https:\/\/www.latitude-15.com\/pt-br\/#\/schema\/person\/image\/\",\"url\":\"https:\/\/secure.gravatar.com\/avatar\/6b1feae555e15404b76616f92d931d12b25ac58024f14ccb43d9d3c012e4c4cf?s=96&d=mm&r=g\",\"contentUrl\":\"https:\/\/secure.gravatar.com\/avatar\/6b1feae555e15404b76616f92d931d12b25ac58024f14ccb43d9d3c012e4c4cf?s=96&d=mm&r=g\",\"caption\":\"Joda J\"},\"url\":\"https:\/\/www.latitude-15.com\/pt-br\/author\/joda\/\"}]}<\/script>\n<!-- \/ Yoast SEO plugin. -->","yoast_head_json":{"title":"Economia do Transporte A\u00e9reo no Caribe: Alinhando Rendimento, Governan\u00e7a e Arquitetura de Demanda - LATITUDE 15","robots":{"index":"index","follow":"follow","max-snippet":"max-snippet:-1","max-image-preview":"max-image-preview:large","max-video-preview":"max-video-preview:-1"},"canonical":"https:\/\/www.latitude-15.com\/pt-br\/economia-do-transporte-aereo-no-caribe-alinhando-rendimento-governanca-e-arquitetura-de-demanda\/","og_locale":"pt_BR","og_type":"article","og_title":"Economia do Transporte A\u00e9reo no Caribe: Alinhando Rendimento, Governan\u00e7a e Arquitetura de Demanda - LATITUDE 15","og_description":"O CTO Air Connectivity Summit n\u00e3o se limitou a revisitar a mec\u00e2nica de atra\u00e7\u00e3o de rotas. Ele revelou uma transi\u00e7\u00e3o mais profunda na forma como os destinos caribenhos est\u00e3o come\u00e7ando a estruturar o transporte a\u00e9reo: n\u00e3o como uma ferramenta tur\u00edstica t\u00e1tica, mas como um componente da arquitetura econ\u00f4mica. Se a sess\u00e3o ministerial exp\u00f4s a fragmenta\u00e7\u00e3o [&hellip;]","og_url":"https:\/\/www.latitude-15.com\/pt-br\/economia-do-transporte-aereo-no-caribe-alinhando-rendimento-governanca-e-arquitetura-de-demanda\/","og_site_name":"LATITUDE 15","article_published_time":"2026-03-10T15:40:08+00:00","article_modified_time":"2026-03-10T19:08:11+00:00","og_image":[{"width":2296,"height":2560,"url":"https:\/\/www.latitude-15.com\/wp-content\/uploads\/2026\/03\/17-scaled.jpg","type":"image\/jpeg"}],"author":"Joda J","twitter_card":"summary_large_image","twitter_misc":{"Escrito por":"Joda J","Est. tempo de leitura":"5 minutos"},"schema":{"@context":"https:\/\/schema.org","@graph":[{"@type":"Article","@id":"https:\/\/www.latitude-15.com\/pt-br\/economia-do-transporte-aereo-no-caribe-alinhando-rendimento-governanca-e-arquitetura-de-demanda\/#article","isPartOf":{"@id":"https:\/\/www.latitude-15.com\/pt-br\/economia-do-transporte-aereo-no-caribe-alinhando-rendimento-governanca-e-arquitetura-de-demanda\/"},"author":{"name":"Joda J","@id":"https:\/\/www.latitude-15.com\/pt-br\/#\/schema\/person\/dac52e7ff44c78317f337da112e37252"},"headline":"Economia do Transporte A\u00e9reo no Caribe: Alinhando Rendimento, Governan\u00e7a e Arquitetura de Demanda","datePublished":"2026-03-10T15:40:08+00:00","dateModified":"2026-03-10T19:08:11+00:00","mainEntityOfPage":{"@id":"https:\/\/www.latitude-15.com\/pt-br\/economia-do-transporte-aereo-no-caribe-alinhando-rendimento-governanca-e-arquitetura-de-demanda\/"},"wordCount":1056,"commentCount":0,"publisher":{"@id":"https:\/\/www.latitude-15.com\/pt-br\/#organization"},"image":{"@id":"https:\/\/www.latitude-15.com\/pt-br\/economia-do-transporte-aereo-no-caribe-alinhando-rendimento-governanca-e-arquitetura-de-demanda\/#primaryimage"},"thumbnailUrl":"https:\/\/www.latitude-15.com\/wp-content\/uploads\/2026\/03\/17-scaled.jpg","articleSection":["AVIA\u00c7\u00c3O","Conectividade a\u00e9rea e Atratividade territorial"],"inLanguage":"pt-BR","potentialAction":[{"@type":"CommentAction","name":"Comment","target":["https:\/\/www.latitude-15.com\/pt-br\/economia-do-transporte-aereo-no-caribe-alinhando-rendimento-governanca-e-arquitetura-de-demanda\/#respond"]}]},{"@type":"WebPage","@id":"https:\/\/www.latitude-15.com\/pt-br\/economia-do-transporte-aereo-no-caribe-alinhando-rendimento-governanca-e-arquitetura-de-demanda\/","url":"https:\/\/www.latitude-15.com\/pt-br\/economia-do-transporte-aereo-no-caribe-alinhando-rendimento-governanca-e-arquitetura-de-demanda\/","name":"Economia do Transporte A\u00e9reo no Caribe: Alinhando Rendimento, Governan\u00e7a e Arquitetura de Demanda - LATITUDE 15","isPartOf":{"@id":"https:\/\/www.latitude-15.com\/pt-br\/#website"},"primaryImageOfPage":{"@id":"https:\/\/www.latitude-15.com\/pt-br\/economia-do-transporte-aereo-no-caribe-alinhando-rendimento-governanca-e-arquitetura-de-demanda\/#primaryimage"},"image":{"@id":"https:\/\/www.latitude-15.com\/pt-br\/economia-do-transporte-aereo-no-caribe-alinhando-rendimento-governanca-e-arquitetura-de-demanda\/#primaryimage"},"thumbnailUrl":"https:\/\/www.latitude-15.com\/wp-content\/uploads\/2026\/03\/17-scaled.jpg","datePublished":"2026-03-10T15:40:08+00:00","dateModified":"2026-03-10T19:08:11+00:00","breadcrumb":{"@id":"https:\/\/www.latitude-15.com\/pt-br\/economia-do-transporte-aereo-no-caribe-alinhando-rendimento-governanca-e-arquitetura-de-demanda\/#breadcrumb"},"inLanguage":"pt-BR","potentialAction":[{"@type":"ReadAction","target":["https:\/\/www.latitude-15.com\/pt-br\/economia-do-transporte-aereo-no-caribe-alinhando-rendimento-governanca-e-arquitetura-de-demanda\/"]}]},{"@type":"ImageObject","inLanguage":"pt-BR","@id":"https:\/\/www.latitude-15.com\/pt-br\/economia-do-transporte-aereo-no-caribe-alinhando-rendimento-governanca-e-arquitetura-de-demanda\/#primaryimage","url":"https:\/\/www.latitude-15.com\/wp-content\/uploads\/2026\/03\/17-scaled.jpg","contentUrl":"https:\/\/www.latitude-15.com\/wp-content\/uploads\/2026\/03\/17-scaled.jpg","width":2296,"height":2560,"caption":"Caribbean Airlift Economics"},{"@type":"BreadcrumbList","@id":"https:\/\/www.latitude-15.com\/pt-br\/economia-do-transporte-aereo-no-caribe-alinhando-rendimento-governanca-e-arquitetura-de-demanda\/#breadcrumb","itemListElement":[{"@type":"ListItem","position":1,"name":"Home","item":"https:\/\/www.latitude-15.com\/pt-br\/inicio\/"},{"@type":"ListItem","position":2,"name":"Economia do Transporte A\u00e9reo no Caribe: Alinhando Rendimento, Governan\u00e7a e Arquitetura de Demanda"}]},{"@type":"WebSite","@id":"https:\/\/www.latitude-15.com\/pt-br\/#website","url":"https:\/\/www.latitude-15.com\/pt-br\/","name":"LATITUDE 15","description":"Aviation and maritime Magazine - Caribbean &amp; Latin America","publisher":{"@id":"https:\/\/www.latitude-15.com\/pt-br\/#organization"},"potentialAction":[{"@type":"SearchAction","target":{"@type":"EntryPoint","urlTemplate":"https:\/\/www.latitude-15.com\/pt-br\/?s={search_term_string}"},"query-input":{"@type":"PropertyValueSpecification","valueRequired":true,"valueName":"search_term_string"}}],"inLanguage":"pt-BR"},{"@type":"Organization","@id":"https:\/\/www.latitude-15.com\/pt-br\/#organization","name":"LATITUDE 15","url":"https:\/\/www.latitude-15.com\/pt-br\/","logo":{"@type":"ImageObject","inLanguage":"pt-BR","@id":"https:\/\/www.latitude-15.com\/pt-br\/#\/schema\/logo\/image\/","url":"https:\/\/www.latitude-15.com\/wp-content\/uploads\/2026\/01\/cropped-logox500px.png","contentUrl":"https:\/\/www.latitude-15.com\/wp-content\/uploads\/2026\/01\/cropped-logox500px.png","width":62,"height":75,"caption":"LATITUDE 15"},"image":{"@id":"https:\/\/www.latitude-15.com\/pt-br\/#\/schema\/logo\/image\/"}},{"@type":"Person","@id":"https:\/\/www.latitude-15.com\/pt-br\/#\/schema\/person\/dac52e7ff44c78317f337da112e37252","name":"Joda J","image":{"@type":"ImageObject","inLanguage":"pt-BR","@id":"https:\/\/www.latitude-15.com\/pt-br\/#\/schema\/person\/image\/","url":"https:\/\/secure.gravatar.com\/avatar\/6b1feae555e15404b76616f92d931d12b25ac58024f14ccb43d9d3c012e4c4cf?s=96&d=mm&r=g","contentUrl":"https:\/\/secure.gravatar.com\/avatar\/6b1feae555e15404b76616f92d931d12b25ac58024f14ccb43d9d3c012e4c4cf?s=96&d=mm&r=g","caption":"Joda J"},"url":"https:\/\/www.latitude-15.com\/pt-br\/author\/joda\/"}]}},"_links":{"self":[{"href":"https:\/\/www.latitude-15.com\/pt-br\/wp-json\/wp\/v2\/posts\/21329","targetHints":{"allow":["GET"]}}],"collection":[{"href":"https:\/\/www.latitude-15.com\/pt-br\/wp-json\/wp\/v2\/posts"}],"about":[{"href":"https:\/\/www.latitude-15.com\/pt-br\/wp-json\/wp\/v2\/types\/post"}],"author":[{"embeddable":true,"href":"https:\/\/www.latitude-15.com\/pt-br\/wp-json\/wp\/v2\/users\/5"}],"replies":[{"embeddable":true,"href":"https:\/\/www.latitude-15.com\/pt-br\/wp-json\/wp\/v2\/comments?post=21329"}],"version-history":[{"count":1,"href":"https:\/\/www.latitude-15.com\/pt-br\/wp-json\/wp\/v2\/posts\/21329\/revisions"}],"predecessor-version":[{"id":21333,"href":"https:\/\/www.latitude-15.com\/pt-br\/wp-json\/wp\/v2\/posts\/21329\/revisions\/21333"}],"wp:featuredmedia":[{"embeddable":true,"href":"https:\/\/www.latitude-15.com\/pt-br\/wp-json\/wp\/v2\/media\/21328"}],"wp:attachment":[{"href":"https:\/\/www.latitude-15.com\/pt-br\/wp-json\/wp\/v2\/media?parent=21329"}],"wp:term":[{"taxonomy":"category","embeddable":true,"href":"https:\/\/www.latitude-15.com\/pt-br\/wp-json\/wp\/v2\/categories?post=21329"},{"taxonomy":"post_tag","embeddable":true,"href":"https:\/\/www.latitude-15.com\/pt-br\/wp-json\/wp\/v2\/tags?post=21329"}],"curies":[{"name":"wp","href":"https:\/\/api.w.org\/{rel}","templated":true}]}}