{"id":21262,"date":"2026-03-06T12:21:34","date_gmt":"2026-03-06T16:21:34","guid":{"rendered":"https:\/\/www.latitude-15.com\/guyana-amplia-capacidade-de-carga-aerea-enquanto-volumes-de-frete-quase-dobram-desde-2020\/"},"modified":"2026-03-09T03:44:03","modified_gmt":"2026-03-09T07:44:03","slug":"guyana-amplia-capacidade-de-carga-aerea-enquanto-volumes-de-frete-quase-dobram-desde-2020","status":"publish","type":"post","link":"https:\/\/www.latitude-15.com\/pt-br\/guyana-amplia-capacidade-de-carga-aerea-enquanto-volumes-de-frete-quase-dobram-desde-2020\/","title":{"rendered":"Guyana amplia capacidade de carga a\u00e9rea enquanto volumes de frete quase dobram desde 2020"},"content":{"rendered":"\n<p><em>O novo servi\u00e7o cargueiro semanal da Avianca para Miami adiciona 65 toneladas de capacidade enquanto a Guyana acelera sua estrat\u00e9gia de avia\u00e7\u00e3o e log\u00edstica.<\/em><\/p>\n\n<h2 class=\"wp-block-heading\">A carga a\u00e9rea surge como infraestrutura estrat\u00e9gica na expans\u00e3o econ\u00f4mica da Guyana<\/h2>\n\n<p>A carga a\u00e9rea est\u00e1 se tornando um componente cada vez mais estrat\u00e9gico na transforma\u00e7\u00e3o econ\u00f4mica da Guyana. \u00c0 medida que o pa\u00eds experimenta um crescimento acelerado em diversos setores, a log\u00edstica a\u00e9rea est\u00e1 evoluindo de uma fun\u00e7\u00e3o de apoio para um elemento essencial que viabiliza com\u00e9rcio, exporta\u00e7\u00f5es e integra\u00e7\u00e3o regional. <\/p>\n\n<p>De acordo com um an\u00fancio publicado pelo Ministry of Public Utilities and Aviation, o pa\u00eds est\u00e1 ampliando sua capacidade internacional de transporte de cargas com o lan\u00e7amento de um novo servi\u00e7o dedicado que liga diretamente a Guyana a Miami. A iniciativa reflete uma estrat\u00e9gia governamental mais ampla destinada a alinhar a infraestrutura de avia\u00e7\u00e3o com a r\u00e1pida expans\u00e3o da atividade econ\u00f4mica nacional. <\/p>\n\n<h2 class=\"wp-block-heading\">Uma nova liga\u00e7\u00e3o cargueira direta entre Guyana e Miami<\/h2>\n\n<p>O novo servi\u00e7o ser\u00e1 operado pela Avianca e est\u00e1 programado para iniciar opera\u00e7\u00f5es em 2 de mar\u00e7o de 2026. A rota conectar\u00e1 a Guyana a Miami por meio de um voo cargueiro semanal operado com um Airbus A330-243F. <\/p>\n\n<p>Cada rota\u00e7\u00e3o oferecer\u00e1 65 toneladas de capacidade dedicada de carga, criando um corredor log\u00edstico direto e confi\u00e1vel entre o mercado guianense e um dos mais importantes hubs log\u00edsticos das Am\u00e9ricas.<\/p>\n\n<p>Segundo Deodat Indar, a introdu\u00e7\u00e3o desse novo servi\u00e7o representa um marco nos esfor\u00e7os do pa\u00eds para modernizar sua infraestrutura de avia\u00e7\u00e3o e log\u00edstica. A capacidade adicional de carga foi projetada para apoiar tanto empresas quanto remetentes individuais, facilitando o transporte de mercadorias comerciais, exporta\u00e7\u00f5es agr\u00edcolas e remessas pessoais. <\/p>\n\n<h2 class=\"wp-block-heading\">Os volumes de carga refletem a r\u00e1pida transforma\u00e7\u00e3o econ\u00f4mica da Guyana<\/h2>\n\n<p>O lan\u00e7amento desse servi\u00e7o ocorre em um momento em que o setor de avia\u00e7\u00e3o da Guyana passa por uma expans\u00e3o significativa. Dados governamentais indicam que os volumes internacionais de carga quase dobraram desde 2020, evidenciando a magnitude da acelera\u00e7\u00e3o econ\u00f4mica do pa\u00eds e a crescente import\u00e2ncia da conectividade log\u00edstica. <\/p>\n\n<p>Esse aumento no transporte de mercadorias reflete a expans\u00e3o da demanda em diversos setores, incluindo agricultura, com\u00e9rcio e cadeias de suprimento industriais. \u00c0 medida que a economia cresce e a capacidade produtiva aumenta, a carga a\u00e9rea se torna um componente essencial da infraestrutura de com\u00e9rcio exterior da Guyana. <\/p>\n\n<h2 class=\"wp-block-heading\">Miami refor\u00e7a seu papel como porta de entrada estrat\u00e9gica para o com\u00e9rcio<\/h2>\n\n<p>A escolha de Miami como destino dessa nova rota cargueira destaca o papel da cidade como um dos principais hubs log\u00edsticos das Am\u00e9ricas. O Miami International Airport funciona como um dos principais centros de carga da regi\u00e3o, conectando a Am\u00e9rica do Norte, a Am\u00e9rica Latina e o Caribe por meio de extensas redes de transporte. <\/p>\n\n<p>Para os exportadores da Guyana, a conectividade direta com esse hub melhora significativamente o acesso aos mercados internacionais. A nova rota permite que produtos fabricados na Guyana alcancem redes globais de distribui\u00e7\u00e3o com maior rapidez, fortalecendo cadeias de suprimento e aumentando a efici\u00eancia das exporta\u00e7\u00f5es. <\/p>\n\n<h2 class=\"wp-block-heading\">A conectividade a\u00e9rea apoia a estrat\u00e9gia \u201cFood Basket of the Caribbean\u201d<\/h2>\n\n<p>A expans\u00e3o da capacidade de carga a\u00e9rea tamb\u00e9m est\u00e1 alinhada com as ambi\u00e7\u00f5es agr\u00edcolas mais amplas da Guyana. O governo tem reiterado seu objetivo de posicionar o pa\u00eds como o \u201cFood Basket of the Caribbean\u201d, ampliando a produ\u00e7\u00e3o agr\u00edcola e refor\u00e7ando a seguran\u00e7a alimentar regional. <\/p>\n\n<p>Uma log\u00edstica a\u00e9rea confi\u00e1vel desempenha papel fundamental nessa estrat\u00e9gia. Liga\u00e7\u00f5es cargueiras diretas permitem que produtores agr\u00edcolas e fabricantes enviem produtos rapidamente para mercados internacionais, especialmente no caso de mercadorias que exigem transporte r\u00e1pido. Dessa forma, a melhoria da conectividade a\u00e9rea torna-se uma ferramenta estrat\u00e9gica para apoiar tanto o desenvolvimento agr\u00edcola quanto a competitividade das exporta\u00e7\u00f5es.  <\/p>\n\n<h3 class=\"wp-block-heading\">Cheddi Jagan International Airport refor\u00e7a seu papel log\u00edstico<\/h3>\n\n<p>A iniciativa tamb\u00e9m fortalece o posicionamento estrat\u00e9gico do Cheddi Jagan International Airport como um hub log\u00edstico em expans\u00e3o no norte da Am\u00e9rica do Sul e no Caribe.<\/p>\n\n<p>Ao atrair companhias a\u00e9reas internacionais e ampliar a capacidade de carga, o governo busca transformar o aeroporto em um n\u00f3 central para fluxos comerciais e log\u00edsticos. O desenvolvimento de novas rotas cargueiras \u00e9 visto como um passo fundamental para construir um ecossistema de avia\u00e7\u00e3o mais robusto, capaz de acompanhar o novo perfil econ\u00f4mico da Guyana. <\/p>\n\n<h2 class=\"wp-block-heading\">Uma rede log\u00edstica que come\u00e7a a tomar forma<\/h2>\n\n<p>\u00c0 medida que a economia da Guyana continua a se expandir, a carga a\u00e9rea emerge como um componente vital de sua estrat\u00e9gia de infraestrutura. O lan\u00e7amento do novo servi\u00e7o cargueiro da Avianca ilustra como a conectividade a\u00e9rea \u00e9 cada vez mais vista n\u00e3o apenas como um servi\u00e7o de transporte, mas como um pilar estrat\u00e9gico do com\u00e9rcio e do desenvolvimento econ\u00f4mico. <\/p>\n\n<p>Com volumes de carga em crescimento e ambi\u00e7\u00f5es exportadoras cada vez maiores, o fortalecimento das liga\u00e7\u00f5es log\u00edsticas internacionais indica que a Guyana est\u00e1 se posicionando para desempenhar um papel mais relevante nas cadeias de suprimento regionais e globais.<\/p>\n","protected":false},"excerpt":{"rendered":"<p>O novo servi\u00e7o cargueiro semanal da Avianca para Miami adiciona 65 toneladas de capacidade enquanto a Guyana acelera sua estrat\u00e9gia de avia\u00e7\u00e3o e log\u00edstica. A carga a\u00e9rea surge como infraestrutura estrat\u00e9gica na expans\u00e3o econ\u00f4mica da Guyana A carga a\u00e9rea est\u00e1 se tornando um componente cada vez mais estrat\u00e9gico na transforma\u00e7\u00e3o econ\u00f4mica da Guyana. \u00c0 medida [&hellip;]<\/p>\n","protected":false},"author":5,"featured_media":0,"comment_status":"open","ping_status":"closed","sticky":false,"template":"","format":"standard","meta":{"footnotes":""},"categories":[104,98],"tags":[],"class_list":["post-21262","post","type-post","status-publish","format-standard","hentry","category-aeroportos-e-infraestrutura","category-aviacao"],"yoast_head":"<!-- This site is optimized with the Yoast SEO plugin v26.9 - https:\/\/yoast.com\/product\/yoast-seo-wordpress\/ -->\n<title>Guyana amplia capacidade de carga a\u00e9rea enquanto volumes de frete quase dobram desde 2020 - LATITUDE 15<\/title>\n<meta name=\"robots\" content=\"index, follow, max-snippet:-1, max-image-preview:large, max-video-preview:-1\" \/>\n<link rel=\"canonical\" href=\"https:\/\/www.latitude-15.com\/pt-br\/guyana-amplia-capacidade-de-carga-aerea-enquanto-volumes-de-frete-quase-dobram-desde-2020\/\" \/>\n<meta property=\"og:locale\" content=\"pt_BR\" \/>\n<meta property=\"og:type\" content=\"article\" \/>\n<meta property=\"og:title\" content=\"Guyana amplia capacidade de carga a\u00e9rea enquanto volumes de frete quase dobram desde 2020 - LATITUDE 15\" \/>\n<meta property=\"og:description\" content=\"O novo servi\u00e7o cargueiro semanal da Avianca para Miami adiciona 65 toneladas de capacidade enquanto a Guyana acelera sua estrat\u00e9gia de avia\u00e7\u00e3o e log\u00edstica. A carga a\u00e9rea surge como infraestrutura estrat\u00e9gica na expans\u00e3o econ\u00f4mica da Guyana A carga a\u00e9rea est\u00e1 se tornando um componente cada vez mais estrat\u00e9gico na transforma\u00e7\u00e3o econ\u00f4mica da Guyana. \u00c0 medida [&hellip;]\" \/>\n<meta property=\"og:url\" content=\"https:\/\/www.latitude-15.com\/pt-br\/guyana-amplia-capacidade-de-carga-aerea-enquanto-volumes-de-frete-quase-dobram-desde-2020\/\" \/>\n<meta property=\"og:site_name\" content=\"LATITUDE 15\" \/>\n<meta property=\"article:published_time\" content=\"2026-03-06T16:21:34+00:00\" \/>\n<meta property=\"article:modified_time\" content=\"2026-03-09T07:44:03+00:00\" \/>\n<meta property=\"og:image\" content=\"https:\/\/www.latitude-15.com\/wp-content\/uploads\/2026\/03\/gallery-nueva-imagen_0002-1.jpg\" \/>\n\t<meta property=\"og:image:width\" content=\"690\" \/>\n\t<meta property=\"og:image:height\" content=\"518\" \/>\n\t<meta property=\"og:image:type\" content=\"image\/jpeg\" \/>\n<meta name=\"author\" content=\"Joda J\" \/>\n<meta name=\"twitter:card\" content=\"summary_large_image\" \/>\n<meta name=\"twitter:label1\" content=\"Escrito por\" \/>\n\t<meta name=\"twitter:data1\" content=\"Joda J\" \/>\n\t<meta name=\"twitter:label2\" content=\"Est. tempo de leitura\" \/>\n\t<meta name=\"twitter:data2\" content=\"5 minutos\" \/>\n<script type=\"application\/ld+json\" class=\"yoast-schema-graph\">{\"@context\":\"https:\/\/schema.org\",\"@graph\":[{\"@type\":\"Article\",\"@id\":\"https:\/\/www.latitude-15.com\/pt-br\/guyana-amplia-capacidade-de-carga-aerea-enquanto-volumes-de-frete-quase-dobram-desde-2020\/#article\",\"isPartOf\":{\"@id\":\"https:\/\/www.latitude-15.com\/pt-br\/guyana-amplia-capacidade-de-carga-aerea-enquanto-volumes-de-frete-quase-dobram-desde-2020\/\"},\"author\":{\"name\":\"Joda J\",\"@id\":\"https:\/\/www.latitude-15.com\/pt-br\/#\/schema\/person\/dac52e7ff44c78317f337da112e37252\"},\"headline\":\"Guyana amplia capacidade de carga a\u00e9rea enquanto volumes de frete quase dobram desde 2020\",\"datePublished\":\"2026-03-06T16:21:34+00:00\",\"dateModified\":\"2026-03-09T07:44:03+00:00\",\"mainEntityOfPage\":{\"@id\":\"https:\/\/www.latitude-15.com\/pt-br\/guyana-amplia-capacidade-de-carga-aerea-enquanto-volumes-de-frete-quase-dobram-desde-2020\/\"},\"wordCount\":927,\"commentCount\":0,\"publisher\":{\"@id\":\"https:\/\/www.latitude-15.com\/pt-br\/#organization\"},\"articleSection\":[\"Aeroportos e infraestrutura\",\"AVIA\u00c7\u00c3O\"],\"inLanguage\":\"pt-BR\",\"potentialAction\":[{\"@type\":\"CommentAction\",\"name\":\"Comment\",\"target\":[\"https:\/\/www.latitude-15.com\/pt-br\/guyana-amplia-capacidade-de-carga-aerea-enquanto-volumes-de-frete-quase-dobram-desde-2020\/#respond\"]}]},{\"@type\":\"WebPage\",\"@id\":\"https:\/\/www.latitude-15.com\/pt-br\/guyana-amplia-capacidade-de-carga-aerea-enquanto-volumes-de-frete-quase-dobram-desde-2020\/\",\"url\":\"https:\/\/www.latitude-15.com\/pt-br\/guyana-amplia-capacidade-de-carga-aerea-enquanto-volumes-de-frete-quase-dobram-desde-2020\/\",\"name\":\"Guyana amplia capacidade de carga a\u00e9rea enquanto volumes de frete quase dobram desde 2020 - LATITUDE 15\",\"isPartOf\":{\"@id\":\"https:\/\/www.latitude-15.com\/pt-br\/#website\"},\"datePublished\":\"2026-03-06T16:21:34+00:00\",\"dateModified\":\"2026-03-09T07:44:03+00:00\",\"breadcrumb\":{\"@id\":\"https:\/\/www.latitude-15.com\/pt-br\/guyana-amplia-capacidade-de-carga-aerea-enquanto-volumes-de-frete-quase-dobram-desde-2020\/#breadcrumb\"},\"inLanguage\":\"pt-BR\",\"potentialAction\":[{\"@type\":\"ReadAction\",\"target\":[\"https:\/\/www.latitude-15.com\/pt-br\/guyana-amplia-capacidade-de-carga-aerea-enquanto-volumes-de-frete-quase-dobram-desde-2020\/\"]}]},{\"@type\":\"BreadcrumbList\",\"@id\":\"https:\/\/www.latitude-15.com\/pt-br\/guyana-amplia-capacidade-de-carga-aerea-enquanto-volumes-de-frete-quase-dobram-desde-2020\/#breadcrumb\",\"itemListElement\":[{\"@type\":\"ListItem\",\"position\":1,\"name\":\"Home\",\"item\":\"https:\/\/www.latitude-15.com\/pt-br\/inicio\/\"},{\"@type\":\"ListItem\",\"position\":2,\"name\":\"Guyana amplia capacidade de carga a\u00e9rea enquanto volumes de frete quase dobram desde 2020\"}]},{\"@type\":\"WebSite\",\"@id\":\"https:\/\/www.latitude-15.com\/pt-br\/#website\",\"url\":\"https:\/\/www.latitude-15.com\/pt-br\/\",\"name\":\"LATITUDE 15\",\"description\":\"Aviation and maritime Magazine - Caribbean &amp; Latin America\",\"publisher\":{\"@id\":\"https:\/\/www.latitude-15.com\/pt-br\/#organization\"},\"potentialAction\":[{\"@type\":\"SearchAction\",\"target\":{\"@type\":\"EntryPoint\",\"urlTemplate\":\"https:\/\/www.latitude-15.com\/pt-br\/?s={search_term_string}\"},\"query-input\":{\"@type\":\"PropertyValueSpecification\",\"valueRequired\":true,\"valueName\":\"search_term_string\"}}],\"inLanguage\":\"pt-BR\"},{\"@type\":\"Organization\",\"@id\":\"https:\/\/www.latitude-15.com\/pt-br\/#organization\",\"name\":\"LATITUDE 15\",\"url\":\"https:\/\/www.latitude-15.com\/pt-br\/\",\"logo\":{\"@type\":\"ImageObject\",\"inLanguage\":\"pt-BR\",\"@id\":\"https:\/\/www.latitude-15.com\/pt-br\/#\/schema\/logo\/image\/\",\"url\":\"https:\/\/www.latitude-15.com\/wp-content\/uploads\/2026\/01\/cropped-logox500px.png\",\"contentUrl\":\"https:\/\/www.latitude-15.com\/wp-content\/uploads\/2026\/01\/cropped-logox500px.png\",\"width\":62,\"height\":75,\"caption\":\"LATITUDE 15\"},\"image\":{\"@id\":\"https:\/\/www.latitude-15.com\/pt-br\/#\/schema\/logo\/image\/\"}},{\"@type\":\"Person\",\"@id\":\"https:\/\/www.latitude-15.com\/pt-br\/#\/schema\/person\/dac52e7ff44c78317f337da112e37252\",\"name\":\"Joda J\",\"image\":{\"@type\":\"ImageObject\",\"inLanguage\":\"pt-BR\",\"@id\":\"https:\/\/www.latitude-15.com\/pt-br\/#\/schema\/person\/image\/\",\"url\":\"https:\/\/secure.gravatar.com\/avatar\/6b1feae555e15404b76616f92d931d12b25ac58024f14ccb43d9d3c012e4c4cf?s=96&d=mm&r=g\",\"contentUrl\":\"https:\/\/secure.gravatar.com\/avatar\/6b1feae555e15404b76616f92d931d12b25ac58024f14ccb43d9d3c012e4c4cf?s=96&d=mm&r=g\",\"caption\":\"Joda J\"},\"url\":\"https:\/\/www.latitude-15.com\/pt-br\/author\/joda\/\"}]}<\/script>\n<!-- \/ Yoast SEO plugin. -->","yoast_head_json":{"title":"Guyana amplia capacidade de carga a\u00e9rea enquanto volumes de frete quase dobram desde 2020 - LATITUDE 15","robots":{"index":"index","follow":"follow","max-snippet":"max-snippet:-1","max-image-preview":"max-image-preview:large","max-video-preview":"max-video-preview:-1"},"canonical":"https:\/\/www.latitude-15.com\/pt-br\/guyana-amplia-capacidade-de-carga-aerea-enquanto-volumes-de-frete-quase-dobram-desde-2020\/","og_locale":"pt_BR","og_type":"article","og_title":"Guyana amplia capacidade de carga a\u00e9rea enquanto volumes de frete quase dobram desde 2020 - LATITUDE 15","og_description":"O novo servi\u00e7o cargueiro semanal da Avianca para Miami adiciona 65 toneladas de capacidade enquanto a Guyana acelera sua estrat\u00e9gia de avia\u00e7\u00e3o e log\u00edstica. A carga a\u00e9rea surge como infraestrutura estrat\u00e9gica na expans\u00e3o econ\u00f4mica da Guyana A carga a\u00e9rea est\u00e1 se tornando um componente cada vez mais estrat\u00e9gico na transforma\u00e7\u00e3o econ\u00f4mica da Guyana. \u00c0 medida [&hellip;]","og_url":"https:\/\/www.latitude-15.com\/pt-br\/guyana-amplia-capacidade-de-carga-aerea-enquanto-volumes-de-frete-quase-dobram-desde-2020\/","og_site_name":"LATITUDE 15","article_published_time":"2026-03-06T16:21:34+00:00","article_modified_time":"2026-03-09T07:44:03+00:00","og_image":[{"width":690,"height":518,"url":"https:\/\/www.latitude-15.com\/wp-content\/uploads\/2026\/03\/gallery-nueva-imagen_0002-1.jpg","type":"image\/jpeg"}],"author":"Joda J","twitter_card":"summary_large_image","twitter_misc":{"Escrito por":"Joda J","Est. tempo de leitura":"5 minutos"},"schema":{"@context":"https:\/\/schema.org","@graph":[{"@type":"Article","@id":"https:\/\/www.latitude-15.com\/pt-br\/guyana-amplia-capacidade-de-carga-aerea-enquanto-volumes-de-frete-quase-dobram-desde-2020\/#article","isPartOf":{"@id":"https:\/\/www.latitude-15.com\/pt-br\/guyana-amplia-capacidade-de-carga-aerea-enquanto-volumes-de-frete-quase-dobram-desde-2020\/"},"author":{"name":"Joda J","@id":"https:\/\/www.latitude-15.com\/pt-br\/#\/schema\/person\/dac52e7ff44c78317f337da112e37252"},"headline":"Guyana amplia capacidade de carga a\u00e9rea enquanto volumes de frete quase dobram desde 2020","datePublished":"2026-03-06T16:21:34+00:00","dateModified":"2026-03-09T07:44:03+00:00","mainEntityOfPage":{"@id":"https:\/\/www.latitude-15.com\/pt-br\/guyana-amplia-capacidade-de-carga-aerea-enquanto-volumes-de-frete-quase-dobram-desde-2020\/"},"wordCount":927,"commentCount":0,"publisher":{"@id":"https:\/\/www.latitude-15.com\/pt-br\/#organization"},"articleSection":["Aeroportos e infraestrutura","AVIA\u00c7\u00c3O"],"inLanguage":"pt-BR","potentialAction":[{"@type":"CommentAction","name":"Comment","target":["https:\/\/www.latitude-15.com\/pt-br\/guyana-amplia-capacidade-de-carga-aerea-enquanto-volumes-de-frete-quase-dobram-desde-2020\/#respond"]}]},{"@type":"WebPage","@id":"https:\/\/www.latitude-15.com\/pt-br\/guyana-amplia-capacidade-de-carga-aerea-enquanto-volumes-de-frete-quase-dobram-desde-2020\/","url":"https:\/\/www.latitude-15.com\/pt-br\/guyana-amplia-capacidade-de-carga-aerea-enquanto-volumes-de-frete-quase-dobram-desde-2020\/","name":"Guyana amplia capacidade de carga a\u00e9rea enquanto volumes de frete quase dobram desde 2020 - LATITUDE 15","isPartOf":{"@id":"https:\/\/www.latitude-15.com\/pt-br\/#website"},"datePublished":"2026-03-06T16:21:34+00:00","dateModified":"2026-03-09T07:44:03+00:00","breadcrumb":{"@id":"https:\/\/www.latitude-15.com\/pt-br\/guyana-amplia-capacidade-de-carga-aerea-enquanto-volumes-de-frete-quase-dobram-desde-2020\/#breadcrumb"},"inLanguage":"pt-BR","potentialAction":[{"@type":"ReadAction","target":["https:\/\/www.latitude-15.com\/pt-br\/guyana-amplia-capacidade-de-carga-aerea-enquanto-volumes-de-frete-quase-dobram-desde-2020\/"]}]},{"@type":"BreadcrumbList","@id":"https:\/\/www.latitude-15.com\/pt-br\/guyana-amplia-capacidade-de-carga-aerea-enquanto-volumes-de-frete-quase-dobram-desde-2020\/#breadcrumb","itemListElement":[{"@type":"ListItem","position":1,"name":"Home","item":"https:\/\/www.latitude-15.com\/pt-br\/inicio\/"},{"@type":"ListItem","position":2,"name":"Guyana amplia capacidade de carga a\u00e9rea enquanto volumes de frete quase dobram desde 2020"}]},{"@type":"WebSite","@id":"https:\/\/www.latitude-15.com\/pt-br\/#website","url":"https:\/\/www.latitude-15.com\/pt-br\/","name":"LATITUDE 15","description":"Aviation and maritime Magazine - Caribbean &amp; Latin America","publisher":{"@id":"https:\/\/www.latitude-15.com\/pt-br\/#organization"},"potentialAction":[{"@type":"SearchAction","target":{"@type":"EntryPoint","urlTemplate":"https:\/\/www.latitude-15.com\/pt-br\/?s={search_term_string}"},"query-input":{"@type":"PropertyValueSpecification","valueRequired":true,"valueName":"search_term_string"}}],"inLanguage":"pt-BR"},{"@type":"Organization","@id":"https:\/\/www.latitude-15.com\/pt-br\/#organization","name":"LATITUDE 15","url":"https:\/\/www.latitude-15.com\/pt-br\/","logo":{"@type":"ImageObject","inLanguage":"pt-BR","@id":"https:\/\/www.latitude-15.com\/pt-br\/#\/schema\/logo\/image\/","url":"https:\/\/www.latitude-15.com\/wp-content\/uploads\/2026\/01\/cropped-logox500px.png","contentUrl":"https:\/\/www.latitude-15.com\/wp-content\/uploads\/2026\/01\/cropped-logox500px.png","width":62,"height":75,"caption":"LATITUDE 15"},"image":{"@id":"https:\/\/www.latitude-15.com\/pt-br\/#\/schema\/logo\/image\/"}},{"@type":"Person","@id":"https:\/\/www.latitude-15.com\/pt-br\/#\/schema\/person\/dac52e7ff44c78317f337da112e37252","name":"Joda J","image":{"@type":"ImageObject","inLanguage":"pt-BR","@id":"https:\/\/www.latitude-15.com\/pt-br\/#\/schema\/person\/image\/","url":"https:\/\/secure.gravatar.com\/avatar\/6b1feae555e15404b76616f92d931d12b25ac58024f14ccb43d9d3c012e4c4cf?s=96&d=mm&r=g","contentUrl":"https:\/\/secure.gravatar.com\/avatar\/6b1feae555e15404b76616f92d931d12b25ac58024f14ccb43d9d3c012e4c4cf?s=96&d=mm&r=g","caption":"Joda J"},"url":"https:\/\/www.latitude-15.com\/pt-br\/author\/joda\/"}]}},"_links":{"self":[{"href":"https:\/\/www.latitude-15.com\/pt-br\/wp-json\/wp\/v2\/posts\/21262","targetHints":{"allow":["GET"]}}],"collection":[{"href":"https:\/\/www.latitude-15.com\/pt-br\/wp-json\/wp\/v2\/posts"}],"about":[{"href":"https:\/\/www.latitude-15.com\/pt-br\/wp-json\/wp\/v2\/types\/post"}],"author":[{"embeddable":true,"href":"https:\/\/www.latitude-15.com\/pt-br\/wp-json\/wp\/v2\/users\/5"}],"replies":[{"embeddable":true,"href":"https:\/\/www.latitude-15.com\/pt-br\/wp-json\/wp\/v2\/comments?post=21262"}],"version-history":[{"count":2,"href":"https:\/\/www.latitude-15.com\/pt-br\/wp-json\/wp\/v2\/posts\/21262\/revisions"}],"predecessor-version":[{"id":21266,"href":"https:\/\/www.latitude-15.com\/pt-br\/wp-json\/wp\/v2\/posts\/21262\/revisions\/21266"}],"wp:attachment":[{"href":"https:\/\/www.latitude-15.com\/pt-br\/wp-json\/wp\/v2\/media?parent=21262"}],"wp:term":[{"taxonomy":"category","embeddable":true,"href":"https:\/\/www.latitude-15.com\/pt-br\/wp-json\/wp\/v2\/categories?post=21262"},{"taxonomy":"post_tag","embeddable":true,"href":"https:\/\/www.latitude-15.com\/pt-br\/wp-json\/wp\/v2\/tags?post=21262"}],"curies":[{"name":"wp","href":"https:\/\/api.w.org\/{rel}","templated":true}]}}