{"id":21141,"date":"2026-03-04T12:21:12","date_gmt":"2026-03-04T16:21:12","guid":{"rendered":"https:\/\/www.latitude-15.com\/aeroporto-de-cayenne-prepara-sua-proxima-fase-de-desenvolvimento-sob-um-novo-contrato-de-regulacao-economica\/"},"modified":"2026-03-05T03:49:43","modified_gmt":"2026-03-05T07:49:43","slug":"aeroporto-de-cayenne-prepara-sua-proxima-fase-de-desenvolvimento-sob-um-novo-contrato-de-regulacao-economica","status":"publish","type":"post","link":"https:\/\/www.latitude-15.com\/pt-br\/aeroporto-de-cayenne-prepara-sua-proxima-fase-de-desenvolvimento-sob-um-novo-contrato-de-regulacao-economica\/","title":{"rendered":"Aeroporto de Cayenne prepara sua pr\u00f3xima fase de desenvolvimento sob um novo Contrato de Regula\u00e7\u00e3o Econ\u00f4mica"},"content":{"rendered":"\n<p>Na Guiana Francesa, o transporte a\u00e9reo n\u00e3o \u00e9 apenas uma op\u00e7\u00e3o de mobilidade \u2014 ele constitui um elemento estrutural da conectividade territorial. Localizado na borda norte da bacia amaz\u00f4nica e geograficamente isolado da Fran\u00e7a continental, o territ\u00f3rio depende fortemente da avia\u00e7\u00e3o para garantir a mobilidade de passageiros, os interc\u00e2mbios econ\u00f4micos e as conex\u00f5es log\u00edsticas tanto com a Europa quanto com os pa\u00edses vizinhos da Am\u00e9rica do Sul. No centro desse sistema est\u00e1 o Aeroporto Internacional Cayenne \u2013 F\u00e9lix \u00c9bou\u00e9, principal porta de entrada a\u00e9rea do territ\u00f3rio.  <\/p>\n\n<p>\u00c0 medida que o tr\u00e1fego se estabiliza gradualmente ap\u00f3s o impacto da pandemia de COVID-19, o aeroporto entra agora em uma nova fase de desenvolvimento. A prepara\u00e7\u00e3o do Contrato de Regula\u00e7\u00e3o Econ\u00f4mica (CRE) para o per\u00edodo 2027-2031, firmado entre o Estado franc\u00eas e a Soci\u00e9t\u00e9 Concessionnaire de l\u2019A\u00e9roport de Cayenne F\u00e9lix \u00c9bou\u00e9 (SCAC), define o quadro estrat\u00e9gico que orientar\u00e1 o desempenho econ\u00f4mico da plataforma, os investimentos em infraestrutura e os objetivos de qualidade de servi\u00e7o ao longo dos pr\u00f3ximos cinco anos.  <\/p>\n\n<p>Mais do que um instrumento regulat\u00f3rio, o contrato funciona, na pr\u00e1tica, como um roteiro para a moderniza\u00e7\u00e3o da principal infraestrutura a\u00e9rea do territ\u00f3rio.<\/p>\n\n<h2 class=\"wp-block-heading\">Um novo quadro de governan\u00e7a ap\u00f3s a concess\u00e3o aeroportu\u00e1ria<\/h2>\n\n<p>A prepara\u00e7\u00e3o do CRE ocorre ap\u00f3s a assinatura de um novo contrato de concess\u00e3o entre o Estado franc\u00eas e a SCAC, em 23 de setembro de 2025, com entrada em vigor em 1\u00ba de outubro de 2025. O contrato de regula\u00e7\u00e3o complementa essa concess\u00e3o ao definir a trajet\u00f3ria econ\u00f4mica do aeroporto para o per\u00edodo 2027-2031, incluindo a evolu\u00e7\u00e3o tarif\u00e1ria, compromissos de investimento, metas de desempenho operacional e objetivos ambientais. <\/p>\n\n<p>Os Contrats de R\u00e9gulation \u00c9conomique constituem um instrumento tradicional de governan\u00e7a dentro do sistema aeroportu\u00e1rio franc\u00eas. Seu objetivo \u00e9 estabelecer um equil\u00edbrio entre operadores aeroportu\u00e1rios, companhias a\u00e9reas e autoridades p\u00fablicas, vinculando a evolu\u00e7\u00e3o das tarifas aeroportu\u00e1rias a investimentos em infraestrutura, efici\u00eancia operacional e indicadores de qualidade de servi\u00e7o. <\/p>\n\n<p>Para o Aeroporto de Cayenne, o contrato tamb\u00e9m estabelece um referencial financeiro por meio de uma taxa-alvo de custo m\u00e9dio ponderado de capital (WACC) de 6,24%, refletindo o retorno esperado sobre o capital investido nas atividades aeroportu\u00e1rias reguladas.<\/p>\n\n<p>Esse mecanismo busca garantir que a moderniza\u00e7\u00e3o da infraestrutura permane\u00e7a financeiramente sustent\u00e1vel, ao mesmo tempo em que mant\u00e9m previsibilidade nas tarifas aeroportu\u00e1rias para as companhias a\u00e9reas.<\/p>\n\n<h2 class=\"wp-block-heading\">Uma recupera\u00e7\u00e3o do tr\u00e1fego ainda marcada por depend\u00eancias estruturais<\/h2>\n\n<p>Assim como muitos aeroportos do Caribe e de territ\u00f3rios ultramarinos, o Aeroporto de Cayenne foi fortemente impactado pela pandemia. Embora o volume de passageiros venha se recuperando gradualmente desde 2022, a plataforma ainda n\u00e3o havia retornado completamente aos n\u00edveis pr\u00e9-crise em 2024. <\/p>\n\n<p>O tr\u00e1fego atingiu 89% do n\u00edvel de 2019 em 2024, subindo para cerca de 96% em 2025. <\/p>\n\n<p>Historicamente, o crescimento do aeroporto foi moderado, por\u00e9m relativamente est\u00e1vel. Entre 2010 e 2025, o tr\u00e1fego de passageiros cresceu em m\u00e9dia 1,8% ao ano, com expans\u00e3o mais significativa entre 2010 e 2016, seguida por uma fase de estabiliza\u00e7\u00e3o e posterior retra\u00e7\u00e3o durante o per\u00edodo da pandemia.  <\/p>\n\n<p>A estrutura do tr\u00e1fego permanece fortemente concentrada em um n\u00famero limitado de rotas. Os voos que conectam a Guiana Francesa \u00e0 Fran\u00e7a continental representam cerca de 64% do tr\u00e1fego total de passageiros. As liga\u00e7\u00f5es com o Caribe franc\u00eas correspondem a aproximadamente 23%, enquanto os voos dom\u00e9sticos dentro da Guiana Francesa representam menos de 10%, um segmento enfraquecido ap\u00f3s o colapso da companhia regional Air Guyane.   <\/p>\n\n<p>As conex\u00f5es internacionais representam atualmente apenas uma parcela marginal do tr\u00e1fego, refletindo a orienta\u00e7\u00e3o hist\u00f3rica do aeroporto para rotas dom\u00e9sticas e metropolitanas.<\/p>\n\n<h2 class=\"wp-block-heading\">Uma trajet\u00f3ria de crescimento que exige adapta\u00e7\u00e3o da infraestrutura<\/h2>\n\n<p>Apesar de a recupera\u00e7\u00e3o p\u00f3s-pandemia ainda n\u00e3o estar totalmente conclu\u00edda, as proje\u00e7\u00f5es indicam uma fase de crescimento mais robusta nos pr\u00f3ximos anos. O operador aeroportu\u00e1rio prev\u00ea uma expans\u00e3o m\u00e9dia do tr\u00e1fego de 4,5% ao ano entre 2027 e 2031, o que poderia elevar o n\u00famero de passageiros para cerca de 710 mil at\u00e9 o final da d\u00e9cada.  <\/p>\n\n<p>Esse crescimento dever\u00e1 ser impulsionado n\u00e3o apenas pela demanda cont\u00ednua por voos para a Fran\u00e7a continental, mas tamb\u00e9m pelo desenvolvimento gradual de conex\u00f5es regionais.<\/p>\n\n<p>A abertura potencial de rotas para Brasil, Suriname e Guiana poderia ampliar a conectividade regional do aeroporto e reduzir a depend\u00eancia atual do tr\u00e1fego metropolitano.<\/p>\n\n<p>Entretanto, acomodar esse crescimento exigir\u00e1 melhorias significativas na infraestrutura aeroportu\u00e1ria, especialmente no terminal de passageiros, onde v\u00e1rios processos operacionais j\u00e1 se aproximam de seus limites de capacidade durante os hor\u00e1rios de pico.<\/p>\n\n<h2 class=\"wp-block-heading\">Um programa de investimentos de \u20ac70 milh\u00f5es para modernizar a plataforma<br\/><\/h2>\n\n<p>Para apoiar essa nova fase de desenvolvimento, o contrato de regula\u00e7\u00e3o inclui um amplo programa de investimentos voltado \u00e0 moderniza\u00e7\u00e3o das infraestruturas operacionais e das instala\u00e7\u00f5es para passageiros.<\/p>\n\n<p>Os compromissos iniciais totalizam cerca de \u20ac70,6 milh\u00f5es entre 2027 e 2031, direcionados a diversos componentes estrat\u00e9gicos da plataforma aeroportu\u00e1ria. <\/p>\n\n<p>Um dos projetos centrais envolve a reconfigura\u00e7\u00e3o do terminal de passageiros. O programa prev\u00ea a reorganiza\u00e7\u00e3o dos fluxos dentro do terminal, a cria\u00e7\u00e3o de novas \u00e1reas operacionais e a reestrutura\u00e7\u00e3o dos processos de seguran\u00e7a e embarque. O objetivo \u00e9 aproximar o terminal dos padr\u00f5es de servi\u00e7o IATA \u201cOptimum\u201d, reduzindo gargalos atualmente observados nas \u00e1reas p\u00fablicas, nos controles de seguran\u00e7a e nas zonas de embarque.   <\/p>\n\n<p>Al\u00e9m do terminal, diversas melhorias est\u00e3o previstas no lado ar (airside). Entre elas est\u00e3o a reconstru\u00e7\u00e3o das posi\u00e7\u00f5es de estacionamento de aeronaves P1 e P2, a eletrifica\u00e7\u00e3o dos stands de contato e a moderniza\u00e7\u00e3o da \u00e1rea de avia\u00e7\u00e3o geral. Programas de manuten\u00e7\u00e3o da pista e das taxiways tamb\u00e9m est\u00e3o planejados para garantir a confiabilidade operacional a longo prazo.  <\/p>\n\n<p>A infraestrutura de seguran\u00e7a tamb\u00e9m ser\u00e1 refor\u00e7ada. Os servi\u00e7os de salvamento e combate a inc\u00eandio em aeronaves (SSLIA) enfrentam atualmente limita\u00e7\u00f5es operacionais devido \u00e0s restri\u00e7\u00f5es de acesso ao campo de avia\u00e7\u00e3o. Por isso, ser\u00e1 criada uma nova via de acesso dedicada \u00e0 pista, garantindo conformidade com os padr\u00f5es europeus de resposta a emerg\u00eancias que exigem interven\u00e7\u00e3o em menos de tr\u00eas minutos.   <\/p>\n\n<p>Outros investimentos incluir\u00e3o a moderniza\u00e7\u00e3o das instala\u00e7\u00f5es t\u00e9cnicas, o refor\u00e7o da seguran\u00e7a perimetral e a atualiza\u00e7\u00e3o dos sistemas el\u00e9tricos do aeroporto.<\/p>\n\n<h2 class=\"wp-block-heading\">Melhorando a experi\u00eancia do passageiro e os servi\u00e7os aeroportu\u00e1rios<\/h2>\n\n<p>Outro eixo do programa de moderniza\u00e7\u00e3o diz respeito \u00e0 melhoria da experi\u00eancia dos passageiros.<\/p>\n\n<p>A reconfigura\u00e7\u00e3o do terminal permitir\u00e1 a cria\u00e7\u00e3o de novas \u00e1reas comerciais, incluindo um espa\u00e7o duty-free de aproximadamente 300 metros quadrados, al\u00e9m de melhorar a circula\u00e7\u00e3o entre os controles de seguran\u00e7a, imigra\u00e7\u00e3o e \u00e1reas de embarque.<br\/> <\/p>\n\n<p>Novas instala\u00e7\u00f5es tamb\u00e9m ser\u00e3o implementadas fora do terminal. Um edif\u00edcio dedicado \u00e0s locadoras de ve\u00edculos acomodar\u00e1 as onze empresas atualmente presentes no aeroporto, enquanto um novo pr\u00e9dio administrativo reunir\u00e1 fun\u00e7\u00f5es que hoje se encontram dentro do terminal. Essas mudan\u00e7as t\u00eam como objetivo liberar espa\u00e7o no terminal e tornar mais eficiente o processamento de passageiros.  <\/p>\n\n<p>Em conjunto, essas transforma\u00e7\u00f5es visam adaptar o aeroporto ao aumento gradual dos fluxos internacionais e regionais, ao mesmo tempo em que elevam os padr\u00f5es de qualidade de servi\u00e7o.<\/p>\n\n<h2 class=\"wp-block-heading\">Uma infraestrutura estrat\u00e9gica para o desenvolvimento da Guiana Francesa<\/h2>\n\n<p>Al\u00e9m de sua fun\u00e7\u00e3o aeroportu\u00e1ria, o Aeroporto de Cayenne desempenha um papel central no ecossistema econ\u00f4mico da Guiana Francesa. Como principal porta de entrada a\u00e9rea do territ\u00f3rio, a plataforma apoia a mobilidade da popula\u00e7\u00e3o, o turismo, a log\u00edstica e diversos servi\u00e7os p\u00fablicos. O aeroporto tamb\u00e9m atende \u00e0s necessidades operacionais do Centre Spatial Guyanais (CSG), um dos mais importantes centros de lan\u00e7amento espacial da Europa. <\/p>\n\n<p>O programa de moderniza\u00e7\u00e3o previsto no futuro contrato de regula\u00e7\u00e3o, portanto, vai al\u00e9m de uma simples atualiza\u00e7\u00e3o de infraestrutura. Ele representa um esfor\u00e7o estrat\u00e9gico para alinhar a capacidade operacional do aeroporto com as perspectivas de desenvolvimento econ\u00f4mico de longo prazo do territ\u00f3rio. <\/p>\n\n<p>Em regi\u00f5es isoladas ou insulares, onde o transporte a\u00e9reo permanece essencial para a conectividade, a pr\u00f3xima fase de desenvolvimento do Aeroporto Internacional Cayenne \u2013 F\u00e9lix \u00c9bou\u00e9 poder\u00e1 desempenhar um papel fundamental no fortalecimento das liga\u00e7\u00f5es da Guiana Francesa tanto com a Europa quanto com seus vizinhos sul-americanos.<\/p>\n\n<p>Por meio do CRE 2027-2031, o aeroporto busca posicionar-se para acompanhar a evolu\u00e7\u00e3o do panorama regional da avia\u00e7\u00e3o, mantendo ao mesmo tempo seu papel central no sistema de transportes da Guiana Francesa.<\/p>\n","protected":false},"excerpt":{"rendered":"<p>Na Guiana Francesa, o transporte a\u00e9reo n\u00e3o \u00e9 apenas uma op\u00e7\u00e3o de mobilidade \u2014 ele constitui um elemento estrutural da conectividade territorial. Localizado na borda norte da bacia amaz\u00f4nica e geograficamente isolado da Fran\u00e7a continental, o territ\u00f3rio depende fortemente da avia\u00e7\u00e3o para garantir a mobilidade de passageiros, os interc\u00e2mbios econ\u00f4micos e as conex\u00f5es log\u00edsticas tanto [&hellip;]<\/p>\n","protected":false},"author":5,"featured_media":21140,"comment_status":"open","ping_status":"closed","sticky":false,"template":"","format":"standard","meta":{"footnotes":""},"categories":[104,98],"tags":[],"class_list":["post-21141","post","type-post","status-publish","format-standard","has-post-thumbnail","hentry","category-aeroportos-e-infraestrutura","category-aviacao"],"yoast_head":"<!-- This site is optimized with the Yoast SEO plugin v26.9 - https:\/\/yoast.com\/product\/yoast-seo-wordpress\/ -->\n<title>Aeroporto de Cayenne prepara sua pr\u00f3xima fase de desenvolvimento sob um novo Contrato de Regula\u00e7\u00e3o Econ\u00f4mica - LATITUDE 15<\/title>\n<meta name=\"robots\" content=\"index, follow, max-snippet:-1, max-image-preview:large, max-video-preview:-1\" \/>\n<link rel=\"canonical\" href=\"https:\/\/www.latitude-15.com\/pt-br\/aeroporto-de-cayenne-prepara-sua-proxima-fase-de-desenvolvimento-sob-um-novo-contrato-de-regulacao-economica\/\" \/>\n<meta property=\"og:locale\" content=\"pt_BR\" \/>\n<meta property=\"og:type\" content=\"article\" \/>\n<meta property=\"og:title\" content=\"Aeroporto de Cayenne prepara sua pr\u00f3xima fase de desenvolvimento sob um novo Contrato de Regula\u00e7\u00e3o Econ\u00f4mica - LATITUDE 15\" \/>\n<meta property=\"og:description\" content=\"Na Guiana Francesa, o transporte a\u00e9reo n\u00e3o \u00e9 apenas uma op\u00e7\u00e3o de mobilidade \u2014 ele constitui um elemento estrutural da conectividade territorial. Localizado na borda norte da bacia amaz\u00f4nica e geograficamente isolado da Fran\u00e7a continental, o territ\u00f3rio depende fortemente da avia\u00e7\u00e3o para garantir a mobilidade de passageiros, os interc\u00e2mbios econ\u00f4micos e as conex\u00f5es log\u00edsticas tanto [&hellip;]\" \/>\n<meta property=\"og:url\" content=\"https:\/\/www.latitude-15.com\/pt-br\/aeroporto-de-cayenne-prepara-sua-proxima-fase-de-desenvolvimento-sob-um-novo-contrato-de-regulacao-economica\/\" \/>\n<meta property=\"og:site_name\" content=\"LATITUDE 15\" \/>\n<meta property=\"article:published_time\" content=\"2026-03-04T16:21:12+00:00\" \/>\n<meta property=\"article:modified_time\" content=\"2026-03-05T07:49:43+00:00\" \/>\n<meta property=\"og:image\" content=\"https:\/\/www.latitude-15.com\/wp-content\/uploads\/2026\/03\/Cayenne_-_Rochambeau_CAY_-_SOCA_AN1559311.jpg\" \/>\n\t<meta property=\"og:image:width\" content=\"1182\" \/>\n\t<meta property=\"og:image:height\" content=\"799\" \/>\n\t<meta property=\"og:image:type\" content=\"image\/jpeg\" \/>\n<meta name=\"author\" content=\"Joda J\" \/>\n<meta name=\"twitter:card\" content=\"summary_large_image\" \/>\n<meta name=\"twitter:label1\" content=\"Escrito por\" \/>\n\t<meta name=\"twitter:data1\" content=\"Joda J\" \/>\n\t<meta name=\"twitter:label2\" content=\"Est. tempo de leitura\" \/>\n\t<meta name=\"twitter:data2\" content=\"8 minutos\" \/>\n<script type=\"application\/ld+json\" class=\"yoast-schema-graph\">{\"@context\":\"https:\/\/schema.org\",\"@graph\":[{\"@type\":\"Article\",\"@id\":\"https:\/\/www.latitude-15.com\/pt-br\/aeroporto-de-cayenne-prepara-sua-proxima-fase-de-desenvolvimento-sob-um-novo-contrato-de-regulacao-economica\/#article\",\"isPartOf\":{\"@id\":\"https:\/\/www.latitude-15.com\/pt-br\/aeroporto-de-cayenne-prepara-sua-proxima-fase-de-desenvolvimento-sob-um-novo-contrato-de-regulacao-economica\/\"},\"author\":{\"name\":\"Joda J\",\"@id\":\"https:\/\/www.latitude-15.com\/pt-br\/#\/schema\/person\/dac52e7ff44c78317f337da112e37252\"},\"headline\":\"Aeroporto de Cayenne prepara sua pr\u00f3xima fase de desenvolvimento sob um novo Contrato de Regula\u00e7\u00e3o Econ\u00f4mica\",\"datePublished\":\"2026-03-04T16:21:12+00:00\",\"dateModified\":\"2026-03-05T07:49:43+00:00\",\"mainEntityOfPage\":{\"@id\":\"https:\/\/www.latitude-15.com\/pt-br\/aeroporto-de-cayenne-prepara-sua-proxima-fase-de-desenvolvimento-sob-um-novo-contrato-de-regulacao-economica\/\"},\"wordCount\":1530,\"commentCount\":0,\"publisher\":{\"@id\":\"https:\/\/www.latitude-15.com\/pt-br\/#organization\"},\"image\":{\"@id\":\"https:\/\/www.latitude-15.com\/pt-br\/aeroporto-de-cayenne-prepara-sua-proxima-fase-de-desenvolvimento-sob-um-novo-contrato-de-regulacao-economica\/#primaryimage\"},\"thumbnailUrl\":\"https:\/\/www.latitude-15.com\/wp-content\/uploads\/2026\/03\/Cayenne_-_Rochambeau_CAY_-_SOCA_AN1559311.jpg\",\"articleSection\":[\"Aeroportos e infraestrutura\",\"AVIA\u00c7\u00c3O\"],\"inLanguage\":\"pt-BR\",\"potentialAction\":[{\"@type\":\"CommentAction\",\"name\":\"Comment\",\"target\":[\"https:\/\/www.latitude-15.com\/pt-br\/aeroporto-de-cayenne-prepara-sua-proxima-fase-de-desenvolvimento-sob-um-novo-contrato-de-regulacao-economica\/#respond\"]}]},{\"@type\":\"WebPage\",\"@id\":\"https:\/\/www.latitude-15.com\/pt-br\/aeroporto-de-cayenne-prepara-sua-proxima-fase-de-desenvolvimento-sob-um-novo-contrato-de-regulacao-economica\/\",\"url\":\"https:\/\/www.latitude-15.com\/pt-br\/aeroporto-de-cayenne-prepara-sua-proxima-fase-de-desenvolvimento-sob-um-novo-contrato-de-regulacao-economica\/\",\"name\":\"Aeroporto de Cayenne prepara sua pr\u00f3xima fase de desenvolvimento sob um novo Contrato de Regula\u00e7\u00e3o Econ\u00f4mica - LATITUDE 15\",\"isPartOf\":{\"@id\":\"https:\/\/www.latitude-15.com\/pt-br\/#website\"},\"primaryImageOfPage\":{\"@id\":\"https:\/\/www.latitude-15.com\/pt-br\/aeroporto-de-cayenne-prepara-sua-proxima-fase-de-desenvolvimento-sob-um-novo-contrato-de-regulacao-economica\/#primaryimage\"},\"image\":{\"@id\":\"https:\/\/www.latitude-15.com\/pt-br\/aeroporto-de-cayenne-prepara-sua-proxima-fase-de-desenvolvimento-sob-um-novo-contrato-de-regulacao-economica\/#primaryimage\"},\"thumbnailUrl\":\"https:\/\/www.latitude-15.com\/wp-content\/uploads\/2026\/03\/Cayenne_-_Rochambeau_CAY_-_SOCA_AN1559311.jpg\",\"datePublished\":\"2026-03-04T16:21:12+00:00\",\"dateModified\":\"2026-03-05T07:49:43+00:00\",\"breadcrumb\":{\"@id\":\"https:\/\/www.latitude-15.com\/pt-br\/aeroporto-de-cayenne-prepara-sua-proxima-fase-de-desenvolvimento-sob-um-novo-contrato-de-regulacao-economica\/#breadcrumb\"},\"inLanguage\":\"pt-BR\",\"potentialAction\":[{\"@type\":\"ReadAction\",\"target\":[\"https:\/\/www.latitude-15.com\/pt-br\/aeroporto-de-cayenne-prepara-sua-proxima-fase-de-desenvolvimento-sob-um-novo-contrato-de-regulacao-economica\/\"]}]},{\"@type\":\"ImageObject\",\"inLanguage\":\"pt-BR\",\"@id\":\"https:\/\/www.latitude-15.com\/pt-br\/aeroporto-de-cayenne-prepara-sua-proxima-fase-de-desenvolvimento-sob-um-novo-contrato-de-regulacao-economica\/#primaryimage\",\"url\":\"https:\/\/www.latitude-15.com\/wp-content\/uploads\/2026\/03\/Cayenne_-_Rochambeau_CAY_-_SOCA_AN1559311.jpg\",\"contentUrl\":\"https:\/\/www.latitude-15.com\/wp-content\/uploads\/2026\/03\/Cayenne_-_Rochambeau_CAY_-_SOCA_AN1559311.jpg\",\"width\":1182,\"height\":799,\"caption\":\"Cayenne - Rochambeau \/ A\u00e9roport International Cayenne-F\u00e9lix \u00c9bou\u00e9 fonte: Wikipedia\"},{\"@type\":\"BreadcrumbList\",\"@id\":\"https:\/\/www.latitude-15.com\/pt-br\/aeroporto-de-cayenne-prepara-sua-proxima-fase-de-desenvolvimento-sob-um-novo-contrato-de-regulacao-economica\/#breadcrumb\",\"itemListElement\":[{\"@type\":\"ListItem\",\"position\":1,\"name\":\"Home\",\"item\":\"https:\/\/www.latitude-15.com\/pt-br\/inicio\/\"},{\"@type\":\"ListItem\",\"position\":2,\"name\":\"Aeroporto de Cayenne prepara sua pr\u00f3xima fase de desenvolvimento sob um novo Contrato de Regula\u00e7\u00e3o Econ\u00f4mica\"}]},{\"@type\":\"WebSite\",\"@id\":\"https:\/\/www.latitude-15.com\/pt-br\/#website\",\"url\":\"https:\/\/www.latitude-15.com\/pt-br\/\",\"name\":\"LATITUDE 15\",\"description\":\"Aviation and maritime Magazine - Caribbean &amp; Latin America\",\"publisher\":{\"@id\":\"https:\/\/www.latitude-15.com\/pt-br\/#organization\"},\"potentialAction\":[{\"@type\":\"SearchAction\",\"target\":{\"@type\":\"EntryPoint\",\"urlTemplate\":\"https:\/\/www.latitude-15.com\/pt-br\/?s={search_term_string}\"},\"query-input\":{\"@type\":\"PropertyValueSpecification\",\"valueRequired\":true,\"valueName\":\"search_term_string\"}}],\"inLanguage\":\"pt-BR\"},{\"@type\":\"Organization\",\"@id\":\"https:\/\/www.latitude-15.com\/pt-br\/#organization\",\"name\":\"LATITUDE 15\",\"url\":\"https:\/\/www.latitude-15.com\/pt-br\/\",\"logo\":{\"@type\":\"ImageObject\",\"inLanguage\":\"pt-BR\",\"@id\":\"https:\/\/www.latitude-15.com\/pt-br\/#\/schema\/logo\/image\/\",\"url\":\"https:\/\/www.latitude-15.com\/wp-content\/uploads\/2026\/01\/cropped-logox500px.png\",\"contentUrl\":\"https:\/\/www.latitude-15.com\/wp-content\/uploads\/2026\/01\/cropped-logox500px.png\",\"width\":62,\"height\":75,\"caption\":\"LATITUDE 15\"},\"image\":{\"@id\":\"https:\/\/www.latitude-15.com\/pt-br\/#\/schema\/logo\/image\/\"}},{\"@type\":\"Person\",\"@id\":\"https:\/\/www.latitude-15.com\/pt-br\/#\/schema\/person\/dac52e7ff44c78317f337da112e37252\",\"name\":\"Joda J\",\"image\":{\"@type\":\"ImageObject\",\"inLanguage\":\"pt-BR\",\"@id\":\"https:\/\/www.latitude-15.com\/pt-br\/#\/schema\/person\/image\/\",\"url\":\"https:\/\/secure.gravatar.com\/avatar\/6b1feae555e15404b76616f92d931d12b25ac58024f14ccb43d9d3c012e4c4cf?s=96&d=mm&r=g\",\"contentUrl\":\"https:\/\/secure.gravatar.com\/avatar\/6b1feae555e15404b76616f92d931d12b25ac58024f14ccb43d9d3c012e4c4cf?s=96&d=mm&r=g\",\"caption\":\"Joda J\"},\"url\":\"https:\/\/www.latitude-15.com\/pt-br\/author\/joda\/\"}]}<\/script>\n<!-- \/ Yoast SEO plugin. -->","yoast_head_json":{"title":"Aeroporto de Cayenne prepara sua pr\u00f3xima fase de desenvolvimento sob um novo Contrato de Regula\u00e7\u00e3o Econ\u00f4mica - LATITUDE 15","robots":{"index":"index","follow":"follow","max-snippet":"max-snippet:-1","max-image-preview":"max-image-preview:large","max-video-preview":"max-video-preview:-1"},"canonical":"https:\/\/www.latitude-15.com\/pt-br\/aeroporto-de-cayenne-prepara-sua-proxima-fase-de-desenvolvimento-sob-um-novo-contrato-de-regulacao-economica\/","og_locale":"pt_BR","og_type":"article","og_title":"Aeroporto de Cayenne prepara sua pr\u00f3xima fase de desenvolvimento sob um novo Contrato de Regula\u00e7\u00e3o Econ\u00f4mica - LATITUDE 15","og_description":"Na Guiana Francesa, o transporte a\u00e9reo n\u00e3o \u00e9 apenas uma op\u00e7\u00e3o de mobilidade \u2014 ele constitui um elemento estrutural da conectividade territorial. Localizado na borda norte da bacia amaz\u00f4nica e geograficamente isolado da Fran\u00e7a continental, o territ\u00f3rio depende fortemente da avia\u00e7\u00e3o para garantir a mobilidade de passageiros, os interc\u00e2mbios econ\u00f4micos e as conex\u00f5es log\u00edsticas tanto [&hellip;]","og_url":"https:\/\/www.latitude-15.com\/pt-br\/aeroporto-de-cayenne-prepara-sua-proxima-fase-de-desenvolvimento-sob-um-novo-contrato-de-regulacao-economica\/","og_site_name":"LATITUDE 15","article_published_time":"2026-03-04T16:21:12+00:00","article_modified_time":"2026-03-05T07:49:43+00:00","og_image":[{"width":1182,"height":799,"url":"https:\/\/www.latitude-15.com\/wp-content\/uploads\/2026\/03\/Cayenne_-_Rochambeau_CAY_-_SOCA_AN1559311.jpg","type":"image\/jpeg"}],"author":"Joda J","twitter_card":"summary_large_image","twitter_misc":{"Escrito por":"Joda J","Est. tempo de leitura":"8 minutos"},"schema":{"@context":"https:\/\/schema.org","@graph":[{"@type":"Article","@id":"https:\/\/www.latitude-15.com\/pt-br\/aeroporto-de-cayenne-prepara-sua-proxima-fase-de-desenvolvimento-sob-um-novo-contrato-de-regulacao-economica\/#article","isPartOf":{"@id":"https:\/\/www.latitude-15.com\/pt-br\/aeroporto-de-cayenne-prepara-sua-proxima-fase-de-desenvolvimento-sob-um-novo-contrato-de-regulacao-economica\/"},"author":{"name":"Joda J","@id":"https:\/\/www.latitude-15.com\/pt-br\/#\/schema\/person\/dac52e7ff44c78317f337da112e37252"},"headline":"Aeroporto de Cayenne prepara sua pr\u00f3xima fase de desenvolvimento sob um novo Contrato de Regula\u00e7\u00e3o Econ\u00f4mica","datePublished":"2026-03-04T16:21:12+00:00","dateModified":"2026-03-05T07:49:43+00:00","mainEntityOfPage":{"@id":"https:\/\/www.latitude-15.com\/pt-br\/aeroporto-de-cayenne-prepara-sua-proxima-fase-de-desenvolvimento-sob-um-novo-contrato-de-regulacao-economica\/"},"wordCount":1530,"commentCount":0,"publisher":{"@id":"https:\/\/www.latitude-15.com\/pt-br\/#organization"},"image":{"@id":"https:\/\/www.latitude-15.com\/pt-br\/aeroporto-de-cayenne-prepara-sua-proxima-fase-de-desenvolvimento-sob-um-novo-contrato-de-regulacao-economica\/#primaryimage"},"thumbnailUrl":"https:\/\/www.latitude-15.com\/wp-content\/uploads\/2026\/03\/Cayenne_-_Rochambeau_CAY_-_SOCA_AN1559311.jpg","articleSection":["Aeroportos e infraestrutura","AVIA\u00c7\u00c3O"],"inLanguage":"pt-BR","potentialAction":[{"@type":"CommentAction","name":"Comment","target":["https:\/\/www.latitude-15.com\/pt-br\/aeroporto-de-cayenne-prepara-sua-proxima-fase-de-desenvolvimento-sob-um-novo-contrato-de-regulacao-economica\/#respond"]}]},{"@type":"WebPage","@id":"https:\/\/www.latitude-15.com\/pt-br\/aeroporto-de-cayenne-prepara-sua-proxima-fase-de-desenvolvimento-sob-um-novo-contrato-de-regulacao-economica\/","url":"https:\/\/www.latitude-15.com\/pt-br\/aeroporto-de-cayenne-prepara-sua-proxima-fase-de-desenvolvimento-sob-um-novo-contrato-de-regulacao-economica\/","name":"Aeroporto de Cayenne prepara sua pr\u00f3xima fase de desenvolvimento sob um novo Contrato de Regula\u00e7\u00e3o Econ\u00f4mica - LATITUDE 15","isPartOf":{"@id":"https:\/\/www.latitude-15.com\/pt-br\/#website"},"primaryImageOfPage":{"@id":"https:\/\/www.latitude-15.com\/pt-br\/aeroporto-de-cayenne-prepara-sua-proxima-fase-de-desenvolvimento-sob-um-novo-contrato-de-regulacao-economica\/#primaryimage"},"image":{"@id":"https:\/\/www.latitude-15.com\/pt-br\/aeroporto-de-cayenne-prepara-sua-proxima-fase-de-desenvolvimento-sob-um-novo-contrato-de-regulacao-economica\/#primaryimage"},"thumbnailUrl":"https:\/\/www.latitude-15.com\/wp-content\/uploads\/2026\/03\/Cayenne_-_Rochambeau_CAY_-_SOCA_AN1559311.jpg","datePublished":"2026-03-04T16:21:12+00:00","dateModified":"2026-03-05T07:49:43+00:00","breadcrumb":{"@id":"https:\/\/www.latitude-15.com\/pt-br\/aeroporto-de-cayenne-prepara-sua-proxima-fase-de-desenvolvimento-sob-um-novo-contrato-de-regulacao-economica\/#breadcrumb"},"inLanguage":"pt-BR","potentialAction":[{"@type":"ReadAction","target":["https:\/\/www.latitude-15.com\/pt-br\/aeroporto-de-cayenne-prepara-sua-proxima-fase-de-desenvolvimento-sob-um-novo-contrato-de-regulacao-economica\/"]}]},{"@type":"ImageObject","inLanguage":"pt-BR","@id":"https:\/\/www.latitude-15.com\/pt-br\/aeroporto-de-cayenne-prepara-sua-proxima-fase-de-desenvolvimento-sob-um-novo-contrato-de-regulacao-economica\/#primaryimage","url":"https:\/\/www.latitude-15.com\/wp-content\/uploads\/2026\/03\/Cayenne_-_Rochambeau_CAY_-_SOCA_AN1559311.jpg","contentUrl":"https:\/\/www.latitude-15.com\/wp-content\/uploads\/2026\/03\/Cayenne_-_Rochambeau_CAY_-_SOCA_AN1559311.jpg","width":1182,"height":799,"caption":"Cayenne - Rochambeau \/ A\u00e9roport International Cayenne-F\u00e9lix \u00c9bou\u00e9 fonte: Wikipedia"},{"@type":"BreadcrumbList","@id":"https:\/\/www.latitude-15.com\/pt-br\/aeroporto-de-cayenne-prepara-sua-proxima-fase-de-desenvolvimento-sob-um-novo-contrato-de-regulacao-economica\/#breadcrumb","itemListElement":[{"@type":"ListItem","position":1,"name":"Home","item":"https:\/\/www.latitude-15.com\/pt-br\/inicio\/"},{"@type":"ListItem","position":2,"name":"Aeroporto de Cayenne prepara sua pr\u00f3xima fase de desenvolvimento sob um novo Contrato de Regula\u00e7\u00e3o Econ\u00f4mica"}]},{"@type":"WebSite","@id":"https:\/\/www.latitude-15.com\/pt-br\/#website","url":"https:\/\/www.latitude-15.com\/pt-br\/","name":"LATITUDE 15","description":"Aviation and maritime Magazine - Caribbean &amp; Latin America","publisher":{"@id":"https:\/\/www.latitude-15.com\/pt-br\/#organization"},"potentialAction":[{"@type":"SearchAction","target":{"@type":"EntryPoint","urlTemplate":"https:\/\/www.latitude-15.com\/pt-br\/?s={search_term_string}"},"query-input":{"@type":"PropertyValueSpecification","valueRequired":true,"valueName":"search_term_string"}}],"inLanguage":"pt-BR"},{"@type":"Organization","@id":"https:\/\/www.latitude-15.com\/pt-br\/#organization","name":"LATITUDE 15","url":"https:\/\/www.latitude-15.com\/pt-br\/","logo":{"@type":"ImageObject","inLanguage":"pt-BR","@id":"https:\/\/www.latitude-15.com\/pt-br\/#\/schema\/logo\/image\/","url":"https:\/\/www.latitude-15.com\/wp-content\/uploads\/2026\/01\/cropped-logox500px.png","contentUrl":"https:\/\/www.latitude-15.com\/wp-content\/uploads\/2026\/01\/cropped-logox500px.png","width":62,"height":75,"caption":"LATITUDE 15"},"image":{"@id":"https:\/\/www.latitude-15.com\/pt-br\/#\/schema\/logo\/image\/"}},{"@type":"Person","@id":"https:\/\/www.latitude-15.com\/pt-br\/#\/schema\/person\/dac52e7ff44c78317f337da112e37252","name":"Joda J","image":{"@type":"ImageObject","inLanguage":"pt-BR","@id":"https:\/\/www.latitude-15.com\/pt-br\/#\/schema\/person\/image\/","url":"https:\/\/secure.gravatar.com\/avatar\/6b1feae555e15404b76616f92d931d12b25ac58024f14ccb43d9d3c012e4c4cf?s=96&d=mm&r=g","contentUrl":"https:\/\/secure.gravatar.com\/avatar\/6b1feae555e15404b76616f92d931d12b25ac58024f14ccb43d9d3c012e4c4cf?s=96&d=mm&r=g","caption":"Joda J"},"url":"https:\/\/www.latitude-15.com\/pt-br\/author\/joda\/"}]}},"_links":{"self":[{"href":"https:\/\/www.latitude-15.com\/pt-br\/wp-json\/wp\/v2\/posts\/21141","targetHints":{"allow":["GET"]}}],"collection":[{"href":"https:\/\/www.latitude-15.com\/pt-br\/wp-json\/wp\/v2\/posts"}],"about":[{"href":"https:\/\/www.latitude-15.com\/pt-br\/wp-json\/wp\/v2\/types\/post"}],"author":[{"embeddable":true,"href":"https:\/\/www.latitude-15.com\/pt-br\/wp-json\/wp\/v2\/users\/5"}],"replies":[{"embeddable":true,"href":"https:\/\/www.latitude-15.com\/pt-br\/wp-json\/wp\/v2\/comments?post=21141"}],"version-history":[{"count":1,"href":"https:\/\/www.latitude-15.com\/pt-br\/wp-json\/wp\/v2\/posts\/21141\/revisions"}],"predecessor-version":[{"id":21142,"href":"https:\/\/www.latitude-15.com\/pt-br\/wp-json\/wp\/v2\/posts\/21141\/revisions\/21142"}],"wp:featuredmedia":[{"embeddable":true,"href":"https:\/\/www.latitude-15.com\/pt-br\/wp-json\/wp\/v2\/media\/21140"}],"wp:attachment":[{"href":"https:\/\/www.latitude-15.com\/pt-br\/wp-json\/wp\/v2\/media?parent=21141"}],"wp:term":[{"taxonomy":"category","embeddable":true,"href":"https:\/\/www.latitude-15.com\/pt-br\/wp-json\/wp\/v2\/categories?post=21141"},{"taxonomy":"post_tag","embeddable":true,"href":"https:\/\/www.latitude-15.com\/pt-br\/wp-json\/wp\/v2\/tags?post=21141"}],"curies":[{"name":"wp","href":"https:\/\/api.w.org\/{rel}","templated":true}]}}