{"id":21128,"date":"2026-03-04T09:47:34","date_gmt":"2026-03-04T13:47:34","guid":{"rendered":"https:\/\/www.latitude-15.com\/os-portos-do-caribe-estao-entrando-na-era-da-adaptacao-climatica\/"},"modified":"2026-03-04T14:20:37","modified_gmt":"2026-03-04T18:20:37","slug":"os-portos-do-caribe-estao-entrando-na-era-da-adaptacao-climatica","status":"publish","type":"post","link":"https:\/\/www.latitude-15.com\/pt-br\/os-portos-do-caribe-estao-entrando-na-era-da-adaptacao-climatica\/","title":{"rendered":"Os portos do Caribe est\u00e3o entrando na era da adapta\u00e7\u00e3o clim\u00e1tica"},"content":{"rendered":"\n<p>O risco clim\u00e1tico est\u00e1 rapidamente se tornando uma das vari\u00e1veis mais decisivas na defini\u00e7\u00e3o do futuro da infraestrutura portu\u00e1ria do Caribe. Em toda a regi\u00e3o, as autoridades portu\u00e1rias enfrentam cada vez mais uma combina\u00e7\u00e3o de eleva\u00e7\u00e3o do n\u00edvel do mar, sistemas de tempestades mais intensos e inunda\u00e7\u00f5es costeiras mais frequentes. O que antes era tratado principalmente como uma preocupa\u00e7\u00e3o ambiental agora surge como um desafio central de opera\u00e7\u00e3o e investimento para o setor mar\u00edtimo.  <\/p>\n\n<p>Na 55\u00aa <em>Confer\u00eancia Anual da Caribbean Shipping Association<\/em> (CSA), realizada em Paramaribo em outubro de 2025, diversas apresenta\u00e7\u00f5es t\u00e9cnicas destacaram a crescente exposi\u00e7\u00e3o da infraestrutura portu\u00e1ria do Caribe a riscos relacionados ao clima. Especialistas enfatizaram que muitos portos da regi\u00e3o foram originalmente projetados com base em premissas ambientais que j\u00e1 n\u00e3o refletem as realidades clim\u00e1ticas atuais. Como resultado, o planejamento de resili\u00eancia est\u00e1 deixando de ser um objetivo ambiental de longo prazo para se tornar uma prioridade imediata de infraestrutura.  <\/p>\n\n<h2 class=\"wp-block-heading\">Maior exposi\u00e7\u00e3o clim\u00e1tica da infraestrutura costeira<\/h2>\n\n<p>Os portos do Caribe est\u00e3o entre as infraestruturas mar\u00edtimas mais expostas do mundo. A maioria das principais instala\u00e7\u00f5es portu\u00e1rias da regi\u00e3o est\u00e1 localizada diretamente ao longo de litorais de baixa altitude ou em ambientes estuarinos. Esses locais oferecem vantagens operacionais para o acesso mar\u00edtimo, mas tamb\u00e9m criam exposi\u00e7\u00e3o direta a mar\u00e9s de tempestade, eros\u00e3o costeira e eleva\u00e7\u00e3o do n\u00edvel do mar.  <\/p>\n\n<p>Avalia\u00e7\u00f5es cient\u00edficas apresentadas durante a confer\u00eancia apontaram para a natureza acelerada desses riscos. O n\u00edvel m\u00e9dio global do mar j\u00e1 <em>subiu cerca de 20 cent\u00edmetros desde o in\u00edcio do s\u00e9culo XX<\/em>, e as proje\u00e7\u00f5es indicam que aumentos adicionais de 30 a 80 cent\u00edmetros podem ocorrer at\u00e9 o fim do s\u00e9culo, dependendo das trajet\u00f3rias de emiss\u00f5es. Mesmo eleva\u00e7\u00f5es moderadas do n\u00edvel do mar podem amplificar significativamente os impactos das mar\u00e9s de tempestade sobre terminais portu\u00e1rios, p\u00e1tios de cont\u00eaineres e infraestrutura el\u00e9trica.  <\/p>\n\n<p>Na bacia do Caribe, onde a atividade de ciclones tropicais permanece uma amea\u00e7a operacional constante, n\u00edveis do mar mais altos podem aumentar drasticamente os riscos de inunda\u00e7\u00e3o durante grandes tempestades. Portos que antes registravam inunda\u00e7\u00f5es limitadas em eventos clim\u00e1ticos extremos agora podem enfrentar interrup\u00e7\u00f5es operacionais regulares. <\/p>\n\n<h2 class=\"wp-block-heading\">Infraestrutura projetada para um clima diferente<\/h2>\n\n<p>Muitas instala\u00e7\u00f5es portu\u00e1rias do Caribe foram projetadas h\u00e1 d\u00e9cadas, quando considera\u00e7\u00f5es de resili\u00eancia clim\u00e1tica ainda n\u00e3o estavam incorporadas ao planejamento de infraestrutura. As cotas dos cais, os sistemas de drenagem e os projetos de quebra-mares, em geral, foram otimizados para padr\u00f5es clim\u00e1ticos hist\u00f3ricos, e n\u00e3o para condi\u00e7\u00f5es futuras projetadas. <\/p>\n\n<p>Durante a confer\u00eancia da CSA, especialistas em infraestrutura mar\u00edtima enfatizaram que esse legado de projeto agora est\u00e1 criando vulnerabilidades estruturais. Terminais portu\u00e1rios constru\u00eddos nas d\u00e9cadas de 1970 e 1980 frequentemente n\u00e3o t\u00eam margens de eleva\u00e7\u00e3o suficientes para acomodar a eleva\u00e7\u00e3o do n\u00edvel do mar combinada com mar\u00e9s de tempestade. Sistemas el\u00e9tricos, equipamentos de movimenta\u00e7\u00e3o de cargas e \u00e1reas de armazenamento de cont\u00eaineres podem estar particularmente expostos a danos por inunda\u00e7\u00e3o.  <\/p>\n\n<p>O desafio \u00e9 agravado pela longa vida \u00fatil da infraestrutura portu\u00e1ria. Grandes estruturas de cais, quebra-mares e canais de acesso dragados normalmente operam por v\u00e1rias d\u00e9cadas antes que uma reconstru\u00e7\u00e3o em larga escala se torne vi\u00e1vel. Isso significa que, muitas vezes, as estrat\u00e9gias de adapta\u00e7\u00e3o precisam ser integradas \u00e0s instala\u00e7\u00f5es existentes, em vez de implementadas por meio de empreendimentos portu\u00e1rios totalmente novos.  <\/p>\n\n<h2 class=\"wp-block-heading\">Abordagens emergentes para o projeto de portos resilientes ao clima<\/h2>\n\n<p>\u00c0 medida que a exposi\u00e7\u00e3o clim\u00e1tica se torna mais evidente, autoridades portu\u00e1rias e empresas de engenharia come\u00e7am a incorporar crit\u00e9rios de resili\u00eancia ao planejamento de infraestrutura. Diversas estrat\u00e9gias de adapta\u00e7\u00e3o foram destacadas durante a confer\u00eancia como parte de boas pr\u00e1ticas internacionais emergentes. <\/p>\n\n<p>Uma abordagem envolve elevar as cotas dos cais e refor\u00e7ar estruturas de prote\u00e7\u00e3o costeira para considerar a eleva\u00e7\u00e3o projetada do n\u00edvel do mar. Em alguns casos, novos terminais portu\u00e1rios est\u00e3o sendo projetados com n\u00edveis de plataforma mais altos e muros de conten\u00e7\u00e3o refor\u00e7ados para absorver os impactos das mar\u00e9s de tempestade. <\/p>\n\n<p>Sistemas de drenagem e gest\u00e3o de \u00e1guas tamb\u00e9m est\u00e3o recebendo maior aten\u00e7\u00e3o. Maior capacidade de bombeamento, redes de drenagem redesenhadas e instala\u00e7\u00f5es el\u00e9tricas resistentes a inunda\u00e7\u00f5es podem ajudar a reduzir interrup\u00e7\u00f5es operacionais durante eventos clim\u00e1ticos extremos. <\/p>\n\n<p>Outra dimens\u00e3o do planejamento de resili\u00eancia envolve redund\u00e2ncia operacional. Os portos est\u00e3o explorando cada vez mais sistemas de energia de reserva, infraestrutura de comunica\u00e7\u00f5es refor\u00e7ada e protocolos log\u00edsticos de emerg\u00eancia para manter a continuidade durante interrup\u00e7\u00f5es relacionadas ao clima. <\/p>\n\n<h2 class=\"wp-block-heading\">A experi\u00eancia de Guadalupe<\/h2>\n\n<p>Exemplos pr\u00e1ticos de adapta\u00e7\u00e3o clim\u00e1tica come\u00e7am a surgir em toda a regi\u00e3o. Durante a confer\u00eancia da CSA, a <em>experi\u00eancia de Guadalupe<\/em> foi apresentada como um estudo de caso que ilustra como as autoridades portu\u00e1rias est\u00e3o integrando avalia\u00e7\u00f5es de risco clim\u00e1tico \u00e0 gest\u00e3o da infraestrutura. <\/p>\n\n<p>O Porto de Guadalupe iniciou estudos para avaliar a vulnerabilidade das instala\u00e7\u00f5es portu\u00e1rias \u00e0 eleva\u00e7\u00e3o do n\u00edvel do mar e a eventos clim\u00e1ticos extremos. Essas avalia\u00e7\u00f5es buscam identificar as \u00e1reas mais expostas do sistema portu\u00e1rio e, assim, priorizar investimentos em adapta\u00e7\u00e3o. <\/p>\n\n<p>Iniciativas desse tipo refletem uma tend\u00eancia mais ampla, na qual a an\u00e1lise de risco clim\u00e1tico est\u00e1 se tornando um componente padr\u00e3o do planejamento portu\u00e1rio de longo prazo. Em vez de tratar a resili\u00eancia clim\u00e1tica como uma considera\u00e7\u00e3o ambiental secund\u00e1ria, as autoridades portu\u00e1rias a est\u00e3o incorporando cada vez mais \u00e0s estrat\u00e9gias de investimento em infraestrutura e aos marcos de planejamento operacional. <\/p>\n\n<h2 class=\"wp-block-heading\">A dimens\u00e3o financeira da adapta\u00e7\u00e3o<\/h2>\n\n<p>A adapta\u00e7\u00e3o clim\u00e1tica tamb\u00e9m traz desafios financeiros significativos. Refor\u00e7ar a infraestrutura portu\u00e1ria, elevar estruturas de cais ou modernizar defesas costeiras pode exigir investimentos de capital substanciais. Para muitas autoridades portu\u00e1rias do Caribe, que operam em mercados dom\u00e9sticos relativamente pequenos, financiar projetos de resili\u00eancia em larga escala representa uma grande restri\u00e7\u00e3o.  <\/p>\n\n<p>Ao mesmo tempo, n\u00e3o se adaptar pode ser ainda mais caro. Danos por inunda\u00e7\u00e3o a equipamentos de movimenta\u00e7\u00e3o de cont\u00eaineres, edif\u00edcios de terminais ou sistemas el\u00e9tricos podem interromper as opera\u00e7\u00f5es portu\u00e1rias e gerar custos significativos de reparo. Interrup\u00e7\u00f5es operacionais repetidas tamb\u00e9m podem afetar a confiabilidade do transporte mar\u00edtimo e reduzir a atratividade de um porto para armadores globais.  <\/p>\n\n<p>Como resultado, a resili\u00eancia clim\u00e1tica \u00e9 cada vez mais vista n\u00e3o apenas como uma medida defensiva, mas tamb\u00e9m como um fator de competitividade. Portos capazes de manter opera\u00e7\u00f5es confi\u00e1veis durante eventos clim\u00e1ticos extremos podem obter vantagens estrat\u00e9gicas dentro das redes regionais de transporte mar\u00edtimo. <\/p>\n\n<h2 class=\"wp-block-heading\">Resili\u00eancia clim\u00e1tica como nova prioridade de investimento mar\u00edtimo<\/h2>\n\n<p>As discuss\u00f5es na confer\u00eancia da Caribbean Shipping Association destacaram uma transforma\u00e7\u00e3o mais ampla em curso no setor mar\u00edtimo regional. A resili\u00eancia clim\u00e1tica est\u00e1 gradualmente passando para o centro do planejamento de infraestrutura e das estrat\u00e9gias de investimento. <\/p>\n\n<p>Por d\u00e9cadas, as estrat\u00e9gias de desenvolvimento portu\u00e1rio no Caribe se concentraram principalmente na expans\u00e3o de capacidade, moderniza\u00e7\u00e3o de equipamentos e facilita\u00e7\u00e3o do com\u00e9rcio. Hoje, a resili\u00eancia est\u00e1 se tornando uma dimens\u00e3o igualmente importante do planejamento de infraestrutura. <\/p>\n\n<p>\u00c0 medida que os riscos clim\u00e1ticos se intensificam e os ciclos de vida da infraestrutura se estendem por v\u00e1rias d\u00e9cadas, a capacidade dos portos do Caribe de antecipar e integrar medidas de adapta\u00e7\u00e3o influenciar\u00e1 cada vez mais sua competitividade de longo prazo.<\/p>\n\n<p>O setor mar\u00edtimo na regi\u00e3o, portanto, est\u00e1 entrando em uma nova fase em que a adapta\u00e7\u00e3o clim\u00e1tica j\u00e1 n\u00e3o \u00e9 opcional. Ela est\u00e1 se tornando um requisito estrutural para sustentar as opera\u00e7\u00f5es portu\u00e1rias em um ambiente em transforma\u00e7\u00e3o. <\/p>\n\n<hr class=\"wp-block-separator has-alpha-channel-opacity\" \/>\n\n<p class=\"has-text-align-right\"><strong>Fonte:<\/strong> <em>An\u00e1lise baseada em apresenta\u00e7\u00f5es realizadas na 55\u00aa Confer\u00eancia Anual da CSA, incluindo contribui\u00e7\u00f5es sobre infraestrutura portu\u00e1ria resiliente ao clima e estrat\u00e9gias de adapta\u00e7\u00e3o costeira.<\/em><\/p>\n","protected":false},"excerpt":{"rendered":"<p>O risco clim\u00e1tico est\u00e1 rapidamente se tornando uma das vari\u00e1veis mais decisivas na defini\u00e7\u00e3o do futuro da infraestrutura portu\u00e1ria do Caribe. Em toda a regi\u00e3o, as autoridades portu\u00e1rias enfrentam cada vez mais uma combina\u00e7\u00e3o de eleva\u00e7\u00e3o do n\u00edvel do mar, sistemas de tempestades mais intensos e inunda\u00e7\u00f5es costeiras mais frequentes. O que antes era tratado [&hellip;]<\/p>\n","protected":false},"author":5,"featured_media":21119,"comment_status":"open","ping_status":"closed","sticky":false,"template":"","format":"standard","meta":{"footnotes":""},"categories":[122,119],"tags":[],"class_list":["post-21128","post","type-post","status-publish","format-standard","has-post-thumbnail","hentry","category-economia-azul-e-sustentabilidade","category-maritimo"],"yoast_head":"<!-- This site is optimized with the Yoast SEO plugin v26.9 - https:\/\/yoast.com\/product\/yoast-seo-wordpress\/ -->\n<title>Os portos do Caribe est\u00e3o entrando na era da adapta\u00e7\u00e3o clim\u00e1tica - LATITUDE 15<\/title>\n<meta name=\"description\" content=\"Os portos do Caribe enfrentam riscos clim\u00e1ticos crescentes. A adapta\u00e7\u00e3o clim\u00e1tica est\u00e1 se tornando uma prioridade central de investimento.\" \/>\n<meta name=\"robots\" content=\"index, follow, max-snippet:-1, max-image-preview:large, max-video-preview:-1\" \/>\n<link rel=\"canonical\" href=\"https:\/\/www.latitude-15.com\/pt-br\/os-portos-do-caribe-estao-entrando-na-era-da-adaptacao-climatica\/\" \/>\n<meta property=\"og:locale\" content=\"pt_BR\" \/>\n<meta property=\"og:type\" content=\"article\" \/>\n<meta property=\"og:title\" content=\"Os portos do Caribe est\u00e3o entrando na era da adapta\u00e7\u00e3o clim\u00e1tica - LATITUDE 15\" \/>\n<meta property=\"og:description\" content=\"Os portos do Caribe enfrentam riscos clim\u00e1ticos crescentes. A adapta\u00e7\u00e3o clim\u00e1tica est\u00e1 se tornando uma prioridade central de investimento.\" \/>\n<meta property=\"og:url\" content=\"https:\/\/www.latitude-15.com\/pt-br\/os-portos-do-caribe-estao-entrando-na-era-da-adaptacao-climatica\/\" \/>\n<meta property=\"og:site_name\" content=\"LATITUDE 15\" \/>\n<meta property=\"article:published_time\" content=\"2026-03-04T13:47:34+00:00\" \/>\n<meta property=\"article:modified_time\" content=\"2026-03-04T18:20:37+00:00\" \/>\n<meta property=\"og:image\" content=\"https:\/\/www.latitude-15.com\/wp-content\/uploads\/2026\/03\/pexels-xfly-10115711-scaled.jpg\" \/>\n\t<meta property=\"og:image:width\" content=\"2560\" \/>\n\t<meta property=\"og:image:height\" content=\"1707\" \/>\n\t<meta property=\"og:image:type\" content=\"image\/jpeg\" \/>\n<meta name=\"author\" content=\"Joda J\" \/>\n<meta name=\"twitter:card\" content=\"summary_large_image\" \/>\n<meta name=\"twitter:label1\" content=\"Escrito por\" \/>\n\t<meta name=\"twitter:data1\" content=\"Joda J\" \/>\n\t<meta name=\"twitter:label2\" content=\"Est. tempo de leitura\" \/>\n\t<meta name=\"twitter:data2\" content=\"7 minutos\" \/>\n<script type=\"application\/ld+json\" class=\"yoast-schema-graph\">{\"@context\":\"https:\/\/schema.org\",\"@graph\":[{\"@type\":\"Article\",\"@id\":\"https:\/\/www.latitude-15.com\/pt-br\/os-portos-do-caribe-estao-entrando-na-era-da-adaptacao-climatica\/#article\",\"isPartOf\":{\"@id\":\"https:\/\/www.latitude-15.com\/pt-br\/os-portos-do-caribe-estao-entrando-na-era-da-adaptacao-climatica\/\"},\"author\":{\"name\":\"Joda J\",\"@id\":\"https:\/\/www.latitude-15.com\/pt-br\/#\/schema\/person\/dac52e7ff44c78317f337da112e37252\"},\"headline\":\"Os portos do Caribe est\u00e3o entrando na era da adapta\u00e7\u00e3o clim\u00e1tica\",\"datePublished\":\"2026-03-04T13:47:34+00:00\",\"dateModified\":\"2026-03-04T18:20:37+00:00\",\"mainEntityOfPage\":{\"@id\":\"https:\/\/www.latitude-15.com\/pt-br\/os-portos-do-caribe-estao-entrando-na-era-da-adaptacao-climatica\/\"},\"wordCount\":1442,\"commentCount\":0,\"publisher\":{\"@id\":\"https:\/\/www.latitude-15.com\/pt-br\/#organization\"},\"image\":{\"@id\":\"https:\/\/www.latitude-15.com\/pt-br\/os-portos-do-caribe-estao-entrando-na-era-da-adaptacao-climatica\/#primaryimage\"},\"thumbnailUrl\":\"https:\/\/www.latitude-15.com\/wp-content\/uploads\/2026\/03\/pexels-xfly-10115711-scaled.jpg\",\"articleSection\":[\"Economia azul e sustentabilidade\",\"MAR\u00cdTIMO\"],\"inLanguage\":\"pt-BR\",\"potentialAction\":[{\"@type\":\"CommentAction\",\"name\":\"Comment\",\"target\":[\"https:\/\/www.latitude-15.com\/pt-br\/os-portos-do-caribe-estao-entrando-na-era-da-adaptacao-climatica\/#respond\"]}]},{\"@type\":\"WebPage\",\"@id\":\"https:\/\/www.latitude-15.com\/pt-br\/os-portos-do-caribe-estao-entrando-na-era-da-adaptacao-climatica\/\",\"url\":\"https:\/\/www.latitude-15.com\/pt-br\/os-portos-do-caribe-estao-entrando-na-era-da-adaptacao-climatica\/\",\"name\":\"Os portos do Caribe est\u00e3o entrando na era da adapta\u00e7\u00e3o clim\u00e1tica - LATITUDE 15\",\"isPartOf\":{\"@id\":\"https:\/\/www.latitude-15.com\/pt-br\/#website\"},\"primaryImageOfPage\":{\"@id\":\"https:\/\/www.latitude-15.com\/pt-br\/os-portos-do-caribe-estao-entrando-na-era-da-adaptacao-climatica\/#primaryimage\"},\"image\":{\"@id\":\"https:\/\/www.latitude-15.com\/pt-br\/os-portos-do-caribe-estao-entrando-na-era-da-adaptacao-climatica\/#primaryimage\"},\"thumbnailUrl\":\"https:\/\/www.latitude-15.com\/wp-content\/uploads\/2026\/03\/pexels-xfly-10115711-scaled.jpg\",\"datePublished\":\"2026-03-04T13:47:34+00:00\",\"dateModified\":\"2026-03-04T18:20:37+00:00\",\"description\":\"Os portos do Caribe enfrentam riscos clim\u00e1ticos crescentes. A adapta\u00e7\u00e3o clim\u00e1tica est\u00e1 se tornando uma prioridade central de investimento.\",\"breadcrumb\":{\"@id\":\"https:\/\/www.latitude-15.com\/pt-br\/os-portos-do-caribe-estao-entrando-na-era-da-adaptacao-climatica\/#breadcrumb\"},\"inLanguage\":\"pt-BR\",\"potentialAction\":[{\"@type\":\"ReadAction\",\"target\":[\"https:\/\/www.latitude-15.com\/pt-br\/os-portos-do-caribe-estao-entrando-na-era-da-adaptacao-climatica\/\"]}]},{\"@type\":\"ImageObject\",\"inLanguage\":\"pt-BR\",\"@id\":\"https:\/\/www.latitude-15.com\/pt-br\/os-portos-do-caribe-estao-entrando-na-era-da-adaptacao-climatica\/#primaryimage\",\"url\":\"https:\/\/www.latitude-15.com\/wp-content\/uploads\/2026\/03\/pexels-xfly-10115711-scaled.jpg\",\"contentUrl\":\"https:\/\/www.latitude-15.com\/wp-content\/uploads\/2026\/03\/pexels-xfly-10115711-scaled.jpg\",\"width\":2560,\"height\":1707},{\"@type\":\"BreadcrumbList\",\"@id\":\"https:\/\/www.latitude-15.com\/pt-br\/os-portos-do-caribe-estao-entrando-na-era-da-adaptacao-climatica\/#breadcrumb\",\"itemListElement\":[{\"@type\":\"ListItem\",\"position\":1,\"name\":\"Home\",\"item\":\"https:\/\/www.latitude-15.com\/pt-br\/inicio\/\"},{\"@type\":\"ListItem\",\"position\":2,\"name\":\"Os portos do Caribe est\u00e3o entrando na era da adapta\u00e7\u00e3o clim\u00e1tica\"}]},{\"@type\":\"WebSite\",\"@id\":\"https:\/\/www.latitude-15.com\/pt-br\/#website\",\"url\":\"https:\/\/www.latitude-15.com\/pt-br\/\",\"name\":\"LATITUDE 15\",\"description\":\"Aviation and maritime Magazine - Caribbean &amp; Latin America\",\"publisher\":{\"@id\":\"https:\/\/www.latitude-15.com\/pt-br\/#organization\"},\"potentialAction\":[{\"@type\":\"SearchAction\",\"target\":{\"@type\":\"EntryPoint\",\"urlTemplate\":\"https:\/\/www.latitude-15.com\/pt-br\/?s={search_term_string}\"},\"query-input\":{\"@type\":\"PropertyValueSpecification\",\"valueRequired\":true,\"valueName\":\"search_term_string\"}}],\"inLanguage\":\"pt-BR\"},{\"@type\":\"Organization\",\"@id\":\"https:\/\/www.latitude-15.com\/pt-br\/#organization\",\"name\":\"LATITUDE 15\",\"url\":\"https:\/\/www.latitude-15.com\/pt-br\/\",\"logo\":{\"@type\":\"ImageObject\",\"inLanguage\":\"pt-BR\",\"@id\":\"https:\/\/www.latitude-15.com\/pt-br\/#\/schema\/logo\/image\/\",\"url\":\"https:\/\/www.latitude-15.com\/wp-content\/uploads\/2026\/01\/cropped-logox500px.png\",\"contentUrl\":\"https:\/\/www.latitude-15.com\/wp-content\/uploads\/2026\/01\/cropped-logox500px.png\",\"width\":62,\"height\":75,\"caption\":\"LATITUDE 15\"},\"image\":{\"@id\":\"https:\/\/www.latitude-15.com\/pt-br\/#\/schema\/logo\/image\/\"}},{\"@type\":\"Person\",\"@id\":\"https:\/\/www.latitude-15.com\/pt-br\/#\/schema\/person\/dac52e7ff44c78317f337da112e37252\",\"name\":\"Joda J\",\"image\":{\"@type\":\"ImageObject\",\"inLanguage\":\"pt-BR\",\"@id\":\"https:\/\/www.latitude-15.com\/pt-br\/#\/schema\/person\/image\/\",\"url\":\"https:\/\/secure.gravatar.com\/avatar\/6b1feae555e15404b76616f92d931d12b25ac58024f14ccb43d9d3c012e4c4cf?s=96&d=mm&r=g\",\"contentUrl\":\"https:\/\/secure.gravatar.com\/avatar\/6b1feae555e15404b76616f92d931d12b25ac58024f14ccb43d9d3c012e4c4cf?s=96&d=mm&r=g\",\"caption\":\"Joda J\"},\"url\":\"https:\/\/www.latitude-15.com\/pt-br\/author\/joda\/\"}]}<\/script>\n<!-- \/ Yoast SEO plugin. -->","yoast_head_json":{"title":"Os portos do Caribe est\u00e3o entrando na era da adapta\u00e7\u00e3o clim\u00e1tica - LATITUDE 15","description":"Os portos do Caribe enfrentam riscos clim\u00e1ticos crescentes. A adapta\u00e7\u00e3o clim\u00e1tica est\u00e1 se tornando uma prioridade central de investimento.","robots":{"index":"index","follow":"follow","max-snippet":"max-snippet:-1","max-image-preview":"max-image-preview:large","max-video-preview":"max-video-preview:-1"},"canonical":"https:\/\/www.latitude-15.com\/pt-br\/os-portos-do-caribe-estao-entrando-na-era-da-adaptacao-climatica\/","og_locale":"pt_BR","og_type":"article","og_title":"Os portos do Caribe est\u00e3o entrando na era da adapta\u00e7\u00e3o clim\u00e1tica - LATITUDE 15","og_description":"Os portos do Caribe enfrentam riscos clim\u00e1ticos crescentes. A adapta\u00e7\u00e3o clim\u00e1tica est\u00e1 se tornando uma prioridade central de investimento.","og_url":"https:\/\/www.latitude-15.com\/pt-br\/os-portos-do-caribe-estao-entrando-na-era-da-adaptacao-climatica\/","og_site_name":"LATITUDE 15","article_published_time":"2026-03-04T13:47:34+00:00","article_modified_time":"2026-03-04T18:20:37+00:00","og_image":[{"width":2560,"height":1707,"url":"https:\/\/www.latitude-15.com\/wp-content\/uploads\/2026\/03\/pexels-xfly-10115711-scaled.jpg","type":"image\/jpeg"}],"author":"Joda J","twitter_card":"summary_large_image","twitter_misc":{"Escrito por":"Joda J","Est. tempo de leitura":"7 minutos"},"schema":{"@context":"https:\/\/schema.org","@graph":[{"@type":"Article","@id":"https:\/\/www.latitude-15.com\/pt-br\/os-portos-do-caribe-estao-entrando-na-era-da-adaptacao-climatica\/#article","isPartOf":{"@id":"https:\/\/www.latitude-15.com\/pt-br\/os-portos-do-caribe-estao-entrando-na-era-da-adaptacao-climatica\/"},"author":{"name":"Joda J","@id":"https:\/\/www.latitude-15.com\/pt-br\/#\/schema\/person\/dac52e7ff44c78317f337da112e37252"},"headline":"Os portos do Caribe est\u00e3o entrando na era da adapta\u00e7\u00e3o clim\u00e1tica","datePublished":"2026-03-04T13:47:34+00:00","dateModified":"2026-03-04T18:20:37+00:00","mainEntityOfPage":{"@id":"https:\/\/www.latitude-15.com\/pt-br\/os-portos-do-caribe-estao-entrando-na-era-da-adaptacao-climatica\/"},"wordCount":1442,"commentCount":0,"publisher":{"@id":"https:\/\/www.latitude-15.com\/pt-br\/#organization"},"image":{"@id":"https:\/\/www.latitude-15.com\/pt-br\/os-portos-do-caribe-estao-entrando-na-era-da-adaptacao-climatica\/#primaryimage"},"thumbnailUrl":"https:\/\/www.latitude-15.com\/wp-content\/uploads\/2026\/03\/pexels-xfly-10115711-scaled.jpg","articleSection":["Economia azul e sustentabilidade","MAR\u00cdTIMO"],"inLanguage":"pt-BR","potentialAction":[{"@type":"CommentAction","name":"Comment","target":["https:\/\/www.latitude-15.com\/pt-br\/os-portos-do-caribe-estao-entrando-na-era-da-adaptacao-climatica\/#respond"]}]},{"@type":"WebPage","@id":"https:\/\/www.latitude-15.com\/pt-br\/os-portos-do-caribe-estao-entrando-na-era-da-adaptacao-climatica\/","url":"https:\/\/www.latitude-15.com\/pt-br\/os-portos-do-caribe-estao-entrando-na-era-da-adaptacao-climatica\/","name":"Os portos do Caribe est\u00e3o entrando na era da adapta\u00e7\u00e3o clim\u00e1tica - LATITUDE 15","isPartOf":{"@id":"https:\/\/www.latitude-15.com\/pt-br\/#website"},"primaryImageOfPage":{"@id":"https:\/\/www.latitude-15.com\/pt-br\/os-portos-do-caribe-estao-entrando-na-era-da-adaptacao-climatica\/#primaryimage"},"image":{"@id":"https:\/\/www.latitude-15.com\/pt-br\/os-portos-do-caribe-estao-entrando-na-era-da-adaptacao-climatica\/#primaryimage"},"thumbnailUrl":"https:\/\/www.latitude-15.com\/wp-content\/uploads\/2026\/03\/pexels-xfly-10115711-scaled.jpg","datePublished":"2026-03-04T13:47:34+00:00","dateModified":"2026-03-04T18:20:37+00:00","description":"Os portos do Caribe enfrentam riscos clim\u00e1ticos crescentes. A adapta\u00e7\u00e3o clim\u00e1tica est\u00e1 se tornando uma prioridade central de investimento.","breadcrumb":{"@id":"https:\/\/www.latitude-15.com\/pt-br\/os-portos-do-caribe-estao-entrando-na-era-da-adaptacao-climatica\/#breadcrumb"},"inLanguage":"pt-BR","potentialAction":[{"@type":"ReadAction","target":["https:\/\/www.latitude-15.com\/pt-br\/os-portos-do-caribe-estao-entrando-na-era-da-adaptacao-climatica\/"]}]},{"@type":"ImageObject","inLanguage":"pt-BR","@id":"https:\/\/www.latitude-15.com\/pt-br\/os-portos-do-caribe-estao-entrando-na-era-da-adaptacao-climatica\/#primaryimage","url":"https:\/\/www.latitude-15.com\/wp-content\/uploads\/2026\/03\/pexels-xfly-10115711-scaled.jpg","contentUrl":"https:\/\/www.latitude-15.com\/wp-content\/uploads\/2026\/03\/pexels-xfly-10115711-scaled.jpg","width":2560,"height":1707},{"@type":"BreadcrumbList","@id":"https:\/\/www.latitude-15.com\/pt-br\/os-portos-do-caribe-estao-entrando-na-era-da-adaptacao-climatica\/#breadcrumb","itemListElement":[{"@type":"ListItem","position":1,"name":"Home","item":"https:\/\/www.latitude-15.com\/pt-br\/inicio\/"},{"@type":"ListItem","position":2,"name":"Os portos do Caribe est\u00e3o entrando na era da adapta\u00e7\u00e3o clim\u00e1tica"}]},{"@type":"WebSite","@id":"https:\/\/www.latitude-15.com\/pt-br\/#website","url":"https:\/\/www.latitude-15.com\/pt-br\/","name":"LATITUDE 15","description":"Aviation and maritime Magazine - Caribbean &amp; Latin America","publisher":{"@id":"https:\/\/www.latitude-15.com\/pt-br\/#organization"},"potentialAction":[{"@type":"SearchAction","target":{"@type":"EntryPoint","urlTemplate":"https:\/\/www.latitude-15.com\/pt-br\/?s={search_term_string}"},"query-input":{"@type":"PropertyValueSpecification","valueRequired":true,"valueName":"search_term_string"}}],"inLanguage":"pt-BR"},{"@type":"Organization","@id":"https:\/\/www.latitude-15.com\/pt-br\/#organization","name":"LATITUDE 15","url":"https:\/\/www.latitude-15.com\/pt-br\/","logo":{"@type":"ImageObject","inLanguage":"pt-BR","@id":"https:\/\/www.latitude-15.com\/pt-br\/#\/schema\/logo\/image\/","url":"https:\/\/www.latitude-15.com\/wp-content\/uploads\/2026\/01\/cropped-logox500px.png","contentUrl":"https:\/\/www.latitude-15.com\/wp-content\/uploads\/2026\/01\/cropped-logox500px.png","width":62,"height":75,"caption":"LATITUDE 15"},"image":{"@id":"https:\/\/www.latitude-15.com\/pt-br\/#\/schema\/logo\/image\/"}},{"@type":"Person","@id":"https:\/\/www.latitude-15.com\/pt-br\/#\/schema\/person\/dac52e7ff44c78317f337da112e37252","name":"Joda J","image":{"@type":"ImageObject","inLanguage":"pt-BR","@id":"https:\/\/www.latitude-15.com\/pt-br\/#\/schema\/person\/image\/","url":"https:\/\/secure.gravatar.com\/avatar\/6b1feae555e15404b76616f92d931d12b25ac58024f14ccb43d9d3c012e4c4cf?s=96&d=mm&r=g","contentUrl":"https:\/\/secure.gravatar.com\/avatar\/6b1feae555e15404b76616f92d931d12b25ac58024f14ccb43d9d3c012e4c4cf?s=96&d=mm&r=g","caption":"Joda J"},"url":"https:\/\/www.latitude-15.com\/pt-br\/author\/joda\/"}]}},"_links":{"self":[{"href":"https:\/\/www.latitude-15.com\/pt-br\/wp-json\/wp\/v2\/posts\/21128","targetHints":{"allow":["GET"]}}],"collection":[{"href":"https:\/\/www.latitude-15.com\/pt-br\/wp-json\/wp\/v2\/posts"}],"about":[{"href":"https:\/\/www.latitude-15.com\/pt-br\/wp-json\/wp\/v2\/types\/post"}],"author":[{"embeddable":true,"href":"https:\/\/www.latitude-15.com\/pt-br\/wp-json\/wp\/v2\/users\/5"}],"replies":[{"embeddable":true,"href":"https:\/\/www.latitude-15.com\/pt-br\/wp-json\/wp\/v2\/comments?post=21128"}],"version-history":[{"count":1,"href":"https:\/\/www.latitude-15.com\/pt-br\/wp-json\/wp\/v2\/posts\/21128\/revisions"}],"predecessor-version":[{"id":21130,"href":"https:\/\/www.latitude-15.com\/pt-br\/wp-json\/wp\/v2\/posts\/21128\/revisions\/21130"}],"wp:featuredmedia":[{"embeddable":true,"href":"https:\/\/www.latitude-15.com\/pt-br\/wp-json\/wp\/v2\/media\/21119"}],"wp:attachment":[{"href":"https:\/\/www.latitude-15.com\/pt-br\/wp-json\/wp\/v2\/media?parent=21128"}],"wp:term":[{"taxonomy":"category","embeddable":true,"href":"https:\/\/www.latitude-15.com\/pt-br\/wp-json\/wp\/v2\/categories?post=21128"},{"taxonomy":"post_tag","embeddable":true,"href":"https:\/\/www.latitude-15.com\/pt-br\/wp-json\/wp\/v2\/tags?post=21128"}],"curies":[{"name":"wp","href":"https:\/\/api.w.org\/{rel}","templated":true}]}}