{"id":21083,"date":"2026-03-02T08:55:00","date_gmt":"2026-03-02T12:55:00","guid":{"rendered":"https:\/\/www.latitude-15.com\/csa-2025-sinaliza-um-ponto-de-inflexao-estrategico-para-a-competitividade-maritima-do-caribe\/"},"modified":"2026-03-19T09:33:34","modified_gmt":"2026-03-19T13:33:34","slug":"csa-2025-sinaliza-um-ponto-de-inflexao-estrategico-para-a-competitividade-maritima-do-caribe","status":"publish","type":"post","link":"https:\/\/www.latitude-15.com\/pt-br\/csa-2025-sinaliza-um-ponto-de-inflexao-estrategico-para-a-competitividade-maritima-do-caribe\/","title":{"rendered":"CSA 2025 sinaliza um ponto de inflex\u00e3o estrat\u00e9gico para a competitividade mar\u00edtima do Caribe"},"content":{"rendered":"\n<p>A 55\u00aa Confer\u00eancia Anual da Caribbean Shipping Association (CSA) foi realizada em Paramaribo, no Suriname, entre os dias 13 e 15 de outubro de 2025. O evento reuniu autoridades portu\u00e1rias da regi\u00e3o, executivos do setor de navega\u00e7\u00e3o, institui\u00e7\u00f5es de desenvolvimento e especialistas mar\u00edtimos para analisar tend\u00eancias de carga, moderniza\u00e7\u00e3o de infraestrutura, transforma\u00e7\u00e3o digital, transi\u00e7\u00e3o energ\u00e9tica e resili\u00eancia clim\u00e1tica em todo o Caribe e no norte da Am\u00e9rica do Sul. <\/p>\n\n<p>Para al\u00e9m das apresenta\u00e7\u00f5es individuais, a confer\u00eancia revelou um padr\u00e3o estrutural mais amplo. O sistema mar\u00edtimo caribenho n\u00e3o est\u00e1 apenas passando por uma moderniza\u00e7\u00e3o gradual; ele est\u00e1 entrando em uma fase de transforma\u00e7\u00e3o acelerada, impulsionada pela expans\u00e3o energ\u00e9tica, pela crescente press\u00e3o regulat\u00f3ria, pela exposi\u00e7\u00e3o clim\u00e1tica e pelos desafios de reforma institucional. <\/p>\n\n<h2 class=\"wp-block-heading\">O crescimento impulsionado pela energia est\u00e1 redesenhando o norte da bacia<\/h2>\n\n<p>Um dos sinais mais concretos apresentados em Paramaribo diz respeito \u00e0s proje\u00e7\u00f5es de carga associadas ao corredor energ\u00e9tico Guyana\u2013Suriname. Entre 2020 e 2024, a Guiana registrou um aumento de 77% nos volumes de FCL, com proje\u00e7\u00f5es indicando crescimento acumulado de +159% entre 2020 e 2028. No mesmo per\u00edodo, o Suriname dever\u00e1 atingir um crescimento de aproximadamente +69%.  <\/p>\n\n<p>As proje\u00e7\u00f5es apontam para um aumento anual sustentado de cerca de 10% entre 2025 e 2028. Os volumes de carga geral (break bulk) no Porto Jules Sedney tamb\u00e9m devem crescer de forma constante at\u00e9 2028. <\/p>\n\n<p>Esses n\u00fameros est\u00e3o diretamente ligados ao desenvolvimento do petr\u00f3leo offshore e \u00e0 expans\u00e3o das cadeias log\u00edsticas associadas. N\u00e3o se trata de uma volatilidade de curto prazo, mas de uma expans\u00e3o estrutural impulsionada pela energia. O eixo Guyana\u2013Suriname est\u00e1 se consolidando rapidamente como um corredor log\u00edstico estrat\u00e9gico, com influ\u00eancia crescente sobre os fluxos mar\u00edtimos no norte da Am\u00e9rica do Sul e em toda a bacia do Caribe.   <\/p>\n\n<p>A quest\u00e3o estrat\u00e9gica j\u00e1 n\u00e3o \u00e9 mais se os volumes ir\u00e3o crescer, mas se a infraestrutura portu\u00e1ria, as redes feeder e os modelos de governan\u00e7a est\u00e3o alinhados com essa acelera\u00e7\u00e3o.<\/p>\n\n<h2 class=\"wp-block-heading\">Gargalos de conectividade persistem apesar do crescimento dos volumes<\/h2>\n\n<p>Embora as proje\u00e7\u00f5es de carga indiquem expans\u00e3o, a conectividade intra-caribenha continua estruturalmente limitada.<\/p>\n\n<p>Os debates sobre integra\u00e7\u00e3o mar\u00edtima e multimodal destacaram limites persistentes de capacidade nos hubs de transbordo, fragilidade nas redes feeder e d\u00e9ficits de infraestrutura. Durante a confer\u00eancia, a situa\u00e7\u00e3o foi resumida de forma direta: um navio, um dia, um gargalo. <\/p>\n\n<p>O sistema mar\u00edtimo caribenho ainda depende fortemente de um n\u00famero restrito de configura\u00e7\u00f5es hub-and-spoke. \u00c0 medida que os volumes aumentam, esse risco de concentra\u00e7\u00e3o se intensifica. Sem investimentos em integra\u00e7\u00e3o multimodal e diversifica\u00e7\u00e3o das redes feeder, o crescimento impulsionado pelo setor energ\u00e9tico pode amplificar gargalos log\u00edsticos em vez de resolv\u00ea-los.  <\/p>\n\n<p>Nesse contexto, conectividade deixa de ser apenas uma quest\u00e3o log\u00edstica. Torna-se uma vari\u00e1vel estrutural de competitividade. <\/p>\n\n<h2 class=\"wp-block-heading\"><strong>A resili\u00eancia clim\u00e1tica tornou-se um imperativo econ\u00f4mico<br \/><\/strong><\/h2>\n\n<p>As discuss\u00f5es sobre risco clim\u00e1tico foram abordadas sob uma perspectiva operacional e econ\u00f4mica. A eleva\u00e7\u00e3o do n\u00edvel do mar, furac\u00f5es mais intensos e a eros\u00e3o costeira foram apresentados como realidades estruturais que precisam ser incorporadas ao planejamento estrat\u00e9gico dos portos. <\/p>\n\n<p>O planejamento de resili\u00eancia j\u00e1 est\u00e1 sendo integrado a estrat\u00e9gias de infraestrutura de longo prazo, com horizontes at\u00e9 2050 e al\u00e9m, combinando fatores de mercado, flexibilidade da infraestrutura e adapta\u00e7\u00e3o clim\u00e1tica. As implica\u00e7\u00f5es econ\u00f4micas foram claras: interrup\u00e7\u00f5es operacionais em portos caribenhos se traduzem diretamente em perda de receitas, interrup\u00e7\u00e3o de fluxos comerciais e impactos sociais nas comunidades dependentes desses sistemas log\u00edsticos. <\/p>\n\n<p>Para pequenas economias insulares, onde os portos funcionam como verdadeiras linhas vitais da economia, a resili\u00eancia clim\u00e1tica deixou de ser um elemento adicional de sustentabilidade. Ela se tornou uma necessidade operacional e financeira. Custos de seguro, decis\u00f5es de investimento e escolhas de rotas por parte das companhias mar\u00edtimas passam cada vez mais a incorporar m\u00e9tricas de resili\u00eancia.  <\/p>\n\n<p>Portos que integram o risco clim\u00e1tico ao planejamento de capital est\u00e3o se posicionando melhor para a competitividade de longo prazo.<\/p>\n\n<h2 class=\"wp-block-heading\">A digitaliza\u00e7\u00e3o avan\u00e7a, mas a reforma institucional fica para tr\u00e1s<\/h2>\n\n<p>A transforma\u00e7\u00e3o digital foi um dos temas centrais da confer\u00eancia, especialmente no que diz respeito aos Port Community Systems (PCS). No entanto, a avalia\u00e7\u00e3o regional continua desigual. Muitos portos da Am\u00e9rica Latina e do Caribe ainda operam predominantemente como centros de movimenta\u00e7\u00e3o de carga, sem uma vis\u00e3o integrada de cadeia log\u00edstica. A ado\u00e7\u00e3o de smart ports permanece limitada, lacunas de interoperabilidade persistem e restri\u00e7\u00f5es de financiamento desaceleram os processos de moderniza\u00e7\u00e3o.   <\/p>\n\n<p>O argumento econ\u00f4mico para implementa\u00e7\u00e3o de PCS \u00e9 claro. Exemplos internacionais citados incluem economias anuais de US$59 milh\u00f5es na Holanda, US$13 milh\u00f5es na Jamaica e cerca de US$80 milh\u00f5es em tr\u00eas anos em Singapura. Ainda assim, a implementa\u00e7\u00e3o no Caribe enfrenta obst\u00e1culos institucionais e legais, incluindo a aus\u00eancia de mecanismos de participa\u00e7\u00e3o obrigat\u00f3ria, preocupa\u00e7\u00f5es com prote\u00e7\u00e3o de dados e complexidade na integra\u00e7\u00e3o aduaneira.  <\/p>\n\n<p>A conclus\u00e3o \u00e9 estrutural, n\u00e3o tecnol\u00f3gica. Ferramentas digitais n\u00e3o conseguem compensar uma governan\u00e7a fragmentada. Sem harmoniza\u00e7\u00e3o jur\u00eddica e coordena\u00e7\u00e3o institucional, a digitaliza\u00e7\u00e3o corre o risco de permanecer como moderniza\u00e7\u00e3o parcial, e n\u00e3o como transforma\u00e7\u00e3o sist\u00eamica.  <\/p>\n\n<h2 class=\"wp-block-heading\">A descarboniza\u00e7\u00e3o est\u00e1 redefinindo o planejamento de infraestrutura<\/h2>\n\n<p>Os debates sobre descarboniza\u00e7\u00e3o foram ancorados em metas regulat\u00f3rias internacionais. Entre os objetivos apresentados est\u00e3o a redu\u00e7\u00e3o de 40% das emiss\u00f5es de CO\u2082 por unidade de transporte at\u00e9 2030, uma redu\u00e7\u00e3o de 20% nas emiss\u00f5es totais de gases de efeito estufa at\u00e9 2030, 70% at\u00e9 2040 e neutralidade clim\u00e1tica at\u00e9 2050. Al\u00e9m disso, pelo menos 5%, com meta de alcan\u00e7ar 10%, da energia utilizada no transporte mar\u00edtimo internacional dever\u00e1 vir de tecnologias de emiss\u00e3o zero ou quase zero at\u00e9 2030.  <\/p>\n\n<p>As proje\u00e7\u00f5es de transi\u00e7\u00e3o energ\u00e9tica indicam que o GNL poder\u00e1 representar cerca de 41% da matriz energ\u00e9tica mar\u00edtima global at\u00e9 2050, especialmente nos segmentos de cont\u00eaineres e cruzeiros.<\/p>\n\n<p>Para o Caribe, a quest\u00e3o estrat\u00e9gica est\u00e1 no equil\u00edbrio entre conformidade regulat\u00f3ria e oportunidade econ\u00f4mica. A regi\u00e3o possui recursos de g\u00e1s natural em Trinidad e Tobago, Guiana e Suriname, enquanto o potencial de combust\u00edveis derivados de biomassa \u2014 incluindo algas, res\u00edduos org\u00e2nicos e esterco \u2014 foi identificado como parte de um poss\u00edvel ecossistema regional de combust\u00edveis verdes. <\/p>\n\n<p>A transi\u00e7\u00e3o energ\u00e9tica j\u00e1 est\u00e1 influenciando encomendas de navios, investimentos em eletrifica\u00e7\u00e3o portu\u00e1ria e a competitividade portu\u00e1ria de longo prazo.<\/p>\n\n<h2 class=\"wp-block-heading\">Um teste estrutural de integra\u00e7\u00e3o<\/h2>\n\n<p>Quando analisados em conjunto, os sinais emergentes da CSA 2025 apontam para uma realidade sist\u00eamica. O crescimento do volume de cargas est\u00e1 acelerando. A exposi\u00e7\u00e3o clim\u00e1tica est\u00e1 aumentando. A descarboniza\u00e7\u00e3o regulat\u00f3ria est\u00e1 se intensificando. Sistemas digitais est\u00e3o avan\u00e7ando. No entanto, a fragmenta\u00e7\u00e3o institucional e as lacunas multimodais persistem.     <\/p>\n\n<p>O setor mar\u00edtimo caribenho est\u00e1 crescendo mais r\u00e1pido do que sua arquitetura institucional consegue evoluir.<\/p>\n\n<p>A CSA 2025 n\u00e3o anunciou uma ruptura imediata. Ela revelou um teste estrat\u00e9gico. Portos capazes de alinhar crescimento impulsionado pela energia com reformas de governan\u00e7a, resili\u00eancia clim\u00e1tica e integra\u00e7\u00e3o digital consolidar\u00e3o sua posi\u00e7\u00e3o de lideran\u00e7a na regi\u00e3o. Aqueles que abordarem essas transi\u00e7\u00f5es de forma isolada correm o risco de transformar crescimento em vulnerabilidade estrutural.   <\/p>\n\n<p>Os pr\u00f3ximos cinco anos provavelmente determinar\u00e3o se o sistema mar\u00edtimo caribenho evoluir\u00e1 para uma competitividade integrada \u2014 ou permanecer\u00e1 fragmentado sob press\u00e3o crescente.<\/p>\n\n<p class=\"has-text-align-right\">\u2014 Baixe aqui todas as apresenta\u00e7\u00f5es da <a href=\"https:\/\/caribbeanshipping.org\/csa-october-2025-conference-presentations\/\">Confer\u00eancia CSA OUTUBRO 2025<\/a><\/p>\n","protected":false},"excerpt":{"rendered":"<p>A 55\u00aa Confer\u00eancia Anual da Caribbean Shipping Association (CSA) foi realizada em Paramaribo, no Suriname, entre os dias 13 e 15 de outubro de 2025. O evento reuniu autoridades portu\u00e1rias da regi\u00e3o, executivos do setor de navega\u00e7\u00e3o, institui\u00e7\u00f5es de desenvolvimento e especialistas mar\u00edtimos para analisar tend\u00eancias de carga, moderniza\u00e7\u00e3o de infraestrutura, transforma\u00e7\u00e3o digital, transi\u00e7\u00e3o energ\u00e9tica [&hellip;]<\/p>\n","protected":false},"author":5,"featured_media":21050,"comment_status":"open","ping_status":"open","sticky":false,"template":"","format":"standard","meta":{"footnotes":""},"categories":[119,137],"tags":[],"class_list":["post-21083","post","type-post","status-publish","format-standard","has-post-thumbnail","hentry","category-maritimo","category-portos-e-logistica"],"yoast_head":"<!-- This site is optimized with the Yoast SEO plugin v26.9 - https:\/\/yoast.com\/product\/yoast-seo-wordpress\/ -->\n<title>CSA 2025 \u2013 A competitividade mar\u00edtima do Caribe em um ponto de inflex\u00e3o<\/title>\n<meta name=\"description\" content=\"A 55\u00aa Confer\u00eancia da Caribbean Shipping Association (CSA 2025) revela mudan\u00e7as estruturais que est\u00e3o redefinindo a competitividade mar\u00edtima na regi\u00e3o do Caribe. Leia a an\u00e1lise completa neste artigo.\" \/>\n<meta name=\"robots\" content=\"index, follow, max-snippet:-1, max-image-preview:large, max-video-preview:-1\" \/>\n<link rel=\"canonical\" href=\"https:\/\/www.latitude-15.com\/pt-br\/csa-2025-sinaliza-um-ponto-de-inflexao-estrategico-para-a-competitividade-maritima-do-caribe\/\" \/>\n<meta property=\"og:locale\" content=\"pt_BR\" \/>\n<meta property=\"og:type\" content=\"article\" \/>\n<meta property=\"og:title\" content=\"CSA 2025 \u2013 A competitividade mar\u00edtima do Caribe em um ponto de inflex\u00e3o\" \/>\n<meta property=\"og:description\" content=\"A 55\u00aa Confer\u00eancia da Caribbean Shipping Association (CSA 2025) revela mudan\u00e7as estruturais que est\u00e3o redefinindo a competitividade mar\u00edtima na regi\u00e3o do Caribe. Leia a an\u00e1lise completa neste artigo.\" \/>\n<meta property=\"og:url\" content=\"https:\/\/www.latitude-15.com\/pt-br\/csa-2025-sinaliza-um-ponto-de-inflexao-estrategico-para-a-competitividade-maritima-do-caribe\/\" \/>\n<meta property=\"og:site_name\" content=\"LATITUDE 15\" \/>\n<meta property=\"article:published_time\" content=\"2026-03-02T12:55:00+00:00\" \/>\n<meta property=\"article:modified_time\" content=\"2026-03-19T13:33:34+00:00\" \/>\n<meta property=\"og:image\" content=\"https:\/\/www.latitude-15.com\/wp-content\/uploads\/2026\/03\/CSA-55th.jpg\" \/>\n\t<meta property=\"og:image:width\" content=\"1500\" \/>\n\t<meta property=\"og:image:height\" content=\"1000\" \/>\n\t<meta property=\"og:image:type\" content=\"image\/jpeg\" \/>\n<meta name=\"author\" content=\"Joda J\" \/>\n<meta name=\"twitter:card\" content=\"summary_large_image\" \/>\n<meta name=\"twitter:label1\" content=\"Escrito por\" \/>\n\t<meta name=\"twitter:data1\" content=\"Joda J\" \/>\n\t<meta name=\"twitter:label2\" content=\"Est. tempo de leitura\" \/>\n\t<meta name=\"twitter:data2\" content=\"7 minutos\" \/>\n<script type=\"application\/ld+json\" class=\"yoast-schema-graph\">{\"@context\":\"https:\/\/schema.org\",\"@graph\":[{\"@type\":\"Article\",\"@id\":\"https:\/\/www.latitude-15.com\/pt-br\/csa-2025-sinaliza-um-ponto-de-inflexao-estrategico-para-a-competitividade-maritima-do-caribe\/#article\",\"isPartOf\":{\"@id\":\"https:\/\/www.latitude-15.com\/pt-br\/csa-2025-sinaliza-um-ponto-de-inflexao-estrategico-para-a-competitividade-maritima-do-caribe\/\"},\"author\":{\"name\":\"Joda J\",\"@id\":\"https:\/\/www.latitude-15.com\/pt-br\/#\/schema\/person\/dac52e7ff44c78317f337da112e37252\"},\"headline\":\"CSA 2025 sinaliza um ponto de inflex\u00e3o estrat\u00e9gico para a competitividade mar\u00edtima do Caribe\",\"datePublished\":\"2026-03-02T12:55:00+00:00\",\"dateModified\":\"2026-03-19T13:33:34+00:00\",\"mainEntityOfPage\":{\"@id\":\"https:\/\/www.latitude-15.com\/pt-br\/csa-2025-sinaliza-um-ponto-de-inflexao-estrategico-para-a-competitividade-maritima-do-caribe\/\"},\"wordCount\":1344,\"commentCount\":0,\"publisher\":{\"@id\":\"https:\/\/www.latitude-15.com\/pt-br\/#organization\"},\"image\":{\"@id\":\"https:\/\/www.latitude-15.com\/pt-br\/csa-2025-sinaliza-um-ponto-de-inflexao-estrategico-para-a-competitividade-maritima-do-caribe\/#primaryimage\"},\"thumbnailUrl\":\"https:\/\/www.latitude-15.com\/wp-content\/uploads\/2026\/03\/CSA-55th.jpg\",\"articleSection\":[\"MAR\u00cdTIMO\",\"Portos e log\u00edstica\"],\"inLanguage\":\"pt-BR\",\"potentialAction\":[{\"@type\":\"CommentAction\",\"name\":\"Comment\",\"target\":[\"https:\/\/www.latitude-15.com\/pt-br\/csa-2025-sinaliza-um-ponto-de-inflexao-estrategico-para-a-competitividade-maritima-do-caribe\/#respond\"]}]},{\"@type\":\"WebPage\",\"@id\":\"https:\/\/www.latitude-15.com\/pt-br\/csa-2025-sinaliza-um-ponto-de-inflexao-estrategico-para-a-competitividade-maritima-do-caribe\/\",\"url\":\"https:\/\/www.latitude-15.com\/pt-br\/csa-2025-sinaliza-um-ponto-de-inflexao-estrategico-para-a-competitividade-maritima-do-caribe\/\",\"name\":\"CSA 2025 \u2013 A competitividade mar\u00edtima do Caribe em um ponto de inflex\u00e3o\",\"isPartOf\":{\"@id\":\"https:\/\/www.latitude-15.com\/pt-br\/#website\"},\"primaryImageOfPage\":{\"@id\":\"https:\/\/www.latitude-15.com\/pt-br\/csa-2025-sinaliza-um-ponto-de-inflexao-estrategico-para-a-competitividade-maritima-do-caribe\/#primaryimage\"},\"image\":{\"@id\":\"https:\/\/www.latitude-15.com\/pt-br\/csa-2025-sinaliza-um-ponto-de-inflexao-estrategico-para-a-competitividade-maritima-do-caribe\/#primaryimage\"},\"thumbnailUrl\":\"https:\/\/www.latitude-15.com\/wp-content\/uploads\/2026\/03\/CSA-55th.jpg\",\"datePublished\":\"2026-03-02T12:55:00+00:00\",\"dateModified\":\"2026-03-19T13:33:34+00:00\",\"description\":\"A 55\u00aa Confer\u00eancia da Caribbean Shipping Association (CSA 2025) revela mudan\u00e7as estruturais que est\u00e3o redefinindo a competitividade mar\u00edtima na regi\u00e3o do Caribe. Leia a an\u00e1lise completa neste artigo.\",\"breadcrumb\":{\"@id\":\"https:\/\/www.latitude-15.com\/pt-br\/csa-2025-sinaliza-um-ponto-de-inflexao-estrategico-para-a-competitividade-maritima-do-caribe\/#breadcrumb\"},\"inLanguage\":\"pt-BR\",\"potentialAction\":[{\"@type\":\"ReadAction\",\"target\":[\"https:\/\/www.latitude-15.com\/pt-br\/csa-2025-sinaliza-um-ponto-de-inflexao-estrategico-para-a-competitividade-maritima-do-caribe\/\"]}]},{\"@type\":\"ImageObject\",\"inLanguage\":\"pt-BR\",\"@id\":\"https:\/\/www.latitude-15.com\/pt-br\/csa-2025-sinaliza-um-ponto-de-inflexao-estrategico-para-a-competitividade-maritima-do-caribe\/#primaryimage\",\"url\":\"https:\/\/www.latitude-15.com\/wp-content\/uploads\/2026\/03\/CSA-55th.jpg\",\"contentUrl\":\"https:\/\/www.latitude-15.com\/wp-content\/uploads\/2026\/03\/CSA-55th.jpg\",\"width\":1500,\"height\":1000,\"caption\":\"\u00a9CSA\"},{\"@type\":\"BreadcrumbList\",\"@id\":\"https:\/\/www.latitude-15.com\/pt-br\/csa-2025-sinaliza-um-ponto-de-inflexao-estrategico-para-a-competitividade-maritima-do-caribe\/#breadcrumb\",\"itemListElement\":[{\"@type\":\"ListItem\",\"position\":1,\"name\":\"Home\",\"item\":\"https:\/\/www.latitude-15.com\/pt-br\/inicio\/\"},{\"@type\":\"ListItem\",\"position\":2,\"name\":\"CSA 2025 sinaliza um ponto de inflex\u00e3o estrat\u00e9gico para a competitividade mar\u00edtima do Caribe\"}]},{\"@type\":\"WebSite\",\"@id\":\"https:\/\/www.latitude-15.com\/pt-br\/#website\",\"url\":\"https:\/\/www.latitude-15.com\/pt-br\/\",\"name\":\"LATITUDE 15\",\"description\":\"Aviation and maritime Magazine - Caribbean &amp; Latin America\",\"publisher\":{\"@id\":\"https:\/\/www.latitude-15.com\/pt-br\/#organization\"},\"potentialAction\":[{\"@type\":\"SearchAction\",\"target\":{\"@type\":\"EntryPoint\",\"urlTemplate\":\"https:\/\/www.latitude-15.com\/pt-br\/?s={search_term_string}\"},\"query-input\":{\"@type\":\"PropertyValueSpecification\",\"valueRequired\":true,\"valueName\":\"search_term_string\"}}],\"inLanguage\":\"pt-BR\"},{\"@type\":\"Organization\",\"@id\":\"https:\/\/www.latitude-15.com\/pt-br\/#organization\",\"name\":\"LATITUDE 15\",\"url\":\"https:\/\/www.latitude-15.com\/pt-br\/\",\"logo\":{\"@type\":\"ImageObject\",\"inLanguage\":\"pt-BR\",\"@id\":\"https:\/\/www.latitude-15.com\/pt-br\/#\/schema\/logo\/image\/\",\"url\":\"https:\/\/www.latitude-15.com\/wp-content\/uploads\/2026\/01\/cropped-logox500px.png\",\"contentUrl\":\"https:\/\/www.latitude-15.com\/wp-content\/uploads\/2026\/01\/cropped-logox500px.png\",\"width\":62,\"height\":75,\"caption\":\"LATITUDE 15\"},\"image\":{\"@id\":\"https:\/\/www.latitude-15.com\/pt-br\/#\/schema\/logo\/image\/\"}},{\"@type\":\"Person\",\"@id\":\"https:\/\/www.latitude-15.com\/pt-br\/#\/schema\/person\/dac52e7ff44c78317f337da112e37252\",\"name\":\"Joda J\",\"image\":{\"@type\":\"ImageObject\",\"inLanguage\":\"pt-BR\",\"@id\":\"https:\/\/www.latitude-15.com\/pt-br\/#\/schema\/person\/image\/\",\"url\":\"https:\/\/secure.gravatar.com\/avatar\/6b1feae555e15404b76616f92d931d12b25ac58024f14ccb43d9d3c012e4c4cf?s=96&d=mm&r=g\",\"contentUrl\":\"https:\/\/secure.gravatar.com\/avatar\/6b1feae555e15404b76616f92d931d12b25ac58024f14ccb43d9d3c012e4c4cf?s=96&d=mm&r=g\",\"caption\":\"Joda J\"},\"url\":\"https:\/\/www.latitude-15.com\/pt-br\/author\/joda\/\"}]}<\/script>\n<!-- \/ Yoast SEO plugin. -->","yoast_head_json":{"title":"CSA 2025 \u2013 A competitividade mar\u00edtima do Caribe em um ponto de inflex\u00e3o","description":"A 55\u00aa Confer\u00eancia da Caribbean Shipping Association (CSA 2025) revela mudan\u00e7as estruturais que est\u00e3o redefinindo a competitividade mar\u00edtima na regi\u00e3o do Caribe. Leia a an\u00e1lise completa neste artigo.","robots":{"index":"index","follow":"follow","max-snippet":"max-snippet:-1","max-image-preview":"max-image-preview:large","max-video-preview":"max-video-preview:-1"},"canonical":"https:\/\/www.latitude-15.com\/pt-br\/csa-2025-sinaliza-um-ponto-de-inflexao-estrategico-para-a-competitividade-maritima-do-caribe\/","og_locale":"pt_BR","og_type":"article","og_title":"CSA 2025 \u2013 A competitividade mar\u00edtima do Caribe em um ponto de inflex\u00e3o","og_description":"A 55\u00aa Confer\u00eancia da Caribbean Shipping Association (CSA 2025) revela mudan\u00e7as estruturais que est\u00e3o redefinindo a competitividade mar\u00edtima na regi\u00e3o do Caribe. Leia a an\u00e1lise completa neste artigo.","og_url":"https:\/\/www.latitude-15.com\/pt-br\/csa-2025-sinaliza-um-ponto-de-inflexao-estrategico-para-a-competitividade-maritima-do-caribe\/","og_site_name":"LATITUDE 15","article_published_time":"2026-03-02T12:55:00+00:00","article_modified_time":"2026-03-19T13:33:34+00:00","og_image":[{"width":1500,"height":1000,"url":"https:\/\/www.latitude-15.com\/wp-content\/uploads\/2026\/03\/CSA-55th.jpg","type":"image\/jpeg"}],"author":"Joda J","twitter_card":"summary_large_image","twitter_misc":{"Escrito por":"Joda J","Est. tempo de leitura":"7 minutos"},"schema":{"@context":"https:\/\/schema.org","@graph":[{"@type":"Article","@id":"https:\/\/www.latitude-15.com\/pt-br\/csa-2025-sinaliza-um-ponto-de-inflexao-estrategico-para-a-competitividade-maritima-do-caribe\/#article","isPartOf":{"@id":"https:\/\/www.latitude-15.com\/pt-br\/csa-2025-sinaliza-um-ponto-de-inflexao-estrategico-para-a-competitividade-maritima-do-caribe\/"},"author":{"name":"Joda J","@id":"https:\/\/www.latitude-15.com\/pt-br\/#\/schema\/person\/dac52e7ff44c78317f337da112e37252"},"headline":"CSA 2025 sinaliza um ponto de inflex\u00e3o estrat\u00e9gico para a competitividade mar\u00edtima do Caribe","datePublished":"2026-03-02T12:55:00+00:00","dateModified":"2026-03-19T13:33:34+00:00","mainEntityOfPage":{"@id":"https:\/\/www.latitude-15.com\/pt-br\/csa-2025-sinaliza-um-ponto-de-inflexao-estrategico-para-a-competitividade-maritima-do-caribe\/"},"wordCount":1344,"commentCount":0,"publisher":{"@id":"https:\/\/www.latitude-15.com\/pt-br\/#organization"},"image":{"@id":"https:\/\/www.latitude-15.com\/pt-br\/csa-2025-sinaliza-um-ponto-de-inflexao-estrategico-para-a-competitividade-maritima-do-caribe\/#primaryimage"},"thumbnailUrl":"https:\/\/www.latitude-15.com\/wp-content\/uploads\/2026\/03\/CSA-55th.jpg","articleSection":["MAR\u00cdTIMO","Portos e log\u00edstica"],"inLanguage":"pt-BR","potentialAction":[{"@type":"CommentAction","name":"Comment","target":["https:\/\/www.latitude-15.com\/pt-br\/csa-2025-sinaliza-um-ponto-de-inflexao-estrategico-para-a-competitividade-maritima-do-caribe\/#respond"]}]},{"@type":"WebPage","@id":"https:\/\/www.latitude-15.com\/pt-br\/csa-2025-sinaliza-um-ponto-de-inflexao-estrategico-para-a-competitividade-maritima-do-caribe\/","url":"https:\/\/www.latitude-15.com\/pt-br\/csa-2025-sinaliza-um-ponto-de-inflexao-estrategico-para-a-competitividade-maritima-do-caribe\/","name":"CSA 2025 \u2013 A competitividade mar\u00edtima do Caribe em um ponto de inflex\u00e3o","isPartOf":{"@id":"https:\/\/www.latitude-15.com\/pt-br\/#website"},"primaryImageOfPage":{"@id":"https:\/\/www.latitude-15.com\/pt-br\/csa-2025-sinaliza-um-ponto-de-inflexao-estrategico-para-a-competitividade-maritima-do-caribe\/#primaryimage"},"image":{"@id":"https:\/\/www.latitude-15.com\/pt-br\/csa-2025-sinaliza-um-ponto-de-inflexao-estrategico-para-a-competitividade-maritima-do-caribe\/#primaryimage"},"thumbnailUrl":"https:\/\/www.latitude-15.com\/wp-content\/uploads\/2026\/03\/CSA-55th.jpg","datePublished":"2026-03-02T12:55:00+00:00","dateModified":"2026-03-19T13:33:34+00:00","description":"A 55\u00aa Confer\u00eancia da Caribbean Shipping Association (CSA 2025) revela mudan\u00e7as estruturais que est\u00e3o redefinindo a competitividade mar\u00edtima na regi\u00e3o do Caribe. Leia a an\u00e1lise completa neste artigo.","breadcrumb":{"@id":"https:\/\/www.latitude-15.com\/pt-br\/csa-2025-sinaliza-um-ponto-de-inflexao-estrategico-para-a-competitividade-maritima-do-caribe\/#breadcrumb"},"inLanguage":"pt-BR","potentialAction":[{"@type":"ReadAction","target":["https:\/\/www.latitude-15.com\/pt-br\/csa-2025-sinaliza-um-ponto-de-inflexao-estrategico-para-a-competitividade-maritima-do-caribe\/"]}]},{"@type":"ImageObject","inLanguage":"pt-BR","@id":"https:\/\/www.latitude-15.com\/pt-br\/csa-2025-sinaliza-um-ponto-de-inflexao-estrategico-para-a-competitividade-maritima-do-caribe\/#primaryimage","url":"https:\/\/www.latitude-15.com\/wp-content\/uploads\/2026\/03\/CSA-55th.jpg","contentUrl":"https:\/\/www.latitude-15.com\/wp-content\/uploads\/2026\/03\/CSA-55th.jpg","width":1500,"height":1000,"caption":"\u00a9CSA"},{"@type":"BreadcrumbList","@id":"https:\/\/www.latitude-15.com\/pt-br\/csa-2025-sinaliza-um-ponto-de-inflexao-estrategico-para-a-competitividade-maritima-do-caribe\/#breadcrumb","itemListElement":[{"@type":"ListItem","position":1,"name":"Home","item":"https:\/\/www.latitude-15.com\/pt-br\/inicio\/"},{"@type":"ListItem","position":2,"name":"CSA 2025 sinaliza um ponto de inflex\u00e3o estrat\u00e9gico para a competitividade mar\u00edtima do Caribe"}]},{"@type":"WebSite","@id":"https:\/\/www.latitude-15.com\/pt-br\/#website","url":"https:\/\/www.latitude-15.com\/pt-br\/","name":"LATITUDE 15","description":"Aviation and maritime Magazine - Caribbean &amp; Latin America","publisher":{"@id":"https:\/\/www.latitude-15.com\/pt-br\/#organization"},"potentialAction":[{"@type":"SearchAction","target":{"@type":"EntryPoint","urlTemplate":"https:\/\/www.latitude-15.com\/pt-br\/?s={search_term_string}"},"query-input":{"@type":"PropertyValueSpecification","valueRequired":true,"valueName":"search_term_string"}}],"inLanguage":"pt-BR"},{"@type":"Organization","@id":"https:\/\/www.latitude-15.com\/pt-br\/#organization","name":"LATITUDE 15","url":"https:\/\/www.latitude-15.com\/pt-br\/","logo":{"@type":"ImageObject","inLanguage":"pt-BR","@id":"https:\/\/www.latitude-15.com\/pt-br\/#\/schema\/logo\/image\/","url":"https:\/\/www.latitude-15.com\/wp-content\/uploads\/2026\/01\/cropped-logox500px.png","contentUrl":"https:\/\/www.latitude-15.com\/wp-content\/uploads\/2026\/01\/cropped-logox500px.png","width":62,"height":75,"caption":"LATITUDE 15"},"image":{"@id":"https:\/\/www.latitude-15.com\/pt-br\/#\/schema\/logo\/image\/"}},{"@type":"Person","@id":"https:\/\/www.latitude-15.com\/pt-br\/#\/schema\/person\/dac52e7ff44c78317f337da112e37252","name":"Joda J","image":{"@type":"ImageObject","inLanguage":"pt-BR","@id":"https:\/\/www.latitude-15.com\/pt-br\/#\/schema\/person\/image\/","url":"https:\/\/secure.gravatar.com\/avatar\/6b1feae555e15404b76616f92d931d12b25ac58024f14ccb43d9d3c012e4c4cf?s=96&d=mm&r=g","contentUrl":"https:\/\/secure.gravatar.com\/avatar\/6b1feae555e15404b76616f92d931d12b25ac58024f14ccb43d9d3c012e4c4cf?s=96&d=mm&r=g","caption":"Joda J"},"url":"https:\/\/www.latitude-15.com\/pt-br\/author\/joda\/"}]}},"_links":{"self":[{"href":"https:\/\/www.latitude-15.com\/pt-br\/wp-json\/wp\/v2\/posts\/21083","targetHints":{"allow":["GET"]}}],"collection":[{"href":"https:\/\/www.latitude-15.com\/pt-br\/wp-json\/wp\/v2\/posts"}],"about":[{"href":"https:\/\/www.latitude-15.com\/pt-br\/wp-json\/wp\/v2\/types\/post"}],"author":[{"embeddable":true,"href":"https:\/\/www.latitude-15.com\/pt-br\/wp-json\/wp\/v2\/users\/5"}],"replies":[{"embeddable":true,"href":"https:\/\/www.latitude-15.com\/pt-br\/wp-json\/wp\/v2\/comments?post=21083"}],"version-history":[{"count":5,"href":"https:\/\/www.latitude-15.com\/pt-br\/wp-json\/wp\/v2\/posts\/21083\/revisions"}],"predecessor-version":[{"id":21791,"href":"https:\/\/www.latitude-15.com\/pt-br\/wp-json\/wp\/v2\/posts\/21083\/revisions\/21791"}],"wp:featuredmedia":[{"embeddable":true,"href":"https:\/\/www.latitude-15.com\/pt-br\/wp-json\/wp\/v2\/media\/21050"}],"wp:attachment":[{"href":"https:\/\/www.latitude-15.com\/pt-br\/wp-json\/wp\/v2\/media?parent=21083"}],"wp:term":[{"taxonomy":"category","embeddable":true,"href":"https:\/\/www.latitude-15.com\/pt-br\/wp-json\/wp\/v2\/categories?post=21083"},{"taxonomy":"post_tag","embeddable":true,"href":"https:\/\/www.latitude-15.com\/pt-br\/wp-json\/wp\/v2\/tags?post=21083"}],"curies":[{"name":"wp","href":"https:\/\/api.w.org\/{rel}","templated":true}]}}