{"id":21047,"date":"2026-03-03T09:13:00","date_gmt":"2026-03-03T13:13:00","guid":{"rendered":"https:\/\/www.latitude-15.com\/conectividade-aerea-no-caribe-da-fragmentacao-ao-alinhamento-estrutural\/"},"modified":"2026-03-03T09:59:04","modified_gmt":"2026-03-03T13:59:04","slug":"conectividade-aerea-no-caribe-da-fragmentacao-ao-alinhamento-estrutural","status":"publish","type":"post","link":"https:\/\/www.latitude-15.com\/pt-br\/conectividade-aerea-no-caribe-da-fragmentacao-ao-alinhamento-estrutural\/","title":{"rendered":"Conectividade A\u00e9rea no Caribe: Da Fragmenta\u00e7\u00e3o ao Alinhamento Estrutural"},"content":{"rendered":"\n<p>A c\u00fapula inaugural de Conectividade A\u00e9rea da CTO fez mais do que reunir ministros e partes interessadas da avia\u00e7\u00e3o. Ela exp\u00f4s uma realidade estrutural: o desafio da conectividade a\u00e9rea do Caribe n\u00e3o se trata mais de marketing de rotas \u2014 trata-se de alinhamento econ\u00f4mico. <\/p>\n\n<p>Por tr\u00e1s das discuss\u00f5es sobre impostos, tarifas intrarregionais e fluxos tur\u00edsticos, reside uma quest\u00e3o mais profunda: a fragmenta\u00e7\u00e3o aumenta o custo estrutural, enfraquece o poder de negocia\u00e7\u00e3o com as companhias a\u00e9reas e distorce a aloca\u00e7\u00e3o de capital regional.<\/p>\n\n<p>Como afirmou um ministro durante o painel:  <\/p>\n\n<blockquote class=\"wp-block-quote is-layout-flow wp-block-quote-is-layout-flow\">\n<h3 class=\"wp-block-heading has-text-align-left\">\u201cO maior concorrente do Caribe n\u00e3o s\u00e3o os Estados Unidos, n\u00e3o \u00e9 a Europa, n\u00e3o \u00e9 o Canad\u00e1, \u00e9 a nossa pr\u00f3pria fragmenta\u00e7\u00e3o.\u201d  <\/h3>\n\n\n\n<p class=\"has-text-align-right\">\u2014 <em><strong>Grisha Heyliger-Marten \u2013 Vice-Primeira-Ministra \/ Ministra do Turismo, Assuntos Econ\u00f4micos, Transportes e Telecomunica\u00e7\u00f5es, Sint Maarten<\/strong><\/em><\/p>\n<\/blockquote>\n\n<p>A observa\u00e7\u00e3o n\u00e3o foi ret\u00f3rica. Refletiu uma preocupa\u00e7\u00e3o estrutural sobre as inefici\u00eancias econ\u00f4micas criadas pelo desalinhamento de pol\u00edticas entre as jurisdi\u00e7\u00f5es insulares. <\/p>\n\n<h2 class=\"wp-block-heading\"><strong>A Fragmenta\u00e7\u00e3o como Multiplicador de Custos<\/strong><\/h2>\n\n<p>V\u00e1rios ministros reconheceram que o Caribe muitas vezes compete internamente em vez de operar como um bloco de avia\u00e7\u00e3o coordenado. Embora formulada diplomaticamente, a implica\u00e7\u00e3o subjacente era econ\u00f4mica: regimes fiscais fragmentados, estruturas tribut\u00e1rias inconsistentes e marcos regulat\u00f3rios desalinhados aumentam o risco das rotas. <\/p>\n\n<p>As viagens dentro do Caribe permanecem desproporcionalmente caras em rela\u00e7\u00e3o aos voos de longa dist\u00e2ncia. Uma interven\u00e7\u00e3o da plateia destacou um exemplo marcante: voar entre ilhas vizinhas pode custar mais do que viajar para a Am\u00e9rica do Norte. <\/p>\n\n<p>Mas o painel foi al\u00e9m dos argumentos emocionais sobre custos. Um ministro apontou que a redu\u00e7\u00e3o dos impostos sobre viagens regionais em sua jurisdi\u00e7\u00e3o n\u00e3o aumentou o tr\u00e1fego de forma relevante.   <\/p>\n\n<blockquote class=\"wp-block-quote is-style-default is-layout-flow wp-block-quote-is-layout-flow\">\n<h3 class=\"wp-block-heading has-text-align-left\">\u201cEm Santa L\u00facia, reduzimos o imposto sobre viagens regionais. N\u00e3o fez diferen\u00e7a nenhuma.\u201d  <\/h3>\n\n\n\n<p class=\"has-text-align-right\">\u2014 <strong><em>Dr. Ernest Hilaire, Vice-Primeiro-Ministro e Ministro do Turismo, Com\u00e9rcio, Investimento, Ind\u00fastrias Criativas e Cultura, Santa L\u00facia<\/em><\/strong><\/p>\n<\/blockquote>\n\n<p>Ajustes de pre\u00e7os, por si s\u00f3, n\u00e3o resolvem a fraqueza estrutural da demanda. Tarifas mais baixas sem um est\u00edmulo coordenado \u00e0 demanda simplesmente comprimem as margens sem garantir um crescimento sustent\u00e1vel do tr\u00e1fego. <\/p>\n\n<h2 class=\"wp-block-heading\"><strong>O Mercado de 44 Milh\u00f5es \u2014 Potencial vs. Demanda Real<\/strong><\/h2>\n\n<p>A cifra de 44 milh\u00f5es de residentes caribenhos surgiu como uma oportunidade intrarregional te\u00f3rica. No papel, essa popula\u00e7\u00e3o representa um mercado endere\u00e7\u00e1vel significativo. <\/p>\n\n<p>No entanto, o debate ministerial introduziu uma perspectiva mais sofisticada: a mobilidade n\u00e3o \u00e9 autom\u00e1tica. A demanda precisa ser ativada. <\/p>\n\n<p>Historicamente, as viagens regionais seguiam fortes indutores de demanda \u2014 torneios de cr\u00edquete, movimentos juvenis, carnavais, eventos culturais. Quando esses indutores enfraquecem, o tr\u00e1fego diminui. <\/p>\n\n<p>Para as companhias a\u00e9reas e planejadores de rotas, isso desloca a conversa de \u201ctamanho da popula\u00e7\u00e3o\u201d para \u201carquitetura da demanda\u201d. Sem uma estrat\u00e9gia de eventos coordenada, otimiza\u00e7\u00e3o de frequ\u00eancia e est\u00edmulo previs\u00edvel ao tr\u00e1fego, o n\u00famero de 44 milh\u00f5es permanece como um potencial latente, em vez de uma demanda rent\u00e1vel. <\/p>\n\n<p>A c\u00fapula deixou claro: o tamanho da popula\u00e7\u00e3o n\u00e3o equivale \u00e0 estabilidade de rendimento.<\/p>\n\n<h2 class=\"wp-block-heading\"><strong>Pol\u00edtica Fiscal como Risco de Rota<\/strong><\/h2>\n\n<p>Um dos tons mais importantes da c\u00fapula foi o reconhecimento de que a conectividade a\u00e9rea \u00e9 moldada tanto pelos minist\u00e9rios das finan\u00e7as quanto pelos minist\u00e9rios do turismo.<\/p>\n\n<p>Taxas de embarque, tarifas de servi\u00e7o aos passageiros e a depend\u00eancia fiscal das receitas da avia\u00e7\u00e3o criam uma tens\u00e3o estrutural:<\/p>\n\n<ul class=\"wp-block-list\">\n<li>Os governos dependem dos impostos da avia\u00e7\u00e3o para financiar a infraestrutura.<\/li>\n\n\n\n<li>As companhias a\u00e9reas buscam efici\u00eancia de custos e estruturas de taxas previs\u00edveis.<\/li>\n\n\n\n<li>Os passageiros absorvem a volatilidade dos pre\u00e7os.<\/li>\n\n\n\n<li>A lucratividade das rotas estreita-se em setores insulares de baixa densidade.<\/li>\n<\/ul>\n\n<p>O apelo para trazer ministros das finan\u00e7as, autoridades alfandeg\u00e1rias e de imigra\u00e7\u00e3o para di\u00e1logos futuros sinaliza uma consci\u00eancia crescente de que a viabilidade da avia\u00e7\u00e3o n\u00e3o pode permanecer isolada.<\/p>\n\n<p>Para as companhias a\u00e9reas, isso importa. A imprevisibilidade fiscal aumenta os pr\u00eamios de risco das rotas. Para os aeroportos, impacta a elasticidade do tr\u00e1fego. Para os investidores, molda os retornos de infraestrutura a longo prazo.   <\/p>\n\n<p>Conectividade \u00e9 pol\u00edtica fiscal disfar\u00e7ada.<\/p>\n\n<h2 class=\"wp-block-heading\"><strong>Competi\u00e7\u00e3o vs. Poder de Negocia\u00e7\u00e3o Coletiva<\/strong><\/h2>\n\n<p>A discuss\u00e3o em torno de uma presen\u00e7a coordenada em f\u00f3runs do setor, como o ROUTES, reflete uma mudan\u00e7a mais ampla. Estrat\u00e9gias fragmentadas de aquisi\u00e7\u00e3o de rotas enfraquecem o poder de negocia\u00e7\u00e3o com as transportadoras globais. <\/p>\n\n<p>Quando cada ilha compete de forma independente por capacidade, os incentivos escalam, o risco \u00e9 socializado e o alinhamento se desgasta.<\/p>\n\n<p>V\u00e1rios painelistas sugeriram que mensagens coletivas e marcos de dados padronizados poderiam aumentar a credibilidade regional. Para as companhias a\u00e9reas que avaliam mercados de baixa densidade, a previsibilidade reduz a volatilidade percebida. <\/p>\n\n<p>O alinhamento fortalece o poder de negocia\u00e7\u00e3o.<\/p>\n\n<h2 class=\"wp-block-heading\"><strong>Depend\u00eancia de Incentivos e Aloca\u00e7\u00e3o de Risco<\/strong> <\/h2>\n\n<p>A c\u00fapula tamb\u00e9m revisitou a depend\u00eancia da regi\u00e3o em incentivos de rotas como mecanismo de atra\u00e7\u00e3o de capacidade. Embora as Garantias de Receita M\u00ednima tenham sido usadas para reduzir o risco de novos servi\u00e7os a\u00e9reos, v\u00e1rias interven\u00e7\u00f5es sugeriram que seu impacto estrutural merece um exame mais detalhado. <\/p>\n\n<p>Como afirmado durante a discuss\u00e3o:<\/p>\n\n<blockquote class=\"wp-block-quote is-layout-flow wp-block-quote-is-layout-flow\">\n<h3 class=\"wp-block-heading has-text-align-left\">\u201cAs garantias de receita m\u00ednima colocam todo o risco no destino.\u201d  <\/h3>\n\n\n\n<p class=\"has-text-align-right\"><strong><em>\u2014 Collin James, Diretor Executivo da Autoridade de Turismo de Ant\u00edgua e Barbuda<\/em><\/strong><\/p>\n<\/blockquote>\n\n<p>Para pequenas economias insulares que operam em mercados de baixa densidade, essa concentra\u00e7\u00e3o de risco nos balan\u00e7os p\u00fablicos levanta quest\u00f5es fundamentais. Se o tr\u00e1fego tiver um desempenho abaixo do esperado, a exposi\u00e7\u00e3o financeira n\u00e3o recai sobre a companhia a\u00e9rea \u2014 ela \u00e9 absorvida pelo destino. Em uma regi\u00e3o onde o espa\u00e7o fiscal \u00e9 limitado, esse modelo convida ao debate sobre a sustentabilidade a longo prazo e a depend\u00eancia de incentivos.  <\/p>\n\n<p>A c\u00fapula n\u00e3o anunciou reformas abrangentes. Mas o tom do debate sugere um limiar de maturidade. <\/p>\n\n<p>Em vez de romantizar a unidade caribenha, os ministros desafiaram abertamente as suposi\u00e7\u00f5es:<\/p>\n\n<ul class=\"wp-block-list\">\n<li>A redu\u00e7\u00e3o de impostos impulsiona automaticamente a mobilidade?<\/li>\n\n\n\n<li>A demanda intrarregional est\u00e1 superestimada?<\/li>\n\n\n\n<li>Quem realmente se beneficia do posicionamento de luxo?<\/li>\n\n\n\n<li>Como a receita circula dentro das pequenas economias insulares?<\/li>\n<\/ul>\n\n<p>Isso sinaliza uma transi\u00e7\u00e3o do discurso promocional para a an\u00e1lise estrutural.<\/p>\n\n<p>A conectividade a\u00e9rea n\u00e3o \u00e9 mais enquadrada como uma ferramenta de marketing tur\u00edstico. Ela \u00e9 cada vez mais reconhecida como infraestrutura econ\u00f4mica \u2014 entrela\u00e7ada com a pol\u00edtica fiscal, a aloca\u00e7\u00e3o de capital e a competitividade regional. <\/p>\n\n<p>Como enfatizado durante o debate:<\/p>\n\n<blockquote class=\"wp-block-quote has-text-align-center is-layout-flow wp-block-quote-is-layout-flow\">\n<h3 class=\"wp-block-heading has-text-align-left\">\u201cO transporte entre a regi\u00e3o \u00e9 um imperativo estrat\u00e9gico no qual os governos devem investir.\u201d<\/h3>\n\n\n\n<p class=\"has-text-align-right\"><strong><em>\u2014 Dr. Ernest Hilaire, Vice-Primeiro-Ministro e Ministro do Turismo, Com\u00e9rcio, Investimento, Ind\u00fastrias Criativas e Cultura, Santa L\u00facia<\/em><\/strong><\/p>\n<\/blockquote>\n\n<p>Esse reenquadramento move a conversa para al\u00e9m da promo\u00e7\u00e3o e para o reino da pol\u00edtica econ\u00f4mica.<\/p>\n\n<h2 class=\"wp-block-heading\"><strong>Um Ponto de Inflex\u00e3o Estrat\u00e9gico<\/strong><\/h2>\n\n<p>Para companhias a\u00e9reas, aeroportos e investidores, as implica\u00e7\u00f5es s\u00e3o claras:<\/p>\n\n<ul class=\"wp-block-list\">\n<li>A fragmenta\u00e7\u00e3o acarreta custos mensur\u00e1veis.<\/li>\n\n\n\n<li>O desalinhamento fiscal aumenta a volatilidade.<\/li>\n\n\n\n<li>O est\u00edmulo \u00e0 demanda requer uma arquitetura coordenada.<\/li>\n\n\n\n<li>A integra\u00e7\u00e3o intrarregional exige reforma estrutural, n\u00e3o declara\u00e7\u00f5es simb\u00f3licas.<\/li>\n<\/ul>\n\n<p>O ecossistema de avia\u00e7\u00e3o do Caribe parece estar se aproximando de um ponto de inflex\u00e3o. A conversa mudou de \u201cComo atra\u00edmos mais rotas?\u201d para \u201cQual modelo econ\u00f4mico sustenta a conectividade?\u201d <\/p>\n\n<p>Essa distin\u00e7\u00e3o importa.<\/p>\n\n<p>Porque a conectividade sustent\u00e1vel em pequenas economias insulares n\u00e3o \u00e9 constru\u00edda apenas com incentivos \u2014 \u00e9 constru\u00edda com alinhamento.<\/p>\n","protected":false},"excerpt":{"rendered":"<p>A c\u00fapula inaugural de Conectividade A\u00e9rea da CTO fez mais do que reunir ministros e partes interessadas da avia\u00e7\u00e3o. Ela exp\u00f4s uma realidade estrutural: o desafio da conectividade a\u00e9rea do Caribe n\u00e3o se trata mais de marketing de rotas \u2014 trata-se de alinhamento econ\u00f4mico. Por tr\u00e1s das discuss\u00f5es sobre impostos, tarifas intrarregionais e fluxos tur\u00edsticos, [&hellip;]<\/p>\n","protected":false},"author":5,"featured_media":21046,"comment_status":"open","ping_status":"open","sticky":false,"template":"","format":"standard","meta":{"footnotes":""},"categories":[98],"tags":[],"class_list":["post-21047","post","type-post","status-publish","format-standard","has-post-thumbnail","hentry","category-aviacao"],"yoast_head":"<!-- This site is optimized with the Yoast SEO plugin v26.9 - https:\/\/yoast.com\/product\/yoast-seo-wordpress\/ -->\n<title>Conectividade A\u00e9rea do Caribe: Alinhamento Estrutural - C\u00fapula da CTO<\/title>\n<meta name=\"description\" content=\"Na c\u00fapula inaugural de Conectividade A\u00e9rea da CTO em Bermudas, l\u00edderes caribenhos reformularam a avia\u00e7\u00e3o regional como infraestrutura econ\u00f4mica.\" \/>\n<meta name=\"robots\" content=\"index, follow, max-snippet:-1, max-image-preview:large, max-video-preview:-1\" \/>\n<link rel=\"canonical\" href=\"https:\/\/www.latitude-15.com\/pt-br\/conectividade-aerea-no-caribe-da-fragmentacao-ao-alinhamento-estrutural\/\" \/>\n<meta property=\"og:locale\" content=\"pt_BR\" \/>\n<meta property=\"og:type\" content=\"article\" \/>\n<meta property=\"og:title\" content=\"Conectividade A\u00e9rea do Caribe: Alinhamento Estrutural - C\u00fapula da CTO\" \/>\n<meta property=\"og:description\" content=\"Na c\u00fapula inaugural de Conectividade A\u00e9rea da CTO em Bermudas, l\u00edderes caribenhos reformularam a avia\u00e7\u00e3o regional como infraestrutura econ\u00f4mica.\" \/>\n<meta property=\"og:url\" content=\"https:\/\/www.latitude-15.com\/pt-br\/conectividade-aerea-no-caribe-da-fragmentacao-ao-alinhamento-estrutural\/\" \/>\n<meta property=\"og:site_name\" content=\"LATITUDE 15\" \/>\n<meta property=\"article:published_time\" content=\"2026-03-03T13:13:00+00:00\" \/>\n<meta property=\"article:modified_time\" content=\"2026-03-03T13:59:04+00:00\" \/>\n<meta property=\"og:image\" content=\"https:\/\/www.latitude-15.com\/wp-content\/uploads\/2026\/03\/Page-14.jpg\" \/>\n\t<meta property=\"og:image:width\" content=\"1837\" \/>\n\t<meta property=\"og:image:height\" content=\"2048\" \/>\n\t<meta property=\"og:image:type\" content=\"image\/jpeg\" \/>\n<meta name=\"author\" content=\"Joda J\" \/>\n<meta name=\"twitter:card\" content=\"summary_large_image\" \/>\n<meta name=\"twitter:label1\" content=\"Escrito por\" \/>\n\t<meta name=\"twitter:data1\" content=\"Joda J\" \/>\n\t<meta name=\"twitter:label2\" content=\"Est. tempo de leitura\" \/>\n\t<meta name=\"twitter:data2\" content=\"7 minutos\" \/>\n<script type=\"application\/ld+json\" class=\"yoast-schema-graph\">{\"@context\":\"https:\/\/schema.org\",\"@graph\":[{\"@type\":\"Article\",\"@id\":\"https:\/\/www.latitude-15.com\/pt-br\/conectividade-aerea-no-caribe-da-fragmentacao-ao-alinhamento-estrutural\/#article\",\"isPartOf\":{\"@id\":\"https:\/\/www.latitude-15.com\/pt-br\/conectividade-aerea-no-caribe-da-fragmentacao-ao-alinhamento-estrutural\/\"},\"author\":{\"name\":\"Joda J\",\"@id\":\"https:\/\/www.latitude-15.com\/pt-br\/#\/schema\/person\/dac52e7ff44c78317f337da112e37252\"},\"headline\":\"Conectividade A\u00e9rea no Caribe: Da Fragmenta\u00e7\u00e3o ao Alinhamento Estrutural\",\"datePublished\":\"2026-03-03T13:13:00+00:00\",\"dateModified\":\"2026-03-03T13:59:04+00:00\",\"mainEntityOfPage\":{\"@id\":\"https:\/\/www.latitude-15.com\/pt-br\/conectividade-aerea-no-caribe-da-fragmentacao-ao-alinhamento-estrutural\/\"},\"wordCount\":1312,\"commentCount\":0,\"publisher\":{\"@id\":\"https:\/\/www.latitude-15.com\/pt-br\/#organization\"},\"image\":{\"@id\":\"https:\/\/www.latitude-15.com\/pt-br\/conectividade-aerea-no-caribe-da-fragmentacao-ao-alinhamento-estrutural\/#primaryimage\"},\"thumbnailUrl\":\"https:\/\/www.latitude-15.com\/wp-content\/uploads\/2026\/03\/Page-14.jpg\",\"articleSection\":[\"AVIA\u00c7\u00c3O\"],\"inLanguage\":\"pt-BR\",\"potentialAction\":[{\"@type\":\"CommentAction\",\"name\":\"Comment\",\"target\":[\"https:\/\/www.latitude-15.com\/pt-br\/conectividade-aerea-no-caribe-da-fragmentacao-ao-alinhamento-estrutural\/#respond\"]}]},{\"@type\":\"WebPage\",\"@id\":\"https:\/\/www.latitude-15.com\/pt-br\/conectividade-aerea-no-caribe-da-fragmentacao-ao-alinhamento-estrutural\/\",\"url\":\"https:\/\/www.latitude-15.com\/pt-br\/conectividade-aerea-no-caribe-da-fragmentacao-ao-alinhamento-estrutural\/\",\"name\":\"Conectividade A\u00e9rea do Caribe: Alinhamento Estrutural - C\u00fapula da CTO\",\"isPartOf\":{\"@id\":\"https:\/\/www.latitude-15.com\/pt-br\/#website\"},\"primaryImageOfPage\":{\"@id\":\"https:\/\/www.latitude-15.com\/pt-br\/conectividade-aerea-no-caribe-da-fragmentacao-ao-alinhamento-estrutural\/#primaryimage\"},\"image\":{\"@id\":\"https:\/\/www.latitude-15.com\/pt-br\/conectividade-aerea-no-caribe-da-fragmentacao-ao-alinhamento-estrutural\/#primaryimage\"},\"thumbnailUrl\":\"https:\/\/www.latitude-15.com\/wp-content\/uploads\/2026\/03\/Page-14.jpg\",\"datePublished\":\"2026-03-03T13:13:00+00:00\",\"dateModified\":\"2026-03-03T13:59:04+00:00\",\"description\":\"Na c\u00fapula inaugural de Conectividade A\u00e9rea da CTO em Bermudas, l\u00edderes caribenhos reformularam a avia\u00e7\u00e3o regional como infraestrutura econ\u00f4mica.\",\"breadcrumb\":{\"@id\":\"https:\/\/www.latitude-15.com\/pt-br\/conectividade-aerea-no-caribe-da-fragmentacao-ao-alinhamento-estrutural\/#breadcrumb\"},\"inLanguage\":\"pt-BR\",\"potentialAction\":[{\"@type\":\"ReadAction\",\"target\":[\"https:\/\/www.latitude-15.com\/pt-br\/conectividade-aerea-no-caribe-da-fragmentacao-ao-alinhamento-estrutural\/\"]}]},{\"@type\":\"ImageObject\",\"inLanguage\":\"pt-BR\",\"@id\":\"https:\/\/www.latitude-15.com\/pt-br\/conectividade-aerea-no-caribe-da-fragmentacao-ao-alinhamento-estrutural\/#primaryimage\",\"url\":\"https:\/\/www.latitude-15.com\/wp-content\/uploads\/2026\/03\/Page-14.jpg\",\"contentUrl\":\"https:\/\/www.latitude-15.com\/wp-content\/uploads\/2026\/03\/Page-14.jpg\",\"width\":1837,\"height\":2048},{\"@type\":\"BreadcrumbList\",\"@id\":\"https:\/\/www.latitude-15.com\/pt-br\/conectividade-aerea-no-caribe-da-fragmentacao-ao-alinhamento-estrutural\/#breadcrumb\",\"itemListElement\":[{\"@type\":\"ListItem\",\"position\":1,\"name\":\"Home\",\"item\":\"https:\/\/www.latitude-15.com\/pt-br\/inicio\/\"},{\"@type\":\"ListItem\",\"position\":2,\"name\":\"Conectividade A\u00e9rea no Caribe: Da Fragmenta\u00e7\u00e3o ao Alinhamento Estrutural\"}]},{\"@type\":\"WebSite\",\"@id\":\"https:\/\/www.latitude-15.com\/pt-br\/#website\",\"url\":\"https:\/\/www.latitude-15.com\/pt-br\/\",\"name\":\"LATITUDE 15\",\"description\":\"Aviation and maritime Magazine - Caribbean &amp; Latin America\",\"publisher\":{\"@id\":\"https:\/\/www.latitude-15.com\/pt-br\/#organization\"},\"potentialAction\":[{\"@type\":\"SearchAction\",\"target\":{\"@type\":\"EntryPoint\",\"urlTemplate\":\"https:\/\/www.latitude-15.com\/pt-br\/?s={search_term_string}\"},\"query-input\":{\"@type\":\"PropertyValueSpecification\",\"valueRequired\":true,\"valueName\":\"search_term_string\"}}],\"inLanguage\":\"pt-BR\"},{\"@type\":\"Organization\",\"@id\":\"https:\/\/www.latitude-15.com\/pt-br\/#organization\",\"name\":\"LATITUDE 15\",\"url\":\"https:\/\/www.latitude-15.com\/pt-br\/\",\"logo\":{\"@type\":\"ImageObject\",\"inLanguage\":\"pt-BR\",\"@id\":\"https:\/\/www.latitude-15.com\/pt-br\/#\/schema\/logo\/image\/\",\"url\":\"https:\/\/www.latitude-15.com\/wp-content\/uploads\/2026\/01\/cropped-logox500px.png\",\"contentUrl\":\"https:\/\/www.latitude-15.com\/wp-content\/uploads\/2026\/01\/cropped-logox500px.png\",\"width\":62,\"height\":75,\"caption\":\"LATITUDE 15\"},\"image\":{\"@id\":\"https:\/\/www.latitude-15.com\/pt-br\/#\/schema\/logo\/image\/\"}},{\"@type\":\"Person\",\"@id\":\"https:\/\/www.latitude-15.com\/pt-br\/#\/schema\/person\/dac52e7ff44c78317f337da112e37252\",\"name\":\"Joda J\",\"image\":{\"@type\":\"ImageObject\",\"inLanguage\":\"pt-BR\",\"@id\":\"https:\/\/www.latitude-15.com\/pt-br\/#\/schema\/person\/image\/\",\"url\":\"https:\/\/secure.gravatar.com\/avatar\/6b1feae555e15404b76616f92d931d12b25ac58024f14ccb43d9d3c012e4c4cf?s=96&d=mm&r=g\",\"contentUrl\":\"https:\/\/secure.gravatar.com\/avatar\/6b1feae555e15404b76616f92d931d12b25ac58024f14ccb43d9d3c012e4c4cf?s=96&d=mm&r=g\",\"caption\":\"Joda J\"},\"url\":\"https:\/\/www.latitude-15.com\/pt-br\/author\/joda\/\"}]}<\/script>\n<!-- \/ Yoast SEO plugin. -->","yoast_head_json":{"title":"Conectividade A\u00e9rea do Caribe: Alinhamento Estrutural - C\u00fapula da CTO","description":"Na c\u00fapula inaugural de Conectividade A\u00e9rea da CTO em Bermudas, l\u00edderes caribenhos reformularam a avia\u00e7\u00e3o regional como infraestrutura econ\u00f4mica.","robots":{"index":"index","follow":"follow","max-snippet":"max-snippet:-1","max-image-preview":"max-image-preview:large","max-video-preview":"max-video-preview:-1"},"canonical":"https:\/\/www.latitude-15.com\/pt-br\/conectividade-aerea-no-caribe-da-fragmentacao-ao-alinhamento-estrutural\/","og_locale":"pt_BR","og_type":"article","og_title":"Conectividade A\u00e9rea do Caribe: Alinhamento Estrutural - C\u00fapula da CTO","og_description":"Na c\u00fapula inaugural de Conectividade A\u00e9rea da CTO em Bermudas, l\u00edderes caribenhos reformularam a avia\u00e7\u00e3o regional como infraestrutura econ\u00f4mica.","og_url":"https:\/\/www.latitude-15.com\/pt-br\/conectividade-aerea-no-caribe-da-fragmentacao-ao-alinhamento-estrutural\/","og_site_name":"LATITUDE 15","article_published_time":"2026-03-03T13:13:00+00:00","article_modified_time":"2026-03-03T13:59:04+00:00","og_image":[{"width":1837,"height":2048,"url":"https:\/\/www.latitude-15.com\/wp-content\/uploads\/2026\/03\/Page-14.jpg","type":"image\/jpeg"}],"author":"Joda J","twitter_card":"summary_large_image","twitter_misc":{"Escrito por":"Joda J","Est. tempo de leitura":"7 minutos"},"schema":{"@context":"https:\/\/schema.org","@graph":[{"@type":"Article","@id":"https:\/\/www.latitude-15.com\/pt-br\/conectividade-aerea-no-caribe-da-fragmentacao-ao-alinhamento-estrutural\/#article","isPartOf":{"@id":"https:\/\/www.latitude-15.com\/pt-br\/conectividade-aerea-no-caribe-da-fragmentacao-ao-alinhamento-estrutural\/"},"author":{"name":"Joda J","@id":"https:\/\/www.latitude-15.com\/pt-br\/#\/schema\/person\/dac52e7ff44c78317f337da112e37252"},"headline":"Conectividade A\u00e9rea no Caribe: Da Fragmenta\u00e7\u00e3o ao Alinhamento Estrutural","datePublished":"2026-03-03T13:13:00+00:00","dateModified":"2026-03-03T13:59:04+00:00","mainEntityOfPage":{"@id":"https:\/\/www.latitude-15.com\/pt-br\/conectividade-aerea-no-caribe-da-fragmentacao-ao-alinhamento-estrutural\/"},"wordCount":1312,"commentCount":0,"publisher":{"@id":"https:\/\/www.latitude-15.com\/pt-br\/#organization"},"image":{"@id":"https:\/\/www.latitude-15.com\/pt-br\/conectividade-aerea-no-caribe-da-fragmentacao-ao-alinhamento-estrutural\/#primaryimage"},"thumbnailUrl":"https:\/\/www.latitude-15.com\/wp-content\/uploads\/2026\/03\/Page-14.jpg","articleSection":["AVIA\u00c7\u00c3O"],"inLanguage":"pt-BR","potentialAction":[{"@type":"CommentAction","name":"Comment","target":["https:\/\/www.latitude-15.com\/pt-br\/conectividade-aerea-no-caribe-da-fragmentacao-ao-alinhamento-estrutural\/#respond"]}]},{"@type":"WebPage","@id":"https:\/\/www.latitude-15.com\/pt-br\/conectividade-aerea-no-caribe-da-fragmentacao-ao-alinhamento-estrutural\/","url":"https:\/\/www.latitude-15.com\/pt-br\/conectividade-aerea-no-caribe-da-fragmentacao-ao-alinhamento-estrutural\/","name":"Conectividade A\u00e9rea do Caribe: Alinhamento Estrutural - C\u00fapula da CTO","isPartOf":{"@id":"https:\/\/www.latitude-15.com\/pt-br\/#website"},"primaryImageOfPage":{"@id":"https:\/\/www.latitude-15.com\/pt-br\/conectividade-aerea-no-caribe-da-fragmentacao-ao-alinhamento-estrutural\/#primaryimage"},"image":{"@id":"https:\/\/www.latitude-15.com\/pt-br\/conectividade-aerea-no-caribe-da-fragmentacao-ao-alinhamento-estrutural\/#primaryimage"},"thumbnailUrl":"https:\/\/www.latitude-15.com\/wp-content\/uploads\/2026\/03\/Page-14.jpg","datePublished":"2026-03-03T13:13:00+00:00","dateModified":"2026-03-03T13:59:04+00:00","description":"Na c\u00fapula inaugural de Conectividade A\u00e9rea da CTO em Bermudas, l\u00edderes caribenhos reformularam a avia\u00e7\u00e3o regional como infraestrutura econ\u00f4mica.","breadcrumb":{"@id":"https:\/\/www.latitude-15.com\/pt-br\/conectividade-aerea-no-caribe-da-fragmentacao-ao-alinhamento-estrutural\/#breadcrumb"},"inLanguage":"pt-BR","potentialAction":[{"@type":"ReadAction","target":["https:\/\/www.latitude-15.com\/pt-br\/conectividade-aerea-no-caribe-da-fragmentacao-ao-alinhamento-estrutural\/"]}]},{"@type":"ImageObject","inLanguage":"pt-BR","@id":"https:\/\/www.latitude-15.com\/pt-br\/conectividade-aerea-no-caribe-da-fragmentacao-ao-alinhamento-estrutural\/#primaryimage","url":"https:\/\/www.latitude-15.com\/wp-content\/uploads\/2026\/03\/Page-14.jpg","contentUrl":"https:\/\/www.latitude-15.com\/wp-content\/uploads\/2026\/03\/Page-14.jpg","width":1837,"height":2048},{"@type":"BreadcrumbList","@id":"https:\/\/www.latitude-15.com\/pt-br\/conectividade-aerea-no-caribe-da-fragmentacao-ao-alinhamento-estrutural\/#breadcrumb","itemListElement":[{"@type":"ListItem","position":1,"name":"Home","item":"https:\/\/www.latitude-15.com\/pt-br\/inicio\/"},{"@type":"ListItem","position":2,"name":"Conectividade A\u00e9rea no Caribe: Da Fragmenta\u00e7\u00e3o ao Alinhamento Estrutural"}]},{"@type":"WebSite","@id":"https:\/\/www.latitude-15.com\/pt-br\/#website","url":"https:\/\/www.latitude-15.com\/pt-br\/","name":"LATITUDE 15","description":"Aviation and maritime Magazine - Caribbean &amp; Latin America","publisher":{"@id":"https:\/\/www.latitude-15.com\/pt-br\/#organization"},"potentialAction":[{"@type":"SearchAction","target":{"@type":"EntryPoint","urlTemplate":"https:\/\/www.latitude-15.com\/pt-br\/?s={search_term_string}"},"query-input":{"@type":"PropertyValueSpecification","valueRequired":true,"valueName":"search_term_string"}}],"inLanguage":"pt-BR"},{"@type":"Organization","@id":"https:\/\/www.latitude-15.com\/pt-br\/#organization","name":"LATITUDE 15","url":"https:\/\/www.latitude-15.com\/pt-br\/","logo":{"@type":"ImageObject","inLanguage":"pt-BR","@id":"https:\/\/www.latitude-15.com\/pt-br\/#\/schema\/logo\/image\/","url":"https:\/\/www.latitude-15.com\/wp-content\/uploads\/2026\/01\/cropped-logox500px.png","contentUrl":"https:\/\/www.latitude-15.com\/wp-content\/uploads\/2026\/01\/cropped-logox500px.png","width":62,"height":75,"caption":"LATITUDE 15"},"image":{"@id":"https:\/\/www.latitude-15.com\/pt-br\/#\/schema\/logo\/image\/"}},{"@type":"Person","@id":"https:\/\/www.latitude-15.com\/pt-br\/#\/schema\/person\/dac52e7ff44c78317f337da112e37252","name":"Joda J","image":{"@type":"ImageObject","inLanguage":"pt-BR","@id":"https:\/\/www.latitude-15.com\/pt-br\/#\/schema\/person\/image\/","url":"https:\/\/secure.gravatar.com\/avatar\/6b1feae555e15404b76616f92d931d12b25ac58024f14ccb43d9d3c012e4c4cf?s=96&d=mm&r=g","contentUrl":"https:\/\/secure.gravatar.com\/avatar\/6b1feae555e15404b76616f92d931d12b25ac58024f14ccb43d9d3c012e4c4cf?s=96&d=mm&r=g","caption":"Joda J"},"url":"https:\/\/www.latitude-15.com\/pt-br\/author\/joda\/"}]}},"_links":{"self":[{"href":"https:\/\/www.latitude-15.com\/pt-br\/wp-json\/wp\/v2\/posts\/21047","targetHints":{"allow":["GET"]}}],"collection":[{"href":"https:\/\/www.latitude-15.com\/pt-br\/wp-json\/wp\/v2\/posts"}],"about":[{"href":"https:\/\/www.latitude-15.com\/pt-br\/wp-json\/wp\/v2\/types\/post"}],"author":[{"embeddable":true,"href":"https:\/\/www.latitude-15.com\/pt-br\/wp-json\/wp\/v2\/users\/5"}],"replies":[{"embeddable":true,"href":"https:\/\/www.latitude-15.com\/pt-br\/wp-json\/wp\/v2\/comments?post=21047"}],"version-history":[{"count":1,"href":"https:\/\/www.latitude-15.com\/pt-br\/wp-json\/wp\/v2\/posts\/21047\/revisions"}],"predecessor-version":[{"id":21048,"href":"https:\/\/www.latitude-15.com\/pt-br\/wp-json\/wp\/v2\/posts\/21047\/revisions\/21048"}],"wp:featuredmedia":[{"embeddable":true,"href":"https:\/\/www.latitude-15.com\/pt-br\/wp-json\/wp\/v2\/media\/21046"}],"wp:attachment":[{"href":"https:\/\/www.latitude-15.com\/pt-br\/wp-json\/wp\/v2\/media?parent=21047"}],"wp:term":[{"taxonomy":"category","embeddable":true,"href":"https:\/\/www.latitude-15.com\/pt-br\/wp-json\/wp\/v2\/categories?post=21047"},{"taxonomy":"post_tag","embeddable":true,"href":"https:\/\/www.latitude-15.com\/pt-br\/wp-json\/wp\/v2\/tags?post=21047"}],"curies":[{"name":"wp","href":"https:\/\/api.w.org\/{rel}","templated":true}]}}