{"id":21025,"date":"2026-03-02T08:58:00","date_gmt":"2026-03-02T12:58:00","guid":{"rendered":"https:\/\/www.latitude-15.com\/a-governanca-definira-a-proxima-geracao-de-portos-do-caribe\/"},"modified":"2026-03-04T02:44:28","modified_gmt":"2026-03-04T06:44:28","slug":"a-governanca-definira-a-proxima-geracao-de-portos-do-caribe","status":"publish","type":"post","link":"https:\/\/www.latitude-15.com\/pt-br\/a-governanca-definira-a-proxima-geracao-de-portos-do-caribe\/","title":{"rendered":"A Governan\u00e7a Definir\u00e1 a Pr\u00f3xima Gera\u00e7\u00e3o de Portos do Caribe"},"content":{"rendered":"\n<p>A competitividade futura dos portos caribenhos n\u00e3o ser\u00e1 determinada principalmente por guindastes, terminais ou plataformas digitais. Ser\u00e1 determinada pela governan\u00e7a. <\/p>\n\n<p>Durante a 55\u00aa Confer\u00eancia Anual da Caribbean Shipping Association (CSA), os debates sobre digitaliza\u00e7\u00e3o, Port Community Systems (PCS), moderniza\u00e7\u00e3o aduaneira e efici\u00eancia da cadeia log\u00edstica convergiram para uma quest\u00e3o estrutural mais profunda. A tecnologia avan\u00e7a na regi\u00e3o. O alinhamento institucional, n\u00e3o.  <\/p>\n\n<p>\u00c0 medida que os volumes de carga se aceleram \u2014 especialmente ao longo do corredor energ\u00e9tico Guyana\u2013Suriname \u2014 e que a press\u00e3o regulat\u00f3ria se intensifica com mandatos de descarboniza\u00e7\u00e3o e exig\u00eancias de adapta\u00e7\u00e3o clim\u00e1tica, os portos caribenhos entram em uma nova fase de complexidade estrutural. Nesse contexto, estruturas de governan\u00e7a fragmentadas, mandatos legais incompletos e integra\u00e7\u00e3o aduaneira desigual representam restri\u00e7\u00f5es mais significativas do que a aus\u00eancia de ferramentas digitais. <\/p>\n\n<p>A pr\u00f3xima gera\u00e7\u00e3o de portos do Caribe ser\u00e1 definida menos pela velocidade de ado\u00e7\u00e3o tecnol\u00f3gica e mais pela profundidade das reformas institucionais.<\/p>\n\n<h2 class=\"wp-block-heading\">A promessa digital \u00e9 concreta<\/h2>\n\n<p>O argumento de efici\u00eancia dos Port Community Systems (PCS) \u00e9 amplamente reconhecido. Um PCS funciona como uma plataforma eletr\u00f4nica neutra que permite a submiss\u00e3o \u00fanica de dados e viabiliza a troca segura de informa\u00e7\u00f5es entre atores p\u00fablicos e privados do ecossistema portu\u00e1rio. <\/p>\n\n<p>Refer\u00eancias internacionais apresentadas na confer\u00eancia demonstram a dimens\u00e3o do impacto potencial. O sistema Portbase, nos Pa\u00edses Baixos, gera cerca de US$ 59 milh\u00f5es em economias anuais. O PCS da Jamaica produz aproximadamente US$ 13 milh\u00f5es por ano em ganhos. O Portnet de Singapura gerou cerca de US$ 80 milh\u00f5es em economias ao longo de tr\u00eas anos.   <\/p>\n\n<p>N\u00e3o se trata de ganhos marginais. S\u00e3o redu\u00e7\u00f5es estruturais de custos transacionais, economia de tempo e maior previsibilidade log\u00edstica. <\/p>\n\n<p>Ainda assim, a regi\u00e3o caribenha n\u00e3o replicou essa escala de impacto.<\/p>\n\n<p>De acordo com a avalia\u00e7\u00e3o regional apresentada pelo Banco Interamericano de Desenvolvimento (BID), muitos portos da Am\u00e9rica Latina e do Caribe ainda operam predominantemente como centros de movimenta\u00e7\u00e3o de carga, e n\u00e3o como n\u00f3s integrados de cadeia de suprimentos. Solu\u00e7\u00f5es de smart ports est\u00e3o emergindo, mas persistem lacunas de interoperabilidade. Restri\u00e7\u00f5es de financiamento limitam a moderniza\u00e7\u00e3o, especialmente nas economias insulares menores. Reformas de governan\u00e7a permanecem desiguais e d\u00e9ficits de transpar\u00eancia continuam afetando o desempenho. Sistemas digitais existem. O alinhamento institucional, frequentemente, n\u00e3o.     <\/p>\n\n<h2 class=\"wp-block-heading\"><strong>Modelos de governan\u00e7a determinam resultados<\/strong><\/h2>\n\n<p>Um dos principais insights da CSA 2025 foi que implementar um Port Community System n\u00e3o \u00e9 um projeto de TI. \u00c9 um projeto de governan\u00e7a. <\/p>\n\n<p>Modelos bem-sucedidos internacionalmente dependem de estruturas claras de propriedade, mecanismos obrigat\u00f3rios de participa\u00e7\u00e3o e seguran\u00e7a jur\u00eddica em rela\u00e7\u00e3o \u00e0 prote\u00e7\u00e3o de dados, responsabilidade civil e ciberseguran\u00e7a. Os formatos variam \u2014 desde sistemas liderados pelo governo at\u00e9 parcerias p\u00fablico-privadas e entidades h\u00edbridas \u2014 mas confian\u00e7a entre stakeholders, alinhamento legislativo e sustentabilidade financeira de longo prazo s\u00e3o elementos comuns aos modelos de alto desempenho.  <\/p>\n\n<p>No contexto caribenho, alguns obst\u00e1culos estruturais se repetem. A legisla\u00e7\u00e3o de prote\u00e7\u00e3o de dados \u00e9 frequentemente incompleta ou desatualizada. Mecanismos de participa\u00e7\u00e3o obrigat\u00f3ria s\u00e3o ausentes, resultando em ado\u00e7\u00e3o parcial dos sistemas. A integra\u00e7\u00e3o aduaneira permanece complexa. Marcos legais relacionados \u00e0 ciberseguran\u00e7a e responsabilidade digital n\u00e3o est\u00e3o harmonizados.    <\/p>\n\n<p>Sem seguran\u00e7a jur\u00eddica e coordena\u00e7\u00e3o institucional, plataformas digitais n\u00e3o geram efici\u00eancia sist\u00eamica. Correm o risco de se tornarem camadas administrativas paralelas, em vez de infraestrutura transformadora. A tecnologia acelera processos. A governan\u00e7a determina se esses processos convergem.   <\/p>\n\n<h2 class=\"wp-block-heading\">Moderniza\u00e7\u00e3o aduaneira como elo cr\u00edtico<\/h2>\n\n<p>As autoridades aduaneiras ocupam posi\u00e7\u00e3o central no ecossistema mar\u00edtimo. Arrecadam receitas, aplicam regras comerciais e gerenciam riscos de seguran\u00e7a. A administra\u00e7\u00e3o aduaneira moderna baseia-se em sistemas de gest\u00e3o de risco, janelas \u00fanicas eletr\u00f4nicas, gest\u00e3o coordenada de fronteiras e tomada de decis\u00e3o orientada por dados.  <\/p>\n\n<p>O arcabou\u00e7o global \u2014 incluindo o Acordo de Facilita\u00e7\u00e3o do Com\u00e9rcio da OMC e instrumentos da Organiza\u00e7\u00e3o Mundial das Aduanas (OMA), como o SAFE Framework e os programas de Operador Econ\u00f4mico Autorizado (OEA) \u2014 fornece diretrizes claras para moderniza\u00e7\u00e3o. No entanto, a implementa\u00e7\u00e3o regional \u00e9 desigual. <\/p>\n\n<p>Quando processos aduaneiros n\u00e3o est\u00e3o plenamente integrados \u00e0 arquitetura do PCS, os ganhos digitais se diluem. Quando sistemas de gest\u00e3o de risco n\u00e3o s\u00e3o harmonizados entre ag\u00eancias, os prazos de libera\u00e7\u00e3o permanecem imprevis\u00edveis. Quando mandatos legais para documenta\u00e7\u00e3o eletr\u00f4nica s\u00e3o incompletos, redund\u00e2ncias em papel persistem.  <\/p>\n\n<p>Digitaliza\u00e7\u00e3o sem reforma aduaneira gera fric\u00e7\u00e3o. Reforma aduaneira sem integra\u00e7\u00e3o digital limita escala. Ambas precisam avan\u00e7ar simultaneamente.  <\/p>\n\n<h2 class=\"wp-block-heading\">Financiamento, escala e capacidade institucional<\/h2>\n\n<p>Outro desafio central discutido na confer\u00eancia refere-se ao financiamento e \u00e0 capacidade institucional. Grandes lacunas de investimento persistem, especialmente nas economias caribenhas menores. Demandas de adapta\u00e7\u00e3o clim\u00e1tica, dragagem e moderniza\u00e7\u00e3o log\u00edstica multimodal competem por recursos p\u00fablicos limitados.  <\/p>\n\n<p>Nesse ambiente, investimentos digitais podem ser fragmentados ou postergados. Parcerias p\u00fablico-privadas oferecem caminhos poss\u00edveis, mas apenas onde o ambiente regulat\u00f3rio \u00e9 previs\u00edvel e o alinhamento entre stakeholders \u00e9 s\u00f3lido. <\/p>\n\n<p>Restri\u00e7\u00f5es de capital humano agravam o cen\u00e1rio. Sistemas associados \u00e0 Ind\u00fastria 4.0 exigem compet\u00eancias em tecnologia digital, ciberseguran\u00e7a e governan\u00e7a de dados que n\u00e3o est\u00e3o uniformemente dispon\u00edveis na regi\u00e3o. A aquisi\u00e7\u00e3o de tecnologia pode ser r\u00e1pida. A constru\u00e7\u00e3o de capacidade institucional n\u00e3o.   <\/p>\n\n<h2 class=\"wp-block-heading\">O risco estrat\u00e9gico da moderniza\u00e7\u00e3o parcial<\/h2>\n\n<p>O risco para os portos caribenhos n\u00e3o \u00e9 a estagna\u00e7\u00e3o tecnol\u00f3gica. \u00c9 a moderniza\u00e7\u00e3o parcial. Um porto que adota ferramentas digitais sem harmoniza\u00e7\u00e3o legal, integra\u00e7\u00e3o aduaneira e mandato institucional claro pode criar ilhas de efici\u00eancia dentro de um ambiente fragmentado. Armadores e operadores log\u00edsticos continuar\u00e3o a priorizar hubs que ofere\u00e7am previsibilidade e coer\u00eancia institucional.   <\/p>\n\n<p>Em um contexto de crescimento acelerado de cargas \u2014 particularmente ao longo do corredor energ\u00e9tico Guyana\u2013Suriname \u2014 lacunas institucionais tornam-se mais evidentes. Volume amplifica inefici\u00eancia. Press\u00f5es regulat\u00f3rias ligadas \u00e0 descarboniza\u00e7\u00e3o e \u00e0s mudan\u00e7as no com\u00e9rcio global aumentam ainda mais a complexidade.  <\/p>\n\n<p>A diferen\u00e7a de competitividade entre ecossistemas portu\u00e1rios integrados e sistemas fragmentados tende a se ampliar.<\/p>\n\n<h2 class=\"wp-block-heading\">Reforma antes da tecnologia<\/h2>\n\n<p>A CSA 2025 deixou claro que o setor mar\u00edtimo caribenho entra em uma fase de acelera\u00e7\u00e3o estrutural. Expans\u00e3o energ\u00e9tica, exposi\u00e7\u00e3o clim\u00e1tica e exig\u00eancias regulat\u00f3rias de descarboniza\u00e7\u00e3o convergem. Ferramentas digitais s\u00e3o essenciais nesse cen\u00e1rio. Mas n\u00e3o s\u00e3o o fundamento. A governan\u00e7a \u00e9 o fundamento.    <\/p>\n\n<p>Portos que priorizarem alinhamento jur\u00eddico, participa\u00e7\u00e3o obrigat\u00f3ria, moderniza\u00e7\u00e3o aduaneira e estruturas de governan\u00e7a transparentes conseguir\u00e3o extrair valor pleno dos sistemas digitais. Aqueles que tratarem a digitaliza\u00e7\u00e3o como atualiza\u00e7\u00e3o isolada podem ver a tecnologia avan\u00e7ar mais r\u00e1pido do que sua capacidade institucional. <\/p>\n\n<p>O Caribe n\u00e3o carece de ambi\u00e7\u00e3o digital. Precisa agora alinhar essa ambi\u00e7\u00e3o a reformas institucionais consistentes. <\/p>\n\n<p>A tecnologia, por si s\u00f3, n\u00e3o transformar\u00e1 os portos caribenhos. A governan\u00e7a determinar\u00e1 se ela se tornar\u00e1 um multiplicador de competitividade \u2014 ou uma oportunidade perdida. <\/p>\n\n<p class=\"has-text-align-center\">\u2014<\/p>\n\n<p class=\"has-text-align-right\"><em>Leia mais sobre a <a href=\"https:\/\/www.latitude-15.com\/pt-br\/csa-2025-sinaliza-um-ponto-de-inflexao-estrategico-para-a-competitividade-maritima-do-caribe\/\">CSA 2025<\/a> aqui<\/em><\/p>\n","protected":false},"excerpt":{"rendered":"<p>A competitividade futura dos portos caribenhos n\u00e3o ser\u00e1 determinada principalmente por guindastes, terminais ou plataformas digitais. Ser\u00e1 determinada pela governan\u00e7a. Durante a 55\u00aa Confer\u00eancia Anual da Caribbean Shipping Association (CSA), os debates sobre digitaliza\u00e7\u00e3o, Port Community Systems (PCS), moderniza\u00e7\u00e3o aduaneira e efici\u00eancia da cadeia log\u00edstica convergiram para uma quest\u00e3o estrutural mais profunda. A tecnologia avan\u00e7a [&hellip;]<\/p>\n","protected":false},"author":5,"featured_media":21024,"comment_status":"open","ping_status":"open","sticky":false,"template":"","format":"standard","meta":{"footnotes":""},"categories":[119,140],"tags":[],"class_list":["post-21025","post","type-post","status-publish","format-standard","has-post-thumbnail","hentry","category-maritimo","category-tecnologia-e-portos-inteligentes"],"yoast_head":"<!-- This site is optimized with the Yoast SEO plugin v26.9 - https:\/\/yoast.com\/product\/yoast-seo-wordpress\/ -->\n<title>A Governan\u00e7a Definir\u00e1 a Pr\u00f3xima Gera\u00e7\u00e3o de Portos do Caribe - LATITUDE 15<\/title>\n<meta name=\"robots\" content=\"index, follow, max-snippet:-1, max-image-preview:large, max-video-preview:-1\" \/>\n<link rel=\"canonical\" href=\"https:\/\/www.latitude-15.com\/pt-br\/a-governanca-definira-a-proxima-geracao-de-portos-do-caribe\/\" \/>\n<meta property=\"og:locale\" content=\"pt_BR\" \/>\n<meta property=\"og:type\" content=\"article\" \/>\n<meta property=\"og:title\" content=\"A Governan\u00e7a Definir\u00e1 a Pr\u00f3xima Gera\u00e7\u00e3o de Portos do Caribe - LATITUDE 15\" \/>\n<meta property=\"og:description\" content=\"A competitividade futura dos portos caribenhos n\u00e3o ser\u00e1 determinada principalmente por guindastes, terminais ou plataformas digitais. Ser\u00e1 determinada pela governan\u00e7a. Durante a 55\u00aa Confer\u00eancia Anual da Caribbean Shipping Association (CSA), os debates sobre digitaliza\u00e7\u00e3o, Port Community Systems (PCS), moderniza\u00e7\u00e3o aduaneira e efici\u00eancia da cadeia log\u00edstica convergiram para uma quest\u00e3o estrutural mais profunda. A tecnologia avan\u00e7a [&hellip;]\" \/>\n<meta property=\"og:url\" content=\"https:\/\/www.latitude-15.com\/pt-br\/a-governanca-definira-a-proxima-geracao-de-portos-do-caribe\/\" \/>\n<meta property=\"og:site_name\" content=\"LATITUDE 15\" \/>\n<meta property=\"article:published_time\" content=\"2026-03-02T12:58:00+00:00\" \/>\n<meta property=\"article:modified_time\" content=\"2026-03-04T06:44:28+00:00\" \/>\n<meta property=\"og:image\" content=\"https:\/\/www.latitude-15.com\/wp-content\/uploads\/2026\/03\/img2749202-1.png\" \/>\n\t<meta property=\"og:image:width\" content=\"1536\" \/>\n\t<meta property=\"og:image:height\" content=\"1024\" \/>\n\t<meta property=\"og:image:type\" content=\"image\/png\" \/>\n<meta name=\"author\" content=\"Joda J\" \/>\n<meta name=\"twitter:card\" content=\"summary_large_image\" \/>\n<meta name=\"twitter:label1\" content=\"Escrito por\" \/>\n\t<meta name=\"twitter:data1\" content=\"Joda J\" \/>\n\t<meta name=\"twitter:label2\" content=\"Est. tempo de leitura\" \/>\n\t<meta name=\"twitter:data2\" content=\"6 minutos\" \/>\n<script type=\"application\/ld+json\" class=\"yoast-schema-graph\">{\"@context\":\"https:\/\/schema.org\",\"@graph\":[{\"@type\":\"Article\",\"@id\":\"https:\/\/www.latitude-15.com\/pt-br\/a-governanca-definira-a-proxima-geracao-de-portos-do-caribe\/#article\",\"isPartOf\":{\"@id\":\"https:\/\/www.latitude-15.com\/pt-br\/a-governanca-definira-a-proxima-geracao-de-portos-do-caribe\/\"},\"author\":{\"name\":\"Joda J\",\"@id\":\"https:\/\/www.latitude-15.com\/pt-br\/#\/schema\/person\/dac52e7ff44c78317f337da112e37252\"},\"headline\":\"A Governan\u00e7a Definir\u00e1 a Pr\u00f3xima Gera\u00e7\u00e3o de Portos do Caribe\",\"datePublished\":\"2026-03-02T12:58:00+00:00\",\"dateModified\":\"2026-03-04T06:44:28+00:00\",\"mainEntityOfPage\":{\"@id\":\"https:\/\/www.latitude-15.com\/pt-br\/a-governanca-definira-a-proxima-geracao-de-portos-do-caribe\/\"},\"wordCount\":1246,\"commentCount\":0,\"publisher\":{\"@id\":\"https:\/\/www.latitude-15.com\/pt-br\/#organization\"},\"image\":{\"@id\":\"https:\/\/www.latitude-15.com\/pt-br\/a-governanca-definira-a-proxima-geracao-de-portos-do-caribe\/#primaryimage\"},\"thumbnailUrl\":\"https:\/\/www.latitude-15.com\/wp-content\/uploads\/2026\/03\/img2749202-1.png\",\"articleSection\":[\"MAR\u00cdTIMO\",\"Tecnologia e portos inteligentes\"],\"inLanguage\":\"pt-BR\",\"potentialAction\":[{\"@type\":\"CommentAction\",\"name\":\"Comment\",\"target\":[\"https:\/\/www.latitude-15.com\/pt-br\/a-governanca-definira-a-proxima-geracao-de-portos-do-caribe\/#respond\"]}]},{\"@type\":\"WebPage\",\"@id\":\"https:\/\/www.latitude-15.com\/pt-br\/a-governanca-definira-a-proxima-geracao-de-portos-do-caribe\/\",\"url\":\"https:\/\/www.latitude-15.com\/pt-br\/a-governanca-definira-a-proxima-geracao-de-portos-do-caribe\/\",\"name\":\"A Governan\u00e7a Definir\u00e1 a Pr\u00f3xima Gera\u00e7\u00e3o de Portos do Caribe - LATITUDE 15\",\"isPartOf\":{\"@id\":\"https:\/\/www.latitude-15.com\/pt-br\/#website\"},\"primaryImageOfPage\":{\"@id\":\"https:\/\/www.latitude-15.com\/pt-br\/a-governanca-definira-a-proxima-geracao-de-portos-do-caribe\/#primaryimage\"},\"image\":{\"@id\":\"https:\/\/www.latitude-15.com\/pt-br\/a-governanca-definira-a-proxima-geracao-de-portos-do-caribe\/#primaryimage\"},\"thumbnailUrl\":\"https:\/\/www.latitude-15.com\/wp-content\/uploads\/2026\/03\/img2749202-1.png\",\"datePublished\":\"2026-03-02T12:58:00+00:00\",\"dateModified\":\"2026-03-04T06:44:28+00:00\",\"breadcrumb\":{\"@id\":\"https:\/\/www.latitude-15.com\/pt-br\/a-governanca-definira-a-proxima-geracao-de-portos-do-caribe\/#breadcrumb\"},\"inLanguage\":\"pt-BR\",\"potentialAction\":[{\"@type\":\"ReadAction\",\"target\":[\"https:\/\/www.latitude-15.com\/pt-br\/a-governanca-definira-a-proxima-geracao-de-portos-do-caribe\/\"]}]},{\"@type\":\"ImageObject\",\"inLanguage\":\"pt-BR\",\"@id\":\"https:\/\/www.latitude-15.com\/pt-br\/a-governanca-definira-a-proxima-geracao-de-portos-do-caribe\/#primaryimage\",\"url\":\"https:\/\/www.latitude-15.com\/wp-content\/uploads\/2026\/03\/img2749202-1.png\",\"contentUrl\":\"https:\/\/www.latitude-15.com\/wp-content\/uploads\/2026\/03\/img2749202-1.png\",\"width\":1536,\"height\":1024,\"caption\":\"CSA 2025\"},{\"@type\":\"BreadcrumbList\",\"@id\":\"https:\/\/www.latitude-15.com\/pt-br\/a-governanca-definira-a-proxima-geracao-de-portos-do-caribe\/#breadcrumb\",\"itemListElement\":[{\"@type\":\"ListItem\",\"position\":1,\"name\":\"Home\",\"item\":\"https:\/\/www.latitude-15.com\/pt-br\/inicio\/\"},{\"@type\":\"ListItem\",\"position\":2,\"name\":\"A Governan\u00e7a Definir\u00e1 a Pr\u00f3xima Gera\u00e7\u00e3o de Portos do Caribe\"}]},{\"@type\":\"WebSite\",\"@id\":\"https:\/\/www.latitude-15.com\/pt-br\/#website\",\"url\":\"https:\/\/www.latitude-15.com\/pt-br\/\",\"name\":\"LATITUDE 15\",\"description\":\"Aviation and maritime Magazine - Caribbean &amp; Latin America\",\"publisher\":{\"@id\":\"https:\/\/www.latitude-15.com\/pt-br\/#organization\"},\"potentialAction\":[{\"@type\":\"SearchAction\",\"target\":{\"@type\":\"EntryPoint\",\"urlTemplate\":\"https:\/\/www.latitude-15.com\/pt-br\/?s={search_term_string}\"},\"query-input\":{\"@type\":\"PropertyValueSpecification\",\"valueRequired\":true,\"valueName\":\"search_term_string\"}}],\"inLanguage\":\"pt-BR\"},{\"@type\":\"Organization\",\"@id\":\"https:\/\/www.latitude-15.com\/pt-br\/#organization\",\"name\":\"LATITUDE 15\",\"url\":\"https:\/\/www.latitude-15.com\/pt-br\/\",\"logo\":{\"@type\":\"ImageObject\",\"inLanguage\":\"pt-BR\",\"@id\":\"https:\/\/www.latitude-15.com\/pt-br\/#\/schema\/logo\/image\/\",\"url\":\"https:\/\/www.latitude-15.com\/wp-content\/uploads\/2026\/01\/cropped-logox500px.png\",\"contentUrl\":\"https:\/\/www.latitude-15.com\/wp-content\/uploads\/2026\/01\/cropped-logox500px.png\",\"width\":62,\"height\":75,\"caption\":\"LATITUDE 15\"},\"image\":{\"@id\":\"https:\/\/www.latitude-15.com\/pt-br\/#\/schema\/logo\/image\/\"}},{\"@type\":\"Person\",\"@id\":\"https:\/\/www.latitude-15.com\/pt-br\/#\/schema\/person\/dac52e7ff44c78317f337da112e37252\",\"name\":\"Joda J\",\"image\":{\"@type\":\"ImageObject\",\"inLanguage\":\"pt-BR\",\"@id\":\"https:\/\/www.latitude-15.com\/pt-br\/#\/schema\/person\/image\/\",\"url\":\"https:\/\/secure.gravatar.com\/avatar\/6b1feae555e15404b76616f92d931d12b25ac58024f14ccb43d9d3c012e4c4cf?s=96&d=mm&r=g\",\"contentUrl\":\"https:\/\/secure.gravatar.com\/avatar\/6b1feae555e15404b76616f92d931d12b25ac58024f14ccb43d9d3c012e4c4cf?s=96&d=mm&r=g\",\"caption\":\"Joda J\"},\"url\":\"https:\/\/www.latitude-15.com\/pt-br\/author\/joda\/\"}]}<\/script>\n<!-- \/ Yoast SEO plugin. -->","yoast_head_json":{"title":"A Governan\u00e7a Definir\u00e1 a Pr\u00f3xima Gera\u00e7\u00e3o de Portos do Caribe - LATITUDE 15","robots":{"index":"index","follow":"follow","max-snippet":"max-snippet:-1","max-image-preview":"max-image-preview:large","max-video-preview":"max-video-preview:-1"},"canonical":"https:\/\/www.latitude-15.com\/pt-br\/a-governanca-definira-a-proxima-geracao-de-portos-do-caribe\/","og_locale":"pt_BR","og_type":"article","og_title":"A Governan\u00e7a Definir\u00e1 a Pr\u00f3xima Gera\u00e7\u00e3o de Portos do Caribe - LATITUDE 15","og_description":"A competitividade futura dos portos caribenhos n\u00e3o ser\u00e1 determinada principalmente por guindastes, terminais ou plataformas digitais. Ser\u00e1 determinada pela governan\u00e7a. Durante a 55\u00aa Confer\u00eancia Anual da Caribbean Shipping Association (CSA), os debates sobre digitaliza\u00e7\u00e3o, Port Community Systems (PCS), moderniza\u00e7\u00e3o aduaneira e efici\u00eancia da cadeia log\u00edstica convergiram para uma quest\u00e3o estrutural mais profunda. A tecnologia avan\u00e7a [&hellip;]","og_url":"https:\/\/www.latitude-15.com\/pt-br\/a-governanca-definira-a-proxima-geracao-de-portos-do-caribe\/","og_site_name":"LATITUDE 15","article_published_time":"2026-03-02T12:58:00+00:00","article_modified_time":"2026-03-04T06:44:28+00:00","og_image":[{"width":1536,"height":1024,"url":"https:\/\/www.latitude-15.com\/wp-content\/uploads\/2026\/03\/img2749202-1.png","type":"image\/png"}],"author":"Joda J","twitter_card":"summary_large_image","twitter_misc":{"Escrito por":"Joda J","Est. tempo de leitura":"6 minutos"},"schema":{"@context":"https:\/\/schema.org","@graph":[{"@type":"Article","@id":"https:\/\/www.latitude-15.com\/pt-br\/a-governanca-definira-a-proxima-geracao-de-portos-do-caribe\/#article","isPartOf":{"@id":"https:\/\/www.latitude-15.com\/pt-br\/a-governanca-definira-a-proxima-geracao-de-portos-do-caribe\/"},"author":{"name":"Joda J","@id":"https:\/\/www.latitude-15.com\/pt-br\/#\/schema\/person\/dac52e7ff44c78317f337da112e37252"},"headline":"A Governan\u00e7a Definir\u00e1 a Pr\u00f3xima Gera\u00e7\u00e3o de Portos do Caribe","datePublished":"2026-03-02T12:58:00+00:00","dateModified":"2026-03-04T06:44:28+00:00","mainEntityOfPage":{"@id":"https:\/\/www.latitude-15.com\/pt-br\/a-governanca-definira-a-proxima-geracao-de-portos-do-caribe\/"},"wordCount":1246,"commentCount":0,"publisher":{"@id":"https:\/\/www.latitude-15.com\/pt-br\/#organization"},"image":{"@id":"https:\/\/www.latitude-15.com\/pt-br\/a-governanca-definira-a-proxima-geracao-de-portos-do-caribe\/#primaryimage"},"thumbnailUrl":"https:\/\/www.latitude-15.com\/wp-content\/uploads\/2026\/03\/img2749202-1.png","articleSection":["MAR\u00cdTIMO","Tecnologia e portos inteligentes"],"inLanguage":"pt-BR","potentialAction":[{"@type":"CommentAction","name":"Comment","target":["https:\/\/www.latitude-15.com\/pt-br\/a-governanca-definira-a-proxima-geracao-de-portos-do-caribe\/#respond"]}]},{"@type":"WebPage","@id":"https:\/\/www.latitude-15.com\/pt-br\/a-governanca-definira-a-proxima-geracao-de-portos-do-caribe\/","url":"https:\/\/www.latitude-15.com\/pt-br\/a-governanca-definira-a-proxima-geracao-de-portos-do-caribe\/","name":"A Governan\u00e7a Definir\u00e1 a Pr\u00f3xima Gera\u00e7\u00e3o de Portos do Caribe - LATITUDE 15","isPartOf":{"@id":"https:\/\/www.latitude-15.com\/pt-br\/#website"},"primaryImageOfPage":{"@id":"https:\/\/www.latitude-15.com\/pt-br\/a-governanca-definira-a-proxima-geracao-de-portos-do-caribe\/#primaryimage"},"image":{"@id":"https:\/\/www.latitude-15.com\/pt-br\/a-governanca-definira-a-proxima-geracao-de-portos-do-caribe\/#primaryimage"},"thumbnailUrl":"https:\/\/www.latitude-15.com\/wp-content\/uploads\/2026\/03\/img2749202-1.png","datePublished":"2026-03-02T12:58:00+00:00","dateModified":"2026-03-04T06:44:28+00:00","breadcrumb":{"@id":"https:\/\/www.latitude-15.com\/pt-br\/a-governanca-definira-a-proxima-geracao-de-portos-do-caribe\/#breadcrumb"},"inLanguage":"pt-BR","potentialAction":[{"@type":"ReadAction","target":["https:\/\/www.latitude-15.com\/pt-br\/a-governanca-definira-a-proxima-geracao-de-portos-do-caribe\/"]}]},{"@type":"ImageObject","inLanguage":"pt-BR","@id":"https:\/\/www.latitude-15.com\/pt-br\/a-governanca-definira-a-proxima-geracao-de-portos-do-caribe\/#primaryimage","url":"https:\/\/www.latitude-15.com\/wp-content\/uploads\/2026\/03\/img2749202-1.png","contentUrl":"https:\/\/www.latitude-15.com\/wp-content\/uploads\/2026\/03\/img2749202-1.png","width":1536,"height":1024,"caption":"CSA 2025"},{"@type":"BreadcrumbList","@id":"https:\/\/www.latitude-15.com\/pt-br\/a-governanca-definira-a-proxima-geracao-de-portos-do-caribe\/#breadcrumb","itemListElement":[{"@type":"ListItem","position":1,"name":"Home","item":"https:\/\/www.latitude-15.com\/pt-br\/inicio\/"},{"@type":"ListItem","position":2,"name":"A Governan\u00e7a Definir\u00e1 a Pr\u00f3xima Gera\u00e7\u00e3o de Portos do Caribe"}]},{"@type":"WebSite","@id":"https:\/\/www.latitude-15.com\/pt-br\/#website","url":"https:\/\/www.latitude-15.com\/pt-br\/","name":"LATITUDE 15","description":"Aviation and maritime Magazine - Caribbean &amp; Latin America","publisher":{"@id":"https:\/\/www.latitude-15.com\/pt-br\/#organization"},"potentialAction":[{"@type":"SearchAction","target":{"@type":"EntryPoint","urlTemplate":"https:\/\/www.latitude-15.com\/pt-br\/?s={search_term_string}"},"query-input":{"@type":"PropertyValueSpecification","valueRequired":true,"valueName":"search_term_string"}}],"inLanguage":"pt-BR"},{"@type":"Organization","@id":"https:\/\/www.latitude-15.com\/pt-br\/#organization","name":"LATITUDE 15","url":"https:\/\/www.latitude-15.com\/pt-br\/","logo":{"@type":"ImageObject","inLanguage":"pt-BR","@id":"https:\/\/www.latitude-15.com\/pt-br\/#\/schema\/logo\/image\/","url":"https:\/\/www.latitude-15.com\/wp-content\/uploads\/2026\/01\/cropped-logox500px.png","contentUrl":"https:\/\/www.latitude-15.com\/wp-content\/uploads\/2026\/01\/cropped-logox500px.png","width":62,"height":75,"caption":"LATITUDE 15"},"image":{"@id":"https:\/\/www.latitude-15.com\/pt-br\/#\/schema\/logo\/image\/"}},{"@type":"Person","@id":"https:\/\/www.latitude-15.com\/pt-br\/#\/schema\/person\/dac52e7ff44c78317f337da112e37252","name":"Joda J","image":{"@type":"ImageObject","inLanguage":"pt-BR","@id":"https:\/\/www.latitude-15.com\/pt-br\/#\/schema\/person\/image\/","url":"https:\/\/secure.gravatar.com\/avatar\/6b1feae555e15404b76616f92d931d12b25ac58024f14ccb43d9d3c012e4c4cf?s=96&d=mm&r=g","contentUrl":"https:\/\/secure.gravatar.com\/avatar\/6b1feae555e15404b76616f92d931d12b25ac58024f14ccb43d9d3c012e4c4cf?s=96&d=mm&r=g","caption":"Joda J"},"url":"https:\/\/www.latitude-15.com\/pt-br\/author\/joda\/"}]}},"_links":{"self":[{"href":"https:\/\/www.latitude-15.com\/pt-br\/wp-json\/wp\/v2\/posts\/21025","targetHints":{"allow":["GET"]}}],"collection":[{"href":"https:\/\/www.latitude-15.com\/pt-br\/wp-json\/wp\/v2\/posts"}],"about":[{"href":"https:\/\/www.latitude-15.com\/pt-br\/wp-json\/wp\/v2\/types\/post"}],"author":[{"embeddable":true,"href":"https:\/\/www.latitude-15.com\/pt-br\/wp-json\/wp\/v2\/users\/5"}],"replies":[{"embeddable":true,"href":"https:\/\/www.latitude-15.com\/pt-br\/wp-json\/wp\/v2\/comments?post=21025"}],"version-history":[{"count":2,"href":"https:\/\/www.latitude-15.com\/pt-br\/wp-json\/wp\/v2\/posts\/21025\/revisions"}],"predecessor-version":[{"id":21086,"href":"https:\/\/www.latitude-15.com\/pt-br\/wp-json\/wp\/v2\/posts\/21025\/revisions\/21086"}],"wp:featuredmedia":[{"embeddable":true,"href":"https:\/\/www.latitude-15.com\/pt-br\/wp-json\/wp\/v2\/media\/21024"}],"wp:attachment":[{"href":"https:\/\/www.latitude-15.com\/pt-br\/wp-json\/wp\/v2\/media?parent=21025"}],"wp:term":[{"taxonomy":"category","embeddable":true,"href":"https:\/\/www.latitude-15.com\/pt-br\/wp-json\/wp\/v2\/categories?post=21025"},{"taxonomy":"post_tag","embeddable":true,"href":"https:\/\/www.latitude-15.com\/pt-br\/wp-json\/wp\/v2\/tags?post=21025"}],"curies":[{"name":"wp","href":"https:\/\/api.w.org\/{rel}","templated":true}]}}