{"id":21016,"date":"2026-03-02T09:01:18","date_gmt":"2026-03-02T13:01:18","guid":{"rendered":"https:\/\/www.latitude-15.com\/saf-latam-2026-sao-paulo-no-centro-da-transicao-do-combustivel-sustentavel-de-aviacao-na-america-latina\/"},"modified":"2026-03-02T20:48:10","modified_gmt":"2026-03-03T00:48:10","slug":"saf-latam-2026-sao-paulo-no-centro-da-transicao-do-combustivel-sustentavel-de-aviacao-na-america-latina","status":"publish","type":"post","link":"https:\/\/www.latitude-15.com\/pt-br\/saf-latam-2026-sao-paulo-no-centro-da-transicao-do-combustivel-sustentavel-de-aviacao-na-america-latina\/","title":{"rendered":"SAF LATAM 2026: S\u00e3o Paulo no centro da transi\u00e7\u00e3o do combust\u00edvel sustent\u00e1vel de avia\u00e7\u00e3o na Am\u00e9rica Latina"},"content":{"rendered":"\n<p>Entre 2 e 4 de mar\u00e7o de 2026, S\u00e3o Paulo sediar\u00e1 a segunda edi\u00e7\u00e3o do Sustainable Aviation Futures LATAM Congress, reunindo mais de 400 l\u00edderes do setor e cerca de 100 palestrantes dos segmentos de avia\u00e7\u00e3o, energia, finan\u00e7as e governo. \u00c0 primeira vista, trata-se de mais um encontro dedicado ao Sustainable Aviation Fuel (SAF). Na pr\u00e1tica, o evento simboliza uma mudan\u00e7a mais profunda: a Am\u00e9rica Latina est\u00e1 saindo do campo das inten\u00e7\u00f5es para estruturar efetivamente o mercado.  <\/p>\n\n<p>O momento \u00e9 estrat\u00e9gico. O mandato brasileiro de mistura obrigat\u00f3ria previsto para 2027 se aproxima, e a maior clareza regulat\u00f3ria come\u00e7a a se converter em posicionamento industrial concreto. A agenda e o perfil dos participantes indicam que o debate regional j\u00e1 n\u00e3o gira em torno da necessidade de escalar o SAF, mas sim de como faz\u00ea-lo \u2014 e sob quais condi\u00e7\u00f5es financeiras, regulat\u00f3rias e log\u00edsticas.  <\/p>\n\n<h2 class=\"wp-block-heading\">Brasil como mercado \u00e2ncora emergente<\/h2>\n\n<p>A centralidade do Brasil no programa \u00e9 evidente. Representantes da ANAC, do Minist\u00e9rio de Minas e Energia, do Minist\u00e9rio do Desenvolvimento, Ind\u00fastria, Com\u00e9rcio e Servi\u00e7os, al\u00e9m do BNDES e da Petrobras, est\u00e3o entre os participantes confirmados. As discuss\u00f5es abordar\u00e3o o projeto de lei \u201cFuel of the Future\u201d, o mandato de 2027 e a implementa\u00e7\u00e3o dos mecanismos do ProBioQAV, voltados \u00e0 redu\u00e7\u00e3o das emiss\u00f5es de gases de efeito estufa da avia\u00e7\u00e3o na pr\u00f3xima d\u00e9cada.  <\/p>\n\n<p>Esse n\u00edvel de envolvimento governamental demonstra que o SAF, no Brasil, ultrapassa a esfera ambiental e integra uma estrat\u00e9gia de pol\u00edtica industrial. A articula\u00e7\u00e3o entre regimes tribut\u00e1rios, mercados de carbono e financiamento via banco de desenvolvimento aponta para uma tentativa estruturada de criar uma base dom\u00e9stica de produ\u00e7\u00e3o capaz de atender tanto \u00e0s companhias nacionais quanto aos mercados de exporta\u00e7\u00e3o. <\/p>\n\n<p>A quest\u00e3o j\u00e1 n\u00e3o \u00e9 se o Brasil participar\u00e1 do mercado global de SAF, mas se conseguir\u00e1 se posicionar como polo competitivo de produ\u00e7\u00e3o, aproveitando sua tradi\u00e7\u00e3o em bioetanol e sua escala agr\u00edcola para reduzir o diferencial de custo em rela\u00e7\u00e3o ao querosene convencional. <\/p>\n\n<h2 class=\"wp-block-heading\">Do potencial agr\u00edcola \u00e0 maturidade comercial<\/h2>\n\n<p>Al\u00e9m das obriga\u00e7\u00f5es regulat\u00f3rias, a programa\u00e7\u00e3o destaca os fundamentos t\u00e9cnicos e agr\u00edcolas necess\u00e1rios para a expans\u00e3o do SAF. Sess\u00f5es espec\u00edficas analisar\u00e3o rotas ethanol-to-jet, solu\u00e7\u00f5es de co-processing e disponibilidade de mat\u00e9rias-primas \u2014 incluindo cana-de-a\u00e7\u00facar, soja, maca\u00faba e outras culturas regionais. <\/p>\n\n<p>Esse enfoque reflete uma narrativa regional mais ampla: a Am\u00e9rica Latina disp\u00f5e de forte potencial em biomassa e bioenergia. Contudo, abund\u00e2ncia de insumos n\u00e3o garante escala industrial. Certifica\u00e7\u00e3o de intensidade de carbono, alinhamento aos padr\u00f5es do CORSIA e do RED III e respostas consistentes \u00e0s preocupa\u00e7\u00f5es com Indirect Land-Use Change (ILUC) s\u00e3o fatores determinantes.  <\/p>\n\n<p>O ILUC \u00e9 particularmente sens\u00edvel para produtores sul-americanos que buscam acesso ao mercado europeu. Discuss\u00f5es sobre transpar\u00eancia, rastreabilidade e harmoniza\u00e7\u00e3o de metodologias de contabilidade de carbono evidenciam a compreens\u00e3o de que credibilidade internacional ser\u00e1 determinante para a inser\u00e7\u00e3o comercial. <\/p>\n\n<p>Outro ponto relevante \u00e9 a transi\u00e7\u00e3o de projetos-piloto para Final Investment Decisions (FID). Estudos de caso dever\u00e3o abordar como as primeiras unidades enfrentaram desafios de maturidade tecnol\u00f3gica, engenharia e financiamento \u2014 sinal claro de que o setor ingressa em uma fase efetivamente comercial. <\/p>\n\n<h2 class=\"wp-block-heading\">O protagonismo da estrutura financeira<\/h2>\n\n<p>Um dos aspectos mais marcantes desta edi\u00e7\u00e3o \u00e9 o peso dos atores financeiros. BNDES, IDB Invest, CAF e BloombergNEF participam do evento, juntamente com pain\u00e9is dedicados a due diligence, avalia\u00e7\u00e3o de riscos e crit\u00e9rios de investimento. <\/p>\n\n<p>O SAF continua mais caro que o combust\u00edvel convencional. Sem mecanismos estruturados de apoio financeiro, mercados latino-americanos \u2014 tradicionalmente sens\u00edveis a pre\u00e7o \u2014 podem ter dificuldade em absorver pr\u00eamios sustentados. A presen\u00e7a de bancos de desenvolvimento indica reconhecimento de que o capital p\u00fablico ter\u00e1 papel catalisador, especialmente em projetos pioneiros.  <\/p>\n\n<p>Debates sobre contratos de longo prazo (offtake agreements), mecanismos de pre\u00e7o m\u00ednimo e compartilhamento de riscos ser\u00e3o centrais. Investidores demandam estabilidade regulat\u00f3ria e sinais de demanda confi\u00e1veis antes de comprometer recursos. Nesse sentido, o congresso funciona n\u00e3o apenas como f\u00f3rum t\u00e9cnico, mas como plataforma de constru\u00e7\u00e3o de confian\u00e7a.  <\/p>\n\n<h2 class=\"wp-block-heading\">Companhias a\u00e9reas sob press\u00e3o<\/h2>\n\n<p>Executivos da LATAM Airlines, Azul, GOL e de empresas internacionais como a JetBlue participam do debate, acrescentando dimens\u00e3o operacional e comercial.<\/p>\n\n<p>As companhias enfrentam crescente press\u00e3o de clientes corporativos, reguladores e estruturas internacionais para reduzir emiss\u00f5es. Ao mesmo tempo, as margens permanecem apertadas em grande parte da regi\u00e3o. Integrar SAF \u00e0s estrat\u00e9gias de aquisi\u00e7\u00e3o sem comprometer a rentabilidade exige equil\u00edbrio delicado.  <\/p>\n\n<p>Sess\u00f5es dedicadas a relat\u00f3rios Scope 3 e a mecanismos book-and-claim demonstram tentativas de conciliar descarboniza\u00e7\u00e3o com viabilidade econ\u00f4mica. O desenvolvimento de registros confi\u00e1veis e sistemas interoper\u00e1veis de rastreabilidade ser\u00e1 crucial para consolidar a aceita\u00e7\u00e3o de cr\u00e9ditos de SAF no mercado. <\/p>\n\n<h2 class=\"wp-block-heading\">Corredores comerciais e alinhamento geopol\u00edtico<\/h2>\n\n<p>O congresso tamb\u00e9m insere a Am\u00e9rica Latina no contexto geopol\u00edtico mais amplo da transi\u00e7\u00e3o energ\u00e9tica. Espera-se debate sobre os incentivos fiscais dos Estados Unidos, as exig\u00eancias de certifica\u00e7\u00e3o europeias e a demanda emergente na \u00c1sia-Pac\u00edfico. <\/p>\n\n<p>A posi\u00e7\u00e3o estrat\u00e9gica da regi\u00e3o entre Washington, Bruxelas e os mercados asi\u00e1ticos representa simultaneamente oportunidade e complexidade. Acordos comerciais, padr\u00f5es de exporta\u00e7\u00e3o e modelos de conformidade de carbono influenciar\u00e3o o direcionamento dos fluxos de SAF e os marcos regulat\u00f3rios predominantes. <\/p>\n\n<p>Em um ambiente de pol\u00edticas fragmentadas, o alinhamento \u2014 ou ao menos a compatibilidade \u2014 com padr\u00f5es internacionais ser\u00e1 determinante para a integra\u00e7\u00e3o da produ\u00e7\u00e3o latino-americana \u00e0s cadeias globais de suprimento. <\/p>\n\n<h2 class=\"wp-block-heading\">Um momento de transi\u00e7\u00e3o<\/h2>\n\n<p>O Sustainable Aviation Futures LATAM Congress 2026 vai al\u00e9m de um encontro setorial. Representa um ponto de converg\u00eancia entre amadurecimento regulat\u00f3rio, defini\u00e7\u00e3o de estrat\u00e9gias de mat\u00e9rias-primas, engajamento financeiro e reconfigura\u00e7\u00e3o das estrat\u00e9gias das companhias a\u00e9reas. <\/p>\n\n<p>Para a Am\u00e9rica Latina, a transi\u00e7\u00e3o para combust\u00edveis sustent\u00e1veis de avia\u00e7\u00e3o deixa de ser conceitual e entra na fase operacional. Os pr\u00f3ximos anos mostrar\u00e3o se a regi\u00e3o conseguir\u00e1 transformar sua voca\u00e7\u00e3o bioenerg\u00e9tica em vantagem competitiva duradoura \u2014 ou se custos elevados e fragmenta\u00e7\u00e3o regulat\u00f3ria limitar\u00e3o o avan\u00e7o.  <\/p>\n\n<p>\u00c0 medida que o mandato de 2027 se aproxima, S\u00e3o Paulo se consolida como term\u00f4metro da ambi\u00e7\u00e3o regional. O verdadeiro teste n\u00e3o ocorrer\u00e1 nas salas de confer\u00eancia, mas na velocidade com que os projetos sair\u00e3o do debate e se transformar\u00e3o em implementa\u00e7\u00e3o concreta. <\/p>\n\n<p><a href=\"https:\/\/www.safcongresslatam.com\">SAIBA MAIS SOBRE O EVENTO<\/a><\/p>\n","protected":false},"excerpt":{"rendered":"<p>Entre 2 e 4 de mar\u00e7o de 2026, S\u00e3o Paulo sediar\u00e1 a segunda edi\u00e7\u00e3o do Sustainable Aviation Futures LATAM Congress, reunindo mais de 400 l\u00edderes do setor e cerca de 100 palestrantes dos segmentos de avia\u00e7\u00e3o, energia, finan\u00e7as e governo. \u00c0 primeira vista, trata-se de mais um encontro dedicado ao Sustainable Aviation Fuel (SAF). Na [&hellip;]<\/p>\n","protected":false},"author":5,"featured_media":0,"comment_status":"open","ping_status":"open","sticky":false,"template":"","format":"standard","meta":{"footnotes":""},"categories":[98,113],"tags":[],"class_list":["post-21016","post","type-post","status-publish","format-standard","hentry","category-aviacao","category-sustentabilidade-e-transicao-energetica"],"yoast_head":"<!-- This site is optimized with the Yoast SEO plugin v26.9 - https:\/\/yoast.com\/product\/yoast-seo-wordpress\/ -->\n<title>SAF LATAM 2026: S\u00e3o Paulo no centro da transi\u00e7\u00e3o do combust\u00edvel sustent\u00e1vel de avia\u00e7\u00e3o na Am\u00e9rica Latina - LATITUDE 15<\/title>\n<meta name=\"robots\" content=\"index, follow, max-snippet:-1, max-image-preview:large, max-video-preview:-1\" \/>\n<link rel=\"canonical\" href=\"https:\/\/www.latitude-15.com\/pt-br\/saf-latam-2026-sao-paulo-no-centro-da-transicao-do-combustivel-sustentavel-de-aviacao-na-america-latina\/\" \/>\n<meta property=\"og:locale\" content=\"pt_BR\" \/>\n<meta property=\"og:type\" content=\"article\" \/>\n<meta property=\"og:title\" content=\"SAF LATAM 2026: S\u00e3o Paulo no centro da transi\u00e7\u00e3o do combust\u00edvel sustent\u00e1vel de avia\u00e7\u00e3o na Am\u00e9rica Latina - LATITUDE 15\" \/>\n<meta property=\"og:description\" content=\"Entre 2 e 4 de mar\u00e7o de 2026, S\u00e3o Paulo sediar\u00e1 a segunda edi\u00e7\u00e3o do Sustainable Aviation Futures LATAM Congress, reunindo mais de 400 l\u00edderes do setor e cerca de 100 palestrantes dos segmentos de avia\u00e7\u00e3o, energia, finan\u00e7as e governo. \u00c0 primeira vista, trata-se de mais um encontro dedicado ao Sustainable Aviation Fuel (SAF). Na [&hellip;]\" \/>\n<meta property=\"og:url\" content=\"https:\/\/www.latitude-15.com\/pt-br\/saf-latam-2026-sao-paulo-no-centro-da-transicao-do-combustivel-sustentavel-de-aviacao-na-america-latina\/\" \/>\n<meta property=\"og:site_name\" content=\"LATITUDE 15\" \/>\n<meta property=\"article:published_time\" content=\"2026-03-02T13:01:18+00:00\" \/>\n<meta property=\"article:modified_time\" content=\"2026-03-03T00:48:10+00:00\" \/>\n<meta property=\"og:image\" content=\"https:\/\/www.latitude-15.com\/wp-content\/uploads\/2026\/03\/imgARTICLE.jpg\" \/>\n\t<meta property=\"og:image:width\" content=\"1088\" \/>\n\t<meta property=\"og:image:height\" content=\"740\" \/>\n\t<meta property=\"og:image:type\" content=\"image\/jpeg\" \/>\n<meta name=\"author\" content=\"Joda J\" \/>\n<meta name=\"twitter:card\" content=\"summary_large_image\" \/>\n<meta name=\"twitter:label1\" content=\"Escrito por\" \/>\n\t<meta name=\"twitter:data1\" content=\"Joda J\" \/>\n\t<meta name=\"twitter:label2\" content=\"Est. tempo de leitura\" \/>\n\t<meta name=\"twitter:data2\" content=\"6 minutos\" \/>\n<script type=\"application\/ld+json\" class=\"yoast-schema-graph\">{\"@context\":\"https:\/\/schema.org\",\"@graph\":[{\"@type\":\"Article\",\"@id\":\"https:\/\/www.latitude-15.com\/pt-br\/saf-latam-2026-sao-paulo-no-centro-da-transicao-do-combustivel-sustentavel-de-aviacao-na-america-latina\/#article\",\"isPartOf\":{\"@id\":\"https:\/\/www.latitude-15.com\/pt-br\/saf-latam-2026-sao-paulo-no-centro-da-transicao-do-combustivel-sustentavel-de-aviacao-na-america-latina\/\"},\"author\":{\"name\":\"Joda J\",\"@id\":\"https:\/\/www.latitude-15.com\/pt-br\/#\/schema\/person\/dac52e7ff44c78317f337da112e37252\"},\"headline\":\"SAF LATAM 2026: S\u00e3o Paulo no centro da transi\u00e7\u00e3o do combust\u00edvel sustent\u00e1vel de avia\u00e7\u00e3o na Am\u00e9rica Latina\",\"datePublished\":\"2026-03-02T13:01:18+00:00\",\"dateModified\":\"2026-03-03T00:48:10+00:00\",\"mainEntityOfPage\":{\"@id\":\"https:\/\/www.latitude-15.com\/pt-br\/saf-latam-2026-sao-paulo-no-centro-da-transicao-do-combustivel-sustentavel-de-aviacao-na-america-latina\/\"},\"wordCount\":1159,\"commentCount\":0,\"publisher\":{\"@id\":\"https:\/\/www.latitude-15.com\/pt-br\/#organization\"},\"articleSection\":[\"AVIA\u00c7\u00c3O\",\"Sustentabilidade e transi\u00e7\u00e3o energ\u00e9tica\"],\"inLanguage\":\"pt-BR\",\"potentialAction\":[{\"@type\":\"CommentAction\",\"name\":\"Comment\",\"target\":[\"https:\/\/www.latitude-15.com\/pt-br\/saf-latam-2026-sao-paulo-no-centro-da-transicao-do-combustivel-sustentavel-de-aviacao-na-america-latina\/#respond\"]}]},{\"@type\":\"WebPage\",\"@id\":\"https:\/\/www.latitude-15.com\/pt-br\/saf-latam-2026-sao-paulo-no-centro-da-transicao-do-combustivel-sustentavel-de-aviacao-na-america-latina\/\",\"url\":\"https:\/\/www.latitude-15.com\/pt-br\/saf-latam-2026-sao-paulo-no-centro-da-transicao-do-combustivel-sustentavel-de-aviacao-na-america-latina\/\",\"name\":\"SAF LATAM 2026: S\u00e3o Paulo no centro da transi\u00e7\u00e3o do combust\u00edvel sustent\u00e1vel de avia\u00e7\u00e3o na Am\u00e9rica Latina - LATITUDE 15\",\"isPartOf\":{\"@id\":\"https:\/\/www.latitude-15.com\/pt-br\/#website\"},\"datePublished\":\"2026-03-02T13:01:18+00:00\",\"dateModified\":\"2026-03-03T00:48:10+00:00\",\"breadcrumb\":{\"@id\":\"https:\/\/www.latitude-15.com\/pt-br\/saf-latam-2026-sao-paulo-no-centro-da-transicao-do-combustivel-sustentavel-de-aviacao-na-america-latina\/#breadcrumb\"},\"inLanguage\":\"pt-BR\",\"potentialAction\":[{\"@type\":\"ReadAction\",\"target\":[\"https:\/\/www.latitude-15.com\/pt-br\/saf-latam-2026-sao-paulo-no-centro-da-transicao-do-combustivel-sustentavel-de-aviacao-na-america-latina\/\"]}]},{\"@type\":\"BreadcrumbList\",\"@id\":\"https:\/\/www.latitude-15.com\/pt-br\/saf-latam-2026-sao-paulo-no-centro-da-transicao-do-combustivel-sustentavel-de-aviacao-na-america-latina\/#breadcrumb\",\"itemListElement\":[{\"@type\":\"ListItem\",\"position\":1,\"name\":\"Home\",\"item\":\"https:\/\/www.latitude-15.com\/pt-br\/inicio\/\"},{\"@type\":\"ListItem\",\"position\":2,\"name\":\"SAF LATAM 2026: S\u00e3o Paulo no centro da transi\u00e7\u00e3o do combust\u00edvel sustent\u00e1vel de avia\u00e7\u00e3o na Am\u00e9rica Latina\"}]},{\"@type\":\"WebSite\",\"@id\":\"https:\/\/www.latitude-15.com\/pt-br\/#website\",\"url\":\"https:\/\/www.latitude-15.com\/pt-br\/\",\"name\":\"LATITUDE 15\",\"description\":\"Aviation and maritime Magazine - Caribbean &amp; Latin America\",\"publisher\":{\"@id\":\"https:\/\/www.latitude-15.com\/pt-br\/#organization\"},\"potentialAction\":[{\"@type\":\"SearchAction\",\"target\":{\"@type\":\"EntryPoint\",\"urlTemplate\":\"https:\/\/www.latitude-15.com\/pt-br\/?s={search_term_string}\"},\"query-input\":{\"@type\":\"PropertyValueSpecification\",\"valueRequired\":true,\"valueName\":\"search_term_string\"}}],\"inLanguage\":\"pt-BR\"},{\"@type\":\"Organization\",\"@id\":\"https:\/\/www.latitude-15.com\/pt-br\/#organization\",\"name\":\"LATITUDE 15\",\"url\":\"https:\/\/www.latitude-15.com\/pt-br\/\",\"logo\":{\"@type\":\"ImageObject\",\"inLanguage\":\"pt-BR\",\"@id\":\"https:\/\/www.latitude-15.com\/pt-br\/#\/schema\/logo\/image\/\",\"url\":\"https:\/\/www.latitude-15.com\/wp-content\/uploads\/2026\/01\/cropped-logox500px.png\",\"contentUrl\":\"https:\/\/www.latitude-15.com\/wp-content\/uploads\/2026\/01\/cropped-logox500px.png\",\"width\":62,\"height\":75,\"caption\":\"LATITUDE 15\"},\"image\":{\"@id\":\"https:\/\/www.latitude-15.com\/pt-br\/#\/schema\/logo\/image\/\"}},{\"@type\":\"Person\",\"@id\":\"https:\/\/www.latitude-15.com\/pt-br\/#\/schema\/person\/dac52e7ff44c78317f337da112e37252\",\"name\":\"Joda J\",\"image\":{\"@type\":\"ImageObject\",\"inLanguage\":\"pt-BR\",\"@id\":\"https:\/\/www.latitude-15.com\/pt-br\/#\/schema\/person\/image\/\",\"url\":\"https:\/\/secure.gravatar.com\/avatar\/6b1feae555e15404b76616f92d931d12b25ac58024f14ccb43d9d3c012e4c4cf?s=96&d=mm&r=g\",\"contentUrl\":\"https:\/\/secure.gravatar.com\/avatar\/6b1feae555e15404b76616f92d931d12b25ac58024f14ccb43d9d3c012e4c4cf?s=96&d=mm&r=g\",\"caption\":\"Joda J\"},\"url\":\"https:\/\/www.latitude-15.com\/pt-br\/author\/joda\/\"}]}<\/script>\n<!-- \/ Yoast SEO plugin. -->","yoast_head_json":{"title":"SAF LATAM 2026: S\u00e3o Paulo no centro da transi\u00e7\u00e3o do combust\u00edvel sustent\u00e1vel de avia\u00e7\u00e3o na Am\u00e9rica Latina - LATITUDE 15","robots":{"index":"index","follow":"follow","max-snippet":"max-snippet:-1","max-image-preview":"max-image-preview:large","max-video-preview":"max-video-preview:-1"},"canonical":"https:\/\/www.latitude-15.com\/pt-br\/saf-latam-2026-sao-paulo-no-centro-da-transicao-do-combustivel-sustentavel-de-aviacao-na-america-latina\/","og_locale":"pt_BR","og_type":"article","og_title":"SAF LATAM 2026: S\u00e3o Paulo no centro da transi\u00e7\u00e3o do combust\u00edvel sustent\u00e1vel de avia\u00e7\u00e3o na Am\u00e9rica Latina - LATITUDE 15","og_description":"Entre 2 e 4 de mar\u00e7o de 2026, S\u00e3o Paulo sediar\u00e1 a segunda edi\u00e7\u00e3o do Sustainable Aviation Futures LATAM Congress, reunindo mais de 400 l\u00edderes do setor e cerca de 100 palestrantes dos segmentos de avia\u00e7\u00e3o, energia, finan\u00e7as e governo. \u00c0 primeira vista, trata-se de mais um encontro dedicado ao Sustainable Aviation Fuel (SAF). Na [&hellip;]","og_url":"https:\/\/www.latitude-15.com\/pt-br\/saf-latam-2026-sao-paulo-no-centro-da-transicao-do-combustivel-sustentavel-de-aviacao-na-america-latina\/","og_site_name":"LATITUDE 15","article_published_time":"2026-03-02T13:01:18+00:00","article_modified_time":"2026-03-03T00:48:10+00:00","og_image":[{"width":1088,"height":740,"url":"https:\/\/www.latitude-15.com\/wp-content\/uploads\/2026\/03\/imgARTICLE.jpg","type":"image\/jpeg"}],"author":"Joda J","twitter_card":"summary_large_image","twitter_misc":{"Escrito por":"Joda J","Est. tempo de leitura":"6 minutos"},"schema":{"@context":"https:\/\/schema.org","@graph":[{"@type":"Article","@id":"https:\/\/www.latitude-15.com\/pt-br\/saf-latam-2026-sao-paulo-no-centro-da-transicao-do-combustivel-sustentavel-de-aviacao-na-america-latina\/#article","isPartOf":{"@id":"https:\/\/www.latitude-15.com\/pt-br\/saf-latam-2026-sao-paulo-no-centro-da-transicao-do-combustivel-sustentavel-de-aviacao-na-america-latina\/"},"author":{"name":"Joda J","@id":"https:\/\/www.latitude-15.com\/pt-br\/#\/schema\/person\/dac52e7ff44c78317f337da112e37252"},"headline":"SAF LATAM 2026: S\u00e3o Paulo no centro da transi\u00e7\u00e3o do combust\u00edvel sustent\u00e1vel de avia\u00e7\u00e3o na Am\u00e9rica Latina","datePublished":"2026-03-02T13:01:18+00:00","dateModified":"2026-03-03T00:48:10+00:00","mainEntityOfPage":{"@id":"https:\/\/www.latitude-15.com\/pt-br\/saf-latam-2026-sao-paulo-no-centro-da-transicao-do-combustivel-sustentavel-de-aviacao-na-america-latina\/"},"wordCount":1159,"commentCount":0,"publisher":{"@id":"https:\/\/www.latitude-15.com\/pt-br\/#organization"},"articleSection":["AVIA\u00c7\u00c3O","Sustentabilidade e transi\u00e7\u00e3o energ\u00e9tica"],"inLanguage":"pt-BR","potentialAction":[{"@type":"CommentAction","name":"Comment","target":["https:\/\/www.latitude-15.com\/pt-br\/saf-latam-2026-sao-paulo-no-centro-da-transicao-do-combustivel-sustentavel-de-aviacao-na-america-latina\/#respond"]}]},{"@type":"WebPage","@id":"https:\/\/www.latitude-15.com\/pt-br\/saf-latam-2026-sao-paulo-no-centro-da-transicao-do-combustivel-sustentavel-de-aviacao-na-america-latina\/","url":"https:\/\/www.latitude-15.com\/pt-br\/saf-latam-2026-sao-paulo-no-centro-da-transicao-do-combustivel-sustentavel-de-aviacao-na-america-latina\/","name":"SAF LATAM 2026: S\u00e3o Paulo no centro da transi\u00e7\u00e3o do combust\u00edvel sustent\u00e1vel de avia\u00e7\u00e3o na Am\u00e9rica Latina - LATITUDE 15","isPartOf":{"@id":"https:\/\/www.latitude-15.com\/pt-br\/#website"},"datePublished":"2026-03-02T13:01:18+00:00","dateModified":"2026-03-03T00:48:10+00:00","breadcrumb":{"@id":"https:\/\/www.latitude-15.com\/pt-br\/saf-latam-2026-sao-paulo-no-centro-da-transicao-do-combustivel-sustentavel-de-aviacao-na-america-latina\/#breadcrumb"},"inLanguage":"pt-BR","potentialAction":[{"@type":"ReadAction","target":["https:\/\/www.latitude-15.com\/pt-br\/saf-latam-2026-sao-paulo-no-centro-da-transicao-do-combustivel-sustentavel-de-aviacao-na-america-latina\/"]}]},{"@type":"BreadcrumbList","@id":"https:\/\/www.latitude-15.com\/pt-br\/saf-latam-2026-sao-paulo-no-centro-da-transicao-do-combustivel-sustentavel-de-aviacao-na-america-latina\/#breadcrumb","itemListElement":[{"@type":"ListItem","position":1,"name":"Home","item":"https:\/\/www.latitude-15.com\/pt-br\/inicio\/"},{"@type":"ListItem","position":2,"name":"SAF LATAM 2026: S\u00e3o Paulo no centro da transi\u00e7\u00e3o do combust\u00edvel sustent\u00e1vel de avia\u00e7\u00e3o na Am\u00e9rica Latina"}]},{"@type":"WebSite","@id":"https:\/\/www.latitude-15.com\/pt-br\/#website","url":"https:\/\/www.latitude-15.com\/pt-br\/","name":"LATITUDE 15","description":"Aviation and maritime Magazine - Caribbean &amp; Latin America","publisher":{"@id":"https:\/\/www.latitude-15.com\/pt-br\/#organization"},"potentialAction":[{"@type":"SearchAction","target":{"@type":"EntryPoint","urlTemplate":"https:\/\/www.latitude-15.com\/pt-br\/?s={search_term_string}"},"query-input":{"@type":"PropertyValueSpecification","valueRequired":true,"valueName":"search_term_string"}}],"inLanguage":"pt-BR"},{"@type":"Organization","@id":"https:\/\/www.latitude-15.com\/pt-br\/#organization","name":"LATITUDE 15","url":"https:\/\/www.latitude-15.com\/pt-br\/","logo":{"@type":"ImageObject","inLanguage":"pt-BR","@id":"https:\/\/www.latitude-15.com\/pt-br\/#\/schema\/logo\/image\/","url":"https:\/\/www.latitude-15.com\/wp-content\/uploads\/2026\/01\/cropped-logox500px.png","contentUrl":"https:\/\/www.latitude-15.com\/wp-content\/uploads\/2026\/01\/cropped-logox500px.png","width":62,"height":75,"caption":"LATITUDE 15"},"image":{"@id":"https:\/\/www.latitude-15.com\/pt-br\/#\/schema\/logo\/image\/"}},{"@type":"Person","@id":"https:\/\/www.latitude-15.com\/pt-br\/#\/schema\/person\/dac52e7ff44c78317f337da112e37252","name":"Joda J","image":{"@type":"ImageObject","inLanguage":"pt-BR","@id":"https:\/\/www.latitude-15.com\/pt-br\/#\/schema\/person\/image\/","url":"https:\/\/secure.gravatar.com\/avatar\/6b1feae555e15404b76616f92d931d12b25ac58024f14ccb43d9d3c012e4c4cf?s=96&d=mm&r=g","contentUrl":"https:\/\/secure.gravatar.com\/avatar\/6b1feae555e15404b76616f92d931d12b25ac58024f14ccb43d9d3c012e4c4cf?s=96&d=mm&r=g","caption":"Joda J"},"url":"https:\/\/www.latitude-15.com\/pt-br\/author\/joda\/"}]}},"_links":{"self":[{"href":"https:\/\/www.latitude-15.com\/pt-br\/wp-json\/wp\/v2\/posts\/21016","targetHints":{"allow":["GET"]}}],"collection":[{"href":"https:\/\/www.latitude-15.com\/pt-br\/wp-json\/wp\/v2\/posts"}],"about":[{"href":"https:\/\/www.latitude-15.com\/pt-br\/wp-json\/wp\/v2\/types\/post"}],"author":[{"embeddable":true,"href":"https:\/\/www.latitude-15.com\/pt-br\/wp-json\/wp\/v2\/users\/5"}],"replies":[{"embeddable":true,"href":"https:\/\/www.latitude-15.com\/pt-br\/wp-json\/wp\/v2\/comments?post=21016"}],"version-history":[{"count":1,"href":"https:\/\/www.latitude-15.com\/pt-br\/wp-json\/wp\/v2\/posts\/21016\/revisions"}],"predecessor-version":[{"id":21017,"href":"https:\/\/www.latitude-15.com\/pt-br\/wp-json\/wp\/v2\/posts\/21016\/revisions\/21017"}],"wp:attachment":[{"href":"https:\/\/www.latitude-15.com\/pt-br\/wp-json\/wp\/v2\/media?parent=21016"}],"wp:term":[{"taxonomy":"category","embeddable":true,"href":"https:\/\/www.latitude-15.com\/pt-br\/wp-json\/wp\/v2\/categories?post=21016"},{"taxonomy":"post_tag","embeddable":true,"href":"https:\/\/www.latitude-15.com\/pt-br\/wp-json\/wp\/v2\/tags?post=21016"}],"curies":[{"name":"wp","href":"https:\/\/api.w.org\/{rel}","templated":true}]}}