{"id":21003,"date":"2026-03-02T09:54:58","date_gmt":"2026-03-02T13:54:58","guid":{"rendered":"https:\/\/www.latitude-15.com\/o-caribe-como-fronteira-maritima-da-america-sinais-estrategicos-do-us-caribbean-ports-forum-2026\/"},"modified":"2026-03-02T13:29:48","modified_gmt":"2026-03-02T17:29:48","slug":"o-caribe-como-fronteira-maritima-da-america-sinais-estrategicos-do-us-caribbean-ports-forum-2026","status":"publish","type":"post","link":"https:\/\/www.latitude-15.com\/pt-br\/o-caribe-como-fronteira-maritima-da-america-sinais-estrategicos-do-us-caribbean-ports-forum-2026\/","title":{"rendered":"O Caribe como Fronteira Mar\u00edtima da Am\u00e9rica: Sinais Estrat\u00e9gicos do US\u2013Caribbean Ports Forum 2026"},"content":{"rendered":"\n<p>Em 20 de fevereiro de 2026, a Caribbean Initiative do Atlantic Council realizou, em Miami, a edi\u00e7\u00e3o inaugural do US\u2013Caribbean Maritime and Ports Forum. O encontro, sediado no Fontainebleau Hotel, marcou oficialmente o lan\u00e7amento de uma plataforma de longo prazo voltada ao fortalecimento da coopera\u00e7\u00e3o entre os Estados Unidos e as na\u00e7\u00f5es caribenhas nos setores portu\u00e1rio, mar\u00edtimo e log\u00edstico. <\/p>\n\n<p>O f\u00f3rum foi concebido n\u00e3o como um evento isolado, mas como o in\u00edcio de um di\u00e1logo estruturado e cont\u00ednuo sobre pol\u00edticas p\u00fablicas e investimentos. As discuss\u00f5es abordaram infraestrutura portu\u00e1ria, seguran\u00e7a mar\u00edtima, qualifica\u00e7\u00e3o de m\u00e3o de obra, reformas regulat\u00f3rias e o papel da tecnologia no crescimento do setor. A iniciativa d\u00e1 continuidade ao impulso gerado nas reuni\u00f5es de Chefes de Governo da CARICOM em 2025, nas quais a coopera\u00e7\u00e3o mar\u00edtima foi definida como prioridade regional.  <\/p>\n\n<h2 class=\"wp-block-heading\">Portos enquadrados como infraestruturas vitais<\/h2>\n\n<p>Ao longo do f\u00f3rum, os portos foram descritos como sistemas essenciais que sustentam o com\u00e9rcio regional, os fluxos de investimento, a seguran\u00e7a energ\u00e9tica, a seguran\u00e7a p\u00fablica e as cadeias de abastecimento alimentar. Essa abordagem superou a narrativa puramente comercial, posicionando a infraestrutura portu\u00e1ria como ativo estrat\u00e9gico nacional. <\/p>\n\n<p>O papel do Caribe nas opera\u00e7\u00f5es globais de cruzeiros tamb\u00e9m foi destacado. A regi\u00e3o foi apresentada como o principal destino mundial de cruzeiros, com Miami identificada como a capital global do setor. Conectividade de cruzeiros, movimenta\u00e7\u00e3o de cargas e fun\u00e7\u00f5es de gateway foram tratadas como componentes interdependentes da estabilidade econ\u00f4mica regional.  <\/p>\n\n<p>Em vez de enxergar os portos apenas como plataformas log\u00edsticas, diversos palestrantes os caracterizaram como \u201clinhas de vida\u201d das economias insulares \u2014 infraestruturas que impactam diretamente a continuidade econ\u00f4mica e a resili\u00eancia.<\/p>\n\n<h2 class=\"wp-block-heading\">Risco clim\u00e1tico como desafio estrutural<\/h2>\n\n<p>A exposi\u00e7\u00e3o clim\u00e1tica emergiu como realidade operacional central para os sistemas portu\u00e1rios caribenhos. Durante o f\u00f3rum, o representante da Jamaica apresentou dados concretos para ilustrar a intensidade das press\u00f5es clim\u00e1ticas nos \u00faltimos cinco anos: <\/p>\n\n<ul class=\"wp-block-list\">\n<li>Um furac\u00e3o de categoria 4<\/li>\n\n\n\n<li>Um furac\u00e3o de categoria 5<\/li>\n\n\n\n<li>Duas tempestades tropicais com impacto direto<\/li>\n\n\n\n<li>O dia mais quente j\u00e1 registrado<\/li>\n\n\n\n<li>Tr\u00eas das quatro piores secas em 120 anos<\/li>\n\n\n\n<li>Tr\u00eas dos dez dias mais chuvosos em 120 anos<br\/><\/li>\n<\/ul>\n\n<p>Esses dados evidenciaram a vulnerabilidade estrutural da infraestrutura portu\u00e1ria nos pequenos Estados insulares.<\/p>\n\n<p>A Jamaica implementou uma ferramenta sist\u00eamica de avalia\u00e7\u00e3o de riscos para mensurar exposi\u00e7\u00e3o a ressaca mar\u00edtima, inunda\u00e7\u00f5es e danos por ventos fortes. Segundo a interven\u00e7\u00e3o apresentada, o sistema mostrou-se \u201cquase 100% preciso\u201d nos dois \u00faltimos eventos de furac\u00e3o. O pa\u00eds tamb\u00e9m investiu em um supercomputador para aprimorar sua capacidade de modelagem de riscos e apoiar decis\u00f5es de investimento p\u00fablico. Estudos de prote\u00e7\u00e3o costeira considerando cen\u00e1rios de eleva\u00e7\u00e3o do n\u00edvel do mar de at\u00e9 20 p\u00e9s foram mencionados, assim como a coopera\u00e7\u00e3o com o Port of Miami em protocolos de prepara\u00e7\u00e3o para furac\u00f5es.   <\/p>\n\n<p>A mensagem foi inequ\u00edvoca: resili\u00eancia clim\u00e1tica n\u00e3o \u00e9 opcional para os portos caribenhos \u2014 \u00e9 condi\u00e7\u00e3o estrutural para a continuidade operacional.<\/p>\n\n<h2 class=\"wp-block-heading\">A narrativa da \u201cterceira fronteira\u201d<\/h2>\n\n<p>Uma formula\u00e7\u00e3o geopol\u00edtica relevante emergiu nas discuss\u00f5es. Um dos participantes afirmou que os Estados Unidos possuem \u201ctr\u00eas fronteiras: Canad\u00e1, M\u00e9xico e Caribe\u201d. Essa defini\u00e7\u00e3o reposiciona o Caribe n\u00e3o como periferia, mas como fronteira mar\u00edtima diretamente conectada aos interesses econ\u00f4micos e de seguran\u00e7a dos EUA. <\/p>\n\n<p>Os debates destacaram a necessidade de maior coordena\u00e7\u00e3o entre governos caribenhos e institui\u00e7\u00f5es norte-americanas, incluindo a Development Finance Corporation (DFC), o Export-Import Bank (EXIM) e o Departamento de Estado. Foi reconhecido que os Estados Unidos frequentemente \u201cavan\u00e7am de forma lenta\u201d, enquanto concorrentes \u2014 com refer\u00eancia expl\u00edcita \u00e0 China \u2014 \u201cavan\u00e7am rapidamente\u201d. <\/p>\n\n<p>Embora o f\u00f3rum n\u00e3o tenha aprofundado confrontos geopol\u00edticos, a implica\u00e7\u00e3o foi clara: a coopera\u00e7\u00e3o em infraestrutura mar\u00edtima possui relev\u00e2ncia estrat\u00e9gica que ultrapassa o com\u00e9rcio.<\/p>\n\n<p>Os portos foram apresentados como instrumentos de influ\u00eancia, alinhamento econ\u00f4mico e integra\u00e7\u00e3o regional em seguran\u00e7a.<\/p>\n\n<figure class=\"wp-block-image size-large\"><img fetchpriority=\"high\" decoding=\"async\" width=\"1024\" height=\"560\" src=\"https:\/\/www.latitude-15.com\/wp-content\/uploads\/2026\/03\/image-1024x560.png\" alt=\"\" class=\"wp-image-20927\" srcset=\"https:\/\/www.latitude-15.com\/wp-content\/uploads\/2026\/03\/image-1024x560.png 1024w, https:\/\/www.latitude-15.com\/wp-content\/uploads\/2026\/03\/image-300x164.png 300w, https:\/\/www.latitude-15.com\/wp-content\/uploads\/2026\/03\/image-768x420.png 768w, https:\/\/www.latitude-15.com\/wp-content\/uploads\/2026\/03\/image-1320x722.png 1320w, https:\/\/www.latitude-15.com\/wp-content\/uploads\/2026\/03\/image.png 1356w\" sizes=\"(max-width: 1024px) 100vw, 1024px\" \/><\/figure>\n\n<h2 class=\"wp-block-heading\">Lacunas de infraestrutura e restri\u00e7\u00f5es operacionais<\/h2>\n\n<p>Al\u00e9m das discuss\u00f5es estrat\u00e9gicas, o f\u00f3rum evidenciou desafios operacionais concretos enfrentados pelos portos caribenhos.<\/p>\n\n<p>Diversos participantes apontaram a necessidade de moderniza\u00e7\u00e3o dos equipamentos de movimenta\u00e7\u00e3o de carga. Em jurisdi\u00e7\u00f5es menores, guindastes antigos e infraestrutura limitada impactam diretamente os tempos de opera\u00e7\u00e3o. Em um mercado no qual as companhias de navega\u00e7\u00e3o priorizam confiabilidade e agilidade, mesmo pequenas inefici\u00eancias podem influenciar decis\u00f5es de roteamento.  <\/p>\n\n<p>A digitaliza\u00e7\u00e3o foi reiteradamente citada como pr\u00f3xima etapa essencial. A simplifica\u00e7\u00e3o dos processos aduaneiros e a coordena\u00e7\u00e3o mais eficiente entre autoridades portu\u00e1rias, \u00f3rg\u00e3os de inspe\u00e7\u00e3o e servi\u00e7os de fronteira foram consideradas fundamentais para aumentar a previsibilidade operacional. Um exemplo citado destacou que o fechamento de servi\u00e7os aduaneiros nos fins de semana pode estender a libera\u00e7\u00e3o de cargas at\u00e9 o meio da semana seguinte, gerando atrasos evit\u00e1veis ao longo da cadeia log\u00edstica.  <\/p>\n\n<p>A conclus\u00e3o foi clara: investimentos f\u00edsicos isolados n\u00e3o s\u00e3o suficientes. Sistemas administrativos e coordena\u00e7\u00e3o institucional desempenham papel igualmente cr\u00edtico no desempenho portu\u00e1rio. <\/p>\n\n<p>A ciberseguran\u00e7a tamb\u00e9m surgiu como preocupa\u00e7\u00e3o crescente. \u00c0 medida que os portos integram solu\u00e7\u00f5es digitais e sistemas baseados em dados, sua exposi\u00e7\u00e3o a amea\u00e7as cibern\u00e9ticas aumenta. Considerando o papel central dos portos nas cadeias nacionais de abastecimento, qualquer interrup\u00e7\u00e3o operacional pode ter impactos econ\u00f4micos amplos.  <\/p>\n\n<p>Riscos de congestionamento tamb\u00e9m foram discutidos, com Nassau citado como exemplo de como press\u00f5es de capacidade podem afetar simultaneamente opera\u00e7\u00f5es de cruzeiro e carga. Para portos que operam pr\u00f3ximos ao limite, varia\u00e7\u00f5es de volume podem rapidamente gerar tens\u00e3o sist\u00eamica. <\/p>\n\n<p>Por fim, foram reconhecidas limita\u00e7\u00f5es estruturais relacionadas \u00e0 escala. Portos insulares operam com volumes restritos de carga, o que limita receitas e dificulta o financiamento de grandes projetos de capital. Sem massa cr\u00edtica de movimenta\u00e7\u00e3o, torna-se mais complexo amortizar investimentos, refor\u00e7ando a necessidade de modelos de financiamento coordenados e mecanismos externos de apoio.  <\/p>\n\n<h2 class=\"wp-block-heading\">Desafios de financiamento e bancabilidade<\/h2>\n\n<p>Estruturas de investimento constitu\u00edram outro eixo central do debate. Parcerias p\u00fablico-privadas (PPPs) foram identificadas como instrumentos-chave para moderniza\u00e7\u00e3o portu\u00e1ria, embora tenham sido mencionadas sensibilidades pol\u00edticas e complexidades nos processos de contrata\u00e7\u00e3o que podem retardar sua implementa\u00e7\u00e3o. A cria\u00e7\u00e3o de um \u201cambiente habilitador\u201d est\u00e1vel \u2014 com clareza regulat\u00f3ria e mecanismos adequados de compartilhamento de riscos \u2014 foi apontada como essencial para atrair capital privado.  <\/p>\n\n<p>Institui\u00e7\u00f5es multilaterais de desenvolvimento foram citadas como atores relevantes para reduzir lacunas de financiamento. Mecanismos como trocas de d\u00edvida por clima tamb\u00e9m foram mencionados como instrumentos emergentes no panorama financeiro regional. <\/p>\n\n<p>Para investidores, previsibilidade de receitas, estabilidade da demanda e governan\u00e7a operacional s\u00f3lida permanecem fatores centrais na avalia\u00e7\u00e3o de bancabilidade.<\/p>\n\n<h2 class=\"wp-block-heading\">A institucionaliza\u00e7\u00e3o de um di\u00e1logo estrat\u00e9gico<\/h2>\n\n<p>O f\u00f3rum inaugural n\u00e3o anunciou projetos espec\u00edficos nem compromissos financeiros concretos. Em vez disso, formalizou um espa\u00e7o estruturado de di\u00e1logo na interse\u00e7\u00e3o entre infraestrutura, resili\u00eancia clim\u00e1tica, seguran\u00e7a mar\u00edtima e coopera\u00e7\u00e3o regional. <\/p>\n\n<p>Ao lan\u00e7ar uma plataforma de longo prazo dedicada \u00e0 colabora\u00e7\u00e3o mar\u00edtima entre Estados Unidos e Caribe, o evento elevou os portos de infraestrutura setorial a sistemas estrat\u00e9gicos com implica\u00e7\u00f5es econ\u00f4micas e de seguran\u00e7a.<\/p>\n\n<p>Os temas recorrentes \u2014 exposi\u00e7\u00e3o clim\u00e1tica, moderniza\u00e7\u00e3o de infraestrutura, restri\u00e7\u00f5es financeiras, digitaliza\u00e7\u00e3o e coordena\u00e7\u00e3o institucional \u2014 refletem uma regi\u00e3o que equilibra vulnerabilidade com posicionamento estrat\u00e9gico.<\/p>\n\n<p>Se vistos como linhas de vida econ\u00f4micas ou como fronteira mar\u00edtima da Am\u00e9rica, os portos caribenhos est\u00e3o agora no centro de um di\u00e1logo estruturado que conecta com\u00e9rcio, resili\u00eancia e alinhamento regional. O f\u00f3rum de 2026 marcou o in\u00edcio institucional desse processo. <\/p>\n","protected":false},"excerpt":{"rendered":"<p>Em 20 de fevereiro de 2026, a Caribbean Initiative do Atlantic Council realizou, em Miami, a edi\u00e7\u00e3o inaugural do US\u2013Caribbean Maritime and Ports Forum. O encontro, sediado no Fontainebleau Hotel, marcou oficialmente o lan\u00e7amento de uma plataforma de longo prazo voltada ao fortalecimento da coopera\u00e7\u00e3o entre os Estados Unidos e as na\u00e7\u00f5es caribenhas nos setores [&hellip;]<\/p>\n","protected":false},"author":5,"featured_media":20944,"comment_status":"open","ping_status":"open","sticky":false,"template":"","format":"standard","meta":{"footnotes":""},"categories":[131,119],"tags":[],"class_list":["post-21003","post","type-post","status-publish","format-standard","has-post-thumbnail","hentry","category-conectividade-maritima-e-mobilidade","category-maritimo"],"yoast_head":"<!-- This site is optimized with the Yoast SEO plugin v26.9 - https:\/\/yoast.com\/product\/yoast-seo-wordpress\/ -->\n<title>Sinais Estrat\u00e9gicos do F\u00f3rum de Portos EUA\u2013Caribe 2026<\/title>\n<meta name=\"robots\" content=\"index, follow, max-snippet:-1, max-image-preview:large, max-video-preview:-1\" \/>\n<link rel=\"canonical\" href=\"https:\/\/www.latitude-15.com\/pt-br\/o-caribe-como-fronteira-maritima-da-america-sinais-estrategicos-do-us-caribbean-ports-forum-2026\/\" \/>\n<meta property=\"og:locale\" content=\"pt_BR\" \/>\n<meta property=\"og:type\" content=\"article\" \/>\n<meta property=\"og:title\" content=\"Sinais Estrat\u00e9gicos do F\u00f3rum de Portos EUA\u2013Caribe 2026\" \/>\n<meta property=\"og:description\" content=\"Em 20 de fevereiro de 2026, a Caribbean Initiative do Atlantic Council realizou, em Miami, a edi\u00e7\u00e3o inaugural do US\u2013Caribbean Maritime and Ports Forum. O encontro, sediado no Fontainebleau Hotel, marcou oficialmente o lan\u00e7amento de uma plataforma de longo prazo voltada ao fortalecimento da coopera\u00e7\u00e3o entre os Estados Unidos e as na\u00e7\u00f5es caribenhas nos setores [&hellip;]\" \/>\n<meta property=\"og:url\" content=\"https:\/\/www.latitude-15.com\/pt-br\/o-caribe-como-fronteira-maritima-da-america-sinais-estrategicos-do-us-caribbean-ports-forum-2026\/\" \/>\n<meta property=\"og:site_name\" content=\"LATITUDE 15\" \/>\n<meta property=\"article:published_time\" content=\"2026-03-02T13:54:58+00:00\" \/>\n<meta property=\"article:modified_time\" content=\"2026-03-02T17:29:48+00:00\" \/>\n<meta property=\"og:image\" content=\"https:\/\/www.latitude-15.com\/wp-content\/uploads\/2026\/03\/imgCOUV.png\" \/>\n\t<meta property=\"og:image:width\" content=\"1357\" \/>\n\t<meta property=\"og:image:height\" content=\"731\" \/>\n\t<meta property=\"og:image:type\" content=\"image\/png\" \/>\n<meta name=\"author\" content=\"Joda J\" \/>\n<meta name=\"twitter:card\" content=\"summary_large_image\" \/>\n<meta name=\"twitter:label1\" content=\"Escrito por\" \/>\n\t<meta name=\"twitter:data1\" content=\"Joda J\" \/>\n\t<meta name=\"twitter:label2\" content=\"Est. tempo de leitura\" \/>\n\t<meta name=\"twitter:data2\" content=\"7 minutos\" \/>\n<script type=\"application\/ld+json\" class=\"yoast-schema-graph\">{\"@context\":\"https:\/\/schema.org\",\"@graph\":[{\"@type\":\"Article\",\"@id\":\"https:\/\/www.latitude-15.com\/pt-br\/o-caribe-como-fronteira-maritima-da-america-sinais-estrategicos-do-us-caribbean-ports-forum-2026\/#article\",\"isPartOf\":{\"@id\":\"https:\/\/www.latitude-15.com\/pt-br\/o-caribe-como-fronteira-maritima-da-america-sinais-estrategicos-do-us-caribbean-ports-forum-2026\/\"},\"author\":{\"name\":\"Joda J\",\"@id\":\"https:\/\/www.latitude-15.com\/pt-br\/#\/schema\/person\/dac52e7ff44c78317f337da112e37252\"},\"headline\":\"O Caribe como Fronteira Mar\u00edtima da Am\u00e9rica: Sinais Estrat\u00e9gicos do US\u2013Caribbean Ports Forum 2026\",\"datePublished\":\"2026-03-02T13:54:58+00:00\",\"dateModified\":\"2026-03-02T17:29:48+00:00\",\"mainEntityOfPage\":{\"@id\":\"https:\/\/www.latitude-15.com\/pt-br\/o-caribe-como-fronteira-maritima-da-america-sinais-estrategicos-do-us-caribbean-ports-forum-2026\/\"},\"wordCount\":1368,\"commentCount\":0,\"publisher\":{\"@id\":\"https:\/\/www.latitude-15.com\/pt-br\/#organization\"},\"image\":{\"@id\":\"https:\/\/www.latitude-15.com\/pt-br\/o-caribe-como-fronteira-maritima-da-america-sinais-estrategicos-do-us-caribbean-ports-forum-2026\/#primaryimage\"},\"thumbnailUrl\":\"https:\/\/www.latitude-15.com\/wp-content\/uploads\/2026\/03\/imgCOUV.png\",\"articleSection\":[\"Conectividade mar\u00edtima e mobilidade\",\"MAR\u00cdTIMO\"],\"inLanguage\":\"pt-BR\",\"potentialAction\":[{\"@type\":\"CommentAction\",\"name\":\"Comment\",\"target\":[\"https:\/\/www.latitude-15.com\/pt-br\/o-caribe-como-fronteira-maritima-da-america-sinais-estrategicos-do-us-caribbean-ports-forum-2026\/#respond\"]}]},{\"@type\":\"WebPage\",\"@id\":\"https:\/\/www.latitude-15.com\/pt-br\/o-caribe-como-fronteira-maritima-da-america-sinais-estrategicos-do-us-caribbean-ports-forum-2026\/\",\"url\":\"https:\/\/www.latitude-15.com\/pt-br\/o-caribe-como-fronteira-maritima-da-america-sinais-estrategicos-do-us-caribbean-ports-forum-2026\/\",\"name\":\"Sinais Estrat\u00e9gicos do F\u00f3rum de Portos EUA\u2013Caribe 2026\",\"isPartOf\":{\"@id\":\"https:\/\/www.latitude-15.com\/pt-br\/#website\"},\"primaryImageOfPage\":{\"@id\":\"https:\/\/www.latitude-15.com\/pt-br\/o-caribe-como-fronteira-maritima-da-america-sinais-estrategicos-do-us-caribbean-ports-forum-2026\/#primaryimage\"},\"image\":{\"@id\":\"https:\/\/www.latitude-15.com\/pt-br\/o-caribe-como-fronteira-maritima-da-america-sinais-estrategicos-do-us-caribbean-ports-forum-2026\/#primaryimage\"},\"thumbnailUrl\":\"https:\/\/www.latitude-15.com\/wp-content\/uploads\/2026\/03\/imgCOUV.png\",\"datePublished\":\"2026-03-02T13:54:58+00:00\",\"dateModified\":\"2026-03-02T17:29:48+00:00\",\"breadcrumb\":{\"@id\":\"https:\/\/www.latitude-15.com\/pt-br\/o-caribe-como-fronteira-maritima-da-america-sinais-estrategicos-do-us-caribbean-ports-forum-2026\/#breadcrumb\"},\"inLanguage\":\"pt-BR\",\"potentialAction\":[{\"@type\":\"ReadAction\",\"target\":[\"https:\/\/www.latitude-15.com\/pt-br\/o-caribe-como-fronteira-maritima-da-america-sinais-estrategicos-do-us-caribbean-ports-forum-2026\/\"]}]},{\"@type\":\"ImageObject\",\"inLanguage\":\"pt-BR\",\"@id\":\"https:\/\/www.latitude-15.com\/pt-br\/o-caribe-como-fronteira-maritima-da-america-sinais-estrategicos-do-us-caribbean-ports-forum-2026\/#primaryimage\",\"url\":\"https:\/\/www.latitude-15.com\/wp-content\/uploads\/2026\/03\/imgCOUV.png\",\"contentUrl\":\"https:\/\/www.latitude-15.com\/wp-content\/uploads\/2026\/03\/imgCOUV.png\",\"width\":1357,\"height\":731},{\"@type\":\"BreadcrumbList\",\"@id\":\"https:\/\/www.latitude-15.com\/pt-br\/o-caribe-como-fronteira-maritima-da-america-sinais-estrategicos-do-us-caribbean-ports-forum-2026\/#breadcrumb\",\"itemListElement\":[{\"@type\":\"ListItem\",\"position\":1,\"name\":\"Home\",\"item\":\"https:\/\/www.latitude-15.com\/pt-br\/inicio\/\"},{\"@type\":\"ListItem\",\"position\":2,\"name\":\"O Caribe como Fronteira Mar\u00edtima da Am\u00e9rica: Sinais Estrat\u00e9gicos do US\u2013Caribbean Ports Forum 2026\"}]},{\"@type\":\"WebSite\",\"@id\":\"https:\/\/www.latitude-15.com\/pt-br\/#website\",\"url\":\"https:\/\/www.latitude-15.com\/pt-br\/\",\"name\":\"LATITUDE 15\",\"description\":\"Aviation and maritime Magazine - Caribbean &amp; Latin America\",\"publisher\":{\"@id\":\"https:\/\/www.latitude-15.com\/pt-br\/#organization\"},\"potentialAction\":[{\"@type\":\"SearchAction\",\"target\":{\"@type\":\"EntryPoint\",\"urlTemplate\":\"https:\/\/www.latitude-15.com\/pt-br\/?s={search_term_string}\"},\"query-input\":{\"@type\":\"PropertyValueSpecification\",\"valueRequired\":true,\"valueName\":\"search_term_string\"}}],\"inLanguage\":\"pt-BR\"},{\"@type\":\"Organization\",\"@id\":\"https:\/\/www.latitude-15.com\/pt-br\/#organization\",\"name\":\"LATITUDE 15\",\"url\":\"https:\/\/www.latitude-15.com\/pt-br\/\",\"logo\":{\"@type\":\"ImageObject\",\"inLanguage\":\"pt-BR\",\"@id\":\"https:\/\/www.latitude-15.com\/pt-br\/#\/schema\/logo\/image\/\",\"url\":\"https:\/\/www.latitude-15.com\/wp-content\/uploads\/2026\/01\/cropped-logox500px.png\",\"contentUrl\":\"https:\/\/www.latitude-15.com\/wp-content\/uploads\/2026\/01\/cropped-logox500px.png\",\"width\":62,\"height\":75,\"caption\":\"LATITUDE 15\"},\"image\":{\"@id\":\"https:\/\/www.latitude-15.com\/pt-br\/#\/schema\/logo\/image\/\"}},{\"@type\":\"Person\",\"@id\":\"https:\/\/www.latitude-15.com\/pt-br\/#\/schema\/person\/dac52e7ff44c78317f337da112e37252\",\"name\":\"Joda J\",\"image\":{\"@type\":\"ImageObject\",\"inLanguage\":\"pt-BR\",\"@id\":\"https:\/\/www.latitude-15.com\/pt-br\/#\/schema\/person\/image\/\",\"url\":\"https:\/\/secure.gravatar.com\/avatar\/6b1feae555e15404b76616f92d931d12b25ac58024f14ccb43d9d3c012e4c4cf?s=96&d=mm&r=g\",\"contentUrl\":\"https:\/\/secure.gravatar.com\/avatar\/6b1feae555e15404b76616f92d931d12b25ac58024f14ccb43d9d3c012e4c4cf?s=96&d=mm&r=g\",\"caption\":\"Joda J\"},\"url\":\"https:\/\/www.latitude-15.com\/pt-br\/author\/joda\/\"}]}<\/script>\n<!-- \/ Yoast SEO plugin. -->","yoast_head_json":{"title":"Sinais Estrat\u00e9gicos do F\u00f3rum de Portos EUA\u2013Caribe 2026","robots":{"index":"index","follow":"follow","max-snippet":"max-snippet:-1","max-image-preview":"max-image-preview:large","max-video-preview":"max-video-preview:-1"},"canonical":"https:\/\/www.latitude-15.com\/pt-br\/o-caribe-como-fronteira-maritima-da-america-sinais-estrategicos-do-us-caribbean-ports-forum-2026\/","og_locale":"pt_BR","og_type":"article","og_title":"Sinais Estrat\u00e9gicos do F\u00f3rum de Portos EUA\u2013Caribe 2026","og_description":"Em 20 de fevereiro de 2026, a Caribbean Initiative do Atlantic Council realizou, em Miami, a edi\u00e7\u00e3o inaugural do US\u2013Caribbean Maritime and Ports Forum. O encontro, sediado no Fontainebleau Hotel, marcou oficialmente o lan\u00e7amento de uma plataforma de longo prazo voltada ao fortalecimento da coopera\u00e7\u00e3o entre os Estados Unidos e as na\u00e7\u00f5es caribenhas nos setores [&hellip;]","og_url":"https:\/\/www.latitude-15.com\/pt-br\/o-caribe-como-fronteira-maritima-da-america-sinais-estrategicos-do-us-caribbean-ports-forum-2026\/","og_site_name":"LATITUDE 15","article_published_time":"2026-03-02T13:54:58+00:00","article_modified_time":"2026-03-02T17:29:48+00:00","og_image":[{"width":1357,"height":731,"url":"https:\/\/www.latitude-15.com\/wp-content\/uploads\/2026\/03\/imgCOUV.png","type":"image\/png"}],"author":"Joda J","twitter_card":"summary_large_image","twitter_misc":{"Escrito por":"Joda J","Est. tempo de leitura":"7 minutos"},"schema":{"@context":"https:\/\/schema.org","@graph":[{"@type":"Article","@id":"https:\/\/www.latitude-15.com\/pt-br\/o-caribe-como-fronteira-maritima-da-america-sinais-estrategicos-do-us-caribbean-ports-forum-2026\/#article","isPartOf":{"@id":"https:\/\/www.latitude-15.com\/pt-br\/o-caribe-como-fronteira-maritima-da-america-sinais-estrategicos-do-us-caribbean-ports-forum-2026\/"},"author":{"name":"Joda J","@id":"https:\/\/www.latitude-15.com\/pt-br\/#\/schema\/person\/dac52e7ff44c78317f337da112e37252"},"headline":"O Caribe como Fronteira Mar\u00edtima da Am\u00e9rica: Sinais Estrat\u00e9gicos do US\u2013Caribbean Ports Forum 2026","datePublished":"2026-03-02T13:54:58+00:00","dateModified":"2026-03-02T17:29:48+00:00","mainEntityOfPage":{"@id":"https:\/\/www.latitude-15.com\/pt-br\/o-caribe-como-fronteira-maritima-da-america-sinais-estrategicos-do-us-caribbean-ports-forum-2026\/"},"wordCount":1368,"commentCount":0,"publisher":{"@id":"https:\/\/www.latitude-15.com\/pt-br\/#organization"},"image":{"@id":"https:\/\/www.latitude-15.com\/pt-br\/o-caribe-como-fronteira-maritima-da-america-sinais-estrategicos-do-us-caribbean-ports-forum-2026\/#primaryimage"},"thumbnailUrl":"https:\/\/www.latitude-15.com\/wp-content\/uploads\/2026\/03\/imgCOUV.png","articleSection":["Conectividade mar\u00edtima e mobilidade","MAR\u00cdTIMO"],"inLanguage":"pt-BR","potentialAction":[{"@type":"CommentAction","name":"Comment","target":["https:\/\/www.latitude-15.com\/pt-br\/o-caribe-como-fronteira-maritima-da-america-sinais-estrategicos-do-us-caribbean-ports-forum-2026\/#respond"]}]},{"@type":"WebPage","@id":"https:\/\/www.latitude-15.com\/pt-br\/o-caribe-como-fronteira-maritima-da-america-sinais-estrategicos-do-us-caribbean-ports-forum-2026\/","url":"https:\/\/www.latitude-15.com\/pt-br\/o-caribe-como-fronteira-maritima-da-america-sinais-estrategicos-do-us-caribbean-ports-forum-2026\/","name":"Sinais Estrat\u00e9gicos do F\u00f3rum de Portos EUA\u2013Caribe 2026","isPartOf":{"@id":"https:\/\/www.latitude-15.com\/pt-br\/#website"},"primaryImageOfPage":{"@id":"https:\/\/www.latitude-15.com\/pt-br\/o-caribe-como-fronteira-maritima-da-america-sinais-estrategicos-do-us-caribbean-ports-forum-2026\/#primaryimage"},"image":{"@id":"https:\/\/www.latitude-15.com\/pt-br\/o-caribe-como-fronteira-maritima-da-america-sinais-estrategicos-do-us-caribbean-ports-forum-2026\/#primaryimage"},"thumbnailUrl":"https:\/\/www.latitude-15.com\/wp-content\/uploads\/2026\/03\/imgCOUV.png","datePublished":"2026-03-02T13:54:58+00:00","dateModified":"2026-03-02T17:29:48+00:00","breadcrumb":{"@id":"https:\/\/www.latitude-15.com\/pt-br\/o-caribe-como-fronteira-maritima-da-america-sinais-estrategicos-do-us-caribbean-ports-forum-2026\/#breadcrumb"},"inLanguage":"pt-BR","potentialAction":[{"@type":"ReadAction","target":["https:\/\/www.latitude-15.com\/pt-br\/o-caribe-como-fronteira-maritima-da-america-sinais-estrategicos-do-us-caribbean-ports-forum-2026\/"]}]},{"@type":"ImageObject","inLanguage":"pt-BR","@id":"https:\/\/www.latitude-15.com\/pt-br\/o-caribe-como-fronteira-maritima-da-america-sinais-estrategicos-do-us-caribbean-ports-forum-2026\/#primaryimage","url":"https:\/\/www.latitude-15.com\/wp-content\/uploads\/2026\/03\/imgCOUV.png","contentUrl":"https:\/\/www.latitude-15.com\/wp-content\/uploads\/2026\/03\/imgCOUV.png","width":1357,"height":731},{"@type":"BreadcrumbList","@id":"https:\/\/www.latitude-15.com\/pt-br\/o-caribe-como-fronteira-maritima-da-america-sinais-estrategicos-do-us-caribbean-ports-forum-2026\/#breadcrumb","itemListElement":[{"@type":"ListItem","position":1,"name":"Home","item":"https:\/\/www.latitude-15.com\/pt-br\/inicio\/"},{"@type":"ListItem","position":2,"name":"O Caribe como Fronteira Mar\u00edtima da Am\u00e9rica: Sinais Estrat\u00e9gicos do US\u2013Caribbean Ports Forum 2026"}]},{"@type":"WebSite","@id":"https:\/\/www.latitude-15.com\/pt-br\/#website","url":"https:\/\/www.latitude-15.com\/pt-br\/","name":"LATITUDE 15","description":"Aviation and maritime Magazine - Caribbean &amp; Latin America","publisher":{"@id":"https:\/\/www.latitude-15.com\/pt-br\/#organization"},"potentialAction":[{"@type":"SearchAction","target":{"@type":"EntryPoint","urlTemplate":"https:\/\/www.latitude-15.com\/pt-br\/?s={search_term_string}"},"query-input":{"@type":"PropertyValueSpecification","valueRequired":true,"valueName":"search_term_string"}}],"inLanguage":"pt-BR"},{"@type":"Organization","@id":"https:\/\/www.latitude-15.com\/pt-br\/#organization","name":"LATITUDE 15","url":"https:\/\/www.latitude-15.com\/pt-br\/","logo":{"@type":"ImageObject","inLanguage":"pt-BR","@id":"https:\/\/www.latitude-15.com\/pt-br\/#\/schema\/logo\/image\/","url":"https:\/\/www.latitude-15.com\/wp-content\/uploads\/2026\/01\/cropped-logox500px.png","contentUrl":"https:\/\/www.latitude-15.com\/wp-content\/uploads\/2026\/01\/cropped-logox500px.png","width":62,"height":75,"caption":"LATITUDE 15"},"image":{"@id":"https:\/\/www.latitude-15.com\/pt-br\/#\/schema\/logo\/image\/"}},{"@type":"Person","@id":"https:\/\/www.latitude-15.com\/pt-br\/#\/schema\/person\/dac52e7ff44c78317f337da112e37252","name":"Joda J","image":{"@type":"ImageObject","inLanguage":"pt-BR","@id":"https:\/\/www.latitude-15.com\/pt-br\/#\/schema\/person\/image\/","url":"https:\/\/secure.gravatar.com\/avatar\/6b1feae555e15404b76616f92d931d12b25ac58024f14ccb43d9d3c012e4c4cf?s=96&d=mm&r=g","contentUrl":"https:\/\/secure.gravatar.com\/avatar\/6b1feae555e15404b76616f92d931d12b25ac58024f14ccb43d9d3c012e4c4cf?s=96&d=mm&r=g","caption":"Joda J"},"url":"https:\/\/www.latitude-15.com\/pt-br\/author\/joda\/"}]}},"_links":{"self":[{"href":"https:\/\/www.latitude-15.com\/pt-br\/wp-json\/wp\/v2\/posts\/21003","targetHints":{"allow":["GET"]}}],"collection":[{"href":"https:\/\/www.latitude-15.com\/pt-br\/wp-json\/wp\/v2\/posts"}],"about":[{"href":"https:\/\/www.latitude-15.com\/pt-br\/wp-json\/wp\/v2\/types\/post"}],"author":[{"embeddable":true,"href":"https:\/\/www.latitude-15.com\/pt-br\/wp-json\/wp\/v2\/users\/5"}],"replies":[{"embeddable":true,"href":"https:\/\/www.latitude-15.com\/pt-br\/wp-json\/wp\/v2\/comments?post=21003"}],"version-history":[{"count":1,"href":"https:\/\/www.latitude-15.com\/pt-br\/wp-json\/wp\/v2\/posts\/21003\/revisions"}],"predecessor-version":[{"id":21004,"href":"https:\/\/www.latitude-15.com\/pt-br\/wp-json\/wp\/v2\/posts\/21003\/revisions\/21004"}],"wp:featuredmedia":[{"embeddable":true,"href":"https:\/\/www.latitude-15.com\/pt-br\/wp-json\/wp\/v2\/media\/20944"}],"wp:attachment":[{"href":"https:\/\/www.latitude-15.com\/pt-br\/wp-json\/wp\/v2\/media?parent=21003"}],"wp:term":[{"taxonomy":"category","embeddable":true,"href":"https:\/\/www.latitude-15.com\/pt-br\/wp-json\/wp\/v2\/categories?post=21003"},{"taxonomy":"post_tag","embeddable":true,"href":"https:\/\/www.latitude-15.com\/pt-br\/wp-json\/wp\/v2\/tags?post=21003"}],"curies":[{"name":"wp","href":"https:\/\/api.w.org\/{rel}","templated":true}]}}