{"id":20913,"date":"2026-02-24T13:02:45","date_gmt":"2026-02-24T17:02:45","guid":{"rendered":"https:\/\/www.latitude-15.com\/lideres-da-aviacao-caribenha-se-reunem-nas-bermudas-enquanto-a-conectividade-aerea-assume-papel-central\/"},"modified":"2026-02-26T11:10:51","modified_gmt":"2026-02-26T15:10:51","slug":"lideres-da-aviacao-caribenha-se-reunem-nas-bermudas-enquanto-a-conectividade-aerea-assume-papel-central","status":"publish","type":"post","link":"https:\/\/www.latitude-15.com\/pt-br\/lideres-da-aviacao-caribenha-se-reunem-nas-bermudas-enquanto-a-conectividade-aerea-assume-papel-central\/","title":{"rendered":"L\u00edderes da avia\u00e7\u00e3o caribenha se re\u00fanem nas Bermudas enquanto a conectividade a\u00e9rea assume papel central"},"content":{"rendered":"\n<p>Bermudas, 24 de fevereiro de 2026 \u2014 Um dos encontros mais estrat\u00e9gicos do ano para a avia\u00e7\u00e3o no Caribe est\u00e1 em andamento, com a Caribbean Tourism Organization (CTO) sediando o seu Air Connectivity Summit no Hamilton Princess &amp; Beach Club.<\/p>\n\n<p>O f\u00f3rum, realizado em um \u00fanico dia, re\u00fane 16 ministros de turismo do Caribe, executivos seniores de companhias a\u00e9reas, autoridades aeroportu\u00e1rias, reguladores e l\u00edderes de infraestrutura sob o tema \u201cIntegrating Aviation and Regional Tourism Development\u201d. Cerca de 175 delegados est\u00e3o registrados.<\/p>\n\n<p>Mais do que expans\u00e3o de rotas est\u00e1 em jogo. Em uma regi\u00e3o estruturalmente dependente do acesso a\u00e9reo, conectividade define competitividade, resili\u00eancia do turismo e integra\u00e7\u00e3o econ\u00f4mica. <\/p>\n\n<h2 class=\"wp-block-heading\">Um f\u00f3rum onde economia de redes encontra pol\u00edtica p\u00fablica<\/h2>\n\n<p>A programa\u00e7\u00e3o reflete essa dupla dimens\u00e3o. A principal apresenta\u00e7\u00e3o da manh\u00e3 traz o Air Connectivity Study da CTO, elaborado pela ASM, oferecendo uma an\u00e1lise baseada em dados sobre tend\u00eancias regionais. Para planejadores de avia\u00e7\u00e3o, estudos dessa natureza frequentemente orientam discuss\u00f5es sobre viabilidade de rotas, estruturas de incentivos e planejamento de capacidade no longo prazo.  <\/p>\n\n<p>Duas sess\u00f5es dedicadas, denominadas \u201cAirside Chat\u201d, dividem o debate entre conectividade global e redes intra-caribenhas \u2014 distin\u00e7\u00e3o que espelha o desafio estrutural hist\u00f3rico da regi\u00e3o.<\/p>\n\n<p>O Airside Chat I concentra-se na conex\u00e3o do Caribe com mercados internacionais, reunindo executivos de American Airlines, JetBlue, Virgin Atlantic, Contour Aviation e BermudAir para discutir din\u00e2micas globais de desenvolvimento de rotas.<\/p>\n\n<p>O Airside Chat II direciona o foco para dentro da regi\u00e3o, abordando redes regionais e realidades operacionais de companhias como interCaribbean Airways, Sunrise Airways e Breeze Travel Solutions, al\u00e9m de discutir como estrat\u00e9gias de homeporting e cruzeiros se articulam com o planejamento a\u00e9reo.<\/p>\n\n<h2 class=\"wp-block-heading\">A dimens\u00e3o ministerial<\/h2>\n\n<p>O painel ministerial da tarde, intitulado \u201cRegional Skies \u2013 Ministerial Dialogue\u201d, re\u00fane l\u00edderes de turismo de Santa L\u00facia, Sint Maarten, Anguilla, Ant\u00edgua e Barbuda, Barbados e Bermudas.<\/p>\n\n<p>Esse alinhamento pol\u00edtico \u00e9 relevante. Historicamente, a conectividade caribenha evoluiu por meio de negocia\u00e7\u00f5es bilaterais e programas nacionais de incentivo, em vez de estruturas regionais coordenadas. A quest\u00e3o central \u00e9 se as discuss\u00f5es poder\u00e3o avan\u00e7ar em dire\u00e7\u00e3o a maior harmoniza\u00e7\u00e3o de pol\u00edticas.  <\/p>\n\n<h2 class=\"wp-block-heading\">O posicionamento estrat\u00e9gico das Bermudas<\/h2>\n\n<p>Sediar o encontro tamb\u00e9m reflete as pr\u00f3prias ambi\u00e7\u00f5es das Bermudas em termos de desenvolvimento de servi\u00e7os a\u00e9reos.<\/p>\n\n<p>Negocia\u00e7\u00f5es recentes com grandes transportadoras resultaram em ajustes de capacidade, incluindo o uso de aeronaves de maior porte em determinadas rotas e a manuten\u00e7\u00e3o do servi\u00e7o di\u00e1rio para Miami durante o inverno. A estrat\u00e9gia da ilha est\u00e1 diretamente ligada \u00e0 reabertura prevista para 2026 do Fairmont Southampton, que dever\u00e1 ampliar significativamente a oferta de quartos e a capacidade tur\u00edstica. <\/p>\n\n<p>O lan\u00e7amento da BermudAir refor\u00e7a ainda mais o posicionamento das Bermudas como exemplo de como o desenvolvimento direcionado de servi\u00e7os a\u00e9reos pode sustentar objetivos econ\u00f4micos mais amplos.<\/p>\n\n<h2 class=\"wp-block-heading\">Pontos de aten\u00e7\u00e3o<\/h2>\n\n<p>Tr\u00eas elementos indicar\u00e3o o impacto real do summit:<\/p>\n\n<ul class=\"wp-block-list\">\n<li>As conclus\u00f5es e recomenda\u00e7\u00f5es do estudo de conectividade da ASM<\/li>\n\n\n\n<li>Sinais do di\u00e1logo ministerial sobre eventual coordena\u00e7\u00e3o regional<\/li>\n\n\n\n<li>Negocia\u00e7\u00f5es bilaterais concretas entre governos e planejadores de companhias a\u00e9reas<\/li>\n<\/ul>\n\n<p>A conectividade a\u00e9rea no Caribe n\u00e3o \u00e9 apenas uma vari\u00e1vel do turismo. Trata-se de infraestrutura em movimento \u2014 moldando fluxos comerciais, mobilidade de m\u00e3o de obra, padr\u00f5es de investimento e resili\u00eancia territorial. <\/p>\n\n<p>\u00c0 medida que as discuss\u00f5es avan\u00e7am nas Bermudas em 24 de fevereiro, a arquitetura da avia\u00e7\u00e3o regional volta a estar sob an\u00e1lise estrat\u00e9gica.<\/p>\n","protected":false},"excerpt":{"rendered":"<p>Bermudas, 24 de fevereiro de 2026 \u2014 Um dos encontros mais estrat\u00e9gicos do ano para a avia\u00e7\u00e3o no Caribe est\u00e1 em andamento, com a Caribbean Tourism Organization (CTO) sediando o seu Air Connectivity Summit no Hamilton Princess &amp; Beach Club. O f\u00f3rum, realizado em um \u00fanico dia, re\u00fane 16 ministros de turismo do Caribe, executivos [&hellip;]<\/p>\n","protected":false},"author":5,"featured_media":0,"comment_status":"open","ping_status":"open","sticky":false,"template":"","format":"standard","meta":{"footnotes":""},"categories":[98,101],"tags":[],"class_list":["post-20913","post","type-post","status-publish","format-standard","hentry","category-aviacao","category-conectividade-aerea-e-atratividade-territorial"],"yoast_head":"<!-- This site is optimized with the Yoast SEO plugin v26.9 - https:\/\/yoast.com\/product\/yoast-seo-wordpress\/ -->\n<title>L\u00edderes da avia\u00e7\u00e3o caribenha se re\u00fanem nas Bermudas enquanto a conectividade a\u00e9rea assume papel central<\/title>\n<meta name=\"robots\" content=\"index, follow, max-snippet:-1, max-image-preview:large, max-video-preview:-1\" \/>\n<link rel=\"canonical\" href=\"https:\/\/www.latitude-15.com\/pt-br\/lideres-da-aviacao-caribenha-se-reunem-nas-bermudas-enquanto-a-conectividade-aerea-assume-papel-central\/\" \/>\n<meta property=\"og:locale\" content=\"pt_BR\" \/>\n<meta property=\"og:type\" content=\"article\" \/>\n<meta property=\"og:title\" content=\"L\u00edderes da avia\u00e7\u00e3o caribenha se re\u00fanem nas Bermudas enquanto a conectividade a\u00e9rea assume papel central\" \/>\n<meta property=\"og:description\" content=\"Bermudas, 24 de fevereiro de 2026 \u2014 Um dos encontros mais estrat\u00e9gicos do ano para a avia\u00e7\u00e3o no Caribe est\u00e1 em andamento, com a Caribbean Tourism Organization (CTO) sediando o seu Air Connectivity Summit no Hamilton Princess &amp; Beach Club. O f\u00f3rum, realizado em um \u00fanico dia, re\u00fane 16 ministros de turismo do Caribe, executivos [&hellip;]\" \/>\n<meta property=\"og:url\" content=\"https:\/\/www.latitude-15.com\/pt-br\/lideres-da-aviacao-caribenha-se-reunem-nas-bermudas-enquanto-a-conectividade-aerea-assume-papel-central\/\" \/>\n<meta property=\"og:site_name\" content=\"LATITUDE 15\" \/>\n<meta property=\"article:published_time\" content=\"2026-02-24T17:02:45+00:00\" \/>\n<meta property=\"article:modified_time\" content=\"2026-02-26T15:10:51+00:00\" \/>\n<meta property=\"og:image\" content=\"https:\/\/www.latitude-15.com\/wp-content\/uploads\/2026\/02\/airconnectivityimage.png\" \/>\n\t<meta property=\"og:image:width\" content=\"487\" \/>\n\t<meta property=\"og:image:height\" content=\"517\" \/>\n\t<meta property=\"og:image:type\" content=\"image\/png\" \/>\n<meta name=\"author\" content=\"Joda J\" \/>\n<meta name=\"twitter:card\" content=\"summary_large_image\" \/>\n<meta name=\"twitter:label1\" content=\"Escrito por\" \/>\n\t<meta name=\"twitter:data1\" content=\"Joda J\" \/>\n\t<meta name=\"twitter:label2\" content=\"Est. tempo de leitura\" \/>\n\t<meta name=\"twitter:data2\" content=\"3 minutos\" \/>\n<script type=\"application\/ld+json\" class=\"yoast-schema-graph\">{\"@context\":\"https:\/\/schema.org\",\"@graph\":[{\"@type\":\"Article\",\"@id\":\"https:\/\/www.latitude-15.com\/pt-br\/lideres-da-aviacao-caribenha-se-reunem-nas-bermudas-enquanto-a-conectividade-aerea-assume-papel-central\/#article\",\"isPartOf\":{\"@id\":\"https:\/\/www.latitude-15.com\/pt-br\/lideres-da-aviacao-caribenha-se-reunem-nas-bermudas-enquanto-a-conectividade-aerea-assume-papel-central\/\"},\"author\":{\"name\":\"Joda J\",\"@id\":\"https:\/\/www.latitude-15.com\/pt-br\/#\/schema\/person\/dac52e7ff44c78317f337da112e37252\"},\"headline\":\"L\u00edderes da avia\u00e7\u00e3o caribenha se re\u00fanem nas Bermudas enquanto a conectividade a\u00e9rea assume papel central\",\"datePublished\":\"2026-02-24T17:02:45+00:00\",\"dateModified\":\"2026-02-26T15:10:51+00:00\",\"mainEntityOfPage\":{\"@id\":\"https:\/\/www.latitude-15.com\/pt-br\/lideres-da-aviacao-caribenha-se-reunem-nas-bermudas-enquanto-a-conectividade-aerea-assume-papel-central\/\"},\"wordCount\":633,\"commentCount\":0,\"publisher\":{\"@id\":\"https:\/\/www.latitude-15.com\/pt-br\/#organization\"},\"articleSection\":[\"AVIA\u00c7\u00c3O\",\"Conectividade a\u00e9rea e Atratividade territorial\"],\"inLanguage\":\"pt-BR\",\"potentialAction\":[{\"@type\":\"CommentAction\",\"name\":\"Comment\",\"target\":[\"https:\/\/www.latitude-15.com\/pt-br\/lideres-da-aviacao-caribenha-se-reunem-nas-bermudas-enquanto-a-conectividade-aerea-assume-papel-central\/#respond\"]}]},{\"@type\":\"WebPage\",\"@id\":\"https:\/\/www.latitude-15.com\/pt-br\/lideres-da-aviacao-caribenha-se-reunem-nas-bermudas-enquanto-a-conectividade-aerea-assume-papel-central\/\",\"url\":\"https:\/\/www.latitude-15.com\/pt-br\/lideres-da-aviacao-caribenha-se-reunem-nas-bermudas-enquanto-a-conectividade-aerea-assume-papel-central\/\",\"name\":\"L\u00edderes da avia\u00e7\u00e3o caribenha se re\u00fanem nas Bermudas enquanto a conectividade a\u00e9rea assume papel central\",\"isPartOf\":{\"@id\":\"https:\/\/www.latitude-15.com\/pt-br\/#website\"},\"datePublished\":\"2026-02-24T17:02:45+00:00\",\"dateModified\":\"2026-02-26T15:10:51+00:00\",\"breadcrumb\":{\"@id\":\"https:\/\/www.latitude-15.com\/pt-br\/lideres-da-aviacao-caribenha-se-reunem-nas-bermudas-enquanto-a-conectividade-aerea-assume-papel-central\/#breadcrumb\"},\"inLanguage\":\"pt-BR\",\"potentialAction\":[{\"@type\":\"ReadAction\",\"target\":[\"https:\/\/www.latitude-15.com\/pt-br\/lideres-da-aviacao-caribenha-se-reunem-nas-bermudas-enquanto-a-conectividade-aerea-assume-papel-central\/\"]}]},{\"@type\":\"BreadcrumbList\",\"@id\":\"https:\/\/www.latitude-15.com\/pt-br\/lideres-da-aviacao-caribenha-se-reunem-nas-bermudas-enquanto-a-conectividade-aerea-assume-papel-central\/#breadcrumb\",\"itemListElement\":[{\"@type\":\"ListItem\",\"position\":1,\"name\":\"Home\",\"item\":\"https:\/\/www.latitude-15.com\/pt-br\/inicio\/\"},{\"@type\":\"ListItem\",\"position\":2,\"name\":\"L\u00edderes da avia\u00e7\u00e3o caribenha se re\u00fanem nas Bermudas enquanto a conectividade a\u00e9rea assume papel central\"}]},{\"@type\":\"WebSite\",\"@id\":\"https:\/\/www.latitude-15.com\/pt-br\/#website\",\"url\":\"https:\/\/www.latitude-15.com\/pt-br\/\",\"name\":\"LATITUDE 15\",\"description\":\"Aviation and maritime Magazine - Caribbean &amp; Latin America\",\"publisher\":{\"@id\":\"https:\/\/www.latitude-15.com\/pt-br\/#organization\"},\"potentialAction\":[{\"@type\":\"SearchAction\",\"target\":{\"@type\":\"EntryPoint\",\"urlTemplate\":\"https:\/\/www.latitude-15.com\/pt-br\/?s={search_term_string}\"},\"query-input\":{\"@type\":\"PropertyValueSpecification\",\"valueRequired\":true,\"valueName\":\"search_term_string\"}}],\"inLanguage\":\"pt-BR\"},{\"@type\":\"Organization\",\"@id\":\"https:\/\/www.latitude-15.com\/pt-br\/#organization\",\"name\":\"LATITUDE 15\",\"url\":\"https:\/\/www.latitude-15.com\/pt-br\/\",\"logo\":{\"@type\":\"ImageObject\",\"inLanguage\":\"pt-BR\",\"@id\":\"https:\/\/www.latitude-15.com\/pt-br\/#\/schema\/logo\/image\/\",\"url\":\"https:\/\/www.latitude-15.com\/wp-content\/uploads\/2026\/01\/cropped-logox500px.png\",\"contentUrl\":\"https:\/\/www.latitude-15.com\/wp-content\/uploads\/2026\/01\/cropped-logox500px.png\",\"width\":62,\"height\":75,\"caption\":\"LATITUDE 15\"},\"image\":{\"@id\":\"https:\/\/www.latitude-15.com\/pt-br\/#\/schema\/logo\/image\/\"}},{\"@type\":\"Person\",\"@id\":\"https:\/\/www.latitude-15.com\/pt-br\/#\/schema\/person\/dac52e7ff44c78317f337da112e37252\",\"name\":\"Joda J\",\"image\":{\"@type\":\"ImageObject\",\"inLanguage\":\"pt-BR\",\"@id\":\"https:\/\/www.latitude-15.com\/pt-br\/#\/schema\/person\/image\/\",\"url\":\"https:\/\/secure.gravatar.com\/avatar\/6b1feae555e15404b76616f92d931d12b25ac58024f14ccb43d9d3c012e4c4cf?s=96&d=mm&r=g\",\"contentUrl\":\"https:\/\/secure.gravatar.com\/avatar\/6b1feae555e15404b76616f92d931d12b25ac58024f14ccb43d9d3c012e4c4cf?s=96&d=mm&r=g\",\"caption\":\"Joda J\"},\"url\":\"https:\/\/www.latitude-15.com\/pt-br\/author\/joda\/\"}]}<\/script>\n<!-- \/ Yoast SEO plugin. -->","yoast_head_json":{"title":"L\u00edderes da avia\u00e7\u00e3o caribenha se re\u00fanem nas Bermudas enquanto a conectividade a\u00e9rea assume papel central","robots":{"index":"index","follow":"follow","max-snippet":"max-snippet:-1","max-image-preview":"max-image-preview:large","max-video-preview":"max-video-preview:-1"},"canonical":"https:\/\/www.latitude-15.com\/pt-br\/lideres-da-aviacao-caribenha-se-reunem-nas-bermudas-enquanto-a-conectividade-aerea-assume-papel-central\/","og_locale":"pt_BR","og_type":"article","og_title":"L\u00edderes da avia\u00e7\u00e3o caribenha se re\u00fanem nas Bermudas enquanto a conectividade a\u00e9rea assume papel central","og_description":"Bermudas, 24 de fevereiro de 2026 \u2014 Um dos encontros mais estrat\u00e9gicos do ano para a avia\u00e7\u00e3o no Caribe est\u00e1 em andamento, com a Caribbean Tourism Organization (CTO) sediando o seu Air Connectivity Summit no Hamilton Princess &amp; Beach Club. O f\u00f3rum, realizado em um \u00fanico dia, re\u00fane 16 ministros de turismo do Caribe, executivos [&hellip;]","og_url":"https:\/\/www.latitude-15.com\/pt-br\/lideres-da-aviacao-caribenha-se-reunem-nas-bermudas-enquanto-a-conectividade-aerea-assume-papel-central\/","og_site_name":"LATITUDE 15","article_published_time":"2026-02-24T17:02:45+00:00","article_modified_time":"2026-02-26T15:10:51+00:00","og_image":[{"width":487,"height":517,"url":"https:\/\/www.latitude-15.com\/wp-content\/uploads\/2026\/02\/airconnectivityimage.png","type":"image\/png"}],"author":"Joda J","twitter_card":"summary_large_image","twitter_misc":{"Escrito por":"Joda J","Est. tempo de leitura":"3 minutos"},"schema":{"@context":"https:\/\/schema.org","@graph":[{"@type":"Article","@id":"https:\/\/www.latitude-15.com\/pt-br\/lideres-da-aviacao-caribenha-se-reunem-nas-bermudas-enquanto-a-conectividade-aerea-assume-papel-central\/#article","isPartOf":{"@id":"https:\/\/www.latitude-15.com\/pt-br\/lideres-da-aviacao-caribenha-se-reunem-nas-bermudas-enquanto-a-conectividade-aerea-assume-papel-central\/"},"author":{"name":"Joda J","@id":"https:\/\/www.latitude-15.com\/pt-br\/#\/schema\/person\/dac52e7ff44c78317f337da112e37252"},"headline":"L\u00edderes da avia\u00e7\u00e3o caribenha se re\u00fanem nas Bermudas enquanto a conectividade a\u00e9rea assume papel central","datePublished":"2026-02-24T17:02:45+00:00","dateModified":"2026-02-26T15:10:51+00:00","mainEntityOfPage":{"@id":"https:\/\/www.latitude-15.com\/pt-br\/lideres-da-aviacao-caribenha-se-reunem-nas-bermudas-enquanto-a-conectividade-aerea-assume-papel-central\/"},"wordCount":633,"commentCount":0,"publisher":{"@id":"https:\/\/www.latitude-15.com\/pt-br\/#organization"},"articleSection":["AVIA\u00c7\u00c3O","Conectividade a\u00e9rea e Atratividade territorial"],"inLanguage":"pt-BR","potentialAction":[{"@type":"CommentAction","name":"Comment","target":["https:\/\/www.latitude-15.com\/pt-br\/lideres-da-aviacao-caribenha-se-reunem-nas-bermudas-enquanto-a-conectividade-aerea-assume-papel-central\/#respond"]}]},{"@type":"WebPage","@id":"https:\/\/www.latitude-15.com\/pt-br\/lideres-da-aviacao-caribenha-se-reunem-nas-bermudas-enquanto-a-conectividade-aerea-assume-papel-central\/","url":"https:\/\/www.latitude-15.com\/pt-br\/lideres-da-aviacao-caribenha-se-reunem-nas-bermudas-enquanto-a-conectividade-aerea-assume-papel-central\/","name":"L\u00edderes da avia\u00e7\u00e3o caribenha se re\u00fanem nas Bermudas enquanto a conectividade a\u00e9rea assume papel central","isPartOf":{"@id":"https:\/\/www.latitude-15.com\/pt-br\/#website"},"datePublished":"2026-02-24T17:02:45+00:00","dateModified":"2026-02-26T15:10:51+00:00","breadcrumb":{"@id":"https:\/\/www.latitude-15.com\/pt-br\/lideres-da-aviacao-caribenha-se-reunem-nas-bermudas-enquanto-a-conectividade-aerea-assume-papel-central\/#breadcrumb"},"inLanguage":"pt-BR","potentialAction":[{"@type":"ReadAction","target":["https:\/\/www.latitude-15.com\/pt-br\/lideres-da-aviacao-caribenha-se-reunem-nas-bermudas-enquanto-a-conectividade-aerea-assume-papel-central\/"]}]},{"@type":"BreadcrumbList","@id":"https:\/\/www.latitude-15.com\/pt-br\/lideres-da-aviacao-caribenha-se-reunem-nas-bermudas-enquanto-a-conectividade-aerea-assume-papel-central\/#breadcrumb","itemListElement":[{"@type":"ListItem","position":1,"name":"Home","item":"https:\/\/www.latitude-15.com\/pt-br\/inicio\/"},{"@type":"ListItem","position":2,"name":"L\u00edderes da avia\u00e7\u00e3o caribenha se re\u00fanem nas Bermudas enquanto a conectividade a\u00e9rea assume papel central"}]},{"@type":"WebSite","@id":"https:\/\/www.latitude-15.com\/pt-br\/#website","url":"https:\/\/www.latitude-15.com\/pt-br\/","name":"LATITUDE 15","description":"Aviation and maritime Magazine - Caribbean &amp; Latin America","publisher":{"@id":"https:\/\/www.latitude-15.com\/pt-br\/#organization"},"potentialAction":[{"@type":"SearchAction","target":{"@type":"EntryPoint","urlTemplate":"https:\/\/www.latitude-15.com\/pt-br\/?s={search_term_string}"},"query-input":{"@type":"PropertyValueSpecification","valueRequired":true,"valueName":"search_term_string"}}],"inLanguage":"pt-BR"},{"@type":"Organization","@id":"https:\/\/www.latitude-15.com\/pt-br\/#organization","name":"LATITUDE 15","url":"https:\/\/www.latitude-15.com\/pt-br\/","logo":{"@type":"ImageObject","inLanguage":"pt-BR","@id":"https:\/\/www.latitude-15.com\/pt-br\/#\/schema\/logo\/image\/","url":"https:\/\/www.latitude-15.com\/wp-content\/uploads\/2026\/01\/cropped-logox500px.png","contentUrl":"https:\/\/www.latitude-15.com\/wp-content\/uploads\/2026\/01\/cropped-logox500px.png","width":62,"height":75,"caption":"LATITUDE 15"},"image":{"@id":"https:\/\/www.latitude-15.com\/pt-br\/#\/schema\/logo\/image\/"}},{"@type":"Person","@id":"https:\/\/www.latitude-15.com\/pt-br\/#\/schema\/person\/dac52e7ff44c78317f337da112e37252","name":"Joda J","image":{"@type":"ImageObject","inLanguage":"pt-BR","@id":"https:\/\/www.latitude-15.com\/pt-br\/#\/schema\/person\/image\/","url":"https:\/\/secure.gravatar.com\/avatar\/6b1feae555e15404b76616f92d931d12b25ac58024f14ccb43d9d3c012e4c4cf?s=96&d=mm&r=g","contentUrl":"https:\/\/secure.gravatar.com\/avatar\/6b1feae555e15404b76616f92d931d12b25ac58024f14ccb43d9d3c012e4c4cf?s=96&d=mm&r=g","caption":"Joda J"},"url":"https:\/\/www.latitude-15.com\/pt-br\/author\/joda\/"}]}},"_links":{"self":[{"href":"https:\/\/www.latitude-15.com\/pt-br\/wp-json\/wp\/v2\/posts\/20913","targetHints":{"allow":["GET"]}}],"collection":[{"href":"https:\/\/www.latitude-15.com\/pt-br\/wp-json\/wp\/v2\/posts"}],"about":[{"href":"https:\/\/www.latitude-15.com\/pt-br\/wp-json\/wp\/v2\/types\/post"}],"author":[{"embeddable":true,"href":"https:\/\/www.latitude-15.com\/pt-br\/wp-json\/wp\/v2\/users\/5"}],"replies":[{"embeddable":true,"href":"https:\/\/www.latitude-15.com\/pt-br\/wp-json\/wp\/v2\/comments?post=20913"}],"version-history":[{"count":1,"href":"https:\/\/www.latitude-15.com\/pt-br\/wp-json\/wp\/v2\/posts\/20913\/revisions"}],"predecessor-version":[{"id":20914,"href":"https:\/\/www.latitude-15.com\/pt-br\/wp-json\/wp\/v2\/posts\/20913\/revisions\/20914"}],"wp:attachment":[{"href":"https:\/\/www.latitude-15.com\/pt-br\/wp-json\/wp\/v2\/media?parent=20913"}],"wp:term":[{"taxonomy":"category","embeddable":true,"href":"https:\/\/www.latitude-15.com\/pt-br\/wp-json\/wp\/v2\/categories?post=20913"},{"taxonomy":"post_tag","embeddable":true,"href":"https:\/\/www.latitude-15.com\/pt-br\/wp-json\/wp\/v2\/tags?post=20913"}],"curies":[{"name":"wp","href":"https:\/\/api.w.org\/{rel}","templated":true}]}}