{"id":20904,"date":"2026-02-24T14:03:17","date_gmt":"2026-02-24T18:03:17","guid":{"rendered":"https:\/\/www.latitude-15.com\/descarbonizar-sem-desconectar-a-america-latina-pode-arcar-com-uma-aviacao-net-zero\/"},"modified":"2026-02-25T11:06:18","modified_gmt":"2026-02-25T15:06:18","slug":"descarbonizar-sem-desconectar-a-america-latina-pode-arcar-com-uma-aviacao-net-zero","status":"publish","type":"post","link":"https:\/\/www.latitude-15.com\/pt-br\/descarbonizar-sem-desconectar-a-america-latina-pode-arcar-com-uma-aviacao-net-zero\/","title":{"rendered":"Descarbonizar sem desconectar: a Am\u00e9rica Latina pode arcar com uma avia\u00e7\u00e3o net zero?"},"content":{"rendered":"\n<p>\u00c0 medida que a ind\u00fastria global da avia\u00e7\u00e3o acelera sua trajet\u00f3ria rumo ao net zero, a Am\u00e9rica Latina e o Caribe (LAC) enfrentam um paradoxo estrutural. Em seu recente roteiro <em><a href=\"https:\/\/alta.aero\/sustainability-roadmap\/\">Route to Sustainability in Latin America and the Caribbean<\/a><\/em>, a Associa\u00e7\u00e3o Latino-Americana e do Caribe de Transporte A\u00e9reo (ALTA) deixa claro que, embora a regi\u00e3o apoie a agenda global de descarboniza\u00e7\u00e3o, o caminho econ\u00f4mico para alcan\u00e7\u00e1-la ser\u00e1 particularmente complexo. <\/p>\n\n<p>Segundo a an\u00e1lise da ALTA, a avia\u00e7\u00e3o em LAC representa cerca de 4,8% das emiss\u00f5es globais acumuladas do setor entre 2013 e 2023. Ainda assim, a regi\u00e3o pode enfrentar custos de transi\u00e7\u00e3o desproporcionais em rela\u00e7\u00e3o \u00e0 sua resili\u00eancia econ\u00f4mica e \u00e0s suas necessidades de conectividade. <\/p>\n\n<p>Diferentemente da Europa ou dos Estados Unidos \u2014 onde a penetra\u00e7\u00e3o do transporte a\u00e9reo supera duas viagens per capita por ano \u2014 a Am\u00e9rica Latina registra m\u00e9dia de apenas 0,64 viagem por habitante. O potencial de crescimento permanece significativo. No entanto, esse crescimento est\u00e1 profundamente interligado ao desenvolvimento econ\u00f4mico, ao turismo, \u00e0 integra\u00e7\u00e3o comercial e \u00e0 coes\u00e3o territorial.  <\/p>\n\n<p>A quest\u00e3o j\u00e1 n\u00e3o \u00e9 se a regi\u00e3o apoia o net zero na avia\u00e7\u00e3o. Apoia. A verdadeira quest\u00e3o \u00e9 se pode descarbonizar sem comprometer sua conectividade.  <\/p>\n\n<h2 class=\"wp-block-heading\">A avia\u00e7\u00e3o como infraestrutura econ\u00f4mica<\/h2>\n\n<p>O relat\u00f3rio da ALTA ressalta a import\u00e2ncia sist\u00eamica do setor: a avia\u00e7\u00e3o sustenta aproximadamente 8,3 milh\u00f5es de empregos e contribui com cerca de US$ 240 bilh\u00f5es para a economia regional. Na Am\u00e9rica Latina e no Caribe, o transporte a\u00e9reo n\u00e3o \u00e9 mobilidade sup\u00e9rflua \u2014 \u00e9 infraestrutura econ\u00f4mica. <\/p>\n\n<p>A geografia refor\u00e7a essa depend\u00eancia. A Cordilheira dos Andes fragmenta territ\u00f3rios. A bacia amaz\u00f4nica limita a conectividade terrestre. Os arquip\u00e9lagos caribenhos dependem fortemente de liga\u00e7\u00f5es a\u00e9reas. Alternativas ferrovi\u00e1rias s\u00e3o restritas em grande parte da regi\u00e3o. Economias dependentes do turismo s\u00e3o particularmente sens\u00edveis ao acesso a\u00e9reo.     <\/p>\n\n<p>Qualquer aumento estrutural nas tarifas a\u00e9reas, portanto, possui implica\u00e7\u00f5es macroecon\u00f4micas. Em mercados emergentes, a elasticidade da demanda tende a ser maior do que em economias maduras. Mesmo ajustes moderados de pre\u00e7o podem desacelerar o crescimento do tr\u00e1fego e reduzir efeitos multiplicadores na economia.  <\/p>\n\n<h2 class=\"wp-block-heading\">O choque de custo do SAF<\/h2>\n\n<p>No centro do roteiro da ALTA est\u00e1 o Sustainable Aviation Fuel (SAF), amplamente reconhecido como o principal vetor de descarboniza\u00e7\u00e3o em escala antes de 2040. No entanto, o diferencial de custo \u00e9 significativo. <\/p>\n\n<p>O relat\u00f3rio indica pr\u00eamios de pre\u00e7o do SAF que variam entre 40% e at\u00e9 350% em compara\u00e7\u00e3o com o combust\u00edvel convencional, dependendo da rota tecnol\u00f3gica e das condi\u00e7\u00f5es de mercado. Considerando que o pre\u00e7o m\u00e9dio do querosene de avia\u00e7\u00e3o girou em torno de US$ 890 por tonelada m\u00e9trica nos \u00faltimos 12 meses, a diferen\u00e7a permanece relevante. <\/p>\n\n<p>Al\u00e9m dos custos de produ\u00e7\u00e3o, existem lacunas importantes de infraestrutura. Instala\u00e7\u00f5es de mistura, capacidade de armazenamento, log\u00edstica de distribui\u00e7\u00e3o e estruturas de certifica\u00e7\u00e3o ainda s\u00e3o desigualmente desenvolvidas na regi\u00e3o. As economias de escala permanecem limitadas e as exig\u00eancias de investimento s\u00e3o elevadas. Isso cria uma tens\u00e3o estrat\u00e9gica.   <\/p>\n\n<p>Se as companhias a\u00e9reas absorverem os pr\u00eamios do SAF, as margens \u2014 j\u00e1 estreitas em grande parte da Am\u00e9rica Latina \u2014 se comprimem ainda mais. Se os custos forem repassados aos passageiros, surge o risco de retra\u00e7\u00e3o da demanda. Se governos impuserem mandatos de mistura sem mecanismos financeiros coordenados, rotas marginais podem se tornar economicamente fr\u00e1geis.  <\/p>\n\n<p>Nesse cen\u00e1rio, pol\u00edticas de sustentabilidade mal calibradas podem acelerar a concentra\u00e7\u00e3o de redes em grandes hubs, enquanto rotas perif\u00e9ricas perdem viabilidade \u2014 um resultado particularmente sens\u00edvel para pequenos Estados caribenhos.<\/p>\n\n<h2 class=\"wp-block-heading\">Ganhos de efici\u00eancia j\u00e1 alcan\u00e7ados<\/h2>\n\n<p>A regi\u00e3o, contudo, j\u00e1 registrou avan\u00e7os relevantes em efici\u00eancia. A ALTA destaca que o consumo de combust\u00edvel por 100 passageiros-quil\u00f4metro pagos caiu aproximadamente 28% entre 2011 e 2023. A renova\u00e7\u00e3o de frota foi significativa, com aeronaves de nova gera\u00e7\u00e3o oferecendo ganhos de efici\u00eancia entre 15% e 20% por ciclo tecnol\u00f3gico.  <\/p>\n\n<p>Grande parte dos ganhos operacionais incrementais j\u00e1 foi capturada.<\/p>\n\n<p>A pr\u00f3xima fase da descarboniza\u00e7\u00e3o exigir\u00e1 transforma\u00e7\u00e3o estrutural na matriz energ\u00e9tica, e n\u00e3o apenas melhorias operacionais adicionais.<\/p>\n\n<h2 class=\"wp-block-heading\">Equidade regulat\u00f3ria e trajet\u00f3rias diferenciadas<\/h2>\n\n<p>O roteiro da ALTA tamb\u00e9m levanta implicitamente a quest\u00e3o da simetria regulat\u00f3ria.<\/p>\n\n<p>Apenas duas economias regionais \u2014 Brasil e M\u00e9xico \u2014 figuram entre os principais emissores globais do setor na \u00faltima d\u00e9cada. A contribui\u00e7\u00e3o hist\u00f3rica do restante da regi\u00e3o \u00e9 relativamente modesta. <\/p>\n\n<p>Esse contexto torna o debate pol\u00edtico mais complexo. A Am\u00e9rica Latina deve replicar arquiteturas regulat\u00f3rias concebidas para mercados maduros, com maior mobilidade per capita e maior capacidade fiscal? Ou deveria adotar trajet\u00f3rias diferenciadas?  <\/p>\n\n<p>Entre poss\u00edveis abordagens:<\/p>\n\n<ul class=\"wp-block-list\">\n<li>Implanta\u00e7\u00e3o inicial do SAF baseada em incentivos, em vez de mandatos r\u00edgidos<\/li>\n\n\n\n<li>Estruturas de financiamento h\u00edbrido com apoio de bancos multilaterais de desenvolvimento<\/li>\n\n\n\n<li>Estrat\u00e9gias industriais para localizar a produ\u00e7\u00e3o de SAF onde existam vantagens competitivas em mat\u00e9ria-prima<\/li>\n\n\n\n<li>Salvaguardas transit\u00f3rias para rotas essenciais \u00e0 conectividade<\/li>\n<\/ul>\n\n<p>A sequ\u00eancia e o desenho das pol\u00edticas determinar\u00e3o se a sustentabilidade se tornar\u00e1 uma oportunidade industrial competitiva \u2014 ou um \u00f4nus estrutural.<\/p>\n\n<h2 class=\"wp-block-heading\">A quest\u00e3o dos US$ 300 bilh\u00f5es<\/h2>\n\n<p>A ALTA estima que, considerando cerca de 6% de participa\u00e7\u00e3o no tr\u00e1fego global, os custos proporcionais de transi\u00e7\u00e3o para a Am\u00e9rica Latina e o Caribe podem variar entre US$ 240 bilh\u00f5es e US$ 318 bilh\u00f5es entre 2020 e 2050. A magnitude desses valores redefine o debate. <\/p>\n\n<p>Quem financiar\u00e1 a transi\u00e7\u00e3o?<\/p>\n\n<p>As companhias a\u00e9reas n\u00e3o podem absorver esses custos sozinhas sem comprometer sua resili\u00eancia. Passageiros em mercados sens\u00edveis a pre\u00e7o podem resistir a aumentos tarif\u00e1rios persistentes. Governos enfrentam restri\u00e7\u00f5es fiscais. Institui\u00e7\u00f5es de financiamento ao desenvolvimento, investidores do setor energ\u00e9tico e parcerias p\u00fablico-privadas inovadoras poder\u00e3o desempenhar papel decisivo.   <\/p>\n\n<p>A arquitetura de financiamento determinar\u00e1 se a transi\u00e7\u00e3o ser\u00e1 expansionista \u2014 estimulando cadeias regionais de biocombust\u00edveis \u2014 ou contracionista, restringindo conectividade e crescimento.<\/p>\n\n<h2 class=\"wp-block-heading\">Reequil\u00edbrio competitivo \u00e0 vista<\/h2>\n\n<p>A transi\u00e7\u00e3o para a sustentabilidade tamb\u00e9m pode redefinir a competitividade regional. Pa\u00edses com vantagens em biomassa e ecossistemas industriais \u2014 notadamente Brasil, Col\u00f4mbia e Chile \u2014 podem emergir como l\u00edderes na produ\u00e7\u00e3o de SAF. Hubs capazes de integrar cadeias de suprimento de combust\u00edvel de forma eficiente podem ganhar vantagem estrutural. Outros, dependentes de SAF importado, podem enfrentar exposi\u00e7\u00e3o assim\u00e9trica a custos.   <\/p>\n\n<p>Nesse sentido, a descarboniza\u00e7\u00e3o n\u00e3o \u00e9 apenas pol\u00edtica ambiental. \u00c9 tamb\u00e9m estrat\u00e9gia industrial e posicionamento geoecon\u00f4mico. <\/p>\n\n<h2 class=\"wp-block-heading\">Evitar uma penalidade de conectividade<\/h2>\n\n<p>O roteiro da ALTA n\u00e3o questiona a necessidade da descarboniza\u00e7\u00e3o. Ele enfatiza a import\u00e2ncia de uma implementa\u00e7\u00e3o calibrada, alinhada \u00e0s realidades regionais. <\/p>\n\n<p>A Am\u00e9rica Latina e o Caribe podem descarbonizar sua avia\u00e7\u00e3o. A regi\u00e3o j\u00e1 demonstrou progresso em efici\u00eancia e moderniza\u00e7\u00e3o. O desafio estrat\u00e9gico \u00e9 garantir que o net zero n\u00e3o resulte em net disconnection.  <\/p>\n\n<p>A pr\u00f3xima d\u00e9cada definir\u00e1 mais do que trajet\u00f3rias de emiss\u00f5es. Ela determinar\u00e1 se a sustentabilidade fortalecer\u00e1 \u2014 ou limitar\u00e1 \u2014 a arquitetura de conectividade da qual depende o desenvolvimento regional. <\/p>\n","protected":false},"excerpt":{"rendered":"<p>\u00c0 medida que a ind\u00fastria global da avia\u00e7\u00e3o acelera sua trajet\u00f3ria rumo ao net zero, a Am\u00e9rica Latina e o Caribe (LAC) enfrentam um paradoxo estrutural. Em seu recente roteiro Route to Sustainability in Latin America and the Caribbean, a Associa\u00e7\u00e3o Latino-Americana e do Caribe de Transporte A\u00e9reo (ALTA) deixa claro que, embora a regi\u00e3o [&hellip;]<\/p>\n","protected":false},"author":5,"featured_media":0,"comment_status":"open","ping_status":"open","sticky":false,"template":"","format":"standard","meta":{"footnotes":""},"categories":[98,113],"tags":[],"class_list":["post-20904","post","type-post","status-publish","format-standard","hentry","category-aviacao","category-sustentabilidade-e-transicao-energetica"],"yoast_head":"<!-- This site is optimized with the Yoast SEO plugin v26.9 - https:\/\/yoast.com\/product\/yoast-seo-wordpress\/ -->\n<title>Descarbonizar sem desconectar: a Am\u00e9rica Latina pode arcar com uma avia\u00e7\u00e3o net zero? - LATITUDE 15<\/title>\n<meta name=\"robots\" content=\"index, follow, max-snippet:-1, max-image-preview:large, max-video-preview:-1\" \/>\n<link rel=\"canonical\" href=\"https:\/\/www.latitude-15.com\/pt-br\/descarbonizar-sem-desconectar-a-america-latina-pode-arcar-com-uma-aviacao-net-zero\/\" \/>\n<meta property=\"og:locale\" content=\"pt_BR\" \/>\n<meta property=\"og:type\" content=\"article\" \/>\n<meta property=\"og:title\" content=\"Descarbonizar sem desconectar: a Am\u00e9rica Latina pode arcar com uma avia\u00e7\u00e3o net zero? - LATITUDE 15\" \/>\n<meta property=\"og:description\" content=\"\u00c0 medida que a ind\u00fastria global da avia\u00e7\u00e3o acelera sua trajet\u00f3ria rumo ao net zero, a Am\u00e9rica Latina e o Caribe (LAC) enfrentam um paradoxo estrutural. Em seu recente roteiro Route to Sustainability in Latin America and the Caribbean, a Associa\u00e7\u00e3o Latino-Americana e do Caribe de Transporte A\u00e9reo (ALTA) deixa claro que, embora a regi\u00e3o [&hellip;]\" \/>\n<meta property=\"og:url\" content=\"https:\/\/www.latitude-15.com\/pt-br\/descarbonizar-sem-desconectar-a-america-latina-pode-arcar-com-uma-aviacao-net-zero\/\" \/>\n<meta property=\"og:site_name\" content=\"LATITUDE 15\" \/>\n<meta property=\"article:published_time\" content=\"2026-02-24T18:03:17+00:00\" \/>\n<meta property=\"article:modified_time\" content=\"2026-02-25T15:06:18+00:00\" \/>\n<meta property=\"og:image\" content=\"https:\/\/www.latitude-15.com\/wp-content\/uploads\/2026\/02\/679.jpg\" \/>\n\t<meta property=\"og:image:width\" content=\"1000\" \/>\n\t<meta property=\"og:image:height\" content=\"668\" \/>\n\t<meta property=\"og:image:type\" content=\"image\/jpeg\" \/>\n<meta name=\"author\" content=\"Joda J\" \/>\n<meta name=\"twitter:card\" content=\"summary_large_image\" \/>\n<meta name=\"twitter:label1\" content=\"Escrito por\" \/>\n\t<meta name=\"twitter:data1\" content=\"Joda J\" \/>\n\t<meta name=\"twitter:label2\" content=\"Est. tempo de leitura\" \/>\n\t<meta name=\"twitter:data2\" content=\"6 minutos\" \/>\n<script type=\"application\/ld+json\" class=\"yoast-schema-graph\">{\"@context\":\"https:\/\/schema.org\",\"@graph\":[{\"@type\":\"Article\",\"@id\":\"https:\/\/www.latitude-15.com\/pt-br\/descarbonizar-sem-desconectar-a-america-latina-pode-arcar-com-uma-aviacao-net-zero\/#article\",\"isPartOf\":{\"@id\":\"https:\/\/www.latitude-15.com\/pt-br\/descarbonizar-sem-desconectar-a-america-latina-pode-arcar-com-uma-aviacao-net-zero\/\"},\"author\":{\"name\":\"Joda J\",\"@id\":\"https:\/\/www.latitude-15.com\/pt-br\/#\/schema\/person\/dac52e7ff44c78317f337da112e37252\"},\"headline\":\"Descarbonizar sem desconectar: a Am\u00e9rica Latina pode arcar com uma avia\u00e7\u00e3o net zero?\",\"datePublished\":\"2026-02-24T18:03:17+00:00\",\"dateModified\":\"2026-02-25T15:06:18+00:00\",\"mainEntityOfPage\":{\"@id\":\"https:\/\/www.latitude-15.com\/pt-br\/descarbonizar-sem-desconectar-a-america-latina-pode-arcar-com-uma-aviacao-net-zero\/\"},\"wordCount\":1244,\"commentCount\":0,\"publisher\":{\"@id\":\"https:\/\/www.latitude-15.com\/pt-br\/#organization\"},\"articleSection\":[\"AVIA\u00c7\u00c3O\",\"Sustentabilidade e transi\u00e7\u00e3o energ\u00e9tica\"],\"inLanguage\":\"pt-BR\",\"potentialAction\":[{\"@type\":\"CommentAction\",\"name\":\"Comment\",\"target\":[\"https:\/\/www.latitude-15.com\/pt-br\/descarbonizar-sem-desconectar-a-america-latina-pode-arcar-com-uma-aviacao-net-zero\/#respond\"]}]},{\"@type\":\"WebPage\",\"@id\":\"https:\/\/www.latitude-15.com\/pt-br\/descarbonizar-sem-desconectar-a-america-latina-pode-arcar-com-uma-aviacao-net-zero\/\",\"url\":\"https:\/\/www.latitude-15.com\/pt-br\/descarbonizar-sem-desconectar-a-america-latina-pode-arcar-com-uma-aviacao-net-zero\/\",\"name\":\"Descarbonizar sem desconectar: a Am\u00e9rica Latina pode arcar com uma avia\u00e7\u00e3o net zero? - LATITUDE 15\",\"isPartOf\":{\"@id\":\"https:\/\/www.latitude-15.com\/pt-br\/#website\"},\"datePublished\":\"2026-02-24T18:03:17+00:00\",\"dateModified\":\"2026-02-25T15:06:18+00:00\",\"breadcrumb\":{\"@id\":\"https:\/\/www.latitude-15.com\/pt-br\/descarbonizar-sem-desconectar-a-america-latina-pode-arcar-com-uma-aviacao-net-zero\/#breadcrumb\"},\"inLanguage\":\"pt-BR\",\"potentialAction\":[{\"@type\":\"ReadAction\",\"target\":[\"https:\/\/www.latitude-15.com\/pt-br\/descarbonizar-sem-desconectar-a-america-latina-pode-arcar-com-uma-aviacao-net-zero\/\"]}]},{\"@type\":\"BreadcrumbList\",\"@id\":\"https:\/\/www.latitude-15.com\/pt-br\/descarbonizar-sem-desconectar-a-america-latina-pode-arcar-com-uma-aviacao-net-zero\/#breadcrumb\",\"itemListElement\":[{\"@type\":\"ListItem\",\"position\":1,\"name\":\"Home\",\"item\":\"https:\/\/www.latitude-15.com\/pt-br\/inicio\/\"},{\"@type\":\"ListItem\",\"position\":2,\"name\":\"Descarbonizar sem desconectar: a Am\u00e9rica Latina pode arcar com uma avia\u00e7\u00e3o net zero?\"}]},{\"@type\":\"WebSite\",\"@id\":\"https:\/\/www.latitude-15.com\/pt-br\/#website\",\"url\":\"https:\/\/www.latitude-15.com\/pt-br\/\",\"name\":\"LATITUDE 15\",\"description\":\"Aviation and maritime Magazine - Caribbean &amp; Latin America\",\"publisher\":{\"@id\":\"https:\/\/www.latitude-15.com\/pt-br\/#organization\"},\"potentialAction\":[{\"@type\":\"SearchAction\",\"target\":{\"@type\":\"EntryPoint\",\"urlTemplate\":\"https:\/\/www.latitude-15.com\/pt-br\/?s={search_term_string}\"},\"query-input\":{\"@type\":\"PropertyValueSpecification\",\"valueRequired\":true,\"valueName\":\"search_term_string\"}}],\"inLanguage\":\"pt-BR\"},{\"@type\":\"Organization\",\"@id\":\"https:\/\/www.latitude-15.com\/pt-br\/#organization\",\"name\":\"LATITUDE 15\",\"url\":\"https:\/\/www.latitude-15.com\/pt-br\/\",\"logo\":{\"@type\":\"ImageObject\",\"inLanguage\":\"pt-BR\",\"@id\":\"https:\/\/www.latitude-15.com\/pt-br\/#\/schema\/logo\/image\/\",\"url\":\"https:\/\/www.latitude-15.com\/wp-content\/uploads\/2026\/01\/cropped-logox500px.png\",\"contentUrl\":\"https:\/\/www.latitude-15.com\/wp-content\/uploads\/2026\/01\/cropped-logox500px.png\",\"width\":62,\"height\":75,\"caption\":\"LATITUDE 15\"},\"image\":{\"@id\":\"https:\/\/www.latitude-15.com\/pt-br\/#\/schema\/logo\/image\/\"}},{\"@type\":\"Person\",\"@id\":\"https:\/\/www.latitude-15.com\/pt-br\/#\/schema\/person\/dac52e7ff44c78317f337da112e37252\",\"name\":\"Joda J\",\"image\":{\"@type\":\"ImageObject\",\"inLanguage\":\"pt-BR\",\"@id\":\"https:\/\/www.latitude-15.com\/pt-br\/#\/schema\/person\/image\/\",\"url\":\"https:\/\/secure.gravatar.com\/avatar\/6b1feae555e15404b76616f92d931d12b25ac58024f14ccb43d9d3c012e4c4cf?s=96&d=mm&r=g\",\"contentUrl\":\"https:\/\/secure.gravatar.com\/avatar\/6b1feae555e15404b76616f92d931d12b25ac58024f14ccb43d9d3c012e4c4cf?s=96&d=mm&r=g\",\"caption\":\"Joda J\"},\"url\":\"https:\/\/www.latitude-15.com\/pt-br\/author\/joda\/\"}]}<\/script>\n<!-- \/ Yoast SEO plugin. -->","yoast_head_json":{"title":"Descarbonizar sem desconectar: a Am\u00e9rica Latina pode arcar com uma avia\u00e7\u00e3o net zero? - LATITUDE 15","robots":{"index":"index","follow":"follow","max-snippet":"max-snippet:-1","max-image-preview":"max-image-preview:large","max-video-preview":"max-video-preview:-1"},"canonical":"https:\/\/www.latitude-15.com\/pt-br\/descarbonizar-sem-desconectar-a-america-latina-pode-arcar-com-uma-aviacao-net-zero\/","og_locale":"pt_BR","og_type":"article","og_title":"Descarbonizar sem desconectar: a Am\u00e9rica Latina pode arcar com uma avia\u00e7\u00e3o net zero? - LATITUDE 15","og_description":"\u00c0 medida que a ind\u00fastria global da avia\u00e7\u00e3o acelera sua trajet\u00f3ria rumo ao net zero, a Am\u00e9rica Latina e o Caribe (LAC) enfrentam um paradoxo estrutural. Em seu recente roteiro Route to Sustainability in Latin America and the Caribbean, a Associa\u00e7\u00e3o Latino-Americana e do Caribe de Transporte A\u00e9reo (ALTA) deixa claro que, embora a regi\u00e3o [&hellip;]","og_url":"https:\/\/www.latitude-15.com\/pt-br\/descarbonizar-sem-desconectar-a-america-latina-pode-arcar-com-uma-aviacao-net-zero\/","og_site_name":"LATITUDE 15","article_published_time":"2026-02-24T18:03:17+00:00","article_modified_time":"2026-02-25T15:06:18+00:00","og_image":[{"width":1000,"height":668,"url":"https:\/\/www.latitude-15.com\/wp-content\/uploads\/2026\/02\/679.jpg","type":"image\/jpeg"}],"author":"Joda J","twitter_card":"summary_large_image","twitter_misc":{"Escrito por":"Joda J","Est. tempo de leitura":"6 minutos"},"schema":{"@context":"https:\/\/schema.org","@graph":[{"@type":"Article","@id":"https:\/\/www.latitude-15.com\/pt-br\/descarbonizar-sem-desconectar-a-america-latina-pode-arcar-com-uma-aviacao-net-zero\/#article","isPartOf":{"@id":"https:\/\/www.latitude-15.com\/pt-br\/descarbonizar-sem-desconectar-a-america-latina-pode-arcar-com-uma-aviacao-net-zero\/"},"author":{"name":"Joda J","@id":"https:\/\/www.latitude-15.com\/pt-br\/#\/schema\/person\/dac52e7ff44c78317f337da112e37252"},"headline":"Descarbonizar sem desconectar: a Am\u00e9rica Latina pode arcar com uma avia\u00e7\u00e3o net zero?","datePublished":"2026-02-24T18:03:17+00:00","dateModified":"2026-02-25T15:06:18+00:00","mainEntityOfPage":{"@id":"https:\/\/www.latitude-15.com\/pt-br\/descarbonizar-sem-desconectar-a-america-latina-pode-arcar-com-uma-aviacao-net-zero\/"},"wordCount":1244,"commentCount":0,"publisher":{"@id":"https:\/\/www.latitude-15.com\/pt-br\/#organization"},"articleSection":["AVIA\u00c7\u00c3O","Sustentabilidade e transi\u00e7\u00e3o energ\u00e9tica"],"inLanguage":"pt-BR","potentialAction":[{"@type":"CommentAction","name":"Comment","target":["https:\/\/www.latitude-15.com\/pt-br\/descarbonizar-sem-desconectar-a-america-latina-pode-arcar-com-uma-aviacao-net-zero\/#respond"]}]},{"@type":"WebPage","@id":"https:\/\/www.latitude-15.com\/pt-br\/descarbonizar-sem-desconectar-a-america-latina-pode-arcar-com-uma-aviacao-net-zero\/","url":"https:\/\/www.latitude-15.com\/pt-br\/descarbonizar-sem-desconectar-a-america-latina-pode-arcar-com-uma-aviacao-net-zero\/","name":"Descarbonizar sem desconectar: a Am\u00e9rica Latina pode arcar com uma avia\u00e7\u00e3o net zero? - LATITUDE 15","isPartOf":{"@id":"https:\/\/www.latitude-15.com\/pt-br\/#website"},"datePublished":"2026-02-24T18:03:17+00:00","dateModified":"2026-02-25T15:06:18+00:00","breadcrumb":{"@id":"https:\/\/www.latitude-15.com\/pt-br\/descarbonizar-sem-desconectar-a-america-latina-pode-arcar-com-uma-aviacao-net-zero\/#breadcrumb"},"inLanguage":"pt-BR","potentialAction":[{"@type":"ReadAction","target":["https:\/\/www.latitude-15.com\/pt-br\/descarbonizar-sem-desconectar-a-america-latina-pode-arcar-com-uma-aviacao-net-zero\/"]}]},{"@type":"BreadcrumbList","@id":"https:\/\/www.latitude-15.com\/pt-br\/descarbonizar-sem-desconectar-a-america-latina-pode-arcar-com-uma-aviacao-net-zero\/#breadcrumb","itemListElement":[{"@type":"ListItem","position":1,"name":"Home","item":"https:\/\/www.latitude-15.com\/pt-br\/inicio\/"},{"@type":"ListItem","position":2,"name":"Descarbonizar sem desconectar: a Am\u00e9rica Latina pode arcar com uma avia\u00e7\u00e3o net zero?"}]},{"@type":"WebSite","@id":"https:\/\/www.latitude-15.com\/pt-br\/#website","url":"https:\/\/www.latitude-15.com\/pt-br\/","name":"LATITUDE 15","description":"Aviation and maritime Magazine - Caribbean &amp; Latin America","publisher":{"@id":"https:\/\/www.latitude-15.com\/pt-br\/#organization"},"potentialAction":[{"@type":"SearchAction","target":{"@type":"EntryPoint","urlTemplate":"https:\/\/www.latitude-15.com\/pt-br\/?s={search_term_string}"},"query-input":{"@type":"PropertyValueSpecification","valueRequired":true,"valueName":"search_term_string"}}],"inLanguage":"pt-BR"},{"@type":"Organization","@id":"https:\/\/www.latitude-15.com\/pt-br\/#organization","name":"LATITUDE 15","url":"https:\/\/www.latitude-15.com\/pt-br\/","logo":{"@type":"ImageObject","inLanguage":"pt-BR","@id":"https:\/\/www.latitude-15.com\/pt-br\/#\/schema\/logo\/image\/","url":"https:\/\/www.latitude-15.com\/wp-content\/uploads\/2026\/01\/cropped-logox500px.png","contentUrl":"https:\/\/www.latitude-15.com\/wp-content\/uploads\/2026\/01\/cropped-logox500px.png","width":62,"height":75,"caption":"LATITUDE 15"},"image":{"@id":"https:\/\/www.latitude-15.com\/pt-br\/#\/schema\/logo\/image\/"}},{"@type":"Person","@id":"https:\/\/www.latitude-15.com\/pt-br\/#\/schema\/person\/dac52e7ff44c78317f337da112e37252","name":"Joda J","image":{"@type":"ImageObject","inLanguage":"pt-BR","@id":"https:\/\/www.latitude-15.com\/pt-br\/#\/schema\/person\/image\/","url":"https:\/\/secure.gravatar.com\/avatar\/6b1feae555e15404b76616f92d931d12b25ac58024f14ccb43d9d3c012e4c4cf?s=96&d=mm&r=g","contentUrl":"https:\/\/secure.gravatar.com\/avatar\/6b1feae555e15404b76616f92d931d12b25ac58024f14ccb43d9d3c012e4c4cf?s=96&d=mm&r=g","caption":"Joda J"},"url":"https:\/\/www.latitude-15.com\/pt-br\/author\/joda\/"}]}},"_links":{"self":[{"href":"https:\/\/www.latitude-15.com\/pt-br\/wp-json\/wp\/v2\/posts\/20904","targetHints":{"allow":["GET"]}}],"collection":[{"href":"https:\/\/www.latitude-15.com\/pt-br\/wp-json\/wp\/v2\/posts"}],"about":[{"href":"https:\/\/www.latitude-15.com\/pt-br\/wp-json\/wp\/v2\/types\/post"}],"author":[{"embeddable":true,"href":"https:\/\/www.latitude-15.com\/pt-br\/wp-json\/wp\/v2\/users\/5"}],"replies":[{"embeddable":true,"href":"https:\/\/www.latitude-15.com\/pt-br\/wp-json\/wp\/v2\/comments?post=20904"}],"version-history":[{"count":1,"href":"https:\/\/www.latitude-15.com\/pt-br\/wp-json\/wp\/v2\/posts\/20904\/revisions"}],"predecessor-version":[{"id":20905,"href":"https:\/\/www.latitude-15.com\/pt-br\/wp-json\/wp\/v2\/posts\/20904\/revisions\/20905"}],"wp:attachment":[{"href":"https:\/\/www.latitude-15.com\/pt-br\/wp-json\/wp\/v2\/media?parent=20904"}],"wp:term":[{"taxonomy":"category","embeddable":true,"href":"https:\/\/www.latitude-15.com\/pt-br\/wp-json\/wp\/v2\/categories?post=20904"},{"taxonomy":"post_tag","embeddable":true,"href":"https:\/\/www.latitude-15.com\/pt-br\/wp-json\/wp\/v2\/tags?post=20904"}],"curies":[{"name":"wp","href":"https:\/\/api.w.org\/{rel}","templated":true}]}}