{"id":20883,"date":"2026-02-23T11:03:33","date_gmt":"2026-02-23T15:03:33","guid":{"rendered":"https:\/\/www.latitude-15.com\/woca-2026-em-santiago-um-momento-de-alinhamento-estrategico-para-a-aviacao-latino-americana\/"},"modified":"2026-02-24T03:00:23","modified_gmt":"2026-02-24T07:00:23","slug":"woca-2026-em-santiago-um-momento-de-alinhamento-estrategico-para-a-aviacao-latino-americana","status":"publish","type":"post","link":"https:\/\/www.latitude-15.com\/pt-br\/woca-2026-em-santiago-um-momento-de-alinhamento-estrategico-para-a-aviacao-latino-americana\/","title":{"rendered":"WOCA 2026 em Santiago: um momento de alinhamento estrat\u00e9gico para a avia\u00e7\u00e3o latino-americana"},"content":{"rendered":"\n<p>Quando l\u00edderes do setor se reunirem em Santiago do Chile, nos dias 8 e 9 de abril, para a 16\u00aa edi\u00e7\u00e3o do Wings of Change Americas (WOCA) da IATA, o encontro representar\u00e1 mais do que uma confer\u00eancia regional recorrente. O evento ocorre em um momento decisivo para a avia\u00e7\u00e3o na Am\u00e9rica Latina e no Caribe \u2014 um per\u00edodo marcado por ajustes regulat\u00f3rios, reconfigura\u00e7\u00e3o das cadeias de suprimentos, expans\u00e3o de infraestrutura e press\u00f5es crescentes em torno da sustentabilidade. <\/p>\n\n<p>Realizado sob a lideran\u00e7a da LATAM Airlines Group e com o tema \u201cBeyond Borders \u2013 Aviation as a Catalyst for Economic Transformation\u201d, o WOCA 2026 reflete um setor cada vez mais consciente de que conectividade deixou de ser apenas um objetivo operacional. Trata-se, hoje, de um instrumento econ\u00f4mico estrat\u00e9gico. <\/p>\n\n<h2 class=\"wp-block-heading\">A avia\u00e7\u00e3o como alavanca macroecon\u00f4mica<\/h2>\n\n<p>A dimens\u00e3o do impacto econ\u00f4mico do setor na regi\u00e3o evidencia por que o alinhamento de pol\u00edticas p\u00fablicas se tornou central. Segundo a IATA, a avia\u00e7\u00e3o sustenta mais de 8,3 milh\u00f5es de empregos na Am\u00e9rica Latina e no Caribe e contribui com aproximadamente US$ 240 bilh\u00f5es para o PIB (2023). As proje\u00e7\u00f5es indicam que, at\u00e9 2043, esses n\u00fameros poder\u00e3o praticamente dobrar, alcan\u00e7ando 15 milh\u00f5es de empregos apoiados e US$ 500 bilh\u00f5es de contribui\u00e7\u00e3o ao PIB.  <\/p>\n\n<p>Esses dados posicionam a avia\u00e7\u00e3o n\u00e3o apenas como um servi\u00e7o de transporte, mas como uma camada estrutural de infraestrutura que sustenta com\u00e9rcio, turismo, investimento estrangeiro e competitividade territorial. Em mercados emergentes e geograficamente fragmentados, a conectividade a\u00e9rea frequentemente funciona como elemento de integra\u00e7\u00e3o, conectando economias perif\u00e9ricas \u00e0s cadeias globais de valor. <\/p>\n\n<p>A \u00eanfase do WOCA na colabora\u00e7\u00e3o estrat\u00e9gica entre o setor e as autoridades governamentais sinaliza que o crescimento depender\u00e1 menos da simples expans\u00e3o de capacidade e mais de planejamento econ\u00f4mico coordenado.<\/p>\n\n<h2 class=\"wp-block-heading\">O di\u00e1logo regulat\u00f3rio volta ao centro da agenda<\/h2>\n\n<p>O WOCA 2026 ser\u00e1 tamb\u00e9m o primeiro grande evento do setor a\u00e9reo no Chile a receber representantes da nova administra\u00e7\u00e3o eleita do pa\u00eds \u2014 um detalhe com peso estrat\u00e9gico. <\/p>\n\n<p>Na regi\u00e3o, a avia\u00e7\u00e3o enfrenta crescente complexidade regulat\u00f3ria, incluindo marcos de prote\u00e7\u00e3o ao consumidor, debates tribut\u00e1rios, regras de aloca\u00e7\u00e3o de slots e exig\u00eancias relacionadas \u00e0 sustentabilidade. A mesa-redonda regulat\u00f3ria do WOCA, dedicada ao equil\u00edbrio entre prote\u00e7\u00e3o ao consumidor e viabilidade do setor, reflete as tens\u00f5es entre acessibilidade tarif\u00e1ria, competitividade e sustentabilidade operacional. <\/p>\n\n<p>Para companhias a\u00e9reas que operam em ambientes estruturalmente onerosos, a coer\u00eancia regulat\u00f3ria tornou-se vari\u00e1vel-chave de competitividade. O encontro em Santiago oferece, portanto, uma oportunidade de recalibrar pol\u00edticas p\u00fablicas em linha com objetivos de conectividade de longo prazo. <\/p>\n\n<h2 class=\"wp-block-heading\">Infraestrutura e a disputa por posicionamento regional<\/h2>\n\n<p>A mesa-redonda executiva \u201cPowering the Next Generation of Infrastructure in the Americas\u201d refor\u00e7a uma transforma\u00e7\u00e3o estrutural em curso. Aeroportos na Am\u00e9rica Latina e no Caribe deixaram de ser meros pontos de passagem. Est\u00e3o se posicionando como plataformas econ\u00f4micas integradas.  <\/p>\n\n<p>Expans\u00e3o de capacidade, moderniza\u00e7\u00e3o de terminais, digitaliza\u00e7\u00e3o dos fluxos de passageiros e integra\u00e7\u00e3o com corredores log\u00edsticos passaram a ocupar papel central nas estrat\u00e9gias territoriais. \u00c0 medida que o nearshoring e a diversifica\u00e7\u00e3o das cadeias de suprimentos remodelam os fluxos comerciais globais, resili\u00eancia e escalabilidade da infraestrutura determinar\u00e3o quais hubs capturar\u00e3o o crescimento incremental. <\/p>\n\n<p>A escolha de Santiago como cidade-sede carrega simbolismo. O Chile consolidou-se como um dos mercados mais est\u00e1veis da regi\u00e3o, com ambiente regulat\u00f3rio relativamente maduro e uma companhia a\u00e9rea de refer\u00eancia, a LATAM Airlines. O evento posiciona o pa\u00eds no centro do debate regional sobre conectividade.  <\/p>\n\n<h2 class=\"wp-block-heading\">Carga a\u00e9rea no n\u00facleo estrat\u00e9gico<\/h2>\n\n<p>Outro ponto relevante da agenda \u00e9 o foco dedicado \u00e0 carga a\u00e9rea e \u00e0 log\u00edstica. Historicamente tratada como segmento complementar, a carga ocupa agora posi\u00e7\u00e3o estrat\u00e9gica nas discuss\u00f5es sobre desenvolvimento regional. <\/p>\n\n<p>A fragmenta\u00e7\u00e3o das cadeias globais, o avan\u00e7o do com\u00e9rcio eletr\u00f4nico e o nearshoring nas Am\u00e9ricas elevaram a import\u00e2ncia de redes eficientes de transporte a\u00e9reo de carga. Para economias exportadoras \u2014 desde produtos farmac\u00eauticos at\u00e9 perec\u00edveis de alto valor agregado \u2014 a confiabilidade log\u00edstica impacta diretamente a competitividade comercial. <\/p>\n\n<p>Ao integrar a carga no centro do programa, o WOCA reconhece que conectividade \u00e9 multidimensional. O impacto econ\u00f4mico da avia\u00e7\u00e3o n\u00e3o se limita ao transporte de passageiros. <\/p>\n\n<h2 class=\"wp-block-heading\">Tecnologia e IA: da experimenta\u00e7\u00e3o \u00e0 aplica\u00e7\u00e3o estrutural<\/h2>\n\n<p>A sess\u00e3o \u201cCode, Cloud, Cabin \u2013 AI\u2019s Triple Play in Aviation\u201d evidencia outro ponto de inflex\u00e3o. A intelig\u00eancia artificial deixou de estar restrita a projetos-piloto ou ferramentas de atendimento ao cliente. Hoje, influencia gest\u00e3o de receitas, manuten\u00e7\u00e3o preditiva, previs\u00e3o de demanda, efici\u00eancia operacional e personaliza\u00e7\u00e3o da experi\u00eancia do passageiro.  <\/p>\n\n<p>Em mercados onde margens s\u00e3o estreitas e volatilidade elevada, a ado\u00e7\u00e3o tecnol\u00f3gica pode funcionar como equalizador estrutural. Infraestrutura digital tende a tornar-se t\u00e3o determinante quanto infraestrutura f\u00edsica para a competitividade futura. <\/p>\n\n<p>O destaque dado \u00e0 IA no WOCA sugere que a avia\u00e7\u00e3o latino-americana est\u00e1 acelerando sua transforma\u00e7\u00e3o digital \u2014 n\u00e3o como tend\u00eancia passageira, mas como necessidade operacional.<\/p>\n\n<h2 class=\"wp-block-heading\">Sustentabilidade sob restri\u00e7\u00f5es estruturais<\/h2>\n\n<p>A sustentabilidade permanece um dos desafios mais complexos para a regi\u00e3o. O painel Sustainability &amp; Innovation abordar\u00e1 as barreiras \u00e0 neutralidade de carbono \u2014 tema sens\u00edvel em mercados emergentes, onde restri\u00e7\u00f5es financeiras e acesso desigual ao Sustainable Aviation Fuel (SAF) dificultam a transi\u00e7\u00e3o energ\u00e9tica. <\/p>\n\n<p>Na Am\u00e9rica Latina e no Caribe, responsabilidade ambiental precisa ser conciliada com realismo econ\u00f4mico. Investimentos em infraestrutura, moderniza\u00e7\u00e3o de frota e incentivos regulat\u00f3rios devem evoluir de forma coordenada. Sem esse alinhamento, a sustentabilidade pode se transformar em fator de custo adicional, em vez de vetor de competitividade.  <\/p>\n\n<h2 class=\"wp-block-heading\">Um ponto de inflex\u00e3o regional<\/h2>\n\n<p>O WOCA 2026 reunir\u00e1 mais de 400 l\u00edderes do setor, incluindo o vice-presidente regional da IATA, Peter Cerd\u00e1, e executivos da LATAM Airlines Group, Sky Airline, Abra Group, Avianca Group e JetSMART Airlines. A concentra\u00e7\u00e3o de tomadores de decis\u00e3o em um \u00fanico f\u00f3rum reflete a magnitude das transforma\u00e7\u00f5es em curso. <\/p>\n\n<p>A avia\u00e7\u00e3o nas Am\u00e9ricas encontra-se em um momento estrutural decisivo. A conectividade avan\u00e7a, mas press\u00f5es de custo persistem. A tecnologia oferece ganhos de efici\u00eancia, mas desafios de implementa\u00e7\u00e3o permanecem. Governos reconhecem o efeito multiplicador econ\u00f4mico do setor, enquanto a fragmenta\u00e7\u00e3o regulat\u00f3ria continua a gerar fric\u00e7\u00f5es.   <\/p>\n\n<p>O encontro em Santiago n\u00e3o eliminar\u00e1 essas tens\u00f5es em dois dias. Contudo, pode marcar um momento de alinhamento estrat\u00e9gico \u2014 uma recalibra\u00e7\u00e3o de prioridades em torno de competitividade, integra\u00e7\u00e3o e resili\u00eancia. <\/p>\n\n<p>Nesse sentido, o WOCA 2026 \u00e9 menos sobre um evento e mais sobre dire\u00e7\u00e3o estrat\u00e9gica. A quest\u00e3o j\u00e1 n\u00e3o \u00e9 se a avia\u00e7\u00e3o pode impulsionar a transforma\u00e7\u00e3o econ\u00f4mica na Am\u00e9rica Latina e no Caribe, mas qu\u00e3o eficazmente a regi\u00e3o conseguir\u00e1 alinhar infraestrutura, regula\u00e7\u00e3o, tecnologia e sustentabilidade para tornar essa transforma\u00e7\u00e3o duradoura.  <\/p>\n\n<p>Em uma regi\u00e3o definida por dist\u00e2ncias, fragmenta\u00e7\u00e3o e potencial, esse alinhamento poder\u00e1 ser determinante.<\/p>\n","protected":false},"excerpt":{"rendered":"<p>Quando l\u00edderes do setor se reunirem em Santiago do Chile, nos dias 8 e 9 de abril, para a 16\u00aa edi\u00e7\u00e3o do Wings of Change Americas (WOCA) da IATA, o encontro representar\u00e1 mais do que uma confer\u00eancia regional recorrente. O evento ocorre em um momento decisivo para a avia\u00e7\u00e3o na Am\u00e9rica Latina e no Caribe [&hellip;]<\/p>\n","protected":false},"author":5,"featured_media":0,"comment_status":"open","ping_status":"open","sticky":false,"template":"","format":"standard","meta":{"footnotes":""},"categories":[98,101],"tags":[],"class_list":["post-20883","post","type-post","status-publish","format-standard","hentry","category-aviacao","category-conectividade-aerea-e-atratividade-territorial"],"yoast_head":"<!-- This site is optimized with the Yoast SEO plugin v26.9 - https:\/\/yoast.com\/product\/yoast-seo-wordpress\/ -->\n<title>WOCA 2026: um momento de alinhamento estrat\u00e9gico para a avia\u00e7\u00e3o na Am\u00e9rica Latina<\/title>\n<meta name=\"robots\" content=\"index, follow, max-snippet:-1, max-image-preview:large, max-video-preview:-1\" \/>\n<link rel=\"canonical\" href=\"https:\/\/www.latitude-15.com\/pt-br\/woca-2026-em-santiago-um-momento-de-alinhamento-estrategico-para-a-aviacao-latino-americana\/\" \/>\n<meta property=\"og:locale\" content=\"pt_BR\" \/>\n<meta property=\"og:type\" content=\"article\" \/>\n<meta property=\"og:title\" content=\"WOCA 2026: um momento de alinhamento estrat\u00e9gico para a avia\u00e7\u00e3o na Am\u00e9rica Latina\" \/>\n<meta property=\"og:description\" content=\"Quando l\u00edderes do setor se reunirem em Santiago do Chile, nos dias 8 e 9 de abril, para a 16\u00aa edi\u00e7\u00e3o do Wings of Change Americas (WOCA) da IATA, o encontro representar\u00e1 mais do que uma confer\u00eancia regional recorrente. O evento ocorre em um momento decisivo para a avia\u00e7\u00e3o na Am\u00e9rica Latina e no Caribe [&hellip;]\" \/>\n<meta property=\"og:url\" content=\"https:\/\/www.latitude-15.com\/pt-br\/woca-2026-em-santiago-um-momento-de-alinhamento-estrategico-para-a-aviacao-latino-americana\/\" \/>\n<meta property=\"og:site_name\" content=\"LATITUDE 15\" \/>\n<meta property=\"article:published_time\" content=\"2026-02-23T15:03:33+00:00\" \/>\n<meta property=\"article:modified_time\" content=\"2026-02-24T07:00:23+00:00\" \/>\n<meta property=\"og:image\" content=\"https:\/\/www.latitude-15.com\/wp-content\/uploads\/2026\/02\/join-me-at-woca-2026.jpg\" \/>\n\t<meta property=\"og:image:width\" content=\"2000\" \/>\n\t<meta property=\"og:image:height\" content=\"1125\" \/>\n\t<meta property=\"og:image:type\" content=\"image\/jpeg\" \/>\n<meta name=\"author\" content=\"Joda J\" \/>\n<meta name=\"twitter:card\" content=\"summary_large_image\" \/>\n<meta name=\"twitter:label1\" content=\"Escrito por\" \/>\n\t<meta name=\"twitter:data1\" content=\"Joda J\" \/>\n\t<meta name=\"twitter:label2\" content=\"Est. tempo de leitura\" \/>\n\t<meta name=\"twitter:data2\" content=\"6 minutos\" \/>\n<script type=\"application\/ld+json\" class=\"yoast-schema-graph\">{\"@context\":\"https:\/\/schema.org\",\"@graph\":[{\"@type\":\"Article\",\"@id\":\"https:\/\/www.latitude-15.com\/pt-br\/woca-2026-em-santiago-um-momento-de-alinhamento-estrategico-para-a-aviacao-latino-americana\/#article\",\"isPartOf\":{\"@id\":\"https:\/\/www.latitude-15.com\/pt-br\/woca-2026-em-santiago-um-momento-de-alinhamento-estrategico-para-a-aviacao-latino-americana\/\"},\"author\":{\"name\":\"Joda J\",\"@id\":\"https:\/\/www.latitude-15.com\/pt-br\/#\/schema\/person\/dac52e7ff44c78317f337da112e37252\"},\"headline\":\"WOCA 2026 em Santiago: um momento de alinhamento estrat\u00e9gico para a avia\u00e7\u00e3o latino-americana\",\"datePublished\":\"2026-02-23T15:03:33+00:00\",\"dateModified\":\"2026-02-24T07:00:23+00:00\",\"mainEntityOfPage\":{\"@id\":\"https:\/\/www.latitude-15.com\/pt-br\/woca-2026-em-santiago-um-momento-de-alinhamento-estrategico-para-a-aviacao-latino-americana\/\"},\"wordCount\":1230,\"commentCount\":0,\"publisher\":{\"@id\":\"https:\/\/www.latitude-15.com\/pt-br\/#organization\"},\"articleSection\":[\"AVIA\u00c7\u00c3O\",\"Conectividade a\u00e9rea e Atratividade territorial\"],\"inLanguage\":\"pt-BR\",\"potentialAction\":[{\"@type\":\"CommentAction\",\"name\":\"Comment\",\"target\":[\"https:\/\/www.latitude-15.com\/pt-br\/woca-2026-em-santiago-um-momento-de-alinhamento-estrategico-para-a-aviacao-latino-americana\/#respond\"]}]},{\"@type\":\"WebPage\",\"@id\":\"https:\/\/www.latitude-15.com\/pt-br\/woca-2026-em-santiago-um-momento-de-alinhamento-estrategico-para-a-aviacao-latino-americana\/\",\"url\":\"https:\/\/www.latitude-15.com\/pt-br\/woca-2026-em-santiago-um-momento-de-alinhamento-estrategico-para-a-aviacao-latino-americana\/\",\"name\":\"WOCA 2026: um momento de alinhamento estrat\u00e9gico para a avia\u00e7\u00e3o na Am\u00e9rica Latina\",\"isPartOf\":{\"@id\":\"https:\/\/www.latitude-15.com\/pt-br\/#website\"},\"datePublished\":\"2026-02-23T15:03:33+00:00\",\"dateModified\":\"2026-02-24T07:00:23+00:00\",\"breadcrumb\":{\"@id\":\"https:\/\/www.latitude-15.com\/pt-br\/woca-2026-em-santiago-um-momento-de-alinhamento-estrategico-para-a-aviacao-latino-americana\/#breadcrumb\"},\"inLanguage\":\"pt-BR\",\"potentialAction\":[{\"@type\":\"ReadAction\",\"target\":[\"https:\/\/www.latitude-15.com\/pt-br\/woca-2026-em-santiago-um-momento-de-alinhamento-estrategico-para-a-aviacao-latino-americana\/\"]}]},{\"@type\":\"BreadcrumbList\",\"@id\":\"https:\/\/www.latitude-15.com\/pt-br\/woca-2026-em-santiago-um-momento-de-alinhamento-estrategico-para-a-aviacao-latino-americana\/#breadcrumb\",\"itemListElement\":[{\"@type\":\"ListItem\",\"position\":1,\"name\":\"Home\",\"item\":\"https:\/\/www.latitude-15.com\/pt-br\/inicio\/\"},{\"@type\":\"ListItem\",\"position\":2,\"name\":\"WOCA 2026 em Santiago: um momento de alinhamento estrat\u00e9gico para a avia\u00e7\u00e3o latino-americana\"}]},{\"@type\":\"WebSite\",\"@id\":\"https:\/\/www.latitude-15.com\/pt-br\/#website\",\"url\":\"https:\/\/www.latitude-15.com\/pt-br\/\",\"name\":\"LATITUDE 15\",\"description\":\"Aviation and maritime Magazine - Caribbean &amp; Latin America\",\"publisher\":{\"@id\":\"https:\/\/www.latitude-15.com\/pt-br\/#organization\"},\"potentialAction\":[{\"@type\":\"SearchAction\",\"target\":{\"@type\":\"EntryPoint\",\"urlTemplate\":\"https:\/\/www.latitude-15.com\/pt-br\/?s={search_term_string}\"},\"query-input\":{\"@type\":\"PropertyValueSpecification\",\"valueRequired\":true,\"valueName\":\"search_term_string\"}}],\"inLanguage\":\"pt-BR\"},{\"@type\":\"Organization\",\"@id\":\"https:\/\/www.latitude-15.com\/pt-br\/#organization\",\"name\":\"LATITUDE 15\",\"url\":\"https:\/\/www.latitude-15.com\/pt-br\/\",\"logo\":{\"@type\":\"ImageObject\",\"inLanguage\":\"pt-BR\",\"@id\":\"https:\/\/www.latitude-15.com\/pt-br\/#\/schema\/logo\/image\/\",\"url\":\"https:\/\/www.latitude-15.com\/wp-content\/uploads\/2026\/01\/cropped-logox500px.png\",\"contentUrl\":\"https:\/\/www.latitude-15.com\/wp-content\/uploads\/2026\/01\/cropped-logox500px.png\",\"width\":62,\"height\":75,\"caption\":\"LATITUDE 15\"},\"image\":{\"@id\":\"https:\/\/www.latitude-15.com\/pt-br\/#\/schema\/logo\/image\/\"}},{\"@type\":\"Person\",\"@id\":\"https:\/\/www.latitude-15.com\/pt-br\/#\/schema\/person\/dac52e7ff44c78317f337da112e37252\",\"name\":\"Joda J\",\"image\":{\"@type\":\"ImageObject\",\"inLanguage\":\"pt-BR\",\"@id\":\"https:\/\/www.latitude-15.com\/pt-br\/#\/schema\/person\/image\/\",\"url\":\"https:\/\/secure.gravatar.com\/avatar\/6b1feae555e15404b76616f92d931d12b25ac58024f14ccb43d9d3c012e4c4cf?s=96&d=mm&r=g\",\"contentUrl\":\"https:\/\/secure.gravatar.com\/avatar\/6b1feae555e15404b76616f92d931d12b25ac58024f14ccb43d9d3c012e4c4cf?s=96&d=mm&r=g\",\"caption\":\"Joda J\"},\"url\":\"https:\/\/www.latitude-15.com\/pt-br\/author\/joda\/\"}]}<\/script>\n<!-- \/ Yoast SEO plugin. -->","yoast_head_json":{"title":"WOCA 2026: um momento de alinhamento estrat\u00e9gico para a avia\u00e7\u00e3o na Am\u00e9rica Latina","robots":{"index":"index","follow":"follow","max-snippet":"max-snippet:-1","max-image-preview":"max-image-preview:large","max-video-preview":"max-video-preview:-1"},"canonical":"https:\/\/www.latitude-15.com\/pt-br\/woca-2026-em-santiago-um-momento-de-alinhamento-estrategico-para-a-aviacao-latino-americana\/","og_locale":"pt_BR","og_type":"article","og_title":"WOCA 2026: um momento de alinhamento estrat\u00e9gico para a avia\u00e7\u00e3o na Am\u00e9rica Latina","og_description":"Quando l\u00edderes do setor se reunirem em Santiago do Chile, nos dias 8 e 9 de abril, para a 16\u00aa edi\u00e7\u00e3o do Wings of Change Americas (WOCA) da IATA, o encontro representar\u00e1 mais do que uma confer\u00eancia regional recorrente. O evento ocorre em um momento decisivo para a avia\u00e7\u00e3o na Am\u00e9rica Latina e no Caribe [&hellip;]","og_url":"https:\/\/www.latitude-15.com\/pt-br\/woca-2026-em-santiago-um-momento-de-alinhamento-estrategico-para-a-aviacao-latino-americana\/","og_site_name":"LATITUDE 15","article_published_time":"2026-02-23T15:03:33+00:00","article_modified_time":"2026-02-24T07:00:23+00:00","og_image":[{"width":2000,"height":1125,"url":"https:\/\/www.latitude-15.com\/wp-content\/uploads\/2026\/02\/join-me-at-woca-2026.jpg","type":"image\/jpeg"}],"author":"Joda J","twitter_card":"summary_large_image","twitter_misc":{"Escrito por":"Joda J","Est. tempo de leitura":"6 minutos"},"schema":{"@context":"https:\/\/schema.org","@graph":[{"@type":"Article","@id":"https:\/\/www.latitude-15.com\/pt-br\/woca-2026-em-santiago-um-momento-de-alinhamento-estrategico-para-a-aviacao-latino-americana\/#article","isPartOf":{"@id":"https:\/\/www.latitude-15.com\/pt-br\/woca-2026-em-santiago-um-momento-de-alinhamento-estrategico-para-a-aviacao-latino-americana\/"},"author":{"name":"Joda J","@id":"https:\/\/www.latitude-15.com\/pt-br\/#\/schema\/person\/dac52e7ff44c78317f337da112e37252"},"headline":"WOCA 2026 em Santiago: um momento de alinhamento estrat\u00e9gico para a avia\u00e7\u00e3o latino-americana","datePublished":"2026-02-23T15:03:33+00:00","dateModified":"2026-02-24T07:00:23+00:00","mainEntityOfPage":{"@id":"https:\/\/www.latitude-15.com\/pt-br\/woca-2026-em-santiago-um-momento-de-alinhamento-estrategico-para-a-aviacao-latino-americana\/"},"wordCount":1230,"commentCount":0,"publisher":{"@id":"https:\/\/www.latitude-15.com\/pt-br\/#organization"},"articleSection":["AVIA\u00c7\u00c3O","Conectividade a\u00e9rea e Atratividade territorial"],"inLanguage":"pt-BR","potentialAction":[{"@type":"CommentAction","name":"Comment","target":["https:\/\/www.latitude-15.com\/pt-br\/woca-2026-em-santiago-um-momento-de-alinhamento-estrategico-para-a-aviacao-latino-americana\/#respond"]}]},{"@type":"WebPage","@id":"https:\/\/www.latitude-15.com\/pt-br\/woca-2026-em-santiago-um-momento-de-alinhamento-estrategico-para-a-aviacao-latino-americana\/","url":"https:\/\/www.latitude-15.com\/pt-br\/woca-2026-em-santiago-um-momento-de-alinhamento-estrategico-para-a-aviacao-latino-americana\/","name":"WOCA 2026: um momento de alinhamento estrat\u00e9gico para a avia\u00e7\u00e3o na Am\u00e9rica Latina","isPartOf":{"@id":"https:\/\/www.latitude-15.com\/pt-br\/#website"},"datePublished":"2026-02-23T15:03:33+00:00","dateModified":"2026-02-24T07:00:23+00:00","breadcrumb":{"@id":"https:\/\/www.latitude-15.com\/pt-br\/woca-2026-em-santiago-um-momento-de-alinhamento-estrategico-para-a-aviacao-latino-americana\/#breadcrumb"},"inLanguage":"pt-BR","potentialAction":[{"@type":"ReadAction","target":["https:\/\/www.latitude-15.com\/pt-br\/woca-2026-em-santiago-um-momento-de-alinhamento-estrategico-para-a-aviacao-latino-americana\/"]}]},{"@type":"BreadcrumbList","@id":"https:\/\/www.latitude-15.com\/pt-br\/woca-2026-em-santiago-um-momento-de-alinhamento-estrategico-para-a-aviacao-latino-americana\/#breadcrumb","itemListElement":[{"@type":"ListItem","position":1,"name":"Home","item":"https:\/\/www.latitude-15.com\/pt-br\/inicio\/"},{"@type":"ListItem","position":2,"name":"WOCA 2026 em Santiago: um momento de alinhamento estrat\u00e9gico para a avia\u00e7\u00e3o latino-americana"}]},{"@type":"WebSite","@id":"https:\/\/www.latitude-15.com\/pt-br\/#website","url":"https:\/\/www.latitude-15.com\/pt-br\/","name":"LATITUDE 15","description":"Aviation and maritime Magazine - Caribbean &amp; Latin America","publisher":{"@id":"https:\/\/www.latitude-15.com\/pt-br\/#organization"},"potentialAction":[{"@type":"SearchAction","target":{"@type":"EntryPoint","urlTemplate":"https:\/\/www.latitude-15.com\/pt-br\/?s={search_term_string}"},"query-input":{"@type":"PropertyValueSpecification","valueRequired":true,"valueName":"search_term_string"}}],"inLanguage":"pt-BR"},{"@type":"Organization","@id":"https:\/\/www.latitude-15.com\/pt-br\/#organization","name":"LATITUDE 15","url":"https:\/\/www.latitude-15.com\/pt-br\/","logo":{"@type":"ImageObject","inLanguage":"pt-BR","@id":"https:\/\/www.latitude-15.com\/pt-br\/#\/schema\/logo\/image\/","url":"https:\/\/www.latitude-15.com\/wp-content\/uploads\/2026\/01\/cropped-logox500px.png","contentUrl":"https:\/\/www.latitude-15.com\/wp-content\/uploads\/2026\/01\/cropped-logox500px.png","width":62,"height":75,"caption":"LATITUDE 15"},"image":{"@id":"https:\/\/www.latitude-15.com\/pt-br\/#\/schema\/logo\/image\/"}},{"@type":"Person","@id":"https:\/\/www.latitude-15.com\/pt-br\/#\/schema\/person\/dac52e7ff44c78317f337da112e37252","name":"Joda J","image":{"@type":"ImageObject","inLanguage":"pt-BR","@id":"https:\/\/www.latitude-15.com\/pt-br\/#\/schema\/person\/image\/","url":"https:\/\/secure.gravatar.com\/avatar\/6b1feae555e15404b76616f92d931d12b25ac58024f14ccb43d9d3c012e4c4cf?s=96&d=mm&r=g","contentUrl":"https:\/\/secure.gravatar.com\/avatar\/6b1feae555e15404b76616f92d931d12b25ac58024f14ccb43d9d3c012e4c4cf?s=96&d=mm&r=g","caption":"Joda J"},"url":"https:\/\/www.latitude-15.com\/pt-br\/author\/joda\/"}]}},"_links":{"self":[{"href":"https:\/\/www.latitude-15.com\/pt-br\/wp-json\/wp\/v2\/posts\/20883","targetHints":{"allow":["GET"]}}],"collection":[{"href":"https:\/\/www.latitude-15.com\/pt-br\/wp-json\/wp\/v2\/posts"}],"about":[{"href":"https:\/\/www.latitude-15.com\/pt-br\/wp-json\/wp\/v2\/types\/post"}],"author":[{"embeddable":true,"href":"https:\/\/www.latitude-15.com\/pt-br\/wp-json\/wp\/v2\/users\/5"}],"replies":[{"embeddable":true,"href":"https:\/\/www.latitude-15.com\/pt-br\/wp-json\/wp\/v2\/comments?post=20883"}],"version-history":[{"count":1,"href":"https:\/\/www.latitude-15.com\/pt-br\/wp-json\/wp\/v2\/posts\/20883\/revisions"}],"predecessor-version":[{"id":20884,"href":"https:\/\/www.latitude-15.com\/pt-br\/wp-json\/wp\/v2\/posts\/20883\/revisions\/20884"}],"wp:attachment":[{"href":"https:\/\/www.latitude-15.com\/pt-br\/wp-json\/wp\/v2\/media?parent=20883"}],"wp:term":[{"taxonomy":"category","embeddable":true,"href":"https:\/\/www.latitude-15.com\/pt-br\/wp-json\/wp\/v2\/categories?post=20883"},{"taxonomy":"post_tag","embeddable":true,"href":"https:\/\/www.latitude-15.com\/pt-br\/wp-json\/wp\/v2\/tags?post=20883"}],"curies":[{"name":"wp","href":"https:\/\/api.w.org\/{rel}","templated":true}]}}