{"id":20850,"date":"2026-02-17T10:50:45","date_gmt":"2026-02-17T14:50:45","guid":{"rendered":"https:\/\/www.latitude-15.com\/aer-lingus-lanca-voo-direto-dublin-barbados-e-reforca-a-conectividade-transatlantica-com-o-caribe\/"},"modified":"2026-02-23T10:06:31","modified_gmt":"2026-02-23T14:06:31","slug":"aer-lingus-lanca-voo-direto-dublin-barbados-e-reforca-a-conectividade-transatlantica-com-o-caribe","status":"publish","type":"post","link":"https:\/\/www.latitude-15.com\/pt-br\/aer-lingus-lanca-voo-direto-dublin-barbados-e-reforca-a-conectividade-transatlantica-com-o-caribe\/","title":{"rendered":"Aer Lingus lan\u00e7a voo direto Dublin\u2013Barbados e refor\u00e7a a conectividade transatl\u00e2ntica com o Caribe"},"content":{"rendered":"\n<p>A Aer Lingus iniciar\u00e1 na primavera de 2026 uma nova rota direta entre Dublin e Bridgetown, representando um avan\u00e7o relevante na conectividade a\u00e9rea entre a Europa e o Caribe. Operando de 31 de mar\u00e7o a 31 de maio de 2026, com tr\u00eas frequ\u00eancias semanais, o servi\u00e7o ser\u00e1 o primeiro voo sem escalas entre a Irlanda e a regi\u00e3o, criando um novo corredor transatl\u00e2ntico e refor\u00e7ando a posi\u00e7\u00e3o de Barbados como porta de entrada estrat\u00e9gica para o Caribe Oriental. <\/p>\n\n<h2 class=\"wp-block-heading\">Nova rota operada com o Airbus A321XLR<\/h2>\n\n<p>O servi\u00e7o ser\u00e1 realizado \u00e0s ter\u00e7as, sextas e domingos, conectando o Aeroporto de Dublin ao Aeroporto Internacional Grantley Adams, em Bridgetown. A Aer Lingus utilizar\u00e1 o Airbus A321XLR, o mais novo narrowbody de longo alcance de sua frota. Configurada com 184 assentos \u2014 incluindo 16 assentos full-flat em Classe Executiva e 168 em Classe Econ\u00f4mica \u2014 a aeronave oferece capacidade ajustada para rotas long-haul de menor densidade, mantendo padr\u00f5es de conforto t\u00edpicos de voos intercontinentais.  <\/p>\n\n<p>A introdu\u00e7\u00e3o do A321XLR \u00e9 elemento central dessa expans\u00e3o. Com maior autonomia e efici\u00eancia de combust\u00edvel aprimorada, o modelo permite operar rotas de longo curso com custos mais baixos e risco financeiro reduzido. Essa flexibilidade viabiliza mercados que anteriormente eram inacess\u00edveis ou economicamente invi\u00e1veis para aeronaves widebody de maior porte.  <\/p>\n\n<h2 class=\"wp-block-heading\">Parte da reestrutura\u00e7\u00e3o da malha transatl\u00e2ntica da Aer Lingus<\/h2>\n\n<p>O lan\u00e7amento da rota Dublin\u2013Barbados ocorre em meio a uma reorganiza\u00e7\u00e3o estrat\u00e9gica da malha de longo curso da companhia. A Aer Lingus encerrar\u00e1 suas opera\u00e7\u00f5es transatl\u00e2nticas a partir de Manchester em 31 de mar\u00e7o de 2026, liberando capacidade de frota e recursos operacionais. A nova rota foi introduzida, em parte, para absorver demanda existente e otimizar o uso da frota a partir do hub principal da companhia, em Dublin.  <\/p>\n\n<p>Esse movimento acompanha uma tend\u00eancia mais ampla do setor, na qual companhias a\u00e9reas ajustam suas redes de longo curso priorizando efici\u00eancia operacional e valor estrat\u00e9gico. Dublin, j\u00e1 consolidado como hub transatl\u00e2ntico da Aer Lingus, amplia assim seu papel como porta de entrada da Europa n\u00e3o apenas para a Am\u00e9rica do Norte, mas tamb\u00e9m para o Caribe. <\/p>\n\n<h2 class=\"wp-block-heading\">Bridgetown consolida seu papel como hub regional<\/h2>\n\n<p>A escolha de Bridgetown reflete sua relev\u00e2ncia como plataforma a\u00e9rea regional no Caribe Oriental. O Aeroporto Internacional Grantley Adams atua como gateway estrat\u00e9gico, oferecendo conex\u00f5es para destinos como Santa L\u00facia, Granada, Ant\u00edgua, Trinidad e Tobago e Jamaica. Essa malha permite que Barbados funcione como ponto de redistribui\u00e7\u00e3o de fluxos de passageiros na regi\u00e3o.  <\/p>\n\n<p>A introdu\u00e7\u00e3o de uma conex\u00e3o direta com a Irlanda fortalece esse posicionamento ao ampliar a rede internacional de acesso ao pa\u00eds. At\u00e9 ent\u00e3o, passageiros irlandeses com destino ao Caribe dependiam de conex\u00f5es via hubs como Londres, Paris, Amsterd\u00e3, Miami ou Nova York. A nova rota reduz a depend\u00eancia desses intermedi\u00e1rios e diversifica os corredores de acesso \u00e0 regi\u00e3o.  <\/p>\n\n<h2 class=\"wp-block-heading\">Reflexo de transforma\u00e7\u00f5es estruturais na avia\u00e7\u00e3o de longo curso<\/h2>\n\n<p>Mais do que uma opera\u00e7\u00e3o sazonal, a rota Dublin\u2013Barbados evidencia mudan\u00e7as estruturais na avia\u00e7\u00e3o long-haul. Aeronaves como o Airbus A321XLR est\u00e3o permitindo o desenvolvimento de servi\u00e7os ponto a ponto atrav\u00e9s do Atl\u00e2ntico, diminuindo a concentra\u00e7\u00e3o de tr\u00e1fego em poucos hubs globais. <\/p>\n\n<p>Essa transforma\u00e7\u00e3o favorece o surgimento de novas liga\u00e7\u00f5es diretas entre Europa e Caribe, ampliando a acessibilidade internacional da regi\u00e3o. Tamb\u00e9m cria oportunidades para hubs regionais como Bridgetown consolidarem sua posi\u00e7\u00e3o dentro das redes globais de transporte a\u00e9reo. <\/p>\n\n<p>Nesse contexto, o lan\u00e7amento da rota Dublin\u2013Barbados pela Aer Lingus ilustra como avan\u00e7os tecnol\u00f3gicos e a evolu\u00e7\u00e3o das estrat\u00e9gias de malha das companhias a\u00e9reas est\u00e3o redefinindo gradualmente a conectividade transatl\u00e2ntica, com impactos diretos sobre a integra\u00e7\u00e3o do Caribe aos fluxos globais da avia\u00e7\u00e3o.<\/p>\n","protected":false},"excerpt":{"rendered":"<p>A Aer Lingus iniciar\u00e1 na primavera de 2026 uma nova rota direta entre Dublin e Bridgetown, representando um avan\u00e7o relevante na conectividade a\u00e9rea entre a Europa e o Caribe. Operando de 31 de mar\u00e7o a 31 de maio de 2026, com tr\u00eas frequ\u00eancias semanais, o servi\u00e7o ser\u00e1 o primeiro voo sem escalas entre a Irlanda [&hellip;]<\/p>\n","protected":false},"author":5,"featured_media":0,"comment_status":"open","ping_status":"open","sticky":false,"template":"","format":"standard","meta":{"footnotes":""},"categories":[98,101],"tags":[],"class_list":["post-20850","post","type-post","status-publish","format-standard","hentry","category-aviacao","category-conectividade-aerea-e-atratividade-territorial"],"yoast_head":"<!-- This site is optimized with the Yoast SEO plugin v26.9 - https:\/\/yoast.com\/product\/yoast-seo-wordpress\/ -->\n<title>Aer Lingus lan\u00e7a voo direto Dublin\u2013Barbados e refor\u00e7a a conectividade transatl\u00e2ntica com o Caribe - LATITUDE 15<\/title>\n<meta name=\"robots\" content=\"index, follow, max-snippet:-1, max-image-preview:large, max-video-preview:-1\" \/>\n<link rel=\"canonical\" href=\"https:\/\/www.latitude-15.com\/pt-br\/aer-lingus-lanca-voo-direto-dublin-barbados-e-reforca-a-conectividade-transatlantica-com-o-caribe\/\" \/>\n<meta property=\"og:locale\" content=\"pt_BR\" \/>\n<meta property=\"og:type\" content=\"article\" \/>\n<meta property=\"og:title\" content=\"Aer Lingus lan\u00e7a voo direto Dublin\u2013Barbados e refor\u00e7a a conectividade transatl\u00e2ntica com o Caribe - LATITUDE 15\" \/>\n<meta property=\"og:description\" content=\"A Aer Lingus iniciar\u00e1 na primavera de 2026 uma nova rota direta entre Dublin e Bridgetown, representando um avan\u00e7o relevante na conectividade a\u00e9rea entre a Europa e o Caribe. Operando de 31 de mar\u00e7o a 31 de maio de 2026, com tr\u00eas frequ\u00eancias semanais, o servi\u00e7o ser\u00e1 o primeiro voo sem escalas entre a Irlanda [&hellip;]\" \/>\n<meta property=\"og:url\" content=\"https:\/\/www.latitude-15.com\/pt-br\/aer-lingus-lanca-voo-direto-dublin-barbados-e-reforca-a-conectividade-transatlantica-com-o-caribe\/\" \/>\n<meta property=\"og:site_name\" content=\"LATITUDE 15\" \/>\n<meta property=\"article:published_time\" content=\"2026-02-17T14:50:45+00:00\" \/>\n<meta property=\"article:modified_time\" content=\"2026-02-23T14:06:31+00:00\" \/>\n<meta property=\"og:image\" content=\"https:\/\/www.latitude-15.com\/wp-content\/uploads\/2026\/02\/aerlingus_065d20213728b_thumb.jpg\" \/>\n\t<meta property=\"og:image:width\" content=\"730\" \/>\n\t<meta property=\"og:image:height\" content=\"486\" \/>\n\t<meta property=\"og:image:type\" content=\"image\/jpeg\" \/>\n<meta name=\"author\" content=\"Joda J\" \/>\n<meta name=\"twitter:card\" content=\"summary_large_image\" \/>\n<meta name=\"twitter:label1\" content=\"Escrito por\" \/>\n\t<meta name=\"twitter:data1\" content=\"Joda J\" \/>\n\t<meta name=\"twitter:label2\" content=\"Est. tempo de leitura\" \/>\n\t<meta name=\"twitter:data2\" content=\"3 minutos\" \/>\n<script type=\"application\/ld+json\" class=\"yoast-schema-graph\">{\"@context\":\"https:\/\/schema.org\",\"@graph\":[{\"@type\":\"Article\",\"@id\":\"https:\/\/www.latitude-15.com\/pt-br\/aer-lingus-lanca-voo-direto-dublin-barbados-e-reforca-a-conectividade-transatlantica-com-o-caribe\/#article\",\"isPartOf\":{\"@id\":\"https:\/\/www.latitude-15.com\/pt-br\/aer-lingus-lanca-voo-direto-dublin-barbados-e-reforca-a-conectividade-transatlantica-com-o-caribe\/\"},\"author\":{\"name\":\"Joda J\",\"@id\":\"https:\/\/www.latitude-15.com\/pt-br\/#\/schema\/person\/dac52e7ff44c78317f337da112e37252\"},\"headline\":\"Aer Lingus lan\u00e7a voo direto Dublin\u2013Barbados e refor\u00e7a a conectividade transatl\u00e2ntica com o Caribe\",\"datePublished\":\"2026-02-17T14:50:45+00:00\",\"dateModified\":\"2026-02-23T14:06:31+00:00\",\"mainEntityOfPage\":{\"@id\":\"https:\/\/www.latitude-15.com\/pt-br\/aer-lingus-lanca-voo-direto-dublin-barbados-e-reforca-a-conectividade-transatlantica-com-o-caribe\/\"},\"wordCount\":685,\"commentCount\":0,\"publisher\":{\"@id\":\"https:\/\/www.latitude-15.com\/pt-br\/#organization\"},\"articleSection\":[\"AVIA\u00c7\u00c3O\",\"Conectividade a\u00e9rea e Atratividade territorial\"],\"inLanguage\":\"pt-BR\",\"potentialAction\":[{\"@type\":\"CommentAction\",\"name\":\"Comment\",\"target\":[\"https:\/\/www.latitude-15.com\/pt-br\/aer-lingus-lanca-voo-direto-dublin-barbados-e-reforca-a-conectividade-transatlantica-com-o-caribe\/#respond\"]}]},{\"@type\":\"WebPage\",\"@id\":\"https:\/\/www.latitude-15.com\/pt-br\/aer-lingus-lanca-voo-direto-dublin-barbados-e-reforca-a-conectividade-transatlantica-com-o-caribe\/\",\"url\":\"https:\/\/www.latitude-15.com\/pt-br\/aer-lingus-lanca-voo-direto-dublin-barbados-e-reforca-a-conectividade-transatlantica-com-o-caribe\/\",\"name\":\"Aer Lingus lan\u00e7a voo direto Dublin\u2013Barbados e refor\u00e7a a conectividade transatl\u00e2ntica com o Caribe - LATITUDE 15\",\"isPartOf\":{\"@id\":\"https:\/\/www.latitude-15.com\/pt-br\/#website\"},\"datePublished\":\"2026-02-17T14:50:45+00:00\",\"dateModified\":\"2026-02-23T14:06:31+00:00\",\"breadcrumb\":{\"@id\":\"https:\/\/www.latitude-15.com\/pt-br\/aer-lingus-lanca-voo-direto-dublin-barbados-e-reforca-a-conectividade-transatlantica-com-o-caribe\/#breadcrumb\"},\"inLanguage\":\"pt-BR\",\"potentialAction\":[{\"@type\":\"ReadAction\",\"target\":[\"https:\/\/www.latitude-15.com\/pt-br\/aer-lingus-lanca-voo-direto-dublin-barbados-e-reforca-a-conectividade-transatlantica-com-o-caribe\/\"]}]},{\"@type\":\"BreadcrumbList\",\"@id\":\"https:\/\/www.latitude-15.com\/pt-br\/aer-lingus-lanca-voo-direto-dublin-barbados-e-reforca-a-conectividade-transatlantica-com-o-caribe\/#breadcrumb\",\"itemListElement\":[{\"@type\":\"ListItem\",\"position\":1,\"name\":\"Home\",\"item\":\"https:\/\/www.latitude-15.com\/pt-br\/inicio\/\"},{\"@type\":\"ListItem\",\"position\":2,\"name\":\"Aer Lingus lan\u00e7a voo direto Dublin\u2013Barbados e refor\u00e7a a conectividade transatl\u00e2ntica com o Caribe\"}]},{\"@type\":\"WebSite\",\"@id\":\"https:\/\/www.latitude-15.com\/pt-br\/#website\",\"url\":\"https:\/\/www.latitude-15.com\/pt-br\/\",\"name\":\"LATITUDE 15\",\"description\":\"Aviation and maritime Magazine - Caribbean &amp; Latin America\",\"publisher\":{\"@id\":\"https:\/\/www.latitude-15.com\/pt-br\/#organization\"},\"potentialAction\":[{\"@type\":\"SearchAction\",\"target\":{\"@type\":\"EntryPoint\",\"urlTemplate\":\"https:\/\/www.latitude-15.com\/pt-br\/?s={search_term_string}\"},\"query-input\":{\"@type\":\"PropertyValueSpecification\",\"valueRequired\":true,\"valueName\":\"search_term_string\"}}],\"inLanguage\":\"pt-BR\"},{\"@type\":\"Organization\",\"@id\":\"https:\/\/www.latitude-15.com\/pt-br\/#organization\",\"name\":\"LATITUDE 15\",\"url\":\"https:\/\/www.latitude-15.com\/pt-br\/\",\"logo\":{\"@type\":\"ImageObject\",\"inLanguage\":\"pt-BR\",\"@id\":\"https:\/\/www.latitude-15.com\/pt-br\/#\/schema\/logo\/image\/\",\"url\":\"https:\/\/www.latitude-15.com\/wp-content\/uploads\/2026\/01\/cropped-logox500px.png\",\"contentUrl\":\"https:\/\/www.latitude-15.com\/wp-content\/uploads\/2026\/01\/cropped-logox500px.png\",\"width\":62,\"height\":75,\"caption\":\"LATITUDE 15\"},\"image\":{\"@id\":\"https:\/\/www.latitude-15.com\/pt-br\/#\/schema\/logo\/image\/\"}},{\"@type\":\"Person\",\"@id\":\"https:\/\/www.latitude-15.com\/pt-br\/#\/schema\/person\/dac52e7ff44c78317f337da112e37252\",\"name\":\"Joda J\",\"image\":{\"@type\":\"ImageObject\",\"inLanguage\":\"pt-BR\",\"@id\":\"https:\/\/www.latitude-15.com\/pt-br\/#\/schema\/person\/image\/\",\"url\":\"https:\/\/secure.gravatar.com\/avatar\/6b1feae555e15404b76616f92d931d12b25ac58024f14ccb43d9d3c012e4c4cf?s=96&d=mm&r=g\",\"contentUrl\":\"https:\/\/secure.gravatar.com\/avatar\/6b1feae555e15404b76616f92d931d12b25ac58024f14ccb43d9d3c012e4c4cf?s=96&d=mm&r=g\",\"caption\":\"Joda J\"},\"url\":\"https:\/\/www.latitude-15.com\/pt-br\/author\/joda\/\"}]}<\/script>\n<!-- \/ Yoast SEO plugin. -->","yoast_head_json":{"title":"Aer Lingus lan\u00e7a voo direto Dublin\u2013Barbados e refor\u00e7a a conectividade transatl\u00e2ntica com o Caribe - LATITUDE 15","robots":{"index":"index","follow":"follow","max-snippet":"max-snippet:-1","max-image-preview":"max-image-preview:large","max-video-preview":"max-video-preview:-1"},"canonical":"https:\/\/www.latitude-15.com\/pt-br\/aer-lingus-lanca-voo-direto-dublin-barbados-e-reforca-a-conectividade-transatlantica-com-o-caribe\/","og_locale":"pt_BR","og_type":"article","og_title":"Aer Lingus lan\u00e7a voo direto Dublin\u2013Barbados e refor\u00e7a a conectividade transatl\u00e2ntica com o Caribe - LATITUDE 15","og_description":"A Aer Lingus iniciar\u00e1 na primavera de 2026 uma nova rota direta entre Dublin e Bridgetown, representando um avan\u00e7o relevante na conectividade a\u00e9rea entre a Europa e o Caribe. Operando de 31 de mar\u00e7o a 31 de maio de 2026, com tr\u00eas frequ\u00eancias semanais, o servi\u00e7o ser\u00e1 o primeiro voo sem escalas entre a Irlanda [&hellip;]","og_url":"https:\/\/www.latitude-15.com\/pt-br\/aer-lingus-lanca-voo-direto-dublin-barbados-e-reforca-a-conectividade-transatlantica-com-o-caribe\/","og_site_name":"LATITUDE 15","article_published_time":"2026-02-17T14:50:45+00:00","article_modified_time":"2026-02-23T14:06:31+00:00","og_image":[{"width":730,"height":486,"url":"https:\/\/www.latitude-15.com\/wp-content\/uploads\/2026\/02\/aerlingus_065d20213728b_thumb.jpg","type":"image\/jpeg"}],"author":"Joda J","twitter_card":"summary_large_image","twitter_misc":{"Escrito por":"Joda J","Est. tempo de leitura":"3 minutos"},"schema":{"@context":"https:\/\/schema.org","@graph":[{"@type":"Article","@id":"https:\/\/www.latitude-15.com\/pt-br\/aer-lingus-lanca-voo-direto-dublin-barbados-e-reforca-a-conectividade-transatlantica-com-o-caribe\/#article","isPartOf":{"@id":"https:\/\/www.latitude-15.com\/pt-br\/aer-lingus-lanca-voo-direto-dublin-barbados-e-reforca-a-conectividade-transatlantica-com-o-caribe\/"},"author":{"name":"Joda J","@id":"https:\/\/www.latitude-15.com\/pt-br\/#\/schema\/person\/dac52e7ff44c78317f337da112e37252"},"headline":"Aer Lingus lan\u00e7a voo direto Dublin\u2013Barbados e refor\u00e7a a conectividade transatl\u00e2ntica com o Caribe","datePublished":"2026-02-17T14:50:45+00:00","dateModified":"2026-02-23T14:06:31+00:00","mainEntityOfPage":{"@id":"https:\/\/www.latitude-15.com\/pt-br\/aer-lingus-lanca-voo-direto-dublin-barbados-e-reforca-a-conectividade-transatlantica-com-o-caribe\/"},"wordCount":685,"commentCount":0,"publisher":{"@id":"https:\/\/www.latitude-15.com\/pt-br\/#organization"},"articleSection":["AVIA\u00c7\u00c3O","Conectividade a\u00e9rea e Atratividade territorial"],"inLanguage":"pt-BR","potentialAction":[{"@type":"CommentAction","name":"Comment","target":["https:\/\/www.latitude-15.com\/pt-br\/aer-lingus-lanca-voo-direto-dublin-barbados-e-reforca-a-conectividade-transatlantica-com-o-caribe\/#respond"]}]},{"@type":"WebPage","@id":"https:\/\/www.latitude-15.com\/pt-br\/aer-lingus-lanca-voo-direto-dublin-barbados-e-reforca-a-conectividade-transatlantica-com-o-caribe\/","url":"https:\/\/www.latitude-15.com\/pt-br\/aer-lingus-lanca-voo-direto-dublin-barbados-e-reforca-a-conectividade-transatlantica-com-o-caribe\/","name":"Aer Lingus lan\u00e7a voo direto Dublin\u2013Barbados e refor\u00e7a a conectividade transatl\u00e2ntica com o Caribe - LATITUDE 15","isPartOf":{"@id":"https:\/\/www.latitude-15.com\/pt-br\/#website"},"datePublished":"2026-02-17T14:50:45+00:00","dateModified":"2026-02-23T14:06:31+00:00","breadcrumb":{"@id":"https:\/\/www.latitude-15.com\/pt-br\/aer-lingus-lanca-voo-direto-dublin-barbados-e-reforca-a-conectividade-transatlantica-com-o-caribe\/#breadcrumb"},"inLanguage":"pt-BR","potentialAction":[{"@type":"ReadAction","target":["https:\/\/www.latitude-15.com\/pt-br\/aer-lingus-lanca-voo-direto-dublin-barbados-e-reforca-a-conectividade-transatlantica-com-o-caribe\/"]}]},{"@type":"BreadcrumbList","@id":"https:\/\/www.latitude-15.com\/pt-br\/aer-lingus-lanca-voo-direto-dublin-barbados-e-reforca-a-conectividade-transatlantica-com-o-caribe\/#breadcrumb","itemListElement":[{"@type":"ListItem","position":1,"name":"Home","item":"https:\/\/www.latitude-15.com\/pt-br\/inicio\/"},{"@type":"ListItem","position":2,"name":"Aer Lingus lan\u00e7a voo direto Dublin\u2013Barbados e refor\u00e7a a conectividade transatl\u00e2ntica com o Caribe"}]},{"@type":"WebSite","@id":"https:\/\/www.latitude-15.com\/pt-br\/#website","url":"https:\/\/www.latitude-15.com\/pt-br\/","name":"LATITUDE 15","description":"Aviation and maritime Magazine - Caribbean &amp; Latin America","publisher":{"@id":"https:\/\/www.latitude-15.com\/pt-br\/#organization"},"potentialAction":[{"@type":"SearchAction","target":{"@type":"EntryPoint","urlTemplate":"https:\/\/www.latitude-15.com\/pt-br\/?s={search_term_string}"},"query-input":{"@type":"PropertyValueSpecification","valueRequired":true,"valueName":"search_term_string"}}],"inLanguage":"pt-BR"},{"@type":"Organization","@id":"https:\/\/www.latitude-15.com\/pt-br\/#organization","name":"LATITUDE 15","url":"https:\/\/www.latitude-15.com\/pt-br\/","logo":{"@type":"ImageObject","inLanguage":"pt-BR","@id":"https:\/\/www.latitude-15.com\/pt-br\/#\/schema\/logo\/image\/","url":"https:\/\/www.latitude-15.com\/wp-content\/uploads\/2026\/01\/cropped-logox500px.png","contentUrl":"https:\/\/www.latitude-15.com\/wp-content\/uploads\/2026\/01\/cropped-logox500px.png","width":62,"height":75,"caption":"LATITUDE 15"},"image":{"@id":"https:\/\/www.latitude-15.com\/pt-br\/#\/schema\/logo\/image\/"}},{"@type":"Person","@id":"https:\/\/www.latitude-15.com\/pt-br\/#\/schema\/person\/dac52e7ff44c78317f337da112e37252","name":"Joda J","image":{"@type":"ImageObject","inLanguage":"pt-BR","@id":"https:\/\/www.latitude-15.com\/pt-br\/#\/schema\/person\/image\/","url":"https:\/\/secure.gravatar.com\/avatar\/6b1feae555e15404b76616f92d931d12b25ac58024f14ccb43d9d3c012e4c4cf?s=96&d=mm&r=g","contentUrl":"https:\/\/secure.gravatar.com\/avatar\/6b1feae555e15404b76616f92d931d12b25ac58024f14ccb43d9d3c012e4c4cf?s=96&d=mm&r=g","caption":"Joda J"},"url":"https:\/\/www.latitude-15.com\/pt-br\/author\/joda\/"}]}},"_links":{"self":[{"href":"https:\/\/www.latitude-15.com\/pt-br\/wp-json\/wp\/v2\/posts\/20850","targetHints":{"allow":["GET"]}}],"collection":[{"href":"https:\/\/www.latitude-15.com\/pt-br\/wp-json\/wp\/v2\/posts"}],"about":[{"href":"https:\/\/www.latitude-15.com\/pt-br\/wp-json\/wp\/v2\/types\/post"}],"author":[{"embeddable":true,"href":"https:\/\/www.latitude-15.com\/pt-br\/wp-json\/wp\/v2\/users\/5"}],"replies":[{"embeddable":true,"href":"https:\/\/www.latitude-15.com\/pt-br\/wp-json\/wp\/v2\/comments?post=20850"}],"version-history":[{"count":1,"href":"https:\/\/www.latitude-15.com\/pt-br\/wp-json\/wp\/v2\/posts\/20850\/revisions"}],"predecessor-version":[{"id":20851,"href":"https:\/\/www.latitude-15.com\/pt-br\/wp-json\/wp\/v2\/posts\/20850\/revisions\/20851"}],"wp:attachment":[{"href":"https:\/\/www.latitude-15.com\/pt-br\/wp-json\/wp\/v2\/media?parent=20850"}],"wp:term":[{"taxonomy":"category","embeddable":true,"href":"https:\/\/www.latitude-15.com\/pt-br\/wp-json\/wp\/v2\/categories?post=20850"},{"taxonomy":"post_tag","embeddable":true,"href":"https:\/\/www.latitude-15.com\/pt-br\/wp-json\/wp\/v2\/tags?post=20850"}],"curies":[{"name":"wp","href":"https:\/\/api.w.org\/{rel}","templated":true}]}}