{"id":20834,"date":"2026-02-20T12:34:50","date_gmt":"2026-02-20T16:34:50","guid":{"rendered":"https:\/\/www.latitude-15.com\/transbordo-cresce-13-enquanto-o-porto-da-guadeloupe-reforca-sua-integracao-regional\/"},"modified":"2026-02-23T02:53:48","modified_gmt":"2026-02-23T06:53:48","slug":"transbordo-cresce-13-enquanto-o-porto-da-guadeloupe-reforca-sua-integracao-regional","status":"publish","type":"post","link":"https:\/\/www.latitude-15.com\/pt-br\/transbordo-cresce-13-enquanto-o-porto-da-guadeloupe-reforca-sua-integracao-regional\/","title":{"rendered":"Transbordo cresce 13% enquanto o Porto da Guadeloupe refor\u00e7a sua integra\u00e7\u00e3o regional<br><br>"},"content":{"rendered":"\n<p>O Grand Port Maritime de Guadeloupe (GPMG) encerrou 2025 com volumes amplamente est\u00e1veis. No entanto, por tr\u00e1s dessa aparente continuidade, sinais estruturais indicam que o porto est\u00e1 se preparando para um reposicionamento regional mais profundo.<\/p>\n\n<p>De acordo com dados oficiais divulgados pela autoridade portu\u00e1ria, a movimenta\u00e7\u00e3o total de cargas atingiu 3,4 milh\u00f5es de toneladas, alta de 2% em rela\u00e7\u00e3o ao ano anterior. O n\u00famero de escalas comerciais aumentou 6%, totalizando 1.117 chamadas de navios. A movimenta\u00e7\u00e3o de cont\u00eaineres alcan\u00e7ou 207.000 TEUs, tamb\u00e9m com crescimento de 2%. Destaca-se ainda o avan\u00e7o de 13% no volume de transbordo, que chegou a 40.000 TEUs \u2014 um indicador relevante dentro do contexto caribenho.  <\/p>\n\n<h2 class=\"wp-block-heading\">Tonelagem est\u00e1vel, sinais estrat\u00e9gicos mais sutis<\/h2>\n\n<p>\u00c0 primeira vista, 2025 se assemelha a 2024. A movimenta\u00e7\u00e3o total permanece modesta em compara\u00e7\u00e3o regional, mas est\u00e1vel. Em um ambiente caribenho altamente competitivo, estabilidade n\u00e3o deve ser subestimada.  <\/p>\n\n<p>O crescimento de 13% no transbordo sugere maior integra\u00e7\u00e3o \u00e0s redes mar\u00edtimas regionais. Embora a Guadeloupe n\u00e3o esteja posicionada como hub principal como Kingston ou Caucedo, o aumento no transbordo indica que as companhias mar\u00edtimas est\u00e3o incorporando o porto com maior frequ\u00eancia em suas estrat\u00e9gias de roteiriza\u00e7\u00e3o regional. <\/p>\n\n<p>A carga conteinerizada representa 48% do tr\u00e1fego total, enquanto gran\u00e9is l\u00edquidos correspondem a 23% e gran\u00e9is s\u00f3lidos a 22%. Essa estrutura equilibrada oferece resili\u00eancia operacional, mas tamb\u00e9m evidencia a depend\u00eancia do porto em rela\u00e7\u00e3o aos fluxos de importa\u00e7\u00e3o. <\/p>\n\n<h2 class=\"wp-block-heading\">A alta dos materiais de constru\u00e7\u00e3o sinaliza dinamismo econ\u00f4mico interno<\/h2>\n\n<p>Um dos desenvolvimentos mais relevantes de 2025 foi o forte aumento das importa\u00e7\u00f5es ligadas ao setor da constru\u00e7\u00e3o. Produtos relacionados \u00e0 constru\u00e7\u00e3o alcan\u00e7aram 511.000 toneladas, representando expressivo crescimento de 53% em compara\u00e7\u00e3o ao ano anterior. <\/p>\n\n<p>Os agregados responderam por 68% desse segmento, enquanto o cl\u00ednquer representou 29%. Essa acelera\u00e7\u00e3o sugere continuidade ou retomada de investimentos em infraestrutura e constru\u00e7\u00e3o no arquip\u00e9lago, posicionando o porto como um indicador direto da atividade econ\u00f4mica dom\u00e9stica. <\/p>\n\n<p>Em contraste, os produtos energ\u00e9ticos apresentaram retra\u00e7\u00e3o significativa. A movimenta\u00e7\u00e3o desse segmento caiu 22%, totalizando 357.000 toneladas, refletindo poss\u00edveis ajustes de estoque, efeitos da transi\u00e7\u00e3o energ\u00e9tica ou normaliza\u00e7\u00e3o da demanda ap\u00f3s per\u00edodos de volatilidade. <\/p>\n\n<p>Os produtos agr\u00edcolas permaneceram relativamente est\u00e1veis, com crescimento moderado de 4%.<\/p>\n\n<h2 class=\"wp-block-heading\">Terminal de Jarry: expans\u00e3o de capacidade e moderniza\u00e7\u00e3o operacional<\/h2>\n\n<p>A moderniza\u00e7\u00e3o da infraestrutura permanece central na estrat\u00e9gia do porto.<\/p>\n\n<p>Em julho de 2025, o terminal de Jarry, em Baie-Mahault, recebeu tr\u00eas novos guindastes de cais (gantry cranes), projetados para operar embarca\u00e7\u00f5es de maior porte e elevar a efici\u00eancia operacional. Esses investimentos buscam densificar a armazenagem no p\u00e1tio, otimizar fluxos log\u00edsticos e adaptar o porto a um cen\u00e1rio global dominado por navios de maior capacidade. <\/p>\n\n<p>A autoridade portu\u00e1ria tamb\u00e9m confirmou a continuidade das obras previstas no plano estrat\u00e9gico 2024\u20132028, incluindo a extens\u00e3o do cais 12 (com conclus\u00e3o prevista para 2027) e a finaliza\u00e7\u00e3o do desenvolvimento da \u00e1rea de Jarry Sul em 2026.<\/p>\n\n<p>No total, aproximadamente \u20ac230 milh\u00f5es em investimentos est\u00e3o planejados ao longo do per\u00edodo estrat\u00e9gico.<\/p>\n\n<p>Em entrevista concedida \u00e0 Guadeloupe La 1\u00e8re, o diretor-geral Jean-Pierre Chalus destacou que a moderniza\u00e7\u00e3o da infraestrutura de cais tem como objetivo receber navios com maior calado e boca, assegurando que a Guadeloupe permane\u00e7a atrativa para as \u201cmain shipping lines\u201d.<\/p>\n\n<p>Esse posicionamento sugere uma estrat\u00e9gia ao mesmo tempo defensiva e orientada ao futuro em um ambiente mar\u00edtimo caribenho competitivo.<\/p>\n\n<h2 class=\"wp-block-heading\">Tr\u00e1fego de passageiros: leve retra\u00e7\u00e3o quantitativa, mudan\u00e7a qualitativa<\/h2>\n\n<p>O tr\u00e1fego de passageiros atingiu 1,1 milh\u00e3o em 2025, representando queda de 3%. A atividade de cruzeiros registrou 125 escalas, tamb\u00e9m com recuo de 3%. Contudo, segundo declara\u00e7\u00f5es de Jean-Pierre Chalus \u00e0 RCI Guadeloupe, o mercado est\u00e1 passando por transforma\u00e7\u00e3o estrutural: os navios que escalam na Guadeloupe s\u00e3o maiores e operam com maiores taxas de ocupa\u00e7\u00e3o.  <\/p>\n\n<p>Cerca de 52% do tr\u00e1fego de cruzeiros corresponde a escalas de tr\u00e2nsito, enquanto 48% est\u00e1 associado a opera\u00e7\u00f5es de homeporting. Essa distribui\u00e7\u00e3o revela um posicionamento equilibrado, por\u00e9m sens\u00edvel, dentro do ecossistema regional de cruzeiros. <\/p>\n\n<p>Os servi\u00e7os mar\u00edtimos inter-ilhas apresentaram desempenho mais irregular, com alguns operadores enfrentando dificuldades operacionais que resultaram na redu\u00e7\u00e3o da oferta.<\/p>\n\n<h2 class=\"wp-block-heading\">Seguran\u00e7a e press\u00f5es competitivas<\/h2>\n\n<p>Al\u00e9m dos volumes, a seguran\u00e7a portu\u00e1ria permanece prioridade estrat\u00e9gica. Em declara\u00e7\u00f5es \u00e0 m\u00eddia local, Jean-Pierre Chalus reconheceu o refor\u00e7o das medidas de controle e vigil\u00e2ncia em resposta a preocupa\u00e7\u00f5es relacionadas a tr\u00e1fico il\u00edcito, desenvolvidas em coordena\u00e7\u00e3o com autoridades estatais. <\/p>\n\n<p>No contexto do Caribe, onde as rotas mar\u00edtimas s\u00e3o simultaneamente eixos econ\u00f4micos e corredores sens\u00edveis do ponto de vista da seguran\u00e7a, a capacidade de equilibrar fluidez operacional e controle rigoroso \u00e9 determinante para a competitividade de longo prazo.<\/p>\n\n<h2 class=\"wp-block-heading\">Preparando 2026: consolida\u00e7\u00e3o ou reposicionamento regional?<\/h2>\n\n<p>Os resultados de 2025 revelam um porto est\u00e1vel, mas n\u00e3o est\u00e1tico. Embora os volumes totais permane\u00e7am moderados, o aumento do transbordo, a forte expans\u00e3o dos materiais de constru\u00e7\u00e3o e o volume de investimentos indicam que o Grand Port Maritime de Guadeloupe est\u00e1 se preparando para uma adapta\u00e7\u00e3o estrutural, e n\u00e3o apenas para continuidade operacional. <\/p>\n\n<p>Os pr\u00f3ximos anos determinar\u00e3o se esses investimentos resultar\u00e3o em maior integra\u00e7\u00e3o \u00e0s alian\u00e7as mar\u00edtimas regionais e em competitividade ampliada frente a portos vizinhos do Caribe. Por ora, a mensagem \u00e9 clara: a estabilidade dos volumes encobre uma recalibra\u00e7\u00e3o estrat\u00e9gica em curso. <\/p>\n","protected":false},"excerpt":{"rendered":"<p>O Grand Port Maritime de Guadeloupe (GPMG) encerrou 2025 com volumes amplamente est\u00e1veis. No entanto, por tr\u00e1s dessa aparente continuidade, sinais estruturais indicam que o porto est\u00e1 se preparando para um reposicionamento regional mais profundo. De acordo com dados oficiais divulgados pela autoridade portu\u00e1ria, a movimenta\u00e7\u00e3o total de cargas atingiu 3,4 milh\u00f5es de toneladas, alta [&hellip;]<\/p>\n","protected":false},"author":5,"featured_media":20833,"comment_status":"open","ping_status":"open","sticky":false,"template":"","format":"standard","meta":{"footnotes":""},"categories":[119,137],"tags":[],"class_list":["post-20834","post","type-post","status-publish","format-standard","has-post-thumbnail","hentry","category-maritimo","category-portos-e-logistica"],"yoast_head":"<!-- This site is optimized with the Yoast SEO plugin v26.9 - https:\/\/yoast.com\/product\/yoast-seo-wordpress\/ -->\n<title>Porto da Guadeloupe refor\u00e7a sua integra\u00e7\u00e3o regional<\/title>\n<meta name=\"description\" content=\"O Grand Port Maritime de Guadeloupe encerrou 2025 com volumes amplamente est\u00e1veis, preparando-se para um reposicionamento regional mais profundo.\" \/>\n<meta name=\"robots\" content=\"index, follow, max-snippet:-1, max-image-preview:large, max-video-preview:-1\" \/>\n<link rel=\"canonical\" href=\"https:\/\/www.latitude-15.com\/pt-br\/transbordo-cresce-13-enquanto-o-porto-da-guadeloupe-reforca-sua-integracao-regional\/\" \/>\n<meta property=\"og:locale\" content=\"pt_BR\" \/>\n<meta property=\"og:type\" content=\"article\" \/>\n<meta property=\"og:title\" content=\"Porto da Guadeloupe refor\u00e7a sua integra\u00e7\u00e3o regional\" \/>\n<meta property=\"og:description\" content=\"O Grand Port Maritime de Guadeloupe encerrou 2025 com volumes amplamente est\u00e1veis, preparando-se para um reposicionamento regional mais profundo.\" \/>\n<meta property=\"og:url\" content=\"https:\/\/www.latitude-15.com\/pt-br\/transbordo-cresce-13-enquanto-o-porto-da-guadeloupe-reforca-sua-integracao-regional\/\" \/>\n<meta property=\"og:site_name\" content=\"LATITUDE 15\" \/>\n<meta property=\"article:published_time\" content=\"2026-02-20T16:34:50+00:00\" \/>\n<meta property=\"article:modified_time\" content=\"2026-02-23T06:53:48+00:00\" \/>\n<meta property=\"og:image\" content=\"https:\/\/www.latitude-15.com\/wp-content\/uploads\/2026\/02\/img6253740-1024x621.png\" \/>\n\t<meta property=\"og:image:width\" content=\"1024\" \/>\n\t<meta property=\"og:image:height\" content=\"621\" \/>\n\t<meta property=\"og:image:type\" content=\"image\/png\" \/>\n<meta name=\"author\" content=\"Joda J\" \/>\n<meta name=\"twitter:card\" content=\"summary_large_image\" \/>\n<meta name=\"twitter:label1\" content=\"Escrito por\" \/>\n\t<meta name=\"twitter:data1\" content=\"Joda J\" \/>\n\t<meta name=\"twitter:label2\" content=\"Est. tempo de leitura\" \/>\n\t<meta name=\"twitter:data2\" content=\"5 minutos\" \/>\n<script type=\"application\/ld+json\" class=\"yoast-schema-graph\">{\"@context\":\"https:\/\/schema.org\",\"@graph\":[{\"@type\":\"Article\",\"@id\":\"https:\/\/www.latitude-15.com\/pt-br\/transbordo-cresce-13-enquanto-o-porto-da-guadeloupe-reforca-sua-integracao-regional\/#article\",\"isPartOf\":{\"@id\":\"https:\/\/www.latitude-15.com\/pt-br\/transbordo-cresce-13-enquanto-o-porto-da-guadeloupe-reforca-sua-integracao-regional\/\"},\"author\":{\"name\":\"Joda J\",\"@id\":\"https:\/\/www.latitude-15.com\/pt-br\/#\/schema\/person\/dac52e7ff44c78317f337da112e37252\"},\"headline\":\"Transbordo cresce 13% enquanto o Porto da Guadeloupe refor\u00e7a sua integra\u00e7\u00e3o regional\",\"datePublished\":\"2026-02-20T16:34:50+00:00\",\"dateModified\":\"2026-02-23T06:53:48+00:00\",\"mainEntityOfPage\":{\"@id\":\"https:\/\/www.latitude-15.com\/pt-br\/transbordo-cresce-13-enquanto-o-porto-da-guadeloupe-reforca-sua-integracao-regional\/\"},\"wordCount\":947,\"commentCount\":0,\"publisher\":{\"@id\":\"https:\/\/www.latitude-15.com\/pt-br\/#organization\"},\"image\":{\"@id\":\"https:\/\/www.latitude-15.com\/pt-br\/transbordo-cresce-13-enquanto-o-porto-da-guadeloupe-reforca-sua-integracao-regional\/#primaryimage\"},\"thumbnailUrl\":\"https:\/\/www.latitude-15.com\/wp-content\/uploads\/2026\/02\/img6253740.png\",\"articleSection\":[\"MAR\u00cdTIMO\",\"Portos e log\u00edstica\"],\"inLanguage\":\"pt-BR\",\"potentialAction\":[{\"@type\":\"CommentAction\",\"name\":\"Comment\",\"target\":[\"https:\/\/www.latitude-15.com\/pt-br\/transbordo-cresce-13-enquanto-o-porto-da-guadeloupe-reforca-sua-integracao-regional\/#respond\"]}]},{\"@type\":\"WebPage\",\"@id\":\"https:\/\/www.latitude-15.com\/pt-br\/transbordo-cresce-13-enquanto-o-porto-da-guadeloupe-reforca-sua-integracao-regional\/\",\"url\":\"https:\/\/www.latitude-15.com\/pt-br\/transbordo-cresce-13-enquanto-o-porto-da-guadeloupe-reforca-sua-integracao-regional\/\",\"name\":\"Porto da Guadeloupe refor\u00e7a sua integra\u00e7\u00e3o regional\",\"isPartOf\":{\"@id\":\"https:\/\/www.latitude-15.com\/pt-br\/#website\"},\"primaryImageOfPage\":{\"@id\":\"https:\/\/www.latitude-15.com\/pt-br\/transbordo-cresce-13-enquanto-o-porto-da-guadeloupe-reforca-sua-integracao-regional\/#primaryimage\"},\"image\":{\"@id\":\"https:\/\/www.latitude-15.com\/pt-br\/transbordo-cresce-13-enquanto-o-porto-da-guadeloupe-reforca-sua-integracao-regional\/#primaryimage\"},\"thumbnailUrl\":\"https:\/\/www.latitude-15.com\/wp-content\/uploads\/2026\/02\/img6253740.png\",\"datePublished\":\"2026-02-20T16:34:50+00:00\",\"dateModified\":\"2026-02-23T06:53:48+00:00\",\"description\":\"O Grand Port Maritime de Guadeloupe encerrou 2025 com volumes amplamente est\u00e1veis, preparando-se para um reposicionamento regional mais profundo.\",\"breadcrumb\":{\"@id\":\"https:\/\/www.latitude-15.com\/pt-br\/transbordo-cresce-13-enquanto-o-porto-da-guadeloupe-reforca-sua-integracao-regional\/#breadcrumb\"},\"inLanguage\":\"pt-BR\",\"potentialAction\":[{\"@type\":\"ReadAction\",\"target\":[\"https:\/\/www.latitude-15.com\/pt-br\/transbordo-cresce-13-enquanto-o-porto-da-guadeloupe-reforca-sua-integracao-regional\/\"]}]},{\"@type\":\"ImageObject\",\"inLanguage\":\"pt-BR\",\"@id\":\"https:\/\/www.latitude-15.com\/pt-br\/transbordo-cresce-13-enquanto-o-porto-da-guadeloupe-reforca-sua-integracao-regional\/#primaryimage\",\"url\":\"https:\/\/www.latitude-15.com\/wp-content\/uploads\/2026\/02\/img6253740.png\",\"contentUrl\":\"https:\/\/www.latitude-15.com\/wp-content\/uploads\/2026\/02\/img6253740.png\",\"width\":1462,\"height\":886,\"caption\":\"Port of Jarry\/Baie-Mahault, (c)Port Of Guadeloupe\"},{\"@type\":\"BreadcrumbList\",\"@id\":\"https:\/\/www.latitude-15.com\/pt-br\/transbordo-cresce-13-enquanto-o-porto-da-guadeloupe-reforca-sua-integracao-regional\/#breadcrumb\",\"itemListElement\":[{\"@type\":\"ListItem\",\"position\":1,\"name\":\"Home\",\"item\":\"https:\/\/www.latitude-15.com\/pt-br\/inicio\/\"},{\"@type\":\"ListItem\",\"position\":2,\"name\":\"Transbordo cresce 13% enquanto o Porto da Guadeloupe refor\u00e7a sua integra\u00e7\u00e3o regional\"}]},{\"@type\":\"WebSite\",\"@id\":\"https:\/\/www.latitude-15.com\/pt-br\/#website\",\"url\":\"https:\/\/www.latitude-15.com\/pt-br\/\",\"name\":\"LATITUDE 15\",\"description\":\"Aviation and maritime Magazine - Caribbean &amp; Latin America\",\"publisher\":{\"@id\":\"https:\/\/www.latitude-15.com\/pt-br\/#organization\"},\"potentialAction\":[{\"@type\":\"SearchAction\",\"target\":{\"@type\":\"EntryPoint\",\"urlTemplate\":\"https:\/\/www.latitude-15.com\/pt-br\/?s={search_term_string}\"},\"query-input\":{\"@type\":\"PropertyValueSpecification\",\"valueRequired\":true,\"valueName\":\"search_term_string\"}}],\"inLanguage\":\"pt-BR\"},{\"@type\":\"Organization\",\"@id\":\"https:\/\/www.latitude-15.com\/pt-br\/#organization\",\"name\":\"LATITUDE 15\",\"url\":\"https:\/\/www.latitude-15.com\/pt-br\/\",\"logo\":{\"@type\":\"ImageObject\",\"inLanguage\":\"pt-BR\",\"@id\":\"https:\/\/www.latitude-15.com\/pt-br\/#\/schema\/logo\/image\/\",\"url\":\"https:\/\/www.latitude-15.com\/wp-content\/uploads\/2026\/01\/cropped-logox500px.png\",\"contentUrl\":\"https:\/\/www.latitude-15.com\/wp-content\/uploads\/2026\/01\/cropped-logox500px.png\",\"width\":62,\"height\":75,\"caption\":\"LATITUDE 15\"},\"image\":{\"@id\":\"https:\/\/www.latitude-15.com\/pt-br\/#\/schema\/logo\/image\/\"}},{\"@type\":\"Person\",\"@id\":\"https:\/\/www.latitude-15.com\/pt-br\/#\/schema\/person\/dac52e7ff44c78317f337da112e37252\",\"name\":\"Joda J\",\"image\":{\"@type\":\"ImageObject\",\"inLanguage\":\"pt-BR\",\"@id\":\"https:\/\/www.latitude-15.com\/pt-br\/#\/schema\/person\/image\/\",\"url\":\"https:\/\/secure.gravatar.com\/avatar\/6b1feae555e15404b76616f92d931d12b25ac58024f14ccb43d9d3c012e4c4cf?s=96&d=mm&r=g\",\"contentUrl\":\"https:\/\/secure.gravatar.com\/avatar\/6b1feae555e15404b76616f92d931d12b25ac58024f14ccb43d9d3c012e4c4cf?s=96&d=mm&r=g\",\"caption\":\"Joda J\"},\"url\":\"https:\/\/www.latitude-15.com\/pt-br\/author\/joda\/\"}]}<\/script>\n<!-- \/ Yoast SEO plugin. -->","yoast_head_json":{"title":"Porto da Guadeloupe refor\u00e7a sua integra\u00e7\u00e3o regional","description":"O Grand Port Maritime de Guadeloupe encerrou 2025 com volumes amplamente est\u00e1veis, preparando-se para um reposicionamento regional mais profundo.","robots":{"index":"index","follow":"follow","max-snippet":"max-snippet:-1","max-image-preview":"max-image-preview:large","max-video-preview":"max-video-preview:-1"},"canonical":"https:\/\/www.latitude-15.com\/pt-br\/transbordo-cresce-13-enquanto-o-porto-da-guadeloupe-reforca-sua-integracao-regional\/","og_locale":"pt_BR","og_type":"article","og_title":"Porto da Guadeloupe refor\u00e7a sua integra\u00e7\u00e3o regional","og_description":"O Grand Port Maritime de Guadeloupe encerrou 2025 com volumes amplamente est\u00e1veis, preparando-se para um reposicionamento regional mais profundo.","og_url":"https:\/\/www.latitude-15.com\/pt-br\/transbordo-cresce-13-enquanto-o-porto-da-guadeloupe-reforca-sua-integracao-regional\/","og_site_name":"LATITUDE 15","article_published_time":"2026-02-20T16:34:50+00:00","article_modified_time":"2026-02-23T06:53:48+00:00","og_image":[{"width":1024,"height":621,"url":"https:\/\/www.latitude-15.com\/wp-content\/uploads\/2026\/02\/img6253740-1024x621.png","type":"image\/png"}],"author":"Joda J","twitter_card":"summary_large_image","twitter_misc":{"Escrito por":"Joda J","Est. tempo de leitura":"5 minutos"},"schema":{"@context":"https:\/\/schema.org","@graph":[{"@type":"Article","@id":"https:\/\/www.latitude-15.com\/pt-br\/transbordo-cresce-13-enquanto-o-porto-da-guadeloupe-reforca-sua-integracao-regional\/#article","isPartOf":{"@id":"https:\/\/www.latitude-15.com\/pt-br\/transbordo-cresce-13-enquanto-o-porto-da-guadeloupe-reforca-sua-integracao-regional\/"},"author":{"name":"Joda J","@id":"https:\/\/www.latitude-15.com\/pt-br\/#\/schema\/person\/dac52e7ff44c78317f337da112e37252"},"headline":"Transbordo cresce 13% enquanto o Porto da Guadeloupe refor\u00e7a sua integra\u00e7\u00e3o regional","datePublished":"2026-02-20T16:34:50+00:00","dateModified":"2026-02-23T06:53:48+00:00","mainEntityOfPage":{"@id":"https:\/\/www.latitude-15.com\/pt-br\/transbordo-cresce-13-enquanto-o-porto-da-guadeloupe-reforca-sua-integracao-regional\/"},"wordCount":947,"commentCount":0,"publisher":{"@id":"https:\/\/www.latitude-15.com\/pt-br\/#organization"},"image":{"@id":"https:\/\/www.latitude-15.com\/pt-br\/transbordo-cresce-13-enquanto-o-porto-da-guadeloupe-reforca-sua-integracao-regional\/#primaryimage"},"thumbnailUrl":"https:\/\/www.latitude-15.com\/wp-content\/uploads\/2026\/02\/img6253740.png","articleSection":["MAR\u00cdTIMO","Portos e log\u00edstica"],"inLanguage":"pt-BR","potentialAction":[{"@type":"CommentAction","name":"Comment","target":["https:\/\/www.latitude-15.com\/pt-br\/transbordo-cresce-13-enquanto-o-porto-da-guadeloupe-reforca-sua-integracao-regional\/#respond"]}]},{"@type":"WebPage","@id":"https:\/\/www.latitude-15.com\/pt-br\/transbordo-cresce-13-enquanto-o-porto-da-guadeloupe-reforca-sua-integracao-regional\/","url":"https:\/\/www.latitude-15.com\/pt-br\/transbordo-cresce-13-enquanto-o-porto-da-guadeloupe-reforca-sua-integracao-regional\/","name":"Porto da Guadeloupe refor\u00e7a sua integra\u00e7\u00e3o regional","isPartOf":{"@id":"https:\/\/www.latitude-15.com\/pt-br\/#website"},"primaryImageOfPage":{"@id":"https:\/\/www.latitude-15.com\/pt-br\/transbordo-cresce-13-enquanto-o-porto-da-guadeloupe-reforca-sua-integracao-regional\/#primaryimage"},"image":{"@id":"https:\/\/www.latitude-15.com\/pt-br\/transbordo-cresce-13-enquanto-o-porto-da-guadeloupe-reforca-sua-integracao-regional\/#primaryimage"},"thumbnailUrl":"https:\/\/www.latitude-15.com\/wp-content\/uploads\/2026\/02\/img6253740.png","datePublished":"2026-02-20T16:34:50+00:00","dateModified":"2026-02-23T06:53:48+00:00","description":"O Grand Port Maritime de Guadeloupe encerrou 2025 com volumes amplamente est\u00e1veis, preparando-se para um reposicionamento regional mais profundo.","breadcrumb":{"@id":"https:\/\/www.latitude-15.com\/pt-br\/transbordo-cresce-13-enquanto-o-porto-da-guadeloupe-reforca-sua-integracao-regional\/#breadcrumb"},"inLanguage":"pt-BR","potentialAction":[{"@type":"ReadAction","target":["https:\/\/www.latitude-15.com\/pt-br\/transbordo-cresce-13-enquanto-o-porto-da-guadeloupe-reforca-sua-integracao-regional\/"]}]},{"@type":"ImageObject","inLanguage":"pt-BR","@id":"https:\/\/www.latitude-15.com\/pt-br\/transbordo-cresce-13-enquanto-o-porto-da-guadeloupe-reforca-sua-integracao-regional\/#primaryimage","url":"https:\/\/www.latitude-15.com\/wp-content\/uploads\/2026\/02\/img6253740.png","contentUrl":"https:\/\/www.latitude-15.com\/wp-content\/uploads\/2026\/02\/img6253740.png","width":1462,"height":886,"caption":"Port of Jarry\/Baie-Mahault, (c)Port Of Guadeloupe"},{"@type":"BreadcrumbList","@id":"https:\/\/www.latitude-15.com\/pt-br\/transbordo-cresce-13-enquanto-o-porto-da-guadeloupe-reforca-sua-integracao-regional\/#breadcrumb","itemListElement":[{"@type":"ListItem","position":1,"name":"Home","item":"https:\/\/www.latitude-15.com\/pt-br\/inicio\/"},{"@type":"ListItem","position":2,"name":"Transbordo cresce 13% enquanto o Porto da Guadeloupe refor\u00e7a sua integra\u00e7\u00e3o regional"}]},{"@type":"WebSite","@id":"https:\/\/www.latitude-15.com\/pt-br\/#website","url":"https:\/\/www.latitude-15.com\/pt-br\/","name":"LATITUDE 15","description":"Aviation and maritime Magazine - Caribbean &amp; Latin America","publisher":{"@id":"https:\/\/www.latitude-15.com\/pt-br\/#organization"},"potentialAction":[{"@type":"SearchAction","target":{"@type":"EntryPoint","urlTemplate":"https:\/\/www.latitude-15.com\/pt-br\/?s={search_term_string}"},"query-input":{"@type":"PropertyValueSpecification","valueRequired":true,"valueName":"search_term_string"}}],"inLanguage":"pt-BR"},{"@type":"Organization","@id":"https:\/\/www.latitude-15.com\/pt-br\/#organization","name":"LATITUDE 15","url":"https:\/\/www.latitude-15.com\/pt-br\/","logo":{"@type":"ImageObject","inLanguage":"pt-BR","@id":"https:\/\/www.latitude-15.com\/pt-br\/#\/schema\/logo\/image\/","url":"https:\/\/www.latitude-15.com\/wp-content\/uploads\/2026\/01\/cropped-logox500px.png","contentUrl":"https:\/\/www.latitude-15.com\/wp-content\/uploads\/2026\/01\/cropped-logox500px.png","width":62,"height":75,"caption":"LATITUDE 15"},"image":{"@id":"https:\/\/www.latitude-15.com\/pt-br\/#\/schema\/logo\/image\/"}},{"@type":"Person","@id":"https:\/\/www.latitude-15.com\/pt-br\/#\/schema\/person\/dac52e7ff44c78317f337da112e37252","name":"Joda J","image":{"@type":"ImageObject","inLanguage":"pt-BR","@id":"https:\/\/www.latitude-15.com\/pt-br\/#\/schema\/person\/image\/","url":"https:\/\/secure.gravatar.com\/avatar\/6b1feae555e15404b76616f92d931d12b25ac58024f14ccb43d9d3c012e4c4cf?s=96&d=mm&r=g","contentUrl":"https:\/\/secure.gravatar.com\/avatar\/6b1feae555e15404b76616f92d931d12b25ac58024f14ccb43d9d3c012e4c4cf?s=96&d=mm&r=g","caption":"Joda J"},"url":"https:\/\/www.latitude-15.com\/pt-br\/author\/joda\/"}]}},"_links":{"self":[{"href":"https:\/\/www.latitude-15.com\/pt-br\/wp-json\/wp\/v2\/posts\/20834","targetHints":{"allow":["GET"]}}],"collection":[{"href":"https:\/\/www.latitude-15.com\/pt-br\/wp-json\/wp\/v2\/posts"}],"about":[{"href":"https:\/\/www.latitude-15.com\/pt-br\/wp-json\/wp\/v2\/types\/post"}],"author":[{"embeddable":true,"href":"https:\/\/www.latitude-15.com\/pt-br\/wp-json\/wp\/v2\/users\/5"}],"replies":[{"embeddable":true,"href":"https:\/\/www.latitude-15.com\/pt-br\/wp-json\/wp\/v2\/comments?post=20834"}],"version-history":[{"count":1,"href":"https:\/\/www.latitude-15.com\/pt-br\/wp-json\/wp\/v2\/posts\/20834\/revisions"}],"predecessor-version":[{"id":20835,"href":"https:\/\/www.latitude-15.com\/pt-br\/wp-json\/wp\/v2\/posts\/20834\/revisions\/20835"}],"wp:featuredmedia":[{"embeddable":true,"href":"https:\/\/www.latitude-15.com\/pt-br\/wp-json\/wp\/v2\/media\/20833"}],"wp:attachment":[{"href":"https:\/\/www.latitude-15.com\/pt-br\/wp-json\/wp\/v2\/media?parent=20834"}],"wp:term":[{"taxonomy":"category","embeddable":true,"href":"https:\/\/www.latitude-15.com\/pt-br\/wp-json\/wp\/v2\/categories?post=20834"},{"taxonomy":"post_tag","embeddable":true,"href":"https:\/\/www.latitude-15.com\/pt-br\/wp-json\/wp\/v2\/tags?post=20834"}],"curies":[{"name":"wp","href":"https:\/\/api.w.org\/{rel}","templated":true}]}}