{"id":20814,"date":"2026-02-19T11:45:51","date_gmt":"2026-02-19T15:45:51","guid":{"rendered":"https:\/\/www.latitude-15.com\/puerto-quetzal-na-guatemala-reforca-sua-escala-operacional-em-2025-apesar-da-reducao-no-numero-de-escalas\/"},"modified":"2026-02-19T23:20:25","modified_gmt":"2026-02-20T03:20:25","slug":"puerto-quetzal-na-guatemala-reforca-sua-escala-operacional-em-2025-apesar-da-reducao-no-numero-de-escalas","status":"publish","type":"post","link":"https:\/\/www.latitude-15.com\/pt-br\/puerto-quetzal-na-guatemala-reforca-sua-escala-operacional-em-2025-apesar-da-reducao-no-numero-de-escalas\/","title":{"rendered":"Puerto Quetzal, na Guatemala, refor\u00e7a sua escala operacional em 2025 apesar da redu\u00e7\u00e3o no n\u00famero de escalas"},"content":{"rendered":"\n<p>Os dados mais recentes de Puerto Quetzal v\u00e3o al\u00e9m de um simples comparativo anual. Eles revelam um porto em processo consistente de reposicionamento \u2014 operando volumes mais elevados, fortalecendo seu perfil conteinerizado e aprimorando a efici\u00eancia operacional em um ambiente mar\u00edtimo cada vez mais orientado por capacidade. <\/p>\n\n<p>At\u00e9 outubro de 2025, a Empresa Portuaria Quetzal (EPQ) registrou movimenta\u00e7\u00e3o total de 16,64 milh\u00f5es de toneladas m\u00e9tricas, incluindo opera\u00e7\u00f5es em boias offshore. Excluindo essas opera\u00e7\u00f5es, a movimenta\u00e7\u00e3o principal do porto totaliza 13,97 milh\u00f5es de toneladas, confirmando a solidez da base operacional. Os n\u00fameros indicam continuidade, n\u00e3o volatilidade. O que come\u00e7ou como uma recupera\u00e7\u00e3o p\u00f3s-pandemia evoluiu para uma consolida\u00e7\u00e3o estrutural.   <\/p>\n\n<h2 class=\"wp-block-heading\">Uma base operacional sustentada<\/h2>\n\n<p>O ano de 2024 marcou um recorde hist\u00f3rico para o porto, com 19,15 milh\u00f5es de toneladas movimentadas e 716.640 TEUs processados \u2014 o maior volume j\u00e1 registrado. Os dados parciais de 2025 indicam que a atividade permanece em patamar elevado. <\/p>\n\n<p>At\u00e9 outubro, a movimenta\u00e7\u00e3o de cont\u00eaineres j\u00e1 alcan\u00e7ava 590.376 TEUs, mantendo forte din\u00e2mica nos corredores comerciais do Pac\u00edfico. Os volumes de exporta\u00e7\u00e3o, que haviam recuado significativamente em 2023 e permaneceram moderados em 2024, tamb\u00e9m demonstram renovado dinamismo. Com 1,93 milh\u00e3o de toneladas at\u00e9 outubro, as exporta\u00e7\u00f5es se aproximam do total anual do ano anterior, sugerindo possibilidade de recupera\u00e7\u00e3o relevante at\u00e9 o encerramento do exerc\u00edcio.  <\/p>\n\n<p>Independentemente de 2025 superar ou n\u00e3o o recorde de 2024, o ponto central \u00e9 outro: Puerto Quetzal parece operar agora em um ciclo estruturalmente mais elevado de volumes.<\/p>\n\n<h2 class=\"wp-block-heading\">Crescimento de volume sem aumento de tr\u00e1fego<\/h2>\n\n<p>A transforma\u00e7\u00e3o mais significativa n\u00e3o est\u00e1 apenas no volume total, mas na forma como ele \u00e9 absorvido. Em 2024, mesmo com recordes hist\u00f3ricos de tonelagem e TEUs, o n\u00famero total de escalas de navios caiu 7%, tanto considerando quanto desconsiderando opera\u00e7\u00f5es em boias. Essa diverg\u00eancia \u00e9 estrat\u00e9gica.  <\/p>\n\n<p>Ela reflete a utiliza\u00e7\u00e3o de embarca\u00e7\u00f5es de maior porte, maior densidade de carga por escala e ganhos de produtividade nos ber\u00e7os. Em vez de depender do aumento da frequ\u00eancia de navios, o porto est\u00e1 integrado a rota\u00e7\u00f5es mar\u00edtimas mais consolidadas \u2014 padr\u00e3o alinhado \u00e0s din\u00e2micas atuais do transporte mar\u00edtimo no Pac\u00edfico. Em termos operacionais, escala passa a ser mais determinante do que frequ\u00eancia.  <\/p>\n\n<h2 class=\"wp-block-heading\">A conteineriza\u00e7\u00e3o redefine o perfil operacional<\/h2>\n\n<p>A conteineriza\u00e7\u00e3o ocupa posi\u00e7\u00e3o central na evolu\u00e7\u00e3o de Puerto Quetzal. Entre 2019 e 2024, os volumes conteinerizados da EPQ passaram de 178.917 para 301.042 unidades \u2014 expans\u00e3o pr\u00f3xima de 70% em cinco anos. O terminal especializado TPEC tamb\u00e9m registrou desempenho recorde em 2024, com 415.598 unidades movimentadas, consolidando seu papel como ativo estrat\u00e9gico dentro do ecossistema portu\u00e1rio.  <\/p>\n\n<p>Esse crescimento sustentado evidencia maior integra\u00e7\u00e3o \u00e0s cadeias log\u00edsticas regionais e transpacificas. Tamb\u00e9m sinaliza uma transi\u00e7\u00e3o gradual de um modelo tradicionalmente apoiado em exporta\u00e7\u00f5es de gran\u00e9is. A trajet\u00f3ria de 2025 confirma que a atividade conteinerizada deixou de ser c\u00edclica para se tornar um motor estrutural de crescimento.  <\/p>\n\n<h2 class=\"wp-block-heading\">Mudan\u00e7a na composi\u00e7\u00e3o do com\u00e9rcio<\/h2>\n\n<p>Ao mesmo tempo, a composi\u00e7\u00e3o dos fluxos comerciais est\u00e1 em transforma\u00e7\u00e3o. O recorde de movimenta\u00e7\u00e3o alcan\u00e7ado em 2024 n\u00e3o foi impulsionado pela expans\u00e3o das exporta\u00e7\u00f5es. Elas haviam recuado fortemente em 2023 e se estabilizado em 2024, mesmo com o aumento do volume total. A recupera\u00e7\u00e3o observada em 2025 sugere reequil\u00edbrio, mas o crescimento recente foi claramente impulsionado por importa\u00e7\u00f5es e fluxos conteinerizados.   <\/p>\n\n<p>Esse padr\u00e3o est\u00e1 alinhado com mudan\u00e7as mais amplas na demanda dom\u00e9stica e na reorganiza\u00e7\u00e3o das cadeias de suprimento. Tamb\u00e9m traz implica\u00e7\u00f5es operacionais, influenciando estrat\u00e9gias de aloca\u00e7\u00e3o de ber\u00e7os, gest\u00e3o de p\u00e1tios e planejamento de infraestrutura no longo prazo. O desempenho de Puerto Quetzal reflete, portanto, n\u00e3o apenas maior volume, mas uma redefini\u00e7\u00e3o do mix comercial.  <\/p>\n\n<h2 class=\"wp-block-heading\">Um porto em novo patamar estrutural<\/h2>\n\n<p>No conjunto, os dados indicam que o porto deixou de ser definido por uma din\u00e2mica de recupera\u00e7\u00e3o. Ele consolida agora um novo n\u00edvel operacional. <\/p>\n\n<p>Puerto Quetzal mant\u00e9m volumes elevados, aprofunda seu perfil conteinerizado e fortalece a produtividade operacional \u2014 tudo isso com menos escalas do que em anos anteriores.<\/p>\n\n<p>Para a Guatemala, isso refor\u00e7a a posi\u00e7\u00e3o do porto dentro do corredor pac\u00edfico da Am\u00e9rica Central, especialmente em um cen\u00e1rio no qual as redes mar\u00edtimas priorizam capacidade e efici\u00eancia. Se as tend\u00eancias atuais persistirem at\u00e9 o fim de 2025, Puerto Quetzal n\u00e3o estar\u00e1 apenas crescendo. Estar\u00e1 operando em um patamar estruturalmente superior \u2014 definido menos pela intensidade do tr\u00e1fego e mais por escala, produtividade e integra\u00e7\u00e3o log\u00edstica.  <\/p>\n","protected":false},"excerpt":{"rendered":"<p>Os dados mais recentes de Puerto Quetzal v\u00e3o al\u00e9m de um simples comparativo anual. Eles revelam um porto em processo consistente de reposicionamento \u2014 operando volumes mais elevados, fortalecendo seu perfil conteinerizado e aprimorando a efici\u00eancia operacional em um ambiente mar\u00edtimo cada vez mais orientado por capacidade. At\u00e9 outubro de 2025, a Empresa Portuaria Quetzal [&hellip;]<\/p>\n","protected":false},"author":5,"featured_media":20813,"comment_status":"open","ping_status":"open","sticky":false,"template":"","format":"standard","meta":{"footnotes":""},"categories":[119,137],"tags":[],"class_list":["post-20814","post","type-post","status-publish","format-standard","has-post-thumbnail","hentry","category-maritimo","category-portos-e-logistica"],"yoast_head":"<!-- This site is optimized with the Yoast SEO plugin v26.9 - https:\/\/yoast.com\/product\/yoast-seo-wordpress\/ -->\n<title>Puerto Quetzal, na Guatemala, refor\u00e7a sua escala operacional em 2025 apesar da redu\u00e7\u00e3o no n\u00famero de escalas - LATITUDE 15<\/title>\n<meta name=\"robots\" content=\"index, follow, max-snippet:-1, max-image-preview:large, max-video-preview:-1\" \/>\n<link rel=\"canonical\" href=\"https:\/\/www.latitude-15.com\/pt-br\/puerto-quetzal-na-guatemala-reforca-sua-escala-operacional-em-2025-apesar-da-reducao-no-numero-de-escalas\/\" \/>\n<meta property=\"og:locale\" content=\"pt_BR\" \/>\n<meta property=\"og:type\" content=\"article\" \/>\n<meta property=\"og:title\" content=\"Puerto Quetzal, na Guatemala, refor\u00e7a sua escala operacional em 2025 apesar da redu\u00e7\u00e3o no n\u00famero de escalas - LATITUDE 15\" \/>\n<meta property=\"og:description\" content=\"Os dados mais recentes de Puerto Quetzal v\u00e3o al\u00e9m de um simples comparativo anual. Eles revelam um porto em processo consistente de reposicionamento \u2014 operando volumes mais elevados, fortalecendo seu perfil conteinerizado e aprimorando a efici\u00eancia operacional em um ambiente mar\u00edtimo cada vez mais orientado por capacidade. At\u00e9 outubro de 2025, a Empresa Portuaria Quetzal [&hellip;]\" \/>\n<meta property=\"og:url\" content=\"https:\/\/www.latitude-15.com\/pt-br\/puerto-quetzal-na-guatemala-reforca-sua-escala-operacional-em-2025-apesar-da-reducao-no-numero-de-escalas\/\" \/>\n<meta property=\"og:site_name\" content=\"LATITUDE 15\" \/>\n<meta property=\"article:published_time\" content=\"2026-02-19T15:45:51+00:00\" \/>\n<meta property=\"article:modified_time\" content=\"2026-02-20T03:20:25+00:00\" \/>\n<meta property=\"og:image\" content=\"https:\/\/www.latitude-15.com\/wp-content\/uploads\/2026\/02\/img6736123.png\" \/>\n\t<meta property=\"og:image:width\" content=\"929\" \/>\n\t<meta property=\"og:image:height\" content=\"421\" \/>\n\t<meta property=\"og:image:type\" content=\"image\/png\" \/>\n<meta name=\"author\" content=\"Joda J\" \/>\n<meta name=\"twitter:card\" content=\"summary_large_image\" \/>\n<meta name=\"twitter:label1\" content=\"Escrito por\" \/>\n\t<meta name=\"twitter:data1\" content=\"Joda J\" \/>\n\t<meta name=\"twitter:label2\" content=\"Est. tempo de leitura\" \/>\n\t<meta name=\"twitter:data2\" content=\"4 minutos\" \/>\n<script type=\"application\/ld+json\" class=\"yoast-schema-graph\">{\"@context\":\"https:\/\/schema.org\",\"@graph\":[{\"@type\":\"Article\",\"@id\":\"https:\/\/www.latitude-15.com\/pt-br\/puerto-quetzal-na-guatemala-reforca-sua-escala-operacional-em-2025-apesar-da-reducao-no-numero-de-escalas\/#article\",\"isPartOf\":{\"@id\":\"https:\/\/www.latitude-15.com\/pt-br\/puerto-quetzal-na-guatemala-reforca-sua-escala-operacional-em-2025-apesar-da-reducao-no-numero-de-escalas\/\"},\"author\":{\"name\":\"Joda J\",\"@id\":\"https:\/\/www.latitude-15.com\/pt-br\/#\/schema\/person\/dac52e7ff44c78317f337da112e37252\"},\"headline\":\"Puerto Quetzal, na Guatemala, refor\u00e7a sua escala operacional em 2025 apesar da redu\u00e7\u00e3o no n\u00famero de escalas\",\"datePublished\":\"2026-02-19T15:45:51+00:00\",\"dateModified\":\"2026-02-20T03:20:25+00:00\",\"mainEntityOfPage\":{\"@id\":\"https:\/\/www.latitude-15.com\/pt-br\/puerto-quetzal-na-guatemala-reforca-sua-escala-operacional-em-2025-apesar-da-reducao-no-numero-de-escalas\/\"},\"wordCount\":805,\"commentCount\":0,\"publisher\":{\"@id\":\"https:\/\/www.latitude-15.com\/pt-br\/#organization\"},\"image\":{\"@id\":\"https:\/\/www.latitude-15.com\/pt-br\/puerto-quetzal-na-guatemala-reforca-sua-escala-operacional-em-2025-apesar-da-reducao-no-numero-de-escalas\/#primaryimage\"},\"thumbnailUrl\":\"https:\/\/www.latitude-15.com\/wp-content\/uploads\/2026\/02\/img6736123.png\",\"articleSection\":[\"MAR\u00cdTIMO\",\"Portos e log\u00edstica\"],\"inLanguage\":\"pt-BR\",\"potentialAction\":[{\"@type\":\"CommentAction\",\"name\":\"Comment\",\"target\":[\"https:\/\/www.latitude-15.com\/pt-br\/puerto-quetzal-na-guatemala-reforca-sua-escala-operacional-em-2025-apesar-da-reducao-no-numero-de-escalas\/#respond\"]}]},{\"@type\":\"WebPage\",\"@id\":\"https:\/\/www.latitude-15.com\/pt-br\/puerto-quetzal-na-guatemala-reforca-sua-escala-operacional-em-2025-apesar-da-reducao-no-numero-de-escalas\/\",\"url\":\"https:\/\/www.latitude-15.com\/pt-br\/puerto-quetzal-na-guatemala-reforca-sua-escala-operacional-em-2025-apesar-da-reducao-no-numero-de-escalas\/\",\"name\":\"Puerto Quetzal, na Guatemala, refor\u00e7a sua escala operacional em 2025 apesar da redu\u00e7\u00e3o no n\u00famero de escalas - LATITUDE 15\",\"isPartOf\":{\"@id\":\"https:\/\/www.latitude-15.com\/pt-br\/#website\"},\"primaryImageOfPage\":{\"@id\":\"https:\/\/www.latitude-15.com\/pt-br\/puerto-quetzal-na-guatemala-reforca-sua-escala-operacional-em-2025-apesar-da-reducao-no-numero-de-escalas\/#primaryimage\"},\"image\":{\"@id\":\"https:\/\/www.latitude-15.com\/pt-br\/puerto-quetzal-na-guatemala-reforca-sua-escala-operacional-em-2025-apesar-da-reducao-no-numero-de-escalas\/#primaryimage\"},\"thumbnailUrl\":\"https:\/\/www.latitude-15.com\/wp-content\/uploads\/2026\/02\/img6736123.png\",\"datePublished\":\"2026-02-19T15:45:51+00:00\",\"dateModified\":\"2026-02-20T03:20:25+00:00\",\"breadcrumb\":{\"@id\":\"https:\/\/www.latitude-15.com\/pt-br\/puerto-quetzal-na-guatemala-reforca-sua-escala-operacional-em-2025-apesar-da-reducao-no-numero-de-escalas\/#breadcrumb\"},\"inLanguage\":\"pt-BR\",\"potentialAction\":[{\"@type\":\"ReadAction\",\"target\":[\"https:\/\/www.latitude-15.com\/pt-br\/puerto-quetzal-na-guatemala-reforca-sua-escala-operacional-em-2025-apesar-da-reducao-no-numero-de-escalas\/\"]}]},{\"@type\":\"ImageObject\",\"inLanguage\":\"pt-BR\",\"@id\":\"https:\/\/www.latitude-15.com\/pt-br\/puerto-quetzal-na-guatemala-reforca-sua-escala-operacional-em-2025-apesar-da-reducao-no-numero-de-escalas\/#primaryimage\",\"url\":\"https:\/\/www.latitude-15.com\/wp-content\/uploads\/2026\/02\/img6736123.png\",\"contentUrl\":\"https:\/\/www.latitude-15.com\/wp-content\/uploads\/2026\/02\/img6736123.png\",\"width\":929,\"height\":421},{\"@type\":\"BreadcrumbList\",\"@id\":\"https:\/\/www.latitude-15.com\/pt-br\/puerto-quetzal-na-guatemala-reforca-sua-escala-operacional-em-2025-apesar-da-reducao-no-numero-de-escalas\/#breadcrumb\",\"itemListElement\":[{\"@type\":\"ListItem\",\"position\":1,\"name\":\"Home\",\"item\":\"https:\/\/www.latitude-15.com\/pt-br\/inicio\/\"},{\"@type\":\"ListItem\",\"position\":2,\"name\":\"Puerto Quetzal, na Guatemala, refor\u00e7a sua escala operacional em 2025 apesar da redu\u00e7\u00e3o no n\u00famero de escalas\"}]},{\"@type\":\"WebSite\",\"@id\":\"https:\/\/www.latitude-15.com\/pt-br\/#website\",\"url\":\"https:\/\/www.latitude-15.com\/pt-br\/\",\"name\":\"LATITUDE 15\",\"description\":\"Aviation and maritime Magazine - Caribbean &amp; Latin America\",\"publisher\":{\"@id\":\"https:\/\/www.latitude-15.com\/pt-br\/#organization\"},\"potentialAction\":[{\"@type\":\"SearchAction\",\"target\":{\"@type\":\"EntryPoint\",\"urlTemplate\":\"https:\/\/www.latitude-15.com\/pt-br\/?s={search_term_string}\"},\"query-input\":{\"@type\":\"PropertyValueSpecification\",\"valueRequired\":true,\"valueName\":\"search_term_string\"}}],\"inLanguage\":\"pt-BR\"},{\"@type\":\"Organization\",\"@id\":\"https:\/\/www.latitude-15.com\/pt-br\/#organization\",\"name\":\"LATITUDE 15\",\"url\":\"https:\/\/www.latitude-15.com\/pt-br\/\",\"logo\":{\"@type\":\"ImageObject\",\"inLanguage\":\"pt-BR\",\"@id\":\"https:\/\/www.latitude-15.com\/pt-br\/#\/schema\/logo\/image\/\",\"url\":\"https:\/\/www.latitude-15.com\/wp-content\/uploads\/2026\/01\/cropped-logox500px.png\",\"contentUrl\":\"https:\/\/www.latitude-15.com\/wp-content\/uploads\/2026\/01\/cropped-logox500px.png\",\"width\":62,\"height\":75,\"caption\":\"LATITUDE 15\"},\"image\":{\"@id\":\"https:\/\/www.latitude-15.com\/pt-br\/#\/schema\/logo\/image\/\"}},{\"@type\":\"Person\",\"@id\":\"https:\/\/www.latitude-15.com\/pt-br\/#\/schema\/person\/dac52e7ff44c78317f337da112e37252\",\"name\":\"Joda J\",\"image\":{\"@type\":\"ImageObject\",\"inLanguage\":\"pt-BR\",\"@id\":\"https:\/\/www.latitude-15.com\/pt-br\/#\/schema\/person\/image\/\",\"url\":\"https:\/\/secure.gravatar.com\/avatar\/6b1feae555e15404b76616f92d931d12b25ac58024f14ccb43d9d3c012e4c4cf?s=96&d=mm&r=g\",\"contentUrl\":\"https:\/\/secure.gravatar.com\/avatar\/6b1feae555e15404b76616f92d931d12b25ac58024f14ccb43d9d3c012e4c4cf?s=96&d=mm&r=g\",\"caption\":\"Joda J\"},\"url\":\"https:\/\/www.latitude-15.com\/pt-br\/author\/joda\/\"}]}<\/script>\n<!-- \/ Yoast SEO plugin. -->","yoast_head_json":{"title":"Puerto Quetzal, na Guatemala, refor\u00e7a sua escala operacional em 2025 apesar da redu\u00e7\u00e3o no n\u00famero de escalas - LATITUDE 15","robots":{"index":"index","follow":"follow","max-snippet":"max-snippet:-1","max-image-preview":"max-image-preview:large","max-video-preview":"max-video-preview:-1"},"canonical":"https:\/\/www.latitude-15.com\/pt-br\/puerto-quetzal-na-guatemala-reforca-sua-escala-operacional-em-2025-apesar-da-reducao-no-numero-de-escalas\/","og_locale":"pt_BR","og_type":"article","og_title":"Puerto Quetzal, na Guatemala, refor\u00e7a sua escala operacional em 2025 apesar da redu\u00e7\u00e3o no n\u00famero de escalas - LATITUDE 15","og_description":"Os dados mais recentes de Puerto Quetzal v\u00e3o al\u00e9m de um simples comparativo anual. Eles revelam um porto em processo consistente de reposicionamento \u2014 operando volumes mais elevados, fortalecendo seu perfil conteinerizado e aprimorando a efici\u00eancia operacional em um ambiente mar\u00edtimo cada vez mais orientado por capacidade. At\u00e9 outubro de 2025, a Empresa Portuaria Quetzal [&hellip;]","og_url":"https:\/\/www.latitude-15.com\/pt-br\/puerto-quetzal-na-guatemala-reforca-sua-escala-operacional-em-2025-apesar-da-reducao-no-numero-de-escalas\/","og_site_name":"LATITUDE 15","article_published_time":"2026-02-19T15:45:51+00:00","article_modified_time":"2026-02-20T03:20:25+00:00","og_image":[{"width":929,"height":421,"url":"https:\/\/www.latitude-15.com\/wp-content\/uploads\/2026\/02\/img6736123.png","type":"image\/png"}],"author":"Joda J","twitter_card":"summary_large_image","twitter_misc":{"Escrito por":"Joda J","Est. tempo de leitura":"4 minutos"},"schema":{"@context":"https:\/\/schema.org","@graph":[{"@type":"Article","@id":"https:\/\/www.latitude-15.com\/pt-br\/puerto-quetzal-na-guatemala-reforca-sua-escala-operacional-em-2025-apesar-da-reducao-no-numero-de-escalas\/#article","isPartOf":{"@id":"https:\/\/www.latitude-15.com\/pt-br\/puerto-quetzal-na-guatemala-reforca-sua-escala-operacional-em-2025-apesar-da-reducao-no-numero-de-escalas\/"},"author":{"name":"Joda J","@id":"https:\/\/www.latitude-15.com\/pt-br\/#\/schema\/person\/dac52e7ff44c78317f337da112e37252"},"headline":"Puerto Quetzal, na Guatemala, refor\u00e7a sua escala operacional em 2025 apesar da redu\u00e7\u00e3o no n\u00famero de escalas","datePublished":"2026-02-19T15:45:51+00:00","dateModified":"2026-02-20T03:20:25+00:00","mainEntityOfPage":{"@id":"https:\/\/www.latitude-15.com\/pt-br\/puerto-quetzal-na-guatemala-reforca-sua-escala-operacional-em-2025-apesar-da-reducao-no-numero-de-escalas\/"},"wordCount":805,"commentCount":0,"publisher":{"@id":"https:\/\/www.latitude-15.com\/pt-br\/#organization"},"image":{"@id":"https:\/\/www.latitude-15.com\/pt-br\/puerto-quetzal-na-guatemala-reforca-sua-escala-operacional-em-2025-apesar-da-reducao-no-numero-de-escalas\/#primaryimage"},"thumbnailUrl":"https:\/\/www.latitude-15.com\/wp-content\/uploads\/2026\/02\/img6736123.png","articleSection":["MAR\u00cdTIMO","Portos e log\u00edstica"],"inLanguage":"pt-BR","potentialAction":[{"@type":"CommentAction","name":"Comment","target":["https:\/\/www.latitude-15.com\/pt-br\/puerto-quetzal-na-guatemala-reforca-sua-escala-operacional-em-2025-apesar-da-reducao-no-numero-de-escalas\/#respond"]}]},{"@type":"WebPage","@id":"https:\/\/www.latitude-15.com\/pt-br\/puerto-quetzal-na-guatemala-reforca-sua-escala-operacional-em-2025-apesar-da-reducao-no-numero-de-escalas\/","url":"https:\/\/www.latitude-15.com\/pt-br\/puerto-quetzal-na-guatemala-reforca-sua-escala-operacional-em-2025-apesar-da-reducao-no-numero-de-escalas\/","name":"Puerto Quetzal, na Guatemala, refor\u00e7a sua escala operacional em 2025 apesar da redu\u00e7\u00e3o no n\u00famero de escalas - LATITUDE 15","isPartOf":{"@id":"https:\/\/www.latitude-15.com\/pt-br\/#website"},"primaryImageOfPage":{"@id":"https:\/\/www.latitude-15.com\/pt-br\/puerto-quetzal-na-guatemala-reforca-sua-escala-operacional-em-2025-apesar-da-reducao-no-numero-de-escalas\/#primaryimage"},"image":{"@id":"https:\/\/www.latitude-15.com\/pt-br\/puerto-quetzal-na-guatemala-reforca-sua-escala-operacional-em-2025-apesar-da-reducao-no-numero-de-escalas\/#primaryimage"},"thumbnailUrl":"https:\/\/www.latitude-15.com\/wp-content\/uploads\/2026\/02\/img6736123.png","datePublished":"2026-02-19T15:45:51+00:00","dateModified":"2026-02-20T03:20:25+00:00","breadcrumb":{"@id":"https:\/\/www.latitude-15.com\/pt-br\/puerto-quetzal-na-guatemala-reforca-sua-escala-operacional-em-2025-apesar-da-reducao-no-numero-de-escalas\/#breadcrumb"},"inLanguage":"pt-BR","potentialAction":[{"@type":"ReadAction","target":["https:\/\/www.latitude-15.com\/pt-br\/puerto-quetzal-na-guatemala-reforca-sua-escala-operacional-em-2025-apesar-da-reducao-no-numero-de-escalas\/"]}]},{"@type":"ImageObject","inLanguage":"pt-BR","@id":"https:\/\/www.latitude-15.com\/pt-br\/puerto-quetzal-na-guatemala-reforca-sua-escala-operacional-em-2025-apesar-da-reducao-no-numero-de-escalas\/#primaryimage","url":"https:\/\/www.latitude-15.com\/wp-content\/uploads\/2026\/02\/img6736123.png","contentUrl":"https:\/\/www.latitude-15.com\/wp-content\/uploads\/2026\/02\/img6736123.png","width":929,"height":421},{"@type":"BreadcrumbList","@id":"https:\/\/www.latitude-15.com\/pt-br\/puerto-quetzal-na-guatemala-reforca-sua-escala-operacional-em-2025-apesar-da-reducao-no-numero-de-escalas\/#breadcrumb","itemListElement":[{"@type":"ListItem","position":1,"name":"Home","item":"https:\/\/www.latitude-15.com\/pt-br\/inicio\/"},{"@type":"ListItem","position":2,"name":"Puerto Quetzal, na Guatemala, refor\u00e7a sua escala operacional em 2025 apesar da redu\u00e7\u00e3o no n\u00famero de escalas"}]},{"@type":"WebSite","@id":"https:\/\/www.latitude-15.com\/pt-br\/#website","url":"https:\/\/www.latitude-15.com\/pt-br\/","name":"LATITUDE 15","description":"Aviation and maritime Magazine - Caribbean &amp; Latin America","publisher":{"@id":"https:\/\/www.latitude-15.com\/pt-br\/#organization"},"potentialAction":[{"@type":"SearchAction","target":{"@type":"EntryPoint","urlTemplate":"https:\/\/www.latitude-15.com\/pt-br\/?s={search_term_string}"},"query-input":{"@type":"PropertyValueSpecification","valueRequired":true,"valueName":"search_term_string"}}],"inLanguage":"pt-BR"},{"@type":"Organization","@id":"https:\/\/www.latitude-15.com\/pt-br\/#organization","name":"LATITUDE 15","url":"https:\/\/www.latitude-15.com\/pt-br\/","logo":{"@type":"ImageObject","inLanguage":"pt-BR","@id":"https:\/\/www.latitude-15.com\/pt-br\/#\/schema\/logo\/image\/","url":"https:\/\/www.latitude-15.com\/wp-content\/uploads\/2026\/01\/cropped-logox500px.png","contentUrl":"https:\/\/www.latitude-15.com\/wp-content\/uploads\/2026\/01\/cropped-logox500px.png","width":62,"height":75,"caption":"LATITUDE 15"},"image":{"@id":"https:\/\/www.latitude-15.com\/pt-br\/#\/schema\/logo\/image\/"}},{"@type":"Person","@id":"https:\/\/www.latitude-15.com\/pt-br\/#\/schema\/person\/dac52e7ff44c78317f337da112e37252","name":"Joda J","image":{"@type":"ImageObject","inLanguage":"pt-BR","@id":"https:\/\/www.latitude-15.com\/pt-br\/#\/schema\/person\/image\/","url":"https:\/\/secure.gravatar.com\/avatar\/6b1feae555e15404b76616f92d931d12b25ac58024f14ccb43d9d3c012e4c4cf?s=96&d=mm&r=g","contentUrl":"https:\/\/secure.gravatar.com\/avatar\/6b1feae555e15404b76616f92d931d12b25ac58024f14ccb43d9d3c012e4c4cf?s=96&d=mm&r=g","caption":"Joda J"},"url":"https:\/\/www.latitude-15.com\/pt-br\/author\/joda\/"}]}},"_links":{"self":[{"href":"https:\/\/www.latitude-15.com\/pt-br\/wp-json\/wp\/v2\/posts\/20814","targetHints":{"allow":["GET"]}}],"collection":[{"href":"https:\/\/www.latitude-15.com\/pt-br\/wp-json\/wp\/v2\/posts"}],"about":[{"href":"https:\/\/www.latitude-15.com\/pt-br\/wp-json\/wp\/v2\/types\/post"}],"author":[{"embeddable":true,"href":"https:\/\/www.latitude-15.com\/pt-br\/wp-json\/wp\/v2\/users\/5"}],"replies":[{"embeddable":true,"href":"https:\/\/www.latitude-15.com\/pt-br\/wp-json\/wp\/v2\/comments?post=20814"}],"version-history":[{"count":3,"href":"https:\/\/www.latitude-15.com\/pt-br\/wp-json\/wp\/v2\/posts\/20814\/revisions"}],"predecessor-version":[{"id":20817,"href":"https:\/\/www.latitude-15.com\/pt-br\/wp-json\/wp\/v2\/posts\/20814\/revisions\/20817"}],"wp:featuredmedia":[{"embeddable":true,"href":"https:\/\/www.latitude-15.com\/pt-br\/wp-json\/wp\/v2\/media\/20813"}],"wp:attachment":[{"href":"https:\/\/www.latitude-15.com\/pt-br\/wp-json\/wp\/v2\/media?parent=20814"}],"wp:term":[{"taxonomy":"category","embeddable":true,"href":"https:\/\/www.latitude-15.com\/pt-br\/wp-json\/wp\/v2\/categories?post=20814"},{"taxonomy":"post_tag","embeddable":true,"href":"https:\/\/www.latitude-15.com\/pt-br\/wp-json\/wp\/v2\/tags?post=20814"}],"curies":[{"name":"wp","href":"https:\/\/api.w.org\/{rel}","templated":true}]}}