{"id":20805,"date":"2026-02-19T12:29:00","date_gmt":"2026-02-19T16:29:00","guid":{"rendered":"https:\/\/www.latitude-15.com\/ceus-divergentes-o-trafego-de-janeiro-de-2026-da-asur-sinaliza-uma-recuperacao-fragmentada-da-aviacao-na-america-latina-e-no-caribe\/"},"modified":"2026-02-19T21:46:51","modified_gmt":"2026-02-20T01:46:51","slug":"ceus-divergentes-o-trafego-de-janeiro-de-2026-da-asur-sinaliza-uma-recuperacao-fragmentada-da-aviacao-na-america-latina-e-no-caribe","status":"publish","type":"post","link":"https:\/\/www.latitude-15.com\/pt-br\/ceus-divergentes-o-trafego-de-janeiro-de-2026-da-asur-sinaliza-uma-recuperacao-fragmentada-da-aviacao-na-america-latina-e-no-caribe\/","title":{"rendered":"C\u00e9us divergentes: o tr\u00e1fego de janeiro de 2026 da ASUR sinaliza uma recupera\u00e7\u00e3o fragmentada da avia\u00e7\u00e3o na Am\u00e9rica Latina e no Caribe"},"content":{"rendered":"\n<p>A Col\u00f4mbia acelera, o M\u00e9xico se estabiliza e Porto Rico perde f\u00f4lego \u2014 os dados do in\u00edcio de 2026 revelam mudan\u00e7as nos padr\u00f5es de demanda dentro de um dos maiores portf\u00f3lios aeroportu\u00e1rios da regi\u00e3o.<\/p>\n\n<h2 class=\"wp-block-heading\">Trajet\u00f3rias divergentes dentro do portf\u00f3lio da ASUR<\/h2>\n\n<p>Os dados de passageiros de janeiro de 2026 divulgados pelo Grupo Aeroportuario del Sureste (ASUR) v\u00e3o al\u00e9m de uma simples atualiza\u00e7\u00e3o de tr\u00e1fego. Por tr\u00e1s do crescimento consolidado de 3,6% em rela\u00e7\u00e3o ao ano anterior \u2014 alcan\u00e7ando 6,66 milh\u00f5es de passageiros \u2014 emerge uma leitura mais estrat\u00e9gica: a demanda a\u00e9rea na Am\u00e9rica Latina e no Caribe j\u00e1 n\u00e3o evolui de forma homog\u00eanea. <\/p>\n\n<p>Dentro de um \u00fanico portf\u00f3lio aeroportu\u00e1rio que abrange M\u00e9xico, Col\u00f4mbia e Porto Rico, tr\u00eas ciclos distintos de demanda tornam-se vis\u00edveis. O contraste \u00e9 evidente \u2014 e estrategicamente relevante. <\/p>\n\n<h2 class=\"wp-block-heading\">Col\u00f4mbia surge como motor de crescimento<\/h2>\n\n<p>A Col\u00f4mbia apresentou o desempenho mais robusto do m\u00eas, com alta de 15,0% no tr\u00e1fego de passageiros, totalizando 1,72 milh\u00e3o de viajantes. O impulso foi majoritariamente dom\u00e9stico, com o mercado interno crescendo 18,3%, enquanto o tr\u00e1fego internacional avan\u00e7ou 5,2%. <\/p>\n\n<p>O Aeroporto Internacional Jos\u00e9 Mar\u00eda C\u00f3rdova, em Medell\u00edn (MDE \u2013 Rionegro), permanece como o principal vetor dessa expans\u00e3o. O tr\u00e1fego total no aeroporto aumentou 16,3%, impulsionado por um expressivo crescimento de 21,4% na demanda dom\u00e9stica. Aeroportos secund\u00e1rios tamb\u00e9m registraram expans\u00e3o de dois d\u00edgitos: Monter\u00eda (+18,1%), Carepa (+19,9%) e Quibd\u00f3 (+14,7%).  <\/p>\n\n<p>A conclus\u00e3o \u00e9 clara: a mobilidade a\u00e9rea interna na Col\u00f4mbia est\u00e1 se fortalecendo, consolidando Medell\u00edn como um hub secund\u00e1rio em ascens\u00e3o dentro do sistema andino de avia\u00e7\u00e3o. Diferentemente de picos pontuais impulsionados por lazer, a expans\u00e3o dom\u00e9stica tende a refletir maior resili\u00eancia econ\u00f4mica e melhora na conectividade regional. <\/p>\n\n<p>Para a ASUR, a Col\u00f4mbia deixou de ser um ativo perif\u00e9rico. Est\u00e1 se tornando o principal vetor de crescimento do grupo. <\/p>\n\n<h2 class=\"wp-block-heading\">M\u00e9xico: resili\u00eancia internacional mascara fraqueza dom\u00e9stica<\/h2>\n\n<p>O M\u00e9xico, que representa mais da metade da base total de passageiros da ASUR, registrou um crescimento modesto de 0,9%, alcan\u00e7ando 3,75 milh\u00f5es de passageiros.<\/p>\n\n<p>Entretanto, a composi\u00e7\u00e3o desse resultado revela um cen\u00e1rio mais complexo. O tr\u00e1fego internacional avan\u00e7ou 2,5%, enquanto o dom\u00e9stico recuou 1,2%. Essa diverg\u00eancia sugere que a estabilidade observada no in\u00edcio de 2026 est\u00e1 fortemente sustentada pelo turismo internacional, especialmente proveniente dos Estados Unidos.  <\/p>\n\n<p>O Aeroporto Internacional de Canc\u00fan (CUN), principal ativo do portf\u00f3lio, apresentou leve retra\u00e7\u00e3o de 1,0%. Considerando que Canc\u00fan responde por mais de 70% do tr\u00e1fego mexicano da ASUR, mesmo pequenas varia\u00e7\u00f5es t\u00eam impacto sist\u00eamico. <\/p>\n\n<p>Por outro lado, alguns aeroportos secund\u00e1rios mostraram desempenho mais din\u00e2mico. M\u00e9rida cresceu 12,9%, Veracruz 11,4% e Villahermosa 6,8%, indicando uma redistribui\u00e7\u00e3o gradual dos fluxos dentro da regi\u00e3o sudeste. <\/p>\n\n<p>A quest\u00e3o central \u00e9 se a desacelera\u00e7\u00e3o dom\u00e9stica no M\u00e9xico \u00e9 c\u00edclica ou estrutural. Caso o turismo internacional permane\u00e7a como principal motor de crescimento, o sistema aeroportu\u00e1rio mexicano poder\u00e1 se tornar mais sens\u00edvel \u00e0s condi\u00e7\u00f5es econ\u00f4micas externas ao longo de 2026. <\/p>\n\n<h2 class=\"wp-block-heading\">Porto Rico: in\u00edcio de ano cauteloso<\/h2>\n\n<p>O Aeroporto Internacional Luis Mu\u00f1oz Mar\u00edn (SJU), em San Juan, registrou queda de 2,1% em rela\u00e7\u00e3o ao ano anterior, totalizando 1,19 milh\u00e3o de passageiros.<\/p>\n\n<p>O tr\u00e1fego dom\u00e9stico caiu 2,6%, enquanto o internacional cresceu 1,8%. Assim como no M\u00e9xico, a demanda internacional demonstra resili\u00eancia. No entanto, a retra\u00e7\u00e3o global sugere press\u00f5es competitivas crescentes no mercado a\u00e9reo caribenho.  <\/p>\n\n<p>San Juan opera em um ambiente cada vez mais competitivo, disputando fluxos com hubs em expans\u00e3o acelerada, como Punta Cana e Panam\u00e1. Um m\u00eas mais fraco n\u00e3o define o desempenho anual, mas sinaliza que o cen\u00e1rio competitivo no Caribe permanece din\u00e2mico. <\/p>\n\n<h2 class=\"wp-block-heading\">A fragmenta\u00e7\u00e3o define o in\u00edcio de 2026<\/h2>\n\n<p>A principal leitura dos dados de janeiro da ASUR n\u00e3o est\u00e1 no crescimento consolidado de 3,6%, mas na fragmenta\u00e7\u00e3o subjacente. <\/p>\n\n<ul class=\"wp-block-list\">\n<li>Col\u00f4mbia: forte expans\u00e3o dom\u00e9stica e impulso estrutural<\/li>\n\n\n\n<li>M\u00e9xico: estabilidade com depend\u00eancia do turismo internacional<\/li>\n\n\n\n<li>Porto Rico: retra\u00e7\u00e3o moderada em meio \u00e0 competi\u00e7\u00e3o regional<\/li>\n<\/ul>\n\n<p>Dentro de um \u00fanico portf\u00f3lio operacional, a demanda a\u00e9rea avan\u00e7a em ritmos distintos conforme o mercado. Para investidores, autoridades aeroportu\u00e1rias e planejadores de rede, essa diverg\u00eancia \u00e9 relevante. <\/p>\n\n<p>Ela indica que 2026 n\u00e3o ser\u00e1 marcado por uma recupera\u00e7\u00e3o regional uniforme. Competitividade, resili\u00eancia econ\u00f4mica e estrat\u00e9gia de rotas ser\u00e3o fatores determinantes para o desempenho. <\/p>\n\n<p>Na avia\u00e7\u00e3o da Am\u00e9rica Latina e do Caribe, o tr\u00e1fego pode estar crescendo \u2014 mas n\u00e3o de forma equilibrada.<\/p>\n","protected":false},"excerpt":{"rendered":"<p>A Col\u00f4mbia acelera, o M\u00e9xico se estabiliza e Porto Rico perde f\u00f4lego \u2014 os dados do in\u00edcio de 2026 revelam mudan\u00e7as nos padr\u00f5es de demanda dentro de um dos maiores portf\u00f3lios aeroportu\u00e1rios da regi\u00e3o. Trajet\u00f3rias divergentes dentro do portf\u00f3lio da ASUR Os dados de passageiros de janeiro de 2026 divulgados pelo Grupo Aeroportuario del Sureste [&hellip;]<\/p>\n","protected":false},"author":5,"featured_media":20804,"comment_status":"open","ping_status":"open","sticky":false,"template":"","format":"standard","meta":{"footnotes":""},"categories":[104,98],"tags":[],"class_list":["post-20805","post","type-post","status-publish","format-standard","has-post-thumbnail","hentry","category-aeroportos-e-infraestrutura","category-aviacao"],"yoast_head":"<!-- This site is optimized with the Yoast SEO plugin v26.9 - https:\/\/yoast.com\/product\/yoast-seo-wordpress\/ -->\n<title>C\u00e9us divergentes: o tr\u00e1fego de janeiro de 2026 da ASUR sinaliza uma recupera\u00e7\u00e3o fragmentada da avia\u00e7\u00e3o na Am\u00e9rica Latina e no Caribe - LATITUDE 15<\/title>\n<meta name=\"robots\" content=\"index, follow, max-snippet:-1, max-image-preview:large, max-video-preview:-1\" \/>\n<link rel=\"canonical\" href=\"https:\/\/www.latitude-15.com\/pt-br\/ceus-divergentes-o-trafego-de-janeiro-de-2026-da-asur-sinaliza-uma-recuperacao-fragmentada-da-aviacao-na-america-latina-e-no-caribe\/\" \/>\n<meta property=\"og:locale\" content=\"pt_BR\" \/>\n<meta property=\"og:type\" content=\"article\" \/>\n<meta property=\"og:title\" content=\"C\u00e9us divergentes: o tr\u00e1fego de janeiro de 2026 da ASUR sinaliza uma recupera\u00e7\u00e3o fragmentada da avia\u00e7\u00e3o na Am\u00e9rica Latina e no Caribe - LATITUDE 15\" \/>\n<meta property=\"og:description\" content=\"A Col\u00f4mbia acelera, o M\u00e9xico se estabiliza e Porto Rico perde f\u00f4lego \u2014 os dados do in\u00edcio de 2026 revelam mudan\u00e7as nos padr\u00f5es de demanda dentro de um dos maiores portf\u00f3lios aeroportu\u00e1rios da regi\u00e3o. Trajet\u00f3rias divergentes dentro do portf\u00f3lio da ASUR Os dados de passageiros de janeiro de 2026 divulgados pelo Grupo Aeroportuario del Sureste [&hellip;]\" \/>\n<meta property=\"og:url\" content=\"https:\/\/www.latitude-15.com\/pt-br\/ceus-divergentes-o-trafego-de-janeiro-de-2026-da-asur-sinaliza-uma-recuperacao-fragmentada-da-aviacao-na-america-latina-e-no-caribe\/\" \/>\n<meta property=\"og:site_name\" content=\"LATITUDE 15\" \/>\n<meta property=\"article:published_time\" content=\"2026-02-19T16:29:00+00:00\" \/>\n<meta property=\"article:modified_time\" content=\"2026-02-20T01:46:51+00:00\" \/>\n<meta property=\"og:image\" content=\"https:\/\/www.latitude-15.com\/wp-content\/uploads\/2026\/02\/349.jpg\" \/>\n\t<meta property=\"og:image:width\" content=\"1000\" \/>\n\t<meta property=\"og:image:height\" content=\"668\" \/>\n\t<meta property=\"og:image:type\" content=\"image\/jpeg\" \/>\n<meta name=\"author\" content=\"Joda J\" \/>\n<meta name=\"twitter:card\" content=\"summary_large_image\" \/>\n<meta name=\"twitter:label1\" content=\"Escrito por\" \/>\n\t<meta name=\"twitter:data1\" content=\"Joda J\" \/>\n\t<meta name=\"twitter:label2\" content=\"Est. tempo de leitura\" \/>\n\t<meta name=\"twitter:data2\" content=\"4 minutos\" \/>\n<script type=\"application\/ld+json\" class=\"yoast-schema-graph\">{\"@context\":\"https:\/\/schema.org\",\"@graph\":[{\"@type\":\"Article\",\"@id\":\"https:\/\/www.latitude-15.com\/pt-br\/ceus-divergentes-o-trafego-de-janeiro-de-2026-da-asur-sinaliza-uma-recuperacao-fragmentada-da-aviacao-na-america-latina-e-no-caribe\/#article\",\"isPartOf\":{\"@id\":\"https:\/\/www.latitude-15.com\/pt-br\/ceus-divergentes-o-trafego-de-janeiro-de-2026-da-asur-sinaliza-uma-recuperacao-fragmentada-da-aviacao-na-america-latina-e-no-caribe\/\"},\"author\":{\"name\":\"Joda J\",\"@id\":\"https:\/\/www.latitude-15.com\/pt-br\/#\/schema\/person\/dac52e7ff44c78317f337da112e37252\"},\"headline\":\"C\u00e9us divergentes: o tr\u00e1fego de janeiro de 2026 da ASUR sinaliza uma recupera\u00e7\u00e3o fragmentada da avia\u00e7\u00e3o na Am\u00e9rica Latina e no Caribe\",\"datePublished\":\"2026-02-19T16:29:00+00:00\",\"dateModified\":\"2026-02-20T01:46:51+00:00\",\"mainEntityOfPage\":{\"@id\":\"https:\/\/www.latitude-15.com\/pt-br\/ceus-divergentes-o-trafego-de-janeiro-de-2026-da-asur-sinaliza-uma-recuperacao-fragmentada-da-aviacao-na-america-latina-e-no-caribe\/\"},\"wordCount\":820,\"commentCount\":0,\"publisher\":{\"@id\":\"https:\/\/www.latitude-15.com\/pt-br\/#organization\"},\"image\":{\"@id\":\"https:\/\/www.latitude-15.com\/pt-br\/ceus-divergentes-o-trafego-de-janeiro-de-2026-da-asur-sinaliza-uma-recuperacao-fragmentada-da-aviacao-na-america-latina-e-no-caribe\/#primaryimage\"},\"thumbnailUrl\":\"https:\/\/www.latitude-15.com\/wp-content\/uploads\/2026\/02\/349.jpg\",\"articleSection\":[\"Aeroportos e infraestrutura\",\"AVIA\u00c7\u00c3O\"],\"inLanguage\":\"pt-BR\",\"potentialAction\":[{\"@type\":\"CommentAction\",\"name\":\"Comment\",\"target\":[\"https:\/\/www.latitude-15.com\/pt-br\/ceus-divergentes-o-trafego-de-janeiro-de-2026-da-asur-sinaliza-uma-recuperacao-fragmentada-da-aviacao-na-america-latina-e-no-caribe\/#respond\"]}]},{\"@type\":\"WebPage\",\"@id\":\"https:\/\/www.latitude-15.com\/pt-br\/ceus-divergentes-o-trafego-de-janeiro-de-2026-da-asur-sinaliza-uma-recuperacao-fragmentada-da-aviacao-na-america-latina-e-no-caribe\/\",\"url\":\"https:\/\/www.latitude-15.com\/pt-br\/ceus-divergentes-o-trafego-de-janeiro-de-2026-da-asur-sinaliza-uma-recuperacao-fragmentada-da-aviacao-na-america-latina-e-no-caribe\/\",\"name\":\"C\u00e9us divergentes: o tr\u00e1fego de janeiro de 2026 da ASUR sinaliza uma recupera\u00e7\u00e3o fragmentada da avia\u00e7\u00e3o na Am\u00e9rica Latina e no Caribe - LATITUDE 15\",\"isPartOf\":{\"@id\":\"https:\/\/www.latitude-15.com\/pt-br\/#website\"},\"primaryImageOfPage\":{\"@id\":\"https:\/\/www.latitude-15.com\/pt-br\/ceus-divergentes-o-trafego-de-janeiro-de-2026-da-asur-sinaliza-uma-recuperacao-fragmentada-da-aviacao-na-america-latina-e-no-caribe\/#primaryimage\"},\"image\":{\"@id\":\"https:\/\/www.latitude-15.com\/pt-br\/ceus-divergentes-o-trafego-de-janeiro-de-2026-da-asur-sinaliza-uma-recuperacao-fragmentada-da-aviacao-na-america-latina-e-no-caribe\/#primaryimage\"},\"thumbnailUrl\":\"https:\/\/www.latitude-15.com\/wp-content\/uploads\/2026\/02\/349.jpg\",\"datePublished\":\"2026-02-19T16:29:00+00:00\",\"dateModified\":\"2026-02-20T01:46:51+00:00\",\"breadcrumb\":{\"@id\":\"https:\/\/www.latitude-15.com\/pt-br\/ceus-divergentes-o-trafego-de-janeiro-de-2026-da-asur-sinaliza-uma-recuperacao-fragmentada-da-aviacao-na-america-latina-e-no-caribe\/#breadcrumb\"},\"inLanguage\":\"pt-BR\",\"potentialAction\":[{\"@type\":\"ReadAction\",\"target\":[\"https:\/\/www.latitude-15.com\/pt-br\/ceus-divergentes-o-trafego-de-janeiro-de-2026-da-asur-sinaliza-uma-recuperacao-fragmentada-da-aviacao-na-america-latina-e-no-caribe\/\"]}]},{\"@type\":\"ImageObject\",\"inLanguage\":\"pt-BR\",\"@id\":\"https:\/\/www.latitude-15.com\/pt-br\/ceus-divergentes-o-trafego-de-janeiro-de-2026-da-asur-sinaliza-uma-recuperacao-fragmentada-da-aviacao-na-america-latina-e-no-caribe\/#primaryimage\",\"url\":\"https:\/\/www.latitude-15.com\/wp-content\/uploads\/2026\/02\/349.jpg\",\"contentUrl\":\"https:\/\/www.latitude-15.com\/wp-content\/uploads\/2026\/02\/349.jpg\",\"width\":1000,\"height\":668,\"caption\":\"ASUR Traffic\"},{\"@type\":\"BreadcrumbList\",\"@id\":\"https:\/\/www.latitude-15.com\/pt-br\/ceus-divergentes-o-trafego-de-janeiro-de-2026-da-asur-sinaliza-uma-recuperacao-fragmentada-da-aviacao-na-america-latina-e-no-caribe\/#breadcrumb\",\"itemListElement\":[{\"@type\":\"ListItem\",\"position\":1,\"name\":\"Home\",\"item\":\"https:\/\/www.latitude-15.com\/pt-br\/inicio\/\"},{\"@type\":\"ListItem\",\"position\":2,\"name\":\"C\u00e9us divergentes: o tr\u00e1fego de janeiro de 2026 da ASUR sinaliza uma recupera\u00e7\u00e3o fragmentada da avia\u00e7\u00e3o na Am\u00e9rica Latina e no Caribe\"}]},{\"@type\":\"WebSite\",\"@id\":\"https:\/\/www.latitude-15.com\/pt-br\/#website\",\"url\":\"https:\/\/www.latitude-15.com\/pt-br\/\",\"name\":\"LATITUDE 15\",\"description\":\"Aviation and maritime Magazine - Caribbean &amp; Latin America\",\"publisher\":{\"@id\":\"https:\/\/www.latitude-15.com\/pt-br\/#organization\"},\"potentialAction\":[{\"@type\":\"SearchAction\",\"target\":{\"@type\":\"EntryPoint\",\"urlTemplate\":\"https:\/\/www.latitude-15.com\/pt-br\/?s={search_term_string}\"},\"query-input\":{\"@type\":\"PropertyValueSpecification\",\"valueRequired\":true,\"valueName\":\"search_term_string\"}}],\"inLanguage\":\"pt-BR\"},{\"@type\":\"Organization\",\"@id\":\"https:\/\/www.latitude-15.com\/pt-br\/#organization\",\"name\":\"LATITUDE 15\",\"url\":\"https:\/\/www.latitude-15.com\/pt-br\/\",\"logo\":{\"@type\":\"ImageObject\",\"inLanguage\":\"pt-BR\",\"@id\":\"https:\/\/www.latitude-15.com\/pt-br\/#\/schema\/logo\/image\/\",\"url\":\"https:\/\/www.latitude-15.com\/wp-content\/uploads\/2026\/01\/cropped-logox500px.png\",\"contentUrl\":\"https:\/\/www.latitude-15.com\/wp-content\/uploads\/2026\/01\/cropped-logox500px.png\",\"width\":62,\"height\":75,\"caption\":\"LATITUDE 15\"},\"image\":{\"@id\":\"https:\/\/www.latitude-15.com\/pt-br\/#\/schema\/logo\/image\/\"}},{\"@type\":\"Person\",\"@id\":\"https:\/\/www.latitude-15.com\/pt-br\/#\/schema\/person\/dac52e7ff44c78317f337da112e37252\",\"name\":\"Joda J\",\"image\":{\"@type\":\"ImageObject\",\"inLanguage\":\"pt-BR\",\"@id\":\"https:\/\/www.latitude-15.com\/pt-br\/#\/schema\/person\/image\/\",\"url\":\"https:\/\/secure.gravatar.com\/avatar\/6b1feae555e15404b76616f92d931d12b25ac58024f14ccb43d9d3c012e4c4cf?s=96&d=mm&r=g\",\"contentUrl\":\"https:\/\/secure.gravatar.com\/avatar\/6b1feae555e15404b76616f92d931d12b25ac58024f14ccb43d9d3c012e4c4cf?s=96&d=mm&r=g\",\"caption\":\"Joda J\"},\"url\":\"https:\/\/www.latitude-15.com\/pt-br\/author\/joda\/\"}]}<\/script>\n<!-- \/ Yoast SEO plugin. -->","yoast_head_json":{"title":"C\u00e9us divergentes: o tr\u00e1fego de janeiro de 2026 da ASUR sinaliza uma recupera\u00e7\u00e3o fragmentada da avia\u00e7\u00e3o na Am\u00e9rica Latina e no Caribe - LATITUDE 15","robots":{"index":"index","follow":"follow","max-snippet":"max-snippet:-1","max-image-preview":"max-image-preview:large","max-video-preview":"max-video-preview:-1"},"canonical":"https:\/\/www.latitude-15.com\/pt-br\/ceus-divergentes-o-trafego-de-janeiro-de-2026-da-asur-sinaliza-uma-recuperacao-fragmentada-da-aviacao-na-america-latina-e-no-caribe\/","og_locale":"pt_BR","og_type":"article","og_title":"C\u00e9us divergentes: o tr\u00e1fego de janeiro de 2026 da ASUR sinaliza uma recupera\u00e7\u00e3o fragmentada da avia\u00e7\u00e3o na Am\u00e9rica Latina e no Caribe - LATITUDE 15","og_description":"A Col\u00f4mbia acelera, o M\u00e9xico se estabiliza e Porto Rico perde f\u00f4lego \u2014 os dados do in\u00edcio de 2026 revelam mudan\u00e7as nos padr\u00f5es de demanda dentro de um dos maiores portf\u00f3lios aeroportu\u00e1rios da regi\u00e3o. Trajet\u00f3rias divergentes dentro do portf\u00f3lio da ASUR Os dados de passageiros de janeiro de 2026 divulgados pelo Grupo Aeroportuario del Sureste [&hellip;]","og_url":"https:\/\/www.latitude-15.com\/pt-br\/ceus-divergentes-o-trafego-de-janeiro-de-2026-da-asur-sinaliza-uma-recuperacao-fragmentada-da-aviacao-na-america-latina-e-no-caribe\/","og_site_name":"LATITUDE 15","article_published_time":"2026-02-19T16:29:00+00:00","article_modified_time":"2026-02-20T01:46:51+00:00","og_image":[{"width":1000,"height":668,"url":"https:\/\/www.latitude-15.com\/wp-content\/uploads\/2026\/02\/349.jpg","type":"image\/jpeg"}],"author":"Joda J","twitter_card":"summary_large_image","twitter_misc":{"Escrito por":"Joda J","Est. tempo de leitura":"4 minutos"},"schema":{"@context":"https:\/\/schema.org","@graph":[{"@type":"Article","@id":"https:\/\/www.latitude-15.com\/pt-br\/ceus-divergentes-o-trafego-de-janeiro-de-2026-da-asur-sinaliza-uma-recuperacao-fragmentada-da-aviacao-na-america-latina-e-no-caribe\/#article","isPartOf":{"@id":"https:\/\/www.latitude-15.com\/pt-br\/ceus-divergentes-o-trafego-de-janeiro-de-2026-da-asur-sinaliza-uma-recuperacao-fragmentada-da-aviacao-na-america-latina-e-no-caribe\/"},"author":{"name":"Joda J","@id":"https:\/\/www.latitude-15.com\/pt-br\/#\/schema\/person\/dac52e7ff44c78317f337da112e37252"},"headline":"C\u00e9us divergentes: o tr\u00e1fego de janeiro de 2026 da ASUR sinaliza uma recupera\u00e7\u00e3o fragmentada da avia\u00e7\u00e3o na Am\u00e9rica Latina e no Caribe","datePublished":"2026-02-19T16:29:00+00:00","dateModified":"2026-02-20T01:46:51+00:00","mainEntityOfPage":{"@id":"https:\/\/www.latitude-15.com\/pt-br\/ceus-divergentes-o-trafego-de-janeiro-de-2026-da-asur-sinaliza-uma-recuperacao-fragmentada-da-aviacao-na-america-latina-e-no-caribe\/"},"wordCount":820,"commentCount":0,"publisher":{"@id":"https:\/\/www.latitude-15.com\/pt-br\/#organization"},"image":{"@id":"https:\/\/www.latitude-15.com\/pt-br\/ceus-divergentes-o-trafego-de-janeiro-de-2026-da-asur-sinaliza-uma-recuperacao-fragmentada-da-aviacao-na-america-latina-e-no-caribe\/#primaryimage"},"thumbnailUrl":"https:\/\/www.latitude-15.com\/wp-content\/uploads\/2026\/02\/349.jpg","articleSection":["Aeroportos e infraestrutura","AVIA\u00c7\u00c3O"],"inLanguage":"pt-BR","potentialAction":[{"@type":"CommentAction","name":"Comment","target":["https:\/\/www.latitude-15.com\/pt-br\/ceus-divergentes-o-trafego-de-janeiro-de-2026-da-asur-sinaliza-uma-recuperacao-fragmentada-da-aviacao-na-america-latina-e-no-caribe\/#respond"]}]},{"@type":"WebPage","@id":"https:\/\/www.latitude-15.com\/pt-br\/ceus-divergentes-o-trafego-de-janeiro-de-2026-da-asur-sinaliza-uma-recuperacao-fragmentada-da-aviacao-na-america-latina-e-no-caribe\/","url":"https:\/\/www.latitude-15.com\/pt-br\/ceus-divergentes-o-trafego-de-janeiro-de-2026-da-asur-sinaliza-uma-recuperacao-fragmentada-da-aviacao-na-america-latina-e-no-caribe\/","name":"C\u00e9us divergentes: o tr\u00e1fego de janeiro de 2026 da ASUR sinaliza uma recupera\u00e7\u00e3o fragmentada da avia\u00e7\u00e3o na Am\u00e9rica Latina e no Caribe - LATITUDE 15","isPartOf":{"@id":"https:\/\/www.latitude-15.com\/pt-br\/#website"},"primaryImageOfPage":{"@id":"https:\/\/www.latitude-15.com\/pt-br\/ceus-divergentes-o-trafego-de-janeiro-de-2026-da-asur-sinaliza-uma-recuperacao-fragmentada-da-aviacao-na-america-latina-e-no-caribe\/#primaryimage"},"image":{"@id":"https:\/\/www.latitude-15.com\/pt-br\/ceus-divergentes-o-trafego-de-janeiro-de-2026-da-asur-sinaliza-uma-recuperacao-fragmentada-da-aviacao-na-america-latina-e-no-caribe\/#primaryimage"},"thumbnailUrl":"https:\/\/www.latitude-15.com\/wp-content\/uploads\/2026\/02\/349.jpg","datePublished":"2026-02-19T16:29:00+00:00","dateModified":"2026-02-20T01:46:51+00:00","breadcrumb":{"@id":"https:\/\/www.latitude-15.com\/pt-br\/ceus-divergentes-o-trafego-de-janeiro-de-2026-da-asur-sinaliza-uma-recuperacao-fragmentada-da-aviacao-na-america-latina-e-no-caribe\/#breadcrumb"},"inLanguage":"pt-BR","potentialAction":[{"@type":"ReadAction","target":["https:\/\/www.latitude-15.com\/pt-br\/ceus-divergentes-o-trafego-de-janeiro-de-2026-da-asur-sinaliza-uma-recuperacao-fragmentada-da-aviacao-na-america-latina-e-no-caribe\/"]}]},{"@type":"ImageObject","inLanguage":"pt-BR","@id":"https:\/\/www.latitude-15.com\/pt-br\/ceus-divergentes-o-trafego-de-janeiro-de-2026-da-asur-sinaliza-uma-recuperacao-fragmentada-da-aviacao-na-america-latina-e-no-caribe\/#primaryimage","url":"https:\/\/www.latitude-15.com\/wp-content\/uploads\/2026\/02\/349.jpg","contentUrl":"https:\/\/www.latitude-15.com\/wp-content\/uploads\/2026\/02\/349.jpg","width":1000,"height":668,"caption":"ASUR Traffic"},{"@type":"BreadcrumbList","@id":"https:\/\/www.latitude-15.com\/pt-br\/ceus-divergentes-o-trafego-de-janeiro-de-2026-da-asur-sinaliza-uma-recuperacao-fragmentada-da-aviacao-na-america-latina-e-no-caribe\/#breadcrumb","itemListElement":[{"@type":"ListItem","position":1,"name":"Home","item":"https:\/\/www.latitude-15.com\/pt-br\/inicio\/"},{"@type":"ListItem","position":2,"name":"C\u00e9us divergentes: o tr\u00e1fego de janeiro de 2026 da ASUR sinaliza uma recupera\u00e7\u00e3o fragmentada da avia\u00e7\u00e3o na Am\u00e9rica Latina e no Caribe"}]},{"@type":"WebSite","@id":"https:\/\/www.latitude-15.com\/pt-br\/#website","url":"https:\/\/www.latitude-15.com\/pt-br\/","name":"LATITUDE 15","description":"Aviation and maritime Magazine - Caribbean &amp; Latin America","publisher":{"@id":"https:\/\/www.latitude-15.com\/pt-br\/#organization"},"potentialAction":[{"@type":"SearchAction","target":{"@type":"EntryPoint","urlTemplate":"https:\/\/www.latitude-15.com\/pt-br\/?s={search_term_string}"},"query-input":{"@type":"PropertyValueSpecification","valueRequired":true,"valueName":"search_term_string"}}],"inLanguage":"pt-BR"},{"@type":"Organization","@id":"https:\/\/www.latitude-15.com\/pt-br\/#organization","name":"LATITUDE 15","url":"https:\/\/www.latitude-15.com\/pt-br\/","logo":{"@type":"ImageObject","inLanguage":"pt-BR","@id":"https:\/\/www.latitude-15.com\/pt-br\/#\/schema\/logo\/image\/","url":"https:\/\/www.latitude-15.com\/wp-content\/uploads\/2026\/01\/cropped-logox500px.png","contentUrl":"https:\/\/www.latitude-15.com\/wp-content\/uploads\/2026\/01\/cropped-logox500px.png","width":62,"height":75,"caption":"LATITUDE 15"},"image":{"@id":"https:\/\/www.latitude-15.com\/pt-br\/#\/schema\/logo\/image\/"}},{"@type":"Person","@id":"https:\/\/www.latitude-15.com\/pt-br\/#\/schema\/person\/dac52e7ff44c78317f337da112e37252","name":"Joda J","image":{"@type":"ImageObject","inLanguage":"pt-BR","@id":"https:\/\/www.latitude-15.com\/pt-br\/#\/schema\/person\/image\/","url":"https:\/\/secure.gravatar.com\/avatar\/6b1feae555e15404b76616f92d931d12b25ac58024f14ccb43d9d3c012e4c4cf?s=96&d=mm&r=g","contentUrl":"https:\/\/secure.gravatar.com\/avatar\/6b1feae555e15404b76616f92d931d12b25ac58024f14ccb43d9d3c012e4c4cf?s=96&d=mm&r=g","caption":"Joda J"},"url":"https:\/\/www.latitude-15.com\/pt-br\/author\/joda\/"}]}},"_links":{"self":[{"href":"https:\/\/www.latitude-15.com\/pt-br\/wp-json\/wp\/v2\/posts\/20805","targetHints":{"allow":["GET"]}}],"collection":[{"href":"https:\/\/www.latitude-15.com\/pt-br\/wp-json\/wp\/v2\/posts"}],"about":[{"href":"https:\/\/www.latitude-15.com\/pt-br\/wp-json\/wp\/v2\/types\/post"}],"author":[{"embeddable":true,"href":"https:\/\/www.latitude-15.com\/pt-br\/wp-json\/wp\/v2\/users\/5"}],"replies":[{"embeddable":true,"href":"https:\/\/www.latitude-15.com\/pt-br\/wp-json\/wp\/v2\/comments?post=20805"}],"version-history":[{"count":1,"href":"https:\/\/www.latitude-15.com\/pt-br\/wp-json\/wp\/v2\/posts\/20805\/revisions"}],"predecessor-version":[{"id":20806,"href":"https:\/\/www.latitude-15.com\/pt-br\/wp-json\/wp\/v2\/posts\/20805\/revisions\/20806"}],"wp:featuredmedia":[{"embeddable":true,"href":"https:\/\/www.latitude-15.com\/pt-br\/wp-json\/wp\/v2\/media\/20804"}],"wp:attachment":[{"href":"https:\/\/www.latitude-15.com\/pt-br\/wp-json\/wp\/v2\/media?parent=20805"}],"wp:term":[{"taxonomy":"category","embeddable":true,"href":"https:\/\/www.latitude-15.com\/pt-br\/wp-json\/wp\/v2\/categories?post=20805"},{"taxonomy":"post_tag","embeddable":true,"href":"https:\/\/www.latitude-15.com\/pt-br\/wp-json\/wp\/v2\/tags?post=20805"}],"curies":[{"name":"wp","href":"https:\/\/api.w.org\/{rel}","templated":true}]}}